{"id":46562,"date":"2020-02-20T08:55:02","date_gmt":"2020-02-20T11:55:02","guid":{"rendered":"https:\/\/diariofemenino.com.ar\/?p=46562"},"modified":"2020-02-20T11:02:54","modified_gmt":"2020-02-20T14:02:54","slug":"docentes-por-el-derecho-a-decidir-el-documento","status":"publish","type":"post","link":"https:\/\/diariofemenino.com.ar\/df\/docentes-por-el-derecho-a-decidir-el-documento\/","title":{"rendered":"Docentes por el Derecho a Decidir, el documento"},"content":{"rendered":"<p style=\"text-align: left;\"><strong>Red de Docentes por el Derecho a Decidir &#8211; La Pampa<\/strong><\/p>\n<p><img loading=\"lazy\" decoding=\"async\" class=\"alignleft wp-image-46565\" src=\"https:\/\/diariofemenino.com.ar\/df\/wp-content\/uploads\/2020\/02\/WhatsApp-Image-2020-02-19-at-19.27.56.jpeg\" alt=\"\" width=\"192\" height=\"256\" srcset=\"https:\/\/diariofemenino.com.ar\/df\/wp-content\/uploads\/2020\/02\/WhatsApp-Image-2020-02-19-at-19.27.56.jpeg 780w, https:\/\/diariofemenino.com.ar\/df\/wp-content\/uploads\/2020\/02\/WhatsApp-Image-2020-02-19-at-19.27.56-225x300.jpeg 225w, https:\/\/diariofemenino.com.ar\/df\/wp-content\/uploads\/2020\/02\/WhatsApp-Image-2020-02-19-at-19.27.56-768x1024.jpeg 768w\" sizes=\"auto, (max-width: 192px) 100vw, 192px\" \/>En el marco del \u201cD\u00eda de Acci\u00f3n Verde\u201d impulsado por el <a href=\"https:\/\/diariofemenino.com.ar\/las-calles-al-congreso-el-congreso-a-las-calles\/\">Foro Pampeano por el Derecho al Aborto Legal, Seguro y Gratuito<\/a>\u00a0en la ciudad de Santa Rosa, y por la <a href=\"http:\/\/www.abortolegal.com.ar\/\">Campa\u00f1a Nacional<\/a> por el Aborto Legal, Seguro y Gratuito en todo el pa\u00eds, las docentes <strong>Y\u00e9sica Redondo Buri<\/strong> e <strong>Ivana Ferreyra,\u00a0<\/strong>presentaron p\u00fablicamente la <strong><em>Red de Docentes por el Derecho a Decidir<\/em><\/strong> provincial, en l\u00ednea con la Red nacional<\/p>\n<p>La Red tiene como objetivo, entre otros, \u00abel monitoreo y seguimiento de la aplicaci\u00f3n de la <a href=\"https:\/\/www.argentina.gob.ar\/educacion\/esi\">ESI<\/a> en los colegios pampeanos, ver como estamos dentro de los colegios, si las y los docentes tenemos incidencia en funci\u00f3n de las necesidades que detectamos. Otra cuesti\u00f3n es solicitar que se incluya la Interrupci\u00f3n Legal del Embarazo como contenido de la Educaci\u00f3n Sexual Integral, y que se trabaje\u00bb, dijeron las impulsoras.<\/p>\n<p>Un aspecto importante y en el mismo sentido, explicaron a <a href=\"https:\/\/diariofemenino.com.ar\/\">Diario Digital Femenino<\/a>,\u00a0 que proponen, \u00abcursos de capacitaci\u00f3n hacia el interior de la Red y de la\u00a0 provincia sobre la forma de trabajar las tem\u00e1ticas, informar sobre la legislaci\u00f3n que los ampara, poner a disposici\u00f3n los recursos legales para la libertad del trabajo en vista de los obst\u00e1culos que se presentan por parte de quienes niegan este derecho\u00bb.<\/p>\n<p>El viernes 6 de marzo realizar\u00e1n un \u00abencuentro ampliado para sumar colegas y elaborar en conjunto los lineamientos espec\u00edficos para trabajar en La Pampa\u00bb, puntualizaron<\/p>\n<p><strong><span id=\"docs-title-input-label-inner\" class=\"docs-title-input-label-inner\">Documento #19F Red de Docentes<\/span><\/strong><\/p>\n<div class=\"docs-titlebar-badges goog-inline-block\">\n<div class=\"docs-templates-badge-container goog-inline-block\"><b>Sacar el derecho al aborto de la clandestinidad pedag\u00f3gica<\/b><\/div>\n<div class=\"docs-dlp-container goog-inline-block\">\n<p><span style=\"font-weight: 400;\">Como Red de Docentes en la Campa\u00f1a Nacional por el Derecho al Aborto Legal, Seguro y Gratuito, partimos de una pregunta clave: \u00bftoda ni\u00f1a o adolescente embarazada es una futura madre? Y nos respondimos que no hay maternidad elegida, decisi\u00f3n, soberan\u00eda ni libertad, si no hay aborto legal. Las ni\u00f1as no son madres, son ni\u00f1as con derechos a jugar, aprender y so\u00f1ar. Por eso la Educaci\u00f3n Sexual Integral es fundamental, ya que permite reconocer abusos sexuales en la infancia, denunciarlos y prevenir gestaciones no deseadas. Son las ni\u00f1as y les j\u00f3venes con capacidad de gestar quienes corren riesgo de embarazos y debemos ense\u00f1arles que es su derecho abortar. Para ellas, la ESI es la posibilidad de un espacio para la escucha, el acompa\u00f1amiento y el cuidado amoroso ante la problem\u00e1tica social de la violencia machista.<\/span><\/p>\n<p><span style=\"font-weight: 400;\">Ni\u00f1as, ni\u00f1os, ni\u00f1es y adolescentes son sujetos de derecho y como tales deben recibir conocimientos acerca del marco legal que les garantice el pleno goce de los mismos. Y para eso, hablar en las aulas sobre el acceso a la interrupci\u00f3n legal del embarazo desde la Educaci\u00f3n Sexual Integral (ESI) permite apropiarse de conocimientos pertinentes, precisos, confiables y actualizados que constituyen una herramienta fundamental para asegurar la adquisici\u00f3n de esos derechos. Docentes y estudiantes estamos juntas en esta lucha. El estigma que pesa sobre las adolescentes embarazadas en las escuelas no repara en que fueron y son las que exigen la aplicaci\u00f3n de la Ley Nacional de Educaci\u00f3n Sexual Integral. Son ellas tambi\u00e9n las que gritan \u00ababorto legal ya\u00bb y somos les docentes quienes decimos que su simple y fundamental decisi\u00f3n es causa necesaria y suficiente para que se garantice el derecho.\u00a0<\/span><\/p>\n<p><span style=\"font-weight: 400;\">Seg\u00fan datos oficiales 3000 ni\u00f1as y adolescentes tienen un hije por a\u00f1o. 8 de cada 10 fueron embarazos no deseados. Estos datos tambi\u00e9n indicaron que en 2016 cinco adolescentes murieron por consecuencia de un aborto inseguro y clandestino. No queremos ni una adolescente menos en nuestras aulas.<\/span><\/p>\n<p><span style=\"font-weight: 400;\">Desde la Red de Docentes por el Derecho al Aborto hablamos de aborto, ense\u00f1amos todos los contenidos obligatorios de la ESI que incluyen el buen uso de m\u00e9todos anticonceptivos y de protecci\u00f3n ante las ITS como el preservativo y el campo de l\u00e1tex. Ense\u00f1amos el correcto uso de los m\u00e9todos anticonceptivos para evitar embarazos no deseados y lo hacemos para que el placer y el disfrute sexual no sean una condena en forma de maternidades no deseadas. Para que la informaci\u00f3n sea el paso previo a cualquier decisi\u00f3n de vida.<\/span><\/p>\n<p><span style=\"font-weight: 400;\">Como Red es la tarea que nos damos de <\/span><b>sacar de la clandestinidad pedag\u00f3gica el Derecho al Aborto<\/b><span style=\"font-weight: 400;\"> y lo hacemos porque pensamos la educaci\u00f3n como una pr\u00e1ctica liberadora. Como Campa\u00f1a sostenemos una triple consigna: \u00abEducaci\u00f3n Sexual para decidir, anticonceptivos parano abortar y aborto legal para no morir\u00bb y a m\u00e1s de trece a\u00f1os de la sanci\u00f3n de la Ley 26.150 que crea el programa de Educaci\u00f3n Sexual Integral, reafirmamos que es una denuncia de exigencia al Estado y los gobiernos nacional y provinciales, que se implemente efectivamente, que cuente con el presupuesto necesario para que en toda la extensi\u00f3n de nuestro pa\u00eds no quede ni un estudiante sin su derecho b\u00e1sico a la Educaci\u00f3n.<\/span><\/p>\n<p><span style=\"font-weight: 400;\">Quienes estamos en las aulas exigimos la aplicaci\u00f3n de la Ley Nacional de ESI y el reconocimiento del derecho al aborto voluntario, legal, seguro y gratuito. Tambi\u00e9n denunciamos la falta de presupuesto, la poca o nula capacitaci\u00f3n de les docentess<\/span><\/p>\n<p><span style=\"font-weight: 400;\">y la injerencia de la Iglesia Cat\u00f3lica y de todas las iglesias en su no aplicaci\u00f3n conforme lo estipula la Ley: de car\u00e1cter laica, actualizada y cient\u00edfica. Decir \u201cSeparaci\u00f3n de la Iglesia y el Estado\u201d es contribuir desde la profesi\u00f3n a educar sujetos libres: ni\u00f1as, ni\u00f1os, ni\u00f1es y adolescentes que crecen en un Estado que garantice el acceso a todos sus derechos.\u00a0\u00a0<\/span><\/p>\n<p><strong>Instagram<\/strong>:\u00a0@docentesabortolapampa<\/p>\n<p><img loading=\"lazy\" decoding=\"async\" class=\"alignleft size-full wp-image-46564\" src=\"https:\/\/diariofemenino.com.ar\/df\/wp-content\/uploads\/2020\/02\/WhatsApp-Image-2020-02-19-at-19.27.55.jpeg\" alt=\"\" width=\"1040\" height=\"780\" srcset=\"https:\/\/diariofemenino.com.ar\/df\/wp-content\/uploads\/2020\/02\/WhatsApp-Image-2020-02-19-at-19.27.55.jpeg 1040w, https:\/\/diariofemenino.com.ar\/df\/wp-content\/uploads\/2020\/02\/WhatsApp-Image-2020-02-19-at-19.27.55-300x225.jpeg 300w, https:\/\/diariofemenino.com.ar\/df\/wp-content\/uploads\/2020\/02\/WhatsApp-Image-2020-02-19-at-19.27.55-768x576.jpeg 768w, https:\/\/diariofemenino.com.ar\/df\/wp-content\/uploads\/2020\/02\/WhatsApp-Image-2020-02-19-at-19.27.55-1024x768.jpeg 1024w\" sizes=\"auto, (max-width: 1040px) 100vw, 1040px\" \/><\/p>\n<\/div>\n<\/div>\n<div><\/div>\n<div><\/div>\n<div><\/div>\n<div><\/div>\n<div><\/div>\n<div><\/div>\n<div><\/div>\n<div><\/div>\n<div><\/div>\n<div><\/div>\n<div><\/div>\n<div><\/div>\n<div><\/div>\n<div><\/div>\n<div><\/div>\n<div><\/div>\n<div><\/div>\n<div><\/div>\n<div><\/div>\n<div><\/div>\n<div><\/div>\n<div><\/div>\n<div><\/div>\n<div><\/div>\n<div><\/div>\n<div><\/div>\n<div><\/div>\n<div><\/div>\n<div><\/div>\n<div><\/div>\n<div><\/div>\n<div><a href=\"https:\/\/diariofemenino.com.ar\/category\/de-esi-si-se-habla\/\">De ESI S\u00ed se Habla<\/a><\/div>\n","protected":false},"excerpt":{"rendered":"<p>Red de Docentes por el Derecho a Decidir &#8211; La Pampa En el marco del \u201cD\u00eda de Acci\u00f3n Verde\u201d impulsado por el Foro Pampeano por el Derecho al Aborto Legal, Seguro y Gratuito\u00a0en la ciudad de Santa Rosa, y por la Campa\u00f1a Nacional por el Aborto Legal, Seguro y Gratuito en todo el pa\u00eds, las [&hellip;]<\/p>\n","protected":false},"author":4,"featured_media":46563,"comment_status":"open","ping_status":"open","sticky":false,"template":"","format":"standard","meta":{"iawp_total_views":10,"footnotes":""},"categories":[22,1067,581,9,21,23],"tags":[2794,583,2916,11,97,439,382],"class_list":["post-46562","post","type-post","status-publish","format-standard","has-post-thumbnail","hentry","category-aborto","category-agenda-feminista","category-azul-profundo","category-de-esi-si-se-habla","category-noticias","category-salud","tag-abortolegal2020","tag-deesisisehabla","tag-docentes-por-el-derecho-a-decidir","tag-educacion","tag-esi","tag-la-pampa","tag-salud"],"nelio_content":{"autoShareEndMode":"never","automationSources":{"useCustomSentences":false,"customSentences":[]},"efiAlt":"","efiUrl":"","followers":[4],"highlights":[],"isAutoShareEnabled":true,"networkImageIds":[],"permalinkQueryArgs":[],"series":[],"suggestedReferences":[]},"yoast_head":"<!-- This site is optimized with the Yoast SEO plugin v27.5 - https:\/\/yoast.com\/product\/yoast-seo-wordpress\/ -->\n<title>Docentes por el Derecho a Decidir, el documento - Diario Digital Femenino<\/title>\n<meta name=\"description\" content=\"Docentes por el Derecho a Decidir. Y\u00e9sica Redondo Buri e Ivana Ferreyra,\u00a0presentaron p\u00fablicamente la Red de Docentes por el Derecho a Decidir provincial\" \/>\n<meta name=\"robots\" content=\"index, follow, max-snippet:-1, max-image-preview:large, max-video-preview:-1\" \/>\n<link rel=\"canonical\" href=\"https:\/\/diariofemenino.com.ar\/df\/docentes-por-el-derecho-a-decidir-el-documento\/\" \/>\n<meta property=\"og:locale\" content=\"es_ES\" \/>\n<meta property=\"og:type\" content=\"article\" \/>\n<meta property=\"og:title\" content=\"Docentes por el Derecho a Decidir, el documento - Diario Digital Femenino\" \/>\n<meta property=\"og:description\" content=\"Docentes por el Derecho a Decidir. Y\u00e9sica Redondo Buri e Ivana Ferreyra,\u00a0presentaron p\u00fablicamente la Red de Docentes por el Derecho a Decidir provincial\" \/>\n<meta property=\"og:url\" content=\"https:\/\/diariofemenino.com.ar\/df\/docentes-por-el-derecho-a-decidir-el-documento\/\" \/>\n<meta property=\"og:site_name\" content=\"Diario Digital Femenino\" \/>\n<meta property=\"article:publisher\" content=\"https:\/\/www.facebook.com\/DiarioDigitaFemenino\/\" \/>\n<meta property=\"article:published_time\" content=\"2020-02-20T11:55:02+00:00\" \/>\n<meta property=\"article:modified_time\" content=\"2020-02-20T14:02:54+00:00\" \/>\n<meta property=\"og:image\" content=\"https:\/\/diariofemenino.com.ar\/df\/wp-content\/uploads\/2020\/02\/WhatsApp-Image-2020-02-19-at-22.08.10.jpeg\" \/>\n\t<meta property=\"og:image:width\" content=\"581\" \/>\n\t<meta property=\"og:image:height\" content=\"581\" \/>\n\t<meta property=\"og:image:type\" content=\"image\/jpeg\" \/>\n<meta name=\"author\" content=\"Admin\" \/>\n<meta name=\"twitter:card\" content=\"summary_large_image\" \/>\n<meta name=\"twitter:creator\" content=\"@DiarioFemenino1\" \/>\n<meta name=\"twitter:site\" content=\"@DiarioFemenino1\" \/>\n<meta name=\"twitter:label1\" content=\"Escrito por\" \/>\n\t<meta name=\"twitter:data1\" content=\"Admin\" \/>\n\t<meta name=\"twitter:label2\" content=\"Tiempo de lectura\" \/>\n\t<meta name=\"twitter:data2\" content=\"5 minutos\" \/>\n<script type=\"application\/ld+json\" class=\"yoast-schema-graph\">{\"@context\":\"https:\\\/\\\/schema.org\",\"@graph\":[{\"@type\":\"Article\",\"@id\":\"https:\\\/\\\/diariofemenino.com.ar\\\/df\\\/docentes-por-el-derecho-a-decidir-el-documento\\\/#article\",\"isPartOf\":{\"@id\":\"https:\\\/\\\/diariofemenino.com.ar\\\/df\\\/docentes-por-el-derecho-a-decidir-el-documento\\\/\"},\"author\":{\"name\":\"Admin\",\"@id\":\"https:\\\/\\\/diariofemenino.com.ar\\\/df\\\/#\\\/schema\\\/person\\\/bf6199e8158c657ea6f789b11ec85509\"},\"headline\":\"Docentes por el Derecho a Decidir, el documento\",\"datePublished\":\"2020-02-20T11:55:02+00:00\",\"dateModified\":\"2020-02-20T14:02:54+00:00\",\"mainEntityOfPage\":{\"@id\":\"https:\\\/\\\/diariofemenino.com.ar\\\/df\\\/docentes-por-el-derecho-a-decidir-el-documento\\\/\"},\"wordCount\":976,\"commentCount\":0,\"publisher\":{\"@id\":\"https:\\\/\\\/diariofemenino.com.ar\\\/df\\\/#organization\"},\"image\":{\"@id\":\"https:\\\/\\\/diariofemenino.com.ar\\\/df\\\/docentes-por-el-derecho-a-decidir-el-documento\\\/#primaryimage\"},\"thumbnailUrl\":\"https:\\\/\\\/diariofemenino.com.ar\\\/df\\\/wp-content\\\/uploads\\\/2020\\\/02\\\/WhatsApp-Image-2020-02-19-at-22.08.10.jpeg\",\"keywords\":[\"#AbortoLegal2020\",\"#DeESIS\u00edSeHabla\",\"Docentes por el Derecho a Decidir\",\"Educaci\u00f3n\",\"ESI\",\"La Pampa\",\"Salud\"],\"articleSection\":[\"Aborto\",\"Agenda Feminista\",\"Azul Profundo\",\"De ESI S\u00ed Se Habla\",\"Noticias\",\"Salud\"],\"inLanguage\":\"es\",\"potentialAction\":[{\"@type\":\"CommentAction\",\"name\":\"Comment\",\"target\":[\"https:\\\/\\\/diariofemenino.com.ar\\\/df\\\/docentes-por-el-derecho-a-decidir-el-documento\\\/#respond\"]}]},{\"@type\":\"WebPage\",\"@id\":\"https:\\\/\\\/diariofemenino.com.ar\\\/df\\\/docentes-por-el-derecho-a-decidir-el-documento\\\/\",\"url\":\"https:\\\/\\\/diariofemenino.com.ar\\\/df\\\/docentes-por-el-derecho-a-decidir-el-documento\\\/\",\"name\":\"Docentes por el Derecho a Decidir, el documento - Diario Digital Femenino\",\"isPartOf\":{\"@id\":\"https:\\\/\\\/diariofemenino.com.ar\\\/df\\\/#website\"},\"primaryImageOfPage\":{\"@id\":\"https:\\\/\\\/diariofemenino.com.ar\\\/df\\\/docentes-por-el-derecho-a-decidir-el-documento\\\/#primaryimage\"},\"image\":{\"@id\":\"https:\\\/\\\/diariofemenino.com.ar\\\/df\\\/docentes-por-el-derecho-a-decidir-el-documento\\\/#primaryimage\"},\"thumbnailUrl\":\"https:\\\/\\\/diariofemenino.com.ar\\\/df\\\/wp-content\\\/uploads\\\/2020\\\/02\\\/WhatsApp-Image-2020-02-19-at-22.08.10.jpeg\",\"datePublished\":\"2020-02-20T11:55:02+00:00\",\"dateModified\":\"2020-02-20T14:02:54+00:00\",\"description\":\"Docentes por el Derecho a Decidir. Y\u00e9sica Redondo Buri e Ivana Ferreyra,\u00a0presentaron p\u00fablicamente la Red de Docentes por el Derecho a Decidir provincial\",\"breadcrumb\":{\"@id\":\"https:\\\/\\\/diariofemenino.com.ar\\\/df\\\/docentes-por-el-derecho-a-decidir-el-documento\\\/#breadcrumb\"},\"inLanguage\":\"es\",\"potentialAction\":[{\"@type\":\"ReadAction\",\"target\":[\"https:\\\/\\\/diariofemenino.com.ar\\\/df\\\/docentes-por-el-derecho-a-decidir-el-documento\\\/\"]}]},{\"@type\":\"ImageObject\",\"inLanguage\":\"es\",\"@id\":\"https:\\\/\\\/diariofemenino.com.ar\\\/df\\\/docentes-por-el-derecho-a-decidir-el-documento\\\/#primaryimage\",\"url\":\"https:\\\/\\\/diariofemenino.com.ar\\\/df\\\/wp-content\\\/uploads\\\/2020\\\/02\\\/WhatsApp-Image-2020-02-19-at-22.08.10.jpeg\",\"contentUrl\":\"https:\\\/\\\/diariofemenino.com.ar\\\/df\\\/wp-content\\\/uploads\\\/2020\\\/02\\\/WhatsApp-Image-2020-02-19-at-22.08.10.jpeg\",\"width\":581,\"height\":581,\"caption\":\"La Red de Docentes por el derecho a decidir La Pampa se presenta en sociedad: \u201chablamos de aborto y sexualidad\u201d\"},{\"@type\":\"BreadcrumbList\",\"@id\":\"https:\\\/\\\/diariofemenino.com.ar\\\/df\\\/docentes-por-el-derecho-a-decidir-el-documento\\\/#breadcrumb\",\"itemListElement\":[{\"@type\":\"ListItem\",\"position\":1,\"name\":\"Portada\",\"item\":\"https:\\\/\\\/diariofemenino.com.ar\\\/df\\\/\"},{\"@type\":\"ListItem\",\"position\":2,\"name\":\"Docentes por el Derecho a Decidir, el documento\"}]},{\"@type\":\"WebSite\",\"@id\":\"https:\\\/\\\/diariofemenino.com.ar\\\/df\\\/#website\",\"url\":\"https:\\\/\\\/diariofemenino.com.ar\\\/df\\\/\",\"name\":\"Diario Digital Femenino\",\"description\":\"Cuesti\u00f3n de G\u00e9nero\",\"publisher\":{\"@id\":\"https:\\\/\\\/diariofemenino.com.ar\\\/df\\\/#organization\"},\"potentialAction\":[{\"@type\":\"SearchAction\",\"target\":{\"@type\":\"EntryPoint\",\"urlTemplate\":\"https:\\\/\\\/diariofemenino.com.ar\\\/df\\\/?s={search_term_string}\"},\"query-input\":{\"@type\":\"PropertyValueSpecification\",\"valueRequired\":true,\"valueName\":\"search_term_string\"}}],\"inLanguage\":\"es\"},{\"@type\":\"Organization\",\"@id\":\"https:\\\/\\\/diariofemenino.com.ar\\\/df\\\/#organization\",\"name\":\"Diario Femenino\",\"url\":\"https:\\\/\\\/diariofemenino.com.ar\\\/df\\\/\",\"logo\":{\"@type\":\"ImageObject\",\"inLanguage\":\"es\",\"@id\":\"https:\\\/\\\/diariofemenino.com.ar\\\/df\\\/#\\\/schema\\\/logo\\\/image\\\/\",\"url\":\"https:\\\/\\\/diariofemenino.com.ar\\\/df\\\/wp-content\\\/uploads\\\/2018\\\/10\\\/logo.png\",\"contentUrl\":\"https:\\\/\\\/diariofemenino.com.ar\\\/df\\\/wp-content\\\/uploads\\\/2018\\\/10\\\/logo.png\",\"width\":500,\"height\":92,\"caption\":\"Diario Femenino\"},\"image\":{\"@id\":\"https:\\\/\\\/diariofemenino.com.ar\\\/df\\\/#\\\/schema\\\/logo\\\/image\\\/\"},\"sameAs\":[\"https:\\\/\\\/www.facebook.com\\\/DiarioDigitaFemenino\\\/\",\"https:\\\/\\\/x.com\\\/DiarioFemenino1\"]},{\"@type\":\"Person\",\"@id\":\"https:\\\/\\\/diariofemenino.com.ar\\\/df\\\/#\\\/schema\\\/person\\\/bf6199e8158c657ea6f789b11ec85509\",\"name\":\"Admin\",\"image\":{\"@type\":\"ImageObject\",\"inLanguage\":\"es\",\"@id\":\"https:\\\/\\\/diariofemenino.com.ar\\\/df\\\/wp-content\\\/uploads\\\/2018\\\/12\\\/favicon-150x150.jpg\",\"url\":\"https:\\\/\\\/diariofemenino.com.ar\\\/df\\\/wp-content\\\/uploads\\\/2018\\\/12\\\/favicon-150x150.jpg\",\"contentUrl\":\"https:\\\/\\\/diariofemenino.com.ar\\\/df\\\/wp-content\\\/uploads\\\/2018\\\/12\\\/favicon-150x150.jpg\",\"caption\":\"Admin\"},\"url\":\"https:\\\/\\\/diariofemenino.com.ar\\\/df\\\/author\\\/lenny\\\/\"}]}<\/script>\n<!-- \/ Yoast SEO plugin. -->","yoast_head_json":{"title":"Docentes por el Derecho a Decidir, el documento - Diario Digital Femenino","description":"Docentes por el Derecho a Decidir. Y\u00e9sica Redondo Buri e Ivana Ferreyra,\u00a0presentaron p\u00fablicamente la Red de Docentes por el Derecho a Decidir provincial","robots":{"index":"index","follow":"follow","max-snippet":"max-snippet:-1","max-image-preview":"max-image-preview:large","max-video-preview":"max-video-preview:-1"},"canonical":"https:\/\/diariofemenino.com.ar\/df\/docentes-por-el-derecho-a-decidir-el-documento\/","og_locale":"es_ES","og_type":"article","og_title":"Docentes por el Derecho a Decidir, el documento - Diario Digital Femenino","og_description":"Docentes por el Derecho a Decidir. Y\u00e9sica Redondo Buri e Ivana Ferreyra,\u00a0presentaron p\u00fablicamente la Red de Docentes por el Derecho a Decidir provincial","og_url":"https:\/\/diariofemenino.com.ar\/df\/docentes-por-el-derecho-a-decidir-el-documento\/","og_site_name":"Diario Digital Femenino","article_publisher":"https:\/\/www.facebook.com\/DiarioDigitaFemenino\/","article_published_time":"2020-02-20T11:55:02+00:00","article_modified_time":"2020-02-20T14:02:54+00:00","og_image":[{"width":581,"height":581,"url":"https:\/\/diariofemenino.com.ar\/df\/wp-content\/uploads\/2020\/02\/WhatsApp-Image-2020-02-19-at-22.08.10.jpeg","type":"image\/jpeg"}],"author":"Admin","twitter_card":"summary_large_image","twitter_creator":"@DiarioFemenino1","twitter_site":"@DiarioFemenino1","twitter_misc":{"Escrito por":"Admin","Tiempo de lectura":"5 minutos"},"schema":{"@context":"https:\/\/schema.org","@graph":[{"@type":"Article","@id":"https:\/\/diariofemenino.com.ar\/df\/docentes-por-el-derecho-a-decidir-el-documento\/#article","isPartOf":{"@id":"https:\/\/diariofemenino.com.ar\/df\/docentes-por-el-derecho-a-decidir-el-documento\/"},"author":{"name":"Admin","@id":"https:\/\/diariofemenino.com.ar\/df\/#\/schema\/person\/bf6199e8158c657ea6f789b11ec85509"},"headline":"Docentes por el Derecho a Decidir, el documento","datePublished":"2020-02-20T11:55:02+00:00","dateModified":"2020-02-20T14:02:54+00:00","mainEntityOfPage":{"@id":"https:\/\/diariofemenino.com.ar\/df\/docentes-por-el-derecho-a-decidir-el-documento\/"},"wordCount":976,"commentCount":0,"publisher":{"@id":"https:\/\/diariofemenino.com.ar\/df\/#organization"},"image":{"@id":"https:\/\/diariofemenino.com.ar\/df\/docentes-por-el-derecho-a-decidir-el-documento\/#primaryimage"},"thumbnailUrl":"https:\/\/diariofemenino.com.ar\/df\/wp-content\/uploads\/2020\/02\/WhatsApp-Image-2020-02-19-at-22.08.10.jpeg","keywords":["#AbortoLegal2020","#DeESIS\u00edSeHabla","Docentes por el Derecho a Decidir","Educaci\u00f3n","ESI","La Pampa","Salud"],"articleSection":["Aborto","Agenda Feminista","Azul Profundo","De ESI S\u00ed Se Habla","Noticias","Salud"],"inLanguage":"es","potentialAction":[{"@type":"CommentAction","name":"Comment","target":["https:\/\/diariofemenino.com.ar\/df\/docentes-por-el-derecho-a-decidir-el-documento\/#respond"]}]},{"@type":"WebPage","@id":"https:\/\/diariofemenino.com.ar\/df\/docentes-por-el-derecho-a-decidir-el-documento\/","url":"https:\/\/diariofemenino.com.ar\/df\/docentes-por-el-derecho-a-decidir-el-documento\/","name":"Docentes por el Derecho a Decidir, el documento - Diario Digital Femenino","isPartOf":{"@id":"https:\/\/diariofemenino.com.ar\/df\/#website"},"primaryImageOfPage":{"@id":"https:\/\/diariofemenino.com.ar\/df\/docentes-por-el-derecho-a-decidir-el-documento\/#primaryimage"},"image":{"@id":"https:\/\/diariofemenino.com.ar\/df\/docentes-por-el-derecho-a-decidir-el-documento\/#primaryimage"},"thumbnailUrl":"https:\/\/diariofemenino.com.ar\/df\/wp-content\/uploads\/2020\/02\/WhatsApp-Image-2020-02-19-at-22.08.10.jpeg","datePublished":"2020-02-20T11:55:02+00:00","dateModified":"2020-02-20T14:02:54+00:00","description":"Docentes por el Derecho a Decidir. Y\u00e9sica Redondo Buri e Ivana Ferreyra,\u00a0presentaron p\u00fablicamente la Red de Docentes por el Derecho a Decidir provincial","breadcrumb":{"@id":"https:\/\/diariofemenino.com.ar\/df\/docentes-por-el-derecho-a-decidir-el-documento\/#breadcrumb"},"inLanguage":"es","potentialAction":[{"@type":"ReadAction","target":["https:\/\/diariofemenino.com.ar\/df\/docentes-por-el-derecho-a-decidir-el-documento\/"]}]},{"@type":"ImageObject","inLanguage":"es","@id":"https:\/\/diariofemenino.com.ar\/df\/docentes-por-el-derecho-a-decidir-el-documento\/#primaryimage","url":"https:\/\/diariofemenino.com.ar\/df\/wp-content\/uploads\/2020\/02\/WhatsApp-Image-2020-02-19-at-22.08.10.jpeg","contentUrl":"https:\/\/diariofemenino.com.ar\/df\/wp-content\/uploads\/2020\/02\/WhatsApp-Image-2020-02-19-at-22.08.10.jpeg","width":581,"height":581,"caption":"La Red de Docentes por el derecho a decidir La Pampa se presenta en sociedad: \u201chablamos de aborto y sexualidad\u201d"},{"@type":"BreadcrumbList","@id":"https:\/\/diariofemenino.com.ar\/df\/docentes-por-el-derecho-a-decidir-el-documento\/#breadcrumb","itemListElement":[{"@type":"ListItem","position":1,"name":"Portada","item":"https:\/\/diariofemenino.com.ar\/df\/"},{"@type":"ListItem","position":2,"name":"Docentes por el Derecho a Decidir, el documento"}]},{"@type":"WebSite","@id":"https:\/\/diariofemenino.com.ar\/df\/#website","url":"https:\/\/diariofemenino.com.ar\/df\/","name":"Diario Digital Femenino","description":"Cuesti\u00f3n de G\u00e9nero","publisher":{"@id":"https:\/\/diariofemenino.com.ar\/df\/#organization"},"potentialAction":[{"@type":"SearchAction","target":{"@type":"EntryPoint","urlTemplate":"https:\/\/diariofemenino.com.ar\/df\/?s={search_term_string}"},"query-input":{"@type":"PropertyValueSpecification","valueRequired":true,"valueName":"search_term_string"}}],"inLanguage":"es"},{"@type":"Organization","@id":"https:\/\/diariofemenino.com.ar\/df\/#organization","name":"Diario Femenino","url":"https:\/\/diariofemenino.com.ar\/df\/","logo":{"@type":"ImageObject","inLanguage":"es","@id":"https:\/\/diariofemenino.com.ar\/df\/#\/schema\/logo\/image\/","url":"https:\/\/diariofemenino.com.ar\/df\/wp-content\/uploads\/2018\/10\/logo.png","contentUrl":"https:\/\/diariofemenino.com.ar\/df\/wp-content\/uploads\/2018\/10\/logo.png","width":500,"height":92,"caption":"Diario Femenino"},"image":{"@id":"https:\/\/diariofemenino.com.ar\/df\/#\/schema\/logo\/image\/"},"sameAs":["https:\/\/www.facebook.com\/DiarioDigitaFemenino\/","https:\/\/x.com\/DiarioFemenino1"]},{"@type":"Person","@id":"https:\/\/diariofemenino.com.ar\/df\/#\/schema\/person\/bf6199e8158c657ea6f789b11ec85509","name":"Admin","image":{"@type":"ImageObject","inLanguage":"es","@id":"https:\/\/diariofemenino.com.ar\/df\/wp-content\/uploads\/2018\/12\/favicon-150x150.jpg","url":"https:\/\/diariofemenino.com.ar\/df\/wp-content\/uploads\/2018\/12\/favicon-150x150.jpg","contentUrl":"https:\/\/diariofemenino.com.ar\/df\/wp-content\/uploads\/2018\/12\/favicon-150x150.jpg","caption":"Admin"},"url":"https:\/\/diariofemenino.com.ar\/df\/author\/lenny\/"}]}},"jetpack_featured_media_url":"https:\/\/diariofemenino.com.ar\/df\/wp-content\/uploads\/2020\/02\/WhatsApp-Image-2020-02-19-at-22.08.10.jpeg","jetpack_sharing_enabled":true,"rttpg_featured_image_url":{"full":["https:\/\/diariofemenino.com.ar\/df\/wp-content\/uploads\/2020\/02\/WhatsApp-Image-2020-02-19-at-22.08.10.jpeg",581,581,false],"landscape":["https:\/\/diariofemenino.com.ar\/df\/wp-content\/uploads\/2020\/02\/WhatsApp-Image-2020-02-19-at-22.08.10.jpeg",581,581,false],"portraits":["https:\/\/diariofemenino.com.ar\/df\/wp-content\/uploads\/2020\/02\/WhatsApp-Image-2020-02-19-at-22.08.10.jpeg",581,581,false],"thumbnail":["https:\/\/diariofemenino.com.ar\/df\/wp-content\/uploads\/2020\/02\/WhatsApp-Image-2020-02-19-at-22.08.10-150x150.jpeg",150,150,true],"medium":["https:\/\/diariofemenino.com.ar\/df\/wp-content\/uploads\/2020\/02\/WhatsApp-Image-2020-02-19-at-22.08.10-300x300.jpeg",300,300,true],"large":["https:\/\/diariofemenino.com.ar\/df\/wp-content\/uploads\/2020\/02\/WhatsApp-Image-2020-02-19-at-22.08.10.jpeg",581,581,false],"1536x1536":["https:\/\/diariofemenino.com.ar\/df\/wp-content\/uploads\/2020\/02\/WhatsApp-Image-2020-02-19-at-22.08.10.jpeg",581,581,false],"2048x2048":["https:\/\/diariofemenino.com.ar\/df\/wp-content\/uploads\/2020\/02\/WhatsApp-Image-2020-02-19-at-22.08.10.jpeg",581,581,false]},"rttpg_author":{"display_name":"Admin","author_link":"https:\/\/diariofemenino.com.ar\/df\/author\/lenny\/"},"rttpg_comment":0,"rttpg_category":"<a href=\"https:\/\/diariofemenino.com.ar\/df\/category\/aborto\/\" rel=\"category tag\">Aborto<\/a> <a href=\"https:\/\/diariofemenino.com.ar\/df\/category\/agenda-feminista\/\" rel=\"category tag\">Agenda Feminista<\/a> <a href=\"https:\/\/diariofemenino.com.ar\/df\/category\/azul-profundo\/\" rel=\"category tag\">Azul Profundo<\/a> <a href=\"https:\/\/diariofemenino.com.ar\/df\/category\/de-esi-si-se-habla\/\" rel=\"category tag\">De ESI S\u00ed Se Habla<\/a> <a href=\"https:\/\/diariofemenino.com.ar\/df\/category\/noticias\/\" rel=\"category tag\">Noticias<\/a> <a href=\"https:\/\/diariofemenino.com.ar\/df\/category\/salud\/\" rel=\"category tag\">Salud<\/a>","rttpg_excerpt":"Red de Docentes por el Derecho a Decidir &#8211; La Pampa En el marco del \u201cD\u00eda de Acci\u00f3n Verde\u201d impulsado por el Foro Pampeano por el Derecho al Aborto Legal, Seguro y Gratuito\u00a0en la ciudad de Santa Rosa, y por la Campa\u00f1a Nacional por el Aborto Legal, Seguro y Gratuito en todo el pa\u00eds, las&hellip;","_links":{"self":[{"href":"https:\/\/diariofemenino.com.ar\/df\/wp-json\/wp\/v2\/posts\/46562","targetHints":{"allow":["GET"]}}],"collection":[{"href":"https:\/\/diariofemenino.com.ar\/df\/wp-json\/wp\/v2\/posts"}],"about":[{"href":"https:\/\/diariofemenino.com.ar\/df\/wp-json\/wp\/v2\/types\/post"}],"author":[{"embeddable":true,"href":"https:\/\/diariofemenino.com.ar\/df\/wp-json\/wp\/v2\/users\/4"}],"replies":[{"embeddable":true,"href":"https:\/\/diariofemenino.com.ar\/df\/wp-json\/wp\/v2\/comments?post=46562"}],"version-history":[{"count":0,"href":"https:\/\/diariofemenino.com.ar\/df\/wp-json\/wp\/v2\/posts\/46562\/revisions"}],"wp:featuredmedia":[{"embeddable":true,"href":"https:\/\/diariofemenino.com.ar\/df\/wp-json\/wp\/v2\/media\/46563"}],"wp:attachment":[{"href":"https:\/\/diariofemenino.com.ar\/df\/wp-json\/wp\/v2\/media?parent=46562"}],"wp:term":[{"taxonomy":"category","embeddable":true,"href":"https:\/\/diariofemenino.com.ar\/df\/wp-json\/wp\/v2\/categories?post=46562"},{"taxonomy":"post_tag","embeddable":true,"href":"https:\/\/diariofemenino.com.ar\/df\/wp-json\/wp\/v2\/tags?post=46562"}],"curies":[{"name":"wp","href":"https:\/\/api.w.org\/{rel}","templated":true}]}}