{"id":46549,"date":"2020-02-19T18:54:27","date_gmt":"2020-02-19T21:54:27","guid":{"rendered":"https:\/\/diariofemenino.com.ar\/?p=46549"},"modified":"2020-02-19T18:54:27","modified_gmt":"2020-02-19T21:54:27","slug":"piden-que-la-avenida-san-martin-pase-a-llamarse-maria-remedios-del-valle","status":"publish","type":"post","link":"https:\/\/diariofemenino.com.ar\/df\/piden-que-la-avenida-san-martin-pase-a-llamarse-maria-remedios-del-valle\/","title":{"rendered":"Piden que la Avenida San Mart\u00edn pase a llamarse \u201cMar\u00eda Remedios del Valle\u201d"},"content":{"rendered":"<p>El Colectivo La Capitalina present\u00f3 su pedido al Concejo Deliberante de Santa Rosa (La Pampa). Se\u00f1alan que \u201clos nombres de las calles de cualquier ciudad o pueblo son indicadores que van marcando \u00e9pocas\u201d. Esperan que la Avenida San Mart\u00edn Oeste, desde Avellaneda\u00a0 \u2013 Mitre hasta la Laguna Don Tom\u00e1s, lleve su <a href=\"https:\/\/diariofemenino.com.ar\/maria-remedios-del-valle-la-madre-de-la-patria\/\">nombre<\/a>.<\/p>\n<figure id=\"attachment_46551\" aria-describedby=\"caption-attachment-46551\" style=\"width: 318px\" class=\"wp-caption alignleft\"><img loading=\"lazy\" decoding=\"async\" class=\" wp-image-46551\" src=\"https:\/\/diariofemenino.com.ar\/df\/wp-content\/uploads\/2020\/02\/remedios-del-valle-escuela.jpg\" alt=\"Piden que la Avenida San Mart\u00edn pase a llamarse \u201cMar\u00eda Remedios del Valle\u201d\" width=\"318\" height=\"544\" srcset=\"https:\/\/diariofemenino.com.ar\/df\/wp-content\/uploads\/2020\/02\/remedios-del-valle-escuela.jpg 591w, https:\/\/diariofemenino.com.ar\/df\/wp-content\/uploads\/2020\/02\/remedios-del-valle-escuela-175x300.jpg 175w\" sizes=\"auto, (max-width: 318px) 100vw, 318px\" \/><figcaption id=\"caption-attachment-46551\" class=\"wp-caption-text\">Piden que la Avenida San Mart\u00edn pase a llamarse \u201cMar\u00eda Remedios del Valle\u201d<\/figcaption><\/figure>\n<p>En la nota fundamentan que \u201ca trav\u00e9s de los nombres es posible recordar h\u00e9roes, s\u00edmbolos nacionales, fechas hist\u00f3ricas, reconstruir etapas pol\u00edticas, sociales, difundir costumbres, resaltar hombres p\u00fablicos nacionales, regionales, locales\u2026, en fin son un medio propicio para prolongar el reconocimiento a alguien o algo que en alg\u00fan momento tuvo cierta preeminencia, o que se quiere destacar para ejemplo de la ciudadan\u00eda\u201d.<\/p>\n<p>\u201cLa Municipalidad de cada localidad es la que tiene la facultad de poner o cambiar los nombres de las calles, lo que asegura cierta continuidad, pero los tiempos, las autoridades, los conceptos pol\u00edticos y sociales se renueva, suceden hechos que sacuden los sentimientos, la conciencia ciudadana o un sector de ella quiere hacer p\u00fablico, resaltar tal acontecimiento, y piensan que el nombre de una calle es el acto de mayor justicia\u201d, se lee en la cita que hace P\u00e9rez, Elpidio Oscar y que trasladan a los y las ediles, Carlos Alonso y Ana Laura Berraud.<\/p>\n<p>\u201cQueremos proponer el nombre de Mar\u00eda Remedios del Valle siendo nombrada Capitana y Madre de la Patria por el General Belgrano y los soldados\u201d, a\u00f1adieron.<\/p>\n<p>\u201cCreemos que ser\u00eda un acto de justicia reivindicar su nombre en una de las arterias principales de nuestra ciudad ya que por ser \u2018negra, pobre y mujer\u2019, fue invisibilizada a lo largo de la historia. Si bien la Ley 26.852, la reconoce e instituye el 8 de noviembre como el \u2018D\u00eda Nacional de los\/as Afroargentinos\/as y de la Cultura Afro\u2019, no se ve materializado en hechos concretos\u201d, resaltaron.<\/p>\n<p>\u201cLa Madre Patria no es Espa\u00f1a, la Madre Patria fue una mujer de carne y hueso, y fue negra\u201d, aseveran.<\/p>\n<p>\u201cDaniel Brion rescata del olvido a una figura que representa a las mujeres humildes que lucharon denodadamente, por el ideal de ver independiente a nuestro pa\u00eds y que terminaron sus d\u00edas sumidas en la pobreza y el desconocimiento de sus compatriotas\u201d, a\u00f1aden.<\/p>\n<p>El cambio de nombre de la principal arteria de la ciudad ser\u00eda para el y la impulsora \u201cuna reivindicaci\u00f3n, tambi\u00e9n, de los africanos sometidos a esclavitud llegados al R\u00edo de La Plata y sus descendientes, que tomaron las armas en esos tiempos, de luchas heroicas y definitivas contra los invasores ingleses en 1806 y 1807, y lo continuaron en todas las guerras de la independencia\u201d.<\/p>\n<p>\u201cCon argumentos de g\u00e9nero, igualdad y justicia es que solicitamos el cambio de nombre a la Avenida San Mart\u00edn oeste para que sea\u00a0 Madre de la Patria Mar\u00eda Remedios del Valle o Capitana Mar\u00eda Remedios del Valle quien acompa\u00f1e, en la misma perspectiva, al Padre de la Patria Gral. San Mart\u00edn\u201d, demandan.<\/p>\n<p>\u201cSiendo este el \u2018A\u00f1o Belgraniano\u2019, consideramos que esta propuesta puede sentar un precedente a nuestra ciudad como pionera en efectivizar los argumentos antes desarrollados\u201d, finalizan Carlos Alonso y Ana Laura Berraud.<\/p>\n<p><strong>Mar\u00eda Remedios del Valle<\/strong>\u00a0fue una de las valientes <a href=\"https:\/\/www.elhistoriador.com.ar\/maria-remedios-del-valle\/\">mujeres<\/a> que fueron al frente de batalla para luchar por nuestra independencia. A trav\u00e9s de un comunicado, la comunidad educativa de la Escuela N\u00ba 25 de la ciudad de Santa Rosa, La Pampa, inform\u00f3 que\u00a0 el 10 de diciembre se inaugurar\u00e1 el primer monumento a la mujer que se enlist\u00f3 en 1810 en el Ej\u00e9rcito del Norte, conducido por el General Manuel Belgrano.<\/p>\n<p>Remedios era apodada \u00abLa Parda\u00bb. Combati\u00f3 en Huaqui en junio de 1811, particip\u00f3 de la gesta conocida como \u00ab\u00c9xodo juje\u00f1o\u00bb, de las batallas ganadas en Salta y Tucum\u00e1n, y\u00a0 de las tr\u00e1gicas derrotas de Vilcapugio y Ayohuma. Varias veces estuvo a punto de ser fusilada y otras tantas fue herida gravemente por las balas. Por su arrojo y valent\u00eda Belgrano la nombr\u00f3 capitana, pero durante muchos a\u00f1os vivi\u00f3 en la indigencia porque el estado dej\u00f3 de pagarle su sueldo hasta que unos a\u00f1os antes de morir le restituyeron su derecho. (<a href=\"http:\/\/www.planbnoticias.com.ar\/index.php\/2020\/02\/19\/piden-que-la-avenida-san-martin-pase-a-llamarse-maria-remedios-del-valle\/\">Plan B<\/a>)<\/p>\n<p>&nbsp;<\/p>\n<p><a href=\"https:\/\/diariofemenino.com.ar\/\">Diario Digital Femenino<\/a> adhiere a lo solicitado<\/p>\n","protected":false},"excerpt":{"rendered":"<p>El Colectivo La Capitalina present\u00f3 su pedido al Concejo Deliberante de Santa Rosa (La Pampa). Se\u00f1alan que \u201clos nombres de las calles de cualquier ciudad o pueblo son indicadores que van marcando \u00e9pocas\u201d. Esperan que la Avenida San Mart\u00edn Oeste, desde Avellaneda\u00a0 \u2013 Mitre hasta la Laguna Don Tom\u00e1s, lleve su nombre. En la nota [&hellip;]<\/p>\n","protected":false},"author":4,"featured_media":46552,"comment_status":"open","ping_status":"open","sticky":false,"template":"","format":"standard","meta":{"iawp_total_views":42,"footnotes":""},"categories":[7,1067],"tags":[439,2914,1129],"class_list":["post-46549","post","type-post","status-publish","format-standard","has-post-thumbnail","hentry","category-actividades","category-agenda-feminista","tag-la-pampa","tag-maria-remedios-del-valle","tag-santa-rosa"],"nelio_content":{"autoShareEndMode":"never","automationSources":{"useCustomSentences":false,"customSentences":[]},"efiAlt":"","efiUrl":"","followers":[4],"highlights":[],"isAutoShareEnabled":true,"networkImageIds":[],"permalinkQueryArgs":[],"series":[],"suggestedReferences":[]},"yoast_head":"<!-- This site is optimized with the Yoast SEO plugin v27.5 - https:\/\/yoast.com\/product\/yoast-seo-wordpress\/ -->\n<title>Piden que la Avenida San Mart\u00edn pase a llamarse \u201cMar\u00eda Remedios del Valle\u201d - Diario Digital Femenino<\/title>\n<meta name=\"description\" content=\"Mar\u00eda Remedios del Valle, en Santa Rosa - La Pampa piden que la Avenida San Mart\u00edn, boulevar de la ciudad, lleve su nombre\" \/>\n<meta name=\"robots\" content=\"index, follow, max-snippet:-1, max-image-preview:large, max-video-preview:-1\" \/>\n<link rel=\"canonical\" href=\"https:\/\/diariofemenino.com.ar\/df\/piden-que-la-avenida-san-martin-pase-a-llamarse-maria-remedios-del-valle\/\" \/>\n<meta property=\"og:locale\" content=\"es_ES\" \/>\n<meta property=\"og:type\" content=\"article\" \/>\n<meta property=\"og:title\" content=\"Piden que la Avenida San Mart\u00edn pase a llamarse \u201cMar\u00eda Remedios del Valle\u201d - Diario Digital Femenino\" \/>\n<meta property=\"og:description\" content=\"Mar\u00eda Remedios del Valle, en Santa Rosa - La Pampa piden que la Avenida San Mart\u00edn, boulevar de la ciudad, lleve su nombre\" \/>\n<meta property=\"og:url\" content=\"https:\/\/diariofemenino.com.ar\/df\/piden-que-la-avenida-san-martin-pase-a-llamarse-maria-remedios-del-valle\/\" \/>\n<meta property=\"og:site_name\" content=\"Diario Digital Femenino\" \/>\n<meta property=\"article:publisher\" content=\"https:\/\/www.facebook.com\/DiarioDigitaFemenino\/\" \/>\n<meta property=\"article:published_time\" content=\"2020-02-19T21:54:27+00:00\" \/>\n<meta property=\"og:image\" content=\"https:\/\/diariofemenino.com.ar\/df\/wp-content\/uploads\/2020\/02\/maria_remedios_del_valle.jpg\" \/>\n\t<meta property=\"og:image:width\" content=\"696\" \/>\n\t<meta property=\"og:image:height\" content=\"220\" \/>\n\t<meta property=\"og:image:type\" content=\"image\/jpeg\" \/>\n<meta name=\"author\" content=\"Admin\" \/>\n<meta name=\"twitter:card\" content=\"summary_large_image\" \/>\n<meta name=\"twitter:creator\" content=\"@DiarioFemenino1\" \/>\n<meta name=\"twitter:site\" content=\"@DiarioFemenino1\" \/>\n<meta name=\"twitter:label1\" content=\"Escrito por\" \/>\n\t<meta name=\"twitter:data1\" content=\"Admin\" \/>\n\t<meta name=\"twitter:label2\" content=\"Tiempo de lectura\" \/>\n\t<meta name=\"twitter:data2\" content=\"4 minutos\" \/>\n<script type=\"application\/ld+json\" class=\"yoast-schema-graph\">{\"@context\":\"https:\\\/\\\/schema.org\",\"@graph\":[{\"@type\":\"Article\",\"@id\":\"https:\\\/\\\/diariofemenino.com.ar\\\/df\\\/piden-que-la-avenida-san-martin-pase-a-llamarse-maria-remedios-del-valle\\\/#article\",\"isPartOf\":{\"@id\":\"https:\\\/\\\/diariofemenino.com.ar\\\/df\\\/piden-que-la-avenida-san-martin-pase-a-llamarse-maria-remedios-del-valle\\\/\"},\"author\":{\"name\":\"Admin\",\"@id\":\"https:\\\/\\\/diariofemenino.com.ar\\\/df\\\/#\\\/schema\\\/person\\\/bf6199e8158c657ea6f789b11ec85509\"},\"headline\":\"Piden que la Avenida San Mart\u00edn pase a llamarse \u201cMar\u00eda Remedios del Valle\u201d\",\"datePublished\":\"2020-02-19T21:54:27+00:00\",\"mainEntityOfPage\":{\"@id\":\"https:\\\/\\\/diariofemenino.com.ar\\\/df\\\/piden-que-la-avenida-san-martin-pase-a-llamarse-maria-remedios-del-valle\\\/\"},\"wordCount\":755,\"commentCount\":0,\"publisher\":{\"@id\":\"https:\\\/\\\/diariofemenino.com.ar\\\/df\\\/#organization\"},\"image\":{\"@id\":\"https:\\\/\\\/diariofemenino.com.ar\\\/df\\\/piden-que-la-avenida-san-martin-pase-a-llamarse-maria-remedios-del-valle\\\/#primaryimage\"},\"thumbnailUrl\":\"https:\\\/\\\/diariofemenino.com.ar\\\/df\\\/wp-content\\\/uploads\\\/2020\\\/02\\\/maria_remedios_del_valle.jpg\",\"keywords\":[\"La Pampa\",\"Mar\u00eda Remedios del Valle\",\"Santa Rosa\"],\"articleSection\":[\"Actividades\",\"Agenda Feminista\"],\"inLanguage\":\"es\",\"potentialAction\":[{\"@type\":\"CommentAction\",\"name\":\"Comment\",\"target\":[\"https:\\\/\\\/diariofemenino.com.ar\\\/df\\\/piden-que-la-avenida-san-martin-pase-a-llamarse-maria-remedios-del-valle\\\/#respond\"]}]},{\"@type\":\"WebPage\",\"@id\":\"https:\\\/\\\/diariofemenino.com.ar\\\/df\\\/piden-que-la-avenida-san-martin-pase-a-llamarse-maria-remedios-del-valle\\\/\",\"url\":\"https:\\\/\\\/diariofemenino.com.ar\\\/df\\\/piden-que-la-avenida-san-martin-pase-a-llamarse-maria-remedios-del-valle\\\/\",\"name\":\"Piden que la Avenida San Mart\u00edn pase a llamarse \u201cMar\u00eda Remedios del Valle\u201d - Diario Digital Femenino\",\"isPartOf\":{\"@id\":\"https:\\\/\\\/diariofemenino.com.ar\\\/df\\\/#website\"},\"primaryImageOfPage\":{\"@id\":\"https:\\\/\\\/diariofemenino.com.ar\\\/df\\\/piden-que-la-avenida-san-martin-pase-a-llamarse-maria-remedios-del-valle\\\/#primaryimage\"},\"image\":{\"@id\":\"https:\\\/\\\/diariofemenino.com.ar\\\/df\\\/piden-que-la-avenida-san-martin-pase-a-llamarse-maria-remedios-del-valle\\\/#primaryimage\"},\"thumbnailUrl\":\"https:\\\/\\\/diariofemenino.com.ar\\\/df\\\/wp-content\\\/uploads\\\/2020\\\/02\\\/maria_remedios_del_valle.jpg\",\"datePublished\":\"2020-02-19T21:54:27+00:00\",\"description\":\"Mar\u00eda Remedios del Valle, en Santa Rosa - La Pampa piden que la Avenida San Mart\u00edn, boulevar de la ciudad, lleve su nombre\",\"breadcrumb\":{\"@id\":\"https:\\\/\\\/diariofemenino.com.ar\\\/df\\\/piden-que-la-avenida-san-martin-pase-a-llamarse-maria-remedios-del-valle\\\/#breadcrumb\"},\"inLanguage\":\"es\",\"potentialAction\":[{\"@type\":\"ReadAction\",\"target\":[\"https:\\\/\\\/diariofemenino.com.ar\\\/df\\\/piden-que-la-avenida-san-martin-pase-a-llamarse-maria-remedios-del-valle\\\/\"]}]},{\"@type\":\"ImageObject\",\"inLanguage\":\"es\",\"@id\":\"https:\\\/\\\/diariofemenino.com.ar\\\/df\\\/piden-que-la-avenida-san-martin-pase-a-llamarse-maria-remedios-del-valle\\\/#primaryimage\",\"url\":\"https:\\\/\\\/diariofemenino.com.ar\\\/df\\\/wp-content\\\/uploads\\\/2020\\\/02\\\/maria_remedios_del_valle.jpg\",\"contentUrl\":\"https:\\\/\\\/diariofemenino.com.ar\\\/df\\\/wp-content\\\/uploads\\\/2020\\\/02\\\/maria_remedios_del_valle.jpg\",\"width\":696,\"height\":220,\"caption\":\"Piden que la Avenida San Mart\u00edn pase a llamarse \u201cMar\u00eda Remedios del Valle\u201d\"},{\"@type\":\"BreadcrumbList\",\"@id\":\"https:\\\/\\\/diariofemenino.com.ar\\\/df\\\/piden-que-la-avenida-san-martin-pase-a-llamarse-maria-remedios-del-valle\\\/#breadcrumb\",\"itemListElement\":[{\"@type\":\"ListItem\",\"position\":1,\"name\":\"Portada\",\"item\":\"https:\\\/\\\/diariofemenino.com.ar\\\/df\\\/\"},{\"@type\":\"ListItem\",\"position\":2,\"name\":\"Piden que la Avenida San Mart\u00edn pase a llamarse \u201cMar\u00eda Remedios del Valle\u201d\"}]},{\"@type\":\"WebSite\",\"@id\":\"https:\\\/\\\/diariofemenino.com.ar\\\/df\\\/#website\",\"url\":\"https:\\\/\\\/diariofemenino.com.ar\\\/df\\\/\",\"name\":\"Diario Digital Femenino\",\"description\":\"Cuesti\u00f3n de G\u00e9nero\",\"publisher\":{\"@id\":\"https:\\\/\\\/diariofemenino.com.ar\\\/df\\\/#organization\"},\"potentialAction\":[{\"@type\":\"SearchAction\",\"target\":{\"@type\":\"EntryPoint\",\"urlTemplate\":\"https:\\\/\\\/diariofemenino.com.ar\\\/df\\\/?s={search_term_string}\"},\"query-input\":{\"@type\":\"PropertyValueSpecification\",\"valueRequired\":true,\"valueName\":\"search_term_string\"}}],\"inLanguage\":\"es\"},{\"@type\":\"Organization\",\"@id\":\"https:\\\/\\\/diariofemenino.com.ar\\\/df\\\/#organization\",\"name\":\"Diario Femenino\",\"url\":\"https:\\\/\\\/diariofemenino.com.ar\\\/df\\\/\",\"logo\":{\"@type\":\"ImageObject\",\"inLanguage\":\"es\",\"@id\":\"https:\\\/\\\/diariofemenino.com.ar\\\/df\\\/#\\\/schema\\\/logo\\\/image\\\/\",\"url\":\"https:\\\/\\\/diariofemenino.com.ar\\\/df\\\/wp-content\\\/uploads\\\/2018\\\/10\\\/logo.png\",\"contentUrl\":\"https:\\\/\\\/diariofemenino.com.ar\\\/df\\\/wp-content\\\/uploads\\\/2018\\\/10\\\/logo.png\",\"width\":500,\"height\":92,\"caption\":\"Diario Femenino\"},\"image\":{\"@id\":\"https:\\\/\\\/diariofemenino.com.ar\\\/df\\\/#\\\/schema\\\/logo\\\/image\\\/\"},\"sameAs\":[\"https:\\\/\\\/www.facebook.com\\\/DiarioDigitaFemenino\\\/\",\"https:\\\/\\\/x.com\\\/DiarioFemenino1\"]},{\"@type\":\"Person\",\"@id\":\"https:\\\/\\\/diariofemenino.com.ar\\\/df\\\/#\\\/schema\\\/person\\\/bf6199e8158c657ea6f789b11ec85509\",\"name\":\"Admin\",\"image\":{\"@type\":\"ImageObject\",\"inLanguage\":\"es\",\"@id\":\"https:\\\/\\\/diariofemenino.com.ar\\\/df\\\/wp-content\\\/uploads\\\/2018\\\/12\\\/favicon-150x150.jpg\",\"url\":\"https:\\\/\\\/diariofemenino.com.ar\\\/df\\\/wp-content\\\/uploads\\\/2018\\\/12\\\/favicon-150x150.jpg\",\"contentUrl\":\"https:\\\/\\\/diariofemenino.com.ar\\\/df\\\/wp-content\\\/uploads\\\/2018\\\/12\\\/favicon-150x150.jpg\",\"caption\":\"Admin\"},\"url\":\"https:\\\/\\\/diariofemenino.com.ar\\\/df\\\/author\\\/lenny\\\/\"}]}<\/script>\n<!-- \/ Yoast SEO plugin. -->","yoast_head_json":{"title":"Piden que la Avenida San Mart\u00edn pase a llamarse \u201cMar\u00eda Remedios del Valle\u201d - Diario Digital Femenino","description":"Mar\u00eda Remedios del Valle, en Santa Rosa - La Pampa piden que la Avenida San Mart\u00edn, boulevar de la ciudad, lleve su nombre","robots":{"index":"index","follow":"follow","max-snippet":"max-snippet:-1","max-image-preview":"max-image-preview:large","max-video-preview":"max-video-preview:-1"},"canonical":"https:\/\/diariofemenino.com.ar\/df\/piden-que-la-avenida-san-martin-pase-a-llamarse-maria-remedios-del-valle\/","og_locale":"es_ES","og_type":"article","og_title":"Piden que la Avenida San Mart\u00edn pase a llamarse \u201cMar\u00eda Remedios del Valle\u201d - Diario Digital Femenino","og_description":"Mar\u00eda Remedios del Valle, en Santa Rosa - La Pampa piden que la Avenida San Mart\u00edn, boulevar de la ciudad, lleve su nombre","og_url":"https:\/\/diariofemenino.com.ar\/df\/piden-que-la-avenida-san-martin-pase-a-llamarse-maria-remedios-del-valle\/","og_site_name":"Diario Digital Femenino","article_publisher":"https:\/\/www.facebook.com\/DiarioDigitaFemenino\/","article_published_time":"2020-02-19T21:54:27+00:00","og_image":[{"width":696,"height":220,"url":"https:\/\/diariofemenino.com.ar\/df\/wp-content\/uploads\/2020\/02\/maria_remedios_del_valle.jpg","type":"image\/jpeg"}],"author":"Admin","twitter_card":"summary_large_image","twitter_creator":"@DiarioFemenino1","twitter_site":"@DiarioFemenino1","twitter_misc":{"Escrito por":"Admin","Tiempo de lectura":"4 minutos"},"schema":{"@context":"https:\/\/schema.org","@graph":[{"@type":"Article","@id":"https:\/\/diariofemenino.com.ar\/df\/piden-que-la-avenida-san-martin-pase-a-llamarse-maria-remedios-del-valle\/#article","isPartOf":{"@id":"https:\/\/diariofemenino.com.ar\/df\/piden-que-la-avenida-san-martin-pase-a-llamarse-maria-remedios-del-valle\/"},"author":{"name":"Admin","@id":"https:\/\/diariofemenino.com.ar\/df\/#\/schema\/person\/bf6199e8158c657ea6f789b11ec85509"},"headline":"Piden que la Avenida San Mart\u00edn pase a llamarse \u201cMar\u00eda Remedios del Valle\u201d","datePublished":"2020-02-19T21:54:27+00:00","mainEntityOfPage":{"@id":"https:\/\/diariofemenino.com.ar\/df\/piden-que-la-avenida-san-martin-pase-a-llamarse-maria-remedios-del-valle\/"},"wordCount":755,"commentCount":0,"publisher":{"@id":"https:\/\/diariofemenino.com.ar\/df\/#organization"},"image":{"@id":"https:\/\/diariofemenino.com.ar\/df\/piden-que-la-avenida-san-martin-pase-a-llamarse-maria-remedios-del-valle\/#primaryimage"},"thumbnailUrl":"https:\/\/diariofemenino.com.ar\/df\/wp-content\/uploads\/2020\/02\/maria_remedios_del_valle.jpg","keywords":["La Pampa","Mar\u00eda Remedios del Valle","Santa Rosa"],"articleSection":["Actividades","Agenda Feminista"],"inLanguage":"es","potentialAction":[{"@type":"CommentAction","name":"Comment","target":["https:\/\/diariofemenino.com.ar\/df\/piden-que-la-avenida-san-martin-pase-a-llamarse-maria-remedios-del-valle\/#respond"]}]},{"@type":"WebPage","@id":"https:\/\/diariofemenino.com.ar\/df\/piden-que-la-avenida-san-martin-pase-a-llamarse-maria-remedios-del-valle\/","url":"https:\/\/diariofemenino.com.ar\/df\/piden-que-la-avenida-san-martin-pase-a-llamarse-maria-remedios-del-valle\/","name":"Piden que la Avenida San Mart\u00edn pase a llamarse \u201cMar\u00eda Remedios del Valle\u201d - Diario Digital Femenino","isPartOf":{"@id":"https:\/\/diariofemenino.com.ar\/df\/#website"},"primaryImageOfPage":{"@id":"https:\/\/diariofemenino.com.ar\/df\/piden-que-la-avenida-san-martin-pase-a-llamarse-maria-remedios-del-valle\/#primaryimage"},"image":{"@id":"https:\/\/diariofemenino.com.ar\/df\/piden-que-la-avenida-san-martin-pase-a-llamarse-maria-remedios-del-valle\/#primaryimage"},"thumbnailUrl":"https:\/\/diariofemenino.com.ar\/df\/wp-content\/uploads\/2020\/02\/maria_remedios_del_valle.jpg","datePublished":"2020-02-19T21:54:27+00:00","description":"Mar\u00eda Remedios del Valle, en Santa Rosa - La Pampa piden que la Avenida San Mart\u00edn, boulevar de la ciudad, lleve su nombre","breadcrumb":{"@id":"https:\/\/diariofemenino.com.ar\/df\/piden-que-la-avenida-san-martin-pase-a-llamarse-maria-remedios-del-valle\/#breadcrumb"},"inLanguage":"es","potentialAction":[{"@type":"ReadAction","target":["https:\/\/diariofemenino.com.ar\/df\/piden-que-la-avenida-san-martin-pase-a-llamarse-maria-remedios-del-valle\/"]}]},{"@type":"ImageObject","inLanguage":"es","@id":"https:\/\/diariofemenino.com.ar\/df\/piden-que-la-avenida-san-martin-pase-a-llamarse-maria-remedios-del-valle\/#primaryimage","url":"https:\/\/diariofemenino.com.ar\/df\/wp-content\/uploads\/2020\/02\/maria_remedios_del_valle.jpg","contentUrl":"https:\/\/diariofemenino.com.ar\/df\/wp-content\/uploads\/2020\/02\/maria_remedios_del_valle.jpg","width":696,"height":220,"caption":"Piden que la Avenida San Mart\u00edn pase a llamarse \u201cMar\u00eda Remedios del Valle\u201d"},{"@type":"BreadcrumbList","@id":"https:\/\/diariofemenino.com.ar\/df\/piden-que-la-avenida-san-martin-pase-a-llamarse-maria-remedios-del-valle\/#breadcrumb","itemListElement":[{"@type":"ListItem","position":1,"name":"Portada","item":"https:\/\/diariofemenino.com.ar\/df\/"},{"@type":"ListItem","position":2,"name":"Piden que la Avenida San Mart\u00edn pase a llamarse \u201cMar\u00eda Remedios del Valle\u201d"}]},{"@type":"WebSite","@id":"https:\/\/diariofemenino.com.ar\/df\/#website","url":"https:\/\/diariofemenino.com.ar\/df\/","name":"Diario Digital Femenino","description":"Cuesti\u00f3n de G\u00e9nero","publisher":{"@id":"https:\/\/diariofemenino.com.ar\/df\/#organization"},"potentialAction":[{"@type":"SearchAction","target":{"@type":"EntryPoint","urlTemplate":"https:\/\/diariofemenino.com.ar\/df\/?s={search_term_string}"},"query-input":{"@type":"PropertyValueSpecification","valueRequired":true,"valueName":"search_term_string"}}],"inLanguage":"es"},{"@type":"Organization","@id":"https:\/\/diariofemenino.com.ar\/df\/#organization","name":"Diario Femenino","url":"https:\/\/diariofemenino.com.ar\/df\/","logo":{"@type":"ImageObject","inLanguage":"es","@id":"https:\/\/diariofemenino.com.ar\/df\/#\/schema\/logo\/image\/","url":"https:\/\/diariofemenino.com.ar\/df\/wp-content\/uploads\/2018\/10\/logo.png","contentUrl":"https:\/\/diariofemenino.com.ar\/df\/wp-content\/uploads\/2018\/10\/logo.png","width":500,"height":92,"caption":"Diario Femenino"},"image":{"@id":"https:\/\/diariofemenino.com.ar\/df\/#\/schema\/logo\/image\/"},"sameAs":["https:\/\/www.facebook.com\/DiarioDigitaFemenino\/","https:\/\/x.com\/DiarioFemenino1"]},{"@type":"Person","@id":"https:\/\/diariofemenino.com.ar\/df\/#\/schema\/person\/bf6199e8158c657ea6f789b11ec85509","name":"Admin","image":{"@type":"ImageObject","inLanguage":"es","@id":"https:\/\/diariofemenino.com.ar\/df\/wp-content\/uploads\/2018\/12\/favicon-150x150.jpg","url":"https:\/\/diariofemenino.com.ar\/df\/wp-content\/uploads\/2018\/12\/favicon-150x150.jpg","contentUrl":"https:\/\/diariofemenino.com.ar\/df\/wp-content\/uploads\/2018\/12\/favicon-150x150.jpg","caption":"Admin"},"url":"https:\/\/diariofemenino.com.ar\/df\/author\/lenny\/"}]}},"jetpack_featured_media_url":"https:\/\/diariofemenino.com.ar\/df\/wp-content\/uploads\/2020\/02\/maria_remedios_del_valle.jpg","jetpack_sharing_enabled":true,"rttpg_featured_image_url":{"full":["https:\/\/diariofemenino.com.ar\/df\/wp-content\/uploads\/2020\/02\/maria_remedios_del_valle.jpg",696,220,false],"landscape":["https:\/\/diariofemenino.com.ar\/df\/wp-content\/uploads\/2020\/02\/maria_remedios_del_valle.jpg",696,220,false],"portraits":["https:\/\/diariofemenino.com.ar\/df\/wp-content\/uploads\/2020\/02\/maria_remedios_del_valle.jpg",696,220,false],"thumbnail":["https:\/\/diariofemenino.com.ar\/df\/wp-content\/uploads\/2020\/02\/maria_remedios_del_valle-150x150.jpg",150,150,true],"medium":["https:\/\/diariofemenino.com.ar\/df\/wp-content\/uploads\/2020\/02\/maria_remedios_del_valle-300x95.jpg",300,95,true],"large":["https:\/\/diariofemenino.com.ar\/df\/wp-content\/uploads\/2020\/02\/maria_remedios_del_valle.jpg",696,220,false],"1536x1536":["https:\/\/diariofemenino.com.ar\/df\/wp-content\/uploads\/2020\/02\/maria_remedios_del_valle.jpg",696,220,false],"2048x2048":["https:\/\/diariofemenino.com.ar\/df\/wp-content\/uploads\/2020\/02\/maria_remedios_del_valle.jpg",696,220,false]},"rttpg_author":{"display_name":"Admin","author_link":"https:\/\/diariofemenino.com.ar\/df\/author\/lenny\/"},"rttpg_comment":0,"rttpg_category":"<a href=\"https:\/\/diariofemenino.com.ar\/df\/category\/actividades\/\" rel=\"category tag\">Actividades<\/a> <a href=\"https:\/\/diariofemenino.com.ar\/df\/category\/agenda-feminista\/\" rel=\"category tag\">Agenda Feminista<\/a>","rttpg_excerpt":"El Colectivo La Capitalina present\u00f3 su pedido al Concejo Deliberante de Santa Rosa (La Pampa). Se\u00f1alan que \u201clos nombres de las calles de cualquier ciudad o pueblo son indicadores que van marcando \u00e9pocas\u201d. Esperan que la Avenida San Mart\u00edn Oeste, desde Avellaneda\u00a0 \u2013 Mitre hasta la Laguna Don Tom\u00e1s, lleve su nombre. En la nota&hellip;","_links":{"self":[{"href":"https:\/\/diariofemenino.com.ar\/df\/wp-json\/wp\/v2\/posts\/46549","targetHints":{"allow":["GET"]}}],"collection":[{"href":"https:\/\/diariofemenino.com.ar\/df\/wp-json\/wp\/v2\/posts"}],"about":[{"href":"https:\/\/diariofemenino.com.ar\/df\/wp-json\/wp\/v2\/types\/post"}],"author":[{"embeddable":true,"href":"https:\/\/diariofemenino.com.ar\/df\/wp-json\/wp\/v2\/users\/4"}],"replies":[{"embeddable":true,"href":"https:\/\/diariofemenino.com.ar\/df\/wp-json\/wp\/v2\/comments?post=46549"}],"version-history":[{"count":0,"href":"https:\/\/diariofemenino.com.ar\/df\/wp-json\/wp\/v2\/posts\/46549\/revisions"}],"wp:featuredmedia":[{"embeddable":true,"href":"https:\/\/diariofemenino.com.ar\/df\/wp-json\/wp\/v2\/media\/46552"}],"wp:attachment":[{"href":"https:\/\/diariofemenino.com.ar\/df\/wp-json\/wp\/v2\/media?parent=46549"}],"wp:term":[{"taxonomy":"category","embeddable":true,"href":"https:\/\/diariofemenino.com.ar\/df\/wp-json\/wp\/v2\/categories?post=46549"},{"taxonomy":"post_tag","embeddable":true,"href":"https:\/\/diariofemenino.com.ar\/df\/wp-json\/wp\/v2\/tags?post=46549"}],"curies":[{"name":"wp","href":"https:\/\/api.w.org\/{rel}","templated":true}]}}