{"id":46206,"date":"2020-02-11T13:04:58","date_gmt":"2020-02-11T16:04:58","guid":{"rendered":"https:\/\/diariofemenino.com.ar\/?p=46206"},"modified":"2020-02-11T13:13:45","modified_gmt":"2020-02-11T16:13:45","slug":"politicas-antigenero-en-america-latina-estudios-de-caso","status":"publish","type":"post","link":"https:\/\/diariofemenino.com.ar\/df\/politicas-antigenero-en-america-latina-estudios-de-caso\/","title":{"rendered":"Pol\u00edticas Antig\u00e9nero en Am\u00e9rica Latina: Estudios de Caso"},"content":{"rendered":"<div class=\"container-fluid section-about\">\n<div class=\"container\">\n<div class=\"row\">\n<p><strong>Politicas Antig\u00e9nero en Am\u00e9rica Latina: Estudios de Caso<\/strong><\/p>\n<p>El\u00a0<i>Observatorio de Sexualidad y Pol\u00edtica<\/i>\u00a0(SPW) tiene el gran placer de anunciar la publicaci\u00f3n de la serie de estudios\u00a0<b>Pol\u00edticas Antig\u00e9nero en Am\u00e9rica Latina<\/b>. La colecci\u00f3n comprende nueve estudios de caso nacionales sobre las ofensivas antig\u00e9nero en Argentina, Brasil, Chile, Colombia, Costa Rica, Ecuador, M\u00e9xico, Paraguay, Uruguay, un an\u00e1lisis de la presencia y efecto de esas formaciones en los debates de la Organizaci\u00f3n de los Estados Americanos (OEA) y un art\u00edculo que rescata la genealogia de largo plazo del conservadurismo religioso que, desde los a\u00f1os 1990, anima las campa\u00f1as antig\u00e9nero en el mundo.<\/p>\n<p>Agradecemos much\u00edsimo al equipo de investigadores Maximiliano Campana (Argentina), Sonia Corr\u00eaa e Isabela Kalil (Brasil), Franklin Gil Hern\u00e1ndez (Colombia), Jaime Barrientos Delgado (Chile), Gabriela Arguedas Ram\u00edrez (Costa Rica y\u00a0<i>\u201cIdeolog\u00eda de G\u00e9nero\u201d, lo \u201cpost-secular\u201d, el fundamentalismo pentecostal y el neointegrismo cat\u00f3lico<\/i>), Mar\u00eda Amelia Viteri (Ecuador), Gloria Careaga y Luz Elena Aranda (M\u00e9xico), Clyde Soto y Lilian Soto (Paraguay), Lili\u00e1n Abracinskas, Santiago Puyol, Stefanie Kreher y Nicol\u00e1s Iglesias (Uruguay) y Mirta Moragas (Organizaci\u00f3n de los Estados Americanos).<\/p>\n<h1><a href=\"https:\/\/sxpolitics.org\/GPAL\/\">Proyecto G\u00e9nero &amp; Pol\u00edtica<\/a> en Am\u00e9rica Latina<\/h1>\n<p>En el marco del programa de An\u00e1lisis Estrat\u00e9gicos Transnacionales, en 2018, el Observatorio de Sexualidad y Pol\u00edtica (SPW) inici\u00f3 una nueva l\u00ednea de trabajo. Ese nuevo proyecto,\u00a0<i>G\u00e9nero y Pol\u00edtica en Am\u00e9rica Latina<\/i>, incluy\u00f3 estudios de caso en nueve pa\u00edses y dos otros estudios complementares, cuyos resultados se han publicado en febrero de 2020. En setiembre de 2019, el proyecto lanz\u00f3 un conjunto de videos que sintetizan los hallazgos preliminares de las investigaciones y, en 2018, contempl\u00f3 la traducci\u00f3n del n\u00famero especial\u00a0<i>\u00a1Habemus G\u00e9nero!<\/i>\u00a0publicado por la revista\u00a0<i>Gender and Religion<\/i>\u00a0(2016).<\/p>\n<div class=\"col-md-6\">\n<form id=\"frmArgentina\" class=\"frmInvisivel\" name=\"frmArgentina\">\n<div>\n<h2 class=\"text-center\"><em>Argentina<\/em><\/h2>\n<div class=\"row\">\n<div class=\"col-xs-12 col-md-12\">\n<figure style=\"width: 386px\" class=\"wp-caption alignnone\"><img loading=\"lazy\" decoding=\"async\" src=\"https:\/\/sxpolitics.org\/GPAL\/uploads\/capas\/Capa-Argentina.jpg\" alt=\"Politicas Antig\u00e9nero en Am\u00e9rica Latina: Estudios de Caso\" width=\"386\" height=\"500\" \/><figcaption class=\"wp-caption-text\">Politicas Antig\u00e9nero en Am\u00e9rica Latina: Estudios de Caso<\/figcaption><\/figure>\n<h3>Argentina<\/h3>\n<h4><b>Maximiliano Campana<\/b><\/h4>\n<p><a href=\"https:\/\/sxpolitics.org\/GPAL\/uploads\/Ebook-argentina_20200203.pdf\" target=\"_blank\" rel=\"noopener\"><button class=\"btn btn-default btn-lg\" type=\"button\">Accede aqu\u00ed\u00a0<i class=\"glyphicon glyphicon-plus\"><\/i><\/button><\/a><\/p>\n<\/div>\n<\/div>\n<\/div>\n<\/form>\n<\/div>\n<div class=\"col-md-6\">\n<form id=\"frmBrasil\" class=\"frmInvisivel\" name=\"frmBrasil\">\n<div>\n<h2 class=\"text-center\"><em>Brasil<\/em><\/h2>\n<div class=\"row\">\n<div class=\"col-xs-12 col-md-12\">\n<figure style=\"width: 386px\" class=\"wp-caption alignnone\"><img loading=\"lazy\" decoding=\"async\" src=\"https:\/\/sxpolitics.org\/GPAL\/uploads\/capas\/Capa-Brasil.jpg\" alt=\"Politicas Antig\u00e9nero en Am\u00e9rica Latina: Estudios de Caso\" width=\"386\" height=\"500\" \/><figcaption class=\"wp-caption-text\">Politicas Antig\u00e9nero en Am\u00e9rica Latina: Estudios de Caso<\/figcaption><\/figure>\n<h3>Brasil &#8211; \u00bfLa cat\u00e1strofe perfecta?<\/h3>\n<h4><b>Sonia Corr\u00eaa &amp; Isabela Kalil<\/b><\/h4>\n<p><a href=\"https:\/\/sxpolitics.org\/GPAL\/uploads\/Ebook-Brasil%2020200204.pdf\" target=\"_blank\" rel=\"noopener\"><button class=\"btn btn-default btn-lg\" type=\"button\">Accede aqu\u00ed\u00a0<i class=\"glyphicon glyphicon-plus\"><\/i><\/button><\/a><\/p>\n<\/div>\n<\/div>\n<\/div>\n<\/form>\n<\/div>\n<div class=\"col-md-6\">\n<form id=\"frmChile\" class=\"frmInvisivel\" name=\"frmChile\">\n<div>\n<h2 class=\"text-center\"><em>Chile<\/em><\/h2>\n<div class=\"row\">\n<div class=\"col-xs-12 col-md-12\">\n<p><img decoding=\"async\" src=\"https:\/\/sxpolitics.org\/GPAL\/uploads\/capas\/Capa-chile.jpg\" \/><\/p>\n<h3>Chile &#8211; \u00bfEstrategias en construcci\u00f3n?<\/h3>\n<h4><b>Jaime Barrientos Delgado<\/b><\/h4>\n<p><a href=\"https:\/\/sxpolitics.org\/GPAL\/uploads\/Ebook-Chile%202020203.pdf\" target=\"_blank\" rel=\"noopener\"><button class=\"btn btn-default btn-lg\" type=\"button\">Accede aqu\u00ed\u00a0<i class=\"glyphicon glyphicon-plus\"><\/i><\/button><\/a><\/p>\n<\/div>\n<\/div>\n<\/div>\n<\/form>\n<\/div>\n<div class=\"col-md-6\">\n<form id=\"frmColombia\" class=\"frmInvisivel\" name=\"frmColombia\">\n<div>\n<h2 class=\"text-center\"><em>Colombia<\/em><\/h2>\n<div class=\"row\">\n<div class=\"col-xs-12 col-md-12\">\n<p><img decoding=\"async\" src=\"https:\/\/sxpolitics.org\/GPAL\/uploads\/capas\/Capa-Colombia.jpg\" \/><\/p>\n<h3>Colombia &#8211; Agentes conservadores contra los derechos sexuales y reproductivos.<\/h3>\n<h4><b>Franklin Gil Hernandez<\/b><\/h4>\n<p><a href=\"https:\/\/sxpolitics.org\/GPAL\/uploads\/Ebook-Colombia%202020203.pdf\" target=\"_blank\" rel=\"noopener\"><button class=\"btn btn-default btn-lg\" type=\"button\">Accede aqu\u00ed\u00a0<i class=\"glyphicon glyphicon-plus\"><\/i><\/button><\/a><\/p>\n<\/div>\n<\/div>\n<\/div>\n<\/form>\n<\/div>\n<div class=\"col-md-6\">\n<form id=\"frmCostarica\" class=\"frmInvisivel\" name=\"frmCostarica\">\n<div>\n<h2 class=\"text-center\"><em>Costa Rica<\/em><\/h2>\n<div class=\"row\">\n<div class=\"col-xs-12 col-md-12\">\n<p><img decoding=\"async\" src=\"https:\/\/sxpolitics.org\/GPAL\/uploads\/capas\/Capa-costarica.jpg\" \/><\/p>\n<h3>Costa Rica &#8211; \u201cIdeolog\u00eda de g\u00e9nero\u201d: la herramienta ret\u00f3rica del conservadurismo religioso en la contienda pol\u00edtica y cultural. Una descripci\u00f3n del caso costarricense<\/h3>\n<h4><b>Gabriela Arguedas Ram\u00edrez<\/b><\/h4>\n<p><a href=\"https:\/\/sxpolitics.org\/GPAL\/uploads\/Ebook-CostaRica%2020200203.pdf\" target=\"_blank\" rel=\"noopener\"><button class=\"btn btn-default btn-lg\" type=\"button\">Accede aqu\u00ed\u00a0<i class=\"glyphicon glyphicon-plus\"><\/i><\/button><\/a><\/p>\n<\/div>\n<\/div>\n<\/div>\n<\/form>\n<\/div>\n<div class=\"col-md-6\">\n<form id=\"frmEcuador\" class=\"frmInvisivel\" name=\"frmEcuador\">\n<div>\n<h2 class=\"text-center\"><em>Ecuador<\/em><\/h2>\n<div class=\"row\">\n<div class=\"col-xs-12 col-md-12\">\n<p><img decoding=\"async\" src=\"https:\/\/sxpolitics.org\/GPAL\/uploads\/capas\/Capa-Ecuador.jpg\" \/><\/p>\n<h3>Ecuador &#8211; La instrumentalizaci\u00f3n de la \u00abIdeolog\u00eda de G\u00e9nero\u00bb<\/h3>\n<h4><b>Mar\u00eda Amelia Viteri<\/b><\/h4>\n<p><a href=\"https:\/\/sxpolitics.org\/GPAL\/uploads\/Ebook-Ecuador-20200204.pdf\" target=\"_blank\" rel=\"noopener\"><button class=\"btn btn-default btn-lg\" type=\"button\">Accede aqu\u00ed\u00a0<i class=\"glyphicon glyphicon-plus\"><\/i><\/button><\/a><\/p>\n<\/div>\n<\/div>\n<\/div>\n<\/form>\n<\/div>\n<div class=\"col-md-6\">\n<form id=\"frmMexico\" class=\"frmInvisivel\" name=\"frmMexico\">\n<div>\n<h2 class=\"text-center\"><em>M\u00e9xico<\/em><\/h2>\n<div class=\"row\">\n<div class=\"col-xs-12 col-md-12\">\n<p><img decoding=\"async\" src=\"https:\/\/sxpolitics.org\/GPAL\/uploads\/capas\/Capa-Mexico.jpg\" \/><\/p>\n<h3>M\u00e9xico &#8211; G\u00e9nero y sexualidad en el Centro del Hurac\u00e1n<\/h3>\n<h4><b>Gloria Careaga P\u00e9rez &amp; Luz Elena Aranda<\/b><\/h4>\n<p><a href=\"https:\/\/sxpolitics.org\/GPAL\/uploads\/Ebook-M%C3%A9xico%2020200203.pdf\" target=\"_blank\" rel=\"noopener\"><button class=\"btn btn-default btn-lg\" type=\"button\">Accede aqu\u00ed\u00a0<i class=\"glyphicon glyphicon-plus\"><\/i><\/button><\/a><\/p>\n<\/div>\n<\/div>\n<\/div>\n<\/form>\n<\/div>\n<div class=\"col-md-6\">\n<form id=\"frmParaguay\" class=\"frmInvisivel\" name=\"frmParaguay\">\n<div>\n<h2 class=\"text-center\"><em>Paraguay<\/em><\/h2>\n<div class=\"row\">\n<div class=\"col-xs-12 col-md-12\">\n<p><img decoding=\"async\" src=\"https:\/\/sxpolitics.org\/GPAL\/uploads\/capas\/Capa-Paraguai.jpg\" \/><\/p>\n<h3>Paraguay &#8211; El \u201cbuen\u201d ejemplo<\/h3>\n<h4><b>Clyde Soto &amp; Lilian Soto<\/b><\/h4>\n<p><a href=\"https:\/\/sxpolitics.org\/GPAL\/uploads\/Ebook-Paraguai%202020203.pdf\" target=\"_blank\" rel=\"noopener\"><button class=\"btn btn-default btn-lg\" type=\"button\">Accede aqu\u00ed\u00a0<i class=\"glyphicon glyphicon-plus\"><\/i><\/button><\/a><\/p>\n<\/div>\n<\/div>\n<\/div>\n<\/form>\n<\/div>\n<div class=\"col-md-6\">\n<form id=\"frmUruguay\" class=\"frmInvisivel\" name=\"frmUruguay\">\n<div>\n<h2 class=\"text-center\"><em>Uruguay<\/em><\/h2>\n<div class=\"row\">\n<div class=\"col-xs-12 col-md-12\">\n<p><img decoding=\"async\" src=\"https:\/\/sxpolitics.org\/GPAL\/uploads\/capas\/Capa-Uruguay.jpg\" \/><\/p>\n<h3>Uruguay &#8211; El mal ejemplo<\/h3>\n<h4><b>Nicol\u00e1s Iglesias, Stefanie Kreher, Lili\u00e1n Abracinskas &amp; Santiago Puyol<\/b><\/h4>\n<p><a href=\"https:\/\/sxpolitics.org\/GPAL\/uploads\/Ebook-Uruguai%2020200203.pdf\" target=\"_blank\" rel=\"noopener\"><button class=\"btn btn-default btn-lg\" type=\"button\">Accede aqu\u00ed\u00a0<i class=\"glyphicon glyphicon-plus\"><\/i><\/button><\/a><\/p>\n<\/div>\n<\/div>\n<\/div>\n<\/form>\n<\/div>\n<div class=\"col-md-6\">\n<form id=\"frmRegional\" class=\"frmInvisivel\" name=\"frmRegional\">\n<div>\n<h2 class=\"text-center\"><em>Mirada Geneal\u00f3gica<\/em><\/h2>\n<div class=\"row\">\n<div class=\"col-xs-12\">\n<p><img decoding=\"async\" src=\"https:\/\/sxpolitics.org\/GPAL\/uploads\/capas\/Capa-Apartado.jpg\" \/><\/p>\n<h3>\u201cIdeolog\u00eda de g\u00e9nero\u201d, lo \u201cpost-secular\u201d, el fundamentalismo neopentecostal y el neointegrismo cat\u00f3lico: la vocaci\u00f3n anti-democr\u00e1tica<\/h3>\n<h4><b>Gabriela Arguedas Ram\u00edrez<\/b><\/h4>\n<p><a href=\"https:\/\/sxpolitics.org\/GPAL\/uploads\/Ebook-Apartado%2020200203.pdf\" target=\"_blank\" rel=\"noopener\"><button class=\"btn btn-default btn-lg\" type=\"button\">Accede aqu\u00ed\u00a0<i class=\"glyphicon glyphicon-plus\"><\/i><\/button><\/a><\/p>\n<\/div>\n<\/div>\n<\/div>\n<\/form>\n<\/div>\n<div class=\"col-md-6\">\n<form id=\"frmRegionalOEA\" class=\"frmInvisivel\" name=\"frmRegional\">\n<div>\n<h2 class=\"text-center\"><em>OEA<\/em><\/h2>\n<div class=\"row\">\n<div class=\"col-xs-12\">\n<p><img decoding=\"async\" src=\"https:\/\/sxpolitics.org\/GPAL\/uploads\/capas\/Capa-Ofensivas-Antigenera.jpg\" \/><\/p>\n<h3>El caso de la Organizaci\u00f3n de los Estados Americanos (OEA)<\/h3>\n<h4><b>Mirta Moragas<\/b><\/h4>\n<p><a href=\"https:\/\/sxpolitics.org\/GPAL\/uploads\/Ebook-Ofensivas-Antigenero%2020200203.pdf\" target=\"_blank\" rel=\"noopener\"><button class=\"btn btn-default btn-lg\" type=\"button\">Accede aqu\u00ed\u00a0<i class=\"glyphicon glyphicon-plus\"><\/i><\/button><\/a><\/p>\n<\/div>\n<\/div>\n<\/div>\n<\/form>\n<\/div>\n<\/div>\n<\/div>\n<\/div>\n<div class=\"container-fluid section-working\">\n<div class=\"container\">\n<div class=\"row row-centered\">\n<div class=\"col-xs-12 col-sm-12\">\n<h1>#POLITICASANTIGENERO<\/h1>\n<p>#PoliticasAntigenero es la serie de ocho videos sobre los principales aspectos de las ofensivas antig\u00e9nero, que exploran sus antecedentes, erupciones, definiciones, contextos, actores, estrategias, efectos y formas de resistencia desde la mirada de 9 pa\u00edses de Am\u00e9rica Latina.<\/p>\n<div id=\"carousel-example-generic\" class=\"carousel slide\" data-ride=\"carousel\">\n<div class=\"carousel-inner\" role=\"listbox\">\n<div class=\"item active\">\n<div class=\"embed-responsive embed-responsive-16by9\"><iframe id=\"player\" class=\"embed-responsive-item\" src=\"https:\/\/www.youtube.com\/embed\/aa3r2IshhDw\" frameborder=\"0\" allowfullscreen=\"allowfullscreen\" data-mce-fragment=\"1\"><\/iframe><\/div>\n<\/div>\n<p><a class=\"left carousel-control\" role=\"button\" href=\"https:\/\/sxpolitics.org\/GPAL\/#carousel-example-generic\" data-slide=\"prev\"><span class=\"sr-only\">Previous<\/span><\/a><a class=\"right carousel-control\" role=\"button\" href=\"https:\/\/sxpolitics.org\/GPAL\/#carousel-example-generic\" data-slide=\"next\"><span class=\"sr-only\">Next<\/span><\/a><\/p>\n<\/div>\n<\/div>\n<p><center><a class=\"btn btn-primary botao-youtube\" href=\"https:\/\/www.youtube.com\/playlist?list=PLJducpnq4lec6wB7IOrwct-83nxMT16S6\" type=\"button\">Ver la serie completa<\/a><\/center><\/div>\n<\/div>\n<\/div>\n<\/div>\n<p>&nbsp;<\/p>\n<div class=\"container-fluid section-working\">\n<div class=\"container\">\n<div class=\"row row-centered\">\n<div class=\"col-xs-12 col-sm-12\">\n<h1>ENTREVISTAS<\/h1>\n<p><iframe loading=\"lazy\" src=\"https:\/\/www.youtube.com\/embed\/videoseries?list=PLJducpnq4ledjDC7wL4Tp6utjbGSK1b-_\" width=\"800\" height=\"500\" frameborder=\"0\" allowfullscreen=\"allowfullscreen\" data-mce-fragment=\"1\"><\/iframe><\/p>\n<\/div>\n<\/div>\n<\/div>\n<\/div>\n<p>&nbsp;<\/p>\n<div class=\"container-fluid section-publications\">\n<div class=\"container\">\n<div class=\"row\">\n<div class=\"col-xs-12 col-sm-12\">\n<h1>\u00a1HABEMUS G\u00c9NERO!<\/h1>\n<div class=\"row\">\n<div class=\"col-xs-12 col-sm-6 col-md-3 col-lg-3\"><img decoding=\"async\" class=\"img-responsive\" src=\"https:\/\/sxpolitics.org\/GPAL\/uploads\/capa-ebook1.png\" alt=\"\" \/><\/div>\n<div class=\"col-xs-12 col-sm-6 col-md-6 col-lg-6\">\n<p>Con mucho gusto, el Observatorio de Sexualidad y Pol\u00edtica (SPW), en colaboraci\u00f3n con Akahat\u00e1 lanza la publicaci\u00f3n en espa\u00f1ol de ocho textos seleccionados de la revista Gender&amp;Religion cuyo n\u00famero especial Habemus Gender! analiza la genealog\u00eda y los efectos de las pol\u00edticas anti-g\u00e9nero en Europa, Am\u00e9rica Latina y \u00c1frica. Agradecemos a les editores de la revista y del n\u00famero especial y tambi\u00e9n a les autores de los textos ahora publicados. Les deseamos una excelente lectura.<\/p>\n<p><a href=\"https:\/\/sxpolitics.org\/GPAL\/uploads\/ebook-2018-17122018.pdf\" target=\"_blank\" rel=\"noopener\"><button class=\"btn btn-default btn-lg\" type=\"button\">Accede aqu\u00ed\u00a0<i class=\"glyphicon glyphicon-plus\"><\/i><\/button><\/a><\/p>\n<\/div>\n<\/div>\n<\/div>\n<\/div>\n<\/div>\n<\/div>\n<p>&nbsp;<\/p>\n<p><a href=\"https:\/\/diariofemenino.com.ar\/category\/biblioteca\/\">Biblioteca Virtual<\/a><\/p>\n<p><a href=\"https:\/\/diariofemenino.com.ar\/\">Diario Digital Femenino<\/a><\/p>\n","protected":false},"excerpt":{"rendered":"<p>Politicas Antig\u00e9nero en Am\u00e9rica Latina: Estudios de Caso El\u00a0Observatorio de Sexualidad y Pol\u00edtica\u00a0(SPW) tiene el gran placer de anunciar la publicaci\u00f3n de la serie de estudios\u00a0Pol\u00edticas Antig\u00e9nero en Am\u00e9rica Latina. La colecci\u00f3n comprende nueve estudios de caso nacionales sobre las ofensivas antig\u00e9nero en Argentina, Brasil, Chile, Colombia, Costa Rica, Ecuador, M\u00e9xico, Paraguay, Uruguay, un an\u00e1lisis [&hellip;]<\/p>\n","protected":false},"author":4,"featured_media":46232,"comment_status":"open","ping_status":"open","sticky":false,"template":"","format":"standard","meta":{"iawp_total_views":60,"footnotes":""},"categories":[1067,19,21],"tags":[251,337,1028,502,1026,2870,2290,2871,2869,1713],"class_list":["post-46206","post","type-post","status-publish","format-standard","has-post-thumbnail","hentry","category-agenda-feminista","category-biblioteca","category-noticias","tag-argentina","tag-mexico","tag-brasil","tag-chile","tag-colombia","tag-costa-rica","tag-ecuador","tag-paraguay","tag-politicas-antigenero","tag-uruguay"],"nelio_content":{"autoShareEndMode":"never","automationSources":{"useCustomSentences":false,"customSentences":[]},"efiAlt":"","efiUrl":"","followers":[4],"highlights":[],"isAutoShareEnabled":true,"networkImageIds":[],"permalinkQueryArgs":[],"series":[],"suggestedReferences":[]},"yoast_head":"<!-- This site is optimized with the Yoast SEO plugin v27.5 - https:\/\/yoast.com\/product\/yoast-seo-wordpress\/ -->\n<title>Pol\u00edticas Antig\u00e9nero en Am\u00e9rica Latina: Estudios de Caso - Diario Digital Femenino<\/title>\n<meta name=\"description\" content=\"Pol\u00edticas Antig\u00e9nero. Ofensivas antig\u00e9nero en Argentina, Brasil, Chile, Colombia, Costa Rica, Ecuador, M\u00e9xico, Paraguay, Uruguay\" \/>\n<meta name=\"robots\" content=\"index, follow, max-snippet:-1, max-image-preview:large, max-video-preview:-1\" \/>\n<link rel=\"canonical\" href=\"https:\/\/diariofemenino.com.ar\/df\/politicas-antigenero-en-america-latina-estudios-de-caso\/\" \/>\n<meta property=\"og:locale\" content=\"es_ES\" \/>\n<meta property=\"og:type\" content=\"article\" \/>\n<meta property=\"og:title\" content=\"Pol\u00edticas Antig\u00e9nero en Am\u00e9rica Latina: Estudios de Caso - Diario Digital Femenino\" \/>\n<meta property=\"og:description\" content=\"Pol\u00edticas Antig\u00e9nero. Ofensivas antig\u00e9nero en Argentina, Brasil, Chile, Colombia, Costa Rica, Ecuador, M\u00e9xico, Paraguay, Uruguay\" \/>\n<meta property=\"og:url\" content=\"https:\/\/diariofemenino.com.ar\/df\/politicas-antigenero-en-america-latina-estudios-de-caso\/\" \/>\n<meta property=\"og:site_name\" content=\"Diario Digital Femenino\" \/>\n<meta property=\"article:publisher\" content=\"https:\/\/www.facebook.com\/DiarioDigitaFemenino\/\" \/>\n<meta property=\"article:published_time\" content=\"2020-02-11T16:04:58+00:00\" \/>\n<meta property=\"article:modified_time\" content=\"2020-02-11T16:13:45+00:00\" \/>\n<meta property=\"og:image\" content=\"https:\/\/diariofemenino.com.ar\/df\/wp-content\/uploads\/2020\/02\/Genero-y-Pol\u00edtica.jpg\" \/>\n\t<meta property=\"og:image:width\" content=\"639\" \/>\n\t<meta property=\"og:image:height\" content=\"299\" \/>\n\t<meta property=\"og:image:type\" content=\"image\/jpeg\" \/>\n<meta name=\"author\" content=\"Admin\" \/>\n<meta name=\"twitter:card\" content=\"summary_large_image\" \/>\n<meta name=\"twitter:creator\" content=\"@DiarioFemenino1\" \/>\n<meta name=\"twitter:site\" content=\"@DiarioFemenino1\" \/>\n<meta name=\"twitter:label1\" content=\"Escrito por\" \/>\n\t<meta name=\"twitter:data1\" content=\"Admin\" \/>\n\t<meta name=\"twitter:label2\" content=\"Tiempo de lectura\" \/>\n\t<meta name=\"twitter:data2\" content=\"3 minutos\" \/>\n<script type=\"application\/ld+json\" class=\"yoast-schema-graph\">{\"@context\":\"https:\\\/\\\/schema.org\",\"@graph\":[{\"@type\":\"Article\",\"@id\":\"https:\\\/\\\/diariofemenino.com.ar\\\/df\\\/politicas-antigenero-en-america-latina-estudios-de-caso\\\/#article\",\"isPartOf\":{\"@id\":\"https:\\\/\\\/diariofemenino.com.ar\\\/df\\\/politicas-antigenero-en-america-latina-estudios-de-caso\\\/\"},\"author\":{\"name\":\"Admin\",\"@id\":\"https:\\\/\\\/diariofemenino.com.ar\\\/df\\\/#\\\/schema\\\/person\\\/bf6199e8158c657ea6f789b11ec85509\"},\"headline\":\"Pol\u00edticas Antig\u00e9nero en Am\u00e9rica Latina: Estudios de Caso\",\"datePublished\":\"2020-02-11T16:04:58+00:00\",\"dateModified\":\"2020-02-11T16:13:45+00:00\",\"mainEntityOfPage\":{\"@id\":\"https:\\\/\\\/diariofemenino.com.ar\\\/df\\\/politicas-antigenero-en-america-latina-estudios-de-caso\\\/\"},\"wordCount\":710,\"commentCount\":0,\"publisher\":{\"@id\":\"https:\\\/\\\/diariofemenino.com.ar\\\/df\\\/#organization\"},\"image\":{\"@id\":\"https:\\\/\\\/diariofemenino.com.ar\\\/df\\\/politicas-antigenero-en-america-latina-estudios-de-caso\\\/#primaryimage\"},\"thumbnailUrl\":\"https:\\\/\\\/diariofemenino.com.ar\\\/df\\\/wp-content\\\/uploads\\\/2020\\\/02\\\/Genero-y-Pol\u00edtica.jpg\",\"keywords\":[\"#argentina\",\"#mexico\",\"Brasil\",\"Chile\",\"Colombia\",\"Costa Rica\",\"Ecuador\",\"Paraguay\",\"Politicas Antig\u00e9nero\",\"Uruguay\"],\"articleSection\":[\"Agenda Feminista\",\"Biblioteca Virtual\",\"Noticias\"],\"inLanguage\":\"es\",\"potentialAction\":[{\"@type\":\"CommentAction\",\"name\":\"Comment\",\"target\":[\"https:\\\/\\\/diariofemenino.com.ar\\\/df\\\/politicas-antigenero-en-america-latina-estudios-de-caso\\\/#respond\"]}]},{\"@type\":\"WebPage\",\"@id\":\"https:\\\/\\\/diariofemenino.com.ar\\\/df\\\/politicas-antigenero-en-america-latina-estudios-de-caso\\\/\",\"url\":\"https:\\\/\\\/diariofemenino.com.ar\\\/df\\\/politicas-antigenero-en-america-latina-estudios-de-caso\\\/\",\"name\":\"Pol\u00edticas Antig\u00e9nero en Am\u00e9rica Latina: Estudios de Caso - Diario Digital Femenino\",\"isPartOf\":{\"@id\":\"https:\\\/\\\/diariofemenino.com.ar\\\/df\\\/#website\"},\"primaryImageOfPage\":{\"@id\":\"https:\\\/\\\/diariofemenino.com.ar\\\/df\\\/politicas-antigenero-en-america-latina-estudios-de-caso\\\/#primaryimage\"},\"image\":{\"@id\":\"https:\\\/\\\/diariofemenino.com.ar\\\/df\\\/politicas-antigenero-en-america-latina-estudios-de-caso\\\/#primaryimage\"},\"thumbnailUrl\":\"https:\\\/\\\/diariofemenino.com.ar\\\/df\\\/wp-content\\\/uploads\\\/2020\\\/02\\\/Genero-y-Pol\u00edtica.jpg\",\"datePublished\":\"2020-02-11T16:04:58+00:00\",\"dateModified\":\"2020-02-11T16:13:45+00:00\",\"description\":\"Pol\u00edticas Antig\u00e9nero. Ofensivas antig\u00e9nero en Argentina, Brasil, Chile, Colombia, Costa Rica, Ecuador, M\u00e9xico, Paraguay, Uruguay\",\"breadcrumb\":{\"@id\":\"https:\\\/\\\/diariofemenino.com.ar\\\/df\\\/politicas-antigenero-en-america-latina-estudios-de-caso\\\/#breadcrumb\"},\"inLanguage\":\"es\",\"potentialAction\":[{\"@type\":\"ReadAction\",\"target\":[\"https:\\\/\\\/diariofemenino.com.ar\\\/df\\\/politicas-antigenero-en-america-latina-estudios-de-caso\\\/\"]}]},{\"@type\":\"ImageObject\",\"inLanguage\":\"es\",\"@id\":\"https:\\\/\\\/diariofemenino.com.ar\\\/df\\\/politicas-antigenero-en-america-latina-estudios-de-caso\\\/#primaryimage\",\"url\":\"https:\\\/\\\/diariofemenino.com.ar\\\/df\\\/wp-content\\\/uploads\\\/2020\\\/02\\\/Genero-y-Pol\u00edtica.jpg\",\"contentUrl\":\"https:\\\/\\\/diariofemenino.com.ar\\\/df\\\/wp-content\\\/uploads\\\/2020\\\/02\\\/Genero-y-Pol\u00edtica.jpg\",\"width\":639,\"height\":299,\"caption\":\"Politicas Antig\u00e9nero en Am\u00e9rica Latina: Estudios de Caso\"},{\"@type\":\"BreadcrumbList\",\"@id\":\"https:\\\/\\\/diariofemenino.com.ar\\\/df\\\/politicas-antigenero-en-america-latina-estudios-de-caso\\\/#breadcrumb\",\"itemListElement\":[{\"@type\":\"ListItem\",\"position\":1,\"name\":\"Portada\",\"item\":\"https:\\\/\\\/diariofemenino.com.ar\\\/df\\\/\"},{\"@type\":\"ListItem\",\"position\":2,\"name\":\"Pol\u00edticas Antig\u00e9nero en Am\u00e9rica Latina: Estudios de Caso\"}]},{\"@type\":\"WebSite\",\"@id\":\"https:\\\/\\\/diariofemenino.com.ar\\\/df\\\/#website\",\"url\":\"https:\\\/\\\/diariofemenino.com.ar\\\/df\\\/\",\"name\":\"Diario Digital Femenino\",\"description\":\"Cuesti\u00f3n de G\u00e9nero\",\"publisher\":{\"@id\":\"https:\\\/\\\/diariofemenino.com.ar\\\/df\\\/#organization\"},\"potentialAction\":[{\"@type\":\"SearchAction\",\"target\":{\"@type\":\"EntryPoint\",\"urlTemplate\":\"https:\\\/\\\/diariofemenino.com.ar\\\/df\\\/?s={search_term_string}\"},\"query-input\":{\"@type\":\"PropertyValueSpecification\",\"valueRequired\":true,\"valueName\":\"search_term_string\"}}],\"inLanguage\":\"es\"},{\"@type\":\"Organization\",\"@id\":\"https:\\\/\\\/diariofemenino.com.ar\\\/df\\\/#organization\",\"name\":\"Diario Femenino\",\"url\":\"https:\\\/\\\/diariofemenino.com.ar\\\/df\\\/\",\"logo\":{\"@type\":\"ImageObject\",\"inLanguage\":\"es\",\"@id\":\"https:\\\/\\\/diariofemenino.com.ar\\\/df\\\/#\\\/schema\\\/logo\\\/image\\\/\",\"url\":\"https:\\\/\\\/diariofemenino.com.ar\\\/df\\\/wp-content\\\/uploads\\\/2018\\\/10\\\/logo.png\",\"contentUrl\":\"https:\\\/\\\/diariofemenino.com.ar\\\/df\\\/wp-content\\\/uploads\\\/2018\\\/10\\\/logo.png\",\"width\":500,\"height\":92,\"caption\":\"Diario Femenino\"},\"image\":{\"@id\":\"https:\\\/\\\/diariofemenino.com.ar\\\/df\\\/#\\\/schema\\\/logo\\\/image\\\/\"},\"sameAs\":[\"https:\\\/\\\/www.facebook.com\\\/DiarioDigitaFemenino\\\/\",\"https:\\\/\\\/x.com\\\/DiarioFemenino1\"]},{\"@type\":\"Person\",\"@id\":\"https:\\\/\\\/diariofemenino.com.ar\\\/df\\\/#\\\/schema\\\/person\\\/bf6199e8158c657ea6f789b11ec85509\",\"name\":\"Admin\",\"image\":{\"@type\":\"ImageObject\",\"inLanguage\":\"es\",\"@id\":\"https:\\\/\\\/diariofemenino.com.ar\\\/df\\\/wp-content\\\/uploads\\\/2018\\\/12\\\/favicon-150x150.jpg\",\"url\":\"https:\\\/\\\/diariofemenino.com.ar\\\/df\\\/wp-content\\\/uploads\\\/2018\\\/12\\\/favicon-150x150.jpg\",\"contentUrl\":\"https:\\\/\\\/diariofemenino.com.ar\\\/df\\\/wp-content\\\/uploads\\\/2018\\\/12\\\/favicon-150x150.jpg\",\"caption\":\"Admin\"},\"url\":\"https:\\\/\\\/diariofemenino.com.ar\\\/df\\\/author\\\/lenny\\\/\"}]}<\/script>\n<!-- \/ Yoast SEO plugin. -->","yoast_head_json":{"title":"Pol\u00edticas Antig\u00e9nero en Am\u00e9rica Latina: Estudios de Caso - Diario Digital Femenino","description":"Pol\u00edticas Antig\u00e9nero. Ofensivas antig\u00e9nero en Argentina, Brasil, Chile, Colombia, Costa Rica, Ecuador, M\u00e9xico, Paraguay, Uruguay","robots":{"index":"index","follow":"follow","max-snippet":"max-snippet:-1","max-image-preview":"max-image-preview:large","max-video-preview":"max-video-preview:-1"},"canonical":"https:\/\/diariofemenino.com.ar\/df\/politicas-antigenero-en-america-latina-estudios-de-caso\/","og_locale":"es_ES","og_type":"article","og_title":"Pol\u00edticas Antig\u00e9nero en Am\u00e9rica Latina: Estudios de Caso - Diario Digital Femenino","og_description":"Pol\u00edticas Antig\u00e9nero. Ofensivas antig\u00e9nero en Argentina, Brasil, Chile, Colombia, Costa Rica, Ecuador, M\u00e9xico, Paraguay, Uruguay","og_url":"https:\/\/diariofemenino.com.ar\/df\/politicas-antigenero-en-america-latina-estudios-de-caso\/","og_site_name":"Diario Digital Femenino","article_publisher":"https:\/\/www.facebook.com\/DiarioDigitaFemenino\/","article_published_time":"2020-02-11T16:04:58+00:00","article_modified_time":"2020-02-11T16:13:45+00:00","og_image":[{"width":639,"height":299,"url":"https:\/\/diariofemenino.com.ar\/df\/wp-content\/uploads\/2020\/02\/Genero-y-Pol\u00edtica.jpg","type":"image\/jpeg"}],"author":"Admin","twitter_card":"summary_large_image","twitter_creator":"@DiarioFemenino1","twitter_site":"@DiarioFemenino1","twitter_misc":{"Escrito por":"Admin","Tiempo de lectura":"3 minutos"},"schema":{"@context":"https:\/\/schema.org","@graph":[{"@type":"Article","@id":"https:\/\/diariofemenino.com.ar\/df\/politicas-antigenero-en-america-latina-estudios-de-caso\/#article","isPartOf":{"@id":"https:\/\/diariofemenino.com.ar\/df\/politicas-antigenero-en-america-latina-estudios-de-caso\/"},"author":{"name":"Admin","@id":"https:\/\/diariofemenino.com.ar\/df\/#\/schema\/person\/bf6199e8158c657ea6f789b11ec85509"},"headline":"Pol\u00edticas Antig\u00e9nero en Am\u00e9rica Latina: Estudios de Caso","datePublished":"2020-02-11T16:04:58+00:00","dateModified":"2020-02-11T16:13:45+00:00","mainEntityOfPage":{"@id":"https:\/\/diariofemenino.com.ar\/df\/politicas-antigenero-en-america-latina-estudios-de-caso\/"},"wordCount":710,"commentCount":0,"publisher":{"@id":"https:\/\/diariofemenino.com.ar\/df\/#organization"},"image":{"@id":"https:\/\/diariofemenino.com.ar\/df\/politicas-antigenero-en-america-latina-estudios-de-caso\/#primaryimage"},"thumbnailUrl":"https:\/\/diariofemenino.com.ar\/df\/wp-content\/uploads\/2020\/02\/Genero-y-Pol\u00edtica.jpg","keywords":["#argentina","#mexico","Brasil","Chile","Colombia","Costa Rica","Ecuador","Paraguay","Politicas Antig\u00e9nero","Uruguay"],"articleSection":["Agenda Feminista","Biblioteca Virtual","Noticias"],"inLanguage":"es","potentialAction":[{"@type":"CommentAction","name":"Comment","target":["https:\/\/diariofemenino.com.ar\/df\/politicas-antigenero-en-america-latina-estudios-de-caso\/#respond"]}]},{"@type":"WebPage","@id":"https:\/\/diariofemenino.com.ar\/df\/politicas-antigenero-en-america-latina-estudios-de-caso\/","url":"https:\/\/diariofemenino.com.ar\/df\/politicas-antigenero-en-america-latina-estudios-de-caso\/","name":"Pol\u00edticas Antig\u00e9nero en Am\u00e9rica Latina: Estudios de Caso - Diario Digital Femenino","isPartOf":{"@id":"https:\/\/diariofemenino.com.ar\/df\/#website"},"primaryImageOfPage":{"@id":"https:\/\/diariofemenino.com.ar\/df\/politicas-antigenero-en-america-latina-estudios-de-caso\/#primaryimage"},"image":{"@id":"https:\/\/diariofemenino.com.ar\/df\/politicas-antigenero-en-america-latina-estudios-de-caso\/#primaryimage"},"thumbnailUrl":"https:\/\/diariofemenino.com.ar\/df\/wp-content\/uploads\/2020\/02\/Genero-y-Pol\u00edtica.jpg","datePublished":"2020-02-11T16:04:58+00:00","dateModified":"2020-02-11T16:13:45+00:00","description":"Pol\u00edticas Antig\u00e9nero. Ofensivas antig\u00e9nero en Argentina, Brasil, Chile, Colombia, Costa Rica, Ecuador, M\u00e9xico, Paraguay, Uruguay","breadcrumb":{"@id":"https:\/\/diariofemenino.com.ar\/df\/politicas-antigenero-en-america-latina-estudios-de-caso\/#breadcrumb"},"inLanguage":"es","potentialAction":[{"@type":"ReadAction","target":["https:\/\/diariofemenino.com.ar\/df\/politicas-antigenero-en-america-latina-estudios-de-caso\/"]}]},{"@type":"ImageObject","inLanguage":"es","@id":"https:\/\/diariofemenino.com.ar\/df\/politicas-antigenero-en-america-latina-estudios-de-caso\/#primaryimage","url":"https:\/\/diariofemenino.com.ar\/df\/wp-content\/uploads\/2020\/02\/Genero-y-Pol\u00edtica.jpg","contentUrl":"https:\/\/diariofemenino.com.ar\/df\/wp-content\/uploads\/2020\/02\/Genero-y-Pol\u00edtica.jpg","width":639,"height":299,"caption":"Politicas Antig\u00e9nero en Am\u00e9rica Latina: Estudios de Caso"},{"@type":"BreadcrumbList","@id":"https:\/\/diariofemenino.com.ar\/df\/politicas-antigenero-en-america-latina-estudios-de-caso\/#breadcrumb","itemListElement":[{"@type":"ListItem","position":1,"name":"Portada","item":"https:\/\/diariofemenino.com.ar\/df\/"},{"@type":"ListItem","position":2,"name":"Pol\u00edticas Antig\u00e9nero en Am\u00e9rica Latina: Estudios de Caso"}]},{"@type":"WebSite","@id":"https:\/\/diariofemenino.com.ar\/df\/#website","url":"https:\/\/diariofemenino.com.ar\/df\/","name":"Diario Digital Femenino","description":"Cuesti\u00f3n de G\u00e9nero","publisher":{"@id":"https:\/\/diariofemenino.com.ar\/df\/#organization"},"potentialAction":[{"@type":"SearchAction","target":{"@type":"EntryPoint","urlTemplate":"https:\/\/diariofemenino.com.ar\/df\/?s={search_term_string}"},"query-input":{"@type":"PropertyValueSpecification","valueRequired":true,"valueName":"search_term_string"}}],"inLanguage":"es"},{"@type":"Organization","@id":"https:\/\/diariofemenino.com.ar\/df\/#organization","name":"Diario Femenino","url":"https:\/\/diariofemenino.com.ar\/df\/","logo":{"@type":"ImageObject","inLanguage":"es","@id":"https:\/\/diariofemenino.com.ar\/df\/#\/schema\/logo\/image\/","url":"https:\/\/diariofemenino.com.ar\/df\/wp-content\/uploads\/2018\/10\/logo.png","contentUrl":"https:\/\/diariofemenino.com.ar\/df\/wp-content\/uploads\/2018\/10\/logo.png","width":500,"height":92,"caption":"Diario Femenino"},"image":{"@id":"https:\/\/diariofemenino.com.ar\/df\/#\/schema\/logo\/image\/"},"sameAs":["https:\/\/www.facebook.com\/DiarioDigitaFemenino\/","https:\/\/x.com\/DiarioFemenino1"]},{"@type":"Person","@id":"https:\/\/diariofemenino.com.ar\/df\/#\/schema\/person\/bf6199e8158c657ea6f789b11ec85509","name":"Admin","image":{"@type":"ImageObject","inLanguage":"es","@id":"https:\/\/diariofemenino.com.ar\/df\/wp-content\/uploads\/2018\/12\/favicon-150x150.jpg","url":"https:\/\/diariofemenino.com.ar\/df\/wp-content\/uploads\/2018\/12\/favicon-150x150.jpg","contentUrl":"https:\/\/diariofemenino.com.ar\/df\/wp-content\/uploads\/2018\/12\/favicon-150x150.jpg","caption":"Admin"},"url":"https:\/\/diariofemenino.com.ar\/df\/author\/lenny\/"}]}},"jetpack_featured_media_url":"https:\/\/diariofemenino.com.ar\/df\/wp-content\/uploads\/2020\/02\/Genero-y-Pol\u00edtica.jpg","jetpack_sharing_enabled":true,"rttpg_featured_image_url":{"full":["https:\/\/diariofemenino.com.ar\/df\/wp-content\/uploads\/2020\/02\/Genero-y-Pol\u00edtica.jpg",639,299,false],"landscape":["https:\/\/diariofemenino.com.ar\/df\/wp-content\/uploads\/2020\/02\/Genero-y-Pol\u00edtica.jpg",639,299,false],"portraits":["https:\/\/diariofemenino.com.ar\/df\/wp-content\/uploads\/2020\/02\/Genero-y-Pol\u00edtica.jpg",639,299,false],"thumbnail":["https:\/\/diariofemenino.com.ar\/df\/wp-content\/uploads\/2020\/02\/Genero-y-Pol\u00edtica-150x150.jpg",150,150,true],"medium":["https:\/\/diariofemenino.com.ar\/df\/wp-content\/uploads\/2020\/02\/Genero-y-Pol\u00edtica-300x140.jpg",300,140,true],"large":["https:\/\/diariofemenino.com.ar\/df\/wp-content\/uploads\/2020\/02\/Genero-y-Pol\u00edtica.jpg",639,299,false],"1536x1536":["https:\/\/diariofemenino.com.ar\/df\/wp-content\/uploads\/2020\/02\/Genero-y-Pol\u00edtica.jpg",639,299,false],"2048x2048":["https:\/\/diariofemenino.com.ar\/df\/wp-content\/uploads\/2020\/02\/Genero-y-Pol\u00edtica.jpg",639,299,false]},"rttpg_author":{"display_name":"Admin","author_link":"https:\/\/diariofemenino.com.ar\/df\/author\/lenny\/"},"rttpg_comment":0,"rttpg_category":"<a href=\"https:\/\/diariofemenino.com.ar\/df\/category\/agenda-feminista\/\" rel=\"category tag\">Agenda Feminista<\/a> <a href=\"https:\/\/diariofemenino.com.ar\/df\/category\/biblioteca\/\" rel=\"category tag\">Biblioteca Virtual<\/a> <a href=\"https:\/\/diariofemenino.com.ar\/df\/category\/noticias\/\" rel=\"category tag\">Noticias<\/a>","rttpg_excerpt":"Politicas Antig\u00e9nero en Am\u00e9rica Latina: Estudios de Caso El\u00a0Observatorio de Sexualidad y Pol\u00edtica\u00a0(SPW) tiene el gran placer de anunciar la publicaci\u00f3n de la serie de estudios\u00a0Pol\u00edticas Antig\u00e9nero en Am\u00e9rica Latina. La colecci\u00f3n comprende nueve estudios de caso nacionales sobre las ofensivas antig\u00e9nero en Argentina, Brasil, Chile, Colombia, Costa Rica, Ecuador, M\u00e9xico, Paraguay, Uruguay, un an\u00e1lisis&hellip;","_links":{"self":[{"href":"https:\/\/diariofemenino.com.ar\/df\/wp-json\/wp\/v2\/posts\/46206","targetHints":{"allow":["GET"]}}],"collection":[{"href":"https:\/\/diariofemenino.com.ar\/df\/wp-json\/wp\/v2\/posts"}],"about":[{"href":"https:\/\/diariofemenino.com.ar\/df\/wp-json\/wp\/v2\/types\/post"}],"author":[{"embeddable":true,"href":"https:\/\/diariofemenino.com.ar\/df\/wp-json\/wp\/v2\/users\/4"}],"replies":[{"embeddable":true,"href":"https:\/\/diariofemenino.com.ar\/df\/wp-json\/wp\/v2\/comments?post=46206"}],"version-history":[{"count":0,"href":"https:\/\/diariofemenino.com.ar\/df\/wp-json\/wp\/v2\/posts\/46206\/revisions"}],"wp:featuredmedia":[{"embeddable":true,"href":"https:\/\/diariofemenino.com.ar\/df\/wp-json\/wp\/v2\/media\/46232"}],"wp:attachment":[{"href":"https:\/\/diariofemenino.com.ar\/df\/wp-json\/wp\/v2\/media?parent=46206"}],"wp:term":[{"taxonomy":"category","embeddable":true,"href":"https:\/\/diariofemenino.com.ar\/df\/wp-json\/wp\/v2\/categories?post=46206"},{"taxonomy":"post_tag","embeddable":true,"href":"https:\/\/diariofemenino.com.ar\/df\/wp-json\/wp\/v2\/tags?post=46206"}],"curies":[{"name":"wp","href":"https:\/\/api.w.org\/{rel}","templated":true}]}}