{"id":46042,"date":"2020-02-04T09:46:14","date_gmt":"2020-02-04T12:46:14","guid":{"rendered":"https:\/\/diariofemenino.com.ar\/?p=46042"},"modified":"2020-02-04T09:46:14","modified_gmt":"2020-02-04T12:46:14","slug":"vasectomias","status":"publish","type":"post","link":"https:\/\/diariofemenino.com.ar\/df\/vasectomias\/","title":{"rendered":"En 2019 creci\u00f3 considerablemente la pr\u00e1ctica de vasectom\u00edas"},"content":{"rendered":"<p>El n\u00famero de vasectom\u00edas realizadas en la provincia de La Pampa aument\u00f3 considerablemente en los \u00faltimos a\u00f1os, seg\u00fan las estad\u00edsticas del Ministerio de Salud de la provincia de La Pampa. De todas maneras, a\u00fan existe una \u00abinequidad entre el acceso a la ligadura y la vasectom\u00eda\u00bb, lo que refleja que la responsabilidad de la planificaci\u00f3n familiar y la <a href=\"https:\/\/diariofemenino.com.ar\/duele-mas-ir-al-dentista-que-la-vasectomia-testimonios-de-hombres-jovenes-que-no-quieren-tener-hijos\/\">anticoncepci\u00f3n<\/a> recae principalmente sobre las mujeres.<\/p>\n<figure id=\"attachment_46044\" aria-describedby=\"caption-attachment-46044\" style=\"width: 1920px\" class=\"wp-caption alignnone\"><img loading=\"lazy\" decoding=\"async\" class=\"size-full wp-image-46044\" src=\"https:\/\/diariofemenino.com.ar\/df\/wp-content\/uploads\/2020\/02\/vasectomia-1920x1080-1.jpg\" alt=\"En 2019 creci\u00f3 considerablemente la pr\u00e1ctica de vasectom\u00edas\" width=\"1920\" height=\"1079\" srcset=\"https:\/\/diariofemenino.com.ar\/df\/wp-content\/uploads\/2020\/02\/vasectomia-1920x1080-1.jpg 1920w, https:\/\/diariofemenino.com.ar\/df\/wp-content\/uploads\/2020\/02\/vasectomia-1920x1080-1-300x169.jpg 300w, https:\/\/diariofemenino.com.ar\/df\/wp-content\/uploads\/2020\/02\/vasectomia-1920x1080-1-768x432.jpg 768w, https:\/\/diariofemenino.com.ar\/df\/wp-content\/uploads\/2020\/02\/vasectomia-1920x1080-1-1024x575.jpg 1024w\" sizes=\"auto, (max-width: 1920px) 100vw, 1920px\" \/><figcaption id=\"caption-attachment-46044\" class=\"wp-caption-text\">En 2019 creci\u00f3 considerablemente la pr\u00e1ctica de vasectom\u00edas<\/figcaption><\/figure>\n<p>Seg\u00fan las cifras a las que pudo acceder <a href=\"http:\/\/www.laarena.com.ar\/la_pampa-en-2019-crecio-considerablemente-la-practica-de-vasectomias-2096550-163.html\">LA ARENA<\/a>, en el 2018 se realiz\u00f3 un total de 10 vasectom\u00edas, mientras que el a\u00f1o pasado el n\u00famero tuvo un importante incremento y lleg\u00f3 a 35, lo que representa un aumento del 250 %.<br \/>\nEn ese sentido, la directora de Maternidad e Infancia, Cintia Jacobi, resalt\u00f3 que se trata de un aumento \u00abmuy significativo\u00bb y explic\u00f3 que es fruto de un \u00abtrabajo conjunto que se fue haciendo desde el Programa de Salud Sexual y Procreaci\u00f3n Responsable con los equipos de urolog\u00eda y, en parte, tambi\u00e9n hubo una campa\u00f1a en el Hospital Gobernador Centeno, donde los ur\u00f3logos trabajaron fuertemente y por eso el impacto fue en aumento\u00bb.<\/p>\n<p>La directora sostuvo que desde la cartera de Salud trabajan con los equipos \u00abpara que se ofrezca esto como un m\u00e9todo m\u00e1s dentro de la canasta de m\u00e9todos anticonceptivos. Pero bueno es algo que nos lleva tiempo, aunque indudablemente est\u00e1 surtiendo su efecto y cada vez m\u00e1s hombres eligen hacerse la vasectom\u00eda\u00bb.<\/p>\n<p>De esta manera, destac\u00f3 que se observa \u00abun cambio importante en el n\u00famero\u00bb, debido a que \u00aben los a\u00f1os anteriores ten\u00edamos dos, tres, cinco, muy poquitas. Eso fue aumentando paulatinamente, pero gracias a un trabajo constante de capacitaci\u00f3n y de ver que los equipos puedan ofrecer esa opci\u00f3n de cirug\u00eda, que haya garant\u00eda y acceso a la consulta con el especialista y despu\u00e9s al turno quir\u00fargico\u00bb.<\/p>\n<p>\u00abDiferencia abismal\u00bb.<br \/>\nA pesar del incremento en la cantidad de vasectom\u00edas realizadas, la diferencia con las ligaduras tubarias o de trompa sigue siendo \u00ababismal\u00bb. Seg\u00fan las estad\u00edsticas, en 2018 se realizaron 370 ligaduras y 480 en 2019. De esta manera, queda en evidencia que la responsabilidad de la planificaci\u00f3n familiar y la utilizaci\u00f3n de m\u00e9todos anticonceptivos, muchos de ellos invasivos sobre su cuerpo, recae principalmente sobre las mujeres.<br \/>\nLa directora de Maternidad e Infancia consider\u00f3 que existe \u00abuna inequidad entre el acceso a la ligadura y la vasectom\u00eda\u00bb, y sostuvo que \u00absiempre se mantuvo abismal la diferencia\u00bb.<br \/>\nEn ese sentido, consider\u00f3 que \u00abeso demuestra que quien m\u00e1s va a hacer la consulta en anticoncepci\u00f3n es la mujer y es para quien tenemos una oferta de m\u00e9todos m\u00e1s grande para darle. Para el var\u00f3n, hablamos del preservativo como m\u00e9todo compartido para ambos, pero no tenemos m\u00e1s\u00bb.<\/p>\n<p>\u00abExcelente\u00bb.<br \/>\n\u00abLa oferta que tiene la mujer es mucho m\u00e1s amplia, donde tambi\u00e9n pone el cuerpo. Entonces, desde el var\u00f3n acompa\u00f1ar esto est\u00e1 bueno cuando decide no tener m\u00e1s hijos, es un m\u00e9todo excelente para el var\u00f3n. Adem\u00e1s, en esto tambi\u00e9n, si hay un embarazo que no fue planificado, es la mujer la que tiene que decidir interrumpirlo, poner su cuerpo y acceder a la pr\u00e1ctica. El var\u00f3n queda relegado a una o dos cuestiones, y nada m\u00e1s. Pero si eso lo pudiera garantizar favorecer\u00eda much\u00edsimo\u00bb, indic\u00f3.<\/p>\n<p>Por estos motivos, comparti\u00f3 la idea de que se requiere un cambio cultural para igualar las cifras y afirm\u00f3 que desde Salud \u00abhay que seguir trabajando mucho m\u00e1s para equiparar, en ese camino estamos\u00bb.<br \/>\nPor estos motivos, se\u00f1al\u00f3 que es importante realizar \u00abun trabajo hacia adentro con los equipos de salud para que lo empiecen a ofrecer. Para la comunidad tendr\u00edamos que hacer m\u00e1s campa\u00f1a y visibilizarlo m\u00e1s\u00bb.<\/p>\n<p>Un pr\u00e1ctica a\u00fan rodeada de mitos<br \/>\nLa vasectom\u00eda es un pr\u00e1ctica anticonceptiva que esta rodeada de mitos que se basan en la desinformaci\u00f3n. La intervenci\u00f3n es ambulatoria, con la aplicaci\u00f3n de una anestesia local en la zona. Luego, el procedimiento no dura m\u00e1s de 40 minutos y consiste en la realizaci\u00f3n de dos incisiones en los test\u00edculos, se busca los dos conductos deferentes, se los liga y corta por separado. De esta manera, los espermatozoides quedan en los test\u00edculos y no llegan al semen.<br \/>\nAnte esto, Jacobi afirm\u00f3 que es necesario \u00abtrabajar m\u00e1s para que el var\u00f3n le pierda miedo\u00bb, debido a que \u00abcuando ya decide que no quiere tener m\u00e1s hijos, la vasectom\u00eda es un m\u00e9todo accesible y que no es doloroso\u00bb.<br \/>\n\u00abHay mucho mito sobre que puede generar impotencia o alguna cuesti\u00f3n. Nada que ver, es algo local que hace que no pasen m\u00e1s los espermatozoides. Despu\u00e9s, el resto del proceso fisiol\u00f3gico de la sexualidad del var\u00f3n sigue intacta\u00bb, agreg\u00f3.<\/p>\n<p>\u00abHay que seguir trabajando sobre esas barreras y esos mitos, y empezar a ponerlo m\u00e1s sobre la mesa para que accedan a este m\u00e9todo\u00bb, continu\u00f3.<br \/>\nDe todas maneras, tambi\u00e9n indic\u00f3 que en muchas ocasiones \u00abel mito o ese tab\u00fa empieza a veces con los mismos equipos que no lo ofrecen\u00bb. Por estos motivos, \u00abse hace un fuerte trabajo para que se ofrezca como una de las posibilidades\u00bb en cada consulta.<br \/>\n\u00abNosotros estamos detr\u00e1s de los equipos y de los efectores de salud para que se visibilice y se proponga, es un trabajo que nos lleva tiempo. Siempre tenemos que estar reforzando y recordando que esta oferta est\u00e1, porque la ley est\u00e1\u00bb, a\u00f1adi\u00f3.<\/p>\n<p>\u00abNo es algo dif\u00edcil de acceder, es uno de los temas de salud sexual como todos los otros que tenemos. Hay listas de espera, pero se garantiza que el paciente acceda a otro m\u00e9todo anticonceptivo mientras espera\u00bb, precis\u00f3.<br \/>\nPara Jacobi, \u00abser\u00eda ut\u00f3pico\u00bb pensar que en el corto plazo las cifras se van a poder equiparar. De todos modos, resalt\u00f3 que \u00abeste incremento nos gratifica y nos hace apostar a seguir trabajando m\u00e1s con los equipos, seguir reforzando y garantizando esto\u00bb.<br \/>\nA su vez, remarc\u00f3 la necesidad de poder aportar desde todos los \u00e1mbitos posibles \u00abpara que se vea esto, que la responsabilidad es compartida y que el var\u00f3n tambi\u00e9n puede y debe elegir un m\u00e9todo anticonceptivo\u00bb.<\/p>\n<p>Obligaci\u00f3n de garantizarla<br \/>\nDesde 2006, la anticoncepci\u00f3n quir\u00fargica, en donde se inscribe la vasectom\u00eda, tambi\u00e9n forma parte del Programa M\u00e9dico Obligatorio (PMO) con cobertura total. Es decir, que las obras sociales o prepagas deben cubrir el 100 % de la pr\u00e1ctica (Resoluci\u00f3n 755\/2006). En caso de no poder dar respuesta a la demanda, los servicios de salud deben garantizar la derivaci\u00f3n oportuna a un efector de salud en donde sea posible realizar la pr\u00e1ctica, informaron desde el Programa Nacional de Salud Sexual y Procreaci\u00f3n Responsable al portal P\u00e1gina 12.<\/p>\n<p>&nbsp;<\/p>\n<p><a href=\"http:\/\/www.laarena.com.ar\/\">La Arena<\/a><\/p>\n<p>&nbsp;<\/p>\n<p><a href=\"https:\/\/diariofemenino.com.ar\/\">Diario Digital Femenino<\/a><\/p>\n","protected":false},"excerpt":{"rendered":"<p>El n\u00famero de vasectom\u00edas realizadas en la provincia de La Pampa aument\u00f3 considerablemente en los \u00faltimos a\u00f1os, seg\u00fan las estad\u00edsticas del Ministerio de Salud de la provincia de La Pampa. De todas maneras, a\u00fan existe una \u00abinequidad entre el acceso a la ligadura y la vasectom\u00eda\u00bb, lo que refleja que la responsabilidad de la planificaci\u00f3n [&hellip;]<\/p>\n","protected":false},"author":4,"featured_media":46043,"comment_status":"open","ping_status":"open","sticky":false,"template":"","format":"standard","meta":{"iawp_total_views":5,"footnotes":""},"categories":[7,581,23],"tags":[1649,439,649],"class_list":["post-46042","post","type-post","status-publish","format-standard","has-post-thumbnail","hentry","category-actividades","category-azul-profundo","category-salud","tag-1649","tag-la-pampa","tag-vasectomia"],"nelio_content":{"autoShareEndMode":"never","automationSources":{"useCustomSentences":false,"customSentences":[]},"efiAlt":"","efiUrl":"","followers":[4],"highlights":[],"isAutoShareEnabled":true,"networkImageIds":[],"permalinkQueryArgs":[],"series":[],"suggestedReferences":[]},"yoast_head":"<!-- This site is optimized with the Yoast SEO plugin v27.5 - https:\/\/yoast.com\/product\/yoast-seo-wordpress\/ -->\n<title>En 2019 creci\u00f3 considerablemente la pr\u00e1ctica de vasectom\u00edas - Diario Digital Femenino<\/title>\n<meta name=\"description\" content=\"Vasectom\u00edas. El n\u00famero de vasectom\u00edas realizadas en la provincia de La Pampa aument\u00f3 considerablemente en los \u00faltimos a\u00f1os\" \/>\n<meta name=\"robots\" content=\"index, follow, max-snippet:-1, max-image-preview:large, max-video-preview:-1\" \/>\n<link rel=\"canonical\" href=\"https:\/\/diariofemenino.com.ar\/df\/vasectomias\/\" \/>\n<meta property=\"og:locale\" content=\"es_ES\" \/>\n<meta property=\"og:type\" content=\"article\" \/>\n<meta property=\"og:title\" content=\"En 2019 creci\u00f3 considerablemente la pr\u00e1ctica de vasectom\u00edas - Diario Digital Femenino\" \/>\n<meta property=\"og:description\" content=\"Vasectom\u00edas. El n\u00famero de vasectom\u00edas realizadas en la provincia de La Pampa aument\u00f3 considerablemente en los \u00faltimos a\u00f1os\" \/>\n<meta property=\"og:url\" content=\"https:\/\/diariofemenino.com.ar\/df\/vasectomias\/\" \/>\n<meta property=\"og:site_name\" content=\"Diario Digital Femenino\" \/>\n<meta property=\"article:publisher\" content=\"https:\/\/www.facebook.com\/DiarioDigitaFemenino\/\" \/>\n<meta property=\"article:published_time\" content=\"2020-02-04T12:46:14+00:00\" \/>\n<meta property=\"og:image\" content=\"https:\/\/diariofemenino.com.ar\/df\/wp-content\/uploads\/2020\/02\/01-vACa1253ee1.jpg\" \/>\n\t<meta property=\"og:image:width\" content=\"696\" \/>\n\t<meta property=\"og:image:height\" content=\"492\" \/>\n\t<meta property=\"og:image:type\" content=\"image\/jpeg\" \/>\n<meta name=\"author\" content=\"Admin\" \/>\n<meta name=\"twitter:card\" content=\"summary_large_image\" \/>\n<meta name=\"twitter:creator\" content=\"@DiarioFemenino1\" \/>\n<meta name=\"twitter:site\" content=\"@DiarioFemenino1\" \/>\n<meta name=\"twitter:label1\" content=\"Escrito por\" \/>\n\t<meta name=\"twitter:data1\" content=\"Admin\" \/>\n\t<meta name=\"twitter:label2\" content=\"Tiempo de lectura\" \/>\n\t<meta name=\"twitter:data2\" content=\"6 minutos\" \/>\n<script type=\"application\/ld+json\" class=\"yoast-schema-graph\">{\"@context\":\"https:\\\/\\\/schema.org\",\"@graph\":[{\"@type\":\"Article\",\"@id\":\"https:\\\/\\\/diariofemenino.com.ar\\\/df\\\/vasectomias\\\/#article\",\"isPartOf\":{\"@id\":\"https:\\\/\\\/diariofemenino.com.ar\\\/df\\\/vasectomias\\\/\"},\"author\":{\"name\":\"Admin\",\"@id\":\"https:\\\/\\\/diariofemenino.com.ar\\\/df\\\/#\\\/schema\\\/person\\\/bf6199e8158c657ea6f789b11ec85509\"},\"headline\":\"En 2019 creci\u00f3 considerablemente la pr\u00e1ctica de vasectom\u00edas\",\"datePublished\":\"2020-02-04T12:46:14+00:00\",\"mainEntityOfPage\":{\"@id\":\"https:\\\/\\\/diariofemenino.com.ar\\\/df\\\/vasectomias\\\/\"},\"wordCount\":1205,\"commentCount\":0,\"publisher\":{\"@id\":\"https:\\\/\\\/diariofemenino.com.ar\\\/df\\\/#organization\"},\"image\":{\"@id\":\"https:\\\/\\\/diariofemenino.com.ar\\\/df\\\/vasectomias\\\/#primaryimage\"},\"thumbnailUrl\":\"https:\\\/\\\/diariofemenino.com.ar\\\/df\\\/wp-content\\\/uploads\\\/2020\\\/02\\\/01-vACa1253ee1.jpg\",\"keywords\":[\"2019\",\"La Pampa\",\"vasectomia\"],\"articleSection\":[\"Actividades\",\"Azul Profundo\",\"Salud\"],\"inLanguage\":\"es\",\"potentialAction\":[{\"@type\":\"CommentAction\",\"name\":\"Comment\",\"target\":[\"https:\\\/\\\/diariofemenino.com.ar\\\/df\\\/vasectomias\\\/#respond\"]}]},{\"@type\":\"WebPage\",\"@id\":\"https:\\\/\\\/diariofemenino.com.ar\\\/df\\\/vasectomias\\\/\",\"url\":\"https:\\\/\\\/diariofemenino.com.ar\\\/df\\\/vasectomias\\\/\",\"name\":\"En 2019 creci\u00f3 considerablemente la pr\u00e1ctica de vasectom\u00edas - Diario Digital Femenino\",\"isPartOf\":{\"@id\":\"https:\\\/\\\/diariofemenino.com.ar\\\/df\\\/#website\"},\"primaryImageOfPage\":{\"@id\":\"https:\\\/\\\/diariofemenino.com.ar\\\/df\\\/vasectomias\\\/#primaryimage\"},\"image\":{\"@id\":\"https:\\\/\\\/diariofemenino.com.ar\\\/df\\\/vasectomias\\\/#primaryimage\"},\"thumbnailUrl\":\"https:\\\/\\\/diariofemenino.com.ar\\\/df\\\/wp-content\\\/uploads\\\/2020\\\/02\\\/01-vACa1253ee1.jpg\",\"datePublished\":\"2020-02-04T12:46:14+00:00\",\"description\":\"Vasectom\u00edas. El n\u00famero de vasectom\u00edas realizadas en la provincia de La Pampa aument\u00f3 considerablemente en los \u00faltimos a\u00f1os\",\"breadcrumb\":{\"@id\":\"https:\\\/\\\/diariofemenino.com.ar\\\/df\\\/vasectomias\\\/#breadcrumb\"},\"inLanguage\":\"es\",\"potentialAction\":[{\"@type\":\"ReadAction\",\"target\":[\"https:\\\/\\\/diariofemenino.com.ar\\\/df\\\/vasectomias\\\/\"]}]},{\"@type\":\"ImageObject\",\"inLanguage\":\"es\",\"@id\":\"https:\\\/\\\/diariofemenino.com.ar\\\/df\\\/vasectomias\\\/#primaryimage\",\"url\":\"https:\\\/\\\/diariofemenino.com.ar\\\/df\\\/wp-content\\\/uploads\\\/2020\\\/02\\\/01-vACa1253ee1.jpg\",\"contentUrl\":\"https:\\\/\\\/diariofemenino.com.ar\\\/df\\\/wp-content\\\/uploads\\\/2020\\\/02\\\/01-vACa1253ee1.jpg\",\"width\":696,\"height\":492,\"caption\":\"En 2019 creci\u00f3 considerablemente la pr\u00e1ctica de vasectom\u00edas\"},{\"@type\":\"BreadcrumbList\",\"@id\":\"https:\\\/\\\/diariofemenino.com.ar\\\/df\\\/vasectomias\\\/#breadcrumb\",\"itemListElement\":[{\"@type\":\"ListItem\",\"position\":1,\"name\":\"Portada\",\"item\":\"https:\\\/\\\/diariofemenino.com.ar\\\/df\\\/\"},{\"@type\":\"ListItem\",\"position\":2,\"name\":\"En 2019 creci\u00f3 considerablemente la pr\u00e1ctica de vasectom\u00edas\"}]},{\"@type\":\"WebSite\",\"@id\":\"https:\\\/\\\/diariofemenino.com.ar\\\/df\\\/#website\",\"url\":\"https:\\\/\\\/diariofemenino.com.ar\\\/df\\\/\",\"name\":\"Diario Digital Femenino\",\"description\":\"Cuesti\u00f3n de G\u00e9nero\",\"publisher\":{\"@id\":\"https:\\\/\\\/diariofemenino.com.ar\\\/df\\\/#organization\"},\"potentialAction\":[{\"@type\":\"SearchAction\",\"target\":{\"@type\":\"EntryPoint\",\"urlTemplate\":\"https:\\\/\\\/diariofemenino.com.ar\\\/df\\\/?s={search_term_string}\"},\"query-input\":{\"@type\":\"PropertyValueSpecification\",\"valueRequired\":true,\"valueName\":\"search_term_string\"}}],\"inLanguage\":\"es\"},{\"@type\":\"Organization\",\"@id\":\"https:\\\/\\\/diariofemenino.com.ar\\\/df\\\/#organization\",\"name\":\"Diario Femenino\",\"url\":\"https:\\\/\\\/diariofemenino.com.ar\\\/df\\\/\",\"logo\":{\"@type\":\"ImageObject\",\"inLanguage\":\"es\",\"@id\":\"https:\\\/\\\/diariofemenino.com.ar\\\/df\\\/#\\\/schema\\\/logo\\\/image\\\/\",\"url\":\"https:\\\/\\\/diariofemenino.com.ar\\\/df\\\/wp-content\\\/uploads\\\/2018\\\/10\\\/logo.png\",\"contentUrl\":\"https:\\\/\\\/diariofemenino.com.ar\\\/df\\\/wp-content\\\/uploads\\\/2018\\\/10\\\/logo.png\",\"width\":500,\"height\":92,\"caption\":\"Diario Femenino\"},\"image\":{\"@id\":\"https:\\\/\\\/diariofemenino.com.ar\\\/df\\\/#\\\/schema\\\/logo\\\/image\\\/\"},\"sameAs\":[\"https:\\\/\\\/www.facebook.com\\\/DiarioDigitaFemenino\\\/\",\"https:\\\/\\\/x.com\\\/DiarioFemenino1\"]},{\"@type\":\"Person\",\"@id\":\"https:\\\/\\\/diariofemenino.com.ar\\\/df\\\/#\\\/schema\\\/person\\\/bf6199e8158c657ea6f789b11ec85509\",\"name\":\"Admin\",\"image\":{\"@type\":\"ImageObject\",\"inLanguage\":\"es\",\"@id\":\"https:\\\/\\\/diariofemenino.com.ar\\\/df\\\/wp-content\\\/uploads\\\/2018\\\/12\\\/favicon-150x150.jpg\",\"url\":\"https:\\\/\\\/diariofemenino.com.ar\\\/df\\\/wp-content\\\/uploads\\\/2018\\\/12\\\/favicon-150x150.jpg\",\"contentUrl\":\"https:\\\/\\\/diariofemenino.com.ar\\\/df\\\/wp-content\\\/uploads\\\/2018\\\/12\\\/favicon-150x150.jpg\",\"caption\":\"Admin\"},\"url\":\"https:\\\/\\\/diariofemenino.com.ar\\\/df\\\/author\\\/lenny\\\/\"}]}<\/script>\n<!-- \/ Yoast SEO plugin. -->","yoast_head_json":{"title":"En 2019 creci\u00f3 considerablemente la pr\u00e1ctica de vasectom\u00edas - Diario Digital Femenino","description":"Vasectom\u00edas. El n\u00famero de vasectom\u00edas realizadas en la provincia de La Pampa aument\u00f3 considerablemente en los \u00faltimos a\u00f1os","robots":{"index":"index","follow":"follow","max-snippet":"max-snippet:-1","max-image-preview":"max-image-preview:large","max-video-preview":"max-video-preview:-1"},"canonical":"https:\/\/diariofemenino.com.ar\/df\/vasectomias\/","og_locale":"es_ES","og_type":"article","og_title":"En 2019 creci\u00f3 considerablemente la pr\u00e1ctica de vasectom\u00edas - Diario Digital Femenino","og_description":"Vasectom\u00edas. El n\u00famero de vasectom\u00edas realizadas en la provincia de La Pampa aument\u00f3 considerablemente en los \u00faltimos a\u00f1os","og_url":"https:\/\/diariofemenino.com.ar\/df\/vasectomias\/","og_site_name":"Diario Digital Femenino","article_publisher":"https:\/\/www.facebook.com\/DiarioDigitaFemenino\/","article_published_time":"2020-02-04T12:46:14+00:00","og_image":[{"width":696,"height":492,"url":"https:\/\/diariofemenino.com.ar\/df\/wp-content\/uploads\/2020\/02\/01-vACa1253ee1.jpg","type":"image\/jpeg"}],"author":"Admin","twitter_card":"summary_large_image","twitter_creator":"@DiarioFemenino1","twitter_site":"@DiarioFemenino1","twitter_misc":{"Escrito por":"Admin","Tiempo de lectura":"6 minutos"},"schema":{"@context":"https:\/\/schema.org","@graph":[{"@type":"Article","@id":"https:\/\/diariofemenino.com.ar\/df\/vasectomias\/#article","isPartOf":{"@id":"https:\/\/diariofemenino.com.ar\/df\/vasectomias\/"},"author":{"name":"Admin","@id":"https:\/\/diariofemenino.com.ar\/df\/#\/schema\/person\/bf6199e8158c657ea6f789b11ec85509"},"headline":"En 2019 creci\u00f3 considerablemente la pr\u00e1ctica de vasectom\u00edas","datePublished":"2020-02-04T12:46:14+00:00","mainEntityOfPage":{"@id":"https:\/\/diariofemenino.com.ar\/df\/vasectomias\/"},"wordCount":1205,"commentCount":0,"publisher":{"@id":"https:\/\/diariofemenino.com.ar\/df\/#organization"},"image":{"@id":"https:\/\/diariofemenino.com.ar\/df\/vasectomias\/#primaryimage"},"thumbnailUrl":"https:\/\/diariofemenino.com.ar\/df\/wp-content\/uploads\/2020\/02\/01-vACa1253ee1.jpg","keywords":["2019","La Pampa","vasectomia"],"articleSection":["Actividades","Azul Profundo","Salud"],"inLanguage":"es","potentialAction":[{"@type":"CommentAction","name":"Comment","target":["https:\/\/diariofemenino.com.ar\/df\/vasectomias\/#respond"]}]},{"@type":"WebPage","@id":"https:\/\/diariofemenino.com.ar\/df\/vasectomias\/","url":"https:\/\/diariofemenino.com.ar\/df\/vasectomias\/","name":"En 2019 creci\u00f3 considerablemente la pr\u00e1ctica de vasectom\u00edas - Diario Digital Femenino","isPartOf":{"@id":"https:\/\/diariofemenino.com.ar\/df\/#website"},"primaryImageOfPage":{"@id":"https:\/\/diariofemenino.com.ar\/df\/vasectomias\/#primaryimage"},"image":{"@id":"https:\/\/diariofemenino.com.ar\/df\/vasectomias\/#primaryimage"},"thumbnailUrl":"https:\/\/diariofemenino.com.ar\/df\/wp-content\/uploads\/2020\/02\/01-vACa1253ee1.jpg","datePublished":"2020-02-04T12:46:14+00:00","description":"Vasectom\u00edas. El n\u00famero de vasectom\u00edas realizadas en la provincia de La Pampa aument\u00f3 considerablemente en los \u00faltimos a\u00f1os","breadcrumb":{"@id":"https:\/\/diariofemenino.com.ar\/df\/vasectomias\/#breadcrumb"},"inLanguage":"es","potentialAction":[{"@type":"ReadAction","target":["https:\/\/diariofemenino.com.ar\/df\/vasectomias\/"]}]},{"@type":"ImageObject","inLanguage":"es","@id":"https:\/\/diariofemenino.com.ar\/df\/vasectomias\/#primaryimage","url":"https:\/\/diariofemenino.com.ar\/df\/wp-content\/uploads\/2020\/02\/01-vACa1253ee1.jpg","contentUrl":"https:\/\/diariofemenino.com.ar\/df\/wp-content\/uploads\/2020\/02\/01-vACa1253ee1.jpg","width":696,"height":492,"caption":"En 2019 creci\u00f3 considerablemente la pr\u00e1ctica de vasectom\u00edas"},{"@type":"BreadcrumbList","@id":"https:\/\/diariofemenino.com.ar\/df\/vasectomias\/#breadcrumb","itemListElement":[{"@type":"ListItem","position":1,"name":"Portada","item":"https:\/\/diariofemenino.com.ar\/df\/"},{"@type":"ListItem","position":2,"name":"En 2019 creci\u00f3 considerablemente la pr\u00e1ctica de vasectom\u00edas"}]},{"@type":"WebSite","@id":"https:\/\/diariofemenino.com.ar\/df\/#website","url":"https:\/\/diariofemenino.com.ar\/df\/","name":"Diario Digital Femenino","description":"Cuesti\u00f3n de G\u00e9nero","publisher":{"@id":"https:\/\/diariofemenino.com.ar\/df\/#organization"},"potentialAction":[{"@type":"SearchAction","target":{"@type":"EntryPoint","urlTemplate":"https:\/\/diariofemenino.com.ar\/df\/?s={search_term_string}"},"query-input":{"@type":"PropertyValueSpecification","valueRequired":true,"valueName":"search_term_string"}}],"inLanguage":"es"},{"@type":"Organization","@id":"https:\/\/diariofemenino.com.ar\/df\/#organization","name":"Diario Femenino","url":"https:\/\/diariofemenino.com.ar\/df\/","logo":{"@type":"ImageObject","inLanguage":"es","@id":"https:\/\/diariofemenino.com.ar\/df\/#\/schema\/logo\/image\/","url":"https:\/\/diariofemenino.com.ar\/df\/wp-content\/uploads\/2018\/10\/logo.png","contentUrl":"https:\/\/diariofemenino.com.ar\/df\/wp-content\/uploads\/2018\/10\/logo.png","width":500,"height":92,"caption":"Diario Femenino"},"image":{"@id":"https:\/\/diariofemenino.com.ar\/df\/#\/schema\/logo\/image\/"},"sameAs":["https:\/\/www.facebook.com\/DiarioDigitaFemenino\/","https:\/\/x.com\/DiarioFemenino1"]},{"@type":"Person","@id":"https:\/\/diariofemenino.com.ar\/df\/#\/schema\/person\/bf6199e8158c657ea6f789b11ec85509","name":"Admin","image":{"@type":"ImageObject","inLanguage":"es","@id":"https:\/\/diariofemenino.com.ar\/df\/wp-content\/uploads\/2018\/12\/favicon-150x150.jpg","url":"https:\/\/diariofemenino.com.ar\/df\/wp-content\/uploads\/2018\/12\/favicon-150x150.jpg","contentUrl":"https:\/\/diariofemenino.com.ar\/df\/wp-content\/uploads\/2018\/12\/favicon-150x150.jpg","caption":"Admin"},"url":"https:\/\/diariofemenino.com.ar\/df\/author\/lenny\/"}]}},"jetpack_featured_media_url":"https:\/\/diariofemenino.com.ar\/df\/wp-content\/uploads\/2020\/02\/01-vACa1253ee1.jpg","jetpack_sharing_enabled":true,"rttpg_featured_image_url":{"full":["https:\/\/diariofemenino.com.ar\/df\/wp-content\/uploads\/2020\/02\/01-vACa1253ee1.jpg",696,492,false],"landscape":["https:\/\/diariofemenino.com.ar\/df\/wp-content\/uploads\/2020\/02\/01-vACa1253ee1.jpg",696,492,false],"portraits":["https:\/\/diariofemenino.com.ar\/df\/wp-content\/uploads\/2020\/02\/01-vACa1253ee1.jpg",696,492,false],"thumbnail":["https:\/\/diariofemenino.com.ar\/df\/wp-content\/uploads\/2020\/02\/01-vACa1253ee1-150x150.jpg",150,150,true],"medium":["https:\/\/diariofemenino.com.ar\/df\/wp-content\/uploads\/2020\/02\/01-vACa1253ee1-300x212.jpg",300,212,true],"large":["https:\/\/diariofemenino.com.ar\/df\/wp-content\/uploads\/2020\/02\/01-vACa1253ee1.jpg",696,492,false],"1536x1536":["https:\/\/diariofemenino.com.ar\/df\/wp-content\/uploads\/2020\/02\/01-vACa1253ee1.jpg",696,492,false],"2048x2048":["https:\/\/diariofemenino.com.ar\/df\/wp-content\/uploads\/2020\/02\/01-vACa1253ee1.jpg",696,492,false]},"rttpg_author":{"display_name":"Admin","author_link":"https:\/\/diariofemenino.com.ar\/df\/author\/lenny\/"},"rttpg_comment":0,"rttpg_category":"<a href=\"https:\/\/diariofemenino.com.ar\/df\/category\/actividades\/\" rel=\"category tag\">Actividades<\/a> <a href=\"https:\/\/diariofemenino.com.ar\/df\/category\/azul-profundo\/\" rel=\"category tag\">Azul Profundo<\/a> <a href=\"https:\/\/diariofemenino.com.ar\/df\/category\/salud\/\" rel=\"category tag\">Salud<\/a>","rttpg_excerpt":"El n\u00famero de vasectom\u00edas realizadas en la provincia de La Pampa aument\u00f3 considerablemente en los \u00faltimos a\u00f1os, seg\u00fan las estad\u00edsticas del Ministerio de Salud de la provincia de La Pampa. De todas maneras, a\u00fan existe una \u00abinequidad entre el acceso a la ligadura y la vasectom\u00eda\u00bb, lo que refleja que la responsabilidad de la planificaci\u00f3n&hellip;","_links":{"self":[{"href":"https:\/\/diariofemenino.com.ar\/df\/wp-json\/wp\/v2\/posts\/46042","targetHints":{"allow":["GET"]}}],"collection":[{"href":"https:\/\/diariofemenino.com.ar\/df\/wp-json\/wp\/v2\/posts"}],"about":[{"href":"https:\/\/diariofemenino.com.ar\/df\/wp-json\/wp\/v2\/types\/post"}],"author":[{"embeddable":true,"href":"https:\/\/diariofemenino.com.ar\/df\/wp-json\/wp\/v2\/users\/4"}],"replies":[{"embeddable":true,"href":"https:\/\/diariofemenino.com.ar\/df\/wp-json\/wp\/v2\/comments?post=46042"}],"version-history":[{"count":0,"href":"https:\/\/diariofemenino.com.ar\/df\/wp-json\/wp\/v2\/posts\/46042\/revisions"}],"wp:featuredmedia":[{"embeddable":true,"href":"https:\/\/diariofemenino.com.ar\/df\/wp-json\/wp\/v2\/media\/46043"}],"wp:attachment":[{"href":"https:\/\/diariofemenino.com.ar\/df\/wp-json\/wp\/v2\/media?parent=46042"}],"wp:term":[{"taxonomy":"category","embeddable":true,"href":"https:\/\/diariofemenino.com.ar\/df\/wp-json\/wp\/v2\/categories?post=46042"},{"taxonomy":"post_tag","embeddable":true,"href":"https:\/\/diariofemenino.com.ar\/df\/wp-json\/wp\/v2\/tags?post=46042"}],"curies":[{"name":"wp","href":"https:\/\/api.w.org\/{rel}","templated":true}]}}