{"id":46018,"date":"2020-02-03T10:48:52","date_gmt":"2020-02-03T13:48:52","guid":{"rendered":"https:\/\/diariofemenino.com.ar\/?p=46018"},"modified":"2020-02-03T10:48:52","modified_gmt":"2020-02-03T13:48:52","slug":"escritoras-negras","status":"publish","type":"post","link":"https:\/\/diariofemenino.com.ar\/df\/escritoras-negras\/","title":{"rendered":"Una lista de algunas escritoras negras que deber\u00edas leer"},"content":{"rendered":"<p>Escritoras negras<\/p>\n<p>Febrero es el Mes de la Historia Negra. Te recomendamos que compres escritorxs afrodescendientes o africanos y para darles el lugar que se merecen. <a href=\"https:\/\/afrofeminas.com\/\">AFROF\u00c9MINAS<\/a><\/p>\n<p><strong>Seguro que has o\u00eddo hablar de activistas famosas como\u00a0<a href=\"https:\/\/afrofeminas.com\/2014\/03\/05\/harriet-tubman-una-mujer-llamada-moises\/\" target=\"_blank\" rel=\"noreferrer noopener\" aria-label=\"Harriet Tubman (abre en una nueva pesta\u00f1a)\">Harriet Tubman<\/a>,\u00a0<a href=\"https:\/\/afrofeminas.com\/2019\/08\/21\/angela-davis-sojourner-truth-machismo-y-racismo-sufragista\/\" target=\"_blank\" rel=\"noreferrer noopener\" aria-label=\"Sojourner Truth (abre en una nueva pesta\u00f1a)\">Sojourner Truth<\/a>, Rosa Parks, Daisy Bates, Ella Baker, Fannie Lou Hamer, Coretta Scott King y\u00a0<a href=\"https:\/\/afrofeminas.com\/2016\/02\/15\/angela-davis-enemiga-del-sol\/\" target=\"_blank\" rel=\"noreferrer noopener\" aria-label=\"Angela Davis (abre en una nueva pesta\u00f1a)\">Angela Davis<\/a>, por mencionar solo algunas mujeres negras que participaron en el movimiento de derechos civiles en los Estados Unidos de America.<\/strong><\/p>\n<p>Las mujeres negras han desempe\u00f1ado un papel fundamental y heroico en la lucha por los derechos civiles y el surgimiento de los movimientos negros al ser activistas y escritoras.<\/p>\n<p>La participaci\u00f3n de la escritora negra en la literatura se remonta a la d\u00e9cada de 1950. Una vez que se dieron cuenta de sus poderes y de la liberaci\u00f3n de s\u00ed mismas, los usaron para representar y expandir la literatura negra como una alianza para la lucha.<\/p>\n<p><strong>Margaret Walker<\/strong>,\u00a0<strong>Ntozake Shange<\/strong>,\u00a0<strong>Gayl Jone<\/strong>s,<strong>\u00a0Nikki Giovanni<\/strong>,\u00a0<strong>Sonia Sanchez<\/strong>,\u00a0<strong>June Jordan<\/strong>,\u00a0<strong>Toni Cade Bambara<\/strong>,\u00a0<strong>Alice Walker<\/strong>,\u00a0<strong>Mari Evans<\/strong>\u00a0y muchas otras fueron parte de los escritoras que construyeron literatura negra en los Estados Unidos para abordar temas como g\u00e9nero, raza , sexualidad, violencia, patriarcal, misoginia, migraci\u00f3n, etc.<\/p>\n<p>Puede ser interminable compilar en una sola lista a todas las distinguidas escritoras negras porque son muchas. Sin embargo, despu\u00e9s de leer algunos de estas escritoras que enumer\u00e9 antes, decid\u00ed extender mi investigaci\u00f3n a otras nuevas y pedirles a mis amigos sus recomendaciones de otras escritoras negras.<\/p>\n<p>\u00bfCu\u00e1nta literatura escrita por escritoras negras has le\u00eddo?<\/p>\n<p>La siguiente lista contiene 20 escritoras negras de diferentes generaciones, pa\u00edses y continentes que me han influenciado porque son mujeres de mi misma racializaci\u00f3n, tienen experiencias similares a las m\u00edas y evocan mis emociones. Espero que puedas leer a alguna de ellas porque todos son dignas de tu tiempo; elige tus favoritas, investiga y comparte esta lista con otros.<\/p>\n<p><strong>Ay\u00f2b\u00e1mi Ad\u00e9b\u00e1y\u00f2\u00a0<\/strong>(1988) naci\u00f3 en Lagos, Nigeria (\u00c1frica), pero en poco tiempo su familia se mud\u00f3 al estado de Osun, ubicado en el suroeste.<\/p>\n<div class=\"wp-block-image\">\n<figure class=\"aligncenter size-large\">\n<p><figure id=\"attachment_29023\" aria-describedby=\"caption-attachment-29023\" style=\"width: 640px\" class=\"wp-caption alignnone\"><img loading=\"lazy\" decoding=\"async\" class=\"wp-image-29023\" src=\"https:\/\/i1.wp.com\/afrofeminas.com\/wp-content\/uploads\/2019\/10\/Ay%C3%B2b%C3%A1mi-Ad%C3%A9b%C3%A1y%C3%B2.jpg?w=790&amp;ssl=1\" alt=\"Una lista de algunas escritoras negras que deber\u00edas leer \" width=\"640\" height=\"360\" data-attachment-id=\"29023\" data-permalink=\"https:\/\/afrofeminas.com\/2019\/10\/15\/una-lista-de-algunas-escritoras-negras-que-deberias-leer-i\/ayobami-adebayo\/\" data-orig-file=\"https:\/\/i1.wp.com\/afrofeminas.com\/wp-content\/uploads\/2019\/10\/Ay\u00f2b\u00e1mi-Ad\u00e9b\u00e1y\u00f2.jpg?fit=640%2C360&amp;ssl=1\" data-orig-size=\"640,360\" data-comments-opened=\"1\" data-image-meta=\"{&quot;aperture&quot;:&quot;0&quot;,&quot;credit&quot;:&quot;&quot;,&quot;camera&quot;:&quot;&quot;,&quot;caption&quot;:&quot;&quot;,&quot;created_timestamp&quot;:&quot;0&quot;,&quot;copyright&quot;:&quot;&quot;,&quot;focal_length&quot;:&quot;0&quot;,&quot;iso&quot;:&quot;0&quot;,&quot;shutter_speed&quot;:&quot;0&quot;,&quot;title&quot;:&quot;&quot;,&quot;orientation&quot;:&quot;0&quot;}\" data-image-title=\"Ay\u00f2b\u00e1mi-Ad\u00e9b\u00e1y\u00f2\" data-image-description=\"\" data-medium-file=\"https:\/\/i1.wp.com\/afrofeminas.com\/wp-content\/uploads\/2019\/10\/Ay\u00f2b\u00e1mi-Ad\u00e9b\u00e1y\u00f2.jpg?fit=300%2C169&amp;ssl=1\" data-large-file=\"https:\/\/i1.wp.com\/afrofeminas.com\/wp-content\/uploads\/2019\/10\/Ay\u00f2b\u00e1mi-Ad\u00e9b\u00e1y\u00f2.jpg?fit=640%2C360&amp;ssl=1\" \/><figcaption id=\"caption-attachment-29023\" class=\"wp-caption-text\">Una lista de algunas escritoras negras que deber\u00edas leer<\/figcaption><\/figure><\/figure>\n<\/div>\n<p>En 2017,\u00a0<strong>Canongate Books<\/strong>\u00a0public\u00f3 su novela\u00a0<em><strong>Stay with Me<\/strong><\/em>\u00a0que fue incluida de inmediato en el\u00a0<strong>Wellcome Book Prize<\/strong>, el\u00a0<strong>Baileys Women Prize for Fiction<\/strong>\u00a0y el\u00a0<strong>9mobile Prize for Literature<\/strong>.<\/p>\n<p>Muchos de los escritos de Ad\u00e9b\u00e1y\u00f3 han sido impresos en revistas y antolog\u00edas.<br \/>\nEl\u00a0<strong>New York Times<\/strong>\u00a0escribi\u00f3 una vez sobre ella: \u00abEscribe no solo con gracia extraordinaria sino con sabidur\u00eda genuina sobre el amor, la p\u00e9rdida y la posibilidad de la redenci\u00f3n\u00bb.<\/p>\n<p>Esta joven escritora estudi\u00f3 con\u00a0<strong>Margaret Atwood<\/strong>\u00a0y<strong>\u00a0<\/strong><a href=\"https:\/\/afrofeminas.com\/2014\/02\/17\/chimamanda-adichie-o-luchar-contra-la-historia-unica\/\" target=\"_blank\" rel=\"noreferrer noopener\" aria-label=\"Chimamanda Ngozi Adichie  (abre en una nueva pesta\u00f1a)\"><strong>Chimamanda Ngozi Adichie<\/strong>\u00a0<\/a>(1977), una de las escritoras negras m\u00e1s conocidas a nivel mundial.<\/p>\n<p>Ella naci\u00f3 y creci\u00f3 en el este de Nigeria, \u00c1frica, de una familia Igbo con seis hijos. Estudi\u00f3 en los Estados Unidos de Am\u00e9rica. Ella cuenta: \u00abMi compa\u00f1era de cuarto ten\u00eda una sola historia de \u00c1frica, una sola historia de cat\u00e1strofe y no hab\u00eda posibilidad de ser similar a ella de ninguna manera\u00bb.<\/p>\n<div class=\"wp-block-image\">\n<figure class=\"aligncenter size-large\">\n<p><figure id=\"attachment_6822\" aria-describedby=\"caption-attachment-6822\" style=\"width: 710px\" class=\"wp-caption alignnone\"><img loading=\"lazy\" decoding=\"async\" class=\"wp-image-6822\" src=\"https:\/\/i1.wp.com\/afrofeminas.com\/wp-content\/uploads\/2017\/03\/07-chimamanda-nocrop-w710-h2147483647.jpg?w=790&amp;ssl=1\" sizes=\"auto, (max-width: 710px) 100vw, 710px\" srcset=\"https:\/\/i1.wp.com\/afrofeminas.com\/wp-content\/uploads\/2017\/03\/07-chimamanda-nocrop-w710-h2147483647.jpg?w=710&amp;ssl=1 710w, https:\/\/i1.wp.com\/afrofeminas.com\/wp-content\/uploads\/2017\/03\/07-chimamanda-nocrop-w710-h2147483647.jpg?resize=300%2C225&amp;ssl=1 300w, https:\/\/i1.wp.com\/afrofeminas.com\/wp-content\/uploads\/2017\/03\/07-chimamanda-nocrop-w710-h2147483647.jpg?resize=600%2C450&amp;ssl=1 600w\" alt=\"Una lista de algunas escritoras negras que deber\u00edas leer \" width=\"710\" height=\"533\" data-attachment-id=\"6822\" data-permalink=\"https:\/\/afrofeminas.com\/2017\/03\/10\/chimamanda-adichie-creo-que-algunas-personas-no-conocen-el-pelo-afro-y-la-belleza-del-mismo\/07-chimamanda-nocrop-w710-h2147483647\/\" data-orig-file=\"https:\/\/i1.wp.com\/afrofeminas.com\/wp-content\/uploads\/2017\/03\/07-chimamanda-nocrop-w710-h2147483647.jpg?fit=710%2C533&amp;ssl=1\" data-orig-size=\"710,533\" data-comments-opened=\"1\" data-image-meta=\"{&quot;aperture&quot;:&quot;0&quot;,&quot;credit&quot;:&quot;&quot;,&quot;camera&quot;:&quot;&quot;,&quot;caption&quot;:&quot;&quot;,&quot;created_timestamp&quot;:&quot;0&quot;,&quot;copyright&quot;:&quot;&quot;,&quot;focal_length&quot;:&quot;0&quot;,&quot;iso&quot;:&quot;0&quot;,&quot;shutter_speed&quot;:&quot;0&quot;,&quot;title&quot;:&quot;&quot;,&quot;orientation&quot;:&quot;0&quot;}\" data-image-title=\"07-chimamanda-nocrop-w710-h2147483647\" data-image-description=\"\" data-medium-file=\"https:\/\/i1.wp.com\/afrofeminas.com\/wp-content\/uploads\/2017\/03\/07-chimamanda-nocrop-w710-h2147483647.jpg?fit=300%2C225&amp;ssl=1\" data-large-file=\"https:\/\/i1.wp.com\/afrofeminas.com\/wp-content\/uploads\/2017\/03\/07-chimamanda-nocrop-w710-h2147483647.jpg?fit=710%2C533&amp;ssl=1\" \/><figcaption id=\"caption-attachment-6822\" class=\"wp-caption-text\">Una lista de algunas escritoras negras que deber\u00edas leer<\/figcaption><\/figure><figcaption>Chimamanda Ngozi Adichie<\/figcaption><\/figure>\n<\/div>\n<p>Su trabajo ha sido traducido a casi treinta idiomas. Ella es la autora de\u00a0<em><strong>The Thing Around Your Neck<\/strong><\/em>,\u00a0<strong><em>Purple Hibiscus<\/em><\/strong>,\u00a0<strong><em>Half of a Yellow Sun<\/em><\/strong>,\u00a0<strong><em>Americanah<\/em><\/strong>, y\u00a0<strong><em>Todos deber\u00edamos ser feministas<\/em><\/strong>. Tambi\u00e9n ha publicado en grandes medios como\u00a0<strong>The New Yorker<\/strong>,\u00a0<strong>Financial Times<\/strong>,\u00a0<strong>Granta<\/strong>, etc. Recibi\u00f3 distinguidos premios como Hurston\/Wright Legacy Award, National Book Critics Circle, Women Prize for Fiction y otros.<\/p>\n<p>Un a\u00f1o antes,\u00a0<strong>Zadie Smith<\/strong>\u00a0(1975), tambi\u00e9n gan\u00f3 el prestigioso Women Prize for Fiction. Smith es una novelista, ensayista y escritora contempor\u00e1nea nacida en el noroeste de Londres de madre jamaicana y padre ingl\u00e9s. Ella tiene cuatro hermanos.<\/p>\n<figure class=\"wp-block-image size-large\">\n<p><figure id=\"attachment_29025\" aria-describedby=\"caption-attachment-29025\" style=\"width: 790px\" class=\"wp-caption alignnone\"><img loading=\"lazy\" decoding=\"async\" class=\"wp-image-29025\" src=\"https:\/\/i0.wp.com\/afrofeminas.com\/wp-content\/uploads\/2019\/10\/Zadie-Smith.jpg?w=790&amp;ssl=1\" sizes=\"auto, (max-width: 790px) 100vw, 790px\" srcset=\"https:\/\/i0.wp.com\/afrofeminas.com\/wp-content\/uploads\/2019\/10\/Zadie-Smith.jpg?w=1550&amp;ssl=1 1550w, https:\/\/i0.wp.com\/afrofeminas.com\/wp-content\/uploads\/2019\/10\/Zadie-Smith.jpg?resize=150%2C150&amp;ssl=1 150w, https:\/\/i0.wp.com\/afrofeminas.com\/wp-content\/uploads\/2019\/10\/Zadie-Smith.jpg?resize=300%2C300&amp;ssl=1 300w, https:\/\/i0.wp.com\/afrofeminas.com\/wp-content\/uploads\/2019\/10\/Zadie-Smith.jpg?resize=768%2C768&amp;ssl=1 768w, https:\/\/i0.wp.com\/afrofeminas.com\/wp-content\/uploads\/2019\/10\/Zadie-Smith.jpg?resize=1024%2C1024&amp;ssl=1 1024w, https:\/\/i0.wp.com\/afrofeminas.com\/wp-content\/uploads\/2019\/10\/Zadie-Smith.jpg?resize=450%2C450&amp;ssl=1 450w, https:\/\/i0.wp.com\/afrofeminas.com\/wp-content\/uploads\/2019\/10\/Zadie-Smith.jpg?resize=60%2C60&amp;ssl=1 60w, https:\/\/i0.wp.com\/afrofeminas.com\/wp-content\/uploads\/2019\/10\/Zadie-Smith.jpg?resize=550%2C550&amp;ssl=1 550w, https:\/\/i0.wp.com\/afrofeminas.com\/wp-content\/uploads\/2019\/10\/Zadie-Smith.jpg?resize=600%2C600&amp;ssl=1 600w, https:\/\/i0.wp.com\/afrofeminas.com\/wp-content\/uploads\/2019\/10\/Zadie-Smith.jpg?resize=100%2C100&amp;ssl=1 100w\" alt=\"Una lista de algunas escritoras negras que deber\u00edas leer \" width=\"790\" height=\"790\" data-attachment-id=\"29025\" data-permalink=\"https:\/\/afrofeminas.com\/2019\/10\/15\/una-lista-de-algunas-escritoras-negras-que-deberias-leer-i\/zadie-smith\/\" data-orig-file=\"https:\/\/i0.wp.com\/afrofeminas.com\/wp-content\/uploads\/2019\/10\/Zadie-Smith.jpg?fit=1550%2C1550&amp;ssl=1\" data-orig-size=\"1550,1550\" data-comments-opened=\"1\" data-image-meta=\"{&quot;aperture&quot;:&quot;0&quot;,&quot;credit&quot;:&quot;&quot;,&quot;camera&quot;:&quot;&quot;,&quot;caption&quot;:&quot;&quot;,&quot;created_timestamp&quot;:&quot;0&quot;,&quot;copyright&quot;:&quot;&quot;,&quot;focal_length&quot;:&quot;0&quot;,&quot;iso&quot;:&quot;0&quot;,&quot;shutter_speed&quot;:&quot;0&quot;,&quot;title&quot;:&quot;&quot;,&quot;orientation&quot;:&quot;0&quot;}\" data-image-title=\"Zadie Smith\" data-image-description=\"\" data-medium-file=\"https:\/\/i0.wp.com\/afrofeminas.com\/wp-content\/uploads\/2019\/10\/Zadie-Smith.jpg?fit=300%2C300&amp;ssl=1\" data-large-file=\"https:\/\/i0.wp.com\/afrofeminas.com\/wp-content\/uploads\/2019\/10\/Zadie-Smith.jpg?fit=790%2C790&amp;ssl=1\" \/><figcaption id=\"caption-attachment-29025\" class=\"wp-caption-text\">Una lista de algunas escritoras negras que deber\u00edas leer<\/figcaption><\/figure><figcaption>Zadie Smith. Fotograf\u00eda de Dominique Nabokov<\/figcaption><\/figure>\n<p>Su primera novela fue publicada en 1997; titulado\u00a0<strong><em>White Teeth<\/em><\/strong>\u00a0seguida de\u00a0<strong><em>The Autograph Man<\/em><\/strong>,\u00a0<strong><em>On Beauty,<\/em><\/strong>\u00a0<strong><em>NW<\/em><\/strong>\u00a0y Swing Time. Tambi\u00e9n tiene una colecci\u00f3n de ensayos llamada<strong><em>\u00a0Changing My Mind<\/em><\/strong>.<\/p>\n<p>Recibi\u00f3 el Premio Whitbread First Novel y Guardian First Book entre muchos otros. Ha sido incluida dos veces en la lista de los 20 mejores novelistas brit\u00e1nicos j\u00f3venes de Granta y preseleccionada para el Premio Man Booker.<\/p>\n<p>La novela\u00a0<strong><em>NW<\/em><\/strong>\u00a0de Smith fue llevada a la televisi\u00f3n por la BBC. Tambi\u00e9n dos de las obras de la escritora nigerianoamericana\u00a0<strong><a href=\"https:\/\/afrofeminas.com\/2019\/07\/01\/y-como-ya-estaba-muerta-no-tenia-miedo-resena-de-quien-teme-a-la-muerte-de-nnedi-okorafor\/\" target=\"_blank\" rel=\"noreferrer noopener\" aria-label=\"Nnedi Okorafor (abre en una nueva pesta\u00f1a)\">Nnedi Okorafor<\/a><\/strong>\u00a0(1974), han sido adaptadas alcortometraje.<\/p>\n<p>Ella se llama a s\u00ed misma una escritora nigerianoamericana porque es descendiente de padres igbo que emigraron a los Estados Unidos y no pudieron regresar debido a la guerra civil nigeriana.<\/p>\n<p>Okorafor fue diagnosticada con escoliosis cuando era adolescente y tuvo que hacer una terapia intensa para su recuperaci\u00f3n. Sin embargo, despu\u00e9s de que recuper\u00f3 la capacidad de caminar, no pudo continuar con su pasi\u00f3n por el deporte, as\u00ed que tom\u00f3 clases de escritura creativa y public\u00f3 su primera novela.<\/p>\n<div class=\"wp-block-image\">\n<figure class=\"aligncenter\">\n<p><figure id=\"attachment_29027\" aria-describedby=\"caption-attachment-29027\" style=\"width: 700px\" class=\"wp-caption alignnone\"><img loading=\"lazy\" decoding=\"async\" class=\"wp-image-29027\" src=\"https:\/\/i0.wp.com\/afrofeminas.com\/wp-content\/uploads\/2019\/10\/Nnedi-Okorafor.jpg?w=790&amp;ssl=1\" sizes=\"auto, (max-width: 700px) 100vw, 700px\" srcset=\"https:\/\/i0.wp.com\/afrofeminas.com\/wp-content\/uploads\/2019\/10\/Nnedi-Okorafor.jpg?w=700&amp;ssl=1 700w, https:\/\/i0.wp.com\/afrofeminas.com\/wp-content\/uploads\/2019\/10\/Nnedi-Okorafor.jpg?resize=300%2C200&amp;ssl=1 300w, https:\/\/i0.wp.com\/afrofeminas.com\/wp-content\/uploads\/2019\/10\/Nnedi-Okorafor.jpg?resize=600%2C400&amp;ssl=1 600w\" alt=\"Una lista de algunas escritoras negras que deber\u00edas leer \" width=\"700\" height=\"467\" data-attachment-id=\"29027\" data-permalink=\"https:\/\/afrofeminas.com\/2019\/10\/15\/una-lista-de-algunas-escritoras-negras-que-deberias-leer-i\/nnedi-okorafor-2\/\" data-orig-file=\"https:\/\/i0.wp.com\/afrofeminas.com\/wp-content\/uploads\/2019\/10\/Nnedi-Okorafor.jpg?fit=700%2C467&amp;ssl=1\" data-orig-size=\"700,467\" data-comments-opened=\"1\" data-image-meta=\"{&quot;aperture&quot;:&quot;0&quot;,&quot;credit&quot;:&quot;&quot;,&quot;camera&quot;:&quot;&quot;,&quot;caption&quot;:&quot;&quot;,&quot;created_timestamp&quot;:&quot;0&quot;,&quot;copyright&quot;:&quot;&quot;,&quot;focal_length&quot;:&quot;0&quot;,&quot;iso&quot;:&quot;0&quot;,&quot;shutter_speed&quot;:&quot;0&quot;,&quot;title&quot;:&quot;&quot;,&quot;orientation&quot;:&quot;0&quot;}\" data-image-title=\"Nnedi Okorafor\" data-image-description=\"\" data-medium-file=\"https:\/\/i0.wp.com\/afrofeminas.com\/wp-content\/uploads\/2019\/10\/Nnedi-Okorafor.jpg?fit=300%2C200&amp;ssl=1\" data-large-file=\"https:\/\/i0.wp.com\/afrofeminas.com\/wp-content\/uploads\/2019\/10\/Nnedi-Okorafor.jpg?fit=700%2C467&amp;ssl=1\" \/><figcaption id=\"caption-attachment-29027\" class=\"wp-caption-text\">Una lista de algunas escritoras negras que deber\u00edas leer<\/figcaption><\/figure><figcaption>Nnedi Okorafor<\/figcaption><\/figure>\n<\/div>\n<p>En su colecci\u00f3n de novelas e historias, refleja la herencia de \u00c1frica occidental y su vida en los Estados Unidos. Algunos de sus libros y c\u00f3mics son\u00a0<em><strong>Binti<\/strong><\/em>,\u00a0<strong><em>Quien teme a la muerte<\/em><\/strong>,\u00a0<strong><em>Zahrah the Windseeker<\/em><\/strong>,\u00a0<strong><em>Awata Witch, Lagoon<\/em><\/strong>,\u00a0<strong><em>She Shadow Speaker<\/em><\/strong>,\u00a0<strong><em>Amphibious Green<\/em><\/strong>,\u00a0<strong><em>Kabu Kabu<\/em><\/strong>,\u00a0<em><strong>Hello Moto<\/strong><\/em>,\u00a0<strong><em>Black Panther: Larga vida al Rey<\/em><\/strong>,\u00a0<strong><em>Shuri<\/em><\/strong>, etc.<\/p>\n<p>Ha obtenido premios notables como The Wole Soyinka Prize for Literature in Africa, Africana Book Award, Carl Brandon Parallax, Andre Norton, Golden Duck, World Fantasy , entre otros.<\/p>\n<p>Tambi\u00e9n los padres de\u00a0<strong>Audre Lorde<\/strong>\u00a0(1934-1992) eran inmigrantes. En este caso de de las Indias Occidentales desde donde llegaron a Nueva York. All\u00ed tuvieron tres hijas, siendo Audre la tercera.<\/p>\n<p>Sus temas siempre fueron el sexismo, el racismo, la homofobia, el g\u00e9nero y el clasismo. La escritura era un instrumento de acci\u00f3n y cambio. Mientras todav\u00eda estaba en la escuela secundaria, su primer poema fue impreso en la revista Seventeen.<\/p>\n<div class=\"wp-block-image\">\n<figure class=\"aligncenter size-large\">\n<p><figure id=\"attachment_22822\" aria-describedby=\"caption-attachment-22822\" style=\"width: 790px\" class=\"wp-caption alignnone\"><img loading=\"lazy\" decoding=\"async\" class=\"wp-image-22822\" src=\"https:\/\/i0.wp.com\/afrofeminas.com\/wp-content\/uploads\/2019\/05\/Audre-Lorde.png?w=790&amp;ssl=1\" sizes=\"auto, (max-width: 790px) 100vw, 790px\" srcset=\"https:\/\/i0.wp.com\/afrofeminas.com\/wp-content\/uploads\/2019\/05\/Audre-Lorde.png?w=1552&amp;ssl=1 1552w, https:\/\/i0.wp.com\/afrofeminas.com\/wp-content\/uploads\/2019\/05\/Audre-Lorde.png?resize=300%2C169&amp;ssl=1 300w, https:\/\/i0.wp.com\/afrofeminas.com\/wp-content\/uploads\/2019\/05\/Audre-Lorde.png?resize=768%2C432&amp;ssl=1 768w, https:\/\/i0.wp.com\/afrofeminas.com\/wp-content\/uploads\/2019\/05\/Audre-Lorde.png?resize=1024%2C576&amp;ssl=1 1024w, https:\/\/i0.wp.com\/afrofeminas.com\/wp-content\/uploads\/2019\/05\/Audre-Lorde.png?resize=600%2C338&amp;ssl=1 600w\" alt=\"Una lista de algunas escritoras negras que deber\u00edas leer \" width=\"790\" height=\"444\" data-attachment-id=\"22822\" data-permalink=\"https:\/\/afrofeminas.com\/2019\/05\/06\/las-mujeres-negras-aman-a-otras-mujeres-negras-tambien\/audre-lorde\/\" data-orig-file=\"https:\/\/i0.wp.com\/afrofeminas.com\/wp-content\/uploads\/2019\/05\/Audre-Lorde.png?fit=1552%2C873&amp;ssl=1\" data-orig-size=\"1552,873\" data-comments-opened=\"1\" data-image-meta=\"{&quot;aperture&quot;:&quot;0&quot;,&quot;credit&quot;:&quot;&quot;,&quot;camera&quot;:&quot;&quot;,&quot;caption&quot;:&quot;&quot;,&quot;created_timestamp&quot;:&quot;0&quot;,&quot;copyright&quot;:&quot;&quot;,&quot;focal_length&quot;:&quot;0&quot;,&quot;iso&quot;:&quot;0&quot;,&quot;shutter_speed&quot;:&quot;0&quot;,&quot;title&quot;:&quot;&quot;,&quot;orientation&quot;:&quot;0&quot;}\" data-image-title=\"Audre Lorde\" data-image-description=\"\" data-medium-file=\"https:\/\/i0.wp.com\/afrofeminas.com\/wp-content\/uploads\/2019\/05\/Audre-Lorde.png?fit=300%2C169&amp;ssl=1\" data-large-file=\"https:\/\/i0.wp.com\/afrofeminas.com\/wp-content\/uploads\/2019\/05\/Audre-Lorde.png?fit=790%2C444&amp;ssl=1\" \/><figcaption id=\"caption-attachment-22822\" class=\"wp-caption-text\">Una lista de algunas escritoras negras que deber\u00edas leer<\/figcaption><\/figure><figcaption>Audre Lorde<\/figcaption><\/figure>\n<\/div>\n<p>Lorde es autora de\u00a0<em><strong>The First Cities<\/strong><\/em>,\u00a0<em><strong>Cables to Rage<\/strong><\/em>,<strong><em>\u00a0From a Land Where Other People<\/em><\/strong>,\u00a0<strong><em>Coal<\/em><\/strong>,\u00a0<strong><em>The Black Unicorn<\/em><\/strong>,\u00a0<strong><em>Zami: A New Spelling of My Name<\/em><\/strong>,\u00a0<strong><em>Sister Outsider: Essays and Speeches<\/em><\/strong>,\u00a0<strong><em>The Cancer Journals,<\/em><\/strong>\u00a0<strong><em>A Burst of Luz<\/em><\/strong>, etc.<\/p>\n<p>Tambi\u00e9n escribi\u00f3 para\u00a0<strong>Amazon Quarterly<\/strong>,\u00a0<strong>The Massachusetts Review<\/strong>,\u00a0<strong>Red War<\/strong>,\u00a0<strong>The Black Woman<\/strong>,\u00a0<strong>The Village Voice<\/strong>,\u00a0<strong>The Iowa Review<\/strong>\u00a0y muchos otros.<\/p>\n<p>Entre los premios y distinciones obtuvo el National Book Award for Poetry, National Endowment for the Arts Residency Grant, Woman of the Year Award, Poet Laureate del estado de Nueva York de 1991 a 1993 y Broadside Press Poet\u2019s Award, etc.<\/p>\n<p>Lorde era lesbiana militante por los derechos LGTB igual que\u00a0<strong>Roxane Gay<\/strong>\u00a0(1974), que es bisexual, una escritora, profesora y editora. De ascendencia haitiana naci\u00f3 en Omaha, Nebraska.<\/p>\n<p>Comenz\u00f3 a escribir a los 12 a\u00f1os, como terapia por el acoso sexual que experiment\u00f3. Gay es autora de novelas y ensayos como\u00a0<strong><em>An Untamed State, Bad Feminist, World of Wakanda, Difficult Woman, Ayiti, Hunger<\/em><\/strong>, o\u00a0<strong><em>Not that Bad.<\/em><\/strong><\/p>\n<div class=\"wp-block-image\">\n<figure class=\"aligncenter size-large\"><img loading=\"lazy\" decoding=\"async\" class=\"wp-image-29031\" src=\"https:\/\/i2.wp.com\/afrofeminas.com\/wp-content\/uploads\/2019\/10\/St-Felix_Roxane-Gay.jpg?w=790&amp;ssl=1\" sizes=\"auto, (max-width: 727px) 100vw, 727px\" srcset=\"https:\/\/i2.wp.com\/afrofeminas.com\/wp-content\/uploads\/2019\/10\/St-Felix_Roxane-Gay.jpg?w=727&amp;ssl=1 727w, https:\/\/i2.wp.com\/afrofeminas.com\/wp-content\/uploads\/2019\/10\/St-Felix_Roxane-Gay.jpg?resize=300%2C201&amp;ssl=1 300w, https:\/\/i2.wp.com\/afrofeminas.com\/wp-content\/uploads\/2019\/10\/St-Felix_Roxane-Gay.jpg?resize=600%2C401&amp;ssl=1 600w\" alt=\"\" width=\"727\" height=\"486\" data-attachment-id=\"29031\" data-permalink=\"https:\/\/afrofeminas.com\/2019\/10\/15\/una-lista-de-algunas-escritoras-negras-que-deberias-leer-i\/st-felix_roxane-gay\/\" data-orig-file=\"https:\/\/i2.wp.com\/afrofeminas.com\/wp-content\/uploads\/2019\/10\/St-Felix_Roxane-Gay.jpg?fit=727%2C486&amp;ssl=1\" data-orig-size=\"727,486\" data-comments-opened=\"1\" data-image-meta=\"{&quot;aperture&quot;:&quot;0&quot;,&quot;credit&quot;:&quot;&quot;,&quot;camera&quot;:&quot;&quot;,&quot;caption&quot;:&quot;&quot;,&quot;created_timestamp&quot;:&quot;0&quot;,&quot;copyright&quot;:&quot;&quot;,&quot;focal_length&quot;:&quot;0&quot;,&quot;iso&quot;:&quot;0&quot;,&quot;shutter_speed&quot;:&quot;0&quot;,&quot;title&quot;:&quot;&quot;,&quot;orientation&quot;:&quot;0&quot;}\" data-image-title=\"St-Felix_Roxane-Gay\" data-image-description=\"\" data-medium-file=\"https:\/\/i2.wp.com\/afrofeminas.com\/wp-content\/uploads\/2019\/10\/St-Felix_Roxane-Gay.jpg?fit=300%2C201&amp;ssl=1\" data-large-file=\"https:\/\/i2.wp.com\/afrofeminas.com\/wp-content\/uploads\/2019\/10\/St-Felix_Roxane-Gay.jpg?fit=727%2C486&amp;ssl=1\" \/><figcaption>Roxane Gay<\/figcaption><\/figure>\n<\/div>\n<p>Sus obras han ganado premios como Pen Center USA Freedom to Write, Eisner, Lambda Literary , etc.<\/p>\n<p>Los escritos de Gay aparecen en\u00a0<strong>The Guardian<\/strong>,\u00a0<strong>Best American Mystery Stories<\/strong>,\u00a0<strong>Best Sex Writing<\/strong>,\u00a0<strong>Tin House<\/strong>\u00a0o\u00a0<strong>The New York Times<\/strong>.<br \/>\nEn asociaci\u00f3n con la plataforma\u00a0<strong>Medium<\/strong>, cre\u00f3<strong>\u00a0<em>Gay Magazine<\/em><\/strong>\u00a0y recientemente comenz\u00f3 la producci\u00f3n de un podcast feminista negro llamado\u00a0<strong>Hear to Slay<\/strong>.<\/p>\n<p><strong><a href=\"https:\/\/afrofeminas.com\/2018\/08\/06\/maya-angelou-y-aun-asi-me-levanto\/\" target=\"_blank\" rel=\"noreferrer noopener\" aria-label=\"Maya Angelou (abre en una nueva pesta\u00f1a)\">Maya Angelou<\/a><\/strong>\u00a0(1928-2014), reconocida poeta, narradora, autobi\u00f3grafa, dramaturga, periodista y actriz nacida en St. Louis, Missouri (EE. UU.), Tambi\u00e9n comparti\u00f3 una pasi\u00f3n por el periodismo radiof\u00f3nico. Fue una gran activista que contribuy\u00f3 al movimiento de derechos civiles y colabor\u00f3 con el\u00a0<strong>Dr. Martin Luther King Jr<\/strong>. y\u00a0<strong>Malcolm X<\/strong>. Multifac\u00e9tica, public\u00f3 mucha poes\u00eda, ensayos y obras de teatro, as\u00ed como libros infantiles de cocina o libros ilustrados.<\/p>\n<figure class=\"wp-block-image size-large\"><img loading=\"lazy\" decoding=\"async\" class=\"wp-image-20671\" src=\"https:\/\/i1.wp.com\/afrofeminas.com\/wp-content\/uploads\/2018\/08\/maya-angelou.jpg?w=790&amp;ssl=1\" sizes=\"auto, (max-width: 680px) 100vw, 680px\" srcset=\"https:\/\/i1.wp.com\/afrofeminas.com\/wp-content\/uploads\/2018\/08\/maya-angelou.jpg?w=680&amp;ssl=1 680w, https:\/\/i1.wp.com\/afrofeminas.com\/wp-content\/uploads\/2018\/08\/maya-angelou.jpg?resize=300%2C150&amp;ssl=1 300w, https:\/\/i1.wp.com\/afrofeminas.com\/wp-content\/uploads\/2018\/08\/maya-angelou.jpg?resize=600%2C300&amp;ssl=1 600w\" alt=\"\" width=\"680\" height=\"340\" data-attachment-id=\"20671\" data-permalink=\"https:\/\/afrofeminas.com\/2018\/08\/06\/maya-angelou-y-aun-asi-me-levanto\/maya-angelou\/\" data-orig-file=\"https:\/\/i1.wp.com\/afrofeminas.com\/wp-content\/uploads\/2018\/08\/maya-angelou.jpg?fit=680%2C340&amp;ssl=1\" data-orig-size=\"680,340\" data-comments-opened=\"1\" data-image-meta=\"{&quot;aperture&quot;:&quot;0&quot;,&quot;credit&quot;:&quot;&quot;,&quot;camera&quot;:&quot;&quot;,&quot;caption&quot;:&quot;&quot;,&quot;created_timestamp&quot;:&quot;0&quot;,&quot;copyright&quot;:&quot;&quot;,&quot;focal_length&quot;:&quot;0&quot;,&quot;iso&quot;:&quot;0&quot;,&quot;shutter_speed&quot;:&quot;0&quot;,&quot;title&quot;:&quot;&quot;,&quot;orientation&quot;:&quot;1&quot;}\" data-image-title=\"Maya Angelou: \u00abY a\u00fan as\u00ed, me levanto\u00bb\" data-image-description=\"\" data-medium-file=\"https:\/\/i1.wp.com\/afrofeminas.com\/wp-content\/uploads\/2018\/08\/maya-angelou.jpg?fit=300%2C150&amp;ssl=1\" data-large-file=\"https:\/\/i1.wp.com\/afrofeminas.com\/wp-content\/uploads\/2018\/08\/maya-angelou.jpg?fit=680%2C340&amp;ssl=1\" \/><figcaption>Maya Angelou<\/figcaption><\/figure>\n<p>Su trabajo incluye siete libros autobriogr\u00e1ficos extraordinarias:\u00a0<strong><em>I Know Why the Caged Bird Sings<\/em><\/strong>,\u00a0<strong><em>Singin\u2019 and Swingin\u2019 and Gettin\u2019 Merry Like Christmas, Gather Together in my Name, The Heart of a Woman, All God\u2019s Children Need Traveling Shoes, A Song Flung Up to Heaven<\/em><\/strong>, y<strong><em>\u00a0<a href=\"https:\/\/afrofeminas.com\/2019\/03\/13\/mama-y-yo-y-mama-la-terrible-y-maravillosa-madre-de-maya-angelou\/\" target=\"_blank\" rel=\"noreferrer noopener\" aria-label=\"Mom and Me and Mom. (abre en una nueva pesta\u00f1a)\">Mom and Me and Mom.<\/a><\/em><\/strong><\/p>\n<p>El 20 de enero de 1993, en la toma de posesi\u00f3n presidencial de\u00a0<strong>Bill Clinton<\/strong>, recit\u00f3 su poema<strong><em>\u00a0\u00abEn el pulso de la ma\u00f1ana\u00bb<\/em><\/strong>, esta lectura era la segunda vez en un evento similar en el que se hizo algo de este tipo. (Robert Frost recit\u00f3\u00a0<strong><em>\u00abThe Gift Outright\u00bb<\/em><\/strong>\u00a0en la toma de posesi\u00f3n de\u00a0<strong>John F. Kennedy<\/strong>).<\/p>\n<p>Varios de sus escritos recibieron premios y honores merecidos de m\u00e1s de setenta universidades como la\u00a0<strong>Universidad de Arkansas<\/strong>, la\u00a0<strong>Universidad Estatal de Ohio<\/strong>\u00a0o la\u00a0<strong>Universidad de Atlanta<\/strong>.<\/p>\n<div class=\"wp-block-image\">\n<figure class=\"aligncenter size-large\"><img decoding=\"async\" class=\"wp-image-29176 jetpack-lazy-image jetpack-lazy-image--handled\" src=\"https:\/\/i0.wp.com\/afrofeminas.com\/wp-content\/uploads\/2019\/10\/sub-buzz-27393-1487353417-5.jpg?w=790&amp;ssl=1\" sizes=\"(max-width: 790px) 100vw, 790px\" srcset=\"https:\/\/i0.wp.com\/afrofeminas.com\/wp-content\/uploads\/2019\/10\/sub-buzz-27393-1487353417-5.jpg?w=1600&amp;ssl=1 1600w, https:\/\/i0.wp.com\/afrofeminas.com\/wp-content\/uploads\/2019\/10\/sub-buzz-27393-1487353417-5.jpg?resize=300%2C208&amp;ssl=1 300w, https:\/\/i0.wp.com\/afrofeminas.com\/wp-content\/uploads\/2019\/10\/sub-buzz-27393-1487353417-5.jpg?resize=768%2C532&amp;ssl=1 768w, https:\/\/i0.wp.com\/afrofeminas.com\/wp-content\/uploads\/2019\/10\/sub-buzz-27393-1487353417-5.jpg?resize=1024%2C709&amp;ssl=1 1024w, https:\/\/i0.wp.com\/afrofeminas.com\/wp-content\/uploads\/2019\/10\/sub-buzz-27393-1487353417-5.jpg?resize=600%2C416&amp;ssl=1 600w\" alt=\"\" data-attachment-id=\"29176\" data-permalink=\"https:\/\/afrofeminas.com\/2019\/10\/17\/una-lista-de-algunas-escritoras-negras-que-deberias-leer-2\/sub-buzz-27393-1487353417-5\/\" data-orig-file=\"https:\/\/i0.wp.com\/afrofeminas.com\/wp-content\/uploads\/2019\/10\/sub-buzz-27393-1487353417-5.jpg?fit=1600%2C1108&amp;ssl=1\" data-orig-size=\"1600,1108\" data-comments-opened=\"1\" data-image-meta=\"{&quot;aperture&quot;:&quot;0&quot;,&quot;credit&quot;:&quot;&quot;,&quot;camera&quot;:&quot;&quot;,&quot;caption&quot;:&quot;&quot;,&quot;created_timestamp&quot;:&quot;0&quot;,&quot;copyright&quot;:&quot;&quot;,&quot;focal_length&quot;:&quot;0&quot;,&quot;iso&quot;:&quot;0&quot;,&quot;shutter_speed&quot;:&quot;0&quot;,&quot;title&quot;:&quot;&quot;,&quot;orientation&quot;:&quot;0&quot;}\" data-image-title=\"Una lista de algunas escritoras negras que deber\u00edas leer (2)\" data-image-description=\"\" data-medium-file=\"https:\/\/i0.wp.com\/afrofeminas.com\/wp-content\/uploads\/2019\/10\/sub-buzz-27393-1487353417-5.jpg?fit=300%2C208&amp;ssl=1\" data-large-file=\"https:\/\/i0.wp.com\/afrofeminas.com\/wp-content\/uploads\/2019\/10\/sub-buzz-27393-1487353417-5.jpg?fit=790%2C547&amp;ssl=1\" data-recalc-dims=\"1\" data-lazy-loaded=\"1\" \/><figcaption>Ilustraci\u00f3n de Rebecca Hendin<\/figcaption><\/figure>\n<\/div>\n<p><strong>En 2011, el ex presidente Barack Obama le dio a Maya Angelou la Medalla Presidencial de la Libertad. Un a\u00f1o despu\u00e9s se le otorg\u00f3 a\u00a0<a href=\"https:\/\/afrofeminas.com\/2018\/09\/11\/toni-morrison-las-definiciones-pertenecen-a-los-definidores-no-a-los-definidos\/\" target=\"_blank\" rel=\"noreferrer noopener\" aria-label=\"Toni Morrison (abre en una nueva pesta\u00f1a)\">Toni Morrison<\/a>\u00a0(1931-2019), un \u00edcono de la literatura negra en los Estados Unidos de Am\u00e9rica. Naci\u00f3 en Lorain, Ohio, siendo la segunda de cuatro hijos de una familia de clase trabajadora afroamericana media.<\/strong><\/p>\n<div class=\"wp-block-image\">\n<figure class=\"aligncenter size-large\"><img decoding=\"async\" class=\"wp-image-19890 jetpack-lazy-image jetpack-lazy-image--handled\" src=\"https:\/\/i0.wp.com\/afrofeminas.com\/wp-content\/uploads\/2018\/03\/toni-morrison.jpg?w=790&amp;ssl=1\" sizes=\"(max-width: 642px) 100vw, 642px\" srcset=\"https:\/\/i0.wp.com\/afrofeminas.com\/wp-content\/uploads\/2018\/03\/toni-morrison.jpg?w=642&amp;ssl=1 642w, https:\/\/i0.wp.com\/afrofeminas.com\/wp-content\/uploads\/2018\/03\/toni-morrison.jpg?resize=300%2C216&amp;ssl=1 300w, https:\/\/i0.wp.com\/afrofeminas.com\/wp-content\/uploads\/2018\/03\/toni-morrison.jpg?resize=600%2C432&amp;ssl=1 600w\" alt=\"\" data-attachment-id=\"19890\" data-permalink=\"https:\/\/afrofeminas.com\/2018\/03\/23\/una-carta-de-amor-a-las-escritoras-negras-que-me-liberaron\/toni-morrison\/\" data-orig-file=\"https:\/\/i0.wp.com\/afrofeminas.com\/wp-content\/uploads\/2018\/03\/toni-morrison.jpg?fit=642%2C462&amp;ssl=1\" data-orig-size=\"642,462\" data-comments-opened=\"1\" data-image-meta=\"{&quot;aperture&quot;:&quot;0&quot;,&quot;credit&quot;:&quot;&quot;,&quot;camera&quot;:&quot;&quot;,&quot;caption&quot;:&quot;&quot;,&quot;created_timestamp&quot;:&quot;0&quot;,&quot;copyright&quot;:&quot;&quot;,&quot;focal_length&quot;:&quot;0&quot;,&quot;iso&quot;:&quot;0&quot;,&quot;shutter_speed&quot;:&quot;0&quot;,&quot;title&quot;:&quot;&quot;,&quot;orientation&quot;:&quot;0&quot;}\" data-image-title=\"toni-morrison\" data-image-description=\"\" data-medium-file=\"https:\/\/i0.wp.com\/afrofeminas.com\/wp-content\/uploads\/2018\/03\/toni-morrison.jpg?fit=300%2C216&amp;ssl=1\" data-large-file=\"https:\/\/i0.wp.com\/afrofeminas.com\/wp-content\/uploads\/2018\/03\/toni-morrison.jpg?fit=642%2C462&amp;ssl=1\" data-recalc-dims=\"1\" data-lazy-loaded=\"1\" \/><figcaption>Toni Morrison<\/figcaption><\/figure>\n<\/div>\n<p>Sus novelas incluyen\u00a0<strong><em>The Blue eyes<\/em><\/strong>,\u00a0<strong><em>Sul<\/em><\/strong>a,\u00a0<strong><em>Song of Salomon<\/em><\/strong>,\u00a0<strong><em>Tar Baby<\/em><\/strong>,\u00a0<strong><em>Beloved<\/em><\/strong>,\u00a0<strong><em>Jazz<\/em><\/strong>,\u00a0<strong><em>Paradise<\/em><\/strong>,\u00a0<strong><em>A Mercy<\/em><\/strong>,\u00a0<strong><em>God Help the Child<\/em><\/strong>\u00a0y\u00a0<strong><em>The Source of Self-Regard<\/em><\/strong>. Tambi\u00e9n escribi\u00f3 para la revista\u00a0<em><strong>Times<\/strong><\/em>,\u00a0<strong><em>Black World<\/em><\/strong>\u00a0o\u00a0<strong><em>Confrontation<\/em><\/strong>.<\/p>\n<p>Recibi\u00f3 el\u00a0<strong>Premio Nobel de Literatura<\/strong>, el\u00a0<strong>Premio Pulitzer<\/strong>, el\u00a0<strong>Premio del Libro Americano<\/strong>, el\u00a0<strong>American Book Award<\/strong>,\u00a0<strong>National Book Critics<\/strong>\u00a0<strong>Award<\/strong>, el\u00a0<strong>Pen\/Saul Bellow Award<\/strong>, etc.<\/p>\n<p>En sus libros, captura la vida, historia y patrimonio cultural de los afrodescendientes. Este tema une a Toni y\u00a0<strong>Luc\u00eda Char\u00fan\u2013Illescas<\/strong>\u00a0(1950), escritora, periodista, traductora y activista nacida en Lima, Per\u00fa, fue la hija mayor de siete hermanos de una familia afrodescendiente. Su pasi\u00f3n por la literatura comenz\u00f3 a una edad temprana leyendo algunos de los escritores m\u00e1s conocidos de su \u00e9poca.<\/p>\n<div class=\"wp-block-image\">\n<figure class=\"aligncenter size-large\"><img decoding=\"async\" class=\"wp-image-29161 jetpack-lazy-image jetpack-lazy-image--handled\" src=\"https:\/\/i2.wp.com\/afrofeminas.com\/wp-content\/uploads\/2019\/10\/LUCIA-CHARUN-ILLESCAS.jpg?w=790&amp;ssl=1\" sizes=\"(max-width: 600px) 100vw, 600px\" srcset=\"https:\/\/i2.wp.com\/afrofeminas.com\/wp-content\/uploads\/2019\/10\/LUCIA-CHARUN-ILLESCAS.jpg?w=600&amp;ssl=1 600w, https:\/\/i2.wp.com\/afrofeminas.com\/wp-content\/uploads\/2019\/10\/LUCIA-CHARUN-ILLESCAS.jpg?resize=300%2C241&amp;ssl=1 300w\" alt=\"\" data-attachment-id=\"29161\" data-permalink=\"https:\/\/afrofeminas.com\/2019\/10\/17\/una-lista-de-algunas-escritoras-negras-que-deberias-leer-2\/lucia-charun-illescas\/\" data-orig-file=\"https:\/\/i2.wp.com\/afrofeminas.com\/wp-content\/uploads\/2019\/10\/LUCIA-CHARUN-ILLESCAS.jpg?fit=600%2C481&amp;ssl=1\" data-orig-size=\"600,481\" data-comments-opened=\"1\" data-image-meta=\"{&quot;aperture&quot;:&quot;0&quot;,&quot;credit&quot;:&quot;&quot;,&quot;camera&quot;:&quot;&quot;,&quot;caption&quot;:&quot;&quot;,&quot;created_timestamp&quot;:&quot;0&quot;,&quot;copyright&quot;:&quot;&quot;,&quot;focal_length&quot;:&quot;0&quot;,&quot;iso&quot;:&quot;0&quot;,&quot;shutter_speed&quot;:&quot;0&quot;,&quot;title&quot;:&quot;&quot;,&quot;orientation&quot;:&quot;0&quot;}\" data-image-title=\"LUCIA-CHARUN-ILLESCAS\" data-image-description=\"\" data-medium-file=\"https:\/\/i2.wp.com\/afrofeminas.com\/wp-content\/uploads\/2019\/10\/LUCIA-CHARUN-ILLESCAS.jpg?fit=300%2C241&amp;ssl=1\" data-large-file=\"https:\/\/i2.wp.com\/afrofeminas.com\/wp-content\/uploads\/2019\/10\/LUCIA-CHARUN-ILLESCAS.jpg?fit=600%2C481&amp;ssl=1\" data-recalc-dims=\"1\" data-lazy-loaded=\"1\" \/><figcaption>Luc\u00eda Char\u00fan\u2013Illescas<\/figcaption><\/figure>\n<\/div>\n<p>Su novela\u00a0<strong><em>Malambo<\/em><\/strong>\u00a0juega un papel importante en la literatura peruana, ya que es el primer libro de ficci\u00f3n escrito por una mujer afroperuana y fue traducido al ingl\u00e9s y al italiano. Tambi\u00e9n es autora del libro\u00a0<strong><em>Latinoamericano en Hamburgo<\/em><\/strong>. Adem\u00e1s de estos libros, Char\u00fan tambi\u00e9n ha escrito art\u00edculos e historias impresas en varias revistas.<\/p>\n<p>Gan\u00f3 el\u00a0<strong>Premio Lyra de Relatos Cortos<\/strong>. En 2013, el gobierno de Per\u00fa le otorg\u00f3 la Distinci\u00f3n de Personalidad Meritoria de la Cultura.<\/p>\n<p>Durante a\u00f1os ha residido en Hamburgo, Alemania. Sobre esto dijo en una ocsi\u00f3n:\u00a0<em>\u00abSoy y ser\u00e9 siempre lime\u00f1a y no quiero que los lectores me crean una negra europeizada o agringada, que vive fuera de Per\u00fa hace cuchucientos a\u00f1os\u00bb<\/em>.<\/p>\n<p>En 2009, particip\u00f3 en el seminario para mujeres afrodescendientes negras y cultura latinoamericana en Montevideo, Uruguay, junto con\u00a0<strong><a href=\"https:\/\/afrofeminas.com\/2014\/04\/15\/entrevista-a-shirley-campbell-barr\/\" target=\"_blank\" rel=\"noreferrer noopener\" aria-label=\"Shirley Campbell Barr (abre en una nueva pesta\u00f1a)\">Shirley Campbell Barr<\/a><\/strong>\u00a0(1965), quien es una reconocida poeta y activista de Costa Rica. Ella viene de una familia de cinco hijas y dos hijos, todas personas muy conocidas en su pa\u00eds. Su hermana\u00a0<strong><a href=\"https:\/\/afrofeminas.com\/2018\/04\/04\/una-militante-que-llega-y-otra-que-se-va-victoria-y-luto-afro\/\" target=\"_blank\" rel=\"noreferrer noopener\" aria-label=\"Epsy Campbell (abre en una nueva pesta\u00f1a)\">Epsy Campbell<\/a><\/strong>\u00a0es vicepresidenta de Costa Rica.<\/p>\n<div class=\"wp-block-image\">\n<figure class=\"aligncenter size-large\"><img decoding=\"async\" class=\"wp-image-29164 jetpack-lazy-image jetpack-lazy-image--handled\" src=\"https:\/\/i0.wp.com\/afrofeminas.com\/wp-content\/uploads\/2019\/10\/Shirley-Campbell-Barr.jpg?w=790&amp;ssl=1\" sizes=\"(max-width: 790px) 100vw, 790px\" srcset=\"https:\/\/i0.wp.com\/afrofeminas.com\/wp-content\/uploads\/2019\/10\/Shirley-Campbell-Barr.jpg?w=1000&amp;ssl=1 1000w, https:\/\/i0.wp.com\/afrofeminas.com\/wp-content\/uploads\/2019\/10\/Shirley-Campbell-Barr.jpg?resize=300%2C200&amp;ssl=1 300w, https:\/\/i0.wp.com\/afrofeminas.com\/wp-content\/uploads\/2019\/10\/Shirley-Campbell-Barr.jpg?resize=768%2C511&amp;ssl=1 768w, https:\/\/i0.wp.com\/afrofeminas.com\/wp-content\/uploads\/2019\/10\/Shirley-Campbell-Barr.jpg?resize=600%2C400&amp;ssl=1 600w\" alt=\"\" data-attachment-id=\"29164\" data-permalink=\"https:\/\/afrofeminas.com\/2019\/10\/17\/una-lista-de-algunas-escritoras-negras-que-deberias-leer-2\/shirley-campbell-barr-2\/\" data-orig-file=\"https:\/\/i0.wp.com\/afrofeminas.com\/wp-content\/uploads\/2019\/10\/Shirley-Campbell-Barr.jpg?fit=1000%2C666&amp;ssl=1\" data-orig-size=\"1000,666\" data-comments-opened=\"1\" data-image-meta=\"{&quot;aperture&quot;:&quot;5.3&quot;,&quot;credit&quot;:&quot;Teresita CHAVARRIA&quot;,&quot;camera&quot;:&quot;NIKON Df&quot;,&quot;caption&quot;:&quot;&quot;,&quot;created_timestamp&quot;:&quot;1483203345&quot;,&quot;copyright&quot;:&quot;(C)2016. Teresita CHAVARRIA, reservados todos los derechos&quot;,&quot;focal_length&quot;:&quot;220&quot;,&quot;iso&quot;:&quot;800&quot;,&quot;shutter_speed&quot;:&quot;0.004&quot;,&quot;title&quot;:&quot;&quot;,&quot;orientation&quot;:&quot;1&quot;}\" data-image-title=\"Shirley Campbell Barr\" data-image-description=\"\" data-medium-file=\"https:\/\/i0.wp.com\/afrofeminas.com\/wp-content\/uploads\/2019\/10\/Shirley-Campbell-Barr.jpg?fit=300%2C200&amp;ssl=1\" data-large-file=\"https:\/\/i0.wp.com\/afrofeminas.com\/wp-content\/uploads\/2019\/10\/Shirley-Campbell-Barr.jpg?fit=790%2C526&amp;ssl=1\" data-recalc-dims=\"1\" data-lazy-loaded=\"1\" \/><figcaption>Shirley Campbell Barr. Foto Teresita Chavarr\u00eda<\/figcaption><\/figure>\n<\/div>\n<p>Algunos de sus poemas est\u00e1n compilados en\u00a0<strong><em>Rotundamente Negra<\/em><\/strong>, algo m\u00e1s que s\u00edmbolo para las mujeres afrodescendientes de habla hispana y que se ha incorporado al sistema curricular educativo costarricense. Su segundo libro es\u00a0<strong><em>Naciendo<\/em><\/strong>. Su trabajo ha sido impreso en diferentes revistas de varios pa\u00edses y traducido al franc\u00e9s, ingl\u00e9s y portugu\u00e9s.<\/p>\n<p>Otra notoria escritora centroamericana es\u00a0<strong>June Beer Thompson<\/strong>\u00a0(1935-1986), poeta, pintora y activista nacida en Bluefields, Nicaragua. Ella creci\u00f3 en una familia de clase media de ra\u00edces ancestrales mezcladas (ind\u00edgenas, afro y otros) siendo la m\u00e1s joven de once hijos.<\/p>\n<div class=\"wp-block-image\">\n<figure class=\"alignright size-large\"><img decoding=\"async\" class=\"wp-image-29166 jetpack-lazy-image jetpack-lazy-image--handled\" src=\"https:\/\/i0.wp.com\/afrofeminas.com\/wp-content\/uploads\/2019\/10\/June_Beer_artist.jpg?w=790&amp;ssl=1\" sizes=\"(max-width: 328px) 100vw, 328px\" srcset=\"https:\/\/i0.wp.com\/afrofeminas.com\/wp-content\/uploads\/2019\/10\/June_Beer_artist.jpg?w=328&amp;ssl=1 328w, https:\/\/i0.wp.com\/afrofeminas.com\/wp-content\/uploads\/2019\/10\/June_Beer_artist.jpg?resize=300%2C277&amp;ssl=1 300w\" alt=\"\" data-attachment-id=\"29166\" data-permalink=\"https:\/\/afrofeminas.com\/2019\/10\/17\/una-lista-de-algunas-escritoras-negras-que-deberias-leer-2\/june_beer_artist\/\" data-orig-file=\"https:\/\/i0.wp.com\/afrofeminas.com\/wp-content\/uploads\/2019\/10\/June_Beer_artist.jpg?fit=328%2C303&amp;ssl=1\" data-orig-size=\"328,303\" data-comments-opened=\"1\" data-image-meta=\"{&quot;aperture&quot;:&quot;0&quot;,&quot;credit&quot;:&quot;&quot;,&quot;camera&quot;:&quot;&quot;,&quot;caption&quot;:&quot;&quot;,&quot;created_timestamp&quot;:&quot;0&quot;,&quot;copyright&quot;:&quot;&quot;,&quot;focal_length&quot;:&quot;0&quot;,&quot;iso&quot;:&quot;0&quot;,&quot;shutter_speed&quot;:&quot;0&quot;,&quot;title&quot;:&quot;&quot;,&quot;orientation&quot;:&quot;1&quot;}\" data-image-title=\"June_Beer,_artist\" data-image-description=\"\" data-medium-file=\"https:\/\/i0.wp.com\/afrofeminas.com\/wp-content\/uploads\/2019\/10\/June_Beer_artist.jpg?fit=300%2C277&amp;ssl=1\" data-large-file=\"https:\/\/i0.wp.com\/afrofeminas.com\/wp-content\/uploads\/2019\/10\/June_Beer_artist.jpg?fit=328%2C303&amp;ssl=1\" data-recalc-dims=\"1\" data-lazy-loaded=\"1\" \/><figcaption>June Beer Thompson<\/figcaption><\/figure>\n<\/div>\n<p>El orgullo de su identidad negra, la cultura de los grupos ind\u00edgenas y la \u00e9tica afro (poblaci\u00f3n minoritaria en Nicaragua), ser mujer, y el amor por su pa\u00eds, se revelaron en sus escritos y pinturas. Las mismas figuras de su pintura fueron las que cobraron vida en sus poemas.<\/p>\n<p>Sus poemas,\u00a0<em><strong>Love Poem<\/strong><\/em>,\u00a0<strong><em>Walk in de Moolite<\/em><\/strong>,\u00a0<strong><em>Chunku faam,<\/em><\/strong>\u00a0<em><strong>Resarrection a \u2019de Wud<\/strong><\/em>, y otros fueron publicados en\u00a0<strong><em>Wani<\/em><\/strong>, la revista\u00a0<strong><em>Sunrise<\/em><\/strong>\u00a0y\u00a0<strong><em>Hermanas de Tinta: Muestra de poes\u00eda multi\u00e9tnica de mujeres nicarag\u00fcenses<\/em><\/strong>. Sus poemas fueron escritos en criollo, ingl\u00e9s y espa\u00f1ol.<\/p>\n<p><strong>Beer<\/strong>\u00a0es un \u00edcono para la costa caribe\u00f1a de Nicaragua, porque es la primera poeta negra. Cuatro de sus pinturas fueron declaradas patrimonio nacional.<\/p>\n<p>Desde Nicaragua, las olas del Mar Caribe nos llevan a Nassau, Bahamas, hogar de\u00a0<strong>Marion Bethel<\/strong>\u00a0(1953), poeta, ensayista, abogada, activista de derechos humanos y cineasta.<\/p>\n<p>Es conocida por sus antolog\u00edas de poemas\u00a0<strong><em>Guahanani<\/em><\/strong>,\u00a0<strong><em>My Love<\/em><\/strong>\u00a0y\u00a0<strong><em>Bougainvillea Ringplay<\/em><\/strong>. Adem\u00e1s, su trabajo tambi\u00e9n ha sido publicado en\u00a0<strong>The Massachusetts Review<\/strong>,\u00a0<strong>The Caribbean Writer\u00a0<\/strong>y\u00a0<strong>Junction<\/strong>.<\/p>\n<div class=\"wp-block-image\">\n<figure class=\"aligncenter size-large\"><img decoding=\"async\" class=\"wp-image-29168 jetpack-lazy-image jetpack-lazy-image--handled\" src=\"https:\/\/i2.wp.com\/afrofeminas.com\/wp-content\/uploads\/2019\/10\/marion-bethel-by-ana-lisa-wells-3000073820-1571151509594.jpg?w=790&amp;ssl=1\" sizes=\"(max-width: 600px) 100vw, 600px\" srcset=\"https:\/\/i2.wp.com\/afrofeminas.com\/wp-content\/uploads\/2019\/10\/marion-bethel-by-ana-lisa-wells-3000073820-1571151509594.jpg?w=600&amp;ssl=1 600w, https:\/\/i2.wp.com\/afrofeminas.com\/wp-content\/uploads\/2019\/10\/marion-bethel-by-ana-lisa-wells-3000073820-1571151509594.jpg?resize=300%2C200&amp;ssl=1 300w\" alt=\"\" data-attachment-id=\"29168\" data-permalink=\"https:\/\/afrofeminas.com\/2019\/10\/17\/una-lista-de-algunas-escritoras-negras-que-deberias-leer-2\/marion-bethel-by-ana-lisa-wells\/\" data-orig-file=\"https:\/\/i2.wp.com\/afrofeminas.com\/wp-content\/uploads\/2019\/10\/marion-bethel-by-ana-lisa-wells-3000073820-1571151509594.jpg?fit=600%2C399&amp;ssl=1\" data-orig-size=\"600,399\" data-comments-opened=\"1\" data-image-meta=\"{&quot;aperture&quot;:&quot;0&quot;,&quot;credit&quot;:&quot;&quot;,&quot;camera&quot;:&quot;&quot;,&quot;caption&quot;:&quot;&quot;,&quot;created_timestamp&quot;:&quot;0&quot;,&quot;copyright&quot;:&quot;&quot;,&quot;focal_length&quot;:&quot;0&quot;,&quot;iso&quot;:&quot;0&quot;,&quot;shutter_speed&quot;:&quot;0&quot;,&quot;title&quot;:&quot;&quot;,&quot;orientation&quot;:&quot;0&quot;}\" data-image-title=\"marion-bethel-by-ana-lisa-wells\" data-image-description=\"\" data-medium-file=\"https:\/\/i2.wp.com\/afrofeminas.com\/wp-content\/uploads\/2019\/10\/marion-bethel-by-ana-lisa-wells-3000073820-1571151509594.jpg?fit=300%2C200&amp;ssl=1\" data-large-file=\"https:\/\/i2.wp.com\/afrofeminas.com\/wp-content\/uploads\/2019\/10\/marion-bethel-by-ana-lisa-wells-3000073820-1571151509594.jpg?fit=600%2C399&amp;ssl=1\" data-recalc-dims=\"1\" data-lazy-loaded=\"1\" \/><figcaption>Marion Bethel. Fotograf\u00eda de Ana Lisa Wellss<\/figcaption><\/figure>\n<\/div>\n<p>En 2012, su documental\u00a0<strong><em>Womanish Ways: Freedom, Human Right, and Democracy 1934-1962<\/em><\/strong>, recibi\u00f3 el Premio en Documental en el\u00a0<strong>Urban Suburban International Film Festival\u00a0<\/strong>en Filadelfia.<\/p>\n<p>Recibi\u00f3 la\u00a0<strong>Beca James Michener<\/strong>\u00a0en el Departamento de Ingl\u00e9s de la Universidad de Miami y el premio\u00a0<strong>CARICOM<\/strong>\u00a0por su contribuci\u00f3n al g\u00e9nero y la justicia.<\/p>\n<p>Marion tambi\u00e9n gan\u00f3 el\u00a0<strong>Premio Casa de Las Am\u00e9ricas\u00a0<\/strong>por su poes\u00eda. El mismo premio que logr\u00f3\u00a0<strong>Ana Maria Gon\u00e7alves<\/strong>\u00a0(1970), una escritora brasile\u00f1a, profesora de ingl\u00e9s y publicista nacida en Ibi\u00e1, Minas Gerais.<\/p>\n<div class=\"wp-block-image\">\n<figure class=\"aligncenter size-large\"><img decoding=\"async\" class=\"wp-image-29170 jetpack-lazy-image jetpack-lazy-image--handled\" src=\"https:\/\/i0.wp.com\/afrofeminas.com\/wp-content\/uploads\/2019\/10\/Credito_Christina-Rufatto-59.jpg?w=790&amp;ssl=1\" sizes=\"(max-width: 790px) 100vw, 790px\" srcset=\"https:\/\/i0.wp.com\/afrofeminas.com\/wp-content\/uploads\/2019\/10\/Credito_Christina-Rufatto-59.jpg?w=1772&amp;ssl=1 1772w, https:\/\/i0.wp.com\/afrofeminas.com\/wp-content\/uploads\/2019\/10\/Credito_Christina-Rufatto-59.jpg?resize=300%2C199&amp;ssl=1 300w, https:\/\/i0.wp.com\/afrofeminas.com\/wp-content\/uploads\/2019\/10\/Credito_Christina-Rufatto-59.jpg?resize=768%2C510&amp;ssl=1 768w, https:\/\/i0.wp.com\/afrofeminas.com\/wp-content\/uploads\/2019\/10\/Credito_Christina-Rufatto-59.jpg?resize=1024%2C680&amp;ssl=1 1024w, https:\/\/i0.wp.com\/afrofeminas.com\/wp-content\/uploads\/2019\/10\/Credito_Christina-Rufatto-59.jpg?resize=600%2C399&amp;ssl=1 600w, https:\/\/i0.wp.com\/afrofeminas.com\/wp-content\/uploads\/2019\/10\/Credito_Christina-Rufatto-59.jpg?w=1580&amp;ssl=1 1580w\" alt=\"\" data-attachment-id=\"29170\" data-permalink=\"https:\/\/afrofeminas.com\/2019\/10\/17\/una-lista-de-algunas-escritoras-negras-que-deberias-leer-2\/credito_christina-rufatto-59\/\" data-orig-file=\"https:\/\/i0.wp.com\/afrofeminas.com\/wp-content\/uploads\/2019\/10\/Credito_Christina-Rufatto-59.jpg?fit=1772%2C1177&amp;ssl=1\" data-orig-size=\"1772,1177\" data-comments-opened=\"1\" data-image-meta=\"{&quot;aperture&quot;:&quot;3.2&quot;,&quot;credit&quot;:&quot;Christina Rufatto&quot;,&quot;camera&quot;:&quot;NIKON D300&quot;,&quot;caption&quot;:&quot;&quot;,&quot;created_timestamp&quot;:&quot;1430946624&quot;,&quot;copyright&quot;:&quot;RUFATTOpress&quot;,&quot;focal_length&quot;:&quot;116&quot;,&quot;iso&quot;:&quot;800&quot;,&quot;shutter_speed&quot;:&quot;0.01&quot;,&quot;title&quot;:&quot;&quot;,&quot;orientation&quot;:&quot;1&quot;}\" data-image-title=\"Ana Maria Gon\u00e7alves  Credito_Christina-Rufatto-59\" data-image-description=\"\" data-medium-file=\"https:\/\/i0.wp.com\/afrofeminas.com\/wp-content\/uploads\/2019\/10\/Credito_Christina-Rufatto-59.jpg?fit=300%2C199&amp;ssl=1\" data-large-file=\"https:\/\/i0.wp.com\/afrofeminas.com\/wp-content\/uploads\/2019\/10\/Credito_Christina-Rufatto-59.jpg?fit=790%2C525&amp;ssl=1\" data-recalc-dims=\"1\" data-lazy-loaded=\"1\" \/><figcaption>Ana Maria Gon\u00e7alves. Fotograf\u00eda de Christina Rufatto<\/figcaption><\/figure>\n<\/div>\n<p>En 2002, decidi\u00f3 escribir a tiempo completo, lo que result\u00f3 en la publicaci\u00f3n de su primer libro\u00a0<strong><em>Ao lado e \u00e0 margem do que sentes por mim<\/em><\/strong>. En 2006, se imprimi\u00f3 su segundo libro\u00a0<strong><em>Um defeito de cor<\/em><\/strong>. Fue incluido en la lista del peri\u00f3dico\u00a0<strong>O Globo<\/strong>\u00a0por los mejores libros brasile\u00f1os de la d\u00e9cada anterior.<\/p>\n<p>Gran parte de su trabajo ha abarcado antolog\u00edas impresas en Italia y Portugal. Gon\u00e7alves tambi\u00e9n fue escritora residente en varias universidades, incluida la\u00a0<strong>Universidad de Stanford<\/strong>, la misma universidad donde\u00a0<strong>Veronica Chambers<\/strong>\u00a0(1970) hizo periodismo. Es escritora y editora nacida en Panam\u00e1 y criada en Brooklyn, NY.<\/p>\n<p>Ella es la autora de\u00a0<strong><em>Mama\u2019s Girls, Have it All: Black Women and Success<\/em><\/strong>,\u00a0<strong><em>Kickboxing Geishas: How Modern Japanese Women are change these Nation<\/em><\/strong>,\u00a0<strong><em>The Go-Between<\/em><\/strong>,\u00a0<strong><em>Quinceanera Means Sweet Fifteen<\/em><\/strong>, y otras.<\/p>\n<div class=\"wp-block-image\">\n<figure class=\"aligncenter size-large\"><img decoding=\"async\" class=\"wp-image-29172 jetpack-lazy-image jetpack-lazy-image--handled\" src=\"https:\/\/i2.wp.com\/afrofeminas.com\/wp-content\/uploads\/2019\/10\/Veronica-Chambers.jpg?w=790&amp;ssl=1\" sizes=\"(max-width: 790px) 100vw, 790px\" srcset=\"https:\/\/i2.wp.com\/afrofeminas.com\/wp-content\/uploads\/2019\/10\/Veronica-Chambers.jpg?w=2048&amp;ssl=1 2048w, https:\/\/i2.wp.com\/afrofeminas.com\/wp-content\/uploads\/2019\/10\/Veronica-Chambers.jpg?resize=300%2C200&amp;ssl=1 300w, https:\/\/i2.wp.com\/afrofeminas.com\/wp-content\/uploads\/2019\/10\/Veronica-Chambers.jpg?resize=768%2C512&amp;ssl=1 768w, https:\/\/i2.wp.com\/afrofeminas.com\/wp-content\/uploads\/2019\/10\/Veronica-Chambers.jpg?resize=1024%2C683&amp;ssl=1 1024w, https:\/\/i2.wp.com\/afrofeminas.com\/wp-content\/uploads\/2019\/10\/Veronica-Chambers.jpg?resize=600%2C400&amp;ssl=1 600w, https:\/\/i2.wp.com\/afrofeminas.com\/wp-content\/uploads\/2019\/10\/Veronica-Chambers.jpg?w=1580&amp;ssl=1 1580w\" alt=\"\" data-attachment-id=\"29172\" data-permalink=\"https:\/\/afrofeminas.com\/2019\/10\/17\/una-lista-de-algunas-escritoras-negras-que-deberias-leer-2\/veronica-chambers\/\" data-orig-file=\"https:\/\/i2.wp.com\/afrofeminas.com\/wp-content\/uploads\/2019\/10\/Veronica-Chambers.jpg?fit=2048%2C1365&amp;ssl=1\" data-orig-size=\"2048,1365\" data-comments-opened=\"1\" data-image-meta=\"{&quot;aperture&quot;:&quot;0&quot;,&quot;credit&quot;:&quot;&quot;,&quot;camera&quot;:&quot;&quot;,&quot;caption&quot;:&quot;&quot;,&quot;created_timestamp&quot;:&quot;0&quot;,&quot;copyright&quot;:&quot;&quot;,&quot;focal_length&quot;:&quot;0&quot;,&quot;iso&quot;:&quot;0&quot;,&quot;shutter_speed&quot;:&quot;0&quot;,&quot;title&quot;:&quot;&quot;,&quot;orientation&quot;:&quot;0&quot;}\" data-image-title=\"Veronica-Chambers\" data-image-description=\"\" data-medium-file=\"https:\/\/i2.wp.com\/afrofeminas.com\/wp-content\/uploads\/2019\/10\/Veronica-Chambers.jpg?fit=300%2C200&amp;ssl=1\" data-large-file=\"https:\/\/i2.wp.com\/afrofeminas.com\/wp-content\/uploads\/2019\/10\/Veronica-Chambers.jpg?fit=790%2C527&amp;ssl=1\" data-recalc-dims=\"1\" data-lazy-loaded=\"1\" \/><figcaption>Veronica Chambers<\/figcaption><\/figure>\n<\/div>\n<p>Tambi\u00e9n ha editado ensayos,\u00a0<strong><em>Meaning of Michelle: 16 Writers on the Iconic First Lady and How Her Journey Inspires Our Own<\/em><\/strong>\u00a0y\u00a0<strong><em>Queen Bey: A Celebration of the Power and Creativity of Beyonc\u00e9 Knowles-Carter<\/em><\/strong>.<\/p>\n<p>Ella es co-escritora de\u00a0<strong><em>Yes, Chef\u00a0<\/em><\/strong>con\u00a0<strong>Marcus Samuelsson<\/strong>\u00a0que gan\u00f3 el\u00a0<strong>Premio James Beard<\/strong>; y\u00a0<strong><em>32 Yorks\u00a0<\/em><\/strong>con\u00a0<strong>Eric Ripert<\/strong>, que fue uno de los m\u00e1s vendidos del\u00a0<strong>New York Times<\/strong>.<\/p>\n<p><strong>Muchos de nuestras escritoras son grandes editoras de libros, peri\u00f3dicos y ensayos. Veronica Chambers, nuestra autora anterior, fue editora en Newsweek, Glamour y The New Times Magazine, fue la primera mujer negra con ese t\u00edtulo. Yvonne Vera (1964-2005), tambi\u00e9n edit\u00f3 varias antolog\u00edas de escritoras africanas.<\/strong><\/p>\n<p>Naci\u00f3 en Bulawayo, Zimbabwe (\u00c1frica), estudi\u00f3 e imparti\u00f3 literatura inglesa en la escuela secundaria\u00a0<strong>Njube<\/strong>. A\u00f1os despu\u00e9s, emigr\u00f3 a Canad\u00e1, donde complet\u00f3 sus estudios superiores y trabaj\u00f3.<\/p>\n<div class=\"wp-block-image\">\n<figure class=\"aligncenter size-large\"><img decoding=\"async\" class=\"wp-image-29293 jetpack-lazy-image jetpack-lazy-image--handled\" src=\"https:\/\/i2.wp.com\/afrofeminas.com\/wp-content\/uploads\/2019\/10\/Yvonne_Vera_Zimbabwean_author.jpg?w=790&amp;ssl=1\" sizes=\"(max-width: 790px) 100vw, 790px\" srcset=\"https:\/\/i2.wp.com\/afrofeminas.com\/wp-content\/uploads\/2019\/10\/Yvonne_Vera_Zimbabwean_author.jpg?w=2048&amp;ssl=1 2048w, https:\/\/i2.wp.com\/afrofeminas.com\/wp-content\/uploads\/2019\/10\/Yvonne_Vera_Zimbabwean_author.jpg?resize=300%2C225&amp;ssl=1 300w, https:\/\/i2.wp.com\/afrofeminas.com\/wp-content\/uploads\/2019\/10\/Yvonne_Vera_Zimbabwean_author.jpg?resize=768%2C576&amp;ssl=1 768w, https:\/\/i2.wp.com\/afrofeminas.com\/wp-content\/uploads\/2019\/10\/Yvonne_Vera_Zimbabwean_author.jpg?resize=1024%2C768&amp;ssl=1 1024w, https:\/\/i2.wp.com\/afrofeminas.com\/wp-content\/uploads\/2019\/10\/Yvonne_Vera_Zimbabwean_author.jpg?resize=600%2C450&amp;ssl=1 600w, https:\/\/i2.wp.com\/afrofeminas.com\/wp-content\/uploads\/2019\/10\/Yvonne_Vera_Zimbabwean_author.jpg?w=1580&amp;ssl=1 1580w\" alt=\"\" data-attachment-id=\"29293\" data-permalink=\"https:\/\/afrofeminas.com\/2019\/10\/19\/una-lista-de-algunas-escritoras-negras-que-deberias-leer-3\/yvonne_vera_zimbabwean_author\/\" data-orig-file=\"https:\/\/i2.wp.com\/afrofeminas.com\/wp-content\/uploads\/2019\/10\/Yvonne_Vera_Zimbabwean_author.jpg?fit=2048%2C1536&amp;ssl=1\" data-orig-size=\"2048,1536\" data-comments-opened=\"1\" data-image-meta=\"{&quot;aperture&quot;:&quot;5.3&quot;,&quot;credit&quot;:&quot;&quot;,&quot;camera&quot;:&quot;E990&quot;,&quot;caption&quot;:&quot;&quot;,&quot;created_timestamp&quot;:&quot;1060267425&quot;,&quot;copyright&quot;:&quot;&quot;,&quot;focal_length&quot;:&quot;13.5&quot;,&quot;iso&quot;:&quot;100&quot;,&quot;shutter_speed&quot;:&quot;0.0062305295950156&quot;,&quot;title&quot;:&quot;&quot;,&quot;orientation&quot;:&quot;1&quot;}\" data-image-title=\"Yvonne_Vera_Zimbabwean_author\" data-image-description=\"\" data-medium-file=\"https:\/\/i2.wp.com\/afrofeminas.com\/wp-content\/uploads\/2019\/10\/Yvonne_Vera_Zimbabwean_author.jpg?fit=300%2C225&amp;ssl=1\" data-large-file=\"https:\/\/i2.wp.com\/afrofeminas.com\/wp-content\/uploads\/2019\/10\/Yvonne_Vera_Zimbabwean_author.jpg?fit=790%2C593&amp;ssl=1\" data-recalc-dims=\"1\" data-lazy-loaded=\"1\" \/><figcaption>Yvonne Vera<\/figcaption><\/figure>\n<\/div>\n<p>Mientras estudiaba public\u00f3 en la revista\u00a0<strong>Toronto<\/strong>\u00a0su primera colecci\u00f3n de cuentos,<strong><em>Why Don\u00b4t you Carve other Animals\u00a0<\/em><\/strong>(1992). Un a\u00f1o despu\u00e9s se imprimi\u00f3 su novela\u00a0<strong><em>Nehanda<\/em><\/strong>, seguida de Sin nombre,\u00a0<strong><em>\u00a0Without a Name, Under the Tongue, Butterfly Burning,\u00a0<\/em><\/strong>y<strong><em>\u00a0The Stone Virgins<\/em><\/strong>. Su escritura incursiona en temas como el colonialismo, sexismo, racismo, guerra o la opresi\u00f3n.<\/p>\n<p>Muchas de sus obras fueron preseleccionadas y ganaron premios como el de la\u00a0<strong>Commonwealth\u00a0<\/strong>para \u00c1frica, el\u00a0<strong>Premio Literario de Alemania<\/strong>, el\u00a0<strong>Premio del Escritor Macmillan<\/strong>\u00a0para \u00c1frica, el\u00a0<strong>Pen Tucholsky<\/strong>\u00a0de Suecia y otros.<\/p>\n<p>Vera era la directora de la\u00a0<strong>National Gallery<\/strong>\u00a0, una posici\u00f3n similar a la que\u00a0<strong>Victoria Santa Cruz\u00a0<\/strong>(1922-2014) tuvo en la\u00a0<strong>Escuela Nacional de Folklore de Per\u00fa<\/strong>.<\/p>\n<p>Esta poeta, core\u00f3grafa, compositora y activista afroperuana tuvo 10 hermanos a quienes sus padres les ense\u00f1aron la cultura afroperuana. Polifac\u00e9tica, fue pintora, bailarina, escritora y dramaturga. Junto con su hermano menor, fundaron\u00a0<strong>Cumanana<\/strong>, el primer teatro negro.<\/p>\n<p>A una edad temprana, Victoria sufri\u00f3 la mano del racismo. Esto le dio el coraje, la valent\u00eda y la creatividad para escribir su poema emblem\u00e1tico\u00a0<strong><em>\u00abMe gritaron Negra\u00bb<\/em><\/strong>.<\/p>\n<figure class=\"wp-block-embed-youtube aligncenter wp-block-embed is-type-video is-provider-youtube wp-embed-aspect-16-9 wp-has-aspect-ratio\">\n<div class=\"wp-block-embed__wrapper\"><span class=\"embed-youtube\"><iframe loading=\"lazy\" class=\"youtube-player\" src=\"https:\/\/www.youtube.com\/embed\/cHr8DTNRZdg?version=3&amp;rel=1&amp;fs=1&amp;autohide=2&amp;showsearch=0&amp;showinfo=1&amp;iv_load_policy=1&amp;wmode=transparent\" width=\"790\" height=\"445\" allowfullscreen=\"allowfullscreen\" data-mce-fragment=\"1\"><\/iframe><\/span><\/div>\n<\/figure>\n<p>Recibi\u00f3 premios y honores de los gobiernos peruano y franc\u00e9s. Sus obras hab\u00edan sido expuestas en museos y festivales en varios pa\u00edses. Su momento \u00e1lgido fue en 1968, cuando su grupo\u00a0<strong>Teatro y Danzas Negras del Per\u00fa<\/strong>\u00a0actu\u00f3 en los Juegos Ol\u00edmpicos en la Ciudad de M\u00e9xico. Sus piezas de arte se recogen en CD o plataformas web.<\/p>\n<p>Santa Cruz utiliz\u00f3 letras y m\u00fasica como instrumentos para mostrar sus poemas. Igualmente,<strong>\u00a0Elcina Valencia C\u00f3rdoba<\/strong>\u00a0(1963), utiliz\u00f3 estas mismas t\u00e9cnicas a\u00f1os m\u00e1s tarde en sus obras.<\/p>\n<p>Es escritora y m\u00fasica de Buenaventura, Colombia. Aprendi\u00f3 su inter\u00e9s art\u00edstico de su madre, que era m\u00fasica. A los 17 a\u00f1os, escribi\u00f3 su primer poema para uno de sus maestros de secundaria.<\/p>\n<div class=\"wp-block-image\">\n<figure class=\"alignright size-large\"><img decoding=\"async\" class=\"wp-image-22656 jetpack-lazy-image jetpack-lazy-image--handled\" src=\"https:\/\/i1.wp.com\/afrofeminas.com\/wp-content\/uploads\/2019\/04\/Elcina-Valencia-C%C3%B3rdoba.jpg?w=790&amp;ssl=1\" sizes=\"(max-width: 483px) 100vw, 483px\" srcset=\"https:\/\/i1.wp.com\/afrofeminas.com\/wp-content\/uploads\/2019\/04\/Elcina-Valencia-C\u00f3rdoba.jpg?w=483&amp;ssl=1 483w, https:\/\/i1.wp.com\/afrofeminas.com\/wp-content\/uploads\/2019\/04\/Elcina-Valencia-C\u00f3rdoba.jpg?resize=300%2C251&amp;ssl=1 300w\" alt=\"\" data-attachment-id=\"22656\" data-permalink=\"https:\/\/afrofeminas.com\/2019\/04\/19\/algunas-escritoras-afrocolombianas-que-deberias-conocer-y-leer\/elcina-valencia-cordoba\/\" data-orig-file=\"https:\/\/i1.wp.com\/afrofeminas.com\/wp-content\/uploads\/2019\/04\/Elcina-Valencia-C\u00f3rdoba.jpg?fit=483%2C404&amp;ssl=1\" data-orig-size=\"483,404\" data-comments-opened=\"1\" data-image-meta=\"{&quot;aperture&quot;:&quot;0&quot;,&quot;credit&quot;:&quot;ANGEL MANUEL VICENTE CURIEL&quot;,&quot;camera&quot;:&quot;&quot;,&quot;caption&quot;:&quot;&quot;,&quot;created_timestamp&quot;:&quot;0&quot;,&quot;copyright&quot;:&quot;&quot;,&quot;focal_length&quot;:&quot;0&quot;,&quot;iso&quot;:&quot;0&quot;,&quot;shutter_speed&quot;:&quot;0&quot;,&quot;title&quot;:&quot;&quot;,&quot;orientation&quot;:&quot;1&quot;}\" data-image-title=\"Elcina Valencia C\u00f3rdoba\" data-image-description=\"\" data-medium-file=\"https:\/\/i1.wp.com\/afrofeminas.com\/wp-content\/uploads\/2019\/04\/Elcina-Valencia-C\u00f3rdoba.jpg?fit=300%2C251&amp;ssl=1\" data-large-file=\"https:\/\/i1.wp.com\/afrofeminas.com\/wp-content\/uploads\/2019\/04\/Elcina-Valencia-C\u00f3rdoba.jpg?fit=483%2C404&amp;ssl=1\" data-recalc-dims=\"1\" data-lazy-loaded=\"1\" \/><figcaption>Elcina Valencia C\u00f3rdoba<\/figcaption><\/figure>\n<\/div>\n<p>Durante su carrera particip\u00f3 en varios eventos locales, nacionales e internacionales. En 1991, el\u00a0<strong>Museo Roldanillo Rayo<\/strong>\u00a0organiz\u00f3 un evento par para presentar su poes\u00eda. Esto caus\u00f3 una gran impresi\u00f3n en los directores del museo, por lo que decidieron publicar su primer libro titulado\u00a0<strong><em>Todos somos culpables<\/em><\/strong>.<br \/>\nOtras obras suya son\u00a0<strong><em>Rutas de autonom\u00eda y caminos de identidad, Susurros de palmeras, Analog\u00edas y anhelos<\/em><\/strong>\u00a0y<strong><em>\u00a0Pentagrama de pasi\u00f3n<\/em><\/strong>.<\/p>\n<p>Hab\u00eda recibido el premio<strong>\u00a0Almanegra<\/strong>\u00a0equivalente al Almamadre, otorgado a los escritores m\u00e1s prestigiosos y el\u00a0<strong>Premio Nacional de Poes\u00eda Er\u00f3tica<\/strong>. Recientemente fue incluida entre las mujeres m\u00e1s destacadas del Valle del Cauca.<\/p>\n<p>C\u00f3rdoba forma parte del comit\u00e9 de Buenaventura para preservar el folklore del Pac\u00edfico Sur. El mismo papel que desempe\u00f1\u00f3\u00a0<strong>Zora Neale Hurston\u00a0<\/strong>(1891-1960) para el folklore de EE. UU.<\/p>\n<p>Naci\u00f3 en Eatonville, Florida (EE. UU.). Fue la quinta de ocho hijos de un matrimonio de un carpintero-predicador y una maestro de escuela. Asisti\u00f3 a la escuela a una edad tard\u00eda (13); sin embargo, obtuvo una licenciatura en antropolog\u00eda.<\/p>\n<p>Fue una gran novelista, dramaturga e investigadora y una de las figuras del llamado Renacimiento de Harlem. De 1921 a 1935 public\u00f3 en revistas varias historias y ensayos, por ejemplo,\u00a0<strong><em>John Redding Goes to Sea, Spunk, Muttsy, The Fire and the Cloud, The Great Day\u00a0<\/em><\/strong>etc.<\/p>\n<figure class=\"wp-block-image size-large\"><img decoding=\"async\" class=\"wp-image-29296 jetpack-lazy-image jetpack-lazy-image--handled\" src=\"https:\/\/i2.wp.com\/afrofeminas.com\/wp-content\/uploads\/2019\/10\/Zora-Neale-Hurston.png?w=790&amp;ssl=1\" sizes=\"(max-width: 768px) 100vw, 768px\" srcset=\"https:\/\/i2.wp.com\/afrofeminas.com\/wp-content\/uploads\/2019\/10\/Zora-Neale-Hurston.png?w=768&amp;ssl=1 768w, https:\/\/i2.wp.com\/afrofeminas.com\/wp-content\/uploads\/2019\/10\/Zora-Neale-Hurston.png?resize=300%2C213&amp;ssl=1 300w, https:\/\/i2.wp.com\/afrofeminas.com\/wp-content\/uploads\/2019\/10\/Zora-Neale-Hurston.png?resize=600%2C426&amp;ssl=1 600w\" alt=\"\" data-attachment-id=\"29296\" data-permalink=\"https:\/\/afrofeminas.com\/2019\/10\/19\/una-lista-de-algunas-escritoras-negras-que-deberias-leer-3\/zora-neale-hurston\/\" data-orig-file=\"https:\/\/i2.wp.com\/afrofeminas.com\/wp-content\/uploads\/2019\/10\/Zora-Neale-Hurston.png?fit=768%2C545&amp;ssl=1\" data-orig-size=\"768,545\" data-comments-opened=\"1\" data-image-meta=\"{&quot;aperture&quot;:&quot;0&quot;,&quot;credit&quot;:&quot;&quot;,&quot;camera&quot;:&quot;&quot;,&quot;caption&quot;:&quot;&quot;,&quot;created_timestamp&quot;:&quot;0&quot;,&quot;copyright&quot;:&quot;&quot;,&quot;focal_length&quot;:&quot;0&quot;,&quot;iso&quot;:&quot;0&quot;,&quot;shutter_speed&quot;:&quot;0&quot;,&quot;title&quot;:&quot;&quot;,&quot;orientation&quot;:&quot;0&quot;}\" data-image-title=\"Zora-Neale-Hurston\" data-image-description=\"\" data-medium-file=\"https:\/\/i2.wp.com\/afrofeminas.com\/wp-content\/uploads\/2019\/10\/Zora-Neale-Hurston.png?fit=300%2C213&amp;ssl=1\" data-large-file=\"https:\/\/i2.wp.com\/afrofeminas.com\/wp-content\/uploads\/2019\/10\/Zora-Neale-Hurston.png?fit=768%2C545&amp;ssl=1\" data-recalc-dims=\"1\" data-lazy-loaded=\"1\" \/><figcaption>Zora Neale Hurston<\/figcaption><\/figure>\n<p>En 1934, public\u00f3 su primera novela<strong><em>\u00a0John\u2019s Gourd Vine<\/em><\/strong>, que fue reconocida por los cr\u00edticos. Los siguientes fueron\u00a0<strong><em>Mules and Men<\/em><\/strong>,\u00a0<strong><em>Their Eyes were Watching God<\/em><\/strong>, su obra maestra,\u00a0<strong><em>Tell My Horse<\/em><\/strong>,\u00a0<strong><em>Moses, Man on the Mountain,Dusk Tracks on the Road\u00a0<\/em><\/strong>y\u00a0<strong><em>Seraph on the Suwanee<\/em><\/strong>.<\/p>\n<p>Hurston gan\u00f3 varios premios literarios y de alumnos durante su carrera. En 1956, recibi\u00f3 un premio por Educaci\u00f3n y Relaciones Humanas en Bethune-Cookman College.<\/p>\n<p>Durante su carrera, Hurston viaj\u00f3 a varios pa\u00edses para recopilar la historia de las comunidades negras.\u00a0<strong><a href=\"https:\/\/afrofeminas.com\/2018\/12\/14\/entrevista-a-la-escritora-angela-nzambi-algunas-personas-aceptan-los-discursos-racistas-y-xenofobos-y-se-convierten-en-victimas-de-sus-efectos\/\" target=\"_blank\" rel=\"noreferrer noopener\" aria-label=\" (abre en una nueva pesta\u00f1a)\">Angela Nzambi\u00a0<\/a><\/strong>(1971), nacida en Lia, un distrito de Bata, Guinea Ecuatorial (\u00c1frica), tambi\u00e9n recopil\u00f3 la historia oral de su comunidad para usarla en sus libros.<\/p>\n<div class=\"wp-block-image\">\n<figure class=\"aligncenter size-large\"><img decoding=\"async\" class=\"wp-image-21446 jetpack-lazy-image jetpack-lazy-image--handled\" src=\"https:\/\/i2.wp.com\/afrofeminas.com\/wp-content\/uploads\/2018\/12\/Angela-Nzambi.jpg?w=790&amp;ssl=1\" sizes=\"(max-width: 790px) 100vw, 790px\" srcset=\"https:\/\/i2.wp.com\/afrofeminas.com\/wp-content\/uploads\/2018\/12\/Angela-Nzambi.jpg?w=3648&amp;ssl=1 3648w, https:\/\/i2.wp.com\/afrofeminas.com\/wp-content\/uploads\/2018\/12\/Angela-Nzambi.jpg?resize=300%2C193&amp;ssl=1 300w, https:\/\/i2.wp.com\/afrofeminas.com\/wp-content\/uploads\/2018\/12\/Angela-Nzambi.jpg?resize=768%2C493&amp;ssl=1 768w, https:\/\/i2.wp.com\/afrofeminas.com\/wp-content\/uploads\/2018\/12\/Angela-Nzambi.jpg?resize=1024%2C657&amp;ssl=1 1024w, https:\/\/i2.wp.com\/afrofeminas.com\/wp-content\/uploads\/2018\/12\/Angela-Nzambi.jpg?resize=600%2C385&amp;ssl=1 600w, https:\/\/i2.wp.com\/afrofeminas.com\/wp-content\/uploads\/2018\/12\/Angela-Nzambi.jpg?w=1580&amp;ssl=1 1580w, https:\/\/i2.wp.com\/afrofeminas.com\/wp-content\/uploads\/2018\/12\/Angela-Nzambi.jpg?w=2370&amp;ssl=1 2370w\" alt=\"\" data-attachment-id=\"21446\" data-permalink=\"https:\/\/afrofeminas.com\/2018\/12\/14\/entrevista-a-la-escritora-angela-nzambi-algunas-personas-aceptan-los-discursos-racistas-y-xenofobos-y-se-convierten-en-victimas-de-sus-efectos\/angela-nzambi\/\" data-orig-file=\"https:\/\/i2.wp.com\/afrofeminas.com\/wp-content\/uploads\/2018\/12\/Angela-Nzambi.jpg?fit=3648%2C2341&amp;ssl=1\" data-orig-size=\"3648,2341\" data-comments-opened=\"1\" data-image-meta=\"{&quot;aperture&quot;:&quot;0&quot;,&quot;credit&quot;:&quot;&quot;,&quot;camera&quot;:&quot;&quot;,&quot;caption&quot;:&quot;&quot;,&quot;created_timestamp&quot;:&quot;1544746184&quot;,&quot;copyright&quot;:&quot;senchermes fotografia&quot;,&quot;focal_length&quot;:&quot;0&quot;,&quot;iso&quot;:&quot;0&quot;,&quot;shutter_speed&quot;:&quot;0&quot;,&quot;title&quot;:&quot;&quot;,&quot;orientation&quot;:&quot;1&quot;}\" data-image-title=\"Angela Nzambi\" data-image-description=\"\" data-medium-file=\"https:\/\/i2.wp.com\/afrofeminas.com\/wp-content\/uploads\/2018\/12\/Angela-Nzambi.jpg?fit=300%2C193&amp;ssl=1\" data-large-file=\"https:\/\/i2.wp.com\/afrofeminas.com\/wp-content\/uploads\/2018\/12\/Angela-Nzambi.jpg?fit=790%2C507&amp;ssl=1\" data-recalc-dims=\"1\" data-lazy-loaded=\"1\" \/><figcaption>Angela Nzambi<\/figcaption><\/figure>\n<\/div>\n<p>Esta escritora, feminista y luchadora por los derechos humanos que reside en Valencia, Espa\u00f1a, es activista activa de la comunidad negra y los migrantes.<\/p>\n<p>El trabajo literario de Nzambi incluye a Nguisi, basado en una tradici\u00f3n oral de su pueblo e historias de su vida personal.\u00a0<strong><em>Biyaare<\/em><\/strong>\u00a0(Estrellas) describe diferentes personajes que se hab\u00edan mostrado como estrellas. Su tercer libro\u00a0<em><strong>Mayimbo<\/strong><\/em>\u00a0gan\u00f3 el\u00a0<strong>Premio Internacional Justo Bolekia Bolek\u00e1\u00a0<\/strong>de Literatura Africana.<\/p>\n<p>Tambi\u00e9n particip\u00f3 en la producci\u00f3n en los libros colectivos de relatos\u00a0<em><strong>Navidad dulce, Navidad\u00a0<\/strong><\/em>y<em><strong>\u00a023 Relatos sin Fronteras.<\/strong><\/em><\/p>\n<p>Muchas de las escritoras mencionadas anteriormente son consideradas feministas, como es el caso de nuestra \u00faltima autora reconocida, que es un escritora en\u00e9rgica y artista brasile\u00f1a.\u00a0<strong>Jenyffer Nascimento<\/strong>\u00a0naci\u00f3 en 1984, en la ciudad de Paulista, Pernambuco.\u00a0Es productora y apreciadora del arte.\u00a0El deseo de escribir le viene muy joven.\u00a0Es en la adolescencia que comienza a escribir con letras de Rap, la forma en que encontr\u00f3 para canalizar sus revueltas, angustias y esperanzas.<\/p>\n<p>Nascimento describe en sus poemas temas sociales, su relaci\u00f3n con la tierra o la ciudad, el orgullo de ser mujer negra, sobre el amor, experiencias de mujeres negras, entre otros temas.<\/p>\n<div class=\"wp-block-image\">\n<figure class=\"aligncenter size-large\"><img decoding=\"async\" class=\"wp-image-29301 jetpack-lazy-image jetpack-lazy-image--handled\" src=\"https:\/\/i1.wp.com\/afrofeminas.com\/wp-content\/uploads\/2019\/10\/Jenyffer-Nascimento.jpg?w=790&amp;ssl=1\" sizes=\"(max-width: 600px) 100vw, 600px\" srcset=\"https:\/\/i1.wp.com\/afrofeminas.com\/wp-content\/uploads\/2019\/10\/Jenyffer-Nascimento.jpg?w=600&amp;ssl=1 600w, https:\/\/i1.wp.com\/afrofeminas.com\/wp-content\/uploads\/2019\/10\/Jenyffer-Nascimento.jpg?resize=300%2C200&amp;ssl=1 300w\" alt=\"\" data-attachment-id=\"29301\" data-permalink=\"https:\/\/afrofeminas.com\/2019\/10\/19\/una-lista-de-algunas-escritoras-negras-que-deberias-leer-3\/jenyffer-nascimento\/\" data-orig-file=\"https:\/\/i1.wp.com\/afrofeminas.com\/wp-content\/uploads\/2019\/10\/Jenyffer-Nascimento.jpg?fit=600%2C400&amp;ssl=1\" data-orig-size=\"600,400\" data-comments-opened=\"1\" data-image-meta=\"{&quot;aperture&quot;:&quot;0&quot;,&quot;credit&quot;:&quot;&quot;,&quot;camera&quot;:&quot;&quot;,&quot;caption&quot;:&quot;&quot;,&quot;created_timestamp&quot;:&quot;0&quot;,&quot;copyright&quot;:&quot;&quot;,&quot;focal_length&quot;:&quot;0&quot;,&quot;iso&quot;:&quot;0&quot;,&quot;shutter_speed&quot;:&quot;0&quot;,&quot;title&quot;:&quot;&quot;,&quot;orientation&quot;:&quot;0&quot;}\" data-image-title=\"Jenyffer Nascimento\" data-image-description=\"\" data-medium-file=\"https:\/\/i1.wp.com\/afrofeminas.com\/wp-content\/uploads\/2019\/10\/Jenyffer-Nascimento.jpg?fit=300%2C200&amp;ssl=1\" data-large-file=\"https:\/\/i1.wp.com\/afrofeminas.com\/wp-content\/uploads\/2019\/10\/Jenyffer-Nascimento.jpg?fit=600%2C400&amp;ssl=1\" data-recalc-dims=\"1\" data-lazy-loaded=\"1\" \/><figcaption>Jenyffer Nascimento<\/figcaption><\/figure>\n<\/div>\n<p>Su libro\u00a0<strong><em>Terra F\u00e9rtil<\/em><\/strong>\u00a0es una colecci\u00f3n de poemas que muestra las experiencias de las <a href=\"https:\/\/diariofemenino.com.ar\/el-feminismo-negro-y-el-afrofemicidio\/\">mujeres negras<\/a> de las afueras de S\u00e3o Paulo. Sus poemas tambi\u00e9n se han publicado en\u00a0<strong><em>Pretextos de Mulheres Negras<\/em><\/strong>, que recopila el trabajo de 22 escritoras negras contempor\u00e1neas.<\/p>\n<figure class=\"wp-block-embed-youtube aligncenter wp-block-embed is-type-video is-provider-youtube wp-embed-aspect-16-9 wp-has-aspect-ratio\">\n<div class=\"wp-block-embed__wrapper\"><span class=\"embed-youtube\"><iframe loading=\"lazy\" class=\"youtube-player\" src=\"https:\/\/www.youtube.com\/embed\/xKJoY3K-awI?version=3&amp;rel=1&amp;fs=1&amp;autohide=2&amp;showsearch=0&amp;showinfo=1&amp;iv_load_policy=1&amp;wmode=transparent\" width=\"790\" height=\"445\" allowfullscreen=\"allowfullscreen\" data-mce-fragment=\"1\"><\/iframe><\/span><\/div>\n<\/figure>\n<p>Su personalidad como mujer sensible y cuestionadora impregna todo su trabajo, en el cual la experiencia con el mundo y su relaci\u00f3n con la vivencia de las mujeres negras se convierte en poes\u00eda de lucha y afirmaci\u00f3n, a trav\u00e9s de un lenguaje cercano, a pesar de tratar temas relevantes de la sociedad contempor\u00e1nea<\/p>\n<p>&nbsp;<\/p>\n<p>&nbsp;<\/p>\n<p>Fuente: <a href=\"https:\/\/afrofeminas.com\/2019\/10\/19\/una-lista-de-algunas-escritoras-negras-que-deberias-leer-3\/\">Afrof\u00e9minas<\/a><\/p>\n<p>&nbsp;<\/p>\n<p><a href=\"https:\/\/diariofemenino.com.ar\/\">Diario Digital Femenino<\/a><\/p>\n","protected":false},"excerpt":{"rendered":"<p>Escritoras negras Febrero es el Mes de la Historia Negra. Te recomendamos que compres escritorxs afrodescendientes o africanos y para darles el lugar que se merecen. AFROF\u00c9MINAS Seguro que has o\u00eddo hablar de activistas famosas como\u00a0Harriet Tubman,\u00a0Sojourner Truth, Rosa Parks, Daisy Bates, Ella Baker, Fannie Lou Hamer, Coretta Scott King y\u00a0Angela Davis, por mencionar solo [&hellip;]<\/p>\n","protected":false},"author":4,"featured_media":46032,"comment_status":"open","ping_status":"open","sticky":false,"template":"","format":"standard","meta":{"iawp_total_views":653,"footnotes":""},"categories":[1067,19,6,21],"tags":[2840],"class_list":["post-46018","post","type-post","status-publish","format-standard","has-post-thumbnail","hentry","category-agenda-feminista","category-biblioteca","category-articulos","category-noticias","tag-escritoras-negras"],"nelio_content":{"autoShareEndMode":"never","automationSources":{"useCustomSentences":false,"customSentences":[]},"efiAlt":"","efiUrl":"","followers":[4],"highlights":[],"isAutoShareEnabled":true,"networkImageIds":[],"permalinkQueryArgs":[],"series":[],"suggestedReferences":[]},"yoast_head":"<!-- This site is optimized with the Yoast SEO plugin v27.5 - https:\/\/yoast.com\/product\/yoast-seo-wordpress\/ -->\n<title>Una lista de algunas escritoras negras que deber\u00edas leer - Diario Digital Femenino<\/title>\n<meta name=\"description\" content=\"Escritoras negras. Febrero es el Mes de la Historia Negra. Te recomendamos que compres escritorxs afrodescendientes o africanos\" \/>\n<meta name=\"robots\" content=\"index, follow, max-snippet:-1, max-image-preview:large, max-video-preview:-1\" \/>\n<link rel=\"canonical\" href=\"https:\/\/diariofemenino.com.ar\/df\/escritoras-negras\/\" \/>\n<meta property=\"og:locale\" content=\"es_ES\" \/>\n<meta property=\"og:type\" content=\"article\" \/>\n<meta property=\"og:title\" content=\"Una lista de algunas escritoras negras que deber\u00edas leer - Diario Digital Femenino\" \/>\n<meta property=\"og:description\" content=\"Escritoras negras. Febrero es el Mes de la Historia Negra. Te recomendamos que compres escritorxs afrodescendientes o africanos\" \/>\n<meta property=\"og:url\" content=\"https:\/\/diariofemenino.com.ar\/df\/escritoras-negras\/\" \/>\n<meta property=\"og:site_name\" content=\"Diario Digital Femenino\" \/>\n<meta property=\"article:publisher\" content=\"https:\/\/www.facebook.com\/DiarioDigitaFemenino\/\" \/>\n<meta property=\"article:published_time\" content=\"2020-02-03T13:48:52+00:00\" \/>\n<meta property=\"og:image\" content=\"https:\/\/diariofemenino.com.ar\/df\/wp-content\/uploads\/2020\/02\/sub-buzz-6728-1487353504-6.jpg\" \/>\n\t<meta property=\"og:image:width\" content=\"1024\" \/>\n\t<meta property=\"og:image:height\" content=\"709\" \/>\n\t<meta property=\"og:image:type\" content=\"image\/jpeg\" \/>\n<meta name=\"author\" content=\"Admin\" \/>\n<meta name=\"twitter:card\" content=\"summary_large_image\" \/>\n<meta name=\"twitter:creator\" content=\"@DiarioFemenino1\" \/>\n<meta name=\"twitter:site\" content=\"@DiarioFemenino1\" \/>\n<meta name=\"twitter:label1\" content=\"Escrito por\" \/>\n\t<meta name=\"twitter:data1\" content=\"Admin\" \/>\n\t<meta name=\"twitter:label2\" content=\"Tiempo de lectura\" \/>\n\t<meta name=\"twitter:data2\" content=\"18 minutos\" \/>\n<script type=\"application\/ld+json\" class=\"yoast-schema-graph\">{\"@context\":\"https:\\\/\\\/schema.org\",\"@graph\":[{\"@type\":\"Article\",\"@id\":\"https:\\\/\\\/diariofemenino.com.ar\\\/df\\\/escritoras-negras\\\/#article\",\"isPartOf\":{\"@id\":\"https:\\\/\\\/diariofemenino.com.ar\\\/df\\\/escritoras-negras\\\/\"},\"author\":{\"name\":\"Admin\",\"@id\":\"https:\\\/\\\/diariofemenino.com.ar\\\/df\\\/#\\\/schema\\\/person\\\/bf6199e8158c657ea6f789b11ec85509\"},\"headline\":\"Una lista de algunas escritoras negras que deber\u00edas leer\",\"datePublished\":\"2020-02-03T13:48:52+00:00\",\"mainEntityOfPage\":{\"@id\":\"https:\\\/\\\/diariofemenino.com.ar\\\/df\\\/escritoras-negras\\\/\"},\"wordCount\":3593,\"commentCount\":0,\"publisher\":{\"@id\":\"https:\\\/\\\/diariofemenino.com.ar\\\/df\\\/#organization\"},\"image\":{\"@id\":\"https:\\\/\\\/diariofemenino.com.ar\\\/df\\\/escritoras-negras\\\/#primaryimage\"},\"thumbnailUrl\":\"https:\\\/\\\/diariofemenino.com.ar\\\/df\\\/wp-content\\\/uploads\\\/2020\\\/02\\\/sub-buzz-6728-1487353504-6.jpg\",\"keywords\":[\"Escritoras negras\"],\"articleSection\":[\"Agenda Feminista\",\"Biblioteca Virtual\",\"Mujeres en Palabras\",\"Noticias\"],\"inLanguage\":\"es\",\"potentialAction\":[{\"@type\":\"CommentAction\",\"name\":\"Comment\",\"target\":[\"https:\\\/\\\/diariofemenino.com.ar\\\/df\\\/escritoras-negras\\\/#respond\"]}]},{\"@type\":\"WebPage\",\"@id\":\"https:\\\/\\\/diariofemenino.com.ar\\\/df\\\/escritoras-negras\\\/\",\"url\":\"https:\\\/\\\/diariofemenino.com.ar\\\/df\\\/escritoras-negras\\\/\",\"name\":\"Una lista de algunas escritoras negras que deber\u00edas leer - Diario Digital Femenino\",\"isPartOf\":{\"@id\":\"https:\\\/\\\/diariofemenino.com.ar\\\/df\\\/#website\"},\"primaryImageOfPage\":{\"@id\":\"https:\\\/\\\/diariofemenino.com.ar\\\/df\\\/escritoras-negras\\\/#primaryimage\"},\"image\":{\"@id\":\"https:\\\/\\\/diariofemenino.com.ar\\\/df\\\/escritoras-negras\\\/#primaryimage\"},\"thumbnailUrl\":\"https:\\\/\\\/diariofemenino.com.ar\\\/df\\\/wp-content\\\/uploads\\\/2020\\\/02\\\/sub-buzz-6728-1487353504-6.jpg\",\"datePublished\":\"2020-02-03T13:48:52+00:00\",\"description\":\"Escritoras negras. Febrero es el Mes de la Historia Negra. Te recomendamos que compres escritorxs afrodescendientes o africanos\",\"breadcrumb\":{\"@id\":\"https:\\\/\\\/diariofemenino.com.ar\\\/df\\\/escritoras-negras\\\/#breadcrumb\"},\"inLanguage\":\"es\",\"potentialAction\":[{\"@type\":\"ReadAction\",\"target\":[\"https:\\\/\\\/diariofemenino.com.ar\\\/df\\\/escritoras-negras\\\/\"]}]},{\"@type\":\"ImageObject\",\"inLanguage\":\"es\",\"@id\":\"https:\\\/\\\/diariofemenino.com.ar\\\/df\\\/escritoras-negras\\\/#primaryimage\",\"url\":\"https:\\\/\\\/diariofemenino.com.ar\\\/df\\\/wp-content\\\/uploads\\\/2020\\\/02\\\/sub-buzz-6728-1487353504-6.jpg\",\"contentUrl\":\"https:\\\/\\\/diariofemenino.com.ar\\\/df\\\/wp-content\\\/uploads\\\/2020\\\/02\\\/sub-buzz-6728-1487353504-6.jpg\",\"width\":1024,\"height\":709,\"caption\":\"Una lista de algunas escritoras negras que deber\u00edas leer\"},{\"@type\":\"BreadcrumbList\",\"@id\":\"https:\\\/\\\/diariofemenino.com.ar\\\/df\\\/escritoras-negras\\\/#breadcrumb\",\"itemListElement\":[{\"@type\":\"ListItem\",\"position\":1,\"name\":\"Portada\",\"item\":\"https:\\\/\\\/diariofemenino.com.ar\\\/df\\\/\"},{\"@type\":\"ListItem\",\"position\":2,\"name\":\"Una lista de algunas escritoras negras que deber\u00edas leer\"}]},{\"@type\":\"WebSite\",\"@id\":\"https:\\\/\\\/diariofemenino.com.ar\\\/df\\\/#website\",\"url\":\"https:\\\/\\\/diariofemenino.com.ar\\\/df\\\/\",\"name\":\"Diario Digital Femenino\",\"description\":\"Cuesti\u00f3n de G\u00e9nero\",\"publisher\":{\"@id\":\"https:\\\/\\\/diariofemenino.com.ar\\\/df\\\/#organization\"},\"potentialAction\":[{\"@type\":\"SearchAction\",\"target\":{\"@type\":\"EntryPoint\",\"urlTemplate\":\"https:\\\/\\\/diariofemenino.com.ar\\\/df\\\/?s={search_term_string}\"},\"query-input\":{\"@type\":\"PropertyValueSpecification\",\"valueRequired\":true,\"valueName\":\"search_term_string\"}}],\"inLanguage\":\"es\"},{\"@type\":\"Organization\",\"@id\":\"https:\\\/\\\/diariofemenino.com.ar\\\/df\\\/#organization\",\"name\":\"Diario Femenino\",\"url\":\"https:\\\/\\\/diariofemenino.com.ar\\\/df\\\/\",\"logo\":{\"@type\":\"ImageObject\",\"inLanguage\":\"es\",\"@id\":\"https:\\\/\\\/diariofemenino.com.ar\\\/df\\\/#\\\/schema\\\/logo\\\/image\\\/\",\"url\":\"https:\\\/\\\/diariofemenino.com.ar\\\/df\\\/wp-content\\\/uploads\\\/2018\\\/10\\\/logo.png\",\"contentUrl\":\"https:\\\/\\\/diariofemenino.com.ar\\\/df\\\/wp-content\\\/uploads\\\/2018\\\/10\\\/logo.png\",\"width\":500,\"height\":92,\"caption\":\"Diario Femenino\"},\"image\":{\"@id\":\"https:\\\/\\\/diariofemenino.com.ar\\\/df\\\/#\\\/schema\\\/logo\\\/image\\\/\"},\"sameAs\":[\"https:\\\/\\\/www.facebook.com\\\/DiarioDigitaFemenino\\\/\",\"https:\\\/\\\/x.com\\\/DiarioFemenino1\"]},{\"@type\":\"Person\",\"@id\":\"https:\\\/\\\/diariofemenino.com.ar\\\/df\\\/#\\\/schema\\\/person\\\/bf6199e8158c657ea6f789b11ec85509\",\"name\":\"Admin\",\"image\":{\"@type\":\"ImageObject\",\"inLanguage\":\"es\",\"@id\":\"https:\\\/\\\/diariofemenino.com.ar\\\/df\\\/wp-content\\\/uploads\\\/2018\\\/12\\\/favicon-150x150.jpg\",\"url\":\"https:\\\/\\\/diariofemenino.com.ar\\\/df\\\/wp-content\\\/uploads\\\/2018\\\/12\\\/favicon-150x150.jpg\",\"contentUrl\":\"https:\\\/\\\/diariofemenino.com.ar\\\/df\\\/wp-content\\\/uploads\\\/2018\\\/12\\\/favicon-150x150.jpg\",\"caption\":\"Admin\"},\"url\":\"https:\\\/\\\/diariofemenino.com.ar\\\/df\\\/author\\\/lenny\\\/\"}]}<\/script>\n<!-- \/ Yoast SEO plugin. -->","yoast_head_json":{"title":"Una lista de algunas escritoras negras que deber\u00edas leer - Diario Digital Femenino","description":"Escritoras negras. Febrero es el Mes de la Historia Negra. Te recomendamos que compres escritorxs afrodescendientes o africanos","robots":{"index":"index","follow":"follow","max-snippet":"max-snippet:-1","max-image-preview":"max-image-preview:large","max-video-preview":"max-video-preview:-1"},"canonical":"https:\/\/diariofemenino.com.ar\/df\/escritoras-negras\/","og_locale":"es_ES","og_type":"article","og_title":"Una lista de algunas escritoras negras que deber\u00edas leer - Diario Digital Femenino","og_description":"Escritoras negras. Febrero es el Mes de la Historia Negra. Te recomendamos que compres escritorxs afrodescendientes o africanos","og_url":"https:\/\/diariofemenino.com.ar\/df\/escritoras-negras\/","og_site_name":"Diario Digital Femenino","article_publisher":"https:\/\/www.facebook.com\/DiarioDigitaFemenino\/","article_published_time":"2020-02-03T13:48:52+00:00","og_image":[{"width":1024,"height":709,"url":"https:\/\/diariofemenino.com.ar\/df\/wp-content\/uploads\/2020\/02\/sub-buzz-6728-1487353504-6.jpg","type":"image\/jpeg"}],"author":"Admin","twitter_card":"summary_large_image","twitter_creator":"@DiarioFemenino1","twitter_site":"@DiarioFemenino1","twitter_misc":{"Escrito por":"Admin","Tiempo de lectura":"18 minutos"},"schema":{"@context":"https:\/\/schema.org","@graph":[{"@type":"Article","@id":"https:\/\/diariofemenino.com.ar\/df\/escritoras-negras\/#article","isPartOf":{"@id":"https:\/\/diariofemenino.com.ar\/df\/escritoras-negras\/"},"author":{"name":"Admin","@id":"https:\/\/diariofemenino.com.ar\/df\/#\/schema\/person\/bf6199e8158c657ea6f789b11ec85509"},"headline":"Una lista de algunas escritoras negras que deber\u00edas leer","datePublished":"2020-02-03T13:48:52+00:00","mainEntityOfPage":{"@id":"https:\/\/diariofemenino.com.ar\/df\/escritoras-negras\/"},"wordCount":3593,"commentCount":0,"publisher":{"@id":"https:\/\/diariofemenino.com.ar\/df\/#organization"},"image":{"@id":"https:\/\/diariofemenino.com.ar\/df\/escritoras-negras\/#primaryimage"},"thumbnailUrl":"https:\/\/diariofemenino.com.ar\/df\/wp-content\/uploads\/2020\/02\/sub-buzz-6728-1487353504-6.jpg","keywords":["Escritoras negras"],"articleSection":["Agenda Feminista","Biblioteca Virtual","Mujeres en Palabras","Noticias"],"inLanguage":"es","potentialAction":[{"@type":"CommentAction","name":"Comment","target":["https:\/\/diariofemenino.com.ar\/df\/escritoras-negras\/#respond"]}]},{"@type":"WebPage","@id":"https:\/\/diariofemenino.com.ar\/df\/escritoras-negras\/","url":"https:\/\/diariofemenino.com.ar\/df\/escritoras-negras\/","name":"Una lista de algunas escritoras negras que deber\u00edas leer - Diario Digital Femenino","isPartOf":{"@id":"https:\/\/diariofemenino.com.ar\/df\/#website"},"primaryImageOfPage":{"@id":"https:\/\/diariofemenino.com.ar\/df\/escritoras-negras\/#primaryimage"},"image":{"@id":"https:\/\/diariofemenino.com.ar\/df\/escritoras-negras\/#primaryimage"},"thumbnailUrl":"https:\/\/diariofemenino.com.ar\/df\/wp-content\/uploads\/2020\/02\/sub-buzz-6728-1487353504-6.jpg","datePublished":"2020-02-03T13:48:52+00:00","description":"Escritoras negras. Febrero es el Mes de la Historia Negra. Te recomendamos que compres escritorxs afrodescendientes o africanos","breadcrumb":{"@id":"https:\/\/diariofemenino.com.ar\/df\/escritoras-negras\/#breadcrumb"},"inLanguage":"es","potentialAction":[{"@type":"ReadAction","target":["https:\/\/diariofemenino.com.ar\/df\/escritoras-negras\/"]}]},{"@type":"ImageObject","inLanguage":"es","@id":"https:\/\/diariofemenino.com.ar\/df\/escritoras-negras\/#primaryimage","url":"https:\/\/diariofemenino.com.ar\/df\/wp-content\/uploads\/2020\/02\/sub-buzz-6728-1487353504-6.jpg","contentUrl":"https:\/\/diariofemenino.com.ar\/df\/wp-content\/uploads\/2020\/02\/sub-buzz-6728-1487353504-6.jpg","width":1024,"height":709,"caption":"Una lista de algunas escritoras negras que deber\u00edas leer"},{"@type":"BreadcrumbList","@id":"https:\/\/diariofemenino.com.ar\/df\/escritoras-negras\/#breadcrumb","itemListElement":[{"@type":"ListItem","position":1,"name":"Portada","item":"https:\/\/diariofemenino.com.ar\/df\/"},{"@type":"ListItem","position":2,"name":"Una lista de algunas escritoras negras que deber\u00edas leer"}]},{"@type":"WebSite","@id":"https:\/\/diariofemenino.com.ar\/df\/#website","url":"https:\/\/diariofemenino.com.ar\/df\/","name":"Diario Digital Femenino","description":"Cuesti\u00f3n de G\u00e9nero","publisher":{"@id":"https:\/\/diariofemenino.com.ar\/df\/#organization"},"potentialAction":[{"@type":"SearchAction","target":{"@type":"EntryPoint","urlTemplate":"https:\/\/diariofemenino.com.ar\/df\/?s={search_term_string}"},"query-input":{"@type":"PropertyValueSpecification","valueRequired":true,"valueName":"search_term_string"}}],"inLanguage":"es"},{"@type":"Organization","@id":"https:\/\/diariofemenino.com.ar\/df\/#organization","name":"Diario Femenino","url":"https:\/\/diariofemenino.com.ar\/df\/","logo":{"@type":"ImageObject","inLanguage":"es","@id":"https:\/\/diariofemenino.com.ar\/df\/#\/schema\/logo\/image\/","url":"https:\/\/diariofemenino.com.ar\/df\/wp-content\/uploads\/2018\/10\/logo.png","contentUrl":"https:\/\/diariofemenino.com.ar\/df\/wp-content\/uploads\/2018\/10\/logo.png","width":500,"height":92,"caption":"Diario Femenino"},"image":{"@id":"https:\/\/diariofemenino.com.ar\/df\/#\/schema\/logo\/image\/"},"sameAs":["https:\/\/www.facebook.com\/DiarioDigitaFemenino\/","https:\/\/x.com\/DiarioFemenino1"]},{"@type":"Person","@id":"https:\/\/diariofemenino.com.ar\/df\/#\/schema\/person\/bf6199e8158c657ea6f789b11ec85509","name":"Admin","image":{"@type":"ImageObject","inLanguage":"es","@id":"https:\/\/diariofemenino.com.ar\/df\/wp-content\/uploads\/2018\/12\/favicon-150x150.jpg","url":"https:\/\/diariofemenino.com.ar\/df\/wp-content\/uploads\/2018\/12\/favicon-150x150.jpg","contentUrl":"https:\/\/diariofemenino.com.ar\/df\/wp-content\/uploads\/2018\/12\/favicon-150x150.jpg","caption":"Admin"},"url":"https:\/\/diariofemenino.com.ar\/df\/author\/lenny\/"}]}},"jetpack_featured_media_url":"https:\/\/diariofemenino.com.ar\/df\/wp-content\/uploads\/2020\/02\/sub-buzz-6728-1487353504-6.jpg","jetpack_sharing_enabled":true,"rttpg_featured_image_url":{"full":["https:\/\/diariofemenino.com.ar\/df\/wp-content\/uploads\/2020\/02\/sub-buzz-6728-1487353504-6.jpg",1024,709,false],"landscape":["https:\/\/diariofemenino.com.ar\/df\/wp-content\/uploads\/2020\/02\/sub-buzz-6728-1487353504-6.jpg",1024,709,false],"portraits":["https:\/\/diariofemenino.com.ar\/df\/wp-content\/uploads\/2020\/02\/sub-buzz-6728-1487353504-6.jpg",1024,709,false],"thumbnail":["https:\/\/diariofemenino.com.ar\/df\/wp-content\/uploads\/2020\/02\/sub-buzz-6728-1487353504-6-150x150.jpg",150,150,true],"medium":["https:\/\/diariofemenino.com.ar\/df\/wp-content\/uploads\/2020\/02\/sub-buzz-6728-1487353504-6-300x208.jpg",300,208,true],"large":["https:\/\/diariofemenino.com.ar\/df\/wp-content\/uploads\/2020\/02\/sub-buzz-6728-1487353504-6-1024x709.jpg",1024,709,true],"1536x1536":["https:\/\/diariofemenino.com.ar\/df\/wp-content\/uploads\/2020\/02\/sub-buzz-6728-1487353504-6.jpg",1024,709,false],"2048x2048":["https:\/\/diariofemenino.com.ar\/df\/wp-content\/uploads\/2020\/02\/sub-buzz-6728-1487353504-6.jpg",1024,709,false]},"rttpg_author":{"display_name":"Admin","author_link":"https:\/\/diariofemenino.com.ar\/df\/author\/lenny\/"},"rttpg_comment":0,"rttpg_category":"<a href=\"https:\/\/diariofemenino.com.ar\/df\/category\/agenda-feminista\/\" rel=\"category tag\">Agenda Feminista<\/a> <a href=\"https:\/\/diariofemenino.com.ar\/df\/category\/biblioteca\/\" rel=\"category tag\">Biblioteca Virtual<\/a> <a href=\"https:\/\/diariofemenino.com.ar\/df\/category\/articulos\/\" rel=\"category tag\">Mujeres en Palabras<\/a> <a href=\"https:\/\/diariofemenino.com.ar\/df\/category\/noticias\/\" rel=\"category tag\">Noticias<\/a>","rttpg_excerpt":"Escritoras negras Febrero es el Mes de la Historia Negra. Te recomendamos que compres escritorxs afrodescendientes o africanos y para darles el lugar que se merecen. AFROF\u00c9MINAS Seguro que has o\u00eddo hablar de activistas famosas como\u00a0Harriet Tubman,\u00a0Sojourner Truth, Rosa Parks, Daisy Bates, Ella Baker, Fannie Lou Hamer, Coretta Scott King y\u00a0Angela Davis, por mencionar solo&hellip;","_links":{"self":[{"href":"https:\/\/diariofemenino.com.ar\/df\/wp-json\/wp\/v2\/posts\/46018","targetHints":{"allow":["GET"]}}],"collection":[{"href":"https:\/\/diariofemenino.com.ar\/df\/wp-json\/wp\/v2\/posts"}],"about":[{"href":"https:\/\/diariofemenino.com.ar\/df\/wp-json\/wp\/v2\/types\/post"}],"author":[{"embeddable":true,"href":"https:\/\/diariofemenino.com.ar\/df\/wp-json\/wp\/v2\/users\/4"}],"replies":[{"embeddable":true,"href":"https:\/\/diariofemenino.com.ar\/df\/wp-json\/wp\/v2\/comments?post=46018"}],"version-history":[{"count":0,"href":"https:\/\/diariofemenino.com.ar\/df\/wp-json\/wp\/v2\/posts\/46018\/revisions"}],"wp:featuredmedia":[{"embeddable":true,"href":"https:\/\/diariofemenino.com.ar\/df\/wp-json\/wp\/v2\/media\/46032"}],"wp:attachment":[{"href":"https:\/\/diariofemenino.com.ar\/df\/wp-json\/wp\/v2\/media?parent=46018"}],"wp:term":[{"taxonomy":"category","embeddable":true,"href":"https:\/\/diariofemenino.com.ar\/df\/wp-json\/wp\/v2\/categories?post=46018"},{"taxonomy":"post_tag","embeddable":true,"href":"https:\/\/diariofemenino.com.ar\/df\/wp-json\/wp\/v2\/tags?post=46018"}],"curies":[{"name":"wp","href":"https:\/\/api.w.org\/{rel}","templated":true}]}}