{"id":46011,"date":"2020-02-03T09:52:11","date_gmt":"2020-02-03T12:52:11","guid":{"rendered":"https:\/\/diariofemenino.com.ar\/?p=46011"},"modified":"2020-02-03T09:52:11","modified_gmt":"2020-02-03T12:52:11","slug":"festival-sin-reinas","status":"publish","type":"post","link":"https:\/\/diariofemenino.com.ar\/df\/festival-sin-reinas\/","title":{"rendered":"Festival sin reinas"},"content":{"rendered":"<p>La joven castense Lourdes Urtiaga Colombatti (17 a\u00f1os) fue coronada, durante la madrugada del domingo, como la primera Embajadora Nacional de la Tradici\u00f3n, en la 52\u00b0 edici\u00f3n del Festival Nacional de Doma y Folclore de <a href=\"https:\/\/es.wikipedia.org\/wiki\/Intendente_Alvearhttps:\/\/es.wikipedia.org\/wiki\/Intendente_Alvear\">Intendente Alvear<\/a>. La dirigencia as\u00ed dejo de lado la tradicional elecci\u00f3n de la <a href=\"https:\/\/diariofemenino.com.ar\/eliminaron-concursos-de-belleza-en-fiestas-provinciales\/\">reina<\/a>, porque la nueva soberana tendr\u00e1 la misi\u00f3n \u00abde difundir el Festival y la cultura alvearense\u00bb. La embajadora suplente ser\u00e1 Pilar Gonz\u00e1lez (Winifreda).<\/p>\n<p>Los dirigentes verdes de Intendente Alvear explicaron que se aplic\u00f3 un \u00abcambio de paradigma\u00bb para transformar el reinado en la elecci\u00f3n de una embajadora cultural. Y as\u00ed decidieron archivar la capa y el cetro que lucieron hasta la pasada edici\u00f3n las reinas, y la joven representante de Racing Club de Eduardo Castex recibi\u00f3 una banda que la designa \u00abEmbajadora Nacional de la Tradici\u00f3n\u00bb.<\/p>\n<p>No hubo desfile.<br \/>\nOtros detalles fueron que las catorce postulantes subieron al Escenario Mayor sin desfile y sin el habitual saludo que realizan las postulantes a reinados. Y el m\u00e1s destacado fue que las postulantes, en horas de la tarde, fueron sometidas a una rueda de preguntas y respuestas con un jurado que las consult\u00f3 sobre aspectos vinculado con la cultura y el turismo de Intendente Alvear, la historia del actual festival m\u00e1s importante de La Pampa e informaci\u00f3n tur\u00edstica de los pueblos que representaban.<\/p>\n<p>Tambi\u00e9n conocieron las opiniones de las j\u00f3venes sobre esta fiesta popular y como deber\u00edan desempe\u00f1ar el rol de embajadora cultura para hacer un aporte al desarrollo y promoci\u00f3n de esta celebraci\u00f3n en los distintos eventos donde tendr\u00e1n que participar en representaci\u00f3n de Ferro Carril Oeste de Intendente Alvear.<\/p>\n<p>Una multitud.<br \/>\nM\u00e1s de cinco mil personas participaron en la noche central del 52\u00b0 Festival Nacional de Doma y Folclore de Intendente Alvear, donde la excelente velada se conjug\u00f3 con destacadas jineteadas e incluso permiti\u00f3 disfrutar de una de las mejoras actuaciones del reconocido folclorista \u00abChaque\u00f1o Palavecino\u00bb en tierras pampeanas.<br \/>\nEl ministro de Desarrollo Social de La Pampa, Diego Alvarez, destac\u00f3 que el Festival \u00abes una fiesta muy emblem\u00e1tica para nuestro pueblo\u00bb, destacando al cronista que es oriundo de Intendente Alvear. \u00abEs un placer ver como participa la gente en las fiestas tradicionales y populares, que tienen que ver con uno de los ejes centrales de este gobierno provincial que es fomentar el turismo, y tenemos para mostrar estas celebraciones en cada localidad pampeana\u00bb, destac\u00f3 el funcionario pampeano.<\/p>\n<p>Velada.<br \/>\nLa jornada comenz\u00f3 con algunas celebraciones. La presidenta de Ferro Carril Oeste, Ver\u00f3nica Alvarez y el intendente Juan Cruz Bart\u00f3n soltaron 100 globos verdes y blancos, para as\u00ed comenzaron con las actividades para celebrar el centenario de la entidad norte\u00f1a.<\/p>\n<p>Despu\u00e9s llegaron las jineteadas hasta los primeros minutos del domingo, para dar paso a la mejor versi\u00f3n del \u00abChaque\u00f1o\u00bb Palavecino. El artista subi\u00f3 al Escenario Mayor con ganas de cantar, con buen humor y encima interactu\u00f3 con el p\u00fablico. Actu\u00f3 m\u00e1s del tiempo establecido, se sac\u00f3 algunas selfies personas que subieron al escenario, present\u00f3 a una m\u00fasica pampeana que le permiti\u00f3 interpretar una canci\u00f3n e hizo subir bailarines para que lo acompa\u00f1en. Despu\u00e9s le pidi\u00f3 a una joven que suba al escenario para bailar tres temas. Y despu\u00e9s hizo algunos \u00abbices\u00bb para responder al pedido del p\u00fablico. Un Chaque\u00f1o, pr\u00e1cticamente desconocido.<\/p>\n<p>\u00abUna noche espectacular, unas jineteadas hermosas y hasta un Chaque\u00f1o Palavecino chistoso, sac\u00e1ndose selfies con el p\u00fablico y haciendo bailar a la gente arriba del escenario, m\u00e1s no se puede pedir\u00bb, ironiz\u00f3 -alegre- un vecino.<br \/>\nLa apertura de la velada estuvo a cargo del grupo de baile del Festival y la Academia de danzas \u00abCeleste y Blanco\u00bb, y tambi\u00e9n en el cierre actuaron \u00abLos Cuatro del Llano y La Copla\u00bb.<a href=\"http:\/\/www.laarena.com.ar\/la_pampa-festival-sin-reinas-2096362-163.html\"> La Arena<\/a><\/p>\n<div class=\"google-auto-placed ap_container\">\n<figure id=\"attachment_46013\" aria-describedby=\"caption-attachment-46013\" style=\"width: 643px\" class=\"wp-caption alignnone\"><img loading=\"lazy\" decoding=\"async\" class=\"size-full wp-image-46013\" src=\"https:\/\/diariofemenino.com.ar\/df\/wp-content\/uploads\/2020\/02\/1-noti-44.jpg\" alt=\"Festival sin reinas\" width=\"643\" height=\"341\" srcset=\"https:\/\/diariofemenino.com.ar\/df\/wp-content\/uploads\/2020\/02\/1-noti-44.jpg 643w, https:\/\/diariofemenino.com.ar\/df\/wp-content\/uploads\/2020\/02\/1-noti-44-300x159.jpg 300w\" sizes=\"auto, (max-width: 643px) 100vw, 643px\" \/><figcaption id=\"caption-attachment-46013\" class=\"wp-caption-text\">Festival sin reinas<\/figcaption><\/figure>\n<\/div>\n<p><a href=\"https:\/\/diariofemenino.com.ar\/\">Diario Digital Femenino<\/a><\/p>\n","protected":false},"excerpt":{"rendered":"<p>La joven castense Lourdes Urtiaga Colombatti (17 a\u00f1os) fue coronada, durante la madrugada del domingo, como la primera Embajadora Nacional de la Tradici\u00f3n, en la 52\u00b0 edici\u00f3n del Festival Nacional de Doma y Folclore de Intendente Alvear. La dirigencia as\u00ed dejo de lado la tradicional elecci\u00f3n de la reina, porque la nueva soberana tendr\u00e1 la [&hellip;]<\/p>\n","protected":false},"author":4,"featured_media":46014,"comment_status":"open","ping_status":"open","sticky":false,"template":"","format":"standard","meta":{"iawp_total_views":3,"footnotes":""},"categories":[7,1067],"tags":[2838,2839,439],"class_list":["post-46011","post","type-post","status-publish","format-standard","has-post-thumbnail","hentry","category-actividades","category-agenda-feminista","tag-festival-sin-reinas","tag-intendente-alvear","tag-la-pampa"],"nelio_content":{"autoShareEndMode":"never","automationSources":{"useCustomSentences":false,"customSentences":[]},"efiAlt":"","efiUrl":"","followers":[4],"highlights":[],"isAutoShareEnabled":true,"networkImageIds":[],"permalinkQueryArgs":[],"series":[],"suggestedReferences":[]},"yoast_head":"<!-- This site is optimized with the Yoast SEO plugin v27.5 - https:\/\/yoast.com\/product\/yoast-seo-wordpress\/ -->\n<title>Festival sin reinas - Diario Digital Femenino<\/title>\n<meta name=\"description\" content=\"Festival sin reinas. Lourdes Urtiaga Colombatti fue coronada, durante la madrugada del domingo, como la primera Embajadora Nacional de la Tradici\u00f3n\" \/>\n<meta name=\"robots\" content=\"index, follow, max-snippet:-1, max-image-preview:large, max-video-preview:-1\" \/>\n<link rel=\"canonical\" href=\"https:\/\/diariofemenino.com.ar\/df\/festival-sin-reinas\/\" \/>\n<meta property=\"og:locale\" content=\"es_ES\" \/>\n<meta property=\"og:type\" content=\"article\" \/>\n<meta property=\"og:title\" content=\"Festival sin reinas - Diario Digital Femenino\" \/>\n<meta property=\"og:description\" content=\"Festival sin reinas. Lourdes Urtiaga Colombatti fue coronada, durante la madrugada del domingo, como la primera Embajadora Nacional de la Tradici\u00f3n\" \/>\n<meta property=\"og:url\" content=\"https:\/\/diariofemenino.com.ar\/df\/festival-sin-reinas\/\" \/>\n<meta property=\"og:site_name\" content=\"Diario Digital Femenino\" \/>\n<meta property=\"article:publisher\" content=\"https:\/\/www.facebook.com\/DiarioDigitaFemenino\/\" \/>\n<meta property=\"article:published_time\" content=\"2020-02-03T12:52:11+00:00\" \/>\n<meta property=\"og:image\" content=\"https:\/\/diariofemenino.com.ar\/df\/wp-content\/uploads\/2020\/02\/unnamed-8.jpg\" \/>\n\t<meta property=\"og:image:width\" content=\"512\" \/>\n\t<meta property=\"og:image:height\" content=\"296\" \/>\n\t<meta property=\"og:image:type\" content=\"image\/jpeg\" \/>\n<meta name=\"author\" content=\"Admin\" \/>\n<meta name=\"twitter:card\" content=\"summary_large_image\" \/>\n<meta name=\"twitter:creator\" content=\"@DiarioFemenino1\" \/>\n<meta name=\"twitter:site\" content=\"@DiarioFemenino1\" \/>\n<meta name=\"twitter:label1\" content=\"Escrito por\" \/>\n\t<meta name=\"twitter:data1\" content=\"Admin\" \/>\n\t<meta name=\"twitter:label2\" content=\"Tiempo de lectura\" \/>\n\t<meta name=\"twitter:data2\" content=\"3 minutos\" \/>\n<script type=\"application\/ld+json\" class=\"yoast-schema-graph\">{\"@context\":\"https:\\\/\\\/schema.org\",\"@graph\":[{\"@type\":\"Article\",\"@id\":\"https:\\\/\\\/diariofemenino.com.ar\\\/df\\\/festival-sin-reinas\\\/#article\",\"isPartOf\":{\"@id\":\"https:\\\/\\\/diariofemenino.com.ar\\\/df\\\/festival-sin-reinas\\\/\"},\"author\":{\"name\":\"Admin\",\"@id\":\"https:\\\/\\\/diariofemenino.com.ar\\\/df\\\/#\\\/schema\\\/person\\\/bf6199e8158c657ea6f789b11ec85509\"},\"headline\":\"Festival sin reinas\",\"datePublished\":\"2020-02-03T12:52:11+00:00\",\"mainEntityOfPage\":{\"@id\":\"https:\\\/\\\/diariofemenino.com.ar\\\/df\\\/festival-sin-reinas\\\/\"},\"wordCount\":666,\"commentCount\":0,\"publisher\":{\"@id\":\"https:\\\/\\\/diariofemenino.com.ar\\\/df\\\/#organization\"},\"image\":{\"@id\":\"https:\\\/\\\/diariofemenino.com.ar\\\/df\\\/festival-sin-reinas\\\/#primaryimage\"},\"thumbnailUrl\":\"https:\\\/\\\/diariofemenino.com.ar\\\/df\\\/wp-content\\\/uploads\\\/2020\\\/02\\\/unnamed-8.jpg\",\"keywords\":[\"Festival sin reinas\",\"Intendente Alvear\",\"La Pampa\"],\"articleSection\":[\"Actividades\",\"Agenda Feminista\"],\"inLanguage\":\"es\",\"potentialAction\":[{\"@type\":\"CommentAction\",\"name\":\"Comment\",\"target\":[\"https:\\\/\\\/diariofemenino.com.ar\\\/df\\\/festival-sin-reinas\\\/#respond\"]}]},{\"@type\":\"WebPage\",\"@id\":\"https:\\\/\\\/diariofemenino.com.ar\\\/df\\\/festival-sin-reinas\\\/\",\"url\":\"https:\\\/\\\/diariofemenino.com.ar\\\/df\\\/festival-sin-reinas\\\/\",\"name\":\"Festival sin reinas - Diario Digital Femenino\",\"isPartOf\":{\"@id\":\"https:\\\/\\\/diariofemenino.com.ar\\\/df\\\/#website\"},\"primaryImageOfPage\":{\"@id\":\"https:\\\/\\\/diariofemenino.com.ar\\\/df\\\/festival-sin-reinas\\\/#primaryimage\"},\"image\":{\"@id\":\"https:\\\/\\\/diariofemenino.com.ar\\\/df\\\/festival-sin-reinas\\\/#primaryimage\"},\"thumbnailUrl\":\"https:\\\/\\\/diariofemenino.com.ar\\\/df\\\/wp-content\\\/uploads\\\/2020\\\/02\\\/unnamed-8.jpg\",\"datePublished\":\"2020-02-03T12:52:11+00:00\",\"description\":\"Festival sin reinas. Lourdes Urtiaga Colombatti fue coronada, durante la madrugada del domingo, como la primera Embajadora Nacional de la Tradici\u00f3n\",\"breadcrumb\":{\"@id\":\"https:\\\/\\\/diariofemenino.com.ar\\\/df\\\/festival-sin-reinas\\\/#breadcrumb\"},\"inLanguage\":\"es\",\"potentialAction\":[{\"@type\":\"ReadAction\",\"target\":[\"https:\\\/\\\/diariofemenino.com.ar\\\/df\\\/festival-sin-reinas\\\/\"]}]},{\"@type\":\"ImageObject\",\"inLanguage\":\"es\",\"@id\":\"https:\\\/\\\/diariofemenino.com.ar\\\/df\\\/festival-sin-reinas\\\/#primaryimage\",\"url\":\"https:\\\/\\\/diariofemenino.com.ar\\\/df\\\/wp-content\\\/uploads\\\/2020\\\/02\\\/unnamed-8.jpg\",\"contentUrl\":\"https:\\\/\\\/diariofemenino.com.ar\\\/df\\\/wp-content\\\/uploads\\\/2020\\\/02\\\/unnamed-8.jpg\",\"width\":512,\"height\":296,\"caption\":\"Festival sin reinas\"},{\"@type\":\"BreadcrumbList\",\"@id\":\"https:\\\/\\\/diariofemenino.com.ar\\\/df\\\/festival-sin-reinas\\\/#breadcrumb\",\"itemListElement\":[{\"@type\":\"ListItem\",\"position\":1,\"name\":\"Portada\",\"item\":\"https:\\\/\\\/diariofemenino.com.ar\\\/df\\\/\"},{\"@type\":\"ListItem\",\"position\":2,\"name\":\"Festival sin reinas\"}]},{\"@type\":\"WebSite\",\"@id\":\"https:\\\/\\\/diariofemenino.com.ar\\\/df\\\/#website\",\"url\":\"https:\\\/\\\/diariofemenino.com.ar\\\/df\\\/\",\"name\":\"Diario Digital Femenino\",\"description\":\"Cuesti\u00f3n de G\u00e9nero\",\"publisher\":{\"@id\":\"https:\\\/\\\/diariofemenino.com.ar\\\/df\\\/#organization\"},\"potentialAction\":[{\"@type\":\"SearchAction\",\"target\":{\"@type\":\"EntryPoint\",\"urlTemplate\":\"https:\\\/\\\/diariofemenino.com.ar\\\/df\\\/?s={search_term_string}\"},\"query-input\":{\"@type\":\"PropertyValueSpecification\",\"valueRequired\":true,\"valueName\":\"search_term_string\"}}],\"inLanguage\":\"es\"},{\"@type\":\"Organization\",\"@id\":\"https:\\\/\\\/diariofemenino.com.ar\\\/df\\\/#organization\",\"name\":\"Diario Femenino\",\"url\":\"https:\\\/\\\/diariofemenino.com.ar\\\/df\\\/\",\"logo\":{\"@type\":\"ImageObject\",\"inLanguage\":\"es\",\"@id\":\"https:\\\/\\\/diariofemenino.com.ar\\\/df\\\/#\\\/schema\\\/logo\\\/image\\\/\",\"url\":\"https:\\\/\\\/diariofemenino.com.ar\\\/df\\\/wp-content\\\/uploads\\\/2018\\\/10\\\/logo.png\",\"contentUrl\":\"https:\\\/\\\/diariofemenino.com.ar\\\/df\\\/wp-content\\\/uploads\\\/2018\\\/10\\\/logo.png\",\"width\":500,\"height\":92,\"caption\":\"Diario Femenino\"},\"image\":{\"@id\":\"https:\\\/\\\/diariofemenino.com.ar\\\/df\\\/#\\\/schema\\\/logo\\\/image\\\/\"},\"sameAs\":[\"https:\\\/\\\/www.facebook.com\\\/DiarioDigitaFemenino\\\/\",\"https:\\\/\\\/x.com\\\/DiarioFemenino1\"]},{\"@type\":\"Person\",\"@id\":\"https:\\\/\\\/diariofemenino.com.ar\\\/df\\\/#\\\/schema\\\/person\\\/bf6199e8158c657ea6f789b11ec85509\",\"name\":\"Admin\",\"image\":{\"@type\":\"ImageObject\",\"inLanguage\":\"es\",\"@id\":\"https:\\\/\\\/diariofemenino.com.ar\\\/df\\\/wp-content\\\/uploads\\\/2018\\\/12\\\/favicon-150x150.jpg\",\"url\":\"https:\\\/\\\/diariofemenino.com.ar\\\/df\\\/wp-content\\\/uploads\\\/2018\\\/12\\\/favicon-150x150.jpg\",\"contentUrl\":\"https:\\\/\\\/diariofemenino.com.ar\\\/df\\\/wp-content\\\/uploads\\\/2018\\\/12\\\/favicon-150x150.jpg\",\"caption\":\"Admin\"},\"url\":\"https:\\\/\\\/diariofemenino.com.ar\\\/df\\\/author\\\/lenny\\\/\"}]}<\/script>\n<!-- \/ Yoast SEO plugin. -->","yoast_head_json":{"title":"Festival sin reinas - Diario Digital Femenino","description":"Festival sin reinas. Lourdes Urtiaga Colombatti fue coronada, durante la madrugada del domingo, como la primera Embajadora Nacional de la Tradici\u00f3n","robots":{"index":"index","follow":"follow","max-snippet":"max-snippet:-1","max-image-preview":"max-image-preview:large","max-video-preview":"max-video-preview:-1"},"canonical":"https:\/\/diariofemenino.com.ar\/df\/festival-sin-reinas\/","og_locale":"es_ES","og_type":"article","og_title":"Festival sin reinas - Diario Digital Femenino","og_description":"Festival sin reinas. Lourdes Urtiaga Colombatti fue coronada, durante la madrugada del domingo, como la primera Embajadora Nacional de la Tradici\u00f3n","og_url":"https:\/\/diariofemenino.com.ar\/df\/festival-sin-reinas\/","og_site_name":"Diario Digital Femenino","article_publisher":"https:\/\/www.facebook.com\/DiarioDigitaFemenino\/","article_published_time":"2020-02-03T12:52:11+00:00","og_image":[{"width":512,"height":296,"url":"https:\/\/diariofemenino.com.ar\/df\/wp-content\/uploads\/2020\/02\/unnamed-8.jpg","type":"image\/jpeg"}],"author":"Admin","twitter_card":"summary_large_image","twitter_creator":"@DiarioFemenino1","twitter_site":"@DiarioFemenino1","twitter_misc":{"Escrito por":"Admin","Tiempo de lectura":"3 minutos"},"schema":{"@context":"https:\/\/schema.org","@graph":[{"@type":"Article","@id":"https:\/\/diariofemenino.com.ar\/df\/festival-sin-reinas\/#article","isPartOf":{"@id":"https:\/\/diariofemenino.com.ar\/df\/festival-sin-reinas\/"},"author":{"name":"Admin","@id":"https:\/\/diariofemenino.com.ar\/df\/#\/schema\/person\/bf6199e8158c657ea6f789b11ec85509"},"headline":"Festival sin reinas","datePublished":"2020-02-03T12:52:11+00:00","mainEntityOfPage":{"@id":"https:\/\/diariofemenino.com.ar\/df\/festival-sin-reinas\/"},"wordCount":666,"commentCount":0,"publisher":{"@id":"https:\/\/diariofemenino.com.ar\/df\/#organization"},"image":{"@id":"https:\/\/diariofemenino.com.ar\/df\/festival-sin-reinas\/#primaryimage"},"thumbnailUrl":"https:\/\/diariofemenino.com.ar\/df\/wp-content\/uploads\/2020\/02\/unnamed-8.jpg","keywords":["Festival sin reinas","Intendente Alvear","La Pampa"],"articleSection":["Actividades","Agenda Feminista"],"inLanguage":"es","potentialAction":[{"@type":"CommentAction","name":"Comment","target":["https:\/\/diariofemenino.com.ar\/df\/festival-sin-reinas\/#respond"]}]},{"@type":"WebPage","@id":"https:\/\/diariofemenino.com.ar\/df\/festival-sin-reinas\/","url":"https:\/\/diariofemenino.com.ar\/df\/festival-sin-reinas\/","name":"Festival sin reinas - Diario Digital Femenino","isPartOf":{"@id":"https:\/\/diariofemenino.com.ar\/df\/#website"},"primaryImageOfPage":{"@id":"https:\/\/diariofemenino.com.ar\/df\/festival-sin-reinas\/#primaryimage"},"image":{"@id":"https:\/\/diariofemenino.com.ar\/df\/festival-sin-reinas\/#primaryimage"},"thumbnailUrl":"https:\/\/diariofemenino.com.ar\/df\/wp-content\/uploads\/2020\/02\/unnamed-8.jpg","datePublished":"2020-02-03T12:52:11+00:00","description":"Festival sin reinas. Lourdes Urtiaga Colombatti fue coronada, durante la madrugada del domingo, como la primera Embajadora Nacional de la Tradici\u00f3n","breadcrumb":{"@id":"https:\/\/diariofemenino.com.ar\/df\/festival-sin-reinas\/#breadcrumb"},"inLanguage":"es","potentialAction":[{"@type":"ReadAction","target":["https:\/\/diariofemenino.com.ar\/df\/festival-sin-reinas\/"]}]},{"@type":"ImageObject","inLanguage":"es","@id":"https:\/\/diariofemenino.com.ar\/df\/festival-sin-reinas\/#primaryimage","url":"https:\/\/diariofemenino.com.ar\/df\/wp-content\/uploads\/2020\/02\/unnamed-8.jpg","contentUrl":"https:\/\/diariofemenino.com.ar\/df\/wp-content\/uploads\/2020\/02\/unnamed-8.jpg","width":512,"height":296,"caption":"Festival sin reinas"},{"@type":"BreadcrumbList","@id":"https:\/\/diariofemenino.com.ar\/df\/festival-sin-reinas\/#breadcrumb","itemListElement":[{"@type":"ListItem","position":1,"name":"Portada","item":"https:\/\/diariofemenino.com.ar\/df\/"},{"@type":"ListItem","position":2,"name":"Festival sin reinas"}]},{"@type":"WebSite","@id":"https:\/\/diariofemenino.com.ar\/df\/#website","url":"https:\/\/diariofemenino.com.ar\/df\/","name":"Diario Digital Femenino","description":"Cuesti\u00f3n de G\u00e9nero","publisher":{"@id":"https:\/\/diariofemenino.com.ar\/df\/#organization"},"potentialAction":[{"@type":"SearchAction","target":{"@type":"EntryPoint","urlTemplate":"https:\/\/diariofemenino.com.ar\/df\/?s={search_term_string}"},"query-input":{"@type":"PropertyValueSpecification","valueRequired":true,"valueName":"search_term_string"}}],"inLanguage":"es"},{"@type":"Organization","@id":"https:\/\/diariofemenino.com.ar\/df\/#organization","name":"Diario Femenino","url":"https:\/\/diariofemenino.com.ar\/df\/","logo":{"@type":"ImageObject","inLanguage":"es","@id":"https:\/\/diariofemenino.com.ar\/df\/#\/schema\/logo\/image\/","url":"https:\/\/diariofemenino.com.ar\/df\/wp-content\/uploads\/2018\/10\/logo.png","contentUrl":"https:\/\/diariofemenino.com.ar\/df\/wp-content\/uploads\/2018\/10\/logo.png","width":500,"height":92,"caption":"Diario Femenino"},"image":{"@id":"https:\/\/diariofemenino.com.ar\/df\/#\/schema\/logo\/image\/"},"sameAs":["https:\/\/www.facebook.com\/DiarioDigitaFemenino\/","https:\/\/x.com\/DiarioFemenino1"]},{"@type":"Person","@id":"https:\/\/diariofemenino.com.ar\/df\/#\/schema\/person\/bf6199e8158c657ea6f789b11ec85509","name":"Admin","image":{"@type":"ImageObject","inLanguage":"es","@id":"https:\/\/diariofemenino.com.ar\/df\/wp-content\/uploads\/2018\/12\/favicon-150x150.jpg","url":"https:\/\/diariofemenino.com.ar\/df\/wp-content\/uploads\/2018\/12\/favicon-150x150.jpg","contentUrl":"https:\/\/diariofemenino.com.ar\/df\/wp-content\/uploads\/2018\/12\/favicon-150x150.jpg","caption":"Admin"},"url":"https:\/\/diariofemenino.com.ar\/df\/author\/lenny\/"}]}},"jetpack_featured_media_url":"https:\/\/diariofemenino.com.ar\/df\/wp-content\/uploads\/2020\/02\/unnamed-8.jpg","jetpack_sharing_enabled":true,"rttpg_featured_image_url":{"full":["https:\/\/diariofemenino.com.ar\/df\/wp-content\/uploads\/2020\/02\/unnamed-8.jpg",512,296,false],"landscape":["https:\/\/diariofemenino.com.ar\/df\/wp-content\/uploads\/2020\/02\/unnamed-8.jpg",512,296,false],"portraits":["https:\/\/diariofemenino.com.ar\/df\/wp-content\/uploads\/2020\/02\/unnamed-8.jpg",512,296,false],"thumbnail":["https:\/\/diariofemenino.com.ar\/df\/wp-content\/uploads\/2020\/02\/unnamed-8-150x150.jpg",150,150,true],"medium":["https:\/\/diariofemenino.com.ar\/df\/wp-content\/uploads\/2020\/02\/unnamed-8-300x173.jpg",300,173,true],"large":["https:\/\/diariofemenino.com.ar\/df\/wp-content\/uploads\/2020\/02\/unnamed-8.jpg",512,296,false],"1536x1536":["https:\/\/diariofemenino.com.ar\/df\/wp-content\/uploads\/2020\/02\/unnamed-8.jpg",512,296,false],"2048x2048":["https:\/\/diariofemenino.com.ar\/df\/wp-content\/uploads\/2020\/02\/unnamed-8.jpg",512,296,false]},"rttpg_author":{"display_name":"Admin","author_link":"https:\/\/diariofemenino.com.ar\/df\/author\/lenny\/"},"rttpg_comment":0,"rttpg_category":"<a href=\"https:\/\/diariofemenino.com.ar\/df\/category\/actividades\/\" rel=\"category tag\">Actividades<\/a> <a href=\"https:\/\/diariofemenino.com.ar\/df\/category\/agenda-feminista\/\" rel=\"category tag\">Agenda Feminista<\/a>","rttpg_excerpt":"La joven castense Lourdes Urtiaga Colombatti (17 a\u00f1os) fue coronada, durante la madrugada del domingo, como la primera Embajadora Nacional de la Tradici\u00f3n, en la 52\u00b0 edici\u00f3n del Festival Nacional de Doma y Folclore de Intendente Alvear. La dirigencia as\u00ed dejo de lado la tradicional elecci\u00f3n de la reina, porque la nueva soberana tendr\u00e1 la&hellip;","_links":{"self":[{"href":"https:\/\/diariofemenino.com.ar\/df\/wp-json\/wp\/v2\/posts\/46011","targetHints":{"allow":["GET"]}}],"collection":[{"href":"https:\/\/diariofemenino.com.ar\/df\/wp-json\/wp\/v2\/posts"}],"about":[{"href":"https:\/\/diariofemenino.com.ar\/df\/wp-json\/wp\/v2\/types\/post"}],"author":[{"embeddable":true,"href":"https:\/\/diariofemenino.com.ar\/df\/wp-json\/wp\/v2\/users\/4"}],"replies":[{"embeddable":true,"href":"https:\/\/diariofemenino.com.ar\/df\/wp-json\/wp\/v2\/comments?post=46011"}],"version-history":[{"count":0,"href":"https:\/\/diariofemenino.com.ar\/df\/wp-json\/wp\/v2\/posts\/46011\/revisions"}],"wp:featuredmedia":[{"embeddable":true,"href":"https:\/\/diariofemenino.com.ar\/df\/wp-json\/wp\/v2\/media\/46014"}],"wp:attachment":[{"href":"https:\/\/diariofemenino.com.ar\/df\/wp-json\/wp\/v2\/media?parent=46011"}],"wp:term":[{"taxonomy":"category","embeddable":true,"href":"https:\/\/diariofemenino.com.ar\/df\/wp-json\/wp\/v2\/categories?post=46011"},{"taxonomy":"post_tag","embeddable":true,"href":"https:\/\/diariofemenino.com.ar\/df\/wp-json\/wp\/v2\/tags?post=46011"}],"curies":[{"name":"wp","href":"https:\/\/api.w.org\/{rel}","templated":true}]}}