{"id":45467,"date":"2020-01-20T13:04:10","date_gmt":"2020-01-20T16:04:10","guid":{"rendered":"https:\/\/diariofemenino.com.ar\/?p=45467"},"modified":"2021-05-16T10:10:59","modified_gmt":"2021-05-16T13:10:59","slug":"la-erotizacion-temprana-de-las-ninas-es-violencia-de-genero","status":"publish","type":"post","link":"https:\/\/diariofemenino.com.ar\/df\/la-erotizacion-temprana-de-las-ninas-es-violencia-de-genero\/","title":{"rendered":"La erotizaci\u00f3n temprana de las ni\u00f1as es violencia de g\u00e9nero"},"content":{"rendered":"<p>Erotizaci\u00f3n<\/p>\n<p>A diario pasamos por comercios de ropa infantil y vemos toda una gama de vestuario que parece \u00abcopa<span class=\"text_exposed_show\">do\u00bb a instancias de imitar atuendos de personas adultas.<\/span><\/p>\n<p>Por <strong>Mar\u00eda Laura Razzari<\/strong>*<\/p>\n<p>Imagen de Portada:\u00a0<strong>Mariana Baizan<\/strong><\/p>\n<div class=\"text_exposed_show\">\n<figure id=\"attachment_45469\" aria-describedby=\"caption-attachment-45469\" style=\"width: 311px\" class=\"wp-caption alignleft\"><img loading=\"lazy\" decoding=\"async\" class=\" wp-image-45469\" src=\"https:\/\/diariofemenino.com.ar\/df\/wp-content\/uploads\/2020\/01\/82077891_2865700753460901_58898428423307264_o.jpg\" alt=\"La erotizaci\u00f3n temprana de las ni\u00f1as es violencia de g\u00e9nero\" width=\"311\" height=\"233\" srcset=\"https:\/\/diariofemenino.com.ar\/df\/wp-content\/uploads\/2020\/01\/82077891_2865700753460901_58898428423307264_o.jpg 960w, https:\/\/diariofemenino.com.ar\/df\/wp-content\/uploads\/2020\/01\/82077891_2865700753460901_58898428423307264_o-300x225.jpg 300w, https:\/\/diariofemenino.com.ar\/df\/wp-content\/uploads\/2020\/01\/82077891_2865700753460901_58898428423307264_o-768x576.jpg 768w\" sizes=\"auto, (max-width: 311px) 100vw, 311px\" \/><figcaption id=\"caption-attachment-45469\" class=\"wp-caption-text\">La erotizaci\u00f3n temprana de las ni\u00f1as es violencia de g\u00e9nero<\/figcaption><\/figure>\n<p>Este aparentemente simp\u00e1tico criterio comercial se profundiza y diversifica hasta el infinito en modelos de prendas para ni\u00f1as que copian la ropa de mujeres adultas incluyendo rellenos en los corpi\u00f1os, colores oscuros destinados a la seducci\u00f3n, bombachitas que dejan la colita al aire etc,. etc.<\/p>\n<p>Lejos est\u00e1 esta editorial de la pretensi\u00f3n moralista de intervenir en la libertad sexual de las personas.<\/p>\n<p>Cerca est\u00e1 de la imperiosa necesidad de denunciar que la adulteraci\u00f3n de la autopercepci\u00f3n de les<a href=\"https:\/\/www.unicef.org\/argentina\/?gclid=Cj0KCQiAvJXxBRCeARIsAMSkAppjW-ICNFW0RVgBrQ6edMEgMCsNC8fjhMXBGMhdn8WIPjr1vHNxyEsaArJSEALw_wcB\"> ni\u00f1es<\/a> por efectos de la cultura, m\u00e1s los intereses perversos del mercado, son una de las violencias de las que sin saber, lxs adultxs se vuelven c\u00f3mplices y da\u00f1an a sus seres m\u00e1s amadxs: sus hijxs,sobrinxs, nietxs, ahijadxs, etc.<\/p>\n<p>En este escenario las principales damnificadas son las <a href=\"https:\/\/diariofemenino.com.ar\/guia-para-el-tratamiento-mediatico-responsable-de-la-ninez-y-la-adolescencia\/\">ni\u00f1as<\/a>.<\/p>\n<p>Ellas aprenden muy tempranamente cu\u00e1les son los estereotipos obligatorios a cumplir para ser bellas, asumiendo que la aceptaci\u00f3n externa es vital para sus existencias, que es la esencia del \u00e9xito y la raz\u00f3n para ser amadas.<\/p>\n<p>Aprenden as\u00ed desde el minuto cero a perderse de vista a s\u00ed mismas, a no ejercitar el autoconocimiento, el desconocimiento de la autodeterminaci\u00f3n sobre lo que les gusta, las identifica o les resulta c\u00f3modo para vivir a pleno sus vidas de ni\u00f1as que deber\u00edan estar mucho m\u00e1s preocupadas por el juego que por la seducci\u00f3n, la delgadez, la belleza y todo tipo de mandatos que s\u00f3lo las inscriben en la pol\u00edtica de \u00abSer Para Lxs Otrxs\u00bb, en especial otrOs, varones o lo que representa el \u00abpaladar masculino\u00bb.<\/p>\n<p>La <a href=\"https:\/\/diariofemenino.com.ar\/df\/la-hipersexualizacion-de-la-sociedad-ninas-sexis-infancia-fragil-2\/\">erotizaci\u00f3n<\/a> temprana de las ni\u00f1as es una pol\u00edtica de control y sujeci\u00f3n ideol\u00f3gica de las mujeres desde muy temprana edad a roles de g\u00e9nero, formas de estar en la vida que conllevan tambi\u00e9n un estatus pol\u00edtico.<\/p>\n<p>No encajar en los estereotipos por razones de identidad de g\u00e9nero, orientaci\u00f3n sexual, condiciones metab\u00f3licas, discapacidades u otras yerbas determinan para un n\u00famero infinito de personas -y en especial ni\u00f1as, p\u00faberes y adolescentes- las oportunidades de inclusi\u00f3n, de pertenencia, de aceptaci\u00f3n de los entornos hasta llegar a convertirse en el obst\u00e1culo principal para el acceso a las posibilidades de desarrollo adulto en t\u00e9rminos de inserci\u00f3n laboral, relaciones sexuales, relaciones de pareja y todo tipo de v\u00ednculos inherentes a la estructura social de la que formamos parte.<\/p>\n<p>Este fin de semana conversaba con un grupo de mujeres madres que no consiguen trajes de ba\u00f1o no erotizados, para sus ni\u00f1as que los necesitaban para ir a una colonia de vacaciones.<\/p>\n<p>La desaz\u00f3n de esas mam\u00e1s laburantes que no tienen tiempo ni pr\u00e1ctica ni una m\u00e1quina de coser para poder paliar la situaci\u00f3n de sostener los principios pol\u00edticos con los que han elegido llevar adelante la crianza, por verse coaccionadas por un mercado patriarcal que las obliga a comprar productos, en el apuro de la necesidad de que sus hijas no se pierdan la oportunidad de disfrutar del verano, del entrenamiento f\u00edsico de la actividad acu\u00e1tica y la socializaci\u00f3n: todos derechos vinculados a la salud y al desarrollo de la ni\u00f1ez y la adolescencia.<\/p>\n<p>Madres atrapadas en esta preocupaci\u00f3n de c\u00f3mo zafar de un mercado patriarcal capitalista y opresor, que nos vende lo que le importa a un modelo de sociedad que nos educa en la cosificaci\u00f3n, en el estar en el mundo para agradar y no para ser nosotras mismas.<\/p>\n<p>No es curioso: era una charla de <a href=\"https:\/\/diariofemenino.com.ar\/df\/category\/de-esi-si-se-habla\/\">madres<\/a>, de mujeres, no hab\u00eda varones en el hilo de la conversaci\u00f3n.<\/p>\n<p>Nada es casual.<\/p>\n<p>Somos nosotras las que nos defendemos como gatx entre la le\u00f1a de la mara\u00f1a de mandatos que nos condenan a la bulimia, la anorexia, la eterna disconformidad con nuestros cuerpos, la aflicci\u00f3n por agradar y la convicci\u00f3n impresa en nuestro inconsciente de que el \u00e9xito y el amor son m\u00e9ritos asociados a la subordinaci\u00f3n a los intereses, gustos y reglas puestos por un orden que previamente tiene decidido hasta d\u00f3nde dejar llegar a las mujeres en todos los \u00e1mbitos.<\/p>\n<p>Algo tan simple como no conseguir mallitas para la pileta nos hizo poner de acuerdo en organizarnos para producir prendas liberadoras de mandatos patriarcales a nuestrxs hijxs.<\/p>\n<p>Ya le pondremos manos a la obra porque el mercado no se llevar\u00e1 puestos los derechos del desarrollo en plenitud de las infancias y las adolescencias mientras las madres feministas estemos organizadas, articulando saberes, experiencias, convicciones, m\u00e1quinas de coser y telas para resistir una vez m\u00e1s este mundo estructurado en la sujeci\u00f3n de nuestras cuerpas destinadas a todas las violencias.<\/p>\n<p>*Concejala Feminista mandato Cumplido.<a href=\"https:\/\/www.facebook.com\/FORJA.Chivilcoy\/\">\u00a0Forja<\/a> <a href=\"https:\/\/es.wikipedia.org\/wiki\/Chivilcoy\">Chivilcoy<\/a>.\u00a0Presidenta de la Asociaci\u00f3n Civil contra la Violencia de G\u00e9nero Maltratocero.\u00a0Referenta zonal de la Red de Alto al Tr\u00e1fico y la Trata (RATT).<\/p>\n<\/div>\n<p>&nbsp;<\/p>\n","protected":false},"excerpt":{"rendered":"<p>Erotizaci\u00f3n A diario pasamos por comercios de ropa infantil y vemos toda una gama de vestuario que parece \u00abcopado\u00bb a instancias de imitar atuendos de personas adultas. Por Mar\u00eda Laura Razzari* Imagen de Portada:\u00a0Mariana Baizan Este aparentemente simp\u00e1tico criterio comercial se profundiza y diversifica hasta el infinito en modelos de prendas para ni\u00f1as que copian [&hellip;]<\/p>\n","protected":false},"author":4,"featured_media":45468,"comment_status":"open","ping_status":"open","sticky":false,"template":"","format":"standard","meta":{"iawp_total_views":141,"footnotes":""},"categories":[7,1067,581],"tags":[2730,54],"class_list":["post-45467","post","type-post","status-publish","format-standard","has-post-thumbnail","hentry","category-actividades","category-agenda-feminista","category-azul-profundo","tag-erotizacion","tag-ninas"],"nelio_content":{"autoShareEndMode":"never","automationSources":{"useCustomSentences":false,"customSentences":[]},"efiAlt":"","efiUrl":"","followers":[4],"highlights":[],"isAutoShareEnabled":true,"networkImageIds":[],"permalinkQueryArgs":[],"series":[],"suggestedReferences":[]},"yoast_head":"<!-- This site is optimized with the Yoast SEO plugin v27.5 - https:\/\/yoast.com\/product\/yoast-seo-wordpress\/ -->\n<title>La erotizaci\u00f3n temprana de las ni\u00f1as es violencia de g\u00e9nero - Diario Digital Femenino<\/title>\n<meta name=\"description\" content=\"La erotizaci\u00f3n temprana de las ni\u00f1as es violencia de g\u00e9nero. Por Maria Laura Razzari Presidenta de la Asociaci\u00f3n Civil Maltratocero.\" \/>\n<meta name=\"robots\" content=\"index, follow, max-snippet:-1, max-image-preview:large, max-video-preview:-1\" \/>\n<link rel=\"canonical\" href=\"https:\/\/diariofemenino.com.ar\/df\/la-erotizacion-temprana-de-las-ninas-es-violencia-de-genero\/\" \/>\n<meta property=\"og:locale\" content=\"es_ES\" \/>\n<meta property=\"og:type\" content=\"article\" \/>\n<meta property=\"og:title\" content=\"La erotizaci\u00f3n temprana de las ni\u00f1as es violencia de g\u00e9nero - Diario Digital Femenino\" \/>\n<meta property=\"og:description\" content=\"La erotizaci\u00f3n temprana de las ni\u00f1as es violencia de g\u00e9nero. Por Maria Laura Razzari Presidenta de la Asociaci\u00f3n Civil Maltratocero.\" \/>\n<meta property=\"og:url\" content=\"https:\/\/diariofemenino.com.ar\/df\/la-erotizacion-temprana-de-las-ninas-es-violencia-de-genero\/\" \/>\n<meta property=\"og:site_name\" content=\"Diario Digital Femenino\" \/>\n<meta property=\"article:publisher\" content=\"https:\/\/www.facebook.com\/DiarioDigitaFemenino\/\" \/>\n<meta property=\"article:published_time\" content=\"2020-01-20T16:04:10+00:00\" \/>\n<meta property=\"article:modified_time\" content=\"2021-05-16T13:10:59+00:00\" \/>\n<meta property=\"og:image\" content=\"https:\/\/diariofemenino.com.ar\/df\/wp-content\/uploads\/2020\/01\/hipersexualizacion-de-la-infancia-678x381.jpg\" \/>\n\t<meta property=\"og:image:width\" content=\"678\" \/>\n\t<meta property=\"og:image:height\" content=\"381\" \/>\n\t<meta property=\"og:image:type\" content=\"image\/jpeg\" \/>\n<meta name=\"author\" content=\"Admin\" \/>\n<meta name=\"twitter:card\" content=\"summary_large_image\" \/>\n<meta name=\"twitter:creator\" content=\"@DiarioFemenino1\" \/>\n<meta name=\"twitter:site\" content=\"@DiarioFemenino1\" \/>\n<meta name=\"twitter:label1\" content=\"Escrito por\" \/>\n\t<meta name=\"twitter:data1\" content=\"Admin\" \/>\n\t<meta name=\"twitter:label2\" content=\"Tiempo de lectura\" \/>\n\t<meta name=\"twitter:data2\" content=\"4 minutos\" \/>\n<script type=\"application\/ld+json\" class=\"yoast-schema-graph\">{\"@context\":\"https:\\\/\\\/schema.org\",\"@graph\":[{\"@type\":\"Article\",\"@id\":\"https:\\\/\\\/diariofemenino.com.ar\\\/df\\\/la-erotizacion-temprana-de-las-ninas-es-violencia-de-genero\\\/#article\",\"isPartOf\":{\"@id\":\"https:\\\/\\\/diariofemenino.com.ar\\\/df\\\/la-erotizacion-temprana-de-las-ninas-es-violencia-de-genero\\\/\"},\"author\":{\"name\":\"Admin\",\"@id\":\"https:\\\/\\\/diariofemenino.com.ar\\\/df\\\/#\\\/schema\\\/person\\\/bf6199e8158c657ea6f789b11ec85509\"},\"headline\":\"La erotizaci\u00f3n temprana de las ni\u00f1as es violencia de g\u00e9nero\",\"datePublished\":\"2020-01-20T16:04:10+00:00\",\"dateModified\":\"2021-05-16T13:10:59+00:00\",\"mainEntityOfPage\":{\"@id\":\"https:\\\/\\\/diariofemenino.com.ar\\\/df\\\/la-erotizacion-temprana-de-las-ninas-es-violencia-de-genero\\\/\"},\"wordCount\":909,\"commentCount\":50,\"publisher\":{\"@id\":\"https:\\\/\\\/diariofemenino.com.ar\\\/df\\\/#organization\"},\"image\":{\"@id\":\"https:\\\/\\\/diariofemenino.com.ar\\\/df\\\/la-erotizacion-temprana-de-las-ninas-es-violencia-de-genero\\\/#primaryimage\"},\"thumbnailUrl\":\"https:\\\/\\\/diariofemenino.com.ar\\\/df\\\/wp-content\\\/uploads\\\/2020\\\/01\\\/hipersexualizacion-de-la-infancia-678x381.jpg\",\"keywords\":[\"Erotizaci\u00f3n\",\"Ni\u00f1as\"],\"articleSection\":[\"Actividades\",\"Agenda Feminista\",\"Azul Profundo\"],\"inLanguage\":\"es\",\"potentialAction\":[{\"@type\":\"CommentAction\",\"name\":\"Comment\",\"target\":[\"https:\\\/\\\/diariofemenino.com.ar\\\/df\\\/la-erotizacion-temprana-de-las-ninas-es-violencia-de-genero\\\/#respond\"]}]},{\"@type\":\"WebPage\",\"@id\":\"https:\\\/\\\/diariofemenino.com.ar\\\/df\\\/la-erotizacion-temprana-de-las-ninas-es-violencia-de-genero\\\/\",\"url\":\"https:\\\/\\\/diariofemenino.com.ar\\\/df\\\/la-erotizacion-temprana-de-las-ninas-es-violencia-de-genero\\\/\",\"name\":\"La erotizaci\u00f3n temprana de las ni\u00f1as es violencia de g\u00e9nero - Diario Digital Femenino\",\"isPartOf\":{\"@id\":\"https:\\\/\\\/diariofemenino.com.ar\\\/df\\\/#website\"},\"primaryImageOfPage\":{\"@id\":\"https:\\\/\\\/diariofemenino.com.ar\\\/df\\\/la-erotizacion-temprana-de-las-ninas-es-violencia-de-genero\\\/#primaryimage\"},\"image\":{\"@id\":\"https:\\\/\\\/diariofemenino.com.ar\\\/df\\\/la-erotizacion-temprana-de-las-ninas-es-violencia-de-genero\\\/#primaryimage\"},\"thumbnailUrl\":\"https:\\\/\\\/diariofemenino.com.ar\\\/df\\\/wp-content\\\/uploads\\\/2020\\\/01\\\/hipersexualizacion-de-la-infancia-678x381.jpg\",\"datePublished\":\"2020-01-20T16:04:10+00:00\",\"dateModified\":\"2021-05-16T13:10:59+00:00\",\"description\":\"La erotizaci\u00f3n temprana de las ni\u00f1as es violencia de g\u00e9nero. Por Maria Laura Razzari Presidenta de la Asociaci\u00f3n Civil Maltratocero.\",\"breadcrumb\":{\"@id\":\"https:\\\/\\\/diariofemenino.com.ar\\\/df\\\/la-erotizacion-temprana-de-las-ninas-es-violencia-de-genero\\\/#breadcrumb\"},\"inLanguage\":\"es\",\"potentialAction\":[{\"@type\":\"ReadAction\",\"target\":[\"https:\\\/\\\/diariofemenino.com.ar\\\/df\\\/la-erotizacion-temprana-de-las-ninas-es-violencia-de-genero\\\/\"]}]},{\"@type\":\"ImageObject\",\"inLanguage\":\"es\",\"@id\":\"https:\\\/\\\/diariofemenino.com.ar\\\/df\\\/la-erotizacion-temprana-de-las-ninas-es-violencia-de-genero\\\/#primaryimage\",\"url\":\"https:\\\/\\\/diariofemenino.com.ar\\\/df\\\/wp-content\\\/uploads\\\/2020\\\/01\\\/hipersexualizacion-de-la-infancia-678x381.jpg\",\"contentUrl\":\"https:\\\/\\\/diariofemenino.com.ar\\\/df\\\/wp-content\\\/uploads\\\/2020\\\/01\\\/hipersexualizacion-de-la-infancia-678x381.jpg\",\"width\":678,\"height\":381,\"caption\":\"La erotizaci\u00f3n temprana de las ni\u00f1as es violencia de g\u00e9nero\"},{\"@type\":\"BreadcrumbList\",\"@id\":\"https:\\\/\\\/diariofemenino.com.ar\\\/df\\\/la-erotizacion-temprana-de-las-ninas-es-violencia-de-genero\\\/#breadcrumb\",\"itemListElement\":[{\"@type\":\"ListItem\",\"position\":1,\"name\":\"Portada\",\"item\":\"https:\\\/\\\/diariofemenino.com.ar\\\/df\\\/\"},{\"@type\":\"ListItem\",\"position\":2,\"name\":\"La erotizaci\u00f3n temprana de las ni\u00f1as es violencia de g\u00e9nero\"}]},{\"@type\":\"WebSite\",\"@id\":\"https:\\\/\\\/diariofemenino.com.ar\\\/df\\\/#website\",\"url\":\"https:\\\/\\\/diariofemenino.com.ar\\\/df\\\/\",\"name\":\"Diario Digital Femenino\",\"description\":\"Cuesti\u00f3n de G\u00e9nero\",\"publisher\":{\"@id\":\"https:\\\/\\\/diariofemenino.com.ar\\\/df\\\/#organization\"},\"potentialAction\":[{\"@type\":\"SearchAction\",\"target\":{\"@type\":\"EntryPoint\",\"urlTemplate\":\"https:\\\/\\\/diariofemenino.com.ar\\\/df\\\/?s={search_term_string}\"},\"query-input\":{\"@type\":\"PropertyValueSpecification\",\"valueRequired\":true,\"valueName\":\"search_term_string\"}}],\"inLanguage\":\"es\"},{\"@type\":\"Organization\",\"@id\":\"https:\\\/\\\/diariofemenino.com.ar\\\/df\\\/#organization\",\"name\":\"Diario Femenino\",\"url\":\"https:\\\/\\\/diariofemenino.com.ar\\\/df\\\/\",\"logo\":{\"@type\":\"ImageObject\",\"inLanguage\":\"es\",\"@id\":\"https:\\\/\\\/diariofemenino.com.ar\\\/df\\\/#\\\/schema\\\/logo\\\/image\\\/\",\"url\":\"https:\\\/\\\/diariofemenino.com.ar\\\/df\\\/wp-content\\\/uploads\\\/2018\\\/10\\\/logo.png\",\"contentUrl\":\"https:\\\/\\\/diariofemenino.com.ar\\\/df\\\/wp-content\\\/uploads\\\/2018\\\/10\\\/logo.png\",\"width\":500,\"height\":92,\"caption\":\"Diario Femenino\"},\"image\":{\"@id\":\"https:\\\/\\\/diariofemenino.com.ar\\\/df\\\/#\\\/schema\\\/logo\\\/image\\\/\"},\"sameAs\":[\"https:\\\/\\\/www.facebook.com\\\/DiarioDigitaFemenino\\\/\",\"https:\\\/\\\/x.com\\\/DiarioFemenino1\"]},{\"@type\":\"Person\",\"@id\":\"https:\\\/\\\/diariofemenino.com.ar\\\/df\\\/#\\\/schema\\\/person\\\/bf6199e8158c657ea6f789b11ec85509\",\"name\":\"Admin\",\"image\":{\"@type\":\"ImageObject\",\"inLanguage\":\"es\",\"@id\":\"https:\\\/\\\/diariofemenino.com.ar\\\/df\\\/wp-content\\\/uploads\\\/2018\\\/12\\\/favicon-150x150.jpg\",\"url\":\"https:\\\/\\\/diariofemenino.com.ar\\\/df\\\/wp-content\\\/uploads\\\/2018\\\/12\\\/favicon-150x150.jpg\",\"contentUrl\":\"https:\\\/\\\/diariofemenino.com.ar\\\/df\\\/wp-content\\\/uploads\\\/2018\\\/12\\\/favicon-150x150.jpg\",\"caption\":\"Admin\"},\"url\":\"https:\\\/\\\/diariofemenino.com.ar\\\/df\\\/author\\\/lenny\\\/\"}]}<\/script>\n<!-- \/ Yoast SEO plugin. -->","yoast_head_json":{"title":"La erotizaci\u00f3n temprana de las ni\u00f1as es violencia de g\u00e9nero - Diario Digital Femenino","description":"La erotizaci\u00f3n temprana de las ni\u00f1as es violencia de g\u00e9nero. Por Maria Laura Razzari Presidenta de la Asociaci\u00f3n Civil Maltratocero.","robots":{"index":"index","follow":"follow","max-snippet":"max-snippet:-1","max-image-preview":"max-image-preview:large","max-video-preview":"max-video-preview:-1"},"canonical":"https:\/\/diariofemenino.com.ar\/df\/la-erotizacion-temprana-de-las-ninas-es-violencia-de-genero\/","og_locale":"es_ES","og_type":"article","og_title":"La erotizaci\u00f3n temprana de las ni\u00f1as es violencia de g\u00e9nero - Diario Digital Femenino","og_description":"La erotizaci\u00f3n temprana de las ni\u00f1as es violencia de g\u00e9nero. Por Maria Laura Razzari Presidenta de la Asociaci\u00f3n Civil Maltratocero.","og_url":"https:\/\/diariofemenino.com.ar\/df\/la-erotizacion-temprana-de-las-ninas-es-violencia-de-genero\/","og_site_name":"Diario Digital Femenino","article_publisher":"https:\/\/www.facebook.com\/DiarioDigitaFemenino\/","article_published_time":"2020-01-20T16:04:10+00:00","article_modified_time":"2021-05-16T13:10:59+00:00","og_image":[{"width":678,"height":381,"url":"https:\/\/diariofemenino.com.ar\/df\/wp-content\/uploads\/2020\/01\/hipersexualizacion-de-la-infancia-678x381.jpg","type":"image\/jpeg"}],"author":"Admin","twitter_card":"summary_large_image","twitter_creator":"@DiarioFemenino1","twitter_site":"@DiarioFemenino1","twitter_misc":{"Escrito por":"Admin","Tiempo de lectura":"4 minutos"},"schema":{"@context":"https:\/\/schema.org","@graph":[{"@type":"Article","@id":"https:\/\/diariofemenino.com.ar\/df\/la-erotizacion-temprana-de-las-ninas-es-violencia-de-genero\/#article","isPartOf":{"@id":"https:\/\/diariofemenino.com.ar\/df\/la-erotizacion-temprana-de-las-ninas-es-violencia-de-genero\/"},"author":{"name":"Admin","@id":"https:\/\/diariofemenino.com.ar\/df\/#\/schema\/person\/bf6199e8158c657ea6f789b11ec85509"},"headline":"La erotizaci\u00f3n temprana de las ni\u00f1as es violencia de g\u00e9nero","datePublished":"2020-01-20T16:04:10+00:00","dateModified":"2021-05-16T13:10:59+00:00","mainEntityOfPage":{"@id":"https:\/\/diariofemenino.com.ar\/df\/la-erotizacion-temprana-de-las-ninas-es-violencia-de-genero\/"},"wordCount":909,"commentCount":50,"publisher":{"@id":"https:\/\/diariofemenino.com.ar\/df\/#organization"},"image":{"@id":"https:\/\/diariofemenino.com.ar\/df\/la-erotizacion-temprana-de-las-ninas-es-violencia-de-genero\/#primaryimage"},"thumbnailUrl":"https:\/\/diariofemenino.com.ar\/df\/wp-content\/uploads\/2020\/01\/hipersexualizacion-de-la-infancia-678x381.jpg","keywords":["Erotizaci\u00f3n","Ni\u00f1as"],"articleSection":["Actividades","Agenda Feminista","Azul Profundo"],"inLanguage":"es","potentialAction":[{"@type":"CommentAction","name":"Comment","target":["https:\/\/diariofemenino.com.ar\/df\/la-erotizacion-temprana-de-las-ninas-es-violencia-de-genero\/#respond"]}]},{"@type":"WebPage","@id":"https:\/\/diariofemenino.com.ar\/df\/la-erotizacion-temprana-de-las-ninas-es-violencia-de-genero\/","url":"https:\/\/diariofemenino.com.ar\/df\/la-erotizacion-temprana-de-las-ninas-es-violencia-de-genero\/","name":"La erotizaci\u00f3n temprana de las ni\u00f1as es violencia de g\u00e9nero - Diario Digital Femenino","isPartOf":{"@id":"https:\/\/diariofemenino.com.ar\/df\/#website"},"primaryImageOfPage":{"@id":"https:\/\/diariofemenino.com.ar\/df\/la-erotizacion-temprana-de-las-ninas-es-violencia-de-genero\/#primaryimage"},"image":{"@id":"https:\/\/diariofemenino.com.ar\/df\/la-erotizacion-temprana-de-las-ninas-es-violencia-de-genero\/#primaryimage"},"thumbnailUrl":"https:\/\/diariofemenino.com.ar\/df\/wp-content\/uploads\/2020\/01\/hipersexualizacion-de-la-infancia-678x381.jpg","datePublished":"2020-01-20T16:04:10+00:00","dateModified":"2021-05-16T13:10:59+00:00","description":"La erotizaci\u00f3n temprana de las ni\u00f1as es violencia de g\u00e9nero. Por Maria Laura Razzari Presidenta de la Asociaci\u00f3n Civil Maltratocero.","breadcrumb":{"@id":"https:\/\/diariofemenino.com.ar\/df\/la-erotizacion-temprana-de-las-ninas-es-violencia-de-genero\/#breadcrumb"},"inLanguage":"es","potentialAction":[{"@type":"ReadAction","target":["https:\/\/diariofemenino.com.ar\/df\/la-erotizacion-temprana-de-las-ninas-es-violencia-de-genero\/"]}]},{"@type":"ImageObject","inLanguage":"es","@id":"https:\/\/diariofemenino.com.ar\/df\/la-erotizacion-temprana-de-las-ninas-es-violencia-de-genero\/#primaryimage","url":"https:\/\/diariofemenino.com.ar\/df\/wp-content\/uploads\/2020\/01\/hipersexualizacion-de-la-infancia-678x381.jpg","contentUrl":"https:\/\/diariofemenino.com.ar\/df\/wp-content\/uploads\/2020\/01\/hipersexualizacion-de-la-infancia-678x381.jpg","width":678,"height":381,"caption":"La erotizaci\u00f3n temprana de las ni\u00f1as es violencia de g\u00e9nero"},{"@type":"BreadcrumbList","@id":"https:\/\/diariofemenino.com.ar\/df\/la-erotizacion-temprana-de-las-ninas-es-violencia-de-genero\/#breadcrumb","itemListElement":[{"@type":"ListItem","position":1,"name":"Portada","item":"https:\/\/diariofemenino.com.ar\/df\/"},{"@type":"ListItem","position":2,"name":"La erotizaci\u00f3n temprana de las ni\u00f1as es violencia de g\u00e9nero"}]},{"@type":"WebSite","@id":"https:\/\/diariofemenino.com.ar\/df\/#website","url":"https:\/\/diariofemenino.com.ar\/df\/","name":"Diario Digital Femenino","description":"Cuesti\u00f3n de G\u00e9nero","publisher":{"@id":"https:\/\/diariofemenino.com.ar\/df\/#organization"},"potentialAction":[{"@type":"SearchAction","target":{"@type":"EntryPoint","urlTemplate":"https:\/\/diariofemenino.com.ar\/df\/?s={search_term_string}"},"query-input":{"@type":"PropertyValueSpecification","valueRequired":true,"valueName":"search_term_string"}}],"inLanguage":"es"},{"@type":"Organization","@id":"https:\/\/diariofemenino.com.ar\/df\/#organization","name":"Diario Femenino","url":"https:\/\/diariofemenino.com.ar\/df\/","logo":{"@type":"ImageObject","inLanguage":"es","@id":"https:\/\/diariofemenino.com.ar\/df\/#\/schema\/logo\/image\/","url":"https:\/\/diariofemenino.com.ar\/df\/wp-content\/uploads\/2018\/10\/logo.png","contentUrl":"https:\/\/diariofemenino.com.ar\/df\/wp-content\/uploads\/2018\/10\/logo.png","width":500,"height":92,"caption":"Diario Femenino"},"image":{"@id":"https:\/\/diariofemenino.com.ar\/df\/#\/schema\/logo\/image\/"},"sameAs":["https:\/\/www.facebook.com\/DiarioDigitaFemenino\/","https:\/\/x.com\/DiarioFemenino1"]},{"@type":"Person","@id":"https:\/\/diariofemenino.com.ar\/df\/#\/schema\/person\/bf6199e8158c657ea6f789b11ec85509","name":"Admin","image":{"@type":"ImageObject","inLanguage":"es","@id":"https:\/\/diariofemenino.com.ar\/df\/wp-content\/uploads\/2018\/12\/favicon-150x150.jpg","url":"https:\/\/diariofemenino.com.ar\/df\/wp-content\/uploads\/2018\/12\/favicon-150x150.jpg","contentUrl":"https:\/\/diariofemenino.com.ar\/df\/wp-content\/uploads\/2018\/12\/favicon-150x150.jpg","caption":"Admin"},"url":"https:\/\/diariofemenino.com.ar\/df\/author\/lenny\/"}]}},"jetpack_featured_media_url":"https:\/\/diariofemenino.com.ar\/df\/wp-content\/uploads\/2020\/01\/hipersexualizacion-de-la-infancia-678x381.jpg","jetpack_sharing_enabled":true,"rttpg_featured_image_url":{"full":["https:\/\/diariofemenino.com.ar\/df\/wp-content\/uploads\/2020\/01\/hipersexualizacion-de-la-infancia-678x381.jpg",678,381,false],"landscape":["https:\/\/diariofemenino.com.ar\/df\/wp-content\/uploads\/2020\/01\/hipersexualizacion-de-la-infancia-678x381.jpg",678,381,false],"portraits":["https:\/\/diariofemenino.com.ar\/df\/wp-content\/uploads\/2020\/01\/hipersexualizacion-de-la-infancia-678x381.jpg",678,381,false],"thumbnail":["https:\/\/diariofemenino.com.ar\/df\/wp-content\/uploads\/2020\/01\/hipersexualizacion-de-la-infancia-678x381-150x150.jpg",150,150,true],"medium":["https:\/\/diariofemenino.com.ar\/df\/wp-content\/uploads\/2020\/01\/hipersexualizacion-de-la-infancia-678x381-300x169.jpg",300,169,true],"large":["https:\/\/diariofemenino.com.ar\/df\/wp-content\/uploads\/2020\/01\/hipersexualizacion-de-la-infancia-678x381.jpg",678,381,false],"1536x1536":["https:\/\/diariofemenino.com.ar\/df\/wp-content\/uploads\/2020\/01\/hipersexualizacion-de-la-infancia-678x381.jpg",678,381,false],"2048x2048":["https:\/\/diariofemenino.com.ar\/df\/wp-content\/uploads\/2020\/01\/hipersexualizacion-de-la-infancia-678x381.jpg",678,381,false]},"rttpg_author":{"display_name":"Admin","author_link":"https:\/\/diariofemenino.com.ar\/df\/author\/lenny\/"},"rttpg_comment":50,"rttpg_category":"<a href=\"https:\/\/diariofemenino.com.ar\/df\/category\/actividades\/\" rel=\"category tag\">Actividades<\/a> <a href=\"https:\/\/diariofemenino.com.ar\/df\/category\/agenda-feminista\/\" rel=\"category tag\">Agenda Feminista<\/a> <a href=\"https:\/\/diariofemenino.com.ar\/df\/category\/azul-profundo\/\" rel=\"category tag\">Azul Profundo<\/a>","rttpg_excerpt":"Erotizaci\u00f3n A diario pasamos por comercios de ropa infantil y vemos toda una gama de vestuario que parece \u00abcopado\u00bb a instancias de imitar atuendos de personas adultas. Por Mar\u00eda Laura Razzari* Imagen de Portada:\u00a0Mariana Baizan Este aparentemente simp\u00e1tico criterio comercial se profundiza y diversifica hasta el infinito en modelos de prendas para ni\u00f1as que copian&hellip;","_links":{"self":[{"href":"https:\/\/diariofemenino.com.ar\/df\/wp-json\/wp\/v2\/posts\/45467","targetHints":{"allow":["GET"]}}],"collection":[{"href":"https:\/\/diariofemenino.com.ar\/df\/wp-json\/wp\/v2\/posts"}],"about":[{"href":"https:\/\/diariofemenino.com.ar\/df\/wp-json\/wp\/v2\/types\/post"}],"author":[{"embeddable":true,"href":"https:\/\/diariofemenino.com.ar\/df\/wp-json\/wp\/v2\/users\/4"}],"replies":[{"embeddable":true,"href":"https:\/\/diariofemenino.com.ar\/df\/wp-json\/wp\/v2\/comments?post=45467"}],"version-history":[{"count":0,"href":"https:\/\/diariofemenino.com.ar\/df\/wp-json\/wp\/v2\/posts\/45467\/revisions"}],"wp:featuredmedia":[{"embeddable":true,"href":"https:\/\/diariofemenino.com.ar\/df\/wp-json\/wp\/v2\/media\/45468"}],"wp:attachment":[{"href":"https:\/\/diariofemenino.com.ar\/df\/wp-json\/wp\/v2\/media?parent=45467"}],"wp:term":[{"taxonomy":"category","embeddable":true,"href":"https:\/\/diariofemenino.com.ar\/df\/wp-json\/wp\/v2\/categories?post=45467"},{"taxonomy":"post_tag","embeddable":true,"href":"https:\/\/diariofemenino.com.ar\/df\/wp-json\/wp\/v2\/tags?post=45467"}],"curies":[{"name":"wp","href":"https:\/\/api.w.org\/{rel}","templated":true}]}}