{"id":45461,"date":"2020-01-20T11:58:09","date_gmt":"2020-01-20T14:58:09","guid":{"rendered":"https:\/\/diariofemenino.com.ar\/?p=45461"},"modified":"2020-09-18T12:36:20","modified_gmt":"2020-09-18T15:36:20","slug":"elena-greenhill-blacker","status":"publish","type":"post","link":"https:\/\/diariofemenino.com.ar\/df\/elena-greenhill-blacker\/","title":{"rendered":"Elena Greenhill Blacker. La bandida rural que mand\u00f3 a un comisario a lavar los platos"},"content":{"rendered":"<p>Elena Greenhill Blacker<\/p>\n<p><strong>Le dec\u00edan La Grinil. Era inglesa, pero vivi\u00f3 casi toda su vida en la Patagonia argentina. La acusaron de matar a su marido. A\u00f1os despu\u00e9s se veng\u00f3: captur\u00f3 a un grupo de polic\u00edas y los oblig\u00f3 a realizar trabajos dom\u00e9sticos semidesnudos durante d\u00edas.<\/strong><\/p>\n<figure id=\"attachment_45465\" aria-describedby=\"caption-attachment-45465\" style=\"width: 600px\" class=\"wp-caption alignnone\"><img loading=\"lazy\" decoding=\"async\" class=\"wp-image-45465 size-full\" src=\"https:\/\/diariofemenino.com.ar\/df\/wp-content\/uploads\/2020\/01\/elena-greenhill5745.jpg\" alt=\"Elena Greenhill Blacker. La bandida rural que mand\u00f3 a un comisario a lavar los platos\" width=\"600\" height=\"427\" srcset=\"https:\/\/diariofemenino.com.ar\/df\/wp-content\/uploads\/2020\/01\/elena-greenhill5745.jpg 600w, https:\/\/diariofemenino.com.ar\/df\/wp-content\/uploads\/2020\/01\/elena-greenhill5745-300x214.jpg 300w\" sizes=\"auto, (max-width: 600px) 100vw, 600px\" \/><figcaption id=\"caption-attachment-45465\" class=\"wp-caption-text\">Elena Greenhill Blacker. La bandida rural que mand\u00f3 a un comisario a lavar los platos<\/figcaption><\/figure>\n<p>Por <a href=\"http:\/\/cosecharoja.org\/la-bandida-rural-que-mando-un-comisario-lavar-los-platos\/\"><strong>Danila Saiegh<\/strong><\/a>*<\/p>\n<p><strong>1.<\/strong><\/p>\n<p>Su nombre real era Elena Greenhill Blacker. Naci\u00f3 en 1875 en Yorkshire, Inglaterra. Cuando ten\u00eda 14 a\u00f1os se mud\u00f3 con su familia al sur de Chile. El gobierno de ese pa\u00eds les hab\u00eda prometido un terreno de 40 hect\u00e1reas en Cerro verde, Victoria, a la altura de Neuqu\u00e9n. Tambi\u00e9n les ofrec\u00edan animales, una carreta, un arado y 300 tablas y clavos para construir una casa.<\/p>\n<p><strong>2.<\/strong><\/p>\n<p>Sus padres le hab\u00edan encargado cuidar a sus cuatro hermanos menores y ayudar a Emma, su madre, en las tareas del hogar. A Elena no le interesaban para nada las tareas dom\u00e9sticas pero sab\u00eda que mientras viviera con su familia no hab\u00eda manera de escapar de eso. De modo que a los 17 a\u00f1os se consigui\u00f3 un marido.<\/p>\n<p><strong>3.<\/strong><\/p>\n<p>Manuel de la Cruz Astete ten\u00eda veinte a\u00f1os m\u00e1s que Elena. Era elegante. El d\u00eda en que Elena se lo present\u00f3 a su familia llevaba puesto saco y chaleco de casimir color plomo, pantal\u00f3n de cordero, pa\u00f1uelo negro de seda en el cuello, botines de cuero de ternero colorados de doble suela y espuelas chilenas de acero. Llevaba una cigarrera de tela marcada con una \u201cA\u201d y un estuche de gamuza con una boquilla color amarillo.<\/p>\n<p><strong>4.<\/strong><\/p>\n<p>Con Astete se mudaron a la Argentina. Los primeros cuatro a\u00f1os vivieron en Choele Choel, despu\u00e9s se establecieron en R\u00edo Negro, en la isla de Chelfor\u00f3. Se dedicaban a la cr\u00eda y engorde de ganado. En 1898 naci\u00f3 su primer hijo y en 1900 el segundo. Una tarde de enero de 1905 Astete se fue arreando ganado hacia Chile y no volvi\u00f3 nunca m\u00e1s. Su cuerpo fue hallado a un kil\u00f3metro y medio de la casa. Ten\u00eda la cabeza destrozada a piedrazos. La polic\u00eda del lugar acus\u00f3 a Elena de instigar la muerte de Astete. Dec\u00edan que ella hab\u00eda mandado a su amante a asesinarlo.<\/p>\n<p><strong>5.<\/strong><\/p>\n<p>Se busc\u00f3 lo m\u00e1s parecido a un abogado que hab\u00eda en la zona. Mart\u00edn Coria era estudiante de leyes, sus conocimientos no fueron suficientes para lidiar con el odio que le ten\u00eda el comisario de Chelfor\u00f3 a Elena y fue presa. Ocho meses despu\u00e9s sali\u00f3 en libertad y se cas\u00f3 con Coria. La ideas de legal e ilegal dejaron de tener importancia para Elena. A partir de ese momento los polic\u00edas que la conoc\u00edan como La Grinil empezaron a llamarla La Cuatrera. Junto a Coria andaban armados y se robaban reba\u00f1os enteros, lanares, caballos y ganados. Mart\u00edn se ocupaba de las cuestiones legales: a punta de pistola le hac\u00eda firmar a sus v\u00edctimas la venta de sus pertenec\u00edas. Elena era la jefa de la banda. Las fuerzas de seguridad de Chubut la hab\u00edan declarado su enemiga p\u00fablica en todos los diarios regionales y nacionales. Era una especie de leyenda.<\/p>\n<p><strong>6.<\/strong><\/p>\n<p>Con el tiempo la banda se profesionaliz\u00f3. Hac\u00edan negocios turbios pero formalmente impecables: se dedicaban a la compraventa de haciendas y producci\u00f3n de ovejas. Ten\u00edan amigos en todos los lugares importantes: la Compa\u00f1\u00eda de Tierras, la intendencia, la aduana. La empresa funcionaba, eso le dejaba bastante tiempo libre a Elena que disfrutaba practicando tiro. Pon\u00eda latas de tabaco Caporal en fila y les pegaba de cualquier forma. A veces ni apuntaba, accionaba el gatillo y dejaba a todes con la boca abierta. Era conocida entre los polic\u00edas por este talento. Nada le molestaba m\u00e1s a los uniformados que una mujer con m\u00e1s punter\u00eda que ellos.<\/p>\n<p><strong>7.<\/strong><\/p>\n<p>Mercedes Cifuentes denunci\u00f3 a Elena y a Coria de haberle robado ocho mil ovejas y cuatrocientas vacas. Dijo que la banda le hab\u00eda arriado todo el ganado hasta su propiedad. La polic\u00eda, que hac\u00eda a\u00f1os esperaba una buena excusa para detener a Elena, tom\u00f3 \u00e9sta denuncia como argumento suficiente para emprender una persecuci\u00f3n contra la inglesa y su banda. El 17 de febrero de 1909 los polic\u00edas Juan Caminada y Ram\u00f3n Puga de Telsen entraron en la finca de Elena. No hab\u00eda nadie. Se llevaron todos los caballos y ovejas que encontraron. Tambi\u00e9n detuvieron al hermano de Elena. Caminada trabajaba en complicidad para otra banda, la de Asencio Brunel. Su principal preocupaci\u00f3n era esa disputa entre pandillas.<\/p>\n<p><strong>8.<\/strong><\/p>\n<p>Tres d\u00edas despu\u00e9s Elena fue a la comisar\u00eda con los papeles de los animales secuestrados. La polic\u00eda se neg\u00f3 a atender su reclamo y al d\u00eda siguiente el comisario junto a un par de polic\u00edas fue a la finca de Elena con el objetivo de detenerla. Coria y sus empleados dorm\u00edan la siesta. Elena charlaba con una vecina en el fondo de la casa. Uno de los peones escuch\u00f3 cuando la cuadrilla se acercaba y alert\u00f3 a todes. Los polic\u00edas iniciaron un tiroteo que dur\u00f3 una hora hasta que se quedaron sin municiones. En ese momento uno de los peones sali\u00f3 de la casa agitando un trapo blanco. Los uniformados se acercaron a la casa creyendo que hab\u00edan ganado en ese enfrentamiento y Elena aprovech\u00f3 para atraparlos. Los oblig\u00f3 a lavar los platos y a realizar otros quehaceres de la casa usando solo calzoncillos puestos durante varios d\u00edas. Despu\u00e9s de eso oblig\u00f3 al comisario Calegaris a convalidar la propiedad de Elena sobre sus animales.<\/p>\n<p><strong>9.<\/strong><\/p>\n<p>Coria muri\u00f3 el 4 de octubre de 1914 en Buenos Aires. Elena, junto a Taborda, su nueva pareja, decidi\u00f3 irse a vivir a Chubut. Antes de partir dej\u00f3 un poder para el cobro de varias deudas y en un agujero de la pared del dormitorio, junto a la m\u00e1quina de coser, un documento que acreditaba la propiedad de la hacienda para sus hijos. A la altura de Villa La Angostura dos polic\u00edas de civil la sorprendieron. Se dice que s\u00f3lo la pudieron matar porque ella se qued\u00f3 sin balas. Le aplicaron la \u201cLey de fuga\u201d, le dispararon y ya herida y desarmada, le dieron un balazo en la cabeza a las 3 de la tarde del 31 de marzo de 1915. Taborda logr\u00f3 escapar herido, con 11.143 pesos que Elena llevaba consigo. Al d\u00eda siguiente lo atraparon.<\/p>\n<p><strong>10.<\/strong><\/p>\n<p>Elena Greenhill permaneci\u00f3 sepultada en la zona hasta 1949 cuando su hermana consigui\u00f3 trasladar sus restos al Cementerio Brit\u00e1nico en Buenos Aires. Los polic\u00edas fueron procesados por el asesinato de la inglesa. Uno de ellos, Valenciano, reaparecer\u00eda m\u00e1s tarde en Santa Cruz como protagonista de la represi\u00f3n de los trabajadores de la Patagonia Tr\u00e1gica.<\/p>\n<p>&nbsp;<\/p>\n<p>*Periodista de FutuRock y Nacional Rock. Fue becaria de <a href=\"http:\/\/cosecharoja.org\/\">Cosecha Roja<\/a>.<\/p>\n<p><a href=\"https:\/\/diariofemenino.com.ar\/category\/articulos\/\">Mujeres en Palabras<\/a><\/p>\n<p><a href=\"https:\/\/diariofemenino.com.ar\/\">Diario Digital Femenino<\/a><\/p>\n","protected":false},"excerpt":{"rendered":"<p>Elena Greenhill Blacker Le dec\u00edan La Grinil. Era inglesa, pero vivi\u00f3 casi toda su vida en la Patagonia argentina. La acusaron de matar a su marido. A\u00f1os despu\u00e9s se veng\u00f3: captur\u00f3 a un grupo de polic\u00edas y los oblig\u00f3 a realizar trabajos dom\u00e9sticos semidesnudos durante d\u00edas. Por Danila Saiegh* 1. Su nombre real era Elena [&hellip;]<\/p>\n","protected":false},"author":4,"featured_media":45464,"comment_status":"open","ping_status":"open","sticky":false,"template":"","format":"standard","meta":{"iawp_total_views":180,"footnotes":""},"categories":[1067,32,6],"tags":[2726,2729,2727,2728],"class_list":["post-45461","post","type-post","status-publish","format-standard","has-post-thumbnail","hentry","category-agenda-feminista","category-mujeres","category-articulos","tag-bandida-rural","tag-elena-greenhill-blacker","tag-la-grinil","tag-patagonia-argentina"],"nelio_content":{"autoShareEndMode":"never","automationSources":{"useCustomSentences":false,"customSentences":[]},"efiAlt":"","efiUrl":"","followers":[4],"highlights":[],"isAutoShareEnabled":true,"networkImageIds":[],"permalinkQueryArgs":[],"series":[],"suggestedReferences":[]},"yoast_head":"<!-- This site is optimized with the Yoast SEO plugin v27.5 - https:\/\/yoast.com\/product\/yoast-seo-wordpress\/ -->\n<title>Elena Greenhill Blacker. La bandida rural que mand\u00f3 a un comisario a lavar los platos - Diario Digital Femenino<\/title>\n<meta name=\"description\" content=\"Elena Greenhill Blacker. La bandida rural que mand\u00f3 a un comisario a lavar los platos. Le dec\u00edan La Grinil. Era inglesa, vivi\u00f3 en la Patagonia argentina\" \/>\n<meta name=\"robots\" content=\"index, follow, max-snippet:-1, max-image-preview:large, max-video-preview:-1\" \/>\n<link rel=\"canonical\" href=\"https:\/\/diariofemenino.com.ar\/df\/elena-greenhill-blacker\/\" \/>\n<meta property=\"og:locale\" content=\"es_ES\" \/>\n<meta property=\"og:type\" content=\"article\" \/>\n<meta property=\"og:title\" content=\"Elena Greenhill Blacker. La bandida rural que mand\u00f3 a un comisario a lavar los platos - Diario Digital Femenino\" \/>\n<meta property=\"og:description\" content=\"Elena Greenhill Blacker. La bandida rural que mand\u00f3 a un comisario a lavar los platos. Le dec\u00edan La Grinil. Era inglesa, vivi\u00f3 en la Patagonia argentina\" \/>\n<meta property=\"og:url\" content=\"https:\/\/diariofemenino.com.ar\/df\/elena-greenhill-blacker\/\" \/>\n<meta property=\"og:site_name\" content=\"Diario Digital Femenino\" \/>\n<meta property=\"article:publisher\" content=\"https:\/\/www.facebook.com\/DiarioDigitaFemenino\/\" \/>\n<meta property=\"article:published_time\" content=\"2020-01-20T14:58:09+00:00\" \/>\n<meta property=\"article:modified_time\" content=\"2020-09-18T15:36:20+00:00\" \/>\n<meta property=\"og:image\" content=\"https:\/\/diariofemenino.com.ar\/df\/wp-content\/uploads\/2020\/01\/incansable.jpg\" \/>\n\t<meta property=\"og:image:width\" content=\"840\" \/>\n\t<meta property=\"og:image:height\" content=\"600\" \/>\n\t<meta property=\"og:image:type\" content=\"image\/jpeg\" \/>\n<meta name=\"author\" content=\"Admin\" \/>\n<meta name=\"twitter:card\" content=\"summary_large_image\" \/>\n<meta name=\"twitter:creator\" content=\"@DiarioFemenino1\" \/>\n<meta name=\"twitter:site\" content=\"@DiarioFemenino1\" \/>\n<meta name=\"twitter:label1\" content=\"Escrito por\" \/>\n\t<meta name=\"twitter:data1\" content=\"Admin\" \/>\n\t<meta name=\"twitter:label2\" content=\"Tiempo de lectura\" \/>\n\t<meta name=\"twitter:data2\" content=\"6 minutos\" \/>\n<script type=\"application\/ld+json\" class=\"yoast-schema-graph\">{\"@context\":\"https:\\\/\\\/schema.org\",\"@graph\":[{\"@type\":\"Article\",\"@id\":\"https:\\\/\\\/diariofemenino.com.ar\\\/df\\\/elena-greenhill-blacker\\\/#article\",\"isPartOf\":{\"@id\":\"https:\\\/\\\/diariofemenino.com.ar\\\/df\\\/elena-greenhill-blacker\\\/\"},\"author\":{\"name\":\"Admin\",\"@id\":\"https:\\\/\\\/diariofemenino.com.ar\\\/df\\\/#\\\/schema\\\/person\\\/bf6199e8158c657ea6f789b11ec85509\"},\"headline\":\"Elena Greenhill Blacker. La bandida rural que mand\u00f3 a un comisario a lavar los platos\",\"datePublished\":\"2020-01-20T14:58:09+00:00\",\"dateModified\":\"2020-09-18T15:36:20+00:00\",\"mainEntityOfPage\":{\"@id\":\"https:\\\/\\\/diariofemenino.com.ar\\\/df\\\/elena-greenhill-blacker\\\/\"},\"wordCount\":1206,\"commentCount\":0,\"publisher\":{\"@id\":\"https:\\\/\\\/diariofemenino.com.ar\\\/df\\\/#organization\"},\"image\":{\"@id\":\"https:\\\/\\\/diariofemenino.com.ar\\\/df\\\/elena-greenhill-blacker\\\/#primaryimage\"},\"thumbnailUrl\":\"https:\\\/\\\/diariofemenino.com.ar\\\/df\\\/wp-content\\\/uploads\\\/2020\\\/01\\\/incansable.jpg\",\"keywords\":[\"Bandida rural\",\"Elena Greenhill Blacker\",\"La Grinil\",\"Patagonia argentina\"],\"articleSection\":[\"Agenda Feminista\",\"Mujeres\",\"Mujeres en Palabras\"],\"inLanguage\":\"es\",\"potentialAction\":[{\"@type\":\"CommentAction\",\"name\":\"Comment\",\"target\":[\"https:\\\/\\\/diariofemenino.com.ar\\\/df\\\/elena-greenhill-blacker\\\/#respond\"]}]},{\"@type\":\"WebPage\",\"@id\":\"https:\\\/\\\/diariofemenino.com.ar\\\/df\\\/elena-greenhill-blacker\\\/\",\"url\":\"https:\\\/\\\/diariofemenino.com.ar\\\/df\\\/elena-greenhill-blacker\\\/\",\"name\":\"Elena Greenhill Blacker. La bandida rural que mand\u00f3 a un comisario a lavar los platos - Diario Digital Femenino\",\"isPartOf\":{\"@id\":\"https:\\\/\\\/diariofemenino.com.ar\\\/df\\\/#website\"},\"primaryImageOfPage\":{\"@id\":\"https:\\\/\\\/diariofemenino.com.ar\\\/df\\\/elena-greenhill-blacker\\\/#primaryimage\"},\"image\":{\"@id\":\"https:\\\/\\\/diariofemenino.com.ar\\\/df\\\/elena-greenhill-blacker\\\/#primaryimage\"},\"thumbnailUrl\":\"https:\\\/\\\/diariofemenino.com.ar\\\/df\\\/wp-content\\\/uploads\\\/2020\\\/01\\\/incansable.jpg\",\"datePublished\":\"2020-01-20T14:58:09+00:00\",\"dateModified\":\"2020-09-18T15:36:20+00:00\",\"description\":\"Elena Greenhill Blacker. La bandida rural que mand\u00f3 a un comisario a lavar los platos. Le dec\u00edan La Grinil. Era inglesa, vivi\u00f3 en la Patagonia argentina\",\"breadcrumb\":{\"@id\":\"https:\\\/\\\/diariofemenino.com.ar\\\/df\\\/elena-greenhill-blacker\\\/#breadcrumb\"},\"inLanguage\":\"es\",\"potentialAction\":[{\"@type\":\"ReadAction\",\"target\":[\"https:\\\/\\\/diariofemenino.com.ar\\\/df\\\/elena-greenhill-blacker\\\/\"]}]},{\"@type\":\"ImageObject\",\"inLanguage\":\"es\",\"@id\":\"https:\\\/\\\/diariofemenino.com.ar\\\/df\\\/elena-greenhill-blacker\\\/#primaryimage\",\"url\":\"https:\\\/\\\/diariofemenino.com.ar\\\/df\\\/wp-content\\\/uploads\\\/2020\\\/01\\\/incansable.jpg\",\"contentUrl\":\"https:\\\/\\\/diariofemenino.com.ar\\\/df\\\/wp-content\\\/uploads\\\/2020\\\/01\\\/incansable.jpg\",\"width\":840,\"height\":600,\"caption\":\"La bandida rural que mand\u00f3 a un comisario a lavar los platos\"},{\"@type\":\"BreadcrumbList\",\"@id\":\"https:\\\/\\\/diariofemenino.com.ar\\\/df\\\/elena-greenhill-blacker\\\/#breadcrumb\",\"itemListElement\":[{\"@type\":\"ListItem\",\"position\":1,\"name\":\"Portada\",\"item\":\"https:\\\/\\\/diariofemenino.com.ar\\\/df\\\/\"},{\"@type\":\"ListItem\",\"position\":2,\"name\":\"Elena Greenhill Blacker. La bandida rural que mand\u00f3 a un comisario a lavar los platos\"}]},{\"@type\":\"WebSite\",\"@id\":\"https:\\\/\\\/diariofemenino.com.ar\\\/df\\\/#website\",\"url\":\"https:\\\/\\\/diariofemenino.com.ar\\\/df\\\/\",\"name\":\"Diario Digital Femenino\",\"description\":\"Cuesti\u00f3n de G\u00e9nero\",\"publisher\":{\"@id\":\"https:\\\/\\\/diariofemenino.com.ar\\\/df\\\/#organization\"},\"potentialAction\":[{\"@type\":\"SearchAction\",\"target\":{\"@type\":\"EntryPoint\",\"urlTemplate\":\"https:\\\/\\\/diariofemenino.com.ar\\\/df\\\/?s={search_term_string}\"},\"query-input\":{\"@type\":\"PropertyValueSpecification\",\"valueRequired\":true,\"valueName\":\"search_term_string\"}}],\"inLanguage\":\"es\"},{\"@type\":\"Organization\",\"@id\":\"https:\\\/\\\/diariofemenino.com.ar\\\/df\\\/#organization\",\"name\":\"Diario Femenino\",\"url\":\"https:\\\/\\\/diariofemenino.com.ar\\\/df\\\/\",\"logo\":{\"@type\":\"ImageObject\",\"inLanguage\":\"es\",\"@id\":\"https:\\\/\\\/diariofemenino.com.ar\\\/df\\\/#\\\/schema\\\/logo\\\/image\\\/\",\"url\":\"https:\\\/\\\/diariofemenino.com.ar\\\/df\\\/wp-content\\\/uploads\\\/2018\\\/10\\\/logo.png\",\"contentUrl\":\"https:\\\/\\\/diariofemenino.com.ar\\\/df\\\/wp-content\\\/uploads\\\/2018\\\/10\\\/logo.png\",\"width\":500,\"height\":92,\"caption\":\"Diario Femenino\"},\"image\":{\"@id\":\"https:\\\/\\\/diariofemenino.com.ar\\\/df\\\/#\\\/schema\\\/logo\\\/image\\\/\"},\"sameAs\":[\"https:\\\/\\\/www.facebook.com\\\/DiarioDigitaFemenino\\\/\",\"https:\\\/\\\/x.com\\\/DiarioFemenino1\"]},{\"@type\":\"Person\",\"@id\":\"https:\\\/\\\/diariofemenino.com.ar\\\/df\\\/#\\\/schema\\\/person\\\/bf6199e8158c657ea6f789b11ec85509\",\"name\":\"Admin\",\"image\":{\"@type\":\"ImageObject\",\"inLanguage\":\"es\",\"@id\":\"https:\\\/\\\/diariofemenino.com.ar\\\/df\\\/wp-content\\\/uploads\\\/2018\\\/12\\\/favicon-150x150.jpg\",\"url\":\"https:\\\/\\\/diariofemenino.com.ar\\\/df\\\/wp-content\\\/uploads\\\/2018\\\/12\\\/favicon-150x150.jpg\",\"contentUrl\":\"https:\\\/\\\/diariofemenino.com.ar\\\/df\\\/wp-content\\\/uploads\\\/2018\\\/12\\\/favicon-150x150.jpg\",\"caption\":\"Admin\"},\"url\":\"https:\\\/\\\/diariofemenino.com.ar\\\/df\\\/author\\\/lenny\\\/\"}]}<\/script>\n<!-- \/ Yoast SEO plugin. -->","yoast_head_json":{"title":"Elena Greenhill Blacker. La bandida rural que mand\u00f3 a un comisario a lavar los platos - Diario Digital Femenino","description":"Elena Greenhill Blacker. La bandida rural que mand\u00f3 a un comisario a lavar los platos. Le dec\u00edan La Grinil. Era inglesa, vivi\u00f3 en la Patagonia argentina","robots":{"index":"index","follow":"follow","max-snippet":"max-snippet:-1","max-image-preview":"max-image-preview:large","max-video-preview":"max-video-preview:-1"},"canonical":"https:\/\/diariofemenino.com.ar\/df\/elena-greenhill-blacker\/","og_locale":"es_ES","og_type":"article","og_title":"Elena Greenhill Blacker. La bandida rural que mand\u00f3 a un comisario a lavar los platos - Diario Digital Femenino","og_description":"Elena Greenhill Blacker. La bandida rural que mand\u00f3 a un comisario a lavar los platos. Le dec\u00edan La Grinil. Era inglesa, vivi\u00f3 en la Patagonia argentina","og_url":"https:\/\/diariofemenino.com.ar\/df\/elena-greenhill-blacker\/","og_site_name":"Diario Digital Femenino","article_publisher":"https:\/\/www.facebook.com\/DiarioDigitaFemenino\/","article_published_time":"2020-01-20T14:58:09+00:00","article_modified_time":"2020-09-18T15:36:20+00:00","og_image":[{"width":840,"height":600,"url":"https:\/\/diariofemenino.com.ar\/df\/wp-content\/uploads\/2020\/01\/incansable.jpg","type":"image\/jpeg"}],"author":"Admin","twitter_card":"summary_large_image","twitter_creator":"@DiarioFemenino1","twitter_site":"@DiarioFemenino1","twitter_misc":{"Escrito por":"Admin","Tiempo de lectura":"6 minutos"},"schema":{"@context":"https:\/\/schema.org","@graph":[{"@type":"Article","@id":"https:\/\/diariofemenino.com.ar\/df\/elena-greenhill-blacker\/#article","isPartOf":{"@id":"https:\/\/diariofemenino.com.ar\/df\/elena-greenhill-blacker\/"},"author":{"name":"Admin","@id":"https:\/\/diariofemenino.com.ar\/df\/#\/schema\/person\/bf6199e8158c657ea6f789b11ec85509"},"headline":"Elena Greenhill Blacker. La bandida rural que mand\u00f3 a un comisario a lavar los platos","datePublished":"2020-01-20T14:58:09+00:00","dateModified":"2020-09-18T15:36:20+00:00","mainEntityOfPage":{"@id":"https:\/\/diariofemenino.com.ar\/df\/elena-greenhill-blacker\/"},"wordCount":1206,"commentCount":0,"publisher":{"@id":"https:\/\/diariofemenino.com.ar\/df\/#organization"},"image":{"@id":"https:\/\/diariofemenino.com.ar\/df\/elena-greenhill-blacker\/#primaryimage"},"thumbnailUrl":"https:\/\/diariofemenino.com.ar\/df\/wp-content\/uploads\/2020\/01\/incansable.jpg","keywords":["Bandida rural","Elena Greenhill Blacker","La Grinil","Patagonia argentina"],"articleSection":["Agenda Feminista","Mujeres","Mujeres en Palabras"],"inLanguage":"es","potentialAction":[{"@type":"CommentAction","name":"Comment","target":["https:\/\/diariofemenino.com.ar\/df\/elena-greenhill-blacker\/#respond"]}]},{"@type":"WebPage","@id":"https:\/\/diariofemenino.com.ar\/df\/elena-greenhill-blacker\/","url":"https:\/\/diariofemenino.com.ar\/df\/elena-greenhill-blacker\/","name":"Elena Greenhill Blacker. La bandida rural que mand\u00f3 a un comisario a lavar los platos - Diario Digital Femenino","isPartOf":{"@id":"https:\/\/diariofemenino.com.ar\/df\/#website"},"primaryImageOfPage":{"@id":"https:\/\/diariofemenino.com.ar\/df\/elena-greenhill-blacker\/#primaryimage"},"image":{"@id":"https:\/\/diariofemenino.com.ar\/df\/elena-greenhill-blacker\/#primaryimage"},"thumbnailUrl":"https:\/\/diariofemenino.com.ar\/df\/wp-content\/uploads\/2020\/01\/incansable.jpg","datePublished":"2020-01-20T14:58:09+00:00","dateModified":"2020-09-18T15:36:20+00:00","description":"Elena Greenhill Blacker. La bandida rural que mand\u00f3 a un comisario a lavar los platos. Le dec\u00edan La Grinil. Era inglesa, vivi\u00f3 en la Patagonia argentina","breadcrumb":{"@id":"https:\/\/diariofemenino.com.ar\/df\/elena-greenhill-blacker\/#breadcrumb"},"inLanguage":"es","potentialAction":[{"@type":"ReadAction","target":["https:\/\/diariofemenino.com.ar\/df\/elena-greenhill-blacker\/"]}]},{"@type":"ImageObject","inLanguage":"es","@id":"https:\/\/diariofemenino.com.ar\/df\/elena-greenhill-blacker\/#primaryimage","url":"https:\/\/diariofemenino.com.ar\/df\/wp-content\/uploads\/2020\/01\/incansable.jpg","contentUrl":"https:\/\/diariofemenino.com.ar\/df\/wp-content\/uploads\/2020\/01\/incansable.jpg","width":840,"height":600,"caption":"La bandida rural que mand\u00f3 a un comisario a lavar los platos"},{"@type":"BreadcrumbList","@id":"https:\/\/diariofemenino.com.ar\/df\/elena-greenhill-blacker\/#breadcrumb","itemListElement":[{"@type":"ListItem","position":1,"name":"Portada","item":"https:\/\/diariofemenino.com.ar\/df\/"},{"@type":"ListItem","position":2,"name":"Elena Greenhill Blacker. La bandida rural que mand\u00f3 a un comisario a lavar los platos"}]},{"@type":"WebSite","@id":"https:\/\/diariofemenino.com.ar\/df\/#website","url":"https:\/\/diariofemenino.com.ar\/df\/","name":"Diario Digital Femenino","description":"Cuesti\u00f3n de G\u00e9nero","publisher":{"@id":"https:\/\/diariofemenino.com.ar\/df\/#organization"},"potentialAction":[{"@type":"SearchAction","target":{"@type":"EntryPoint","urlTemplate":"https:\/\/diariofemenino.com.ar\/df\/?s={search_term_string}"},"query-input":{"@type":"PropertyValueSpecification","valueRequired":true,"valueName":"search_term_string"}}],"inLanguage":"es"},{"@type":"Organization","@id":"https:\/\/diariofemenino.com.ar\/df\/#organization","name":"Diario Femenino","url":"https:\/\/diariofemenino.com.ar\/df\/","logo":{"@type":"ImageObject","inLanguage":"es","@id":"https:\/\/diariofemenino.com.ar\/df\/#\/schema\/logo\/image\/","url":"https:\/\/diariofemenino.com.ar\/df\/wp-content\/uploads\/2018\/10\/logo.png","contentUrl":"https:\/\/diariofemenino.com.ar\/df\/wp-content\/uploads\/2018\/10\/logo.png","width":500,"height":92,"caption":"Diario Femenino"},"image":{"@id":"https:\/\/diariofemenino.com.ar\/df\/#\/schema\/logo\/image\/"},"sameAs":["https:\/\/www.facebook.com\/DiarioDigitaFemenino\/","https:\/\/x.com\/DiarioFemenino1"]},{"@type":"Person","@id":"https:\/\/diariofemenino.com.ar\/df\/#\/schema\/person\/bf6199e8158c657ea6f789b11ec85509","name":"Admin","image":{"@type":"ImageObject","inLanguage":"es","@id":"https:\/\/diariofemenino.com.ar\/df\/wp-content\/uploads\/2018\/12\/favicon-150x150.jpg","url":"https:\/\/diariofemenino.com.ar\/df\/wp-content\/uploads\/2018\/12\/favicon-150x150.jpg","contentUrl":"https:\/\/diariofemenino.com.ar\/df\/wp-content\/uploads\/2018\/12\/favicon-150x150.jpg","caption":"Admin"},"url":"https:\/\/diariofemenino.com.ar\/df\/author\/lenny\/"}]}},"jetpack_featured_media_url":"https:\/\/diariofemenino.com.ar\/df\/wp-content\/uploads\/2020\/01\/incansable.jpg","jetpack_sharing_enabled":true,"rttpg_featured_image_url":{"full":["https:\/\/diariofemenino.com.ar\/df\/wp-content\/uploads\/2020\/01\/incansable.jpg",840,600,false],"landscape":["https:\/\/diariofemenino.com.ar\/df\/wp-content\/uploads\/2020\/01\/incansable.jpg",840,600,false],"portraits":["https:\/\/diariofemenino.com.ar\/df\/wp-content\/uploads\/2020\/01\/incansable.jpg",840,600,false],"thumbnail":["https:\/\/diariofemenino.com.ar\/df\/wp-content\/uploads\/2020\/01\/incansable-150x150.jpg",150,150,true],"medium":["https:\/\/diariofemenino.com.ar\/df\/wp-content\/uploads\/2020\/01\/incansable-300x214.jpg",300,214,true],"large":["https:\/\/diariofemenino.com.ar\/df\/wp-content\/uploads\/2020\/01\/incansable.jpg",840,600,false],"1536x1536":["https:\/\/diariofemenino.com.ar\/df\/wp-content\/uploads\/2020\/01\/incansable.jpg",840,600,false],"2048x2048":["https:\/\/diariofemenino.com.ar\/df\/wp-content\/uploads\/2020\/01\/incansable.jpg",840,600,false]},"rttpg_author":{"display_name":"Admin","author_link":"https:\/\/diariofemenino.com.ar\/df\/author\/lenny\/"},"rttpg_comment":0,"rttpg_category":"<a href=\"https:\/\/diariofemenino.com.ar\/df\/category\/agenda-feminista\/\" rel=\"category tag\">Agenda Feminista<\/a> <a href=\"https:\/\/diariofemenino.com.ar\/df\/category\/mujeres\/\" rel=\"category tag\">Mujeres<\/a> <a href=\"https:\/\/diariofemenino.com.ar\/df\/category\/articulos\/\" rel=\"category tag\">Mujeres en Palabras<\/a>","rttpg_excerpt":"Elena Greenhill Blacker Le dec\u00edan La Grinil. Era inglesa, pero vivi\u00f3 casi toda su vida en la Patagonia argentina. La acusaron de matar a su marido. A\u00f1os despu\u00e9s se veng\u00f3: captur\u00f3 a un grupo de polic\u00edas y los oblig\u00f3 a realizar trabajos dom\u00e9sticos semidesnudos durante d\u00edas. Por Danila Saiegh* 1. Su nombre real era Elena&hellip;","_links":{"self":[{"href":"https:\/\/diariofemenino.com.ar\/df\/wp-json\/wp\/v2\/posts\/45461","targetHints":{"allow":["GET"]}}],"collection":[{"href":"https:\/\/diariofemenino.com.ar\/df\/wp-json\/wp\/v2\/posts"}],"about":[{"href":"https:\/\/diariofemenino.com.ar\/df\/wp-json\/wp\/v2\/types\/post"}],"author":[{"embeddable":true,"href":"https:\/\/diariofemenino.com.ar\/df\/wp-json\/wp\/v2\/users\/4"}],"replies":[{"embeddable":true,"href":"https:\/\/diariofemenino.com.ar\/df\/wp-json\/wp\/v2\/comments?post=45461"}],"version-history":[{"count":0,"href":"https:\/\/diariofemenino.com.ar\/df\/wp-json\/wp\/v2\/posts\/45461\/revisions"}],"wp:featuredmedia":[{"embeddable":true,"href":"https:\/\/diariofemenino.com.ar\/df\/wp-json\/wp\/v2\/media\/45464"}],"wp:attachment":[{"href":"https:\/\/diariofemenino.com.ar\/df\/wp-json\/wp\/v2\/media?parent=45461"}],"wp:term":[{"taxonomy":"category","embeddable":true,"href":"https:\/\/diariofemenino.com.ar\/df\/wp-json\/wp\/v2\/categories?post=45461"},{"taxonomy":"post_tag","embeddable":true,"href":"https:\/\/diariofemenino.com.ar\/df\/wp-json\/wp\/v2\/tags?post=45461"}],"curies":[{"name":"wp","href":"https:\/\/api.w.org\/{rel}","templated":true}]}}