{"id":45445,"date":"2020-01-20T09:52:27","date_gmt":"2020-01-20T12:52:27","guid":{"rendered":"https:\/\/diariofemenino.com.ar\/?p=45445"},"modified":"2020-01-20T09:59:02","modified_gmt":"2020-01-20T12:59:02","slug":"uruguay-es-el-primer-pais-que-ratifica-el-c190-de-la-oit","status":"publish","type":"post","link":"https:\/\/diariofemenino.com.ar\/df\/uruguay-es-el-primer-pais-que-ratifica-el-c190-de-la-oit\/","title":{"rendered":"Uruguay es el primer pa\u00eds que ratifica el C190 de la OIT"},"content":{"rendered":"<section class=\"_39t8xNUcp3FMDpUTwllMnb\">\n<p class=\"_2rwCNDCYdU5z8ovJGpa3QW\">Uruguay se convirti\u00f3 oficialmente en el primer pa\u00eds del mundo en ratificar el Convenio n.\u00ba 190 de la Organizaci\u00f3n Internacional del Trabajo (<a href=\"https:\/\/diariofemenino.com.ar\/piden-a-diputados-y-senadores-la-ratificacion-del-convenio-190-de-la-oit\/\">OIT<\/a>). El Convenio reconoce que la violencia y el acoso a nivel laboral pueden constituir incumplimiento de los derechos humanos.<\/p>\n<figure id=\"attachment_45455\" aria-describedby=\"caption-attachment-45455\" style=\"width: 900px\" class=\"wp-caption alignnone\"><a href=\"Uruguay es el primer pa\u00eds que ratifica el C190 de la OIT\"><img loading=\"lazy\" decoding=\"async\" class=\"size-large wp-image-45455\" src=\"https:\/\/diariofemenino.com.ar\/df\/wp-content\/uploads\/2020\/01\/uruguay-1024x683.jpg\" alt=\"Uruguay es el primer pa\u00eds que ratifica el C190 de la OIT\" width=\"900\" height=\"600\" srcset=\"https:\/\/diariofemenino.com.ar\/df\/wp-content\/uploads\/2020\/01\/uruguay-1024x683.jpg 1024w, https:\/\/diariofemenino.com.ar\/df\/wp-content\/uploads\/2020\/01\/uruguay-300x200.jpg 300w, https:\/\/diariofemenino.com.ar\/df\/wp-content\/uploads\/2020\/01\/uruguay-768x512.jpg 768w, https:\/\/diariofemenino.com.ar\/df\/wp-content\/uploads\/2020\/01\/uruguay.jpg 1440w\" sizes=\"auto, (max-width: 900px) 100vw, 900px\" \/><\/a><figcaption id=\"caption-attachment-45455\" class=\"wp-caption-text\">Uruguay es el primer pa\u00eds que ratifica el C190 de la OIT<\/figcaption><\/figure>\n<\/section>\n<div class=\"rteContent\">\n<p><em>Cr\u00e9ditos de la foto de portada:\u00a0<a href=\"https:\/\/www.pitcnt.uy\/\" target=\"_blank\" rel=\"noopener\">PIT-CNT<\/a><\/em><\/p>\n<p>El nuevo\u00a0<a href=\"https:\/\/www.ilo.org\/dyn\/normlex\/es\/f?p=NORMLEXPUB:12100:0::NO::P12100_ILO_CODE:C190\" target=\"_blank\" rel=\"noopener\">Convenio<\/a>\u00a0y Recomendaci\u00f3n para poner fin a la violencia y el acoso en el mundo del trabajo se adopt\u00f3 en la\u00a0<a href=\"http:\/\/www.industriall-union.org\/es\/lo-hemos-conseguido-nuevo-convenio-de-la-oit-sobre-violencia-y-acoso-en-el-trabajo\" target=\"_self\">Conferencia<\/a>\u00a0Internacional del Trabajo de la OIT celebrada en junio en Suiza. Reconoce que la violencia y el acoso son una amenaza para la igualdad de oportunidades, y son inaceptables e incompatibles con el trabajo decente.<\/p>\n<p>El actual gobierno de Uruguay envi\u00f3 la iniciativa al Parlamento en setiembre y la C\u00e1mara de Representantes la aprob\u00f3 por unanimidad el 17 de diciembre. De este modo se convirti\u00f3 en el primer pa\u00eds miembro de la OIT en ratificar el C190.<\/p>\n<section class=\"boxTurquoise\"><strong>\u00abAl ratificar el convenio de la OIT, Uruguay deber\u00e1 adoptar un enfoque inclusivo, integrado y que eval\u00fae las condiciones de g\u00e9nero para prevenir y eliminar la violencia y el acoso en el trabajo. Se aplicar\u00e1 tanto al sector p\u00fablico como al privado, formal e informal, urbano o suburbano\u201d<\/strong><\/section>\n<p>explica un\u00a0<a href=\"https:\/\/www.presidencia.gub.uy\/comunicacion\/comunicacionnoticias\/mtss-convenio-190-uruguay-primer-pais-ratificar-convenio-contra-violencia-acoso-trabajo\" target=\"_blank\" rel=\"noopener\">comunicado oficial\u00a0<\/a>de la Presidencia de la Rep\u00fablica.<\/p>\n<p>A su vez, detalla que la legislaci\u00f3n por adoptarse deber\u00e1 exigirle a los empleadores tomar medidas apropiadas y acorde con su grado de control para prevenir la violencia y el acoso en el \u00e1mbito laboral.<\/p>\n<p>Uruguay tiene leyes que abarcan algunos de los temas presentados por el C190, las cuales pudieron ayudar a su ratificaci\u00f3n. Por ejemplo, la\u00a0<a href=\"https:\/\/www.impo.com.uy\/bases\/leyes\/18561-2009\" target=\"_blank\" rel=\"noopener\">ley de acoso sexual<\/a>, prevencion y sancion en el ambito laboral y en las relaciones docente-alumno, y otra normativa sobre la\u00a0<a href=\"https:\/\/www.impo.com.uy\/bases\/leyes\/19580-2017\" target=\"_blank\" rel=\"noopener\">violencia hacia las mujeres basada en g\u00e9nero<\/a>.<\/p>\n<p>IndustriALL Global Union lanz\u00f3 en noviembre una\u00a0<a href=\"http:\/\/www.industriall-union.org\/es\/hagamos-campana-por-la-ratificacion-del-c190-de-la-oit\" target=\"_self\">campa\u00f1a<\/a>\u00a0para incentivar a sus sindicatos afiliados en todo el mundo a trabajar juntos para que los Estados Miembros ratifiquen el Convenio y lo hagan parte de sus leyes nacionales.<\/p>\n<p>Los sindicatos afiliados a IndustriALL en Uruguay participaron activamente en las discusiones tripartitas sobre la ratificaci\u00f3n del convenio, a trav\u00e9s del Departamento de g\u00e9nero, equidad y diversidad de la central sindical uruguaya PIT-CNT.<\/p>\n<p>Fernanda Ceballos, miembro del Departamento de g\u00e9nero y\u00a0afiliada a la UNTMRA dijo:<\/p>\n<blockquote><p>\u00abPromovimos la ratificaci\u00f3n del C190 en Uruguay a trav\u00e9s del Departamento de g\u00e9nero de equidad y diversidad del PIT-CNT. Trabajamos\u00a0el tema de acoso sexual y tolerancia cero a la violencia en los \u00e1mbitos laborales desde hace tiempo, y efectuamos\u00a0talleres para concientizar a los sindicatos al respecto.<\/p>\n<p>A su vez, trabajamos sobre cl\u00e1usulas de g\u00e9nero, en conjunto con las empresas y el Ministerio de trabajo. Una vez ratificado el C190, hicimos asambleas con la UNTMRA para informar sobre su alcance. Una gran cantidad de trabajadoras afiliadas hemos enfrentado situaciones de acoso sexual en el trabajo, as\u00ed que creemos que la ratificaci\u00f3n es muy importante para luchar por un mundo laboral libre de violencia.\u201d<\/p><\/blockquote>\n<p>Finalmente, el secretario regional de IndustriALL para Am\u00e9rica Latina y el Caribe, Marino Vani, concluy\u00f3:<\/p>\n<div class=\"regularQuote\">\n<blockquote><p>\u00abEl C190 es una herramienta muy importante para luchar contra la discriminaci\u00f3n y la desigualdad a nivel laboral. Felicitamos a nuestros sindicatos afiliados en Uruguay por su lucha constante contra la violencia de g\u00e9nero y al gobierno por ratificar este nuevo convenio que promueve un mundo del trabajo libre de violencia y acoso.\u00bb<\/p>\n<p><a href=\"http:\/\/www.industriall-union.org\/es\/uruguay-es-el-primer-pais-que-ratifica-el-c190-de-la-oit\">Industrial-Union<\/a><\/p><\/blockquote>\n<\/div>\n<\/div>\n<hr \/>\n<p><strong>Argentina<\/strong><\/p>\n<blockquote class=\"wp-embedded-content\" data-secret=\"LasGmEUGTv\"><p><a href=\"https:\/\/diariofemenino.com.ar\/piden-a-diputados-y-senadores-la-ratificacion-del-convenio-190-de-la-oit\/\">Piden a Diputados y Senadores la Ratificaci\u00f3n del Convenio 190, sobre violencia y acoso laboral, de la OIT<\/a><\/p><\/blockquote>\n<p><iframe loading=\"lazy\" class=\"wp-embedded-content\" sandbox=\"allow-scripts\" security=\"restricted\" style=\"position: absolute; clip: rect(1px, 1px, 1px, 1px);\" src=\"https:\/\/diariofemenino.com.ar\/piden-a-diputados-y-senadores-la-ratificacion-del-convenio-190-de-la-oit\/embed\/#?secret=LasGmEUGTv\" data-secret=\"LasGmEUGTv\" width=\"600\" height=\"338\" title=\"&#171;Piden a Diputados y Senadores la Ratificaci\u00f3n del Convenio 190, sobre violencia y acoso laboral, de la OIT&#187; &#8212; Diario Digital Femenino\" frameborder=\"0\" marginwidth=\"0\" marginheight=\"0\" scrolling=\"no\"><\/iframe><\/p>\n<p>Diario Digital Femenino<\/p>\n<p class=\"_2rwCNDCYdU5z8ovJGpa3QW\">\n","protected":false},"excerpt":{"rendered":"<p>Uruguay se convirti\u00f3 oficialmente en el primer pa\u00eds del mundo en ratificar el Convenio n.\u00ba 190 de la Organizaci\u00f3n Internacional del Trabajo (OIT). El Convenio reconoce que la violencia y el acoso a nivel laboral pueden constituir incumplimiento de los derechos humanos. Cr\u00e9ditos de la foto de portada:\u00a0PIT-CNT El nuevo\u00a0Convenio\u00a0y Recomendaci\u00f3n para poner fin a [&hellip;]<\/p>\n","protected":false},"author":4,"featured_media":45454,"comment_status":"open","ping_status":"open","sticky":false,"template":"","format":"standard","meta":{"iawp_total_views":8,"footnotes":""},"categories":[1067,13,21,592],"tags":[2725,2536,130,2537,1713],"class_list":["post-45445","post","type-post","status-publish","format-standard","has-post-thumbnail","hentry","category-agenda-feminista","category-mujeres-sindicalistas","category-noticias","category-violencias","tag-america-latina-y-el-caribe","tag-convenio-190","tag-mujeres","tag-oit","tag-uruguay"],"nelio_content":{"autoShareEndMode":"never","automationSources":{"useCustomSentences":false,"customSentences":[]},"efiAlt":"","efiUrl":"","followers":[4],"highlights":[],"isAutoShareEnabled":true,"networkImageIds":[],"permalinkQueryArgs":[],"series":[],"suggestedReferences":[]},"yoast_head":"<!-- This site is optimized with the Yoast SEO plugin v27.5 - https:\/\/yoast.com\/product\/yoast-seo-wordpress\/ -->\n<title>Uruguay es el primer pa\u00eds que ratifica el C190 de la OIT - Diario Digital Femenino<\/title>\n<meta name=\"description\" content=\"Uruguay es el primer pa\u00eds que ratifica el C190 de la OIT. En Argentina tambi\u00e9n realizaron el pedido a Diputados y Senadores\" \/>\n<meta name=\"robots\" content=\"index, follow, max-snippet:-1, max-image-preview:large, max-video-preview:-1\" \/>\n<link rel=\"canonical\" href=\"https:\/\/diariofemenino.com.ar\/df\/uruguay-es-el-primer-pais-que-ratifica-el-c190-de-la-oit\/\" \/>\n<meta property=\"og:locale\" content=\"es_ES\" \/>\n<meta property=\"og:type\" content=\"article\" \/>\n<meta property=\"og:title\" content=\"Uruguay es el primer pa\u00eds que ratifica el C190 de la OIT - Diario Digital Femenino\" \/>\n<meta property=\"og:description\" content=\"Uruguay es el primer pa\u00eds que ratifica el C190 de la OIT. En Argentina tambi\u00e9n realizaron el pedido a Diputados y Senadores\" \/>\n<meta property=\"og:url\" content=\"https:\/\/diariofemenino.com.ar\/df\/uruguay-es-el-primer-pais-que-ratifica-el-c190-de-la-oit\/\" \/>\n<meta property=\"og:site_name\" content=\"Diario Digital Femenino\" \/>\n<meta property=\"article:publisher\" content=\"https:\/\/www.facebook.com\/DiarioDigitaFemenino\/\" \/>\n<meta property=\"article:published_time\" content=\"2020-01-20T12:52:27+00:00\" \/>\n<meta property=\"article:modified_time\" content=\"2020-01-20T12:59:02+00:00\" \/>\n<meta property=\"og:image\" content=\"https:\/\/diariofemenino.com.ar\/df\/wp-content\/uploads\/2020\/01\/28619107_2018447991746543_3445227194223484372_o.jpg\" \/>\n\t<meta property=\"og:image:width\" content=\"1440\" \/>\n\t<meta property=\"og:image:height\" content=\"960\" \/>\n\t<meta property=\"og:image:type\" content=\"image\/jpeg\" \/>\n<meta name=\"author\" content=\"Admin\" \/>\n<meta name=\"twitter:card\" content=\"summary_large_image\" \/>\n<meta name=\"twitter:creator\" content=\"@DiarioFemenino1\" \/>\n<meta name=\"twitter:site\" content=\"@DiarioFemenino1\" \/>\n<meta name=\"twitter:label1\" content=\"Escrito por\" \/>\n\t<meta name=\"twitter:data1\" content=\"Admin\" \/>\n\t<meta name=\"twitter:label2\" content=\"Tiempo de lectura\" \/>\n\t<meta name=\"twitter:data2\" content=\"3 minutos\" \/>\n<script type=\"application\/ld+json\" class=\"yoast-schema-graph\">{\"@context\":\"https:\\\/\\\/schema.org\",\"@graph\":[{\"@type\":\"Article\",\"@id\":\"https:\\\/\\\/diariofemenino.com.ar\\\/df\\\/uruguay-es-el-primer-pais-que-ratifica-el-c190-de-la-oit\\\/#article\",\"isPartOf\":{\"@id\":\"https:\\\/\\\/diariofemenino.com.ar\\\/df\\\/uruguay-es-el-primer-pais-que-ratifica-el-c190-de-la-oit\\\/\"},\"author\":{\"name\":\"Admin\",\"@id\":\"https:\\\/\\\/diariofemenino.com.ar\\\/df\\\/#\\\/schema\\\/person\\\/bf6199e8158c657ea6f789b11ec85509\"},\"headline\":\"Uruguay es el primer pa\u00eds que ratifica el C190 de la OIT\",\"datePublished\":\"2020-01-20T12:52:27+00:00\",\"dateModified\":\"2020-01-20T12:59:02+00:00\",\"mainEntityOfPage\":{\"@id\":\"https:\\\/\\\/diariofemenino.com.ar\\\/df\\\/uruguay-es-el-primer-pais-que-ratifica-el-c190-de-la-oit\\\/\"},\"wordCount\":628,\"commentCount\":0,\"publisher\":{\"@id\":\"https:\\\/\\\/diariofemenino.com.ar\\\/df\\\/#organization\"},\"image\":{\"@id\":\"https:\\\/\\\/diariofemenino.com.ar\\\/df\\\/uruguay-es-el-primer-pais-que-ratifica-el-c190-de-la-oit\\\/#primaryimage\"},\"thumbnailUrl\":\"https:\\\/\\\/diariofemenino.com.ar\\\/df\\\/wp-content\\\/uploads\\\/2020\\\/01\\\/28619107_2018447991746543_3445227194223484372_o.jpg\",\"keywords\":[\"Am\u00e9rica Latina y el Caribe\",\"Convenio 190\",\"Mujeres\",\"OIT\",\"Uruguay\"],\"articleSection\":[\"Agenda Feminista\",\"Mujeres Sindicalistas\",\"Noticias\",\"Violencias\"],\"inLanguage\":\"es\",\"potentialAction\":[{\"@type\":\"CommentAction\",\"name\":\"Comment\",\"target\":[\"https:\\\/\\\/diariofemenino.com.ar\\\/df\\\/uruguay-es-el-primer-pais-que-ratifica-el-c190-de-la-oit\\\/#respond\"]}]},{\"@type\":\"WebPage\",\"@id\":\"https:\\\/\\\/diariofemenino.com.ar\\\/df\\\/uruguay-es-el-primer-pais-que-ratifica-el-c190-de-la-oit\\\/\",\"url\":\"https:\\\/\\\/diariofemenino.com.ar\\\/df\\\/uruguay-es-el-primer-pais-que-ratifica-el-c190-de-la-oit\\\/\",\"name\":\"Uruguay es el primer pa\u00eds que ratifica el C190 de la OIT - Diario Digital Femenino\",\"isPartOf\":{\"@id\":\"https:\\\/\\\/diariofemenino.com.ar\\\/df\\\/#website\"},\"primaryImageOfPage\":{\"@id\":\"https:\\\/\\\/diariofemenino.com.ar\\\/df\\\/uruguay-es-el-primer-pais-que-ratifica-el-c190-de-la-oit\\\/#primaryimage\"},\"image\":{\"@id\":\"https:\\\/\\\/diariofemenino.com.ar\\\/df\\\/uruguay-es-el-primer-pais-que-ratifica-el-c190-de-la-oit\\\/#primaryimage\"},\"thumbnailUrl\":\"https:\\\/\\\/diariofemenino.com.ar\\\/df\\\/wp-content\\\/uploads\\\/2020\\\/01\\\/28619107_2018447991746543_3445227194223484372_o.jpg\",\"datePublished\":\"2020-01-20T12:52:27+00:00\",\"dateModified\":\"2020-01-20T12:59:02+00:00\",\"description\":\"Uruguay es el primer pa\u00eds que ratifica el C190 de la OIT. En Argentina tambi\u00e9n realizaron el pedido a Diputados y Senadores\",\"breadcrumb\":{\"@id\":\"https:\\\/\\\/diariofemenino.com.ar\\\/df\\\/uruguay-es-el-primer-pais-que-ratifica-el-c190-de-la-oit\\\/#breadcrumb\"},\"inLanguage\":\"es\",\"potentialAction\":[{\"@type\":\"ReadAction\",\"target\":[\"https:\\\/\\\/diariofemenino.com.ar\\\/df\\\/uruguay-es-el-primer-pais-que-ratifica-el-c190-de-la-oit\\\/\"]}]},{\"@type\":\"ImageObject\",\"inLanguage\":\"es\",\"@id\":\"https:\\\/\\\/diariofemenino.com.ar\\\/df\\\/uruguay-es-el-primer-pais-que-ratifica-el-c190-de-la-oit\\\/#primaryimage\",\"url\":\"https:\\\/\\\/diariofemenino.com.ar\\\/df\\\/wp-content\\\/uploads\\\/2020\\\/01\\\/28619107_2018447991746543_3445227194223484372_o.jpg\",\"contentUrl\":\"https:\\\/\\\/diariofemenino.com.ar\\\/df\\\/wp-content\\\/uploads\\\/2020\\\/01\\\/28619107_2018447991746543_3445227194223484372_o.jpg\",\"width\":1440,\"height\":960,\"caption\":\"Uruguay es el primer pa\u00eds que ratifica el C190 de la OIT\"},{\"@type\":\"BreadcrumbList\",\"@id\":\"https:\\\/\\\/diariofemenino.com.ar\\\/df\\\/uruguay-es-el-primer-pais-que-ratifica-el-c190-de-la-oit\\\/#breadcrumb\",\"itemListElement\":[{\"@type\":\"ListItem\",\"position\":1,\"name\":\"Portada\",\"item\":\"https:\\\/\\\/diariofemenino.com.ar\\\/df\\\/\"},{\"@type\":\"ListItem\",\"position\":2,\"name\":\"Uruguay es el primer pa\u00eds que ratifica el C190 de la OIT\"}]},{\"@type\":\"WebSite\",\"@id\":\"https:\\\/\\\/diariofemenino.com.ar\\\/df\\\/#website\",\"url\":\"https:\\\/\\\/diariofemenino.com.ar\\\/df\\\/\",\"name\":\"Diario Digital Femenino\",\"description\":\"Cuesti\u00f3n de G\u00e9nero\",\"publisher\":{\"@id\":\"https:\\\/\\\/diariofemenino.com.ar\\\/df\\\/#organization\"},\"potentialAction\":[{\"@type\":\"SearchAction\",\"target\":{\"@type\":\"EntryPoint\",\"urlTemplate\":\"https:\\\/\\\/diariofemenino.com.ar\\\/df\\\/?s={search_term_string}\"},\"query-input\":{\"@type\":\"PropertyValueSpecification\",\"valueRequired\":true,\"valueName\":\"search_term_string\"}}],\"inLanguage\":\"es\"},{\"@type\":\"Organization\",\"@id\":\"https:\\\/\\\/diariofemenino.com.ar\\\/df\\\/#organization\",\"name\":\"Diario Femenino\",\"url\":\"https:\\\/\\\/diariofemenino.com.ar\\\/df\\\/\",\"logo\":{\"@type\":\"ImageObject\",\"inLanguage\":\"es\",\"@id\":\"https:\\\/\\\/diariofemenino.com.ar\\\/df\\\/#\\\/schema\\\/logo\\\/image\\\/\",\"url\":\"https:\\\/\\\/diariofemenino.com.ar\\\/df\\\/wp-content\\\/uploads\\\/2018\\\/10\\\/logo.png\",\"contentUrl\":\"https:\\\/\\\/diariofemenino.com.ar\\\/df\\\/wp-content\\\/uploads\\\/2018\\\/10\\\/logo.png\",\"width\":500,\"height\":92,\"caption\":\"Diario Femenino\"},\"image\":{\"@id\":\"https:\\\/\\\/diariofemenino.com.ar\\\/df\\\/#\\\/schema\\\/logo\\\/image\\\/\"},\"sameAs\":[\"https:\\\/\\\/www.facebook.com\\\/DiarioDigitaFemenino\\\/\",\"https:\\\/\\\/x.com\\\/DiarioFemenino1\"]},{\"@type\":\"Person\",\"@id\":\"https:\\\/\\\/diariofemenino.com.ar\\\/df\\\/#\\\/schema\\\/person\\\/bf6199e8158c657ea6f789b11ec85509\",\"name\":\"Admin\",\"image\":{\"@type\":\"ImageObject\",\"inLanguage\":\"es\",\"@id\":\"https:\\\/\\\/diariofemenino.com.ar\\\/df\\\/wp-content\\\/uploads\\\/2018\\\/12\\\/favicon-150x150.jpg\",\"url\":\"https:\\\/\\\/diariofemenino.com.ar\\\/df\\\/wp-content\\\/uploads\\\/2018\\\/12\\\/favicon-150x150.jpg\",\"contentUrl\":\"https:\\\/\\\/diariofemenino.com.ar\\\/df\\\/wp-content\\\/uploads\\\/2018\\\/12\\\/favicon-150x150.jpg\",\"caption\":\"Admin\"},\"url\":\"https:\\\/\\\/diariofemenino.com.ar\\\/df\\\/author\\\/lenny\\\/\"}]}<\/script>\n<!-- \/ Yoast SEO plugin. -->","yoast_head_json":{"title":"Uruguay es el primer pa\u00eds que ratifica el C190 de la OIT - Diario Digital Femenino","description":"Uruguay es el primer pa\u00eds que ratifica el C190 de la OIT. En Argentina tambi\u00e9n realizaron el pedido a Diputados y Senadores","robots":{"index":"index","follow":"follow","max-snippet":"max-snippet:-1","max-image-preview":"max-image-preview:large","max-video-preview":"max-video-preview:-1"},"canonical":"https:\/\/diariofemenino.com.ar\/df\/uruguay-es-el-primer-pais-que-ratifica-el-c190-de-la-oit\/","og_locale":"es_ES","og_type":"article","og_title":"Uruguay es el primer pa\u00eds que ratifica el C190 de la OIT - Diario Digital Femenino","og_description":"Uruguay es el primer pa\u00eds que ratifica el C190 de la OIT. En Argentina tambi\u00e9n realizaron el pedido a Diputados y Senadores","og_url":"https:\/\/diariofemenino.com.ar\/df\/uruguay-es-el-primer-pais-que-ratifica-el-c190-de-la-oit\/","og_site_name":"Diario Digital Femenino","article_publisher":"https:\/\/www.facebook.com\/DiarioDigitaFemenino\/","article_published_time":"2020-01-20T12:52:27+00:00","article_modified_time":"2020-01-20T12:59:02+00:00","og_image":[{"width":1440,"height":960,"url":"https:\/\/diariofemenino.com.ar\/df\/wp-content\/uploads\/2020\/01\/28619107_2018447991746543_3445227194223484372_o.jpg","type":"image\/jpeg"}],"author":"Admin","twitter_card":"summary_large_image","twitter_creator":"@DiarioFemenino1","twitter_site":"@DiarioFemenino1","twitter_misc":{"Escrito por":"Admin","Tiempo de lectura":"3 minutos"},"schema":{"@context":"https:\/\/schema.org","@graph":[{"@type":"Article","@id":"https:\/\/diariofemenino.com.ar\/df\/uruguay-es-el-primer-pais-que-ratifica-el-c190-de-la-oit\/#article","isPartOf":{"@id":"https:\/\/diariofemenino.com.ar\/df\/uruguay-es-el-primer-pais-que-ratifica-el-c190-de-la-oit\/"},"author":{"name":"Admin","@id":"https:\/\/diariofemenino.com.ar\/df\/#\/schema\/person\/bf6199e8158c657ea6f789b11ec85509"},"headline":"Uruguay es el primer pa\u00eds que ratifica el C190 de la OIT","datePublished":"2020-01-20T12:52:27+00:00","dateModified":"2020-01-20T12:59:02+00:00","mainEntityOfPage":{"@id":"https:\/\/diariofemenino.com.ar\/df\/uruguay-es-el-primer-pais-que-ratifica-el-c190-de-la-oit\/"},"wordCount":628,"commentCount":0,"publisher":{"@id":"https:\/\/diariofemenino.com.ar\/df\/#organization"},"image":{"@id":"https:\/\/diariofemenino.com.ar\/df\/uruguay-es-el-primer-pais-que-ratifica-el-c190-de-la-oit\/#primaryimage"},"thumbnailUrl":"https:\/\/diariofemenino.com.ar\/df\/wp-content\/uploads\/2020\/01\/28619107_2018447991746543_3445227194223484372_o.jpg","keywords":["Am\u00e9rica Latina y el Caribe","Convenio 190","Mujeres","OIT","Uruguay"],"articleSection":["Agenda Feminista","Mujeres Sindicalistas","Noticias","Violencias"],"inLanguage":"es","potentialAction":[{"@type":"CommentAction","name":"Comment","target":["https:\/\/diariofemenino.com.ar\/df\/uruguay-es-el-primer-pais-que-ratifica-el-c190-de-la-oit\/#respond"]}]},{"@type":"WebPage","@id":"https:\/\/diariofemenino.com.ar\/df\/uruguay-es-el-primer-pais-que-ratifica-el-c190-de-la-oit\/","url":"https:\/\/diariofemenino.com.ar\/df\/uruguay-es-el-primer-pais-que-ratifica-el-c190-de-la-oit\/","name":"Uruguay es el primer pa\u00eds que ratifica el C190 de la OIT - Diario Digital Femenino","isPartOf":{"@id":"https:\/\/diariofemenino.com.ar\/df\/#website"},"primaryImageOfPage":{"@id":"https:\/\/diariofemenino.com.ar\/df\/uruguay-es-el-primer-pais-que-ratifica-el-c190-de-la-oit\/#primaryimage"},"image":{"@id":"https:\/\/diariofemenino.com.ar\/df\/uruguay-es-el-primer-pais-que-ratifica-el-c190-de-la-oit\/#primaryimage"},"thumbnailUrl":"https:\/\/diariofemenino.com.ar\/df\/wp-content\/uploads\/2020\/01\/28619107_2018447991746543_3445227194223484372_o.jpg","datePublished":"2020-01-20T12:52:27+00:00","dateModified":"2020-01-20T12:59:02+00:00","description":"Uruguay es el primer pa\u00eds que ratifica el C190 de la OIT. En Argentina tambi\u00e9n realizaron el pedido a Diputados y Senadores","breadcrumb":{"@id":"https:\/\/diariofemenino.com.ar\/df\/uruguay-es-el-primer-pais-que-ratifica-el-c190-de-la-oit\/#breadcrumb"},"inLanguage":"es","potentialAction":[{"@type":"ReadAction","target":["https:\/\/diariofemenino.com.ar\/df\/uruguay-es-el-primer-pais-que-ratifica-el-c190-de-la-oit\/"]}]},{"@type":"ImageObject","inLanguage":"es","@id":"https:\/\/diariofemenino.com.ar\/df\/uruguay-es-el-primer-pais-que-ratifica-el-c190-de-la-oit\/#primaryimage","url":"https:\/\/diariofemenino.com.ar\/df\/wp-content\/uploads\/2020\/01\/28619107_2018447991746543_3445227194223484372_o.jpg","contentUrl":"https:\/\/diariofemenino.com.ar\/df\/wp-content\/uploads\/2020\/01\/28619107_2018447991746543_3445227194223484372_o.jpg","width":1440,"height":960,"caption":"Uruguay es el primer pa\u00eds que ratifica el C190 de la OIT"},{"@type":"BreadcrumbList","@id":"https:\/\/diariofemenino.com.ar\/df\/uruguay-es-el-primer-pais-que-ratifica-el-c190-de-la-oit\/#breadcrumb","itemListElement":[{"@type":"ListItem","position":1,"name":"Portada","item":"https:\/\/diariofemenino.com.ar\/df\/"},{"@type":"ListItem","position":2,"name":"Uruguay es el primer pa\u00eds que ratifica el C190 de la OIT"}]},{"@type":"WebSite","@id":"https:\/\/diariofemenino.com.ar\/df\/#website","url":"https:\/\/diariofemenino.com.ar\/df\/","name":"Diario Digital Femenino","description":"Cuesti\u00f3n de G\u00e9nero","publisher":{"@id":"https:\/\/diariofemenino.com.ar\/df\/#organization"},"potentialAction":[{"@type":"SearchAction","target":{"@type":"EntryPoint","urlTemplate":"https:\/\/diariofemenino.com.ar\/df\/?s={search_term_string}"},"query-input":{"@type":"PropertyValueSpecification","valueRequired":true,"valueName":"search_term_string"}}],"inLanguage":"es"},{"@type":"Organization","@id":"https:\/\/diariofemenino.com.ar\/df\/#organization","name":"Diario Femenino","url":"https:\/\/diariofemenino.com.ar\/df\/","logo":{"@type":"ImageObject","inLanguage":"es","@id":"https:\/\/diariofemenino.com.ar\/df\/#\/schema\/logo\/image\/","url":"https:\/\/diariofemenino.com.ar\/df\/wp-content\/uploads\/2018\/10\/logo.png","contentUrl":"https:\/\/diariofemenino.com.ar\/df\/wp-content\/uploads\/2018\/10\/logo.png","width":500,"height":92,"caption":"Diario Femenino"},"image":{"@id":"https:\/\/diariofemenino.com.ar\/df\/#\/schema\/logo\/image\/"},"sameAs":["https:\/\/www.facebook.com\/DiarioDigitaFemenino\/","https:\/\/x.com\/DiarioFemenino1"]},{"@type":"Person","@id":"https:\/\/diariofemenino.com.ar\/df\/#\/schema\/person\/bf6199e8158c657ea6f789b11ec85509","name":"Admin","image":{"@type":"ImageObject","inLanguage":"es","@id":"https:\/\/diariofemenino.com.ar\/df\/wp-content\/uploads\/2018\/12\/favicon-150x150.jpg","url":"https:\/\/diariofemenino.com.ar\/df\/wp-content\/uploads\/2018\/12\/favicon-150x150.jpg","contentUrl":"https:\/\/diariofemenino.com.ar\/df\/wp-content\/uploads\/2018\/12\/favicon-150x150.jpg","caption":"Admin"},"url":"https:\/\/diariofemenino.com.ar\/df\/author\/lenny\/"}]}},"jetpack_featured_media_url":"https:\/\/diariofemenino.com.ar\/df\/wp-content\/uploads\/2020\/01\/28619107_2018447991746543_3445227194223484372_o.jpg","jetpack_sharing_enabled":true,"rttpg_featured_image_url":{"full":["https:\/\/diariofemenino.com.ar\/df\/wp-content\/uploads\/2020\/01\/28619107_2018447991746543_3445227194223484372_o.jpg",1440,960,false],"landscape":["https:\/\/diariofemenino.com.ar\/df\/wp-content\/uploads\/2020\/01\/28619107_2018447991746543_3445227194223484372_o.jpg",1440,960,false],"portraits":["https:\/\/diariofemenino.com.ar\/df\/wp-content\/uploads\/2020\/01\/28619107_2018447991746543_3445227194223484372_o.jpg",1440,960,false],"thumbnail":["https:\/\/diariofemenino.com.ar\/df\/wp-content\/uploads\/2020\/01\/28619107_2018447991746543_3445227194223484372_o-150x150.jpg",150,150,true],"medium":["https:\/\/diariofemenino.com.ar\/df\/wp-content\/uploads\/2020\/01\/28619107_2018447991746543_3445227194223484372_o-300x200.jpg",300,200,true],"large":["https:\/\/diariofemenino.com.ar\/df\/wp-content\/uploads\/2020\/01\/28619107_2018447991746543_3445227194223484372_o-1024x683.jpg",1024,683,true],"1536x1536":["https:\/\/diariofemenino.com.ar\/df\/wp-content\/uploads\/2020\/01\/28619107_2018447991746543_3445227194223484372_o.jpg",1440,960,false],"2048x2048":["https:\/\/diariofemenino.com.ar\/df\/wp-content\/uploads\/2020\/01\/28619107_2018447991746543_3445227194223484372_o.jpg",1440,960,false]},"rttpg_author":{"display_name":"Admin","author_link":"https:\/\/diariofemenino.com.ar\/df\/author\/lenny\/"},"rttpg_comment":0,"rttpg_category":"<a href=\"https:\/\/diariofemenino.com.ar\/df\/category\/agenda-feminista\/\" rel=\"category tag\">Agenda Feminista<\/a> <a href=\"https:\/\/diariofemenino.com.ar\/df\/category\/mujeres-sindicalistas\/\" rel=\"category tag\">Mujeres Sindicalistas<\/a> <a href=\"https:\/\/diariofemenino.com.ar\/df\/category\/noticias\/\" rel=\"category tag\">Noticias<\/a> <a href=\"https:\/\/diariofemenino.com.ar\/df\/category\/violencias\/\" rel=\"category tag\">Violencias<\/a>","rttpg_excerpt":"Uruguay se convirti\u00f3 oficialmente en el primer pa\u00eds del mundo en ratificar el Convenio n.\u00ba 190 de la Organizaci\u00f3n Internacional del Trabajo (OIT). El Convenio reconoce que la violencia y el acoso a nivel laboral pueden constituir incumplimiento de los derechos humanos. Cr\u00e9ditos de la foto de portada:\u00a0PIT-CNT El nuevo\u00a0Convenio\u00a0y Recomendaci\u00f3n para poner fin a&hellip;","_links":{"self":[{"href":"https:\/\/diariofemenino.com.ar\/df\/wp-json\/wp\/v2\/posts\/45445","targetHints":{"allow":["GET"]}}],"collection":[{"href":"https:\/\/diariofemenino.com.ar\/df\/wp-json\/wp\/v2\/posts"}],"about":[{"href":"https:\/\/diariofemenino.com.ar\/df\/wp-json\/wp\/v2\/types\/post"}],"author":[{"embeddable":true,"href":"https:\/\/diariofemenino.com.ar\/df\/wp-json\/wp\/v2\/users\/4"}],"replies":[{"embeddable":true,"href":"https:\/\/diariofemenino.com.ar\/df\/wp-json\/wp\/v2\/comments?post=45445"}],"version-history":[{"count":0,"href":"https:\/\/diariofemenino.com.ar\/df\/wp-json\/wp\/v2\/posts\/45445\/revisions"}],"wp:featuredmedia":[{"embeddable":true,"href":"https:\/\/diariofemenino.com.ar\/df\/wp-json\/wp\/v2\/media\/45454"}],"wp:attachment":[{"href":"https:\/\/diariofemenino.com.ar\/df\/wp-json\/wp\/v2\/media?parent=45445"}],"wp:term":[{"taxonomy":"category","embeddable":true,"href":"https:\/\/diariofemenino.com.ar\/df\/wp-json\/wp\/v2\/categories?post=45445"},{"taxonomy":"post_tag","embeddable":true,"href":"https:\/\/diariofemenino.com.ar\/df\/wp-json\/wp\/v2\/tags?post=45445"}],"curies":[{"name":"wp","href":"https:\/\/api.w.org\/{rel}","templated":true}]}}