{"id":45188,"date":"2020-01-15T11:40:54","date_gmt":"2020-01-15T14:40:54","guid":{"rendered":"https:\/\/diariofemenino.com.ar\/?p=45188"},"modified":"2020-01-15T12:42:27","modified_gmt":"2020-01-15T15:42:27","slug":"app-elles","status":"publish","type":"post","link":"https:\/\/diariofemenino.com.ar\/df\/app-elles\/","title":{"rendered":"App-Elles: la aplicaci\u00f3n m\u00f3vil para ayudar a mujeres en situaci\u00f3n de violencia"},"content":{"rendered":"<p><strong>App-Elles<\/strong><\/p>\n<p class=\"article-deck article__deck\"><strong>La iniciativa, impulsada en Francia, busca complementar el sistema de respuesta del Estado a la violencia de g\u00e9nero.<\/strong><\/p>\n<div class=\"article-body paywalled-content\">\n<figure id=\"attachment_45192\" aria-describedby=\"caption-attachment-45192\" style=\"width: 427px\" class=\"wp-caption alignleft\"><img loading=\"lazy\" decoding=\"async\" class=\" wp-image-45192\" src=\"https:\/\/diariofemenino.com.ar\/df\/wp-content\/uploads\/2020\/01\/p10f1-dsc04893_1200w-1024x648.jpg\" alt=\"App-Elles: la primera aplicaci\u00f3n m\u00f3vil para ayudar a mujeres en situaci\u00f3n de violencia\" width=\"427\" height=\"271\" srcset=\"https:\/\/diariofemenino.com.ar\/df\/wp-content\/uploads\/2020\/01\/p10f1-dsc04893_1200w-1024x648.jpg 1024w, https:\/\/diariofemenino.com.ar\/df\/wp-content\/uploads\/2020\/01\/p10f1-dsc04893_1200w-300x190.jpg 300w, https:\/\/diariofemenino.com.ar\/df\/wp-content\/uploads\/2020\/01\/p10f1-dsc04893_1200w-768x486.jpg 768w, https:\/\/diariofemenino.com.ar\/df\/wp-content\/uploads\/2020\/01\/p10f1-dsc04893_1200w.jpg 1200w\" sizes=\"auto, (max-width: 427px) 100vw, 427px\" \/><figcaption id=\"caption-attachment-45192\" class=\"wp-caption-text\">App-Elles: la primera aplicaci\u00f3n m\u00f3vil para ayudar a mujeres en situaci\u00f3n de violencia<\/figcaption><\/figure>\n<p>Si existe una<a href=\"https:\/\/diariofemenino.com.ar\/una-app-local-contra-la-violencia-hacia-las-mujeres-distinguida-a-nivel-mundial\/\">\u00a0<em>app<\/em><\/a>\u00a0para gestionar cada actividad de la vida cotidiana, \u00bfpor qu\u00e9 no crear una que sirva para apoyar y asesorar a mujeres en situaciones de violencia? La pregunta suena bastante l\u00f3gica hoy, pero en 2015 todav\u00eda no se hab\u00eda materializado en ning\u00fan proyecto concreto. En ese entonces la artista francesa Diariata N\u2019Diaye presentaba en las escuelas un espect\u00e1culo de\u00a0<em>slam<\/em>\u00a0en el que abordaba los distintos tipos de violencia machista, iniciativa que hab\u00eda servido de plataforma para que muchas j\u00f3venes pudieran contar \u2013a veces por primera vez\u2013 los abusos que hab\u00edan sufrido.<\/p>\n<p>&nbsp;<\/p>\n<p>Escribe:\u00a0<span class=\"small\"><a href=\"https:\/\/ladiaria.com.uy\/periodista\/323\/\">Stephanie Demirdjian<\/a><\/span>\u00a0<span class=\"small\">| Foto: Mariana Greif<\/span><\/p>\n<p>El n\u00facleo tem\u00e1tico de la obra de N\u2019Diaye no fue elegido al azar: surgi\u00f3 en el ocaso de un per\u00edodo de violencias que vivi\u00f3 en carne propia cuando era adolescente y que la oblig\u00f3 a dejar la casa de sus padres antes de terminar el liceo. Pese a las circunstancias, logr\u00f3 concluir los estudios, asisti\u00f3 a un curso de animaci\u00f3n infantil y poco despu\u00e9s encontr\u00f3 un trabajo vinculado a eso. En los ratos libres escrib\u00eda canciones, muchas de ellas sobre la violencia de g\u00e9nero. Con el correr del tiempo, esas letras se convirtieron en el hilo conductor del proyecto que desde hace 15 a\u00f1os se desarrolla en los salones de clase.<\/p>\n<p>\u201cEn estos a\u00f1os me encontr\u00e9 con muchas j\u00f3venes v\u00edctimas de violencia que no sab\u00edan c\u00f3mo encontrar soluciones, aunque exist\u00edan\u201d, cuenta la artista francesa a\u00a0<em>la diaria<\/em>. Decidi\u00f3 hacer algo al respecto y se puso en contacto con organizaciones y especialistas en el abordaje de estas situaciones para derivar a las adolescentes hacia esas estructuras. \u201cPienso que de manera inconsciente siempre me dirig\u00ed a las j\u00f3venes porque a m\u00ed me hubiera gustado estar informada y saber que hab\u00eda asociaciones dispuestas a darme apoyo cuando pas\u00e9 por eso\u201d, explica N\u2019Diaye.<\/p>\n<p>Pero para la activista, que hoy tiene 36 a\u00f1os, ese gesto no era suficiente, y fue por m\u00e1s. \u201cMe di cuenta de que hab\u00eda que hacer otra cosa por esas j\u00f3venes: primero, adaptar las herramientas disponibles para brindarles informaci\u00f3n y sensibilizarlas; luego, crear una herramienta concreta que fuera \u00fatil para las v\u00edctimas, sus allegados y los testigos de las situaciones\u201d, relata. Por eso en 2015 fund\u00f3 la asociaci\u00f3n R\u00e9sonantes y lanz\u00f3 App-Elles (\u201cApp-Ellas\u201d), la primera aplicaci\u00f3n m\u00f3vil creada para ayudar a mujeres en situaci\u00f3n de violencia.<\/p>\n<p>La aplicaci\u00f3n est\u00e1 disponible en Android e iOS, es gratuita y busca facilitar todos los tr\u00e1mites que tienen que hacer las mujeres que atraviesan situaciones de violencia. Los casos para los que se utiliza van desde la violencia intrafamiliar al acoso callejero. Se adapta al idioma predeterminado del tel\u00e9fono y es an\u00f3nima: para utilizarla s\u00f3lo hace falta crear una cuenta con una direcci\u00f3n de correo electr\u00f3nico. No es necesario dar el nombre, la edad ni ning\u00fan otro dato personal.<\/p>\n<p>App-Elles tiene, en primer lugar, una funci\u00f3n de alerta, que al ser activada les llega a tres personas de confianza que la usuaria haya seleccionado previamente. De inmediato, esas tres personas van a poder localizar a la mujer por GPS y escuchar lo que ocurre en tiempo real. La alerta queda autom\u00e1ticamente grabada, algo que puede servir despu\u00e9s como prueba en caso de que la mujer haga la denuncia. Durante la alerta tambi\u00e9n se puede llamar a la Polic\u00eda, explica N\u2019Diaye, pero la aplicaci\u00f3n da prioridad a las tres personas de confianza para que ellas est\u00e9n al tanto y sean quienes alerten a los servicios de emergencia.<\/p>\n<p>\u00bfPor qu\u00e9 priorizar en una situaci\u00f3n de riesgo a las personas allegadas antes que a la Polic\u00eda? \u201cPorque partimos de la observaci\u00f3n en el terreno, que nos demostr\u00f3 que las mujeres v\u00edctimas de violencia, cuando est\u00e1n en dificultades, incluso si saben que deber\u00edan llamar a la Polic\u00eda, no lo hacen y prefieren llamar a una persona de confianza\u201d, responde la creadora de la aplicaci\u00f3n. El objetivo de esta funci\u00f3n de alerta es, entonces, \u201chacer m\u00e1s r\u00e1pido lo que har\u00edamos de manera natural, y multiplicar las chances de que esas personas est\u00e9n disponibles, porque en vez de llamar a una llamamos a tres en simult\u00e1neo\u201d. Tener a las personas de confianza tambi\u00e9n \u201csirve de pie para hablar con otros de las situaciones de violencia que enfrentamos\u201d, dice N\u2019Diaye.<\/p>\n<p>La aplicaci\u00f3n ofrece distintas formas de activar la alerta y la usuaria puede configurar la que le resulte m\u00e1s conveniente. La opci\u00f3n m\u00e1s discreta consiste en apretar el bot\u00f3n de encendido y apagado del tel\u00e9fono cuatro veces seguidas, aunque tambi\u00e9n se puede alertar haciendo presi\u00f3n sobre un\u00a0<em>widget<\/em>\u00a0(especialmente dise\u00f1ado para que no llame la atenci\u00f3n) o a trav\u00e9s de los auriculares, una alternativa \u00fatil sobre todo cuando la mujer se encuentra en un espacio p\u00fablico. Una cuarta posibilidad es lanzar la alerta a trav\u00e9s de una pulsera electr\u00f3nica, que tiene un costo y se puede adquirir\u00a0<a href=\"https:\/\/app-elles.fr\/bracelet.html\">en el sitio web oficial<\/a>\u00a0(en este caso cuesta 33 d\u00f3lares) o por medio de organizaciones asociadas (16 d\u00f3lares). La pulsera electr\u00f3nica sola no hace nada: s\u00f3lo funciona si est\u00e1 conectada por\u00a0<em>bluetooth<\/em>\u00a0a la aplicaci\u00f3n. Para activar la alerta desde la pulsera basta con presionar la superficie del dispositivo durante cuatro segundos, por lo que las mujeres no tienen la necesidad de usar el celular, que a veces puede estar en el fondo de la cartera, bloqueado o incluso bajo control del agresor. El dispositivo electr\u00f3nico viene con un cargador y la bater\u00eda dura m\u00e1s o menos dos meses, dependiendo del uso.<\/p>\n<h3 id=\"mas-que-una-alerta\">M\u00e1s que una alerta<\/h3>\n<p>La aplicaci\u00f3n\u00a0<em>made in France<\/em>\u00a0tiene otras funciones m\u00e1s all\u00e1 de la alerta, que responden a la necesidad de informar, asesorar y sensibilizar a las mujeres. A todas las mujeres. Por eso incluye el bot\u00f3n \u201cInformaci\u00f3n\u201d, con el que se accede a consejos pr\u00e1cticos \u2013como por ejemplo los pasos a seguir para presentar una demanda judicial\u2013 y a un manual para distinguir los diferentes tipos de violencia. \u201cNos interesa que [las usuarias] est\u00e9n al tanto tambi\u00e9n de las consecuencias que tienen estas violencias en la salud, porque sabemos que muchas v\u00edctimas no hacen el v\u00ednculo entre lo que han padecido y posibles perturbaciones f\u00edsicas y psicol\u00f3gicas\u201d, ampl\u00eda N\u2019Diaye.<\/p>\n<p>Por otro lado est\u00e1 la tecla \u201cHablar de eso\u201d, que permite a la usuaria ponerse en contacto con asociaciones locales y nacionales que aborden casos de violencia de g\u00e9nero. La aplicaci\u00f3n muestra todas las organizaciones que est\u00e1n cerca de la mujer y detalla las v\u00edas por las cuales se puede contactar. \u201cEstamos trabajando para que la pr\u00f3xima versi\u00f3n de la aplicaci\u00f3n tambi\u00e9n incluya las comisar\u00edas, la Gendarmer\u00eda y los hospitales\u201d, adelanta la artista y activista francesa.<\/p>\n<p>Las opciones \u201cInformaci\u00f3n\u201d y \u201cHablar de eso\u201d s\u00f3lo est\u00e1n disponibles en los 13 pa\u00edses que, por el momento, han sido georreferenciados por el equipo de N\u2019Diaye: Alemania, Argelia, B\u00e9lgica, Canad\u00e1, Chile, Espa\u00f1a, Estados Unidos, Francia, Italia, Senegal, Suiza y Reino Unido. Las mujeres del resto de los pa\u00edses pueden utilizar la apliaci\u00f3n pero no tienen cargada la informaci\u00f3n, por lo que en ese caso todo se reduce \u00fanicamente a la funci\u00f3n de alerta.<\/p>\n<p>Seg\u00fan el rastreo de R\u00e9sonantes, la aplicaci\u00f3n ya suma 15.000 descargas y tiene entre 1.500 y 1.600 usos por mes. \u201cEntre esos usos tenemos personas que activan la alerta, personas que llaman a las asociaciones, personas que se informan y personas que utilizan todas las funcionalidades\u201d, explica la encargada.<\/p>\n<p>En tanto, hay cerca de 9.000 pulseras electr\u00f3nicas en circulaci\u00f3n. Adem\u00e1s de Francia, la responsable ha recibido pedidos de Chile, Estados Unidos e Italia. El gobierno municipal de la regi\u00f3n del noroeste franc\u00e9s Pays de la Loire, por ejemplo, compr\u00f3 2.000 pulseras para que las asociaciones que trabajan en torno a estas tem\u00e1ticas las distribuyan a las mujeres en situaci\u00f3n de violencia de forma gratuita. En el caso de Chile, un distribuidor independiente compr\u00f3 200 pulseras para donar a organizaciones del pa\u00eds. N\u2019Diaye considera importante enfatizar que la asociaci\u00f3n R\u00e9sonantes no vende las pulseras, sino que s\u00f3lo las dise\u00f1a y promueve. La fabricaci\u00f3n y distribuci\u00f3n est\u00e1n a cargo de una empresa.<\/p>\n<p>El equipo de t\u00e9cnicos trabaja actualmente en la quinta versi\u00f3n de la aplicaci\u00f3n, que se lanzar\u00e1 este a\u00f1o. La idea es que en la renovaci\u00f3n se logre adaptar los servicios que ofrece al uso diario de las mujeres, de acuerdo con la informaci\u00f3n que ha sido recabada en estos casi cinco a\u00f1os. \u201cSi, por ejemplo, nos encontramos con que las mujeres llaman por tel\u00e9fono a las asociaciones con m\u00e1s frecuencia entre las 19.00 y las 23.00, y que las estructuras justo est\u00e1n cerradas en ese horario\u201d, dice N\u2019Diaye, \u201ca nosotros nos permite transmitirles a esas organizaciones que quiz\u00e1s habr\u00eda que repensar el horario en el que trabajan\u201d.<\/p>\n<p>Tambi\u00e9n est\u00e1 en marcha una segunda versi\u00f3n de la pulsera electr\u00f3nica, que podr\u00eda incorporar una c\u00e1mara y un micr\u00f3fono para que la calidad de las im\u00e1genes y el audio que quedan grabados sean de mejor calidad.<\/p>\n<h3 id=\"un-aporte-a-la-respuesta-del-estado\">Un aporte a la respuesta del Estado<\/h3>\n<p>La creadora de App-Elles asegura que la iniciativa fue pensada desde el principio como un \u201cservicio p\u00fablico\u201d, pero no hubo mucha receptividad por parte del Estado. \u201cCuando surgi\u00f3 la idea de la aplicaci\u00f3n, en 2015, lo primero que hice fue ir a ver a representantes del gobierno que estaba en el poder en ese momento, y me dijeron que no\u201d, recuerda la artista. Primero alegaron que \u201cla gente no ten\u00eda confianza en las instituciones del Estado\u201d y luego aseguraron que no hab\u00eda recursos humanos para destinar al proyecto. La activista francesa asegura que desde entonces trabajan \u201cpara demostrar la utilidad y eficacia\u201d de la aplicaci\u00f3n. \u201cUna vez que quede demostrado, pienso que no va a haber razones para que no sea un compromiso de Estado\u201d, asegura.<\/p>\n<p>En realidad, en Francia ya existe desde 2014 un dispositivo de Estado para situaciones de violencia de g\u00e9nero, el llamado Tel\u00e9fono de Peligro Grave (\u201cT\u00e9l\u00e9phone Grave Danger\u201d, en franc\u00e9s), que hoy en d\u00eda es utilizado por cerca de 1.300 mujeres que denunciaron a su pareja. Se trata de un celular con un bot\u00f3n especial \u201cde urgencia\u201d ubicado en la parte de atr\u00e1s, que al ser presionado activa una alarma que la contacta directamente con la Polic\u00eda. Los funcionarios policiales podr\u00e1n obtener as\u00ed la ubicaci\u00f3n exacta de la mujer v\u00eda GPS y deber\u00e1n intervenir en menos de diez minutos.<\/p>\n<p>Sin embargo, el acceso es limitado porque el tel\u00e9fono es entregado por el procurador de la Rep\u00fablica cuando considera, despu\u00e9s de un proceso judicial, que el dispositivo es necesario para proteger a la mujer en situaci\u00f3n de violencia. Es decir que, para utilizarlo, las mujeres tienen que haber hecho antes la denuncia. \u201cNosotros pensamos en nuestro proyecto como algo complementario, porque nos dirigimos a mujeres que no est\u00e1n judicializadas, mujeres que todav\u00eda no han tenido la fuerza, el coraje o la posibilidad de hacer la denuncia\u201d, afirma N\u2019Diaye.<\/p>\n<p>En Uruguay, las tobilleras electr\u00f3nicas para casos de violencia de g\u00e9nero tambi\u00e9n son dispuestas por una jueza o un juez despu\u00e9s de una evaluaci\u00f3n del riesgo, y en general tienen como objetivo supervisar que se cumplan las \u00f3rdenes de no acercamiento del agresor a la denunciante. En el caso del programa uruguayo \u2013que empez\u00f3 a funcionar en 2016\u2013 tanto la v\u00edctima como el ofensor cuentan con dispositivos electr\u00f3nicos.<\/p>\n<p>En el caso de la denunciante, su equipo tiene la ubicaci\u00f3n GPS, emite alertas en caso de violaci\u00f3n de las medidas de no acercamiento, permite comunicarse con personal de la Direcci\u00f3n de Monitoreo Electr\u00f3nico (Dimoe) y tambi\u00e9n tiene un bot\u00f3n de p\u00e1nico.\u00a0<a href=\"https:\/\/feminismos.ladiaria.com.uy\/articulo\/2020\/1\/desarmarlos-con-la-palabra-como-funciona-el-centro-de-control-de-tobilleras-electronicas-que-recibe-unas-32000-alertas-por-dia\/\">En el Dimoe trabajan 140 funcionarios para monitorear las casi 1.000 duplas de dispositivos que hoy en d\u00eda est\u00e1n conectadas<\/a>.<\/p>\n<p>Diariata N\u2019Diaye no cree haber descubierto la p\u00f3lvora al crear la primera aplicaci\u00f3n para mujeres en situaci\u00f3n de violencia. \u201cPara m\u00ed fue algo que surgi\u00f3 del sentido com\u00fan\u201d, reflexiona, \u201cpensando en que hoy en d\u00eda el celular es el medio m\u00e1s eficaz para hacerle llegar contenido a la gente\u201d. Y recuerda lo que se le vino a la cabeza cuando vio que exist\u00eda \u201cTom, el gato hablador\u201d, una aplicaci\u00f3n con la que la gente, en vez de hablarle al gato, se divert\u00eda peg\u00e1ndole: \u201cHay millones de descargas de esta aplicaci\u00f3n que no tiene ninguna utilidad y que en realidad es bastante grave, porque el objetivo es pegarle a un animal. Entonces pens\u00e9 que, en medio de\u00a0<em>apps<\/em>\u00a0que no sirven para nada, val\u00eda la pena hacer una que facilitara la vida de las personas\u201d.<\/p>\n<blockquote><p>Desde Francia | Esta nota fue realizada en el marco de un programa para periodistas latinoamericanas sobre igualdad de g\u00e9nero organizado por el Ministerio de Europa y Asuntos Extranjeros de Francia.<\/p><\/blockquote>\n<\/div>\n<p>&nbsp;<\/p>\n<p>&nbsp;<\/p>\n<p><a href=\"https:\/\/ladiaria.com.uy\/articulo\/2020\/1\/app-elles-la-primera-aplicacion-movil-para-ayudar-a-mujeres-en-situacion-de-violencia\/\">La Diaria<\/a><\/p>\n<p><a href=\"https:\/\/diariofemenino.com.ar\/\">Diario Digital Femenino\u00a0<\/a><\/p>\n","protected":false},"excerpt":{"rendered":"<p>App-Elles La iniciativa, impulsada en Francia, busca complementar el sistema de respuesta del Estado a la violencia de g\u00e9nero. Si existe una\u00a0app\u00a0para gestionar cada actividad de la vida cotidiana, \u00bfpor qu\u00e9 no crear una que sirva para apoyar y asesorar a mujeres en situaciones de violencia? La pregunta suena bastante l\u00f3gica hoy, pero en 2015 [&hellip;]<\/p>\n","protected":false},"author":4,"featured_media":45193,"comment_status":"open","ping_status":"open","sticky":false,"template":"","format":"standard","meta":{"iawp_total_views":66,"footnotes":""},"categories":[1067,32,592],"tags":[25,2681,26,130,16],"class_list":["post-45188","post","type-post","status-publish","format-standard","has-post-thumbnail","hentry","category-agenda-feminista","category-mujeres","category-violencias","tag-activismo","tag-app-elles","tag-feminismo","tag-mujeres","tag-violencia-de-genero"],"nelio_content":{"autoShareEndMode":"never","automationSources":{"useCustomSentences":false,"customSentences":[]},"efiAlt":"","efiUrl":"","followers":[4],"highlights":[],"isAutoShareEnabled":true,"networkImageIds":[],"permalinkQueryArgs":[],"series":[],"suggestedReferences":[]},"yoast_head":"<!-- This site is optimized with the Yoast SEO plugin v27.5 - https:\/\/yoast.com\/product\/yoast-seo-wordpress\/ -->\n<title>App-Elles: la aplicaci\u00f3n m\u00f3vil para ayudar a mujeres en situaci\u00f3n de violencia - Diario Digital Femenino<\/title>\n<meta name=\"description\" content=\"App-Elles: la primera aplicaci\u00f3n m\u00f3vil para ayudar a mujeres en situaci\u00f3n de violencia. La iniciativa, impulsada en Francia\" \/>\n<meta name=\"robots\" content=\"index, follow, max-snippet:-1, max-image-preview:large, max-video-preview:-1\" \/>\n<link rel=\"canonical\" href=\"https:\/\/diariofemenino.com.ar\/df\/app-elles\/\" \/>\n<meta property=\"og:locale\" content=\"es_ES\" \/>\n<meta property=\"og:type\" content=\"article\" \/>\n<meta property=\"og:title\" content=\"App-Elles: la aplicaci\u00f3n m\u00f3vil para ayudar a mujeres en situaci\u00f3n de violencia - Diario Digital Femenino\" \/>\n<meta property=\"og:description\" content=\"App-Elles: la primera aplicaci\u00f3n m\u00f3vil para ayudar a mujeres en situaci\u00f3n de violencia. La iniciativa, impulsada en Francia\" \/>\n<meta property=\"og:url\" content=\"https:\/\/diariofemenino.com.ar\/df\/app-elles\/\" \/>\n<meta property=\"og:site_name\" content=\"Diario Digital Femenino\" \/>\n<meta property=\"article:publisher\" content=\"https:\/\/www.facebook.com\/DiarioDigitaFemenino\/\" \/>\n<meta property=\"article:published_time\" content=\"2020-01-15T14:40:54+00:00\" \/>\n<meta property=\"article:modified_time\" content=\"2020-01-15T15:42:27+00:00\" \/>\n<meta property=\"og:image\" content=\"https:\/\/diariofemenino.com.ar\/df\/wp-content\/uploads\/2020\/01\/features-fr.jpg\" \/>\n\t<meta property=\"og:image:width\" content=\"800\" \/>\n\t<meta property=\"og:image:height\" content=\"280\" \/>\n\t<meta property=\"og:image:type\" content=\"image\/jpeg\" \/>\n<meta name=\"author\" content=\"Admin\" \/>\n<meta name=\"twitter:card\" content=\"summary_large_image\" \/>\n<meta name=\"twitter:creator\" content=\"@DiarioFemenino1\" \/>\n<meta name=\"twitter:site\" content=\"@DiarioFemenino1\" \/>\n<meta name=\"twitter:label1\" content=\"Escrito por\" \/>\n\t<meta name=\"twitter:data1\" content=\"Admin\" \/>\n\t<meta name=\"twitter:label2\" content=\"Tiempo de lectura\" \/>\n\t<meta name=\"twitter:data2\" content=\"12 minutos\" \/>\n<script type=\"application\/ld+json\" class=\"yoast-schema-graph\">{\"@context\":\"https:\\\/\\\/schema.org\",\"@graph\":[{\"@type\":\"Article\",\"@id\":\"https:\\\/\\\/diariofemenino.com.ar\\\/df\\\/app-elles\\\/#article\",\"isPartOf\":{\"@id\":\"https:\\\/\\\/diariofemenino.com.ar\\\/df\\\/app-elles\\\/\"},\"author\":{\"name\":\"Admin\",\"@id\":\"https:\\\/\\\/diariofemenino.com.ar\\\/df\\\/#\\\/schema\\\/person\\\/bf6199e8158c657ea6f789b11ec85509\"},\"headline\":\"App-Elles: la aplicaci\u00f3n m\u00f3vil para ayudar a mujeres en situaci\u00f3n de violencia\",\"datePublished\":\"2020-01-15T14:40:54+00:00\",\"dateModified\":\"2020-01-15T15:42:27+00:00\",\"mainEntityOfPage\":{\"@id\":\"https:\\\/\\\/diariofemenino.com.ar\\\/df\\\/app-elles\\\/\"},\"wordCount\":2342,\"commentCount\":0,\"publisher\":{\"@id\":\"https:\\\/\\\/diariofemenino.com.ar\\\/df\\\/#organization\"},\"image\":{\"@id\":\"https:\\\/\\\/diariofemenino.com.ar\\\/df\\\/app-elles\\\/#primaryimage\"},\"thumbnailUrl\":\"https:\\\/\\\/diariofemenino.com.ar\\\/df\\\/wp-content\\\/uploads\\\/2020\\\/01\\\/features-fr.jpg\",\"keywords\":[\"Activismo\",\"App-Elles\",\"Feminismo\",\"Mujeres\",\"Violencia de g\u00e9nero\"],\"articleSection\":[\"Agenda Feminista\",\"Mujeres\",\"Violencias\"],\"inLanguage\":\"es\",\"potentialAction\":[{\"@type\":\"CommentAction\",\"name\":\"Comment\",\"target\":[\"https:\\\/\\\/diariofemenino.com.ar\\\/df\\\/app-elles\\\/#respond\"]}]},{\"@type\":\"WebPage\",\"@id\":\"https:\\\/\\\/diariofemenino.com.ar\\\/df\\\/app-elles\\\/\",\"url\":\"https:\\\/\\\/diariofemenino.com.ar\\\/df\\\/app-elles\\\/\",\"name\":\"App-Elles: la aplicaci\u00f3n m\u00f3vil para ayudar a mujeres en situaci\u00f3n de violencia - Diario Digital Femenino\",\"isPartOf\":{\"@id\":\"https:\\\/\\\/diariofemenino.com.ar\\\/df\\\/#website\"},\"primaryImageOfPage\":{\"@id\":\"https:\\\/\\\/diariofemenino.com.ar\\\/df\\\/app-elles\\\/#primaryimage\"},\"image\":{\"@id\":\"https:\\\/\\\/diariofemenino.com.ar\\\/df\\\/app-elles\\\/#primaryimage\"},\"thumbnailUrl\":\"https:\\\/\\\/diariofemenino.com.ar\\\/df\\\/wp-content\\\/uploads\\\/2020\\\/01\\\/features-fr.jpg\",\"datePublished\":\"2020-01-15T14:40:54+00:00\",\"dateModified\":\"2020-01-15T15:42:27+00:00\",\"description\":\"App-Elles: la primera aplicaci\u00f3n m\u00f3vil para ayudar a mujeres en situaci\u00f3n de violencia. La iniciativa, impulsada en Francia\",\"breadcrumb\":{\"@id\":\"https:\\\/\\\/diariofemenino.com.ar\\\/df\\\/app-elles\\\/#breadcrumb\"},\"inLanguage\":\"es\",\"potentialAction\":[{\"@type\":\"ReadAction\",\"target\":[\"https:\\\/\\\/diariofemenino.com.ar\\\/df\\\/app-elles\\\/\"]}]},{\"@type\":\"ImageObject\",\"inLanguage\":\"es\",\"@id\":\"https:\\\/\\\/diariofemenino.com.ar\\\/df\\\/app-elles\\\/#primaryimage\",\"url\":\"https:\\\/\\\/diariofemenino.com.ar\\\/df\\\/wp-content\\\/uploads\\\/2020\\\/01\\\/features-fr.jpg\",\"contentUrl\":\"https:\\\/\\\/diariofemenino.com.ar\\\/df\\\/wp-content\\\/uploads\\\/2020\\\/01\\\/features-fr.jpg\",\"width\":800,\"height\":280,\"caption\":\"App-Elles: la primera aplicaci\u00f3n m\u00f3vil para ayudar a mujeres en situaci\u00f3n de violencia\"},{\"@type\":\"BreadcrumbList\",\"@id\":\"https:\\\/\\\/diariofemenino.com.ar\\\/df\\\/app-elles\\\/#breadcrumb\",\"itemListElement\":[{\"@type\":\"ListItem\",\"position\":1,\"name\":\"Portada\",\"item\":\"https:\\\/\\\/diariofemenino.com.ar\\\/df\\\/\"},{\"@type\":\"ListItem\",\"position\":2,\"name\":\"App-Elles: la aplicaci\u00f3n m\u00f3vil para ayudar a mujeres en situaci\u00f3n de violencia\"}]},{\"@type\":\"WebSite\",\"@id\":\"https:\\\/\\\/diariofemenino.com.ar\\\/df\\\/#website\",\"url\":\"https:\\\/\\\/diariofemenino.com.ar\\\/df\\\/\",\"name\":\"Diario Digital Femenino\",\"description\":\"Cuesti\u00f3n de G\u00e9nero\",\"publisher\":{\"@id\":\"https:\\\/\\\/diariofemenino.com.ar\\\/df\\\/#organization\"},\"potentialAction\":[{\"@type\":\"SearchAction\",\"target\":{\"@type\":\"EntryPoint\",\"urlTemplate\":\"https:\\\/\\\/diariofemenino.com.ar\\\/df\\\/?s={search_term_string}\"},\"query-input\":{\"@type\":\"PropertyValueSpecification\",\"valueRequired\":true,\"valueName\":\"search_term_string\"}}],\"inLanguage\":\"es\"},{\"@type\":\"Organization\",\"@id\":\"https:\\\/\\\/diariofemenino.com.ar\\\/df\\\/#organization\",\"name\":\"Diario Femenino\",\"url\":\"https:\\\/\\\/diariofemenino.com.ar\\\/df\\\/\",\"logo\":{\"@type\":\"ImageObject\",\"inLanguage\":\"es\",\"@id\":\"https:\\\/\\\/diariofemenino.com.ar\\\/df\\\/#\\\/schema\\\/logo\\\/image\\\/\",\"url\":\"https:\\\/\\\/diariofemenino.com.ar\\\/df\\\/wp-content\\\/uploads\\\/2018\\\/10\\\/logo.png\",\"contentUrl\":\"https:\\\/\\\/diariofemenino.com.ar\\\/df\\\/wp-content\\\/uploads\\\/2018\\\/10\\\/logo.png\",\"width\":500,\"height\":92,\"caption\":\"Diario Femenino\"},\"image\":{\"@id\":\"https:\\\/\\\/diariofemenino.com.ar\\\/df\\\/#\\\/schema\\\/logo\\\/image\\\/\"},\"sameAs\":[\"https:\\\/\\\/www.facebook.com\\\/DiarioDigitaFemenino\\\/\",\"https:\\\/\\\/x.com\\\/DiarioFemenino1\"]},{\"@type\":\"Person\",\"@id\":\"https:\\\/\\\/diariofemenino.com.ar\\\/df\\\/#\\\/schema\\\/person\\\/bf6199e8158c657ea6f789b11ec85509\",\"name\":\"Admin\",\"image\":{\"@type\":\"ImageObject\",\"inLanguage\":\"es\",\"@id\":\"https:\\\/\\\/diariofemenino.com.ar\\\/df\\\/wp-content\\\/uploads\\\/2018\\\/12\\\/favicon-150x150.jpg\",\"url\":\"https:\\\/\\\/diariofemenino.com.ar\\\/df\\\/wp-content\\\/uploads\\\/2018\\\/12\\\/favicon-150x150.jpg\",\"contentUrl\":\"https:\\\/\\\/diariofemenino.com.ar\\\/df\\\/wp-content\\\/uploads\\\/2018\\\/12\\\/favicon-150x150.jpg\",\"caption\":\"Admin\"},\"url\":\"https:\\\/\\\/diariofemenino.com.ar\\\/df\\\/author\\\/lenny\\\/\"}]}<\/script>\n<!-- \/ Yoast SEO plugin. -->","yoast_head_json":{"title":"App-Elles: la aplicaci\u00f3n m\u00f3vil para ayudar a mujeres en situaci\u00f3n de violencia - Diario Digital Femenino","description":"App-Elles: la primera aplicaci\u00f3n m\u00f3vil para ayudar a mujeres en situaci\u00f3n de violencia. La iniciativa, impulsada en Francia","robots":{"index":"index","follow":"follow","max-snippet":"max-snippet:-1","max-image-preview":"max-image-preview:large","max-video-preview":"max-video-preview:-1"},"canonical":"https:\/\/diariofemenino.com.ar\/df\/app-elles\/","og_locale":"es_ES","og_type":"article","og_title":"App-Elles: la aplicaci\u00f3n m\u00f3vil para ayudar a mujeres en situaci\u00f3n de violencia - Diario Digital Femenino","og_description":"App-Elles: la primera aplicaci\u00f3n m\u00f3vil para ayudar a mujeres en situaci\u00f3n de violencia. La iniciativa, impulsada en Francia","og_url":"https:\/\/diariofemenino.com.ar\/df\/app-elles\/","og_site_name":"Diario Digital Femenino","article_publisher":"https:\/\/www.facebook.com\/DiarioDigitaFemenino\/","article_published_time":"2020-01-15T14:40:54+00:00","article_modified_time":"2020-01-15T15:42:27+00:00","og_image":[{"width":800,"height":280,"url":"https:\/\/diariofemenino.com.ar\/df\/wp-content\/uploads\/2020\/01\/features-fr.jpg","type":"image\/jpeg"}],"author":"Admin","twitter_card":"summary_large_image","twitter_creator":"@DiarioFemenino1","twitter_site":"@DiarioFemenino1","twitter_misc":{"Escrito por":"Admin","Tiempo de lectura":"12 minutos"},"schema":{"@context":"https:\/\/schema.org","@graph":[{"@type":"Article","@id":"https:\/\/diariofemenino.com.ar\/df\/app-elles\/#article","isPartOf":{"@id":"https:\/\/diariofemenino.com.ar\/df\/app-elles\/"},"author":{"name":"Admin","@id":"https:\/\/diariofemenino.com.ar\/df\/#\/schema\/person\/bf6199e8158c657ea6f789b11ec85509"},"headline":"App-Elles: la aplicaci\u00f3n m\u00f3vil para ayudar a mujeres en situaci\u00f3n de violencia","datePublished":"2020-01-15T14:40:54+00:00","dateModified":"2020-01-15T15:42:27+00:00","mainEntityOfPage":{"@id":"https:\/\/diariofemenino.com.ar\/df\/app-elles\/"},"wordCount":2342,"commentCount":0,"publisher":{"@id":"https:\/\/diariofemenino.com.ar\/df\/#organization"},"image":{"@id":"https:\/\/diariofemenino.com.ar\/df\/app-elles\/#primaryimage"},"thumbnailUrl":"https:\/\/diariofemenino.com.ar\/df\/wp-content\/uploads\/2020\/01\/features-fr.jpg","keywords":["Activismo","App-Elles","Feminismo","Mujeres","Violencia de g\u00e9nero"],"articleSection":["Agenda Feminista","Mujeres","Violencias"],"inLanguage":"es","potentialAction":[{"@type":"CommentAction","name":"Comment","target":["https:\/\/diariofemenino.com.ar\/df\/app-elles\/#respond"]}]},{"@type":"WebPage","@id":"https:\/\/diariofemenino.com.ar\/df\/app-elles\/","url":"https:\/\/diariofemenino.com.ar\/df\/app-elles\/","name":"App-Elles: la aplicaci\u00f3n m\u00f3vil para ayudar a mujeres en situaci\u00f3n de violencia - Diario Digital Femenino","isPartOf":{"@id":"https:\/\/diariofemenino.com.ar\/df\/#website"},"primaryImageOfPage":{"@id":"https:\/\/diariofemenino.com.ar\/df\/app-elles\/#primaryimage"},"image":{"@id":"https:\/\/diariofemenino.com.ar\/df\/app-elles\/#primaryimage"},"thumbnailUrl":"https:\/\/diariofemenino.com.ar\/df\/wp-content\/uploads\/2020\/01\/features-fr.jpg","datePublished":"2020-01-15T14:40:54+00:00","dateModified":"2020-01-15T15:42:27+00:00","description":"App-Elles: la primera aplicaci\u00f3n m\u00f3vil para ayudar a mujeres en situaci\u00f3n de violencia. La iniciativa, impulsada en Francia","breadcrumb":{"@id":"https:\/\/diariofemenino.com.ar\/df\/app-elles\/#breadcrumb"},"inLanguage":"es","potentialAction":[{"@type":"ReadAction","target":["https:\/\/diariofemenino.com.ar\/df\/app-elles\/"]}]},{"@type":"ImageObject","inLanguage":"es","@id":"https:\/\/diariofemenino.com.ar\/df\/app-elles\/#primaryimage","url":"https:\/\/diariofemenino.com.ar\/df\/wp-content\/uploads\/2020\/01\/features-fr.jpg","contentUrl":"https:\/\/diariofemenino.com.ar\/df\/wp-content\/uploads\/2020\/01\/features-fr.jpg","width":800,"height":280,"caption":"App-Elles: la primera aplicaci\u00f3n m\u00f3vil para ayudar a mujeres en situaci\u00f3n de violencia"},{"@type":"BreadcrumbList","@id":"https:\/\/diariofemenino.com.ar\/df\/app-elles\/#breadcrumb","itemListElement":[{"@type":"ListItem","position":1,"name":"Portada","item":"https:\/\/diariofemenino.com.ar\/df\/"},{"@type":"ListItem","position":2,"name":"App-Elles: la aplicaci\u00f3n m\u00f3vil para ayudar a mujeres en situaci\u00f3n de violencia"}]},{"@type":"WebSite","@id":"https:\/\/diariofemenino.com.ar\/df\/#website","url":"https:\/\/diariofemenino.com.ar\/df\/","name":"Diario Digital Femenino","description":"Cuesti\u00f3n de G\u00e9nero","publisher":{"@id":"https:\/\/diariofemenino.com.ar\/df\/#organization"},"potentialAction":[{"@type":"SearchAction","target":{"@type":"EntryPoint","urlTemplate":"https:\/\/diariofemenino.com.ar\/df\/?s={search_term_string}"},"query-input":{"@type":"PropertyValueSpecification","valueRequired":true,"valueName":"search_term_string"}}],"inLanguage":"es"},{"@type":"Organization","@id":"https:\/\/diariofemenino.com.ar\/df\/#organization","name":"Diario Femenino","url":"https:\/\/diariofemenino.com.ar\/df\/","logo":{"@type":"ImageObject","inLanguage":"es","@id":"https:\/\/diariofemenino.com.ar\/df\/#\/schema\/logo\/image\/","url":"https:\/\/diariofemenino.com.ar\/df\/wp-content\/uploads\/2018\/10\/logo.png","contentUrl":"https:\/\/diariofemenino.com.ar\/df\/wp-content\/uploads\/2018\/10\/logo.png","width":500,"height":92,"caption":"Diario Femenino"},"image":{"@id":"https:\/\/diariofemenino.com.ar\/df\/#\/schema\/logo\/image\/"},"sameAs":["https:\/\/www.facebook.com\/DiarioDigitaFemenino\/","https:\/\/x.com\/DiarioFemenino1"]},{"@type":"Person","@id":"https:\/\/diariofemenino.com.ar\/df\/#\/schema\/person\/bf6199e8158c657ea6f789b11ec85509","name":"Admin","image":{"@type":"ImageObject","inLanguage":"es","@id":"https:\/\/diariofemenino.com.ar\/df\/wp-content\/uploads\/2018\/12\/favicon-150x150.jpg","url":"https:\/\/diariofemenino.com.ar\/df\/wp-content\/uploads\/2018\/12\/favicon-150x150.jpg","contentUrl":"https:\/\/diariofemenino.com.ar\/df\/wp-content\/uploads\/2018\/12\/favicon-150x150.jpg","caption":"Admin"},"url":"https:\/\/diariofemenino.com.ar\/df\/author\/lenny\/"}]}},"jetpack_featured_media_url":"https:\/\/diariofemenino.com.ar\/df\/wp-content\/uploads\/2020\/01\/features-fr.jpg","jetpack_sharing_enabled":true,"rttpg_featured_image_url":{"full":["https:\/\/diariofemenino.com.ar\/df\/wp-content\/uploads\/2020\/01\/features-fr.jpg",800,280,false],"landscape":["https:\/\/diariofemenino.com.ar\/df\/wp-content\/uploads\/2020\/01\/features-fr.jpg",800,280,false],"portraits":["https:\/\/diariofemenino.com.ar\/df\/wp-content\/uploads\/2020\/01\/features-fr.jpg",800,280,false],"thumbnail":["https:\/\/diariofemenino.com.ar\/df\/wp-content\/uploads\/2020\/01\/features-fr-150x150.jpg",150,150,true],"medium":["https:\/\/diariofemenino.com.ar\/df\/wp-content\/uploads\/2020\/01\/features-fr-300x105.jpg",300,105,true],"large":["https:\/\/diariofemenino.com.ar\/df\/wp-content\/uploads\/2020\/01\/features-fr.jpg",800,280,false],"1536x1536":["https:\/\/diariofemenino.com.ar\/df\/wp-content\/uploads\/2020\/01\/features-fr.jpg",800,280,false],"2048x2048":["https:\/\/diariofemenino.com.ar\/df\/wp-content\/uploads\/2020\/01\/features-fr.jpg",800,280,false]},"rttpg_author":{"display_name":"Admin","author_link":"https:\/\/diariofemenino.com.ar\/df\/author\/lenny\/"},"rttpg_comment":1,"rttpg_category":"<a href=\"https:\/\/diariofemenino.com.ar\/df\/category\/agenda-feminista\/\" rel=\"category tag\">Agenda Feminista<\/a> <a href=\"https:\/\/diariofemenino.com.ar\/df\/category\/mujeres\/\" rel=\"category tag\">Mujeres<\/a> <a href=\"https:\/\/diariofemenino.com.ar\/df\/category\/violencias\/\" rel=\"category tag\">Violencias<\/a>","rttpg_excerpt":"App-Elles La iniciativa, impulsada en Francia, busca complementar el sistema de respuesta del Estado a la violencia de g\u00e9nero. Si existe una\u00a0app\u00a0para gestionar cada actividad de la vida cotidiana, \u00bfpor qu\u00e9 no crear una que sirva para apoyar y asesorar a mujeres en situaciones de violencia? La pregunta suena bastante l\u00f3gica hoy, pero en 2015&hellip;","_links":{"self":[{"href":"https:\/\/diariofemenino.com.ar\/df\/wp-json\/wp\/v2\/posts\/45188","targetHints":{"allow":["GET"]}}],"collection":[{"href":"https:\/\/diariofemenino.com.ar\/df\/wp-json\/wp\/v2\/posts"}],"about":[{"href":"https:\/\/diariofemenino.com.ar\/df\/wp-json\/wp\/v2\/types\/post"}],"author":[{"embeddable":true,"href":"https:\/\/diariofemenino.com.ar\/df\/wp-json\/wp\/v2\/users\/4"}],"replies":[{"embeddable":true,"href":"https:\/\/diariofemenino.com.ar\/df\/wp-json\/wp\/v2\/comments?post=45188"}],"version-history":[{"count":0,"href":"https:\/\/diariofemenino.com.ar\/df\/wp-json\/wp\/v2\/posts\/45188\/revisions"}],"wp:featuredmedia":[{"embeddable":true,"href":"https:\/\/diariofemenino.com.ar\/df\/wp-json\/wp\/v2\/media\/45193"}],"wp:attachment":[{"href":"https:\/\/diariofemenino.com.ar\/df\/wp-json\/wp\/v2\/media?parent=45188"}],"wp:term":[{"taxonomy":"category","embeddable":true,"href":"https:\/\/diariofemenino.com.ar\/df\/wp-json\/wp\/v2\/categories?post=45188"},{"taxonomy":"post_tag","embeddable":true,"href":"https:\/\/diariofemenino.com.ar\/df\/wp-json\/wp\/v2\/tags?post=45188"}],"curies":[{"name":"wp","href":"https:\/\/api.w.org\/{rel}","templated":true}]}}