{"id":45169,"date":"2020-01-14T13:47:02","date_gmt":"2020-01-14T16:47:02","guid":{"rendered":"https:\/\/diariofemenino.com.ar\/?p=45169"},"modified":"2020-01-14T13:50:39","modified_gmt":"2020-01-14T16:50:39","slug":"beatriz-gimeno-2","status":"publish","type":"post","link":"https:\/\/diariofemenino.com.ar\/df\/beatriz-gimeno-2\/","title":{"rendered":"Beatriz Gimeno ser\u00e1 la directora del Instituto de la Mujer y Boti Garc\u00eda sera directora de diversidad sexual y LGTBI"},"content":{"rendered":"<ul>\n<li>Es un nuevo departamento creado por Irene Montero, al que se suma la Direcci\u00f3n General de Igualdad de Trato.<\/li>\n<li><a href=\"https:\/\/www.20minutos.es\/noticia\/4112337\/0\/noelia-vera-secretaria-de-estado-de-igualdad-irene-montero\/\">Noelia Vera ser\u00e1 secretaria de Estado de Igualdad a las \u00f3rdenes de Irene Montero.<\/a><\/li>\n<\/ul>\n<section class=\"article-titles\">\n<div id=\"m39-38-40\" class=\"article-intro \">\n<div id=\"m44-43-45\"><\/div>\n<\/div>\n<\/section>\n<div class=\"container-grid-box\">\n<section class=\"container-grid-cell content\">\n<article class=\"article-body\">\n<div class=\"multimedia\">\n<div id=\"m49-48-50\">\n<div class=\"image-container\">\n<figure class=\"image\">\n<div>\n<div>\n<figure style=\"width: 656px\" class=\"wp-caption alignnone\"><img loading=\"lazy\" decoding=\"async\" class=\"noLazyImage\" title=\"'Boti' Garc\u00eda Rodrigo, de la FELGT.\" src=\"https:\/\/imagenes.20minutos.es\/files\/image_656_370\/files\/fp\/uploads\/imagenes\/2007\/05\/18\/596346a.r_d.315-358-10933.jpg\" alt=\"'Boti' Garc\u00eda Rodrigo, de la FELGT. (Foto: Archivo)\" width=\"656\" height=\"370\" \/><figcaption class=\"wp-caption-text\">Beatriz Gimeno ser\u00e1 la directora del Instituto de la Mujer y Boti Garc\u00eda sera directora de diversidad sexual y LGTBI<\/figcaption><\/figure>\n<\/div>\n<\/div><figcaption id=\"m68-67-69\">&#8216;Boti&#8217; Garc\u00eda Rodrigo, de la FELGT. (Foto: Archivo)<\/figcaption><\/figure>\n<\/div>\n<\/div>\n<\/div>\n<div class=\"article-text\">\n<p id=\"m100-99-101\" class=\"paragraph \">Boti Garc\u00eda Rodrigo, hist\u00f3rica activista espa\u00f1ola por los derechos LGTBI y expresidenta de la\u00a0<a href=\"http:\/\/www.felgtb.org\/\" target=\"_blank\" rel=\"nofollow noopener\">Federaci\u00f3n Estatal de Lesbianas, Gays, Trans y Bisexuales (FELGTB)<\/a>\u00a0,\u00a0<strong>ser\u00e1 la nueva directora general de diversidad sexual y LGTBI\u00a0<\/strong>del Ministerio de Igualdad.<\/p>\n<p id=\"m105-104-106\" class=\"paragraph \">Se trata de un departamento de nueva creaci\u00f3n, ya que\u00a0<a href=\"https:\/\/www.20minutos.es\/minuteca\/irene-montero\/\">Irene Montero<\/a>\u00a0ha\u00a0<strong>decidido crear una direcci\u00f3n general espec\u00edfica de LGTBI<\/strong>\u00a0que ocupar\u00e1 Garc\u00eda Rodrigo, condecorada con la Medalla de Oro del Ayuntamiento de Madrid en 2018.<\/p>\n<p id=\"m110-109-111\" class=\"paragraph \">La direcci\u00f3n general de Diversidad Sexual y LGTBI se ocupar\u00e1 principalmente de\u00a0<strong>asuntos que tengan que ver con la discriminaci\u00f3n por orientaci\u00f3n sexual o identidad de g\u00e9nero<\/strong>; a defender la identidad, la igualdad y la diversidad sexual y a luchar contra los delitos de odio a personas LGTBI.<\/p>\n<article id=\"m115-114-116\" class=\"media media-integrated \">\n<figure class=\"figure-100\"><img decoding=\"async\" class=\"ui-lazy\" title=\"Irene Montero y Noelia Vera\" src=\"https:\/\/imagenes.20minutos.es\/files\/image_656_370\/uploads\/imagenes\/2019\/03\/13\/906377.jpg\" alt=\"Irene Montero junto a Noelia Vera en la imagen difundida en Instagram.\" data-type=\"src\" \/><\/figure>\n<div class=\"media-content\">\n<header><strong>Noelia Vera ser\u00e1 secretaria de Estado de Igualdad a las \u00f3rdenes de Irene Montero<\/strong><\/header>\n<\/div>\n<\/article>\n<p id=\"m147-146-148\" class=\"paragraph \">La nueva \u00e1rea se suma a la Direcci\u00f3n General de Igualdad de Trato, con lo que el Ministerio de Irene Montero\u00a0<strong>tendr\u00e1 una direcci\u00f3n m\u00e1s que en la etapa anterior.\u00a0<\/strong>Ambas depender\u00e1n de Noelia Vera, secretaria de Estado de Igualdad.<\/p>\n<p id=\"m100-99-101\" class=\"paragraph \">La portavoz de la ejecutiva de Podemos,<strong>\u00a0Noelia Vera<\/strong>, se convertir\u00e1 en la nueva secretaria de Estado de Igualdad, la n\u00famero dos del ministerio que liderar\u00e1 Irene Montero,\u00a0<a title=\"Noelia Vera se perfila como secretaria de Estado de Igualdad junto a Irene Montero\" href=\"https:\/\/www.20minutos.es\/noticia\/4107806\/0\/ione-belarra-nacho-alvarez-secretarios-estado-exjemad-jefe-gabinete\/\" target=\"_blank\" rel=\"noopener\">tal y como adelant\u00f3 hace unos d\u00edas<strong><em>\u00a020minutos.es<\/em><\/strong><\/a>. As\u00ed lo confirmaron este s\u00e1bado fuentes de la formaci\u00f3n morada, que dejan en el aire la continuidad de Vera como portavoz org\u00e1nica del partido.<\/p>\n<p id=\"m105-104-106\" class=\"paragraph \">Una vez se confirm\u00f3 que habr\u00eda Gobierno de coalici\u00f3n, Vera son\u00f3 durante semanas como una de las principales opciones para ocupar la portavoc\u00eda del grupo parlamentario de Unidas Podemos en el Congreso, que dejar\u00e1 vacante precisamente Montero. No obstante, ese puesto finalmente\u00a0<strong>ha reca\u00eddo en el secretario de Acci\u00f3n Institucional morado, Pablo Echenique<\/strong>.<\/p>\n<p id=\"m110-109-111\" class=\"paragraph \">La dirigente depender\u00e1 directamente de Montero, que tambi\u00e9n se lleva consigo a la jueza<strong>\u00a0Victoria Rosell,<\/strong>\u00a0quien ocupar\u00e1 el cargo de delegada del Gobierno contra la Violencia de G\u00e9nero.<\/p>\n<p id=\"m115-114-116\" class=\"paragraph \">Sus nombres se suman a los del responsable econ\u00f3mico de Podemos,\u00a0<strong>Nacho \u00c1lvarez<\/strong>, y la hasta ahora portavoz adjunta del grupo parlamentario,\u00a0<strong>Ione Belarra<\/strong>, que ser\u00e1n secretarios de Estado de la Agenda 2030 y de Derechos Sociales, respectivamente, y depender\u00e1n de la Vicepresidencia comandada por Pablo Iglesias.<\/p>\n<p id=\"m152-151-153\" class=\"paragraph \">Desde el\u00a0<a title=\"Ministerio de Igualdad\" href=\"https:\/\/www.20minutos.es\/minuteca\/ministerio-de-igualdad\/\">Ministerio de Igualdad<\/a>\u00a0entienden que la creaci\u00f3n de esta direcci\u00f3n general LGTBI responde \u00abal clamor en las calles y\u00a0<strong>al sentido com\u00fan que la sociedad espa\u00f1ola ya ha asumido<\/strong>\u00ab. \u00abDa igual quien seas y a quien ames, este Gobierno estar\u00e1 al lado de todas y todos\u00bb, indican fuentes del departamento de Irene Montero.<\/p>\n<h3 id=\"m157-156-158\">Beatriz Gimeno, directora del Instituto de la Mujer<\/h3>\n<p id=\"m162-161-163\" class=\"paragraph \">Por otro lado, la feminista y diputada en la Asamblea de Madrid, Beatriz Gimeno, que tambi\u00e9n fue presidenta de la FELGTB,\u00a0<strong>ser\u00e1 la directora del Instituto de la <a href=\"https:\/\/diariofemenino.com.ar\/violencia-igualdad-cuidados-diversidad-y-capacitacion-los-ejes-del-primer-ministerio-de-la-mujer\/\">Mujer<\/a>.\u00a0<\/strong>Tambi\u00e9n es la responsable del \u00e1rea de Igualdad de Podemos en la Comunidad de Madrid. (20 minutos)<\/p>\n<\/div>\n<\/article>\n<p><a href=\"https:\/\/diariofemenino.com.ar\/\">Diario Digital Femenino<\/a><\/p>\n<\/section>\n<\/div>\n","protected":false},"excerpt":{"rendered":"<p>Es un nuevo departamento creado por Irene Montero, al que se suma la Direcci\u00f3n General de Igualdad de Trato. Noelia Vera ser\u00e1 secretaria de Estado de Igualdad a las \u00f3rdenes de Irene Montero. &#8216;Boti&#8217; Garc\u00eda Rodrigo, de la FELGT. (Foto: Archivo) Boti Garc\u00eda Rodrigo, hist\u00f3rica activista espa\u00f1ola por los derechos LGTBI y expresidenta de la\u00a0Federaci\u00f3n [&hellip;]<\/p>\n","protected":false},"author":4,"featured_media":45175,"comment_status":"open","ping_status":"open","sticky":false,"template":"","format":"standard","meta":{"iawp_total_views":5,"footnotes":""},"categories":[7,1067,4],"tags":[2078,1139,2678,2677],"class_list":["post-45169","post","type-post","status-publish","format-standard","has-post-thumbnail","hentry","category-actividades","category-agenda-feminista","category-medios","tag-beatriz-gimeno","tag-espana","tag-instituto-de-la-mujer","tag-madrid"],"nelio_content":{"autoShareEndMode":"never","automationSources":{"useCustomSentences":false,"customSentences":[]},"efiAlt":"","efiUrl":"","followers":[4],"highlights":[],"isAutoShareEnabled":true,"networkImageIds":[],"permalinkQueryArgs":[],"series":[],"suggestedReferences":[]},"yoast_head":"<!-- This site is optimized with the Yoast SEO plugin v27.5 - https:\/\/yoast.com\/product\/yoast-seo-wordpress\/ -->\n<title>Beatriz Gimeno ser\u00e1 la directora del Instituto de la Mujer y Boti Garc\u00eda sera directora de diversidad sexual y LGTBI - Diario Digital Femenino<\/title>\n<meta name=\"description\" content=\"Beatriz Gimeno ser\u00e1 la directora del Instituto de la Mujer y Boti Garc\u00eda sera directora de diversidad sexual y LGTBI - Espa\u00f1a\" \/>\n<meta name=\"robots\" content=\"index, follow, max-snippet:-1, max-image-preview:large, max-video-preview:-1\" \/>\n<link rel=\"canonical\" href=\"https:\/\/diariofemenino.com.ar\/df\/beatriz-gimeno-2\/\" \/>\n<meta property=\"og:locale\" content=\"es_ES\" \/>\n<meta property=\"og:type\" content=\"article\" \/>\n<meta property=\"og:title\" content=\"Beatriz Gimeno ser\u00e1 la directora del Instituto de la Mujer y Boti Garc\u00eda sera directora de diversidad sexual y LGTBI - Diario Digital Femenino\" \/>\n<meta property=\"og:description\" content=\"Beatriz Gimeno ser\u00e1 la directora del Instituto de la Mujer y Boti Garc\u00eda sera directora de diversidad sexual y LGTBI - Espa\u00f1a\" \/>\n<meta property=\"og:url\" content=\"https:\/\/diariofemenino.com.ar\/df\/beatriz-gimeno-2\/\" \/>\n<meta property=\"og:site_name\" content=\"Diario Digital Femenino\" \/>\n<meta property=\"article:publisher\" content=\"https:\/\/www.facebook.com\/DiarioDigitaFemenino\/\" \/>\n<meta property=\"article:published_time\" content=\"2020-01-14T16:47:02+00:00\" \/>\n<meta property=\"article:modified_time\" content=\"2020-01-14T16:50:39+00:00\" \/>\n<meta property=\"og:image\" content=\"https:\/\/diariofemenino.com.ar\/df\/wp-content\/uploads\/2020\/01\/1578925994_430338_1578926966_noticia_normal_recorte1.jpg\" \/>\n\t<meta property=\"og:image:width\" content=\"882\" \/>\n\t<meta property=\"og:image:height\" content=\"588\" \/>\n\t<meta property=\"og:image:type\" content=\"image\/jpeg\" \/>\n<meta name=\"author\" content=\"Admin\" \/>\n<meta name=\"twitter:card\" content=\"summary_large_image\" \/>\n<meta name=\"twitter:creator\" content=\"@DiarioFemenino1\" \/>\n<meta name=\"twitter:site\" content=\"@DiarioFemenino1\" \/>\n<meta name=\"twitter:label1\" content=\"Escrito por\" \/>\n\t<meta name=\"twitter:data1\" content=\"Admin\" \/>\n\t<meta name=\"twitter:label2\" content=\"Tiempo de lectura\" \/>\n\t<meta name=\"twitter:data2\" content=\"3 minutos\" \/>\n<script type=\"application\/ld+json\" class=\"yoast-schema-graph\">{\"@context\":\"https:\\\/\\\/schema.org\",\"@graph\":[{\"@type\":\"Article\",\"@id\":\"https:\\\/\\\/diariofemenino.com.ar\\\/df\\\/beatriz-gimeno-2\\\/#article\",\"isPartOf\":{\"@id\":\"https:\\\/\\\/diariofemenino.com.ar\\\/df\\\/beatriz-gimeno-2\\\/\"},\"author\":{\"name\":\"Admin\",\"@id\":\"https:\\\/\\\/diariofemenino.com.ar\\\/df\\\/#\\\/schema\\\/person\\\/bf6199e8158c657ea6f789b11ec85509\"},\"headline\":\"Beatriz Gimeno ser\u00e1 la directora del Instituto de la Mujer y Boti Garc\u00eda sera directora de diversidad sexual y LGTBI\",\"datePublished\":\"2020-01-14T16:47:02+00:00\",\"dateModified\":\"2020-01-14T16:50:39+00:00\",\"mainEntityOfPage\":{\"@id\":\"https:\\\/\\\/diariofemenino.com.ar\\\/df\\\/beatriz-gimeno-2\\\/\"},\"wordCount\":603,\"commentCount\":0,\"publisher\":{\"@id\":\"https:\\\/\\\/diariofemenino.com.ar\\\/df\\\/#organization\"},\"image\":{\"@id\":\"https:\\\/\\\/diariofemenino.com.ar\\\/df\\\/beatriz-gimeno-2\\\/#primaryimage\"},\"thumbnailUrl\":\"https:\\\/\\\/diariofemenino.com.ar\\\/df\\\/wp-content\\\/uploads\\\/2020\\\/01\\\/1578925994_430338_1578926966_noticia_normal_recorte1.jpg\",\"keywords\":[\"Beatriz Gimeno\",\"Espa\u00f1a\",\"Instituto de la Mujer\",\"Madrid\"],\"articleSection\":[\"Actividades\",\"Agenda Feminista\",\"Medios\"],\"inLanguage\":\"es\",\"potentialAction\":[{\"@type\":\"CommentAction\",\"name\":\"Comment\",\"target\":[\"https:\\\/\\\/diariofemenino.com.ar\\\/df\\\/beatriz-gimeno-2\\\/#respond\"]}]},{\"@type\":\"WebPage\",\"@id\":\"https:\\\/\\\/diariofemenino.com.ar\\\/df\\\/beatriz-gimeno-2\\\/\",\"url\":\"https:\\\/\\\/diariofemenino.com.ar\\\/df\\\/beatriz-gimeno-2\\\/\",\"name\":\"Beatriz Gimeno ser\u00e1 la directora del Instituto de la Mujer y Boti Garc\u00eda sera directora de diversidad sexual y LGTBI - Diario Digital Femenino\",\"isPartOf\":{\"@id\":\"https:\\\/\\\/diariofemenino.com.ar\\\/df\\\/#website\"},\"primaryImageOfPage\":{\"@id\":\"https:\\\/\\\/diariofemenino.com.ar\\\/df\\\/beatriz-gimeno-2\\\/#primaryimage\"},\"image\":{\"@id\":\"https:\\\/\\\/diariofemenino.com.ar\\\/df\\\/beatriz-gimeno-2\\\/#primaryimage\"},\"thumbnailUrl\":\"https:\\\/\\\/diariofemenino.com.ar\\\/df\\\/wp-content\\\/uploads\\\/2020\\\/01\\\/1578925994_430338_1578926966_noticia_normal_recorte1.jpg\",\"datePublished\":\"2020-01-14T16:47:02+00:00\",\"dateModified\":\"2020-01-14T16:50:39+00:00\",\"description\":\"Beatriz Gimeno ser\u00e1 la directora del Instituto de la Mujer y Boti Garc\u00eda sera directora de diversidad sexual y LGTBI - Espa\u00f1a\",\"breadcrumb\":{\"@id\":\"https:\\\/\\\/diariofemenino.com.ar\\\/df\\\/beatriz-gimeno-2\\\/#breadcrumb\"},\"inLanguage\":\"es\",\"potentialAction\":[{\"@type\":\"ReadAction\",\"target\":[\"https:\\\/\\\/diariofemenino.com.ar\\\/df\\\/beatriz-gimeno-2\\\/\"]}]},{\"@type\":\"ImageObject\",\"inLanguage\":\"es\",\"@id\":\"https:\\\/\\\/diariofemenino.com.ar\\\/df\\\/beatriz-gimeno-2\\\/#primaryimage\",\"url\":\"https:\\\/\\\/diariofemenino.com.ar\\\/df\\\/wp-content\\\/uploads\\\/2020\\\/01\\\/1578925994_430338_1578926966_noticia_normal_recorte1.jpg\",\"contentUrl\":\"https:\\\/\\\/diariofemenino.com.ar\\\/df\\\/wp-content\\\/uploads\\\/2020\\\/01\\\/1578925994_430338_1578926966_noticia_normal_recorte1.jpg\",\"width\":882,\"height\":588,\"caption\":\"Beatriz Gimeno ser\u00e1 la directora del Instituto de la Mujer y Boti Garc\u00eda sera directora de diversidad sexual y LGTBI\"},{\"@type\":\"BreadcrumbList\",\"@id\":\"https:\\\/\\\/diariofemenino.com.ar\\\/df\\\/beatriz-gimeno-2\\\/#breadcrumb\",\"itemListElement\":[{\"@type\":\"ListItem\",\"position\":1,\"name\":\"Portada\",\"item\":\"https:\\\/\\\/diariofemenino.com.ar\\\/df\\\/\"},{\"@type\":\"ListItem\",\"position\":2,\"name\":\"Beatriz Gimeno ser\u00e1 la directora del Instituto de la Mujer y Boti Garc\u00eda sera directora de diversidad sexual y LGTBI\"}]},{\"@type\":\"WebSite\",\"@id\":\"https:\\\/\\\/diariofemenino.com.ar\\\/df\\\/#website\",\"url\":\"https:\\\/\\\/diariofemenino.com.ar\\\/df\\\/\",\"name\":\"Diario Digital Femenino\",\"description\":\"Cuesti\u00f3n de G\u00e9nero\",\"publisher\":{\"@id\":\"https:\\\/\\\/diariofemenino.com.ar\\\/df\\\/#organization\"},\"potentialAction\":[{\"@type\":\"SearchAction\",\"target\":{\"@type\":\"EntryPoint\",\"urlTemplate\":\"https:\\\/\\\/diariofemenino.com.ar\\\/df\\\/?s={search_term_string}\"},\"query-input\":{\"@type\":\"PropertyValueSpecification\",\"valueRequired\":true,\"valueName\":\"search_term_string\"}}],\"inLanguage\":\"es\"},{\"@type\":\"Organization\",\"@id\":\"https:\\\/\\\/diariofemenino.com.ar\\\/df\\\/#organization\",\"name\":\"Diario Femenino\",\"url\":\"https:\\\/\\\/diariofemenino.com.ar\\\/df\\\/\",\"logo\":{\"@type\":\"ImageObject\",\"inLanguage\":\"es\",\"@id\":\"https:\\\/\\\/diariofemenino.com.ar\\\/df\\\/#\\\/schema\\\/logo\\\/image\\\/\",\"url\":\"https:\\\/\\\/diariofemenino.com.ar\\\/df\\\/wp-content\\\/uploads\\\/2018\\\/10\\\/logo.png\",\"contentUrl\":\"https:\\\/\\\/diariofemenino.com.ar\\\/df\\\/wp-content\\\/uploads\\\/2018\\\/10\\\/logo.png\",\"width\":500,\"height\":92,\"caption\":\"Diario Femenino\"},\"image\":{\"@id\":\"https:\\\/\\\/diariofemenino.com.ar\\\/df\\\/#\\\/schema\\\/logo\\\/image\\\/\"},\"sameAs\":[\"https:\\\/\\\/www.facebook.com\\\/DiarioDigitaFemenino\\\/\",\"https:\\\/\\\/x.com\\\/DiarioFemenino1\"]},{\"@type\":\"Person\",\"@id\":\"https:\\\/\\\/diariofemenino.com.ar\\\/df\\\/#\\\/schema\\\/person\\\/bf6199e8158c657ea6f789b11ec85509\",\"name\":\"Admin\",\"image\":{\"@type\":\"ImageObject\",\"inLanguage\":\"es\",\"@id\":\"https:\\\/\\\/diariofemenino.com.ar\\\/df\\\/wp-content\\\/uploads\\\/2018\\\/12\\\/favicon-150x150.jpg\",\"url\":\"https:\\\/\\\/diariofemenino.com.ar\\\/df\\\/wp-content\\\/uploads\\\/2018\\\/12\\\/favicon-150x150.jpg\",\"contentUrl\":\"https:\\\/\\\/diariofemenino.com.ar\\\/df\\\/wp-content\\\/uploads\\\/2018\\\/12\\\/favicon-150x150.jpg\",\"caption\":\"Admin\"},\"url\":\"https:\\\/\\\/diariofemenino.com.ar\\\/df\\\/author\\\/lenny\\\/\"}]}<\/script>\n<!-- \/ Yoast SEO plugin. -->","yoast_head_json":{"title":"Beatriz Gimeno ser\u00e1 la directora del Instituto de la Mujer y Boti Garc\u00eda sera directora de diversidad sexual y LGTBI - Diario Digital Femenino","description":"Beatriz Gimeno ser\u00e1 la directora del Instituto de la Mujer y Boti Garc\u00eda sera directora de diversidad sexual y LGTBI - Espa\u00f1a","robots":{"index":"index","follow":"follow","max-snippet":"max-snippet:-1","max-image-preview":"max-image-preview:large","max-video-preview":"max-video-preview:-1"},"canonical":"https:\/\/diariofemenino.com.ar\/df\/beatriz-gimeno-2\/","og_locale":"es_ES","og_type":"article","og_title":"Beatriz Gimeno ser\u00e1 la directora del Instituto de la Mujer y Boti Garc\u00eda sera directora de diversidad sexual y LGTBI - Diario Digital Femenino","og_description":"Beatriz Gimeno ser\u00e1 la directora del Instituto de la Mujer y Boti Garc\u00eda sera directora de diversidad sexual y LGTBI - Espa\u00f1a","og_url":"https:\/\/diariofemenino.com.ar\/df\/beatriz-gimeno-2\/","og_site_name":"Diario Digital Femenino","article_publisher":"https:\/\/www.facebook.com\/DiarioDigitaFemenino\/","article_published_time":"2020-01-14T16:47:02+00:00","article_modified_time":"2020-01-14T16:50:39+00:00","og_image":[{"width":882,"height":588,"url":"https:\/\/diariofemenino.com.ar\/df\/wp-content\/uploads\/2020\/01\/1578925994_430338_1578926966_noticia_normal_recorte1.jpg","type":"image\/jpeg"}],"author":"Admin","twitter_card":"summary_large_image","twitter_creator":"@DiarioFemenino1","twitter_site":"@DiarioFemenino1","twitter_misc":{"Escrito por":"Admin","Tiempo de lectura":"3 minutos"},"schema":{"@context":"https:\/\/schema.org","@graph":[{"@type":"Article","@id":"https:\/\/diariofemenino.com.ar\/df\/beatriz-gimeno-2\/#article","isPartOf":{"@id":"https:\/\/diariofemenino.com.ar\/df\/beatriz-gimeno-2\/"},"author":{"name":"Admin","@id":"https:\/\/diariofemenino.com.ar\/df\/#\/schema\/person\/bf6199e8158c657ea6f789b11ec85509"},"headline":"Beatriz Gimeno ser\u00e1 la directora del Instituto de la Mujer y Boti Garc\u00eda sera directora de diversidad sexual y LGTBI","datePublished":"2020-01-14T16:47:02+00:00","dateModified":"2020-01-14T16:50:39+00:00","mainEntityOfPage":{"@id":"https:\/\/diariofemenino.com.ar\/df\/beatriz-gimeno-2\/"},"wordCount":603,"commentCount":0,"publisher":{"@id":"https:\/\/diariofemenino.com.ar\/df\/#organization"},"image":{"@id":"https:\/\/diariofemenino.com.ar\/df\/beatriz-gimeno-2\/#primaryimage"},"thumbnailUrl":"https:\/\/diariofemenino.com.ar\/df\/wp-content\/uploads\/2020\/01\/1578925994_430338_1578926966_noticia_normal_recorte1.jpg","keywords":["Beatriz Gimeno","Espa\u00f1a","Instituto de la Mujer","Madrid"],"articleSection":["Actividades","Agenda Feminista","Medios"],"inLanguage":"es","potentialAction":[{"@type":"CommentAction","name":"Comment","target":["https:\/\/diariofemenino.com.ar\/df\/beatriz-gimeno-2\/#respond"]}]},{"@type":"WebPage","@id":"https:\/\/diariofemenino.com.ar\/df\/beatriz-gimeno-2\/","url":"https:\/\/diariofemenino.com.ar\/df\/beatriz-gimeno-2\/","name":"Beatriz Gimeno ser\u00e1 la directora del Instituto de la Mujer y Boti Garc\u00eda sera directora de diversidad sexual y LGTBI - Diario Digital Femenino","isPartOf":{"@id":"https:\/\/diariofemenino.com.ar\/df\/#website"},"primaryImageOfPage":{"@id":"https:\/\/diariofemenino.com.ar\/df\/beatriz-gimeno-2\/#primaryimage"},"image":{"@id":"https:\/\/diariofemenino.com.ar\/df\/beatriz-gimeno-2\/#primaryimage"},"thumbnailUrl":"https:\/\/diariofemenino.com.ar\/df\/wp-content\/uploads\/2020\/01\/1578925994_430338_1578926966_noticia_normal_recorte1.jpg","datePublished":"2020-01-14T16:47:02+00:00","dateModified":"2020-01-14T16:50:39+00:00","description":"Beatriz Gimeno ser\u00e1 la directora del Instituto de la Mujer y Boti Garc\u00eda sera directora de diversidad sexual y LGTBI - Espa\u00f1a","breadcrumb":{"@id":"https:\/\/diariofemenino.com.ar\/df\/beatriz-gimeno-2\/#breadcrumb"},"inLanguage":"es","potentialAction":[{"@type":"ReadAction","target":["https:\/\/diariofemenino.com.ar\/df\/beatriz-gimeno-2\/"]}]},{"@type":"ImageObject","inLanguage":"es","@id":"https:\/\/diariofemenino.com.ar\/df\/beatriz-gimeno-2\/#primaryimage","url":"https:\/\/diariofemenino.com.ar\/df\/wp-content\/uploads\/2020\/01\/1578925994_430338_1578926966_noticia_normal_recorte1.jpg","contentUrl":"https:\/\/diariofemenino.com.ar\/df\/wp-content\/uploads\/2020\/01\/1578925994_430338_1578926966_noticia_normal_recorte1.jpg","width":882,"height":588,"caption":"Beatriz Gimeno ser\u00e1 la directora del Instituto de la Mujer y Boti Garc\u00eda sera directora de diversidad sexual y LGTBI"},{"@type":"BreadcrumbList","@id":"https:\/\/diariofemenino.com.ar\/df\/beatriz-gimeno-2\/#breadcrumb","itemListElement":[{"@type":"ListItem","position":1,"name":"Portada","item":"https:\/\/diariofemenino.com.ar\/df\/"},{"@type":"ListItem","position":2,"name":"Beatriz Gimeno ser\u00e1 la directora del Instituto de la Mujer y Boti Garc\u00eda sera directora de diversidad sexual y LGTBI"}]},{"@type":"WebSite","@id":"https:\/\/diariofemenino.com.ar\/df\/#website","url":"https:\/\/diariofemenino.com.ar\/df\/","name":"Diario Digital Femenino","description":"Cuesti\u00f3n de G\u00e9nero","publisher":{"@id":"https:\/\/diariofemenino.com.ar\/df\/#organization"},"potentialAction":[{"@type":"SearchAction","target":{"@type":"EntryPoint","urlTemplate":"https:\/\/diariofemenino.com.ar\/df\/?s={search_term_string}"},"query-input":{"@type":"PropertyValueSpecification","valueRequired":true,"valueName":"search_term_string"}}],"inLanguage":"es"},{"@type":"Organization","@id":"https:\/\/diariofemenino.com.ar\/df\/#organization","name":"Diario Femenino","url":"https:\/\/diariofemenino.com.ar\/df\/","logo":{"@type":"ImageObject","inLanguage":"es","@id":"https:\/\/diariofemenino.com.ar\/df\/#\/schema\/logo\/image\/","url":"https:\/\/diariofemenino.com.ar\/df\/wp-content\/uploads\/2018\/10\/logo.png","contentUrl":"https:\/\/diariofemenino.com.ar\/df\/wp-content\/uploads\/2018\/10\/logo.png","width":500,"height":92,"caption":"Diario Femenino"},"image":{"@id":"https:\/\/diariofemenino.com.ar\/df\/#\/schema\/logo\/image\/"},"sameAs":["https:\/\/www.facebook.com\/DiarioDigitaFemenino\/","https:\/\/x.com\/DiarioFemenino1"]},{"@type":"Person","@id":"https:\/\/diariofemenino.com.ar\/df\/#\/schema\/person\/bf6199e8158c657ea6f789b11ec85509","name":"Admin","image":{"@type":"ImageObject","inLanguage":"es","@id":"https:\/\/diariofemenino.com.ar\/df\/wp-content\/uploads\/2018\/12\/favicon-150x150.jpg","url":"https:\/\/diariofemenino.com.ar\/df\/wp-content\/uploads\/2018\/12\/favicon-150x150.jpg","contentUrl":"https:\/\/diariofemenino.com.ar\/df\/wp-content\/uploads\/2018\/12\/favicon-150x150.jpg","caption":"Admin"},"url":"https:\/\/diariofemenino.com.ar\/df\/author\/lenny\/"}]}},"jetpack_featured_media_url":"https:\/\/diariofemenino.com.ar\/df\/wp-content\/uploads\/2020\/01\/1578925994_430338_1578926966_noticia_normal_recorte1.jpg","jetpack_sharing_enabled":true,"rttpg_featured_image_url":{"full":["https:\/\/diariofemenino.com.ar\/df\/wp-content\/uploads\/2020\/01\/1578925994_430338_1578926966_noticia_normal_recorte1.jpg",882,588,false],"landscape":["https:\/\/diariofemenino.com.ar\/df\/wp-content\/uploads\/2020\/01\/1578925994_430338_1578926966_noticia_normal_recorte1.jpg",882,588,false],"portraits":["https:\/\/diariofemenino.com.ar\/df\/wp-content\/uploads\/2020\/01\/1578925994_430338_1578926966_noticia_normal_recorte1.jpg",882,588,false],"thumbnail":["https:\/\/diariofemenino.com.ar\/df\/wp-content\/uploads\/2020\/01\/1578925994_430338_1578926966_noticia_normal_recorte1-150x150.jpg",150,150,true],"medium":["https:\/\/diariofemenino.com.ar\/df\/wp-content\/uploads\/2020\/01\/1578925994_430338_1578926966_noticia_normal_recorte1-300x200.jpg",300,200,true],"large":["https:\/\/diariofemenino.com.ar\/df\/wp-content\/uploads\/2020\/01\/1578925994_430338_1578926966_noticia_normal_recorte1.jpg",882,588,false],"1536x1536":["https:\/\/diariofemenino.com.ar\/df\/wp-content\/uploads\/2020\/01\/1578925994_430338_1578926966_noticia_normal_recorte1.jpg",882,588,false],"2048x2048":["https:\/\/diariofemenino.com.ar\/df\/wp-content\/uploads\/2020\/01\/1578925994_430338_1578926966_noticia_normal_recorte1.jpg",882,588,false]},"rttpg_author":{"display_name":"Admin","author_link":"https:\/\/diariofemenino.com.ar\/df\/author\/lenny\/"},"rttpg_comment":0,"rttpg_category":"<a href=\"https:\/\/diariofemenino.com.ar\/df\/category\/actividades\/\" rel=\"category tag\">Actividades<\/a> <a href=\"https:\/\/diariofemenino.com.ar\/df\/category\/agenda-feminista\/\" rel=\"category tag\">Agenda Feminista<\/a> <a href=\"https:\/\/diariofemenino.com.ar\/df\/category\/medios\/\" rel=\"category tag\">Medios<\/a>","rttpg_excerpt":"Es un nuevo departamento creado por Irene Montero, al que se suma la Direcci\u00f3n General de Igualdad de Trato. Noelia Vera ser\u00e1 secretaria de Estado de Igualdad a las \u00f3rdenes de Irene Montero. &#8216;Boti&#8217; Garc\u00eda Rodrigo, de la FELGT. (Foto: Archivo) Boti Garc\u00eda Rodrigo, hist\u00f3rica activista espa\u00f1ola por los derechos LGTBI y expresidenta de la\u00a0Federaci\u00f3n&hellip;","_links":{"self":[{"href":"https:\/\/diariofemenino.com.ar\/df\/wp-json\/wp\/v2\/posts\/45169","targetHints":{"allow":["GET"]}}],"collection":[{"href":"https:\/\/diariofemenino.com.ar\/df\/wp-json\/wp\/v2\/posts"}],"about":[{"href":"https:\/\/diariofemenino.com.ar\/df\/wp-json\/wp\/v2\/types\/post"}],"author":[{"embeddable":true,"href":"https:\/\/diariofemenino.com.ar\/df\/wp-json\/wp\/v2\/users\/4"}],"replies":[{"embeddable":true,"href":"https:\/\/diariofemenino.com.ar\/df\/wp-json\/wp\/v2\/comments?post=45169"}],"version-history":[{"count":0,"href":"https:\/\/diariofemenino.com.ar\/df\/wp-json\/wp\/v2\/posts\/45169\/revisions"}],"wp:featuredmedia":[{"embeddable":true,"href":"https:\/\/diariofemenino.com.ar\/df\/wp-json\/wp\/v2\/media\/45175"}],"wp:attachment":[{"href":"https:\/\/diariofemenino.com.ar\/df\/wp-json\/wp\/v2\/media?parent=45169"}],"wp:term":[{"taxonomy":"category","embeddable":true,"href":"https:\/\/diariofemenino.com.ar\/df\/wp-json\/wp\/v2\/categories?post=45169"},{"taxonomy":"post_tag","embeddable":true,"href":"https:\/\/diariofemenino.com.ar\/df\/wp-json\/wp\/v2\/tags?post=45169"}],"curies":[{"name":"wp","href":"https:\/\/api.w.org\/{rel}","templated":true}]}}