{"id":44954,"date":"2020-01-08T12:08:16","date_gmt":"2020-01-08T15:08:16","guid":{"rendered":"https:\/\/diariofemenino.com.ar\/?p=44954"},"modified":"2020-01-08T12:08:16","modified_gmt":"2020-01-08T15:08:16","slug":"debatir-entre-feministas","status":"publish","type":"post","link":"https:\/\/diariofemenino.com.ar\/df\/debatir-entre-feministas\/","title":{"rendered":"Debatir entre feministas"},"content":{"rendered":"<p>Como muchas veces he argumentado, el debate es esencial para decantar, afinar, estructurar las ideas. Es, adem\u00e1s, un arma poderosa de propaganda.<\/p>\n<p>Por:\u00a0<img loading=\"lazy\" decoding=\"async\" class=\"\" src=\"https:\/\/secure.gravatar.com\/avatar\/24458d38d77d9457ba13beeb83e5c942?s=96&amp;d=mm&amp;r=g\" width=\"64\" height=\"64\" \/><a href=\"https:\/\/tribunafeminista.elplural.com\/author\/pilaraguilar\/\" rel=\"author\">Pilar Aguilar*<\/a><\/p>\n<p><strong>A veces, tenemos que polemizar con quien sabemos inmutable.<\/strong>\u00a0\u00bfAlguna posibilidad, por ejemplo, de que quienes viven del proxenetismo cambien de idea? Ninguna. De modo que, si polemizamos, ser\u00e1 obligadas por las circunstancias y pensando, no en ellas, sino en las personas que las oyen y nos oyen.<\/p>\n<figure id=\"attachment_44960\" aria-describedby=\"caption-attachment-44960\" style=\"width: 400px\" class=\"wp-caption alignnone\"><img loading=\"lazy\" decoding=\"async\" class=\"size-full wp-image-44960\" src=\"https:\/\/diariofemenino.com.ar\/df\/wp-content\/uploads\/2020\/01\/debate.es_.jpg\" alt=\"Debatir entre feministas\" width=\"400\" height=\"300\" srcset=\"https:\/\/diariofemenino.com.ar\/df\/wp-content\/uploads\/2020\/01\/debate.es_.jpg 400w, https:\/\/diariofemenino.com.ar\/df\/wp-content\/uploads\/2020\/01\/debate.es_-300x225.jpg 300w\" sizes=\"auto, (max-width: 400px) 100vw, 400px\" \/><figcaption id=\"caption-attachment-44960\" class=\"wp-caption-text\">Debatir entre feministas<\/figcaption><\/figure>\n<p>El grueso de nuestros esfuerzos debe ir dirigido a la poblaci\u00f3n en general y, en particular, a las mujeres. No podemos cansarnos de explicar una y otra vez nuestras razones, de responder a argumentos a los que ya hemos respondido mil veces. La experiencia nos dice que es casi la \u00fanica manera de persuadir. Y nos dice, adem\u00e1s, que es eficaz. \u00bfAcaso no estamos haciendo cambiar de opini\u00f3n a miles de personas?<\/p>\n<p>Es m\u00e1s: \u00bfc\u00f3mo lleg\u00f3 al feminismo cada una de nosotras? Hay quien sostiene que siempre fue feminista\u2026 Eso solo significa que desde peque\u00f1a percibi\u00f3 la injusticia que viv\u00eda, el consiguiente malestar y sus deseos de desobediencia. Pero el feminismo es m\u00e1s: es la transformaci\u00f3n de la rebeld\u00eda en teor\u00eda, en an\u00e1lisis pol\u00edtico y filos\u00f3fico. Es una alternativa global a lo que nos rodea y es un movimiento que act\u00faa. O sea: desde la indignaci\u00f3n e infracci\u00f3n de alguna norma al feminismo, hay un trecho\u2026<\/p>\n<blockquote><p>\u00bfAlguna posibilidad, por ejemplo, de que quienes viven del proxenetismo cambien de idea? Ninguna. De modo que, si polemizamos, ser\u00e1 obligadas por las circunstancias y pensando, no en ellas, sino en las personas que las oyen y nos oyen.<\/p><\/blockquote>\n<p>Pero, en este art\u00edculo quiero hablar del<strong>\u00a0debate entre nosotras, las feministas.<\/strong>\u00a0Debate que siempre hemos tenido y tendremos. El feminismo carece de organigrama directivo, de estructuras de poder, de jefas, de comit\u00e9 central, de programa cerrado a corto o medio plazo. \u00bfC\u00f3mo se han ido decantando en cada momento los objetivos inmediatos, los puntos esenciales de la agenda, las alianzas, los temas m\u00e1s perentorios, las t\u00e1cticas y estrategias? Mediante el debate.<\/p>\n<p>Pero no idealicemos: el debate es dif\u00edcil. No somos angelicales, ni sublimes, ni estamos por encima del bien y el mal.<\/p>\n<p>Somos feministas y a m\u00ed eso ya me parece extraordinario y me llena de orgullo, aunque tenemos tambi\u00e9n que ser cr\u00edticas y anal\u00edticas con <a href=\"https:\/\/diariofemenino.com.ar\/el-futuro-por-delante-la-prostitucion-y-el-abolicionismo-en-el-proceso-de-lucha-feminista\/\">nosotras<\/a> mismas.<\/p>\n<p>El debate entre nosotras presenta dificultades.<\/p>\n<p><strong>Una, el buenismo.<\/strong>\u00a0La actitud de \u201cSi todas somos feministas y nos queremos \u00bfC\u00f3mo vamos a enfrentarnos?\u201d depende, en cierta medida, del talante de cada cual, pero se suele dar entre mujeres que a\u00fan est\u00e1n en \u201cprimero de primaria\u201d de feminismo (lo digo as\u00ed por abreviar, sin \u00e1nimo de ofender). A ellas hay que contestarles, que justamente porque nos apreciamos, respetamos y tenemos el mismo objetivo a largo plazo, nos consideramos interlocutoras v\u00e1lidas e importantes las unas para las otras y por eso debatimos.<\/p>\n<p>Pero hay otros peligrosos escollos:<\/p>\n<ol>\n<li>A veces \u201cse nos va la mano\u201d, la agresividad nos puede, no escuchamos y nos interpelamos con excesiva dureza.<\/li>\n<li>Tambi\u00e9n cuentan los egos.<\/li>\n<li>Y cuenta la necesidad de hacer pi\u00f1a con un determinado grupo, de cerrarse sobre s\u00ed y de elevar barricadas defensivas y ofensivas.<\/li>\n<\/ol>\n<p>Veamos con mayor detenimiento.<\/p>\n<p>En la cuesti\u00f3n de la agresividad hay, como se\u00f1al\u00e9 antes, un componente de car\u00e1cter que no siempre se controla. Hemos de intentarlo (yo, al menos, lo intento) pero del dicho al hecho\u2026 Siempre admir\u00e9 a mis amigas y conocidas feministas capaces de soltar los m\u00e1s contundentes argumentos envueltos en amabilidad. Prodigioso.<\/p>\n<p>Los egos son un problema m\u00e1s de fondo, m\u00e1s obscuro. Hay quienes se \u201capropian un tema\u201d, consideran que ellas son las voces autorizadas y que las dem\u00e1s son intrusas. Esquematizando, piensan: \u201cYo lo vi primero. Si vas a tocarlo, p\u00eddeme permiso, r\u00edndeme pleites\u00eda\u201d \u2026 Y cierto, las feministas de una cierta edad \u201cllegamos antes\u201d. No hay merito especial en tener 60 o 70 a\u00f1os en vez de treinta o cuarenta. Y cierto, se supone que quien lleva a\u00f1os, ha tenido m\u00e1s tiempo de pensar y estudiar, ha vivido m\u00e1s experiencias y, en ese sentido, las j\u00f3venes deben escuchar a ver si la edad aporta algo (y si no aporta, pues que dejen de escuchar). Y cierto, a veces, a las mayores nos desconcierta o\u00edr voces pregonando, como si fuera nuevo, lo que dec\u00edamos tiempo ha; ignorando completamente nuestra existencia; sin \u201ccortes\u00eda\u201d alguna (incluso sin citar, olvidando que tambi\u00e9n es necesario rescatar genealog\u00eda).<\/p>\n<p>Pero existe el exceso contrario: hace poco, una feminista que lleva mil a\u00f1os (no mil, pero s\u00ed cuarenta) luchando contra la prostituci\u00f3n se mostraba contraria a un proyecto porque no se hab\u00eda contaba con ella. Lo adornaba con razones aparentemente pol\u00edticas, pero, al final, se le escap\u00f3 la verdad: \u201cYo no voy de telonera\u201d. Me pareci\u00f3 deprimente y cutre ya que en el feminismo todas hemos de ser \u201cteloneras\u201d unas de otras.<\/p>\n<p>El mayor peligro reside, sin embargo, en la tentaci\u00f3n que sufren los grupos feministas de cerrarse sobre s\u00ed, de caer en la autorreferencia y el desprecio altivo hacia otros grupos.<\/p>\n<p>Tal fen\u00f3meno es habitual cuando se milita en vanguardia, en medio de un ambiente muy hostil pues, formar pi\u00f1a, conforta. En este pa\u00eds lo vivimos durante el franquismo. Vistas desde hoy, sabemos que las diferencias entre algunos partidos antifascistas no eran tan abismales como entonces nos parec\u00edan, pero, ciertamente, debido a la clandestinidad, debatir entre unos y otros era muy dif\u00edcil.<\/p>\n<p>Actualmente, el debate depende, ante todo, de nuestra actitud. Cierto, ahora tenemos un escollo a\u00f1adido: la existencia de feministas de diferentes partidos y sin partido, lo cual no contribuye precisamente al entendimiento (aunque no todas las mujeres, militantes de partido o no, act\u00faan con cerraz\u00f3n, ni mucho menos).<\/p>\n<p>Y ojo, tampoco propugno que los diversos grupos feministas deban \u201cfusionarse\u201d, ni propugno que se obvien las diferencias, los diversos enfoques y prioridades, etc. \u2013esto espero que quede claro, clar\u00edsimo-. Lo que propugno es que se aprecie adecuadamente el debate entre nosotras. Que no se olvide que hemos de avanzar juntas, con las dificultades y diferencias que existan y vayan surgiendo, pero sabiendo que estamos en el mismo camino (si es que estamos en el mismo camino, claro, pues ya sabemos que hoy hay quien apela al feminismo para defender objetivos que son lo opuesto a nuestra meta: verbi gratia, la prostituci\u00f3n). Debemos o\u00edrnos y mirarnos con inter\u00e9s. Debatir, en suma.<\/p>\n<p>\u00bfSoy demasiado ingenua? No creo, la verdad. No lo creo porque creo en la potencia del feminismo.<\/p>\n<p>&nbsp;<\/p>\n<p>*Analista de ficci\u00f3n audiovisual y cr\u00edtica de cine. Licenciada en Ciencias Cinematogr\u00e1ficas y Audiovisuales por la Universidad Denis Diderot de Par\u00eds.\u00a0<a href=\"http:\/\/pilaraguilarcine.blogspot.com.es\/\" rel=\"nofollow\">Lee el blog de cine de Pilar Aguilar: http:\/\/pilaraguilarcine.blogspot.com.es<\/a><\/p>\n<p><a href=\"https:\/\/tribunafeminista.elplural.com\/2020\/01\/debatir-entre-feministas\/\">Tribuna Feminista<\/a><\/p>\n<p><a href=\"https:\/\/diariofemenino.com.ar\/\">Diario Digital Femenino<\/a><\/p>\n","protected":false},"excerpt":{"rendered":"<p>Como muchas veces he argumentado, el debate es esencial para decantar, afinar, estructurar las ideas. Es, adem\u00e1s, un arma poderosa de propaganda. Por:\u00a0Pilar Aguilar* A veces, tenemos que polemizar con quien sabemos inmutable.\u00a0\u00bfAlguna posibilidad, por ejemplo, de que quienes viven del proxenetismo cambien de idea? Ninguna. De modo que, si polemizamos, ser\u00e1 obligadas por las [&hellip;]<\/p>\n","protected":false},"author":4,"featured_media":44958,"comment_status":"open","ping_status":"open","sticky":false,"template":"","format":"standard","meta":{"iawp_total_views":20,"footnotes":""},"categories":[7,1067,178,4,15,592],"tags":[2201,26,2640,2317],"class_list":["post-44954","post","type-post","status-publish","format-standard","has-post-thumbnail","hentry","category-actividades","category-agenda-feminista","category-articulos-y-comunicados","category-medios","category-trata-de-personas","category-violencias","tag-debate","tag-feminismo","tag-pilar-aguilar","tag-proxenetismo"],"nelio_content":{"autoShareEndMode":"never","automationSources":{"useCustomSentences":false,"customSentences":[]},"efiAlt":"","efiUrl":"","followers":[4],"highlights":[],"isAutoShareEnabled":true,"networkImageIds":[],"permalinkQueryArgs":[],"series":[],"suggestedReferences":[]},"yoast_head":"<!-- This site is optimized with the Yoast SEO plugin v27.5 - https:\/\/yoast.com\/product\/yoast-seo-wordpress\/ -->\n<title>Debatir entre feministas - Diario Digital Femenino<\/title>\n<meta name=\"description\" content=\"Debatir entre feministas. el debate es esencial para decantar, afinar, estructurar las ideas. Es, adem\u00e1s, un arma poderosa de propaganda.\" \/>\n<meta name=\"robots\" content=\"index, follow, max-snippet:-1, max-image-preview:large, max-video-preview:-1\" \/>\n<link rel=\"canonical\" href=\"https:\/\/diariofemenino.com.ar\/df\/debatir-entre-feministas\/\" \/>\n<meta property=\"og:locale\" content=\"es_ES\" \/>\n<meta property=\"og:type\" content=\"article\" \/>\n<meta property=\"og:title\" content=\"Debatir entre feministas - Diario Digital Femenino\" \/>\n<meta property=\"og:description\" content=\"Debatir entre feministas. el debate es esencial para decantar, afinar, estructurar las ideas. Es, adem\u00e1s, un arma poderosa de propaganda.\" \/>\n<meta property=\"og:url\" content=\"https:\/\/diariofemenino.com.ar\/df\/debatir-entre-feministas\/\" \/>\n<meta property=\"og:site_name\" content=\"Diario Digital Femenino\" \/>\n<meta property=\"article:publisher\" content=\"https:\/\/www.facebook.com\/DiarioDigitaFemenino\/\" \/>\n<meta property=\"article:published_time\" content=\"2020-01-08T15:08:16+00:00\" \/>\n<meta property=\"og:image\" content=\"https:\/\/diariofemenino.com.ar\/df\/wp-content\/uploads\/2020\/01\/hablar-1.jpg\" \/>\n\t<meta property=\"og:image:width\" content=\"667\" \/>\n\t<meta property=\"og:image:height\" content=\"346\" \/>\n\t<meta property=\"og:image:type\" content=\"image\/jpeg\" \/>\n<meta name=\"author\" content=\"Admin\" \/>\n<meta name=\"twitter:card\" content=\"summary_large_image\" \/>\n<meta name=\"twitter:creator\" content=\"@DiarioFemenino1\" \/>\n<meta name=\"twitter:site\" content=\"@DiarioFemenino1\" \/>\n<meta name=\"twitter:label1\" content=\"Escrito por\" \/>\n\t<meta name=\"twitter:data1\" content=\"Admin\" \/>\n\t<meta name=\"twitter:label2\" content=\"Tiempo de lectura\" \/>\n\t<meta name=\"twitter:data2\" content=\"6 minutos\" \/>\n<script type=\"application\/ld+json\" class=\"yoast-schema-graph\">{\"@context\":\"https:\\\/\\\/schema.org\",\"@graph\":[{\"@type\":\"Article\",\"@id\":\"https:\\\/\\\/diariofemenino.com.ar\\\/df\\\/debatir-entre-feministas\\\/#article\",\"isPartOf\":{\"@id\":\"https:\\\/\\\/diariofemenino.com.ar\\\/df\\\/debatir-entre-feministas\\\/\"},\"author\":{\"name\":\"Admin\",\"@id\":\"https:\\\/\\\/diariofemenino.com.ar\\\/df\\\/#\\\/schema\\\/person\\\/bf6199e8158c657ea6f789b11ec85509\"},\"headline\":\"Debatir entre feministas\",\"datePublished\":\"2020-01-08T15:08:16+00:00\",\"mainEntityOfPage\":{\"@id\":\"https:\\\/\\\/diariofemenino.com.ar\\\/df\\\/debatir-entre-feministas\\\/\"},\"wordCount\":1196,\"commentCount\":0,\"publisher\":{\"@id\":\"https:\\\/\\\/diariofemenino.com.ar\\\/df\\\/#organization\"},\"image\":{\"@id\":\"https:\\\/\\\/diariofemenino.com.ar\\\/df\\\/debatir-entre-feministas\\\/#primaryimage\"},\"thumbnailUrl\":\"https:\\\/\\\/diariofemenino.com.ar\\\/df\\\/wp-content\\\/uploads\\\/2020\\\/01\\\/hablar-1.jpg\",\"keywords\":[\"Debate\",\"Feminismo\",\"Pilar Aguilar\",\"Proxenetismo\"],\"articleSection\":[\"Actividades\",\"Agenda Feminista\",\"Art\u00edculos y Comunicados\",\"Medios\",\"Trata de Pers.\",\"Violencias\"],\"inLanguage\":\"es\",\"potentialAction\":[{\"@type\":\"CommentAction\",\"name\":\"Comment\",\"target\":[\"https:\\\/\\\/diariofemenino.com.ar\\\/df\\\/debatir-entre-feministas\\\/#respond\"]}]},{\"@type\":\"WebPage\",\"@id\":\"https:\\\/\\\/diariofemenino.com.ar\\\/df\\\/debatir-entre-feministas\\\/\",\"url\":\"https:\\\/\\\/diariofemenino.com.ar\\\/df\\\/debatir-entre-feministas\\\/\",\"name\":\"Debatir entre feministas - Diario Digital Femenino\",\"isPartOf\":{\"@id\":\"https:\\\/\\\/diariofemenino.com.ar\\\/df\\\/#website\"},\"primaryImageOfPage\":{\"@id\":\"https:\\\/\\\/diariofemenino.com.ar\\\/df\\\/debatir-entre-feministas\\\/#primaryimage\"},\"image\":{\"@id\":\"https:\\\/\\\/diariofemenino.com.ar\\\/df\\\/debatir-entre-feministas\\\/#primaryimage\"},\"thumbnailUrl\":\"https:\\\/\\\/diariofemenino.com.ar\\\/df\\\/wp-content\\\/uploads\\\/2020\\\/01\\\/hablar-1.jpg\",\"datePublished\":\"2020-01-08T15:08:16+00:00\",\"description\":\"Debatir entre feministas. el debate es esencial para decantar, afinar, estructurar las ideas. Es, adem\u00e1s, un arma poderosa de propaganda.\",\"breadcrumb\":{\"@id\":\"https:\\\/\\\/diariofemenino.com.ar\\\/df\\\/debatir-entre-feministas\\\/#breadcrumb\"},\"inLanguage\":\"es\",\"potentialAction\":[{\"@type\":\"ReadAction\",\"target\":[\"https:\\\/\\\/diariofemenino.com.ar\\\/df\\\/debatir-entre-feministas\\\/\"]}]},{\"@type\":\"ImageObject\",\"inLanguage\":\"es\",\"@id\":\"https:\\\/\\\/diariofemenino.com.ar\\\/df\\\/debatir-entre-feministas\\\/#primaryimage\",\"url\":\"https:\\\/\\\/diariofemenino.com.ar\\\/df\\\/wp-content\\\/uploads\\\/2020\\\/01\\\/hablar-1.jpg\",\"contentUrl\":\"https:\\\/\\\/diariofemenino.com.ar\\\/df\\\/wp-content\\\/uploads\\\/2020\\\/01\\\/hablar-1.jpg\",\"width\":667,\"height\":346,\"caption\":\"Debatir entre feministas\"},{\"@type\":\"BreadcrumbList\",\"@id\":\"https:\\\/\\\/diariofemenino.com.ar\\\/df\\\/debatir-entre-feministas\\\/#breadcrumb\",\"itemListElement\":[{\"@type\":\"ListItem\",\"position\":1,\"name\":\"Portada\",\"item\":\"https:\\\/\\\/diariofemenino.com.ar\\\/df\\\/\"},{\"@type\":\"ListItem\",\"position\":2,\"name\":\"Debatir entre feministas\"}]},{\"@type\":\"WebSite\",\"@id\":\"https:\\\/\\\/diariofemenino.com.ar\\\/df\\\/#website\",\"url\":\"https:\\\/\\\/diariofemenino.com.ar\\\/df\\\/\",\"name\":\"Diario Digital Femenino\",\"description\":\"Cuesti\u00f3n de G\u00e9nero\",\"publisher\":{\"@id\":\"https:\\\/\\\/diariofemenino.com.ar\\\/df\\\/#organization\"},\"potentialAction\":[{\"@type\":\"SearchAction\",\"target\":{\"@type\":\"EntryPoint\",\"urlTemplate\":\"https:\\\/\\\/diariofemenino.com.ar\\\/df\\\/?s={search_term_string}\"},\"query-input\":{\"@type\":\"PropertyValueSpecification\",\"valueRequired\":true,\"valueName\":\"search_term_string\"}}],\"inLanguage\":\"es\"},{\"@type\":\"Organization\",\"@id\":\"https:\\\/\\\/diariofemenino.com.ar\\\/df\\\/#organization\",\"name\":\"Diario Femenino\",\"url\":\"https:\\\/\\\/diariofemenino.com.ar\\\/df\\\/\",\"logo\":{\"@type\":\"ImageObject\",\"inLanguage\":\"es\",\"@id\":\"https:\\\/\\\/diariofemenino.com.ar\\\/df\\\/#\\\/schema\\\/logo\\\/image\\\/\",\"url\":\"https:\\\/\\\/diariofemenino.com.ar\\\/df\\\/wp-content\\\/uploads\\\/2018\\\/10\\\/logo.png\",\"contentUrl\":\"https:\\\/\\\/diariofemenino.com.ar\\\/df\\\/wp-content\\\/uploads\\\/2018\\\/10\\\/logo.png\",\"width\":500,\"height\":92,\"caption\":\"Diario Femenino\"},\"image\":{\"@id\":\"https:\\\/\\\/diariofemenino.com.ar\\\/df\\\/#\\\/schema\\\/logo\\\/image\\\/\"},\"sameAs\":[\"https:\\\/\\\/www.facebook.com\\\/DiarioDigitaFemenino\\\/\",\"https:\\\/\\\/x.com\\\/DiarioFemenino1\"]},{\"@type\":\"Person\",\"@id\":\"https:\\\/\\\/diariofemenino.com.ar\\\/df\\\/#\\\/schema\\\/person\\\/bf6199e8158c657ea6f789b11ec85509\",\"name\":\"Admin\",\"image\":{\"@type\":\"ImageObject\",\"inLanguage\":\"es\",\"@id\":\"https:\\\/\\\/diariofemenino.com.ar\\\/df\\\/wp-content\\\/uploads\\\/2018\\\/12\\\/favicon-150x150.jpg\",\"url\":\"https:\\\/\\\/diariofemenino.com.ar\\\/df\\\/wp-content\\\/uploads\\\/2018\\\/12\\\/favicon-150x150.jpg\",\"contentUrl\":\"https:\\\/\\\/diariofemenino.com.ar\\\/df\\\/wp-content\\\/uploads\\\/2018\\\/12\\\/favicon-150x150.jpg\",\"caption\":\"Admin\"},\"url\":\"https:\\\/\\\/diariofemenino.com.ar\\\/df\\\/author\\\/lenny\\\/\"}]}<\/script>\n<!-- \/ Yoast SEO plugin. -->","yoast_head_json":{"title":"Debatir entre feministas - Diario Digital Femenino","description":"Debatir entre feministas. el debate es esencial para decantar, afinar, estructurar las ideas. Es, adem\u00e1s, un arma poderosa de propaganda.","robots":{"index":"index","follow":"follow","max-snippet":"max-snippet:-1","max-image-preview":"max-image-preview:large","max-video-preview":"max-video-preview:-1"},"canonical":"https:\/\/diariofemenino.com.ar\/df\/debatir-entre-feministas\/","og_locale":"es_ES","og_type":"article","og_title":"Debatir entre feministas - Diario Digital Femenino","og_description":"Debatir entre feministas. el debate es esencial para decantar, afinar, estructurar las ideas. Es, adem\u00e1s, un arma poderosa de propaganda.","og_url":"https:\/\/diariofemenino.com.ar\/df\/debatir-entre-feministas\/","og_site_name":"Diario Digital Femenino","article_publisher":"https:\/\/www.facebook.com\/DiarioDigitaFemenino\/","article_published_time":"2020-01-08T15:08:16+00:00","og_image":[{"width":667,"height":346,"url":"https:\/\/diariofemenino.com.ar\/df\/wp-content\/uploads\/2020\/01\/hablar-1.jpg","type":"image\/jpeg"}],"author":"Admin","twitter_card":"summary_large_image","twitter_creator":"@DiarioFemenino1","twitter_site":"@DiarioFemenino1","twitter_misc":{"Escrito por":"Admin","Tiempo de lectura":"6 minutos"},"schema":{"@context":"https:\/\/schema.org","@graph":[{"@type":"Article","@id":"https:\/\/diariofemenino.com.ar\/df\/debatir-entre-feministas\/#article","isPartOf":{"@id":"https:\/\/diariofemenino.com.ar\/df\/debatir-entre-feministas\/"},"author":{"name":"Admin","@id":"https:\/\/diariofemenino.com.ar\/df\/#\/schema\/person\/bf6199e8158c657ea6f789b11ec85509"},"headline":"Debatir entre feministas","datePublished":"2020-01-08T15:08:16+00:00","mainEntityOfPage":{"@id":"https:\/\/diariofemenino.com.ar\/df\/debatir-entre-feministas\/"},"wordCount":1196,"commentCount":0,"publisher":{"@id":"https:\/\/diariofemenino.com.ar\/df\/#organization"},"image":{"@id":"https:\/\/diariofemenino.com.ar\/df\/debatir-entre-feministas\/#primaryimage"},"thumbnailUrl":"https:\/\/diariofemenino.com.ar\/df\/wp-content\/uploads\/2020\/01\/hablar-1.jpg","keywords":["Debate","Feminismo","Pilar Aguilar","Proxenetismo"],"articleSection":["Actividades","Agenda Feminista","Art\u00edculos y Comunicados","Medios","Trata de Pers.","Violencias"],"inLanguage":"es","potentialAction":[{"@type":"CommentAction","name":"Comment","target":["https:\/\/diariofemenino.com.ar\/df\/debatir-entre-feministas\/#respond"]}]},{"@type":"WebPage","@id":"https:\/\/diariofemenino.com.ar\/df\/debatir-entre-feministas\/","url":"https:\/\/diariofemenino.com.ar\/df\/debatir-entre-feministas\/","name":"Debatir entre feministas - Diario Digital Femenino","isPartOf":{"@id":"https:\/\/diariofemenino.com.ar\/df\/#website"},"primaryImageOfPage":{"@id":"https:\/\/diariofemenino.com.ar\/df\/debatir-entre-feministas\/#primaryimage"},"image":{"@id":"https:\/\/diariofemenino.com.ar\/df\/debatir-entre-feministas\/#primaryimage"},"thumbnailUrl":"https:\/\/diariofemenino.com.ar\/df\/wp-content\/uploads\/2020\/01\/hablar-1.jpg","datePublished":"2020-01-08T15:08:16+00:00","description":"Debatir entre feministas. el debate es esencial para decantar, afinar, estructurar las ideas. Es, adem\u00e1s, un arma poderosa de propaganda.","breadcrumb":{"@id":"https:\/\/diariofemenino.com.ar\/df\/debatir-entre-feministas\/#breadcrumb"},"inLanguage":"es","potentialAction":[{"@type":"ReadAction","target":["https:\/\/diariofemenino.com.ar\/df\/debatir-entre-feministas\/"]}]},{"@type":"ImageObject","inLanguage":"es","@id":"https:\/\/diariofemenino.com.ar\/df\/debatir-entre-feministas\/#primaryimage","url":"https:\/\/diariofemenino.com.ar\/df\/wp-content\/uploads\/2020\/01\/hablar-1.jpg","contentUrl":"https:\/\/diariofemenino.com.ar\/df\/wp-content\/uploads\/2020\/01\/hablar-1.jpg","width":667,"height":346,"caption":"Debatir entre feministas"},{"@type":"BreadcrumbList","@id":"https:\/\/diariofemenino.com.ar\/df\/debatir-entre-feministas\/#breadcrumb","itemListElement":[{"@type":"ListItem","position":1,"name":"Portada","item":"https:\/\/diariofemenino.com.ar\/df\/"},{"@type":"ListItem","position":2,"name":"Debatir entre feministas"}]},{"@type":"WebSite","@id":"https:\/\/diariofemenino.com.ar\/df\/#website","url":"https:\/\/diariofemenino.com.ar\/df\/","name":"Diario Digital Femenino","description":"Cuesti\u00f3n de G\u00e9nero","publisher":{"@id":"https:\/\/diariofemenino.com.ar\/df\/#organization"},"potentialAction":[{"@type":"SearchAction","target":{"@type":"EntryPoint","urlTemplate":"https:\/\/diariofemenino.com.ar\/df\/?s={search_term_string}"},"query-input":{"@type":"PropertyValueSpecification","valueRequired":true,"valueName":"search_term_string"}}],"inLanguage":"es"},{"@type":"Organization","@id":"https:\/\/diariofemenino.com.ar\/df\/#organization","name":"Diario Femenino","url":"https:\/\/diariofemenino.com.ar\/df\/","logo":{"@type":"ImageObject","inLanguage":"es","@id":"https:\/\/diariofemenino.com.ar\/df\/#\/schema\/logo\/image\/","url":"https:\/\/diariofemenino.com.ar\/df\/wp-content\/uploads\/2018\/10\/logo.png","contentUrl":"https:\/\/diariofemenino.com.ar\/df\/wp-content\/uploads\/2018\/10\/logo.png","width":500,"height":92,"caption":"Diario Femenino"},"image":{"@id":"https:\/\/diariofemenino.com.ar\/df\/#\/schema\/logo\/image\/"},"sameAs":["https:\/\/www.facebook.com\/DiarioDigitaFemenino\/","https:\/\/x.com\/DiarioFemenino1"]},{"@type":"Person","@id":"https:\/\/diariofemenino.com.ar\/df\/#\/schema\/person\/bf6199e8158c657ea6f789b11ec85509","name":"Admin","image":{"@type":"ImageObject","inLanguage":"es","@id":"https:\/\/diariofemenino.com.ar\/df\/wp-content\/uploads\/2018\/12\/favicon-150x150.jpg","url":"https:\/\/diariofemenino.com.ar\/df\/wp-content\/uploads\/2018\/12\/favicon-150x150.jpg","contentUrl":"https:\/\/diariofemenino.com.ar\/df\/wp-content\/uploads\/2018\/12\/favicon-150x150.jpg","caption":"Admin"},"url":"https:\/\/diariofemenino.com.ar\/df\/author\/lenny\/"}]}},"jetpack_featured_media_url":"https:\/\/diariofemenino.com.ar\/df\/wp-content\/uploads\/2020\/01\/hablar-1.jpg","jetpack_sharing_enabled":true,"rttpg_featured_image_url":{"full":["https:\/\/diariofemenino.com.ar\/df\/wp-content\/uploads\/2020\/01\/hablar-1.jpg",667,346,false],"landscape":["https:\/\/diariofemenino.com.ar\/df\/wp-content\/uploads\/2020\/01\/hablar-1.jpg",667,346,false],"portraits":["https:\/\/diariofemenino.com.ar\/df\/wp-content\/uploads\/2020\/01\/hablar-1.jpg",667,346,false],"thumbnail":["https:\/\/diariofemenino.com.ar\/df\/wp-content\/uploads\/2020\/01\/hablar-1-150x150.jpg",150,150,true],"medium":["https:\/\/diariofemenino.com.ar\/df\/wp-content\/uploads\/2020\/01\/hablar-1-300x156.jpg",300,156,true],"large":["https:\/\/diariofemenino.com.ar\/df\/wp-content\/uploads\/2020\/01\/hablar-1.jpg",667,346,false],"1536x1536":["https:\/\/diariofemenino.com.ar\/df\/wp-content\/uploads\/2020\/01\/hablar-1.jpg",667,346,false],"2048x2048":["https:\/\/diariofemenino.com.ar\/df\/wp-content\/uploads\/2020\/01\/hablar-1.jpg",667,346,false]},"rttpg_author":{"display_name":"Admin","author_link":"https:\/\/diariofemenino.com.ar\/df\/author\/lenny\/"},"rttpg_comment":0,"rttpg_category":"<a href=\"https:\/\/diariofemenino.com.ar\/df\/category\/actividades\/\" rel=\"category tag\">Actividades<\/a> <a href=\"https:\/\/diariofemenino.com.ar\/df\/category\/agenda-feminista\/\" rel=\"category tag\">Agenda Feminista<\/a> <a href=\"https:\/\/diariofemenino.com.ar\/df\/category\/articulos-y-comunicados\/\" rel=\"category tag\">Art\u00edculos y Comunicados<\/a> <a href=\"https:\/\/diariofemenino.com.ar\/df\/category\/medios\/\" rel=\"category tag\">Medios<\/a> <a href=\"https:\/\/diariofemenino.com.ar\/df\/category\/trata-de-personas\/\" rel=\"category tag\">Trata de Pers.<\/a> <a href=\"https:\/\/diariofemenino.com.ar\/df\/category\/violencias\/\" rel=\"category tag\">Violencias<\/a>","rttpg_excerpt":"Como muchas veces he argumentado, el debate es esencial para decantar, afinar, estructurar las ideas. Es, adem\u00e1s, un arma poderosa de propaganda. Por:\u00a0Pilar Aguilar* A veces, tenemos que polemizar con quien sabemos inmutable.\u00a0\u00bfAlguna posibilidad, por ejemplo, de que quienes viven del proxenetismo cambien de idea? Ninguna. De modo que, si polemizamos, ser\u00e1 obligadas por las&hellip;","_links":{"self":[{"href":"https:\/\/diariofemenino.com.ar\/df\/wp-json\/wp\/v2\/posts\/44954","targetHints":{"allow":["GET"]}}],"collection":[{"href":"https:\/\/diariofemenino.com.ar\/df\/wp-json\/wp\/v2\/posts"}],"about":[{"href":"https:\/\/diariofemenino.com.ar\/df\/wp-json\/wp\/v2\/types\/post"}],"author":[{"embeddable":true,"href":"https:\/\/diariofemenino.com.ar\/df\/wp-json\/wp\/v2\/users\/4"}],"replies":[{"embeddable":true,"href":"https:\/\/diariofemenino.com.ar\/df\/wp-json\/wp\/v2\/comments?post=44954"}],"version-history":[{"count":0,"href":"https:\/\/diariofemenino.com.ar\/df\/wp-json\/wp\/v2\/posts\/44954\/revisions"}],"wp:featuredmedia":[{"embeddable":true,"href":"https:\/\/diariofemenino.com.ar\/df\/wp-json\/wp\/v2\/media\/44958"}],"wp:attachment":[{"href":"https:\/\/diariofemenino.com.ar\/df\/wp-json\/wp\/v2\/media?parent=44954"}],"wp:term":[{"taxonomy":"category","embeddable":true,"href":"https:\/\/diariofemenino.com.ar\/df\/wp-json\/wp\/v2\/categories?post=44954"},{"taxonomy":"post_tag","embeddable":true,"href":"https:\/\/diariofemenino.com.ar\/df\/wp-json\/wp\/v2\/tags?post=44954"}],"curies":[{"name":"wp","href":"https:\/\/api.w.org\/{rel}","templated":true}]}}