{"id":44949,"date":"2020-01-08T10:28:03","date_gmt":"2020-01-08T13:28:03","guid":{"rendered":"https:\/\/diariofemenino.com.ar\/?p=44949"},"modified":"2020-01-08T10:28:03","modified_gmt":"2020-01-08T13:28:03","slug":"velez-consulto-con-el-area-de-violencia-de-genero-por-centurion","status":"publish","type":"post","link":"https:\/\/diariofemenino.com.ar\/df\/velez-consulto-con-el-area-de-violencia-de-genero-por-centurion\/","title":{"rendered":"V\u00e9lez consult\u00f3 con el \u00e1rea de violencia de g\u00e9nero por Centuri\u00f3n"},"content":{"rendered":"<p><strong>Ante la posibilidad de incorporar a Ricardo Centuri\u00f3n, los dirigentes del <a href=\"http:\/\/www.velezsarsfield.com.ar\/\">Fort\u00edn<\/a> se asesoraron con el Departamento de Violencia de G\u00e9nero. Un hecho in\u00e9dito en un mercado de pases.<\/strong><\/p>\n<p>V\u00e9lez fue el primer club en marcar el camino con la creaci\u00f3n del \u00c1rea contra la <a href=\"https:\/\/diariofemenino.com.ar\/violencia-superclasica-deporte-abuso-y-violencia-de-genero\/\">Violencia de G\u00e9nero<\/a>,\u00a0la primera que funciona\u00a0entre los clubes de f\u00fatbol argentino. Y cuando el nombre de Ricardo Centuri\u00f3n empez\u00f3 a sonar en los pasillos de Liniers, hizo ruido por los antecedentes del futbolista.<\/p>\n<p>Ante este panorama que generaba contradicciones por su pasado,\u00a0<strong>los directivos del Fort\u00edn decidieron consultarle al Departamento de Violencia de G\u00e9nero, encabezado por Paula Ojeda -abogada- y Luc\u00eda Cirmi Obon<\/strong>\u00a0-especialista en g\u00e9nero de CONICET-, sobre la posibilidad de incorporarlo, un\u00a0<strong>hecho in\u00e9dito en un mercado de pases<\/strong>.<\/p>\n<div class=\"sp__Normal\">\n<div class=\"image-embeb image-trigger pointer\" data-index=\"1\">\n<figure>\n<figure style=\"width: 720px\" class=\"wp-caption alignnone\"><img loading=\"lazy\" decoding=\"async\" src=\"https:\/\/images.ole.com.ar\/2020\/01\/07\/gGXIna5C_720x0__1.jpg\" alt=\"V\u00e9lez consult\u00f3 con el \u00e1rea de violencia de g\u00e9nero por Centuri\u00f3n. Paula Ojeda y Luc\u00eda Cirmi son las encargadas del \u00e1rea contra la violencia de g\u00e9nero.\" width=\"720\" height=\"961\" data-big=\"https:\/\/images.ole.com.ar\/2020\/01\/07\/gGXIna5C_720x0__1.jpg\" data-small=\"https:\/\/images.ole.com.ar\/2020\/01\/07\/gGXIna5C_720x0__1.jpg\" data-observer-function=\"loadLazyImg\" \/><figcaption class=\"wp-caption-text\">V\u00e9lez consult\u00f3 con el \u00e1rea de violencia de g\u00e9nero por Centuri\u00f3n<\/figcaption><\/figure>\n<p><i class=\"fa fa-circle fa-stack-2x icon-background1\"><\/i><i class=\"fa fa-expand fa-stack-1x\"><\/i><\/figure>\n<p>Paula Ojeda y Luc\u00eda Cirmi son las encargadas del \u00e1rea contra la violencia de g\u00e9nero.<\/p>\n<\/div>\n<\/div>\n<p><strong>Ojeda se puso en contacto con Mariano C\u00faneo Libarona<\/strong>, encargado del \u00e1rea de Legales de Racing, para ponerse al tanto sobre el estado de las causas en la que est\u00e1 involucrado Centuri\u00f3n ya que en estas fechas hay feria judicial. Seg\u00fan pudo averiguar\u00a0<strong>Ol\u00e9<\/strong>, la causa que recae sobre Centu\u00a0por violencia de g\u00e9nero fue archivada por el fiscal.<\/p>\n<p>El Area de G\u00e9nero de\u00a0V\u00e9lez sigue trabajando activamente sobre el tema y se pretende\u00a0<strong>continuar en la l\u00ednea con las pol\u00edticas de g\u00e9nero que llevan adelante en el club, que fue el primero en crear un protocolo para casos de violencia de g\u00e9nero<\/strong>.<\/p>\n<p>&nbsp;<\/p>\n<p><a href=\"https:\/\/www.ole.com.ar\/velez\/paula-ojeda-departamento-violencia-genero-velez-ricardo-centurion_0_ZLg8fKAC.html?fbclid=IwAR2ldhZC7VwSUX66PNMAqrv5TwpPx_p6x_cM6a5yuooFxzKASZ5L0wrn1Hc\">Ol\u00e9\u00a0<\/a><\/p>\n<p>&nbsp;<\/p>\n<p><a href=\"https:\/\/diariofemenino.com.ar\/\">Diario Digital Femenino<\/a><\/p>\n<p><strong>NdR:<\/strong> Ol\u00e9 titula:\u00a0<strong><a href=\"https:\/\/www.ole.com.ar\/velez\/paula-ojeda-departamento-violencia-genero-velez-ricardo-centurion_0_ZLg8fKAC.html?fbclid=IwAR2ldhZC7VwSUX66PNMAqrv5TwpPx_p6x_cM6a5yuooFxzKASZ5L0wrn1Hc\">V\u00e9lez consult\u00f3 con el \u00e1rea de violencia de g\u00e9nero por Centu<\/a>, <\/strong>esa familiaridad, casi amorosidad al acortar el apellido del futbolista tira por tierra lo que se pretende decir en la nota. Falta formaci\u00f3n period\u00edstica con Perspectiva de g\u00e9nero<\/p>\n<p>Por otro lado, celebramos la iniciativa, aunque en el caso de Centuri\u00f3n no deber\u00edan quedar dudas al respecto.<\/p>\n","protected":false},"excerpt":{"rendered":"<p>Ante la posibilidad de incorporar a Ricardo Centuri\u00f3n, los dirigentes del Fort\u00edn se asesoraron con el Departamento de Violencia de G\u00e9nero. Un hecho in\u00e9dito en un mercado de pases. V\u00e9lez fue el primer club en marcar el camino con la creaci\u00f3n del \u00c1rea contra la Violencia de G\u00e9nero,\u00a0la primera que funciona\u00a0entre los clubes de f\u00fatbol [&hellip;]<\/p>\n","protected":false},"author":4,"featured_media":44951,"comment_status":"open","ping_status":"open","sticky":false,"template":"","format":"standard","meta":{"iawp_total_views":2,"footnotes":""},"categories":[7,1067,182,592],"tags":[2639,2638,16],"class_list":["post-44949","post","type-post","status-publish","format-standard","has-post-thumbnail","hentry","category-actividades","category-agenda-feminista","category-informes","category-violencias","tag-centurion","tag-velez","tag-violencia-de-genero"],"nelio_content":{"autoShareEndMode":"never","automationSources":{"useCustomSentences":false,"customSentences":[]},"efiAlt":"","efiUrl":"","followers":[4],"highlights":[],"isAutoShareEnabled":true,"networkImageIds":[],"permalinkQueryArgs":[],"series":[],"suggestedReferences":[]},"yoast_head":"<!-- This site is optimized with the Yoast SEO plugin v27.5 - https:\/\/yoast.com\/product\/yoast-seo-wordpress\/ -->\n<title>V\u00e9lez consult\u00f3 con el \u00e1rea de violencia de g\u00e9nero por Centuri\u00f3n - Diario Digital Femenino<\/title>\n<meta name=\"description\" content=\"V\u00e9lez consult\u00f3 con el \u00e1rea de violencia de g\u00e9nero por Centuri\u00f3n. Ante la posibilidad de incorporar a Ricardo Centuri\u00f3n, los dirigentes se asesoraron\" \/>\n<meta name=\"robots\" content=\"index, follow, max-snippet:-1, max-image-preview:large, max-video-preview:-1\" \/>\n<link rel=\"canonical\" href=\"https:\/\/diariofemenino.com.ar\/df\/velez-consulto-con-el-area-de-violencia-de-genero-por-centurion\/\" \/>\n<meta property=\"og:locale\" content=\"es_ES\" \/>\n<meta property=\"og:type\" content=\"article\" \/>\n<meta property=\"og:title\" content=\"V\u00e9lez consult\u00f3 con el \u00e1rea de violencia de g\u00e9nero por Centuri\u00f3n - Diario Digital Femenino\" \/>\n<meta property=\"og:description\" content=\"V\u00e9lez consult\u00f3 con el \u00e1rea de violencia de g\u00e9nero por Centuri\u00f3n. Ante la posibilidad de incorporar a Ricardo Centuri\u00f3n, los dirigentes se asesoraron\" \/>\n<meta property=\"og:url\" content=\"https:\/\/diariofemenino.com.ar\/df\/velez-consulto-con-el-area-de-violencia-de-genero-por-centurion\/\" \/>\n<meta property=\"og:site_name\" content=\"Diario Digital Femenino\" \/>\n<meta property=\"article:publisher\" content=\"https:\/\/www.facebook.com\/DiarioDigitaFemenino\/\" \/>\n<meta property=\"article:published_time\" content=\"2020-01-08T13:28:03+00:00\" \/>\n<meta property=\"og:image\" content=\"https:\/\/diariofemenino.com.ar\/df\/wp-content\/uploads\/2020\/01\/Centuri\u00f3n.jpg\" \/>\n\t<meta property=\"og:image:width\" content=\"904\" \/>\n\t<meta property=\"og:image:height\" content=\"440\" \/>\n\t<meta property=\"og:image:type\" content=\"image\/jpeg\" \/>\n<meta name=\"author\" content=\"Admin\" \/>\n<meta name=\"twitter:card\" content=\"summary_large_image\" \/>\n<meta name=\"twitter:creator\" content=\"@DiarioFemenino1\" \/>\n<meta name=\"twitter:site\" content=\"@DiarioFemenino1\" \/>\n<meta name=\"twitter:label1\" content=\"Escrito por\" \/>\n\t<meta name=\"twitter:data1\" content=\"Admin\" \/>\n\t<meta name=\"twitter:label2\" content=\"Tiempo de lectura\" \/>\n\t<meta name=\"twitter:data2\" content=\"2 minutos\" \/>\n<script type=\"application\/ld+json\" class=\"yoast-schema-graph\">{\"@context\":\"https:\\\/\\\/schema.org\",\"@graph\":[{\"@type\":\"Article\",\"@id\":\"https:\\\/\\\/diariofemenino.com.ar\\\/df\\\/velez-consulto-con-el-area-de-violencia-de-genero-por-centurion\\\/#article\",\"isPartOf\":{\"@id\":\"https:\\\/\\\/diariofemenino.com.ar\\\/df\\\/velez-consulto-con-el-area-de-violencia-de-genero-por-centurion\\\/\"},\"author\":{\"name\":\"Admin\",\"@id\":\"https:\\\/\\\/diariofemenino.com.ar\\\/df\\\/#\\\/schema\\\/person\\\/bf6199e8158c657ea6f789b11ec85509\"},\"headline\":\"V\u00e9lez consult\u00f3 con el \u00e1rea de violencia de g\u00e9nero por Centuri\u00f3n\",\"datePublished\":\"2020-01-08T13:28:03+00:00\",\"mainEntityOfPage\":{\"@id\":\"https:\\\/\\\/diariofemenino.com.ar\\\/df\\\/velez-consulto-con-el-area-de-violencia-de-genero-por-centurion\\\/\"},\"wordCount\":379,\"commentCount\":0,\"publisher\":{\"@id\":\"https:\\\/\\\/diariofemenino.com.ar\\\/df\\\/#organization\"},\"image\":{\"@id\":\"https:\\\/\\\/diariofemenino.com.ar\\\/df\\\/velez-consulto-con-el-area-de-violencia-de-genero-por-centurion\\\/#primaryimage\"},\"thumbnailUrl\":\"https:\\\/\\\/diariofemenino.com.ar\\\/df\\\/wp-content\\\/uploads\\\/2020\\\/01\\\/Centuri\u00f3n.jpg\",\"keywords\":[\"Centuri\u00f3n\",\"V\u00e9lez\",\"Violencia de g\u00e9nero\"],\"articleSection\":[\"Actividades\",\"Agenda Feminista\",\"Informes\",\"Violencias\"],\"inLanguage\":\"es\",\"potentialAction\":[{\"@type\":\"CommentAction\",\"name\":\"Comment\",\"target\":[\"https:\\\/\\\/diariofemenino.com.ar\\\/df\\\/velez-consulto-con-el-area-de-violencia-de-genero-por-centurion\\\/#respond\"]}]},{\"@type\":\"WebPage\",\"@id\":\"https:\\\/\\\/diariofemenino.com.ar\\\/df\\\/velez-consulto-con-el-area-de-violencia-de-genero-por-centurion\\\/\",\"url\":\"https:\\\/\\\/diariofemenino.com.ar\\\/df\\\/velez-consulto-con-el-area-de-violencia-de-genero-por-centurion\\\/\",\"name\":\"V\u00e9lez consult\u00f3 con el \u00e1rea de violencia de g\u00e9nero por Centuri\u00f3n - Diario Digital Femenino\",\"isPartOf\":{\"@id\":\"https:\\\/\\\/diariofemenino.com.ar\\\/df\\\/#website\"},\"primaryImageOfPage\":{\"@id\":\"https:\\\/\\\/diariofemenino.com.ar\\\/df\\\/velez-consulto-con-el-area-de-violencia-de-genero-por-centurion\\\/#primaryimage\"},\"image\":{\"@id\":\"https:\\\/\\\/diariofemenino.com.ar\\\/df\\\/velez-consulto-con-el-area-de-violencia-de-genero-por-centurion\\\/#primaryimage\"},\"thumbnailUrl\":\"https:\\\/\\\/diariofemenino.com.ar\\\/df\\\/wp-content\\\/uploads\\\/2020\\\/01\\\/Centuri\u00f3n.jpg\",\"datePublished\":\"2020-01-08T13:28:03+00:00\",\"description\":\"V\u00e9lez consult\u00f3 con el \u00e1rea de violencia de g\u00e9nero por Centuri\u00f3n. Ante la posibilidad de incorporar a Ricardo Centuri\u00f3n, los dirigentes se asesoraron\",\"breadcrumb\":{\"@id\":\"https:\\\/\\\/diariofemenino.com.ar\\\/df\\\/velez-consulto-con-el-area-de-violencia-de-genero-por-centurion\\\/#breadcrumb\"},\"inLanguage\":\"es\",\"potentialAction\":[{\"@type\":\"ReadAction\",\"target\":[\"https:\\\/\\\/diariofemenino.com.ar\\\/df\\\/velez-consulto-con-el-area-de-violencia-de-genero-por-centurion\\\/\"]}]},{\"@type\":\"ImageObject\",\"inLanguage\":\"es\",\"@id\":\"https:\\\/\\\/diariofemenino.com.ar\\\/df\\\/velez-consulto-con-el-area-de-violencia-de-genero-por-centurion\\\/#primaryimage\",\"url\":\"https:\\\/\\\/diariofemenino.com.ar\\\/df\\\/wp-content\\\/uploads\\\/2020\\\/01\\\/Centuri\u00f3n.jpg\",\"contentUrl\":\"https:\\\/\\\/diariofemenino.com.ar\\\/df\\\/wp-content\\\/uploads\\\/2020\\\/01\\\/Centuri\u00f3n.jpg\",\"width\":904,\"height\":440,\"caption\":\"V\u00e9lez consult\u00f3 con el \u00e1rea de violencia de g\u00e9nero por Centuri\u00f3n\"},{\"@type\":\"BreadcrumbList\",\"@id\":\"https:\\\/\\\/diariofemenino.com.ar\\\/df\\\/velez-consulto-con-el-area-de-violencia-de-genero-por-centurion\\\/#breadcrumb\",\"itemListElement\":[{\"@type\":\"ListItem\",\"position\":1,\"name\":\"Portada\",\"item\":\"https:\\\/\\\/diariofemenino.com.ar\\\/df\\\/\"},{\"@type\":\"ListItem\",\"position\":2,\"name\":\"V\u00e9lez consult\u00f3 con el \u00e1rea de violencia de g\u00e9nero por Centuri\u00f3n\"}]},{\"@type\":\"WebSite\",\"@id\":\"https:\\\/\\\/diariofemenino.com.ar\\\/df\\\/#website\",\"url\":\"https:\\\/\\\/diariofemenino.com.ar\\\/df\\\/\",\"name\":\"Diario Digital Femenino\",\"description\":\"Cuesti\u00f3n de G\u00e9nero\",\"publisher\":{\"@id\":\"https:\\\/\\\/diariofemenino.com.ar\\\/df\\\/#organization\"},\"potentialAction\":[{\"@type\":\"SearchAction\",\"target\":{\"@type\":\"EntryPoint\",\"urlTemplate\":\"https:\\\/\\\/diariofemenino.com.ar\\\/df\\\/?s={search_term_string}\"},\"query-input\":{\"@type\":\"PropertyValueSpecification\",\"valueRequired\":true,\"valueName\":\"search_term_string\"}}],\"inLanguage\":\"es\"},{\"@type\":\"Organization\",\"@id\":\"https:\\\/\\\/diariofemenino.com.ar\\\/df\\\/#organization\",\"name\":\"Diario Femenino\",\"url\":\"https:\\\/\\\/diariofemenino.com.ar\\\/df\\\/\",\"logo\":{\"@type\":\"ImageObject\",\"inLanguage\":\"es\",\"@id\":\"https:\\\/\\\/diariofemenino.com.ar\\\/df\\\/#\\\/schema\\\/logo\\\/image\\\/\",\"url\":\"https:\\\/\\\/diariofemenino.com.ar\\\/df\\\/wp-content\\\/uploads\\\/2018\\\/10\\\/logo.png\",\"contentUrl\":\"https:\\\/\\\/diariofemenino.com.ar\\\/df\\\/wp-content\\\/uploads\\\/2018\\\/10\\\/logo.png\",\"width\":500,\"height\":92,\"caption\":\"Diario Femenino\"},\"image\":{\"@id\":\"https:\\\/\\\/diariofemenino.com.ar\\\/df\\\/#\\\/schema\\\/logo\\\/image\\\/\"},\"sameAs\":[\"https:\\\/\\\/www.facebook.com\\\/DiarioDigitaFemenino\\\/\",\"https:\\\/\\\/x.com\\\/DiarioFemenino1\"]},{\"@type\":\"Person\",\"@id\":\"https:\\\/\\\/diariofemenino.com.ar\\\/df\\\/#\\\/schema\\\/person\\\/bf6199e8158c657ea6f789b11ec85509\",\"name\":\"Admin\",\"image\":{\"@type\":\"ImageObject\",\"inLanguage\":\"es\",\"@id\":\"https:\\\/\\\/diariofemenino.com.ar\\\/df\\\/wp-content\\\/uploads\\\/2018\\\/12\\\/favicon-150x150.jpg\",\"url\":\"https:\\\/\\\/diariofemenino.com.ar\\\/df\\\/wp-content\\\/uploads\\\/2018\\\/12\\\/favicon-150x150.jpg\",\"contentUrl\":\"https:\\\/\\\/diariofemenino.com.ar\\\/df\\\/wp-content\\\/uploads\\\/2018\\\/12\\\/favicon-150x150.jpg\",\"caption\":\"Admin\"},\"url\":\"https:\\\/\\\/diariofemenino.com.ar\\\/df\\\/author\\\/lenny\\\/\"}]}<\/script>\n<!-- \/ Yoast SEO plugin. -->","yoast_head_json":{"title":"V\u00e9lez consult\u00f3 con el \u00e1rea de violencia de g\u00e9nero por Centuri\u00f3n - Diario Digital Femenino","description":"V\u00e9lez consult\u00f3 con el \u00e1rea de violencia de g\u00e9nero por Centuri\u00f3n. Ante la posibilidad de incorporar a Ricardo Centuri\u00f3n, los dirigentes se asesoraron","robots":{"index":"index","follow":"follow","max-snippet":"max-snippet:-1","max-image-preview":"max-image-preview:large","max-video-preview":"max-video-preview:-1"},"canonical":"https:\/\/diariofemenino.com.ar\/df\/velez-consulto-con-el-area-de-violencia-de-genero-por-centurion\/","og_locale":"es_ES","og_type":"article","og_title":"V\u00e9lez consult\u00f3 con el \u00e1rea de violencia de g\u00e9nero por Centuri\u00f3n - Diario Digital Femenino","og_description":"V\u00e9lez consult\u00f3 con el \u00e1rea de violencia de g\u00e9nero por Centuri\u00f3n. Ante la posibilidad de incorporar a Ricardo Centuri\u00f3n, los dirigentes se asesoraron","og_url":"https:\/\/diariofemenino.com.ar\/df\/velez-consulto-con-el-area-de-violencia-de-genero-por-centurion\/","og_site_name":"Diario Digital Femenino","article_publisher":"https:\/\/www.facebook.com\/DiarioDigitaFemenino\/","article_published_time":"2020-01-08T13:28:03+00:00","og_image":[{"width":904,"height":440,"url":"https:\/\/diariofemenino.com.ar\/df\/wp-content\/uploads\/2020\/01\/Centuri\u00f3n.jpg","type":"image\/jpeg"}],"author":"Admin","twitter_card":"summary_large_image","twitter_creator":"@DiarioFemenino1","twitter_site":"@DiarioFemenino1","twitter_misc":{"Escrito por":"Admin","Tiempo de lectura":"2 minutos"},"schema":{"@context":"https:\/\/schema.org","@graph":[{"@type":"Article","@id":"https:\/\/diariofemenino.com.ar\/df\/velez-consulto-con-el-area-de-violencia-de-genero-por-centurion\/#article","isPartOf":{"@id":"https:\/\/diariofemenino.com.ar\/df\/velez-consulto-con-el-area-de-violencia-de-genero-por-centurion\/"},"author":{"name":"Admin","@id":"https:\/\/diariofemenino.com.ar\/df\/#\/schema\/person\/bf6199e8158c657ea6f789b11ec85509"},"headline":"V\u00e9lez consult\u00f3 con el \u00e1rea de violencia de g\u00e9nero por Centuri\u00f3n","datePublished":"2020-01-08T13:28:03+00:00","mainEntityOfPage":{"@id":"https:\/\/diariofemenino.com.ar\/df\/velez-consulto-con-el-area-de-violencia-de-genero-por-centurion\/"},"wordCount":379,"commentCount":0,"publisher":{"@id":"https:\/\/diariofemenino.com.ar\/df\/#organization"},"image":{"@id":"https:\/\/diariofemenino.com.ar\/df\/velez-consulto-con-el-area-de-violencia-de-genero-por-centurion\/#primaryimage"},"thumbnailUrl":"https:\/\/diariofemenino.com.ar\/df\/wp-content\/uploads\/2020\/01\/Centuri\u00f3n.jpg","keywords":["Centuri\u00f3n","V\u00e9lez","Violencia de g\u00e9nero"],"articleSection":["Actividades","Agenda Feminista","Informes","Violencias"],"inLanguage":"es","potentialAction":[{"@type":"CommentAction","name":"Comment","target":["https:\/\/diariofemenino.com.ar\/df\/velez-consulto-con-el-area-de-violencia-de-genero-por-centurion\/#respond"]}]},{"@type":"WebPage","@id":"https:\/\/diariofemenino.com.ar\/df\/velez-consulto-con-el-area-de-violencia-de-genero-por-centurion\/","url":"https:\/\/diariofemenino.com.ar\/df\/velez-consulto-con-el-area-de-violencia-de-genero-por-centurion\/","name":"V\u00e9lez consult\u00f3 con el \u00e1rea de violencia de g\u00e9nero por Centuri\u00f3n - Diario Digital Femenino","isPartOf":{"@id":"https:\/\/diariofemenino.com.ar\/df\/#website"},"primaryImageOfPage":{"@id":"https:\/\/diariofemenino.com.ar\/df\/velez-consulto-con-el-area-de-violencia-de-genero-por-centurion\/#primaryimage"},"image":{"@id":"https:\/\/diariofemenino.com.ar\/df\/velez-consulto-con-el-area-de-violencia-de-genero-por-centurion\/#primaryimage"},"thumbnailUrl":"https:\/\/diariofemenino.com.ar\/df\/wp-content\/uploads\/2020\/01\/Centuri\u00f3n.jpg","datePublished":"2020-01-08T13:28:03+00:00","description":"V\u00e9lez consult\u00f3 con el \u00e1rea de violencia de g\u00e9nero por Centuri\u00f3n. Ante la posibilidad de incorporar a Ricardo Centuri\u00f3n, los dirigentes se asesoraron","breadcrumb":{"@id":"https:\/\/diariofemenino.com.ar\/df\/velez-consulto-con-el-area-de-violencia-de-genero-por-centurion\/#breadcrumb"},"inLanguage":"es","potentialAction":[{"@type":"ReadAction","target":["https:\/\/diariofemenino.com.ar\/df\/velez-consulto-con-el-area-de-violencia-de-genero-por-centurion\/"]}]},{"@type":"ImageObject","inLanguage":"es","@id":"https:\/\/diariofemenino.com.ar\/df\/velez-consulto-con-el-area-de-violencia-de-genero-por-centurion\/#primaryimage","url":"https:\/\/diariofemenino.com.ar\/df\/wp-content\/uploads\/2020\/01\/Centuri\u00f3n.jpg","contentUrl":"https:\/\/diariofemenino.com.ar\/df\/wp-content\/uploads\/2020\/01\/Centuri\u00f3n.jpg","width":904,"height":440,"caption":"V\u00e9lez consult\u00f3 con el \u00e1rea de violencia de g\u00e9nero por Centuri\u00f3n"},{"@type":"BreadcrumbList","@id":"https:\/\/diariofemenino.com.ar\/df\/velez-consulto-con-el-area-de-violencia-de-genero-por-centurion\/#breadcrumb","itemListElement":[{"@type":"ListItem","position":1,"name":"Portada","item":"https:\/\/diariofemenino.com.ar\/df\/"},{"@type":"ListItem","position":2,"name":"V\u00e9lez consult\u00f3 con el \u00e1rea de violencia de g\u00e9nero por Centuri\u00f3n"}]},{"@type":"WebSite","@id":"https:\/\/diariofemenino.com.ar\/df\/#website","url":"https:\/\/diariofemenino.com.ar\/df\/","name":"Diario Digital Femenino","description":"Cuesti\u00f3n de G\u00e9nero","publisher":{"@id":"https:\/\/diariofemenino.com.ar\/df\/#organization"},"potentialAction":[{"@type":"SearchAction","target":{"@type":"EntryPoint","urlTemplate":"https:\/\/diariofemenino.com.ar\/df\/?s={search_term_string}"},"query-input":{"@type":"PropertyValueSpecification","valueRequired":true,"valueName":"search_term_string"}}],"inLanguage":"es"},{"@type":"Organization","@id":"https:\/\/diariofemenino.com.ar\/df\/#organization","name":"Diario Femenino","url":"https:\/\/diariofemenino.com.ar\/df\/","logo":{"@type":"ImageObject","inLanguage":"es","@id":"https:\/\/diariofemenino.com.ar\/df\/#\/schema\/logo\/image\/","url":"https:\/\/diariofemenino.com.ar\/df\/wp-content\/uploads\/2018\/10\/logo.png","contentUrl":"https:\/\/diariofemenino.com.ar\/df\/wp-content\/uploads\/2018\/10\/logo.png","width":500,"height":92,"caption":"Diario Femenino"},"image":{"@id":"https:\/\/diariofemenino.com.ar\/df\/#\/schema\/logo\/image\/"},"sameAs":["https:\/\/www.facebook.com\/DiarioDigitaFemenino\/","https:\/\/x.com\/DiarioFemenino1"]},{"@type":"Person","@id":"https:\/\/diariofemenino.com.ar\/df\/#\/schema\/person\/bf6199e8158c657ea6f789b11ec85509","name":"Admin","image":{"@type":"ImageObject","inLanguage":"es","@id":"https:\/\/diariofemenino.com.ar\/df\/wp-content\/uploads\/2018\/12\/favicon-150x150.jpg","url":"https:\/\/diariofemenino.com.ar\/df\/wp-content\/uploads\/2018\/12\/favicon-150x150.jpg","contentUrl":"https:\/\/diariofemenino.com.ar\/df\/wp-content\/uploads\/2018\/12\/favicon-150x150.jpg","caption":"Admin"},"url":"https:\/\/diariofemenino.com.ar\/df\/author\/lenny\/"}]}},"jetpack_featured_media_url":"https:\/\/diariofemenino.com.ar\/df\/wp-content\/uploads\/2020\/01\/Centuri\u00f3n.jpg","jetpack_sharing_enabled":true,"rttpg_featured_image_url":{"full":["https:\/\/diariofemenino.com.ar\/df\/wp-content\/uploads\/2020\/01\/Centuri\u00f3n.jpg",904,440,false],"landscape":["https:\/\/diariofemenino.com.ar\/df\/wp-content\/uploads\/2020\/01\/Centuri\u00f3n.jpg",904,440,false],"portraits":["https:\/\/diariofemenino.com.ar\/df\/wp-content\/uploads\/2020\/01\/Centuri\u00f3n.jpg",904,440,false],"thumbnail":["https:\/\/diariofemenino.com.ar\/df\/wp-content\/uploads\/2020\/01\/Centuri\u00f3n-150x150.jpg",150,150,true],"medium":["https:\/\/diariofemenino.com.ar\/df\/wp-content\/uploads\/2020\/01\/Centuri\u00f3n-300x146.jpg",300,146,true],"large":["https:\/\/diariofemenino.com.ar\/df\/wp-content\/uploads\/2020\/01\/Centuri\u00f3n.jpg",904,440,false],"1536x1536":["https:\/\/diariofemenino.com.ar\/df\/wp-content\/uploads\/2020\/01\/Centuri\u00f3n.jpg",904,440,false],"2048x2048":["https:\/\/diariofemenino.com.ar\/df\/wp-content\/uploads\/2020\/01\/Centuri\u00f3n.jpg",904,440,false]},"rttpg_author":{"display_name":"Admin","author_link":"https:\/\/diariofemenino.com.ar\/df\/author\/lenny\/"},"rttpg_comment":0,"rttpg_category":"<a href=\"https:\/\/diariofemenino.com.ar\/df\/category\/actividades\/\" rel=\"category tag\">Actividades<\/a> <a href=\"https:\/\/diariofemenino.com.ar\/df\/category\/agenda-feminista\/\" rel=\"category tag\">Agenda Feminista<\/a> <a href=\"https:\/\/diariofemenino.com.ar\/df\/category\/informes\/\" rel=\"category tag\">Informes<\/a> <a href=\"https:\/\/diariofemenino.com.ar\/df\/category\/violencias\/\" rel=\"category tag\">Violencias<\/a>","rttpg_excerpt":"Ante la posibilidad de incorporar a Ricardo Centuri\u00f3n, los dirigentes del Fort\u00edn se asesoraron con el Departamento de Violencia de G\u00e9nero. Un hecho in\u00e9dito en un mercado de pases. V\u00e9lez fue el primer club en marcar el camino con la creaci\u00f3n del \u00c1rea contra la Violencia de G\u00e9nero,\u00a0la primera que funciona\u00a0entre los clubes de f\u00fatbol&hellip;","_links":{"self":[{"href":"https:\/\/diariofemenino.com.ar\/df\/wp-json\/wp\/v2\/posts\/44949","targetHints":{"allow":["GET"]}}],"collection":[{"href":"https:\/\/diariofemenino.com.ar\/df\/wp-json\/wp\/v2\/posts"}],"about":[{"href":"https:\/\/diariofemenino.com.ar\/df\/wp-json\/wp\/v2\/types\/post"}],"author":[{"embeddable":true,"href":"https:\/\/diariofemenino.com.ar\/df\/wp-json\/wp\/v2\/users\/4"}],"replies":[{"embeddable":true,"href":"https:\/\/diariofemenino.com.ar\/df\/wp-json\/wp\/v2\/comments?post=44949"}],"version-history":[{"count":0,"href":"https:\/\/diariofemenino.com.ar\/df\/wp-json\/wp\/v2\/posts\/44949\/revisions"}],"wp:featuredmedia":[{"embeddable":true,"href":"https:\/\/diariofemenino.com.ar\/df\/wp-json\/wp\/v2\/media\/44951"}],"wp:attachment":[{"href":"https:\/\/diariofemenino.com.ar\/df\/wp-json\/wp\/v2\/media?parent=44949"}],"wp:term":[{"taxonomy":"category","embeddable":true,"href":"https:\/\/diariofemenino.com.ar\/df\/wp-json\/wp\/v2\/categories?post=44949"},{"taxonomy":"post_tag","embeddable":true,"href":"https:\/\/diariofemenino.com.ar\/df\/wp-json\/wp\/v2\/tags?post=44949"}],"curies":[{"name":"wp","href":"https:\/\/api.w.org\/{rel}","templated":true}]}}