{"id":44942,"date":"2020-01-08T10:03:48","date_gmt":"2020-01-08T13:03:48","guid":{"rendered":"https:\/\/diariofemenino.com.ar\/?p=44942"},"modified":"2020-01-08T10:03:48","modified_gmt":"2020-01-08T13:03:48","slug":"trata-en-santa-rosa-rescataron-a-una-mujer-explotada-sexualmente","status":"publish","type":"post","link":"https:\/\/diariofemenino.com.ar\/df\/trata-en-santa-rosa-rescataron-a-una-mujer-explotada-sexualmente\/","title":{"rendered":"Trata en Santa Rosa: rescataron a una mujer explotada sexualmente"},"content":{"rendered":"<p>Una mujer, a quien se<strong>\u00a0le reten\u00eda o se le hab\u00eda quitado la documentaci\u00f3n<\/strong>, fue\u00a0<strong>recatada de una red de trata de personas<\/strong>\u00a0en la ciudad de Santa Rosa, dijeron este mi\u00e9rcoles fuentes de la investigaci\u00f3n a\u00a0<a href=\"http:\/\/diariotextual.com\/\"><strong>Diario Textual<\/strong><\/a>.<\/p>\n<p>El caso es llevado adelante por el Juzgado Federal de Santa Rosa, a cargo del juez Juan Jos\u00e9 Baric. Los investigadores prefirieron, al menos por el momento, no dar <a href=\"https:\/\/diariofemenino.com.ar\/trata-de-personas\/\">detalles<\/a>. Solo se sabe que<strong>\u00a0el rescate se produjo el viernes 3, que la v\u00edctima es argentina y que ya se encuentra con una familia que la contiene. Se sospecha que era explotada sexualmente.<\/strong><\/p>\n<p>El Gobierno provincial, posteriormente, dio cuenta de su participaci\u00f3n en la contenci\u00f3n de la v\u00edctima: el subsecretario de Derechos Humanos de la Provincia,<strong>\u00a0Juan Pablo Fasce<\/strong>, dijo que que, en el marco del Programa Provincial para la Prevenci\u00f3n, Protecci\u00f3n y Asistencia a la V\u00edctima de Trata, creado en el \u00e1mbito de competencia de DDHH, se le brind\u00f3 asistencia y acompa\u00f1amiento a la v\u00edctima de trata de personas.<\/p>\n<p>\u00abEn el caso concreto se le proporcion\u00f3 seguridad, alojamiento provisional, alimentaci\u00f3n suficiente e higiene personal, asistencia m\u00e9dica, psicol\u00f3gica, asesoramiento jur\u00eddico y acompa\u00f1amiento integral en las acciones judiciales iniciadas ante la Justicia Federal\u00bb dijo.<\/p>\n<p>Asimismo, trat\u00e1ndose de una persona indocumentada, se articul\u00f3 con la Direcci\u00f3n General del Registro Civil y Capacidad de las Personas, tambi\u00e9n del Ministerio de Gobierno, Justicia y DDHH, la iniciaci\u00f3n de los tr\u00e1mites tendientes a la efectiva provisi\u00f3n de su documentaci\u00f3n personal, a la vez que la restituci\u00f3n de la integralidad de los derechos que le fueron vulnerados.<\/p>\n<p>Finalmente, y luego de cumplir con la audiencia de la etapa inicial de instrucci\u00f3n emprendida por la Justicia Federal, la v\u00edctima fue trasladada, con los resguardos pertinentes, con su familia de acogimiento, agreg\u00f3 Fasce.<\/p>\n<figure id=\"attachment_44947\" aria-describedby=\"caption-attachment-44947\" style=\"width: 900px\" class=\"wp-caption alignnone\"><img loading=\"lazy\" decoding=\"async\" class=\"size-large wp-image-44947\" src=\"https:\/\/diariofemenino.com.ar\/df\/wp-content\/uploads\/2020\/01\/5393570-1024x577.jpg\" alt=\"Trata en Santa Rosa: rescataron a una mujer explotada sexualmente\" width=\"900\" height=\"507\" srcset=\"https:\/\/diariofemenino.com.ar\/df\/wp-content\/uploads\/2020\/01\/5393570-1024x577.jpg 1024w, https:\/\/diariofemenino.com.ar\/df\/wp-content\/uploads\/2020\/01\/5393570-300x169.jpg 300w, https:\/\/diariofemenino.com.ar\/df\/wp-content\/uploads\/2020\/01\/5393570-768x433.jpg 768w, https:\/\/diariofemenino.com.ar\/df\/wp-content\/uploads\/2020\/01\/5393570.jpg 1600w\" sizes=\"auto, (max-width: 900px) 100vw, 900px\" \/><figcaption id=\"caption-attachment-44947\" class=\"wp-caption-text\">Trata en Santa Rosa: rescataron a una mujer explotada sexualmente<\/figcaption><\/figure>\n<p>Fuente para <a href=\"https:\/\/diariofemenino.com.ar\/\">Diario Digital Femenino<\/a>, <a href=\"http:\/\/diariotextual.com\/inicio\/index.php\/2020\/01\/08\/trata-santa-rosa-rescataron-una-mujer-explotada-sexualmente\/\">Diario Textual<\/a><\/p>\n","protected":false},"excerpt":{"rendered":"<p>Una mujer, a quien se\u00a0le reten\u00eda o se le hab\u00eda quitado la documentaci\u00f3n, fue\u00a0recatada de una red de trata de personas\u00a0en la ciudad de Santa Rosa, dijeron este mi\u00e9rcoles fuentes de la investigaci\u00f3n a\u00a0Diario Textual. El caso es llevado adelante por el Juzgado Federal de Santa Rosa, a cargo del juez Juan Jos\u00e9 Baric. Los [&hellip;]<\/p>\n","protected":false},"author":4,"featured_media":44946,"comment_status":"open","ping_status":"open","sticky":false,"template":"","format":"standard","meta":{"iawp_total_views":11,"footnotes":""},"categories":[32],"tags":[130,1129,613,36],"class_list":["post-44942","post","type-post","status-publish","format-standard","has-post-thumbnail","hentry","category-mujeres","tag-mujeres","tag-santa-rosa","tag-trata-de-personas","tag-violencia-sexual"],"nelio_content":{"autoShareEndMode":"never","automationSources":{"useCustomSentences":false,"customSentences":[]},"efiAlt":"","efiUrl":"","followers":[4],"highlights":[],"isAutoShareEnabled":true,"networkImageIds":[],"permalinkQueryArgs":[],"series":[],"suggestedReferences":[]},"yoast_head":"<!-- This site is optimized with the Yoast SEO plugin v27.5 - https:\/\/yoast.com\/product\/yoast-seo-wordpress\/ -->\n<title>Trata en Santa Rosa: rescataron a una mujer explotada sexualmente - Diario Digital Femenino<\/title>\n<meta name=\"description\" content=\"Trata en Santa Rosa: rescataron a una mujer explotada sexualmente. Rescataron a una mujer, a quien se\u00a0le reten\u00eda o se le hab\u00eda quitado la documentaci\u00f3n\" \/>\n<meta name=\"robots\" content=\"index, follow, max-snippet:-1, max-image-preview:large, max-video-preview:-1\" \/>\n<link rel=\"canonical\" href=\"https:\/\/diariofemenino.com.ar\/df\/trata-en-santa-rosa-rescataron-a-una-mujer-explotada-sexualmente\/\" \/>\n<meta property=\"og:locale\" content=\"es_ES\" \/>\n<meta property=\"og:type\" content=\"article\" \/>\n<meta property=\"og:title\" content=\"Trata en Santa Rosa: rescataron a una mujer explotada sexualmente - Diario Digital Femenino\" \/>\n<meta property=\"og:description\" content=\"Trata en Santa Rosa: rescataron a una mujer explotada sexualmente. Rescataron a una mujer, a quien se\u00a0le reten\u00eda o se le hab\u00eda quitado la documentaci\u00f3n\" \/>\n<meta property=\"og:url\" content=\"https:\/\/diariofemenino.com.ar\/df\/trata-en-santa-rosa-rescataron-a-una-mujer-explotada-sexualmente\/\" \/>\n<meta property=\"og:site_name\" content=\"Diario Digital Femenino\" \/>\n<meta property=\"article:publisher\" content=\"https:\/\/www.facebook.com\/DiarioDigitaFemenino\/\" \/>\n<meta property=\"article:published_time\" content=\"2020-01-08T13:03:48+00:00\" \/>\n<meta property=\"og:image\" content=\"https:\/\/diariofemenino.com.ar\/df\/wp-content\/uploads\/2020\/01\/tratapersonasprostitucion4.jpg\" \/>\n\t<meta property=\"og:image:width\" content=\"1053\" \/>\n\t<meta property=\"og:image:height\" content=\"600\" \/>\n\t<meta property=\"og:image:type\" content=\"image\/jpeg\" \/>\n<meta name=\"author\" content=\"Admin\" \/>\n<meta name=\"twitter:card\" content=\"summary_large_image\" \/>\n<meta name=\"twitter:creator\" content=\"@DiarioFemenino1\" \/>\n<meta name=\"twitter:site\" content=\"@DiarioFemenino1\" \/>\n<meta name=\"twitter:label1\" content=\"Escrito por\" \/>\n\t<meta name=\"twitter:data1\" content=\"Admin\" \/>\n\t<meta name=\"twitter:label2\" content=\"Tiempo de lectura\" \/>\n\t<meta name=\"twitter:data2\" content=\"2 minutos\" \/>\n<script type=\"application\/ld+json\" class=\"yoast-schema-graph\">{\"@context\":\"https:\\\/\\\/schema.org\",\"@graph\":[{\"@type\":\"Article\",\"@id\":\"https:\\\/\\\/diariofemenino.com.ar\\\/df\\\/trata-en-santa-rosa-rescataron-a-una-mujer-explotada-sexualmente\\\/#article\",\"isPartOf\":{\"@id\":\"https:\\\/\\\/diariofemenino.com.ar\\\/df\\\/trata-en-santa-rosa-rescataron-a-una-mujer-explotada-sexualmente\\\/\"},\"author\":{\"name\":\"Admin\",\"@id\":\"https:\\\/\\\/diariofemenino.com.ar\\\/df\\\/#\\\/schema\\\/person\\\/bf6199e8158c657ea6f789b11ec85509\"},\"headline\":\"Trata en Santa Rosa: rescataron a una mujer explotada sexualmente\",\"datePublished\":\"2020-01-08T13:03:48+00:00\",\"mainEntityOfPage\":{\"@id\":\"https:\\\/\\\/diariofemenino.com.ar\\\/df\\\/trata-en-santa-rosa-rescataron-a-una-mujer-explotada-sexualmente\\\/\"},\"wordCount\":356,\"commentCount\":0,\"publisher\":{\"@id\":\"https:\\\/\\\/diariofemenino.com.ar\\\/df\\\/#organization\"},\"image\":{\"@id\":\"https:\\\/\\\/diariofemenino.com.ar\\\/df\\\/trata-en-santa-rosa-rescataron-a-una-mujer-explotada-sexualmente\\\/#primaryimage\"},\"thumbnailUrl\":\"https:\\\/\\\/diariofemenino.com.ar\\\/df\\\/wp-content\\\/uploads\\\/2020\\\/01\\\/tratapersonasprostitucion4.jpg\",\"keywords\":[\"Mujeres\",\"Santa Rosa\",\"Trata de Personas\",\"Violencia Sexual\"],\"articleSection\":[\"Mujeres\"],\"inLanguage\":\"es\",\"potentialAction\":[{\"@type\":\"CommentAction\",\"name\":\"Comment\",\"target\":[\"https:\\\/\\\/diariofemenino.com.ar\\\/df\\\/trata-en-santa-rosa-rescataron-a-una-mujer-explotada-sexualmente\\\/#respond\"]}]},{\"@type\":\"WebPage\",\"@id\":\"https:\\\/\\\/diariofemenino.com.ar\\\/df\\\/trata-en-santa-rosa-rescataron-a-una-mujer-explotada-sexualmente\\\/\",\"url\":\"https:\\\/\\\/diariofemenino.com.ar\\\/df\\\/trata-en-santa-rosa-rescataron-a-una-mujer-explotada-sexualmente\\\/\",\"name\":\"Trata en Santa Rosa: rescataron a una mujer explotada sexualmente - Diario Digital Femenino\",\"isPartOf\":{\"@id\":\"https:\\\/\\\/diariofemenino.com.ar\\\/df\\\/#website\"},\"primaryImageOfPage\":{\"@id\":\"https:\\\/\\\/diariofemenino.com.ar\\\/df\\\/trata-en-santa-rosa-rescataron-a-una-mujer-explotada-sexualmente\\\/#primaryimage\"},\"image\":{\"@id\":\"https:\\\/\\\/diariofemenino.com.ar\\\/df\\\/trata-en-santa-rosa-rescataron-a-una-mujer-explotada-sexualmente\\\/#primaryimage\"},\"thumbnailUrl\":\"https:\\\/\\\/diariofemenino.com.ar\\\/df\\\/wp-content\\\/uploads\\\/2020\\\/01\\\/tratapersonasprostitucion4.jpg\",\"datePublished\":\"2020-01-08T13:03:48+00:00\",\"description\":\"Trata en Santa Rosa: rescataron a una mujer explotada sexualmente. Rescataron a una mujer, a quien se\u00a0le reten\u00eda o se le hab\u00eda quitado la documentaci\u00f3n\",\"breadcrumb\":{\"@id\":\"https:\\\/\\\/diariofemenino.com.ar\\\/df\\\/trata-en-santa-rosa-rescataron-a-una-mujer-explotada-sexualmente\\\/#breadcrumb\"},\"inLanguage\":\"es\",\"potentialAction\":[{\"@type\":\"ReadAction\",\"target\":[\"https:\\\/\\\/diariofemenino.com.ar\\\/df\\\/trata-en-santa-rosa-rescataron-a-una-mujer-explotada-sexualmente\\\/\"]}]},{\"@type\":\"ImageObject\",\"inLanguage\":\"es\",\"@id\":\"https:\\\/\\\/diariofemenino.com.ar\\\/df\\\/trata-en-santa-rosa-rescataron-a-una-mujer-explotada-sexualmente\\\/#primaryimage\",\"url\":\"https:\\\/\\\/diariofemenino.com.ar\\\/df\\\/wp-content\\\/uploads\\\/2020\\\/01\\\/tratapersonasprostitucion4.jpg\",\"contentUrl\":\"https:\\\/\\\/diariofemenino.com.ar\\\/df\\\/wp-content\\\/uploads\\\/2020\\\/01\\\/tratapersonasprostitucion4.jpg\",\"width\":1053,\"height\":600,\"caption\":\"Trata en Santa Rosa: rescataron a una mujer explotada sexualmente\"},{\"@type\":\"BreadcrumbList\",\"@id\":\"https:\\\/\\\/diariofemenino.com.ar\\\/df\\\/trata-en-santa-rosa-rescataron-a-una-mujer-explotada-sexualmente\\\/#breadcrumb\",\"itemListElement\":[{\"@type\":\"ListItem\",\"position\":1,\"name\":\"Portada\",\"item\":\"https:\\\/\\\/diariofemenino.com.ar\\\/df\\\/\"},{\"@type\":\"ListItem\",\"position\":2,\"name\":\"Trata en Santa Rosa: rescataron a una mujer explotada sexualmente\"}]},{\"@type\":\"WebSite\",\"@id\":\"https:\\\/\\\/diariofemenino.com.ar\\\/df\\\/#website\",\"url\":\"https:\\\/\\\/diariofemenino.com.ar\\\/df\\\/\",\"name\":\"Diario Digital Femenino\",\"description\":\"Cuesti\u00f3n de G\u00e9nero\",\"publisher\":{\"@id\":\"https:\\\/\\\/diariofemenino.com.ar\\\/df\\\/#organization\"},\"potentialAction\":[{\"@type\":\"SearchAction\",\"target\":{\"@type\":\"EntryPoint\",\"urlTemplate\":\"https:\\\/\\\/diariofemenino.com.ar\\\/df\\\/?s={search_term_string}\"},\"query-input\":{\"@type\":\"PropertyValueSpecification\",\"valueRequired\":true,\"valueName\":\"search_term_string\"}}],\"inLanguage\":\"es\"},{\"@type\":\"Organization\",\"@id\":\"https:\\\/\\\/diariofemenino.com.ar\\\/df\\\/#organization\",\"name\":\"Diario Femenino\",\"url\":\"https:\\\/\\\/diariofemenino.com.ar\\\/df\\\/\",\"logo\":{\"@type\":\"ImageObject\",\"inLanguage\":\"es\",\"@id\":\"https:\\\/\\\/diariofemenino.com.ar\\\/df\\\/#\\\/schema\\\/logo\\\/image\\\/\",\"url\":\"https:\\\/\\\/diariofemenino.com.ar\\\/df\\\/wp-content\\\/uploads\\\/2018\\\/10\\\/logo.png\",\"contentUrl\":\"https:\\\/\\\/diariofemenino.com.ar\\\/df\\\/wp-content\\\/uploads\\\/2018\\\/10\\\/logo.png\",\"width\":500,\"height\":92,\"caption\":\"Diario Femenino\"},\"image\":{\"@id\":\"https:\\\/\\\/diariofemenino.com.ar\\\/df\\\/#\\\/schema\\\/logo\\\/image\\\/\"},\"sameAs\":[\"https:\\\/\\\/www.facebook.com\\\/DiarioDigitaFemenino\\\/\",\"https:\\\/\\\/x.com\\\/DiarioFemenino1\"]},{\"@type\":\"Person\",\"@id\":\"https:\\\/\\\/diariofemenino.com.ar\\\/df\\\/#\\\/schema\\\/person\\\/bf6199e8158c657ea6f789b11ec85509\",\"name\":\"Admin\",\"image\":{\"@type\":\"ImageObject\",\"inLanguage\":\"es\",\"@id\":\"https:\\\/\\\/diariofemenino.com.ar\\\/df\\\/wp-content\\\/uploads\\\/2018\\\/12\\\/favicon-150x150.jpg\",\"url\":\"https:\\\/\\\/diariofemenino.com.ar\\\/df\\\/wp-content\\\/uploads\\\/2018\\\/12\\\/favicon-150x150.jpg\",\"contentUrl\":\"https:\\\/\\\/diariofemenino.com.ar\\\/df\\\/wp-content\\\/uploads\\\/2018\\\/12\\\/favicon-150x150.jpg\",\"caption\":\"Admin\"},\"url\":\"https:\\\/\\\/diariofemenino.com.ar\\\/df\\\/author\\\/lenny\\\/\"}]}<\/script>\n<!-- \/ Yoast SEO plugin. -->","yoast_head_json":{"title":"Trata en Santa Rosa: rescataron a una mujer explotada sexualmente - Diario Digital Femenino","description":"Trata en Santa Rosa: rescataron a una mujer explotada sexualmente. Rescataron a una mujer, a quien se\u00a0le reten\u00eda o se le hab\u00eda quitado la documentaci\u00f3n","robots":{"index":"index","follow":"follow","max-snippet":"max-snippet:-1","max-image-preview":"max-image-preview:large","max-video-preview":"max-video-preview:-1"},"canonical":"https:\/\/diariofemenino.com.ar\/df\/trata-en-santa-rosa-rescataron-a-una-mujer-explotada-sexualmente\/","og_locale":"es_ES","og_type":"article","og_title":"Trata en Santa Rosa: rescataron a una mujer explotada sexualmente - Diario Digital Femenino","og_description":"Trata en Santa Rosa: rescataron a una mujer explotada sexualmente. Rescataron a una mujer, a quien se\u00a0le reten\u00eda o se le hab\u00eda quitado la documentaci\u00f3n","og_url":"https:\/\/diariofemenino.com.ar\/df\/trata-en-santa-rosa-rescataron-a-una-mujer-explotada-sexualmente\/","og_site_name":"Diario Digital Femenino","article_publisher":"https:\/\/www.facebook.com\/DiarioDigitaFemenino\/","article_published_time":"2020-01-08T13:03:48+00:00","og_image":[{"width":1053,"height":600,"url":"https:\/\/diariofemenino.com.ar\/df\/wp-content\/uploads\/2020\/01\/tratapersonasprostitucion4.jpg","type":"image\/jpeg"}],"author":"Admin","twitter_card":"summary_large_image","twitter_creator":"@DiarioFemenino1","twitter_site":"@DiarioFemenino1","twitter_misc":{"Escrito por":"Admin","Tiempo de lectura":"2 minutos"},"schema":{"@context":"https:\/\/schema.org","@graph":[{"@type":"Article","@id":"https:\/\/diariofemenino.com.ar\/df\/trata-en-santa-rosa-rescataron-a-una-mujer-explotada-sexualmente\/#article","isPartOf":{"@id":"https:\/\/diariofemenino.com.ar\/df\/trata-en-santa-rosa-rescataron-a-una-mujer-explotada-sexualmente\/"},"author":{"name":"Admin","@id":"https:\/\/diariofemenino.com.ar\/df\/#\/schema\/person\/bf6199e8158c657ea6f789b11ec85509"},"headline":"Trata en Santa Rosa: rescataron a una mujer explotada sexualmente","datePublished":"2020-01-08T13:03:48+00:00","mainEntityOfPage":{"@id":"https:\/\/diariofemenino.com.ar\/df\/trata-en-santa-rosa-rescataron-a-una-mujer-explotada-sexualmente\/"},"wordCount":356,"commentCount":0,"publisher":{"@id":"https:\/\/diariofemenino.com.ar\/df\/#organization"},"image":{"@id":"https:\/\/diariofemenino.com.ar\/df\/trata-en-santa-rosa-rescataron-a-una-mujer-explotada-sexualmente\/#primaryimage"},"thumbnailUrl":"https:\/\/diariofemenino.com.ar\/df\/wp-content\/uploads\/2020\/01\/tratapersonasprostitucion4.jpg","keywords":["Mujeres","Santa Rosa","Trata de Personas","Violencia Sexual"],"articleSection":["Mujeres"],"inLanguage":"es","potentialAction":[{"@type":"CommentAction","name":"Comment","target":["https:\/\/diariofemenino.com.ar\/df\/trata-en-santa-rosa-rescataron-a-una-mujer-explotada-sexualmente\/#respond"]}]},{"@type":"WebPage","@id":"https:\/\/diariofemenino.com.ar\/df\/trata-en-santa-rosa-rescataron-a-una-mujer-explotada-sexualmente\/","url":"https:\/\/diariofemenino.com.ar\/df\/trata-en-santa-rosa-rescataron-a-una-mujer-explotada-sexualmente\/","name":"Trata en Santa Rosa: rescataron a una mujer explotada sexualmente - Diario Digital Femenino","isPartOf":{"@id":"https:\/\/diariofemenino.com.ar\/df\/#website"},"primaryImageOfPage":{"@id":"https:\/\/diariofemenino.com.ar\/df\/trata-en-santa-rosa-rescataron-a-una-mujer-explotada-sexualmente\/#primaryimage"},"image":{"@id":"https:\/\/diariofemenino.com.ar\/df\/trata-en-santa-rosa-rescataron-a-una-mujer-explotada-sexualmente\/#primaryimage"},"thumbnailUrl":"https:\/\/diariofemenino.com.ar\/df\/wp-content\/uploads\/2020\/01\/tratapersonasprostitucion4.jpg","datePublished":"2020-01-08T13:03:48+00:00","description":"Trata en Santa Rosa: rescataron a una mujer explotada sexualmente. Rescataron a una mujer, a quien se\u00a0le reten\u00eda o se le hab\u00eda quitado la documentaci\u00f3n","breadcrumb":{"@id":"https:\/\/diariofemenino.com.ar\/df\/trata-en-santa-rosa-rescataron-a-una-mujer-explotada-sexualmente\/#breadcrumb"},"inLanguage":"es","potentialAction":[{"@type":"ReadAction","target":["https:\/\/diariofemenino.com.ar\/df\/trata-en-santa-rosa-rescataron-a-una-mujer-explotada-sexualmente\/"]}]},{"@type":"ImageObject","inLanguage":"es","@id":"https:\/\/diariofemenino.com.ar\/df\/trata-en-santa-rosa-rescataron-a-una-mujer-explotada-sexualmente\/#primaryimage","url":"https:\/\/diariofemenino.com.ar\/df\/wp-content\/uploads\/2020\/01\/tratapersonasprostitucion4.jpg","contentUrl":"https:\/\/diariofemenino.com.ar\/df\/wp-content\/uploads\/2020\/01\/tratapersonasprostitucion4.jpg","width":1053,"height":600,"caption":"Trata en Santa Rosa: rescataron a una mujer explotada sexualmente"},{"@type":"BreadcrumbList","@id":"https:\/\/diariofemenino.com.ar\/df\/trata-en-santa-rosa-rescataron-a-una-mujer-explotada-sexualmente\/#breadcrumb","itemListElement":[{"@type":"ListItem","position":1,"name":"Portada","item":"https:\/\/diariofemenino.com.ar\/df\/"},{"@type":"ListItem","position":2,"name":"Trata en Santa Rosa: rescataron a una mujer explotada sexualmente"}]},{"@type":"WebSite","@id":"https:\/\/diariofemenino.com.ar\/df\/#website","url":"https:\/\/diariofemenino.com.ar\/df\/","name":"Diario Digital Femenino","description":"Cuesti\u00f3n de G\u00e9nero","publisher":{"@id":"https:\/\/diariofemenino.com.ar\/df\/#organization"},"potentialAction":[{"@type":"SearchAction","target":{"@type":"EntryPoint","urlTemplate":"https:\/\/diariofemenino.com.ar\/df\/?s={search_term_string}"},"query-input":{"@type":"PropertyValueSpecification","valueRequired":true,"valueName":"search_term_string"}}],"inLanguage":"es"},{"@type":"Organization","@id":"https:\/\/diariofemenino.com.ar\/df\/#organization","name":"Diario Femenino","url":"https:\/\/diariofemenino.com.ar\/df\/","logo":{"@type":"ImageObject","inLanguage":"es","@id":"https:\/\/diariofemenino.com.ar\/df\/#\/schema\/logo\/image\/","url":"https:\/\/diariofemenino.com.ar\/df\/wp-content\/uploads\/2018\/10\/logo.png","contentUrl":"https:\/\/diariofemenino.com.ar\/df\/wp-content\/uploads\/2018\/10\/logo.png","width":500,"height":92,"caption":"Diario Femenino"},"image":{"@id":"https:\/\/diariofemenino.com.ar\/df\/#\/schema\/logo\/image\/"},"sameAs":["https:\/\/www.facebook.com\/DiarioDigitaFemenino\/","https:\/\/x.com\/DiarioFemenino1"]},{"@type":"Person","@id":"https:\/\/diariofemenino.com.ar\/df\/#\/schema\/person\/bf6199e8158c657ea6f789b11ec85509","name":"Admin","image":{"@type":"ImageObject","inLanguage":"es","@id":"https:\/\/diariofemenino.com.ar\/df\/wp-content\/uploads\/2018\/12\/favicon-150x150.jpg","url":"https:\/\/diariofemenino.com.ar\/df\/wp-content\/uploads\/2018\/12\/favicon-150x150.jpg","contentUrl":"https:\/\/diariofemenino.com.ar\/df\/wp-content\/uploads\/2018\/12\/favicon-150x150.jpg","caption":"Admin"},"url":"https:\/\/diariofemenino.com.ar\/df\/author\/lenny\/"}]}},"jetpack_featured_media_url":"https:\/\/diariofemenino.com.ar\/df\/wp-content\/uploads\/2020\/01\/tratapersonasprostitucion4.jpg","jetpack_sharing_enabled":true,"rttpg_featured_image_url":{"full":["https:\/\/diariofemenino.com.ar\/df\/wp-content\/uploads\/2020\/01\/tratapersonasprostitucion4.jpg",1053,600,false],"landscape":["https:\/\/diariofemenino.com.ar\/df\/wp-content\/uploads\/2020\/01\/tratapersonasprostitucion4.jpg",1053,600,false],"portraits":["https:\/\/diariofemenino.com.ar\/df\/wp-content\/uploads\/2020\/01\/tratapersonasprostitucion4.jpg",1053,600,false],"thumbnail":["https:\/\/diariofemenino.com.ar\/df\/wp-content\/uploads\/2020\/01\/tratapersonasprostitucion4-150x150.jpg",150,150,true],"medium":["https:\/\/diariofemenino.com.ar\/df\/wp-content\/uploads\/2020\/01\/tratapersonasprostitucion4-300x171.jpg",300,171,true],"large":["https:\/\/diariofemenino.com.ar\/df\/wp-content\/uploads\/2020\/01\/tratapersonasprostitucion4-1024x583.jpg",1024,583,true],"1536x1536":["https:\/\/diariofemenino.com.ar\/df\/wp-content\/uploads\/2020\/01\/tratapersonasprostitucion4.jpg",1053,600,false],"2048x2048":["https:\/\/diariofemenino.com.ar\/df\/wp-content\/uploads\/2020\/01\/tratapersonasprostitucion4.jpg",1053,600,false]},"rttpg_author":{"display_name":"Admin","author_link":"https:\/\/diariofemenino.com.ar\/df\/author\/lenny\/"},"rttpg_comment":0,"rttpg_category":"<a href=\"https:\/\/diariofemenino.com.ar\/df\/category\/mujeres\/\" rel=\"category tag\">Mujeres<\/a>","rttpg_excerpt":"Una mujer, a quien se\u00a0le reten\u00eda o se le hab\u00eda quitado la documentaci\u00f3n, fue\u00a0recatada de una red de trata de personas\u00a0en la ciudad de Santa Rosa, dijeron este mi\u00e9rcoles fuentes de la investigaci\u00f3n a\u00a0Diario Textual. El caso es llevado adelante por el Juzgado Federal de Santa Rosa, a cargo del juez Juan Jos\u00e9 Baric. Los&hellip;","_links":{"self":[{"href":"https:\/\/diariofemenino.com.ar\/df\/wp-json\/wp\/v2\/posts\/44942","targetHints":{"allow":["GET"]}}],"collection":[{"href":"https:\/\/diariofemenino.com.ar\/df\/wp-json\/wp\/v2\/posts"}],"about":[{"href":"https:\/\/diariofemenino.com.ar\/df\/wp-json\/wp\/v2\/types\/post"}],"author":[{"embeddable":true,"href":"https:\/\/diariofemenino.com.ar\/df\/wp-json\/wp\/v2\/users\/4"}],"replies":[{"embeddable":true,"href":"https:\/\/diariofemenino.com.ar\/df\/wp-json\/wp\/v2\/comments?post=44942"}],"version-history":[{"count":0,"href":"https:\/\/diariofemenino.com.ar\/df\/wp-json\/wp\/v2\/posts\/44942\/revisions"}],"wp:featuredmedia":[{"embeddable":true,"href":"https:\/\/diariofemenino.com.ar\/df\/wp-json\/wp\/v2\/media\/44946"}],"wp:attachment":[{"href":"https:\/\/diariofemenino.com.ar\/df\/wp-json\/wp\/v2\/media?parent=44942"}],"wp:term":[{"taxonomy":"category","embeddable":true,"href":"https:\/\/diariofemenino.com.ar\/df\/wp-json\/wp\/v2\/categories?post=44942"},{"taxonomy":"post_tag","embeddable":true,"href":"https:\/\/diariofemenino.com.ar\/df\/wp-json\/wp\/v2\/tags?post=44942"}],"curies":[{"name":"wp","href":"https:\/\/api.w.org\/{rel}","templated":true}]}}