{"id":44934,"date":"2020-01-08T09:44:07","date_gmt":"2020-01-08T12:44:07","guid":{"rendered":"https:\/\/diariofemenino.com.ar\/?p=44934"},"modified":"2020-01-08T09:44:07","modified_gmt":"2020-01-08T12:44:07","slug":"mara-gomez-es-la-primera-jugadora-trans-de-la-afa","status":"publish","type":"post","link":"https:\/\/diariofemenino.com.ar\/df\/mara-gomez-es-la-primera-jugadora-trans-de-la-afa\/","title":{"rendered":"Mara G\u00f3mez es la primera jugadora trans de la AFA"},"content":{"rendered":"<p><strong>Mara G\u00f3mez firm\u00f3 este martes como refuerzo de Villa San Carlos y se convertir\u00e1 en la primera jugadora trans en participar del torneo femenino profesional organizado por la Asociaci\u00f3n del F\u00fatbol Argentino (<a href=\"https:\/\/www.afa.com.ar\/es\/\">AFA<\/a>).<\/strong><\/p>\n<p>La futbolista de 22 a\u00f1os, que viene de ser goleadora los \u00faltimos dos torneos de la Liga Amateur de La Plata en el club Malvinas, se suma a la entidad de Berisso, que pelea por la permanencia en la Primera A del torneo femenino, actualmente en receso.<\/p>\n<p>\u00abEn todos los clubes que jugu\u00e9 me trataron muy bien, todas somos parte del mismo trabajo y nunca me sent\u00ed excluida de ning\u00fan plantel\u00bb, afirm\u00f3 G\u00f3mez, en declaraciones a la prensa.<\/p>\n<p>San Carlos es uno de los tres equipos platenses, junto a Estudiantes y Gimnasia, que juegan en la m\u00e1xima categor\u00eda del torneo femenino de AFA, aunque apenas pudo sumar un empate como mejor resultado en sus diez presentaciones.<\/p>\n<p>Luego del receso, se disputar\u00e1n las restantes seis fechas de la primera etapa del campeonato. M\u00e1s tarde, los equipos se dividir\u00e1n en zona campeonato y zona permanencia. En ese contexto, el conjunto platense buscar\u00e1 evitar uno de los tres descensos de categor\u00eda. (<a href=\"http:\/\/www.laarena.com.ar\/deportes-mara-gomez-es-la-primera-jugadora-trans-de-la-afa-2092429-116.html\">La Arena<\/a>)<\/p>\n<section class=\"row\">\n<div class=\"col-xs-12\">\n<div class=\"photo-gallery-detail\">\n<div class=\"gallery-container\">\n<div id=\"content-gallery\">\n<div id=\"fotogaleria-Object_31113_22698\" class=\"gallery\">\n<div class=\"snapshot-container owl-carousel\">\n<div class=\"media-wrapper image itemGallery classid7402708 wide-aspect-ratio\">\n<div class=\"credit-media  with-content\">Foto de Portada: El D\u00eda<\/div>\n<\/div>\n<\/div>\n<\/div>\n<\/div>\n<\/div>\n<\/div>\n<\/div>\n<\/section>\n<section class=\"row\">\n<div class=\"col-xs-8 col-sm-12 col-md-8 reduced-size region-3\">\n<div class=\"detail-body \">\n<div class=\"preview\">\n<h3>La delantera de 22 a\u00f1os fue presentada como nuevo refuerzo de Villa San Carlos, equipo que pelea por no perder la categor\u00eda en el Torneo Femenino de Primera.<\/h3>\n<\/div>\n<\/div>\n<div class=\"detail-body\">\n<article id=\"note-body\" class=\"note-body first\" data-twitter-link=\"https:\/\/twitter.com\/intent\/tweet?url=https:\/\/www.minutouno.com\/c5075329&amp;v\u00eda=minutounocom&amp;related=MinutoUno&amp;text=\">\n<div class=\"row\">\n<div class=\"inside-note col-xs-12\">\n<p><strong>Mara G\u00f3mez,<\/strong>\u00a0de 22 a\u00f1os, se convirti\u00f3 en la primera jugadora trans que participar\u00e1 del\u00a0<strong>Torneo <a href=\"https:\/\/diariofemenino.com.ar\/presentan-libro-sobre-la-historia-del-futbol-femenino\/\">Femenino<\/a> de Primera Divisi\u00f3n de la AFA<\/strong>\u00a0al ser incorporada por\u00a0<strong>Villa San Carlos,<\/strong>\u00a0club que pelea por la permanencia en la m\u00e1xima categor\u00eda en esta temporada.<\/p>\n<figure id=\"attachment_44936\" aria-describedby=\"caption-attachment-44936\" style=\"width: 900px\" class=\"wp-caption alignnone\"><img loading=\"lazy\" decoding=\"async\" class=\"wp-image-44936 size-large\" src=\"https:\/\/diariofemenino.com.ar\/df\/wp-content\/uploads\/2020\/01\/0037288591-1024x575.jpg\" alt=\"Mara G\u00f3mez es la primera jugadora trans de la AFA\" width=\"900\" height=\"505\" srcset=\"https:\/\/diariofemenino.com.ar\/df\/wp-content\/uploads\/2020\/01\/0037288591-1024x575.jpg 1024w, https:\/\/diariofemenino.com.ar\/df\/wp-content\/uploads\/2020\/01\/0037288591-300x168.jpg 300w, https:\/\/diariofemenino.com.ar\/df\/wp-content\/uploads\/2020\/01\/0037288591-768x431.jpg 768w, https:\/\/diariofemenino.com.ar\/df\/wp-content\/uploads\/2020\/01\/0037288591.jpg 1140w\" sizes=\"auto, (max-width: 900px) 100vw, 900px\" \/><figcaption id=\"caption-attachment-44936\" class=\"wp-caption-text\">Mara G\u00f3mez es la primera jugadora trans de la AFA\u00a0<span style=\"font-size: 16px;\">Foto: Villa San Carlos<\/span><\/figcaption><\/figure>\n<div class=\"detail-body \">\n<article id=\"note-body\" class=\"note-body\" data-twitter-link=\"https:\/\/twitter.com\/intent\/tweet?url=https:\/\/www.minutouno.com\/c5075329&amp;v\u00eda=minutounocom&amp;related=MinutoUno&amp;text=\">\n<div class=\"row\">\n<div class=\"inside-note col-xs-12\">\n<div id=\"embed61_wrap\" class=\"embed_cont type_freetext no-epigrafe no-copyright\">\n<div id=\"embed61_content\" class=\"embed_content\">\n<div id=\"embed61_embed\">\n<div class=\"SandboxRoot env-bp-350\" data-twitter-event-id=\"0\">\n<div id=\"twitter-widget-0\" class=\"EmbeddedTweet EmbeddedTweet--cta js-clickToOpenTarget\" lang=\"es\" data-click-to-open-target=\"https:\/\/twitter.com\/vscffem\/status\/1214347788680601601\" data-iframe-title=\"Tweet de Twitter\" data-scribe=\"page:tweet\" data-twitter-event-id=\"1\">\n<div class=\"EmbeddedTweet-tweetContainer\">\n<div class=\"EmbeddedTweet-tweet\">\n<blockquote class=\"Tweet h-entry js-tweetIdInfo subject expanded\" cite=\"https:\/\/twitter.com\/vscffem\/status\/1214347788680601601\" data-tweet-id=\"1214347788680601601\" data-scribe=\"section:subject\">\n<div class=\"Tweet-header\"><a class=\"TweetAuthor-avatar  Identity-avatar u-linkBlend\" href=\"https:\/\/twitter.com\/vscffem\" data-scribe=\"element:user_link\" aria-label=\"Villa San Carlos Femenino (nombre de pantalla: vscffem)\"><img decoding=\"async\" class=\"Avatar\" src=\"https:\/\/pbs.twimg.com\/profile_images\/1213992907587248128\/OXxg11Nd_normal.jpg\" alt=\"\" data-scribe=\"element:avatar\" data-src-2x=\"https:\/\/pbs.twimg.com\/profile_images\/1213992907587248128\/OXxg11Nd_bigger.jpg\" data-src-1x=\"https:\/\/pbs.twimg.com\/profile_images\/1213992907587248128\/OXxg11Nd_normal.jpg\" \/><\/a><\/p>\n<div class=\"TweetAuthor js-inViewportScribingTarget\" data-scribe=\"component:author\">\n<div class=\"TweetAuthor-nameScreenNameContainer\"><span class=\"TweetAuthor-decoratedName\"><span class=\"TweetAuthor-name Identity-name customisable-highlight\" title=\"Villa San Carlos Femenino\" data-scribe=\"element:name\">Villa San Carlos Femenino<\/span><\/span><span class=\"TweetAuthor-screenName Identity-screenName\" dir=\"ltr\" title=\"@vscffem\" data-scribe=\"element:screen_name\">@vscffem<\/span><\/div>\n<\/div>\n<div class=\"Tweet-brand\">\n<div class=\"Icon Icon--twitter \" title=\"Ver en Twitter\" role=\"presentation\" aria-label=\"Ver en Twitter\"><\/div>\n<\/div>\n<\/div>\n<div class=\"Tweet-body e-entry-content\" data-scribe=\"component:tweet\">\n<div class=\"Tweet-target js-inViewportScribingTarget\"><\/div>\n<p class=\"Tweet-text e-entry-title\" dir=\"ltr\" lang=\"es\"><a class=\"PrettyLink hashtag customisable\" dir=\"ltr\" href=\"https:\/\/twitter.com\/hashtag\/Primera?src=hash\" rel=\"tag\" data-query-source=\"hashtag_click\" data-scribe=\"element:hashtag\"><span class=\"PrettyLink-prefix\">#<\/span><span class=\"PrettyLink-value\">Primera<\/span><\/a> <img decoding=\"async\" class=\"Emoji Emoji--forText\" title=\"Flag of Botswana\" draggable=\"false\" src=\"https:\/\/abs.twimg.com\/emoji\/v2\/72x72\/1f1e7-1f1fc.png\" alt=\"&#x1f1e7;&#x1f1fc;\" aria-label=\"Emoji: Flag of Botswana\" \/><img decoding=\"async\" class=\"Emoji Emoji--forText\" title=\"Bal\u00f3n de f\u00fatbol\" draggable=\"false\" src=\"https:\/\/abs.twimg.com\/emoji\/v2\/72x72\/26bd.png\" alt=\"&#x26bd;\" aria-label=\"Emoji: Bal\u00f3n de f\u00fatbol\" \/> | En el primer d\u00eda de pretemporada, las futbolistas Ludmila Angeli y Mara G\u00f3mez fueron presentadas con el plantel y entrenaron a la par del grupo. <a class=\"PrettyLink hashtag customisable\" dir=\"ltr\" href=\"https:\/\/twitter.com\/hashtag\/SomosVillaSanCarlos?src=hash\" rel=\"tag\" data-query-source=\"hashtag_click\" data-scribe=\"element:hashtag\"><span class=\"PrettyLink-prefix\">#<\/span><span class=\"PrettyLink-value\">SomosVillaSanCarlos<\/span><\/a><a class=\"PrettyLink hashtag customisable\" dir=\"ltr\" href=\"https:\/\/twitter.com\/hashtag\/VSCFem?src=hash\" rel=\"tag\" data-query-source=\"hashtag_click\" data-scribe=\"element:hashtag\"><span class=\"PrettyLink-prefix\">#<\/span><span class=\"PrettyLink-value\">VSCFem<\/span><\/a><\/p>\n<div class=\"Tweet-card\">\n<article class=\"MediaCard\n\n           customisable-border\" dir=\"ltr\" data-scribe=\"component:card\"><\/p>\n<div class=\"MediaCard-media\" data-scribe=\"element:photo\">\n<div class=\"MediaCard-widthConstraint js-cspForcedStyle\" data-style=\"max-width: 1200px\">\n<div class=\"MediaCard-mediaContainer js-cspForcedStyle MediaCard--roundedTop MediaCard--roundedBottom\" data-style=\"padding-bottom: 66.5000%\"><a class=\"MediaCard-mediaAsset NaturalImage\" href=\"https:\/\/twitter.com\/vscffem\/status\/1214347788680601601\/photo\/1\"><img loading=\"lazy\" decoding=\"async\" class=\"NaturalImage-image\" title=\"Ver imagen en Twitter\" src=\"https:\/\/pbs.twimg.com\/media\/ENo63xbWoAAYeGj?format=jpg&amp;name=small\" alt=\"Ver imagen en Twitter\" width=\"1200\" height=\"798\" data-image=\"https:\/\/pbs.twimg.com\/media\/ENo63xbWoAAYeGj\" data-image-format=\"jpg\" \/><\/a><\/div>\n<\/div>\n<\/div>\n<\/article>\n<\/div>\n<div class=\"TweetInfo\">\n<div class=\"tweet-InformationCircle\" data-scribe=\"element:notice\"><\/div>\n<\/div>\n<\/div>\n<\/blockquote>\n<\/div>\n<div class=\"CallToAction-icon\" data-scribe=\"element:conversation_icon\"><\/div>\n<\/div>\n<\/div>\n<div class=\"resize-sensor\">\n<div class=\"resize-sensor-expand\">\n<div>La entidad de Berisso sum\u00f3 a la delantera, que viene de destacarse en el club\u00a0<strong>Malvinas de la Liga Amateur Platense,<\/strong>\u00a0donde se consagr\u00f3 bicampeona y fue la m\u00e1xima artillera en los \u00faltimos dos torneos.<\/div>\n<\/div>\n<\/div>\n<\/div>\n<\/div>\n<\/div>\n<\/div>\n<p>G\u00f3mez tambi\u00e9n fue parte de la selecci\u00f3n de la Liga y jug\u00f3 tiempo atr\u00e1s en\u00a0<strong>Defensores de Cambaceres<\/strong>\u00a0y en el 2017 en el conjunto de la\u00a0<strong>UOCRA,<\/strong>\u00a0que participa de la Liga de Chascom\u00fas.<\/p>\n<p>Villa San Carlos es parte del principal torneo de la AFA y uno de los tres clubes de la regi\u00f3n que juega en la m\u00e1xima categor\u00eda, junto a\u00a0<strong>Estudiantes y Gimnasia.<\/strong><\/p>\n<p>En su primer d\u00eda de pretemporada, G\u00f3mez habl\u00f3 con la prensa y remarc\u00f3 que\u00a0<strong>\u00aben todos los clubes que jugu\u00e9 me trataron muy bien, todas somos parte del mismo trabajo y nunca me sent\u00ed excluida de ning\u00fan plantel\u00bb.<\/strong><\/p>\n<\/div>\n<\/div>\n<\/article>\n<\/div>\n<div class=\"banner-libre\">\n<div class=\"taboola0\">\n<div id=\"taboola-below-article-thumbnails0\" class=\" trc_related_container trc_spotlight_widget trc_in_iframe trc_elastic trc_elastic_thumbnails-a \" data-placement-name=\"Below Article Thumbnails First Article\">\n<div class=\"trc_rbox_container\">\n<div id=\"trc_wrapper_39074\" class=\"trc_rbox thumbnails-a trc-content-sponsored \">\n<div id=\"trc_header_39074\" class=\"trc_rbox_header trc_rbox_border_elm\">\n<div class=\"trc_header_ext\">\n<div class=\"logoDiv link-attribution \"><\/div>\n<\/div>\n<\/div>\n<\/div>\n<\/div>\n<\/div>\n<\/div>\n<\/div>\n<\/div>\n<\/div>\n<\/article>\n<\/div>\n<\/div>\n<\/section>\n<p><a href=\"https:\/\/diariofemenino.com.ar\/\">Diario Digital Femenino<\/a><\/p>\n","protected":false},"excerpt":{"rendered":"<p>Mara G\u00f3mez firm\u00f3 este martes como refuerzo de Villa San Carlos y se convertir\u00e1 en la primera jugadora trans en participar del torneo femenino profesional organizado por la Asociaci\u00f3n del F\u00fatbol Argentino (AFA). La futbolista de 22 a\u00f1os, que viene de ser goleadora los \u00faltimos dos torneos de la Liga Amateur de La Plata en [&hellip;]<\/p>\n","protected":false},"author":4,"featured_media":44935,"comment_status":"open","ping_status":"open","sticky":false,"template":"","format":"standard","meta":{"iawp_total_views":3,"footnotes":""},"categories":[7,1067],"tags":[637,2637,2636],"class_list":["post-44934","post","type-post","status-publish","format-standard","has-post-thumbnail","hentry","category-actividades","category-agenda-feminista","tag-afa","tag-futbol-femenino-profesional","tag-mara-gomez"],"nelio_content":{"autoShareEndMode":"never","automationSources":{"useCustomSentences":false,"customSentences":[]},"efiAlt":"","efiUrl":"","followers":[4],"highlights":[],"isAutoShareEnabled":true,"networkImageIds":[],"permalinkQueryArgs":[],"series":[],"suggestedReferences":[]},"yoast_head":"<!-- This site is optimized with the Yoast SEO plugin v27.5 - https:\/\/yoast.com\/product\/yoast-seo-wordpress\/ -->\n<title>Mara G\u00f3mez es la primera jugadora trans de la AFA - Diario Digital Femenino<\/title>\n<meta name=\"description\" content=\"Mara G\u00f3mez es la primera jugadora trans de la AFA. Firm\u00f3 el martes como refuerzo de Villa San Carlos y es la primera jugadora trans profesional\" \/>\n<meta name=\"robots\" content=\"index, follow, max-snippet:-1, max-image-preview:large, max-video-preview:-1\" \/>\n<link rel=\"canonical\" href=\"https:\/\/diariofemenino.com.ar\/df\/mara-gomez-es-la-primera-jugadora-trans-de-la-afa\/\" \/>\n<meta property=\"og:locale\" content=\"es_ES\" \/>\n<meta property=\"og:type\" content=\"article\" \/>\n<meta property=\"og:title\" content=\"Mara G\u00f3mez es la primera jugadora trans de la AFA - Diario Digital Femenino\" \/>\n<meta property=\"og:description\" content=\"Mara G\u00f3mez es la primera jugadora trans de la AFA. Firm\u00f3 el martes como refuerzo de Villa San Carlos y es la primera jugadora trans profesional\" \/>\n<meta property=\"og:url\" content=\"https:\/\/diariofemenino.com.ar\/df\/mara-gomez-es-la-primera-jugadora-trans-de-la-afa\/\" \/>\n<meta property=\"og:site_name\" content=\"Diario Digital Femenino\" \/>\n<meta property=\"article:publisher\" content=\"https:\/\/www.facebook.com\/DiarioDigitaFemenino\/\" \/>\n<meta property=\"article:published_time\" content=\"2020-01-08T12:44:07+00:00\" \/>\n<meta property=\"og:image\" content=\"https:\/\/diariofemenino.com.ar\/df\/wp-content\/uploads\/2020\/01\/157843276163807d11641-e1578448550673.jpg\" \/>\n\t<meta property=\"og:image:width\" content=\"696\" \/>\n\t<meta property=\"og:image:height\" content=\"376\" \/>\n\t<meta property=\"og:image:type\" content=\"image\/jpeg\" \/>\n<meta name=\"author\" content=\"Admin\" \/>\n<meta name=\"twitter:card\" content=\"summary_large_image\" \/>\n<meta name=\"twitter:creator\" content=\"@DiarioFemenino1\" \/>\n<meta name=\"twitter:site\" content=\"@DiarioFemenino1\" \/>\n<meta name=\"twitter:label1\" content=\"Escrito por\" \/>\n\t<meta name=\"twitter:data1\" content=\"Admin\" \/>\n\t<meta name=\"twitter:label2\" content=\"Tiempo de lectura\" \/>\n\t<meta name=\"twitter:data2\" content=\"2 minutos\" \/>\n<script type=\"application\/ld+json\" class=\"yoast-schema-graph\">{\"@context\":\"https:\\\/\\\/schema.org\",\"@graph\":[{\"@type\":\"Article\",\"@id\":\"https:\\\/\\\/diariofemenino.com.ar\\\/df\\\/mara-gomez-es-la-primera-jugadora-trans-de-la-afa\\\/#article\",\"isPartOf\":{\"@id\":\"https:\\\/\\\/diariofemenino.com.ar\\\/df\\\/mara-gomez-es-la-primera-jugadora-trans-de-la-afa\\\/\"},\"author\":{\"name\":\"Admin\",\"@id\":\"https:\\\/\\\/diariofemenino.com.ar\\\/df\\\/#\\\/schema\\\/person\\\/bf6199e8158c657ea6f789b11ec85509\"},\"headline\":\"Mara G\u00f3mez es la primera jugadora trans de la AFA\",\"datePublished\":\"2020-01-08T12:44:07+00:00\",\"mainEntityOfPage\":{\"@id\":\"https:\\\/\\\/diariofemenino.com.ar\\\/df\\\/mara-gomez-es-la-primera-jugadora-trans-de-la-afa\\\/\"},\"wordCount\":507,\"commentCount\":0,\"publisher\":{\"@id\":\"https:\\\/\\\/diariofemenino.com.ar\\\/df\\\/#organization\"},\"image\":{\"@id\":\"https:\\\/\\\/diariofemenino.com.ar\\\/df\\\/mara-gomez-es-la-primera-jugadora-trans-de-la-afa\\\/#primaryimage\"},\"thumbnailUrl\":\"https:\\\/\\\/diariofemenino.com.ar\\\/df\\\/wp-content\\\/uploads\\\/2020\\\/01\\\/157843276163807d11641-e1578448550673.jpg\",\"keywords\":[\"AFA\",\"F\u00fatbol femenino profesional\",\"Mara G\u00f3mez\"],\"articleSection\":[\"Actividades\",\"Agenda Feminista\"],\"inLanguage\":\"es\",\"potentialAction\":[{\"@type\":\"CommentAction\",\"name\":\"Comment\",\"target\":[\"https:\\\/\\\/diariofemenino.com.ar\\\/df\\\/mara-gomez-es-la-primera-jugadora-trans-de-la-afa\\\/#respond\"]}]},{\"@type\":\"WebPage\",\"@id\":\"https:\\\/\\\/diariofemenino.com.ar\\\/df\\\/mara-gomez-es-la-primera-jugadora-trans-de-la-afa\\\/\",\"url\":\"https:\\\/\\\/diariofemenino.com.ar\\\/df\\\/mara-gomez-es-la-primera-jugadora-trans-de-la-afa\\\/\",\"name\":\"Mara G\u00f3mez es la primera jugadora trans de la AFA - Diario Digital Femenino\",\"isPartOf\":{\"@id\":\"https:\\\/\\\/diariofemenino.com.ar\\\/df\\\/#website\"},\"primaryImageOfPage\":{\"@id\":\"https:\\\/\\\/diariofemenino.com.ar\\\/df\\\/mara-gomez-es-la-primera-jugadora-trans-de-la-afa\\\/#primaryimage\"},\"image\":{\"@id\":\"https:\\\/\\\/diariofemenino.com.ar\\\/df\\\/mara-gomez-es-la-primera-jugadora-trans-de-la-afa\\\/#primaryimage\"},\"thumbnailUrl\":\"https:\\\/\\\/diariofemenino.com.ar\\\/df\\\/wp-content\\\/uploads\\\/2020\\\/01\\\/157843276163807d11641-e1578448550673.jpg\",\"datePublished\":\"2020-01-08T12:44:07+00:00\",\"description\":\"Mara G\u00f3mez es la primera jugadora trans de la AFA. Firm\u00f3 el martes como refuerzo de Villa San Carlos y es la primera jugadora trans profesional\",\"breadcrumb\":{\"@id\":\"https:\\\/\\\/diariofemenino.com.ar\\\/df\\\/mara-gomez-es-la-primera-jugadora-trans-de-la-afa\\\/#breadcrumb\"},\"inLanguage\":\"es\",\"potentialAction\":[{\"@type\":\"ReadAction\",\"target\":[\"https:\\\/\\\/diariofemenino.com.ar\\\/df\\\/mara-gomez-es-la-primera-jugadora-trans-de-la-afa\\\/\"]}]},{\"@type\":\"ImageObject\",\"inLanguage\":\"es\",\"@id\":\"https:\\\/\\\/diariofemenino.com.ar\\\/df\\\/mara-gomez-es-la-primera-jugadora-trans-de-la-afa\\\/#primaryimage\",\"url\":\"https:\\\/\\\/diariofemenino.com.ar\\\/df\\\/wp-content\\\/uploads\\\/2020\\\/01\\\/157843276163807d11641-e1578448550673.jpg\",\"contentUrl\":\"https:\\\/\\\/diariofemenino.com.ar\\\/df\\\/wp-content\\\/uploads\\\/2020\\\/01\\\/157843276163807d11641-e1578448550673.jpg\",\"width\":696,\"height\":376,\"caption\":\"Mara G\u00f3mez es la primera jugadora trans de la AFA\"},{\"@type\":\"BreadcrumbList\",\"@id\":\"https:\\\/\\\/diariofemenino.com.ar\\\/df\\\/mara-gomez-es-la-primera-jugadora-trans-de-la-afa\\\/#breadcrumb\",\"itemListElement\":[{\"@type\":\"ListItem\",\"position\":1,\"name\":\"Portada\",\"item\":\"https:\\\/\\\/diariofemenino.com.ar\\\/df\\\/\"},{\"@type\":\"ListItem\",\"position\":2,\"name\":\"Mara G\u00f3mez es la primera jugadora trans de la AFA\"}]},{\"@type\":\"WebSite\",\"@id\":\"https:\\\/\\\/diariofemenino.com.ar\\\/df\\\/#website\",\"url\":\"https:\\\/\\\/diariofemenino.com.ar\\\/df\\\/\",\"name\":\"Diario Digital Femenino\",\"description\":\"Cuesti\u00f3n de G\u00e9nero\",\"publisher\":{\"@id\":\"https:\\\/\\\/diariofemenino.com.ar\\\/df\\\/#organization\"},\"potentialAction\":[{\"@type\":\"SearchAction\",\"target\":{\"@type\":\"EntryPoint\",\"urlTemplate\":\"https:\\\/\\\/diariofemenino.com.ar\\\/df\\\/?s={search_term_string}\"},\"query-input\":{\"@type\":\"PropertyValueSpecification\",\"valueRequired\":true,\"valueName\":\"search_term_string\"}}],\"inLanguage\":\"es\"},{\"@type\":\"Organization\",\"@id\":\"https:\\\/\\\/diariofemenino.com.ar\\\/df\\\/#organization\",\"name\":\"Diario Femenino\",\"url\":\"https:\\\/\\\/diariofemenino.com.ar\\\/df\\\/\",\"logo\":{\"@type\":\"ImageObject\",\"inLanguage\":\"es\",\"@id\":\"https:\\\/\\\/diariofemenino.com.ar\\\/df\\\/#\\\/schema\\\/logo\\\/image\\\/\",\"url\":\"https:\\\/\\\/diariofemenino.com.ar\\\/df\\\/wp-content\\\/uploads\\\/2018\\\/10\\\/logo.png\",\"contentUrl\":\"https:\\\/\\\/diariofemenino.com.ar\\\/df\\\/wp-content\\\/uploads\\\/2018\\\/10\\\/logo.png\",\"width\":500,\"height\":92,\"caption\":\"Diario Femenino\"},\"image\":{\"@id\":\"https:\\\/\\\/diariofemenino.com.ar\\\/df\\\/#\\\/schema\\\/logo\\\/image\\\/\"},\"sameAs\":[\"https:\\\/\\\/www.facebook.com\\\/DiarioDigitaFemenino\\\/\",\"https:\\\/\\\/x.com\\\/DiarioFemenino1\"]},{\"@type\":\"Person\",\"@id\":\"https:\\\/\\\/diariofemenino.com.ar\\\/df\\\/#\\\/schema\\\/person\\\/bf6199e8158c657ea6f789b11ec85509\",\"name\":\"Admin\",\"image\":{\"@type\":\"ImageObject\",\"inLanguage\":\"es\",\"@id\":\"https:\\\/\\\/diariofemenino.com.ar\\\/df\\\/wp-content\\\/uploads\\\/2018\\\/12\\\/favicon-150x150.jpg\",\"url\":\"https:\\\/\\\/diariofemenino.com.ar\\\/df\\\/wp-content\\\/uploads\\\/2018\\\/12\\\/favicon-150x150.jpg\",\"contentUrl\":\"https:\\\/\\\/diariofemenino.com.ar\\\/df\\\/wp-content\\\/uploads\\\/2018\\\/12\\\/favicon-150x150.jpg\",\"caption\":\"Admin\"},\"url\":\"https:\\\/\\\/diariofemenino.com.ar\\\/df\\\/author\\\/lenny\\\/\"}]}<\/script>\n<!-- \/ Yoast SEO plugin. -->","yoast_head_json":{"title":"Mara G\u00f3mez es la primera jugadora trans de la AFA - Diario Digital Femenino","description":"Mara G\u00f3mez es la primera jugadora trans de la AFA. Firm\u00f3 el martes como refuerzo de Villa San Carlos y es la primera jugadora trans profesional","robots":{"index":"index","follow":"follow","max-snippet":"max-snippet:-1","max-image-preview":"max-image-preview:large","max-video-preview":"max-video-preview:-1"},"canonical":"https:\/\/diariofemenino.com.ar\/df\/mara-gomez-es-la-primera-jugadora-trans-de-la-afa\/","og_locale":"es_ES","og_type":"article","og_title":"Mara G\u00f3mez es la primera jugadora trans de la AFA - Diario Digital Femenino","og_description":"Mara G\u00f3mez es la primera jugadora trans de la AFA. Firm\u00f3 el martes como refuerzo de Villa San Carlos y es la primera jugadora trans profesional","og_url":"https:\/\/diariofemenino.com.ar\/df\/mara-gomez-es-la-primera-jugadora-trans-de-la-afa\/","og_site_name":"Diario Digital Femenino","article_publisher":"https:\/\/www.facebook.com\/DiarioDigitaFemenino\/","article_published_time":"2020-01-08T12:44:07+00:00","og_image":[{"width":696,"height":376,"url":"https:\/\/diariofemenino.com.ar\/df\/wp-content\/uploads\/2020\/01\/157843276163807d11641-e1578448550673.jpg","type":"image\/jpeg"}],"author":"Admin","twitter_card":"summary_large_image","twitter_creator":"@DiarioFemenino1","twitter_site":"@DiarioFemenino1","twitter_misc":{"Escrito por":"Admin","Tiempo de lectura":"2 minutos"},"schema":{"@context":"https:\/\/schema.org","@graph":[{"@type":"Article","@id":"https:\/\/diariofemenino.com.ar\/df\/mara-gomez-es-la-primera-jugadora-trans-de-la-afa\/#article","isPartOf":{"@id":"https:\/\/diariofemenino.com.ar\/df\/mara-gomez-es-la-primera-jugadora-trans-de-la-afa\/"},"author":{"name":"Admin","@id":"https:\/\/diariofemenino.com.ar\/df\/#\/schema\/person\/bf6199e8158c657ea6f789b11ec85509"},"headline":"Mara G\u00f3mez es la primera jugadora trans de la AFA","datePublished":"2020-01-08T12:44:07+00:00","mainEntityOfPage":{"@id":"https:\/\/diariofemenino.com.ar\/df\/mara-gomez-es-la-primera-jugadora-trans-de-la-afa\/"},"wordCount":507,"commentCount":0,"publisher":{"@id":"https:\/\/diariofemenino.com.ar\/df\/#organization"},"image":{"@id":"https:\/\/diariofemenino.com.ar\/df\/mara-gomez-es-la-primera-jugadora-trans-de-la-afa\/#primaryimage"},"thumbnailUrl":"https:\/\/diariofemenino.com.ar\/df\/wp-content\/uploads\/2020\/01\/157843276163807d11641-e1578448550673.jpg","keywords":["AFA","F\u00fatbol femenino profesional","Mara G\u00f3mez"],"articleSection":["Actividades","Agenda Feminista"],"inLanguage":"es","potentialAction":[{"@type":"CommentAction","name":"Comment","target":["https:\/\/diariofemenino.com.ar\/df\/mara-gomez-es-la-primera-jugadora-trans-de-la-afa\/#respond"]}]},{"@type":"WebPage","@id":"https:\/\/diariofemenino.com.ar\/df\/mara-gomez-es-la-primera-jugadora-trans-de-la-afa\/","url":"https:\/\/diariofemenino.com.ar\/df\/mara-gomez-es-la-primera-jugadora-trans-de-la-afa\/","name":"Mara G\u00f3mez es la primera jugadora trans de la AFA - Diario Digital Femenino","isPartOf":{"@id":"https:\/\/diariofemenino.com.ar\/df\/#website"},"primaryImageOfPage":{"@id":"https:\/\/diariofemenino.com.ar\/df\/mara-gomez-es-la-primera-jugadora-trans-de-la-afa\/#primaryimage"},"image":{"@id":"https:\/\/diariofemenino.com.ar\/df\/mara-gomez-es-la-primera-jugadora-trans-de-la-afa\/#primaryimage"},"thumbnailUrl":"https:\/\/diariofemenino.com.ar\/df\/wp-content\/uploads\/2020\/01\/157843276163807d11641-e1578448550673.jpg","datePublished":"2020-01-08T12:44:07+00:00","description":"Mara G\u00f3mez es la primera jugadora trans de la AFA. Firm\u00f3 el martes como refuerzo de Villa San Carlos y es la primera jugadora trans profesional","breadcrumb":{"@id":"https:\/\/diariofemenino.com.ar\/df\/mara-gomez-es-la-primera-jugadora-trans-de-la-afa\/#breadcrumb"},"inLanguage":"es","potentialAction":[{"@type":"ReadAction","target":["https:\/\/diariofemenino.com.ar\/df\/mara-gomez-es-la-primera-jugadora-trans-de-la-afa\/"]}]},{"@type":"ImageObject","inLanguage":"es","@id":"https:\/\/diariofemenino.com.ar\/df\/mara-gomez-es-la-primera-jugadora-trans-de-la-afa\/#primaryimage","url":"https:\/\/diariofemenino.com.ar\/df\/wp-content\/uploads\/2020\/01\/157843276163807d11641-e1578448550673.jpg","contentUrl":"https:\/\/diariofemenino.com.ar\/df\/wp-content\/uploads\/2020\/01\/157843276163807d11641-e1578448550673.jpg","width":696,"height":376,"caption":"Mara G\u00f3mez es la primera jugadora trans de la AFA"},{"@type":"BreadcrumbList","@id":"https:\/\/diariofemenino.com.ar\/df\/mara-gomez-es-la-primera-jugadora-trans-de-la-afa\/#breadcrumb","itemListElement":[{"@type":"ListItem","position":1,"name":"Portada","item":"https:\/\/diariofemenino.com.ar\/df\/"},{"@type":"ListItem","position":2,"name":"Mara G\u00f3mez es la primera jugadora trans de la AFA"}]},{"@type":"WebSite","@id":"https:\/\/diariofemenino.com.ar\/df\/#website","url":"https:\/\/diariofemenino.com.ar\/df\/","name":"Diario Digital Femenino","description":"Cuesti\u00f3n de G\u00e9nero","publisher":{"@id":"https:\/\/diariofemenino.com.ar\/df\/#organization"},"potentialAction":[{"@type":"SearchAction","target":{"@type":"EntryPoint","urlTemplate":"https:\/\/diariofemenino.com.ar\/df\/?s={search_term_string}"},"query-input":{"@type":"PropertyValueSpecification","valueRequired":true,"valueName":"search_term_string"}}],"inLanguage":"es"},{"@type":"Organization","@id":"https:\/\/diariofemenino.com.ar\/df\/#organization","name":"Diario Femenino","url":"https:\/\/diariofemenino.com.ar\/df\/","logo":{"@type":"ImageObject","inLanguage":"es","@id":"https:\/\/diariofemenino.com.ar\/df\/#\/schema\/logo\/image\/","url":"https:\/\/diariofemenino.com.ar\/df\/wp-content\/uploads\/2018\/10\/logo.png","contentUrl":"https:\/\/diariofemenino.com.ar\/df\/wp-content\/uploads\/2018\/10\/logo.png","width":500,"height":92,"caption":"Diario Femenino"},"image":{"@id":"https:\/\/diariofemenino.com.ar\/df\/#\/schema\/logo\/image\/"},"sameAs":["https:\/\/www.facebook.com\/DiarioDigitaFemenino\/","https:\/\/x.com\/DiarioFemenino1"]},{"@type":"Person","@id":"https:\/\/diariofemenino.com.ar\/df\/#\/schema\/person\/bf6199e8158c657ea6f789b11ec85509","name":"Admin","image":{"@type":"ImageObject","inLanguage":"es","@id":"https:\/\/diariofemenino.com.ar\/df\/wp-content\/uploads\/2018\/12\/favicon-150x150.jpg","url":"https:\/\/diariofemenino.com.ar\/df\/wp-content\/uploads\/2018\/12\/favicon-150x150.jpg","contentUrl":"https:\/\/diariofemenino.com.ar\/df\/wp-content\/uploads\/2018\/12\/favicon-150x150.jpg","caption":"Admin"},"url":"https:\/\/diariofemenino.com.ar\/df\/author\/lenny\/"}]}},"jetpack_featured_media_url":"https:\/\/diariofemenino.com.ar\/df\/wp-content\/uploads\/2020\/01\/157843276163807d11641-e1578448550673.jpg","jetpack_sharing_enabled":true,"rttpg_featured_image_url":{"full":["https:\/\/diariofemenino.com.ar\/df\/wp-content\/uploads\/2020\/01\/157843276163807d11641-e1578448550673.jpg",696,376,false],"landscape":["https:\/\/diariofemenino.com.ar\/df\/wp-content\/uploads\/2020\/01\/157843276163807d11641-e1578448550673.jpg",696,376,false],"portraits":["https:\/\/diariofemenino.com.ar\/df\/wp-content\/uploads\/2020\/01\/157843276163807d11641-e1578448550673.jpg",696,376,false],"thumbnail":["https:\/\/diariofemenino.com.ar\/df\/wp-content\/uploads\/2020\/01\/157843276163807d11641-e1578448550673-150x150.jpg",150,150,true],"medium":["https:\/\/diariofemenino.com.ar\/df\/wp-content\/uploads\/2020\/01\/157843276163807d11641-e1578448550673-300x162.jpg",300,162,true],"large":["https:\/\/diariofemenino.com.ar\/df\/wp-content\/uploads\/2020\/01\/157843276163807d11641-e1578448550673.jpg",696,376,false],"1536x1536":["https:\/\/diariofemenino.com.ar\/df\/wp-content\/uploads\/2020\/01\/157843276163807d11641-e1578448550673.jpg",696,376,false],"2048x2048":["https:\/\/diariofemenino.com.ar\/df\/wp-content\/uploads\/2020\/01\/157843276163807d11641-e1578448550673.jpg",696,376,false]},"rttpg_author":{"display_name":"Admin","author_link":"https:\/\/diariofemenino.com.ar\/df\/author\/lenny\/"},"rttpg_comment":0,"rttpg_category":"<a href=\"https:\/\/diariofemenino.com.ar\/df\/category\/actividades\/\" rel=\"category tag\">Actividades<\/a> <a href=\"https:\/\/diariofemenino.com.ar\/df\/category\/agenda-feminista\/\" rel=\"category tag\">Agenda Feminista<\/a>","rttpg_excerpt":"Mara G\u00f3mez firm\u00f3 este martes como refuerzo de Villa San Carlos y se convertir\u00e1 en la primera jugadora trans en participar del torneo femenino profesional organizado por la Asociaci\u00f3n del F\u00fatbol Argentino (AFA). La futbolista de 22 a\u00f1os, que viene de ser goleadora los \u00faltimos dos torneos de la Liga Amateur de La Plata en&hellip;","_links":{"self":[{"href":"https:\/\/diariofemenino.com.ar\/df\/wp-json\/wp\/v2\/posts\/44934","targetHints":{"allow":["GET"]}}],"collection":[{"href":"https:\/\/diariofemenino.com.ar\/df\/wp-json\/wp\/v2\/posts"}],"about":[{"href":"https:\/\/diariofemenino.com.ar\/df\/wp-json\/wp\/v2\/types\/post"}],"author":[{"embeddable":true,"href":"https:\/\/diariofemenino.com.ar\/df\/wp-json\/wp\/v2\/users\/4"}],"replies":[{"embeddable":true,"href":"https:\/\/diariofemenino.com.ar\/df\/wp-json\/wp\/v2\/comments?post=44934"}],"version-history":[{"count":0,"href":"https:\/\/diariofemenino.com.ar\/df\/wp-json\/wp\/v2\/posts\/44934\/revisions"}],"wp:featuredmedia":[{"embeddable":true,"href":"https:\/\/diariofemenino.com.ar\/df\/wp-json\/wp\/v2\/media\/44935"}],"wp:attachment":[{"href":"https:\/\/diariofemenino.com.ar\/df\/wp-json\/wp\/v2\/media?parent=44934"}],"wp:term":[{"taxonomy":"category","embeddable":true,"href":"https:\/\/diariofemenino.com.ar\/df\/wp-json\/wp\/v2\/categories?post=44934"},{"taxonomy":"post_tag","embeddable":true,"href":"https:\/\/diariofemenino.com.ar\/df\/wp-json\/wp\/v2\/tags?post=44934"}],"curies":[{"name":"wp","href":"https:\/\/api.w.org\/{rel}","templated":true}]}}