{"id":44929,"date":"2020-01-08T09:14:19","date_gmt":"2020-01-08T12:14:19","guid":{"rendered":"https:\/\/diariofemenino.com.ar\/?p=44929"},"modified":"2020-01-08T09:14:19","modified_gmt":"2020-01-08T12:14:19","slug":"mercedes-dalessandro-nueva-directora-nacional-de-economia-y-genero","status":"publish","type":"post","link":"https:\/\/diariofemenino.com.ar\/df\/mercedes-dalessandro-nueva-directora-nacional-de-economia-y-genero\/","title":{"rendered":"Mercedes D\u2019Alessandro, nueva directora nacional de Econom\u00eda y G\u00e9nero"},"content":{"rendered":"<p><em>La economista se sum\u00f3 al equipo del <a href=\"https:\/\/www.argentina.gob.ar\/economia\">ministro<\/a> Mart\u00edn Guzm\u00e1n y fue designada para encabezar la Direcci\u00f3n de Econom\u00eda y G\u00e9nero. La flamante funcionaria asegura que \u201cla pobreza es sexista\u201d y que la desigualdad se expresa fuertemente en t\u00e9rminos de g\u00e9nero: \u201cSon las <a href=\"https:\/\/diariofemenino.com.ar\/informe-de-las-desigualdades-de-genero-en-la-economia-argentina\/\">mujeres<\/a>, travestis y trans quienes padecen las peores condiciones de empleo y obtienen menores ingresos\u201d.<\/em><\/p>\n<p>La nueva directora de Econom\u00eda y G\u00e9nero puntualiz\u00f3 en algunos n\u00fameros, basados en datos que se desprenden del Instituto Nacional de Estad\u00edsticas y Censos (INDEC):<\/p>\n<ul>\n<li>Las mujeres tienen menor nivel de actividad econ\u00f3mica (48%) que los varones (71%), dado que las tareas del hogar compiten con el trabajo por un salario.<\/li>\n<li>Realizan el 76% de las tareas dom\u00e9sticas y de cuidados no remunerados, con un promedio de 6,4 horas diarias<\/li>\n<li>Ganan menos que sus pares, la brecha salarial es del 28%<\/li>\n<li>Las mujeres menores de 29 a\u00f1os superan el 23% de desempleo (m\u00e1s del doble que el desempleo promedio)<\/li>\n<li>Entre los j\u00f3venes mal llamados \u00abNi-Ni\u00bb (ni trabajan, ni estudian) m\u00e1s del 65% son mujeres madres<\/li>\n<li>S\u00f3lo 2 de cada 10 trabajadores de la industria (sector que ofrece mejores condiciones de empleo y salarios) son mujeres<\/li>\n<\/ul>\n<p>En este sentido, D\u2019Alessandro puntualiz\u00f3: \u201cEntendemos que as\u00ed como es falso que la riqueza derrama desde las capas m\u00e1s altas hacia las m\u00e1s bajas de manera autom\u00e1tica, tambi\u00e9n es falso que se cierran brechas de desigualdad sin adecuar los instrumentos de pol\u00edtica\u201d. Asimismo, asever\u00f3 que la creaci\u00f3n de dicha direcci\u00f3n, bajo el ala del Ministerio de Econom\u00eda, busca sentar las bases para reformas estructurales que rompan con patrones establecidos que realimentan la desigualdad.<\/p>\n<p>Algunas de las funciones de la Direcci\u00f3n de Econom\u00eda y G\u00e9nero ser\u00e1n:<\/p>\n<ul>\n<li>Contribuir a que la programaci\u00f3n econ\u00f3mica sea orientada por el principio de reducir brechas en la redistribuci\u00f3n de ingresos y riqueza social.<\/li>\n<li>Contribuir a transformar las herramientas de comprensi\u00f3n, medici\u00f3n, an\u00e1lisis y dise\u00f1o de pol\u00edtica econ\u00f3mica de modo que tengan un entendimiento m\u00e1s amplio del trabajo, incluyendo aquellos trabajos que no forman parte hoy de las estad\u00edsticas oficiales pero sostienen el entramado productivo.<\/li>\n<li>Trabajar de manera coordinada con los equipos del INDEC en un sistema de indicadores econ\u00f3micos que permitan diagnosticar de manera acabada la situaci\u00f3n de las mujeres<\/li>\n<li>Identificar aquellas \u00e1reas en las que la participaci\u00f3n econ\u00f3mica de las mujeres est\u00e9 estancada y generar herramientas para sortear estos obst\u00e1culos.<\/li>\n<\/ul>\n<p>ACERCA DE MERCEDES D\u2019ALESSANDRO<\/p>\n<p>Naci\u00f3 en la ciudad de Posadas, se doctor\u00f3 en Econom\u00eda en la Universidad de Buenos Aires y durante m\u00e1s de quince a\u00f1os dio clases all\u00ed, principalmente en el campo de la Epistemolog\u00eda de la Econom\u00eda. Tambi\u00e9n fue directora de la carrera de Econom\u00eda Pol\u00edtica de la Universidad Nacional de General Sarmiento.<\/p>\n<p>En 2016 public\u00f3 el libro \u201cEconom\u00eda feminista. C\u00f3mo construir una sociedad igualitaria (sin perder el glamour)\u201d y particip\u00f3 en otro titulado \u201c\u00bfEl futuro es feminista?\u201d. En 2018 fue elegida como una de las intelectuales con mayor relevancia en Iberoam\u00e9rica por Fundaci\u00f3n Avina as\u00ed como tambi\u00e9n L\u2019\u00d3real Paris la seleccion\u00f3 para una muestra de fotos de las mujeres argentinas m\u00e1s inspiradoras en los \u00faltimos a\u00f1os. Asimismo, forma parte de la Red de Innovaci\u00f3n pol\u00edtica en Latinoam\u00e9rica y del equipo de Activ\u00e1 el Congreso.<\/p>\n<figure style=\"width: 2000px\" class=\"wp-caption alignnone\"><img loading=\"lazy\" decoding=\"async\" src=\"https:\/\/www.argentina.gob.ar\/sites\/default\/files\/directora-nacional.econ-gen1-7_01.jpg\" alt=\"Mercedes D\u2019Alessandro, nueva directora nacional de Econom\u00eda y G\u00e9nero\" width=\"2000\" height=\"1335\" \/><figcaption class=\"wp-caption-text\">Mercedes D\u2019Alessandro, nueva directora nacional de Econom\u00eda y G\u00e9nero<\/figcaption><\/figure>\n<p><a href=\"https:\/\/www.argentina.gob.ar\/noticias\/mercedes-dalessandro-nueva-directora-nacional-de-economia-y-genero\">Gobierno Nacional\u00a0<\/a><\/p>\n<p><a href=\"https:\/\/diariofemenino.com.ar\/\">Diario Digital Femenino<\/a><\/p>\n","protected":false},"excerpt":{"rendered":"<p>La economista se sum\u00f3 al equipo del ministro Mart\u00edn Guzm\u00e1n y fue designada para encabezar la Direcci\u00f3n de Econom\u00eda y G\u00e9nero. La flamante funcionaria asegura que \u201cla pobreza es sexista\u201d y que la desigualdad se expresa fuertemente en t\u00e9rminos de g\u00e9nero: \u201cSon las mujeres, travestis y trans quienes padecen las peores condiciones de empleo y [&hellip;]<\/p>\n","protected":false},"author":4,"featured_media":44930,"comment_status":"open","ping_status":"open","sticky":false,"template":"","format":"standard","meta":{"iawp_total_views":3,"footnotes":""},"categories":[1067,627,21],"tags":[150,2633,26,2635,1410,2634],"class_list":["post-44929","post","type-post","status-publish","format-standard","has-post-thumbnail","hentry","category-agenda-feminista","category-genero-y-derechos-humanos","category-noticias","tag-economia","tag-economia-y-genero","tag-feminismo","tag-martin-guzman","tag-mercedes-dalessandro","tag-ministerio-de-economia"],"nelio_content":{"autoShareEndMode":"never","automationSources":{"useCustomSentences":false,"customSentences":[]},"efiAlt":"","efiUrl":"","followers":[4],"highlights":[],"isAutoShareEnabled":true,"networkImageIds":[],"permalinkQueryArgs":[],"series":[],"suggestedReferences":[]},"yoast_head":"<!-- This site is optimized with the Yoast SEO plugin v27.5 - https:\/\/yoast.com\/product\/yoast-seo-wordpress\/ -->\n<title>Mercedes D\u2019Alessandro, nueva directora nacional de Econom\u00eda y G\u00e9nero - Diario Digital Femenino<\/title>\n<meta name=\"description\" content=\"Mercedes D\u2019Alessandro, nueva directora nacional de Econom\u00eda y G\u00e9nero. La economista se sum\u00f3 al equipo del ministro Mart\u00edn Guzm\u00e1n\" \/>\n<meta name=\"robots\" content=\"index, follow, max-snippet:-1, max-image-preview:large, max-video-preview:-1\" \/>\n<link rel=\"canonical\" href=\"https:\/\/diariofemenino.com.ar\/df\/mercedes-dalessandro-nueva-directora-nacional-de-economia-y-genero\/\" \/>\n<meta property=\"og:locale\" content=\"es_ES\" \/>\n<meta property=\"og:type\" content=\"article\" \/>\n<meta property=\"og:title\" content=\"Mercedes D\u2019Alessandro, nueva directora nacional de Econom\u00eda y G\u00e9nero - Diario Digital Femenino\" \/>\n<meta property=\"og:description\" content=\"Mercedes D\u2019Alessandro, nueva directora nacional de Econom\u00eda y G\u00e9nero. La economista se sum\u00f3 al equipo del ministro Mart\u00edn Guzm\u00e1n\" \/>\n<meta property=\"og:url\" content=\"https:\/\/diariofemenino.com.ar\/df\/mercedes-dalessandro-nueva-directora-nacional-de-economia-y-genero\/\" \/>\n<meta property=\"og:site_name\" content=\"Diario Digital Femenino\" \/>\n<meta property=\"article:publisher\" content=\"https:\/\/www.facebook.com\/DiarioDigitaFemenino\/\" \/>\n<meta property=\"article:published_time\" content=\"2020-01-08T12:14:19+00:00\" \/>\n<meta property=\"og:image\" content=\"https:\/\/diariofemenino.com.ar\/df\/wp-content\/uploads\/2020\/01\/3172390w1033.jpg\" \/>\n\t<meta property=\"og:image:width\" content=\"1033\" \/>\n\t<meta property=\"og:image:height\" content=\"688\" \/>\n\t<meta property=\"og:image:type\" content=\"image\/jpeg\" \/>\n<meta name=\"author\" content=\"Admin\" \/>\n<meta name=\"twitter:card\" content=\"summary_large_image\" \/>\n<meta name=\"twitter:creator\" content=\"@DiarioFemenino1\" \/>\n<meta name=\"twitter:site\" content=\"@DiarioFemenino1\" \/>\n<meta name=\"twitter:label1\" content=\"Escrito por\" \/>\n\t<meta name=\"twitter:data1\" content=\"Admin\" \/>\n\t<meta name=\"twitter:label2\" content=\"Tiempo de lectura\" \/>\n\t<meta name=\"twitter:data2\" content=\"3 minutos\" \/>\n<script type=\"application\/ld+json\" class=\"yoast-schema-graph\">{\"@context\":\"https:\\\/\\\/schema.org\",\"@graph\":[{\"@type\":\"Article\",\"@id\":\"https:\\\/\\\/diariofemenino.com.ar\\\/df\\\/mercedes-dalessandro-nueva-directora-nacional-de-economia-y-genero\\\/#article\",\"isPartOf\":{\"@id\":\"https:\\\/\\\/diariofemenino.com.ar\\\/df\\\/mercedes-dalessandro-nueva-directora-nacional-de-economia-y-genero\\\/\"},\"author\":{\"name\":\"Admin\",\"@id\":\"https:\\\/\\\/diariofemenino.com.ar\\\/df\\\/#\\\/schema\\\/person\\\/bf6199e8158c657ea6f789b11ec85509\"},\"headline\":\"Mercedes D\u2019Alessandro, nueva directora nacional de Econom\u00eda y G\u00e9nero\",\"datePublished\":\"2020-01-08T12:14:19+00:00\",\"mainEntityOfPage\":{\"@id\":\"https:\\\/\\\/diariofemenino.com.ar\\\/df\\\/mercedes-dalessandro-nueva-directora-nacional-de-economia-y-genero\\\/\"},\"wordCount\":615,\"commentCount\":0,\"publisher\":{\"@id\":\"https:\\\/\\\/diariofemenino.com.ar\\\/df\\\/#organization\"},\"image\":{\"@id\":\"https:\\\/\\\/diariofemenino.com.ar\\\/df\\\/mercedes-dalessandro-nueva-directora-nacional-de-economia-y-genero\\\/#primaryimage\"},\"thumbnailUrl\":\"https:\\\/\\\/diariofemenino.com.ar\\\/df\\\/wp-content\\\/uploads\\\/2020\\\/01\\\/3172390w1033.jpg\",\"keywords\":[\"Econom\u00eda\",\"Econom\u00eda y G\u00e9nero\",\"Feminismo\",\"Mart\u00edn Guzm\u00e1n\",\"Mercedes D\u00b4Alessandro\",\"Ministerio de Econom\u00eda\"],\"articleSection\":[\"Agenda Feminista\",\"G\u00e9nero y Derechos Humanos\",\"Noticias\"],\"inLanguage\":\"es\",\"potentialAction\":[{\"@type\":\"CommentAction\",\"name\":\"Comment\",\"target\":[\"https:\\\/\\\/diariofemenino.com.ar\\\/df\\\/mercedes-dalessandro-nueva-directora-nacional-de-economia-y-genero\\\/#respond\"]}]},{\"@type\":\"WebPage\",\"@id\":\"https:\\\/\\\/diariofemenino.com.ar\\\/df\\\/mercedes-dalessandro-nueva-directora-nacional-de-economia-y-genero\\\/\",\"url\":\"https:\\\/\\\/diariofemenino.com.ar\\\/df\\\/mercedes-dalessandro-nueva-directora-nacional-de-economia-y-genero\\\/\",\"name\":\"Mercedes D\u2019Alessandro, nueva directora nacional de Econom\u00eda y G\u00e9nero - Diario Digital Femenino\",\"isPartOf\":{\"@id\":\"https:\\\/\\\/diariofemenino.com.ar\\\/df\\\/#website\"},\"primaryImageOfPage\":{\"@id\":\"https:\\\/\\\/diariofemenino.com.ar\\\/df\\\/mercedes-dalessandro-nueva-directora-nacional-de-economia-y-genero\\\/#primaryimage\"},\"image\":{\"@id\":\"https:\\\/\\\/diariofemenino.com.ar\\\/df\\\/mercedes-dalessandro-nueva-directora-nacional-de-economia-y-genero\\\/#primaryimage\"},\"thumbnailUrl\":\"https:\\\/\\\/diariofemenino.com.ar\\\/df\\\/wp-content\\\/uploads\\\/2020\\\/01\\\/3172390w1033.jpg\",\"datePublished\":\"2020-01-08T12:14:19+00:00\",\"description\":\"Mercedes D\u2019Alessandro, nueva directora nacional de Econom\u00eda y G\u00e9nero. La economista se sum\u00f3 al equipo del ministro Mart\u00edn Guzm\u00e1n\",\"breadcrumb\":{\"@id\":\"https:\\\/\\\/diariofemenino.com.ar\\\/df\\\/mercedes-dalessandro-nueva-directora-nacional-de-economia-y-genero\\\/#breadcrumb\"},\"inLanguage\":\"es\",\"potentialAction\":[{\"@type\":\"ReadAction\",\"target\":[\"https:\\\/\\\/diariofemenino.com.ar\\\/df\\\/mercedes-dalessandro-nueva-directora-nacional-de-economia-y-genero\\\/\"]}]},{\"@type\":\"ImageObject\",\"inLanguage\":\"es\",\"@id\":\"https:\\\/\\\/diariofemenino.com.ar\\\/df\\\/mercedes-dalessandro-nueva-directora-nacional-de-economia-y-genero\\\/#primaryimage\",\"url\":\"https:\\\/\\\/diariofemenino.com.ar\\\/df\\\/wp-content\\\/uploads\\\/2020\\\/01\\\/3172390w1033.jpg\",\"contentUrl\":\"https:\\\/\\\/diariofemenino.com.ar\\\/df\\\/wp-content\\\/uploads\\\/2020\\\/01\\\/3172390w1033.jpg\",\"width\":1033,\"height\":688,\"caption\":\"Mercedes D\u2019Alessandro, nueva directora nacional de Econom\u00eda y G\u00e9nero\"},{\"@type\":\"BreadcrumbList\",\"@id\":\"https:\\\/\\\/diariofemenino.com.ar\\\/df\\\/mercedes-dalessandro-nueva-directora-nacional-de-economia-y-genero\\\/#breadcrumb\",\"itemListElement\":[{\"@type\":\"ListItem\",\"position\":1,\"name\":\"Portada\",\"item\":\"https:\\\/\\\/diariofemenino.com.ar\\\/df\\\/\"},{\"@type\":\"ListItem\",\"position\":2,\"name\":\"Mercedes D\u2019Alessandro, nueva directora nacional de Econom\u00eda y G\u00e9nero\"}]},{\"@type\":\"WebSite\",\"@id\":\"https:\\\/\\\/diariofemenino.com.ar\\\/df\\\/#website\",\"url\":\"https:\\\/\\\/diariofemenino.com.ar\\\/df\\\/\",\"name\":\"Diario Digital Femenino\",\"description\":\"Cuesti\u00f3n de G\u00e9nero\",\"publisher\":{\"@id\":\"https:\\\/\\\/diariofemenino.com.ar\\\/df\\\/#organization\"},\"potentialAction\":[{\"@type\":\"SearchAction\",\"target\":{\"@type\":\"EntryPoint\",\"urlTemplate\":\"https:\\\/\\\/diariofemenino.com.ar\\\/df\\\/?s={search_term_string}\"},\"query-input\":{\"@type\":\"PropertyValueSpecification\",\"valueRequired\":true,\"valueName\":\"search_term_string\"}}],\"inLanguage\":\"es\"},{\"@type\":\"Organization\",\"@id\":\"https:\\\/\\\/diariofemenino.com.ar\\\/df\\\/#organization\",\"name\":\"Diario Femenino\",\"url\":\"https:\\\/\\\/diariofemenino.com.ar\\\/df\\\/\",\"logo\":{\"@type\":\"ImageObject\",\"inLanguage\":\"es\",\"@id\":\"https:\\\/\\\/diariofemenino.com.ar\\\/df\\\/#\\\/schema\\\/logo\\\/image\\\/\",\"url\":\"https:\\\/\\\/diariofemenino.com.ar\\\/df\\\/wp-content\\\/uploads\\\/2018\\\/10\\\/logo.png\",\"contentUrl\":\"https:\\\/\\\/diariofemenino.com.ar\\\/df\\\/wp-content\\\/uploads\\\/2018\\\/10\\\/logo.png\",\"width\":500,\"height\":92,\"caption\":\"Diario Femenino\"},\"image\":{\"@id\":\"https:\\\/\\\/diariofemenino.com.ar\\\/df\\\/#\\\/schema\\\/logo\\\/image\\\/\"},\"sameAs\":[\"https:\\\/\\\/www.facebook.com\\\/DiarioDigitaFemenino\\\/\",\"https:\\\/\\\/x.com\\\/DiarioFemenino1\"]},{\"@type\":\"Person\",\"@id\":\"https:\\\/\\\/diariofemenino.com.ar\\\/df\\\/#\\\/schema\\\/person\\\/bf6199e8158c657ea6f789b11ec85509\",\"name\":\"Admin\",\"image\":{\"@type\":\"ImageObject\",\"inLanguage\":\"es\",\"@id\":\"https:\\\/\\\/diariofemenino.com.ar\\\/df\\\/wp-content\\\/uploads\\\/2018\\\/12\\\/favicon-150x150.jpg\",\"url\":\"https:\\\/\\\/diariofemenino.com.ar\\\/df\\\/wp-content\\\/uploads\\\/2018\\\/12\\\/favicon-150x150.jpg\",\"contentUrl\":\"https:\\\/\\\/diariofemenino.com.ar\\\/df\\\/wp-content\\\/uploads\\\/2018\\\/12\\\/favicon-150x150.jpg\",\"caption\":\"Admin\"},\"url\":\"https:\\\/\\\/diariofemenino.com.ar\\\/df\\\/author\\\/lenny\\\/\"}]}<\/script>\n<!-- \/ Yoast SEO plugin. -->","yoast_head_json":{"title":"Mercedes D\u2019Alessandro, nueva directora nacional de Econom\u00eda y G\u00e9nero - Diario Digital Femenino","description":"Mercedes D\u2019Alessandro, nueva directora nacional de Econom\u00eda y G\u00e9nero. La economista se sum\u00f3 al equipo del ministro Mart\u00edn Guzm\u00e1n","robots":{"index":"index","follow":"follow","max-snippet":"max-snippet:-1","max-image-preview":"max-image-preview:large","max-video-preview":"max-video-preview:-1"},"canonical":"https:\/\/diariofemenino.com.ar\/df\/mercedes-dalessandro-nueva-directora-nacional-de-economia-y-genero\/","og_locale":"es_ES","og_type":"article","og_title":"Mercedes D\u2019Alessandro, nueva directora nacional de Econom\u00eda y G\u00e9nero - Diario Digital Femenino","og_description":"Mercedes D\u2019Alessandro, nueva directora nacional de Econom\u00eda y G\u00e9nero. La economista se sum\u00f3 al equipo del ministro Mart\u00edn Guzm\u00e1n","og_url":"https:\/\/diariofemenino.com.ar\/df\/mercedes-dalessandro-nueva-directora-nacional-de-economia-y-genero\/","og_site_name":"Diario Digital Femenino","article_publisher":"https:\/\/www.facebook.com\/DiarioDigitaFemenino\/","article_published_time":"2020-01-08T12:14:19+00:00","og_image":[{"width":1033,"height":688,"url":"https:\/\/diariofemenino.com.ar\/df\/wp-content\/uploads\/2020\/01\/3172390w1033.jpg","type":"image\/jpeg"}],"author":"Admin","twitter_card":"summary_large_image","twitter_creator":"@DiarioFemenino1","twitter_site":"@DiarioFemenino1","twitter_misc":{"Escrito por":"Admin","Tiempo de lectura":"3 minutos"},"schema":{"@context":"https:\/\/schema.org","@graph":[{"@type":"Article","@id":"https:\/\/diariofemenino.com.ar\/df\/mercedes-dalessandro-nueva-directora-nacional-de-economia-y-genero\/#article","isPartOf":{"@id":"https:\/\/diariofemenino.com.ar\/df\/mercedes-dalessandro-nueva-directora-nacional-de-economia-y-genero\/"},"author":{"name":"Admin","@id":"https:\/\/diariofemenino.com.ar\/df\/#\/schema\/person\/bf6199e8158c657ea6f789b11ec85509"},"headline":"Mercedes D\u2019Alessandro, nueva directora nacional de Econom\u00eda y G\u00e9nero","datePublished":"2020-01-08T12:14:19+00:00","mainEntityOfPage":{"@id":"https:\/\/diariofemenino.com.ar\/df\/mercedes-dalessandro-nueva-directora-nacional-de-economia-y-genero\/"},"wordCount":615,"commentCount":0,"publisher":{"@id":"https:\/\/diariofemenino.com.ar\/df\/#organization"},"image":{"@id":"https:\/\/diariofemenino.com.ar\/df\/mercedes-dalessandro-nueva-directora-nacional-de-economia-y-genero\/#primaryimage"},"thumbnailUrl":"https:\/\/diariofemenino.com.ar\/df\/wp-content\/uploads\/2020\/01\/3172390w1033.jpg","keywords":["Econom\u00eda","Econom\u00eda y G\u00e9nero","Feminismo","Mart\u00edn Guzm\u00e1n","Mercedes D\u00b4Alessandro","Ministerio de Econom\u00eda"],"articleSection":["Agenda Feminista","G\u00e9nero y Derechos Humanos","Noticias"],"inLanguage":"es","potentialAction":[{"@type":"CommentAction","name":"Comment","target":["https:\/\/diariofemenino.com.ar\/df\/mercedes-dalessandro-nueva-directora-nacional-de-economia-y-genero\/#respond"]}]},{"@type":"WebPage","@id":"https:\/\/diariofemenino.com.ar\/df\/mercedes-dalessandro-nueva-directora-nacional-de-economia-y-genero\/","url":"https:\/\/diariofemenino.com.ar\/df\/mercedes-dalessandro-nueva-directora-nacional-de-economia-y-genero\/","name":"Mercedes D\u2019Alessandro, nueva directora nacional de Econom\u00eda y G\u00e9nero - Diario Digital Femenino","isPartOf":{"@id":"https:\/\/diariofemenino.com.ar\/df\/#website"},"primaryImageOfPage":{"@id":"https:\/\/diariofemenino.com.ar\/df\/mercedes-dalessandro-nueva-directora-nacional-de-economia-y-genero\/#primaryimage"},"image":{"@id":"https:\/\/diariofemenino.com.ar\/df\/mercedes-dalessandro-nueva-directora-nacional-de-economia-y-genero\/#primaryimage"},"thumbnailUrl":"https:\/\/diariofemenino.com.ar\/df\/wp-content\/uploads\/2020\/01\/3172390w1033.jpg","datePublished":"2020-01-08T12:14:19+00:00","description":"Mercedes D\u2019Alessandro, nueva directora nacional de Econom\u00eda y G\u00e9nero. La economista se sum\u00f3 al equipo del ministro Mart\u00edn Guzm\u00e1n","breadcrumb":{"@id":"https:\/\/diariofemenino.com.ar\/df\/mercedes-dalessandro-nueva-directora-nacional-de-economia-y-genero\/#breadcrumb"},"inLanguage":"es","potentialAction":[{"@type":"ReadAction","target":["https:\/\/diariofemenino.com.ar\/df\/mercedes-dalessandro-nueva-directora-nacional-de-economia-y-genero\/"]}]},{"@type":"ImageObject","inLanguage":"es","@id":"https:\/\/diariofemenino.com.ar\/df\/mercedes-dalessandro-nueva-directora-nacional-de-economia-y-genero\/#primaryimage","url":"https:\/\/diariofemenino.com.ar\/df\/wp-content\/uploads\/2020\/01\/3172390w1033.jpg","contentUrl":"https:\/\/diariofemenino.com.ar\/df\/wp-content\/uploads\/2020\/01\/3172390w1033.jpg","width":1033,"height":688,"caption":"Mercedes D\u2019Alessandro, nueva directora nacional de Econom\u00eda y G\u00e9nero"},{"@type":"BreadcrumbList","@id":"https:\/\/diariofemenino.com.ar\/df\/mercedes-dalessandro-nueva-directora-nacional-de-economia-y-genero\/#breadcrumb","itemListElement":[{"@type":"ListItem","position":1,"name":"Portada","item":"https:\/\/diariofemenino.com.ar\/df\/"},{"@type":"ListItem","position":2,"name":"Mercedes D\u2019Alessandro, nueva directora nacional de Econom\u00eda y G\u00e9nero"}]},{"@type":"WebSite","@id":"https:\/\/diariofemenino.com.ar\/df\/#website","url":"https:\/\/diariofemenino.com.ar\/df\/","name":"Diario Digital Femenino","description":"Cuesti\u00f3n de G\u00e9nero","publisher":{"@id":"https:\/\/diariofemenino.com.ar\/df\/#organization"},"potentialAction":[{"@type":"SearchAction","target":{"@type":"EntryPoint","urlTemplate":"https:\/\/diariofemenino.com.ar\/df\/?s={search_term_string}"},"query-input":{"@type":"PropertyValueSpecification","valueRequired":true,"valueName":"search_term_string"}}],"inLanguage":"es"},{"@type":"Organization","@id":"https:\/\/diariofemenino.com.ar\/df\/#organization","name":"Diario Femenino","url":"https:\/\/diariofemenino.com.ar\/df\/","logo":{"@type":"ImageObject","inLanguage":"es","@id":"https:\/\/diariofemenino.com.ar\/df\/#\/schema\/logo\/image\/","url":"https:\/\/diariofemenino.com.ar\/df\/wp-content\/uploads\/2018\/10\/logo.png","contentUrl":"https:\/\/diariofemenino.com.ar\/df\/wp-content\/uploads\/2018\/10\/logo.png","width":500,"height":92,"caption":"Diario Femenino"},"image":{"@id":"https:\/\/diariofemenino.com.ar\/df\/#\/schema\/logo\/image\/"},"sameAs":["https:\/\/www.facebook.com\/DiarioDigitaFemenino\/","https:\/\/x.com\/DiarioFemenino1"]},{"@type":"Person","@id":"https:\/\/diariofemenino.com.ar\/df\/#\/schema\/person\/bf6199e8158c657ea6f789b11ec85509","name":"Admin","image":{"@type":"ImageObject","inLanguage":"es","@id":"https:\/\/diariofemenino.com.ar\/df\/wp-content\/uploads\/2018\/12\/favicon-150x150.jpg","url":"https:\/\/diariofemenino.com.ar\/df\/wp-content\/uploads\/2018\/12\/favicon-150x150.jpg","contentUrl":"https:\/\/diariofemenino.com.ar\/df\/wp-content\/uploads\/2018\/12\/favicon-150x150.jpg","caption":"Admin"},"url":"https:\/\/diariofemenino.com.ar\/df\/author\/lenny\/"}]}},"jetpack_featured_media_url":"https:\/\/diariofemenino.com.ar\/df\/wp-content\/uploads\/2020\/01\/3172390w1033.jpg","jetpack_sharing_enabled":true,"rttpg_featured_image_url":{"full":["https:\/\/diariofemenino.com.ar\/df\/wp-content\/uploads\/2020\/01\/3172390w1033.jpg",1033,688,false],"landscape":["https:\/\/diariofemenino.com.ar\/df\/wp-content\/uploads\/2020\/01\/3172390w1033.jpg",1033,688,false],"portraits":["https:\/\/diariofemenino.com.ar\/df\/wp-content\/uploads\/2020\/01\/3172390w1033.jpg",1033,688,false],"thumbnail":["https:\/\/diariofemenino.com.ar\/df\/wp-content\/uploads\/2020\/01\/3172390w1033-150x150.jpg",150,150,true],"medium":["https:\/\/diariofemenino.com.ar\/df\/wp-content\/uploads\/2020\/01\/3172390w1033-300x200.jpg",300,200,true],"large":["https:\/\/diariofemenino.com.ar\/df\/wp-content\/uploads\/2020\/01\/3172390w1033-1024x682.jpg",1024,682,true],"1536x1536":["https:\/\/diariofemenino.com.ar\/df\/wp-content\/uploads\/2020\/01\/3172390w1033.jpg",1033,688,false],"2048x2048":["https:\/\/diariofemenino.com.ar\/df\/wp-content\/uploads\/2020\/01\/3172390w1033.jpg",1033,688,false]},"rttpg_author":{"display_name":"Admin","author_link":"https:\/\/diariofemenino.com.ar\/df\/author\/lenny\/"},"rttpg_comment":0,"rttpg_category":"<a href=\"https:\/\/diariofemenino.com.ar\/df\/category\/agenda-feminista\/\" rel=\"category tag\">Agenda Feminista<\/a> <a href=\"https:\/\/diariofemenino.com.ar\/df\/category\/genero-y-derechos-humanos\/\" rel=\"category tag\">G\u00e9nero y Derechos Humanos<\/a> <a href=\"https:\/\/diariofemenino.com.ar\/df\/category\/noticias\/\" rel=\"category tag\">Noticias<\/a>","rttpg_excerpt":"La economista se sum\u00f3 al equipo del ministro Mart\u00edn Guzm\u00e1n y fue designada para encabezar la Direcci\u00f3n de Econom\u00eda y G\u00e9nero. La flamante funcionaria asegura que \u201cla pobreza es sexista\u201d y que la desigualdad se expresa fuertemente en t\u00e9rminos de g\u00e9nero: \u201cSon las mujeres, travestis y trans quienes padecen las peores condiciones de empleo y&hellip;","_links":{"self":[{"href":"https:\/\/diariofemenino.com.ar\/df\/wp-json\/wp\/v2\/posts\/44929","targetHints":{"allow":["GET"]}}],"collection":[{"href":"https:\/\/diariofemenino.com.ar\/df\/wp-json\/wp\/v2\/posts"}],"about":[{"href":"https:\/\/diariofemenino.com.ar\/df\/wp-json\/wp\/v2\/types\/post"}],"author":[{"embeddable":true,"href":"https:\/\/diariofemenino.com.ar\/df\/wp-json\/wp\/v2\/users\/4"}],"replies":[{"embeddable":true,"href":"https:\/\/diariofemenino.com.ar\/df\/wp-json\/wp\/v2\/comments?post=44929"}],"version-history":[{"count":0,"href":"https:\/\/diariofemenino.com.ar\/df\/wp-json\/wp\/v2\/posts\/44929\/revisions"}],"wp:featuredmedia":[{"embeddable":true,"href":"https:\/\/diariofemenino.com.ar\/df\/wp-json\/wp\/v2\/media\/44930"}],"wp:attachment":[{"href":"https:\/\/diariofemenino.com.ar\/df\/wp-json\/wp\/v2\/media?parent=44929"}],"wp:term":[{"taxonomy":"category","embeddable":true,"href":"https:\/\/diariofemenino.com.ar\/df\/wp-json\/wp\/v2\/categories?post=44929"},{"taxonomy":"post_tag","embeddable":true,"href":"https:\/\/diariofemenino.com.ar\/df\/wp-json\/wp\/v2\/tags?post=44929"}],"curies":[{"name":"wp","href":"https:\/\/api.w.org\/{rel}","templated":true}]}}