{"id":4486,"date":"2012-10-11T13:08:58","date_gmt":"2012-10-11T16:08:58","guid":{"rendered":"http:\/\/www.diariofemenino.com.ar\/?p=4486"},"modified":"2012-10-11T13:08:58","modified_gmt":"2012-10-11T16:08:58","slug":"removieron-a-la-jueza-que-suspendio-el-aborto-no-punible","status":"publish","type":"post","link":"https:\/\/diariofemenino.com.ar\/df\/removieron-a-la-jueza-que-suspendio-el-aborto-no-punible\/","title":{"rendered":"Removieron a la jueza que suspendi\u00f3 el aborto no punible"},"content":{"rendered":"<p>&nbsp;<br \/>\n&nbsp;<br \/>\n&nbsp;<br \/>\n&nbsp;<br \/>\n&nbsp;<\/p>\n<p id=\"p-copete\"><em>Miriam Rust\u00e1n de Estrada dej\u00f3 la causa por decisi\u00f3n de la C\u00e1mara Civil, que luego nombr\u00f3 al magistrado Miguel Ricardo G\u00fciraldes. En tanto, Pablo Vicente, abogado de la mujer embarazada, asegur\u00f3 que la operaci\u00f3n podr\u00eda realizarse en la Provincia<\/em>. <a href=\"http:\/\/www.infonews.com\/2012\/10\/11\/politica-42439-aborto-no-punible-denunciaran-al-director-del-hospital-ramos-mejia-aborto-no-punible.php\">Denuncian al director del Hospital Ramos Mej\u00eda.<\/a><\/p>\n<p><a href=\"http:\/\/www.diariofemenino.com.ar\/wp-content\/uploads\/503b9184f0a2f_200x113.jpg\"><img loading=\"lazy\" decoding=\"async\" class=\"alignnone size-full wp-image-4487\" title=\"503b9184f0a2f_200x113\" src=\"http:\/\/www.diariofemenino.com.ar\/wp-content\/uploads\/503b9184f0a2f_200x113.jpg\" alt=\"\" width=\"200\" height=\"113\" \/><\/a><br \/>\n&nbsp;<br \/>\nLa jueza civil Miriam Rust\u00e1n de Estrada, quien suspendi\u00f3 el primer aborto no punible que se iba a realizar en la Capital Federal, dej\u00f3 la causa por decisi\u00f3n de la C\u00e1mara, que resolvi\u00f3 una \u00abcuesti\u00f3n de competencia\u00bb y se la asign\u00f3 al magistrado Miguel Ricardo G\u00fciraldes.<br \/>\nAl mismo tiempo, el abogado que representa a la mujer no descart\u00f3 realizar la pr\u00e1ctica quir\u00fargica en un hospital p\u00fablico de la provincia de Buenos Aires.<br \/>\nG\u00fciraldes trabaja en el recurso de apelaci\u00f3n contra la medida cautelar suspensiva dictada por su colega, que ser\u00e1 elevada a la C\u00e1mara Civil para su inmediato tratamiento.<br \/>\nAsimismo, la Corte recibi\u00f3 el planteo de la C\u00e1mara en lo Contencioso Administrativo y Tributario para definir otra cuesti\u00f3n de competencia: si es ese fuero o el civil el que debe intervenir en el expediente y, en consecuencia, autorizar o mantener suspendido el aborto.<br \/>\nEl abogado Pablo Vicente, quien representa a la mujer embarazada y v\u00edctima de trata de personas que pidi\u00f3 el aborto no punible, de acuerdo a un fallo de la Corte Suprema de marzo pasado, desliz\u00f3 la posibilidad de que la interrupci\u00f3n del embarazo sea practicada en un hospital p\u00fablico de la provincia de Buenos Aires.<br \/>\n&nbsp;<br \/>\n&nbsp;<br \/>\n&nbsp;<br \/>\n&nbsp;<br \/>\nFuente InfoNews<\/p>\n","protected":false},"excerpt":{"rendered":"<p>&nbsp; &nbsp; &nbsp; &nbsp; &nbsp; Miriam Rust\u00e1n de Estrada dej\u00f3 la causa por decisi\u00f3n de la C\u00e1mara Civil, que luego nombr\u00f3 al magistrado Miguel Ricardo G\u00fciraldes. En tanto, Pablo Vicente, abogado de la mujer embarazada, asegur\u00f3 que la operaci\u00f3n podr\u00eda realizarse en la Provincia. Denuncian al director del Hospital Ramos Mej\u00eda. &nbsp; La jueza civil [&hellip;]<\/p>\n","protected":false},"author":1,"featured_media":0,"comment_status":"open","ping_status":"open","sticky":false,"template":"","format":"standard","meta":{"iawp_total_views":3,"footnotes":""},"categories":[22,4,21],"tags":[],"class_list":["post-4486","post","type-post","status-publish","format-standard","hentry","category-aborto","category-medios","category-noticias"],"nelio_content":{"autoShareEndMode":"never","automationSources":{"useCustomSentences":false,"customSentences":[]},"efiAlt":"","efiUrl":"","followers":[],"highlights":[],"isAutoShareEnabled":true,"networkImageIds":[],"permalinkQueryArgs":[],"series":[],"suggestedReferences":[]},"yoast_head":"<!-- This site is optimized with the Yoast SEO plugin v27.4 - https:\/\/yoast.com\/product\/yoast-seo-wordpress\/ -->\n<title>Removieron a la jueza que suspendi\u00f3 el aborto no punible - Diario Digital Femenino<\/title>\n<meta name=\"robots\" content=\"index, follow, max-snippet:-1, max-image-preview:large, max-video-preview:-1\" \/>\n<link rel=\"canonical\" href=\"https:\/\/diariofemenino.com.ar\/df\/removieron-a-la-jueza-que-suspendio-el-aborto-no-punible\/\" \/>\n<meta property=\"og:locale\" content=\"es_ES\" \/>\n<meta property=\"og:type\" content=\"article\" \/>\n<meta property=\"og:title\" content=\"Removieron a la jueza que suspendi\u00f3 el aborto no punible - Diario Digital Femenino\" \/>\n<meta property=\"og:description\" content=\"&nbsp; &nbsp; &nbsp; &nbsp; &nbsp; Miriam Rust\u00e1n de Estrada dej\u00f3 la causa por decisi\u00f3n de la C\u00e1mara Civil, que luego nombr\u00f3 al magistrado Miguel Ricardo G\u00fciraldes. En tanto, Pablo Vicente, abogado de la mujer embarazada, asegur\u00f3 que la operaci\u00f3n podr\u00eda realizarse en la Provincia. Denuncian al director del Hospital Ramos Mej\u00eda. &nbsp; La jueza civil [&hellip;]\" \/>\n<meta property=\"og:url\" content=\"https:\/\/diariofemenino.com.ar\/df\/removieron-a-la-jueza-que-suspendio-el-aborto-no-punible\/\" \/>\n<meta property=\"og:site_name\" content=\"Diario Digital Femenino\" \/>\n<meta property=\"article:publisher\" content=\"https:\/\/www.facebook.com\/DiarioDigitaFemenino\/\" \/>\n<meta property=\"article:published_time\" content=\"2012-10-11T16:08:58+00:00\" \/>\n<meta property=\"og:image\" content=\"http:\/\/www.diariofemenino.com.ar\/wp-content\/uploads\/503b9184f0a2f_200x113.jpg\" \/>\n<meta name=\"author\" content=\"Admin\" \/>\n<meta name=\"twitter:card\" content=\"summary_large_image\" \/>\n<meta name=\"twitter:creator\" content=\"@DiarioFemenino1\" \/>\n<meta name=\"twitter:site\" content=\"@DiarioFemenino1\" \/>\n<meta name=\"twitter:label1\" content=\"Escrito por\" \/>\n\t<meta name=\"twitter:data1\" content=\"Admin\" \/>\n\t<meta name=\"twitter:label2\" content=\"Tiempo de lectura\" \/>\n\t<meta name=\"twitter:data2\" content=\"1 minuto\" \/>\n<script type=\"application\/ld+json\" class=\"yoast-schema-graph\">{\"@context\":\"https:\\\/\\\/schema.org\",\"@graph\":[{\"@type\":\"Article\",\"@id\":\"https:\\\/\\\/diariofemenino.com.ar\\\/df\\\/removieron-a-la-jueza-que-suspendio-el-aborto-no-punible\\\/#article\",\"isPartOf\":{\"@id\":\"https:\\\/\\\/diariofemenino.com.ar\\\/df\\\/removieron-a-la-jueza-que-suspendio-el-aborto-no-punible\\\/\"},\"author\":{\"name\":\"Admin\",\"@id\":\"https:\\\/\\\/diariofemenino.com.ar\\\/df\\\/#\\\/schema\\\/person\\\/38f54b3bfd13f561de2460ba95c169c6\"},\"headline\":\"Removieron a la jueza que suspendi\u00f3 el aborto no punible\",\"datePublished\":\"2012-10-11T16:08:58+00:00\",\"mainEntityOfPage\":{\"@id\":\"https:\\\/\\\/diariofemenino.com.ar\\\/df\\\/removieron-a-la-jueza-que-suspendio-el-aborto-no-punible\\\/\"},\"wordCount\":289,\"commentCount\":0,\"publisher\":{\"@id\":\"https:\\\/\\\/diariofemenino.com.ar\\\/df\\\/#organization\"},\"image\":{\"@id\":\"https:\\\/\\\/diariofemenino.com.ar\\\/df\\\/removieron-a-la-jueza-que-suspendio-el-aborto-no-punible\\\/#primaryimage\"},\"thumbnailUrl\":\"http:\\\/\\\/www.diariofemenino.com.ar\\\/wp-content\\\/uploads\\\/503b9184f0a2f_200x113.jpg\",\"articleSection\":[\"Aborto\",\"Medios\",\"Noticias\"],\"inLanguage\":\"es\",\"potentialAction\":[{\"@type\":\"CommentAction\",\"name\":\"Comment\",\"target\":[\"https:\\\/\\\/diariofemenino.com.ar\\\/df\\\/removieron-a-la-jueza-que-suspendio-el-aborto-no-punible\\\/#respond\"]}]},{\"@type\":\"WebPage\",\"@id\":\"https:\\\/\\\/diariofemenino.com.ar\\\/df\\\/removieron-a-la-jueza-que-suspendio-el-aborto-no-punible\\\/\",\"url\":\"https:\\\/\\\/diariofemenino.com.ar\\\/df\\\/removieron-a-la-jueza-que-suspendio-el-aborto-no-punible\\\/\",\"name\":\"Removieron a la jueza que suspendi\u00f3 el aborto no punible - Diario Digital Femenino\",\"isPartOf\":{\"@id\":\"https:\\\/\\\/diariofemenino.com.ar\\\/df\\\/#website\"},\"primaryImageOfPage\":{\"@id\":\"https:\\\/\\\/diariofemenino.com.ar\\\/df\\\/removieron-a-la-jueza-que-suspendio-el-aborto-no-punible\\\/#primaryimage\"},\"image\":{\"@id\":\"https:\\\/\\\/diariofemenino.com.ar\\\/df\\\/removieron-a-la-jueza-que-suspendio-el-aborto-no-punible\\\/#primaryimage\"},\"thumbnailUrl\":\"http:\\\/\\\/www.diariofemenino.com.ar\\\/wp-content\\\/uploads\\\/503b9184f0a2f_200x113.jpg\",\"datePublished\":\"2012-10-11T16:08:58+00:00\",\"breadcrumb\":{\"@id\":\"https:\\\/\\\/diariofemenino.com.ar\\\/df\\\/removieron-a-la-jueza-que-suspendio-el-aborto-no-punible\\\/#breadcrumb\"},\"inLanguage\":\"es\",\"potentialAction\":[{\"@type\":\"ReadAction\",\"target\":[\"https:\\\/\\\/diariofemenino.com.ar\\\/df\\\/removieron-a-la-jueza-que-suspendio-el-aborto-no-punible\\\/\"]}]},{\"@type\":\"ImageObject\",\"inLanguage\":\"es\",\"@id\":\"https:\\\/\\\/diariofemenino.com.ar\\\/df\\\/removieron-a-la-jueza-que-suspendio-el-aborto-no-punible\\\/#primaryimage\",\"url\":\"http:\\\/\\\/www.diariofemenino.com.ar\\\/wp-content\\\/uploads\\\/503b9184f0a2f_200x113.jpg\",\"contentUrl\":\"http:\\\/\\\/www.diariofemenino.com.ar\\\/wp-content\\\/uploads\\\/503b9184f0a2f_200x113.jpg\"},{\"@type\":\"BreadcrumbList\",\"@id\":\"https:\\\/\\\/diariofemenino.com.ar\\\/df\\\/removieron-a-la-jueza-que-suspendio-el-aborto-no-punible\\\/#breadcrumb\",\"itemListElement\":[{\"@type\":\"ListItem\",\"position\":1,\"name\":\"Portada\",\"item\":\"https:\\\/\\\/diariofemenino.com.ar\\\/df\\\/\"},{\"@type\":\"ListItem\",\"position\":2,\"name\":\"Removieron a la jueza que suspendi\u00f3 el aborto no punible\"}]},{\"@type\":\"WebSite\",\"@id\":\"https:\\\/\\\/diariofemenino.com.ar\\\/df\\\/#website\",\"url\":\"https:\\\/\\\/diariofemenino.com.ar\\\/df\\\/\",\"name\":\"Diario Digital Femenino\",\"description\":\"Cuesti\u00f3n de G\u00e9nero\",\"publisher\":{\"@id\":\"https:\\\/\\\/diariofemenino.com.ar\\\/df\\\/#organization\"},\"potentialAction\":[{\"@type\":\"SearchAction\",\"target\":{\"@type\":\"EntryPoint\",\"urlTemplate\":\"https:\\\/\\\/diariofemenino.com.ar\\\/df\\\/?s={search_term_string}\"},\"query-input\":{\"@type\":\"PropertyValueSpecification\",\"valueRequired\":true,\"valueName\":\"search_term_string\"}}],\"inLanguage\":\"es\"},{\"@type\":\"Organization\",\"@id\":\"https:\\\/\\\/diariofemenino.com.ar\\\/df\\\/#organization\",\"name\":\"Diario Femenino\",\"url\":\"https:\\\/\\\/diariofemenino.com.ar\\\/df\\\/\",\"logo\":{\"@type\":\"ImageObject\",\"inLanguage\":\"es\",\"@id\":\"https:\\\/\\\/diariofemenino.com.ar\\\/df\\\/#\\\/schema\\\/logo\\\/image\\\/\",\"url\":\"https:\\\/\\\/diariofemenino.com.ar\\\/df\\\/wp-content\\\/uploads\\\/2018\\\/10\\\/logo.png\",\"contentUrl\":\"https:\\\/\\\/diariofemenino.com.ar\\\/df\\\/wp-content\\\/uploads\\\/2018\\\/10\\\/logo.png\",\"width\":500,\"height\":92,\"caption\":\"Diario Femenino\"},\"image\":{\"@id\":\"https:\\\/\\\/diariofemenino.com.ar\\\/df\\\/#\\\/schema\\\/logo\\\/image\\\/\"},\"sameAs\":[\"https:\\\/\\\/www.facebook.com\\\/DiarioDigitaFemenino\\\/\",\"https:\\\/\\\/x.com\\\/DiarioFemenino1\"]},{\"@type\":\"Person\",\"@id\":\"https:\\\/\\\/diariofemenino.com.ar\\\/df\\\/#\\\/schema\\\/person\\\/38f54b3bfd13f561de2460ba95c169c6\",\"name\":\"Admin\",\"image\":{\"@type\":\"ImageObject\",\"inLanguage\":\"es\",\"@id\":\"https:\\\/\\\/diariofemenino.com.ar\\\/df\\\/wp-content\\\/uploads\\\/2018\\\/12\\\/favicon-150x150.jpg\",\"url\":\"https:\\\/\\\/diariofemenino.com.ar\\\/df\\\/wp-content\\\/uploads\\\/2018\\\/12\\\/favicon-150x150.jpg\",\"contentUrl\":\"https:\\\/\\\/diariofemenino.com.ar\\\/df\\\/wp-content\\\/uploads\\\/2018\\\/12\\\/favicon-150x150.jpg\",\"caption\":\"Admin\"},\"url\":\"https:\\\/\\\/diariofemenino.com.ar\\\/df\\\/author\\\/adm18df\\\/\"}]}<\/script>\n<!-- \/ Yoast SEO plugin. -->","yoast_head_json":{"title":"Removieron a la jueza que suspendi\u00f3 el aborto no punible - Diario Digital Femenino","robots":{"index":"index","follow":"follow","max-snippet":"max-snippet:-1","max-image-preview":"max-image-preview:large","max-video-preview":"max-video-preview:-1"},"canonical":"https:\/\/diariofemenino.com.ar\/df\/removieron-a-la-jueza-que-suspendio-el-aborto-no-punible\/","og_locale":"es_ES","og_type":"article","og_title":"Removieron a la jueza que suspendi\u00f3 el aborto no punible - Diario Digital Femenino","og_description":"&nbsp; &nbsp; &nbsp; &nbsp; &nbsp; Miriam Rust\u00e1n de Estrada dej\u00f3 la causa por decisi\u00f3n de la C\u00e1mara Civil, que luego nombr\u00f3 al magistrado Miguel Ricardo G\u00fciraldes. En tanto, Pablo Vicente, abogado de la mujer embarazada, asegur\u00f3 que la operaci\u00f3n podr\u00eda realizarse en la Provincia. Denuncian al director del Hospital Ramos Mej\u00eda. &nbsp; La jueza civil [&hellip;]","og_url":"https:\/\/diariofemenino.com.ar\/df\/removieron-a-la-jueza-que-suspendio-el-aborto-no-punible\/","og_site_name":"Diario Digital Femenino","article_publisher":"https:\/\/www.facebook.com\/DiarioDigitaFemenino\/","article_published_time":"2012-10-11T16:08:58+00:00","og_image":[{"url":"http:\/\/www.diariofemenino.com.ar\/wp-content\/uploads\/503b9184f0a2f_200x113.jpg","type":"","width":"","height":""}],"author":"Admin","twitter_card":"summary_large_image","twitter_creator":"@DiarioFemenino1","twitter_site":"@DiarioFemenino1","twitter_misc":{"Escrito por":"Admin","Tiempo de lectura":"1 minuto"},"schema":{"@context":"https:\/\/schema.org","@graph":[{"@type":"Article","@id":"https:\/\/diariofemenino.com.ar\/df\/removieron-a-la-jueza-que-suspendio-el-aborto-no-punible\/#article","isPartOf":{"@id":"https:\/\/diariofemenino.com.ar\/df\/removieron-a-la-jueza-que-suspendio-el-aborto-no-punible\/"},"author":{"name":"Admin","@id":"https:\/\/diariofemenino.com.ar\/df\/#\/schema\/person\/38f54b3bfd13f561de2460ba95c169c6"},"headline":"Removieron a la jueza que suspendi\u00f3 el aborto no punible","datePublished":"2012-10-11T16:08:58+00:00","mainEntityOfPage":{"@id":"https:\/\/diariofemenino.com.ar\/df\/removieron-a-la-jueza-que-suspendio-el-aborto-no-punible\/"},"wordCount":289,"commentCount":0,"publisher":{"@id":"https:\/\/diariofemenino.com.ar\/df\/#organization"},"image":{"@id":"https:\/\/diariofemenino.com.ar\/df\/removieron-a-la-jueza-que-suspendio-el-aborto-no-punible\/#primaryimage"},"thumbnailUrl":"http:\/\/www.diariofemenino.com.ar\/wp-content\/uploads\/503b9184f0a2f_200x113.jpg","articleSection":["Aborto","Medios","Noticias"],"inLanguage":"es","potentialAction":[{"@type":"CommentAction","name":"Comment","target":["https:\/\/diariofemenino.com.ar\/df\/removieron-a-la-jueza-que-suspendio-el-aborto-no-punible\/#respond"]}]},{"@type":"WebPage","@id":"https:\/\/diariofemenino.com.ar\/df\/removieron-a-la-jueza-que-suspendio-el-aborto-no-punible\/","url":"https:\/\/diariofemenino.com.ar\/df\/removieron-a-la-jueza-que-suspendio-el-aborto-no-punible\/","name":"Removieron a la jueza que suspendi\u00f3 el aborto no punible - Diario Digital Femenino","isPartOf":{"@id":"https:\/\/diariofemenino.com.ar\/df\/#website"},"primaryImageOfPage":{"@id":"https:\/\/diariofemenino.com.ar\/df\/removieron-a-la-jueza-que-suspendio-el-aborto-no-punible\/#primaryimage"},"image":{"@id":"https:\/\/diariofemenino.com.ar\/df\/removieron-a-la-jueza-que-suspendio-el-aborto-no-punible\/#primaryimage"},"thumbnailUrl":"http:\/\/www.diariofemenino.com.ar\/wp-content\/uploads\/503b9184f0a2f_200x113.jpg","datePublished":"2012-10-11T16:08:58+00:00","breadcrumb":{"@id":"https:\/\/diariofemenino.com.ar\/df\/removieron-a-la-jueza-que-suspendio-el-aborto-no-punible\/#breadcrumb"},"inLanguage":"es","potentialAction":[{"@type":"ReadAction","target":["https:\/\/diariofemenino.com.ar\/df\/removieron-a-la-jueza-que-suspendio-el-aborto-no-punible\/"]}]},{"@type":"ImageObject","inLanguage":"es","@id":"https:\/\/diariofemenino.com.ar\/df\/removieron-a-la-jueza-que-suspendio-el-aborto-no-punible\/#primaryimage","url":"http:\/\/www.diariofemenino.com.ar\/wp-content\/uploads\/503b9184f0a2f_200x113.jpg","contentUrl":"http:\/\/www.diariofemenino.com.ar\/wp-content\/uploads\/503b9184f0a2f_200x113.jpg"},{"@type":"BreadcrumbList","@id":"https:\/\/diariofemenino.com.ar\/df\/removieron-a-la-jueza-que-suspendio-el-aborto-no-punible\/#breadcrumb","itemListElement":[{"@type":"ListItem","position":1,"name":"Portada","item":"https:\/\/diariofemenino.com.ar\/df\/"},{"@type":"ListItem","position":2,"name":"Removieron a la jueza que suspendi\u00f3 el aborto no punible"}]},{"@type":"WebSite","@id":"https:\/\/diariofemenino.com.ar\/df\/#website","url":"https:\/\/diariofemenino.com.ar\/df\/","name":"Diario Digital Femenino","description":"Cuesti\u00f3n de G\u00e9nero","publisher":{"@id":"https:\/\/diariofemenino.com.ar\/df\/#organization"},"potentialAction":[{"@type":"SearchAction","target":{"@type":"EntryPoint","urlTemplate":"https:\/\/diariofemenino.com.ar\/df\/?s={search_term_string}"},"query-input":{"@type":"PropertyValueSpecification","valueRequired":true,"valueName":"search_term_string"}}],"inLanguage":"es"},{"@type":"Organization","@id":"https:\/\/diariofemenino.com.ar\/df\/#organization","name":"Diario Femenino","url":"https:\/\/diariofemenino.com.ar\/df\/","logo":{"@type":"ImageObject","inLanguage":"es","@id":"https:\/\/diariofemenino.com.ar\/df\/#\/schema\/logo\/image\/","url":"https:\/\/diariofemenino.com.ar\/df\/wp-content\/uploads\/2018\/10\/logo.png","contentUrl":"https:\/\/diariofemenino.com.ar\/df\/wp-content\/uploads\/2018\/10\/logo.png","width":500,"height":92,"caption":"Diario Femenino"},"image":{"@id":"https:\/\/diariofemenino.com.ar\/df\/#\/schema\/logo\/image\/"},"sameAs":["https:\/\/www.facebook.com\/DiarioDigitaFemenino\/","https:\/\/x.com\/DiarioFemenino1"]},{"@type":"Person","@id":"https:\/\/diariofemenino.com.ar\/df\/#\/schema\/person\/38f54b3bfd13f561de2460ba95c169c6","name":"Admin","image":{"@type":"ImageObject","inLanguage":"es","@id":"https:\/\/diariofemenino.com.ar\/df\/wp-content\/uploads\/2018\/12\/favicon-150x150.jpg","url":"https:\/\/diariofemenino.com.ar\/df\/wp-content\/uploads\/2018\/12\/favicon-150x150.jpg","contentUrl":"https:\/\/diariofemenino.com.ar\/df\/wp-content\/uploads\/2018\/12\/favicon-150x150.jpg","caption":"Admin"},"url":"https:\/\/diariofemenino.com.ar\/df\/author\/adm18df\/"}]}},"jetpack_featured_media_url":"","jetpack_sharing_enabled":true,"rttpg_featured_image_url":null,"rttpg_author":{"display_name":"Admin","author_link":"https:\/\/diariofemenino.com.ar\/df\/author\/adm18df\/"},"rttpg_comment":0,"rttpg_category":"<a href=\"https:\/\/diariofemenino.com.ar\/df\/category\/aborto\/\" rel=\"category tag\">Aborto<\/a> <a href=\"https:\/\/diariofemenino.com.ar\/df\/category\/medios\/\" rel=\"category tag\">Medios<\/a> <a href=\"https:\/\/diariofemenino.com.ar\/df\/category\/noticias\/\" rel=\"category tag\">Noticias<\/a>","rttpg_excerpt":"&nbsp; &nbsp; &nbsp; &nbsp; &nbsp; Miriam Rust\u00e1n de Estrada dej\u00f3 la causa por decisi\u00f3n de la C\u00e1mara Civil, que luego nombr\u00f3 al magistrado Miguel Ricardo G\u00fciraldes. En tanto, Pablo Vicente, abogado de la mujer embarazada, asegur\u00f3 que la operaci\u00f3n podr\u00eda realizarse en la Provincia. Denuncian al director del Hospital Ramos Mej\u00eda. &nbsp; La jueza civil&hellip;","_links":{"self":[{"href":"https:\/\/diariofemenino.com.ar\/df\/wp-json\/wp\/v2\/posts\/4486","targetHints":{"allow":["GET"]}}],"collection":[{"href":"https:\/\/diariofemenino.com.ar\/df\/wp-json\/wp\/v2\/posts"}],"about":[{"href":"https:\/\/diariofemenino.com.ar\/df\/wp-json\/wp\/v2\/types\/post"}],"author":[{"embeddable":true,"href":"https:\/\/diariofemenino.com.ar\/df\/wp-json\/wp\/v2\/users\/1"}],"replies":[{"embeddable":true,"href":"https:\/\/diariofemenino.com.ar\/df\/wp-json\/wp\/v2\/comments?post=4486"}],"version-history":[{"count":0,"href":"https:\/\/diariofemenino.com.ar\/df\/wp-json\/wp\/v2\/posts\/4486\/revisions"}],"wp:attachment":[{"href":"https:\/\/diariofemenino.com.ar\/df\/wp-json\/wp\/v2\/media?parent=4486"}],"wp:term":[{"taxonomy":"category","embeddable":true,"href":"https:\/\/diariofemenino.com.ar\/df\/wp-json\/wp\/v2\/categories?post=4486"},{"taxonomy":"post_tag","embeddable":true,"href":"https:\/\/diariofemenino.com.ar\/df\/wp-json\/wp\/v2\/tags?post=4486"}],"curies":[{"name":"wp","href":"https:\/\/api.w.org\/{rel}","templated":true}]}}