{"id":4474,"date":"2012-10-11T11:57:47","date_gmt":"2012-10-11T14:57:47","guid":{"rendered":"http:\/\/www.diariofemenino.com.ar\/?p=4474"},"modified":"2012-10-11T11:57:47","modified_gmt":"2012-10-11T14:57:47","slug":"jovenes-por-el-derecho-de-las-mujeres-a-vivir-sin-violencia","status":"publish","type":"post","link":"https:\/\/diariofemenino.com.ar\/df\/jovenes-por-el-derecho-de-las-mujeres-a-vivir-sin-violencia\/","title":{"rendered":"J\u00f2venes por el Derecho de las Mujeres a vivir sin Violencia"},"content":{"rendered":"<p>&nbsp;<br \/>\n&nbsp;<br \/>\n&nbsp;<br \/>\n&nbsp;<br \/>\nS\u00c1BADO 13 DE OCTUBRE<br \/>\n15 a 18 hs<br \/>\nAv. Figueroa Alcorta y Av. Sarmiento PALERMO<br \/>\nLa actividad se suspende en caso de lluvia.<br \/>\n<a href=\"http:\/\/www.diariofemenino.com.ar\/wp-content\/uploads\/Sticker-01.png\"><img loading=\"lazy\" decoding=\"async\" class=\"alignnone  wp-image-4475\" title=\"Sticker-01\" src=\"http:\/\/www.diariofemenino.com.ar\/wp-content\/uploads\/Sticker-01.png\" alt=\"\" width=\"522\" height=\"323\" \/><\/a><br \/>\nLa\u00a0<strong>Fundaci\u00f3n para Estudio e Investigaci\u00f3n de la Mujer \u2013 FEIM<\/strong>\u00a0y\u00a0<strong>Casa Escuela de Arte<\/strong>\u00a0invitan a participar del cierre del proyecto conjunto \u00abArte-acci\u00f3n para erradicar y prevenir las violencias hacia las mujeres. Una mirada desde la juventud\u00bb, que cont\u00f3 con el apoyo de la Direcci\u00f3n de Fortalecimiento de la Sociedad Civil de la ciudad de Buenos Aires,.<br \/>\nEl s\u00e1bado 13 de octubre, el grupo de j\u00f3venes que particip\u00f3 de la iniciativa para sensibilizar a sus pares sobre las violencias hacia las mujeres difundir\u00e1 las producciones art\u00edsticas realizadas en los talleres de est\u00e9ncil y serigraf\u00eda. Durante la jornada, que se realizar\u00e1 en los Bosques de Palermo a partir de las 15hs, se invitar\u00e1 a m\u00e1s j\u00f3venes a elaborar mensajes que promuevan el fin de la violencia sexista y contribuyan a una cultura que de prioridad a la igualdad entre varones y mujeres.<br \/>\nLas producciones en est\u00e9ncil y serigraf\u00eda son producto del intenso trabajo previo en talleres, en los que el grupo de j\u00f3venes reflexion\u00f3 junto a integrantes de\u00a0<strong>FEIM<\/strong>\u00a0sobre los fundamentos y los distintos tipos y modalidades de la violencia de g\u00e9nero, as\u00ed como sobre los derechos que amparan a las mujeres. Las piezas creadas est\u00e1n especialmente dirigidas a j\u00f3venes y profundizan sobre las violencias simb\u00f3lica y medi\u00e1tica, apuntan a deconstruir los roles estereotipados de mujeres y varones, y a intervenir tempranamente en las relaciones violentas que se dan desde los noviazgos cada vez con mayor frecuencia.<br \/>\nLa actividad, realizada con el apoyo de la Direcci\u00f3n de Fortalecimiento de la Sociedad Civil de la ciudad de Buenos Aires, ser\u00e1 el cierre del segundo proyecto que\u00a0<strong>FEIM<\/strong>\u00a0y<strong>Casa escuela de Arte<\/strong>\u00a0desarrollaron. El a\u00f1o pasado realizaron en conjunto un mural, en el puente de Soler y Juan B. Justo, inaugurado en el D\u00eda Internacional por la Eliminaci\u00f3n de la Violencia hacia las Mujeres. Ambas iniciativas se basan en la convicci\u00f3n de la capacidad del arte y la cultura para aportar al cambio de las pautas culturales que naturalizan y perpet\u00faan la violencia de g\u00e9nero<br \/>\nLa violencia hacia mujeres y ni\u00f1as es la violaci\u00f3n de los Derechos Humanos m\u00e1s frecuente, silenciada e impune. Es un grave problema social, porque impacta sobre mujeres de todas las edades, culturas y situaciones socioecon\u00f3micas, y tiene origen en las desigualdades de poder entre mujeres y hombres.<br \/>\n<em>Las mujeres tienen derecho a vivir sin violencia. El arte es una poderosa herramienta de acci\u00f3n y transformaci\u00f3n. Us\u00e9mosla.<br \/>\n<\/em><br \/>\n<strong>M\u00e1s informaci\u00f3n FUNDACI\u00d3N PARA ESTUDIO E INVESTIGACI\u00d3N DE LA MUJER \u2013 FEIM<br \/>\n<\/strong>\u00a0(5411) 4372.2763 |\u00a0<a href=\"mailto:feim@feim.org.ar\" rel=\"nofollow\" target=\"_blank\">feim@feim.org.ar<\/a>\u00a0|\u00a0<a href=\"http:\/\/www.feim.org.ar\/difusion\/www.feim.org.ar\" rel=\"nofollow\" target=\"_blank\">www.feim.org.ar<\/a><br \/>\nMabel Bianco: (5411) 15.6478.3635<br \/>\nContacto de prensa: (5411) 15.4421.4264 |\u00a0<a href=\"mailto:gisela@feim.org.ar\" rel=\"nofollow\" target=\"_blank\">gisela@feim.org.ar<\/a><br \/>\n&nbsp;<br \/>\n&nbsp;<br \/>\n&nbsp;<br \/>\n&nbsp;<\/p>\n","protected":false},"excerpt":{"rendered":"<p>&nbsp; &nbsp; &nbsp; &nbsp; S\u00c1BADO 13 DE OCTUBRE 15 a 18 hs Av. Figueroa Alcorta y Av. Sarmiento PALERMO La actividad se suspende en caso de lluvia. La\u00a0Fundaci\u00f3n para Estudio e Investigaci\u00f3n de la Mujer \u2013 FEIM\u00a0y\u00a0Casa Escuela de Arte\u00a0invitan a participar del cierre del proyecto conjunto \u00abArte-acci\u00f3n para erradicar y prevenir las violencias hacia [&hellip;]<\/p>\n","protected":false},"author":1,"featured_media":0,"comment_status":"open","ping_status":"open","sticky":false,"template":"","format":"standard","meta":{"iawp_total_views":2,"footnotes":""},"categories":[7,4],"tags":[],"class_list":["post-4474","post","type-post","status-publish","format-standard","hentry","category-actividades","category-medios"],"nelio_content":{"autoShareEndMode":"never","automationSources":{"useCustomSentences":false,"customSentences":[]},"efiAlt":"","efiUrl":"","followers":[],"highlights":[],"isAutoShareEnabled":true,"networkImageIds":[],"permalinkQueryArgs":[],"series":[],"suggestedReferences":[]},"yoast_head":"<!-- This site is optimized with the Yoast SEO plugin v27.4 - https:\/\/yoast.com\/product\/yoast-seo-wordpress\/ -->\n<title>J\u00f2venes por el Derecho de las Mujeres a vivir sin Violencia - Diario Digital Femenino<\/title>\n<meta name=\"robots\" content=\"index, follow, max-snippet:-1, max-image-preview:large, max-video-preview:-1\" \/>\n<link rel=\"canonical\" href=\"https:\/\/diariofemenino.com.ar\/df\/jovenes-por-el-derecho-de-las-mujeres-a-vivir-sin-violencia\/\" \/>\n<meta property=\"og:locale\" content=\"es_ES\" \/>\n<meta property=\"og:type\" content=\"article\" \/>\n<meta property=\"og:title\" content=\"J\u00f2venes por el Derecho de las Mujeres a vivir sin Violencia - Diario Digital Femenino\" \/>\n<meta property=\"og:description\" content=\"&nbsp; &nbsp; &nbsp; &nbsp; S\u00c1BADO 13 DE OCTUBRE 15 a 18 hs Av. Figueroa Alcorta y Av. Sarmiento PALERMO La actividad se suspende en caso de lluvia. La\u00a0Fundaci\u00f3n para Estudio e Investigaci\u00f3n de la Mujer \u2013 FEIM\u00a0y\u00a0Casa Escuela de Arte\u00a0invitan a participar del cierre del proyecto conjunto \u00abArte-acci\u00f3n para erradicar y prevenir las violencias hacia [&hellip;]\" \/>\n<meta property=\"og:url\" content=\"https:\/\/diariofemenino.com.ar\/df\/jovenes-por-el-derecho-de-las-mujeres-a-vivir-sin-violencia\/\" \/>\n<meta property=\"og:site_name\" content=\"Diario Digital Femenino\" \/>\n<meta property=\"article:publisher\" content=\"https:\/\/www.facebook.com\/DiarioDigitaFemenino\/\" \/>\n<meta property=\"article:published_time\" content=\"2012-10-11T14:57:47+00:00\" \/>\n<meta property=\"og:image\" content=\"http:\/\/www.diariofemenino.com.ar\/wp-content\/uploads\/Sticker-01.png\" \/>\n<meta name=\"author\" content=\"Admin\" \/>\n<meta name=\"twitter:card\" content=\"summary_large_image\" \/>\n<meta name=\"twitter:creator\" content=\"@DiarioFemenino1\" \/>\n<meta name=\"twitter:site\" content=\"@DiarioFemenino1\" \/>\n<meta name=\"twitter:label1\" content=\"Escrito por\" \/>\n\t<meta name=\"twitter:data1\" content=\"Admin\" \/>\n\t<meta name=\"twitter:label2\" content=\"Tiempo de lectura\" \/>\n\t<meta name=\"twitter:data2\" content=\"2 minutos\" \/>\n<script type=\"application\/ld+json\" class=\"yoast-schema-graph\">{\"@context\":\"https:\\\/\\\/schema.org\",\"@graph\":[{\"@type\":\"Article\",\"@id\":\"https:\\\/\\\/diariofemenino.com.ar\\\/df\\\/jovenes-por-el-derecho-de-las-mujeres-a-vivir-sin-violencia\\\/#article\",\"isPartOf\":{\"@id\":\"https:\\\/\\\/diariofemenino.com.ar\\\/df\\\/jovenes-por-el-derecho-de-las-mujeres-a-vivir-sin-violencia\\\/\"},\"author\":{\"name\":\"Admin\",\"@id\":\"https:\\\/\\\/diariofemenino.com.ar\\\/df\\\/#\\\/schema\\\/person\\\/38f54b3bfd13f561de2460ba95c169c6\"},\"headline\":\"J\u00f2venes por el Derecho de las Mujeres a vivir sin Violencia\",\"datePublished\":\"2012-10-11T14:57:47+00:00\",\"mainEntityOfPage\":{\"@id\":\"https:\\\/\\\/diariofemenino.com.ar\\\/df\\\/jovenes-por-el-derecho-de-las-mujeres-a-vivir-sin-violencia\\\/\"},\"wordCount\":505,\"commentCount\":0,\"publisher\":{\"@id\":\"https:\\\/\\\/diariofemenino.com.ar\\\/df\\\/#organization\"},\"image\":{\"@id\":\"https:\\\/\\\/diariofemenino.com.ar\\\/df\\\/jovenes-por-el-derecho-de-las-mujeres-a-vivir-sin-violencia\\\/#primaryimage\"},\"thumbnailUrl\":\"http:\\\/\\\/www.diariofemenino.com.ar\\\/wp-content\\\/uploads\\\/Sticker-01.png\",\"articleSection\":[\"Actividades\",\"Medios\"],\"inLanguage\":\"es\",\"potentialAction\":[{\"@type\":\"CommentAction\",\"name\":\"Comment\",\"target\":[\"https:\\\/\\\/diariofemenino.com.ar\\\/df\\\/jovenes-por-el-derecho-de-las-mujeres-a-vivir-sin-violencia\\\/#respond\"]}]},{\"@type\":\"WebPage\",\"@id\":\"https:\\\/\\\/diariofemenino.com.ar\\\/df\\\/jovenes-por-el-derecho-de-las-mujeres-a-vivir-sin-violencia\\\/\",\"url\":\"https:\\\/\\\/diariofemenino.com.ar\\\/df\\\/jovenes-por-el-derecho-de-las-mujeres-a-vivir-sin-violencia\\\/\",\"name\":\"J\u00f2venes por el Derecho de las Mujeres a vivir sin Violencia - Diario Digital Femenino\",\"isPartOf\":{\"@id\":\"https:\\\/\\\/diariofemenino.com.ar\\\/df\\\/#website\"},\"primaryImageOfPage\":{\"@id\":\"https:\\\/\\\/diariofemenino.com.ar\\\/df\\\/jovenes-por-el-derecho-de-las-mujeres-a-vivir-sin-violencia\\\/#primaryimage\"},\"image\":{\"@id\":\"https:\\\/\\\/diariofemenino.com.ar\\\/df\\\/jovenes-por-el-derecho-de-las-mujeres-a-vivir-sin-violencia\\\/#primaryimage\"},\"thumbnailUrl\":\"http:\\\/\\\/www.diariofemenino.com.ar\\\/wp-content\\\/uploads\\\/Sticker-01.png\",\"datePublished\":\"2012-10-11T14:57:47+00:00\",\"breadcrumb\":{\"@id\":\"https:\\\/\\\/diariofemenino.com.ar\\\/df\\\/jovenes-por-el-derecho-de-las-mujeres-a-vivir-sin-violencia\\\/#breadcrumb\"},\"inLanguage\":\"es\",\"potentialAction\":[{\"@type\":\"ReadAction\",\"target\":[\"https:\\\/\\\/diariofemenino.com.ar\\\/df\\\/jovenes-por-el-derecho-de-las-mujeres-a-vivir-sin-violencia\\\/\"]}]},{\"@type\":\"ImageObject\",\"inLanguage\":\"es\",\"@id\":\"https:\\\/\\\/diariofemenino.com.ar\\\/df\\\/jovenes-por-el-derecho-de-las-mujeres-a-vivir-sin-violencia\\\/#primaryimage\",\"url\":\"http:\\\/\\\/www.diariofemenino.com.ar\\\/wp-content\\\/uploads\\\/Sticker-01.png\",\"contentUrl\":\"http:\\\/\\\/www.diariofemenino.com.ar\\\/wp-content\\\/uploads\\\/Sticker-01.png\"},{\"@type\":\"BreadcrumbList\",\"@id\":\"https:\\\/\\\/diariofemenino.com.ar\\\/df\\\/jovenes-por-el-derecho-de-las-mujeres-a-vivir-sin-violencia\\\/#breadcrumb\",\"itemListElement\":[{\"@type\":\"ListItem\",\"position\":1,\"name\":\"Portada\",\"item\":\"https:\\\/\\\/diariofemenino.com.ar\\\/df\\\/\"},{\"@type\":\"ListItem\",\"position\":2,\"name\":\"J\u00f2venes por el Derecho de las Mujeres a vivir sin Violencia\"}]},{\"@type\":\"WebSite\",\"@id\":\"https:\\\/\\\/diariofemenino.com.ar\\\/df\\\/#website\",\"url\":\"https:\\\/\\\/diariofemenino.com.ar\\\/df\\\/\",\"name\":\"Diario Digital Femenino\",\"description\":\"Cuesti\u00f3n de G\u00e9nero\",\"publisher\":{\"@id\":\"https:\\\/\\\/diariofemenino.com.ar\\\/df\\\/#organization\"},\"potentialAction\":[{\"@type\":\"SearchAction\",\"target\":{\"@type\":\"EntryPoint\",\"urlTemplate\":\"https:\\\/\\\/diariofemenino.com.ar\\\/df\\\/?s={search_term_string}\"},\"query-input\":{\"@type\":\"PropertyValueSpecification\",\"valueRequired\":true,\"valueName\":\"search_term_string\"}}],\"inLanguage\":\"es\"},{\"@type\":\"Organization\",\"@id\":\"https:\\\/\\\/diariofemenino.com.ar\\\/df\\\/#organization\",\"name\":\"Diario Femenino\",\"url\":\"https:\\\/\\\/diariofemenino.com.ar\\\/df\\\/\",\"logo\":{\"@type\":\"ImageObject\",\"inLanguage\":\"es\",\"@id\":\"https:\\\/\\\/diariofemenino.com.ar\\\/df\\\/#\\\/schema\\\/logo\\\/image\\\/\",\"url\":\"https:\\\/\\\/diariofemenino.com.ar\\\/df\\\/wp-content\\\/uploads\\\/2018\\\/10\\\/logo.png\",\"contentUrl\":\"https:\\\/\\\/diariofemenino.com.ar\\\/df\\\/wp-content\\\/uploads\\\/2018\\\/10\\\/logo.png\",\"width\":500,\"height\":92,\"caption\":\"Diario Femenino\"},\"image\":{\"@id\":\"https:\\\/\\\/diariofemenino.com.ar\\\/df\\\/#\\\/schema\\\/logo\\\/image\\\/\"},\"sameAs\":[\"https:\\\/\\\/www.facebook.com\\\/DiarioDigitaFemenino\\\/\",\"https:\\\/\\\/x.com\\\/DiarioFemenino1\"]},{\"@type\":\"Person\",\"@id\":\"https:\\\/\\\/diariofemenino.com.ar\\\/df\\\/#\\\/schema\\\/person\\\/38f54b3bfd13f561de2460ba95c169c6\",\"name\":\"Admin\",\"image\":{\"@type\":\"ImageObject\",\"inLanguage\":\"es\",\"@id\":\"https:\\\/\\\/diariofemenino.com.ar\\\/df\\\/wp-content\\\/uploads\\\/2018\\\/12\\\/favicon-150x150.jpg\",\"url\":\"https:\\\/\\\/diariofemenino.com.ar\\\/df\\\/wp-content\\\/uploads\\\/2018\\\/12\\\/favicon-150x150.jpg\",\"contentUrl\":\"https:\\\/\\\/diariofemenino.com.ar\\\/df\\\/wp-content\\\/uploads\\\/2018\\\/12\\\/favicon-150x150.jpg\",\"caption\":\"Admin\"},\"url\":\"https:\\\/\\\/diariofemenino.com.ar\\\/df\\\/author\\\/adm18df\\\/\"}]}<\/script>\n<!-- \/ Yoast SEO plugin. -->","yoast_head_json":{"title":"J\u00f2venes por el Derecho de las Mujeres a vivir sin Violencia - Diario Digital Femenino","robots":{"index":"index","follow":"follow","max-snippet":"max-snippet:-1","max-image-preview":"max-image-preview:large","max-video-preview":"max-video-preview:-1"},"canonical":"https:\/\/diariofemenino.com.ar\/df\/jovenes-por-el-derecho-de-las-mujeres-a-vivir-sin-violencia\/","og_locale":"es_ES","og_type":"article","og_title":"J\u00f2venes por el Derecho de las Mujeres a vivir sin Violencia - Diario Digital Femenino","og_description":"&nbsp; &nbsp; &nbsp; &nbsp; S\u00c1BADO 13 DE OCTUBRE 15 a 18 hs Av. Figueroa Alcorta y Av. Sarmiento PALERMO La actividad se suspende en caso de lluvia. La\u00a0Fundaci\u00f3n para Estudio e Investigaci\u00f3n de la Mujer \u2013 FEIM\u00a0y\u00a0Casa Escuela de Arte\u00a0invitan a participar del cierre del proyecto conjunto \u00abArte-acci\u00f3n para erradicar y prevenir las violencias hacia [&hellip;]","og_url":"https:\/\/diariofemenino.com.ar\/df\/jovenes-por-el-derecho-de-las-mujeres-a-vivir-sin-violencia\/","og_site_name":"Diario Digital Femenino","article_publisher":"https:\/\/www.facebook.com\/DiarioDigitaFemenino\/","article_published_time":"2012-10-11T14:57:47+00:00","og_image":[{"url":"http:\/\/www.diariofemenino.com.ar\/wp-content\/uploads\/Sticker-01.png","type":"","width":"","height":""}],"author":"Admin","twitter_card":"summary_large_image","twitter_creator":"@DiarioFemenino1","twitter_site":"@DiarioFemenino1","twitter_misc":{"Escrito por":"Admin","Tiempo de lectura":"2 minutos"},"schema":{"@context":"https:\/\/schema.org","@graph":[{"@type":"Article","@id":"https:\/\/diariofemenino.com.ar\/df\/jovenes-por-el-derecho-de-las-mujeres-a-vivir-sin-violencia\/#article","isPartOf":{"@id":"https:\/\/diariofemenino.com.ar\/df\/jovenes-por-el-derecho-de-las-mujeres-a-vivir-sin-violencia\/"},"author":{"name":"Admin","@id":"https:\/\/diariofemenino.com.ar\/df\/#\/schema\/person\/38f54b3bfd13f561de2460ba95c169c6"},"headline":"J\u00f2venes por el Derecho de las Mujeres a vivir sin Violencia","datePublished":"2012-10-11T14:57:47+00:00","mainEntityOfPage":{"@id":"https:\/\/diariofemenino.com.ar\/df\/jovenes-por-el-derecho-de-las-mujeres-a-vivir-sin-violencia\/"},"wordCount":505,"commentCount":0,"publisher":{"@id":"https:\/\/diariofemenino.com.ar\/df\/#organization"},"image":{"@id":"https:\/\/diariofemenino.com.ar\/df\/jovenes-por-el-derecho-de-las-mujeres-a-vivir-sin-violencia\/#primaryimage"},"thumbnailUrl":"http:\/\/www.diariofemenino.com.ar\/wp-content\/uploads\/Sticker-01.png","articleSection":["Actividades","Medios"],"inLanguage":"es","potentialAction":[{"@type":"CommentAction","name":"Comment","target":["https:\/\/diariofemenino.com.ar\/df\/jovenes-por-el-derecho-de-las-mujeres-a-vivir-sin-violencia\/#respond"]}]},{"@type":"WebPage","@id":"https:\/\/diariofemenino.com.ar\/df\/jovenes-por-el-derecho-de-las-mujeres-a-vivir-sin-violencia\/","url":"https:\/\/diariofemenino.com.ar\/df\/jovenes-por-el-derecho-de-las-mujeres-a-vivir-sin-violencia\/","name":"J\u00f2venes por el Derecho de las Mujeres a vivir sin Violencia - Diario Digital Femenino","isPartOf":{"@id":"https:\/\/diariofemenino.com.ar\/df\/#website"},"primaryImageOfPage":{"@id":"https:\/\/diariofemenino.com.ar\/df\/jovenes-por-el-derecho-de-las-mujeres-a-vivir-sin-violencia\/#primaryimage"},"image":{"@id":"https:\/\/diariofemenino.com.ar\/df\/jovenes-por-el-derecho-de-las-mujeres-a-vivir-sin-violencia\/#primaryimage"},"thumbnailUrl":"http:\/\/www.diariofemenino.com.ar\/wp-content\/uploads\/Sticker-01.png","datePublished":"2012-10-11T14:57:47+00:00","breadcrumb":{"@id":"https:\/\/diariofemenino.com.ar\/df\/jovenes-por-el-derecho-de-las-mujeres-a-vivir-sin-violencia\/#breadcrumb"},"inLanguage":"es","potentialAction":[{"@type":"ReadAction","target":["https:\/\/diariofemenino.com.ar\/df\/jovenes-por-el-derecho-de-las-mujeres-a-vivir-sin-violencia\/"]}]},{"@type":"ImageObject","inLanguage":"es","@id":"https:\/\/diariofemenino.com.ar\/df\/jovenes-por-el-derecho-de-las-mujeres-a-vivir-sin-violencia\/#primaryimage","url":"http:\/\/www.diariofemenino.com.ar\/wp-content\/uploads\/Sticker-01.png","contentUrl":"http:\/\/www.diariofemenino.com.ar\/wp-content\/uploads\/Sticker-01.png"},{"@type":"BreadcrumbList","@id":"https:\/\/diariofemenino.com.ar\/df\/jovenes-por-el-derecho-de-las-mujeres-a-vivir-sin-violencia\/#breadcrumb","itemListElement":[{"@type":"ListItem","position":1,"name":"Portada","item":"https:\/\/diariofemenino.com.ar\/df\/"},{"@type":"ListItem","position":2,"name":"J\u00f2venes por el Derecho de las Mujeres a vivir sin Violencia"}]},{"@type":"WebSite","@id":"https:\/\/diariofemenino.com.ar\/df\/#website","url":"https:\/\/diariofemenino.com.ar\/df\/","name":"Diario Digital Femenino","description":"Cuesti\u00f3n de G\u00e9nero","publisher":{"@id":"https:\/\/diariofemenino.com.ar\/df\/#organization"},"potentialAction":[{"@type":"SearchAction","target":{"@type":"EntryPoint","urlTemplate":"https:\/\/diariofemenino.com.ar\/df\/?s={search_term_string}"},"query-input":{"@type":"PropertyValueSpecification","valueRequired":true,"valueName":"search_term_string"}}],"inLanguage":"es"},{"@type":"Organization","@id":"https:\/\/diariofemenino.com.ar\/df\/#organization","name":"Diario Femenino","url":"https:\/\/diariofemenino.com.ar\/df\/","logo":{"@type":"ImageObject","inLanguage":"es","@id":"https:\/\/diariofemenino.com.ar\/df\/#\/schema\/logo\/image\/","url":"https:\/\/diariofemenino.com.ar\/df\/wp-content\/uploads\/2018\/10\/logo.png","contentUrl":"https:\/\/diariofemenino.com.ar\/df\/wp-content\/uploads\/2018\/10\/logo.png","width":500,"height":92,"caption":"Diario Femenino"},"image":{"@id":"https:\/\/diariofemenino.com.ar\/df\/#\/schema\/logo\/image\/"},"sameAs":["https:\/\/www.facebook.com\/DiarioDigitaFemenino\/","https:\/\/x.com\/DiarioFemenino1"]},{"@type":"Person","@id":"https:\/\/diariofemenino.com.ar\/df\/#\/schema\/person\/38f54b3bfd13f561de2460ba95c169c6","name":"Admin","image":{"@type":"ImageObject","inLanguage":"es","@id":"https:\/\/diariofemenino.com.ar\/df\/wp-content\/uploads\/2018\/12\/favicon-150x150.jpg","url":"https:\/\/diariofemenino.com.ar\/df\/wp-content\/uploads\/2018\/12\/favicon-150x150.jpg","contentUrl":"https:\/\/diariofemenino.com.ar\/df\/wp-content\/uploads\/2018\/12\/favicon-150x150.jpg","caption":"Admin"},"url":"https:\/\/diariofemenino.com.ar\/df\/author\/adm18df\/"}]}},"jetpack_featured_media_url":"","jetpack_sharing_enabled":true,"rttpg_featured_image_url":null,"rttpg_author":{"display_name":"Admin","author_link":"https:\/\/diariofemenino.com.ar\/df\/author\/adm18df\/"},"rttpg_comment":0,"rttpg_category":"<a href=\"https:\/\/diariofemenino.com.ar\/df\/category\/actividades\/\" rel=\"category tag\">Actividades<\/a> <a href=\"https:\/\/diariofemenino.com.ar\/df\/category\/medios\/\" rel=\"category tag\">Medios<\/a>","rttpg_excerpt":"&nbsp; &nbsp; &nbsp; &nbsp; S\u00c1BADO 13 DE OCTUBRE 15 a 18 hs Av. Figueroa Alcorta y Av. Sarmiento PALERMO La actividad se suspende en caso de lluvia. La\u00a0Fundaci\u00f3n para Estudio e Investigaci\u00f3n de la Mujer \u2013 FEIM\u00a0y\u00a0Casa Escuela de Arte\u00a0invitan a participar del cierre del proyecto conjunto \u00abArte-acci\u00f3n para erradicar y prevenir las violencias hacia&hellip;","_links":{"self":[{"href":"https:\/\/diariofemenino.com.ar\/df\/wp-json\/wp\/v2\/posts\/4474","targetHints":{"allow":["GET"]}}],"collection":[{"href":"https:\/\/diariofemenino.com.ar\/df\/wp-json\/wp\/v2\/posts"}],"about":[{"href":"https:\/\/diariofemenino.com.ar\/df\/wp-json\/wp\/v2\/types\/post"}],"author":[{"embeddable":true,"href":"https:\/\/diariofemenino.com.ar\/df\/wp-json\/wp\/v2\/users\/1"}],"replies":[{"embeddable":true,"href":"https:\/\/diariofemenino.com.ar\/df\/wp-json\/wp\/v2\/comments?post=4474"}],"version-history":[{"count":0,"href":"https:\/\/diariofemenino.com.ar\/df\/wp-json\/wp\/v2\/posts\/4474\/revisions"}],"wp:attachment":[{"href":"https:\/\/diariofemenino.com.ar\/df\/wp-json\/wp\/v2\/media?parent=4474"}],"wp:term":[{"taxonomy":"category","embeddable":true,"href":"https:\/\/diariofemenino.com.ar\/df\/wp-json\/wp\/v2\/categories?post=4474"},{"taxonomy":"post_tag","embeddable":true,"href":"https:\/\/diariofemenino.com.ar\/df\/wp-json\/wp\/v2\/tags?post=4474"}],"curies":[{"name":"wp","href":"https:\/\/api.w.org\/{rel}","templated":true}]}}