{"id":4466,"date":"2012-10-11T10:41:10","date_gmt":"2012-10-11T13:41:10","guid":{"rendered":"http:\/\/www.diariofemenino.com.ar\/?p=4466"},"modified":"2012-10-11T10:41:10","modified_gmt":"2012-10-11T13:41:10","slug":"violencia-de-genero-piden-capacitacion-para-la-policia","status":"publish","type":"post","link":"https:\/\/diariofemenino.com.ar\/df\/violencia-de-genero-piden-capacitacion-para-la-policia\/","title":{"rendered":"Violencia de g\u00e9nero: piden capacitaci\u00f3n para la polic\u00eda"},"content":{"rendered":"<p>&nbsp;<br \/>\n&nbsp;<br \/>\n&nbsp;<br \/>\n<strong>Rosario. La Multisectorial de Mujeres plante\u00f3 problemas puntuales a la intendenta. La mala recepci\u00f3n de las denuncias de las v\u00edctimas en las comisar\u00edas, uno de los principales reclamos. El tel\u00e9fono verde comenzar\u00e1 a atender 24 horas.<\/strong><br \/>\n<a href=\"http:\/\/www.diariofemenino.com.ar\/wp-content\/uploads\/images12.jpg\"><img loading=\"lazy\" decoding=\"async\" class=\"alignnone size-full wp-image-4467\" title=\"images12\" src=\"http:\/\/www.diariofemenino.com.ar\/wp-content\/uploads\/images12.jpg\" alt=\"\" width=\"150\" height=\"100\" \/><\/a><br \/>\nLuego del asesinato de\u00a0<a href=\"http:\/\/www.rosario3.com\/noticias\/policiales\/noticias.aspx?idNot=118923&amp;Asesinaron-a-una-joven-en-zona-sur:-buscan-a-su-ex\" target=\"_blank\">Sof\u00eda Bertolini\u00a0<\/a>\u2013el s\u00e1bado pasado en Grandoli y Gutierrez por parte de su ex pareja que ten\u00eda la exclusi\u00f3n del hogar\u2013 y a menos de un mes de declararse la emergencia por violencia de g\u00e9nero declarada por el Concejo Municipal para la ciudad de Rosario, la Multisectorial de Mujeres y otras organizaciones que no la integran se reuni\u00f3 con la intendenta M\u00f3nica Fein para hacerle reclamos puntuales vinculados a esta problem\u00e1tica. La mala recepci\u00f3n de las denuncias de las v\u00edctimas, uno de los principales cuestionamientos.<br \/>\n\u00abEl balance es positivo, es el comienzo de una serie de distintas reuniones que se van a desarrollar\u00bb, dijo Liliana Leyes de ATE que forma parte de la Multisectorial. Y a\u00f1adi\u00f3:\u00a0\u00a0\u00abLo que nosotros creemos es que en la pr\u00e1ctica hay cierta ausencia de estas pol\u00edticas que\u00a0no siempre ayuden a resolver problemas que tienen\u00a0las compa\u00f1eras que son v\u00edctimas de la violencia de g\u00e9nero\u00bb<br \/>\nEn este sentido, el eje en el que se centraron las organizaciones fue: la falta de mayor cantidad de refugios para asistir a las mujeres y sus hijos y el trato que reciben en las comisar\u00edas a la hora de ir a denunciar.<br \/>\n\u00abHay una falta de capacitaci\u00f3n para atender estos casos. Pedimos que se comience a formar al personal para ayudar a las mujeres a resolver estas situaciones cuando son violentadas, que sean atendidas como se merecen y que esa denuncia pueda ser articulada con los organismos y dependencias que trabajan en torno a esos problemas\u00bb, dijo Leyes.<br \/>\n\u00abVolv\u00e9 a tu casa\u00bb, \u00abNo hagas l\u00edo\u00bb, \u00abAnd\u00e1 y qued\u00e1te callada\u00bb, \u00abNo busques m\u00e1s problemas\u00bb, \u00abNo podemos hacer nada\u00bb. Son algunas de las respuestas que las mujeres que van a denunciar maltrato se encuentran en\u00a0la mayor\u00eda de las comisar\u00edas. Las frases no hacen m\u00e1s que naturalizar la violencia que las llev\u00f3 hasta ah\u00ed.<br \/>\n\u00abMuchas compa\u00f1eras vuelven sin hacer la denuncia y tienen\u00a0que ir a un juzgado porque desde la polic\u00eda no se las acompa\u00f1a\u00bb, expres\u00f3.<br \/>\nPor eso, el pedido de las organizaciones es que el personal policial \u00abacompa\u00f1e a la mujer y sus hijos hasta las dependencias dedicadas a atender el tema\u00bb.<br \/>\n<strong>Tel\u00e9fono verde por 24 horas<\/strong><br \/>\nEn la reuni\u00f3n la intendenta M\u00f3nica Fein anunci\u00f3 que a partir del 12 de octubre, el tel\u00e9fono verde para asistir a las v\u00edctimas de violencia (0800 444 0420) atender\u00e1 las 24 horas. Las llamadas a ese n\u00famero se derivan a la Guardia Urbana Municipal de 19 a 10.<br \/>\n&nbsp;<br \/>\n&nbsp;<br \/>\n&nbsp;<br \/>\nRosario3<\/p>\n","protected":false},"excerpt":{"rendered":"<p>&nbsp; &nbsp; &nbsp; Rosario. La Multisectorial de Mujeres plante\u00f3 problemas puntuales a la intendenta. La mala recepci\u00f3n de las denuncias de las v\u00edctimas en las comisar\u00edas, uno de los principales reclamos. El tel\u00e9fono verde comenzar\u00e1 a atender 24 horas. Luego del asesinato de\u00a0Sof\u00eda Bertolini\u00a0\u2013el s\u00e1bado pasado en Grandoli y Gutierrez por parte de su ex [&hellip;]<\/p>\n","protected":false},"author":1,"featured_media":0,"comment_status":"open","ping_status":"open","sticky":false,"template":"","format":"standard","meta":{"iawp_total_views":1,"footnotes":""},"categories":[4,13],"tags":[],"class_list":["post-4466","post","type-post","status-publish","format-standard","hentry","category-medios","category-mujeres-sindicalistas"],"nelio_content":{"autoShareEndMode":"never","automationSources":{"useCustomSentences":false,"customSentences":[]},"efiAlt":"","efiUrl":"","followers":[],"highlights":[],"isAutoShareEnabled":true,"networkImageIds":[],"permalinkQueryArgs":[],"series":[],"suggestedReferences":[]},"yoast_head":"<!-- This site is optimized with the Yoast SEO plugin v27.4 - https:\/\/yoast.com\/product\/yoast-seo-wordpress\/ -->\n<title>Violencia de g\u00e9nero: piden capacitaci\u00f3n para la polic\u00eda - Diario Digital Femenino<\/title>\n<meta name=\"robots\" content=\"index, follow, max-snippet:-1, max-image-preview:large, max-video-preview:-1\" \/>\n<link rel=\"canonical\" href=\"https:\/\/diariofemenino.com.ar\/df\/violencia-de-genero-piden-capacitacion-para-la-policia\/\" \/>\n<meta property=\"og:locale\" content=\"es_ES\" \/>\n<meta property=\"og:type\" content=\"article\" \/>\n<meta property=\"og:title\" content=\"Violencia de g\u00e9nero: piden capacitaci\u00f3n para la polic\u00eda - Diario Digital Femenino\" \/>\n<meta property=\"og:description\" content=\"&nbsp; &nbsp; &nbsp; Rosario. La Multisectorial de Mujeres plante\u00f3 problemas puntuales a la intendenta. La mala recepci\u00f3n de las denuncias de las v\u00edctimas en las comisar\u00edas, uno de los principales reclamos. El tel\u00e9fono verde comenzar\u00e1 a atender 24 horas. Luego del asesinato de\u00a0Sof\u00eda Bertolini\u00a0\u2013el s\u00e1bado pasado en Grandoli y Gutierrez por parte de su ex [&hellip;]\" \/>\n<meta property=\"og:url\" content=\"https:\/\/diariofemenino.com.ar\/df\/violencia-de-genero-piden-capacitacion-para-la-policia\/\" \/>\n<meta property=\"og:site_name\" content=\"Diario Digital Femenino\" \/>\n<meta property=\"article:publisher\" content=\"https:\/\/www.facebook.com\/DiarioDigitaFemenino\/\" \/>\n<meta property=\"article:published_time\" content=\"2012-10-11T13:41:10+00:00\" \/>\n<meta property=\"og:image\" content=\"http:\/\/www.diariofemenino.com.ar\/wp-content\/uploads\/images12.jpg\" \/>\n<meta name=\"author\" content=\"Admin\" \/>\n<meta name=\"twitter:card\" content=\"summary_large_image\" \/>\n<meta name=\"twitter:creator\" content=\"@DiarioFemenino1\" \/>\n<meta name=\"twitter:site\" content=\"@DiarioFemenino1\" \/>\n<meta name=\"twitter:label1\" content=\"Escrito por\" \/>\n\t<meta name=\"twitter:data1\" content=\"Admin\" \/>\n\t<meta name=\"twitter:label2\" content=\"Tiempo de lectura\" \/>\n\t<meta name=\"twitter:data2\" content=\"2 minutos\" \/>\n<script type=\"application\/ld+json\" class=\"yoast-schema-graph\">{\"@context\":\"https:\\\/\\\/schema.org\",\"@graph\":[{\"@type\":\"Article\",\"@id\":\"https:\\\/\\\/diariofemenino.com.ar\\\/df\\\/violencia-de-genero-piden-capacitacion-para-la-policia\\\/#article\",\"isPartOf\":{\"@id\":\"https:\\\/\\\/diariofemenino.com.ar\\\/df\\\/violencia-de-genero-piden-capacitacion-para-la-policia\\\/\"},\"author\":{\"name\":\"Admin\",\"@id\":\"https:\\\/\\\/diariofemenino.com.ar\\\/df\\\/#\\\/schema\\\/person\\\/38f54b3bfd13f561de2460ba95c169c6\"},\"headline\":\"Violencia de g\u00e9nero: piden capacitaci\u00f3n para la polic\u00eda\",\"datePublished\":\"2012-10-11T13:41:10+00:00\",\"mainEntityOfPage\":{\"@id\":\"https:\\\/\\\/diariofemenino.com.ar\\\/df\\\/violencia-de-genero-piden-capacitacion-para-la-policia\\\/\"},\"wordCount\":492,\"commentCount\":0,\"publisher\":{\"@id\":\"https:\\\/\\\/diariofemenino.com.ar\\\/df\\\/#organization\"},\"image\":{\"@id\":\"https:\\\/\\\/diariofemenino.com.ar\\\/df\\\/violencia-de-genero-piden-capacitacion-para-la-policia\\\/#primaryimage\"},\"thumbnailUrl\":\"http:\\\/\\\/www.diariofemenino.com.ar\\\/wp-content\\\/uploads\\\/images12.jpg\",\"articleSection\":[\"Medios\",\"Mujeres Sindicalistas\"],\"inLanguage\":\"es\",\"potentialAction\":[{\"@type\":\"CommentAction\",\"name\":\"Comment\",\"target\":[\"https:\\\/\\\/diariofemenino.com.ar\\\/df\\\/violencia-de-genero-piden-capacitacion-para-la-policia\\\/#respond\"]}]},{\"@type\":\"WebPage\",\"@id\":\"https:\\\/\\\/diariofemenino.com.ar\\\/df\\\/violencia-de-genero-piden-capacitacion-para-la-policia\\\/\",\"url\":\"https:\\\/\\\/diariofemenino.com.ar\\\/df\\\/violencia-de-genero-piden-capacitacion-para-la-policia\\\/\",\"name\":\"Violencia de g\u00e9nero: piden capacitaci\u00f3n para la polic\u00eda - Diario Digital Femenino\",\"isPartOf\":{\"@id\":\"https:\\\/\\\/diariofemenino.com.ar\\\/df\\\/#website\"},\"primaryImageOfPage\":{\"@id\":\"https:\\\/\\\/diariofemenino.com.ar\\\/df\\\/violencia-de-genero-piden-capacitacion-para-la-policia\\\/#primaryimage\"},\"image\":{\"@id\":\"https:\\\/\\\/diariofemenino.com.ar\\\/df\\\/violencia-de-genero-piden-capacitacion-para-la-policia\\\/#primaryimage\"},\"thumbnailUrl\":\"http:\\\/\\\/www.diariofemenino.com.ar\\\/wp-content\\\/uploads\\\/images12.jpg\",\"datePublished\":\"2012-10-11T13:41:10+00:00\",\"breadcrumb\":{\"@id\":\"https:\\\/\\\/diariofemenino.com.ar\\\/df\\\/violencia-de-genero-piden-capacitacion-para-la-policia\\\/#breadcrumb\"},\"inLanguage\":\"es\",\"potentialAction\":[{\"@type\":\"ReadAction\",\"target\":[\"https:\\\/\\\/diariofemenino.com.ar\\\/df\\\/violencia-de-genero-piden-capacitacion-para-la-policia\\\/\"]}]},{\"@type\":\"ImageObject\",\"inLanguage\":\"es\",\"@id\":\"https:\\\/\\\/diariofemenino.com.ar\\\/df\\\/violencia-de-genero-piden-capacitacion-para-la-policia\\\/#primaryimage\",\"url\":\"http:\\\/\\\/www.diariofemenino.com.ar\\\/wp-content\\\/uploads\\\/images12.jpg\",\"contentUrl\":\"http:\\\/\\\/www.diariofemenino.com.ar\\\/wp-content\\\/uploads\\\/images12.jpg\"},{\"@type\":\"BreadcrumbList\",\"@id\":\"https:\\\/\\\/diariofemenino.com.ar\\\/df\\\/violencia-de-genero-piden-capacitacion-para-la-policia\\\/#breadcrumb\",\"itemListElement\":[{\"@type\":\"ListItem\",\"position\":1,\"name\":\"Portada\",\"item\":\"https:\\\/\\\/diariofemenino.com.ar\\\/df\\\/\"},{\"@type\":\"ListItem\",\"position\":2,\"name\":\"Violencia de g\u00e9nero: piden capacitaci\u00f3n para la polic\u00eda\"}]},{\"@type\":\"WebSite\",\"@id\":\"https:\\\/\\\/diariofemenino.com.ar\\\/df\\\/#website\",\"url\":\"https:\\\/\\\/diariofemenino.com.ar\\\/df\\\/\",\"name\":\"Diario Digital Femenino\",\"description\":\"Cuesti\u00f3n de G\u00e9nero\",\"publisher\":{\"@id\":\"https:\\\/\\\/diariofemenino.com.ar\\\/df\\\/#organization\"},\"potentialAction\":[{\"@type\":\"SearchAction\",\"target\":{\"@type\":\"EntryPoint\",\"urlTemplate\":\"https:\\\/\\\/diariofemenino.com.ar\\\/df\\\/?s={search_term_string}\"},\"query-input\":{\"@type\":\"PropertyValueSpecification\",\"valueRequired\":true,\"valueName\":\"search_term_string\"}}],\"inLanguage\":\"es\"},{\"@type\":\"Organization\",\"@id\":\"https:\\\/\\\/diariofemenino.com.ar\\\/df\\\/#organization\",\"name\":\"Diario Femenino\",\"url\":\"https:\\\/\\\/diariofemenino.com.ar\\\/df\\\/\",\"logo\":{\"@type\":\"ImageObject\",\"inLanguage\":\"es\",\"@id\":\"https:\\\/\\\/diariofemenino.com.ar\\\/df\\\/#\\\/schema\\\/logo\\\/image\\\/\",\"url\":\"https:\\\/\\\/diariofemenino.com.ar\\\/df\\\/wp-content\\\/uploads\\\/2018\\\/10\\\/logo.png\",\"contentUrl\":\"https:\\\/\\\/diariofemenino.com.ar\\\/df\\\/wp-content\\\/uploads\\\/2018\\\/10\\\/logo.png\",\"width\":500,\"height\":92,\"caption\":\"Diario Femenino\"},\"image\":{\"@id\":\"https:\\\/\\\/diariofemenino.com.ar\\\/df\\\/#\\\/schema\\\/logo\\\/image\\\/\"},\"sameAs\":[\"https:\\\/\\\/www.facebook.com\\\/DiarioDigitaFemenino\\\/\",\"https:\\\/\\\/x.com\\\/DiarioFemenino1\"]},{\"@type\":\"Person\",\"@id\":\"https:\\\/\\\/diariofemenino.com.ar\\\/df\\\/#\\\/schema\\\/person\\\/38f54b3bfd13f561de2460ba95c169c6\",\"name\":\"Admin\",\"image\":{\"@type\":\"ImageObject\",\"inLanguage\":\"es\",\"@id\":\"https:\\\/\\\/diariofemenino.com.ar\\\/df\\\/wp-content\\\/uploads\\\/2018\\\/12\\\/favicon-150x150.jpg\",\"url\":\"https:\\\/\\\/diariofemenino.com.ar\\\/df\\\/wp-content\\\/uploads\\\/2018\\\/12\\\/favicon-150x150.jpg\",\"contentUrl\":\"https:\\\/\\\/diariofemenino.com.ar\\\/df\\\/wp-content\\\/uploads\\\/2018\\\/12\\\/favicon-150x150.jpg\",\"caption\":\"Admin\"},\"url\":\"https:\\\/\\\/diariofemenino.com.ar\\\/df\\\/author\\\/adm18df\\\/\"}]}<\/script>\n<!-- \/ Yoast SEO plugin. -->","yoast_head_json":{"title":"Violencia de g\u00e9nero: piden capacitaci\u00f3n para la polic\u00eda - Diario Digital Femenino","robots":{"index":"index","follow":"follow","max-snippet":"max-snippet:-1","max-image-preview":"max-image-preview:large","max-video-preview":"max-video-preview:-1"},"canonical":"https:\/\/diariofemenino.com.ar\/df\/violencia-de-genero-piden-capacitacion-para-la-policia\/","og_locale":"es_ES","og_type":"article","og_title":"Violencia de g\u00e9nero: piden capacitaci\u00f3n para la polic\u00eda - Diario Digital Femenino","og_description":"&nbsp; &nbsp; &nbsp; Rosario. La Multisectorial de Mujeres plante\u00f3 problemas puntuales a la intendenta. La mala recepci\u00f3n de las denuncias de las v\u00edctimas en las comisar\u00edas, uno de los principales reclamos. El tel\u00e9fono verde comenzar\u00e1 a atender 24 horas. Luego del asesinato de\u00a0Sof\u00eda Bertolini\u00a0\u2013el s\u00e1bado pasado en Grandoli y Gutierrez por parte de su ex [&hellip;]","og_url":"https:\/\/diariofemenino.com.ar\/df\/violencia-de-genero-piden-capacitacion-para-la-policia\/","og_site_name":"Diario Digital Femenino","article_publisher":"https:\/\/www.facebook.com\/DiarioDigitaFemenino\/","article_published_time":"2012-10-11T13:41:10+00:00","og_image":[{"url":"http:\/\/www.diariofemenino.com.ar\/wp-content\/uploads\/images12.jpg","type":"","width":"","height":""}],"author":"Admin","twitter_card":"summary_large_image","twitter_creator":"@DiarioFemenino1","twitter_site":"@DiarioFemenino1","twitter_misc":{"Escrito por":"Admin","Tiempo de lectura":"2 minutos"},"schema":{"@context":"https:\/\/schema.org","@graph":[{"@type":"Article","@id":"https:\/\/diariofemenino.com.ar\/df\/violencia-de-genero-piden-capacitacion-para-la-policia\/#article","isPartOf":{"@id":"https:\/\/diariofemenino.com.ar\/df\/violencia-de-genero-piden-capacitacion-para-la-policia\/"},"author":{"name":"Admin","@id":"https:\/\/diariofemenino.com.ar\/df\/#\/schema\/person\/38f54b3bfd13f561de2460ba95c169c6"},"headline":"Violencia de g\u00e9nero: piden capacitaci\u00f3n para la polic\u00eda","datePublished":"2012-10-11T13:41:10+00:00","mainEntityOfPage":{"@id":"https:\/\/diariofemenino.com.ar\/df\/violencia-de-genero-piden-capacitacion-para-la-policia\/"},"wordCount":492,"commentCount":0,"publisher":{"@id":"https:\/\/diariofemenino.com.ar\/df\/#organization"},"image":{"@id":"https:\/\/diariofemenino.com.ar\/df\/violencia-de-genero-piden-capacitacion-para-la-policia\/#primaryimage"},"thumbnailUrl":"http:\/\/www.diariofemenino.com.ar\/wp-content\/uploads\/images12.jpg","articleSection":["Medios","Mujeres Sindicalistas"],"inLanguage":"es","potentialAction":[{"@type":"CommentAction","name":"Comment","target":["https:\/\/diariofemenino.com.ar\/df\/violencia-de-genero-piden-capacitacion-para-la-policia\/#respond"]}]},{"@type":"WebPage","@id":"https:\/\/diariofemenino.com.ar\/df\/violencia-de-genero-piden-capacitacion-para-la-policia\/","url":"https:\/\/diariofemenino.com.ar\/df\/violencia-de-genero-piden-capacitacion-para-la-policia\/","name":"Violencia de g\u00e9nero: piden capacitaci\u00f3n para la polic\u00eda - Diario Digital Femenino","isPartOf":{"@id":"https:\/\/diariofemenino.com.ar\/df\/#website"},"primaryImageOfPage":{"@id":"https:\/\/diariofemenino.com.ar\/df\/violencia-de-genero-piden-capacitacion-para-la-policia\/#primaryimage"},"image":{"@id":"https:\/\/diariofemenino.com.ar\/df\/violencia-de-genero-piden-capacitacion-para-la-policia\/#primaryimage"},"thumbnailUrl":"http:\/\/www.diariofemenino.com.ar\/wp-content\/uploads\/images12.jpg","datePublished":"2012-10-11T13:41:10+00:00","breadcrumb":{"@id":"https:\/\/diariofemenino.com.ar\/df\/violencia-de-genero-piden-capacitacion-para-la-policia\/#breadcrumb"},"inLanguage":"es","potentialAction":[{"@type":"ReadAction","target":["https:\/\/diariofemenino.com.ar\/df\/violencia-de-genero-piden-capacitacion-para-la-policia\/"]}]},{"@type":"ImageObject","inLanguage":"es","@id":"https:\/\/diariofemenino.com.ar\/df\/violencia-de-genero-piden-capacitacion-para-la-policia\/#primaryimage","url":"http:\/\/www.diariofemenino.com.ar\/wp-content\/uploads\/images12.jpg","contentUrl":"http:\/\/www.diariofemenino.com.ar\/wp-content\/uploads\/images12.jpg"},{"@type":"BreadcrumbList","@id":"https:\/\/diariofemenino.com.ar\/df\/violencia-de-genero-piden-capacitacion-para-la-policia\/#breadcrumb","itemListElement":[{"@type":"ListItem","position":1,"name":"Portada","item":"https:\/\/diariofemenino.com.ar\/df\/"},{"@type":"ListItem","position":2,"name":"Violencia de g\u00e9nero: piden capacitaci\u00f3n para la polic\u00eda"}]},{"@type":"WebSite","@id":"https:\/\/diariofemenino.com.ar\/df\/#website","url":"https:\/\/diariofemenino.com.ar\/df\/","name":"Diario Digital Femenino","description":"Cuesti\u00f3n de G\u00e9nero","publisher":{"@id":"https:\/\/diariofemenino.com.ar\/df\/#organization"},"potentialAction":[{"@type":"SearchAction","target":{"@type":"EntryPoint","urlTemplate":"https:\/\/diariofemenino.com.ar\/df\/?s={search_term_string}"},"query-input":{"@type":"PropertyValueSpecification","valueRequired":true,"valueName":"search_term_string"}}],"inLanguage":"es"},{"@type":"Organization","@id":"https:\/\/diariofemenino.com.ar\/df\/#organization","name":"Diario Femenino","url":"https:\/\/diariofemenino.com.ar\/df\/","logo":{"@type":"ImageObject","inLanguage":"es","@id":"https:\/\/diariofemenino.com.ar\/df\/#\/schema\/logo\/image\/","url":"https:\/\/diariofemenino.com.ar\/df\/wp-content\/uploads\/2018\/10\/logo.png","contentUrl":"https:\/\/diariofemenino.com.ar\/df\/wp-content\/uploads\/2018\/10\/logo.png","width":500,"height":92,"caption":"Diario Femenino"},"image":{"@id":"https:\/\/diariofemenino.com.ar\/df\/#\/schema\/logo\/image\/"},"sameAs":["https:\/\/www.facebook.com\/DiarioDigitaFemenino\/","https:\/\/x.com\/DiarioFemenino1"]},{"@type":"Person","@id":"https:\/\/diariofemenino.com.ar\/df\/#\/schema\/person\/38f54b3bfd13f561de2460ba95c169c6","name":"Admin","image":{"@type":"ImageObject","inLanguage":"es","@id":"https:\/\/diariofemenino.com.ar\/df\/wp-content\/uploads\/2018\/12\/favicon-150x150.jpg","url":"https:\/\/diariofemenino.com.ar\/df\/wp-content\/uploads\/2018\/12\/favicon-150x150.jpg","contentUrl":"https:\/\/diariofemenino.com.ar\/df\/wp-content\/uploads\/2018\/12\/favicon-150x150.jpg","caption":"Admin"},"url":"https:\/\/diariofemenino.com.ar\/df\/author\/adm18df\/"}]}},"jetpack_featured_media_url":"","jetpack_sharing_enabled":true,"rttpg_featured_image_url":null,"rttpg_author":{"display_name":"Admin","author_link":"https:\/\/diariofemenino.com.ar\/df\/author\/adm18df\/"},"rttpg_comment":0,"rttpg_category":"<a href=\"https:\/\/diariofemenino.com.ar\/df\/category\/medios\/\" rel=\"category tag\">Medios<\/a> <a href=\"https:\/\/diariofemenino.com.ar\/df\/category\/mujeres-sindicalistas\/\" rel=\"category tag\">Mujeres Sindicalistas<\/a>","rttpg_excerpt":"&nbsp; &nbsp; &nbsp; Rosario. La Multisectorial de Mujeres plante\u00f3 problemas puntuales a la intendenta. La mala recepci\u00f3n de las denuncias de las v\u00edctimas en las comisar\u00edas, uno de los principales reclamos. El tel\u00e9fono verde comenzar\u00e1 a atender 24 horas. Luego del asesinato de\u00a0Sof\u00eda Bertolini\u00a0\u2013el s\u00e1bado pasado en Grandoli y Gutierrez por parte de su ex&hellip;","_links":{"self":[{"href":"https:\/\/diariofemenino.com.ar\/df\/wp-json\/wp\/v2\/posts\/4466","targetHints":{"allow":["GET"]}}],"collection":[{"href":"https:\/\/diariofemenino.com.ar\/df\/wp-json\/wp\/v2\/posts"}],"about":[{"href":"https:\/\/diariofemenino.com.ar\/df\/wp-json\/wp\/v2\/types\/post"}],"author":[{"embeddable":true,"href":"https:\/\/diariofemenino.com.ar\/df\/wp-json\/wp\/v2\/users\/1"}],"replies":[{"embeddable":true,"href":"https:\/\/diariofemenino.com.ar\/df\/wp-json\/wp\/v2\/comments?post=4466"}],"version-history":[{"count":0,"href":"https:\/\/diariofemenino.com.ar\/df\/wp-json\/wp\/v2\/posts\/4466\/revisions"}],"wp:attachment":[{"href":"https:\/\/diariofemenino.com.ar\/df\/wp-json\/wp\/v2\/media?parent=4466"}],"wp:term":[{"taxonomy":"category","embeddable":true,"href":"https:\/\/diariofemenino.com.ar\/df\/wp-json\/wp\/v2\/categories?post=4466"},{"taxonomy":"post_tag","embeddable":true,"href":"https:\/\/diariofemenino.com.ar\/df\/wp-json\/wp\/v2\/tags?post=4466"}],"curies":[{"name":"wp","href":"https:\/\/api.w.org\/{rel}","templated":true}]}}