{"id":4462,"date":"2012-10-11T10:05:45","date_gmt":"2012-10-11T13:05:45","guid":{"rendered":"http:\/\/www.diariofemenino.com.ar\/?p=4462"},"modified":"2012-10-11T10:05:45","modified_gmt":"2012-10-11T13:05:45","slug":"abren-la-primera-clinica-privada-abortista-en-irlanda-del-norte","status":"publish","type":"post","link":"https:\/\/diariofemenino.com.ar\/df\/abren-la-primera-clinica-privada-abortista-en-irlanda-del-norte\/","title":{"rendered":"Abren la primera cl\u00ednica privada abortista en Irlanda del Norte"},"content":{"rendered":"<p>&nbsp;<br \/>\n&nbsp;<br \/>\n&nbsp;<br \/>\n&nbsp;<br \/>\n<em><strong>Esta es una organizaci\u00f3n sin \u00e1nimo de lucro que ofrece desde hace m\u00e1s de 30 a\u00f1os atenci\u00f3n en \u00e1reas de la salud sexual y reproductiva en 42 pa\u00edses<\/strong><\/em><br \/>\n<strong>Dub\u00edn<\/strong>\u00a0\u2022 La primera cl\u00ednica privada que practicar\u00e1 abortos en Irlanda del Norte abrir\u00e1 sus puertas el pr\u00f3ximo 18 de octubre en Belfast, seg\u00fan anunciaron hoy los responsables del centro internacional de salud Marie Stopes en un comunicado.<br \/>\nEsta es una organizaci\u00f3n sin \u00e1nimo de lucro que ofrece desde hace m\u00e1s de 30 a\u00f1os atenci\u00f3n en \u00e1reas de la salud sexual y reproductiva en 42 pa\u00edses.<br \/>\nLa directora del centro Marie Stopes en Belfast ser\u00e1 Dawn Purvis, exl\u00edder del Partido Progresista Unionista (PUP), una formaci\u00f3n vinculada durante el pasado conflicto en la regi\u00f3n a grupos paramilitares protestantes que, no obstante, jug\u00f3 un importante papel en la construcci\u00f3n del proceso de paz.<br \/>\nSeg\u00fan Purvis, la cl\u00ednica ser\u00e1 \u00abun lugar seguro\u00bb donde hombres y mujeres podr\u00e1n \u00abrecibir apoyo, ayuda y consejo sintiendo que son escuchados, en vez de juzgados\u00bb.<br \/>\n\u00abUna mujer puede decidir que no quiere optar por la terminaci\u00f3n. Pero si quiere, la oferta de un aborto m\u00e9dico temprano elimina el estr\u00e9s que causa tener que viajar fuera de Irlanda del Norte para acceder a esos servicios\u00bb, declar\u00f3 Purvis.<br \/>\nAdem\u00e1s de terminaciones del embarazo, estas cl\u00ednicas tambi\u00e9n ofrecen, entre otros servicios, an\u00e1lisis de VIH\/SIDA y tratamientos para enfermedades de transmisi\u00f3n sexual y anticonceptivos.<br \/>\nLos m\u00e9dicos de este centro en Irlanda del Norte solo podr\u00e1n practicar abortos en mujeres mayores de 16 a\u00f1os que no superen las nueve semanas de gestaci\u00f3n, una medida encaminada a operar dentro de las restrictivas leyes que rigen este asunto en la provincia brit\u00e1nica.<br \/>\nEl Servicio Nacional de Salud norirland\u00e9s ofrece terminaciones del embarazo en situaciones muy espec\u00edficas, lo que, en la pr\u00e1ctica, significa que muy pocos casos cumplen los criterios para practicar un aborto.<br \/>\nEn la cl\u00ednica Marie Stopes de Belfast se determinar\u00e1 a trav\u00e9s de una ecograf\u00eda la existencia de un embarazo, su periodo de gestaci\u00f3n y cualquier complicaci\u00f3n que pueda existir antes de proceder con un aborto, que no se llevar\u00e1 a cabo a trav\u00e9s de un procedimiento quir\u00fargico, sino con la ingesta de una p\u00edldora.<br \/>\nEste tratamiento costar\u00e1 450 libras esterlinas, unos 560 euros, y tambi\u00e9n tendr\u00e1n acceso a \u00e9l las mujeres de la Rep\u00fablica de Irlanda, que, como en Irlanda del Norte, solo pueden abortar cuando su vida corre peligro.<br \/>\nEl pasado a\u00f1o, 1.007 mujeres norirlandesas y 4.149 irlandesas se vieron obligadas a viajar a Inglaterra o Gales para poder terminar sus embarazos.<br \/>\nLa Ley del Aborto en Inglaterra, Gales y Escocia data de 1967, mientras que en Irlanda del Norte este asunto a\u00fan se rige por la Ley de Ofensas contra la Persona de 1861 y por la Ley de Justicia Criminal de 1945.<br \/>\nLa apertura de este centro el pr\u00f3ximo jueves ha movilizado ya a las organizaciones antiabortistas de la provincia, como es el caso del grupo Precious Life, que se declar\u00f3 hoy \u00abtotalmente indignado\u00bb.<br \/>\n\u00abUna organizaci\u00f3n que obtiene beneficios a trav\u00e9s de la muerte de ni\u00f1os no nacidos no es bienvenida en Irlanda del Norte. Habr\u00e1 una protesta clamorosa de la gente, del Gobierno y de las Iglesias\u00bb, asegur\u00f3 hoy una de sus responsables, Bernadette Smith.<br \/>\n&nbsp;<br \/>\n&nbsp;<br \/>\nFuente: Milenio<br \/>\n<strong><em><\/em><\/strong><\/p>\n","protected":false},"excerpt":{"rendered":"<p>&nbsp; &nbsp; &nbsp; &nbsp; Esta es una organizaci\u00f3n sin \u00e1nimo de lucro que ofrece desde hace m\u00e1s de 30 a\u00f1os atenci\u00f3n en \u00e1reas de la salud sexual y reproductiva en 42 pa\u00edses Dub\u00edn\u00a0\u2022 La primera cl\u00ednica privada que practicar\u00e1 abortos en Irlanda del Norte abrir\u00e1 sus puertas el pr\u00f3ximo 18 de octubre en Belfast, seg\u00fan [&hellip;]<\/p>\n","protected":false},"author":1,"featured_media":0,"comment_status":"open","ping_status":"open","sticky":false,"template":"","format":"standard","meta":{"iawp_total_views":3,"footnotes":""},"categories":[22,3,4],"tags":[],"class_list":["post-4462","post","type-post","status-publish","format-standard","hentry","category-aborto","category-de-la-revolucion-al-reaprendizaje","category-medios"],"nelio_content":{"autoShareEndMode":"never","automationSources":{"useCustomSentences":false,"customSentences":[]},"efiAlt":"","efiUrl":"","followers":[],"highlights":[],"isAutoShareEnabled":true,"networkImageIds":[],"permalinkQueryArgs":[],"series":[],"suggestedReferences":[]},"yoast_head":"<!-- This site is optimized with the Yoast SEO plugin v27.4 - https:\/\/yoast.com\/product\/yoast-seo-wordpress\/ -->\n<title>Abren la primera cl\u00ednica privada abortista en Irlanda del Norte - Diario Digital Femenino<\/title>\n<meta name=\"robots\" content=\"index, follow, max-snippet:-1, max-image-preview:large, max-video-preview:-1\" \/>\n<link rel=\"canonical\" href=\"https:\/\/diariofemenino.com.ar\/df\/abren-la-primera-clinica-privada-abortista-en-irlanda-del-norte\/\" \/>\n<meta property=\"og:locale\" content=\"es_ES\" \/>\n<meta property=\"og:type\" content=\"article\" \/>\n<meta property=\"og:title\" content=\"Abren la primera cl\u00ednica privada abortista en Irlanda del Norte - Diario Digital Femenino\" \/>\n<meta property=\"og:description\" content=\"&nbsp; &nbsp; &nbsp; &nbsp; Esta es una organizaci\u00f3n sin \u00e1nimo de lucro que ofrece desde hace m\u00e1s de 30 a\u00f1os atenci\u00f3n en \u00e1reas de la salud sexual y reproductiva en 42 pa\u00edses Dub\u00edn\u00a0\u2022 La primera cl\u00ednica privada que practicar\u00e1 abortos en Irlanda del Norte abrir\u00e1 sus puertas el pr\u00f3ximo 18 de octubre en Belfast, seg\u00fan [&hellip;]\" \/>\n<meta property=\"og:url\" content=\"https:\/\/diariofemenino.com.ar\/df\/abren-la-primera-clinica-privada-abortista-en-irlanda-del-norte\/\" \/>\n<meta property=\"og:site_name\" content=\"Diario Digital Femenino\" \/>\n<meta property=\"article:publisher\" content=\"https:\/\/www.facebook.com\/DiarioDigitaFemenino\/\" \/>\n<meta property=\"article:published_time\" content=\"2012-10-11T13:05:45+00:00\" \/>\n<meta property=\"og:image\" content=\"https:\/\/diariofemenino.com.ar\/df\/wp-content\/uploads\/2016\/10\/logo-negro.png\" \/>\n\t<meta property=\"og:image:width\" content=\"855\" \/>\n\t<meta property=\"og:image:height\" content=\"319\" \/>\n\t<meta property=\"og:image:type\" content=\"image\/png\" \/>\n<meta name=\"author\" content=\"Admin\" \/>\n<meta name=\"twitter:card\" content=\"summary_large_image\" \/>\n<meta name=\"twitter:creator\" content=\"@DiarioFemenino1\" \/>\n<meta name=\"twitter:site\" content=\"@DiarioFemenino1\" \/>\n<meta name=\"twitter:label1\" content=\"Escrito por\" \/>\n\t<meta name=\"twitter:data1\" content=\"Admin\" \/>\n\t<meta name=\"twitter:label2\" content=\"Tiempo de lectura\" \/>\n\t<meta name=\"twitter:data2\" content=\"3 minutos\" \/>\n<script type=\"application\/ld+json\" class=\"yoast-schema-graph\">{\"@context\":\"https:\\\/\\\/schema.org\",\"@graph\":[{\"@type\":\"Article\",\"@id\":\"https:\\\/\\\/diariofemenino.com.ar\\\/df\\\/abren-la-primera-clinica-privada-abortista-en-irlanda-del-norte\\\/#article\",\"isPartOf\":{\"@id\":\"https:\\\/\\\/diariofemenino.com.ar\\\/df\\\/abren-la-primera-clinica-privada-abortista-en-irlanda-del-norte\\\/\"},\"author\":{\"name\":\"Admin\",\"@id\":\"https:\\\/\\\/diariofemenino.com.ar\\\/df\\\/#\\\/schema\\\/person\\\/38f54b3bfd13f561de2460ba95c169c6\"},\"headline\":\"Abren la primera cl\u00ednica privada abortista en Irlanda del Norte\",\"datePublished\":\"2012-10-11T13:05:45+00:00\",\"mainEntityOfPage\":{\"@id\":\"https:\\\/\\\/diariofemenino.com.ar\\\/df\\\/abren-la-primera-clinica-privada-abortista-en-irlanda-del-norte\\\/\"},\"wordCount\":595,\"commentCount\":0,\"publisher\":{\"@id\":\"https:\\\/\\\/diariofemenino.com.ar\\\/df\\\/#organization\"},\"articleSection\":[\"Aborto\",\"De la Revoluci\u00f3n al Reaprendizaje\",\"Medios\"],\"inLanguage\":\"es\",\"potentialAction\":[{\"@type\":\"CommentAction\",\"name\":\"Comment\",\"target\":[\"https:\\\/\\\/diariofemenino.com.ar\\\/df\\\/abren-la-primera-clinica-privada-abortista-en-irlanda-del-norte\\\/#respond\"]}]},{\"@type\":\"WebPage\",\"@id\":\"https:\\\/\\\/diariofemenino.com.ar\\\/df\\\/abren-la-primera-clinica-privada-abortista-en-irlanda-del-norte\\\/\",\"url\":\"https:\\\/\\\/diariofemenino.com.ar\\\/df\\\/abren-la-primera-clinica-privada-abortista-en-irlanda-del-norte\\\/\",\"name\":\"Abren la primera cl\u00ednica privada abortista en Irlanda del Norte - Diario Digital Femenino\",\"isPartOf\":{\"@id\":\"https:\\\/\\\/diariofemenino.com.ar\\\/df\\\/#website\"},\"datePublished\":\"2012-10-11T13:05:45+00:00\",\"breadcrumb\":{\"@id\":\"https:\\\/\\\/diariofemenino.com.ar\\\/df\\\/abren-la-primera-clinica-privada-abortista-en-irlanda-del-norte\\\/#breadcrumb\"},\"inLanguage\":\"es\",\"potentialAction\":[{\"@type\":\"ReadAction\",\"target\":[\"https:\\\/\\\/diariofemenino.com.ar\\\/df\\\/abren-la-primera-clinica-privada-abortista-en-irlanda-del-norte\\\/\"]}]},{\"@type\":\"BreadcrumbList\",\"@id\":\"https:\\\/\\\/diariofemenino.com.ar\\\/df\\\/abren-la-primera-clinica-privada-abortista-en-irlanda-del-norte\\\/#breadcrumb\",\"itemListElement\":[{\"@type\":\"ListItem\",\"position\":1,\"name\":\"Portada\",\"item\":\"https:\\\/\\\/diariofemenino.com.ar\\\/df\\\/\"},{\"@type\":\"ListItem\",\"position\":2,\"name\":\"Abren la primera cl\u00ednica privada abortista en Irlanda del Norte\"}]},{\"@type\":\"WebSite\",\"@id\":\"https:\\\/\\\/diariofemenino.com.ar\\\/df\\\/#website\",\"url\":\"https:\\\/\\\/diariofemenino.com.ar\\\/df\\\/\",\"name\":\"Diario Digital Femenino\",\"description\":\"Cuesti\u00f3n de G\u00e9nero\",\"publisher\":{\"@id\":\"https:\\\/\\\/diariofemenino.com.ar\\\/df\\\/#organization\"},\"potentialAction\":[{\"@type\":\"SearchAction\",\"target\":{\"@type\":\"EntryPoint\",\"urlTemplate\":\"https:\\\/\\\/diariofemenino.com.ar\\\/df\\\/?s={search_term_string}\"},\"query-input\":{\"@type\":\"PropertyValueSpecification\",\"valueRequired\":true,\"valueName\":\"search_term_string\"}}],\"inLanguage\":\"es\"},{\"@type\":\"Organization\",\"@id\":\"https:\\\/\\\/diariofemenino.com.ar\\\/df\\\/#organization\",\"name\":\"Diario Femenino\",\"url\":\"https:\\\/\\\/diariofemenino.com.ar\\\/df\\\/\",\"logo\":{\"@type\":\"ImageObject\",\"inLanguage\":\"es\",\"@id\":\"https:\\\/\\\/diariofemenino.com.ar\\\/df\\\/#\\\/schema\\\/logo\\\/image\\\/\",\"url\":\"https:\\\/\\\/diariofemenino.com.ar\\\/df\\\/wp-content\\\/uploads\\\/2018\\\/10\\\/logo.png\",\"contentUrl\":\"https:\\\/\\\/diariofemenino.com.ar\\\/df\\\/wp-content\\\/uploads\\\/2018\\\/10\\\/logo.png\",\"width\":500,\"height\":92,\"caption\":\"Diario Femenino\"},\"image\":{\"@id\":\"https:\\\/\\\/diariofemenino.com.ar\\\/df\\\/#\\\/schema\\\/logo\\\/image\\\/\"},\"sameAs\":[\"https:\\\/\\\/www.facebook.com\\\/DiarioDigitaFemenino\\\/\",\"https:\\\/\\\/x.com\\\/DiarioFemenino1\"]},{\"@type\":\"Person\",\"@id\":\"https:\\\/\\\/diariofemenino.com.ar\\\/df\\\/#\\\/schema\\\/person\\\/38f54b3bfd13f561de2460ba95c169c6\",\"name\":\"Admin\",\"image\":{\"@type\":\"ImageObject\",\"inLanguage\":\"es\",\"@id\":\"https:\\\/\\\/diariofemenino.com.ar\\\/df\\\/wp-content\\\/uploads\\\/2018\\\/12\\\/favicon-150x150.jpg\",\"url\":\"https:\\\/\\\/diariofemenino.com.ar\\\/df\\\/wp-content\\\/uploads\\\/2018\\\/12\\\/favicon-150x150.jpg\",\"contentUrl\":\"https:\\\/\\\/diariofemenino.com.ar\\\/df\\\/wp-content\\\/uploads\\\/2018\\\/12\\\/favicon-150x150.jpg\",\"caption\":\"Admin\"},\"url\":\"https:\\\/\\\/diariofemenino.com.ar\\\/df\\\/author\\\/adm18df\\\/\"}]}<\/script>\n<!-- \/ Yoast SEO plugin. -->","yoast_head_json":{"title":"Abren la primera cl\u00ednica privada abortista en Irlanda del Norte - Diario Digital Femenino","robots":{"index":"index","follow":"follow","max-snippet":"max-snippet:-1","max-image-preview":"max-image-preview:large","max-video-preview":"max-video-preview:-1"},"canonical":"https:\/\/diariofemenino.com.ar\/df\/abren-la-primera-clinica-privada-abortista-en-irlanda-del-norte\/","og_locale":"es_ES","og_type":"article","og_title":"Abren la primera cl\u00ednica privada abortista en Irlanda del Norte - Diario Digital Femenino","og_description":"&nbsp; &nbsp; &nbsp; &nbsp; Esta es una organizaci\u00f3n sin \u00e1nimo de lucro que ofrece desde hace m\u00e1s de 30 a\u00f1os atenci\u00f3n en \u00e1reas de la salud sexual y reproductiva en 42 pa\u00edses Dub\u00edn\u00a0\u2022 La primera cl\u00ednica privada que practicar\u00e1 abortos en Irlanda del Norte abrir\u00e1 sus puertas el pr\u00f3ximo 18 de octubre en Belfast, seg\u00fan [&hellip;]","og_url":"https:\/\/diariofemenino.com.ar\/df\/abren-la-primera-clinica-privada-abortista-en-irlanda-del-norte\/","og_site_name":"Diario Digital Femenino","article_publisher":"https:\/\/www.facebook.com\/DiarioDigitaFemenino\/","article_published_time":"2012-10-11T13:05:45+00:00","og_image":[{"width":855,"height":319,"url":"https:\/\/diariofemenino.com.ar\/df\/wp-content\/uploads\/2016\/10\/logo-negro.png","type":"image\/png"}],"author":"Admin","twitter_card":"summary_large_image","twitter_creator":"@DiarioFemenino1","twitter_site":"@DiarioFemenino1","twitter_misc":{"Escrito por":"Admin","Tiempo de lectura":"3 minutos"},"schema":{"@context":"https:\/\/schema.org","@graph":[{"@type":"Article","@id":"https:\/\/diariofemenino.com.ar\/df\/abren-la-primera-clinica-privada-abortista-en-irlanda-del-norte\/#article","isPartOf":{"@id":"https:\/\/diariofemenino.com.ar\/df\/abren-la-primera-clinica-privada-abortista-en-irlanda-del-norte\/"},"author":{"name":"Admin","@id":"https:\/\/diariofemenino.com.ar\/df\/#\/schema\/person\/38f54b3bfd13f561de2460ba95c169c6"},"headline":"Abren la primera cl\u00ednica privada abortista en Irlanda del Norte","datePublished":"2012-10-11T13:05:45+00:00","mainEntityOfPage":{"@id":"https:\/\/diariofemenino.com.ar\/df\/abren-la-primera-clinica-privada-abortista-en-irlanda-del-norte\/"},"wordCount":595,"commentCount":0,"publisher":{"@id":"https:\/\/diariofemenino.com.ar\/df\/#organization"},"articleSection":["Aborto","De la Revoluci\u00f3n al Reaprendizaje","Medios"],"inLanguage":"es","potentialAction":[{"@type":"CommentAction","name":"Comment","target":["https:\/\/diariofemenino.com.ar\/df\/abren-la-primera-clinica-privada-abortista-en-irlanda-del-norte\/#respond"]}]},{"@type":"WebPage","@id":"https:\/\/diariofemenino.com.ar\/df\/abren-la-primera-clinica-privada-abortista-en-irlanda-del-norte\/","url":"https:\/\/diariofemenino.com.ar\/df\/abren-la-primera-clinica-privada-abortista-en-irlanda-del-norte\/","name":"Abren la primera cl\u00ednica privada abortista en Irlanda del Norte - Diario Digital Femenino","isPartOf":{"@id":"https:\/\/diariofemenino.com.ar\/df\/#website"},"datePublished":"2012-10-11T13:05:45+00:00","breadcrumb":{"@id":"https:\/\/diariofemenino.com.ar\/df\/abren-la-primera-clinica-privada-abortista-en-irlanda-del-norte\/#breadcrumb"},"inLanguage":"es","potentialAction":[{"@type":"ReadAction","target":["https:\/\/diariofemenino.com.ar\/df\/abren-la-primera-clinica-privada-abortista-en-irlanda-del-norte\/"]}]},{"@type":"BreadcrumbList","@id":"https:\/\/diariofemenino.com.ar\/df\/abren-la-primera-clinica-privada-abortista-en-irlanda-del-norte\/#breadcrumb","itemListElement":[{"@type":"ListItem","position":1,"name":"Portada","item":"https:\/\/diariofemenino.com.ar\/df\/"},{"@type":"ListItem","position":2,"name":"Abren la primera cl\u00ednica privada abortista en Irlanda del Norte"}]},{"@type":"WebSite","@id":"https:\/\/diariofemenino.com.ar\/df\/#website","url":"https:\/\/diariofemenino.com.ar\/df\/","name":"Diario Digital Femenino","description":"Cuesti\u00f3n de G\u00e9nero","publisher":{"@id":"https:\/\/diariofemenino.com.ar\/df\/#organization"},"potentialAction":[{"@type":"SearchAction","target":{"@type":"EntryPoint","urlTemplate":"https:\/\/diariofemenino.com.ar\/df\/?s={search_term_string}"},"query-input":{"@type":"PropertyValueSpecification","valueRequired":true,"valueName":"search_term_string"}}],"inLanguage":"es"},{"@type":"Organization","@id":"https:\/\/diariofemenino.com.ar\/df\/#organization","name":"Diario Femenino","url":"https:\/\/diariofemenino.com.ar\/df\/","logo":{"@type":"ImageObject","inLanguage":"es","@id":"https:\/\/diariofemenino.com.ar\/df\/#\/schema\/logo\/image\/","url":"https:\/\/diariofemenino.com.ar\/df\/wp-content\/uploads\/2018\/10\/logo.png","contentUrl":"https:\/\/diariofemenino.com.ar\/df\/wp-content\/uploads\/2018\/10\/logo.png","width":500,"height":92,"caption":"Diario Femenino"},"image":{"@id":"https:\/\/diariofemenino.com.ar\/df\/#\/schema\/logo\/image\/"},"sameAs":["https:\/\/www.facebook.com\/DiarioDigitaFemenino\/","https:\/\/x.com\/DiarioFemenino1"]},{"@type":"Person","@id":"https:\/\/diariofemenino.com.ar\/df\/#\/schema\/person\/38f54b3bfd13f561de2460ba95c169c6","name":"Admin","image":{"@type":"ImageObject","inLanguage":"es","@id":"https:\/\/diariofemenino.com.ar\/df\/wp-content\/uploads\/2018\/12\/favicon-150x150.jpg","url":"https:\/\/diariofemenino.com.ar\/df\/wp-content\/uploads\/2018\/12\/favicon-150x150.jpg","contentUrl":"https:\/\/diariofemenino.com.ar\/df\/wp-content\/uploads\/2018\/12\/favicon-150x150.jpg","caption":"Admin"},"url":"https:\/\/diariofemenino.com.ar\/df\/author\/adm18df\/"}]}},"jetpack_featured_media_url":"","jetpack_sharing_enabled":true,"rttpg_featured_image_url":null,"rttpg_author":{"display_name":"Admin","author_link":"https:\/\/diariofemenino.com.ar\/df\/author\/adm18df\/"},"rttpg_comment":0,"rttpg_category":"<a href=\"https:\/\/diariofemenino.com.ar\/df\/category\/aborto\/\" rel=\"category tag\">Aborto<\/a> <a href=\"https:\/\/diariofemenino.com.ar\/df\/category\/de-la-revolucion-al-reaprendizaje\/\" rel=\"category tag\">De la Revoluci\u00f3n al Reaprendizaje<\/a> <a href=\"https:\/\/diariofemenino.com.ar\/df\/category\/medios\/\" rel=\"category tag\">Medios<\/a>","rttpg_excerpt":"&nbsp; &nbsp; &nbsp; &nbsp; Esta es una organizaci\u00f3n sin \u00e1nimo de lucro que ofrece desde hace m\u00e1s de 30 a\u00f1os atenci\u00f3n en \u00e1reas de la salud sexual y reproductiva en 42 pa\u00edses Dub\u00edn\u00a0\u2022 La primera cl\u00ednica privada que practicar\u00e1 abortos en Irlanda del Norte abrir\u00e1 sus puertas el pr\u00f3ximo 18 de octubre en Belfast, seg\u00fan&hellip;","_links":{"self":[{"href":"https:\/\/diariofemenino.com.ar\/df\/wp-json\/wp\/v2\/posts\/4462","targetHints":{"allow":["GET"]}}],"collection":[{"href":"https:\/\/diariofemenino.com.ar\/df\/wp-json\/wp\/v2\/posts"}],"about":[{"href":"https:\/\/diariofemenino.com.ar\/df\/wp-json\/wp\/v2\/types\/post"}],"author":[{"embeddable":true,"href":"https:\/\/diariofemenino.com.ar\/df\/wp-json\/wp\/v2\/users\/1"}],"replies":[{"embeddable":true,"href":"https:\/\/diariofemenino.com.ar\/df\/wp-json\/wp\/v2\/comments?post=4462"}],"version-history":[{"count":0,"href":"https:\/\/diariofemenino.com.ar\/df\/wp-json\/wp\/v2\/posts\/4462\/revisions"}],"wp:attachment":[{"href":"https:\/\/diariofemenino.com.ar\/df\/wp-json\/wp\/v2\/media?parent=4462"}],"wp:term":[{"taxonomy":"category","embeddable":true,"href":"https:\/\/diariofemenino.com.ar\/df\/wp-json\/wp\/v2\/categories?post=4462"},{"taxonomy":"post_tag","embeddable":true,"href":"https:\/\/diariofemenino.com.ar\/df\/wp-json\/wp\/v2\/tags?post=4462"}],"curies":[{"name":"wp","href":"https:\/\/api.w.org\/{rel}","templated":true}]}}