{"id":4457,"date":"2012-10-11T09:41:48","date_gmt":"2012-10-11T12:41:48","guid":{"rendered":"http:\/\/www.diariofemenino.com.ar\/?p=4457"},"modified":"2012-10-11T09:41:48","modified_gmt":"2012-10-11T12:41:48","slug":"denuncia-por-fallo-de-una-magistrada-se-realizara-ante-el-consejo-de-la-magistratura","status":"publish","type":"post","link":"https:\/\/diariofemenino.com.ar\/df\/denuncia-por-fallo-de-una-magistrada-se-realizara-ante-el-consejo-de-la-magistratura\/","title":{"rendered":"Denuncia por fallo a la jueza Rustan de Estrada: Se realizar\u00e1 ante el Consejo de la Magistratura"},"content":{"rendered":"<p>&nbsp;<br \/>\n&nbsp;<br \/>\n&nbsp;<br \/>\n&nbsp;<br \/>\n<strong>LEGISLADORES PORTE\u00d1OS PRESENTAN DENUNCIA CONTRA EL FALLO DE LA JUEZA RUSTAN DE ESTRADA<\/strong><\/p>\n<p id=\"yui_3_2_0_1_1349958701492125\"><strong id=\"yui_3_2_0_1_1349958701492124\">Legisladores de distintos bloques de la oposici\u00f3n presentan una denuncia ante el Consejo de la Magistratura contra el fallo dictado por Jueza Nacional de Primera Instancia en lo Civil N\u00b0106 Myriam C. Rustan de Estrada<\/strong>, en el cual dispuso \u00abdecretar como medida cautelar de no innovar, la suspensi\u00f3n del aborto programado -para el d\u00eda de ayer martes- en el Hospital Ramos Mej\u00eda o cualquier otro hospital de esta ciudad. Tambi\u00e9n deber\u00e1 interrumpirse cualquier preparaci\u00f3n previa que se estuviere llevando a cabo con ese fin\u00bb.<\/p>\n<p><strong>\u00abLa sentencia constituye una aberraci\u00f3n jur\u00eddica en tanto y cuanto desconoce un pronunciamiento en sentido contrario dictado por el Dr. Guillermo Scheibler, a cargo del Juzgado en lo Contencioso, Administrativo y Tributario de esta ciudad, que rechaz\u00f3 el d\u00eda 5 del corriente un planteo similar de la misma ignota organizaci\u00f3n \u00abProfamilia\u00bb y con el mismo patrocinio letrado\u00bb,<\/strong>\u00a0expres\u00f3 Naddeo.<\/p>\n<p id=\"yui_3_2_0_1_1349958701492126\">Y agreg\u00f3:<strong>\u00a0\u00abQue es absolutamente inadmisible el fallo, que podr\u00eda constituir la comisi\u00f3n de un delito, porque enfrenta de forma ins\u00f3lita lo resuelto por la Corte Suprema de Justicia de la Naci\u00f3n<\/strong>\u00a0en el caso \u00abF.A.L s\/medida autosatifactiva\u00bb dictada el 13 de marzo de 2012, por el cual se consagra la posibilidad de practicar abortos sin necesidad de intervenci\u00f3n judicial, interpretando as\u00ed el art\u00edculo 86 del C\u00f3digo Penal\u00bb.<\/p>\n<p>M\u00e1s all\u00e1 de los reproches de naturaleza penales y pol\u00edticos que le caben al Ejecutivo porte\u00f1o y que se dilucidar\u00e1n en las sedes respectivas de la ciudad. Naddeo afirm\u00f3 que\u00a0<strong>\u00abla actitud de la doctora Rust\u00e1n de Estrada configura una conducta irregular que puede configurar el mal desempe\u00f1o de sus funciones como jueza de la Naci\u00f3n, utilizando su investidura para demorar arbitrariamente el ejercicio de un derecho consagrado\u00bb.<\/strong><br \/>\nPor eso, \u00ab<strong>corresponde que el Consejo de la Magistratura eval\u00fae la conducta de la jueza, para ameritar si la misma es susceptible de una sanci\u00f3n o de la apertura del procedimiento de juicio pol\u00edtico\u00bb<\/strong>, finaliz\u00f3 la legisladora.<\/p>\n","protected":false},"excerpt":{"rendered":"<p>&nbsp; &nbsp; &nbsp; &nbsp; LEGISLADORES PORTE\u00d1OS PRESENTAN DENUNCIA CONTRA EL FALLO DE LA JUEZA RUSTAN DE ESTRADA Legisladores de distintos bloques de la oposici\u00f3n presentan una denuncia ante el Consejo de la Magistratura contra el fallo dictado por Jueza Nacional de Primera Instancia en lo Civil N\u00b0106 Myriam C. Rustan de Estrada, en el cual [&hellip;]<\/p>\n","protected":false},"author":1,"featured_media":0,"comment_status":"open","ping_status":"open","sticky":false,"template":"","format":"standard","meta":{"iawp_total_views":2,"footnotes":""},"categories":[22,4,21],"tags":[],"class_list":["post-4457","post","type-post","status-publish","format-standard","hentry","category-aborto","category-medios","category-noticias"],"nelio_content":{"autoShareEndMode":"never","automationSources":{"useCustomSentences":false,"customSentences":[]},"efiAlt":"","efiUrl":"","followers":[],"highlights":[],"isAutoShareEnabled":true,"networkImageIds":[],"permalinkQueryArgs":[],"series":[],"suggestedReferences":[]},"yoast_head":"<!-- This site is optimized with the Yoast SEO plugin v27.4 - https:\/\/yoast.com\/product\/yoast-seo-wordpress\/ -->\n<title>Denuncia por fallo a la jueza Rustan de Estrada: Se realizar\u00e1 ante el Consejo de la Magistratura - Diario Digital Femenino<\/title>\n<meta name=\"robots\" content=\"index, follow, max-snippet:-1, max-image-preview:large, max-video-preview:-1\" \/>\n<link rel=\"canonical\" href=\"https:\/\/diariofemenino.com.ar\/df\/denuncia-por-fallo-de-una-magistrada-se-realizara-ante-el-consejo-de-la-magistratura\/\" \/>\n<meta property=\"og:locale\" content=\"es_ES\" \/>\n<meta property=\"og:type\" content=\"article\" \/>\n<meta property=\"og:title\" content=\"Denuncia por fallo a la jueza Rustan de Estrada: Se realizar\u00e1 ante el Consejo de la Magistratura - Diario Digital Femenino\" \/>\n<meta property=\"og:description\" content=\"&nbsp; &nbsp; &nbsp; &nbsp; LEGISLADORES PORTE\u00d1OS PRESENTAN DENUNCIA CONTRA EL FALLO DE LA JUEZA RUSTAN DE ESTRADA Legisladores de distintos bloques de la oposici\u00f3n presentan una denuncia ante el Consejo de la Magistratura contra el fallo dictado por Jueza Nacional de Primera Instancia en lo Civil N\u00b0106 Myriam C. Rustan de Estrada, en el cual [&hellip;]\" \/>\n<meta property=\"og:url\" content=\"https:\/\/diariofemenino.com.ar\/df\/denuncia-por-fallo-de-una-magistrada-se-realizara-ante-el-consejo-de-la-magistratura\/\" \/>\n<meta property=\"og:site_name\" content=\"Diario Digital Femenino\" \/>\n<meta property=\"article:publisher\" content=\"https:\/\/www.facebook.com\/DiarioDigitaFemenino\/\" \/>\n<meta property=\"article:published_time\" content=\"2012-10-11T12:41:48+00:00\" \/>\n<meta property=\"og:image\" content=\"https:\/\/diariofemenino.com.ar\/df\/wp-content\/uploads\/2016\/10\/logo-negro.png\" \/>\n\t<meta property=\"og:image:width\" content=\"855\" \/>\n\t<meta property=\"og:image:height\" content=\"319\" \/>\n\t<meta property=\"og:image:type\" content=\"image\/png\" \/>\n<meta name=\"author\" content=\"Admin\" \/>\n<meta name=\"twitter:card\" content=\"summary_large_image\" \/>\n<meta name=\"twitter:creator\" content=\"@DiarioFemenino1\" \/>\n<meta name=\"twitter:site\" content=\"@DiarioFemenino1\" \/>\n<meta name=\"twitter:label1\" content=\"Escrito por\" \/>\n\t<meta name=\"twitter:data1\" content=\"Admin\" \/>\n\t<meta name=\"twitter:label2\" content=\"Tiempo de lectura\" \/>\n\t<meta name=\"twitter:data2\" content=\"2 minutos\" \/>\n<script type=\"application\/ld+json\" class=\"yoast-schema-graph\">{\"@context\":\"https:\\\/\\\/schema.org\",\"@graph\":[{\"@type\":\"Article\",\"@id\":\"https:\\\/\\\/diariofemenino.com.ar\\\/df\\\/denuncia-por-fallo-de-una-magistrada-se-realizara-ante-el-consejo-de-la-magistratura\\\/#article\",\"isPartOf\":{\"@id\":\"https:\\\/\\\/diariofemenino.com.ar\\\/df\\\/denuncia-por-fallo-de-una-magistrada-se-realizara-ante-el-consejo-de-la-magistratura\\\/\"},\"author\":{\"name\":\"Admin\",\"@id\":\"https:\\\/\\\/diariofemenino.com.ar\\\/df\\\/#\\\/schema\\\/person\\\/38f54b3bfd13f561de2460ba95c169c6\"},\"headline\":\"Denuncia por fallo a la jueza Rustan de Estrada: Se realizar\u00e1 ante el Consejo de la Magistratura\",\"datePublished\":\"2012-10-11T12:41:48+00:00\",\"mainEntityOfPage\":{\"@id\":\"https:\\\/\\\/diariofemenino.com.ar\\\/df\\\/denuncia-por-fallo-de-una-magistrada-se-realizara-ante-el-consejo-de-la-magistratura\\\/\"},\"wordCount\":377,\"commentCount\":0,\"publisher\":{\"@id\":\"https:\\\/\\\/diariofemenino.com.ar\\\/df\\\/#organization\"},\"articleSection\":[\"Aborto\",\"Medios\",\"Noticias\"],\"inLanguage\":\"es\",\"potentialAction\":[{\"@type\":\"CommentAction\",\"name\":\"Comment\",\"target\":[\"https:\\\/\\\/diariofemenino.com.ar\\\/df\\\/denuncia-por-fallo-de-una-magistrada-se-realizara-ante-el-consejo-de-la-magistratura\\\/#respond\"]}]},{\"@type\":\"WebPage\",\"@id\":\"https:\\\/\\\/diariofemenino.com.ar\\\/df\\\/denuncia-por-fallo-de-una-magistrada-se-realizara-ante-el-consejo-de-la-magistratura\\\/\",\"url\":\"https:\\\/\\\/diariofemenino.com.ar\\\/df\\\/denuncia-por-fallo-de-una-magistrada-se-realizara-ante-el-consejo-de-la-magistratura\\\/\",\"name\":\"Denuncia por fallo a la jueza Rustan de Estrada: Se realizar\u00e1 ante el Consejo de la Magistratura - Diario Digital Femenino\",\"isPartOf\":{\"@id\":\"https:\\\/\\\/diariofemenino.com.ar\\\/df\\\/#website\"},\"datePublished\":\"2012-10-11T12:41:48+00:00\",\"breadcrumb\":{\"@id\":\"https:\\\/\\\/diariofemenino.com.ar\\\/df\\\/denuncia-por-fallo-de-una-magistrada-se-realizara-ante-el-consejo-de-la-magistratura\\\/#breadcrumb\"},\"inLanguage\":\"es\",\"potentialAction\":[{\"@type\":\"ReadAction\",\"target\":[\"https:\\\/\\\/diariofemenino.com.ar\\\/df\\\/denuncia-por-fallo-de-una-magistrada-se-realizara-ante-el-consejo-de-la-magistratura\\\/\"]}]},{\"@type\":\"BreadcrumbList\",\"@id\":\"https:\\\/\\\/diariofemenino.com.ar\\\/df\\\/denuncia-por-fallo-de-una-magistrada-se-realizara-ante-el-consejo-de-la-magistratura\\\/#breadcrumb\",\"itemListElement\":[{\"@type\":\"ListItem\",\"position\":1,\"name\":\"Portada\",\"item\":\"https:\\\/\\\/diariofemenino.com.ar\\\/df\\\/\"},{\"@type\":\"ListItem\",\"position\":2,\"name\":\"Denuncia por fallo a la jueza Rustan de Estrada: Se realizar\u00e1 ante el Consejo de la Magistratura\"}]},{\"@type\":\"WebSite\",\"@id\":\"https:\\\/\\\/diariofemenino.com.ar\\\/df\\\/#website\",\"url\":\"https:\\\/\\\/diariofemenino.com.ar\\\/df\\\/\",\"name\":\"Diario Digital Femenino\",\"description\":\"Cuesti\u00f3n de G\u00e9nero\",\"publisher\":{\"@id\":\"https:\\\/\\\/diariofemenino.com.ar\\\/df\\\/#organization\"},\"potentialAction\":[{\"@type\":\"SearchAction\",\"target\":{\"@type\":\"EntryPoint\",\"urlTemplate\":\"https:\\\/\\\/diariofemenino.com.ar\\\/df\\\/?s={search_term_string}\"},\"query-input\":{\"@type\":\"PropertyValueSpecification\",\"valueRequired\":true,\"valueName\":\"search_term_string\"}}],\"inLanguage\":\"es\"},{\"@type\":\"Organization\",\"@id\":\"https:\\\/\\\/diariofemenino.com.ar\\\/df\\\/#organization\",\"name\":\"Diario Femenino\",\"url\":\"https:\\\/\\\/diariofemenino.com.ar\\\/df\\\/\",\"logo\":{\"@type\":\"ImageObject\",\"inLanguage\":\"es\",\"@id\":\"https:\\\/\\\/diariofemenino.com.ar\\\/df\\\/#\\\/schema\\\/logo\\\/image\\\/\",\"url\":\"https:\\\/\\\/diariofemenino.com.ar\\\/df\\\/wp-content\\\/uploads\\\/2018\\\/10\\\/logo.png\",\"contentUrl\":\"https:\\\/\\\/diariofemenino.com.ar\\\/df\\\/wp-content\\\/uploads\\\/2018\\\/10\\\/logo.png\",\"width\":500,\"height\":92,\"caption\":\"Diario Femenino\"},\"image\":{\"@id\":\"https:\\\/\\\/diariofemenino.com.ar\\\/df\\\/#\\\/schema\\\/logo\\\/image\\\/\"},\"sameAs\":[\"https:\\\/\\\/www.facebook.com\\\/DiarioDigitaFemenino\\\/\",\"https:\\\/\\\/x.com\\\/DiarioFemenino1\"]},{\"@type\":\"Person\",\"@id\":\"https:\\\/\\\/diariofemenino.com.ar\\\/df\\\/#\\\/schema\\\/person\\\/38f54b3bfd13f561de2460ba95c169c6\",\"name\":\"Admin\",\"image\":{\"@type\":\"ImageObject\",\"inLanguage\":\"es\",\"@id\":\"https:\\\/\\\/diariofemenino.com.ar\\\/df\\\/wp-content\\\/uploads\\\/2018\\\/12\\\/favicon-150x150.jpg\",\"url\":\"https:\\\/\\\/diariofemenino.com.ar\\\/df\\\/wp-content\\\/uploads\\\/2018\\\/12\\\/favicon-150x150.jpg\",\"contentUrl\":\"https:\\\/\\\/diariofemenino.com.ar\\\/df\\\/wp-content\\\/uploads\\\/2018\\\/12\\\/favicon-150x150.jpg\",\"caption\":\"Admin\"},\"url\":\"https:\\\/\\\/diariofemenino.com.ar\\\/df\\\/author\\\/adm18df\\\/\"}]}<\/script>\n<!-- \/ Yoast SEO plugin. -->","yoast_head_json":{"title":"Denuncia por fallo a la jueza Rustan de Estrada: Se realizar\u00e1 ante el Consejo de la Magistratura - Diario Digital Femenino","robots":{"index":"index","follow":"follow","max-snippet":"max-snippet:-1","max-image-preview":"max-image-preview:large","max-video-preview":"max-video-preview:-1"},"canonical":"https:\/\/diariofemenino.com.ar\/df\/denuncia-por-fallo-de-una-magistrada-se-realizara-ante-el-consejo-de-la-magistratura\/","og_locale":"es_ES","og_type":"article","og_title":"Denuncia por fallo a la jueza Rustan de Estrada: Se realizar\u00e1 ante el Consejo de la Magistratura - Diario Digital Femenino","og_description":"&nbsp; &nbsp; &nbsp; &nbsp; LEGISLADORES PORTE\u00d1OS PRESENTAN DENUNCIA CONTRA EL FALLO DE LA JUEZA RUSTAN DE ESTRADA Legisladores de distintos bloques de la oposici\u00f3n presentan una denuncia ante el Consejo de la Magistratura contra el fallo dictado por Jueza Nacional de Primera Instancia en lo Civil N\u00b0106 Myriam C. Rustan de Estrada, en el cual [&hellip;]","og_url":"https:\/\/diariofemenino.com.ar\/df\/denuncia-por-fallo-de-una-magistrada-se-realizara-ante-el-consejo-de-la-magistratura\/","og_site_name":"Diario Digital Femenino","article_publisher":"https:\/\/www.facebook.com\/DiarioDigitaFemenino\/","article_published_time":"2012-10-11T12:41:48+00:00","og_image":[{"width":855,"height":319,"url":"https:\/\/diariofemenino.com.ar\/df\/wp-content\/uploads\/2016\/10\/logo-negro.png","type":"image\/png"}],"author":"Admin","twitter_card":"summary_large_image","twitter_creator":"@DiarioFemenino1","twitter_site":"@DiarioFemenino1","twitter_misc":{"Escrito por":"Admin","Tiempo de lectura":"2 minutos"},"schema":{"@context":"https:\/\/schema.org","@graph":[{"@type":"Article","@id":"https:\/\/diariofemenino.com.ar\/df\/denuncia-por-fallo-de-una-magistrada-se-realizara-ante-el-consejo-de-la-magistratura\/#article","isPartOf":{"@id":"https:\/\/diariofemenino.com.ar\/df\/denuncia-por-fallo-de-una-magistrada-se-realizara-ante-el-consejo-de-la-magistratura\/"},"author":{"name":"Admin","@id":"https:\/\/diariofemenino.com.ar\/df\/#\/schema\/person\/38f54b3bfd13f561de2460ba95c169c6"},"headline":"Denuncia por fallo a la jueza Rustan de Estrada: Se realizar\u00e1 ante el Consejo de la Magistratura","datePublished":"2012-10-11T12:41:48+00:00","mainEntityOfPage":{"@id":"https:\/\/diariofemenino.com.ar\/df\/denuncia-por-fallo-de-una-magistrada-se-realizara-ante-el-consejo-de-la-magistratura\/"},"wordCount":377,"commentCount":0,"publisher":{"@id":"https:\/\/diariofemenino.com.ar\/df\/#organization"},"articleSection":["Aborto","Medios","Noticias"],"inLanguage":"es","potentialAction":[{"@type":"CommentAction","name":"Comment","target":["https:\/\/diariofemenino.com.ar\/df\/denuncia-por-fallo-de-una-magistrada-se-realizara-ante-el-consejo-de-la-magistratura\/#respond"]}]},{"@type":"WebPage","@id":"https:\/\/diariofemenino.com.ar\/df\/denuncia-por-fallo-de-una-magistrada-se-realizara-ante-el-consejo-de-la-magistratura\/","url":"https:\/\/diariofemenino.com.ar\/df\/denuncia-por-fallo-de-una-magistrada-se-realizara-ante-el-consejo-de-la-magistratura\/","name":"Denuncia por fallo a la jueza Rustan de Estrada: Se realizar\u00e1 ante el Consejo de la Magistratura - Diario Digital Femenino","isPartOf":{"@id":"https:\/\/diariofemenino.com.ar\/df\/#website"},"datePublished":"2012-10-11T12:41:48+00:00","breadcrumb":{"@id":"https:\/\/diariofemenino.com.ar\/df\/denuncia-por-fallo-de-una-magistrada-se-realizara-ante-el-consejo-de-la-magistratura\/#breadcrumb"},"inLanguage":"es","potentialAction":[{"@type":"ReadAction","target":["https:\/\/diariofemenino.com.ar\/df\/denuncia-por-fallo-de-una-magistrada-se-realizara-ante-el-consejo-de-la-magistratura\/"]}]},{"@type":"BreadcrumbList","@id":"https:\/\/diariofemenino.com.ar\/df\/denuncia-por-fallo-de-una-magistrada-se-realizara-ante-el-consejo-de-la-magistratura\/#breadcrumb","itemListElement":[{"@type":"ListItem","position":1,"name":"Portada","item":"https:\/\/diariofemenino.com.ar\/df\/"},{"@type":"ListItem","position":2,"name":"Denuncia por fallo a la jueza Rustan de Estrada: Se realizar\u00e1 ante el Consejo de la Magistratura"}]},{"@type":"WebSite","@id":"https:\/\/diariofemenino.com.ar\/df\/#website","url":"https:\/\/diariofemenino.com.ar\/df\/","name":"Diario Digital Femenino","description":"Cuesti\u00f3n de G\u00e9nero","publisher":{"@id":"https:\/\/diariofemenino.com.ar\/df\/#organization"},"potentialAction":[{"@type":"SearchAction","target":{"@type":"EntryPoint","urlTemplate":"https:\/\/diariofemenino.com.ar\/df\/?s={search_term_string}"},"query-input":{"@type":"PropertyValueSpecification","valueRequired":true,"valueName":"search_term_string"}}],"inLanguage":"es"},{"@type":"Organization","@id":"https:\/\/diariofemenino.com.ar\/df\/#organization","name":"Diario Femenino","url":"https:\/\/diariofemenino.com.ar\/df\/","logo":{"@type":"ImageObject","inLanguage":"es","@id":"https:\/\/diariofemenino.com.ar\/df\/#\/schema\/logo\/image\/","url":"https:\/\/diariofemenino.com.ar\/df\/wp-content\/uploads\/2018\/10\/logo.png","contentUrl":"https:\/\/diariofemenino.com.ar\/df\/wp-content\/uploads\/2018\/10\/logo.png","width":500,"height":92,"caption":"Diario Femenino"},"image":{"@id":"https:\/\/diariofemenino.com.ar\/df\/#\/schema\/logo\/image\/"},"sameAs":["https:\/\/www.facebook.com\/DiarioDigitaFemenino\/","https:\/\/x.com\/DiarioFemenino1"]},{"@type":"Person","@id":"https:\/\/diariofemenino.com.ar\/df\/#\/schema\/person\/38f54b3bfd13f561de2460ba95c169c6","name":"Admin","image":{"@type":"ImageObject","inLanguage":"es","@id":"https:\/\/diariofemenino.com.ar\/df\/wp-content\/uploads\/2018\/12\/favicon-150x150.jpg","url":"https:\/\/diariofemenino.com.ar\/df\/wp-content\/uploads\/2018\/12\/favicon-150x150.jpg","contentUrl":"https:\/\/diariofemenino.com.ar\/df\/wp-content\/uploads\/2018\/12\/favicon-150x150.jpg","caption":"Admin"},"url":"https:\/\/diariofemenino.com.ar\/df\/author\/adm18df\/"}]}},"jetpack_featured_media_url":"","jetpack_sharing_enabled":true,"rttpg_featured_image_url":null,"rttpg_author":{"display_name":"Admin","author_link":"https:\/\/diariofemenino.com.ar\/df\/author\/adm18df\/"},"rttpg_comment":0,"rttpg_category":"<a href=\"https:\/\/diariofemenino.com.ar\/df\/category\/aborto\/\" rel=\"category tag\">Aborto<\/a> <a href=\"https:\/\/diariofemenino.com.ar\/df\/category\/medios\/\" rel=\"category tag\">Medios<\/a> <a href=\"https:\/\/diariofemenino.com.ar\/df\/category\/noticias\/\" rel=\"category tag\">Noticias<\/a>","rttpg_excerpt":"&nbsp; &nbsp; &nbsp; &nbsp; LEGISLADORES PORTE\u00d1OS PRESENTAN DENUNCIA CONTRA EL FALLO DE LA JUEZA RUSTAN DE ESTRADA Legisladores de distintos bloques de la oposici\u00f3n presentan una denuncia ante el Consejo de la Magistratura contra el fallo dictado por Jueza Nacional de Primera Instancia en lo Civil N\u00b0106 Myriam C. Rustan de Estrada, en el cual&hellip;","_links":{"self":[{"href":"https:\/\/diariofemenino.com.ar\/df\/wp-json\/wp\/v2\/posts\/4457","targetHints":{"allow":["GET"]}}],"collection":[{"href":"https:\/\/diariofemenino.com.ar\/df\/wp-json\/wp\/v2\/posts"}],"about":[{"href":"https:\/\/diariofemenino.com.ar\/df\/wp-json\/wp\/v2\/types\/post"}],"author":[{"embeddable":true,"href":"https:\/\/diariofemenino.com.ar\/df\/wp-json\/wp\/v2\/users\/1"}],"replies":[{"embeddable":true,"href":"https:\/\/diariofemenino.com.ar\/df\/wp-json\/wp\/v2\/comments?post=4457"}],"version-history":[{"count":0,"href":"https:\/\/diariofemenino.com.ar\/df\/wp-json\/wp\/v2\/posts\/4457\/revisions"}],"wp:attachment":[{"href":"https:\/\/diariofemenino.com.ar\/df\/wp-json\/wp\/v2\/media?parent=4457"}],"wp:term":[{"taxonomy":"category","embeddable":true,"href":"https:\/\/diariofemenino.com.ar\/df\/wp-json\/wp\/v2\/categories?post=4457"},{"taxonomy":"post_tag","embeddable":true,"href":"https:\/\/diariofemenino.com.ar\/df\/wp-json\/wp\/v2\/tags?post=4457"}],"curies":[{"name":"wp","href":"https:\/\/api.w.org\/{rel}","templated":true}]}}