{"id":4452,"date":"2012-10-10T11:33:53","date_gmt":"2012-10-10T14:33:53","guid":{"rendered":"http:\/\/www.diariofemenino.com.ar\/?p=4452"},"modified":"2012-10-10T11:33:53","modified_gmt":"2012-10-10T14:33:53","slug":"el-juez-carlos-flores-seguira-en-el-cargo","status":"publish","type":"post","link":"https:\/\/diariofemenino.com.ar\/df\/el-juez-carlos-flores-seguira-en-el-cargo\/","title":{"rendered":"El juez Carlos Flores seguir\u00e1 en el cargo"},"content":{"rendered":"<p>&nbsp;<br \/>\n&nbsp;<br \/>\n&nbsp;<br \/>\nCarlos Flores, quien estaba siendo enjuiciado por mal desempe\u00f1o en su cargo, seguir\u00e1 en su puesto. El Jurado de Enjuiciamiento consider\u00f3 en forma mayoritaria que si bien actu\u00f3 en forma negligente en el Caso Carla, no hubo mal desempe\u00f1o reiterado en su cargo. La votaci\u00f3n termin\u00f3 4 a 1. Se escucharon gritos desde la tribuna: \u00ab\u00a1Corruptos!\u00bb<br \/>\n<a href=\"http:\/\/www.diariofemenino.com.ar\/wp-content\/uploads\/jury-a-flores-21.jpg\"><img loading=\"lazy\" decoding=\"async\" class=\"alignnone  wp-image-4453\" title=\"jury-a-flores-2\" src=\"http:\/\/www.diariofemenino.com.ar\/wp-content\/uploads\/jury-a-flores-21.jpg\" alt=\"\" width=\"504\" height=\"338\" \/><\/a><\/p>\n<div>\nLos integrantes del jury son Eduardo Fern\u00e1ndez Mend\u00eda; los diputados Silvia Larreta (PJ, vernismo) y Mart\u00edn Berhongaray (Frepam, radicalismo) y los abogados Ana Mariela Bonaveri y Sergio Escuredo.<br \/>\n&nbsp;<br \/>\n<strong>Los votos<\/strong><br \/>\n<strong>El voto de Fern\u00e1ndez Mend\u00eda:<\/strong> Dijo que el juez \u00abno actu\u00f3 con la debida prudencia y previsibilidad\u00bb y que \u00abha quedado plenamente probado que no valor\u00f3 adecuadamente los elementos\u00bb en la causa.<br \/>\nEl presidente del jury expres\u00f3 que no exist\u00eda en este caso dos requisitos que establec\u00eda la ley para otorgar el avenimiento: \u00abNo aparece la perdurabilidad de la relaci\u00f3n preexistente ni tampoco las condiciones de plena igualdad entre las partes\u00bb, dijo.<br \/>\n\u00abHizo un examen superficial acerca de la relaci\u00f3n sentimental preexistente y que la propuesta que haya sido efectuada en plena igualdad\u00bb. En su resoluci\u00f3n, \u00abha soslayado la cuesti\u00f3n de g\u00e9nero\u00bb, agreg\u00f3.<br \/>\nDijo que hubo una \u00abfundamentaci\u00f3n err\u00f3nea\u00bb en el voto de Flores y que firm\u00f3 una resoluci\u00f3n que deja en evidencia su \u00abnegligencia seria\u00bb por haber otorgado el avenimiento.<br \/>\nExpres\u00f3 que su fallo fue \u00abincompleto\u00bb, \u00abimprudente\u00bb y de un \u00abreduccionismo t\u00e9cnico\u00bb jur\u00eddico, \u00abomitiendo la valoraci\u00f3n\u00bb que hab\u00eda realizado antes, en contra del avenimiento, el Tribunal de Audiencia de General Pico.<br \/>\nCuestion\u00f3 que haya \u00absubvalorado, voluntaria o involuntariamente, todo el marco normativo con la cuesti\u00f3n de g\u00e9nero\u00bb, entre ellas las normas internacionales e, incluso, las posiciones del Superior Tribunal de Justicia de La Pampa.<br \/>\nSin embargo, el caso de Flores no constituye la falta prevista en la Ley 313: porque no hubo resoluciones o fallos reiterados con negligencia.<br \/>\n<strong>Voto de Berhongaray:<\/strong> Dijo que no deber\u00eda haberse aplicado el avenimiento. Sin embargo, al igual que Fern\u00e1ndez Mend\u00eda, sostuvo que no hubo reiteraci\u00f3n de fallos negligentes.<br \/>\nExpres\u00f3, empero, que la cuesti\u00f3n de violencia de g\u00e9nero estuvo en la resoluci\u00f3n de Flores, m\u00e1s all\u00e1 de que no lo hizo en forma profunda.<br \/>\n<strong>Voto de Larreta:<\/strong> \u00abHubo una falta de libertad de la v\u00edctima para disponer del avenimiento\u00bb, sostuvo.<br \/>\n<strong>Voto de Escuredo<\/strong>: Dijo que no deb\u00eda otorgarse el avenimiento. Y expres\u00f3 que el juez soslay\u00f3 las pruebas psiqui\u00e1tricas, aunque no hubo un tratamiento despreocupado del caso. Agreg\u00f3 que no hubo reiteraci\u00f3n de fallos negligentes, como requiere la Ley 313.<br \/>\n<strong>Voto de Bonaveri<\/strong>: no se demostr\u00f3 la reiteraci\u00f3n de la negligencia. \u201cVoto por la negativa\u201d a la destituci\u00f3n.<br \/>\n&nbsp;<br \/>\n<strong>La acusaci\u00f3n<\/strong><br \/>\nFlores est\u00e1 acusado porque, como juez del Tribunal de Impugnaci\u00f3n Penal, permiti\u00f3 la figura del avenimiento -es decir, el perd\u00f3n de la v\u00edctima al victimario- en la causa penal iniciada por Carla Figueroa contra Marcelo Tomaselli.<br \/>\nTomaselli hab\u00eda sido denunciado de violaci\u00f3n por Carla Figueroa, en abril de 2011. Mientras se esperaba el juicio, el joven y su familia habr\u00edan comenzado a presionar a Carla para que no lo acusara.<br \/>\nEn ese marco, el abogado de Tomaselli, Armando Ag\u00fcero, pidi\u00f3 la figura del avenimiento. Fue respaldado por Carla y su abogado y t\u00edo, Ra\u00fal Quiroga.<br \/>\nLos jueces y fiscales de la ciudad de General Pico rechazaron ese pedido: entre otras cuestiones, porque la figura del avenimiento -pese a que estaba en vigencia en el C\u00f3digo Penal- era contraria a los tratados internacionales sobre violencia de g\u00e9nero -entre ellas la Convenci\u00f3n de Bel\u00e9m do Par\u00e1- y porque establecieron que la chica estaba siendo manipulada.<br \/>\nEl caso lleg\u00f3 a fines de 2011 al TIP. El juez Tom\u00e1s Balaguer rechaz\u00f3, con similares criterios a los jueces piquenses, el avenimiento. Flores lo acept\u00f3 porque, entre otros motivos, dijo que Carla no estaba siendo manipulada. Desempat\u00f3 Gustavo Jensen: apoy\u00f3 la postura de Flores.<br \/>\nAs\u00ed, finalmente se firm\u00f3 el avenimiento. Inmediatamente, antes de que se apelara la sentencia del TIP, las autoridades del Tribunal de Audiencia de Juicio de General Pico liberaron a Tomaselli. Una semana despu\u00e9s, en diciembre de 2011, mat\u00f3 a la chica a pu\u00f1aladas. Delante de su peque\u00f1o hijo.<br \/>\nLa historia volvi\u00f3 a repetirse. Carla, cuando ten\u00eda 8 meses, hab\u00eda presenciado un asesinato: su padre mat\u00f3 a su mam\u00e1.<br \/>\nJensen y Flores quedaron, a partir de la muerte de Carla, en la mira. Ambos fueron denunciados por mal desempe\u00f1o. Pero Jensen present\u00f3 el pedido para jubilarse antes de comenzar el jury. De esa manera, solo qued\u00f3 en pie la acusaci\u00f3n a Flores.<br \/>\n&nbsp;<br \/>\n&nbsp;<br \/>\n&nbsp;<br \/>\n&nbsp;<br \/>\n&nbsp;<br \/>\nFuente: <a href=\"http:\/\/www.diariotextual.com\/politicaa\/item\/416-deliber\u00f3-el-jury-para-terminar-de-redactar-la-sentencia-por-el-juicio-al-juez-flores.html\">Diario Textual<\/a>\n<\/div>\n","protected":false},"excerpt":{"rendered":"<p>&nbsp; &nbsp; &nbsp; Carlos Flores, quien estaba siendo enjuiciado por mal desempe\u00f1o en su cargo, seguir\u00e1 en su puesto. El Jurado de Enjuiciamiento consider\u00f3 en forma mayoritaria que si bien actu\u00f3 en forma negligente en el Caso Carla, no hubo mal desempe\u00f1o reiterado en su cargo. La votaci\u00f3n termin\u00f3 4 a 1. Se escucharon gritos [&hellip;]<\/p>\n","protected":false},"author":1,"featured_media":0,"comment_status":"open","ping_status":"open","sticky":false,"template":"","format":"standard","meta":{"iawp_total_views":3,"footnotes":""},"categories":[5,4,21],"tags":[],"class_list":["post-4452","post","type-post","status-publish","format-standard","hentry","category-historias-de-vida","category-medios","category-noticias"],"nelio_content":{"autoShareEndMode":"never","automationSources":{"useCustomSentences":false,"customSentences":[]},"efiAlt":"","efiUrl":"","followers":[],"highlights":[],"isAutoShareEnabled":true,"networkImageIds":[],"permalinkQueryArgs":[],"series":[],"suggestedReferences":[]},"yoast_head":"<!-- This site is optimized with the Yoast SEO plugin v27.4 - https:\/\/yoast.com\/product\/yoast-seo-wordpress\/ -->\n<title>El juez Carlos Flores seguir\u00e1 en el cargo - Diario Digital Femenino<\/title>\n<meta name=\"robots\" content=\"index, follow, max-snippet:-1, max-image-preview:large, max-video-preview:-1\" \/>\n<link rel=\"canonical\" href=\"https:\/\/diariofemenino.com.ar\/df\/el-juez-carlos-flores-seguira-en-el-cargo\/\" \/>\n<meta property=\"og:locale\" content=\"es_ES\" \/>\n<meta property=\"og:type\" content=\"article\" \/>\n<meta property=\"og:title\" content=\"El juez Carlos Flores seguir\u00e1 en el cargo - Diario Digital Femenino\" \/>\n<meta property=\"og:description\" content=\"&nbsp; &nbsp; &nbsp; Carlos Flores, quien estaba siendo enjuiciado por mal desempe\u00f1o en su cargo, seguir\u00e1 en su puesto. El Jurado de Enjuiciamiento consider\u00f3 en forma mayoritaria que si bien actu\u00f3 en forma negligente en el Caso Carla, no hubo mal desempe\u00f1o reiterado en su cargo. La votaci\u00f3n termin\u00f3 4 a 1. Se escucharon gritos [&hellip;]\" \/>\n<meta property=\"og:url\" content=\"https:\/\/diariofemenino.com.ar\/df\/el-juez-carlos-flores-seguira-en-el-cargo\/\" \/>\n<meta property=\"og:site_name\" content=\"Diario Digital Femenino\" \/>\n<meta property=\"article:publisher\" content=\"https:\/\/www.facebook.com\/DiarioDigitaFemenino\/\" \/>\n<meta property=\"article:published_time\" content=\"2012-10-10T14:33:53+00:00\" \/>\n<meta property=\"og:image\" content=\"http:\/\/www.diariofemenino.com.ar\/wp-content\/uploads\/jury-a-flores-21.jpg\" \/>\n<meta name=\"author\" content=\"Admin\" \/>\n<meta name=\"twitter:card\" content=\"summary_large_image\" \/>\n<meta name=\"twitter:creator\" content=\"@DiarioFemenino1\" \/>\n<meta name=\"twitter:site\" content=\"@DiarioFemenino1\" \/>\n<meta name=\"twitter:label1\" content=\"Escrito por\" \/>\n\t<meta name=\"twitter:data1\" content=\"Admin\" \/>\n\t<meta name=\"twitter:label2\" content=\"Tiempo de lectura\" \/>\n\t<meta name=\"twitter:data2\" content=\"4 minutos\" \/>\n<script type=\"application\/ld+json\" class=\"yoast-schema-graph\">{\"@context\":\"https:\\\/\\\/schema.org\",\"@graph\":[{\"@type\":\"Article\",\"@id\":\"https:\\\/\\\/diariofemenino.com.ar\\\/df\\\/el-juez-carlos-flores-seguira-en-el-cargo\\\/#article\",\"isPartOf\":{\"@id\":\"https:\\\/\\\/diariofemenino.com.ar\\\/df\\\/el-juez-carlos-flores-seguira-en-el-cargo\\\/\"},\"author\":{\"name\":\"Admin\",\"@id\":\"https:\\\/\\\/diariofemenino.com.ar\\\/df\\\/#\\\/schema\\\/person\\\/38f54b3bfd13f561de2460ba95c169c6\"},\"headline\":\"El juez Carlos Flores seguir\u00e1 en el cargo\",\"datePublished\":\"2012-10-10T14:33:53+00:00\",\"mainEntityOfPage\":{\"@id\":\"https:\\\/\\\/diariofemenino.com.ar\\\/df\\\/el-juez-carlos-flores-seguira-en-el-cargo\\\/\"},\"wordCount\":815,\"commentCount\":0,\"publisher\":{\"@id\":\"https:\\\/\\\/diariofemenino.com.ar\\\/df\\\/#organization\"},\"image\":{\"@id\":\"https:\\\/\\\/diariofemenino.com.ar\\\/df\\\/el-juez-carlos-flores-seguira-en-el-cargo\\\/#primaryimage\"},\"thumbnailUrl\":\"http:\\\/\\\/www.diariofemenino.com.ar\\\/wp-content\\\/uploads\\\/jury-a-flores-21.jpg\",\"articleSection\":[\"Historias de vida\",\"Medios\",\"Noticias\"],\"inLanguage\":\"es\",\"potentialAction\":[{\"@type\":\"CommentAction\",\"name\":\"Comment\",\"target\":[\"https:\\\/\\\/diariofemenino.com.ar\\\/df\\\/el-juez-carlos-flores-seguira-en-el-cargo\\\/#respond\"]}]},{\"@type\":\"WebPage\",\"@id\":\"https:\\\/\\\/diariofemenino.com.ar\\\/df\\\/el-juez-carlos-flores-seguira-en-el-cargo\\\/\",\"url\":\"https:\\\/\\\/diariofemenino.com.ar\\\/df\\\/el-juez-carlos-flores-seguira-en-el-cargo\\\/\",\"name\":\"El juez Carlos Flores seguir\u00e1 en el cargo - Diario Digital Femenino\",\"isPartOf\":{\"@id\":\"https:\\\/\\\/diariofemenino.com.ar\\\/df\\\/#website\"},\"primaryImageOfPage\":{\"@id\":\"https:\\\/\\\/diariofemenino.com.ar\\\/df\\\/el-juez-carlos-flores-seguira-en-el-cargo\\\/#primaryimage\"},\"image\":{\"@id\":\"https:\\\/\\\/diariofemenino.com.ar\\\/df\\\/el-juez-carlos-flores-seguira-en-el-cargo\\\/#primaryimage\"},\"thumbnailUrl\":\"http:\\\/\\\/www.diariofemenino.com.ar\\\/wp-content\\\/uploads\\\/jury-a-flores-21.jpg\",\"datePublished\":\"2012-10-10T14:33:53+00:00\",\"breadcrumb\":{\"@id\":\"https:\\\/\\\/diariofemenino.com.ar\\\/df\\\/el-juez-carlos-flores-seguira-en-el-cargo\\\/#breadcrumb\"},\"inLanguage\":\"es\",\"potentialAction\":[{\"@type\":\"ReadAction\",\"target\":[\"https:\\\/\\\/diariofemenino.com.ar\\\/df\\\/el-juez-carlos-flores-seguira-en-el-cargo\\\/\"]}]},{\"@type\":\"ImageObject\",\"inLanguage\":\"es\",\"@id\":\"https:\\\/\\\/diariofemenino.com.ar\\\/df\\\/el-juez-carlos-flores-seguira-en-el-cargo\\\/#primaryimage\",\"url\":\"http:\\\/\\\/www.diariofemenino.com.ar\\\/wp-content\\\/uploads\\\/jury-a-flores-21.jpg\",\"contentUrl\":\"http:\\\/\\\/www.diariofemenino.com.ar\\\/wp-content\\\/uploads\\\/jury-a-flores-21.jpg\"},{\"@type\":\"BreadcrumbList\",\"@id\":\"https:\\\/\\\/diariofemenino.com.ar\\\/df\\\/el-juez-carlos-flores-seguira-en-el-cargo\\\/#breadcrumb\",\"itemListElement\":[{\"@type\":\"ListItem\",\"position\":1,\"name\":\"Portada\",\"item\":\"https:\\\/\\\/diariofemenino.com.ar\\\/df\\\/\"},{\"@type\":\"ListItem\",\"position\":2,\"name\":\"El juez Carlos Flores seguir\u00e1 en el cargo\"}]},{\"@type\":\"WebSite\",\"@id\":\"https:\\\/\\\/diariofemenino.com.ar\\\/df\\\/#website\",\"url\":\"https:\\\/\\\/diariofemenino.com.ar\\\/df\\\/\",\"name\":\"Diario Digital Femenino\",\"description\":\"Cuesti\u00f3n de G\u00e9nero\",\"publisher\":{\"@id\":\"https:\\\/\\\/diariofemenino.com.ar\\\/df\\\/#organization\"},\"potentialAction\":[{\"@type\":\"SearchAction\",\"target\":{\"@type\":\"EntryPoint\",\"urlTemplate\":\"https:\\\/\\\/diariofemenino.com.ar\\\/df\\\/?s={search_term_string}\"},\"query-input\":{\"@type\":\"PropertyValueSpecification\",\"valueRequired\":true,\"valueName\":\"search_term_string\"}}],\"inLanguage\":\"es\"},{\"@type\":\"Organization\",\"@id\":\"https:\\\/\\\/diariofemenino.com.ar\\\/df\\\/#organization\",\"name\":\"Diario Femenino\",\"url\":\"https:\\\/\\\/diariofemenino.com.ar\\\/df\\\/\",\"logo\":{\"@type\":\"ImageObject\",\"inLanguage\":\"es\",\"@id\":\"https:\\\/\\\/diariofemenino.com.ar\\\/df\\\/#\\\/schema\\\/logo\\\/image\\\/\",\"url\":\"https:\\\/\\\/diariofemenino.com.ar\\\/df\\\/wp-content\\\/uploads\\\/2018\\\/10\\\/logo.png\",\"contentUrl\":\"https:\\\/\\\/diariofemenino.com.ar\\\/df\\\/wp-content\\\/uploads\\\/2018\\\/10\\\/logo.png\",\"width\":500,\"height\":92,\"caption\":\"Diario Femenino\"},\"image\":{\"@id\":\"https:\\\/\\\/diariofemenino.com.ar\\\/df\\\/#\\\/schema\\\/logo\\\/image\\\/\"},\"sameAs\":[\"https:\\\/\\\/www.facebook.com\\\/DiarioDigitaFemenino\\\/\",\"https:\\\/\\\/x.com\\\/DiarioFemenino1\"]},{\"@type\":\"Person\",\"@id\":\"https:\\\/\\\/diariofemenino.com.ar\\\/df\\\/#\\\/schema\\\/person\\\/38f54b3bfd13f561de2460ba95c169c6\",\"name\":\"Admin\",\"image\":{\"@type\":\"ImageObject\",\"inLanguage\":\"es\",\"@id\":\"https:\\\/\\\/diariofemenino.com.ar\\\/df\\\/wp-content\\\/uploads\\\/2018\\\/12\\\/favicon-150x150.jpg\",\"url\":\"https:\\\/\\\/diariofemenino.com.ar\\\/df\\\/wp-content\\\/uploads\\\/2018\\\/12\\\/favicon-150x150.jpg\",\"contentUrl\":\"https:\\\/\\\/diariofemenino.com.ar\\\/df\\\/wp-content\\\/uploads\\\/2018\\\/12\\\/favicon-150x150.jpg\",\"caption\":\"Admin\"},\"url\":\"https:\\\/\\\/diariofemenino.com.ar\\\/df\\\/author\\\/adm18df\\\/\"}]}<\/script>\n<!-- \/ Yoast SEO plugin. -->","yoast_head_json":{"title":"El juez Carlos Flores seguir\u00e1 en el cargo - Diario Digital Femenino","robots":{"index":"index","follow":"follow","max-snippet":"max-snippet:-1","max-image-preview":"max-image-preview:large","max-video-preview":"max-video-preview:-1"},"canonical":"https:\/\/diariofemenino.com.ar\/df\/el-juez-carlos-flores-seguira-en-el-cargo\/","og_locale":"es_ES","og_type":"article","og_title":"El juez Carlos Flores seguir\u00e1 en el cargo - Diario Digital Femenino","og_description":"&nbsp; &nbsp; &nbsp; Carlos Flores, quien estaba siendo enjuiciado por mal desempe\u00f1o en su cargo, seguir\u00e1 en su puesto. El Jurado de Enjuiciamiento consider\u00f3 en forma mayoritaria que si bien actu\u00f3 en forma negligente en el Caso Carla, no hubo mal desempe\u00f1o reiterado en su cargo. La votaci\u00f3n termin\u00f3 4 a 1. Se escucharon gritos [&hellip;]","og_url":"https:\/\/diariofemenino.com.ar\/df\/el-juez-carlos-flores-seguira-en-el-cargo\/","og_site_name":"Diario Digital Femenino","article_publisher":"https:\/\/www.facebook.com\/DiarioDigitaFemenino\/","article_published_time":"2012-10-10T14:33:53+00:00","og_image":[{"url":"http:\/\/www.diariofemenino.com.ar\/wp-content\/uploads\/jury-a-flores-21.jpg","type":"","width":"","height":""}],"author":"Admin","twitter_card":"summary_large_image","twitter_creator":"@DiarioFemenino1","twitter_site":"@DiarioFemenino1","twitter_misc":{"Escrito por":"Admin","Tiempo de lectura":"4 minutos"},"schema":{"@context":"https:\/\/schema.org","@graph":[{"@type":"Article","@id":"https:\/\/diariofemenino.com.ar\/df\/el-juez-carlos-flores-seguira-en-el-cargo\/#article","isPartOf":{"@id":"https:\/\/diariofemenino.com.ar\/df\/el-juez-carlos-flores-seguira-en-el-cargo\/"},"author":{"name":"Admin","@id":"https:\/\/diariofemenino.com.ar\/df\/#\/schema\/person\/38f54b3bfd13f561de2460ba95c169c6"},"headline":"El juez Carlos Flores seguir\u00e1 en el cargo","datePublished":"2012-10-10T14:33:53+00:00","mainEntityOfPage":{"@id":"https:\/\/diariofemenino.com.ar\/df\/el-juez-carlos-flores-seguira-en-el-cargo\/"},"wordCount":815,"commentCount":0,"publisher":{"@id":"https:\/\/diariofemenino.com.ar\/df\/#organization"},"image":{"@id":"https:\/\/diariofemenino.com.ar\/df\/el-juez-carlos-flores-seguira-en-el-cargo\/#primaryimage"},"thumbnailUrl":"http:\/\/www.diariofemenino.com.ar\/wp-content\/uploads\/jury-a-flores-21.jpg","articleSection":["Historias de vida","Medios","Noticias"],"inLanguage":"es","potentialAction":[{"@type":"CommentAction","name":"Comment","target":["https:\/\/diariofemenino.com.ar\/df\/el-juez-carlos-flores-seguira-en-el-cargo\/#respond"]}]},{"@type":"WebPage","@id":"https:\/\/diariofemenino.com.ar\/df\/el-juez-carlos-flores-seguira-en-el-cargo\/","url":"https:\/\/diariofemenino.com.ar\/df\/el-juez-carlos-flores-seguira-en-el-cargo\/","name":"El juez Carlos Flores seguir\u00e1 en el cargo - Diario Digital Femenino","isPartOf":{"@id":"https:\/\/diariofemenino.com.ar\/df\/#website"},"primaryImageOfPage":{"@id":"https:\/\/diariofemenino.com.ar\/df\/el-juez-carlos-flores-seguira-en-el-cargo\/#primaryimage"},"image":{"@id":"https:\/\/diariofemenino.com.ar\/df\/el-juez-carlos-flores-seguira-en-el-cargo\/#primaryimage"},"thumbnailUrl":"http:\/\/www.diariofemenino.com.ar\/wp-content\/uploads\/jury-a-flores-21.jpg","datePublished":"2012-10-10T14:33:53+00:00","breadcrumb":{"@id":"https:\/\/diariofemenino.com.ar\/df\/el-juez-carlos-flores-seguira-en-el-cargo\/#breadcrumb"},"inLanguage":"es","potentialAction":[{"@type":"ReadAction","target":["https:\/\/diariofemenino.com.ar\/df\/el-juez-carlos-flores-seguira-en-el-cargo\/"]}]},{"@type":"ImageObject","inLanguage":"es","@id":"https:\/\/diariofemenino.com.ar\/df\/el-juez-carlos-flores-seguira-en-el-cargo\/#primaryimage","url":"http:\/\/www.diariofemenino.com.ar\/wp-content\/uploads\/jury-a-flores-21.jpg","contentUrl":"http:\/\/www.diariofemenino.com.ar\/wp-content\/uploads\/jury-a-flores-21.jpg"},{"@type":"BreadcrumbList","@id":"https:\/\/diariofemenino.com.ar\/df\/el-juez-carlos-flores-seguira-en-el-cargo\/#breadcrumb","itemListElement":[{"@type":"ListItem","position":1,"name":"Portada","item":"https:\/\/diariofemenino.com.ar\/df\/"},{"@type":"ListItem","position":2,"name":"El juez Carlos Flores seguir\u00e1 en el cargo"}]},{"@type":"WebSite","@id":"https:\/\/diariofemenino.com.ar\/df\/#website","url":"https:\/\/diariofemenino.com.ar\/df\/","name":"Diario Digital Femenino","description":"Cuesti\u00f3n de G\u00e9nero","publisher":{"@id":"https:\/\/diariofemenino.com.ar\/df\/#organization"},"potentialAction":[{"@type":"SearchAction","target":{"@type":"EntryPoint","urlTemplate":"https:\/\/diariofemenino.com.ar\/df\/?s={search_term_string}"},"query-input":{"@type":"PropertyValueSpecification","valueRequired":true,"valueName":"search_term_string"}}],"inLanguage":"es"},{"@type":"Organization","@id":"https:\/\/diariofemenino.com.ar\/df\/#organization","name":"Diario Femenino","url":"https:\/\/diariofemenino.com.ar\/df\/","logo":{"@type":"ImageObject","inLanguage":"es","@id":"https:\/\/diariofemenino.com.ar\/df\/#\/schema\/logo\/image\/","url":"https:\/\/diariofemenino.com.ar\/df\/wp-content\/uploads\/2018\/10\/logo.png","contentUrl":"https:\/\/diariofemenino.com.ar\/df\/wp-content\/uploads\/2018\/10\/logo.png","width":500,"height":92,"caption":"Diario Femenino"},"image":{"@id":"https:\/\/diariofemenino.com.ar\/df\/#\/schema\/logo\/image\/"},"sameAs":["https:\/\/www.facebook.com\/DiarioDigitaFemenino\/","https:\/\/x.com\/DiarioFemenino1"]},{"@type":"Person","@id":"https:\/\/diariofemenino.com.ar\/df\/#\/schema\/person\/38f54b3bfd13f561de2460ba95c169c6","name":"Admin","image":{"@type":"ImageObject","inLanguage":"es","@id":"https:\/\/diariofemenino.com.ar\/df\/wp-content\/uploads\/2018\/12\/favicon-150x150.jpg","url":"https:\/\/diariofemenino.com.ar\/df\/wp-content\/uploads\/2018\/12\/favicon-150x150.jpg","contentUrl":"https:\/\/diariofemenino.com.ar\/df\/wp-content\/uploads\/2018\/12\/favicon-150x150.jpg","caption":"Admin"},"url":"https:\/\/diariofemenino.com.ar\/df\/author\/adm18df\/"}]}},"jetpack_featured_media_url":"","jetpack_sharing_enabled":true,"rttpg_featured_image_url":null,"rttpg_author":{"display_name":"Admin","author_link":"https:\/\/diariofemenino.com.ar\/df\/author\/adm18df\/"},"rttpg_comment":0,"rttpg_category":"<a href=\"https:\/\/diariofemenino.com.ar\/df\/category\/historias-de-vida\/\" rel=\"category tag\">Historias de vida<\/a> <a href=\"https:\/\/diariofemenino.com.ar\/df\/category\/medios\/\" rel=\"category tag\">Medios<\/a> <a href=\"https:\/\/diariofemenino.com.ar\/df\/category\/noticias\/\" rel=\"category tag\">Noticias<\/a>","rttpg_excerpt":"&nbsp; &nbsp; &nbsp; Carlos Flores, quien estaba siendo enjuiciado por mal desempe\u00f1o en su cargo, seguir\u00e1 en su puesto. El Jurado de Enjuiciamiento consider\u00f3 en forma mayoritaria que si bien actu\u00f3 en forma negligente en el Caso Carla, no hubo mal desempe\u00f1o reiterado en su cargo. La votaci\u00f3n termin\u00f3 4 a 1. Se escucharon gritos&hellip;","_links":{"self":[{"href":"https:\/\/diariofemenino.com.ar\/df\/wp-json\/wp\/v2\/posts\/4452","targetHints":{"allow":["GET"]}}],"collection":[{"href":"https:\/\/diariofemenino.com.ar\/df\/wp-json\/wp\/v2\/posts"}],"about":[{"href":"https:\/\/diariofemenino.com.ar\/df\/wp-json\/wp\/v2\/types\/post"}],"author":[{"embeddable":true,"href":"https:\/\/diariofemenino.com.ar\/df\/wp-json\/wp\/v2\/users\/1"}],"replies":[{"embeddable":true,"href":"https:\/\/diariofemenino.com.ar\/df\/wp-json\/wp\/v2\/comments?post=4452"}],"version-history":[{"count":0,"href":"https:\/\/diariofemenino.com.ar\/df\/wp-json\/wp\/v2\/posts\/4452\/revisions"}],"wp:attachment":[{"href":"https:\/\/diariofemenino.com.ar\/df\/wp-json\/wp\/v2\/media?parent=4452"}],"wp:term":[{"taxonomy":"category","embeddable":true,"href":"https:\/\/diariofemenino.com.ar\/df\/wp-json\/wp\/v2\/categories?post=4452"},{"taxonomy":"post_tag","embeddable":true,"href":"https:\/\/diariofemenino.com.ar\/df\/wp-json\/wp\/v2\/tags?post=4452"}],"curies":[{"name":"wp","href":"https:\/\/api.w.org\/{rel}","templated":true}]}}