{"id":44498,"date":"2019-12-27T15:01:51","date_gmt":"2019-12-27T18:01:51","guid":{"rendered":"https:\/\/diariofemenino.com.ar\/?p=44498"},"modified":"2019-12-27T15:07:27","modified_gmt":"2019-12-27T18:07:27","slug":"monique-wittig","status":"publish","type":"post","link":"https:\/\/diariofemenino.com.ar\/df\/monique-wittig\/","title":{"rendered":"Monique Wittig y su universo de lesbianas y guerrilleras"},"content":{"rendered":"<p>Monique Wittig<\/p>\n<p><strong>A 50 a\u00f1os de la primera edici\u00f3n, se tradujo al castellano Guerrilleras. Un <a href=\"https:\/\/diariofemenino.com.ar\/category\/biblioteca\/\">libro<\/a> que habla de los feminarios y la guerra: de las historias que se narran y los cuerpos que sangran.<\/strong><\/p>\n<p><a href=\"http:\/\/cosecharoja.org\/monique-wittig-y-su-universo-de-lesbianas-y-guerilleras\/\">Cosecha Roja<\/a><\/p>\n<div class=\"wpb_text_column wpb_content_element \">\n<div class=\"wpb_wrapper\">\n<figure id=\"attachment_44501\" aria-describedby=\"caption-attachment-44501\" style=\"width: 345px\" class=\"wp-caption alignleft\"><img loading=\"lazy\" decoding=\"async\" class=\"size-full wp-image-44501\" src=\"https:\/\/diariofemenino.com.ar\/df\/wp-content\/uploads\/2019\/12\/guerrilleras.jpg\" alt=\"Monique Wittig y su universo de lesbianas y guerilleras\" width=\"345\" height=\"496\" srcset=\"https:\/\/diariofemenino.com.ar\/df\/wp-content\/uploads\/2019\/12\/guerrilleras.jpg 345w, https:\/\/diariofemenino.com.ar\/df\/wp-content\/uploads\/2019\/12\/guerrilleras-209x300.jpg 209w\" sizes=\"auto, (max-width: 345px) 100vw, 345px\" \/><figcaption id=\"caption-attachment-44501\" class=\"wp-caption-text\">Monique Wittig y su universo de lesbianas y guerilleras<\/figcaption><\/figure>\n<p><em><strong>Monique Wittig<\/strong>\u00a0(1935-2003) fue una escritora lesbiana francesa, feminista, ensayista y activista, precursora de la teor\u00eda cuir. Para ella la heterosexualidad es un r\u00e9gimen pol\u00edtico antes que una pr\u00e1ctica sexual y siguiendo esa l\u00ednea supo decir \u201clas lesbianas no somos mujeres\u201d.<\/em><\/p>\n<p><em>A 50 a\u00f1os de la primera edici\u00f3n en su idioma original, la editorial Hekht tradujo al castellano\u00a0su libro\u00a0<strong>Guerrilleras<\/strong>, una versi\u00f3n rioplatense que recupera los pasajes censurados en la primera y \u00fanica traducci\u00f3n al castellano que tuvo esta obra. Un libro que habla de los feminarios y la guerra: de las historias que se narran y los cuerpos que sangran, de la tensi\u00f3n entre las palabras y la sangre, entre el instante sin nombre y el poder de nombrar. En Cosecha Roja te compartimos un adelanto.<\/em><\/p>\n<p>Ellas dicen que aprehenden sus cuerpos en su totalidad. Dicen que no privilegian alguna de sus partes con el pretexto de que alguna vez fue objeto de una prohibici\u00f3n. Dicen que no quieren ser prisioneras de su propia ideolog\u00eda. Dicen que no recogieron y desarrollaron los s\u00edmbolos que necesitaron al principio para hacer evidente su fuerza. No comparan las vulvas con el sol la luna las estrellas. No dicen que las vulvas son como soles negros en la noche brillante.<\/p>\n<p>***<\/p>\n<p>Hablan todas a la vez del peligro que alguna vez han sido para el poder, cuentan c\u00f3mo fueron quemadas en las hogueras para impedir que vuelvan a reunirse. Fueron capaces de gobernar tempestades, hundir flotas enteras, derrotar ej\u00e9rcitos. Fueron expertas en venenos en vientos en voluntades. Pudieron ejercer su poder como quisieron y transferir todo tipo de personalidades a simples animales, gansos cerdos p\u00e1jaros tortugas. Mandaron sobre la vida y sobre la muerte. Su poder m\u00faltiple amenaz\u00f3 las jerarqu\u00edas los sistemas de gobierno las autoridades. Su saber rivaliz\u00f3 con \u00e9xito con los saberes oficiales a los que no ten\u00edan acceso, los desafi\u00f3, los atrap\u00f3, los hizo parecer ineficaces. Ninguna polic\u00eda fue tan poderosa para atraparlas, ninguna delaci\u00f3n lo suficientemente oportunista, ning\u00fan suplicio tan brutal, ning\u00fan ej\u00e9rcito demasiado inmenso en su fuerza como para atacarlas una por una y destruirlas. Entonces ellas cantan el canto c\u00e9lebre que dice, a pesar de todos los males que quisieron lastimarme \/ sigo tan s\u00f3lida como un caldero de tres patas.<\/p>\n<p>***<\/p>\n<p>Ellas dicen que a partir del momento donde faltaron los feminarios pudieron referirse a ese tiempo donde, por aquello que las caracteriza, hicieron la guerra. Dicen que todo lo que tienen que hacer es inventar los t\u00e9rminos que las describen sin referirse convencionalmente a los herbarios ni a los bestiarios. Dicen que puede hacerse sin \u00e9nfasis. Dicen que deben mencionar ante todo su fuerza y su coraje.<\/p>\n<p>***<\/p>\n<p>Ellas dicen, desgraciada, te expulsaron del mundo de los signos, y sin embargo te dieron nombres, te llamaron esclava, desafortunada esclava. Como los amos ejercieron su derecho de amos. Ellos escriben sobre su derecho de nombrar que es tan remoto que el origen del lenguaje puede considerarse como un acto de autoridad que emana de la dominaci\u00f3n. De esta forma ellos dicen que se ha dicho, esto es tal o tal cosa, enlazaron a un objeto tal y a un hecho tal, la palabra tal y as\u00ed se apropiaron de ellas. Ellas dicen que fue necesario que griten con todas sus fuerzas para reducirte al silencio. Dicen, el lenguaje que habl\u00e1s te envenena la glotis la lengua el paladar los labios. El lenguaje que habl\u00e1s est\u00e1 hecho de palabras que te matan. El lenguaje que habl\u00e1s est\u00e1 hecho de signos que hablando designan las cosas de las que se han apropiado. Lo que no aparece en el lenguaje que habl\u00e1s es lo que no pudieron arrebatar, lo que no han arrasado como rapaces de ojos m\u00faltiples. Eso que se manifiesta justo en el intervalo que los amos no pueden llenar con sus palabras de propietarios y de poseedores, puede buscarse en esas lagunas, en todo lo que no es la continuidad en sus discursos, en el cero, la O, en el c\u00edrculo perfecto que invent\u00e1s para apresarlos y para vencerlos.<\/p>\n<p>***<\/p>\n<p>Con los grandes vientos las hojas caen de los \u00e1rboles. Se las recolecta en paneras. Algunas se pudren apenas se las toca. Se esparcen en los prados en los bosques. En las canastas hay hojas de casta\u00f1o de adelfa de arce de clavo de olor de roble de sauce de mandarina de olmo tojo de banano de terebindo de latania de mirto. T\u00e9ba\u00efre Jade los dispersa en la sala gritando amigas, no se dejen enga\u00f1ar por su imaginaci\u00f3n. Ustedes se comparan con los frutos del casta\u00f1o del clavo de olor de las mandarinas de las naranjas verdes, pero son frutos solo en apariencia. Como las hojas, al menor aliento se dispersan, tan bellas como son, tan fuertes, tan ligeras, de un entendimiento tan sutil y r\u00e1pido. Desconf\u00eden de la dispersi\u00f3n. Sigan unas junto a otras como los caracteres de un libro. No se salgan de esa multitud. Ellas se sientan sobre los montones de hojas y se toman de las manos, mirando las nubes que pasan.<\/p>\n<\/div>\n<\/div>\n<div class=\"wpb_raw_code wpb_content_element wpb_raw_html\">\n<div class=\"wpb_wrapper\">\n<div class=\"abh_box abh_box_custom abh_box_minimal\">\n<div class=\"abh_tab_content\">\n<section class=\"vcard abh_about_tab abh_tab\">\n<div class=\"abh_image\"><a class=\"url\" title=\"Cosecha Roja\" href=\"http:\/\/cosecharoja.org\/author\/martin\/\"><img loading=\"lazy\" decoding=\"async\" class=\"avatar avatar-80 photo\" src=\"http:\/\/cosecharoja.org\/wp-content\/uploads\/2016\/11\/Cosecha-Roja_avatar-80x80.png\" alt=\"Cosecha Roja\" width=\"80\" height=\"80\" \/><\/a><a class=\"url\" href=\"http:\/\/cosecharoja.org\/author\/martin\/\">Cosecha Roja<\/a><\/div>\n<div class=\"abh_text\">\n<div class=\"abh_job\"><\/div>\n<div class=\"description note abh_description\"><\/div>\n<\/div>\n<div><a href=\"https:\/\/diariofemenino.com.ar\/\">Diario Digital Femenino<\/a><\/div>\n<\/section>\n<\/div>\n<\/div>\n<\/div>\n<\/div>\n","protected":false},"excerpt":{"rendered":"<p>Monique Wittig A 50 a\u00f1os de la primera edici\u00f3n, se tradujo al castellano Guerrilleras. Un libro que habla de los feminarios y la guerra: de las historias que se narran y los cuerpos que sangran. Cosecha Roja Monique Wittig\u00a0(1935-2003) fue una escritora lesbiana francesa, feminista, ensayista y activista, precursora de la teor\u00eda cuir. Para ella [&hellip;]<\/p>\n","protected":false},"author":4,"featured_media":44500,"comment_status":"open","ping_status":"open","sticky":false,"template":"","format":"standard","meta":{"iawp_total_views":53,"footnotes":""},"categories":[7,1067,19],"tags":[2572,681,2571],"class_list":["post-44498","post","type-post","status-publish","format-standard","has-post-thumbnail","hentry","category-actividades","category-agenda-feminista","category-biblioteca","tag-guerrilleras","tag-lesbianas","tag-monique-wittig"],"nelio_content":{"autoShareEndMode":"never","automationSources":{"useCustomSentences":false,"customSentences":[]},"efiAlt":"","efiUrl":"","followers":[4],"highlights":[],"isAutoShareEnabled":true,"networkImageIds":[],"permalinkQueryArgs":[],"series":[],"suggestedReferences":[]},"yoast_head":"<!-- This site is optimized with the Yoast SEO plugin v27.5 - https:\/\/yoast.com\/product\/yoast-seo-wordpress\/ -->\n<title>Monique Wittig y su universo de lesbianas y guerrilleras - Diario Digital Femenino<\/title>\n<meta name=\"description\" content=\"Monique Wittig y su universo de lesbianas y guerrilleras. A 50 a\u00f1os de la primera edici\u00f3n, se tradujo al castellano Guerrilleras.\" \/>\n<meta name=\"robots\" content=\"index, follow, max-snippet:-1, max-image-preview:large, max-video-preview:-1\" \/>\n<link rel=\"canonical\" href=\"https:\/\/diariofemenino.com.ar\/df\/monique-wittig\/\" \/>\n<meta property=\"og:locale\" content=\"es_ES\" \/>\n<meta property=\"og:type\" content=\"article\" \/>\n<meta property=\"og:title\" content=\"Monique Wittig y su universo de lesbianas y guerrilleras - Diario Digital Femenino\" \/>\n<meta property=\"og:description\" content=\"Monique Wittig y su universo de lesbianas y guerrilleras. A 50 a\u00f1os de la primera edici\u00f3n, se tradujo al castellano Guerrilleras.\" \/>\n<meta property=\"og:url\" content=\"https:\/\/diariofemenino.com.ar\/df\/monique-wittig\/\" \/>\n<meta property=\"og:site_name\" content=\"Diario Digital Femenino\" \/>\n<meta property=\"article:publisher\" content=\"https:\/\/www.facebook.com\/DiarioDigitaFemenino\/\" \/>\n<meta property=\"article:published_time\" content=\"2019-12-27T18:01:51+00:00\" \/>\n<meta property=\"article:modified_time\" content=\"2019-12-27T18:07:27+00:00\" \/>\n<meta property=\"og:image\" content=\"https:\/\/diariofemenino.com.ar\/df\/wp-content\/uploads\/2019\/12\/monique.jpg\" \/>\n\t<meta property=\"og:image:width\" content=\"840\" \/>\n\t<meta property=\"og:image:height\" content=\"600\" \/>\n\t<meta property=\"og:image:type\" content=\"image\/jpeg\" \/>\n<meta name=\"author\" content=\"Admin\" \/>\n<meta name=\"twitter:card\" content=\"summary_large_image\" \/>\n<meta name=\"twitter:creator\" content=\"@DiarioFemenino1\" \/>\n<meta name=\"twitter:site\" content=\"@DiarioFemenino1\" \/>\n<meta name=\"twitter:label1\" content=\"Escrito por\" \/>\n\t<meta name=\"twitter:data1\" content=\"Admin\" \/>\n\t<meta name=\"twitter:label2\" content=\"Tiempo de lectura\" \/>\n\t<meta name=\"twitter:data2\" content=\"5 minutos\" \/>\n<script type=\"application\/ld+json\" class=\"yoast-schema-graph\">{\"@context\":\"https:\\\/\\\/schema.org\",\"@graph\":[{\"@type\":\"Article\",\"@id\":\"https:\\\/\\\/diariofemenino.com.ar\\\/df\\\/monique-wittig\\\/#article\",\"isPartOf\":{\"@id\":\"https:\\\/\\\/diariofemenino.com.ar\\\/df\\\/monique-wittig\\\/\"},\"author\":{\"name\":\"Admin\",\"@id\":\"https:\\\/\\\/diariofemenino.com.ar\\\/df\\\/#\\\/schema\\\/person\\\/bf6199e8158c657ea6f789b11ec85509\"},\"headline\":\"Monique Wittig y su universo de lesbianas y guerrilleras\",\"datePublished\":\"2019-12-27T18:01:51+00:00\",\"dateModified\":\"2019-12-27T18:07:27+00:00\",\"mainEntityOfPage\":{\"@id\":\"https:\\\/\\\/diariofemenino.com.ar\\\/df\\\/monique-wittig\\\/\"},\"wordCount\":947,\"commentCount\":0,\"publisher\":{\"@id\":\"https:\\\/\\\/diariofemenino.com.ar\\\/df\\\/#organization\"},\"image\":{\"@id\":\"https:\\\/\\\/diariofemenino.com.ar\\\/df\\\/monique-wittig\\\/#primaryimage\"},\"thumbnailUrl\":\"https:\\\/\\\/diariofemenino.com.ar\\\/df\\\/wp-content\\\/uploads\\\/2019\\\/12\\\/monique.jpg\",\"keywords\":[\"Guerrilleras\",\"Lesbianas\",\"Monique Wittig\"],\"articleSection\":[\"Actividades\",\"Agenda Feminista\",\"Biblioteca Virtual\"],\"inLanguage\":\"es\",\"potentialAction\":[{\"@type\":\"CommentAction\",\"name\":\"Comment\",\"target\":[\"https:\\\/\\\/diariofemenino.com.ar\\\/df\\\/monique-wittig\\\/#respond\"]}]},{\"@type\":\"WebPage\",\"@id\":\"https:\\\/\\\/diariofemenino.com.ar\\\/df\\\/monique-wittig\\\/\",\"url\":\"https:\\\/\\\/diariofemenino.com.ar\\\/df\\\/monique-wittig\\\/\",\"name\":\"Monique Wittig y su universo de lesbianas y guerrilleras - Diario Digital Femenino\",\"isPartOf\":{\"@id\":\"https:\\\/\\\/diariofemenino.com.ar\\\/df\\\/#website\"},\"primaryImageOfPage\":{\"@id\":\"https:\\\/\\\/diariofemenino.com.ar\\\/df\\\/monique-wittig\\\/#primaryimage\"},\"image\":{\"@id\":\"https:\\\/\\\/diariofemenino.com.ar\\\/df\\\/monique-wittig\\\/#primaryimage\"},\"thumbnailUrl\":\"https:\\\/\\\/diariofemenino.com.ar\\\/df\\\/wp-content\\\/uploads\\\/2019\\\/12\\\/monique.jpg\",\"datePublished\":\"2019-12-27T18:01:51+00:00\",\"dateModified\":\"2019-12-27T18:07:27+00:00\",\"description\":\"Monique Wittig y su universo de lesbianas y guerrilleras. A 50 a\u00f1os de la primera edici\u00f3n, se tradujo al castellano Guerrilleras.\",\"breadcrumb\":{\"@id\":\"https:\\\/\\\/diariofemenino.com.ar\\\/df\\\/monique-wittig\\\/#breadcrumb\"},\"inLanguage\":\"es\",\"potentialAction\":[{\"@type\":\"ReadAction\",\"target\":[\"https:\\\/\\\/diariofemenino.com.ar\\\/df\\\/monique-wittig\\\/\"]}]},{\"@type\":\"ImageObject\",\"inLanguage\":\"es\",\"@id\":\"https:\\\/\\\/diariofemenino.com.ar\\\/df\\\/monique-wittig\\\/#primaryimage\",\"url\":\"https:\\\/\\\/diariofemenino.com.ar\\\/df\\\/wp-content\\\/uploads\\\/2019\\\/12\\\/monique.jpg\",\"contentUrl\":\"https:\\\/\\\/diariofemenino.com.ar\\\/df\\\/wp-content\\\/uploads\\\/2019\\\/12\\\/monique.jpg\",\"width\":840,\"height\":600,\"caption\":\"Monique Wittig y su universo de lesbianas y guerilleras\"},{\"@type\":\"BreadcrumbList\",\"@id\":\"https:\\\/\\\/diariofemenino.com.ar\\\/df\\\/monique-wittig\\\/#breadcrumb\",\"itemListElement\":[{\"@type\":\"ListItem\",\"position\":1,\"name\":\"Portada\",\"item\":\"https:\\\/\\\/diariofemenino.com.ar\\\/df\\\/\"},{\"@type\":\"ListItem\",\"position\":2,\"name\":\"Monique Wittig y su universo de lesbianas y guerrilleras\"}]},{\"@type\":\"WebSite\",\"@id\":\"https:\\\/\\\/diariofemenino.com.ar\\\/df\\\/#website\",\"url\":\"https:\\\/\\\/diariofemenino.com.ar\\\/df\\\/\",\"name\":\"Diario Digital Femenino\",\"description\":\"Cuesti\u00f3n de G\u00e9nero\",\"publisher\":{\"@id\":\"https:\\\/\\\/diariofemenino.com.ar\\\/df\\\/#organization\"},\"potentialAction\":[{\"@type\":\"SearchAction\",\"target\":{\"@type\":\"EntryPoint\",\"urlTemplate\":\"https:\\\/\\\/diariofemenino.com.ar\\\/df\\\/?s={search_term_string}\"},\"query-input\":{\"@type\":\"PropertyValueSpecification\",\"valueRequired\":true,\"valueName\":\"search_term_string\"}}],\"inLanguage\":\"es\"},{\"@type\":\"Organization\",\"@id\":\"https:\\\/\\\/diariofemenino.com.ar\\\/df\\\/#organization\",\"name\":\"Diario Femenino\",\"url\":\"https:\\\/\\\/diariofemenino.com.ar\\\/df\\\/\",\"logo\":{\"@type\":\"ImageObject\",\"inLanguage\":\"es\",\"@id\":\"https:\\\/\\\/diariofemenino.com.ar\\\/df\\\/#\\\/schema\\\/logo\\\/image\\\/\",\"url\":\"https:\\\/\\\/diariofemenino.com.ar\\\/df\\\/wp-content\\\/uploads\\\/2018\\\/10\\\/logo.png\",\"contentUrl\":\"https:\\\/\\\/diariofemenino.com.ar\\\/df\\\/wp-content\\\/uploads\\\/2018\\\/10\\\/logo.png\",\"width\":500,\"height\":92,\"caption\":\"Diario Femenino\"},\"image\":{\"@id\":\"https:\\\/\\\/diariofemenino.com.ar\\\/df\\\/#\\\/schema\\\/logo\\\/image\\\/\"},\"sameAs\":[\"https:\\\/\\\/www.facebook.com\\\/DiarioDigitaFemenino\\\/\",\"https:\\\/\\\/x.com\\\/DiarioFemenino1\"]},{\"@type\":\"Person\",\"@id\":\"https:\\\/\\\/diariofemenino.com.ar\\\/df\\\/#\\\/schema\\\/person\\\/bf6199e8158c657ea6f789b11ec85509\",\"name\":\"Admin\",\"image\":{\"@type\":\"ImageObject\",\"inLanguage\":\"es\",\"@id\":\"https:\\\/\\\/diariofemenino.com.ar\\\/df\\\/wp-content\\\/uploads\\\/2018\\\/12\\\/favicon-150x150.jpg\",\"url\":\"https:\\\/\\\/diariofemenino.com.ar\\\/df\\\/wp-content\\\/uploads\\\/2018\\\/12\\\/favicon-150x150.jpg\",\"contentUrl\":\"https:\\\/\\\/diariofemenino.com.ar\\\/df\\\/wp-content\\\/uploads\\\/2018\\\/12\\\/favicon-150x150.jpg\",\"caption\":\"Admin\"},\"url\":\"https:\\\/\\\/diariofemenino.com.ar\\\/df\\\/author\\\/lenny\\\/\"}]}<\/script>\n<!-- \/ Yoast SEO plugin. -->","yoast_head_json":{"title":"Monique Wittig y su universo de lesbianas y guerrilleras - Diario Digital Femenino","description":"Monique Wittig y su universo de lesbianas y guerrilleras. A 50 a\u00f1os de la primera edici\u00f3n, se tradujo al castellano Guerrilleras.","robots":{"index":"index","follow":"follow","max-snippet":"max-snippet:-1","max-image-preview":"max-image-preview:large","max-video-preview":"max-video-preview:-1"},"canonical":"https:\/\/diariofemenino.com.ar\/df\/monique-wittig\/","og_locale":"es_ES","og_type":"article","og_title":"Monique Wittig y su universo de lesbianas y guerrilleras - Diario Digital Femenino","og_description":"Monique Wittig y su universo de lesbianas y guerrilleras. A 50 a\u00f1os de la primera edici\u00f3n, se tradujo al castellano Guerrilleras.","og_url":"https:\/\/diariofemenino.com.ar\/df\/monique-wittig\/","og_site_name":"Diario Digital Femenino","article_publisher":"https:\/\/www.facebook.com\/DiarioDigitaFemenino\/","article_published_time":"2019-12-27T18:01:51+00:00","article_modified_time":"2019-12-27T18:07:27+00:00","og_image":[{"width":840,"height":600,"url":"https:\/\/diariofemenino.com.ar\/df\/wp-content\/uploads\/2019\/12\/monique.jpg","type":"image\/jpeg"}],"author":"Admin","twitter_card":"summary_large_image","twitter_creator":"@DiarioFemenino1","twitter_site":"@DiarioFemenino1","twitter_misc":{"Escrito por":"Admin","Tiempo de lectura":"5 minutos"},"schema":{"@context":"https:\/\/schema.org","@graph":[{"@type":"Article","@id":"https:\/\/diariofemenino.com.ar\/df\/monique-wittig\/#article","isPartOf":{"@id":"https:\/\/diariofemenino.com.ar\/df\/monique-wittig\/"},"author":{"name":"Admin","@id":"https:\/\/diariofemenino.com.ar\/df\/#\/schema\/person\/bf6199e8158c657ea6f789b11ec85509"},"headline":"Monique Wittig y su universo de lesbianas y guerrilleras","datePublished":"2019-12-27T18:01:51+00:00","dateModified":"2019-12-27T18:07:27+00:00","mainEntityOfPage":{"@id":"https:\/\/diariofemenino.com.ar\/df\/monique-wittig\/"},"wordCount":947,"commentCount":0,"publisher":{"@id":"https:\/\/diariofemenino.com.ar\/df\/#organization"},"image":{"@id":"https:\/\/diariofemenino.com.ar\/df\/monique-wittig\/#primaryimage"},"thumbnailUrl":"https:\/\/diariofemenino.com.ar\/df\/wp-content\/uploads\/2019\/12\/monique.jpg","keywords":["Guerrilleras","Lesbianas","Monique Wittig"],"articleSection":["Actividades","Agenda Feminista","Biblioteca Virtual"],"inLanguage":"es","potentialAction":[{"@type":"CommentAction","name":"Comment","target":["https:\/\/diariofemenino.com.ar\/df\/monique-wittig\/#respond"]}]},{"@type":"WebPage","@id":"https:\/\/diariofemenino.com.ar\/df\/monique-wittig\/","url":"https:\/\/diariofemenino.com.ar\/df\/monique-wittig\/","name":"Monique Wittig y su universo de lesbianas y guerrilleras - Diario Digital Femenino","isPartOf":{"@id":"https:\/\/diariofemenino.com.ar\/df\/#website"},"primaryImageOfPage":{"@id":"https:\/\/diariofemenino.com.ar\/df\/monique-wittig\/#primaryimage"},"image":{"@id":"https:\/\/diariofemenino.com.ar\/df\/monique-wittig\/#primaryimage"},"thumbnailUrl":"https:\/\/diariofemenino.com.ar\/df\/wp-content\/uploads\/2019\/12\/monique.jpg","datePublished":"2019-12-27T18:01:51+00:00","dateModified":"2019-12-27T18:07:27+00:00","description":"Monique Wittig y su universo de lesbianas y guerrilleras. A 50 a\u00f1os de la primera edici\u00f3n, se tradujo al castellano Guerrilleras.","breadcrumb":{"@id":"https:\/\/diariofemenino.com.ar\/df\/monique-wittig\/#breadcrumb"},"inLanguage":"es","potentialAction":[{"@type":"ReadAction","target":["https:\/\/diariofemenino.com.ar\/df\/monique-wittig\/"]}]},{"@type":"ImageObject","inLanguage":"es","@id":"https:\/\/diariofemenino.com.ar\/df\/monique-wittig\/#primaryimage","url":"https:\/\/diariofemenino.com.ar\/df\/wp-content\/uploads\/2019\/12\/monique.jpg","contentUrl":"https:\/\/diariofemenino.com.ar\/df\/wp-content\/uploads\/2019\/12\/monique.jpg","width":840,"height":600,"caption":"Monique Wittig y su universo de lesbianas y guerilleras"},{"@type":"BreadcrumbList","@id":"https:\/\/diariofemenino.com.ar\/df\/monique-wittig\/#breadcrumb","itemListElement":[{"@type":"ListItem","position":1,"name":"Portada","item":"https:\/\/diariofemenino.com.ar\/df\/"},{"@type":"ListItem","position":2,"name":"Monique Wittig y su universo de lesbianas y guerrilleras"}]},{"@type":"WebSite","@id":"https:\/\/diariofemenino.com.ar\/df\/#website","url":"https:\/\/diariofemenino.com.ar\/df\/","name":"Diario Digital Femenino","description":"Cuesti\u00f3n de G\u00e9nero","publisher":{"@id":"https:\/\/diariofemenino.com.ar\/df\/#organization"},"potentialAction":[{"@type":"SearchAction","target":{"@type":"EntryPoint","urlTemplate":"https:\/\/diariofemenino.com.ar\/df\/?s={search_term_string}"},"query-input":{"@type":"PropertyValueSpecification","valueRequired":true,"valueName":"search_term_string"}}],"inLanguage":"es"},{"@type":"Organization","@id":"https:\/\/diariofemenino.com.ar\/df\/#organization","name":"Diario Femenino","url":"https:\/\/diariofemenino.com.ar\/df\/","logo":{"@type":"ImageObject","inLanguage":"es","@id":"https:\/\/diariofemenino.com.ar\/df\/#\/schema\/logo\/image\/","url":"https:\/\/diariofemenino.com.ar\/df\/wp-content\/uploads\/2018\/10\/logo.png","contentUrl":"https:\/\/diariofemenino.com.ar\/df\/wp-content\/uploads\/2018\/10\/logo.png","width":500,"height":92,"caption":"Diario Femenino"},"image":{"@id":"https:\/\/diariofemenino.com.ar\/df\/#\/schema\/logo\/image\/"},"sameAs":["https:\/\/www.facebook.com\/DiarioDigitaFemenino\/","https:\/\/x.com\/DiarioFemenino1"]},{"@type":"Person","@id":"https:\/\/diariofemenino.com.ar\/df\/#\/schema\/person\/bf6199e8158c657ea6f789b11ec85509","name":"Admin","image":{"@type":"ImageObject","inLanguage":"es","@id":"https:\/\/diariofemenino.com.ar\/df\/wp-content\/uploads\/2018\/12\/favicon-150x150.jpg","url":"https:\/\/diariofemenino.com.ar\/df\/wp-content\/uploads\/2018\/12\/favicon-150x150.jpg","contentUrl":"https:\/\/diariofemenino.com.ar\/df\/wp-content\/uploads\/2018\/12\/favicon-150x150.jpg","caption":"Admin"},"url":"https:\/\/diariofemenino.com.ar\/df\/author\/lenny\/"}]}},"jetpack_featured_media_url":"https:\/\/diariofemenino.com.ar\/df\/wp-content\/uploads\/2019\/12\/monique.jpg","jetpack_sharing_enabled":true,"rttpg_featured_image_url":{"full":["https:\/\/diariofemenino.com.ar\/df\/wp-content\/uploads\/2019\/12\/monique.jpg",840,600,false],"landscape":["https:\/\/diariofemenino.com.ar\/df\/wp-content\/uploads\/2019\/12\/monique.jpg",840,600,false],"portraits":["https:\/\/diariofemenino.com.ar\/df\/wp-content\/uploads\/2019\/12\/monique.jpg",840,600,false],"thumbnail":["https:\/\/diariofemenino.com.ar\/df\/wp-content\/uploads\/2019\/12\/monique-150x150.jpg",150,150,true],"medium":["https:\/\/diariofemenino.com.ar\/df\/wp-content\/uploads\/2019\/12\/monique-300x214.jpg",300,214,true],"large":["https:\/\/diariofemenino.com.ar\/df\/wp-content\/uploads\/2019\/12\/monique.jpg",840,600,false],"1536x1536":["https:\/\/diariofemenino.com.ar\/df\/wp-content\/uploads\/2019\/12\/monique.jpg",840,600,false],"2048x2048":["https:\/\/diariofemenino.com.ar\/df\/wp-content\/uploads\/2019\/12\/monique.jpg",840,600,false]},"rttpg_author":{"display_name":"Admin","author_link":"https:\/\/diariofemenino.com.ar\/df\/author\/lenny\/"},"rttpg_comment":0,"rttpg_category":"<a href=\"https:\/\/diariofemenino.com.ar\/df\/category\/actividades\/\" rel=\"category tag\">Actividades<\/a> <a href=\"https:\/\/diariofemenino.com.ar\/df\/category\/agenda-feminista\/\" rel=\"category tag\">Agenda Feminista<\/a> <a href=\"https:\/\/diariofemenino.com.ar\/df\/category\/biblioteca\/\" rel=\"category tag\">Biblioteca Virtual<\/a>","rttpg_excerpt":"Monique Wittig A 50 a\u00f1os de la primera edici\u00f3n, se tradujo al castellano Guerrilleras. Un libro que habla de los feminarios y la guerra: de las historias que se narran y los cuerpos que sangran. Cosecha Roja Monique Wittig\u00a0(1935-2003) fue una escritora lesbiana francesa, feminista, ensayista y activista, precursora de la teor\u00eda cuir. Para ella&hellip;","_links":{"self":[{"href":"https:\/\/diariofemenino.com.ar\/df\/wp-json\/wp\/v2\/posts\/44498","targetHints":{"allow":["GET"]}}],"collection":[{"href":"https:\/\/diariofemenino.com.ar\/df\/wp-json\/wp\/v2\/posts"}],"about":[{"href":"https:\/\/diariofemenino.com.ar\/df\/wp-json\/wp\/v2\/types\/post"}],"author":[{"embeddable":true,"href":"https:\/\/diariofemenino.com.ar\/df\/wp-json\/wp\/v2\/users\/4"}],"replies":[{"embeddable":true,"href":"https:\/\/diariofemenino.com.ar\/df\/wp-json\/wp\/v2\/comments?post=44498"}],"version-history":[{"count":0,"href":"https:\/\/diariofemenino.com.ar\/df\/wp-json\/wp\/v2\/posts\/44498\/revisions"}],"wp:featuredmedia":[{"embeddable":true,"href":"https:\/\/diariofemenino.com.ar\/df\/wp-json\/wp\/v2\/media\/44500"}],"wp:attachment":[{"href":"https:\/\/diariofemenino.com.ar\/df\/wp-json\/wp\/v2\/media?parent=44498"}],"wp:term":[{"taxonomy":"category","embeddable":true,"href":"https:\/\/diariofemenino.com.ar\/df\/wp-json\/wp\/v2\/categories?post=44498"},{"taxonomy":"post_tag","embeddable":true,"href":"https:\/\/diariofemenino.com.ar\/df\/wp-json\/wp\/v2\/tags?post=44498"}],"curies":[{"name":"wp","href":"https:\/\/api.w.org\/{rel}","templated":true}]}}