{"id":44479,"date":"2019-12-25T22:48:02","date_gmt":"2019-12-26T01:48:02","guid":{"rendered":"https:\/\/diariofemenino.com.ar\/?p=44479"},"modified":"2019-12-25T22:48:02","modified_gmt":"2019-12-26T01:48:02","slug":"estudio-sobre-las-mujeres-mayores-de-65-anos-victimas-de-violencia-de-genero","status":"publish","type":"post","link":"https:\/\/diariofemenino.com.ar\/df\/estudio-sobre-las-mujeres-mayores-de-65-anos-victimas-de-violencia-de-genero\/","title":{"rendered":"Estudio sobre las mujeres mayores de 65 a\u00f1os v\u00edctimas de violencia de g\u00e9nero"},"content":{"rendered":"<h3><span style=\"font-weight: 400;\">Introducci\u00f3n\u00a0<\/span><\/h3>\n<p>(descargar estudio completo en portada)<\/p>\n<p><span style=\"font-weight: 400;\"><a href=\"https:\/\/diariofemenino.com.ar\/df\/wp-content\/uploads\/2019\/12\/Estudio_VG_Mayores_65.pdf\"><img loading=\"lazy\" decoding=\"async\" class=\"alignleft size-full wp-image-44480\" src=\"https:\/\/diariofemenino.com.ar\/df\/wp-content\/uploads\/2019\/12\/estudios.jpg\" alt=\"Estudio sobre las mujeres mayores de 65 a\u00f1os v\u00edctimas de violencia de g\u00e9nero\" width=\"376\" height=\"523\" srcset=\"https:\/\/diariofemenino.com.ar\/df\/wp-content\/uploads\/2019\/12\/estudios.jpg 376w, https:\/\/diariofemenino.com.ar\/df\/wp-content\/uploads\/2019\/12\/estudios-216x300.jpg 216w\" sizes=\"auto, (max-width: 376px) 100vw, 376px\" \/><\/a>La investigaci\u00f3n que se presenta est\u00e1 promovida, impulsada y financiada por la <a href=\"http:\/\/www.violenciagenero.igualdad.mpr.gob.es\/instituciones\/delegacionGobierno\/home.htm\">Delegaci\u00f3n del Gobierno para la Violencia de G\u00e9nero<\/a>, en el marco del Observatorio Estatal de Violencia sobre la Mujer y en cumplimiento de las medidas establecidas en el Pacto de Estado en Materia de Violencia de G\u00e9nero, m\u00e1s concretamente la que indica que se deben \u201crealizar estudios sobre la situaci\u00f3n de las <a href=\"https:\/\/diariofemenino.com.ar\/dos-de-cada-tres-mujeres\/\">mujeres mayores<\/a> de 65 a\u00f1os que sufren violencia de g\u00e9nero y preparar recursos adaptados a ellas\u201d (Medida N\u00ba 136 del informe de la Ponencia del Senado).\u00a0<\/span><\/p>\n<p><span style=\"font-weight: 400;\">La conexi\u00f3n g\u00e9nero-edad tambi\u00e9n preocupa especialmente a Cruz Roja Espa\u00f1ola, como entidad prestadora del Servicio telef\u00f3nico de Atenci\u00f3n y Protecci\u00f3n a V\u00edctimas de la Violencia de G\u00e9nero (Servicio ATENPRO) en todo el Estado desde el a\u00f1o 2013, cuyo titular es el Ministerio de la Presidencia, Relaciones con las Cortes e Igualdad y cuya gesti\u00f3n la realiza la Federaci\u00f3n Espa\u00f1ola de Municipios y Provincias (FEMP). La Delegaci\u00f3n del Gobierno para la Violencia de G\u00e9nero gestiona este servicio desde el 1 de enero de 2010.\u00a0<\/span><\/p>\n<p><span style=\"font-weight: 400;\">En 2017, Cruz Roja present\u00f3 un estudio sobre la situaci\u00f3n de las <a href=\"http:\/\/www.inmujer.gob.es\/areasTematicas\/AreaSalud\/Publicaciones\/docs\/GuiasSalud\/Salud_IX.pdf\">mujeres<\/a> atendidas en este Servicio, que permit\u00eda evidenciar que uno de los sectores con mayor vulnerabilidad entre las v\u00edctimas de violencia de g\u00e9nero es el de las mujeres de edad.\u00a0<\/span><\/p>\n<p><span style=\"font-weight: 400;\">El impacto del envejecimiento poblacional, la sobrerrepresentaci\u00f3n de mujeres en este sector de poblaci\u00f3n y la invisibilidad de la violencia de g\u00e9nero y de otros tipos de violencia hacia las mujeres mayores, hace cada vez m\u00e1s necesario el estudio de procesos relacionados con su seguridad y bienestar.<\/span><\/p>\n<p><span style=\"font-weight: 400;\">La investigaci\u00f3n se realiza con la participaci\u00f3n de mujeres atendidas en el Servicio ATENPRO y en el Proyecto de Buen Trato a las Personas Mayores, que se centra en la sensibilizaci\u00f3n y prevenci\u00f3n del abuso y maltrato a las personas de edad. Estas \u00faltimas han participado \u00fanicamente en la parte cualitativa del estudio y han sido seleccionadas por las personas responsables del proyecto porque hab\u00edan estado, estaban o pod\u00edan estar sufriendo violencia de g\u00e9nero. Pese a ello, algunas no se identificaban como v\u00edctimas y la mayor\u00eda no hab\u00eda presentado denuncia.<\/span><\/p>\n<p><strong>Principales resultados <\/strong><\/p>\n<p><span style=\"font-weight: 400;\">Este apartado constituye un resumen de los principales hallazgos del estudio, incluyendo informaci\u00f3n acerca de las caracter\u00edsticas sociodemogr\u00e1ficas de las mujeres encuestadas, los problemas afrontados en el \u00faltimo a\u00f1o, la tasa de riesgo de pobreza y exclusi\u00f3n (AROPE), la salud f\u00edsica y emocional, las caracter\u00edsticas de la violencia sufrida, la situaci\u00f3n actual de protecci\u00f3n y los perfiles estad\u00edsticos resultantes del escalado multidimensional, as\u00ed como aspectos clave detectados en el an\u00e1lisis cualitativo y cuantitativo y algunas propuestas de las mujeres encuestadas que constituyen una muestra representativa de las mujeres mayores de 65 a\u00f1os v\u00edctimas de Violencia de G\u00e9nero, atendidas en el Servicio ATENPRO.<\/span><\/p>\n<p><span style=\"font-weight: 400;\"><strong>Problemas m\u00e1s destacados<\/strong> <\/span><\/p>\n<p><span style=\"font-weight: 400;\">Cuando se les pregunta por los problemas m\u00e1s importantes que han afrontado en el \u00faltimo a\u00f1o, los tres m\u00e1s se\u00f1alados han sido los de tipo econ\u00f3mico-financiero, que han afectado al 61%, los problemas de salud propios o de sus familiares (41%) y las situaciones de violencia (32%). La vivienda es otro \u00e1mbito en el que se\u00f1alan dificultades (32%): el 10% no pueden pagar el alquiler; el 8% han perdido sus casas y el 17% se han tenido que ir a vivir con otras personas de su familia.<\/span><\/p>\n<p>&nbsp;<\/p>\n<p><a href=\"https:\/\/diariofemenino.com.ar\/category\/biblioteca\/\">Biblioteca Virtual<\/a><\/p>\n<p><a href=\"https:\/\/diariofemenino.com.ar\/\">Diario Digital Femenino<\/a><\/p>\n","protected":false},"excerpt":{"rendered":"<p>Introducci\u00f3n\u00a0 (descargar estudio completo en portada) La investigaci\u00f3n que se presenta est\u00e1 promovida, impulsada y financiada por la Delegaci\u00f3n del Gobierno para la Violencia de G\u00e9nero, en el marco del Observatorio Estatal de Violencia sobre la Mujer y en cumplimiento de las medidas establecidas en el Pacto de Estado en Materia de Violencia de G\u00e9nero, [&hellip;]<\/p>\n","protected":false},"author":4,"featured_media":44482,"comment_status":"open","ping_status":"open","sticky":false,"template":"","format":"standard","meta":{"iawp_total_views":3,"footnotes":""},"categories":[19],"tags":[2566,2565,16],"class_list":["post-44479","post","type-post","status-publish","format-standard","has-post-thumbnail","hentry","category-biblioteca","tag-estudio","tag-mujeres-mayores","tag-violencia-de-genero"],"nelio_content":{"autoShareEndMode":"never","automationSources":{"useCustomSentences":false,"customSentences":[]},"efiAlt":"","efiUrl":"","followers":[4],"highlights":[],"isAutoShareEnabled":true,"networkImageIds":[],"permalinkQueryArgs":[],"series":[],"suggestedReferences":[]},"yoast_head":"<!-- This site is optimized with the Yoast SEO plugin v27.5 - https:\/\/yoast.com\/product\/yoast-seo-wordpress\/ -->\n<title>Estudio sobre las mujeres mayores de 65 a\u00f1os v\u00edctimas de violencia de g\u00e9nero - Diario Digital Femenino<\/title>\n<meta name=\"description\" content=\"Estudio sobre las mujeres mayores de 65 a\u00f1os v\u00edctimas de violencia de g\u00e9nero.\" \/>\n<meta name=\"robots\" content=\"index, follow, max-snippet:-1, max-image-preview:large, max-video-preview:-1\" \/>\n<link rel=\"canonical\" href=\"https:\/\/diariofemenino.com.ar\/df\/estudio-sobre-las-mujeres-mayores-de-65-anos-victimas-de-violencia-de-genero\/\" \/>\n<meta property=\"og:locale\" content=\"es_ES\" \/>\n<meta property=\"og:type\" content=\"article\" \/>\n<meta property=\"og:title\" content=\"Estudio sobre las mujeres mayores de 65 a\u00f1os v\u00edctimas de violencia de g\u00e9nero - Diario Digital Femenino\" \/>\n<meta property=\"og:description\" content=\"Estudio sobre las mujeres mayores de 65 a\u00f1os v\u00edctimas de violencia de g\u00e9nero.\" \/>\n<meta property=\"og:url\" content=\"https:\/\/diariofemenino.com.ar\/df\/estudio-sobre-las-mujeres-mayores-de-65-anos-victimas-de-violencia-de-genero\/\" \/>\n<meta property=\"og:site_name\" content=\"Diario Digital Femenino\" \/>\n<meta property=\"article:publisher\" content=\"https:\/\/www.facebook.com\/DiarioDigitaFemenino\/\" \/>\n<meta property=\"article:published_time\" content=\"2019-12-26T01:48:02+00:00\" \/>\n<meta property=\"og:image\" content=\"https:\/\/diariofemenino.com.ar\/df\/wp-content\/uploads\/2019\/12\/estudios1.jpg\" \/>\n\t<meta property=\"og:image:width\" content=\"744\" \/>\n\t<meta property=\"og:image:height\" content=\"328\" \/>\n\t<meta property=\"og:image:type\" content=\"image\/jpeg\" \/>\n<meta name=\"author\" content=\"Admin\" \/>\n<meta name=\"twitter:card\" content=\"summary_large_image\" \/>\n<meta name=\"twitter:creator\" content=\"@DiarioFemenino1\" \/>\n<meta name=\"twitter:site\" content=\"@DiarioFemenino1\" \/>\n<meta name=\"twitter:label1\" content=\"Escrito por\" \/>\n\t<meta name=\"twitter:data1\" content=\"Admin\" \/>\n\t<meta name=\"twitter:label2\" content=\"Tiempo de lectura\" \/>\n\t<meta name=\"twitter:data2\" content=\"3 minutos\" \/>\n<script type=\"application\/ld+json\" class=\"yoast-schema-graph\">{\"@context\":\"https:\\\/\\\/schema.org\",\"@graph\":[{\"@type\":\"Article\",\"@id\":\"https:\\\/\\\/diariofemenino.com.ar\\\/df\\\/estudio-sobre-las-mujeres-mayores-de-65-anos-victimas-de-violencia-de-genero\\\/#article\",\"isPartOf\":{\"@id\":\"https:\\\/\\\/diariofemenino.com.ar\\\/df\\\/estudio-sobre-las-mujeres-mayores-de-65-anos-victimas-de-violencia-de-genero\\\/\"},\"author\":{\"name\":\"Admin\",\"@id\":\"https:\\\/\\\/diariofemenino.com.ar\\\/df\\\/#\\\/schema\\\/person\\\/bf6199e8158c657ea6f789b11ec85509\"},\"headline\":\"Estudio sobre las mujeres mayores de 65 a\u00f1os v\u00edctimas de violencia de g\u00e9nero\",\"datePublished\":\"2019-12-26T01:48:02+00:00\",\"mainEntityOfPage\":{\"@id\":\"https:\\\/\\\/diariofemenino.com.ar\\\/df\\\/estudio-sobre-las-mujeres-mayores-de-65-anos-victimas-de-violencia-de-genero\\\/\"},\"wordCount\":622,\"commentCount\":0,\"publisher\":{\"@id\":\"https:\\\/\\\/diariofemenino.com.ar\\\/df\\\/#organization\"},\"image\":{\"@id\":\"https:\\\/\\\/diariofemenino.com.ar\\\/df\\\/estudio-sobre-las-mujeres-mayores-de-65-anos-victimas-de-violencia-de-genero\\\/#primaryimage\"},\"thumbnailUrl\":\"https:\\\/\\\/diariofemenino.com.ar\\\/df\\\/wp-content\\\/uploads\\\/2019\\\/12\\\/estudios1.jpg\",\"keywords\":[\"Estudio\",\"Mujeres mayores\",\"Violencia de g\u00e9nero\"],\"articleSection\":[\"Biblioteca Virtual\"],\"inLanguage\":\"es\",\"potentialAction\":[{\"@type\":\"CommentAction\",\"name\":\"Comment\",\"target\":[\"https:\\\/\\\/diariofemenino.com.ar\\\/df\\\/estudio-sobre-las-mujeres-mayores-de-65-anos-victimas-de-violencia-de-genero\\\/#respond\"]}]},{\"@type\":\"WebPage\",\"@id\":\"https:\\\/\\\/diariofemenino.com.ar\\\/df\\\/estudio-sobre-las-mujeres-mayores-de-65-anos-victimas-de-violencia-de-genero\\\/\",\"url\":\"https:\\\/\\\/diariofemenino.com.ar\\\/df\\\/estudio-sobre-las-mujeres-mayores-de-65-anos-victimas-de-violencia-de-genero\\\/\",\"name\":\"Estudio sobre las mujeres mayores de 65 a\u00f1os v\u00edctimas de violencia de g\u00e9nero - Diario Digital Femenino\",\"isPartOf\":{\"@id\":\"https:\\\/\\\/diariofemenino.com.ar\\\/df\\\/#website\"},\"primaryImageOfPage\":{\"@id\":\"https:\\\/\\\/diariofemenino.com.ar\\\/df\\\/estudio-sobre-las-mujeres-mayores-de-65-anos-victimas-de-violencia-de-genero\\\/#primaryimage\"},\"image\":{\"@id\":\"https:\\\/\\\/diariofemenino.com.ar\\\/df\\\/estudio-sobre-las-mujeres-mayores-de-65-anos-victimas-de-violencia-de-genero\\\/#primaryimage\"},\"thumbnailUrl\":\"https:\\\/\\\/diariofemenino.com.ar\\\/df\\\/wp-content\\\/uploads\\\/2019\\\/12\\\/estudios1.jpg\",\"datePublished\":\"2019-12-26T01:48:02+00:00\",\"description\":\"Estudio sobre las mujeres mayores de 65 a\u00f1os v\u00edctimas de violencia de g\u00e9nero.\",\"breadcrumb\":{\"@id\":\"https:\\\/\\\/diariofemenino.com.ar\\\/df\\\/estudio-sobre-las-mujeres-mayores-de-65-anos-victimas-de-violencia-de-genero\\\/#breadcrumb\"},\"inLanguage\":\"es\",\"potentialAction\":[{\"@type\":\"ReadAction\",\"target\":[\"https:\\\/\\\/diariofemenino.com.ar\\\/df\\\/estudio-sobre-las-mujeres-mayores-de-65-anos-victimas-de-violencia-de-genero\\\/\"]}]},{\"@type\":\"ImageObject\",\"inLanguage\":\"es\",\"@id\":\"https:\\\/\\\/diariofemenino.com.ar\\\/df\\\/estudio-sobre-las-mujeres-mayores-de-65-anos-victimas-de-violencia-de-genero\\\/#primaryimage\",\"url\":\"https:\\\/\\\/diariofemenino.com.ar\\\/df\\\/wp-content\\\/uploads\\\/2019\\\/12\\\/estudios1.jpg\",\"contentUrl\":\"https:\\\/\\\/diariofemenino.com.ar\\\/df\\\/wp-content\\\/uploads\\\/2019\\\/12\\\/estudios1.jpg\",\"width\":744,\"height\":328,\"caption\":\"Estudio sobre las mujeres mayores de 65 a\u00f1os v\u00edctimas de violencia de g\u00e9nero\"},{\"@type\":\"BreadcrumbList\",\"@id\":\"https:\\\/\\\/diariofemenino.com.ar\\\/df\\\/estudio-sobre-las-mujeres-mayores-de-65-anos-victimas-de-violencia-de-genero\\\/#breadcrumb\",\"itemListElement\":[{\"@type\":\"ListItem\",\"position\":1,\"name\":\"Portada\",\"item\":\"https:\\\/\\\/diariofemenino.com.ar\\\/df\\\/\"},{\"@type\":\"ListItem\",\"position\":2,\"name\":\"Estudio sobre las mujeres mayores de 65 a\u00f1os v\u00edctimas de violencia de g\u00e9nero\"}]},{\"@type\":\"WebSite\",\"@id\":\"https:\\\/\\\/diariofemenino.com.ar\\\/df\\\/#website\",\"url\":\"https:\\\/\\\/diariofemenino.com.ar\\\/df\\\/\",\"name\":\"Diario Digital Femenino\",\"description\":\"Cuesti\u00f3n de G\u00e9nero\",\"publisher\":{\"@id\":\"https:\\\/\\\/diariofemenino.com.ar\\\/df\\\/#organization\"},\"potentialAction\":[{\"@type\":\"SearchAction\",\"target\":{\"@type\":\"EntryPoint\",\"urlTemplate\":\"https:\\\/\\\/diariofemenino.com.ar\\\/df\\\/?s={search_term_string}\"},\"query-input\":{\"@type\":\"PropertyValueSpecification\",\"valueRequired\":true,\"valueName\":\"search_term_string\"}}],\"inLanguage\":\"es\"},{\"@type\":\"Organization\",\"@id\":\"https:\\\/\\\/diariofemenino.com.ar\\\/df\\\/#organization\",\"name\":\"Diario Femenino\",\"url\":\"https:\\\/\\\/diariofemenino.com.ar\\\/df\\\/\",\"logo\":{\"@type\":\"ImageObject\",\"inLanguage\":\"es\",\"@id\":\"https:\\\/\\\/diariofemenino.com.ar\\\/df\\\/#\\\/schema\\\/logo\\\/image\\\/\",\"url\":\"https:\\\/\\\/diariofemenino.com.ar\\\/df\\\/wp-content\\\/uploads\\\/2018\\\/10\\\/logo.png\",\"contentUrl\":\"https:\\\/\\\/diariofemenino.com.ar\\\/df\\\/wp-content\\\/uploads\\\/2018\\\/10\\\/logo.png\",\"width\":500,\"height\":92,\"caption\":\"Diario Femenino\"},\"image\":{\"@id\":\"https:\\\/\\\/diariofemenino.com.ar\\\/df\\\/#\\\/schema\\\/logo\\\/image\\\/\"},\"sameAs\":[\"https:\\\/\\\/www.facebook.com\\\/DiarioDigitaFemenino\\\/\",\"https:\\\/\\\/x.com\\\/DiarioFemenino1\"]},{\"@type\":\"Person\",\"@id\":\"https:\\\/\\\/diariofemenino.com.ar\\\/df\\\/#\\\/schema\\\/person\\\/bf6199e8158c657ea6f789b11ec85509\",\"name\":\"Admin\",\"image\":{\"@type\":\"ImageObject\",\"inLanguage\":\"es\",\"@id\":\"https:\\\/\\\/diariofemenino.com.ar\\\/df\\\/wp-content\\\/uploads\\\/2018\\\/12\\\/favicon-150x150.jpg\",\"url\":\"https:\\\/\\\/diariofemenino.com.ar\\\/df\\\/wp-content\\\/uploads\\\/2018\\\/12\\\/favicon-150x150.jpg\",\"contentUrl\":\"https:\\\/\\\/diariofemenino.com.ar\\\/df\\\/wp-content\\\/uploads\\\/2018\\\/12\\\/favicon-150x150.jpg\",\"caption\":\"Admin\"},\"url\":\"https:\\\/\\\/diariofemenino.com.ar\\\/df\\\/author\\\/lenny\\\/\"}]}<\/script>\n<!-- \/ Yoast SEO plugin. -->","yoast_head_json":{"title":"Estudio sobre las mujeres mayores de 65 a\u00f1os v\u00edctimas de violencia de g\u00e9nero - Diario Digital Femenino","description":"Estudio sobre las mujeres mayores de 65 a\u00f1os v\u00edctimas de violencia de g\u00e9nero.","robots":{"index":"index","follow":"follow","max-snippet":"max-snippet:-1","max-image-preview":"max-image-preview:large","max-video-preview":"max-video-preview:-1"},"canonical":"https:\/\/diariofemenino.com.ar\/df\/estudio-sobre-las-mujeres-mayores-de-65-anos-victimas-de-violencia-de-genero\/","og_locale":"es_ES","og_type":"article","og_title":"Estudio sobre las mujeres mayores de 65 a\u00f1os v\u00edctimas de violencia de g\u00e9nero - Diario Digital Femenino","og_description":"Estudio sobre las mujeres mayores de 65 a\u00f1os v\u00edctimas de violencia de g\u00e9nero.","og_url":"https:\/\/diariofemenino.com.ar\/df\/estudio-sobre-las-mujeres-mayores-de-65-anos-victimas-de-violencia-de-genero\/","og_site_name":"Diario Digital Femenino","article_publisher":"https:\/\/www.facebook.com\/DiarioDigitaFemenino\/","article_published_time":"2019-12-26T01:48:02+00:00","og_image":[{"width":744,"height":328,"url":"https:\/\/diariofemenino.com.ar\/df\/wp-content\/uploads\/2019\/12\/estudios1.jpg","type":"image\/jpeg"}],"author":"Admin","twitter_card":"summary_large_image","twitter_creator":"@DiarioFemenino1","twitter_site":"@DiarioFemenino1","twitter_misc":{"Escrito por":"Admin","Tiempo de lectura":"3 minutos"},"schema":{"@context":"https:\/\/schema.org","@graph":[{"@type":"Article","@id":"https:\/\/diariofemenino.com.ar\/df\/estudio-sobre-las-mujeres-mayores-de-65-anos-victimas-de-violencia-de-genero\/#article","isPartOf":{"@id":"https:\/\/diariofemenino.com.ar\/df\/estudio-sobre-las-mujeres-mayores-de-65-anos-victimas-de-violencia-de-genero\/"},"author":{"name":"Admin","@id":"https:\/\/diariofemenino.com.ar\/df\/#\/schema\/person\/bf6199e8158c657ea6f789b11ec85509"},"headline":"Estudio sobre las mujeres mayores de 65 a\u00f1os v\u00edctimas de violencia de g\u00e9nero","datePublished":"2019-12-26T01:48:02+00:00","mainEntityOfPage":{"@id":"https:\/\/diariofemenino.com.ar\/df\/estudio-sobre-las-mujeres-mayores-de-65-anos-victimas-de-violencia-de-genero\/"},"wordCount":622,"commentCount":0,"publisher":{"@id":"https:\/\/diariofemenino.com.ar\/df\/#organization"},"image":{"@id":"https:\/\/diariofemenino.com.ar\/df\/estudio-sobre-las-mujeres-mayores-de-65-anos-victimas-de-violencia-de-genero\/#primaryimage"},"thumbnailUrl":"https:\/\/diariofemenino.com.ar\/df\/wp-content\/uploads\/2019\/12\/estudios1.jpg","keywords":["Estudio","Mujeres mayores","Violencia de g\u00e9nero"],"articleSection":["Biblioteca Virtual"],"inLanguage":"es","potentialAction":[{"@type":"CommentAction","name":"Comment","target":["https:\/\/diariofemenino.com.ar\/df\/estudio-sobre-las-mujeres-mayores-de-65-anos-victimas-de-violencia-de-genero\/#respond"]}]},{"@type":"WebPage","@id":"https:\/\/diariofemenino.com.ar\/df\/estudio-sobre-las-mujeres-mayores-de-65-anos-victimas-de-violencia-de-genero\/","url":"https:\/\/diariofemenino.com.ar\/df\/estudio-sobre-las-mujeres-mayores-de-65-anos-victimas-de-violencia-de-genero\/","name":"Estudio sobre las mujeres mayores de 65 a\u00f1os v\u00edctimas de violencia de g\u00e9nero - Diario Digital Femenino","isPartOf":{"@id":"https:\/\/diariofemenino.com.ar\/df\/#website"},"primaryImageOfPage":{"@id":"https:\/\/diariofemenino.com.ar\/df\/estudio-sobre-las-mujeres-mayores-de-65-anos-victimas-de-violencia-de-genero\/#primaryimage"},"image":{"@id":"https:\/\/diariofemenino.com.ar\/df\/estudio-sobre-las-mujeres-mayores-de-65-anos-victimas-de-violencia-de-genero\/#primaryimage"},"thumbnailUrl":"https:\/\/diariofemenino.com.ar\/df\/wp-content\/uploads\/2019\/12\/estudios1.jpg","datePublished":"2019-12-26T01:48:02+00:00","description":"Estudio sobre las mujeres mayores de 65 a\u00f1os v\u00edctimas de violencia de g\u00e9nero.","breadcrumb":{"@id":"https:\/\/diariofemenino.com.ar\/df\/estudio-sobre-las-mujeres-mayores-de-65-anos-victimas-de-violencia-de-genero\/#breadcrumb"},"inLanguage":"es","potentialAction":[{"@type":"ReadAction","target":["https:\/\/diariofemenino.com.ar\/df\/estudio-sobre-las-mujeres-mayores-de-65-anos-victimas-de-violencia-de-genero\/"]}]},{"@type":"ImageObject","inLanguage":"es","@id":"https:\/\/diariofemenino.com.ar\/df\/estudio-sobre-las-mujeres-mayores-de-65-anos-victimas-de-violencia-de-genero\/#primaryimage","url":"https:\/\/diariofemenino.com.ar\/df\/wp-content\/uploads\/2019\/12\/estudios1.jpg","contentUrl":"https:\/\/diariofemenino.com.ar\/df\/wp-content\/uploads\/2019\/12\/estudios1.jpg","width":744,"height":328,"caption":"Estudio sobre las mujeres mayores de 65 a\u00f1os v\u00edctimas de violencia de g\u00e9nero"},{"@type":"BreadcrumbList","@id":"https:\/\/diariofemenino.com.ar\/df\/estudio-sobre-las-mujeres-mayores-de-65-anos-victimas-de-violencia-de-genero\/#breadcrumb","itemListElement":[{"@type":"ListItem","position":1,"name":"Portada","item":"https:\/\/diariofemenino.com.ar\/df\/"},{"@type":"ListItem","position":2,"name":"Estudio sobre las mujeres mayores de 65 a\u00f1os v\u00edctimas de violencia de g\u00e9nero"}]},{"@type":"WebSite","@id":"https:\/\/diariofemenino.com.ar\/df\/#website","url":"https:\/\/diariofemenino.com.ar\/df\/","name":"Diario Digital Femenino","description":"Cuesti\u00f3n de G\u00e9nero","publisher":{"@id":"https:\/\/diariofemenino.com.ar\/df\/#organization"},"potentialAction":[{"@type":"SearchAction","target":{"@type":"EntryPoint","urlTemplate":"https:\/\/diariofemenino.com.ar\/df\/?s={search_term_string}"},"query-input":{"@type":"PropertyValueSpecification","valueRequired":true,"valueName":"search_term_string"}}],"inLanguage":"es"},{"@type":"Organization","@id":"https:\/\/diariofemenino.com.ar\/df\/#organization","name":"Diario Femenino","url":"https:\/\/diariofemenino.com.ar\/df\/","logo":{"@type":"ImageObject","inLanguage":"es","@id":"https:\/\/diariofemenino.com.ar\/df\/#\/schema\/logo\/image\/","url":"https:\/\/diariofemenino.com.ar\/df\/wp-content\/uploads\/2018\/10\/logo.png","contentUrl":"https:\/\/diariofemenino.com.ar\/df\/wp-content\/uploads\/2018\/10\/logo.png","width":500,"height":92,"caption":"Diario Femenino"},"image":{"@id":"https:\/\/diariofemenino.com.ar\/df\/#\/schema\/logo\/image\/"},"sameAs":["https:\/\/www.facebook.com\/DiarioDigitaFemenino\/","https:\/\/x.com\/DiarioFemenino1"]},{"@type":"Person","@id":"https:\/\/diariofemenino.com.ar\/df\/#\/schema\/person\/bf6199e8158c657ea6f789b11ec85509","name":"Admin","image":{"@type":"ImageObject","inLanguage":"es","@id":"https:\/\/diariofemenino.com.ar\/df\/wp-content\/uploads\/2018\/12\/favicon-150x150.jpg","url":"https:\/\/diariofemenino.com.ar\/df\/wp-content\/uploads\/2018\/12\/favicon-150x150.jpg","contentUrl":"https:\/\/diariofemenino.com.ar\/df\/wp-content\/uploads\/2018\/12\/favicon-150x150.jpg","caption":"Admin"},"url":"https:\/\/diariofemenino.com.ar\/df\/author\/lenny\/"}]}},"jetpack_featured_media_url":"https:\/\/diariofemenino.com.ar\/df\/wp-content\/uploads\/2019\/12\/estudios1.jpg","jetpack_sharing_enabled":true,"rttpg_featured_image_url":{"full":["https:\/\/diariofemenino.com.ar\/df\/wp-content\/uploads\/2019\/12\/estudios1.jpg",744,328,false],"landscape":["https:\/\/diariofemenino.com.ar\/df\/wp-content\/uploads\/2019\/12\/estudios1.jpg",744,328,false],"portraits":["https:\/\/diariofemenino.com.ar\/df\/wp-content\/uploads\/2019\/12\/estudios1.jpg",744,328,false],"thumbnail":["https:\/\/diariofemenino.com.ar\/df\/wp-content\/uploads\/2019\/12\/estudios1-150x150.jpg",150,150,true],"medium":["https:\/\/diariofemenino.com.ar\/df\/wp-content\/uploads\/2019\/12\/estudios1-300x132.jpg",300,132,true],"large":["https:\/\/diariofemenino.com.ar\/df\/wp-content\/uploads\/2019\/12\/estudios1.jpg",744,328,false],"1536x1536":["https:\/\/diariofemenino.com.ar\/df\/wp-content\/uploads\/2019\/12\/estudios1.jpg",744,328,false],"2048x2048":["https:\/\/diariofemenino.com.ar\/df\/wp-content\/uploads\/2019\/12\/estudios1.jpg",744,328,false]},"rttpg_author":{"display_name":"Admin","author_link":"https:\/\/diariofemenino.com.ar\/df\/author\/lenny\/"},"rttpg_comment":0,"rttpg_category":"<a href=\"https:\/\/diariofemenino.com.ar\/df\/category\/biblioteca\/\" rel=\"category tag\">Biblioteca Virtual<\/a>","rttpg_excerpt":"Introducci\u00f3n\u00a0 (descargar estudio completo en portada) La investigaci\u00f3n que se presenta est\u00e1 promovida, impulsada y financiada por la Delegaci\u00f3n del Gobierno para la Violencia de G\u00e9nero, en el marco del Observatorio Estatal de Violencia sobre la Mujer y en cumplimiento de las medidas establecidas en el Pacto de Estado en Materia de Violencia de G\u00e9nero,&hellip;","_links":{"self":[{"href":"https:\/\/diariofemenino.com.ar\/df\/wp-json\/wp\/v2\/posts\/44479","targetHints":{"allow":["GET"]}}],"collection":[{"href":"https:\/\/diariofemenino.com.ar\/df\/wp-json\/wp\/v2\/posts"}],"about":[{"href":"https:\/\/diariofemenino.com.ar\/df\/wp-json\/wp\/v2\/types\/post"}],"author":[{"embeddable":true,"href":"https:\/\/diariofemenino.com.ar\/df\/wp-json\/wp\/v2\/users\/4"}],"replies":[{"embeddable":true,"href":"https:\/\/diariofemenino.com.ar\/df\/wp-json\/wp\/v2\/comments?post=44479"}],"version-history":[{"count":0,"href":"https:\/\/diariofemenino.com.ar\/df\/wp-json\/wp\/v2\/posts\/44479\/revisions"}],"wp:featuredmedia":[{"embeddable":true,"href":"https:\/\/diariofemenino.com.ar\/df\/wp-json\/wp\/v2\/media\/44482"}],"wp:attachment":[{"href":"https:\/\/diariofemenino.com.ar\/df\/wp-json\/wp\/v2\/media?parent=44479"}],"wp:term":[{"taxonomy":"category","embeddable":true,"href":"https:\/\/diariofemenino.com.ar\/df\/wp-json\/wp\/v2\/categories?post=44479"},{"taxonomy":"post_tag","embeddable":true,"href":"https:\/\/diariofemenino.com.ar\/df\/wp-json\/wp\/v2\/tags?post=44479"}],"curies":[{"name":"wp","href":"https:\/\/api.w.org\/{rel}","templated":true}]}}