{"id":4440,"date":"2012-10-09T19:28:24","date_gmt":"2012-10-09T22:28:24","guid":{"rendered":"http:\/\/www.diariofemenino.com.ar\/?p=4440"},"modified":"2012-10-09T19:28:24","modified_gmt":"2012-10-09T22:28:24","slug":"belgrano-y-boca-contra-la-violencia-de-genero","status":"publish","type":"post","link":"https:\/\/diariofemenino.com.ar\/df\/belgrano-y-boca-contra-la-violencia-de-genero\/","title":{"rendered":"Belgrano y Boca, contra la violencia de g\u00e9nero"},"content":{"rendered":"<p>&nbsp;<br \/>\n&nbsp;<br \/>\n&nbsp;<br \/>\n&nbsp;<br \/>\nLos jugadores de Boca Juniors y de Belgrano portaron camisetas con lazos blancos expres\u00e1ndose por una vida sin violencias. Los \u00e1rbitros tambi\u00e9n acompa\u00f1aron la iniciativa.<br \/>\n<a href=\"http:\/\/www.diariofemenino.com.ar\/wp-content\/uploads\/Boca-618x307.jpg\"><img loading=\"lazy\" decoding=\"async\" class=\"alignnone size-full wp-image-4441\" title=\"Boca-618x307\" src=\"http:\/\/www.diariofemenino.com.ar\/wp-content\/uploads\/Boca-618x307.jpg\" alt=\"\" width=\"618\" height=\"307\" \/><\/a><br \/>\nLos jugadores de Belgrano y\u00a0Boca Juniors\u00a0ingresaron al campo de juego exhibiendo remeras con lazos blancos y una leyenda que promueve una vida libre de violencias.\u00a0Los \u00e1rbitros tambi\u00e9n acompa\u00f1aron la iniciativa usando las mismas remeras.<br \/>\nLa acci\u00f3n fue promovida por el Consejo Provincial de la Mujer y el Gobierno de la Provincia de C\u00f3rdoba, en el marco de la campa\u00f1a\u00a0<strong>Lazo Blanco<\/strong>\u00a0que se realiza en m\u00e1s de 50 pa\u00edses del mundo con el objetivo de comprometer a la humanidad para acabar con la violencia contra las mujeres.<br \/>\nExhibir un lazo blanco expresa un mensaje preciso: aceptar el compromiso personal de no cometer, permitir ni silenciar la violencia contra las mujeres.<br \/>\n<strong>Acerca del lazo blanco<\/strong><br \/>\nLa campa\u00f1a del Lazo Blanco fue creada en 1991, cuando el Parlamento canadiense declar\u00f3 el 6 de diciembre como d\u00eda nacional de acci\u00f3n en materia de violencia de g\u00e9nero, en respuesta y conmemoraci\u00f3n de lo sucedido en 1989 en Montreal. Aquel d\u00eda en una escuela de Ingenier\u00eda, 14 mujeres j\u00f3venes fueron brutalmente asesinadas por un hombre que cre\u00eda que las mujeres no ten\u00edan derecho a estar all\u00ed.<br \/>\n&nbsp;<br \/>\n&nbsp;<br \/>\n&nbsp;<\/p>\n","protected":false},"excerpt":{"rendered":"<p>&nbsp; &nbsp; &nbsp; &nbsp; Los jugadores de Boca Juniors y de Belgrano portaron camisetas con lazos blancos expres\u00e1ndose por una vida sin violencias. Los \u00e1rbitros tambi\u00e9n acompa\u00f1aron la iniciativa. Los jugadores de Belgrano y\u00a0Boca Juniors\u00a0ingresaron al campo de juego exhibiendo remeras con lazos blancos y una leyenda que promueve una vida libre de violencias.\u00a0Los \u00e1rbitros [&hellip;]<\/p>\n","protected":false},"author":1,"featured_media":0,"comment_status":"open","ping_status":"open","sticky":false,"template":"","format":"standard","meta":{"iawp_total_views":2,"footnotes":""},"categories":[7,4],"tags":[],"class_list":["post-4440","post","type-post","status-publish","format-standard","hentry","category-actividades","category-medios"],"nelio_content":{"autoShareEndMode":"never","automationSources":{"useCustomSentences":false,"customSentences":[]},"efiAlt":"","efiUrl":"","followers":[],"highlights":[],"isAutoShareEnabled":true,"networkImageIds":[],"permalinkQueryArgs":[],"series":[],"suggestedReferences":[]},"yoast_head":"<!-- This site is optimized with the Yoast SEO plugin v27.4 - https:\/\/yoast.com\/product\/yoast-seo-wordpress\/ -->\n<title>Belgrano y Boca, contra la violencia de g\u00e9nero - Diario Digital Femenino<\/title>\n<meta name=\"robots\" content=\"index, follow, max-snippet:-1, max-image-preview:large, max-video-preview:-1\" \/>\n<link rel=\"canonical\" href=\"https:\/\/diariofemenino.com.ar\/df\/belgrano-y-boca-contra-la-violencia-de-genero\/\" \/>\n<meta property=\"og:locale\" content=\"es_ES\" \/>\n<meta property=\"og:type\" content=\"article\" \/>\n<meta property=\"og:title\" content=\"Belgrano y Boca, contra la violencia de g\u00e9nero - Diario Digital Femenino\" \/>\n<meta property=\"og:description\" content=\"&nbsp; &nbsp; &nbsp; &nbsp; Los jugadores de Boca Juniors y de Belgrano portaron camisetas con lazos blancos expres\u00e1ndose por una vida sin violencias. Los \u00e1rbitros tambi\u00e9n acompa\u00f1aron la iniciativa. Los jugadores de Belgrano y\u00a0Boca Juniors\u00a0ingresaron al campo de juego exhibiendo remeras con lazos blancos y una leyenda que promueve una vida libre de violencias.\u00a0Los \u00e1rbitros [&hellip;]\" \/>\n<meta property=\"og:url\" content=\"https:\/\/diariofemenino.com.ar\/df\/belgrano-y-boca-contra-la-violencia-de-genero\/\" \/>\n<meta property=\"og:site_name\" content=\"Diario Digital Femenino\" \/>\n<meta property=\"article:publisher\" content=\"https:\/\/www.facebook.com\/DiarioDigitaFemenino\/\" \/>\n<meta property=\"article:published_time\" content=\"2012-10-09T22:28:24+00:00\" \/>\n<meta property=\"og:image\" content=\"http:\/\/www.diariofemenino.com.ar\/wp-content\/uploads\/Boca-618x307.jpg\" \/>\n<meta name=\"author\" content=\"Admin\" \/>\n<meta name=\"twitter:card\" content=\"summary_large_image\" \/>\n<meta name=\"twitter:creator\" content=\"@DiarioFemenino1\" \/>\n<meta name=\"twitter:site\" content=\"@DiarioFemenino1\" \/>\n<meta name=\"twitter:label1\" content=\"Escrito por\" \/>\n\t<meta name=\"twitter:data1\" content=\"Admin\" \/>\n\t<meta name=\"twitter:label2\" content=\"Tiempo de lectura\" \/>\n\t<meta name=\"twitter:data2\" content=\"1 minuto\" \/>\n<script type=\"application\/ld+json\" class=\"yoast-schema-graph\">{\"@context\":\"https:\\\/\\\/schema.org\",\"@graph\":[{\"@type\":\"Article\",\"@id\":\"https:\\\/\\\/diariofemenino.com.ar\\\/df\\\/belgrano-y-boca-contra-la-violencia-de-genero\\\/#article\",\"isPartOf\":{\"@id\":\"https:\\\/\\\/diariofemenino.com.ar\\\/df\\\/belgrano-y-boca-contra-la-violencia-de-genero\\\/\"},\"author\":{\"name\":\"Admin\",\"@id\":\"https:\\\/\\\/diariofemenino.com.ar\\\/df\\\/#\\\/schema\\\/person\\\/38f54b3bfd13f561de2460ba95c169c6\"},\"headline\":\"Belgrano y Boca, contra la violencia de g\u00e9nero\",\"datePublished\":\"2012-10-09T22:28:24+00:00\",\"mainEntityOfPage\":{\"@id\":\"https:\\\/\\\/diariofemenino.com.ar\\\/df\\\/belgrano-y-boca-contra-la-violencia-de-genero\\\/\"},\"wordCount\":240,\"commentCount\":0,\"publisher\":{\"@id\":\"https:\\\/\\\/diariofemenino.com.ar\\\/df\\\/#organization\"},\"image\":{\"@id\":\"https:\\\/\\\/diariofemenino.com.ar\\\/df\\\/belgrano-y-boca-contra-la-violencia-de-genero\\\/#primaryimage\"},\"thumbnailUrl\":\"http:\\\/\\\/www.diariofemenino.com.ar\\\/wp-content\\\/uploads\\\/Boca-618x307.jpg\",\"articleSection\":[\"Actividades\",\"Medios\"],\"inLanguage\":\"es\",\"potentialAction\":[{\"@type\":\"CommentAction\",\"name\":\"Comment\",\"target\":[\"https:\\\/\\\/diariofemenino.com.ar\\\/df\\\/belgrano-y-boca-contra-la-violencia-de-genero\\\/#respond\"]}]},{\"@type\":\"WebPage\",\"@id\":\"https:\\\/\\\/diariofemenino.com.ar\\\/df\\\/belgrano-y-boca-contra-la-violencia-de-genero\\\/\",\"url\":\"https:\\\/\\\/diariofemenino.com.ar\\\/df\\\/belgrano-y-boca-contra-la-violencia-de-genero\\\/\",\"name\":\"Belgrano y Boca, contra la violencia de g\u00e9nero - Diario Digital Femenino\",\"isPartOf\":{\"@id\":\"https:\\\/\\\/diariofemenino.com.ar\\\/df\\\/#website\"},\"primaryImageOfPage\":{\"@id\":\"https:\\\/\\\/diariofemenino.com.ar\\\/df\\\/belgrano-y-boca-contra-la-violencia-de-genero\\\/#primaryimage\"},\"image\":{\"@id\":\"https:\\\/\\\/diariofemenino.com.ar\\\/df\\\/belgrano-y-boca-contra-la-violencia-de-genero\\\/#primaryimage\"},\"thumbnailUrl\":\"http:\\\/\\\/www.diariofemenino.com.ar\\\/wp-content\\\/uploads\\\/Boca-618x307.jpg\",\"datePublished\":\"2012-10-09T22:28:24+00:00\",\"breadcrumb\":{\"@id\":\"https:\\\/\\\/diariofemenino.com.ar\\\/df\\\/belgrano-y-boca-contra-la-violencia-de-genero\\\/#breadcrumb\"},\"inLanguage\":\"es\",\"potentialAction\":[{\"@type\":\"ReadAction\",\"target\":[\"https:\\\/\\\/diariofemenino.com.ar\\\/df\\\/belgrano-y-boca-contra-la-violencia-de-genero\\\/\"]}]},{\"@type\":\"ImageObject\",\"inLanguage\":\"es\",\"@id\":\"https:\\\/\\\/diariofemenino.com.ar\\\/df\\\/belgrano-y-boca-contra-la-violencia-de-genero\\\/#primaryimage\",\"url\":\"http:\\\/\\\/www.diariofemenino.com.ar\\\/wp-content\\\/uploads\\\/Boca-618x307.jpg\",\"contentUrl\":\"http:\\\/\\\/www.diariofemenino.com.ar\\\/wp-content\\\/uploads\\\/Boca-618x307.jpg\"},{\"@type\":\"BreadcrumbList\",\"@id\":\"https:\\\/\\\/diariofemenino.com.ar\\\/df\\\/belgrano-y-boca-contra-la-violencia-de-genero\\\/#breadcrumb\",\"itemListElement\":[{\"@type\":\"ListItem\",\"position\":1,\"name\":\"Portada\",\"item\":\"https:\\\/\\\/diariofemenino.com.ar\\\/df\\\/\"},{\"@type\":\"ListItem\",\"position\":2,\"name\":\"Belgrano y Boca, contra la violencia de g\u00e9nero\"}]},{\"@type\":\"WebSite\",\"@id\":\"https:\\\/\\\/diariofemenino.com.ar\\\/df\\\/#website\",\"url\":\"https:\\\/\\\/diariofemenino.com.ar\\\/df\\\/\",\"name\":\"Diario Digital Femenino\",\"description\":\"Cuesti\u00f3n de G\u00e9nero\",\"publisher\":{\"@id\":\"https:\\\/\\\/diariofemenino.com.ar\\\/df\\\/#organization\"},\"potentialAction\":[{\"@type\":\"SearchAction\",\"target\":{\"@type\":\"EntryPoint\",\"urlTemplate\":\"https:\\\/\\\/diariofemenino.com.ar\\\/df\\\/?s={search_term_string}\"},\"query-input\":{\"@type\":\"PropertyValueSpecification\",\"valueRequired\":true,\"valueName\":\"search_term_string\"}}],\"inLanguage\":\"es\"},{\"@type\":\"Organization\",\"@id\":\"https:\\\/\\\/diariofemenino.com.ar\\\/df\\\/#organization\",\"name\":\"Diario Femenino\",\"url\":\"https:\\\/\\\/diariofemenino.com.ar\\\/df\\\/\",\"logo\":{\"@type\":\"ImageObject\",\"inLanguage\":\"es\",\"@id\":\"https:\\\/\\\/diariofemenino.com.ar\\\/df\\\/#\\\/schema\\\/logo\\\/image\\\/\",\"url\":\"https:\\\/\\\/diariofemenino.com.ar\\\/df\\\/wp-content\\\/uploads\\\/2018\\\/10\\\/logo.png\",\"contentUrl\":\"https:\\\/\\\/diariofemenino.com.ar\\\/df\\\/wp-content\\\/uploads\\\/2018\\\/10\\\/logo.png\",\"width\":500,\"height\":92,\"caption\":\"Diario Femenino\"},\"image\":{\"@id\":\"https:\\\/\\\/diariofemenino.com.ar\\\/df\\\/#\\\/schema\\\/logo\\\/image\\\/\"},\"sameAs\":[\"https:\\\/\\\/www.facebook.com\\\/DiarioDigitaFemenino\\\/\",\"https:\\\/\\\/x.com\\\/DiarioFemenino1\"]},{\"@type\":\"Person\",\"@id\":\"https:\\\/\\\/diariofemenino.com.ar\\\/df\\\/#\\\/schema\\\/person\\\/38f54b3bfd13f561de2460ba95c169c6\",\"name\":\"Admin\",\"image\":{\"@type\":\"ImageObject\",\"inLanguage\":\"es\",\"@id\":\"https:\\\/\\\/diariofemenino.com.ar\\\/df\\\/wp-content\\\/uploads\\\/2018\\\/12\\\/favicon-150x150.jpg\",\"url\":\"https:\\\/\\\/diariofemenino.com.ar\\\/df\\\/wp-content\\\/uploads\\\/2018\\\/12\\\/favicon-150x150.jpg\",\"contentUrl\":\"https:\\\/\\\/diariofemenino.com.ar\\\/df\\\/wp-content\\\/uploads\\\/2018\\\/12\\\/favicon-150x150.jpg\",\"caption\":\"Admin\"},\"url\":\"https:\\\/\\\/diariofemenino.com.ar\\\/df\\\/author\\\/adm18df\\\/\"}]}<\/script>\n<!-- \/ Yoast SEO plugin. -->","yoast_head_json":{"title":"Belgrano y Boca, contra la violencia de g\u00e9nero - Diario Digital Femenino","robots":{"index":"index","follow":"follow","max-snippet":"max-snippet:-1","max-image-preview":"max-image-preview:large","max-video-preview":"max-video-preview:-1"},"canonical":"https:\/\/diariofemenino.com.ar\/df\/belgrano-y-boca-contra-la-violencia-de-genero\/","og_locale":"es_ES","og_type":"article","og_title":"Belgrano y Boca, contra la violencia de g\u00e9nero - Diario Digital Femenino","og_description":"&nbsp; &nbsp; &nbsp; &nbsp; Los jugadores de Boca Juniors y de Belgrano portaron camisetas con lazos blancos expres\u00e1ndose por una vida sin violencias. Los \u00e1rbitros tambi\u00e9n acompa\u00f1aron la iniciativa. Los jugadores de Belgrano y\u00a0Boca Juniors\u00a0ingresaron al campo de juego exhibiendo remeras con lazos blancos y una leyenda que promueve una vida libre de violencias.\u00a0Los \u00e1rbitros [&hellip;]","og_url":"https:\/\/diariofemenino.com.ar\/df\/belgrano-y-boca-contra-la-violencia-de-genero\/","og_site_name":"Diario Digital Femenino","article_publisher":"https:\/\/www.facebook.com\/DiarioDigitaFemenino\/","article_published_time":"2012-10-09T22:28:24+00:00","og_image":[{"url":"http:\/\/www.diariofemenino.com.ar\/wp-content\/uploads\/Boca-618x307.jpg","type":"","width":"","height":""}],"author":"Admin","twitter_card":"summary_large_image","twitter_creator":"@DiarioFemenino1","twitter_site":"@DiarioFemenino1","twitter_misc":{"Escrito por":"Admin","Tiempo de lectura":"1 minuto"},"schema":{"@context":"https:\/\/schema.org","@graph":[{"@type":"Article","@id":"https:\/\/diariofemenino.com.ar\/df\/belgrano-y-boca-contra-la-violencia-de-genero\/#article","isPartOf":{"@id":"https:\/\/diariofemenino.com.ar\/df\/belgrano-y-boca-contra-la-violencia-de-genero\/"},"author":{"name":"Admin","@id":"https:\/\/diariofemenino.com.ar\/df\/#\/schema\/person\/38f54b3bfd13f561de2460ba95c169c6"},"headline":"Belgrano y Boca, contra la violencia de g\u00e9nero","datePublished":"2012-10-09T22:28:24+00:00","mainEntityOfPage":{"@id":"https:\/\/diariofemenino.com.ar\/df\/belgrano-y-boca-contra-la-violencia-de-genero\/"},"wordCount":240,"commentCount":0,"publisher":{"@id":"https:\/\/diariofemenino.com.ar\/df\/#organization"},"image":{"@id":"https:\/\/diariofemenino.com.ar\/df\/belgrano-y-boca-contra-la-violencia-de-genero\/#primaryimage"},"thumbnailUrl":"http:\/\/www.diariofemenino.com.ar\/wp-content\/uploads\/Boca-618x307.jpg","articleSection":["Actividades","Medios"],"inLanguage":"es","potentialAction":[{"@type":"CommentAction","name":"Comment","target":["https:\/\/diariofemenino.com.ar\/df\/belgrano-y-boca-contra-la-violencia-de-genero\/#respond"]}]},{"@type":"WebPage","@id":"https:\/\/diariofemenino.com.ar\/df\/belgrano-y-boca-contra-la-violencia-de-genero\/","url":"https:\/\/diariofemenino.com.ar\/df\/belgrano-y-boca-contra-la-violencia-de-genero\/","name":"Belgrano y Boca, contra la violencia de g\u00e9nero - Diario Digital Femenino","isPartOf":{"@id":"https:\/\/diariofemenino.com.ar\/df\/#website"},"primaryImageOfPage":{"@id":"https:\/\/diariofemenino.com.ar\/df\/belgrano-y-boca-contra-la-violencia-de-genero\/#primaryimage"},"image":{"@id":"https:\/\/diariofemenino.com.ar\/df\/belgrano-y-boca-contra-la-violencia-de-genero\/#primaryimage"},"thumbnailUrl":"http:\/\/www.diariofemenino.com.ar\/wp-content\/uploads\/Boca-618x307.jpg","datePublished":"2012-10-09T22:28:24+00:00","breadcrumb":{"@id":"https:\/\/diariofemenino.com.ar\/df\/belgrano-y-boca-contra-la-violencia-de-genero\/#breadcrumb"},"inLanguage":"es","potentialAction":[{"@type":"ReadAction","target":["https:\/\/diariofemenino.com.ar\/df\/belgrano-y-boca-contra-la-violencia-de-genero\/"]}]},{"@type":"ImageObject","inLanguage":"es","@id":"https:\/\/diariofemenino.com.ar\/df\/belgrano-y-boca-contra-la-violencia-de-genero\/#primaryimage","url":"http:\/\/www.diariofemenino.com.ar\/wp-content\/uploads\/Boca-618x307.jpg","contentUrl":"http:\/\/www.diariofemenino.com.ar\/wp-content\/uploads\/Boca-618x307.jpg"},{"@type":"BreadcrumbList","@id":"https:\/\/diariofemenino.com.ar\/df\/belgrano-y-boca-contra-la-violencia-de-genero\/#breadcrumb","itemListElement":[{"@type":"ListItem","position":1,"name":"Portada","item":"https:\/\/diariofemenino.com.ar\/df\/"},{"@type":"ListItem","position":2,"name":"Belgrano y Boca, contra la violencia de g\u00e9nero"}]},{"@type":"WebSite","@id":"https:\/\/diariofemenino.com.ar\/df\/#website","url":"https:\/\/diariofemenino.com.ar\/df\/","name":"Diario Digital Femenino","description":"Cuesti\u00f3n de G\u00e9nero","publisher":{"@id":"https:\/\/diariofemenino.com.ar\/df\/#organization"},"potentialAction":[{"@type":"SearchAction","target":{"@type":"EntryPoint","urlTemplate":"https:\/\/diariofemenino.com.ar\/df\/?s={search_term_string}"},"query-input":{"@type":"PropertyValueSpecification","valueRequired":true,"valueName":"search_term_string"}}],"inLanguage":"es"},{"@type":"Organization","@id":"https:\/\/diariofemenino.com.ar\/df\/#organization","name":"Diario Femenino","url":"https:\/\/diariofemenino.com.ar\/df\/","logo":{"@type":"ImageObject","inLanguage":"es","@id":"https:\/\/diariofemenino.com.ar\/df\/#\/schema\/logo\/image\/","url":"https:\/\/diariofemenino.com.ar\/df\/wp-content\/uploads\/2018\/10\/logo.png","contentUrl":"https:\/\/diariofemenino.com.ar\/df\/wp-content\/uploads\/2018\/10\/logo.png","width":500,"height":92,"caption":"Diario Femenino"},"image":{"@id":"https:\/\/diariofemenino.com.ar\/df\/#\/schema\/logo\/image\/"},"sameAs":["https:\/\/www.facebook.com\/DiarioDigitaFemenino\/","https:\/\/x.com\/DiarioFemenino1"]},{"@type":"Person","@id":"https:\/\/diariofemenino.com.ar\/df\/#\/schema\/person\/38f54b3bfd13f561de2460ba95c169c6","name":"Admin","image":{"@type":"ImageObject","inLanguage":"es","@id":"https:\/\/diariofemenino.com.ar\/df\/wp-content\/uploads\/2018\/12\/favicon-150x150.jpg","url":"https:\/\/diariofemenino.com.ar\/df\/wp-content\/uploads\/2018\/12\/favicon-150x150.jpg","contentUrl":"https:\/\/diariofemenino.com.ar\/df\/wp-content\/uploads\/2018\/12\/favicon-150x150.jpg","caption":"Admin"},"url":"https:\/\/diariofemenino.com.ar\/df\/author\/adm18df\/"}]}},"jetpack_featured_media_url":"","jetpack_sharing_enabled":true,"rttpg_featured_image_url":null,"rttpg_author":{"display_name":"Admin","author_link":"https:\/\/diariofemenino.com.ar\/df\/author\/adm18df\/"},"rttpg_comment":0,"rttpg_category":"<a href=\"https:\/\/diariofemenino.com.ar\/df\/category\/actividades\/\" rel=\"category tag\">Actividades<\/a> <a href=\"https:\/\/diariofemenino.com.ar\/df\/category\/medios\/\" rel=\"category tag\">Medios<\/a>","rttpg_excerpt":"&nbsp; &nbsp; &nbsp; &nbsp; Los jugadores de Boca Juniors y de Belgrano portaron camisetas con lazos blancos expres\u00e1ndose por una vida sin violencias. Los \u00e1rbitros tambi\u00e9n acompa\u00f1aron la iniciativa. Los jugadores de Belgrano y\u00a0Boca Juniors\u00a0ingresaron al campo de juego exhibiendo remeras con lazos blancos y una leyenda que promueve una vida libre de violencias.\u00a0Los \u00e1rbitros&hellip;","_links":{"self":[{"href":"https:\/\/diariofemenino.com.ar\/df\/wp-json\/wp\/v2\/posts\/4440","targetHints":{"allow":["GET"]}}],"collection":[{"href":"https:\/\/diariofemenino.com.ar\/df\/wp-json\/wp\/v2\/posts"}],"about":[{"href":"https:\/\/diariofemenino.com.ar\/df\/wp-json\/wp\/v2\/types\/post"}],"author":[{"embeddable":true,"href":"https:\/\/diariofemenino.com.ar\/df\/wp-json\/wp\/v2\/users\/1"}],"replies":[{"embeddable":true,"href":"https:\/\/diariofemenino.com.ar\/df\/wp-json\/wp\/v2\/comments?post=4440"}],"version-history":[{"count":0,"href":"https:\/\/diariofemenino.com.ar\/df\/wp-json\/wp\/v2\/posts\/4440\/revisions"}],"wp:attachment":[{"href":"https:\/\/diariofemenino.com.ar\/df\/wp-json\/wp\/v2\/media?parent=4440"}],"wp:term":[{"taxonomy":"category","embeddable":true,"href":"https:\/\/diariofemenino.com.ar\/df\/wp-json\/wp\/v2\/categories?post=4440"},{"taxonomy":"post_tag","embeddable":true,"href":"https:\/\/diariofemenino.com.ar\/df\/wp-json\/wp\/v2\/tags?post=4440"}],"curies":[{"name":"wp","href":"https:\/\/api.w.org\/{rel}","templated":true}]}}