{"id":44387,"date":"2019-12-22T09:58:24","date_gmt":"2019-12-22T12:58:24","guid":{"rendered":"https:\/\/diariofemenino.com.ar\/?p=44387"},"modified":"2019-12-22T12:06:41","modified_gmt":"2019-12-22T15:06:41","slug":"ley-27533","status":"publish","type":"post","link":"https:\/\/diariofemenino.com.ar\/df\/ley-27533\/","title":{"rendered":"Ley 27533, de protecci\u00f3n INTEGRAL A LAS MUJERES, modificatoria de la ley 26.485 publicada en el Bolet\u00edn Oficial"},"content":{"rendered":"<p>Con fecha 20 de diciembre de 2019 se public\u00f3 en el<a href=\"https:\/\/www.boletinoficial.gob.ar\/detalleAviso\/primera\/224005\/20191220\"> Bolet\u00edn Oficial<\/a> de la Naci\u00f3n la Ley 27533, de Protecci\u00f3n integral de las <a href=\"https:\/\/diariofemenino.com.ar\/la-mitad-de-las-condenas-por-violencia-de-genero\/\">Mujeres<\/a>, modificatoria de la ley 26.485<\/p>\n<figure id=\"attachment_44390\" aria-describedby=\"caption-attachment-44390\" style=\"width: 264px\" class=\"wp-caption alignleft\"><img loading=\"lazy\" decoding=\"async\" class=\" wp-image-44390\" src=\"https:\/\/diariofemenino.com.ar\/df\/wp-content\/uploads\/2019\/12\/Ley-27533.jpg\" alt=\"Ley 27533, de protecci\u00f3n INTEGRAL A LAS MUJERES, modificatoria de la ley 26.485 publicada en el Bolet\u00edn Oficial \" width=\"264\" height=\"258\" srcset=\"https:\/\/diariofemenino.com.ar\/df\/wp-content\/uploads\/2019\/12\/Ley-27533.jpg 513w, https:\/\/diariofemenino.com.ar\/df\/wp-content\/uploads\/2019\/12\/Ley-27533-300x294.jpg 300w\" sizes=\"auto, (max-width: 264px) 100vw, 264px\" \/><figcaption id=\"caption-attachment-44390\" class=\"wp-caption-text\">Ley 27533, de protecci\u00f3n INTEGRAL A LAS MUJERES, modificatoria de la ley 26.485 publicada en el Bolet\u00edn Oficial<\/figcaption><\/figure>\n<p>Art\u00edculo 4\u00b0- Modif\u00edquese la ley 26.485, incorporando al art\u00edculo 6\u00b0, el siguiente inciso:<br \/>\nh) Violencia p\u00fablica-pol\u00edtica contra las mujeres: aquella que, fundada en razones de g\u00e9nero, mediando intimidaci\u00f3n, hostigamiento, deshonra, descr\u00e9dito, persecuci\u00f3n, acoso y\/o amenazas, impida o limite el desarrollo propio de la vida pol\u00edtica o el acceso a derechos y deberes pol\u00edticos, atentando contra la normativa vigente en materia de representaci\u00f3n pol\u00edtica de las mujeres, y\/o desalentando o menoscabando el ejercicio pol\u00edtico o la actividad pol\u00edtica de las mujeres, pudiendo ocurrir en cualquier espacio de la vida p\u00fablica y pol\u00edtica, tales como instituciones estatales, recintos de votaci\u00f3n, partidos pol\u00edticos, organizaciones sociales, asociaciones sindicales, medios de comunicaci\u00f3n, entre otros.\u2019<\/p>\n<h3><\/h3>\n<h3><\/h3>\n<h3><\/h3>\n<h3><\/h3>\n<h3>Texto completo<\/h3>\n<div id=\"detalleAviso\" class=\"row\">\n<div id=\"tituloDetalleAviso\" class=\"col-md-12 form-group\">\n<h2>LEY DE\u00a0PROTECCI\u00d3N INTEGRAL A\u00a0LAS\u00a0MUJERES<\/h2>\n<h2>Ley 27533<\/h2>\n<h6>Ley N\u00b0\u00a026.485. Modificaci\u00f3n.<\/h6>\n<\/div>\n<div id=\"cuerpoDetalleAviso\" class=\"col-md-12 form-group detalle-cuerpo justified\">\n<p>El <a href=\"https:\/\/www.senado.gov.ar\/\">Senado<\/a> y C\u00e1mara de <a href=\"https:\/\/www.diputados.gov.ar\/\">Diputados<\/a> de la Naci\u00f3n Argentina reunidos en Congreso, etc. sancionan con fuerza de Ley:<\/p>\n<p>Art\u00edculo 1\u00b0- El objeto de la presente ley es visibilizar, prevenir y erradicar la violencia pol\u00edtica contra las mujeres.<\/p>\n<p>Art\u00edculo 2\u00b0- Modif\u00edquese el art\u00edculo 4\u00b0 de la ley 26.485, que quedar\u00e1 redactado de la siguiente manera:<\/p>\n<p>Definici\u00f3n. Se entiende por violencia contra las mujeres toda conducta, por acci\u00f3n u omisi\u00f3n, basada en razones de g\u00e9nero, que, de manera directa o indirecta, tanto en el \u00e1mbito p\u00fablico como en el privado, basada en una relaci\u00f3n desigual de poder, afecte su vida, libertad, dignidad, integridad f\u00edsica, psicol\u00f3gica, sexual, econ\u00f3mica o patrimonial, participaci\u00f3n pol\u00edtica, como as\u00ed tambi\u00e9n su seguridad personal. Quedan comprendidas las perpetradas desde el Estado o por sus agentes.<\/p>\n<p>Se considera violencia indirecta, a los efectos de la presente ley, toda conducta, acci\u00f3n, omisi\u00f3n, disposici\u00f3n, criterio o pr\u00e1ctica discriminatoria que ponga a la mujer en desventaja con respecto al var\u00f3n.<\/p>\n<p>Art\u00edculo 3\u00b0- Modif\u00edquese la ley 26.485, incorporando al art\u00edculo 5\u00b0, el siguiente inciso:<\/p>\n<p>6) Pol\u00edtica: La que se dirige a menoscabar, anular, impedir, obstaculizar o restringir la participaci\u00f3n pol\u00edtica de la mujer, vulnerando el derecho a una vida pol\u00edtica libre de violencia y\/o el derecho a participar en los asuntos p\u00fablicos y pol\u00edticos en condiciones de igualdad con los varones.<\/p>\n<p>Art\u00edculo 4\u00b0- Modif\u00edquese la ley 26.485, incorporando al art\u00edculo 6\u00b0, el siguiente inciso:<\/p>\n<p>h) Violencia p\u00fablica-pol\u00edtica contra las mujeres: aquella que, fundada en razones de g\u00e9nero, mediando intimidaci\u00f3n, hostigamiento, deshonra, descr\u00e9dito, persecuci\u00f3n, acoso y\/o amenazas, impida o limite el desarrollo propio de la vida pol\u00edtica o el acceso a derechos y deberes pol\u00edticos, atentando contra la normativa vigente en materia de representaci\u00f3n pol\u00edtica de las mujeres, y\/o desalentando o menoscabando el ejercicio pol\u00edtico o la actividad pol\u00edtica de las mujeres, pudiendo ocurrir en cualquier espacio de la vida p\u00fablica y pol\u00edtica, tales como instituciones estatales, recintos de votaci\u00f3n, partidos pol\u00edticos, organizaciones sociales, asociaciones sindicales, medios de comunicaci\u00f3n, entre otros.\u2019<\/p>\n<p>Art\u00edculo 5\u00b0- Comun\u00edquese al Poder Ejecutivo nacional.<\/p>\n<p>DADA EN LA SALA DE SESIONES DEL CONGRESO ARGENTINO, EN BUENOS AIRES, EL D\u00cdA VEINTE DE NOVIEMBRE DEL A\u00d1O DOS MIL DIECINUEVE.<\/p>\n<p>REGISTRADO BAJO EL N\u00ba\u00a027533<\/p>\n<p>MARTA G. MICHETTI &#8211; EMILIO MONZO &#8211; Eugenio Inchausti &#8211; Juan P. Tunessi<\/p>\n<p>Ciudad de Buenos Aires, 19\/12\/2019<\/p>\n<p>En virtud de lo prescripto en el art\u00edculo 80 de la Constituci\u00f3n Nacional, certifico que la Ley N\u00ba\u00a027.533 (IF-2019-107458628-APN-DSGA#SLYT) sancionada por el HONORABLE CONGRESO DE LA NACI\u00d3N el 20 de noviembre de 2019, ha quedado promulgada de hecho el d\u00eda 18 de diciembre de 2019.<\/p>\n<p>D\u00e9se para su publicaci\u00f3n a la Direcci\u00f3n Nacional del Registro Oficial, g\u00edrese copia al HONORABLE CONGRESO DE LA NACI\u00d3N y, para su conocimiento y dem\u00e1s efectos, rem\u00edtase al MINISTERIO DE LAS MUJERES, G\u00c9NEROS Y DIVERSIDAD. Cumplido, arch\u00edvese. Vilma Lidia Ibarra<\/p>\n<p>e. 20\/12\/2019 N\u00b0\u00a099088\/19 v. 20\/12\/2019<\/p>\n<\/div>\n<\/div>\n<div class=\"row\">\n<div class=\"col-md-12\">\n<p class=\"text-muted\"><small>Fecha de publicaci\u00f3n 20\/12\/2019<\/small><\/p>\n<\/div>\n<\/div>\n<p><a href=\"https:\/\/diariofemenino.com.ar\/\">Diario Digital Femenino<\/a><\/p>\n","protected":false},"excerpt":{"rendered":"<p>Con fecha 20 de diciembre de 2019 se public\u00f3 en el Bolet\u00edn Oficial de la Naci\u00f3n la Ley 27533, de Protecci\u00f3n integral de las Mujeres, modificatoria de la ley 26.485 Art\u00edculo 4\u00b0- Modif\u00edquese la ley 26.485, incorporando al art\u00edculo 6\u00b0, el siguiente inciso: h) Violencia p\u00fablica-pol\u00edtica contra las mujeres: aquella que, fundada en razones de [&hellip;]<\/p>\n","protected":false},"author":4,"featured_media":44389,"comment_status":"open","ping_status":"open","sticky":false,"template":"","format":"standard","meta":{"iawp_total_views":34,"footnotes":""},"categories":[1067,627,21,592],"tags":[403,2552,2553],"class_list":["post-44387","post","type-post","status-publish","format-standard","has-post-thumbnail","hentry","category-agenda-feminista","category-genero-y-derechos-humanos","category-noticias","category-violencias","tag-ley-26485","tag-ley-27533","tag-proteccion-integral-de-las-mujeres"],"nelio_content":{"autoShareEndMode":"never","automationSources":{"useCustomSentences":false,"customSentences":[]},"efiAlt":"","efiUrl":"","followers":[4],"highlights":[],"isAutoShareEnabled":true,"networkImageIds":[],"permalinkQueryArgs":[],"series":[],"suggestedReferences":[]},"yoast_head":"<!-- This site is optimized with the Yoast SEO plugin v27.5 - https:\/\/yoast.com\/product\/yoast-seo-wordpress\/ -->\n<title>Ley 27533, de protecci\u00f3n INTEGRAL A LAS MUJERES, modificatoria de la ley 26.485 publicada en el Bolet\u00edn Oficial - Diario Digital Femenino<\/title>\n<meta name=\"description\" content=\"Ley 27533, de protecci\u00f3n INTEGRAL A LAS MUJERES, modificatoria de la ley 26.485 publicada en el Bolet\u00edn Oficial con fecha 20 de diciembre de 2019\" \/>\n<meta name=\"robots\" content=\"index, follow, max-snippet:-1, max-image-preview:large, max-video-preview:-1\" \/>\n<link rel=\"canonical\" href=\"https:\/\/diariofemenino.com.ar\/df\/ley-27533\/\" \/>\n<meta property=\"og:locale\" content=\"es_ES\" \/>\n<meta property=\"og:type\" content=\"article\" \/>\n<meta property=\"og:title\" content=\"Ley 27533, de protecci\u00f3n INTEGRAL A LAS MUJERES, modificatoria de la ley 26.485 publicada en el Bolet\u00edn Oficial - Diario Digital Femenino\" \/>\n<meta property=\"og:description\" content=\"Ley 27533, de protecci\u00f3n INTEGRAL A LAS MUJERES, modificatoria de la ley 26.485 publicada en el Bolet\u00edn Oficial con fecha 20 de diciembre de 2019\" \/>\n<meta property=\"og:url\" content=\"https:\/\/diariofemenino.com.ar\/df\/ley-27533\/\" \/>\n<meta property=\"og:site_name\" content=\"Diario Digital Femenino\" \/>\n<meta property=\"article:publisher\" content=\"https:\/\/www.facebook.com\/DiarioDigitaFemenino\/\" \/>\n<meta property=\"article:published_time\" content=\"2019-12-22T12:58:24+00:00\" \/>\n<meta property=\"article:modified_time\" content=\"2019-12-22T15:06:41+00:00\" \/>\n<meta property=\"og:image\" content=\"https:\/\/diariofemenino.com.ar\/df\/wp-content\/uploads\/2019\/12\/d125fd64-febf-4991-837c-1fb68532dcf9.jpg\" \/>\n\t<meta property=\"og:image:width\" content=\"600\" \/>\n\t<meta property=\"og:image:height\" content=\"600\" \/>\n\t<meta property=\"og:image:type\" content=\"image\/jpeg\" \/>\n<meta name=\"author\" content=\"Admin\" \/>\n<meta name=\"twitter:card\" content=\"summary_large_image\" \/>\n<meta name=\"twitter:creator\" content=\"@DiarioFemenino1\" \/>\n<meta name=\"twitter:site\" content=\"@DiarioFemenino1\" \/>\n<meta name=\"twitter:label1\" content=\"Escrito por\" \/>\n\t<meta name=\"twitter:data1\" content=\"Admin\" \/>\n\t<meta name=\"twitter:label2\" content=\"Tiempo de lectura\" \/>\n\t<meta name=\"twitter:data2\" content=\"4 minutos\" \/>\n<script type=\"application\/ld+json\" class=\"yoast-schema-graph\">{\"@context\":\"https:\\\/\\\/schema.org\",\"@graph\":[{\"@type\":\"Article\",\"@id\":\"https:\\\/\\\/diariofemenino.com.ar\\\/df\\\/ley-27533\\\/#article\",\"isPartOf\":{\"@id\":\"https:\\\/\\\/diariofemenino.com.ar\\\/df\\\/ley-27533\\\/\"},\"author\":{\"name\":\"Admin\",\"@id\":\"https:\\\/\\\/diariofemenino.com.ar\\\/df\\\/#\\\/schema\\\/person\\\/bf6199e8158c657ea6f789b11ec85509\"},\"headline\":\"Ley 27533, de protecci\u00f3n INTEGRAL A LAS MUJERES, modificatoria de la ley 26.485 publicada en el Bolet\u00edn Oficial\",\"datePublished\":\"2019-12-22T12:58:24+00:00\",\"dateModified\":\"2019-12-22T15:06:41+00:00\",\"mainEntityOfPage\":{\"@id\":\"https:\\\/\\\/diariofemenino.com.ar\\\/df\\\/ley-27533\\\/\"},\"wordCount\":752,\"commentCount\":1,\"publisher\":{\"@id\":\"https:\\\/\\\/diariofemenino.com.ar\\\/df\\\/#organization\"},\"image\":{\"@id\":\"https:\\\/\\\/diariofemenino.com.ar\\\/df\\\/ley-27533\\\/#primaryimage\"},\"thumbnailUrl\":\"https:\\\/\\\/diariofemenino.com.ar\\\/df\\\/wp-content\\\/uploads\\\/2019\\\/12\\\/d125fd64-febf-4991-837c-1fb68532dcf9.jpg\",\"keywords\":[\"Ley 26485\",\"Ley 27533\",\"Protecci\u00f3n integral de las Mujeres\"],\"articleSection\":[\"Agenda Feminista\",\"G\u00e9nero y Derechos Humanos\",\"Noticias\",\"Violencias\"],\"inLanguage\":\"es\",\"potentialAction\":[{\"@type\":\"CommentAction\",\"name\":\"Comment\",\"target\":[\"https:\\\/\\\/diariofemenino.com.ar\\\/df\\\/ley-27533\\\/#respond\"]}]},{\"@type\":\"WebPage\",\"@id\":\"https:\\\/\\\/diariofemenino.com.ar\\\/df\\\/ley-27533\\\/\",\"url\":\"https:\\\/\\\/diariofemenino.com.ar\\\/df\\\/ley-27533\\\/\",\"name\":\"Ley 27533, de protecci\u00f3n INTEGRAL A LAS MUJERES, modificatoria de la ley 26.485 publicada en el Bolet\u00edn Oficial - Diario Digital Femenino\",\"isPartOf\":{\"@id\":\"https:\\\/\\\/diariofemenino.com.ar\\\/df\\\/#website\"},\"primaryImageOfPage\":{\"@id\":\"https:\\\/\\\/diariofemenino.com.ar\\\/df\\\/ley-27533\\\/#primaryimage\"},\"image\":{\"@id\":\"https:\\\/\\\/diariofemenino.com.ar\\\/df\\\/ley-27533\\\/#primaryimage\"},\"thumbnailUrl\":\"https:\\\/\\\/diariofemenino.com.ar\\\/df\\\/wp-content\\\/uploads\\\/2019\\\/12\\\/d125fd64-febf-4991-837c-1fb68532dcf9.jpg\",\"datePublished\":\"2019-12-22T12:58:24+00:00\",\"dateModified\":\"2019-12-22T15:06:41+00:00\",\"description\":\"Ley 27533, de protecci\u00f3n INTEGRAL A LAS MUJERES, modificatoria de la ley 26.485 publicada en el Bolet\u00edn Oficial con fecha 20 de diciembre de 2019\",\"breadcrumb\":{\"@id\":\"https:\\\/\\\/diariofemenino.com.ar\\\/df\\\/ley-27533\\\/#breadcrumb\"},\"inLanguage\":\"es\",\"potentialAction\":[{\"@type\":\"ReadAction\",\"target\":[\"https:\\\/\\\/diariofemenino.com.ar\\\/df\\\/ley-27533\\\/\"]}]},{\"@type\":\"ImageObject\",\"inLanguage\":\"es\",\"@id\":\"https:\\\/\\\/diariofemenino.com.ar\\\/df\\\/ley-27533\\\/#primaryimage\",\"url\":\"https:\\\/\\\/diariofemenino.com.ar\\\/df\\\/wp-content\\\/uploads\\\/2019\\\/12\\\/d125fd64-febf-4991-837c-1fb68532dcf9.jpg\",\"contentUrl\":\"https:\\\/\\\/diariofemenino.com.ar\\\/df\\\/wp-content\\\/uploads\\\/2019\\\/12\\\/d125fd64-febf-4991-837c-1fb68532dcf9.jpg\",\"width\":600,\"height\":600,\"caption\":\"Ley 27533, de protecci\u00f3n INTEGRAL A LAS MUJERES, modificatoria de la ley 26.485 publicada en el Bolet\u00edn Oficial\"},{\"@type\":\"BreadcrumbList\",\"@id\":\"https:\\\/\\\/diariofemenino.com.ar\\\/df\\\/ley-27533\\\/#breadcrumb\",\"itemListElement\":[{\"@type\":\"ListItem\",\"position\":1,\"name\":\"Portada\",\"item\":\"https:\\\/\\\/diariofemenino.com.ar\\\/df\\\/\"},{\"@type\":\"ListItem\",\"position\":2,\"name\":\"Ley 27533, de protecci\u00f3n INTEGRAL A LAS MUJERES, modificatoria de la ley 26.485 publicada en el Bolet\u00edn Oficial\"}]},{\"@type\":\"WebSite\",\"@id\":\"https:\\\/\\\/diariofemenino.com.ar\\\/df\\\/#website\",\"url\":\"https:\\\/\\\/diariofemenino.com.ar\\\/df\\\/\",\"name\":\"Diario Digital Femenino\",\"description\":\"Cuesti\u00f3n de G\u00e9nero\",\"publisher\":{\"@id\":\"https:\\\/\\\/diariofemenino.com.ar\\\/df\\\/#organization\"},\"potentialAction\":[{\"@type\":\"SearchAction\",\"target\":{\"@type\":\"EntryPoint\",\"urlTemplate\":\"https:\\\/\\\/diariofemenino.com.ar\\\/df\\\/?s={search_term_string}\"},\"query-input\":{\"@type\":\"PropertyValueSpecification\",\"valueRequired\":true,\"valueName\":\"search_term_string\"}}],\"inLanguage\":\"es\"},{\"@type\":\"Organization\",\"@id\":\"https:\\\/\\\/diariofemenino.com.ar\\\/df\\\/#organization\",\"name\":\"Diario Femenino\",\"url\":\"https:\\\/\\\/diariofemenino.com.ar\\\/df\\\/\",\"logo\":{\"@type\":\"ImageObject\",\"inLanguage\":\"es\",\"@id\":\"https:\\\/\\\/diariofemenino.com.ar\\\/df\\\/#\\\/schema\\\/logo\\\/image\\\/\",\"url\":\"https:\\\/\\\/diariofemenino.com.ar\\\/df\\\/wp-content\\\/uploads\\\/2018\\\/10\\\/logo.png\",\"contentUrl\":\"https:\\\/\\\/diariofemenino.com.ar\\\/df\\\/wp-content\\\/uploads\\\/2018\\\/10\\\/logo.png\",\"width\":500,\"height\":92,\"caption\":\"Diario Femenino\"},\"image\":{\"@id\":\"https:\\\/\\\/diariofemenino.com.ar\\\/df\\\/#\\\/schema\\\/logo\\\/image\\\/\"},\"sameAs\":[\"https:\\\/\\\/www.facebook.com\\\/DiarioDigitaFemenino\\\/\",\"https:\\\/\\\/x.com\\\/DiarioFemenino1\"]},{\"@type\":\"Person\",\"@id\":\"https:\\\/\\\/diariofemenino.com.ar\\\/df\\\/#\\\/schema\\\/person\\\/bf6199e8158c657ea6f789b11ec85509\",\"name\":\"Admin\",\"image\":{\"@type\":\"ImageObject\",\"inLanguage\":\"es\",\"@id\":\"https:\\\/\\\/diariofemenino.com.ar\\\/df\\\/wp-content\\\/uploads\\\/2018\\\/12\\\/favicon-150x150.jpg\",\"url\":\"https:\\\/\\\/diariofemenino.com.ar\\\/df\\\/wp-content\\\/uploads\\\/2018\\\/12\\\/favicon-150x150.jpg\",\"contentUrl\":\"https:\\\/\\\/diariofemenino.com.ar\\\/df\\\/wp-content\\\/uploads\\\/2018\\\/12\\\/favicon-150x150.jpg\",\"caption\":\"Admin\"},\"url\":\"https:\\\/\\\/diariofemenino.com.ar\\\/df\\\/author\\\/lenny\\\/\"}]}<\/script>\n<!-- \/ Yoast SEO plugin. -->","yoast_head_json":{"title":"Ley 27533, de protecci\u00f3n INTEGRAL A LAS MUJERES, modificatoria de la ley 26.485 publicada en el Bolet\u00edn Oficial - Diario Digital Femenino","description":"Ley 27533, de protecci\u00f3n INTEGRAL A LAS MUJERES, modificatoria de la ley 26.485 publicada en el Bolet\u00edn Oficial con fecha 20 de diciembre de 2019","robots":{"index":"index","follow":"follow","max-snippet":"max-snippet:-1","max-image-preview":"max-image-preview:large","max-video-preview":"max-video-preview:-1"},"canonical":"https:\/\/diariofemenino.com.ar\/df\/ley-27533\/","og_locale":"es_ES","og_type":"article","og_title":"Ley 27533, de protecci\u00f3n INTEGRAL A LAS MUJERES, modificatoria de la ley 26.485 publicada en el Bolet\u00edn Oficial - Diario Digital Femenino","og_description":"Ley 27533, de protecci\u00f3n INTEGRAL A LAS MUJERES, modificatoria de la ley 26.485 publicada en el Bolet\u00edn Oficial con fecha 20 de diciembre de 2019","og_url":"https:\/\/diariofemenino.com.ar\/df\/ley-27533\/","og_site_name":"Diario Digital Femenino","article_publisher":"https:\/\/www.facebook.com\/DiarioDigitaFemenino\/","article_published_time":"2019-12-22T12:58:24+00:00","article_modified_time":"2019-12-22T15:06:41+00:00","og_image":[{"width":600,"height":600,"url":"https:\/\/diariofemenino.com.ar\/df\/wp-content\/uploads\/2019\/12\/d125fd64-febf-4991-837c-1fb68532dcf9.jpg","type":"image\/jpeg"}],"author":"Admin","twitter_card":"summary_large_image","twitter_creator":"@DiarioFemenino1","twitter_site":"@DiarioFemenino1","twitter_misc":{"Escrito por":"Admin","Tiempo de lectura":"4 minutos"},"schema":{"@context":"https:\/\/schema.org","@graph":[{"@type":"Article","@id":"https:\/\/diariofemenino.com.ar\/df\/ley-27533\/#article","isPartOf":{"@id":"https:\/\/diariofemenino.com.ar\/df\/ley-27533\/"},"author":{"name":"Admin","@id":"https:\/\/diariofemenino.com.ar\/df\/#\/schema\/person\/bf6199e8158c657ea6f789b11ec85509"},"headline":"Ley 27533, de protecci\u00f3n INTEGRAL A LAS MUJERES, modificatoria de la ley 26.485 publicada en el Bolet\u00edn Oficial","datePublished":"2019-12-22T12:58:24+00:00","dateModified":"2019-12-22T15:06:41+00:00","mainEntityOfPage":{"@id":"https:\/\/diariofemenino.com.ar\/df\/ley-27533\/"},"wordCount":752,"commentCount":1,"publisher":{"@id":"https:\/\/diariofemenino.com.ar\/df\/#organization"},"image":{"@id":"https:\/\/diariofemenino.com.ar\/df\/ley-27533\/#primaryimage"},"thumbnailUrl":"https:\/\/diariofemenino.com.ar\/df\/wp-content\/uploads\/2019\/12\/d125fd64-febf-4991-837c-1fb68532dcf9.jpg","keywords":["Ley 26485","Ley 27533","Protecci\u00f3n integral de las Mujeres"],"articleSection":["Agenda Feminista","G\u00e9nero y Derechos Humanos","Noticias","Violencias"],"inLanguage":"es","potentialAction":[{"@type":"CommentAction","name":"Comment","target":["https:\/\/diariofemenino.com.ar\/df\/ley-27533\/#respond"]}]},{"@type":"WebPage","@id":"https:\/\/diariofemenino.com.ar\/df\/ley-27533\/","url":"https:\/\/diariofemenino.com.ar\/df\/ley-27533\/","name":"Ley 27533, de protecci\u00f3n INTEGRAL A LAS MUJERES, modificatoria de la ley 26.485 publicada en el Bolet\u00edn Oficial - Diario Digital Femenino","isPartOf":{"@id":"https:\/\/diariofemenino.com.ar\/df\/#website"},"primaryImageOfPage":{"@id":"https:\/\/diariofemenino.com.ar\/df\/ley-27533\/#primaryimage"},"image":{"@id":"https:\/\/diariofemenino.com.ar\/df\/ley-27533\/#primaryimage"},"thumbnailUrl":"https:\/\/diariofemenino.com.ar\/df\/wp-content\/uploads\/2019\/12\/d125fd64-febf-4991-837c-1fb68532dcf9.jpg","datePublished":"2019-12-22T12:58:24+00:00","dateModified":"2019-12-22T15:06:41+00:00","description":"Ley 27533, de protecci\u00f3n INTEGRAL A LAS MUJERES, modificatoria de la ley 26.485 publicada en el Bolet\u00edn Oficial con fecha 20 de diciembre de 2019","breadcrumb":{"@id":"https:\/\/diariofemenino.com.ar\/df\/ley-27533\/#breadcrumb"},"inLanguage":"es","potentialAction":[{"@type":"ReadAction","target":["https:\/\/diariofemenino.com.ar\/df\/ley-27533\/"]}]},{"@type":"ImageObject","inLanguage":"es","@id":"https:\/\/diariofemenino.com.ar\/df\/ley-27533\/#primaryimage","url":"https:\/\/diariofemenino.com.ar\/df\/wp-content\/uploads\/2019\/12\/d125fd64-febf-4991-837c-1fb68532dcf9.jpg","contentUrl":"https:\/\/diariofemenino.com.ar\/df\/wp-content\/uploads\/2019\/12\/d125fd64-febf-4991-837c-1fb68532dcf9.jpg","width":600,"height":600,"caption":"Ley 27533, de protecci\u00f3n INTEGRAL A LAS MUJERES, modificatoria de la ley 26.485 publicada en el Bolet\u00edn Oficial"},{"@type":"BreadcrumbList","@id":"https:\/\/diariofemenino.com.ar\/df\/ley-27533\/#breadcrumb","itemListElement":[{"@type":"ListItem","position":1,"name":"Portada","item":"https:\/\/diariofemenino.com.ar\/df\/"},{"@type":"ListItem","position":2,"name":"Ley 27533, de protecci\u00f3n INTEGRAL A LAS MUJERES, modificatoria de la ley 26.485 publicada en el Bolet\u00edn Oficial"}]},{"@type":"WebSite","@id":"https:\/\/diariofemenino.com.ar\/df\/#website","url":"https:\/\/diariofemenino.com.ar\/df\/","name":"Diario Digital Femenino","description":"Cuesti\u00f3n de G\u00e9nero","publisher":{"@id":"https:\/\/diariofemenino.com.ar\/df\/#organization"},"potentialAction":[{"@type":"SearchAction","target":{"@type":"EntryPoint","urlTemplate":"https:\/\/diariofemenino.com.ar\/df\/?s={search_term_string}"},"query-input":{"@type":"PropertyValueSpecification","valueRequired":true,"valueName":"search_term_string"}}],"inLanguage":"es"},{"@type":"Organization","@id":"https:\/\/diariofemenino.com.ar\/df\/#organization","name":"Diario Femenino","url":"https:\/\/diariofemenino.com.ar\/df\/","logo":{"@type":"ImageObject","inLanguage":"es","@id":"https:\/\/diariofemenino.com.ar\/df\/#\/schema\/logo\/image\/","url":"https:\/\/diariofemenino.com.ar\/df\/wp-content\/uploads\/2018\/10\/logo.png","contentUrl":"https:\/\/diariofemenino.com.ar\/df\/wp-content\/uploads\/2018\/10\/logo.png","width":500,"height":92,"caption":"Diario Femenino"},"image":{"@id":"https:\/\/diariofemenino.com.ar\/df\/#\/schema\/logo\/image\/"},"sameAs":["https:\/\/www.facebook.com\/DiarioDigitaFemenino\/","https:\/\/x.com\/DiarioFemenino1"]},{"@type":"Person","@id":"https:\/\/diariofemenino.com.ar\/df\/#\/schema\/person\/bf6199e8158c657ea6f789b11ec85509","name":"Admin","image":{"@type":"ImageObject","inLanguage":"es","@id":"https:\/\/diariofemenino.com.ar\/df\/wp-content\/uploads\/2018\/12\/favicon-150x150.jpg","url":"https:\/\/diariofemenino.com.ar\/df\/wp-content\/uploads\/2018\/12\/favicon-150x150.jpg","contentUrl":"https:\/\/diariofemenino.com.ar\/df\/wp-content\/uploads\/2018\/12\/favicon-150x150.jpg","caption":"Admin"},"url":"https:\/\/diariofemenino.com.ar\/df\/author\/lenny\/"}]}},"jetpack_featured_media_url":"https:\/\/diariofemenino.com.ar\/df\/wp-content\/uploads\/2019\/12\/d125fd64-febf-4991-837c-1fb68532dcf9.jpg","jetpack_sharing_enabled":true,"rttpg_featured_image_url":{"full":["https:\/\/diariofemenino.com.ar\/df\/wp-content\/uploads\/2019\/12\/d125fd64-febf-4991-837c-1fb68532dcf9.jpg",600,600,false],"landscape":["https:\/\/diariofemenino.com.ar\/df\/wp-content\/uploads\/2019\/12\/d125fd64-febf-4991-837c-1fb68532dcf9.jpg",600,600,false],"portraits":["https:\/\/diariofemenino.com.ar\/df\/wp-content\/uploads\/2019\/12\/d125fd64-febf-4991-837c-1fb68532dcf9.jpg",600,600,false],"thumbnail":["https:\/\/diariofemenino.com.ar\/df\/wp-content\/uploads\/2019\/12\/d125fd64-febf-4991-837c-1fb68532dcf9-150x150.jpg",150,150,true],"medium":["https:\/\/diariofemenino.com.ar\/df\/wp-content\/uploads\/2019\/12\/d125fd64-febf-4991-837c-1fb68532dcf9-300x300.jpg",300,300,true],"large":["https:\/\/diariofemenino.com.ar\/df\/wp-content\/uploads\/2019\/12\/d125fd64-febf-4991-837c-1fb68532dcf9.jpg",600,600,false],"1536x1536":["https:\/\/diariofemenino.com.ar\/df\/wp-content\/uploads\/2019\/12\/d125fd64-febf-4991-837c-1fb68532dcf9.jpg",600,600,false],"2048x2048":["https:\/\/diariofemenino.com.ar\/df\/wp-content\/uploads\/2019\/12\/d125fd64-febf-4991-837c-1fb68532dcf9.jpg",600,600,false]},"rttpg_author":{"display_name":"Admin","author_link":"https:\/\/diariofemenino.com.ar\/df\/author\/lenny\/"},"rttpg_comment":1,"rttpg_category":"<a href=\"https:\/\/diariofemenino.com.ar\/df\/category\/agenda-feminista\/\" rel=\"category tag\">Agenda Feminista<\/a> <a href=\"https:\/\/diariofemenino.com.ar\/df\/category\/genero-y-derechos-humanos\/\" rel=\"category tag\">G\u00e9nero y Derechos Humanos<\/a> <a href=\"https:\/\/diariofemenino.com.ar\/df\/category\/noticias\/\" rel=\"category tag\">Noticias<\/a> <a href=\"https:\/\/diariofemenino.com.ar\/df\/category\/violencias\/\" rel=\"category tag\">Violencias<\/a>","rttpg_excerpt":"Con fecha 20 de diciembre de 2019 se public\u00f3 en el Bolet\u00edn Oficial de la Naci\u00f3n la Ley 27533, de Protecci\u00f3n integral de las Mujeres, modificatoria de la ley 26.485 Art\u00edculo 4\u00b0- Modif\u00edquese la ley 26.485, incorporando al art\u00edculo 6\u00b0, el siguiente inciso: h) Violencia p\u00fablica-pol\u00edtica contra las mujeres: aquella que, fundada en razones de&hellip;","_links":{"self":[{"href":"https:\/\/diariofemenino.com.ar\/df\/wp-json\/wp\/v2\/posts\/44387","targetHints":{"allow":["GET"]}}],"collection":[{"href":"https:\/\/diariofemenino.com.ar\/df\/wp-json\/wp\/v2\/posts"}],"about":[{"href":"https:\/\/diariofemenino.com.ar\/df\/wp-json\/wp\/v2\/types\/post"}],"author":[{"embeddable":true,"href":"https:\/\/diariofemenino.com.ar\/df\/wp-json\/wp\/v2\/users\/4"}],"replies":[{"embeddable":true,"href":"https:\/\/diariofemenino.com.ar\/df\/wp-json\/wp\/v2\/comments?post=44387"}],"version-history":[{"count":0,"href":"https:\/\/diariofemenino.com.ar\/df\/wp-json\/wp\/v2\/posts\/44387\/revisions"}],"wp:featuredmedia":[{"embeddable":true,"href":"https:\/\/diariofemenino.com.ar\/df\/wp-json\/wp\/v2\/media\/44389"}],"wp:attachment":[{"href":"https:\/\/diariofemenino.com.ar\/df\/wp-json\/wp\/v2\/media?parent=44387"}],"wp:term":[{"taxonomy":"category","embeddable":true,"href":"https:\/\/diariofemenino.com.ar\/df\/wp-json\/wp\/v2\/categories?post=44387"},{"taxonomy":"post_tag","embeddable":true,"href":"https:\/\/diariofemenino.com.ar\/df\/wp-json\/wp\/v2\/tags?post=44387"}],"curies":[{"name":"wp","href":"https:\/\/api.w.org\/{rel}","templated":true}]}}