{"id":44026,"date":"2019-12-12T19:17:06","date_gmt":"2019-12-12T22:17:06","guid":{"rendered":"https:\/\/diariofemenino.com.ar\/?p=44026"},"modified":"2019-12-12T19:18:12","modified_gmt":"2019-12-12T22:18:12","slug":"gines-gonzalez-garcia","status":"publish","type":"post","link":"https:\/\/diariofemenino.com.ar\/df\/gines-gonzalez-garcia\/","title":{"rendered":"Gin\u00e9s Gonz\u00e1lez Garc\u00eda present\u00f3 el nuevo protocolo para el aborto legal: \u201cEsto no es un combate ni busca votos\u00bb"},"content":{"rendered":"<div class=\"contentFlex\">\n<div class=\"entry-title col-lg-6 col-md-12 col-sm-12 col-xs-12\">\n<div class=\"title\">\n<div class=\"bajada\">\n<p><strong>El ministro de Salud lo calific\u00f3 como un \u201cinstrumento sanitario para que se cumpla con la ley\u201d. La <a href=\"https:\/\/diariofemenino.com.ar\/guia-provincia\/\">gu\u00eda<\/a> respeta la objeci\u00f3n de conciencia pero con l\u00edmites: \u201cNo puede ser una coartada para que no se cumpla\u201d.<\/strong><\/p>\n<\/div>\n<\/div>\n<\/div>\n<div class=\"entry-media no-p main-image pointer col-lg-12 col-md-12\">\n<div class=\"genoaFrame\">\n<div class=\"genoaContainer\"><iframe class=\"geonaPlayerIframe\" src=\"https:\/\/api.vodgc.net\/player\/v2\/embed\/playerId\/PQYJ7P1510330862\/contentId\/857508?autoplay=true&amp;external_playlist=857560,857432,857423,857381,857339,857337,857310,857280,857266\" frameborder=\"0\" scrolling=\"no\" allowfullscreen=\"allowfullscreen\" data-id=\"857508\" data-welo-id=\"\" data-mce-fragment=\"1\"><\/iframe><\/div>\n<\/div>\n<\/div>\n<\/div>\n<div class=\"interior-l page\">\n<div class=\"notas-content\" data-width=\"1256\">\n<div class=\"entry-row col-lg-3 col-md-4 hidden-sm hidden-xs no-p pull-right\">\n<div id=\"sticky-col\" class=\" js-stickybit-parent\">\n<div id=\"colDer\" class=\"6186\">\n<div class=\"col-der-box\">\n<div id=\"auspicio\" class=\"ad-slot\" data-adtype=\"auspicio\"><\/div>\n<\/div>\n<div class=\"col-der-box\">\n<div id=\"caja1\" class=\"ad-slot\" data-adtype=\"cajagrande\">\n<div id=\"caja1_ad\" data-google-query-id=\"CPzy9NyOseYCFekGuQYdC5UBBg\">\u00a0El ministro de Salud,\u00a0<a class=\"slug\" title=\"gines-gonzalez-garcia\" href=\"https:\/\/www.clarin.com\/tema\/gines-gonzalez-garcia.html\" target=\"_blank\" rel=\"noopener\">Gin\u00e9s Gonz\u00e1lez Garc\u00eda<\/a>, anunci\u00f3 este jueves en Casa Rosada el nuevo protocolo para cumplir con la<strong>\u00a0Interrupci\u00f3n Legal del Embarazo<\/strong>\u00a0(ILE).<\/div>\n<\/div>\n<\/div>\n<\/div>\n<\/div>\n<\/div>\n<div class=\"entry-body col-lg-6 col-md-8 col-sm-12 col-xs-12 \">\n<div class=\"entry-head col-lg-12 col-md-12 no-p no-author no-author-img\">\n<div class=\"content-top \">\n<div class=\"content-top-right\">\n<div class=\"entry-comments showHead\">\n<p>\u201cHabr\u00e1 algunas organizaciones antiderechos que lo van a cuestionar. Lo que estamos haciendo es dar un instrumento sanitario para que\u00a0<strong>se cumpla con la ley<\/strong>\u00a0y con los derechos de las que, lamentablemente, est\u00e1n en una situaci\u00f3n de interrupci\u00f3n legal del embarazo\u201d, precis\u00f3 en conferencia de prensa.<\/p>\n<p>\u201cEste protocolo tiene como objetivo actualizar la gu\u00eda de pr\u00e1cticas anterior teniendo en cuenta los cambios que existieron en la legislaci\u00f3n, como la aprobaci\u00f3n del nuevo C\u00f3digo Civil de 2015, y la evoluci\u00f3n del conocimiento que hace que se modifiquen cuestiones cient\u00edficas, siguiendo c\u00e1nones internacionales como la Organizaci\u00f3n Mundial de la Salud\u201d, a\u00f1adi\u00f3.<\/p>\n<p>Sin dar demasiados detalles para no entrar en cuestiones \u201ct\u00e9cnicas\u201d, Gin\u00e9s dijo que el protocolo es una \u201cactualizaci\u00f3n\u201d que \u201cdescribe cu\u00e1l es la situaci\u00f3n del aborto en Argentina y en el mundo y c\u00f3mo se debe proceder, cu\u00e1l es la evaluaci\u00f3n que se debe hacer y cu\u00e1l es el procedimiento para la interrupci\u00f3n del embarazo\u201d.<\/p>\n<p>Adem\u00e1s, pidi\u00f3 que este tema \u201cno se convierta en un combate\u201d y que\u00a0<strong>\u00abno es una b\u00fasqueda de votos<\/strong>\u00a0ni algo para ganar una elecci\u00f3n. Es claramente c\u00f3mo se cumple con un derecho y con la ley\u201d.<\/p>\n<div class=\"sp__SM\">\n<div class=\"content-new \">\n<div class=\"mg\">\n<div class=\"wrap-figure\">\n<figure>\n<p><figure id=\"attachment_44035\" aria-describedby=\"caption-attachment-44035\" style=\"width: 800px\" class=\"wp-caption alignnone\"><img loading=\"lazy\" decoding=\"async\" class=\"size-full wp-image-44035\" src=\"https:\/\/diariofemenino.com.ar\/df\/wp-content\/uploads\/2019\/12\/gines-.jpg\" alt=\"Gin\u00e9s Gonz\u00e1lez Garc\u00eda present\u00f3 el nuevo protocolo para el aborto legal: \u201cEsto no es un combate ni busca votos\" width=\"800\" height=\"483\" srcset=\"https:\/\/diariofemenino.com.ar\/df\/wp-content\/uploads\/2019\/12\/gines-.jpg 800w, https:\/\/diariofemenino.com.ar\/df\/wp-content\/uploads\/2019\/12\/gines--300x181.jpg 300w, https:\/\/diariofemenino.com.ar\/df\/wp-content\/uploads\/2019\/12\/gines--768x464.jpg 768w\" sizes=\"auto, (max-width: 800px) 100vw, 800px\" \/><figcaption id=\"caption-attachment-44035\" class=\"wp-caption-text\">Gin\u00e9s Gonz\u00e1lez Garc\u00eda present\u00f3 el nuevo protocolo para el <a href=\"http:\/\/www.abortolegal.com.ar\/\">aborto legal<\/a>: \u201cEsto no es un combate ni busca votos<\/figcaption><\/figure><\/figure>\n<\/div>\n<\/div>\n<\/div>\n<\/div>\n<p>El titular de la cartera sanitaria se\u00f1al\u00f3 que la nueva gu\u00eda -que ser\u00e1 publicada este viernes en el Bolet\u00edn Oficial-<strong>\u00a0pone l\u00edmites a la objeci\u00f3n de conciencia.<\/strong><\/p>\n<p>\u201cSe respeta pero no puede ser una coartada para que no se cumpla la ley, no puede quedarse sin respuesta institucional. Sabemos que hay instituciones que colectivamente han intentado hacer esto y obviamente lo que plantea es lo que se dice la ley\u201d, afirm\u00f3.<\/p>\n<p>Tambi\u00e9n record\u00f3 que en los \u00faltimos a\u00f1os hubo un \u201ccombate contra el protocolo en algunas provincias y de parte del propio ex presidente (Mauricio Macri)\u201d, lo que gener\u00f3\u00a0<strong>\u201cconfusi\u00f3n e intimidaci\u00f3n sobre profesionales<\/strong>\u00a0que tienen que cumplir con la ley\u201d. \u201cEn esto, pretendemos que el protocolo sirva como lo que es: una gu\u00eda de procedimiento, que tenga todo el respaldo\u00bb, dijo.<\/p>\n<p>Luego les\u00a0dej\u00f3 un\u00a0<strong>mensaje a los gobiernos provinciales<\/strong>: \u201cEn un pa\u00eds federal, mucho depende de que se adhieran las provincias. Hay muchas que lo hicieron, pero lamentablemente algunas grandes, como Buenos Aires, no lo aprobaron\u201d, destac\u00f3.<\/p>\n<p>Respecto de las diferencias con el protocolo que hab\u00eda impulsado su antecesor\u00a0<strong>Adolfo Rubinstein<\/strong>\u00a0y que r\u00e1pidamente fue derogado por el Gobierno anterior, Gin\u00e9s enumer\u00f3:\u00a0<strong>\u201cEs una evoluci\u00f3n,<\/strong>\u00a0se introduce alg\u00fan elemento t\u00e9cnico y es un poco m\u00e1s flexible respecto de c\u00f3mo se aplica la objeci\u00f3n de conciencia, permitiendo que exista pero garantice la ley\u201d.<\/p>\n<p>Por \u00faltimo, evit\u00f3 referirse a si pr\u00f3ximamente impulsar\u00e1n en el Congreso un proyecto para la\u00a0<strong>Interrupci\u00f3n Voluntaria del Embarazo (IVE)<\/strong>.<\/p>\n<p>\u201cPrimero que nada vamos a intentar que se cumplan las leyes vigentes\u201d, sostuvo.<\/p>\n<p>A su turno, la directora del Centro de Estudios de Estado y Sociedad (CEDES),\u00a0<strong>Mariana Romero<\/strong>, detall\u00f3 que \u201cla normativa\u00a0<strong>no establece un l\u00edmite de edad gestacional<\/strong>\u201d y remarc\u00f3 que, en los casos de violaci\u00f3n, no deber\u00e1 haber \u201cdilaciones o demoras\u201d independientemente de que la v\u00edctima haya realizado o no la denuncia.<\/p>\n<p>En ese sentido, asegur\u00f3 que la pr\u00e1ctica debe garantizarse en un\u00a0<strong>plazo de \u201c10 d\u00edas<\/strong>\u00a0al momento de la solicitud\u201d.<\/p>\n<\/div>\n<p><a href=\"https:\/\/diariofemenino.com.ar\/\">Diario Digital Femenino<\/a><\/p>\n<\/div>\n<\/div>\n<\/div>\n<\/div>\n<\/div>\n<\/div>\n","protected":false},"excerpt":{"rendered":"<p>El ministro de Salud lo calific\u00f3 como un \u201cinstrumento sanitario para que se cumpla con la ley\u201d. La gu\u00eda respeta la objeci\u00f3n de conciencia pero con l\u00edmites: \u201cNo puede ser una coartada para que no se cumpla\u201d. \u00a0El ministro de Salud,\u00a0Gin\u00e9s Gonz\u00e1lez Garc\u00eda, anunci\u00f3 este jueves en Casa Rosada el nuevo protocolo para cumplir con [&hellip;]<\/p>\n","protected":false},"author":4,"featured_media":44036,"comment_status":"open","ping_status":"open","sticky":false,"template":"","format":"standard","meta":{"iawp_total_views":10,"footnotes":""},"categories":[22,1067,21,23],"tags":[417,53,30,10,2518,1493],"class_list":["post-44026","post","type-post","status-publish","format-standard","has-post-thumbnail","hentry","category-aborto","category-agenda-feminista","category-noticias","category-salud","tag-aborto-legal","tag-derechos-de-las-mujeres","tag-derechos-humanos","tag-derechos-sexuales-y-reproductivos","tag-gines-gonzalez-garcia","tag-protocolo"],"nelio_content":{"autoShareEndMode":"never","automationSources":{"useCustomSentences":false,"customSentences":[]},"efiAlt":"","efiUrl":"","followers":[4],"highlights":[],"isAutoShareEnabled":true,"networkImageIds":[],"permalinkQueryArgs":[],"series":[],"suggestedReferences":[]},"yoast_head":"<!-- This site is optimized with the Yoast SEO plugin v27.5 - https:\/\/yoast.com\/product\/yoast-seo-wordpress\/ -->\n<title>Gin\u00e9s Gonz\u00e1lez Garc\u00eda present\u00f3 el nuevo protocolo para el aborto legal: \u201cEsto no es un combate ni busca votos&quot; - Diario Digital Femenino<\/title>\n<meta name=\"description\" content=\"Gin\u00e9s Gonz\u00e1lez Garc\u00eda present\u00f3 el nuevo protocolo para el aborto legal: \u201cEsto no es un combate ni busca votos&quot;. Ma\u00f1ana estar\u00e1 en el Bolet\u00edn Oficial\" \/>\n<meta name=\"robots\" content=\"index, follow, max-snippet:-1, max-image-preview:large, max-video-preview:-1\" \/>\n<link rel=\"canonical\" href=\"https:\/\/diariofemenino.com.ar\/df\/gines-gonzalez-garcia\/\" \/>\n<meta property=\"og:locale\" content=\"es_ES\" \/>\n<meta property=\"og:type\" content=\"article\" \/>\n<meta property=\"og:title\" content=\"Gin\u00e9s Gonz\u00e1lez Garc\u00eda present\u00f3 el nuevo protocolo para el aborto legal: \u201cEsto no es un combate ni busca votos&quot; - Diario Digital Femenino\" \/>\n<meta property=\"og:description\" content=\"Gin\u00e9s Gonz\u00e1lez Garc\u00eda present\u00f3 el nuevo protocolo para el aborto legal: \u201cEsto no es un combate ni busca votos&quot;. Ma\u00f1ana estar\u00e1 en el Bolet\u00edn Oficial\" \/>\n<meta property=\"og:url\" content=\"https:\/\/diariofemenino.com.ar\/df\/gines-gonzalez-garcia\/\" \/>\n<meta property=\"og:site_name\" content=\"Diario Digital Femenino\" \/>\n<meta property=\"article:publisher\" content=\"https:\/\/www.facebook.com\/DiarioDigitaFemenino\/\" \/>\n<meta property=\"article:published_time\" content=\"2019-12-12T22:17:06+00:00\" \/>\n<meta property=\"article:modified_time\" content=\"2019-12-12T22:18:12+00:00\" \/>\n<meta property=\"og:image\" content=\"https:\/\/diariofemenino.com.ar\/df\/wp-content\/uploads\/2019\/12\/MKYK2IINCRC67ASVXVVSFAI75U.jpg\" \/>\n\t<meta property=\"og:image:width\" content=\"750\" \/>\n\t<meta property=\"og:image:height\" content=\"422\" \/>\n\t<meta property=\"og:image:type\" content=\"image\/jpeg\" \/>\n<meta name=\"author\" content=\"Admin\" \/>\n<meta name=\"twitter:card\" content=\"summary_large_image\" \/>\n<meta name=\"twitter:creator\" content=\"@DiarioFemenino1\" \/>\n<meta name=\"twitter:site\" content=\"@DiarioFemenino1\" \/>\n<meta name=\"twitter:label1\" content=\"Escrito por\" \/>\n\t<meta name=\"twitter:data1\" content=\"Admin\" \/>\n\t<meta name=\"twitter:label2\" content=\"Tiempo de lectura\" \/>\n\t<meta name=\"twitter:data2\" content=\"3 minutos\" \/>\n<script type=\"application\/ld+json\" class=\"yoast-schema-graph\">{\"@context\":\"https:\\\/\\\/schema.org\",\"@graph\":[{\"@type\":\"Article\",\"@id\":\"https:\\\/\\\/diariofemenino.com.ar\\\/df\\\/gines-gonzalez-garcia\\\/#article\",\"isPartOf\":{\"@id\":\"https:\\\/\\\/diariofemenino.com.ar\\\/df\\\/gines-gonzalez-garcia\\\/\"},\"author\":{\"name\":\"Admin\",\"@id\":\"https:\\\/\\\/diariofemenino.com.ar\\\/df\\\/#\\\/schema\\\/person\\\/bf6199e8158c657ea6f789b11ec85509\"},\"headline\":\"Gin\u00e9s Gonz\u00e1lez Garc\u00eda present\u00f3 el nuevo protocolo para el aborto legal: \u201cEsto no es un combate ni busca votos\u00bb\",\"datePublished\":\"2019-12-12T22:17:06+00:00\",\"dateModified\":\"2019-12-12T22:18:12+00:00\",\"mainEntityOfPage\":{\"@id\":\"https:\\\/\\\/diariofemenino.com.ar\\\/df\\\/gines-gonzalez-garcia\\\/\"},\"wordCount\":697,\"commentCount\":0,\"publisher\":{\"@id\":\"https:\\\/\\\/diariofemenino.com.ar\\\/df\\\/#organization\"},\"image\":{\"@id\":\"https:\\\/\\\/diariofemenino.com.ar\\\/df\\\/gines-gonzalez-garcia\\\/#primaryimage\"},\"thumbnailUrl\":\"https:\\\/\\\/diariofemenino.com.ar\\\/df\\\/wp-content\\\/uploads\\\/2019\\\/12\\\/MKYK2IINCRC67ASVXVVSFAI75U.jpg\",\"keywords\":[\"Aborto legal\",\"Derechos de las mujeres\",\"Derechos Humanos\",\"Derechos sexuales y reproductivos\",\"Gin\u00e9s Gonz\u00e1lez Garc\u00eda\",\"Protocolo\"],\"articleSection\":[\"Aborto\",\"Agenda Feminista\",\"Noticias\",\"Salud\"],\"inLanguage\":\"es\",\"potentialAction\":[{\"@type\":\"CommentAction\",\"name\":\"Comment\",\"target\":[\"https:\\\/\\\/diariofemenino.com.ar\\\/df\\\/gines-gonzalez-garcia\\\/#respond\"]}]},{\"@type\":\"WebPage\",\"@id\":\"https:\\\/\\\/diariofemenino.com.ar\\\/df\\\/gines-gonzalez-garcia\\\/\",\"url\":\"https:\\\/\\\/diariofemenino.com.ar\\\/df\\\/gines-gonzalez-garcia\\\/\",\"name\":\"Gin\u00e9s Gonz\u00e1lez Garc\u00eda present\u00f3 el nuevo protocolo para el aborto legal: \u201cEsto no es un combate ni busca votos\\\" - Diario Digital Femenino\",\"isPartOf\":{\"@id\":\"https:\\\/\\\/diariofemenino.com.ar\\\/df\\\/#website\"},\"primaryImageOfPage\":{\"@id\":\"https:\\\/\\\/diariofemenino.com.ar\\\/df\\\/gines-gonzalez-garcia\\\/#primaryimage\"},\"image\":{\"@id\":\"https:\\\/\\\/diariofemenino.com.ar\\\/df\\\/gines-gonzalez-garcia\\\/#primaryimage\"},\"thumbnailUrl\":\"https:\\\/\\\/diariofemenino.com.ar\\\/df\\\/wp-content\\\/uploads\\\/2019\\\/12\\\/MKYK2IINCRC67ASVXVVSFAI75U.jpg\",\"datePublished\":\"2019-12-12T22:17:06+00:00\",\"dateModified\":\"2019-12-12T22:18:12+00:00\",\"description\":\"Gin\u00e9s Gonz\u00e1lez Garc\u00eda present\u00f3 el nuevo protocolo para el aborto legal: \u201cEsto no es un combate ni busca votos\\\". Ma\u00f1ana estar\u00e1 en el Bolet\u00edn Oficial\",\"breadcrumb\":{\"@id\":\"https:\\\/\\\/diariofemenino.com.ar\\\/df\\\/gines-gonzalez-garcia\\\/#breadcrumb\"},\"inLanguage\":\"es\",\"potentialAction\":[{\"@type\":\"ReadAction\",\"target\":[\"https:\\\/\\\/diariofemenino.com.ar\\\/df\\\/gines-gonzalez-garcia\\\/\"]}]},{\"@type\":\"ImageObject\",\"inLanguage\":\"es\",\"@id\":\"https:\\\/\\\/diariofemenino.com.ar\\\/df\\\/gines-gonzalez-garcia\\\/#primaryimage\",\"url\":\"https:\\\/\\\/diariofemenino.com.ar\\\/df\\\/wp-content\\\/uploads\\\/2019\\\/12\\\/MKYK2IINCRC67ASVXVVSFAI75U.jpg\",\"contentUrl\":\"https:\\\/\\\/diariofemenino.com.ar\\\/df\\\/wp-content\\\/uploads\\\/2019\\\/12\\\/MKYK2IINCRC67ASVXVVSFAI75U.jpg\",\"width\":750,\"height\":422,\"caption\":\"Gin\u00e9s Gonz\u00e1lez Garc\u00eda present\u00f3 el nuevo protocolo para el aborto legal: \u201cEsto no es un combate ni busca votos\"},{\"@type\":\"BreadcrumbList\",\"@id\":\"https:\\\/\\\/diariofemenino.com.ar\\\/df\\\/gines-gonzalez-garcia\\\/#breadcrumb\",\"itemListElement\":[{\"@type\":\"ListItem\",\"position\":1,\"name\":\"Portada\",\"item\":\"https:\\\/\\\/diariofemenino.com.ar\\\/df\\\/\"},{\"@type\":\"ListItem\",\"position\":2,\"name\":\"Gin\u00e9s Gonz\u00e1lez Garc\u00eda present\u00f3 el nuevo protocolo para el aborto legal: \u201cEsto no es un combate ni busca votos\u00bb\"}]},{\"@type\":\"WebSite\",\"@id\":\"https:\\\/\\\/diariofemenino.com.ar\\\/df\\\/#website\",\"url\":\"https:\\\/\\\/diariofemenino.com.ar\\\/df\\\/\",\"name\":\"Diario Digital Femenino\",\"description\":\"Cuesti\u00f3n de G\u00e9nero\",\"publisher\":{\"@id\":\"https:\\\/\\\/diariofemenino.com.ar\\\/df\\\/#organization\"},\"potentialAction\":[{\"@type\":\"SearchAction\",\"target\":{\"@type\":\"EntryPoint\",\"urlTemplate\":\"https:\\\/\\\/diariofemenino.com.ar\\\/df\\\/?s={search_term_string}\"},\"query-input\":{\"@type\":\"PropertyValueSpecification\",\"valueRequired\":true,\"valueName\":\"search_term_string\"}}],\"inLanguage\":\"es\"},{\"@type\":\"Organization\",\"@id\":\"https:\\\/\\\/diariofemenino.com.ar\\\/df\\\/#organization\",\"name\":\"Diario Femenino\",\"url\":\"https:\\\/\\\/diariofemenino.com.ar\\\/df\\\/\",\"logo\":{\"@type\":\"ImageObject\",\"inLanguage\":\"es\",\"@id\":\"https:\\\/\\\/diariofemenino.com.ar\\\/df\\\/#\\\/schema\\\/logo\\\/image\\\/\",\"url\":\"https:\\\/\\\/diariofemenino.com.ar\\\/df\\\/wp-content\\\/uploads\\\/2018\\\/10\\\/logo.png\",\"contentUrl\":\"https:\\\/\\\/diariofemenino.com.ar\\\/df\\\/wp-content\\\/uploads\\\/2018\\\/10\\\/logo.png\",\"width\":500,\"height\":92,\"caption\":\"Diario Femenino\"},\"image\":{\"@id\":\"https:\\\/\\\/diariofemenino.com.ar\\\/df\\\/#\\\/schema\\\/logo\\\/image\\\/\"},\"sameAs\":[\"https:\\\/\\\/www.facebook.com\\\/DiarioDigitaFemenino\\\/\",\"https:\\\/\\\/x.com\\\/DiarioFemenino1\"]},{\"@type\":\"Person\",\"@id\":\"https:\\\/\\\/diariofemenino.com.ar\\\/df\\\/#\\\/schema\\\/person\\\/bf6199e8158c657ea6f789b11ec85509\",\"name\":\"Admin\",\"image\":{\"@type\":\"ImageObject\",\"inLanguage\":\"es\",\"@id\":\"https:\\\/\\\/diariofemenino.com.ar\\\/df\\\/wp-content\\\/uploads\\\/2018\\\/12\\\/favicon-150x150.jpg\",\"url\":\"https:\\\/\\\/diariofemenino.com.ar\\\/df\\\/wp-content\\\/uploads\\\/2018\\\/12\\\/favicon-150x150.jpg\",\"contentUrl\":\"https:\\\/\\\/diariofemenino.com.ar\\\/df\\\/wp-content\\\/uploads\\\/2018\\\/12\\\/favicon-150x150.jpg\",\"caption\":\"Admin\"},\"url\":\"https:\\\/\\\/diariofemenino.com.ar\\\/df\\\/author\\\/lenny\\\/\"}]}<\/script>\n<!-- \/ Yoast SEO plugin. -->","yoast_head_json":{"title":"Gin\u00e9s Gonz\u00e1lez Garc\u00eda present\u00f3 el nuevo protocolo para el aborto legal: \u201cEsto no es un combate ni busca votos\" - Diario Digital Femenino","description":"Gin\u00e9s Gonz\u00e1lez Garc\u00eda present\u00f3 el nuevo protocolo para el aborto legal: \u201cEsto no es un combate ni busca votos\". Ma\u00f1ana estar\u00e1 en el Bolet\u00edn Oficial","robots":{"index":"index","follow":"follow","max-snippet":"max-snippet:-1","max-image-preview":"max-image-preview:large","max-video-preview":"max-video-preview:-1"},"canonical":"https:\/\/diariofemenino.com.ar\/df\/gines-gonzalez-garcia\/","og_locale":"es_ES","og_type":"article","og_title":"Gin\u00e9s Gonz\u00e1lez Garc\u00eda present\u00f3 el nuevo protocolo para el aborto legal: \u201cEsto no es un combate ni busca votos\" - Diario Digital Femenino","og_description":"Gin\u00e9s Gonz\u00e1lez Garc\u00eda present\u00f3 el nuevo protocolo para el aborto legal: \u201cEsto no es un combate ni busca votos\". Ma\u00f1ana estar\u00e1 en el Bolet\u00edn Oficial","og_url":"https:\/\/diariofemenino.com.ar\/df\/gines-gonzalez-garcia\/","og_site_name":"Diario Digital Femenino","article_publisher":"https:\/\/www.facebook.com\/DiarioDigitaFemenino\/","article_published_time":"2019-12-12T22:17:06+00:00","article_modified_time":"2019-12-12T22:18:12+00:00","og_image":[{"width":750,"height":422,"url":"https:\/\/diariofemenino.com.ar\/df\/wp-content\/uploads\/2019\/12\/MKYK2IINCRC67ASVXVVSFAI75U.jpg","type":"image\/jpeg"}],"author":"Admin","twitter_card":"summary_large_image","twitter_creator":"@DiarioFemenino1","twitter_site":"@DiarioFemenino1","twitter_misc":{"Escrito por":"Admin","Tiempo de lectura":"3 minutos"},"schema":{"@context":"https:\/\/schema.org","@graph":[{"@type":"Article","@id":"https:\/\/diariofemenino.com.ar\/df\/gines-gonzalez-garcia\/#article","isPartOf":{"@id":"https:\/\/diariofemenino.com.ar\/df\/gines-gonzalez-garcia\/"},"author":{"name":"Admin","@id":"https:\/\/diariofemenino.com.ar\/df\/#\/schema\/person\/bf6199e8158c657ea6f789b11ec85509"},"headline":"Gin\u00e9s Gonz\u00e1lez Garc\u00eda present\u00f3 el nuevo protocolo para el aborto legal: \u201cEsto no es un combate ni busca votos\u00bb","datePublished":"2019-12-12T22:17:06+00:00","dateModified":"2019-12-12T22:18:12+00:00","mainEntityOfPage":{"@id":"https:\/\/diariofemenino.com.ar\/df\/gines-gonzalez-garcia\/"},"wordCount":697,"commentCount":0,"publisher":{"@id":"https:\/\/diariofemenino.com.ar\/df\/#organization"},"image":{"@id":"https:\/\/diariofemenino.com.ar\/df\/gines-gonzalez-garcia\/#primaryimage"},"thumbnailUrl":"https:\/\/diariofemenino.com.ar\/df\/wp-content\/uploads\/2019\/12\/MKYK2IINCRC67ASVXVVSFAI75U.jpg","keywords":["Aborto legal","Derechos de las mujeres","Derechos Humanos","Derechos sexuales y reproductivos","Gin\u00e9s Gonz\u00e1lez Garc\u00eda","Protocolo"],"articleSection":["Aborto","Agenda Feminista","Noticias","Salud"],"inLanguage":"es","potentialAction":[{"@type":"CommentAction","name":"Comment","target":["https:\/\/diariofemenino.com.ar\/df\/gines-gonzalez-garcia\/#respond"]}]},{"@type":"WebPage","@id":"https:\/\/diariofemenino.com.ar\/df\/gines-gonzalez-garcia\/","url":"https:\/\/diariofemenino.com.ar\/df\/gines-gonzalez-garcia\/","name":"Gin\u00e9s Gonz\u00e1lez Garc\u00eda present\u00f3 el nuevo protocolo para el aborto legal: \u201cEsto no es un combate ni busca votos\" - Diario Digital Femenino","isPartOf":{"@id":"https:\/\/diariofemenino.com.ar\/df\/#website"},"primaryImageOfPage":{"@id":"https:\/\/diariofemenino.com.ar\/df\/gines-gonzalez-garcia\/#primaryimage"},"image":{"@id":"https:\/\/diariofemenino.com.ar\/df\/gines-gonzalez-garcia\/#primaryimage"},"thumbnailUrl":"https:\/\/diariofemenino.com.ar\/df\/wp-content\/uploads\/2019\/12\/MKYK2IINCRC67ASVXVVSFAI75U.jpg","datePublished":"2019-12-12T22:17:06+00:00","dateModified":"2019-12-12T22:18:12+00:00","description":"Gin\u00e9s Gonz\u00e1lez Garc\u00eda present\u00f3 el nuevo protocolo para el aborto legal: \u201cEsto no es un combate ni busca votos\". Ma\u00f1ana estar\u00e1 en el Bolet\u00edn Oficial","breadcrumb":{"@id":"https:\/\/diariofemenino.com.ar\/df\/gines-gonzalez-garcia\/#breadcrumb"},"inLanguage":"es","potentialAction":[{"@type":"ReadAction","target":["https:\/\/diariofemenino.com.ar\/df\/gines-gonzalez-garcia\/"]}]},{"@type":"ImageObject","inLanguage":"es","@id":"https:\/\/diariofemenino.com.ar\/df\/gines-gonzalez-garcia\/#primaryimage","url":"https:\/\/diariofemenino.com.ar\/df\/wp-content\/uploads\/2019\/12\/MKYK2IINCRC67ASVXVVSFAI75U.jpg","contentUrl":"https:\/\/diariofemenino.com.ar\/df\/wp-content\/uploads\/2019\/12\/MKYK2IINCRC67ASVXVVSFAI75U.jpg","width":750,"height":422,"caption":"Gin\u00e9s Gonz\u00e1lez Garc\u00eda present\u00f3 el nuevo protocolo para el aborto legal: \u201cEsto no es un combate ni busca votos"},{"@type":"BreadcrumbList","@id":"https:\/\/diariofemenino.com.ar\/df\/gines-gonzalez-garcia\/#breadcrumb","itemListElement":[{"@type":"ListItem","position":1,"name":"Portada","item":"https:\/\/diariofemenino.com.ar\/df\/"},{"@type":"ListItem","position":2,"name":"Gin\u00e9s Gonz\u00e1lez Garc\u00eda present\u00f3 el nuevo protocolo para el aborto legal: \u201cEsto no es un combate ni busca votos\u00bb"}]},{"@type":"WebSite","@id":"https:\/\/diariofemenino.com.ar\/df\/#website","url":"https:\/\/diariofemenino.com.ar\/df\/","name":"Diario Digital Femenino","description":"Cuesti\u00f3n de G\u00e9nero","publisher":{"@id":"https:\/\/diariofemenino.com.ar\/df\/#organization"},"potentialAction":[{"@type":"SearchAction","target":{"@type":"EntryPoint","urlTemplate":"https:\/\/diariofemenino.com.ar\/df\/?s={search_term_string}"},"query-input":{"@type":"PropertyValueSpecification","valueRequired":true,"valueName":"search_term_string"}}],"inLanguage":"es"},{"@type":"Organization","@id":"https:\/\/diariofemenino.com.ar\/df\/#organization","name":"Diario Femenino","url":"https:\/\/diariofemenino.com.ar\/df\/","logo":{"@type":"ImageObject","inLanguage":"es","@id":"https:\/\/diariofemenino.com.ar\/df\/#\/schema\/logo\/image\/","url":"https:\/\/diariofemenino.com.ar\/df\/wp-content\/uploads\/2018\/10\/logo.png","contentUrl":"https:\/\/diariofemenino.com.ar\/df\/wp-content\/uploads\/2018\/10\/logo.png","width":500,"height":92,"caption":"Diario Femenino"},"image":{"@id":"https:\/\/diariofemenino.com.ar\/df\/#\/schema\/logo\/image\/"},"sameAs":["https:\/\/www.facebook.com\/DiarioDigitaFemenino\/","https:\/\/x.com\/DiarioFemenino1"]},{"@type":"Person","@id":"https:\/\/diariofemenino.com.ar\/df\/#\/schema\/person\/bf6199e8158c657ea6f789b11ec85509","name":"Admin","image":{"@type":"ImageObject","inLanguage":"es","@id":"https:\/\/diariofemenino.com.ar\/df\/wp-content\/uploads\/2018\/12\/favicon-150x150.jpg","url":"https:\/\/diariofemenino.com.ar\/df\/wp-content\/uploads\/2018\/12\/favicon-150x150.jpg","contentUrl":"https:\/\/diariofemenino.com.ar\/df\/wp-content\/uploads\/2018\/12\/favicon-150x150.jpg","caption":"Admin"},"url":"https:\/\/diariofemenino.com.ar\/df\/author\/lenny\/"}]}},"jetpack_featured_media_url":"https:\/\/diariofemenino.com.ar\/df\/wp-content\/uploads\/2019\/12\/MKYK2IINCRC67ASVXVVSFAI75U.jpg","jetpack_sharing_enabled":true,"rttpg_featured_image_url":{"full":["https:\/\/diariofemenino.com.ar\/df\/wp-content\/uploads\/2019\/12\/MKYK2IINCRC67ASVXVVSFAI75U.jpg",750,422,false],"landscape":["https:\/\/diariofemenino.com.ar\/df\/wp-content\/uploads\/2019\/12\/MKYK2IINCRC67ASVXVVSFAI75U.jpg",750,422,false],"portraits":["https:\/\/diariofemenino.com.ar\/df\/wp-content\/uploads\/2019\/12\/MKYK2IINCRC67ASVXVVSFAI75U.jpg",750,422,false],"thumbnail":["https:\/\/diariofemenino.com.ar\/df\/wp-content\/uploads\/2019\/12\/MKYK2IINCRC67ASVXVVSFAI75U-150x150.jpg",150,150,true],"medium":["https:\/\/diariofemenino.com.ar\/df\/wp-content\/uploads\/2019\/12\/MKYK2IINCRC67ASVXVVSFAI75U-300x169.jpg",300,169,true],"large":["https:\/\/diariofemenino.com.ar\/df\/wp-content\/uploads\/2019\/12\/MKYK2IINCRC67ASVXVVSFAI75U.jpg",750,422,false],"1536x1536":["https:\/\/diariofemenino.com.ar\/df\/wp-content\/uploads\/2019\/12\/MKYK2IINCRC67ASVXVVSFAI75U.jpg",750,422,false],"2048x2048":["https:\/\/diariofemenino.com.ar\/df\/wp-content\/uploads\/2019\/12\/MKYK2IINCRC67ASVXVVSFAI75U.jpg",750,422,false]},"rttpg_author":{"display_name":"Admin","author_link":"https:\/\/diariofemenino.com.ar\/df\/author\/lenny\/"},"rttpg_comment":0,"rttpg_category":"<a href=\"https:\/\/diariofemenino.com.ar\/df\/category\/aborto\/\" rel=\"category tag\">Aborto<\/a> <a href=\"https:\/\/diariofemenino.com.ar\/df\/category\/agenda-feminista\/\" rel=\"category tag\">Agenda Feminista<\/a> <a href=\"https:\/\/diariofemenino.com.ar\/df\/category\/noticias\/\" rel=\"category tag\">Noticias<\/a> <a href=\"https:\/\/diariofemenino.com.ar\/df\/category\/salud\/\" rel=\"category tag\">Salud<\/a>","rttpg_excerpt":"El ministro de Salud lo calific\u00f3 como un \u201cinstrumento sanitario para que se cumpla con la ley\u201d. La gu\u00eda respeta la objeci\u00f3n de conciencia pero con l\u00edmites: \u201cNo puede ser una coartada para que no se cumpla\u201d. \u00a0El ministro de Salud,\u00a0Gin\u00e9s Gonz\u00e1lez Garc\u00eda, anunci\u00f3 este jueves en Casa Rosada el nuevo protocolo para cumplir con&hellip;","_links":{"self":[{"href":"https:\/\/diariofemenino.com.ar\/df\/wp-json\/wp\/v2\/posts\/44026","targetHints":{"allow":["GET"]}}],"collection":[{"href":"https:\/\/diariofemenino.com.ar\/df\/wp-json\/wp\/v2\/posts"}],"about":[{"href":"https:\/\/diariofemenino.com.ar\/df\/wp-json\/wp\/v2\/types\/post"}],"author":[{"embeddable":true,"href":"https:\/\/diariofemenino.com.ar\/df\/wp-json\/wp\/v2\/users\/4"}],"replies":[{"embeddable":true,"href":"https:\/\/diariofemenino.com.ar\/df\/wp-json\/wp\/v2\/comments?post=44026"}],"version-history":[{"count":0,"href":"https:\/\/diariofemenino.com.ar\/df\/wp-json\/wp\/v2\/posts\/44026\/revisions"}],"wp:featuredmedia":[{"embeddable":true,"href":"https:\/\/diariofemenino.com.ar\/df\/wp-json\/wp\/v2\/media\/44036"}],"wp:attachment":[{"href":"https:\/\/diariofemenino.com.ar\/df\/wp-json\/wp\/v2\/media?parent=44026"}],"wp:term":[{"taxonomy":"category","embeddable":true,"href":"https:\/\/diariofemenino.com.ar\/df\/wp-json\/wp\/v2\/categories?post=44026"},{"taxonomy":"post_tag","embeddable":true,"href":"https:\/\/diariofemenino.com.ar\/df\/wp-json\/wp\/v2\/tags?post=44026"}],"curies":[{"name":"wp","href":"https:\/\/api.w.org\/{rel}","templated":true}]}}