{"id":43985,"date":"2019-12-09T18:22:33","date_gmt":"2019-12-09T21:22:33","guid":{"rendered":"https:\/\/diariofemenino.com.ar\/?p=43985"},"modified":"2019-12-09T18:22:33","modified_gmt":"2019-12-09T21:22:33","slug":"el-aborto-inseguro-mata","status":"publish","type":"post","link":"https:\/\/diariofemenino.com.ar\/df\/el-aborto-inseguro-mata\/","title":{"rendered":"El Aborto inseguro mata"},"content":{"rendered":"<p lang=\"es-AR\" align=\"justify\"><span style=\"font-family: Arial, sans-serif;\"><span>Una mujer platense de 33 a\u00f1os falleci\u00f3 como consecuencia de un aborto inseguro, sin el acompa\u00f1amiento del sistema de salud. Esto nos duele, nos angustia, nos enfurece, nos desgarra el cuerpo porque sabemos que esto es negligencia del Estado nacional, provincial y municipal. Sabemos que esto es consecuencia del disciplinamiento de nuestros cuerpos por parte de este Estado que nos oprime en nuestros deseos, nuestra autonom\u00eda, en nuestros derechos.<\/span><\/span><\/p>\n<figure id=\"attachment_43989\" aria-describedby=\"caption-attachment-43989\" style=\"width: 696px\" class=\"wp-caption alignnone\"><img loading=\"lazy\" decoding=\"async\" class=\"size-full wp-image-43989\" src=\"https:\/\/diariofemenino.com.ar\/df\/wp-content\/uploads\/2019\/12\/Hospital-General-San-Martin-1-696x464.jpg\" alt=\"El Aborto inseguro mata\" width=\"696\" height=\"464\" srcset=\"https:\/\/diariofemenino.com.ar\/df\/wp-content\/uploads\/2019\/12\/Hospital-General-San-Martin-1-696x464.jpg 696w, https:\/\/diariofemenino.com.ar\/df\/wp-content\/uploads\/2019\/12\/Hospital-General-San-Martin-1-696x464-300x200.jpg 300w\" sizes=\"auto, (max-width: 696px) 100vw, 696px\" \/><figcaption id=\"caption-attachment-43989\" class=\"wp-caption-text\">El Aborto inseguro mata<\/figcaption><\/figure>\n<p lang=\"es-AR\" align=\"justify\"><span style=\"font-family: Arial, sans-serif;\"><span>A pesar de haber avanzado en la atenci\u00f3n sanitaria, esta situaci\u00f3n refleja que la expulsi\u00f3n del Sistema P\u00fablico de Salud contin\u00faa y se sostiene gracias a gobiernos que a\u00fan insisten en que esta problem\u00e1tica derive en muertes evitables.<\/span><\/span><\/p>\n<p lang=\"es-AR\" align=\"justify\"><span style=\"font-family: Arial, sans-serif;\"><span>En junio de este a\u00f1o, la Campa\u00f1a por el Derecho al <a href=\"https:\/\/diariofemenino.com.ar\/el-feminismo-argentino-exige-aborto-legal-y-el-fin-de-la-violencia-machista-al-proximo-presidente\/\">Aborto Legal<\/a>, Seguro y Gratuito La Plata, la Red Regional de Profesionales de la Salud por el Derecho a Decidir y colectivas feministas que acompa\u00f1an abortos seguros, nos reunimos con el Secretario de Salud del Municipio de la Plata para exigir el acceso al ILE, capacitaciones a los equipos de salud en perspectiva de g\u00e9nero y acompa\u00f1amiento en el acceso a derechos sexuales y (no) reproductivos. Solicitamos, tambi\u00e9n, el acceso al misoprostol, a m\u00e9todos anticonceptivos y la creaci\u00f3n de nuevos espacios de consejer\u00eda. Asimismo, dimos cuenta de las demoras, obstaculizaciones y la falta de implementaci\u00f3n de las leyes vigentes. Sobre estos reclamos, seguimos sin recibir respuestas efectivas.<\/span><\/span><\/p>\n<p lang=\"es-AR\" align=\"justify\"><span style=\"font-family: Arial, sans-serif;\"><span>Consideramos que es fundamental reforzar que la Interrupci\u00f3n Legal del Embarazo es un derecho humano y, toda Instituci\u00f3n de Salud, ya sean centros de salud u hospitales, est\u00e1n obligados a garantizarlo en condiciones seguras y con informaci\u00f3n fidedigna.<\/span><\/span><\/p>\n<p lang=\"es-AR\" align=\"justify\"><span style=\"font-family: Arial, sans-serif;\"><span>El Estado y los gobiernos son responsables del incumplimiento de leyes vigentes que plantean el acceso al aborto en situaciones donde est\u00e1 en riesgo la Salud integral, o el embarazo es resultado de una relaci\u00f3n no consentida. Hacemos responsables de la vulneraci\u00f3n de estos derechos al intendente Garro, a la gobernadora Vidal y al presidente Macri.<\/span><\/span><\/p>\n<p lang=\"es-AR\" align=\"justify\"><span style=\"font-family: Arial, sans-serif;\"><span>Exigimos efectivo cumplimiento y actualizaci\u00f3n de los Protocolos ILE YA, acceso y producci\u00f3n p\u00fablica de misoprostol y mifepristona y NI UNA MUERTA M\u00c1S POR ABORTOS INSEGUROS.<\/span><\/span><\/p>\n<p lang=\"es-AR\" align=\"justify\"><span style=\"font-family: Arial, sans-serif;\"><span>Exigimos al nuevo gobierno que se comprometa con el acceso efectivo al ILE y con la aprobaci\u00f3n del Proyecto de Interrupci\u00f3n Voluntaria del Embarazo presentado por la Campa\u00f1a Nacional por el Aborto legal, seguro y gratuito.<\/span><\/span><\/p>\n<p lang=\"es-AR\" align=\"justify\"><span style=\"font-family: Arial, sans-serif;\"><span>Acompa\u00f1amos a familiares y amigxs en este dif\u00edcil momento.<\/span><\/span><\/p>\n<p lang=\"es-AR\" align=\"justify\"><span style=\"font-family: Arial, sans-serif;\"><span>Convocamos este\u00a0<\/span><\/span><span style=\"font-family: Arial, sans-serif;\"><span><b>jueves 12 de diciembre, a las 13 hs. en la puerta de la Municipalidad de la Plata<\/b><\/span><\/span><span style=\"font-family: Arial, sans-serif;\"><span>\u00a0a realizar un pa\u00f1uelazo, exigiendo a los gobiernos municipal, provincial y nacional la implementaci\u00f3n efectiva del protocolo de ILE y la aprobaci\u00f3n del proyecto de la IVE<\/span><\/span><\/p>\n<p lang=\"es-AR\" align=\"center\"><span style=\"font-family: Arial, sans-serif;\"><b>Ni una muerte m\u00e1s por abortos inseguros<br \/>\n<span>Garro, Vidal y Macri, son los responsables.<\/span><\/b><\/span><\/p>\n<p lang=\"es-AR\" align=\"center\"><span style=\"font-family: Arial, sans-serif;\">#ElAbortoInseguroMata #AbortoLegalJusticiaSocial<br \/>\n<\/span><\/p>\n<p lang=\"es-AR\" align=\"center\"><span style=\"font-family: Arial, sans-serif;\"><span><b>EDUCACI\u00d3N SEXUAL PARA DECIDIR<\/b><\/span><\/span><\/p>\n<p lang=\"es-AR\" align=\"center\"><span style=\"font-family: Arial, sans-serif;\"><span><b>ANTICONCEPTIVOS PARA NO ABORTAR<\/b><\/span><\/span><\/p>\n<p lang=\"es-AR\" align=\"center\"><span style=\"font-family: Arial, sans-serif;\"><span><b>ABORTO LEGAL PARA NO MORIR<\/b><\/span><\/span><\/p>\n<p lang=\"es-AR\" align=\"justify\">\n<p lang=\"es-AR\" align=\"justify\"><span style=\"font-family: Arial, sans-serif;\"><span><b>Red de Profesionales de la Salud por el Derecho a Decidir<\/b><\/span><\/span><\/p>\n<p lang=\"es-AR\" align=\"justify\"><span style=\"font-family: Arial, sans-serif;\"><span><b>Campa\u00f1a Nacional por el Derecho al Aborto Legal, Seguro y Gratuito &#8211; <a href=\"http:\/\/www.abortolegal.com.ar\/sumate-a-la-campana\/\">Regional La Plata<\/a><\/b><\/span><\/span><\/p>\n<p lang=\"es-AR\" align=\"justify\"><span style=\"font-family: Arial, sans-serif;\"><span><b>LINKS:<\/b><\/span><\/span><\/p>\n<p lang=\"es-AR\" align=\"justify\"><span style=\"font-family: Arial, sans-serif;\"><span><b>Facebook:\u00a0<\/b><\/span><\/span><a href=\"https:\/\/www.facebook.com\/campaniaabortolaplata\/photos\/a.631136517018365\/1750358338429505\/?type=3&amp;theater\" target=\"_blank\" rel=\"noopener\" data-saferedirecturl=\"https:\/\/www.google.com\/url?q=https:\/\/www.facebook.com\/campaniaabortolaplata\/photos\/a.631136517018365\/1750358338429505\/?type%3D3%26theater&amp;source=gmail&amp;ust=1576010141298000&amp;usg=AFQjCNGSdj3sYbuuLW2tJ9sF2uJd0z7bSQ\">https:\/\/www.<wbr \/>facebook.com\/<wbr \/>campaniaabortolaplata\/photos\/<wbr \/>a.631136517018365\/<wbr \/>1750358338429505\/?type=3&amp;<wbr \/>theater<\/a><\/p>\n<p lang=\"es-AR\" align=\"justify\"><span style=\"font-family: Arial, sans-serif;\"><span><b>Twitter:\u00a0<\/b><\/span><\/span><a href=\"https:\/\/twitter.com\/campaniabortoLP\/status\/1204107447729823746\" target=\"_blank\" rel=\"noopener\" data-saferedirecturl=\"https:\/\/www.google.com\/url?q=https:\/\/twitter.com\/campaniabortoLP\/status\/1204107447729823746&amp;source=gmail&amp;ust=1576010141298000&amp;usg=AFQjCNEjOlBY66wsEfza2hTwNWDQ480kZA\">https:\/\/twitter.com\/<wbr \/>campaniabortoLP\/status\/<wbr \/>1204107447729823746<\/a><\/p>\n<p lang=\"es-AR\" align=\"justify\"><span style=\"font-family: Arial, sans-serif;\"><span><b>Instagram:\u00a0<\/b><\/span><\/span><a href=\"https:\/\/www.instagram.com\/p\/B53LEceHTTA\/?utm_source=ig_web_copy_link\" target=\"_blank\" rel=\"noopener\" data-saferedirecturl=\"https:\/\/www.google.com\/url?q=https:\/\/www.instagram.com\/p\/B53LEceHTTA\/?utm_source%3Dig_web_copy_link&amp;source=gmail&amp;ust=1576010141298000&amp;usg=AFQjCNGkU8tufx17lfAh3ESxmqFqx6eauw\">https:\/\/www.<wbr \/>instagram.com\/p\/B53LEceHTTA\/?<wbr \/>utm_source=ig_web_copy_link<\/a><\/p>\n<p lang=\"es-AR\" align=\"justify\">Contactos de Prensa : solicitarlos a <a href=\"mailto:redaccion@diariofemenino.com.ar\">redaccion@diariofemenino.com.ar<\/a> o en las redes mencionadas<\/p>\n<p lang=\"es-AR\" align=\"justify\"><a href=\"https:\/\/diariofemenino.com.ar\/\">Diario Digital Femenino<\/a><\/p>\n","protected":false},"excerpt":{"rendered":"<p>Una mujer platense de 33 a\u00f1os falleci\u00f3 como consecuencia de un aborto inseguro, sin el acompa\u00f1amiento del sistema de salud. Esto nos duele, nos angustia, nos enfurece, nos desgarra el cuerpo porque sabemos que esto es negligencia del Estado nacional, provincial y municipal. Sabemos que esto es consecuencia del disciplinamiento de nuestros cuerpos por parte [&hellip;]<\/p>\n","protected":false},"author":4,"featured_media":43988,"comment_status":"open","ping_status":"open","sticky":false,"template":"","format":"standard","meta":{"iawp_total_views":3,"footnotes":""},"categories":[22,7,23],"tags":[417,30,10],"class_list":["post-43985","post","type-post","status-publish","format-standard","has-post-thumbnail","hentry","category-aborto","category-actividades","category-salud","tag-aborto-legal","tag-derechos-humanos","tag-derechos-sexuales-y-reproductivos"],"nelio_content":{"autoShareEndMode":"never","automationSources":{"useCustomSentences":false,"customSentences":[]},"efiAlt":"","efiUrl":"","followers":[4],"highlights":[],"isAutoShareEnabled":true,"networkImageIds":[],"permalinkQueryArgs":[],"series":[],"suggestedReferences":[]},"yoast_head":"<!-- This site is optimized with the Yoast SEO plugin v27.5 - https:\/\/yoast.com\/product\/yoast-seo-wordpress\/ -->\n<title>El Aborto inseguro mata - Diario Digital Femenino<\/title>\n<meta name=\"description\" content=\"El Aborto inseguro mata. Una mujer platense de 33 a\u00f1os falleci\u00f3 como consecuencia de un aborto inseguro, sin el acompa\u00f1amiento del sistema de salud.\" \/>\n<meta name=\"robots\" content=\"index, follow, max-snippet:-1, max-image-preview:large, max-video-preview:-1\" \/>\n<link rel=\"canonical\" href=\"https:\/\/diariofemenino.com.ar\/df\/el-aborto-inseguro-mata\/\" \/>\n<meta property=\"og:locale\" content=\"es_ES\" \/>\n<meta property=\"og:type\" content=\"article\" \/>\n<meta property=\"og:title\" content=\"El Aborto inseguro mata - Diario Digital Femenino\" \/>\n<meta property=\"og:description\" content=\"El Aborto inseguro mata. Una mujer platense de 33 a\u00f1os falleci\u00f3 como consecuencia de un aborto inseguro, sin el acompa\u00f1amiento del sistema de salud.\" \/>\n<meta property=\"og:url\" content=\"https:\/\/diariofemenino.com.ar\/df\/el-aborto-inseguro-mata\/\" \/>\n<meta property=\"og:site_name\" content=\"Diario Digital Femenino\" \/>\n<meta property=\"article:publisher\" content=\"https:\/\/www.facebook.com\/DiarioDigitaFemenino\/\" \/>\n<meta property=\"article:published_time\" content=\"2019-12-09T21:22:33+00:00\" \/>\n<meta property=\"og:image\" content=\"https:\/\/diariofemenino.com.ar\/df\/wp-content\/uploads\/2019\/12\/ELXZVmLW4AIJ5_d.jpg\" \/>\n\t<meta property=\"og:image:width\" content=\"680\" \/>\n\t<meta property=\"og:image:height\" content=\"680\" \/>\n\t<meta property=\"og:image:type\" content=\"image\/jpeg\" \/>\n<meta name=\"author\" content=\"Admin\" \/>\n<meta name=\"twitter:card\" content=\"summary_large_image\" \/>\n<meta name=\"twitter:creator\" content=\"@DiarioFemenino1\" \/>\n<meta name=\"twitter:site\" content=\"@DiarioFemenino1\" \/>\n<meta name=\"twitter:label1\" content=\"Escrito por\" \/>\n\t<meta name=\"twitter:data1\" content=\"Admin\" \/>\n\t<meta name=\"twitter:label2\" content=\"Tiempo de lectura\" \/>\n\t<meta name=\"twitter:data2\" content=\"3 minutos\" \/>\n<script type=\"application\/ld+json\" class=\"yoast-schema-graph\">{\"@context\":\"https:\\\/\\\/schema.org\",\"@graph\":[{\"@type\":\"Article\",\"@id\":\"https:\\\/\\\/diariofemenino.com.ar\\\/df\\\/el-aborto-inseguro-mata\\\/#article\",\"isPartOf\":{\"@id\":\"https:\\\/\\\/diariofemenino.com.ar\\\/df\\\/el-aborto-inseguro-mata\\\/\"},\"author\":{\"name\":\"Admin\",\"@id\":\"https:\\\/\\\/diariofemenino.com.ar\\\/df\\\/#\\\/schema\\\/person\\\/bf6199e8158c657ea6f789b11ec85509\"},\"headline\":\"El Aborto inseguro mata\",\"datePublished\":\"2019-12-09T21:22:33+00:00\",\"mainEntityOfPage\":{\"@id\":\"https:\\\/\\\/diariofemenino.com.ar\\\/df\\\/el-aborto-inseguro-mata\\\/\"},\"wordCount\":593,\"commentCount\":0,\"publisher\":{\"@id\":\"https:\\\/\\\/diariofemenino.com.ar\\\/df\\\/#organization\"},\"image\":{\"@id\":\"https:\\\/\\\/diariofemenino.com.ar\\\/df\\\/el-aborto-inseguro-mata\\\/#primaryimage\"},\"thumbnailUrl\":\"https:\\\/\\\/diariofemenino.com.ar\\\/df\\\/wp-content\\\/uploads\\\/2019\\\/12\\\/ELXZVmLW4AIJ5_d.jpg\",\"keywords\":[\"Aborto legal\",\"Derechos Humanos\",\"Derechos sexuales y reproductivos\"],\"articleSection\":[\"Aborto\",\"Actividades\",\"Salud\"],\"inLanguage\":\"es\",\"potentialAction\":[{\"@type\":\"CommentAction\",\"name\":\"Comment\",\"target\":[\"https:\\\/\\\/diariofemenino.com.ar\\\/df\\\/el-aborto-inseguro-mata\\\/#respond\"]}]},{\"@type\":\"WebPage\",\"@id\":\"https:\\\/\\\/diariofemenino.com.ar\\\/df\\\/el-aborto-inseguro-mata\\\/\",\"url\":\"https:\\\/\\\/diariofemenino.com.ar\\\/df\\\/el-aborto-inseguro-mata\\\/\",\"name\":\"El Aborto inseguro mata - Diario Digital Femenino\",\"isPartOf\":{\"@id\":\"https:\\\/\\\/diariofemenino.com.ar\\\/df\\\/#website\"},\"primaryImageOfPage\":{\"@id\":\"https:\\\/\\\/diariofemenino.com.ar\\\/df\\\/el-aborto-inseguro-mata\\\/#primaryimage\"},\"image\":{\"@id\":\"https:\\\/\\\/diariofemenino.com.ar\\\/df\\\/el-aborto-inseguro-mata\\\/#primaryimage\"},\"thumbnailUrl\":\"https:\\\/\\\/diariofemenino.com.ar\\\/df\\\/wp-content\\\/uploads\\\/2019\\\/12\\\/ELXZVmLW4AIJ5_d.jpg\",\"datePublished\":\"2019-12-09T21:22:33+00:00\",\"description\":\"El Aborto inseguro mata. Una mujer platense de 33 a\u00f1os falleci\u00f3 como consecuencia de un aborto inseguro, sin el acompa\u00f1amiento del sistema de salud.\",\"breadcrumb\":{\"@id\":\"https:\\\/\\\/diariofemenino.com.ar\\\/df\\\/el-aborto-inseguro-mata\\\/#breadcrumb\"},\"inLanguage\":\"es\",\"potentialAction\":[{\"@type\":\"ReadAction\",\"target\":[\"https:\\\/\\\/diariofemenino.com.ar\\\/df\\\/el-aborto-inseguro-mata\\\/\"]}]},{\"@type\":\"ImageObject\",\"inLanguage\":\"es\",\"@id\":\"https:\\\/\\\/diariofemenino.com.ar\\\/df\\\/el-aborto-inseguro-mata\\\/#primaryimage\",\"url\":\"https:\\\/\\\/diariofemenino.com.ar\\\/df\\\/wp-content\\\/uploads\\\/2019\\\/12\\\/ELXZVmLW4AIJ5_d.jpg\",\"contentUrl\":\"https:\\\/\\\/diariofemenino.com.ar\\\/df\\\/wp-content\\\/uploads\\\/2019\\\/12\\\/ELXZVmLW4AIJ5_d.jpg\",\"width\":680,\"height\":680,\"caption\":\"El Aborto inseguro mata\"},{\"@type\":\"BreadcrumbList\",\"@id\":\"https:\\\/\\\/diariofemenino.com.ar\\\/df\\\/el-aborto-inseguro-mata\\\/#breadcrumb\",\"itemListElement\":[{\"@type\":\"ListItem\",\"position\":1,\"name\":\"Portada\",\"item\":\"https:\\\/\\\/diariofemenino.com.ar\\\/df\\\/\"},{\"@type\":\"ListItem\",\"position\":2,\"name\":\"El Aborto inseguro mata\"}]},{\"@type\":\"WebSite\",\"@id\":\"https:\\\/\\\/diariofemenino.com.ar\\\/df\\\/#website\",\"url\":\"https:\\\/\\\/diariofemenino.com.ar\\\/df\\\/\",\"name\":\"Diario Digital Femenino\",\"description\":\"Cuesti\u00f3n de G\u00e9nero\",\"publisher\":{\"@id\":\"https:\\\/\\\/diariofemenino.com.ar\\\/df\\\/#organization\"},\"potentialAction\":[{\"@type\":\"SearchAction\",\"target\":{\"@type\":\"EntryPoint\",\"urlTemplate\":\"https:\\\/\\\/diariofemenino.com.ar\\\/df\\\/?s={search_term_string}\"},\"query-input\":{\"@type\":\"PropertyValueSpecification\",\"valueRequired\":true,\"valueName\":\"search_term_string\"}}],\"inLanguage\":\"es\"},{\"@type\":\"Organization\",\"@id\":\"https:\\\/\\\/diariofemenino.com.ar\\\/df\\\/#organization\",\"name\":\"Diario Femenino\",\"url\":\"https:\\\/\\\/diariofemenino.com.ar\\\/df\\\/\",\"logo\":{\"@type\":\"ImageObject\",\"inLanguage\":\"es\",\"@id\":\"https:\\\/\\\/diariofemenino.com.ar\\\/df\\\/#\\\/schema\\\/logo\\\/image\\\/\",\"url\":\"https:\\\/\\\/diariofemenino.com.ar\\\/df\\\/wp-content\\\/uploads\\\/2018\\\/10\\\/logo.png\",\"contentUrl\":\"https:\\\/\\\/diariofemenino.com.ar\\\/df\\\/wp-content\\\/uploads\\\/2018\\\/10\\\/logo.png\",\"width\":500,\"height\":92,\"caption\":\"Diario Femenino\"},\"image\":{\"@id\":\"https:\\\/\\\/diariofemenino.com.ar\\\/df\\\/#\\\/schema\\\/logo\\\/image\\\/\"},\"sameAs\":[\"https:\\\/\\\/www.facebook.com\\\/DiarioDigitaFemenino\\\/\",\"https:\\\/\\\/x.com\\\/DiarioFemenino1\"]},{\"@type\":\"Person\",\"@id\":\"https:\\\/\\\/diariofemenino.com.ar\\\/df\\\/#\\\/schema\\\/person\\\/bf6199e8158c657ea6f789b11ec85509\",\"name\":\"Admin\",\"image\":{\"@type\":\"ImageObject\",\"inLanguage\":\"es\",\"@id\":\"https:\\\/\\\/diariofemenino.com.ar\\\/df\\\/wp-content\\\/uploads\\\/2018\\\/12\\\/favicon-150x150.jpg\",\"url\":\"https:\\\/\\\/diariofemenino.com.ar\\\/df\\\/wp-content\\\/uploads\\\/2018\\\/12\\\/favicon-150x150.jpg\",\"contentUrl\":\"https:\\\/\\\/diariofemenino.com.ar\\\/df\\\/wp-content\\\/uploads\\\/2018\\\/12\\\/favicon-150x150.jpg\",\"caption\":\"Admin\"},\"url\":\"https:\\\/\\\/diariofemenino.com.ar\\\/df\\\/author\\\/lenny\\\/\"}]}<\/script>\n<!-- \/ Yoast SEO plugin. -->","yoast_head_json":{"title":"El Aborto inseguro mata - Diario Digital Femenino","description":"El Aborto inseguro mata. Una mujer platense de 33 a\u00f1os falleci\u00f3 como consecuencia de un aborto inseguro, sin el acompa\u00f1amiento del sistema de salud.","robots":{"index":"index","follow":"follow","max-snippet":"max-snippet:-1","max-image-preview":"max-image-preview:large","max-video-preview":"max-video-preview:-1"},"canonical":"https:\/\/diariofemenino.com.ar\/df\/el-aborto-inseguro-mata\/","og_locale":"es_ES","og_type":"article","og_title":"El Aborto inseguro mata - Diario Digital Femenino","og_description":"El Aborto inseguro mata. Una mujer platense de 33 a\u00f1os falleci\u00f3 como consecuencia de un aborto inseguro, sin el acompa\u00f1amiento del sistema de salud.","og_url":"https:\/\/diariofemenino.com.ar\/df\/el-aborto-inseguro-mata\/","og_site_name":"Diario Digital Femenino","article_publisher":"https:\/\/www.facebook.com\/DiarioDigitaFemenino\/","article_published_time":"2019-12-09T21:22:33+00:00","og_image":[{"width":680,"height":680,"url":"https:\/\/diariofemenino.com.ar\/df\/wp-content\/uploads\/2019\/12\/ELXZVmLW4AIJ5_d.jpg","type":"image\/jpeg"}],"author":"Admin","twitter_card":"summary_large_image","twitter_creator":"@DiarioFemenino1","twitter_site":"@DiarioFemenino1","twitter_misc":{"Escrito por":"Admin","Tiempo de lectura":"3 minutos"},"schema":{"@context":"https:\/\/schema.org","@graph":[{"@type":"Article","@id":"https:\/\/diariofemenino.com.ar\/df\/el-aborto-inseguro-mata\/#article","isPartOf":{"@id":"https:\/\/diariofemenino.com.ar\/df\/el-aborto-inseguro-mata\/"},"author":{"name":"Admin","@id":"https:\/\/diariofemenino.com.ar\/df\/#\/schema\/person\/bf6199e8158c657ea6f789b11ec85509"},"headline":"El Aborto inseguro mata","datePublished":"2019-12-09T21:22:33+00:00","mainEntityOfPage":{"@id":"https:\/\/diariofemenino.com.ar\/df\/el-aborto-inseguro-mata\/"},"wordCount":593,"commentCount":0,"publisher":{"@id":"https:\/\/diariofemenino.com.ar\/df\/#organization"},"image":{"@id":"https:\/\/diariofemenino.com.ar\/df\/el-aborto-inseguro-mata\/#primaryimage"},"thumbnailUrl":"https:\/\/diariofemenino.com.ar\/df\/wp-content\/uploads\/2019\/12\/ELXZVmLW4AIJ5_d.jpg","keywords":["Aborto legal","Derechos Humanos","Derechos sexuales y reproductivos"],"articleSection":["Aborto","Actividades","Salud"],"inLanguage":"es","potentialAction":[{"@type":"CommentAction","name":"Comment","target":["https:\/\/diariofemenino.com.ar\/df\/el-aborto-inseguro-mata\/#respond"]}]},{"@type":"WebPage","@id":"https:\/\/diariofemenino.com.ar\/df\/el-aborto-inseguro-mata\/","url":"https:\/\/diariofemenino.com.ar\/df\/el-aborto-inseguro-mata\/","name":"El Aborto inseguro mata - Diario Digital Femenino","isPartOf":{"@id":"https:\/\/diariofemenino.com.ar\/df\/#website"},"primaryImageOfPage":{"@id":"https:\/\/diariofemenino.com.ar\/df\/el-aborto-inseguro-mata\/#primaryimage"},"image":{"@id":"https:\/\/diariofemenino.com.ar\/df\/el-aborto-inseguro-mata\/#primaryimage"},"thumbnailUrl":"https:\/\/diariofemenino.com.ar\/df\/wp-content\/uploads\/2019\/12\/ELXZVmLW4AIJ5_d.jpg","datePublished":"2019-12-09T21:22:33+00:00","description":"El Aborto inseguro mata. Una mujer platense de 33 a\u00f1os falleci\u00f3 como consecuencia de un aborto inseguro, sin el acompa\u00f1amiento del sistema de salud.","breadcrumb":{"@id":"https:\/\/diariofemenino.com.ar\/df\/el-aborto-inseguro-mata\/#breadcrumb"},"inLanguage":"es","potentialAction":[{"@type":"ReadAction","target":["https:\/\/diariofemenino.com.ar\/df\/el-aborto-inseguro-mata\/"]}]},{"@type":"ImageObject","inLanguage":"es","@id":"https:\/\/diariofemenino.com.ar\/df\/el-aborto-inseguro-mata\/#primaryimage","url":"https:\/\/diariofemenino.com.ar\/df\/wp-content\/uploads\/2019\/12\/ELXZVmLW4AIJ5_d.jpg","contentUrl":"https:\/\/diariofemenino.com.ar\/df\/wp-content\/uploads\/2019\/12\/ELXZVmLW4AIJ5_d.jpg","width":680,"height":680,"caption":"El Aborto inseguro mata"},{"@type":"BreadcrumbList","@id":"https:\/\/diariofemenino.com.ar\/df\/el-aborto-inseguro-mata\/#breadcrumb","itemListElement":[{"@type":"ListItem","position":1,"name":"Portada","item":"https:\/\/diariofemenino.com.ar\/df\/"},{"@type":"ListItem","position":2,"name":"El Aborto inseguro mata"}]},{"@type":"WebSite","@id":"https:\/\/diariofemenino.com.ar\/df\/#website","url":"https:\/\/diariofemenino.com.ar\/df\/","name":"Diario Digital Femenino","description":"Cuesti\u00f3n de G\u00e9nero","publisher":{"@id":"https:\/\/diariofemenino.com.ar\/df\/#organization"},"potentialAction":[{"@type":"SearchAction","target":{"@type":"EntryPoint","urlTemplate":"https:\/\/diariofemenino.com.ar\/df\/?s={search_term_string}"},"query-input":{"@type":"PropertyValueSpecification","valueRequired":true,"valueName":"search_term_string"}}],"inLanguage":"es"},{"@type":"Organization","@id":"https:\/\/diariofemenino.com.ar\/df\/#organization","name":"Diario Femenino","url":"https:\/\/diariofemenino.com.ar\/df\/","logo":{"@type":"ImageObject","inLanguage":"es","@id":"https:\/\/diariofemenino.com.ar\/df\/#\/schema\/logo\/image\/","url":"https:\/\/diariofemenino.com.ar\/df\/wp-content\/uploads\/2018\/10\/logo.png","contentUrl":"https:\/\/diariofemenino.com.ar\/df\/wp-content\/uploads\/2018\/10\/logo.png","width":500,"height":92,"caption":"Diario Femenino"},"image":{"@id":"https:\/\/diariofemenino.com.ar\/df\/#\/schema\/logo\/image\/"},"sameAs":["https:\/\/www.facebook.com\/DiarioDigitaFemenino\/","https:\/\/x.com\/DiarioFemenino1"]},{"@type":"Person","@id":"https:\/\/diariofemenino.com.ar\/df\/#\/schema\/person\/bf6199e8158c657ea6f789b11ec85509","name":"Admin","image":{"@type":"ImageObject","inLanguage":"es","@id":"https:\/\/diariofemenino.com.ar\/df\/wp-content\/uploads\/2018\/12\/favicon-150x150.jpg","url":"https:\/\/diariofemenino.com.ar\/df\/wp-content\/uploads\/2018\/12\/favicon-150x150.jpg","contentUrl":"https:\/\/diariofemenino.com.ar\/df\/wp-content\/uploads\/2018\/12\/favicon-150x150.jpg","caption":"Admin"},"url":"https:\/\/diariofemenino.com.ar\/df\/author\/lenny\/"}]}},"jetpack_featured_media_url":"https:\/\/diariofemenino.com.ar\/df\/wp-content\/uploads\/2019\/12\/ELXZVmLW4AIJ5_d.jpg","jetpack_sharing_enabled":true,"rttpg_featured_image_url":{"full":["https:\/\/diariofemenino.com.ar\/df\/wp-content\/uploads\/2019\/12\/ELXZVmLW4AIJ5_d.jpg",680,680,false],"landscape":["https:\/\/diariofemenino.com.ar\/df\/wp-content\/uploads\/2019\/12\/ELXZVmLW4AIJ5_d.jpg",680,680,false],"portraits":["https:\/\/diariofemenino.com.ar\/df\/wp-content\/uploads\/2019\/12\/ELXZVmLW4AIJ5_d.jpg",680,680,false],"thumbnail":["https:\/\/diariofemenino.com.ar\/df\/wp-content\/uploads\/2019\/12\/ELXZVmLW4AIJ5_d-150x150.jpg",150,150,true],"medium":["https:\/\/diariofemenino.com.ar\/df\/wp-content\/uploads\/2019\/12\/ELXZVmLW4AIJ5_d-300x300.jpg",300,300,true],"large":["https:\/\/diariofemenino.com.ar\/df\/wp-content\/uploads\/2019\/12\/ELXZVmLW4AIJ5_d.jpg",680,680,false],"1536x1536":["https:\/\/diariofemenino.com.ar\/df\/wp-content\/uploads\/2019\/12\/ELXZVmLW4AIJ5_d.jpg",680,680,false],"2048x2048":["https:\/\/diariofemenino.com.ar\/df\/wp-content\/uploads\/2019\/12\/ELXZVmLW4AIJ5_d.jpg",680,680,false]},"rttpg_author":{"display_name":"Admin","author_link":"https:\/\/diariofemenino.com.ar\/df\/author\/lenny\/"},"rttpg_comment":0,"rttpg_category":"<a href=\"https:\/\/diariofemenino.com.ar\/df\/category\/aborto\/\" rel=\"category tag\">Aborto<\/a> <a href=\"https:\/\/diariofemenino.com.ar\/df\/category\/actividades\/\" rel=\"category tag\">Actividades<\/a> <a href=\"https:\/\/diariofemenino.com.ar\/df\/category\/salud\/\" rel=\"category tag\">Salud<\/a>","rttpg_excerpt":"Una mujer platense de 33 a\u00f1os falleci\u00f3 como consecuencia de un aborto inseguro, sin el acompa\u00f1amiento del sistema de salud. Esto nos duele, nos angustia, nos enfurece, nos desgarra el cuerpo porque sabemos que esto es negligencia del Estado nacional, provincial y municipal. Sabemos que esto es consecuencia del disciplinamiento de nuestros cuerpos por parte&hellip;","_links":{"self":[{"href":"https:\/\/diariofemenino.com.ar\/df\/wp-json\/wp\/v2\/posts\/43985","targetHints":{"allow":["GET"]}}],"collection":[{"href":"https:\/\/diariofemenino.com.ar\/df\/wp-json\/wp\/v2\/posts"}],"about":[{"href":"https:\/\/diariofemenino.com.ar\/df\/wp-json\/wp\/v2\/types\/post"}],"author":[{"embeddable":true,"href":"https:\/\/diariofemenino.com.ar\/df\/wp-json\/wp\/v2\/users\/4"}],"replies":[{"embeddable":true,"href":"https:\/\/diariofemenino.com.ar\/df\/wp-json\/wp\/v2\/comments?post=43985"}],"version-history":[{"count":0,"href":"https:\/\/diariofemenino.com.ar\/df\/wp-json\/wp\/v2\/posts\/43985\/revisions"}],"wp:featuredmedia":[{"embeddable":true,"href":"https:\/\/diariofemenino.com.ar\/df\/wp-json\/wp\/v2\/media\/43988"}],"wp:attachment":[{"href":"https:\/\/diariofemenino.com.ar\/df\/wp-json\/wp\/v2\/media?parent=43985"}],"wp:term":[{"taxonomy":"category","embeddable":true,"href":"https:\/\/diariofemenino.com.ar\/df\/wp-json\/wp\/v2\/categories?post=43985"},{"taxonomy":"post_tag","embeddable":true,"href":"https:\/\/diariofemenino.com.ar\/df\/wp-json\/wp\/v2\/tags?post=43985"}],"curies":[{"name":"wp","href":"https:\/\/api.w.org\/{rel}","templated":true}]}}