{"id":43670,"date":"2019-11-27T17:27:41","date_gmt":"2019-11-27T20:27:41","guid":{"rendered":"https:\/\/diariofemenino.com.ar\/?p=43670"},"modified":"2019-11-27T17:27:41","modified_gmt":"2019-11-27T20:27:41","slug":"mujeres-que-hicieron-historia-bartolina-sisa","status":"publish","type":"post","link":"https:\/\/diariofemenino.com.ar\/df\/mujeres-que-hicieron-historia-bartolina-sisa\/","title":{"rendered":"Mujeres que hicieron historia: Bartolina Sisa"},"content":{"rendered":"<h2 class=\"lst-tituloNota\" style=\"text-align: center;\">Mujeres que hicieron historia: Bartolina Sisa<\/h2>\n<p>En su honor se celebra el<a href=\"https:\/\/diariofemenino.com.ar\/el-dia-internacional-de-la-mujer-indigena-en-honor-a-la-lucha-por-la-libertad\/\"> D\u00eda Internacional de la Mujer Ind\u00edgena<\/a>. Boliviana, guerrera e independentista, una de las mujeres clave en la liberaci\u00f3n de Am\u00e9rica Latina.<\/p>\n<p>Por:\u00a0<strong><em>Carla Martilotta<\/em><\/strong><\/p>\n<p>Un d\u00eda inexacto de agosto de 1750 naci\u00f3 Bartolina Sisa en la comunidad de Ocuire, municipio de Sapahaqui, en la provincia Loayza del departamento de La Paz, Bolivia. Sus padres fueron Jos\u00e9 Sisa y Josefa Vargas, originarios del Alto Per\u00fa, comerciantes de coca y de tejidos de lana que debieron mudarse a la Villa de Sica Sica ante las amenazas sufridas producto del sometimiento del que eran blanco los pueblos originarios.<\/p>\n<p>A los 19 a\u00f1os ya conoc\u00eda el oficio de sus padres y se lanz\u00f3 sola al territorio. Durante sus innumerables viajes conoci\u00f3 ciudades, pueblos, minas, cocales y comunidades y, con ellas, la cruel explotaci\u00f3n que hac\u00eda m\u00e1s de 300 a\u00f1os los espa\u00f1oles ejerc\u00edan sobre los <a href=\"https:\/\/diariofemenino.com.ar\/crean-la-primera-agencia-de-noticias-de-mujeres-indigenas-y-afrodescendientes-en-america-latina\/\">ind\u00edgenas<\/a>.<\/p>\n<p>En uno de sus tantos caminos se cruz\u00f3 con Juli\u00e1n Apaza, comerciante de coca y ex minero en Oruro. Se casaron en 1772 y tuvieron tres hijos varones y una mujer de los que no quedaron rastros. El m\u00e1s grande fue asesinado en 1783 y los sobrevivientes cambiaron de identidad.<\/p>\n<p>Ambos convertidos en l\u00edderes aymaras, en 1781 fueron protagonistas del primer asedio a la ciudad de La Paz, punto clave en la lucha de la liberaci\u00f3n de los pueblos originarios.<\/p>\n<p>Bajo el nombre de guerra de Tupac Katari, Juli\u00e1n Apaza lanz\u00f3 una proclama para el levantamiento popular: \u201cManda el Soberano Inca Rey de los Aymaras, que pasen a cuchillo a todos los corregidores, sus ministros y caciques, cobradores y dem\u00e1s dependientes. Como asimismo a todos los chapetones, criollos mujeres, ni\u00f1os de ambos sexos y toda persona que parezca ser espa\u00f1ola o lo sea, o que a lo menos est\u00e9 vestida a imitaci\u00f3n de tales espa\u00f1oles. Y que si esta especie de gentes se favoreciesen en alg\u00fan sagrado o sagrados y alg\u00fan cura u otra cualesquier personas impidiese o defendiesen el fin primario de degollarlas, tambi\u00e9n se atropelle por todo, ya pasando a cuchillo a los sacerdotes y ya quemando las Iglesias\u201d.<\/p>\n<p>Proclamados virrey y virreina aymara, Bartolina asumi\u00f3 las tareas de la guerra. Excelente montadora de caballos y \u00e1gil en el uso del fusil, qued\u00f3 a cargo de un ej\u00e9rcito de m\u00e1s de 80 mil hombres y mujeres en Pampahasi, que bajo sus \u00f3rdenes cercaron la ciudad de La Paz dej\u00e1ndola sin agua y comida. El levantamiento dur\u00f3 m\u00e1s de cien d\u00edas.<\/p>\n<figure class=\"wp-block-pullquote\">\n<blockquote><p><em>\u201cExcelente montadora de caballos y \u00e1gil en el uso del fusil, qued\u00f3 a cargo de un ej\u00e9rcito de m\u00e1s de 80 mil hombres y mujeres en Pampahasi, que bajo sus \u00f3rdenes cercaron la ciudad de La Paz\u201d<\/em><\/p><\/blockquote>\n<\/figure>\n<p>Los primeros enfrentamientos entre originarios y espa\u00f1oles dejaron a estos \u00faltimos rendidos por insuficiencia num\u00e9rica. El 17 de mayo, tras la partida de Tupac Katari a otro territorio, Sebasti\u00e1n Segura \u2013l\u00edder de los espa\u00f1oles\u2013 mand\u00f3 a un ej\u00e9rcito de m\u00e1s de 300 hombres a Pampahasi para \u201cvencer a la mujer que los comandaba\u201d. Fracas\u00f3 y Bartolina sali\u00f3 fortalecida.<\/p>\n<p>Con el correr de los d\u00edas el ej\u00e9rcito espa\u00f1ol y los habitantes de La Paz comenzaron a perder fuerzas, por lo que fueron socorridos por la Real Audiencia de Charcas. Casi dos mil hombres armados les fueron enviados para replegar a los ej\u00e9rcitos originarios, y Bartolina debi\u00f3 refugiarse.<\/p>\n<p class=\"has-medium-font-size\"><strong>Traici\u00f3n, tortura y muerte<\/strong><\/p>\n<p>Al 30 de junio los ej\u00e9rcitos originarios estaban replegados casi en su totalidad y los europeos comenzaron campa\u00f1as de \u201cindultos\u201d para quienes entreguen a los l\u00edderes de la revuelta. Escondida en Sopocachi, la virreina fue traicionada y entregada al ej\u00e9rcito enemigo el 2 de julio de 1781.<\/p>\n<p>Su muerte fue emblem\u00e1tica. Durante meses fue torturada por Sebasti\u00e1n Segurola para que traicione a los l\u00edderes de los otros levantamientos que se suced\u00edan en todo el territorio pero ella nunca habl\u00f3. Finalmente, tras varios \u00a0intentos de negociaciones y levantamientos para lograr su liberaci\u00f3n, fue condenada.<\/p>\n<p>La sentencia le\u00edda aquel 5 de septiembre de 1782 dictamin\u00f3: \u201cA Bartolina Sisa, mujer del fer\u00f3z Juli\u00e1n Apaza o Tupaj Catari, en pena ordinaria de Suplicio, que sea sacada del Cuartel a la Plaza mayor atada a la cola de un Caballo, con una soga al Cuello y plumas, un aspa afianzada sobre un bast\u00f3n de palo en la mano y conducida por la voz del pregonero a la Horca hasta que muera, y despu\u00e9s se clave su cabeza y manos en Picotas con el r\u00f3tulo correspondiente, para el escarmiento p\u00fablico en los lugares de Cruzpata, Alto de San Pedro, y Pampajasi donde estaba acampada y presid\u00eda sus juntas sediciosas; y despu\u00e9s de d\u00edas se conduzca la cabeza a los pueblos de Ayo-ayo y Sapahagui en la Provincia de Sica-sica, con orden para que se quemen despu\u00e9s de un tiempo y se arrojen las cenizas al aire, donde estime convenir\u201d.<\/p>\n<p class=\"has-medium-font-size\"><strong>Su legado<\/strong><\/p>\n<p>En 1983 y tras celebrarse el \u201c2\u00b0 Encuentro de Organizaciones y Movimientos Ind\u00edgenas de Am\u00e9rica\u201d en Tiwanaku, Bolivia, los pueblos participantes definieron que cada 5 de septiembre se celebre el D\u00eda Internacional de la Mujer Ind\u00edgena en honor a Bartolina Sisa, rebelde y libertaria de los pueblos ind\u00edgenas de Am\u00e9rica Latina.<\/p>\n<p>En tanto, en 1980 se fund\u00f3 con su identidad la Confederaci\u00f3n Nacional de Mujeres Campesinas Ind\u00edgenas Originarias de Bolivia (CNMCIOB). Se trata de la primera agrupaci\u00f3n de mujeres del campo de toda Sudam\u00e9rica encargada de luchar por la participaci\u00f3n en la toma de decisiones pol\u00edticas y sociales para las comunidades.<\/p>\n<figure class=\"wp-block-image\"><img decoding=\"async\" class=\"wp-image-85663\" src=\"https:\/\/notasperiodismopopular.com.ar\/wp-content\/uploads\/2019\/11\/basrtolinas_0.jpg\" sizes=\"(max-width: 800px) 100vw, 800px\" srcset=\"https:\/\/notasperiodismopopular.com.ar\/wp-content\/uploads\/2019\/11\/basrtolinas_0.jpg 800w, https:\/\/notasperiodismopopular.com.ar\/wp-content\/uploads\/2019\/11\/basrtolinas_0-400x250.jpg 400w, https:\/\/notasperiodismopopular.com.ar\/wp-content\/uploads\/2019\/11\/basrtolinas_0-768x480.jpg 768w\" alt=\"\" \/><\/figure>\n<p>En 1995 fueron la \u00fanica organizaci\u00f3n de mujeres miembro fundadora del Movimiento al Socialismo (MAS) y en la actualidad son lideresas en las diferentes luchas por la emancipaci\u00f3n y respeto de los pueblos originarios de la Rep\u00fablica Plurinacional de Bolivia, llegando a ocupar cargos estrat\u00e9gicos durante los gobiernos de Evo Morales.<\/p>\n<p>El pasado 14 de noviembre, la CNMCIOB llam\u00f3 a una huelga general con movilizaciones para exigir el retorno del derrocado presidente.<\/p>\n<p>A trav\u00e9s de un comunicado, informaron: \u201cA partir de la fecha el Pacto de Unidad convoca a toda su estructura org\u00e1nica a nivel nacional y todas las organizaciones sociales vivas del pa\u00eds a declarar la huelga general indefinida con bloqueo de caminos y cerco a la ciudad de La Paz hasta lograr el retorno del mandatario legal, leg\u00edtimo y democr\u00e1ticamente elegido el 12 de octubre de 2014, cuyo mandato concluye el 21 de enero de 2020\u201d.<\/p>\n<p>&nbsp;<\/p>\n<p>Fuente: <a href=\"https:\/\/notasperiodismopopular.com.ar\/2019\/11\/27\/mujeres-hicieron-historia-bartolina-sisa\/\">Notas Periodismo Popular<\/a><\/p>\n","protected":false},"excerpt":{"rendered":"<p>Mujeres que hicieron historia: Bartolina Sisa En su honor se celebra el D\u00eda Internacional de la Mujer Ind\u00edgena. Boliviana, guerrera e independentista, una de las mujeres clave en la liberaci\u00f3n de Am\u00e9rica Latina. Por:\u00a0Carla Martilotta Un d\u00eda inexacto de agosto de 1750 naci\u00f3 Bartolina Sisa en la comunidad de Ocuire, municipio de Sapahaqui, en la [&hellip;]<\/p>\n","protected":false},"author":3,"featured_media":43672,"comment_status":"open","ping_status":"open","sticky":false,"template":"","format":"standard","meta":{"iawp_total_views":148,"footnotes":""},"categories":[32],"tags":[405,2068,341,1428,1749,130],"class_list":["post-43670","post","type-post","status-publish","format-standard","has-post-thumbnail","hentry","category-mujeres","tag-bolivia","tag-bartolina-sisa","tag-historia","tag-lucha","tag-mujer-indigena","tag-mujeres"],"nelio_content":{"autoShareEndMode":"never","automationSources":{"useCustomSentences":false,"customSentences":[]},"efiAlt":"","efiUrl":"","followers":[3],"highlights":[],"isAutoShareEnabled":true,"networkImageIds":[],"permalinkQueryArgs":[],"series":[],"suggestedReferences":[]},"yoast_head":"<!-- This site is optimized with the Yoast SEO plugin v27.5 - https:\/\/yoast.com\/product\/yoast-seo-wordpress\/ -->\n<title>Mujeres que hicieron historia: Bartolina Sisa - Diario Digital Femenino<\/title>\n<meta name=\"description\" content=\"Mujeres que hicieron historia: Bartolina SisaEn su honor se celebra el D\u00eda Internacional de la Mujer Ind\u00edgena. Boliviana, guerrera e independentista, una de\" \/>\n<meta name=\"robots\" content=\"index, follow, max-snippet:-1, max-image-preview:large, max-video-preview:-1\" \/>\n<link rel=\"canonical\" href=\"https:\/\/diariofemenino.com.ar\/df\/mujeres-que-hicieron-historia-bartolina-sisa\/\" \/>\n<meta property=\"og:locale\" content=\"es_ES\" \/>\n<meta property=\"og:type\" content=\"article\" \/>\n<meta property=\"og:title\" content=\"Mujeres que hicieron historia: Bartolina Sisa - Diario Digital Femenino\" \/>\n<meta property=\"og:description\" content=\"Mujeres que hicieron historia: Bartolina SisaEn su honor se celebra el D\u00eda Internacional de la Mujer Ind\u00edgena. Boliviana, guerrera e independentista, una de\" \/>\n<meta property=\"og:url\" content=\"https:\/\/diariofemenino.com.ar\/df\/mujeres-que-hicieron-historia-bartolina-sisa\/\" \/>\n<meta property=\"og:site_name\" content=\"Diario Digital Femenino\" \/>\n<meta property=\"article:publisher\" content=\"https:\/\/www.facebook.com\/DiarioDigitaFemenino\/\" \/>\n<meta property=\"article:published_time\" content=\"2019-11-27T20:27:41+00:00\" \/>\n<meta property=\"og:image\" content=\"https:\/\/diariofemenino.com.ar\/df\/wp-content\/uploads\/2019\/11\/bartolina_sisa_.jpg\" \/>\n\t<meta property=\"og:image:width\" content=\"855\" \/>\n\t<meta property=\"og:image:height\" content=\"458\" \/>\n\t<meta property=\"og:image:type\" content=\"image\/jpeg\" \/>\n<meta name=\"author\" content=\"Admin\" \/>\n<meta name=\"twitter:card\" content=\"summary_large_image\" \/>\n<meta name=\"twitter:creator\" content=\"@DiarioFemenino1\" \/>\n<meta name=\"twitter:site\" content=\"@DiarioFemenino1\" \/>\n<meta name=\"twitter:label1\" content=\"Escrito por\" \/>\n\t<meta name=\"twitter:data1\" content=\"Admin\" \/>\n\t<meta name=\"twitter:label2\" content=\"Tiempo de lectura\" \/>\n\t<meta name=\"twitter:data2\" content=\"6 minutos\" \/>\n<script type=\"application\/ld+json\" class=\"yoast-schema-graph\">{\"@context\":\"https:\\\/\\\/schema.org\",\"@graph\":[{\"@type\":\"Article\",\"@id\":\"https:\\\/\\\/diariofemenino.com.ar\\\/df\\\/mujeres-que-hicieron-historia-bartolina-sisa\\\/#article\",\"isPartOf\":{\"@id\":\"https:\\\/\\\/diariofemenino.com.ar\\\/df\\\/mujeres-que-hicieron-historia-bartolina-sisa\\\/\"},\"author\":{\"name\":\"Admin\",\"@id\":\"https:\\\/\\\/diariofemenino.com.ar\\\/df\\\/#\\\/schema\\\/person\\\/1c36bc3bf394d8ec320814298b4fdd3f\"},\"headline\":\"Mujeres que hicieron historia: Bartolina Sisa\",\"datePublished\":\"2019-11-27T20:27:41+00:00\",\"mainEntityOfPage\":{\"@id\":\"https:\\\/\\\/diariofemenino.com.ar\\\/df\\\/mujeres-que-hicieron-historia-bartolina-sisa\\\/\"},\"wordCount\":1129,\"commentCount\":0,\"publisher\":{\"@id\":\"https:\\\/\\\/diariofemenino.com.ar\\\/df\\\/#organization\"},\"image\":{\"@id\":\"https:\\\/\\\/diariofemenino.com.ar\\\/df\\\/mujeres-que-hicieron-historia-bartolina-sisa\\\/#primaryimage\"},\"thumbnailUrl\":\"https:\\\/\\\/diariofemenino.com.ar\\\/df\\\/wp-content\\\/uploads\\\/2019\\\/11\\\/bartolina_sisa_.jpg\",\"keywords\":[\"#Bolivia\",\"Bartolina Sisa\",\"Historia\",\"lucha\",\"Mujer ind\u00edgena\",\"Mujeres\"],\"articleSection\":[\"Mujeres\"],\"inLanguage\":\"es\",\"potentialAction\":[{\"@type\":\"CommentAction\",\"name\":\"Comment\",\"target\":[\"https:\\\/\\\/diariofemenino.com.ar\\\/df\\\/mujeres-que-hicieron-historia-bartolina-sisa\\\/#respond\"]}]},{\"@type\":\"WebPage\",\"@id\":\"https:\\\/\\\/diariofemenino.com.ar\\\/df\\\/mujeres-que-hicieron-historia-bartolina-sisa\\\/\",\"url\":\"https:\\\/\\\/diariofemenino.com.ar\\\/df\\\/mujeres-que-hicieron-historia-bartolina-sisa\\\/\",\"name\":\"Mujeres que hicieron historia: Bartolina Sisa - Diario Digital Femenino\",\"isPartOf\":{\"@id\":\"https:\\\/\\\/diariofemenino.com.ar\\\/df\\\/#website\"},\"primaryImageOfPage\":{\"@id\":\"https:\\\/\\\/diariofemenino.com.ar\\\/df\\\/mujeres-que-hicieron-historia-bartolina-sisa\\\/#primaryimage\"},\"image\":{\"@id\":\"https:\\\/\\\/diariofemenino.com.ar\\\/df\\\/mujeres-que-hicieron-historia-bartolina-sisa\\\/#primaryimage\"},\"thumbnailUrl\":\"https:\\\/\\\/diariofemenino.com.ar\\\/df\\\/wp-content\\\/uploads\\\/2019\\\/11\\\/bartolina_sisa_.jpg\",\"datePublished\":\"2019-11-27T20:27:41+00:00\",\"description\":\"Mujeres que hicieron historia: Bartolina SisaEn su honor se celebra el D\u00eda Internacional de la Mujer Ind\u00edgena. Boliviana, guerrera e independentista, una de\",\"breadcrumb\":{\"@id\":\"https:\\\/\\\/diariofemenino.com.ar\\\/df\\\/mujeres-que-hicieron-historia-bartolina-sisa\\\/#breadcrumb\"},\"inLanguage\":\"es\",\"potentialAction\":[{\"@type\":\"ReadAction\",\"target\":[\"https:\\\/\\\/diariofemenino.com.ar\\\/df\\\/mujeres-que-hicieron-historia-bartolina-sisa\\\/\"]}]},{\"@type\":\"ImageObject\",\"inLanguage\":\"es\",\"@id\":\"https:\\\/\\\/diariofemenino.com.ar\\\/df\\\/mujeres-que-hicieron-historia-bartolina-sisa\\\/#primaryimage\",\"url\":\"https:\\\/\\\/diariofemenino.com.ar\\\/df\\\/wp-content\\\/uploads\\\/2019\\\/11\\\/bartolina_sisa_.jpg\",\"contentUrl\":\"https:\\\/\\\/diariofemenino.com.ar\\\/df\\\/wp-content\\\/uploads\\\/2019\\\/11\\\/bartolina_sisa_.jpg\",\"width\":855,\"height\":458},{\"@type\":\"BreadcrumbList\",\"@id\":\"https:\\\/\\\/diariofemenino.com.ar\\\/df\\\/mujeres-que-hicieron-historia-bartolina-sisa\\\/#breadcrumb\",\"itemListElement\":[{\"@type\":\"ListItem\",\"position\":1,\"name\":\"Portada\",\"item\":\"https:\\\/\\\/diariofemenino.com.ar\\\/df\\\/\"},{\"@type\":\"ListItem\",\"position\":2,\"name\":\"Mujeres que hicieron historia: Bartolina Sisa\"}]},{\"@type\":\"WebSite\",\"@id\":\"https:\\\/\\\/diariofemenino.com.ar\\\/df\\\/#website\",\"url\":\"https:\\\/\\\/diariofemenino.com.ar\\\/df\\\/\",\"name\":\"Diario Digital Femenino\",\"description\":\"Cuesti\u00f3n de G\u00e9nero\",\"publisher\":{\"@id\":\"https:\\\/\\\/diariofemenino.com.ar\\\/df\\\/#organization\"},\"potentialAction\":[{\"@type\":\"SearchAction\",\"target\":{\"@type\":\"EntryPoint\",\"urlTemplate\":\"https:\\\/\\\/diariofemenino.com.ar\\\/df\\\/?s={search_term_string}\"},\"query-input\":{\"@type\":\"PropertyValueSpecification\",\"valueRequired\":true,\"valueName\":\"search_term_string\"}}],\"inLanguage\":\"es\"},{\"@type\":\"Organization\",\"@id\":\"https:\\\/\\\/diariofemenino.com.ar\\\/df\\\/#organization\",\"name\":\"Diario Femenino\",\"url\":\"https:\\\/\\\/diariofemenino.com.ar\\\/df\\\/\",\"logo\":{\"@type\":\"ImageObject\",\"inLanguage\":\"es\",\"@id\":\"https:\\\/\\\/diariofemenino.com.ar\\\/df\\\/#\\\/schema\\\/logo\\\/image\\\/\",\"url\":\"https:\\\/\\\/diariofemenino.com.ar\\\/df\\\/wp-content\\\/uploads\\\/2018\\\/10\\\/logo.png\",\"contentUrl\":\"https:\\\/\\\/diariofemenino.com.ar\\\/df\\\/wp-content\\\/uploads\\\/2018\\\/10\\\/logo.png\",\"width\":500,\"height\":92,\"caption\":\"Diario Femenino\"},\"image\":{\"@id\":\"https:\\\/\\\/diariofemenino.com.ar\\\/df\\\/#\\\/schema\\\/logo\\\/image\\\/\"},\"sameAs\":[\"https:\\\/\\\/www.facebook.com\\\/DiarioDigitaFemenino\\\/\",\"https:\\\/\\\/x.com\\\/DiarioFemenino1\"]},{\"@type\":\"Person\",\"@id\":\"https:\\\/\\\/diariofemenino.com.ar\\\/df\\\/#\\\/schema\\\/person\\\/1c36bc3bf394d8ec320814298b4fdd3f\",\"name\":\"Admin\",\"image\":{\"@type\":\"ImageObject\",\"inLanguage\":\"es\",\"@id\":\"https:\\\/\\\/diariofemenino.com.ar\\\/df\\\/wp-content\\\/uploads\\\/2018\\\/12\\\/favicon-150x150.jpg\",\"url\":\"https:\\\/\\\/diariofemenino.com.ar\\\/df\\\/wp-content\\\/uploads\\\/2018\\\/12\\\/favicon-150x150.jpg\",\"contentUrl\":\"https:\\\/\\\/diariofemenino.com.ar\\\/df\\\/wp-content\\\/uploads\\\/2018\\\/12\\\/favicon-150x150.jpg\",\"caption\":\"Admin\"},\"url\":\"https:\\\/\\\/diariofemenino.com.ar\\\/df\\\/author\\\/sofiperez\\\/\"}]}<\/script>\n<!-- \/ Yoast SEO plugin. -->","yoast_head_json":{"title":"Mujeres que hicieron historia: Bartolina Sisa - Diario Digital Femenino","description":"Mujeres que hicieron historia: Bartolina SisaEn su honor se celebra el D\u00eda Internacional de la Mujer Ind\u00edgena. Boliviana, guerrera e independentista, una de","robots":{"index":"index","follow":"follow","max-snippet":"max-snippet:-1","max-image-preview":"max-image-preview:large","max-video-preview":"max-video-preview:-1"},"canonical":"https:\/\/diariofemenino.com.ar\/df\/mujeres-que-hicieron-historia-bartolina-sisa\/","og_locale":"es_ES","og_type":"article","og_title":"Mujeres que hicieron historia: Bartolina Sisa - Diario Digital Femenino","og_description":"Mujeres que hicieron historia: Bartolina SisaEn su honor se celebra el D\u00eda Internacional de la Mujer Ind\u00edgena. Boliviana, guerrera e independentista, una de","og_url":"https:\/\/diariofemenino.com.ar\/df\/mujeres-que-hicieron-historia-bartolina-sisa\/","og_site_name":"Diario Digital Femenino","article_publisher":"https:\/\/www.facebook.com\/DiarioDigitaFemenino\/","article_published_time":"2019-11-27T20:27:41+00:00","og_image":[{"width":855,"height":458,"url":"https:\/\/diariofemenino.com.ar\/df\/wp-content\/uploads\/2019\/11\/bartolina_sisa_.jpg","type":"image\/jpeg"}],"author":"Admin","twitter_card":"summary_large_image","twitter_creator":"@DiarioFemenino1","twitter_site":"@DiarioFemenino1","twitter_misc":{"Escrito por":"Admin","Tiempo de lectura":"6 minutos"},"schema":{"@context":"https:\/\/schema.org","@graph":[{"@type":"Article","@id":"https:\/\/diariofemenino.com.ar\/df\/mujeres-que-hicieron-historia-bartolina-sisa\/#article","isPartOf":{"@id":"https:\/\/diariofemenino.com.ar\/df\/mujeres-que-hicieron-historia-bartolina-sisa\/"},"author":{"name":"Admin","@id":"https:\/\/diariofemenino.com.ar\/df\/#\/schema\/person\/1c36bc3bf394d8ec320814298b4fdd3f"},"headline":"Mujeres que hicieron historia: Bartolina Sisa","datePublished":"2019-11-27T20:27:41+00:00","mainEntityOfPage":{"@id":"https:\/\/diariofemenino.com.ar\/df\/mujeres-que-hicieron-historia-bartolina-sisa\/"},"wordCount":1129,"commentCount":0,"publisher":{"@id":"https:\/\/diariofemenino.com.ar\/df\/#organization"},"image":{"@id":"https:\/\/diariofemenino.com.ar\/df\/mujeres-que-hicieron-historia-bartolina-sisa\/#primaryimage"},"thumbnailUrl":"https:\/\/diariofemenino.com.ar\/df\/wp-content\/uploads\/2019\/11\/bartolina_sisa_.jpg","keywords":["#Bolivia","Bartolina Sisa","Historia","lucha","Mujer ind\u00edgena","Mujeres"],"articleSection":["Mujeres"],"inLanguage":"es","potentialAction":[{"@type":"CommentAction","name":"Comment","target":["https:\/\/diariofemenino.com.ar\/df\/mujeres-que-hicieron-historia-bartolina-sisa\/#respond"]}]},{"@type":"WebPage","@id":"https:\/\/diariofemenino.com.ar\/df\/mujeres-que-hicieron-historia-bartolina-sisa\/","url":"https:\/\/diariofemenino.com.ar\/df\/mujeres-que-hicieron-historia-bartolina-sisa\/","name":"Mujeres que hicieron historia: Bartolina Sisa - Diario Digital Femenino","isPartOf":{"@id":"https:\/\/diariofemenino.com.ar\/df\/#website"},"primaryImageOfPage":{"@id":"https:\/\/diariofemenino.com.ar\/df\/mujeres-que-hicieron-historia-bartolina-sisa\/#primaryimage"},"image":{"@id":"https:\/\/diariofemenino.com.ar\/df\/mujeres-que-hicieron-historia-bartolina-sisa\/#primaryimage"},"thumbnailUrl":"https:\/\/diariofemenino.com.ar\/df\/wp-content\/uploads\/2019\/11\/bartolina_sisa_.jpg","datePublished":"2019-11-27T20:27:41+00:00","description":"Mujeres que hicieron historia: Bartolina SisaEn su honor se celebra el D\u00eda Internacional de la Mujer Ind\u00edgena. Boliviana, guerrera e independentista, una de","breadcrumb":{"@id":"https:\/\/diariofemenino.com.ar\/df\/mujeres-que-hicieron-historia-bartolina-sisa\/#breadcrumb"},"inLanguage":"es","potentialAction":[{"@type":"ReadAction","target":["https:\/\/diariofemenino.com.ar\/df\/mujeres-que-hicieron-historia-bartolina-sisa\/"]}]},{"@type":"ImageObject","inLanguage":"es","@id":"https:\/\/diariofemenino.com.ar\/df\/mujeres-que-hicieron-historia-bartolina-sisa\/#primaryimage","url":"https:\/\/diariofemenino.com.ar\/df\/wp-content\/uploads\/2019\/11\/bartolina_sisa_.jpg","contentUrl":"https:\/\/diariofemenino.com.ar\/df\/wp-content\/uploads\/2019\/11\/bartolina_sisa_.jpg","width":855,"height":458},{"@type":"BreadcrumbList","@id":"https:\/\/diariofemenino.com.ar\/df\/mujeres-que-hicieron-historia-bartolina-sisa\/#breadcrumb","itemListElement":[{"@type":"ListItem","position":1,"name":"Portada","item":"https:\/\/diariofemenino.com.ar\/df\/"},{"@type":"ListItem","position":2,"name":"Mujeres que hicieron historia: Bartolina Sisa"}]},{"@type":"WebSite","@id":"https:\/\/diariofemenino.com.ar\/df\/#website","url":"https:\/\/diariofemenino.com.ar\/df\/","name":"Diario Digital Femenino","description":"Cuesti\u00f3n de G\u00e9nero","publisher":{"@id":"https:\/\/diariofemenino.com.ar\/df\/#organization"},"potentialAction":[{"@type":"SearchAction","target":{"@type":"EntryPoint","urlTemplate":"https:\/\/diariofemenino.com.ar\/df\/?s={search_term_string}"},"query-input":{"@type":"PropertyValueSpecification","valueRequired":true,"valueName":"search_term_string"}}],"inLanguage":"es"},{"@type":"Organization","@id":"https:\/\/diariofemenino.com.ar\/df\/#organization","name":"Diario Femenino","url":"https:\/\/diariofemenino.com.ar\/df\/","logo":{"@type":"ImageObject","inLanguage":"es","@id":"https:\/\/diariofemenino.com.ar\/df\/#\/schema\/logo\/image\/","url":"https:\/\/diariofemenino.com.ar\/df\/wp-content\/uploads\/2018\/10\/logo.png","contentUrl":"https:\/\/diariofemenino.com.ar\/df\/wp-content\/uploads\/2018\/10\/logo.png","width":500,"height":92,"caption":"Diario Femenino"},"image":{"@id":"https:\/\/diariofemenino.com.ar\/df\/#\/schema\/logo\/image\/"},"sameAs":["https:\/\/www.facebook.com\/DiarioDigitaFemenino\/","https:\/\/x.com\/DiarioFemenino1"]},{"@type":"Person","@id":"https:\/\/diariofemenino.com.ar\/df\/#\/schema\/person\/1c36bc3bf394d8ec320814298b4fdd3f","name":"Admin","image":{"@type":"ImageObject","inLanguage":"es","@id":"https:\/\/diariofemenino.com.ar\/df\/wp-content\/uploads\/2018\/12\/favicon-150x150.jpg","url":"https:\/\/diariofemenino.com.ar\/df\/wp-content\/uploads\/2018\/12\/favicon-150x150.jpg","contentUrl":"https:\/\/diariofemenino.com.ar\/df\/wp-content\/uploads\/2018\/12\/favicon-150x150.jpg","caption":"Admin"},"url":"https:\/\/diariofemenino.com.ar\/df\/author\/sofiperez\/"}]}},"jetpack_featured_media_url":"https:\/\/diariofemenino.com.ar\/df\/wp-content\/uploads\/2019\/11\/bartolina_sisa_.jpg","jetpack_sharing_enabled":true,"rttpg_featured_image_url":{"full":["https:\/\/diariofemenino.com.ar\/df\/wp-content\/uploads\/2019\/11\/bartolina_sisa_.jpg",855,458,false],"landscape":["https:\/\/diariofemenino.com.ar\/df\/wp-content\/uploads\/2019\/11\/bartolina_sisa_.jpg",855,458,false],"portraits":["https:\/\/diariofemenino.com.ar\/df\/wp-content\/uploads\/2019\/11\/bartolina_sisa_.jpg",855,458,false],"thumbnail":["https:\/\/diariofemenino.com.ar\/df\/wp-content\/uploads\/2019\/11\/bartolina_sisa_-150x150.jpg",150,150,true],"medium":["https:\/\/diariofemenino.com.ar\/df\/wp-content\/uploads\/2019\/11\/bartolina_sisa_-300x161.jpg",300,161,true],"large":["https:\/\/diariofemenino.com.ar\/df\/wp-content\/uploads\/2019\/11\/bartolina_sisa_.jpg",855,458,false],"1536x1536":["https:\/\/diariofemenino.com.ar\/df\/wp-content\/uploads\/2019\/11\/bartolina_sisa_.jpg",855,458,false],"2048x2048":["https:\/\/diariofemenino.com.ar\/df\/wp-content\/uploads\/2019\/11\/bartolina_sisa_.jpg",855,458,false]},"rttpg_author":{"display_name":"Admin","author_link":"https:\/\/diariofemenino.com.ar\/df\/author\/sofiperez\/"},"rttpg_comment":0,"rttpg_category":"<a href=\"https:\/\/diariofemenino.com.ar\/df\/category\/mujeres\/\" rel=\"category tag\">Mujeres<\/a>","rttpg_excerpt":"Mujeres que hicieron historia: Bartolina Sisa En su honor se celebra el D\u00eda Internacional de la Mujer Ind\u00edgena. Boliviana, guerrera e independentista, una de las mujeres clave en la liberaci\u00f3n de Am\u00e9rica Latina. Por:\u00a0Carla Martilotta Un d\u00eda inexacto de agosto de 1750 naci\u00f3 Bartolina Sisa en la comunidad de Ocuire, municipio de Sapahaqui, en la&hellip;","_links":{"self":[{"href":"https:\/\/diariofemenino.com.ar\/df\/wp-json\/wp\/v2\/posts\/43670","targetHints":{"allow":["GET"]}}],"collection":[{"href":"https:\/\/diariofemenino.com.ar\/df\/wp-json\/wp\/v2\/posts"}],"about":[{"href":"https:\/\/diariofemenino.com.ar\/df\/wp-json\/wp\/v2\/types\/post"}],"author":[{"embeddable":true,"href":"https:\/\/diariofemenino.com.ar\/df\/wp-json\/wp\/v2\/users\/3"}],"replies":[{"embeddable":true,"href":"https:\/\/diariofemenino.com.ar\/df\/wp-json\/wp\/v2\/comments?post=43670"}],"version-history":[{"count":0,"href":"https:\/\/diariofemenino.com.ar\/df\/wp-json\/wp\/v2\/posts\/43670\/revisions"}],"wp:featuredmedia":[{"embeddable":true,"href":"https:\/\/diariofemenino.com.ar\/df\/wp-json\/wp\/v2\/media\/43672"}],"wp:attachment":[{"href":"https:\/\/diariofemenino.com.ar\/df\/wp-json\/wp\/v2\/media?parent=43670"}],"wp:term":[{"taxonomy":"category","embeddable":true,"href":"https:\/\/diariofemenino.com.ar\/df\/wp-json\/wp\/v2\/categories?post=43670"},{"taxonomy":"post_tag","embeddable":true,"href":"https:\/\/diariofemenino.com.ar\/df\/wp-json\/wp\/v2\/tags?post=43670"}],"curies":[{"name":"wp","href":"https:\/\/api.w.org\/{rel}","templated":true}]}}