{"id":43387,"date":"2019-11-20T11:15:35","date_gmt":"2019-11-20T14:15:35","guid":{"rendered":"https:\/\/diariofemenino.com.ar\/?p=43387"},"modified":"2019-11-20T11:15:35","modified_gmt":"2019-11-20T14:15:35","slug":"duele-mas-ir-al-dentista-que-la-vasectomia-testimonios-de-hombres-jovenes-que-no-quieren-tener-hijos","status":"publish","type":"post","link":"https:\/\/diariofemenino.com.ar\/df\/duele-mas-ir-al-dentista-que-la-vasectomia-testimonios-de-hombres-jovenes-que-no-quieren-tener-hijos\/","title":{"rendered":"\u00abDuele m\u00e1s ir al dentista que la vasectom\u00eda\u00bb: testimonios de hombres j\u00f3venes que no quieren tener hijos"},"content":{"rendered":"<h2 style=\"text-align: center;\">\u00abDuele m\u00e1s ir al dentista que la vasectom\u00eda\u00bb: testimonios de hombres j\u00f3venes que no quieren tener hijos<\/h2>\n<h3 class=\"post-subtitle\">Son j\u00f3venes, no tienen hijos y no quieren ser padres en el futuro. Lee los siguientes testimonios de hombres que se hicieron la <a href=\"https:\/\/diariofemenino.com.ar\/vasectomia-hay-muchisima-desinformacion\/\">vasectom\u00eda<\/a>.<\/h3>\n<p class=\"ql-align-justify\">Arturo, Carlo e Isaac no se conocen pero comparten un fuente v\u00ednculo e ideolog\u00eda com\u00fan; son j\u00f3venes y opinan que la vasectom\u00eda es uno de los mejores<a href=\"https:\/\/diariofemenino.com.ar\/derechos-sexuales-googlea-vasectomia\/\"> m\u00e9todos anticonceptivos<\/a> para apoyar a sus parejas en la planificaci\u00f3n familiar y para evitar la concepci\u00f3n de futuros hijos.<\/p>\n<p class=\"ql-align-justify\">Los tres pertenecen a la generaci\u00f3n millennial y son parte de un movimiento de <a href=\"https:\/\/diariofemenino.com.ar\/muchos-hombres\/\">hombres responsables que buscan concientizar<\/a> a otros caballeros sobre los beneficios de realizarse la vasectom\u00eda a temprana edad.<\/p>\n<p>Originario de Costa Rica, de apariencia delgada y con rastas que acompa\u00f1an su ideolog\u00eda, Arturo Pe\u00f1a Quezada se oper\u00f3 este viernes para no tener hijos.<\/p>\n<figure id=\"attachment_43388\" aria-describedby=\"caption-attachment-43388\" style=\"width: 567px\" class=\"wp-caption alignnone\"><img loading=\"lazy\" decoding=\"async\" class=\"size-full wp-image-43388\" src=\"https:\/\/diariofemenino.com.ar\/df\/wp-content\/uploads\/2019\/11\/arturo.jpg\" alt=\"\" width=\"567\" height=\"288\" srcset=\"https:\/\/diariofemenino.com.ar\/df\/wp-content\/uploads\/2019\/11\/arturo.jpg 567w, https:\/\/diariofemenino.com.ar\/df\/wp-content\/uploads\/2019\/11\/arturo-300x152.jpg 300w\" sizes=\"auto, (max-width: 567px) 100vw, 567px\" \/><figcaption id=\"caption-attachment-43388\" class=\"wp-caption-text\">Arturo es soltero, no tiene hijos y est\u00e1 seguro que su decisi\u00f3n fue la mejor. (Foto: CC Noticias)<\/figcaption><\/figure>\n<blockquote><p><em><strong>\u00abDesde que tengo 16 a\u00f1os quer\u00eda hacerlo, es algo muy propio. Durante la vasectom\u00eda me pod\u00eda mover, observar qu\u00e9 me hac\u00edan y todo. Duele m\u00e1s ir al dentista que hacerte la vasectom\u00eda, literalmente\u00bb.<\/strong><\/em><i class=\"fa fa-quote-right\"><\/i><\/p><\/blockquote>\n<p class=\"ql-align-justify\">A sus 32 a\u00f1os de edad, Arturo decidi\u00f3 desde su adolescencia no ser padre, e incluso, coment\u00f3 que esta acci\u00f3n la realiz\u00f3 soltero y sin la influencia de una pareja sentimental.<\/p>\n<blockquote class=\"ql-align-justify ccn-quote\"><p><i class=\"fa fa-quote-left\"><\/i><em><strong>\u00abMe di la oportunidad de pensarlo bien, y es lo que quiero. No tengo pareja, es mi decisi\u00f3n y mi futuro\u00bb.<\/strong><\/em><i class=\"fa fa-quote-right\"><\/i><\/p><\/blockquote>\n<p class=\"ql-align-justify\">El joven tico se realiz\u00f3 la vasectom\u00eda de manera gratuita este viernes en el Centro de Salud T-III \u00abDr. Manuel Escontria\u00bb en la colonia San \u00c1ngel perteneciente a la Delegaci\u00f3n \u00c1lvaro Obreg\u00f3n en la Ciudad de M\u00e9xico como en el marco del D\u00eda Mundial de la Vasectom\u00eda.<\/p>\n<p class=\"ql-align-justify\">Al igual que Arturo, m\u00e1s de mil 200 hombres en 50 pa\u00edses decidieron unirse a esta campa\u00f1a para hacerse este operaci\u00f3n durante un evento hist\u00f3rico donde en 24 horas los caballeros del mundo se unen a este movimiento internacional de <a href=\"https:\/\/diariofemenino.com.ar\/me-hice-la-vasectomia-hay-que-deconstruir-al-macho-inseminador\/\">planificaci\u00f3n familiar<\/a>.<\/p>\n<p class=\"ql-align-justify\">La operaci\u00f3n de Arturo tard\u00f3 aproximadamente 10 minutos, le aplicaron anestesia local en el escroto, despu\u00e9s le hicieron una muy peque\u00f1a incisi\u00f3n en las v\u00edas donde pasa el esperma, le cortaron dos tubos donde transita ese microorganismo y le aplican soluci\u00f3n para curar la herida. \u00c9l sali\u00f3 caminando del quir\u00f3fano para saludar a sus amigos.<\/p>\n<blockquote class=\"ql-align-justify ccn-quote\"><p><i class=\"fa fa-quote-left\"><\/i><em><strong>\u00abMe dijeron que me bajar\u00e1 los pantalones, me hicieron la operaci\u00f3n y ya. Sin bistur\u00ed, ni esas cosas que antes se utilizaban, ahora usan aparatos muy avanzados, me pareci\u00f3 hasta informal porque fue muy r\u00e1pido\u00bb.<\/strong><\/em><i class=\"fa fa-quote-right\"><\/i><\/p><\/blockquote>\n<blockquote>\n<figure id=\"attachment_43389\" aria-describedby=\"caption-attachment-43389\" style=\"width: 567px\" class=\"wp-caption alignnone\"><img loading=\"lazy\" decoding=\"async\" class=\"size-full wp-image-43389\" src=\"https:\/\/diariofemenino.com.ar\/df\/wp-content\/uploads\/2019\/11\/massa.jpg\" alt=\"\" width=\"567\" height=\"318\" srcset=\"https:\/\/diariofemenino.com.ar\/df\/wp-content\/uploads\/2019\/11\/massa.jpg 567w, https:\/\/diariofemenino.com.ar\/df\/wp-content\/uploads\/2019\/11\/massa-300x168.jpg 300w\" sizes=\"auto, (max-width: 567px) 100vw, 567px\" \/><figcaption id=\"caption-attachment-43389\" class=\"wp-caption-text\">Carlo Massa tiene dos a\u00f1os casado y opina que los hombres deben dedicarse a sus prioridades personales y profesionales (Foto: CC Noticias)<\/figcaption><\/figure><\/blockquote>\n<p class=\"ql-align-justify\">Carlo Massa Mac\u00edas tiene 33 a\u00f1os y trabaja en una agencia de marketing digital, y este domingo se realizar\u00e1 la vasectom\u00eda.<\/p>\n<blockquote class=\"ql-align-justify ccn-quote\"><p><i class=\"fa fa-quote-left\"><\/i><em><strong>\u00abNo tengo hijos y no quiero tenerlos. Lo platicamos con mi pareja y es la mejor opci\u00f3n. Hay personas que tienen hasta tres hijos, imag\u00ednate, son tres partos. Qu\u00e9 dolor para ellas y cu\u00e1nta responsabilidad\u00bb.<\/strong><\/em><i class=\"fa fa-quote-right\"><\/i><\/p><\/blockquote>\n<p class=\"ql-align-justify\">Carlo afirm\u00f3 que su decisi\u00f3n personal deber\u00eda influenciar en la toma de decisiones de otros hombres para realizarse esta operaci\u00f3n.<\/p>\n<blockquote class=\"ql-align-justify ccn-quote\"><p><i class=\"fa fa-quote-left\"><\/i><em><strong>\u00abHay personas que no dedican tiempo a sus hijos, o quienes pierden 18 a\u00f1os que pudieron aprovechar. Hay que romper los paradigmas de esta sociedad, un hijo te quita tiempo, a\u00f1os y la gente pasa sin hacer sus objetivos\u00bb.<\/strong><\/em><i class=\"fa fa-quote-right\"><\/i><\/p><\/blockquote>\n<blockquote>\n<figure id=\"attachment_43390\" aria-describedby=\"caption-attachment-43390\" style=\"width: 567px\" class=\"wp-caption alignnone\"><img loading=\"lazy\" decoding=\"async\" class=\"size-full wp-image-43390\" src=\"https:\/\/diariofemenino.com.ar\/df\/wp-content\/uploads\/2019\/11\/vasectomia-en-mexico-jpg-2-w800-h600-medium.jpg\" alt=\"\" width=\"567\" height=\"318\" srcset=\"https:\/\/diariofemenino.com.ar\/df\/wp-content\/uploads\/2019\/11\/vasectomia-en-mexico-jpg-2-w800-h600-medium.jpg 567w, https:\/\/diariofemenino.com.ar\/df\/wp-content\/uploads\/2019\/11\/vasectomia-en-mexico-jpg-2-w800-h600-medium-300x168.jpg 300w\" sizes=\"auto, (max-width: 567px) 100vw, 567px\" \/><figcaption id=\"caption-attachment-43390\" class=\"wp-caption-text\">Isaac se realizar\u00e1 la vasectom\u00eda para apoyar a su pareja, quien toma pastillas anticonceptivas. (Foto: CC Noticias)<\/figcaption><\/figure><\/blockquote>\n<p class=\"ql-align-justify\">Isaac Ju\u00e1rez Garc\u00eda tiene 30 a\u00f1os y es ingeniero, su decisi\u00f3n fue un acto de amor para apoyar a su pareja.<\/p>\n<blockquote class=\"ql-align-justify ccn-quote\"><p><i class=\"fa fa-quote-left\"><\/i><em><strong>\u00abMi esposa tomaba pastillas y la hac\u00edan ponerse muy mal, dolores, espasmos y ten\u00eda cambios muy fuertes. Es un acto de responsabilidad, no tengo hijos y tampoco quiero tenerlos\u00bb.<\/strong><\/em><i class=\"fa fa-quote-right\"><\/i><\/p><\/blockquote>\n<p class=\"ql-align-justify\">Para Isaac, la vasectom\u00eda no significa olvidarte de tener hijos o terminar con la ilusi\u00f3n de tener una familia.<\/p>\n<blockquote class=\"ql-align-justify ccn-quote\"><p><i class=\"fa fa-quote-left\"><\/i><em><strong>\u00abEn M\u00e9xico hay muchas maneras de ser padre, adoptar por ejemplo. No creo arrepentirme, pero soluciones las habr\u00e1\u00bb.<\/strong><\/em><i class=\"fa fa-quote-right\"><\/i><\/p><\/blockquote>\n<div class=\"ccn-banner banners-in-paragraphs\">\n<div id=\"news_load_2\">Los tres coincidieron que existe una cultura machista que recae en las mujeres quienes se vuelven responsables a protegerse durante su \u00e9poca de fertilidad.<\/div>\n<\/div>\n<blockquote class=\"ql-align-justify ccn-quote\"><p><i class=\"fa fa-quote-left\"><\/i><em><strong>\u00abEllas toman pastillas, se ponen DIU, inyecciones. Hay una infinidad de avances en anticonceptivos para las mujeres, pero nosotros estamos quedando muy atr\u00e1s, a pesar de los avances tecnol\u00f3gicos. La vasectom\u00eda en serio es una muy buena opci\u00f3n\u00bb.<\/strong><\/em><\/p><\/blockquote>\n<p><i class=\"fa fa-quote-right\"><\/i>Fuente: <a href=\"https:\/\/news.culturacolectiva.com\/ciencia\/testimonios-de-vasectomia-jovenes-sin-hijos\/?fbclid=IwAR1-c_1XKVcRbF59S09Mk_uhg-9dSjAIzgwYh-sJVKFT1VlzdPI2gipMDDE\">Cultura Colectiva<\/a><\/p>\n","protected":false},"excerpt":{"rendered":"<p>\u00abDuele m\u00e1s ir al dentista que la vasectom\u00eda\u00bb: testimonios de hombres j\u00f3venes que no quieren tener hijos Son j\u00f3venes, no tienen hijos y no quieren ser padres en el futuro. Lee los siguientes testimonios de hombres que se hicieron la vasectom\u00eda. Arturo, Carlo e Isaac no se conocen pero comparten un fuente v\u00ednculo e ideolog\u00eda [&hellip;]<\/p>\n","protected":false},"author":3,"featured_media":43392,"comment_status":"open","ping_status":"open","sticky":false,"template":"","format":"standard","meta":{"iawp_total_views":20,"footnotes":""},"categories":[23],"tags":[2404,10,1404,617],"class_list":["post-43387","post","type-post","status-publish","format-standard","has-post-thumbnail","hentry","category-salud","tag-cuidado","tag-derechos-sexuales-y-reproductivos","tag-metodos-anticonceptivos","tag-varones"],"nelio_content":{"autoShareEndMode":"never","automationSources":{"useCustomSentences":false,"customSentences":[]},"efiAlt":"","efiUrl":"","followers":[3],"highlights":[],"isAutoShareEnabled":true,"networkImageIds":[],"permalinkQueryArgs":[],"series":[],"suggestedReferences":[]},"yoast_head":"<!-- This site is optimized with the Yoast SEO plugin v27.5 - https:\/\/yoast.com\/product\/yoast-seo-wordpress\/ -->\n<title>&quot;Duele m\u00e1s ir al dentista que la vasectom\u00eda&quot;: testimonios de hombres j\u00f3venes que no quieren tener hijos - Diario Digital Femenino<\/title>\n<meta name=\"description\" content=\"&quot;Duele m\u00e1s ir al dentista que la vasectom\u00eda&quot;: testimonios de hombres j\u00f3venes que no quieren tener hijosSon j\u00f3venes, no tienen hijos y no quieren ser padres\" \/>\n<meta name=\"robots\" content=\"index, follow, max-snippet:-1, max-image-preview:large, max-video-preview:-1\" \/>\n<link rel=\"canonical\" href=\"https:\/\/diariofemenino.com.ar\/df\/duele-mas-ir-al-dentista-que-la-vasectomia-testimonios-de-hombres-jovenes-que-no-quieren-tener-hijos\/\" \/>\n<meta property=\"og:locale\" content=\"es_ES\" \/>\n<meta property=\"og:type\" content=\"article\" \/>\n<meta property=\"og:title\" content=\"&quot;Duele m\u00e1s ir al dentista que la vasectom\u00eda&quot;: testimonios de hombres j\u00f3venes que no quieren tener hijos - Diario Digital Femenino\" \/>\n<meta property=\"og:description\" content=\"&quot;Duele m\u00e1s ir al dentista que la vasectom\u00eda&quot;: testimonios de hombres j\u00f3venes que no quieren tener hijosSon j\u00f3venes, no tienen hijos y no quieren ser padres\" \/>\n<meta property=\"og:url\" content=\"https:\/\/diariofemenino.com.ar\/df\/duele-mas-ir-al-dentista-que-la-vasectomia-testimonios-de-hombres-jovenes-que-no-quieren-tener-hijos\/\" \/>\n<meta property=\"og:site_name\" content=\"Diario Digital Femenino\" \/>\n<meta property=\"article:publisher\" content=\"https:\/\/www.facebook.com\/DiarioDigitaFemenino\/\" \/>\n<meta property=\"article:published_time\" content=\"2019-11-20T14:15:35+00:00\" \/>\n<meta property=\"og:image\" content=\"https:\/\/diariofemenino.com.ar\/df\/wp-content\/uploads\/2019\/11\/vasectomia-en-mexico-jpg-2-w800-h600-medium-1.jpg\" \/>\n\t<meta property=\"og:image:width\" content=\"567\" \/>\n\t<meta property=\"og:image:height\" content=\"318\" \/>\n\t<meta property=\"og:image:type\" content=\"image\/jpeg\" \/>\n<meta name=\"author\" content=\"Admin\" \/>\n<meta name=\"twitter:card\" content=\"summary_large_image\" \/>\n<meta name=\"twitter:creator\" content=\"@DiarioFemenino1\" \/>\n<meta name=\"twitter:site\" content=\"@DiarioFemenino1\" \/>\n<meta name=\"twitter:label1\" content=\"Escrito por\" \/>\n\t<meta name=\"twitter:data1\" content=\"Admin\" \/>\n\t<meta name=\"twitter:label2\" content=\"Tiempo de lectura\" \/>\n\t<meta name=\"twitter:data2\" content=\"4 minutos\" \/>\n<script type=\"application\/ld+json\" class=\"yoast-schema-graph\">{\"@context\":\"https:\\\/\\\/schema.org\",\"@graph\":[{\"@type\":\"Article\",\"@id\":\"https:\\\/\\\/diariofemenino.com.ar\\\/df\\\/duele-mas-ir-al-dentista-que-la-vasectomia-testimonios-de-hombres-jovenes-que-no-quieren-tener-hijos\\\/#article\",\"isPartOf\":{\"@id\":\"https:\\\/\\\/diariofemenino.com.ar\\\/df\\\/duele-mas-ir-al-dentista-que-la-vasectomia-testimonios-de-hombres-jovenes-que-no-quieren-tener-hijos\\\/\"},\"author\":{\"name\":\"Admin\",\"@id\":\"https:\\\/\\\/diariofemenino.com.ar\\\/df\\\/#\\\/schema\\\/person\\\/1c36bc3bf394d8ec320814298b4fdd3f\"},\"headline\":\"\u00abDuele m\u00e1s ir al dentista que la vasectom\u00eda\u00bb: testimonios de hombres j\u00f3venes que no quieren tener hijos\",\"datePublished\":\"2019-11-20T14:15:35+00:00\",\"mainEntityOfPage\":{\"@id\":\"https:\\\/\\\/diariofemenino.com.ar\\\/df\\\/duele-mas-ir-al-dentista-que-la-vasectomia-testimonios-de-hombres-jovenes-que-no-quieren-tener-hijos\\\/\"},\"wordCount\":840,\"commentCount\":0,\"publisher\":{\"@id\":\"https:\\\/\\\/diariofemenino.com.ar\\\/df\\\/#organization\"},\"image\":{\"@id\":\"https:\\\/\\\/diariofemenino.com.ar\\\/df\\\/duele-mas-ir-al-dentista-que-la-vasectomia-testimonios-de-hombres-jovenes-que-no-quieren-tener-hijos\\\/#primaryimage\"},\"thumbnailUrl\":\"https:\\\/\\\/diariofemenino.com.ar\\\/df\\\/wp-content\\\/uploads\\\/2019\\\/11\\\/vasectomia-en-mexico-jpg-2-w800-h600-medium-1.jpg\",\"keywords\":[\"Cuidado\",\"Derechos sexuales y reproductivos\",\"M\u00e9todos anticonceptivos\",\"Varones\"],\"articleSection\":[\"Salud\"],\"inLanguage\":\"es\",\"potentialAction\":[{\"@type\":\"CommentAction\",\"name\":\"Comment\",\"target\":[\"https:\\\/\\\/diariofemenino.com.ar\\\/df\\\/duele-mas-ir-al-dentista-que-la-vasectomia-testimonios-de-hombres-jovenes-que-no-quieren-tener-hijos\\\/#respond\"]}]},{\"@type\":\"WebPage\",\"@id\":\"https:\\\/\\\/diariofemenino.com.ar\\\/df\\\/duele-mas-ir-al-dentista-que-la-vasectomia-testimonios-de-hombres-jovenes-que-no-quieren-tener-hijos\\\/\",\"url\":\"https:\\\/\\\/diariofemenino.com.ar\\\/df\\\/duele-mas-ir-al-dentista-que-la-vasectomia-testimonios-de-hombres-jovenes-que-no-quieren-tener-hijos\\\/\",\"name\":\"\\\"Duele m\u00e1s ir al dentista que la vasectom\u00eda\\\": testimonios de hombres j\u00f3venes que no quieren tener hijos - Diario Digital Femenino\",\"isPartOf\":{\"@id\":\"https:\\\/\\\/diariofemenino.com.ar\\\/df\\\/#website\"},\"primaryImageOfPage\":{\"@id\":\"https:\\\/\\\/diariofemenino.com.ar\\\/df\\\/duele-mas-ir-al-dentista-que-la-vasectomia-testimonios-de-hombres-jovenes-que-no-quieren-tener-hijos\\\/#primaryimage\"},\"image\":{\"@id\":\"https:\\\/\\\/diariofemenino.com.ar\\\/df\\\/duele-mas-ir-al-dentista-que-la-vasectomia-testimonios-de-hombres-jovenes-que-no-quieren-tener-hijos\\\/#primaryimage\"},\"thumbnailUrl\":\"https:\\\/\\\/diariofemenino.com.ar\\\/df\\\/wp-content\\\/uploads\\\/2019\\\/11\\\/vasectomia-en-mexico-jpg-2-w800-h600-medium-1.jpg\",\"datePublished\":\"2019-11-20T14:15:35+00:00\",\"description\":\"\\\"Duele m\u00e1s ir al dentista que la vasectom\u00eda\\\": testimonios de hombres j\u00f3venes que no quieren tener hijosSon j\u00f3venes, no tienen hijos y no quieren ser padres\",\"breadcrumb\":{\"@id\":\"https:\\\/\\\/diariofemenino.com.ar\\\/df\\\/duele-mas-ir-al-dentista-que-la-vasectomia-testimonios-de-hombres-jovenes-que-no-quieren-tener-hijos\\\/#breadcrumb\"},\"inLanguage\":\"es\",\"potentialAction\":[{\"@type\":\"ReadAction\",\"target\":[\"https:\\\/\\\/diariofemenino.com.ar\\\/df\\\/duele-mas-ir-al-dentista-que-la-vasectomia-testimonios-de-hombres-jovenes-que-no-quieren-tener-hijos\\\/\"]}]},{\"@type\":\"ImageObject\",\"inLanguage\":\"es\",\"@id\":\"https:\\\/\\\/diariofemenino.com.ar\\\/df\\\/duele-mas-ir-al-dentista-que-la-vasectomia-testimonios-de-hombres-jovenes-que-no-quieren-tener-hijos\\\/#primaryimage\",\"url\":\"https:\\\/\\\/diariofemenino.com.ar\\\/df\\\/wp-content\\\/uploads\\\/2019\\\/11\\\/vasectomia-en-mexico-jpg-2-w800-h600-medium-1.jpg\",\"contentUrl\":\"https:\\\/\\\/diariofemenino.com.ar\\\/df\\\/wp-content\\\/uploads\\\/2019\\\/11\\\/vasectomia-en-mexico-jpg-2-w800-h600-medium-1.jpg\",\"width\":567,\"height\":318},{\"@type\":\"BreadcrumbList\",\"@id\":\"https:\\\/\\\/diariofemenino.com.ar\\\/df\\\/duele-mas-ir-al-dentista-que-la-vasectomia-testimonios-de-hombres-jovenes-que-no-quieren-tener-hijos\\\/#breadcrumb\",\"itemListElement\":[{\"@type\":\"ListItem\",\"position\":1,\"name\":\"Portada\",\"item\":\"https:\\\/\\\/diariofemenino.com.ar\\\/df\\\/\"},{\"@type\":\"ListItem\",\"position\":2,\"name\":\"\u00abDuele m\u00e1s ir al dentista que la vasectom\u00eda\u00bb: testimonios de hombres j\u00f3venes que no quieren tener hijos\"}]},{\"@type\":\"WebSite\",\"@id\":\"https:\\\/\\\/diariofemenino.com.ar\\\/df\\\/#website\",\"url\":\"https:\\\/\\\/diariofemenino.com.ar\\\/df\\\/\",\"name\":\"Diario Digital Femenino\",\"description\":\"Cuesti\u00f3n de G\u00e9nero\",\"publisher\":{\"@id\":\"https:\\\/\\\/diariofemenino.com.ar\\\/df\\\/#organization\"},\"potentialAction\":[{\"@type\":\"SearchAction\",\"target\":{\"@type\":\"EntryPoint\",\"urlTemplate\":\"https:\\\/\\\/diariofemenino.com.ar\\\/df\\\/?s={search_term_string}\"},\"query-input\":{\"@type\":\"PropertyValueSpecification\",\"valueRequired\":true,\"valueName\":\"search_term_string\"}}],\"inLanguage\":\"es\"},{\"@type\":\"Organization\",\"@id\":\"https:\\\/\\\/diariofemenino.com.ar\\\/df\\\/#organization\",\"name\":\"Diario Femenino\",\"url\":\"https:\\\/\\\/diariofemenino.com.ar\\\/df\\\/\",\"logo\":{\"@type\":\"ImageObject\",\"inLanguage\":\"es\",\"@id\":\"https:\\\/\\\/diariofemenino.com.ar\\\/df\\\/#\\\/schema\\\/logo\\\/image\\\/\",\"url\":\"https:\\\/\\\/diariofemenino.com.ar\\\/df\\\/wp-content\\\/uploads\\\/2018\\\/10\\\/logo.png\",\"contentUrl\":\"https:\\\/\\\/diariofemenino.com.ar\\\/df\\\/wp-content\\\/uploads\\\/2018\\\/10\\\/logo.png\",\"width\":500,\"height\":92,\"caption\":\"Diario Femenino\"},\"image\":{\"@id\":\"https:\\\/\\\/diariofemenino.com.ar\\\/df\\\/#\\\/schema\\\/logo\\\/image\\\/\"},\"sameAs\":[\"https:\\\/\\\/www.facebook.com\\\/DiarioDigitaFemenino\\\/\",\"https:\\\/\\\/x.com\\\/DiarioFemenino1\"]},{\"@type\":\"Person\",\"@id\":\"https:\\\/\\\/diariofemenino.com.ar\\\/df\\\/#\\\/schema\\\/person\\\/1c36bc3bf394d8ec320814298b4fdd3f\",\"name\":\"Admin\",\"image\":{\"@type\":\"ImageObject\",\"inLanguage\":\"es\",\"@id\":\"https:\\\/\\\/diariofemenino.com.ar\\\/df\\\/wp-content\\\/uploads\\\/2018\\\/12\\\/favicon-150x150.jpg\",\"url\":\"https:\\\/\\\/diariofemenino.com.ar\\\/df\\\/wp-content\\\/uploads\\\/2018\\\/12\\\/favicon-150x150.jpg\",\"contentUrl\":\"https:\\\/\\\/diariofemenino.com.ar\\\/df\\\/wp-content\\\/uploads\\\/2018\\\/12\\\/favicon-150x150.jpg\",\"caption\":\"Admin\"},\"url\":\"https:\\\/\\\/diariofemenino.com.ar\\\/df\\\/author\\\/sofiperez\\\/\"}]}<\/script>\n<!-- \/ Yoast SEO plugin. -->","yoast_head_json":{"title":"\"Duele m\u00e1s ir al dentista que la vasectom\u00eda\": testimonios de hombres j\u00f3venes que no quieren tener hijos - Diario Digital Femenino","description":"\"Duele m\u00e1s ir al dentista que la vasectom\u00eda\": testimonios de hombres j\u00f3venes que no quieren tener hijosSon j\u00f3venes, no tienen hijos y no quieren ser padres","robots":{"index":"index","follow":"follow","max-snippet":"max-snippet:-1","max-image-preview":"max-image-preview:large","max-video-preview":"max-video-preview:-1"},"canonical":"https:\/\/diariofemenino.com.ar\/df\/duele-mas-ir-al-dentista-que-la-vasectomia-testimonios-de-hombres-jovenes-que-no-quieren-tener-hijos\/","og_locale":"es_ES","og_type":"article","og_title":"\"Duele m\u00e1s ir al dentista que la vasectom\u00eda\": testimonios de hombres j\u00f3venes que no quieren tener hijos - Diario Digital Femenino","og_description":"\"Duele m\u00e1s ir al dentista que la vasectom\u00eda\": testimonios de hombres j\u00f3venes que no quieren tener hijosSon j\u00f3venes, no tienen hijos y no quieren ser padres","og_url":"https:\/\/diariofemenino.com.ar\/df\/duele-mas-ir-al-dentista-que-la-vasectomia-testimonios-de-hombres-jovenes-que-no-quieren-tener-hijos\/","og_site_name":"Diario Digital Femenino","article_publisher":"https:\/\/www.facebook.com\/DiarioDigitaFemenino\/","article_published_time":"2019-11-20T14:15:35+00:00","og_image":[{"width":567,"height":318,"url":"https:\/\/diariofemenino.com.ar\/df\/wp-content\/uploads\/2019\/11\/vasectomia-en-mexico-jpg-2-w800-h600-medium-1.jpg","type":"image\/jpeg"}],"author":"Admin","twitter_card":"summary_large_image","twitter_creator":"@DiarioFemenino1","twitter_site":"@DiarioFemenino1","twitter_misc":{"Escrito por":"Admin","Tiempo de lectura":"4 minutos"},"schema":{"@context":"https:\/\/schema.org","@graph":[{"@type":"Article","@id":"https:\/\/diariofemenino.com.ar\/df\/duele-mas-ir-al-dentista-que-la-vasectomia-testimonios-de-hombres-jovenes-que-no-quieren-tener-hijos\/#article","isPartOf":{"@id":"https:\/\/diariofemenino.com.ar\/df\/duele-mas-ir-al-dentista-que-la-vasectomia-testimonios-de-hombres-jovenes-que-no-quieren-tener-hijos\/"},"author":{"name":"Admin","@id":"https:\/\/diariofemenino.com.ar\/df\/#\/schema\/person\/1c36bc3bf394d8ec320814298b4fdd3f"},"headline":"\u00abDuele m\u00e1s ir al dentista que la vasectom\u00eda\u00bb: testimonios de hombres j\u00f3venes que no quieren tener hijos","datePublished":"2019-11-20T14:15:35+00:00","mainEntityOfPage":{"@id":"https:\/\/diariofemenino.com.ar\/df\/duele-mas-ir-al-dentista-que-la-vasectomia-testimonios-de-hombres-jovenes-que-no-quieren-tener-hijos\/"},"wordCount":840,"commentCount":0,"publisher":{"@id":"https:\/\/diariofemenino.com.ar\/df\/#organization"},"image":{"@id":"https:\/\/diariofemenino.com.ar\/df\/duele-mas-ir-al-dentista-que-la-vasectomia-testimonios-de-hombres-jovenes-que-no-quieren-tener-hijos\/#primaryimage"},"thumbnailUrl":"https:\/\/diariofemenino.com.ar\/df\/wp-content\/uploads\/2019\/11\/vasectomia-en-mexico-jpg-2-w800-h600-medium-1.jpg","keywords":["Cuidado","Derechos sexuales y reproductivos","M\u00e9todos anticonceptivos","Varones"],"articleSection":["Salud"],"inLanguage":"es","potentialAction":[{"@type":"CommentAction","name":"Comment","target":["https:\/\/diariofemenino.com.ar\/df\/duele-mas-ir-al-dentista-que-la-vasectomia-testimonios-de-hombres-jovenes-que-no-quieren-tener-hijos\/#respond"]}]},{"@type":"WebPage","@id":"https:\/\/diariofemenino.com.ar\/df\/duele-mas-ir-al-dentista-que-la-vasectomia-testimonios-de-hombres-jovenes-que-no-quieren-tener-hijos\/","url":"https:\/\/diariofemenino.com.ar\/df\/duele-mas-ir-al-dentista-que-la-vasectomia-testimonios-de-hombres-jovenes-que-no-quieren-tener-hijos\/","name":"\"Duele m\u00e1s ir al dentista que la vasectom\u00eda\": testimonios de hombres j\u00f3venes que no quieren tener hijos - Diario Digital Femenino","isPartOf":{"@id":"https:\/\/diariofemenino.com.ar\/df\/#website"},"primaryImageOfPage":{"@id":"https:\/\/diariofemenino.com.ar\/df\/duele-mas-ir-al-dentista-que-la-vasectomia-testimonios-de-hombres-jovenes-que-no-quieren-tener-hijos\/#primaryimage"},"image":{"@id":"https:\/\/diariofemenino.com.ar\/df\/duele-mas-ir-al-dentista-que-la-vasectomia-testimonios-de-hombres-jovenes-que-no-quieren-tener-hijos\/#primaryimage"},"thumbnailUrl":"https:\/\/diariofemenino.com.ar\/df\/wp-content\/uploads\/2019\/11\/vasectomia-en-mexico-jpg-2-w800-h600-medium-1.jpg","datePublished":"2019-11-20T14:15:35+00:00","description":"\"Duele m\u00e1s ir al dentista que la vasectom\u00eda\": testimonios de hombres j\u00f3venes que no quieren tener hijosSon j\u00f3venes, no tienen hijos y no quieren ser padres","breadcrumb":{"@id":"https:\/\/diariofemenino.com.ar\/df\/duele-mas-ir-al-dentista-que-la-vasectomia-testimonios-de-hombres-jovenes-que-no-quieren-tener-hijos\/#breadcrumb"},"inLanguage":"es","potentialAction":[{"@type":"ReadAction","target":["https:\/\/diariofemenino.com.ar\/df\/duele-mas-ir-al-dentista-que-la-vasectomia-testimonios-de-hombres-jovenes-que-no-quieren-tener-hijos\/"]}]},{"@type":"ImageObject","inLanguage":"es","@id":"https:\/\/diariofemenino.com.ar\/df\/duele-mas-ir-al-dentista-que-la-vasectomia-testimonios-de-hombres-jovenes-que-no-quieren-tener-hijos\/#primaryimage","url":"https:\/\/diariofemenino.com.ar\/df\/wp-content\/uploads\/2019\/11\/vasectomia-en-mexico-jpg-2-w800-h600-medium-1.jpg","contentUrl":"https:\/\/diariofemenino.com.ar\/df\/wp-content\/uploads\/2019\/11\/vasectomia-en-mexico-jpg-2-w800-h600-medium-1.jpg","width":567,"height":318},{"@type":"BreadcrumbList","@id":"https:\/\/diariofemenino.com.ar\/df\/duele-mas-ir-al-dentista-que-la-vasectomia-testimonios-de-hombres-jovenes-que-no-quieren-tener-hijos\/#breadcrumb","itemListElement":[{"@type":"ListItem","position":1,"name":"Portada","item":"https:\/\/diariofemenino.com.ar\/df\/"},{"@type":"ListItem","position":2,"name":"\u00abDuele m\u00e1s ir al dentista que la vasectom\u00eda\u00bb: testimonios de hombres j\u00f3venes que no quieren tener hijos"}]},{"@type":"WebSite","@id":"https:\/\/diariofemenino.com.ar\/df\/#website","url":"https:\/\/diariofemenino.com.ar\/df\/","name":"Diario Digital Femenino","description":"Cuesti\u00f3n de G\u00e9nero","publisher":{"@id":"https:\/\/diariofemenino.com.ar\/df\/#organization"},"potentialAction":[{"@type":"SearchAction","target":{"@type":"EntryPoint","urlTemplate":"https:\/\/diariofemenino.com.ar\/df\/?s={search_term_string}"},"query-input":{"@type":"PropertyValueSpecification","valueRequired":true,"valueName":"search_term_string"}}],"inLanguage":"es"},{"@type":"Organization","@id":"https:\/\/diariofemenino.com.ar\/df\/#organization","name":"Diario Femenino","url":"https:\/\/diariofemenino.com.ar\/df\/","logo":{"@type":"ImageObject","inLanguage":"es","@id":"https:\/\/diariofemenino.com.ar\/df\/#\/schema\/logo\/image\/","url":"https:\/\/diariofemenino.com.ar\/df\/wp-content\/uploads\/2018\/10\/logo.png","contentUrl":"https:\/\/diariofemenino.com.ar\/df\/wp-content\/uploads\/2018\/10\/logo.png","width":500,"height":92,"caption":"Diario Femenino"},"image":{"@id":"https:\/\/diariofemenino.com.ar\/df\/#\/schema\/logo\/image\/"},"sameAs":["https:\/\/www.facebook.com\/DiarioDigitaFemenino\/","https:\/\/x.com\/DiarioFemenino1"]},{"@type":"Person","@id":"https:\/\/diariofemenino.com.ar\/df\/#\/schema\/person\/1c36bc3bf394d8ec320814298b4fdd3f","name":"Admin","image":{"@type":"ImageObject","inLanguage":"es","@id":"https:\/\/diariofemenino.com.ar\/df\/wp-content\/uploads\/2018\/12\/favicon-150x150.jpg","url":"https:\/\/diariofemenino.com.ar\/df\/wp-content\/uploads\/2018\/12\/favicon-150x150.jpg","contentUrl":"https:\/\/diariofemenino.com.ar\/df\/wp-content\/uploads\/2018\/12\/favicon-150x150.jpg","caption":"Admin"},"url":"https:\/\/diariofemenino.com.ar\/df\/author\/sofiperez\/"}]}},"jetpack_featured_media_url":"https:\/\/diariofemenino.com.ar\/df\/wp-content\/uploads\/2019\/11\/vasectomia-en-mexico-jpg-2-w800-h600-medium-1.jpg","jetpack_sharing_enabled":true,"rttpg_featured_image_url":{"full":["https:\/\/diariofemenino.com.ar\/df\/wp-content\/uploads\/2019\/11\/vasectomia-en-mexico-jpg-2-w800-h600-medium-1.jpg",567,318,false],"landscape":["https:\/\/diariofemenino.com.ar\/df\/wp-content\/uploads\/2019\/11\/vasectomia-en-mexico-jpg-2-w800-h600-medium-1.jpg",567,318,false],"portraits":["https:\/\/diariofemenino.com.ar\/df\/wp-content\/uploads\/2019\/11\/vasectomia-en-mexico-jpg-2-w800-h600-medium-1.jpg",567,318,false],"thumbnail":["https:\/\/diariofemenino.com.ar\/df\/wp-content\/uploads\/2019\/11\/vasectomia-en-mexico-jpg-2-w800-h600-medium-1-150x150.jpg",150,150,true],"medium":["https:\/\/diariofemenino.com.ar\/df\/wp-content\/uploads\/2019\/11\/vasectomia-en-mexico-jpg-2-w800-h600-medium-1-300x168.jpg",300,168,true],"large":["https:\/\/diariofemenino.com.ar\/df\/wp-content\/uploads\/2019\/11\/vasectomia-en-mexico-jpg-2-w800-h600-medium-1.jpg",567,318,false],"1536x1536":["https:\/\/diariofemenino.com.ar\/df\/wp-content\/uploads\/2019\/11\/vasectomia-en-mexico-jpg-2-w800-h600-medium-1.jpg",567,318,false],"2048x2048":["https:\/\/diariofemenino.com.ar\/df\/wp-content\/uploads\/2019\/11\/vasectomia-en-mexico-jpg-2-w800-h600-medium-1.jpg",567,318,false]},"rttpg_author":{"display_name":"Admin","author_link":"https:\/\/diariofemenino.com.ar\/df\/author\/sofiperez\/"},"rttpg_comment":0,"rttpg_category":"<a href=\"https:\/\/diariofemenino.com.ar\/df\/category\/salud\/\" rel=\"category tag\">Salud<\/a>","rttpg_excerpt":"\u00abDuele m\u00e1s ir al dentista que la vasectom\u00eda\u00bb: testimonios de hombres j\u00f3venes que no quieren tener hijos Son j\u00f3venes, no tienen hijos y no quieren ser padres en el futuro. Lee los siguientes testimonios de hombres que se hicieron la vasectom\u00eda. Arturo, Carlo e Isaac no se conocen pero comparten un fuente v\u00ednculo e ideolog\u00eda&hellip;","_links":{"self":[{"href":"https:\/\/diariofemenino.com.ar\/df\/wp-json\/wp\/v2\/posts\/43387","targetHints":{"allow":["GET"]}}],"collection":[{"href":"https:\/\/diariofemenino.com.ar\/df\/wp-json\/wp\/v2\/posts"}],"about":[{"href":"https:\/\/diariofemenino.com.ar\/df\/wp-json\/wp\/v2\/types\/post"}],"author":[{"embeddable":true,"href":"https:\/\/diariofemenino.com.ar\/df\/wp-json\/wp\/v2\/users\/3"}],"replies":[{"embeddable":true,"href":"https:\/\/diariofemenino.com.ar\/df\/wp-json\/wp\/v2\/comments?post=43387"}],"version-history":[{"count":0,"href":"https:\/\/diariofemenino.com.ar\/df\/wp-json\/wp\/v2\/posts\/43387\/revisions"}],"wp:featuredmedia":[{"embeddable":true,"href":"https:\/\/diariofemenino.com.ar\/df\/wp-json\/wp\/v2\/media\/43392"}],"wp:attachment":[{"href":"https:\/\/diariofemenino.com.ar\/df\/wp-json\/wp\/v2\/media?parent=43387"}],"wp:term":[{"taxonomy":"category","embeddable":true,"href":"https:\/\/diariofemenino.com.ar\/df\/wp-json\/wp\/v2\/categories?post=43387"},{"taxonomy":"post_tag","embeddable":true,"href":"https:\/\/diariofemenino.com.ar\/df\/wp-json\/wp\/v2\/tags?post=43387"}],"curies":[{"name":"wp","href":"https:\/\/api.w.org\/{rel}","templated":true}]}}