{"id":43361,"date":"2019-11-19T15:49:27","date_gmt":"2019-11-19T18:49:27","guid":{"rendered":"https:\/\/diariofemenino.com.ar\/?p=43361"},"modified":"2019-11-19T15:49:27","modified_gmt":"2019-11-19T18:49:27","slug":"la-mitad-de-las-condenas-por-violencia-de-genero","status":"publish","type":"post","link":"https:\/\/diariofemenino.com.ar\/df\/la-mitad-de-las-condenas-por-violencia-de-genero\/","title":{"rendered":"La mitad de las condenas, por violencia de g\u00e9nero"},"content":{"rendered":"<h2 style=\"text-align: center;\">La mitad de las condenas, por <a href=\"https:\/\/diariofemenino.com.ar\/rita-segato-en-salta-los-femicidios-y-violencia-de-genero-se-corrigen-en-la-sociedad\/\">violencia de g\u00e9nero<\/a><\/h2>\n<p>Mientras los defensores se quejan de lo que consideran cierto \u00abautomaticismo\u00bb de los tribunales para condenar a quienes son acusados por delitos relacionados con abusos sexuales y violencia de g\u00e9nero; los fiscales sostienen que los abogados \u00abhacen catarsis\u00bb y que eso es lo que expusieron en una reciente charla donde se debati\u00f3 el tema.<br \/>\nTres de los cuatro funcionarios judiciales de la I Circunscripci\u00f3n, que tienen a su cargo intervenir en cuestiones de violencia familiar y de g\u00e9nero, y en delitos de agresi\u00f3n sexual, dialogaron con LA ARENA sobre la situaci\u00f3n. Marcos Sacco, Walter Martos y Andr\u00e9s Torino, se\u00f1alaron que \u00absiempre existieron\u00bb ese tipo de delitos, y que lo que ocurre es que ahora se han visibilizado.<\/p>\n<p>Sostuvieron que las estad\u00edsticas \u00abson alarmantes\u00bb, que tienen \u00abmucho trabajo\u00bb y que si bien los casos que llegan a juicio s\u00f3lo alcanzan a un 4 \u00f3 5 % de los que se presentan, la cantidad de sentencias representa la mitad de las causas en general (incluye delitos contra la propiedad) que avanzan en la <a href=\"https:\/\/diariofemenino.com.ar\/justicia-penal-y-genero-un-modelo-para-desarmar\/\">Justicia<\/a> provincial.<br \/>\n-\u00bfHay m\u00e1s casos en este tiempo, o ahora se conocen m\u00e1s?<br \/>\n-Al no tener conocimiento que existen organismos para poder hacer de resorte o amortiguar una situaci\u00f3n de conflicto en horas de la madrugada, antes la v\u00edctima no sal\u00eda de la casa con los ni\u00f1os porque no hab\u00eda d\u00f3nde ir. Hoy s\u00ed hay lugares que est\u00e1n preparados para recibirlas, para calentar una mamadera, ese tipo de cosas han determinado que en estos tiempos las mujeres tengan recursos para poder denunciar. Al existir esto de visibilizarlas las mujeres recurren al Estado (Andr\u00e9s Torino).<br \/>\n-De todas maneras siempre existi\u00f3.<br \/>\n-Siempre existi\u00f3. Antes eran lo que se llamaba las cuestiones internas de una casa, quedaban en la vida privada de una familia y de ah\u00ed no sal\u00eda (Marcos Sacco).<br \/>\n-De hecho hay muchos abogados que hoy se los escucha en los debates diciendo estas son cuestiones privadas. Cosa que nos alarma que armen defensas montadas en esos esquemas (A.T.).<br \/>\n-Cuando se est\u00e1n discutiendo situaciones de violencia, de abusos intrafamiliares con hijos propios o hijastros, que lo vean dentro del marco de la normalidad, o dentro del marco de la intimidad, es alarmante. Porque tambi\u00e9n se vulneran derechos, y hoy el Estado completo -no solamente el Poder Judicial- y en todos sus niveles, nacional, provincial y municipal, dan cumplimiento a normas internacionales de proteger y velar por los derechos vulnerados de los ni\u00f1os, ni\u00f1as y adolescentes, y de las mujeres, a un nivel muy similar (M.S.)<br \/>\n-Tienen much\u00edsimo trabajo entonces.<br \/>\n-Todos los a\u00f1os hacemos relevamientos de cantidad de sentencias de condenas. Cuando pedimos un informe de sentencias, generalmente el 50 % de las sentencias producidas con lo que tiene que ver con la Primera Circunscripci\u00f3n -que es lo que pedimos nosotros para conocer-, el 50 % es de la tem\u00e1tica de violencia familiar y de g\u00e9nero. Nos interesa resaltar que uno de los estudios es que el 4 \u00f3 5 % de las situaciones que trabajamos llegan a un juicio. (Walter Martos)<br \/>\n-Los defensores se quejan porque dicen se est\u00e1 sentenciando con suma facilidad.<br \/>\n-No, b\u00e1sicamente lo que responde a nuestra tem\u00e1tica es violencia familiar, que es un concepto muy amplio. Se trabaja en un mont\u00f3n de situaciones, como puede ser de hostigamiento y violencia como lo define la Ley en sus tipos y modos. La ley 36485, nacional y de orden p\u00fablico, es de protecci\u00f3n integral para prevenir, sancionar y erradicar la violencia contra las mujeres en los \u00e1mbitos en que se desarrollen sus relaciones interpersonales (M.S.).<br \/>\nEsa ley determina distintos tipos de violencia, simb\u00f3lica, econ\u00f3mica, sexual y f\u00edsica. En la sexual y f\u00edsica es donde empezamos a trabajar nosotros porque empieza a pisar esquemas del C\u00f3digo Penal, es decir entra en el \u00e1mbito criminal y a partir de ah\u00ed nosotros tenemos competencia para investigar. Previamente a esto hay muchas situaciones de hostigamiento y de violencia que son denunciadas y el trabajo que se hace desde la fiscal\u00eda muchas veces es de disuasi\u00f3n de la situaci\u00f3n. A veces a trav\u00e9s de la imposici\u00f3n de una medida de restricci\u00f3n de acercamiento, alg\u00fan llamado de atenci\u00f3n de ese orden, y tambi\u00e9n la derivaci\u00f3n a distintos equipos que funcionan y existen en la provincia. (W.M.)<br \/>\n-Ser\u00eda una instancia anterior\u2026<br \/>\n-Hay un gran c\u00famulo de trabajo inicial que claramente se va achicando, y hay salidas alternativas en cuestiones de g\u00e9nero con el juicio abreviado que permiten obtener condenas r\u00e1pidamente sin muchas veces exponer a la v\u00edctima en un juicio. Las caracter\u00edsticas propias de lo que se denomina delitos intramuros -el agresor sexual o f\u00edsico, busca la intimidad del hogar para cometer estos hechos-, hace que muchas veces tengamos en la gran mayor\u00eda simplemente versiones contrapuestas, una del agresor y una de la v\u00edctima, y en ese caso sirven elementos objetivos que nos van acercando a la verdad de los hechos y al fortalecimiento del relato (A.T.).<br \/>\n-Ustedes como fiscales tienen una percepci\u00f3n de que ha existido el hecho.<br \/>\n-En el derecho penal com\u00fan no se puede hablar del derecho penal de autor. No se puede porque una persona tiene cinco antecedentes por robo considerarlo en la sexta que es la perpetradora de hechos contra la propiedad. Sin embargo en materia de violencia de g\u00e9nero la contextualizaci\u00f3n de la historicidad violenta dentro de un v\u00ednculo, es lo que claramente el C\u00f3digo Penal nos pide al momento de calificarla como tal (W.M.).<br \/>\nEl C\u00f3digo Penal habla en el inciso 11 del art. 80 sobre violencia de g\u00e9nero, pero no define qu\u00e9 es. Hay que ir al marco de la Ley, y para ir al marco de la Ley se debe contextualizar. Si se quiere ir a un debate y probar una situaci\u00f3n de violencia de g\u00e9nero necesariamente se debe contextualizar la historicidad de ese v\u00ednculo, c\u00f3mo se comprueba que \u00e9l hoy le peg\u00f3 a ella, tengo que armar la historia. No se puede descontextualizar, o desconocer un contexto de violencia de g\u00e9nero. Se nos impone evaluar los contextos de violencia de g\u00e9nero para as\u00ed poder sancionar y erradicar (M.S.).<\/p>\n<h3>C\u00famulo de condenas.<\/h3>\n<p>Tomando 2018 y lo que va de 2019, el 36,8% de las condenas fueron por causas que se dictaron a partir de las fiscal\u00edas que tienen que ver con la tem\u00e1tica de violencia de g\u00e9nero. Incluye lesiones leves, graves, violaci\u00f3n de la restricci\u00f3n, etc. Se puede agregar que el 13,1% de las condenas totales de todas las que se dictan en la provincia fueron por abusos sexuales. Eso da el 49,9% de todas las condenas en el per\u00edodo 2018-2019.<\/p>\n<h3>\u00abCreemos en la denuncia\u00bb<\/h3>\n<p>\u00abFue m\u00e1s una charla para hacer catarsis de los abogados defensores. Se piensa que ac\u00e1 en La Pampa algunos fiscales y jueces trabajamos para condenar, pero no es as\u00ed\u00bb, dijo el fiscal Marcos Sacco. El funcionario judicial estuvo presente en la disertaci\u00f3n del profesor Hern\u00e1n Dullco, convocada por el Colegio de Abogados, \u00abporque siempre es bueno escuchar y aprender\u00bb cuando habla un profesional como el que dio la charla, coment\u00f3.<br \/>\nAgreg\u00f3, en respuesta a la queja expresada por los abogados defensores -que se\u00f1alan que algunos jueces de Audiencia con mucha rapidez dictan sentencias en casos que se presentan como violencia de g\u00e9nero-, que \u00abno es as\u00ed. El trabajo que hacemos en la Fiscal\u00eda es dar cumplimiento no s\u00f3lo a leyes provinciales procesales, sino tambi\u00e9n a convenciones internacionales. Se debe apelar al sentido com\u00fan. Que me digan de cinco personas que est\u00e9n en su casa y vayan a denunciar a sus parejas o situaciones de abuso. Si una persona va a denunciar es porque algo pas\u00f3 y eso es lo que nos habilita a investigar\u00bb, dijo Sacco.<br \/>\nSe le pregunt\u00f3 si no se dan situaciones de denuncias falsas: \u00abM\u00ednimas. No puedo dar porcentaje, pero debe ser el 1%. Pero si alguien denuncia lo normal es que algo pas\u00f3. Partimos de la base de creer en la denuncia, pero insisto, cuando salta el hecho, algo pas\u00f3. Antes las situaciones de acoso -sea en el marco de una relaci\u00f3n o no de pareja- era normales. Hoy no va, y si la mujer dice que no es no\u00bb.<br \/>\nLos abogados cuestionan el tema del relato, que transforma al psic\u00f3logo en juez, se le se\u00f1al\u00f3 al fiscal. \u00abFue tema de debate. Los psic\u00f3logos y forenses, se debe se\u00f1alar que en cuanto a si es verdad que algo pas\u00f3, son claros: eso lo tiene que determinar un juez\u00bb.<\/p>\n<h3>El acoso callejero<\/h3>\n<p>Los fiscales que trabajan en Violencia de G\u00e9nero mencionaron que \u0093el acoso callejero est\u00e1 legislado en la Ley 26485, que fue modificada este a\u00f1o. Si bien no constituye un delito, ya est\u00e1 legislado y no est\u00e1 permitido. No se pueden dar esas situaciones \u0096muchas veces cuando se estaba en grupos\u0096 cuando se alentaba a alguien para aparecer m\u00e1s macho, m\u00e1s vivo\u0094. Recordaron que en C\u00f3rdoba un hombre perdi\u00f3 su trabajo en una constructora. \u0093Hoy se cuidan mucho m\u00e1s porque est\u00e1 legislado. Hubo un cambio de paradigma, y aunque no llega a constituir delito, tiene consecuencias\u0094, coincidieron.<\/p>\n<p>Fuente: <a href=\"http:\/\/www.laarena.com.ar\/la_pampa-la-mitad-de-las-condenas-por-violencia-de-genero-2084797-163.html\">La Arena<\/a><\/p>\n","protected":false},"excerpt":{"rendered":"<p>La mitad de las condenas, por violencia de g\u00e9nero Mientras los defensores se quejan de lo que consideran cierto \u00abautomaticismo\u00bb de los tribunales para condenar a quienes son acusados por delitos relacionados con abusos sexuales y violencia de g\u00e9nero; los fiscales sostienen que los abogados \u00abhacen catarsis\u00bb y que eso es lo que expusieron en [&hellip;]<\/p>\n","protected":false},"author":3,"featured_media":43363,"comment_status":"open","ping_status":"open","sticky":false,"template":"","format":"standard","meta":{"iawp_total_views":10,"footnotes":""},"categories":[32,592],"tags":[27,91,39,34,130,138],"class_list":["post-43361","post","type-post","status-publish","format-standard","has-post-thumbnail","hentry","category-mujeres","category-violencias","tag-abuso","tag-acoso","tag-justicia","tag-machismo","tag-mujeres","tag-violencia"],"nelio_content":{"autoShareEndMode":"never","automationSources":{"useCustomSentences":false,"customSentences":[]},"efiAlt":"","efiUrl":"","followers":[3],"highlights":[],"isAutoShareEnabled":true,"networkImageIds":[],"permalinkQueryArgs":[],"series":[],"suggestedReferences":[]},"yoast_head":"<!-- This site is optimized with the Yoast SEO plugin v27.5 - https:\/\/yoast.com\/product\/yoast-seo-wordpress\/ -->\n<title>La mitad de las condenas, por violencia de g\u00e9nero - Diario Digital Femenino<\/title>\n<meta name=\"description\" content=\"La mitad de las condenas, por violencia de g\u00e9neroMientras los defensores se quejan de lo que consideran cierto \u00abautomaticismo\u00bb\" \/>\n<meta name=\"robots\" content=\"index, follow, max-snippet:-1, max-image-preview:large, max-video-preview:-1\" \/>\n<link rel=\"canonical\" href=\"https:\/\/diariofemenino.com.ar\/df\/la-mitad-de-las-condenas-por-violencia-de-genero\/\" \/>\n<meta property=\"og:locale\" content=\"es_ES\" \/>\n<meta property=\"og:type\" content=\"article\" \/>\n<meta property=\"og:title\" content=\"La mitad de las condenas, por violencia de g\u00e9nero - Diario Digital Femenino\" \/>\n<meta property=\"og:description\" content=\"La mitad de las condenas, por violencia de g\u00e9neroMientras los defensores se quejan de lo que consideran cierto \u00abautomaticismo\u00bb\" \/>\n<meta property=\"og:url\" content=\"https:\/\/diariofemenino.com.ar\/df\/la-mitad-de-las-condenas-por-violencia-de-genero\/\" \/>\n<meta property=\"og:site_name\" content=\"Diario Digital Femenino\" \/>\n<meta property=\"article:publisher\" content=\"https:\/\/www.facebook.com\/DiarioDigitaFemenino\/\" \/>\n<meta property=\"article:published_time\" content=\"2019-11-19T18:49:27+00:00\" \/>\n<meta property=\"og:image\" content=\"https:\/\/diariofemenino.com.ar\/df\/wp-content\/uploads\/2019\/11\/06-Publico-fiscale139cdbb.jpg\" \/>\n\t<meta property=\"og:image:width\" content=\"696\" \/>\n\t<meta property=\"og:image:height\" content=\"462\" \/>\n\t<meta property=\"og:image:type\" content=\"image\/jpeg\" \/>\n<meta name=\"author\" content=\"Admin\" \/>\n<meta name=\"twitter:card\" content=\"summary_large_image\" \/>\n<meta name=\"twitter:creator\" content=\"@DiarioFemenino1\" \/>\n<meta name=\"twitter:site\" content=\"@DiarioFemenino1\" \/>\n<meta name=\"twitter:label1\" content=\"Escrito por\" \/>\n\t<meta name=\"twitter:data1\" content=\"Admin\" \/>\n\t<meta name=\"twitter:label2\" content=\"Tiempo de lectura\" \/>\n\t<meta name=\"twitter:data2\" content=\"8 minutos\" \/>\n<script type=\"application\/ld+json\" class=\"yoast-schema-graph\">{\"@context\":\"https:\\\/\\\/schema.org\",\"@graph\":[{\"@type\":\"Article\",\"@id\":\"https:\\\/\\\/diariofemenino.com.ar\\\/df\\\/la-mitad-de-las-condenas-por-violencia-de-genero\\\/#article\",\"isPartOf\":{\"@id\":\"https:\\\/\\\/diariofemenino.com.ar\\\/df\\\/la-mitad-de-las-condenas-por-violencia-de-genero\\\/\"},\"author\":{\"name\":\"Admin\",\"@id\":\"https:\\\/\\\/diariofemenino.com.ar\\\/df\\\/#\\\/schema\\\/person\\\/1c36bc3bf394d8ec320814298b4fdd3f\"},\"headline\":\"La mitad de las condenas, por violencia de g\u00e9nero\",\"datePublished\":\"2019-11-19T18:49:27+00:00\",\"mainEntityOfPage\":{\"@id\":\"https:\\\/\\\/diariofemenino.com.ar\\\/df\\\/la-mitad-de-las-condenas-por-violencia-de-genero\\\/\"},\"wordCount\":1600,\"commentCount\":0,\"publisher\":{\"@id\":\"https:\\\/\\\/diariofemenino.com.ar\\\/df\\\/#organization\"},\"image\":{\"@id\":\"https:\\\/\\\/diariofemenino.com.ar\\\/df\\\/la-mitad-de-las-condenas-por-violencia-de-genero\\\/#primaryimage\"},\"thumbnailUrl\":\"https:\\\/\\\/diariofemenino.com.ar\\\/df\\\/wp-content\\\/uploads\\\/2019\\\/11\\\/06-Publico-fiscale139cdbb.jpg\",\"keywords\":[\"Abuso\",\"Acoso\",\"Justicia\",\"Machismo\",\"Mujeres\",\"Violencia\"],\"articleSection\":[\"Mujeres\",\"Violencias\"],\"inLanguage\":\"es\",\"potentialAction\":[{\"@type\":\"CommentAction\",\"name\":\"Comment\",\"target\":[\"https:\\\/\\\/diariofemenino.com.ar\\\/df\\\/la-mitad-de-las-condenas-por-violencia-de-genero\\\/#respond\"]}]},{\"@type\":\"WebPage\",\"@id\":\"https:\\\/\\\/diariofemenino.com.ar\\\/df\\\/la-mitad-de-las-condenas-por-violencia-de-genero\\\/\",\"url\":\"https:\\\/\\\/diariofemenino.com.ar\\\/df\\\/la-mitad-de-las-condenas-por-violencia-de-genero\\\/\",\"name\":\"La mitad de las condenas, por violencia de g\u00e9nero - Diario Digital Femenino\",\"isPartOf\":{\"@id\":\"https:\\\/\\\/diariofemenino.com.ar\\\/df\\\/#website\"},\"primaryImageOfPage\":{\"@id\":\"https:\\\/\\\/diariofemenino.com.ar\\\/df\\\/la-mitad-de-las-condenas-por-violencia-de-genero\\\/#primaryimage\"},\"image\":{\"@id\":\"https:\\\/\\\/diariofemenino.com.ar\\\/df\\\/la-mitad-de-las-condenas-por-violencia-de-genero\\\/#primaryimage\"},\"thumbnailUrl\":\"https:\\\/\\\/diariofemenino.com.ar\\\/df\\\/wp-content\\\/uploads\\\/2019\\\/11\\\/06-Publico-fiscale139cdbb.jpg\",\"datePublished\":\"2019-11-19T18:49:27+00:00\",\"description\":\"La mitad de las condenas, por violencia de g\u00e9neroMientras los defensores se quejan de lo que consideran cierto \u00abautomaticismo\u00bb\",\"breadcrumb\":{\"@id\":\"https:\\\/\\\/diariofemenino.com.ar\\\/df\\\/la-mitad-de-las-condenas-por-violencia-de-genero\\\/#breadcrumb\"},\"inLanguage\":\"es\",\"potentialAction\":[{\"@type\":\"ReadAction\",\"target\":[\"https:\\\/\\\/diariofemenino.com.ar\\\/df\\\/la-mitad-de-las-condenas-por-violencia-de-genero\\\/\"]}]},{\"@type\":\"ImageObject\",\"inLanguage\":\"es\",\"@id\":\"https:\\\/\\\/diariofemenino.com.ar\\\/df\\\/la-mitad-de-las-condenas-por-violencia-de-genero\\\/#primaryimage\",\"url\":\"https:\\\/\\\/diariofemenino.com.ar\\\/df\\\/wp-content\\\/uploads\\\/2019\\\/11\\\/06-Publico-fiscale139cdbb.jpg\",\"contentUrl\":\"https:\\\/\\\/diariofemenino.com.ar\\\/df\\\/wp-content\\\/uploads\\\/2019\\\/11\\\/06-Publico-fiscale139cdbb.jpg\",\"width\":696,\"height\":462},{\"@type\":\"BreadcrumbList\",\"@id\":\"https:\\\/\\\/diariofemenino.com.ar\\\/df\\\/la-mitad-de-las-condenas-por-violencia-de-genero\\\/#breadcrumb\",\"itemListElement\":[{\"@type\":\"ListItem\",\"position\":1,\"name\":\"Portada\",\"item\":\"https:\\\/\\\/diariofemenino.com.ar\\\/df\\\/\"},{\"@type\":\"ListItem\",\"position\":2,\"name\":\"La mitad de las condenas, por violencia de g\u00e9nero\"}]},{\"@type\":\"WebSite\",\"@id\":\"https:\\\/\\\/diariofemenino.com.ar\\\/df\\\/#website\",\"url\":\"https:\\\/\\\/diariofemenino.com.ar\\\/df\\\/\",\"name\":\"Diario Digital Femenino\",\"description\":\"Cuesti\u00f3n de G\u00e9nero\",\"publisher\":{\"@id\":\"https:\\\/\\\/diariofemenino.com.ar\\\/df\\\/#organization\"},\"potentialAction\":[{\"@type\":\"SearchAction\",\"target\":{\"@type\":\"EntryPoint\",\"urlTemplate\":\"https:\\\/\\\/diariofemenino.com.ar\\\/df\\\/?s={search_term_string}\"},\"query-input\":{\"@type\":\"PropertyValueSpecification\",\"valueRequired\":true,\"valueName\":\"search_term_string\"}}],\"inLanguage\":\"es\"},{\"@type\":\"Organization\",\"@id\":\"https:\\\/\\\/diariofemenino.com.ar\\\/df\\\/#organization\",\"name\":\"Diario Femenino\",\"url\":\"https:\\\/\\\/diariofemenino.com.ar\\\/df\\\/\",\"logo\":{\"@type\":\"ImageObject\",\"inLanguage\":\"es\",\"@id\":\"https:\\\/\\\/diariofemenino.com.ar\\\/df\\\/#\\\/schema\\\/logo\\\/image\\\/\",\"url\":\"https:\\\/\\\/diariofemenino.com.ar\\\/df\\\/wp-content\\\/uploads\\\/2018\\\/10\\\/logo.png\",\"contentUrl\":\"https:\\\/\\\/diariofemenino.com.ar\\\/df\\\/wp-content\\\/uploads\\\/2018\\\/10\\\/logo.png\",\"width\":500,\"height\":92,\"caption\":\"Diario Femenino\"},\"image\":{\"@id\":\"https:\\\/\\\/diariofemenino.com.ar\\\/df\\\/#\\\/schema\\\/logo\\\/image\\\/\"},\"sameAs\":[\"https:\\\/\\\/www.facebook.com\\\/DiarioDigitaFemenino\\\/\",\"https:\\\/\\\/x.com\\\/DiarioFemenino1\"]},{\"@type\":\"Person\",\"@id\":\"https:\\\/\\\/diariofemenino.com.ar\\\/df\\\/#\\\/schema\\\/person\\\/1c36bc3bf394d8ec320814298b4fdd3f\",\"name\":\"Admin\",\"image\":{\"@type\":\"ImageObject\",\"inLanguage\":\"es\",\"@id\":\"https:\\\/\\\/diariofemenino.com.ar\\\/df\\\/wp-content\\\/uploads\\\/2018\\\/12\\\/favicon-150x150.jpg\",\"url\":\"https:\\\/\\\/diariofemenino.com.ar\\\/df\\\/wp-content\\\/uploads\\\/2018\\\/12\\\/favicon-150x150.jpg\",\"contentUrl\":\"https:\\\/\\\/diariofemenino.com.ar\\\/df\\\/wp-content\\\/uploads\\\/2018\\\/12\\\/favicon-150x150.jpg\",\"caption\":\"Admin\"},\"url\":\"https:\\\/\\\/diariofemenino.com.ar\\\/df\\\/author\\\/sofiperez\\\/\"}]}<\/script>\n<!-- \/ Yoast SEO plugin. -->","yoast_head_json":{"title":"La mitad de las condenas, por violencia de g\u00e9nero - Diario Digital Femenino","description":"La mitad de las condenas, por violencia de g\u00e9neroMientras los defensores se quejan de lo que consideran cierto \u00abautomaticismo\u00bb","robots":{"index":"index","follow":"follow","max-snippet":"max-snippet:-1","max-image-preview":"max-image-preview:large","max-video-preview":"max-video-preview:-1"},"canonical":"https:\/\/diariofemenino.com.ar\/df\/la-mitad-de-las-condenas-por-violencia-de-genero\/","og_locale":"es_ES","og_type":"article","og_title":"La mitad de las condenas, por violencia de g\u00e9nero - Diario Digital Femenino","og_description":"La mitad de las condenas, por violencia de g\u00e9neroMientras los defensores se quejan de lo que consideran cierto \u00abautomaticismo\u00bb","og_url":"https:\/\/diariofemenino.com.ar\/df\/la-mitad-de-las-condenas-por-violencia-de-genero\/","og_site_name":"Diario Digital Femenino","article_publisher":"https:\/\/www.facebook.com\/DiarioDigitaFemenino\/","article_published_time":"2019-11-19T18:49:27+00:00","og_image":[{"width":696,"height":462,"url":"https:\/\/diariofemenino.com.ar\/df\/wp-content\/uploads\/2019\/11\/06-Publico-fiscale139cdbb.jpg","type":"image\/jpeg"}],"author":"Admin","twitter_card":"summary_large_image","twitter_creator":"@DiarioFemenino1","twitter_site":"@DiarioFemenino1","twitter_misc":{"Escrito por":"Admin","Tiempo de lectura":"8 minutos"},"schema":{"@context":"https:\/\/schema.org","@graph":[{"@type":"Article","@id":"https:\/\/diariofemenino.com.ar\/df\/la-mitad-de-las-condenas-por-violencia-de-genero\/#article","isPartOf":{"@id":"https:\/\/diariofemenino.com.ar\/df\/la-mitad-de-las-condenas-por-violencia-de-genero\/"},"author":{"name":"Admin","@id":"https:\/\/diariofemenino.com.ar\/df\/#\/schema\/person\/1c36bc3bf394d8ec320814298b4fdd3f"},"headline":"La mitad de las condenas, por violencia de g\u00e9nero","datePublished":"2019-11-19T18:49:27+00:00","mainEntityOfPage":{"@id":"https:\/\/diariofemenino.com.ar\/df\/la-mitad-de-las-condenas-por-violencia-de-genero\/"},"wordCount":1600,"commentCount":0,"publisher":{"@id":"https:\/\/diariofemenino.com.ar\/df\/#organization"},"image":{"@id":"https:\/\/diariofemenino.com.ar\/df\/la-mitad-de-las-condenas-por-violencia-de-genero\/#primaryimage"},"thumbnailUrl":"https:\/\/diariofemenino.com.ar\/df\/wp-content\/uploads\/2019\/11\/06-Publico-fiscale139cdbb.jpg","keywords":["Abuso","Acoso","Justicia","Machismo","Mujeres","Violencia"],"articleSection":["Mujeres","Violencias"],"inLanguage":"es","potentialAction":[{"@type":"CommentAction","name":"Comment","target":["https:\/\/diariofemenino.com.ar\/df\/la-mitad-de-las-condenas-por-violencia-de-genero\/#respond"]}]},{"@type":"WebPage","@id":"https:\/\/diariofemenino.com.ar\/df\/la-mitad-de-las-condenas-por-violencia-de-genero\/","url":"https:\/\/diariofemenino.com.ar\/df\/la-mitad-de-las-condenas-por-violencia-de-genero\/","name":"La mitad de las condenas, por violencia de g\u00e9nero - Diario Digital Femenino","isPartOf":{"@id":"https:\/\/diariofemenino.com.ar\/df\/#website"},"primaryImageOfPage":{"@id":"https:\/\/diariofemenino.com.ar\/df\/la-mitad-de-las-condenas-por-violencia-de-genero\/#primaryimage"},"image":{"@id":"https:\/\/diariofemenino.com.ar\/df\/la-mitad-de-las-condenas-por-violencia-de-genero\/#primaryimage"},"thumbnailUrl":"https:\/\/diariofemenino.com.ar\/df\/wp-content\/uploads\/2019\/11\/06-Publico-fiscale139cdbb.jpg","datePublished":"2019-11-19T18:49:27+00:00","description":"La mitad de las condenas, por violencia de g\u00e9neroMientras los defensores se quejan de lo que consideran cierto \u00abautomaticismo\u00bb","breadcrumb":{"@id":"https:\/\/diariofemenino.com.ar\/df\/la-mitad-de-las-condenas-por-violencia-de-genero\/#breadcrumb"},"inLanguage":"es","potentialAction":[{"@type":"ReadAction","target":["https:\/\/diariofemenino.com.ar\/df\/la-mitad-de-las-condenas-por-violencia-de-genero\/"]}]},{"@type":"ImageObject","inLanguage":"es","@id":"https:\/\/diariofemenino.com.ar\/df\/la-mitad-de-las-condenas-por-violencia-de-genero\/#primaryimage","url":"https:\/\/diariofemenino.com.ar\/df\/wp-content\/uploads\/2019\/11\/06-Publico-fiscale139cdbb.jpg","contentUrl":"https:\/\/diariofemenino.com.ar\/df\/wp-content\/uploads\/2019\/11\/06-Publico-fiscale139cdbb.jpg","width":696,"height":462},{"@type":"BreadcrumbList","@id":"https:\/\/diariofemenino.com.ar\/df\/la-mitad-de-las-condenas-por-violencia-de-genero\/#breadcrumb","itemListElement":[{"@type":"ListItem","position":1,"name":"Portada","item":"https:\/\/diariofemenino.com.ar\/df\/"},{"@type":"ListItem","position":2,"name":"La mitad de las condenas, por violencia de g\u00e9nero"}]},{"@type":"WebSite","@id":"https:\/\/diariofemenino.com.ar\/df\/#website","url":"https:\/\/diariofemenino.com.ar\/df\/","name":"Diario Digital Femenino","description":"Cuesti\u00f3n de G\u00e9nero","publisher":{"@id":"https:\/\/diariofemenino.com.ar\/df\/#organization"},"potentialAction":[{"@type":"SearchAction","target":{"@type":"EntryPoint","urlTemplate":"https:\/\/diariofemenino.com.ar\/df\/?s={search_term_string}"},"query-input":{"@type":"PropertyValueSpecification","valueRequired":true,"valueName":"search_term_string"}}],"inLanguage":"es"},{"@type":"Organization","@id":"https:\/\/diariofemenino.com.ar\/df\/#organization","name":"Diario Femenino","url":"https:\/\/diariofemenino.com.ar\/df\/","logo":{"@type":"ImageObject","inLanguage":"es","@id":"https:\/\/diariofemenino.com.ar\/df\/#\/schema\/logo\/image\/","url":"https:\/\/diariofemenino.com.ar\/df\/wp-content\/uploads\/2018\/10\/logo.png","contentUrl":"https:\/\/diariofemenino.com.ar\/df\/wp-content\/uploads\/2018\/10\/logo.png","width":500,"height":92,"caption":"Diario Femenino"},"image":{"@id":"https:\/\/diariofemenino.com.ar\/df\/#\/schema\/logo\/image\/"},"sameAs":["https:\/\/www.facebook.com\/DiarioDigitaFemenino\/","https:\/\/x.com\/DiarioFemenino1"]},{"@type":"Person","@id":"https:\/\/diariofemenino.com.ar\/df\/#\/schema\/person\/1c36bc3bf394d8ec320814298b4fdd3f","name":"Admin","image":{"@type":"ImageObject","inLanguage":"es","@id":"https:\/\/diariofemenino.com.ar\/df\/wp-content\/uploads\/2018\/12\/favicon-150x150.jpg","url":"https:\/\/diariofemenino.com.ar\/df\/wp-content\/uploads\/2018\/12\/favicon-150x150.jpg","contentUrl":"https:\/\/diariofemenino.com.ar\/df\/wp-content\/uploads\/2018\/12\/favicon-150x150.jpg","caption":"Admin"},"url":"https:\/\/diariofemenino.com.ar\/df\/author\/sofiperez\/"}]}},"jetpack_featured_media_url":"https:\/\/diariofemenino.com.ar\/df\/wp-content\/uploads\/2019\/11\/06-Publico-fiscale139cdbb.jpg","jetpack_sharing_enabled":true,"rttpg_featured_image_url":{"full":["https:\/\/diariofemenino.com.ar\/df\/wp-content\/uploads\/2019\/11\/06-Publico-fiscale139cdbb.jpg",696,462,false],"landscape":["https:\/\/diariofemenino.com.ar\/df\/wp-content\/uploads\/2019\/11\/06-Publico-fiscale139cdbb.jpg",696,462,false],"portraits":["https:\/\/diariofemenino.com.ar\/df\/wp-content\/uploads\/2019\/11\/06-Publico-fiscale139cdbb.jpg",696,462,false],"thumbnail":["https:\/\/diariofemenino.com.ar\/df\/wp-content\/uploads\/2019\/11\/06-Publico-fiscale139cdbb-150x150.jpg",150,150,true],"medium":["https:\/\/diariofemenino.com.ar\/df\/wp-content\/uploads\/2019\/11\/06-Publico-fiscale139cdbb-300x199.jpg",300,199,true],"large":["https:\/\/diariofemenino.com.ar\/df\/wp-content\/uploads\/2019\/11\/06-Publico-fiscale139cdbb.jpg",696,462,false],"1536x1536":["https:\/\/diariofemenino.com.ar\/df\/wp-content\/uploads\/2019\/11\/06-Publico-fiscale139cdbb.jpg",696,462,false],"2048x2048":["https:\/\/diariofemenino.com.ar\/df\/wp-content\/uploads\/2019\/11\/06-Publico-fiscale139cdbb.jpg",696,462,false]},"rttpg_author":{"display_name":"Admin","author_link":"https:\/\/diariofemenino.com.ar\/df\/author\/sofiperez\/"},"rttpg_comment":0,"rttpg_category":"<a href=\"https:\/\/diariofemenino.com.ar\/df\/category\/mujeres\/\" rel=\"category tag\">Mujeres<\/a> <a href=\"https:\/\/diariofemenino.com.ar\/df\/category\/violencias\/\" rel=\"category tag\">Violencias<\/a>","rttpg_excerpt":"La mitad de las condenas, por violencia de g\u00e9nero Mientras los defensores se quejan de lo que consideran cierto \u00abautomaticismo\u00bb de los tribunales para condenar a quienes son acusados por delitos relacionados con abusos sexuales y violencia de g\u00e9nero; los fiscales sostienen que los abogados \u00abhacen catarsis\u00bb y que eso es lo que expusieron en&hellip;","_links":{"self":[{"href":"https:\/\/diariofemenino.com.ar\/df\/wp-json\/wp\/v2\/posts\/43361","targetHints":{"allow":["GET"]}}],"collection":[{"href":"https:\/\/diariofemenino.com.ar\/df\/wp-json\/wp\/v2\/posts"}],"about":[{"href":"https:\/\/diariofemenino.com.ar\/df\/wp-json\/wp\/v2\/types\/post"}],"author":[{"embeddable":true,"href":"https:\/\/diariofemenino.com.ar\/df\/wp-json\/wp\/v2\/users\/3"}],"replies":[{"embeddable":true,"href":"https:\/\/diariofemenino.com.ar\/df\/wp-json\/wp\/v2\/comments?post=43361"}],"version-history":[{"count":0,"href":"https:\/\/diariofemenino.com.ar\/df\/wp-json\/wp\/v2\/posts\/43361\/revisions"}],"wp:featuredmedia":[{"embeddable":true,"href":"https:\/\/diariofemenino.com.ar\/df\/wp-json\/wp\/v2\/media\/43363"}],"wp:attachment":[{"href":"https:\/\/diariofemenino.com.ar\/df\/wp-json\/wp\/v2\/media?parent=43361"}],"wp:term":[{"taxonomy":"category","embeddable":true,"href":"https:\/\/diariofemenino.com.ar\/df\/wp-json\/wp\/v2\/categories?post=43361"},{"taxonomy":"post_tag","embeddable":true,"href":"https:\/\/diariofemenino.com.ar\/df\/wp-json\/wp\/v2\/tags?post=43361"}],"curies":[{"name":"wp","href":"https:\/\/api.w.org\/{rel}","templated":true}]}}