{"id":43357,"date":"2019-11-19T15:34:06","date_gmt":"2019-11-19T18:34:06","guid":{"rendered":"https:\/\/diariofemenino.com.ar\/?p=43357"},"modified":"2019-11-19T15:34:06","modified_gmt":"2019-11-19T18:34:06","slug":"dia-mundial-para-la-prevencion-del-abuso-infantil","status":"publish","type":"post","link":"https:\/\/diariofemenino.com.ar\/df\/dia-mundial-para-la-prevencion-del-abuso-infantil\/","title":{"rendered":"D\u00eda mundial para la Prevenci\u00f3n del Abuso Infantil"},"content":{"rendered":"<h2 class=\"lst-tituloNota\" style=\"text-align: center;\">D\u00eda mundial para la Prevenci\u00f3n del Abuso Infantil<\/h2>\n<p>Cada 19 de noviembre en todo el mundo se realizan actividades para <a href=\"https:\/\/diariofemenino.com.ar\/el-rol-de-la-comunicacion-en-la-prevencion-del-abuso-sexual-en-la-infancia\/\">visibilizar<\/a> y problematizar sobre diferentes tipos de <a href=\"https:\/\/diariofemenino.com.ar\/abuso-sexual-en-la-infancia-un-problema-de-genero-en-un-sistema-patriarcal\/\">abuso en las infancias<\/a>.<\/p>\n<p>El abuso contra les ni\u00f1es es probablemente una de las formas m\u00e1s crueles y repudiadas de la violencia. Sin distinci\u00f3n de raza o g\u00e9nero, alrededor del globo miles de ni\u00f1os ni\u00f1as y adolescentes son v\u00edctimas de actos violentos diarios, siendo el \u00e1mbito de crianza el principal escenario donde los mismos se reproducen.<\/p>\n<p>A pesar de los enormes avances que se produjeron en materia de derechos para las infancias desde el a\u00f1o 1959 \u2013 cuando se firm\u00f3 la Declaraci\u00f3n Universal de los Derechos del Ni\u00f1o \u2013 las crecientes desigualdades sociales y la ineficaz intervenci\u00f3n estatal en los \u00e1mbitos privados ponen de manifiesto un flagelo que no muestra retroceso alguno, y que con la madurez del capitalismo asume nuevas formas.<\/p>\n<p>Las golpizas; el abuso sexual; la hipersexualizaci\u00f3n de las infancias; el trabajo; la falta de educaci\u00f3n, salud y alimentaci\u00f3n son solo algunos de los tipos de violencia a los que millones de ni\u00f1es alrededor del mundo est\u00e1n expuestos todos los d\u00edas.<\/p>\n<p>En tanto, de la mano del aumento y diversificaci\u00f3n de la tecnolog\u00eda \u00a0en los \u00faltimos a\u00f1os tomaron relevancia nuevas formas de ataque tales como el acoso online (grooming) o la multiplicaci\u00f3n y distribuci\u00f3n de pornograf\u00eda infantil. Todas ellas conforman un delito penado en la mayor\u00eda de los pa\u00edses.<\/p>\n<p>Sin embargo, las pol\u00edticas punitivistas de los Estados distan de mostrarse eficaces a la hora de tratar el abuso en las infancias. Seg\u00fan estimaciones de la\u00a0Organizaci\u00f3n Mundial de la Salud, 1 de cada 5 ni\u00f1as y 1 de cada 13 ni\u00f1os son abusados sexualmente antes de los 18 a\u00f1os y solo el 10% de los casos son denunciados.<\/p>\n<p>En tanto, seg\u00fan UNICEF, cerca de 300 millones de ni\u00f1es son v\u00edctimas de alguna disciplina violenta y 1 de cada 4 menores de 5 a\u00f1os vive en un entorno donde su madre es v\u00edctima de violencia de g\u00e9nero. En ese marco, 1 de cada 4 cuidadores sostiene que el castigo f\u00edsico es necesario para la crianza.<\/p>\n<p>El mismo organismo revel\u00f3 que 151,6 millones de ni\u00f1os y ni\u00f1as son v\u00edctimas del trabajo infantil. Casi la mitad (72,5\u00a0millones) ejercen alguna de las\u00a0peores formas tales como esclavitud, trata,\u00a0trabajo forzoso o\u00a0reclutamiento para conflictos armados. Tambi\u00e9n estiman que alrededor de 150 millones de ni\u00f1os sufren retraso del crecimiento producto de la hambruna.<\/p>\n<p><strong>Intervenci\u00f3n de los Estados<\/strong><\/p>\n<p>Solo 60 pa\u00edses adoptaron alguna legislaci\u00f3n que proh\u00edba totalmente el castigo corporal contra los ni\u00f1os en el hogar y un n\u00famero similar lo hizo respecto a los \u00e1mbitos escolares. En ese marco es importante destacar que la Convenci\u00f3n de los Derechos del Ni\u00f1o, establece en su art\u00edculo 19 que es obligaci\u00f3n del Estado proteger a los ni\u00f1os de todas las formas de violencia y maltrato, que hayan hecho padres, madres o cualquier otra persona dedicado a su cuidado.<\/p>\n<p>Las cifras son alarmantes y el acompa\u00f1amiento estatal insuficiente. En la Agenda para el Desarrollo Sostenible 2030 se hace un llamamiento para poner fin a la violencia contra les ni\u00f1es y adolescentes.<\/p>\n<p>Seg\u00fan UNICEF, \u201cun paso crucial para lograr este imperativo universal es la movilizaci\u00f3n de la voluntad pol\u00edtica y la promoci\u00f3n de estrategias basadas en pruebas emp\u00edricas para abordar m\u00faltiples factores que contribuyen a la violencia, incluidas las normas sociales y culturales que condonan la violencia, la legislaci\u00f3n inadecuada, los servicios insuficientes para las v\u00edctimas y la escases de inversiones en sistemas efectivos de prevenci\u00f3n\u201d.<\/p>\n<p>En ese marco, entre los mecanismos de prevenci\u00f3n m\u00e1s efectivos y de mayor facilidad de aplicaci\u00f3n toma principal relevancia la educaci\u00f3n. A pesar de la reticencia de los Estados, la ense\u00f1anza contra la violencia machista debe comenzar en las primeras etapas de la vida, mediante la educaci\u00f3n de los ni\u00f1os y las ni\u00f1as que promueva las relaciones de respeto propio y la igualdad entre los g\u00e9neros.<\/p>\n<p>En tanto, especialistas en educaci\u00f3n advierten que el primer paso para la identificaci\u00f3n de cualquier tipo de violencia en las infancias es la escucha a las v\u00edctimas y la creencia en su relato.<\/p>\n<p>De la mano de la escucha est\u00e1 el habla. El <a href=\"https:\/\/diariofemenino.com.ar\/prevenir-el-abuso-sexual-en-la-infancia\/\">di\u00e1logo con las infancias es crucial<\/a> para detectar qu\u00e9 necesidades atraviesan y c\u00f3mo intervenir. En\u00a0 ese marco, le adulte debe reconocer cu\u00e1les son sus propias limitaciones y buscar ayuda profesional.<\/p>\n<p><em><strong>Si conoc\u00e9s a alguien que est\u00e1 atravesando situaciones de abuso o violencia pod\u00e9s comunicarte de manera gratuita al 0800-222-1717.<\/strong><\/em><\/p>\n<p>&nbsp;<\/p>\n<p>Fuente: <a href=\"https:\/\/notasperiodismopopular.com.ar\/2019\/11\/19\/dia-mundial-contra-el-abuso-infantil\/\">Notas Periodismo Popular<\/a><\/p>\n","protected":false},"excerpt":{"rendered":"<p>D\u00eda mundial para la Prevenci\u00f3n del Abuso Infantil Cada 19 de noviembre en todo el mundo se realizan actividades para visibilizar y problematizar sobre diferentes tipos de abuso en las infancias. El abuso contra les ni\u00f1es es probablemente una de las formas m\u00e1s crueles y repudiadas de la violencia. Sin distinci\u00f3n de raza o g\u00e9nero, [&hellip;]<\/p>\n","protected":false},"author":3,"featured_media":43359,"comment_status":"open","ping_status":"open","sticky":false,"template":"","format":"standard","meta":{"iawp_total_views":90,"footnotes":""},"categories":[581,592],"tags":[27,477,102],"class_list":["post-43357","post","type-post","status-publish","format-standard","has-post-thumbnail","hentry","category-azul-profundo","category-violencias","tag-abuso","tag-abuso-sexual-en-la-infancia","tag-ninez-y-adolescencia"],"nelio_content":{"autoShareEndMode":"never","automationSources":{"useCustomSentences":false,"customSentences":[]},"efiAlt":"","efiUrl":"","followers":[3],"highlights":[],"isAutoShareEnabled":true,"networkImageIds":[],"permalinkQueryArgs":[],"series":[],"suggestedReferences":[]},"yoast_head":"<!-- This site is optimized with the Yoast SEO plugin v27.5 - https:\/\/yoast.com\/product\/yoast-seo-wordpress\/ -->\n<title>D\u00eda mundial para la Prevenci\u00f3n del Abuso Infantil - Diario Digital Femenino<\/title>\n<meta name=\"description\" content=\"D\u00eda mundial para la Prevenci\u00f3n del Abuso InfantilCada 19 de noviembre en todo el mundo se realizan actividades para visibilizar y problematizar sobre\" \/>\n<meta name=\"robots\" content=\"index, follow, max-snippet:-1, max-image-preview:large, max-video-preview:-1\" \/>\n<link rel=\"canonical\" href=\"https:\/\/diariofemenino.com.ar\/df\/dia-mundial-para-la-prevencion-del-abuso-infantil\/\" \/>\n<meta property=\"og:locale\" content=\"es_ES\" \/>\n<meta property=\"og:type\" content=\"article\" \/>\n<meta property=\"og:title\" content=\"D\u00eda mundial para la Prevenci\u00f3n del Abuso Infantil - Diario Digital Femenino\" \/>\n<meta property=\"og:description\" content=\"D\u00eda mundial para la Prevenci\u00f3n del Abuso InfantilCada 19 de noviembre en todo el mundo se realizan actividades para visibilizar y problematizar sobre\" \/>\n<meta property=\"og:url\" content=\"https:\/\/diariofemenino.com.ar\/df\/dia-mundial-para-la-prevencion-del-abuso-infantil\/\" \/>\n<meta property=\"og:site_name\" content=\"Diario Digital Femenino\" \/>\n<meta property=\"article:publisher\" content=\"https:\/\/www.facebook.com\/DiarioDigitaFemenino\/\" \/>\n<meta property=\"article:published_time\" content=\"2019-11-19T18:34:06+00:00\" \/>\n<meta property=\"og:image\" content=\"https:\/\/diariofemenino.com.ar\/df\/wp-content\/uploads\/2019\/11\/maltrato-infantil.jpg\" \/>\n\t<meta property=\"og:image:width\" content=\"855\" \/>\n\t<meta property=\"og:image:height\" content=\"458\" \/>\n\t<meta property=\"og:image:type\" content=\"image\/jpeg\" \/>\n<meta name=\"author\" content=\"Admin\" \/>\n<meta name=\"twitter:card\" content=\"summary_large_image\" \/>\n<meta name=\"twitter:creator\" content=\"@DiarioFemenino1\" \/>\n<meta name=\"twitter:site\" content=\"@DiarioFemenino1\" \/>\n<meta name=\"twitter:label1\" content=\"Escrito por\" \/>\n\t<meta name=\"twitter:data1\" content=\"Admin\" \/>\n\t<meta name=\"twitter:label2\" content=\"Tiempo de lectura\" \/>\n\t<meta name=\"twitter:data2\" content=\"4 minutos\" \/>\n<script type=\"application\/ld+json\" class=\"yoast-schema-graph\">{\"@context\":\"https:\\\/\\\/schema.org\",\"@graph\":[{\"@type\":\"Article\",\"@id\":\"https:\\\/\\\/diariofemenino.com.ar\\\/df\\\/dia-mundial-para-la-prevencion-del-abuso-infantil\\\/#article\",\"isPartOf\":{\"@id\":\"https:\\\/\\\/diariofemenino.com.ar\\\/df\\\/dia-mundial-para-la-prevencion-del-abuso-infantil\\\/\"},\"author\":{\"name\":\"Admin\",\"@id\":\"https:\\\/\\\/diariofemenino.com.ar\\\/df\\\/#\\\/schema\\\/person\\\/1c36bc3bf394d8ec320814298b4fdd3f\"},\"headline\":\"D\u00eda mundial para la Prevenci\u00f3n del Abuso Infantil\",\"datePublished\":\"2019-11-19T18:34:06+00:00\",\"mainEntityOfPage\":{\"@id\":\"https:\\\/\\\/diariofemenino.com.ar\\\/df\\\/dia-mundial-para-la-prevencion-del-abuso-infantil\\\/\"},\"wordCount\":822,\"commentCount\":0,\"publisher\":{\"@id\":\"https:\\\/\\\/diariofemenino.com.ar\\\/df\\\/#organization\"},\"image\":{\"@id\":\"https:\\\/\\\/diariofemenino.com.ar\\\/df\\\/dia-mundial-para-la-prevencion-del-abuso-infantil\\\/#primaryimage\"},\"thumbnailUrl\":\"https:\\\/\\\/diariofemenino.com.ar\\\/df\\\/wp-content\\\/uploads\\\/2019\\\/11\\\/maltrato-infantil.jpg\",\"keywords\":[\"Abuso\",\"Abuso sexual en la infancia\",\"Ni\u00f1ez y Adolescencia\"],\"articleSection\":[\"Azul Profundo\",\"Violencias\"],\"inLanguage\":\"es\",\"potentialAction\":[{\"@type\":\"CommentAction\",\"name\":\"Comment\",\"target\":[\"https:\\\/\\\/diariofemenino.com.ar\\\/df\\\/dia-mundial-para-la-prevencion-del-abuso-infantil\\\/#respond\"]}]},{\"@type\":\"WebPage\",\"@id\":\"https:\\\/\\\/diariofemenino.com.ar\\\/df\\\/dia-mundial-para-la-prevencion-del-abuso-infantil\\\/\",\"url\":\"https:\\\/\\\/diariofemenino.com.ar\\\/df\\\/dia-mundial-para-la-prevencion-del-abuso-infantil\\\/\",\"name\":\"D\u00eda mundial para la Prevenci\u00f3n del Abuso Infantil - Diario Digital Femenino\",\"isPartOf\":{\"@id\":\"https:\\\/\\\/diariofemenino.com.ar\\\/df\\\/#website\"},\"primaryImageOfPage\":{\"@id\":\"https:\\\/\\\/diariofemenino.com.ar\\\/df\\\/dia-mundial-para-la-prevencion-del-abuso-infantil\\\/#primaryimage\"},\"image\":{\"@id\":\"https:\\\/\\\/diariofemenino.com.ar\\\/df\\\/dia-mundial-para-la-prevencion-del-abuso-infantil\\\/#primaryimage\"},\"thumbnailUrl\":\"https:\\\/\\\/diariofemenino.com.ar\\\/df\\\/wp-content\\\/uploads\\\/2019\\\/11\\\/maltrato-infantil.jpg\",\"datePublished\":\"2019-11-19T18:34:06+00:00\",\"description\":\"D\u00eda mundial para la Prevenci\u00f3n del Abuso InfantilCada 19 de noviembre en todo el mundo se realizan actividades para visibilizar y problematizar sobre\",\"breadcrumb\":{\"@id\":\"https:\\\/\\\/diariofemenino.com.ar\\\/df\\\/dia-mundial-para-la-prevencion-del-abuso-infantil\\\/#breadcrumb\"},\"inLanguage\":\"es\",\"potentialAction\":[{\"@type\":\"ReadAction\",\"target\":[\"https:\\\/\\\/diariofemenino.com.ar\\\/df\\\/dia-mundial-para-la-prevencion-del-abuso-infantil\\\/\"]}]},{\"@type\":\"ImageObject\",\"inLanguage\":\"es\",\"@id\":\"https:\\\/\\\/diariofemenino.com.ar\\\/df\\\/dia-mundial-para-la-prevencion-del-abuso-infantil\\\/#primaryimage\",\"url\":\"https:\\\/\\\/diariofemenino.com.ar\\\/df\\\/wp-content\\\/uploads\\\/2019\\\/11\\\/maltrato-infantil.jpg\",\"contentUrl\":\"https:\\\/\\\/diariofemenino.com.ar\\\/df\\\/wp-content\\\/uploads\\\/2019\\\/11\\\/maltrato-infantil.jpg\",\"width\":855,\"height\":458},{\"@type\":\"BreadcrumbList\",\"@id\":\"https:\\\/\\\/diariofemenino.com.ar\\\/df\\\/dia-mundial-para-la-prevencion-del-abuso-infantil\\\/#breadcrumb\",\"itemListElement\":[{\"@type\":\"ListItem\",\"position\":1,\"name\":\"Portada\",\"item\":\"https:\\\/\\\/diariofemenino.com.ar\\\/df\\\/\"},{\"@type\":\"ListItem\",\"position\":2,\"name\":\"D\u00eda mundial para la Prevenci\u00f3n del Abuso Infantil\"}]},{\"@type\":\"WebSite\",\"@id\":\"https:\\\/\\\/diariofemenino.com.ar\\\/df\\\/#website\",\"url\":\"https:\\\/\\\/diariofemenino.com.ar\\\/df\\\/\",\"name\":\"Diario Digital Femenino\",\"description\":\"Cuesti\u00f3n de G\u00e9nero\",\"publisher\":{\"@id\":\"https:\\\/\\\/diariofemenino.com.ar\\\/df\\\/#organization\"},\"potentialAction\":[{\"@type\":\"SearchAction\",\"target\":{\"@type\":\"EntryPoint\",\"urlTemplate\":\"https:\\\/\\\/diariofemenino.com.ar\\\/df\\\/?s={search_term_string}\"},\"query-input\":{\"@type\":\"PropertyValueSpecification\",\"valueRequired\":true,\"valueName\":\"search_term_string\"}}],\"inLanguage\":\"es\"},{\"@type\":\"Organization\",\"@id\":\"https:\\\/\\\/diariofemenino.com.ar\\\/df\\\/#organization\",\"name\":\"Diario Femenino\",\"url\":\"https:\\\/\\\/diariofemenino.com.ar\\\/df\\\/\",\"logo\":{\"@type\":\"ImageObject\",\"inLanguage\":\"es\",\"@id\":\"https:\\\/\\\/diariofemenino.com.ar\\\/df\\\/#\\\/schema\\\/logo\\\/image\\\/\",\"url\":\"https:\\\/\\\/diariofemenino.com.ar\\\/df\\\/wp-content\\\/uploads\\\/2018\\\/10\\\/logo.png\",\"contentUrl\":\"https:\\\/\\\/diariofemenino.com.ar\\\/df\\\/wp-content\\\/uploads\\\/2018\\\/10\\\/logo.png\",\"width\":500,\"height\":92,\"caption\":\"Diario Femenino\"},\"image\":{\"@id\":\"https:\\\/\\\/diariofemenino.com.ar\\\/df\\\/#\\\/schema\\\/logo\\\/image\\\/\"},\"sameAs\":[\"https:\\\/\\\/www.facebook.com\\\/DiarioDigitaFemenino\\\/\",\"https:\\\/\\\/x.com\\\/DiarioFemenino1\"]},{\"@type\":\"Person\",\"@id\":\"https:\\\/\\\/diariofemenino.com.ar\\\/df\\\/#\\\/schema\\\/person\\\/1c36bc3bf394d8ec320814298b4fdd3f\",\"name\":\"Admin\",\"image\":{\"@type\":\"ImageObject\",\"inLanguage\":\"es\",\"@id\":\"https:\\\/\\\/diariofemenino.com.ar\\\/df\\\/wp-content\\\/uploads\\\/2018\\\/12\\\/favicon-150x150.jpg\",\"url\":\"https:\\\/\\\/diariofemenino.com.ar\\\/df\\\/wp-content\\\/uploads\\\/2018\\\/12\\\/favicon-150x150.jpg\",\"contentUrl\":\"https:\\\/\\\/diariofemenino.com.ar\\\/df\\\/wp-content\\\/uploads\\\/2018\\\/12\\\/favicon-150x150.jpg\",\"caption\":\"Admin\"},\"url\":\"https:\\\/\\\/diariofemenino.com.ar\\\/df\\\/author\\\/sofiperez\\\/\"}]}<\/script>\n<!-- \/ Yoast SEO plugin. -->","yoast_head_json":{"title":"D\u00eda mundial para la Prevenci\u00f3n del Abuso Infantil - Diario Digital Femenino","description":"D\u00eda mundial para la Prevenci\u00f3n del Abuso InfantilCada 19 de noviembre en todo el mundo se realizan actividades para visibilizar y problematizar sobre","robots":{"index":"index","follow":"follow","max-snippet":"max-snippet:-1","max-image-preview":"max-image-preview:large","max-video-preview":"max-video-preview:-1"},"canonical":"https:\/\/diariofemenino.com.ar\/df\/dia-mundial-para-la-prevencion-del-abuso-infantil\/","og_locale":"es_ES","og_type":"article","og_title":"D\u00eda mundial para la Prevenci\u00f3n del Abuso Infantil - Diario Digital Femenino","og_description":"D\u00eda mundial para la Prevenci\u00f3n del Abuso InfantilCada 19 de noviembre en todo el mundo se realizan actividades para visibilizar y problematizar sobre","og_url":"https:\/\/diariofemenino.com.ar\/df\/dia-mundial-para-la-prevencion-del-abuso-infantil\/","og_site_name":"Diario Digital Femenino","article_publisher":"https:\/\/www.facebook.com\/DiarioDigitaFemenino\/","article_published_time":"2019-11-19T18:34:06+00:00","og_image":[{"width":855,"height":458,"url":"https:\/\/diariofemenino.com.ar\/df\/wp-content\/uploads\/2019\/11\/maltrato-infantil.jpg","type":"image\/jpeg"}],"author":"Admin","twitter_card":"summary_large_image","twitter_creator":"@DiarioFemenino1","twitter_site":"@DiarioFemenino1","twitter_misc":{"Escrito por":"Admin","Tiempo de lectura":"4 minutos"},"schema":{"@context":"https:\/\/schema.org","@graph":[{"@type":"Article","@id":"https:\/\/diariofemenino.com.ar\/df\/dia-mundial-para-la-prevencion-del-abuso-infantil\/#article","isPartOf":{"@id":"https:\/\/diariofemenino.com.ar\/df\/dia-mundial-para-la-prevencion-del-abuso-infantil\/"},"author":{"name":"Admin","@id":"https:\/\/diariofemenino.com.ar\/df\/#\/schema\/person\/1c36bc3bf394d8ec320814298b4fdd3f"},"headline":"D\u00eda mundial para la Prevenci\u00f3n del Abuso Infantil","datePublished":"2019-11-19T18:34:06+00:00","mainEntityOfPage":{"@id":"https:\/\/diariofemenino.com.ar\/df\/dia-mundial-para-la-prevencion-del-abuso-infantil\/"},"wordCount":822,"commentCount":0,"publisher":{"@id":"https:\/\/diariofemenino.com.ar\/df\/#organization"},"image":{"@id":"https:\/\/diariofemenino.com.ar\/df\/dia-mundial-para-la-prevencion-del-abuso-infantil\/#primaryimage"},"thumbnailUrl":"https:\/\/diariofemenino.com.ar\/df\/wp-content\/uploads\/2019\/11\/maltrato-infantil.jpg","keywords":["Abuso","Abuso sexual en la infancia","Ni\u00f1ez y Adolescencia"],"articleSection":["Azul Profundo","Violencias"],"inLanguage":"es","potentialAction":[{"@type":"CommentAction","name":"Comment","target":["https:\/\/diariofemenino.com.ar\/df\/dia-mundial-para-la-prevencion-del-abuso-infantil\/#respond"]}]},{"@type":"WebPage","@id":"https:\/\/diariofemenino.com.ar\/df\/dia-mundial-para-la-prevencion-del-abuso-infantil\/","url":"https:\/\/diariofemenino.com.ar\/df\/dia-mundial-para-la-prevencion-del-abuso-infantil\/","name":"D\u00eda mundial para la Prevenci\u00f3n del Abuso Infantil - Diario Digital Femenino","isPartOf":{"@id":"https:\/\/diariofemenino.com.ar\/df\/#website"},"primaryImageOfPage":{"@id":"https:\/\/diariofemenino.com.ar\/df\/dia-mundial-para-la-prevencion-del-abuso-infantil\/#primaryimage"},"image":{"@id":"https:\/\/diariofemenino.com.ar\/df\/dia-mundial-para-la-prevencion-del-abuso-infantil\/#primaryimage"},"thumbnailUrl":"https:\/\/diariofemenino.com.ar\/df\/wp-content\/uploads\/2019\/11\/maltrato-infantil.jpg","datePublished":"2019-11-19T18:34:06+00:00","description":"D\u00eda mundial para la Prevenci\u00f3n del Abuso InfantilCada 19 de noviembre en todo el mundo se realizan actividades para visibilizar y problematizar sobre","breadcrumb":{"@id":"https:\/\/diariofemenino.com.ar\/df\/dia-mundial-para-la-prevencion-del-abuso-infantil\/#breadcrumb"},"inLanguage":"es","potentialAction":[{"@type":"ReadAction","target":["https:\/\/diariofemenino.com.ar\/df\/dia-mundial-para-la-prevencion-del-abuso-infantil\/"]}]},{"@type":"ImageObject","inLanguage":"es","@id":"https:\/\/diariofemenino.com.ar\/df\/dia-mundial-para-la-prevencion-del-abuso-infantil\/#primaryimage","url":"https:\/\/diariofemenino.com.ar\/df\/wp-content\/uploads\/2019\/11\/maltrato-infantil.jpg","contentUrl":"https:\/\/diariofemenino.com.ar\/df\/wp-content\/uploads\/2019\/11\/maltrato-infantil.jpg","width":855,"height":458},{"@type":"BreadcrumbList","@id":"https:\/\/diariofemenino.com.ar\/df\/dia-mundial-para-la-prevencion-del-abuso-infantil\/#breadcrumb","itemListElement":[{"@type":"ListItem","position":1,"name":"Portada","item":"https:\/\/diariofemenino.com.ar\/df\/"},{"@type":"ListItem","position":2,"name":"D\u00eda mundial para la Prevenci\u00f3n del Abuso Infantil"}]},{"@type":"WebSite","@id":"https:\/\/diariofemenino.com.ar\/df\/#website","url":"https:\/\/diariofemenino.com.ar\/df\/","name":"Diario Digital Femenino","description":"Cuesti\u00f3n de G\u00e9nero","publisher":{"@id":"https:\/\/diariofemenino.com.ar\/df\/#organization"},"potentialAction":[{"@type":"SearchAction","target":{"@type":"EntryPoint","urlTemplate":"https:\/\/diariofemenino.com.ar\/df\/?s={search_term_string}"},"query-input":{"@type":"PropertyValueSpecification","valueRequired":true,"valueName":"search_term_string"}}],"inLanguage":"es"},{"@type":"Organization","@id":"https:\/\/diariofemenino.com.ar\/df\/#organization","name":"Diario Femenino","url":"https:\/\/diariofemenino.com.ar\/df\/","logo":{"@type":"ImageObject","inLanguage":"es","@id":"https:\/\/diariofemenino.com.ar\/df\/#\/schema\/logo\/image\/","url":"https:\/\/diariofemenino.com.ar\/df\/wp-content\/uploads\/2018\/10\/logo.png","contentUrl":"https:\/\/diariofemenino.com.ar\/df\/wp-content\/uploads\/2018\/10\/logo.png","width":500,"height":92,"caption":"Diario Femenino"},"image":{"@id":"https:\/\/diariofemenino.com.ar\/df\/#\/schema\/logo\/image\/"},"sameAs":["https:\/\/www.facebook.com\/DiarioDigitaFemenino\/","https:\/\/x.com\/DiarioFemenino1"]},{"@type":"Person","@id":"https:\/\/diariofemenino.com.ar\/df\/#\/schema\/person\/1c36bc3bf394d8ec320814298b4fdd3f","name":"Admin","image":{"@type":"ImageObject","inLanguage":"es","@id":"https:\/\/diariofemenino.com.ar\/df\/wp-content\/uploads\/2018\/12\/favicon-150x150.jpg","url":"https:\/\/diariofemenino.com.ar\/df\/wp-content\/uploads\/2018\/12\/favicon-150x150.jpg","contentUrl":"https:\/\/diariofemenino.com.ar\/df\/wp-content\/uploads\/2018\/12\/favicon-150x150.jpg","caption":"Admin"},"url":"https:\/\/diariofemenino.com.ar\/df\/author\/sofiperez\/"}]}},"jetpack_featured_media_url":"https:\/\/diariofemenino.com.ar\/df\/wp-content\/uploads\/2019\/11\/maltrato-infantil.jpg","jetpack_sharing_enabled":true,"rttpg_featured_image_url":{"full":["https:\/\/diariofemenino.com.ar\/df\/wp-content\/uploads\/2019\/11\/maltrato-infantil.jpg",855,458,false],"landscape":["https:\/\/diariofemenino.com.ar\/df\/wp-content\/uploads\/2019\/11\/maltrato-infantil.jpg",855,458,false],"portraits":["https:\/\/diariofemenino.com.ar\/df\/wp-content\/uploads\/2019\/11\/maltrato-infantil.jpg",855,458,false],"thumbnail":["https:\/\/diariofemenino.com.ar\/df\/wp-content\/uploads\/2019\/11\/maltrato-infantil-150x150.jpg",150,150,true],"medium":["https:\/\/diariofemenino.com.ar\/df\/wp-content\/uploads\/2019\/11\/maltrato-infantil-300x161.jpg",300,161,true],"large":["https:\/\/diariofemenino.com.ar\/df\/wp-content\/uploads\/2019\/11\/maltrato-infantil.jpg",855,458,false],"1536x1536":["https:\/\/diariofemenino.com.ar\/df\/wp-content\/uploads\/2019\/11\/maltrato-infantil.jpg",855,458,false],"2048x2048":["https:\/\/diariofemenino.com.ar\/df\/wp-content\/uploads\/2019\/11\/maltrato-infantil.jpg",855,458,false]},"rttpg_author":{"display_name":"Admin","author_link":"https:\/\/diariofemenino.com.ar\/df\/author\/sofiperez\/"},"rttpg_comment":0,"rttpg_category":"<a href=\"https:\/\/diariofemenino.com.ar\/df\/category\/azul-profundo\/\" rel=\"category tag\">Azul Profundo<\/a> <a href=\"https:\/\/diariofemenino.com.ar\/df\/category\/violencias\/\" rel=\"category tag\">Violencias<\/a>","rttpg_excerpt":"D\u00eda mundial para la Prevenci\u00f3n del Abuso Infantil Cada 19 de noviembre en todo el mundo se realizan actividades para visibilizar y problematizar sobre diferentes tipos de abuso en las infancias. El abuso contra les ni\u00f1es es probablemente una de las formas m\u00e1s crueles y repudiadas de la violencia. Sin distinci\u00f3n de raza o g\u00e9nero,&hellip;","_links":{"self":[{"href":"https:\/\/diariofemenino.com.ar\/df\/wp-json\/wp\/v2\/posts\/43357","targetHints":{"allow":["GET"]}}],"collection":[{"href":"https:\/\/diariofemenino.com.ar\/df\/wp-json\/wp\/v2\/posts"}],"about":[{"href":"https:\/\/diariofemenino.com.ar\/df\/wp-json\/wp\/v2\/types\/post"}],"author":[{"embeddable":true,"href":"https:\/\/diariofemenino.com.ar\/df\/wp-json\/wp\/v2\/users\/3"}],"replies":[{"embeddable":true,"href":"https:\/\/diariofemenino.com.ar\/df\/wp-json\/wp\/v2\/comments?post=43357"}],"version-history":[{"count":0,"href":"https:\/\/diariofemenino.com.ar\/df\/wp-json\/wp\/v2\/posts\/43357\/revisions"}],"wp:featuredmedia":[{"embeddable":true,"href":"https:\/\/diariofemenino.com.ar\/df\/wp-json\/wp\/v2\/media\/43359"}],"wp:attachment":[{"href":"https:\/\/diariofemenino.com.ar\/df\/wp-json\/wp\/v2\/media?parent=43357"}],"wp:term":[{"taxonomy":"category","embeddable":true,"href":"https:\/\/diariofemenino.com.ar\/df\/wp-json\/wp\/v2\/categories?post=43357"},{"taxonomy":"post_tag","embeddable":true,"href":"https:\/\/diariofemenino.com.ar\/df\/wp-json\/wp\/v2\/tags?post=43357"}],"curies":[{"name":"wp","href":"https:\/\/api.w.org\/{rel}","templated":true}]}}