{"id":43353,"date":"2019-11-19T15:25:29","date_gmt":"2019-11-19T18:25:29","guid":{"rendered":"https:\/\/diariofemenino.com.ar\/?p=43353"},"modified":"2019-11-19T15:25:29","modified_gmt":"2019-11-19T18:25:29","slug":"silvia-gallego-dice-que-la-ley-de-paridad-es-una-ley-de-vacancia","status":"publish","type":"post","link":"https:\/\/diariofemenino.com.ar\/df\/silvia-gallego-dice-que-la-ley-de-paridad-es-una-ley-de-vacancia\/","title":{"rendered":"Silvia Gallego dice que la ley de Paridad es una \u00abley de vacancia\u00bb"},"content":{"rendered":"<h2 style=\"text-align: center;\">Silvia Gallego dice que la ley de <a href=\"https:\/\/diariofemenino.com.ar\/paridad-de-genero\/\">Paridad<\/a> es una \u00abley de vacancia\u00bb<\/h2>\n<p>La ex senadora nacional Silvia Gallego se mostr\u00f3 \u00abpreocupada\u00bb por el proyecto de ley de paridad que se est\u00e1 discutiendo en la Legislatura provincial y consider\u00f3 que \u00abm\u00e1s que una ley de paridad es una ley de vacancia\u00bb.<br \/>\nActualmente, en la C\u00e1mara de Diputados se est\u00e1 debatiendo el proyecto de ley que envi\u00f3 el Ejecutivo Provincial y que contempla la modificaci\u00f3n de diversos art\u00edculos de las Leyes 1593 y 2042, con el objetivo de aumentar la paridad de g\u00e9nero en los cargos electivos en la C\u00e1mara de Diputados.<br \/>\nEn ese sentido, la ex ministra de Bienestar Social, diputada provincial y senadora, Silvia Gallego, se mostr\u00f3 \u00abpreocupada\u00bb por el proyecto \u00abporque m\u00e1s que una ley de paridad, si la le\u00e9s detenidamente, es una ley de vacancia\u00bb. A su vez, opin\u00f3 que el texto de la normativa \u00abda la sensaci\u00f3n que en realidad la paridad viene como un agregado reci\u00e9n al finalizar el texto de la ley\u00bb.<br \/>\n\u00abPara las mujeres que hemos luchado tanto por el tema de g\u00e9nero, hablar de <a href=\"https:\/\/diariofemenino.com.ar\/paridad-de-genero-cuantos-varones-y-cuantas-mujeres-encabezan-las-listas-de-diputados-en-las-paso\/\">paridad<\/a> es hablar de un tema muy sensible, que quiere decir romper el techo de cristal que de alguna manera se instal\u00f3 con el cupo del 30 % para poder llegar a tener paridad en los espacios de poder\u00bb, agreg\u00f3 en di\u00e1logo con LA ARENA.<br \/>\nSin embargo, para Gallego la cuesti\u00f3n principal \u00abqueda absolutamente escondido en la ley, m\u00e1s que una ley de paridad es una ley que est\u00e1 hecha con nombre y apellido. Pareciera que esta m\u00e1s dirigida a salvar una situaci\u00f3n espec\u00edfica que se podr\u00eda llegar a dar en la provincia en un corto plazo, con la nueva composici\u00f3n de la C\u00e1mara\u00bb.<\/p>\n<h3>\u00abDeber\u00eda mejorarse\u00bb.<\/h3>\n<p>Gallego lament\u00f3 \u00abque se est\u00e9 trabajando ese texto\u00bb y afirm\u00f3 que \u00abdebiera mejorarse claramente para poner de relieve lo que es la importancia de la paridad\u00bb.<br \/>\nLa ex legisladora indic\u00f3 que \u00abquien la redact\u00f3 tuvo el mal tino de empezar por el rev\u00e9s. En vez de empezar por el tema de la paridad, empieza con el tema de la vacancia\u00bb. Por estos motivos, consider\u00f3 que \u00abes m\u00e1s una ley con una finalidad distinta, que es la de salvar la supuesta vacancia que podr\u00eda llegar a producirse en la nueva composici\u00f3n de la C\u00e1mara, lo cual me parece terrible\u00bb.<br \/>\nPara Gallego, la normativa parece que \u00abtiene destinatarios\u00bb, algo que \u00abnunca se debe hacer con la legislaci\u00f3n. Nunca se debe legislar para un caso en particular, se debe legislar para la generalidad de la sociedad o de un sector, pero no para una persona\u00bb.<\/p>\n<h3>Sugerencias.<\/h3>\n<p>Adem\u00e1s, consider\u00f3 que \u00abel texto tiene fallas muy importantes\u00bb, desde \u00abel lenguaje\u00bb a la forma de \u00abencarar la redacci\u00f3n\u00bb. Incluso, opin\u00f3 que \u00abel objetivo que debiera ser la paridad queda muy escondido en el ante\u00faltimo art\u00edculo, donde reci\u00e9n aparece el tema de la paridad\u00bb.<br \/>\nAnte esto, precis\u00f3 que acerc\u00f3 \u00abalgunas ideas al presidente del Bloque del PJ, que creo que es donde tengo que hacerlo, y espero que en la comisi\u00f3n se reciban opiniones de mujeres y de organizaciones de mujeres que La Pampa tiene y que han trabajado el tema de g\u00e9nero\u00bb.<br \/>\nGallego remarc\u00f3 que el proyecto de ley \u00abcarece de perspectiva de g\u00e9nero, desde el lenguaje, a c\u00f3mo esta tratada y organizada la ley carece absolutamente de la perspectiva de g\u00e9nero que tiene la paridad. Sino no se entiende que empecemos con el final, la ley empieza con lo que debiera ser el final\u00bb.<br \/>\nSin embargo, espera que \u00abesto se pueda modificar\u00bb y que \u00abse le de una mirada distinta y que no termine siendo una ley que va destinada a suplir una posible renuncia de una candidata para entorpecer la llegada de otra candidata\u00bb.<\/p>\n<h3>\u00bfY los partidos pol\u00edticos?<\/h3>\n<p>Por otro lado, cuestion\u00f3 que el proyecto de ley \u00abno habla nada de los partidos pol\u00edticos. La paridad sin hablar de los cuerpos org\u00e1nicos de los partidos pol\u00edticos es un poco raro\u00bb.<br \/>\nSeg\u00fan la ex legisladora, la iniciativa \u00abno da instrucciones precisas al interior de los partidos, de las cartas org\u00e1nicas. Si no se modifican garantizando la paridad en los cargos electorales, las mujeres siempre estar\u00e1n en segundo t\u00e9rmino en niveles de prioridad y ser\u00e1 muy dif\u00edcil cristalizar en las listas oficiales de los partidos mujeres que tengan verdadera militancia\u00bb.<br \/>\n\u00abEsto tiene que ver con todo tipo de organizaci\u00f3n\u00bb, donde las mujeres deber\u00edan tener \u00abel espacio que les corresponde\u00bb porque \u00absomos la mitad de la sociedad\u00bb. \u00abY hoy nadie puede arrogarse la facultad de decir que la mitad de la sociedad no est\u00e1 apta para participar de los temas p\u00fablicas del Estado\u00bb, afirm\u00f3.<br \/>\n\u00abYa que hemos planteado la paridad en los cuerpos electivos de la organizaci\u00f3n provincial, esto es concejos deliberantes, comisiones de fomento y listas de diputados, debiera ser en todos los \u00e1mbitos\u00bb, continu\u00f3.<br \/>\n\u00abDeber\u00eda tener una mirada espec\u00edfica hac\u00eda los partidos pol\u00edticos, porque tambi\u00e9n debieran tener en sus cuerpos colegiados una estructura paritaria porque es la \u00fanica manera de hacer que las mujeres crezcan, se formen y se capaciten precisamente en el tema de la funci\u00f3n p\u00fablica\u00bb, complet\u00f3.<\/p>\n<p>&nbsp;<\/p>\n<p>Fuente: <a href=\"http:\/\/www.laarena.com.ar\/la_pampa-silvia-gallego-dice-que-la-ley-de-paridad-es-una-ley-de-vacancia-2084801-163.html\">La Arena<\/a><\/p>\n","protected":false},"excerpt":{"rendered":"<p>Silvia Gallego dice que la ley de Paridad es una \u00abley de vacancia\u00bb La ex senadora nacional Silvia Gallego se mostr\u00f3 \u00abpreocupada\u00bb por el proyecto de ley de paridad que se est\u00e1 discutiendo en la Legislatura provincial y consider\u00f3 que \u00abm\u00e1s que una ley de paridad es una ley de vacancia\u00bb. Actualmente, en la C\u00e1mara [&hellip;]<\/p>\n","protected":false},"author":3,"featured_media":43355,"comment_status":"open","ping_status":"open","sticky":false,"template":"","format":"standard","meta":{"iawp_total_views":8,"footnotes":""},"categories":[21],"tags":[130,1311,44],"class_list":["post-43353","post","type-post","status-publish","format-standard","has-post-thumbnail","hentry","category-noticias","tag-mujeres","tag-paridad-de-genero","tag-politica"],"nelio_content":{"autoShareEndMode":"never","automationSources":{"useCustomSentences":false,"customSentences":[]},"efiAlt":"","efiUrl":"","followers":[3],"highlights":[],"isAutoShareEnabled":true,"networkImageIds":[],"permalinkQueryArgs":[],"series":[],"suggestedReferences":[]},"yoast_head":"<!-- This site is optimized with the Yoast SEO plugin v27.5 - https:\/\/yoast.com\/product\/yoast-seo-wordpress\/ -->\n<title>Silvia Gallego dice que la ley de Paridad es una \u00abley de vacancia\u00bb - Diario Digital Femenino<\/title>\n<meta name=\"description\" content=\"Silvia Gallego dice que la ley de Paridad es una \u00abley de vacancia\u00bbLa ex senadora nacional Silvia Gallego se mostr\u00f3 \u00abpreocupada\u00bb por el proyecto de\" \/>\n<meta name=\"robots\" content=\"index, follow, max-snippet:-1, max-image-preview:large, max-video-preview:-1\" \/>\n<link rel=\"canonical\" href=\"https:\/\/diariofemenino.com.ar\/df\/silvia-gallego-dice-que-la-ley-de-paridad-es-una-ley-de-vacancia\/\" \/>\n<meta property=\"og:locale\" content=\"es_ES\" \/>\n<meta property=\"og:type\" content=\"article\" \/>\n<meta property=\"og:title\" content=\"Silvia Gallego dice que la ley de Paridad es una \u00abley de vacancia\u00bb - Diario Digital Femenino\" \/>\n<meta property=\"og:description\" content=\"Silvia Gallego dice que la ley de Paridad es una \u00abley de vacancia\u00bbLa ex senadora nacional Silvia Gallego se mostr\u00f3 \u00abpreocupada\u00bb por el proyecto de\" \/>\n<meta property=\"og:url\" content=\"https:\/\/diariofemenino.com.ar\/df\/silvia-gallego-dice-que-la-ley-de-paridad-es-una-ley-de-vacancia\/\" \/>\n<meta property=\"og:site_name\" content=\"Diario Digital Femenino\" \/>\n<meta property=\"article:publisher\" content=\"https:\/\/www.facebook.com\/DiarioDigitaFemenino\/\" \/>\n<meta property=\"article:published_time\" content=\"2019-11-19T18:25:29+00:00\" \/>\n<meta property=\"og:image\" content=\"https:\/\/diariofemenino.com.ar\/df\/wp-content\/uploads\/2019\/11\/08-Silvia-Gallegof2e185f3.jpg\" \/>\n\t<meta property=\"og:image:width\" content=\"696\" \/>\n\t<meta property=\"og:image:height\" content=\"485\" \/>\n\t<meta property=\"og:image:type\" content=\"image\/jpeg\" \/>\n<meta name=\"author\" content=\"Admin\" \/>\n<meta name=\"twitter:card\" content=\"summary_large_image\" \/>\n<meta name=\"twitter:creator\" content=\"@DiarioFemenino1\" \/>\n<meta name=\"twitter:site\" content=\"@DiarioFemenino1\" \/>\n<meta name=\"twitter:label1\" content=\"Escrito por\" \/>\n\t<meta name=\"twitter:data1\" content=\"Admin\" \/>\n\t<meta name=\"twitter:label2\" content=\"Tiempo de lectura\" \/>\n\t<meta name=\"twitter:data2\" content=\"4 minutos\" \/>\n<script type=\"application\/ld+json\" class=\"yoast-schema-graph\">{\"@context\":\"https:\\\/\\\/schema.org\",\"@graph\":[{\"@type\":\"Article\",\"@id\":\"https:\\\/\\\/diariofemenino.com.ar\\\/df\\\/silvia-gallego-dice-que-la-ley-de-paridad-es-una-ley-de-vacancia\\\/#article\",\"isPartOf\":{\"@id\":\"https:\\\/\\\/diariofemenino.com.ar\\\/df\\\/silvia-gallego-dice-que-la-ley-de-paridad-es-una-ley-de-vacancia\\\/\"},\"author\":{\"name\":\"Admin\",\"@id\":\"https:\\\/\\\/diariofemenino.com.ar\\\/df\\\/#\\\/schema\\\/person\\\/1c36bc3bf394d8ec320814298b4fdd3f\"},\"headline\":\"Silvia Gallego dice que la ley de Paridad es una \u00abley de vacancia\u00bb\",\"datePublished\":\"2019-11-19T18:25:29+00:00\",\"mainEntityOfPage\":{\"@id\":\"https:\\\/\\\/diariofemenino.com.ar\\\/df\\\/silvia-gallego-dice-que-la-ley-de-paridad-es-una-ley-de-vacancia\\\/\"},\"wordCount\":912,\"commentCount\":0,\"publisher\":{\"@id\":\"https:\\\/\\\/diariofemenino.com.ar\\\/df\\\/#organization\"},\"image\":{\"@id\":\"https:\\\/\\\/diariofemenino.com.ar\\\/df\\\/silvia-gallego-dice-que-la-ley-de-paridad-es-una-ley-de-vacancia\\\/#primaryimage\"},\"thumbnailUrl\":\"https:\\\/\\\/diariofemenino.com.ar\\\/df\\\/wp-content\\\/uploads\\\/2019\\\/11\\\/08-Silvia-Gallegof2e185f3.jpg\",\"keywords\":[\"Mujeres\",\"paridad de genero\",\"Pol\u00edtica\"],\"articleSection\":[\"Noticias\"],\"inLanguage\":\"es\",\"potentialAction\":[{\"@type\":\"CommentAction\",\"name\":\"Comment\",\"target\":[\"https:\\\/\\\/diariofemenino.com.ar\\\/df\\\/silvia-gallego-dice-que-la-ley-de-paridad-es-una-ley-de-vacancia\\\/#respond\"]}]},{\"@type\":\"WebPage\",\"@id\":\"https:\\\/\\\/diariofemenino.com.ar\\\/df\\\/silvia-gallego-dice-que-la-ley-de-paridad-es-una-ley-de-vacancia\\\/\",\"url\":\"https:\\\/\\\/diariofemenino.com.ar\\\/df\\\/silvia-gallego-dice-que-la-ley-de-paridad-es-una-ley-de-vacancia\\\/\",\"name\":\"Silvia Gallego dice que la ley de Paridad es una \u00abley de vacancia\u00bb - Diario Digital Femenino\",\"isPartOf\":{\"@id\":\"https:\\\/\\\/diariofemenino.com.ar\\\/df\\\/#website\"},\"primaryImageOfPage\":{\"@id\":\"https:\\\/\\\/diariofemenino.com.ar\\\/df\\\/silvia-gallego-dice-que-la-ley-de-paridad-es-una-ley-de-vacancia\\\/#primaryimage\"},\"image\":{\"@id\":\"https:\\\/\\\/diariofemenino.com.ar\\\/df\\\/silvia-gallego-dice-que-la-ley-de-paridad-es-una-ley-de-vacancia\\\/#primaryimage\"},\"thumbnailUrl\":\"https:\\\/\\\/diariofemenino.com.ar\\\/df\\\/wp-content\\\/uploads\\\/2019\\\/11\\\/08-Silvia-Gallegof2e185f3.jpg\",\"datePublished\":\"2019-11-19T18:25:29+00:00\",\"description\":\"Silvia Gallego dice que la ley de Paridad es una \u00abley de vacancia\u00bbLa ex senadora nacional Silvia Gallego se mostr\u00f3 \u00abpreocupada\u00bb por el proyecto de\",\"breadcrumb\":{\"@id\":\"https:\\\/\\\/diariofemenino.com.ar\\\/df\\\/silvia-gallego-dice-que-la-ley-de-paridad-es-una-ley-de-vacancia\\\/#breadcrumb\"},\"inLanguage\":\"es\",\"potentialAction\":[{\"@type\":\"ReadAction\",\"target\":[\"https:\\\/\\\/diariofemenino.com.ar\\\/df\\\/silvia-gallego-dice-que-la-ley-de-paridad-es-una-ley-de-vacancia\\\/\"]}]},{\"@type\":\"ImageObject\",\"inLanguage\":\"es\",\"@id\":\"https:\\\/\\\/diariofemenino.com.ar\\\/df\\\/silvia-gallego-dice-que-la-ley-de-paridad-es-una-ley-de-vacancia\\\/#primaryimage\",\"url\":\"https:\\\/\\\/diariofemenino.com.ar\\\/df\\\/wp-content\\\/uploads\\\/2019\\\/11\\\/08-Silvia-Gallegof2e185f3.jpg\",\"contentUrl\":\"https:\\\/\\\/diariofemenino.com.ar\\\/df\\\/wp-content\\\/uploads\\\/2019\\\/11\\\/08-Silvia-Gallegof2e185f3.jpg\",\"width\":696,\"height\":485},{\"@type\":\"BreadcrumbList\",\"@id\":\"https:\\\/\\\/diariofemenino.com.ar\\\/df\\\/silvia-gallego-dice-que-la-ley-de-paridad-es-una-ley-de-vacancia\\\/#breadcrumb\",\"itemListElement\":[{\"@type\":\"ListItem\",\"position\":1,\"name\":\"Portada\",\"item\":\"https:\\\/\\\/diariofemenino.com.ar\\\/df\\\/\"},{\"@type\":\"ListItem\",\"position\":2,\"name\":\"Silvia Gallego dice que la ley de Paridad es una \u00abley de vacancia\u00bb\"}]},{\"@type\":\"WebSite\",\"@id\":\"https:\\\/\\\/diariofemenino.com.ar\\\/df\\\/#website\",\"url\":\"https:\\\/\\\/diariofemenino.com.ar\\\/df\\\/\",\"name\":\"Diario Digital Femenino\",\"description\":\"Cuesti\u00f3n de G\u00e9nero\",\"publisher\":{\"@id\":\"https:\\\/\\\/diariofemenino.com.ar\\\/df\\\/#organization\"},\"potentialAction\":[{\"@type\":\"SearchAction\",\"target\":{\"@type\":\"EntryPoint\",\"urlTemplate\":\"https:\\\/\\\/diariofemenino.com.ar\\\/df\\\/?s={search_term_string}\"},\"query-input\":{\"@type\":\"PropertyValueSpecification\",\"valueRequired\":true,\"valueName\":\"search_term_string\"}}],\"inLanguage\":\"es\"},{\"@type\":\"Organization\",\"@id\":\"https:\\\/\\\/diariofemenino.com.ar\\\/df\\\/#organization\",\"name\":\"Diario Femenino\",\"url\":\"https:\\\/\\\/diariofemenino.com.ar\\\/df\\\/\",\"logo\":{\"@type\":\"ImageObject\",\"inLanguage\":\"es\",\"@id\":\"https:\\\/\\\/diariofemenino.com.ar\\\/df\\\/#\\\/schema\\\/logo\\\/image\\\/\",\"url\":\"https:\\\/\\\/diariofemenino.com.ar\\\/df\\\/wp-content\\\/uploads\\\/2018\\\/10\\\/logo.png\",\"contentUrl\":\"https:\\\/\\\/diariofemenino.com.ar\\\/df\\\/wp-content\\\/uploads\\\/2018\\\/10\\\/logo.png\",\"width\":500,\"height\":92,\"caption\":\"Diario Femenino\"},\"image\":{\"@id\":\"https:\\\/\\\/diariofemenino.com.ar\\\/df\\\/#\\\/schema\\\/logo\\\/image\\\/\"},\"sameAs\":[\"https:\\\/\\\/www.facebook.com\\\/DiarioDigitaFemenino\\\/\",\"https:\\\/\\\/x.com\\\/DiarioFemenino1\"]},{\"@type\":\"Person\",\"@id\":\"https:\\\/\\\/diariofemenino.com.ar\\\/df\\\/#\\\/schema\\\/person\\\/1c36bc3bf394d8ec320814298b4fdd3f\",\"name\":\"Admin\",\"image\":{\"@type\":\"ImageObject\",\"inLanguage\":\"es\",\"@id\":\"https:\\\/\\\/diariofemenino.com.ar\\\/df\\\/wp-content\\\/uploads\\\/2018\\\/12\\\/favicon-150x150.jpg\",\"url\":\"https:\\\/\\\/diariofemenino.com.ar\\\/df\\\/wp-content\\\/uploads\\\/2018\\\/12\\\/favicon-150x150.jpg\",\"contentUrl\":\"https:\\\/\\\/diariofemenino.com.ar\\\/df\\\/wp-content\\\/uploads\\\/2018\\\/12\\\/favicon-150x150.jpg\",\"caption\":\"Admin\"},\"url\":\"https:\\\/\\\/diariofemenino.com.ar\\\/df\\\/author\\\/sofiperez\\\/\"}]}<\/script>\n<!-- \/ Yoast SEO plugin. -->","yoast_head_json":{"title":"Silvia Gallego dice que la ley de Paridad es una \u00abley de vacancia\u00bb - Diario Digital Femenino","description":"Silvia Gallego dice que la ley de Paridad es una \u00abley de vacancia\u00bbLa ex senadora nacional Silvia Gallego se mostr\u00f3 \u00abpreocupada\u00bb por el proyecto de","robots":{"index":"index","follow":"follow","max-snippet":"max-snippet:-1","max-image-preview":"max-image-preview:large","max-video-preview":"max-video-preview:-1"},"canonical":"https:\/\/diariofemenino.com.ar\/df\/silvia-gallego-dice-que-la-ley-de-paridad-es-una-ley-de-vacancia\/","og_locale":"es_ES","og_type":"article","og_title":"Silvia Gallego dice que la ley de Paridad es una \u00abley de vacancia\u00bb - Diario Digital Femenino","og_description":"Silvia Gallego dice que la ley de Paridad es una \u00abley de vacancia\u00bbLa ex senadora nacional Silvia Gallego se mostr\u00f3 \u00abpreocupada\u00bb por el proyecto de","og_url":"https:\/\/diariofemenino.com.ar\/df\/silvia-gallego-dice-que-la-ley-de-paridad-es-una-ley-de-vacancia\/","og_site_name":"Diario Digital Femenino","article_publisher":"https:\/\/www.facebook.com\/DiarioDigitaFemenino\/","article_published_time":"2019-11-19T18:25:29+00:00","og_image":[{"width":696,"height":485,"url":"https:\/\/diariofemenino.com.ar\/df\/wp-content\/uploads\/2019\/11\/08-Silvia-Gallegof2e185f3.jpg","type":"image\/jpeg"}],"author":"Admin","twitter_card":"summary_large_image","twitter_creator":"@DiarioFemenino1","twitter_site":"@DiarioFemenino1","twitter_misc":{"Escrito por":"Admin","Tiempo de lectura":"4 minutos"},"schema":{"@context":"https:\/\/schema.org","@graph":[{"@type":"Article","@id":"https:\/\/diariofemenino.com.ar\/df\/silvia-gallego-dice-que-la-ley-de-paridad-es-una-ley-de-vacancia\/#article","isPartOf":{"@id":"https:\/\/diariofemenino.com.ar\/df\/silvia-gallego-dice-que-la-ley-de-paridad-es-una-ley-de-vacancia\/"},"author":{"name":"Admin","@id":"https:\/\/diariofemenino.com.ar\/df\/#\/schema\/person\/1c36bc3bf394d8ec320814298b4fdd3f"},"headline":"Silvia Gallego dice que la ley de Paridad es una \u00abley de vacancia\u00bb","datePublished":"2019-11-19T18:25:29+00:00","mainEntityOfPage":{"@id":"https:\/\/diariofemenino.com.ar\/df\/silvia-gallego-dice-que-la-ley-de-paridad-es-una-ley-de-vacancia\/"},"wordCount":912,"commentCount":0,"publisher":{"@id":"https:\/\/diariofemenino.com.ar\/df\/#organization"},"image":{"@id":"https:\/\/diariofemenino.com.ar\/df\/silvia-gallego-dice-que-la-ley-de-paridad-es-una-ley-de-vacancia\/#primaryimage"},"thumbnailUrl":"https:\/\/diariofemenino.com.ar\/df\/wp-content\/uploads\/2019\/11\/08-Silvia-Gallegof2e185f3.jpg","keywords":["Mujeres","paridad de genero","Pol\u00edtica"],"articleSection":["Noticias"],"inLanguage":"es","potentialAction":[{"@type":"CommentAction","name":"Comment","target":["https:\/\/diariofemenino.com.ar\/df\/silvia-gallego-dice-que-la-ley-de-paridad-es-una-ley-de-vacancia\/#respond"]}]},{"@type":"WebPage","@id":"https:\/\/diariofemenino.com.ar\/df\/silvia-gallego-dice-que-la-ley-de-paridad-es-una-ley-de-vacancia\/","url":"https:\/\/diariofemenino.com.ar\/df\/silvia-gallego-dice-que-la-ley-de-paridad-es-una-ley-de-vacancia\/","name":"Silvia Gallego dice que la ley de Paridad es una \u00abley de vacancia\u00bb - Diario Digital Femenino","isPartOf":{"@id":"https:\/\/diariofemenino.com.ar\/df\/#website"},"primaryImageOfPage":{"@id":"https:\/\/diariofemenino.com.ar\/df\/silvia-gallego-dice-que-la-ley-de-paridad-es-una-ley-de-vacancia\/#primaryimage"},"image":{"@id":"https:\/\/diariofemenino.com.ar\/df\/silvia-gallego-dice-que-la-ley-de-paridad-es-una-ley-de-vacancia\/#primaryimage"},"thumbnailUrl":"https:\/\/diariofemenino.com.ar\/df\/wp-content\/uploads\/2019\/11\/08-Silvia-Gallegof2e185f3.jpg","datePublished":"2019-11-19T18:25:29+00:00","description":"Silvia Gallego dice que la ley de Paridad es una \u00abley de vacancia\u00bbLa ex senadora nacional Silvia Gallego se mostr\u00f3 \u00abpreocupada\u00bb por el proyecto de","breadcrumb":{"@id":"https:\/\/diariofemenino.com.ar\/df\/silvia-gallego-dice-que-la-ley-de-paridad-es-una-ley-de-vacancia\/#breadcrumb"},"inLanguage":"es","potentialAction":[{"@type":"ReadAction","target":["https:\/\/diariofemenino.com.ar\/df\/silvia-gallego-dice-que-la-ley-de-paridad-es-una-ley-de-vacancia\/"]}]},{"@type":"ImageObject","inLanguage":"es","@id":"https:\/\/diariofemenino.com.ar\/df\/silvia-gallego-dice-que-la-ley-de-paridad-es-una-ley-de-vacancia\/#primaryimage","url":"https:\/\/diariofemenino.com.ar\/df\/wp-content\/uploads\/2019\/11\/08-Silvia-Gallegof2e185f3.jpg","contentUrl":"https:\/\/diariofemenino.com.ar\/df\/wp-content\/uploads\/2019\/11\/08-Silvia-Gallegof2e185f3.jpg","width":696,"height":485},{"@type":"BreadcrumbList","@id":"https:\/\/diariofemenino.com.ar\/df\/silvia-gallego-dice-que-la-ley-de-paridad-es-una-ley-de-vacancia\/#breadcrumb","itemListElement":[{"@type":"ListItem","position":1,"name":"Portada","item":"https:\/\/diariofemenino.com.ar\/df\/"},{"@type":"ListItem","position":2,"name":"Silvia Gallego dice que la ley de Paridad es una \u00abley de vacancia\u00bb"}]},{"@type":"WebSite","@id":"https:\/\/diariofemenino.com.ar\/df\/#website","url":"https:\/\/diariofemenino.com.ar\/df\/","name":"Diario Digital Femenino","description":"Cuesti\u00f3n de G\u00e9nero","publisher":{"@id":"https:\/\/diariofemenino.com.ar\/df\/#organization"},"potentialAction":[{"@type":"SearchAction","target":{"@type":"EntryPoint","urlTemplate":"https:\/\/diariofemenino.com.ar\/df\/?s={search_term_string}"},"query-input":{"@type":"PropertyValueSpecification","valueRequired":true,"valueName":"search_term_string"}}],"inLanguage":"es"},{"@type":"Organization","@id":"https:\/\/diariofemenino.com.ar\/df\/#organization","name":"Diario Femenino","url":"https:\/\/diariofemenino.com.ar\/df\/","logo":{"@type":"ImageObject","inLanguage":"es","@id":"https:\/\/diariofemenino.com.ar\/df\/#\/schema\/logo\/image\/","url":"https:\/\/diariofemenino.com.ar\/df\/wp-content\/uploads\/2018\/10\/logo.png","contentUrl":"https:\/\/diariofemenino.com.ar\/df\/wp-content\/uploads\/2018\/10\/logo.png","width":500,"height":92,"caption":"Diario Femenino"},"image":{"@id":"https:\/\/diariofemenino.com.ar\/df\/#\/schema\/logo\/image\/"},"sameAs":["https:\/\/www.facebook.com\/DiarioDigitaFemenino\/","https:\/\/x.com\/DiarioFemenino1"]},{"@type":"Person","@id":"https:\/\/diariofemenino.com.ar\/df\/#\/schema\/person\/1c36bc3bf394d8ec320814298b4fdd3f","name":"Admin","image":{"@type":"ImageObject","inLanguage":"es","@id":"https:\/\/diariofemenino.com.ar\/df\/wp-content\/uploads\/2018\/12\/favicon-150x150.jpg","url":"https:\/\/diariofemenino.com.ar\/df\/wp-content\/uploads\/2018\/12\/favicon-150x150.jpg","contentUrl":"https:\/\/diariofemenino.com.ar\/df\/wp-content\/uploads\/2018\/12\/favicon-150x150.jpg","caption":"Admin"},"url":"https:\/\/diariofemenino.com.ar\/df\/author\/sofiperez\/"}]}},"jetpack_featured_media_url":"https:\/\/diariofemenino.com.ar\/df\/wp-content\/uploads\/2019\/11\/08-Silvia-Gallegof2e185f3.jpg","jetpack_sharing_enabled":true,"rttpg_featured_image_url":{"full":["https:\/\/diariofemenino.com.ar\/df\/wp-content\/uploads\/2019\/11\/08-Silvia-Gallegof2e185f3.jpg",696,485,false],"landscape":["https:\/\/diariofemenino.com.ar\/df\/wp-content\/uploads\/2019\/11\/08-Silvia-Gallegof2e185f3.jpg",696,485,false],"portraits":["https:\/\/diariofemenino.com.ar\/df\/wp-content\/uploads\/2019\/11\/08-Silvia-Gallegof2e185f3.jpg",696,485,false],"thumbnail":["https:\/\/diariofemenino.com.ar\/df\/wp-content\/uploads\/2019\/11\/08-Silvia-Gallegof2e185f3-150x150.jpg",150,150,true],"medium":["https:\/\/diariofemenino.com.ar\/df\/wp-content\/uploads\/2019\/11\/08-Silvia-Gallegof2e185f3-300x209.jpg",300,209,true],"large":["https:\/\/diariofemenino.com.ar\/df\/wp-content\/uploads\/2019\/11\/08-Silvia-Gallegof2e185f3.jpg",696,485,false],"1536x1536":["https:\/\/diariofemenino.com.ar\/df\/wp-content\/uploads\/2019\/11\/08-Silvia-Gallegof2e185f3.jpg",696,485,false],"2048x2048":["https:\/\/diariofemenino.com.ar\/df\/wp-content\/uploads\/2019\/11\/08-Silvia-Gallegof2e185f3.jpg",696,485,false]},"rttpg_author":{"display_name":"Admin","author_link":"https:\/\/diariofemenino.com.ar\/df\/author\/sofiperez\/"},"rttpg_comment":0,"rttpg_category":"<a href=\"https:\/\/diariofemenino.com.ar\/df\/category\/noticias\/\" rel=\"category tag\">Noticias<\/a>","rttpg_excerpt":"Silvia Gallego dice que la ley de Paridad es una \u00abley de vacancia\u00bb La ex senadora nacional Silvia Gallego se mostr\u00f3 \u00abpreocupada\u00bb por el proyecto de ley de paridad que se est\u00e1 discutiendo en la Legislatura provincial y consider\u00f3 que \u00abm\u00e1s que una ley de paridad es una ley de vacancia\u00bb. Actualmente, en la C\u00e1mara&hellip;","_links":{"self":[{"href":"https:\/\/diariofemenino.com.ar\/df\/wp-json\/wp\/v2\/posts\/43353","targetHints":{"allow":["GET"]}}],"collection":[{"href":"https:\/\/diariofemenino.com.ar\/df\/wp-json\/wp\/v2\/posts"}],"about":[{"href":"https:\/\/diariofemenino.com.ar\/df\/wp-json\/wp\/v2\/types\/post"}],"author":[{"embeddable":true,"href":"https:\/\/diariofemenino.com.ar\/df\/wp-json\/wp\/v2\/users\/3"}],"replies":[{"embeddable":true,"href":"https:\/\/diariofemenino.com.ar\/df\/wp-json\/wp\/v2\/comments?post=43353"}],"version-history":[{"count":0,"href":"https:\/\/diariofemenino.com.ar\/df\/wp-json\/wp\/v2\/posts\/43353\/revisions"}],"wp:featuredmedia":[{"embeddable":true,"href":"https:\/\/diariofemenino.com.ar\/df\/wp-json\/wp\/v2\/media\/43355"}],"wp:attachment":[{"href":"https:\/\/diariofemenino.com.ar\/df\/wp-json\/wp\/v2\/media?parent=43353"}],"wp:term":[{"taxonomy":"category","embeddable":true,"href":"https:\/\/diariofemenino.com.ar\/df\/wp-json\/wp\/v2\/categories?post=43353"},{"taxonomy":"post_tag","embeddable":true,"href":"https:\/\/diariofemenino.com.ar\/df\/wp-json\/wp\/v2\/tags?post=43353"}],"curies":[{"name":"wp","href":"https:\/\/api.w.org\/{rel}","templated":true}]}}