{"id":42940,"date":"2019-10-30T21:42:03","date_gmt":"2019-10-31T00:42:03","guid":{"rendered":"https:\/\/diariofemenino.com.ar\/?p=42940"},"modified":"2019-10-30T21:43:33","modified_gmt":"2019-10-31T00:43:33","slug":"asociacion-de-musicas-y-musicos-se-capacitan-sobre-masculinidades-y-violencias","status":"publish","type":"post","link":"https:\/\/diariofemenino.com.ar\/df\/asociacion-de-musicas-y-musicos-se-capacitan-sobre-masculinidades-y-violencias\/","title":{"rendered":"Asociaci\u00f3n de m\u00fasicas y m\u00fasicos se capacitan sobre masculinidades y violencias"},"content":{"rendered":"<p><span style=\"font-weight: 400;\">Asociaci\u00f3n de m\u00fasicas y m\u00fasicos. Exitosa primera actividad de <a href=\"https:\/\/diariofemenino.com.ar\/violencia-de-genero-y-masculinidades-en-el-mundo-y-en-la-musica\/\">AMIBA\u00a0<\/a><\/span><\/p>\n<p style=\"text-align: center;\"><b>\u201c<a href=\"https:\/\/es.wikipedia.org\/wiki\/Masculinidad\">MASCULINIDADES<\/a> Y VIOLENCIA DE GENERO EN EL MUNDO Y EN LA M\u00daSICA\u201d<\/b><\/p>\n<p><b>Fue el titulo de la charla que el m\u00e9dico y psiquiatra feminista <a href=\"https:\/\/stolaenrique.co\/\">Enrique Stola<\/a> ofreci\u00f3 el martes 29\/10 en el Centro Cultural de la Cooperaci\u00f3n en CABA, ante m\u00fasicxs, cantantes y programadorxs culturales.\u00a0\u00a0<\/b><\/p>\n<p><span style=\"font-weight: 400;\">Por <a href=\"https:\/\/diariofemenino.com.ar\/las-olas-y-el-viento-feministas-del-mundo\/\"><strong>Adriana Pedrolo<\/strong><\/a><\/span><\/p>\n<figure id=\"attachment_42942\" aria-describedby=\"caption-attachment-42942\" style=\"width: 900px\" class=\"wp-caption alignnone\"><img loading=\"lazy\" decoding=\"async\" class=\"wp-image-42942 size-large\" src=\"https:\/\/diariofemenino.com.ar\/df\/wp-content\/uploads\/2019\/10\/WhatsApp-Image-2019-10-30-at-20.59.08-1024x576.jpeg\" alt=\"Asociaci\u00f3n de m\u00fasicas y m\u00fasicos se capacitan en masculinidades y violencias\" width=\"900\" height=\"506\" srcset=\"https:\/\/diariofemenino.com.ar\/df\/wp-content\/uploads\/2019\/10\/WhatsApp-Image-2019-10-30-at-20.59.08-1024x576.jpeg 1024w, https:\/\/diariofemenino.com.ar\/df\/wp-content\/uploads\/2019\/10\/WhatsApp-Image-2019-10-30-at-20.59.08-300x169.jpeg 300w, https:\/\/diariofemenino.com.ar\/df\/wp-content\/uploads\/2019\/10\/WhatsApp-Image-2019-10-30-at-20.59.08-768x432.jpeg 768w, https:\/\/diariofemenino.com.ar\/df\/wp-content\/uploads\/2019\/10\/WhatsApp-Image-2019-10-30-at-20.59.08.jpeg 1152w\" sizes=\"auto, (max-width: 900px) 100vw, 900px\" \/><figcaption id=\"caption-attachment-42942\" class=\"wp-caption-text\">Asociaci\u00f3n de m\u00fasicas y m\u00fasicos se capacitan en masculinidades y violencias<\/figcaption><\/figure>\n<p><b>Organizada por AMIBA, la Asociaci\u00f3n de M\u00fasicxs\u00a0\u00a0Independientes de Bs As, la apertura estuvo a cargo de su c<\/b><span style=\"font-weight: 400;\">oordinador,\u00a0<\/span><b>\u00a0Jorge Garacotche<\/b><span style=\"font-weight: 400;\">, quien explicit\u00f3\u00a0as\u00ed\u00a0la importancia de esta convocatoria:<\/span><b>\u00a0\u00a0<\/b><\/p>\n<p><i><span style=\"font-weight: 400;\">\u201cAnte el juicio y la condena de\u00a0\u00a0Cristian Aldana por abuso sexual decidimos, sin <\/span><\/i><b><i>ambig\u00fcedades \u00a0solidarizarnos con las victimas hoy denunciantes<\/i><\/b><i><span style=\"font-weight: 400;\">,\u00a0\u00a0y abocarnos a la creaci\u00f3n de <\/span><\/i><b><i>una agrupaci\u00f3n de m\u00fasicxs que sea feminista y\u00a0que podamos construir entre\u00a0\u00a0todas, todos y todes.\u00bb<\/i><\/b><\/p>\n<p><span style=\"font-weight: 400;\">AMIBA\u00a0\u00a0cuenta\u00a0\u00a0continuar el tema gracias a\u00a0 otras intervenciones y talleres en el que m\u00fasicas y m\u00fasicos\u00a0\u00a0puedan visibilizar\u00a0pr\u00e1cticas machistas corrientes\u00a0 en la actividad musical y proponer soluciones posibles.<\/span><\/p>\n<p><span style=\"font-weight: 400;\">Integraron tambi\u00e9n\u00a0 el panel la cantante y psic\u00f3loga Adriana Mart\u00ednez y Mariano Ugarte, responsable del sector M\u00fasica del C.C.C.<\/span><\/p>\n<p><b>LA CHARLA<\/b><\/p>\n<p><span style=\"font-weight: 400;\">Enrique Stola se autodefini\u00f3 como un feminista\u00a0<\/span><b>descolonial e interseccional,<\/b><span style=\"font-weight: 400;\">\u00a0es decir, que no toma en cuenta s\u00f3lo los conflictos de g\u00e9nero, sino tambi\u00e9n los de clase y de raza, e incluye\u00a0\u00a0-adem\u00e1s de las mujeres- a otros cuerpos subordinados, como los del movimiento LGTTBQ+<\/span><a href=\"https:\/\/mail.google.com\/mail\/u\/0\/#m_2836814642522394195_m_4022952087296146573__ftn1\"><span style=\"font-weight: 400;\">[1]<\/span><\/a><span style=\"font-weight: 400;\">.<\/span><\/p>\n<p><span style=\"font-weight: 400;\">El especialista en violencia de g\u00e9nero se refiri\u00f3 brevemente a la historia del\u00a0<\/span><b>Patriarcado<\/b><span style=\"font-weight: 400;\">\u00a0como la\u00a0matriz de todas las dominaciones\u00a0\u00a0y\u00a0\u00a0al<\/span><b>\u00a0machismo\u00a0<\/b><span style=\"font-weight: 400;\">como las creencias y acciones cotidianas que atravesando todos los cerebros\u00a0jerarquiza\u00a0\u00a0las diferencias de g\u00e9nero convirti\u00e9ndolas en desigualdades\u00a0\u00a0concretas.<\/span><\/p>\n<p><span style=\"font-weight: 400;\">MASCULINIDADES<\/span><\/p>\n<p><span style=\"font-weight: 400;\">En cuanto a las diferentes<\/span><b>\u00a0\u00a0Masculinidades\u00a0<\/b><span style=\"font-weight: 400;\">\u00a0Stola\u00a0\u00a0asegur\u00f3 que \u201cLa crisis econ\u00f3mica neoliberal no permite a los hombres cumplir con el mandato tradicional de\u00a0<\/span><b>var\u00f3n proveedor<\/b><span style=\"font-weight: 400;\">\u201d del hogar.\u00a0\u00a0Sin embargo\u201d \u2013asegur\u00f3- \u201cel fantasma y <\/span><b>el mandato masculino de dominaci\u00f3n<\/b><span style=\"font-weight: 400;\"> persisten y se subliman\u00a0 con la prostituci\u00f3n,\u00a0\u00a0un espacio y un momento en el que -seg\u00fan la espa\u00f1ola Beatriz Gimeno- el feminismo a\u00fan no ha entrado, y en el cual\u00a0\u00a0los varones pueden -por poco dinero- hacer\u00a0 lo que quieran con el cuerpo (considerado p\u00fablico) de estas mujeres m\u00e1s pobres,\u00a0\u00a0y as\u00ed seguir sinti\u00e9ndose machos\u201d.<\/span><\/p>\n<p><span style=\"font-weight: 400;\">\u201cJunto a la precarizaci\u00f3n de la vida \u2013agreg\u00f2 Stola- esto explicar\u00eda el crecimiento exponencial del negocio de la\u00a0<\/span><b>Trata de personas<\/b><span style=\"font-weight: 400;\">\u00a0con fines de explotaci\u00f3n sexual\u00a0, en un contexto moral\u00a0\u00a0que ya no\u00a0\u00a0es represivo de las relaciones sexuales como el actual.\u201d<\/span><\/p>\n<p><span style=\"font-weight: 400;\">El psiquiatra feminista \u00a0se refiri\u00f3 tambi\u00e9n al\u00a0<\/span><b>Gay-capitalismo,\u00a0\u00a0<\/b><span style=\"font-weight: 400;\">que incorpora discursos de la diversidad sexual a la econom\u00eda de mercado,\u00a0\u00a0y \u201cpropicia\u00a0\u00a0la comercializaci\u00f3n de todos los espacios y cuerpos subordinados, como es el caso del alquiler\u00a0\u00a0de vientres de mujeres pobres para parejas de alto nivel econ\u00f3mico o la misma prostituci\u00f3n.\u201d<\/span><\/p>\n<p><span style=\"font-weight: 400;\">FEMINISMOS<\/span><\/p>\n<p><span style=\"font-weight: 400;\">Luego de definir al\u00a0<\/span><b>Feminismo\u00a0<\/b><span style=\"font-weight: 400;\">como un movimiento de liberaci\u00f3n y no la contracara del machismo, el especialista hizo menci\u00f3n a\u00a0<\/span><b>otro tipo de masculinidad<\/b><span style=\"font-weight: 400;\">, que defini\u00f3 como la del<\/span><b>\u00a0\u201chombre de la ignorancia deliberada.\u00a0 <\/b><span style=\"font-weight: 400;\">Aquellos que deciden no conocer, no interiorizarse, no investigar ni actualizarse en las luchas de las mujeres y del feminismo\u00a0\u00a0porque sencillamente no quieren perder ni su poder ni sus privilegios\u201d.\u00a0\u00a0<\/span><\/p>\n<p><span style=\"font-weight: 400;\">Interrogado sobre otras masculinidades posibles Stola asegur\u00f3 que\u00a0<\/span><b>\u201cDe lo que se trata es de que renunciemos\u00a0\u00a0a la dominaci\u00f3n,\u00a0\u00a0generando lazos de solidaridad con nuestras compa\u00f1eras mujeres, con lesbianas, trans, travestis, bisexuales y no binarias. Los hombres debemos generar masculinidades contra-hegem\u00f3nicas y anti-patriarcales\u201d. M\u00e1s all\u00e1 de los reclamos femeninos podr\u00edamos nosotros mismos negarnos a tocar en un evento\u00a0\u00a0que no incluya una cuota del 50 por ciento de mujeres.<\/b><\/p>\n<p><span style=\"font-weight: 400;\">Al\u00a0\u00a0respecto, desde el p\u00fablico se propuso trabajar\u00a0por lo menos tres ejes de la desigualdad de g\u00e9nero\/s en el mundo de la m\u00fasica:<\/span><\/p>\n<p><span style=\"font-weight: 400;\">&#8211; El\u00a0<\/span><b>acceso igualitario a los escenarios<\/b><span style=\"font-weight: 400;\">\u00a0(hoy hay\u00a0 1 mujer por cada 14 varones).<\/span><\/p>\n<p><span style=\"font-weight: 400;\">&#8211; La\u00a0<\/span><b>adjudicaci\u00f3n de subsidios y ayudas<\/b><span style=\"font-weight: 400;\">\u00a0(s\u00f3lo el 18% de los mismos era otorgado a mujeres artistas).<\/span><\/p>\n<p><span style=\"font-weight: 400;\">&#8211;\u00a0<\/span><b>Los protocolos de intervenci\u00f3n para casos de violencia de g\u00e9ner<\/b><span style=\"font-weight: 400;\">o como recurso de las instituciones para visibilizar el maltrato, generar condena social y posicionarse efectivamente del\u00a0\u00a0lado de las v\u00edctimas.<\/span><\/p>\n<p>EDUCACI\u00d3N<\/p>\n<p><span style=\"font-weight: 400;\">Para incidir en lxs m\u00e1s j\u00f3venes, Stola\u00a0<\/span><b>destac\u00f3 la importancia de la E.S.I.\u00a0\u00a0Educaci\u00f3n Sexual Integral<\/b><span style=\"font-weight: 400;\">\u00a0incluy\u00e9ndola \u00a0hasta los estudios terciarios ya que \u201csirve desde ni\u00f1es para ponerle palabras al cuerpo, a las emociones y a los sentimientos, para generar espacios democr\u00e1ticos de intercambio, detectar casos de abuso e informar a las v\u00edctimas de los lugares de ayuda.<\/span><\/p>\n<p>DECONSTRUIRNOS SIEMPRE<\/p>\n<p><span style=\"font-weight: 400;\">Interrogado sobre el proceso de deconstrucci\u00f3n del\u00a0 machismo propio en cada une de nosotres, Stola remarc\u00f3\u00a0\u00a0\u00a0\u201cSomos como una cebolla, estamos sacando capas todo el tiempo. Es un proceso largo\u00a0\u00a0que dura toda la vida ya que las emociones no se modifican solo con el intelecto, intervienen aqu\u00ed\u00a0\u00a0la practica social,\u00a0nuevas experiencias\u00a0emocionales-correctivas y\u00a0la\u00a0autocr\u00edtica\u00a0voluntaria\u00a0\u00a0cotidiana y concreta\u201d.<\/span><\/p>\n<p><span style=\"font-weight: 400;\">_____________________________________________________________<\/span><\/p>\n<p>&nbsp;<\/p>\n<p><span style=\"font-weight: 400;\">Enrique Stola. Feminista. M\u00e9dico Especialista en Psicolog\u00eda Cl\u00ednica. Especialista en Psiquiatr\u00eda y Psicolog\u00eda M\u00e9dica. Director de Psicodrama. Especialista en Metodolog\u00eda de la Investigaci\u00f3n Cient\u00edfica. Mag\u00edster en Psiconeuroendocrinolog\u00eda. Doctorando en Filosof\u00eda. Ex Profesor de Derechos Humanos y Memorias Sociales de la Universidad Aut\u00f3noma de Entre R\u00edos, Argentina. Miembro de la Comisi\u00f3n Nacional para la Elaboraci\u00f3n de Sanciones de la Violencia de G\u00e9nero (CONSAVIG). Miembro de la Asociaci\u00f3n de Psiquiatras Argentinos (APSA)<\/span><\/p>\n<ol>\n<li><span style=\"font-weight: 400;\"> Mail: <\/span><a href=\"mailto:stola.enrique@gmail.com\"><span style=\"font-weight: 400;\">stola.enrique@gmail.com<\/span><\/a><\/li>\n<\/ol>\n<p><span style=\"font-weight: 400;\">__________________________________________________________<\/span><\/p>\n<p><a href=\"https:\/\/mail.google.com\/mail\/u\/0\/#m_2836814642522394195_m_4022952087296146573__ftnref1\"><span style=\"font-weight: 400;\">[1]<\/span><\/a> <span style=\"font-weight: 400;\">Personas Lesbianas, Gays, Transexuales, Travestis, Bisexuales, Queer\u00a0 y m\u00e1s<\/span><\/p>\n","protected":false},"excerpt":{"rendered":"<p>Asociaci\u00f3n de m\u00fasicas y m\u00fasicos. Exitosa primera actividad de AMIBA\u00a0 \u201cMASCULINIDADES Y VIOLENCIA DE GENERO EN EL MUNDO Y EN LA M\u00daSICA\u201d Fue el titulo de la charla que el m\u00e9dico y psiquiatra feminista Enrique Stola ofreci\u00f3 el martes 29\/10 en el Centro Cultural de la Cooperaci\u00f3n en CABA, ante m\u00fasicxs, cantantes y programadorxs culturales.\u00a0\u00a0 [&hellip;]<\/p>\n","protected":false},"author":4,"featured_media":42944,"comment_status":"open","ping_status":"open","sticky":false,"template":"","format":"standard","meta":{"iawp_total_views":11,"footnotes":""},"categories":[7],"tags":[2246,2330,73,60,819],"class_list":["post-42940","post","type-post","status-publish","format-standard","has-post-thumbnail","hentry","category-actividades","tag-amiba","tag-asociacion-de-musicas-y-musicos","tag-masculinidades","tag-musica","tag-violencias"],"nelio_content":{"autoShareEndMode":"never","automationSources":{"useCustomSentences":false,"customSentences":[]},"efiAlt":"","efiUrl":"","followers":[4],"highlights":[],"isAutoShareEnabled":true,"networkImageIds":[],"permalinkQueryArgs":[],"series":[],"suggestedReferences":[]},"yoast_head":"<!-- This site is optimized with the Yoast SEO plugin v27.5 - https:\/\/yoast.com\/product\/yoast-seo-wordpress\/ -->\n<title>Asociaci\u00f3n de m\u00fasicas y m\u00fasicos se capacitan sobre masculinidades y violencias - Diario Digital Femenino<\/title>\n<meta name=\"description\" content=\"Asociaci\u00f3n de m\u00fasicas y m\u00fasicos se capacitan en masculinidades y violencias. Exitosa primera actividad de AMIBA con charla de Enrique Stola\" \/>\n<meta name=\"robots\" content=\"index, follow, max-snippet:-1, max-image-preview:large, max-video-preview:-1\" \/>\n<link rel=\"canonical\" href=\"https:\/\/diariofemenino.com.ar\/df\/asociacion-de-musicas-y-musicos-se-capacitan-sobre-masculinidades-y-violencias\/\" \/>\n<meta property=\"og:locale\" content=\"es_ES\" \/>\n<meta property=\"og:type\" content=\"article\" \/>\n<meta property=\"og:title\" content=\"Asociaci\u00f3n de m\u00fasicas y m\u00fasicos se capacitan sobre masculinidades y violencias - Diario Digital Femenino\" \/>\n<meta property=\"og:description\" content=\"Asociaci\u00f3n de m\u00fasicas y m\u00fasicos se capacitan en masculinidades y violencias. Exitosa primera actividad de AMIBA con charla de Enrique Stola\" \/>\n<meta property=\"og:url\" content=\"https:\/\/diariofemenino.com.ar\/df\/asociacion-de-musicas-y-musicos-se-capacitan-sobre-masculinidades-y-violencias\/\" \/>\n<meta property=\"og:site_name\" content=\"Diario Digital Femenino\" \/>\n<meta property=\"article:publisher\" content=\"https:\/\/www.facebook.com\/DiarioDigitaFemenino\/\" \/>\n<meta property=\"article:published_time\" content=\"2019-10-31T00:42:03+00:00\" \/>\n<meta property=\"article:modified_time\" content=\"2019-10-31T00:43:33+00:00\" \/>\n<meta property=\"og:image\" content=\"https:\/\/diariofemenino.com.ar\/df\/wp-content\/uploads\/2019\/10\/WhatsApp-Image-2019-10-30-at-21.00.31.jpeg\" \/>\n\t<meta property=\"og:image:width\" content=\"1280\" \/>\n\t<meta property=\"og:image:height\" content=\"960\" \/>\n\t<meta property=\"og:image:type\" content=\"image\/jpeg\" \/>\n<meta name=\"author\" content=\"Admin\" \/>\n<meta name=\"twitter:card\" content=\"summary_large_image\" \/>\n<meta name=\"twitter:creator\" content=\"@DiarioFemenino1\" \/>\n<meta name=\"twitter:site\" content=\"@DiarioFemenino1\" \/>\n<meta name=\"twitter:label1\" content=\"Escrito por\" \/>\n\t<meta name=\"twitter:data1\" content=\"Admin\" \/>\n\t<meta name=\"twitter:label2\" content=\"Tiempo de lectura\" \/>\n\t<meta name=\"twitter:data2\" content=\"5 minutos\" \/>\n<script type=\"application\/ld+json\" class=\"yoast-schema-graph\">{\"@context\":\"https:\\\/\\\/schema.org\",\"@graph\":[{\"@type\":\"Article\",\"@id\":\"https:\\\/\\\/diariofemenino.com.ar\\\/df\\\/asociacion-de-musicas-y-musicos-se-capacitan-sobre-masculinidades-y-violencias\\\/#article\",\"isPartOf\":{\"@id\":\"https:\\\/\\\/diariofemenino.com.ar\\\/df\\\/asociacion-de-musicas-y-musicos-se-capacitan-sobre-masculinidades-y-violencias\\\/\"},\"author\":{\"name\":\"Admin\",\"@id\":\"https:\\\/\\\/diariofemenino.com.ar\\\/df\\\/#\\\/schema\\\/person\\\/bf6199e8158c657ea6f789b11ec85509\"},\"headline\":\"Asociaci\u00f3n de m\u00fasicas y m\u00fasicos se capacitan sobre masculinidades y violencias\",\"datePublished\":\"2019-10-31T00:42:03+00:00\",\"dateModified\":\"2019-10-31T00:43:33+00:00\",\"mainEntityOfPage\":{\"@id\":\"https:\\\/\\\/diariofemenino.com.ar\\\/df\\\/asociacion-de-musicas-y-musicos-se-capacitan-sobre-masculinidades-y-violencias\\\/\"},\"wordCount\":1018,\"commentCount\":0,\"publisher\":{\"@id\":\"https:\\\/\\\/diariofemenino.com.ar\\\/df\\\/#organization\"},\"image\":{\"@id\":\"https:\\\/\\\/diariofemenino.com.ar\\\/df\\\/asociacion-de-musicas-y-musicos-se-capacitan-sobre-masculinidades-y-violencias\\\/#primaryimage\"},\"thumbnailUrl\":\"https:\\\/\\\/diariofemenino.com.ar\\\/df\\\/wp-content\\\/uploads\\\/2019\\\/10\\\/WhatsApp-Image-2019-10-30-at-21.00.31.jpeg\",\"keywords\":[\"AMIBA\",\"Asociaci\u00f3n de m\u00fasicas y m\u00fasicos\",\"Masculinidades\",\"M\u00f9sica\",\"Violencias\"],\"articleSection\":[\"Actividades\"],\"inLanguage\":\"es\",\"potentialAction\":[{\"@type\":\"CommentAction\",\"name\":\"Comment\",\"target\":[\"https:\\\/\\\/diariofemenino.com.ar\\\/df\\\/asociacion-de-musicas-y-musicos-se-capacitan-sobre-masculinidades-y-violencias\\\/#respond\"]}]},{\"@type\":\"WebPage\",\"@id\":\"https:\\\/\\\/diariofemenino.com.ar\\\/df\\\/asociacion-de-musicas-y-musicos-se-capacitan-sobre-masculinidades-y-violencias\\\/\",\"url\":\"https:\\\/\\\/diariofemenino.com.ar\\\/df\\\/asociacion-de-musicas-y-musicos-se-capacitan-sobre-masculinidades-y-violencias\\\/\",\"name\":\"Asociaci\u00f3n de m\u00fasicas y m\u00fasicos se capacitan sobre masculinidades y violencias - Diario Digital Femenino\",\"isPartOf\":{\"@id\":\"https:\\\/\\\/diariofemenino.com.ar\\\/df\\\/#website\"},\"primaryImageOfPage\":{\"@id\":\"https:\\\/\\\/diariofemenino.com.ar\\\/df\\\/asociacion-de-musicas-y-musicos-se-capacitan-sobre-masculinidades-y-violencias\\\/#primaryimage\"},\"image\":{\"@id\":\"https:\\\/\\\/diariofemenino.com.ar\\\/df\\\/asociacion-de-musicas-y-musicos-se-capacitan-sobre-masculinidades-y-violencias\\\/#primaryimage\"},\"thumbnailUrl\":\"https:\\\/\\\/diariofemenino.com.ar\\\/df\\\/wp-content\\\/uploads\\\/2019\\\/10\\\/WhatsApp-Image-2019-10-30-at-21.00.31.jpeg\",\"datePublished\":\"2019-10-31T00:42:03+00:00\",\"dateModified\":\"2019-10-31T00:43:33+00:00\",\"description\":\"Asociaci\u00f3n de m\u00fasicas y m\u00fasicos se capacitan en masculinidades y violencias. Exitosa primera actividad de AMIBA con charla de Enrique Stola\",\"breadcrumb\":{\"@id\":\"https:\\\/\\\/diariofemenino.com.ar\\\/df\\\/asociacion-de-musicas-y-musicos-se-capacitan-sobre-masculinidades-y-violencias\\\/#breadcrumb\"},\"inLanguage\":\"es\",\"potentialAction\":[{\"@type\":\"ReadAction\",\"target\":[\"https:\\\/\\\/diariofemenino.com.ar\\\/df\\\/asociacion-de-musicas-y-musicos-se-capacitan-sobre-masculinidades-y-violencias\\\/\"]}]},{\"@type\":\"ImageObject\",\"inLanguage\":\"es\",\"@id\":\"https:\\\/\\\/diariofemenino.com.ar\\\/df\\\/asociacion-de-musicas-y-musicos-se-capacitan-sobre-masculinidades-y-violencias\\\/#primaryimage\",\"url\":\"https:\\\/\\\/diariofemenino.com.ar\\\/df\\\/wp-content\\\/uploads\\\/2019\\\/10\\\/WhatsApp-Image-2019-10-30-at-21.00.31.jpeg\",\"contentUrl\":\"https:\\\/\\\/diariofemenino.com.ar\\\/df\\\/wp-content\\\/uploads\\\/2019\\\/10\\\/WhatsApp-Image-2019-10-30-at-21.00.31.jpeg\",\"width\":1280,\"height\":960,\"caption\":\"Asociaci\u00f3n de m\u00fasicas y m\u00fasicos se capacitan en masculinidades y violencias\"},{\"@type\":\"BreadcrumbList\",\"@id\":\"https:\\\/\\\/diariofemenino.com.ar\\\/df\\\/asociacion-de-musicas-y-musicos-se-capacitan-sobre-masculinidades-y-violencias\\\/#breadcrumb\",\"itemListElement\":[{\"@type\":\"ListItem\",\"position\":1,\"name\":\"Portada\",\"item\":\"https:\\\/\\\/diariofemenino.com.ar\\\/df\\\/\"},{\"@type\":\"ListItem\",\"position\":2,\"name\":\"Asociaci\u00f3n de m\u00fasicas y m\u00fasicos se capacitan sobre masculinidades y violencias\"}]},{\"@type\":\"WebSite\",\"@id\":\"https:\\\/\\\/diariofemenino.com.ar\\\/df\\\/#website\",\"url\":\"https:\\\/\\\/diariofemenino.com.ar\\\/df\\\/\",\"name\":\"Diario Digital Femenino\",\"description\":\"Cuesti\u00f3n de G\u00e9nero\",\"publisher\":{\"@id\":\"https:\\\/\\\/diariofemenino.com.ar\\\/df\\\/#organization\"},\"potentialAction\":[{\"@type\":\"SearchAction\",\"target\":{\"@type\":\"EntryPoint\",\"urlTemplate\":\"https:\\\/\\\/diariofemenino.com.ar\\\/df\\\/?s={search_term_string}\"},\"query-input\":{\"@type\":\"PropertyValueSpecification\",\"valueRequired\":true,\"valueName\":\"search_term_string\"}}],\"inLanguage\":\"es\"},{\"@type\":\"Organization\",\"@id\":\"https:\\\/\\\/diariofemenino.com.ar\\\/df\\\/#organization\",\"name\":\"Diario Femenino\",\"url\":\"https:\\\/\\\/diariofemenino.com.ar\\\/df\\\/\",\"logo\":{\"@type\":\"ImageObject\",\"inLanguage\":\"es\",\"@id\":\"https:\\\/\\\/diariofemenino.com.ar\\\/df\\\/#\\\/schema\\\/logo\\\/image\\\/\",\"url\":\"https:\\\/\\\/diariofemenino.com.ar\\\/df\\\/wp-content\\\/uploads\\\/2018\\\/10\\\/logo.png\",\"contentUrl\":\"https:\\\/\\\/diariofemenino.com.ar\\\/df\\\/wp-content\\\/uploads\\\/2018\\\/10\\\/logo.png\",\"width\":500,\"height\":92,\"caption\":\"Diario Femenino\"},\"image\":{\"@id\":\"https:\\\/\\\/diariofemenino.com.ar\\\/df\\\/#\\\/schema\\\/logo\\\/image\\\/\"},\"sameAs\":[\"https:\\\/\\\/www.facebook.com\\\/DiarioDigitaFemenino\\\/\",\"https:\\\/\\\/x.com\\\/DiarioFemenino1\"]},{\"@type\":\"Person\",\"@id\":\"https:\\\/\\\/diariofemenino.com.ar\\\/df\\\/#\\\/schema\\\/person\\\/bf6199e8158c657ea6f789b11ec85509\",\"name\":\"Admin\",\"image\":{\"@type\":\"ImageObject\",\"inLanguage\":\"es\",\"@id\":\"https:\\\/\\\/diariofemenino.com.ar\\\/df\\\/wp-content\\\/uploads\\\/2018\\\/12\\\/favicon-150x150.jpg\",\"url\":\"https:\\\/\\\/diariofemenino.com.ar\\\/df\\\/wp-content\\\/uploads\\\/2018\\\/12\\\/favicon-150x150.jpg\",\"contentUrl\":\"https:\\\/\\\/diariofemenino.com.ar\\\/df\\\/wp-content\\\/uploads\\\/2018\\\/12\\\/favicon-150x150.jpg\",\"caption\":\"Admin\"},\"url\":\"https:\\\/\\\/diariofemenino.com.ar\\\/df\\\/author\\\/lenny\\\/\"}]}<\/script>\n<!-- \/ Yoast SEO plugin. -->","yoast_head_json":{"title":"Asociaci\u00f3n de m\u00fasicas y m\u00fasicos se capacitan sobre masculinidades y violencias - Diario Digital Femenino","description":"Asociaci\u00f3n de m\u00fasicas y m\u00fasicos se capacitan en masculinidades y violencias. Exitosa primera actividad de AMIBA con charla de Enrique Stola","robots":{"index":"index","follow":"follow","max-snippet":"max-snippet:-1","max-image-preview":"max-image-preview:large","max-video-preview":"max-video-preview:-1"},"canonical":"https:\/\/diariofemenino.com.ar\/df\/asociacion-de-musicas-y-musicos-se-capacitan-sobre-masculinidades-y-violencias\/","og_locale":"es_ES","og_type":"article","og_title":"Asociaci\u00f3n de m\u00fasicas y m\u00fasicos se capacitan sobre masculinidades y violencias - Diario Digital Femenino","og_description":"Asociaci\u00f3n de m\u00fasicas y m\u00fasicos se capacitan en masculinidades y violencias. Exitosa primera actividad de AMIBA con charla de Enrique Stola","og_url":"https:\/\/diariofemenino.com.ar\/df\/asociacion-de-musicas-y-musicos-se-capacitan-sobre-masculinidades-y-violencias\/","og_site_name":"Diario Digital Femenino","article_publisher":"https:\/\/www.facebook.com\/DiarioDigitaFemenino\/","article_published_time":"2019-10-31T00:42:03+00:00","article_modified_time":"2019-10-31T00:43:33+00:00","og_image":[{"width":1280,"height":960,"url":"https:\/\/diariofemenino.com.ar\/df\/wp-content\/uploads\/2019\/10\/WhatsApp-Image-2019-10-30-at-21.00.31.jpeg","type":"image\/jpeg"}],"author":"Admin","twitter_card":"summary_large_image","twitter_creator":"@DiarioFemenino1","twitter_site":"@DiarioFemenino1","twitter_misc":{"Escrito por":"Admin","Tiempo de lectura":"5 minutos"},"schema":{"@context":"https:\/\/schema.org","@graph":[{"@type":"Article","@id":"https:\/\/diariofemenino.com.ar\/df\/asociacion-de-musicas-y-musicos-se-capacitan-sobre-masculinidades-y-violencias\/#article","isPartOf":{"@id":"https:\/\/diariofemenino.com.ar\/df\/asociacion-de-musicas-y-musicos-se-capacitan-sobre-masculinidades-y-violencias\/"},"author":{"name":"Admin","@id":"https:\/\/diariofemenino.com.ar\/df\/#\/schema\/person\/bf6199e8158c657ea6f789b11ec85509"},"headline":"Asociaci\u00f3n de m\u00fasicas y m\u00fasicos se capacitan sobre masculinidades y violencias","datePublished":"2019-10-31T00:42:03+00:00","dateModified":"2019-10-31T00:43:33+00:00","mainEntityOfPage":{"@id":"https:\/\/diariofemenino.com.ar\/df\/asociacion-de-musicas-y-musicos-se-capacitan-sobre-masculinidades-y-violencias\/"},"wordCount":1018,"commentCount":0,"publisher":{"@id":"https:\/\/diariofemenino.com.ar\/df\/#organization"},"image":{"@id":"https:\/\/diariofemenino.com.ar\/df\/asociacion-de-musicas-y-musicos-se-capacitan-sobre-masculinidades-y-violencias\/#primaryimage"},"thumbnailUrl":"https:\/\/diariofemenino.com.ar\/df\/wp-content\/uploads\/2019\/10\/WhatsApp-Image-2019-10-30-at-21.00.31.jpeg","keywords":["AMIBA","Asociaci\u00f3n de m\u00fasicas y m\u00fasicos","Masculinidades","M\u00f9sica","Violencias"],"articleSection":["Actividades"],"inLanguage":"es","potentialAction":[{"@type":"CommentAction","name":"Comment","target":["https:\/\/diariofemenino.com.ar\/df\/asociacion-de-musicas-y-musicos-se-capacitan-sobre-masculinidades-y-violencias\/#respond"]}]},{"@type":"WebPage","@id":"https:\/\/diariofemenino.com.ar\/df\/asociacion-de-musicas-y-musicos-se-capacitan-sobre-masculinidades-y-violencias\/","url":"https:\/\/diariofemenino.com.ar\/df\/asociacion-de-musicas-y-musicos-se-capacitan-sobre-masculinidades-y-violencias\/","name":"Asociaci\u00f3n de m\u00fasicas y m\u00fasicos se capacitan sobre masculinidades y violencias - Diario Digital Femenino","isPartOf":{"@id":"https:\/\/diariofemenino.com.ar\/df\/#website"},"primaryImageOfPage":{"@id":"https:\/\/diariofemenino.com.ar\/df\/asociacion-de-musicas-y-musicos-se-capacitan-sobre-masculinidades-y-violencias\/#primaryimage"},"image":{"@id":"https:\/\/diariofemenino.com.ar\/df\/asociacion-de-musicas-y-musicos-se-capacitan-sobre-masculinidades-y-violencias\/#primaryimage"},"thumbnailUrl":"https:\/\/diariofemenino.com.ar\/df\/wp-content\/uploads\/2019\/10\/WhatsApp-Image-2019-10-30-at-21.00.31.jpeg","datePublished":"2019-10-31T00:42:03+00:00","dateModified":"2019-10-31T00:43:33+00:00","description":"Asociaci\u00f3n de m\u00fasicas y m\u00fasicos se capacitan en masculinidades y violencias. Exitosa primera actividad de AMIBA con charla de Enrique Stola","breadcrumb":{"@id":"https:\/\/diariofemenino.com.ar\/df\/asociacion-de-musicas-y-musicos-se-capacitan-sobre-masculinidades-y-violencias\/#breadcrumb"},"inLanguage":"es","potentialAction":[{"@type":"ReadAction","target":["https:\/\/diariofemenino.com.ar\/df\/asociacion-de-musicas-y-musicos-se-capacitan-sobre-masculinidades-y-violencias\/"]}]},{"@type":"ImageObject","inLanguage":"es","@id":"https:\/\/diariofemenino.com.ar\/df\/asociacion-de-musicas-y-musicos-se-capacitan-sobre-masculinidades-y-violencias\/#primaryimage","url":"https:\/\/diariofemenino.com.ar\/df\/wp-content\/uploads\/2019\/10\/WhatsApp-Image-2019-10-30-at-21.00.31.jpeg","contentUrl":"https:\/\/diariofemenino.com.ar\/df\/wp-content\/uploads\/2019\/10\/WhatsApp-Image-2019-10-30-at-21.00.31.jpeg","width":1280,"height":960,"caption":"Asociaci\u00f3n de m\u00fasicas y m\u00fasicos se capacitan en masculinidades y violencias"},{"@type":"BreadcrumbList","@id":"https:\/\/diariofemenino.com.ar\/df\/asociacion-de-musicas-y-musicos-se-capacitan-sobre-masculinidades-y-violencias\/#breadcrumb","itemListElement":[{"@type":"ListItem","position":1,"name":"Portada","item":"https:\/\/diariofemenino.com.ar\/df\/"},{"@type":"ListItem","position":2,"name":"Asociaci\u00f3n de m\u00fasicas y m\u00fasicos se capacitan sobre masculinidades y violencias"}]},{"@type":"WebSite","@id":"https:\/\/diariofemenino.com.ar\/df\/#website","url":"https:\/\/diariofemenino.com.ar\/df\/","name":"Diario Digital Femenino","description":"Cuesti\u00f3n de G\u00e9nero","publisher":{"@id":"https:\/\/diariofemenino.com.ar\/df\/#organization"},"potentialAction":[{"@type":"SearchAction","target":{"@type":"EntryPoint","urlTemplate":"https:\/\/diariofemenino.com.ar\/df\/?s={search_term_string}"},"query-input":{"@type":"PropertyValueSpecification","valueRequired":true,"valueName":"search_term_string"}}],"inLanguage":"es"},{"@type":"Organization","@id":"https:\/\/diariofemenino.com.ar\/df\/#organization","name":"Diario Femenino","url":"https:\/\/diariofemenino.com.ar\/df\/","logo":{"@type":"ImageObject","inLanguage":"es","@id":"https:\/\/diariofemenino.com.ar\/df\/#\/schema\/logo\/image\/","url":"https:\/\/diariofemenino.com.ar\/df\/wp-content\/uploads\/2018\/10\/logo.png","contentUrl":"https:\/\/diariofemenino.com.ar\/df\/wp-content\/uploads\/2018\/10\/logo.png","width":500,"height":92,"caption":"Diario Femenino"},"image":{"@id":"https:\/\/diariofemenino.com.ar\/df\/#\/schema\/logo\/image\/"},"sameAs":["https:\/\/www.facebook.com\/DiarioDigitaFemenino\/","https:\/\/x.com\/DiarioFemenino1"]},{"@type":"Person","@id":"https:\/\/diariofemenino.com.ar\/df\/#\/schema\/person\/bf6199e8158c657ea6f789b11ec85509","name":"Admin","image":{"@type":"ImageObject","inLanguage":"es","@id":"https:\/\/diariofemenino.com.ar\/df\/wp-content\/uploads\/2018\/12\/favicon-150x150.jpg","url":"https:\/\/diariofemenino.com.ar\/df\/wp-content\/uploads\/2018\/12\/favicon-150x150.jpg","contentUrl":"https:\/\/diariofemenino.com.ar\/df\/wp-content\/uploads\/2018\/12\/favicon-150x150.jpg","caption":"Admin"},"url":"https:\/\/diariofemenino.com.ar\/df\/author\/lenny\/"}]}},"jetpack_featured_media_url":"https:\/\/diariofemenino.com.ar\/df\/wp-content\/uploads\/2019\/10\/WhatsApp-Image-2019-10-30-at-21.00.31.jpeg","jetpack_sharing_enabled":true,"rttpg_featured_image_url":{"full":["https:\/\/diariofemenino.com.ar\/df\/wp-content\/uploads\/2019\/10\/WhatsApp-Image-2019-10-30-at-21.00.31.jpeg",1280,960,false],"landscape":["https:\/\/diariofemenino.com.ar\/df\/wp-content\/uploads\/2019\/10\/WhatsApp-Image-2019-10-30-at-21.00.31.jpeg",1280,960,false],"portraits":["https:\/\/diariofemenino.com.ar\/df\/wp-content\/uploads\/2019\/10\/WhatsApp-Image-2019-10-30-at-21.00.31.jpeg",1280,960,false],"thumbnail":["https:\/\/diariofemenino.com.ar\/df\/wp-content\/uploads\/2019\/10\/WhatsApp-Image-2019-10-30-at-21.00.31-150x150.jpeg",150,150,true],"medium":["https:\/\/diariofemenino.com.ar\/df\/wp-content\/uploads\/2019\/10\/WhatsApp-Image-2019-10-30-at-21.00.31-300x225.jpeg",300,225,true],"large":["https:\/\/diariofemenino.com.ar\/df\/wp-content\/uploads\/2019\/10\/WhatsApp-Image-2019-10-30-at-21.00.31-1024x768.jpeg",1024,768,true],"1536x1536":["https:\/\/diariofemenino.com.ar\/df\/wp-content\/uploads\/2019\/10\/WhatsApp-Image-2019-10-30-at-21.00.31.jpeg",1280,960,false],"2048x2048":["https:\/\/diariofemenino.com.ar\/df\/wp-content\/uploads\/2019\/10\/WhatsApp-Image-2019-10-30-at-21.00.31.jpeg",1280,960,false]},"rttpg_author":{"display_name":"Admin","author_link":"https:\/\/diariofemenino.com.ar\/df\/author\/lenny\/"},"rttpg_comment":0,"rttpg_category":"<a href=\"https:\/\/diariofemenino.com.ar\/df\/category\/actividades\/\" rel=\"category tag\">Actividades<\/a>","rttpg_excerpt":"Asociaci\u00f3n de m\u00fasicas y m\u00fasicos. Exitosa primera actividad de AMIBA\u00a0 \u201cMASCULINIDADES Y VIOLENCIA DE GENERO EN EL MUNDO Y EN LA M\u00daSICA\u201d Fue el titulo de la charla que el m\u00e9dico y psiquiatra feminista Enrique Stola ofreci\u00f3 el martes 29\/10 en el Centro Cultural de la Cooperaci\u00f3n en CABA, ante m\u00fasicxs, cantantes y programadorxs culturales.\u00a0\u00a0&hellip;","_links":{"self":[{"href":"https:\/\/diariofemenino.com.ar\/df\/wp-json\/wp\/v2\/posts\/42940","targetHints":{"allow":["GET"]}}],"collection":[{"href":"https:\/\/diariofemenino.com.ar\/df\/wp-json\/wp\/v2\/posts"}],"about":[{"href":"https:\/\/diariofemenino.com.ar\/df\/wp-json\/wp\/v2\/types\/post"}],"author":[{"embeddable":true,"href":"https:\/\/diariofemenino.com.ar\/df\/wp-json\/wp\/v2\/users\/4"}],"replies":[{"embeddable":true,"href":"https:\/\/diariofemenino.com.ar\/df\/wp-json\/wp\/v2\/comments?post=42940"}],"version-history":[{"count":0,"href":"https:\/\/diariofemenino.com.ar\/df\/wp-json\/wp\/v2\/posts\/42940\/revisions"}],"wp:featuredmedia":[{"embeddable":true,"href":"https:\/\/diariofemenino.com.ar\/df\/wp-json\/wp\/v2\/media\/42944"}],"wp:attachment":[{"href":"https:\/\/diariofemenino.com.ar\/df\/wp-json\/wp\/v2\/media?parent=42940"}],"wp:term":[{"taxonomy":"category","embeddable":true,"href":"https:\/\/diariofemenino.com.ar\/df\/wp-json\/wp\/v2\/categories?post=42940"},{"taxonomy":"post_tag","embeddable":true,"href":"https:\/\/diariofemenino.com.ar\/df\/wp-json\/wp\/v2\/tags?post=42940"}],"curies":[{"name":"wp","href":"https:\/\/api.w.org\/{rel}","templated":true}]}}