{"id":42837,"date":"2019-10-29T09:55:36","date_gmt":"2019-10-29T12:55:36","guid":{"rendered":"https:\/\/diariofemenino.com.ar\/?p=42837"},"modified":"2019-10-29T09:55:36","modified_gmt":"2019-10-29T12:55:36","slug":"la-nieta-129-y-el-anhelado-encuentro-con-su-hermano-uruguayo","status":"publish","type":"post","link":"https:\/\/diariofemenino.com.ar\/df\/la-nieta-129-y-el-anhelado-encuentro-con-su-hermano-uruguayo\/","title":{"rendered":"La nieta 129 y el anhelado encuentro con su hermano uruguayo"},"content":{"rendered":"<p>El pasado 9 de abril, la Asociaci\u00f3n Civil Abuelas de Plaza de Mayo, anunci\u00f3 la reaparici\u00f3n de la nieta n\u00famero 129, hija de Norma S\u00edntora y Carlos Alberto Solsona, quien a\u00fan est\u00e1 vivo. Mart\u00edn Solsona, su hermano uruguayo expres\u00f3 en sus redes sociales la alegr\u00eda y emoci\u00f3n de haber concretado el tan ansiado encuentro.<\/p>\n<p>Mart\u00edn\u00a0 Solsona se define como \u201cun hijo posdictadura\u201d. Es el primero de los tres hijos de Carlos que naci\u00f3 en Uruguay y ya en democracia, en 1987.<\/p>\n<p>Asi se expres\u00f3 Mart\u00edn en su cuenta de facebook:<\/p>\n<p>Hace 6 meses esa sonrisa se convirti\u00f3 en la noticia m\u00e1s linda del mundo.<\/p>\n<p>Hace 42 a\u00f1os unos d\u00e9spotas la separaron de su madre y le robaron la identidad porque no les gustaba como pensaban sus padres.<\/p>\n<p>Hace 6 meses Marce se encontr\u00f3 una familia que la busc\u00f3 toda su vida, entre ellos un padre y 2 hermanos.<\/p>\n<div class=\"text_exposed_show\">\n<p>Le quitaron su madre, su identidad, la posibilidad de crecer con quienes decidieron traerla al mundo.<\/p>\n<p>Hace un tiempo se hizo m\u00e1s fuerte que nunca, rompi\u00f3 todas las barreras y ahora sabe quien es, ahora puede ser quien siempre fue.<\/p>\n<p>Atr\u00e1s de esa hermosa sonrisa hay una mujer con suficiente coraje y fortaleza como para enfrentar los mayores temores que uno pueda tener y que hoy ya no tiene nada que la detenga.<\/p>\n<p>Cuento esto porque si ten\u00e9s dudas de tu identidad, m\u00e1s all\u00e1 de las incertidumbres, ten\u00e9s la posibilidad de ser due\u00f1o de tu destino, despu\u00e9s est\u00e1 en vos elegir qu\u00e9 hacer con el.<\/p>\n<p>S\u00e1cate la duda, ac\u00e9rcate a\u00a0<a class=\"profileLink\" href=\"https:\/\/www.facebook.com\/Abuelas-de-Plaza-de-Mayo-Sitio-oficial-178051892255167\/?__tn__=K-R&amp;eid=ARCY1ULHLzeaOX9dDAQct45rQkb5b_HbXY03kHWerBI0blqlJditbrxWKbcLPS4PsRHoZ0vy4xQlF8TF&amp;fref=mentions&amp;__xts__%5B0%5D=68.ARB5yYBAFXvm7B4yRjVC-FMMoCcizS2PL3bZ2RZTK1j3t3zHmCoTQ_Tf6t8JZ8x2s3KrmWEqUo6WfJcHpQ4rW478YjnDaejuliDlL-Oh69QuzFIYHMfd-LpcGGcVU65CPcIt2mFYUO5ueCO3NE-xLee6lBFyA9uEgDaRQ0Mgz63tOJu5vQLCMiTfhYxRo47W8ZG5aq05gjj9j__EYg\" data-hovercard=\"\/ajax\/hovercard\/page.php?id=178051892255167&amp;extragetparams=%7B%22__tn__%22%3A%22%2CdK-R-R%22%2C%22eid%22%3A%22ARCY1ULHLzeaOX9dDAQct45rQkb5b_HbXY03kHWerBI0blqlJditbrxWKbcLPS4PsRHoZ0vy4xQlF8TF%22%2C%22fref%22%3A%22mentions%22%7D\" data-hovercard-prefer-more-content-show=\"1\">Abuelas de Plaza de Mayo \u2013 Sitio oficial<\/a>\u00a0tal vez lo mejor que te pueda pasar en la vida te est\u00e9 esperando.<\/p>\n<p>No permitas que otros te digan quien sos y escriban tu historia.<\/p>\n<p>Eras un beb\u00e9 cuando empezaron a buscarte, ahora ya ten\u00e9s m\u00e1s de 40, es hora de encontrarte con tu familia.<\/p>\n<p>Mi hermana no usa redes as\u00ed que me pidi\u00f3 que publique este mensaje de su parte:<\/p>\n<p>\u201cA trav\u00e9s de mis hermanos quiero transmitir lo orgullosa que me siento de ellos, Marcos y Mart\u00edn, de mi pap\u00e1 Carlos y de toda la familia Solsona \u2013 S\u00edntora, por no haber abandonado nunca la b\u00fasqueda y por haberme recibido con tanto amor, dulzura y comprensi\u00f3n. Y por supuesto no puedo dejar de mencionar el <a href=\"https:\/\/diariofemenino.com.ar\/category\/genero-y-derechos-humanos\/\">profundo sentimiento que siento por quien s\u00e9 que fue mi mam\u00e1, Norma. Marcela.<\/a>\u201d<\/p>\n<hr \/>\n<header class=\"entry-header clearfix\">\n<h3 class=\"entry-title\">Todo est\u00e1 guardado en la <a href=\"https:\/\/diariofemenino.com.ar\/\">memoria<\/a>: apareci\u00f3 la nieta 129<\/h3>\n<div class=\"entry-excerpt clearfix\">\n<p>Norma fue secuestrada en 1977 en la localidad bonaerense de Moreno, cuando estaba embarazada de ocho meses. Desde entonces se encuentra desaparecida y su familia nunca tuvo certezas del nacimiento del beb\u00e9. Sin embargo, Carlos, su compa\u00f1ero, no desisti\u00f3 en la b\u00fasqueda.<\/p>\n<\/div>\n<\/header>\n<figure class=\"entry-thumbnail\">\n<p><figure style=\"width: 777px\" class=\"wp-caption alignnone\"><img loading=\"lazy\" decoding=\"async\" class=\"attachment-content-single wp-post-image lazy-loaded\" src=\"https:\/\/www.carasycaretas.com.uy\/wp-content\/uploads\/2019\/05\/leandro-apertura-Foto12909-777x437.jpg\" sizes=\"auto, (max-width: 777px) 100vw, 777px\" srcset=\"https:\/\/www.carasycaretas.com.uy\/wp-content\/uploads\/2019\/05\/leandro-apertura-Foto12909-777x437.jpg 777w, https:\/\/www.carasycaretas.com.uy\/wp-content\/uploads\/2019\/05\/leandro-apertura-Foto12909-260x146.jpg 260w, https:\/\/www.carasycaretas.com.uy\/wp-content\/uploads\/2019\/05\/leandro-apertura-Foto12909-120x67.jpg 120w\" alt=\"La nieta 129 y el anhelado encuentro con su hermano uruguayo\" width=\"777\" height=\"437\" data-lazy-type=\"image\" data-src=\"https:\/\/www.carasycaretas.com.uy\/wp-content\/uploads\/2019\/05\/leandro-apertura-Foto12909-777x437.jpg\" data-srcset=\"\" \/><figcaption class=\"wp-caption-text\">La nieta 129 y el anhelado encuentro con su hermano uruguayo<\/figcaption><\/figure><\/figure>\n<p>Por\u00a0<a class=\"fn\" href=\"https:\/\/www.carasycaretas.com.uy\/author\/lgrille\/\">LEANDRO GRILLE<\/a><\/p>\n<p>El pasado 9 de abril, la\u00a0<a href=\"https:\/\/www.abuelas.org.ar\/\" target=\"_blank\" rel=\"noopener\">Asociaci\u00f3n Civil Abuelas de Plaza de Mayo<\/a>, anunci\u00f3 la reaparici\u00f3n de la nieta n\u00famero 129, hija de Norma S\u00edntora y Carlos Alberto Solsona, quien a\u00fan est\u00e1 vivo.<\/p>\n<p>Desde su hogar, Carlos, el protagonista de este emotivo encuentro, y Mart\u00edn, su hijo, compartieron, para los lectores de\u00a0<strong><em>Caras y Caretas<\/em><\/strong>, cu\u00e1les fueron las sensaciones vividas por la familia durante ese esperado momento.<\/p>\n<p><strong><em>\u00bfQu\u00e9 estaban haciendo cuando las\u00a0<\/em><\/strong><strong><em>Abuelas de Plaza de Mayo<\/em><\/strong><strong><em>\u00a0les comunicaron la noticia del hallazgo?<\/em><\/strong><\/p>\n<p>Lo primero que recibimos fue la noticia de que ten\u00edamos que ir al local de Abuelas al d\u00eda siguiente porque ten\u00edan algo para contarnos, pero no nos dieron detalles. Ten\u00edamos comunicaci\u00f3n por WhatsApp y yo intentaba conocer de qu\u00e9 se trataba, pero cuando ped\u00eda un adelanto de la informaci\u00f3n, no me contestaban nada.<\/p>\n<p>Al otro d\u00eda, cuando llegu\u00e9 al lugar, la persona encargada, sonriendo, me dijo: \u201cC\u00f3mo te tuve\u201d; y yo le respond\u00ed: \u201cS\u00ed, me tuviste a mal traer\u201d.<\/p>\n<p><strong><em>\u00bfQu\u00e9 sintieron en ese momento?<\/em><\/strong><\/p>\n<p>Fueron por lo menos 20 horas desde que nos llamaron hasta que me contaron la gran noticia. Pero cuando te dicen que tienes que estar en el local -y vos planteaste la b\u00fasqueda hace 35 a\u00f1os-, hay 90% de buena noticia. Porque tambi\u00e9n te pueden llamar para informarte, para decir que la investigaci\u00f3n lleg\u00f3 hasta ac\u00e1, el resultado es malo; digamos no existe la persona, pas\u00f3 lo que le pas\u00f3, o existi\u00f3 una desgracia de por medio, pero en ese caso hay m\u00e1s reserva. Sin embargo, cuando te citan a un lugar a vos -citan a Marcos tambi\u00e9n-, entonces ya hay m\u00e1s de 90%.<\/p>\n<p><strong><em>\u00bfSab\u00edas si tu hija hab\u00eda nacido o era una conjetura?<\/em><\/strong><\/p>\n<p>No ten\u00edamos ninguna certeza, como no la tuvieron y no la tienen al d\u00eda de hoy muchos familiares que siguen buscando, porque el terrorismo de Estado fue bien planificado y era una pol\u00edtica que la dise\u00f1aron para un largo plazo. Dec\u00edan: \u201cA esta sociedad la vamos a disciplinar a nuestra medida por varias generaciones\u201d. De eso se trataba y aparentemente hay una intervenci\u00f3n de la iglesia, de la c\u00fapula de la Iglesia Cat\u00f3lica, que tuvo un grado bastante importante de complicidad con la dictadura. En esto yo me hago cargo de lo que digo; en un determinado momento plantearon: \u201cHagan lo que tengan que hacer, pero con los beb\u00e9s no\u201d. Un tema que tiene que ver con el aborto y una cosa de los principios que manejaba en aquella \u00e9poca la jerarqu\u00eda de la Iglesia Cat\u00f3lica argentina.<\/p>\n<p><strong><em>Entonces llevaban los embarazos de las detenidas a t\u00e9rmino antes de disponer de ellas, porque la mayor\u00eda est\u00e1n desaparecidas. \u00bfO todas?<\/em><\/strong><\/p>\n<p>Exactamente. Hay casos de compa\u00f1eras nuestras que fueron secuestradas, porque era un secuestro, una detenci\u00f3n viene con una orden legal, fueron todos secuestros, con embarazos de tres meses, dos meses y medio, y se pasaron los seis meses que faltaban engrilladas en una cama o en un piso, hasta que lleg\u00f3 el momento del parto y despu\u00e9s las asesinaron; a m\u00ed no me gusta mucho el t\u00e9rmino desaparecido porque no termina de explicar bien lo que pas\u00f3 y fue eso.<\/p>\n<p><strong><em>\u00bfC\u00f3mo transita el tiempo para un padre que no sabe si naci\u00f3 su hija y c\u00f3mo pas\u00f3 estos 42 a\u00f1os?<\/em><\/strong><\/p>\n<p>Pas\u00e1s preguntando, en el primer momento, cuando pod\u00e9s regresar a tu pa\u00eds, estar cerca del escenario donde sucedieron las cosas y de la gente que est\u00e1 en la investigaci\u00f3n; como todo el mundo, preguntando, averiguando a ver qu\u00e9 es lo que hay, qu\u00e9 es lo que sale.<\/p>\n<p>Sobre todo en la \u00e9poca de la Conadep con Alfons\u00edn; pero de esto hab\u00eda pocos resultados. Entonces, qui\u00e9n estuvo cerca, c\u00f3mo se enteraron, cualquier dato iba a un archivo donde uno iba tratando de armarse la historia; una historia que no conoc\u00edas; sab\u00edas el resultado final en general, pero no conoc\u00edas los detalles, y para encontrar a la persona que hubiera nacido ten\u00edas que tener todos los detalles.<\/p>\n<p>Esta pol\u00edtica de terrorismo de Estado ten\u00eda, entre otras cosas, el plan a largo plazo que es lo que hizo tan dif\u00edcil encontrar despu\u00e9s, porque son 40 a\u00f1os que se est\u00e1n buscando a muchas personas y se han encontrado muy pocas todav\u00eda; eso lo \u00fanico que demuestra es que fue un plan perfectamente elaborado, un plan criminal\u00a0 bien planificado, con una gran articulaci\u00f3n entre todos los part\u00edcipes, no hay que olvidar que fue una dictadura c\u00edvico militar.<\/p>\n<p><strong><em>\u00bfC\u00f3mo fue la primera conversaci\u00f3n con tu hija?<\/em><\/strong><\/p>\n<p>Yo llegu\u00e9 a Abuelas el d\u00eda 9 a las 3 de la tarde m\u00e1s o menos y a las 17.30 estaba citada la conferencia de prensa. Cuando entr\u00e9 al local hab\u00eda un mont\u00f3n de gente y empiezan todos a aplaudir y abrazarme y a saludarme. Ya hab\u00eda estado antes, Marcos y un primo m\u00edo que hab\u00edan viajado desde C\u00f3rdoba; pero tampoco les hab\u00edan dado detalles. Cuando llegamos se arma ese alboroto, ah\u00ed se dieron cuenta. Hab\u00eda algo positivo; nos sentamos, nos cuentan el resultado de la investigaci\u00f3n, c\u00f3mo hab\u00eda sido el proceso que llevaba 6 a\u00f1os, y yo ah\u00ed reci\u00e9n me enteraba de que exist\u00eda esa investigaci\u00f3n.<\/p>\n<p>\u00bfdurante todo ese tiempo vos no fuiste consciente de que hab\u00eda una investigaci\u00f3n en curso dirigida hacia esta persona?<\/p>\n<p>No, nadie es consciente de las investigaciones que est\u00e1n en curso ahora; porque hay investigaciones en curso.<\/p>\n<p>Es impresionante la responsabilidad \u00e9tica que hay, porque un dato falso de estos puede ser muy duro para cualquiera; un fallo en una identificaci\u00f3n o un falso positivo c\u00f3mo te dicen por ah\u00ed. Por eso reafirmo la seriedad, la responsabilidad, la estatura \u00e9tica con que trabaja el equipo de Abuelas.<\/p>\n<p><strong><em>\u00bfEsa primera conversaci\u00f3n se produce en la sede de Abuelas?<\/em><\/strong><\/p>\n<p>S\u00ed, despu\u00e9s que me comunican eso faltaba un rato para la conferencia de prensa, entonces Alan, el del equipo de los abogados de Abuelas<strong>,\u00a0<\/strong>la llam\u00f3 por tel\u00e9fono. Est\u00e1bamos sentados en un sof\u00e1, estaba \u00e9l, estaba yo y estaba Marcos ac\u00e1 al lado. Yo estaba ah\u00ed, pero escuchaba en el celular de \u00e9l lo que hablaban: \u201cMir\u00e1, ya te pasamos los datos, vamos a hacer la conferencia de prensa entonces; est\u00e1n ellos ac\u00e1, \u00bfquer\u00e9s hablar?\u201d En un primer momento dijo que estaba muy shockeada.<\/p>\n<p>Ella se hab\u00eda vuelto el d\u00eda anterior o ese mismo d\u00eda, creo, reci\u00e9n llegaba a Espa\u00f1a, porque le hab\u00edan dicho que el an\u00e1lisis demoraba de 2 a 3 meses, y sali\u00f3 en tres d\u00edas, una cosa as\u00ed, entonces que no estaba preparada para para hablar. Bueno yo agarro mi tel\u00e9fono y le escribo en la pantalla ah\u00ed \u201ccero presi\u00f3n\u201d le puse as\u00ed, se lo mostr\u00e9 al otro para no hablarle, estaba m\u00e1s ansioso el abogado de\u00a0<strong>Abuelas<\/strong>\u00a0que yo; la calm\u00f3 un poco, cuando se iban a despedir le dice: pero \u201c\u00bfest\u00e1n ah\u00ed al lado tuyo?\u201d, bueno p\u00e1same; me da el tel\u00e9fono a m\u00ed, yo la salud\u00f3 y se larg\u00f3 a llorar, no pod\u00eda hablar, le digo, bueno c\u00e1lmate, qu\u00e9 se yo, \u00bfquer\u00e9s hablar con Marcos? y le pas\u00e9 el tel\u00e9fono; con Marcos habl\u00f3 un poco, cruzaron unas palabras, me regres\u00f3 el tel\u00e9fono, nos saludamos, le digo, bueno mir\u00e1, vamos a hacer la conferencia de prensa; le di el tel\u00e9fono al abogado, dice s\u00ed, sale en directo por internet, le dice.<\/p>\n<p>Bueno, dejamos eso ah\u00ed, cruzamos unas palabras entre nosotros y nos fuimos a la conferencia de prensa. Termin\u00f3 la conferencia\u00a0 y recibe WhatsApp el abogado, ella le dijo que la hab\u00eda visto, le hab\u00eda gustado y agradec\u00eda c\u00f3mo hab\u00edamos tratado el tema. Ese fue el primer contacto.<\/p>\n<p><strong>Mart\u00edn, vos sos el hermano menor. \u00bfC\u00f3mo fue crecer con esa historia?<\/strong><\/p>\n<p>S\u00ed. A partir de determinado momento, un d\u00eda que yo me enter\u00e9 cuando ten\u00eda m\u00e1s o menos 12 a\u00f1os, y en un determinado momento mi viejo empieza a viajar a Buenos Aires, cosa que era bastante extra\u00f1a, porque no era de viajar a Buenos Aires, si ten\u00eda que hacer un tr\u00e1mite o algo generalmente ten\u00eda que viajar a visitar a la familia a C\u00f3rdoba o a Rafaela, que era donde ten\u00edamos familia, generalmente viaj\u00e1bmos todos juntos, y en determinado momento empieza a viajar seguido a Buenos Aires; yo le pregunto a mi madre \u00bfa qu\u00e9 va Buenos Aires todo el tiempo? \u00bfqu\u00e9 hay en Buenos Aires? No, mir\u00e1 parece que hay una pista porque lo que pas\u00f3, y ah\u00ed yo me entero de que cuando la secuestran a Norma estaba embarazada, a m\u00ed siempre me contaron el relato completo, pero cuando yo era un ni\u00f1o no sab\u00eda, digamos, que exist\u00eda la posibilidad de que tuviera un hermano m\u00e1s grande; cuando pude m\u00e1s o menos administrar la informaci\u00f3n y a partir de ese momento, yo le digo a todo el mundo: me guard\u00e9 el chip; me lleg\u00f3 esa informaci\u00f3n y me la guard\u00e9 y me la deposite y me la qued\u00e9 y la tuve guardada durante mucho tiempo, como hasta los 20 a\u00f1os que con alg\u00fan amigo lo habl\u00e9 ah\u00ed en una situaci\u00f3n medio puntual, espec\u00edfica; son esas cosas que ten\u00e9s latentes pero en las que no pod\u00e9s pensar todo el tiempo.<\/p>\n<p><strong><em>\u00bfC\u00f3mo te impact\u00f3 esta noticia?<\/em><\/strong><\/p>\n<p>Est\u00e1bamos de vacaciones en Chile. Es una cosa un poco dif\u00edcil de creer y es una de esas t\u00edpicas cosas que uno siempre se cree que va a estar preparado para enfrentar, porque de alguna manera las anhelas toda tu vida y por supuesto que cuando llegan no ten\u00e9s la menor idea qu\u00e9 hacer con eso. Lo \u00fanico que atin\u00e9 hacer en el momento era tratar de resolver lo m\u00e1s urgente que ten\u00eda que ver con depositarlo a \u00e9l en Buenos Aires.<\/p>\n<p><strong>T\u00fa eras el chofer.<\/strong><\/p>\n<p>S\u00ed, yo era el chofer. Y despu\u00e9s \u00e9l se fue a Buenos Aires y yo me qued\u00e9 en Santiago de Chile con Luc\u00eda, que es mi compa\u00f1era, y con mi vieja. Ah\u00ed tratamos de quedarnos un d\u00eda, mientras nos termin\u00e1bamos de enterar, tratando de armar un escenario que ayude a que estemos todos m\u00e1s o menos tranquilos, digamos, porque en realidad todav\u00eda no ten\u00edamos la noticia confirmada, porque se hab\u00eda ido a Buenos Aires pero no sab\u00edamos exactamente a qu\u00e9, m\u00e1s all\u00e1 de ese 99% de confirmaci\u00f3n con el que te quedas en la cabeza despu\u00e9s de que te dicen que ten\u00e9s que viajar para all\u00e1, y tratar de administrar un poco la situaci\u00f3n. Ya despu\u00e9s, cuando vi la conferencia de prensa y todo, ah\u00ed fue cuando me cay\u00f3 la ficha y cuando me di cuenta lo que estaba pasando y termin\u00e9 de entender qu\u00e9 significa eso. Yo ten\u00eda much\u00edsimas ganas de encontrar a mi hermano o hermana y es as\u00ed, pero en el momento cuando pas\u00f3 todo y yo lo vi, me di cuenta que honestamente lo que m\u00e1s anhelaba era que mi padre encontrar\u00e1 a su hijo o su hija, porque lo que m\u00e1s me impact\u00f3 de todo fue cuando lo veo a mi viejo en la conferencia, se me vino el mundo abajo, en el buen sentido.<\/p>\n<p><strong><em>Carlos, \u00bflograste establecer una relaci\u00f3n en este escaso mes que ha pasado desde la reaparici\u00f3n?<\/em><\/strong><\/p>\n<p>CG: S\u00ed, nos escribimos casi todos los d\u00edas, tratando de conocernos. Tenemos la mejor predisposici\u00f3n los dos y las mismas ganas de hacer que esto funcione. Que es una situaci\u00f3n bastante rara porque es verdad que uno no elige a los hermanos, uno elige a los amigos, pero menos los elige as\u00ed, no de esta manera, y es un poco raro porque yo soy grande pero evidentemente tenemos muchas ganas de que esto pase porque la comunicaci\u00f3n que tenemos es la mejor y estamos ah\u00ed, conoci\u00e9ndonos de a poco, igual esperando el momento de vernos, para darle un poco el cierre a la primera etapa.<\/p>\n<p><strong><em>\u00bfYa hay un momento planificado para verse?<\/em><\/strong><br \/>\nS\u00ed, hay algo planificado.<\/p>\n<p><strong><em>\u00bfElla les coment\u00f3 algo sobre c\u00f3mo le afect\u00f3 el haber desconocido su verdadera identidad durante tanto tiempo?<\/em><\/strong><br \/>\nNo, esos son temas muy delicados, muy de fondo, muy \u00edntimos que cada vez que alguien roza el tema, llegamos al com\u00fan acuerdo que eso se trata cara a cara, que no se puede debatirlo mediante un WhatsApp o una llamada que se te corta a 10.000 o 12.000 km de distancia, no tiene sentido. Para que sea como corresponde, que m\u00e1s o menos son los t\u00e9rminos que hemos usado, se tiene que hacer en vivo, claro que es un proceso, no es un trato. Es un proceso dif\u00edcil, complicado. Quiz\u00e1s prolongado y de resultado incierto, objetivamente. Porque no encontramos una ni\u00f1a de cinco a\u00f1os a la que vos le empezaste a contar una historia y se le pasa la etapa de la infancia, de la ni\u00f1ez y construye el resto de su vida a partir de ah\u00ed. Encontramos una mujer de 41 a\u00f1os, casada, con familia, su trabajo, su documentaci\u00f3n, sus responsabilidades y una historia.<\/p>\n<p><strong><em>As\u00ed que este encuentro implica la aparici\u00f3n adem\u00e1s de dos nietas, que esas s\u00ed son chicas. \u00bfYa pudiste ver las fotos?<\/em><\/strong><br \/>\nClaro que las pude ver, en foto y en video, saludando.<\/p>\n<p><strong><em>Mart\u00edn, y vos ten\u00e9s ahora sobrinas nuevas.<\/em><\/strong><br \/>\nTengo sobrinas nuevas y la verdad que son muy simp\u00e1ticas las dos, la verdad que son divinas.<\/p>\n<p><strong><em>Si un d\u00eda te dicen abuelo, te caes de espaldas, \u00bfno?<\/em><\/strong><br \/>\nY claro, que te cre\u00e9s. Adem\u00e1s, ya le dijeron, que van a conocer al abuelo, le dijeron eso. Aparentemente soy el \u00fanico abuelo vivo que les queda.<\/p>\n<p><strong><em>Vos eras militante del ERP (Ej\u00e9rcito Revolucionario del Pueblo). En esa \u00e9poca se registraron miles de desaparecidos. \u00bfC\u00f3mo evaluar\u00edas esos a\u00f1os de militancia de acuerdo a tus convicciones en aquel momento?<\/em><\/strong><\/p>\n<p>Todos lo hicimos convencidos, todos, justamente el otro d\u00eda comentando estos temas tambi\u00e9n ya saqu\u00e9 la cuenta que en mi vida hab\u00eda tenido 10 u 11 a\u00f1os de militancia legal, en distintos frentes haciendo distintas actividades y otros 10 o 12 de clandestino, son unos cuantos a\u00f1os. Y que no hab\u00eda sido el \u00fanico, decenas de miles. Destruyeron a las organizaciones, sobre todo las organizaciones pol\u00edticas en la lucha, pero la derrota fue para toda la sociedad porque no es que destruyeron las organizaciones y el argentino volvi\u00f3 a ser lo que era antes.<\/p>\n<p>Implementaron un plan desde el punto de vista econ\u00f3mico.<br \/>\nExacto, fue una dictadura c\u00edvico militar, que para que se plegara toda la sociedad ten\u00eda que aniquilar, ese era el plan de ellos, aniquilar a los sectores de la sociedad que no se subordinaran. Las organizaciones fuimos las que no nos subordinamos, pero esto ven\u00eda, la dictadura fue en el 76, yo empec\u00e9 a militar en el 66, estaba saliendo del secundario, hicimos una elecci\u00f3n clandestina en nuestro colegio para formar un club, en el 67, en la facultad de ingenier\u00eda de Santa Fe y ah\u00ed empezaron los verdaderos garrotazos, los gases y las corridas, desde ah\u00ed hasta el 76 son nueve a\u00f1os m\u00e1s y si no era contra una dictadura, contra un proceso as\u00ed, contra la intervenci\u00f3n policial en C\u00f3rdoba, contra la triple A en la \u00e9poca de Isabel y de Per\u00f3n, y despu\u00e9s contra toda la dictadura, o sea, fueron muchos a\u00f1os.<\/p>\n<p><strong><em>Cu\u00e1ntos a\u00f1os marcados por la represi\u00f3n y el asesinato.<\/em><\/strong><br \/>\nMuchos a\u00f1os marcados por la represi\u00f3n, pero sobre todo en el marco de esa represi\u00f3n, las organizaciones crec\u00edan; eso que indicaba que \u00edbamos por el buen camino, que \u00edbamos logrando el apoyo de la gente, la gente, el t\u00e9rmino que estoy usando, sobre todo de los trabajadores, de la clase obrera, y a su vez \u00edbamos trabajando en la elaboraci\u00f3n de pol\u00edticas de alianza para integrarnos con nuestro sector, en Argentina hay unos sectores del nacionalismo revolucionario que viene del peronismo, hab\u00edan tenido un desarrollo muy grande hab\u00edan crecido, hab\u00edan organizado a mucha gente y hab\u00eda militancia en los barrios, en las villas miseria, los cantegriles, en los colegios secundarios, en la facultades, en las f\u00e1bricas, en los centros vecinales, en las comisiones de apoyo a los familiares, todos esos eran \u00e1mbitos de militancia. En la distribuci\u00f3n de la propaganda, de la organizaci\u00f3n de los equipos especiales que se aseguraban de que llegara la prensa clandestina a todos los lugares.<\/p>\n<p><strong><em>\u00bfAs\u00ed conociste vos a Norma, no?<\/em><\/strong><br \/>\nLa conoc\u00ed en la Facultad de Ingenier\u00eda, repartiendo prensa, el 29 de mayo del 73, nos conoc\u00edamos hace 45 a\u00f1os, pero no sab\u00edamos que est\u00e1bamos en la misma organizaci\u00f3n.<\/p>\n<p><strong><em>Esta historia de amor surge y se desarrolla en tiempos de represi\u00f3n, clandestinidad y militancia.<\/em><\/strong><br \/>\nNos encontr\u00e1bamos en las asambleas, es m\u00e1s, preparamos varios ex\u00e1menes juntos en grupos de cuatro o cinco, ella siempre estaba en mi grupo, en los actos, los actos rel\u00e1mpago las manifestaciones, cuando tambi\u00e9n hab\u00eda que rajar m\u00e1s o menos para el mismo lado porque \u00e9ramos los que nos conoc\u00edamos, nos cuid\u00e1bamos unos con otros para ver qui\u00e9n ca\u00eda y a quien hab\u00eda que ir a buscar. Pero el hecho de saber que se estaba militando en esa organizaci\u00f3n, fue el 29 de mayo de 73 que se hace un acto en C\u00f3rdoba, en conmemoraci\u00f3n del cuarto aniversario del Cordobazo, y se aprovecha que hab\u00eda estado cuatro d\u00edas antes, en Asunci\u00f3n de C\u00e1mpora, Eduardo Dortic\u00f3s, presidente de Cuba, y Salvador Allende, entonces se hace el acto en C\u00f3rdoba, el evento se hace el 29, el 25 de mayo es la Asunci\u00f3n. Y bueno, en determinado momento tenemos que salir a vender la prensa .<\/p>\n<p><strong><em>Estuviste en la primavera de C\u00e1mpora, en ese tiempito que dur\u00f3.<\/em><\/strong><br \/>\nClaro, hab\u00eda que aprovecharla porque sab\u00edamos que duraba poco, eso lo supimos enseguida, que iba a durar poco, y salimos a vender la prensa y dice \u201cesa campera la conozco\u201d, yo ten\u00eda una sola campera, la usaba en la facultad, para trabajar, para militar, para todo lo mismo.<\/p>\n<p><strong><em>\u00bfC\u00f3mo recibi\u00f3 Marcos, el hermano mayor que vive en Argentina, la noticia de la reaparici\u00f3n de la hermana?<\/em><\/strong><\/p>\n<p>Yo creo que muy bien, es un impacto, pero por otro lado el estuvo militando, estuvo cerca de las organizaciones, cerca de las abuelas en C\u00f3rdoba y tiene conocimiento de hace muchos a\u00f1os de la posibilidad de un hermano o una hermana. Tambi\u00e9n ha visto cada una de las apariciones de los chicos estos robados en el cautiverio de sus madres, la euforia que despierta en toda la sociedad, porque cada aparici\u00f3n se festej\u00f3 de esta manera.<\/p>\n<p><strong><em>Luego de la lucha y la reaparici\u00f3n de la nieta 129, \u00bfc\u00f3mo sigue la historia?<\/em><\/strong><\/p>\n<p>Es de otro tipo de complejidad. Una complejidad distinta, pero del lado de la certeza y no del lado de no saber, de no saber ni si hab\u00eda nacido.<br \/>\nEs complicado, pero hay una sola manera de encarar lo que es, con la verdad de todos lados. As\u00ed aparecen las diferencias y las discrepancias, pero tambi\u00e9n se saldr\u00e1n as\u00ed con la verdad, no hay otra, no se pueden seguir\u00a0acumulando mentiras, ni falsedades, ni enga\u00f1os; ya est\u00e1. Ahora vamos con la verdad y que salga lo que pueda salir, las relaciones humanas no son perfectas, nunca lo fueron y nunca lo van a ser, pero as\u00ed, como vos ten\u00e9s grandes \u00e9xitos, por ah\u00ed te tropezaste tambi\u00e9n, pero con la verdad te puedes levantar, si tropiezas con una mentira es m\u00e1s dif\u00edcil porque no ten\u00e9s d\u00f3nde agarrarte, eso pienso yo, por eso yo reivindico el papel de las abuelas, de todos los familiares. Unos dicen las abuelas, pero est\u00e1n las madres, los hijos, todas las organizaciones de los hermanos, madres y familiares que est\u00e1n con el tema de \u201cmemoria, verdad y justicia\u201d; esa bandera no se las voltea nadie.<\/p>\n<\/div>\n<p><a href=\"https:\/\/www.carasycaretas.com.uy\/\">Caras y Caretas<\/a><\/p>\n","protected":false},"excerpt":{"rendered":"<p>El pasado 9 de abril, la Asociaci\u00f3n Civil Abuelas de Plaza de Mayo, anunci\u00f3 la reaparici\u00f3n de la nieta n\u00famero 129, hija de Norma S\u00edntora y Carlos Alberto Solsona, quien a\u00fan est\u00e1 vivo. Mart\u00edn Solsona, su hermano uruguayo expres\u00f3 en sus redes sociales la alegr\u00eda y emoci\u00f3n de haber concretado el tan ansiado encuentro. Mart\u00edn\u00a0 [&hellip;]<\/p>\n","protected":false},"author":4,"featured_media":42841,"comment_status":"open","ping_status":"open","sticky":false,"template":"","format":"standard","meta":{"iawp_total_views":21,"footnotes":""},"categories":[627,21],"tags":[2030,2318,1713],"class_list":["post-42837","post","type-post","status-publish","format-standard","has-post-thumbnail","hentry","category-genero-y-derechos-humanos","category-noticias","tag-encuentro","tag-nieta-129","tag-uruguay"],"nelio_content":{"autoShareEndMode":"never","automationSources":{"useCustomSentences":false,"customSentences":[]},"efiAlt":"","efiUrl":"","followers":[4],"highlights":[],"isAutoShareEnabled":true,"networkImageIds":[],"permalinkQueryArgs":[],"series":[],"suggestedReferences":[]},"yoast_head":"<!-- This site is optimized with the Yoast SEO plugin v27.5 - https:\/\/yoast.com\/product\/yoast-seo-wordpress\/ -->\n<title>La nieta 129 y el anhelado encuentro con su hermano uruguayo - Diario Digital Femenino<\/title>\n<meta name=\"description\" content=\"La nieta 129 y el anhelado encuentro con su hermano uruguayo. Todo est\u00e1 guardado en la memoria: Mart\u00edn Solsona, su hermano uruguayo\" \/>\n<meta name=\"robots\" content=\"index, follow, max-snippet:-1, max-image-preview:large, max-video-preview:-1\" \/>\n<link rel=\"canonical\" href=\"https:\/\/diariofemenino.com.ar\/df\/la-nieta-129-y-el-anhelado-encuentro-con-su-hermano-uruguayo\/\" \/>\n<meta property=\"og:locale\" content=\"es_ES\" \/>\n<meta property=\"og:type\" content=\"article\" \/>\n<meta property=\"og:title\" content=\"La nieta 129 y el anhelado encuentro con su hermano uruguayo - Diario Digital Femenino\" \/>\n<meta property=\"og:description\" content=\"La nieta 129 y el anhelado encuentro con su hermano uruguayo. Todo est\u00e1 guardado en la memoria: Mart\u00edn Solsona, su hermano uruguayo\" \/>\n<meta property=\"og:url\" content=\"https:\/\/diariofemenino.com.ar\/df\/la-nieta-129-y-el-anhelado-encuentro-con-su-hermano-uruguayo\/\" \/>\n<meta property=\"og:site_name\" content=\"Diario Digital Femenino\" \/>\n<meta property=\"article:publisher\" content=\"https:\/\/www.facebook.com\/DiarioDigitaFemenino\/\" \/>\n<meta property=\"article:published_time\" content=\"2019-10-29T12:55:36+00:00\" \/>\n<meta property=\"og:image\" content=\"https:\/\/diariofemenino.com.ar\/df\/wp-content\/uploads\/2019\/10\/Mart\u00edn-Solsona-777x437.jpg\" \/>\n\t<meta property=\"og:image:width\" content=\"777\" \/>\n\t<meta property=\"og:image:height\" content=\"437\" \/>\n\t<meta property=\"og:image:type\" content=\"image\/jpeg\" \/>\n<meta name=\"author\" content=\"Admin\" \/>\n<meta name=\"twitter:card\" content=\"summary_large_image\" \/>\n<meta name=\"twitter:creator\" content=\"@DiarioFemenino1\" \/>\n<meta name=\"twitter:site\" content=\"@DiarioFemenino1\" \/>\n<meta name=\"twitter:label1\" content=\"Escrito por\" \/>\n\t<meta name=\"twitter:data1\" content=\"Admin\" \/>\n\t<meta name=\"twitter:label2\" content=\"Tiempo de lectura\" \/>\n\t<meta name=\"twitter:data2\" content=\"20 minutos\" \/>\n<script type=\"application\/ld+json\" class=\"yoast-schema-graph\">{\"@context\":\"https:\\\/\\\/schema.org\",\"@graph\":[{\"@type\":\"Article\",\"@id\":\"https:\\\/\\\/diariofemenino.com.ar\\\/df\\\/la-nieta-129-y-el-anhelado-encuentro-con-su-hermano-uruguayo\\\/#article\",\"isPartOf\":{\"@id\":\"https:\\\/\\\/diariofemenino.com.ar\\\/df\\\/la-nieta-129-y-el-anhelado-encuentro-con-su-hermano-uruguayo\\\/\"},\"author\":{\"name\":\"Admin\",\"@id\":\"https:\\\/\\\/diariofemenino.com.ar\\\/df\\\/#\\\/schema\\\/person\\\/bf6199e8158c657ea6f789b11ec85509\"},\"headline\":\"La nieta 129 y el anhelado encuentro con su hermano uruguayo\",\"datePublished\":\"2019-10-29T12:55:36+00:00\",\"mainEntityOfPage\":{\"@id\":\"https:\\\/\\\/diariofemenino.com.ar\\\/df\\\/la-nieta-129-y-el-anhelado-encuentro-con-su-hermano-uruguayo\\\/\"},\"wordCount\":3971,\"commentCount\":0,\"publisher\":{\"@id\":\"https:\\\/\\\/diariofemenino.com.ar\\\/df\\\/#organization\"},\"image\":{\"@id\":\"https:\\\/\\\/diariofemenino.com.ar\\\/df\\\/la-nieta-129-y-el-anhelado-encuentro-con-su-hermano-uruguayo\\\/#primaryimage\"},\"thumbnailUrl\":\"https:\\\/\\\/diariofemenino.com.ar\\\/df\\\/wp-content\\\/uploads\\\/2019\\\/10\\\/Mart\u00edn-Solsona-777x437.jpg\",\"keywords\":[\"encuentro\",\"Nieta 129\",\"Uruguay\"],\"articleSection\":[\"G\u00e9nero y Derechos Humanos\",\"Noticias\"],\"inLanguage\":\"es\",\"potentialAction\":[{\"@type\":\"CommentAction\",\"name\":\"Comment\",\"target\":[\"https:\\\/\\\/diariofemenino.com.ar\\\/df\\\/la-nieta-129-y-el-anhelado-encuentro-con-su-hermano-uruguayo\\\/#respond\"]}]},{\"@type\":\"WebPage\",\"@id\":\"https:\\\/\\\/diariofemenino.com.ar\\\/df\\\/la-nieta-129-y-el-anhelado-encuentro-con-su-hermano-uruguayo\\\/\",\"url\":\"https:\\\/\\\/diariofemenino.com.ar\\\/df\\\/la-nieta-129-y-el-anhelado-encuentro-con-su-hermano-uruguayo\\\/\",\"name\":\"La nieta 129 y el anhelado encuentro con su hermano uruguayo - Diario Digital Femenino\",\"isPartOf\":{\"@id\":\"https:\\\/\\\/diariofemenino.com.ar\\\/df\\\/#website\"},\"primaryImageOfPage\":{\"@id\":\"https:\\\/\\\/diariofemenino.com.ar\\\/df\\\/la-nieta-129-y-el-anhelado-encuentro-con-su-hermano-uruguayo\\\/#primaryimage\"},\"image\":{\"@id\":\"https:\\\/\\\/diariofemenino.com.ar\\\/df\\\/la-nieta-129-y-el-anhelado-encuentro-con-su-hermano-uruguayo\\\/#primaryimage\"},\"thumbnailUrl\":\"https:\\\/\\\/diariofemenino.com.ar\\\/df\\\/wp-content\\\/uploads\\\/2019\\\/10\\\/Mart\u00edn-Solsona-777x437.jpg\",\"datePublished\":\"2019-10-29T12:55:36+00:00\",\"description\":\"La nieta 129 y el anhelado encuentro con su hermano uruguayo. Todo est\u00e1 guardado en la memoria: Mart\u00edn Solsona, su hermano uruguayo\",\"breadcrumb\":{\"@id\":\"https:\\\/\\\/diariofemenino.com.ar\\\/df\\\/la-nieta-129-y-el-anhelado-encuentro-con-su-hermano-uruguayo\\\/#breadcrumb\"},\"inLanguage\":\"es\",\"potentialAction\":[{\"@type\":\"ReadAction\",\"target\":[\"https:\\\/\\\/diariofemenino.com.ar\\\/df\\\/la-nieta-129-y-el-anhelado-encuentro-con-su-hermano-uruguayo\\\/\"]}]},{\"@type\":\"ImageObject\",\"inLanguage\":\"es\",\"@id\":\"https:\\\/\\\/diariofemenino.com.ar\\\/df\\\/la-nieta-129-y-el-anhelado-encuentro-con-su-hermano-uruguayo\\\/#primaryimage\",\"url\":\"https:\\\/\\\/diariofemenino.com.ar\\\/df\\\/wp-content\\\/uploads\\\/2019\\\/10\\\/Mart\u00edn-Solsona-777x437.jpg\",\"contentUrl\":\"https:\\\/\\\/diariofemenino.com.ar\\\/df\\\/wp-content\\\/uploads\\\/2019\\\/10\\\/Mart\u00edn-Solsona-777x437.jpg\",\"width\":777,\"height\":437,\"caption\":\"La nieta 129 y el anhelado encuentro con su hermano uruguayo\"},{\"@type\":\"BreadcrumbList\",\"@id\":\"https:\\\/\\\/diariofemenino.com.ar\\\/df\\\/la-nieta-129-y-el-anhelado-encuentro-con-su-hermano-uruguayo\\\/#breadcrumb\",\"itemListElement\":[{\"@type\":\"ListItem\",\"position\":1,\"name\":\"Portada\",\"item\":\"https:\\\/\\\/diariofemenino.com.ar\\\/df\\\/\"},{\"@type\":\"ListItem\",\"position\":2,\"name\":\"La nieta 129 y el anhelado encuentro con su hermano uruguayo\"}]},{\"@type\":\"WebSite\",\"@id\":\"https:\\\/\\\/diariofemenino.com.ar\\\/df\\\/#website\",\"url\":\"https:\\\/\\\/diariofemenino.com.ar\\\/df\\\/\",\"name\":\"Diario Digital Femenino\",\"description\":\"Cuesti\u00f3n de G\u00e9nero\",\"publisher\":{\"@id\":\"https:\\\/\\\/diariofemenino.com.ar\\\/df\\\/#organization\"},\"potentialAction\":[{\"@type\":\"SearchAction\",\"target\":{\"@type\":\"EntryPoint\",\"urlTemplate\":\"https:\\\/\\\/diariofemenino.com.ar\\\/df\\\/?s={search_term_string}\"},\"query-input\":{\"@type\":\"PropertyValueSpecification\",\"valueRequired\":true,\"valueName\":\"search_term_string\"}}],\"inLanguage\":\"es\"},{\"@type\":\"Organization\",\"@id\":\"https:\\\/\\\/diariofemenino.com.ar\\\/df\\\/#organization\",\"name\":\"Diario Femenino\",\"url\":\"https:\\\/\\\/diariofemenino.com.ar\\\/df\\\/\",\"logo\":{\"@type\":\"ImageObject\",\"inLanguage\":\"es\",\"@id\":\"https:\\\/\\\/diariofemenino.com.ar\\\/df\\\/#\\\/schema\\\/logo\\\/image\\\/\",\"url\":\"https:\\\/\\\/diariofemenino.com.ar\\\/df\\\/wp-content\\\/uploads\\\/2018\\\/10\\\/logo.png\",\"contentUrl\":\"https:\\\/\\\/diariofemenino.com.ar\\\/df\\\/wp-content\\\/uploads\\\/2018\\\/10\\\/logo.png\",\"width\":500,\"height\":92,\"caption\":\"Diario Femenino\"},\"image\":{\"@id\":\"https:\\\/\\\/diariofemenino.com.ar\\\/df\\\/#\\\/schema\\\/logo\\\/image\\\/\"},\"sameAs\":[\"https:\\\/\\\/www.facebook.com\\\/DiarioDigitaFemenino\\\/\",\"https:\\\/\\\/x.com\\\/DiarioFemenino1\"]},{\"@type\":\"Person\",\"@id\":\"https:\\\/\\\/diariofemenino.com.ar\\\/df\\\/#\\\/schema\\\/person\\\/bf6199e8158c657ea6f789b11ec85509\",\"name\":\"Admin\",\"image\":{\"@type\":\"ImageObject\",\"inLanguage\":\"es\",\"@id\":\"https:\\\/\\\/diariofemenino.com.ar\\\/df\\\/wp-content\\\/uploads\\\/2018\\\/12\\\/favicon-150x150.jpg\",\"url\":\"https:\\\/\\\/diariofemenino.com.ar\\\/df\\\/wp-content\\\/uploads\\\/2018\\\/12\\\/favicon-150x150.jpg\",\"contentUrl\":\"https:\\\/\\\/diariofemenino.com.ar\\\/df\\\/wp-content\\\/uploads\\\/2018\\\/12\\\/favicon-150x150.jpg\",\"caption\":\"Admin\"},\"url\":\"https:\\\/\\\/diariofemenino.com.ar\\\/df\\\/author\\\/lenny\\\/\"}]}<\/script>\n<!-- \/ Yoast SEO plugin. -->","yoast_head_json":{"title":"La nieta 129 y el anhelado encuentro con su hermano uruguayo - Diario Digital Femenino","description":"La nieta 129 y el anhelado encuentro con su hermano uruguayo. Todo est\u00e1 guardado en la memoria: Mart\u00edn Solsona, su hermano uruguayo","robots":{"index":"index","follow":"follow","max-snippet":"max-snippet:-1","max-image-preview":"max-image-preview:large","max-video-preview":"max-video-preview:-1"},"canonical":"https:\/\/diariofemenino.com.ar\/df\/la-nieta-129-y-el-anhelado-encuentro-con-su-hermano-uruguayo\/","og_locale":"es_ES","og_type":"article","og_title":"La nieta 129 y el anhelado encuentro con su hermano uruguayo - Diario Digital Femenino","og_description":"La nieta 129 y el anhelado encuentro con su hermano uruguayo. Todo est\u00e1 guardado en la memoria: Mart\u00edn Solsona, su hermano uruguayo","og_url":"https:\/\/diariofemenino.com.ar\/df\/la-nieta-129-y-el-anhelado-encuentro-con-su-hermano-uruguayo\/","og_site_name":"Diario Digital Femenino","article_publisher":"https:\/\/www.facebook.com\/DiarioDigitaFemenino\/","article_published_time":"2019-10-29T12:55:36+00:00","og_image":[{"width":777,"height":437,"url":"https:\/\/diariofemenino.com.ar\/df\/wp-content\/uploads\/2019\/10\/Mart\u00edn-Solsona-777x437.jpg","type":"image\/jpeg"}],"author":"Admin","twitter_card":"summary_large_image","twitter_creator":"@DiarioFemenino1","twitter_site":"@DiarioFemenino1","twitter_misc":{"Escrito por":"Admin","Tiempo de lectura":"20 minutos"},"schema":{"@context":"https:\/\/schema.org","@graph":[{"@type":"Article","@id":"https:\/\/diariofemenino.com.ar\/df\/la-nieta-129-y-el-anhelado-encuentro-con-su-hermano-uruguayo\/#article","isPartOf":{"@id":"https:\/\/diariofemenino.com.ar\/df\/la-nieta-129-y-el-anhelado-encuentro-con-su-hermano-uruguayo\/"},"author":{"name":"Admin","@id":"https:\/\/diariofemenino.com.ar\/df\/#\/schema\/person\/bf6199e8158c657ea6f789b11ec85509"},"headline":"La nieta 129 y el anhelado encuentro con su hermano uruguayo","datePublished":"2019-10-29T12:55:36+00:00","mainEntityOfPage":{"@id":"https:\/\/diariofemenino.com.ar\/df\/la-nieta-129-y-el-anhelado-encuentro-con-su-hermano-uruguayo\/"},"wordCount":3971,"commentCount":0,"publisher":{"@id":"https:\/\/diariofemenino.com.ar\/df\/#organization"},"image":{"@id":"https:\/\/diariofemenino.com.ar\/df\/la-nieta-129-y-el-anhelado-encuentro-con-su-hermano-uruguayo\/#primaryimage"},"thumbnailUrl":"https:\/\/diariofemenino.com.ar\/df\/wp-content\/uploads\/2019\/10\/Mart\u00edn-Solsona-777x437.jpg","keywords":["encuentro","Nieta 129","Uruguay"],"articleSection":["G\u00e9nero y Derechos Humanos","Noticias"],"inLanguage":"es","potentialAction":[{"@type":"CommentAction","name":"Comment","target":["https:\/\/diariofemenino.com.ar\/df\/la-nieta-129-y-el-anhelado-encuentro-con-su-hermano-uruguayo\/#respond"]}]},{"@type":"WebPage","@id":"https:\/\/diariofemenino.com.ar\/df\/la-nieta-129-y-el-anhelado-encuentro-con-su-hermano-uruguayo\/","url":"https:\/\/diariofemenino.com.ar\/df\/la-nieta-129-y-el-anhelado-encuentro-con-su-hermano-uruguayo\/","name":"La nieta 129 y el anhelado encuentro con su hermano uruguayo - Diario Digital Femenino","isPartOf":{"@id":"https:\/\/diariofemenino.com.ar\/df\/#website"},"primaryImageOfPage":{"@id":"https:\/\/diariofemenino.com.ar\/df\/la-nieta-129-y-el-anhelado-encuentro-con-su-hermano-uruguayo\/#primaryimage"},"image":{"@id":"https:\/\/diariofemenino.com.ar\/df\/la-nieta-129-y-el-anhelado-encuentro-con-su-hermano-uruguayo\/#primaryimage"},"thumbnailUrl":"https:\/\/diariofemenino.com.ar\/df\/wp-content\/uploads\/2019\/10\/Mart\u00edn-Solsona-777x437.jpg","datePublished":"2019-10-29T12:55:36+00:00","description":"La nieta 129 y el anhelado encuentro con su hermano uruguayo. Todo est\u00e1 guardado en la memoria: Mart\u00edn Solsona, su hermano uruguayo","breadcrumb":{"@id":"https:\/\/diariofemenino.com.ar\/df\/la-nieta-129-y-el-anhelado-encuentro-con-su-hermano-uruguayo\/#breadcrumb"},"inLanguage":"es","potentialAction":[{"@type":"ReadAction","target":["https:\/\/diariofemenino.com.ar\/df\/la-nieta-129-y-el-anhelado-encuentro-con-su-hermano-uruguayo\/"]}]},{"@type":"ImageObject","inLanguage":"es","@id":"https:\/\/diariofemenino.com.ar\/df\/la-nieta-129-y-el-anhelado-encuentro-con-su-hermano-uruguayo\/#primaryimage","url":"https:\/\/diariofemenino.com.ar\/df\/wp-content\/uploads\/2019\/10\/Mart\u00edn-Solsona-777x437.jpg","contentUrl":"https:\/\/diariofemenino.com.ar\/df\/wp-content\/uploads\/2019\/10\/Mart\u00edn-Solsona-777x437.jpg","width":777,"height":437,"caption":"La nieta 129 y el anhelado encuentro con su hermano uruguayo"},{"@type":"BreadcrumbList","@id":"https:\/\/diariofemenino.com.ar\/df\/la-nieta-129-y-el-anhelado-encuentro-con-su-hermano-uruguayo\/#breadcrumb","itemListElement":[{"@type":"ListItem","position":1,"name":"Portada","item":"https:\/\/diariofemenino.com.ar\/df\/"},{"@type":"ListItem","position":2,"name":"La nieta 129 y el anhelado encuentro con su hermano uruguayo"}]},{"@type":"WebSite","@id":"https:\/\/diariofemenino.com.ar\/df\/#website","url":"https:\/\/diariofemenino.com.ar\/df\/","name":"Diario Digital Femenino","description":"Cuesti\u00f3n de G\u00e9nero","publisher":{"@id":"https:\/\/diariofemenino.com.ar\/df\/#organization"},"potentialAction":[{"@type":"SearchAction","target":{"@type":"EntryPoint","urlTemplate":"https:\/\/diariofemenino.com.ar\/df\/?s={search_term_string}"},"query-input":{"@type":"PropertyValueSpecification","valueRequired":true,"valueName":"search_term_string"}}],"inLanguage":"es"},{"@type":"Organization","@id":"https:\/\/diariofemenino.com.ar\/df\/#organization","name":"Diario Femenino","url":"https:\/\/diariofemenino.com.ar\/df\/","logo":{"@type":"ImageObject","inLanguage":"es","@id":"https:\/\/diariofemenino.com.ar\/df\/#\/schema\/logo\/image\/","url":"https:\/\/diariofemenino.com.ar\/df\/wp-content\/uploads\/2018\/10\/logo.png","contentUrl":"https:\/\/diariofemenino.com.ar\/df\/wp-content\/uploads\/2018\/10\/logo.png","width":500,"height":92,"caption":"Diario Femenino"},"image":{"@id":"https:\/\/diariofemenino.com.ar\/df\/#\/schema\/logo\/image\/"},"sameAs":["https:\/\/www.facebook.com\/DiarioDigitaFemenino\/","https:\/\/x.com\/DiarioFemenino1"]},{"@type":"Person","@id":"https:\/\/diariofemenino.com.ar\/df\/#\/schema\/person\/bf6199e8158c657ea6f789b11ec85509","name":"Admin","image":{"@type":"ImageObject","inLanguage":"es","@id":"https:\/\/diariofemenino.com.ar\/df\/wp-content\/uploads\/2018\/12\/favicon-150x150.jpg","url":"https:\/\/diariofemenino.com.ar\/df\/wp-content\/uploads\/2018\/12\/favicon-150x150.jpg","contentUrl":"https:\/\/diariofemenino.com.ar\/df\/wp-content\/uploads\/2018\/12\/favicon-150x150.jpg","caption":"Admin"},"url":"https:\/\/diariofemenino.com.ar\/df\/author\/lenny\/"}]}},"jetpack_featured_media_url":"https:\/\/diariofemenino.com.ar\/df\/wp-content\/uploads\/2019\/10\/Mart\u00edn-Solsona-777x437.jpg","jetpack_sharing_enabled":true,"rttpg_featured_image_url":{"full":["https:\/\/diariofemenino.com.ar\/df\/wp-content\/uploads\/2019\/10\/Mart\u00edn-Solsona-777x437.jpg",777,437,false],"landscape":["https:\/\/diariofemenino.com.ar\/df\/wp-content\/uploads\/2019\/10\/Mart\u00edn-Solsona-777x437.jpg",777,437,false],"portraits":["https:\/\/diariofemenino.com.ar\/df\/wp-content\/uploads\/2019\/10\/Mart\u00edn-Solsona-777x437.jpg",777,437,false],"thumbnail":["https:\/\/diariofemenino.com.ar\/df\/wp-content\/uploads\/2019\/10\/Mart\u00edn-Solsona-777x437-150x150.jpg",150,150,true],"medium":["https:\/\/diariofemenino.com.ar\/df\/wp-content\/uploads\/2019\/10\/Mart\u00edn-Solsona-777x437-300x169.jpg",300,169,true],"large":["https:\/\/diariofemenino.com.ar\/df\/wp-content\/uploads\/2019\/10\/Mart\u00edn-Solsona-777x437.jpg",777,437,false],"1536x1536":["https:\/\/diariofemenino.com.ar\/df\/wp-content\/uploads\/2019\/10\/Mart\u00edn-Solsona-777x437.jpg",777,437,false],"2048x2048":["https:\/\/diariofemenino.com.ar\/df\/wp-content\/uploads\/2019\/10\/Mart\u00edn-Solsona-777x437.jpg",777,437,false]},"rttpg_author":{"display_name":"Admin","author_link":"https:\/\/diariofemenino.com.ar\/df\/author\/lenny\/"},"rttpg_comment":0,"rttpg_category":"<a href=\"https:\/\/diariofemenino.com.ar\/df\/category\/genero-y-derechos-humanos\/\" rel=\"category tag\">G\u00e9nero y Derechos Humanos<\/a> <a href=\"https:\/\/diariofemenino.com.ar\/df\/category\/noticias\/\" rel=\"category tag\">Noticias<\/a>","rttpg_excerpt":"El pasado 9 de abril, la Asociaci\u00f3n Civil Abuelas de Plaza de Mayo, anunci\u00f3 la reaparici\u00f3n de la nieta n\u00famero 129, hija de Norma S\u00edntora y Carlos Alberto Solsona, quien a\u00fan est\u00e1 vivo. Mart\u00edn Solsona, su hermano uruguayo expres\u00f3 en sus redes sociales la alegr\u00eda y emoci\u00f3n de haber concretado el tan ansiado encuentro. Mart\u00edn\u00a0&hellip;","_links":{"self":[{"href":"https:\/\/diariofemenino.com.ar\/df\/wp-json\/wp\/v2\/posts\/42837","targetHints":{"allow":["GET"]}}],"collection":[{"href":"https:\/\/diariofemenino.com.ar\/df\/wp-json\/wp\/v2\/posts"}],"about":[{"href":"https:\/\/diariofemenino.com.ar\/df\/wp-json\/wp\/v2\/types\/post"}],"author":[{"embeddable":true,"href":"https:\/\/diariofemenino.com.ar\/df\/wp-json\/wp\/v2\/users\/4"}],"replies":[{"embeddable":true,"href":"https:\/\/diariofemenino.com.ar\/df\/wp-json\/wp\/v2\/comments?post=42837"}],"version-history":[{"count":0,"href":"https:\/\/diariofemenino.com.ar\/df\/wp-json\/wp\/v2\/posts\/42837\/revisions"}],"wp:featuredmedia":[{"embeddable":true,"href":"https:\/\/diariofemenino.com.ar\/df\/wp-json\/wp\/v2\/media\/42841"}],"wp:attachment":[{"href":"https:\/\/diariofemenino.com.ar\/df\/wp-json\/wp\/v2\/media?parent=42837"}],"wp:term":[{"taxonomy":"category","embeddable":true,"href":"https:\/\/diariofemenino.com.ar\/df\/wp-json\/wp\/v2\/categories?post=42837"},{"taxonomy":"post_tag","embeddable":true,"href":"https:\/\/diariofemenino.com.ar\/df\/wp-json\/wp\/v2\/tags?post=42837"}],"curies":[{"name":"wp","href":"https:\/\/api.w.org\/{rel}","templated":true}]}}