{"id":42629,"date":"2019-10-20T20:24:20","date_gmt":"2019-10-20T23:24:20","guid":{"rendered":"https:\/\/diariofemenino.com.ar\/?p=42629"},"modified":"2019-10-20T20:24:20","modified_gmt":"2019-10-20T23:24:20","slug":"las-escritoras-marginadas-del-boom-latinoamericano","status":"publish","type":"post","link":"https:\/\/diariofemenino.com.ar\/df\/las-escritoras-marginadas-del-boom-latinoamericano\/","title":{"rendered":"Las escritoras marginadas del boom latinoamericano"},"content":{"rendered":"<div class=\"ttt-drop-cap\">\n<p><strong>Escritoras marginadas<\/strong><\/p>\n<p>Mientras a los escritores del\u00a0<em>boom<\/em>\u00a0latinoamericano se les puede \u00abhonrar, visitar sus tumbas y ponerles flores\u00bb, algunas de<strong>\u00a0las autoras latinoamericanas que fueron rechazadas por el canon<\/strong>\u00a0\u00abno tienen ni siquiera tumba y no se sabe d\u00f3nde est\u00e1n enterradas\u00bb.<\/p>\n<\/div>\n<p>Esta es una las realidades amargas que denuncia la periodista, poeta y editora\u00a0<a href=\"https:\/\/www.zendalibros.com\/luna-miguel-soy-una-escritora-feminista-que-ha-escrito-una-novela-con-una-protagonista-que-no-lo-es\/\">Luna Miguel<\/a>\u00a0a <a href=\"https:\/\/www.zendalibros.com\/las-escritoras-marginadas-del-boom-latinoamericano\/\">Efe<\/a> y que recoge en su libro\u00a0<em>El coloquio de las perras,<\/em>\u00a0en el que arroja luz sobre la literatura latinoamericana escrita por<a href=\"https:\/\/diariofemenino.com.ar\/category\/articulos\/\"> mujeres<\/a>, autoras que fueron <a href=\"https:\/\/diariofemenino.com.ar\/escritores-escritoras\/\">solapadas<\/a> por los escritores y la industria de un \u00ab<em>boom<\/em>\u00a0latinoamericano machista\u00bb.<\/p>\n<p><strong><em>El coloquio de las perras<\/em>\u00a0(Capit\u00e1n Swing)<\/strong>\u00a0es un t\u00edtulo que Luna Miguel recupera de uno de los cuentos de la puertorrique\u00f1a\u00a0<strong>Rosario Ferr\u00e9<\/strong>, donde ya en 1990 hablaba del machismo en la escritura, y donde, seg\u00fan Miguel, lo que quer\u00eda era \u00abmofarse de los ladridos de Octavio Paz, Garc\u00eda M\u00e1rquez, Carlos Fuentes e incluso Cort\u00e1zar\u00bb. Ferr\u00e9 es una de las 12 autoras que Miguel descubre, algunas desconocidas, como\u00a0<strong>Alcira Soust Scaffo o\u00a0<a href=\"https:\/\/www.zendalibros.com\/aprisionada-por-la-espuma-de-eunice-odio\/\">Unice Odio<\/a><\/strong>\u00a0(una de las escritoras que no tiene tumba y cuyos restos han estado viajando por ah\u00ed). Adem\u00e1s est\u00e1 la \u00fanica espa\u00f1ola,\u00a0<strong>Agustina Gonz\u00e1lez<\/strong>, \u00abuna escritora futurista, feminista y cat\u00f3lica a la que sus sucios asesinos llamaban tortillera y puta\u00bb, Pita Amor, o Mar\u00eda Emilia Cornejo. Pero tambi\u00e9n est\u00e1n reunidas en el libro\u00a0<strong>Elena Garro,\u00a0<a href=\"https:\/\/www.zendalibros.com\/visiones-del-amor-alejandra-pizarnik\/\">Alejandra Pizarnik<\/a>, Gabriela Mistral o Marvel Moreno<\/strong>.<\/p>\n<div id=\"attachment_86403\" class=\"wp-caption aligncenter\">\n<figure id=\"attachment_86403\" aria-describedby=\"caption-attachment-86403\" style=\"width: 800px\" class=\"wp-caption aligncenter\"><img loading=\"lazy\" decoding=\"async\" class=\"lazyloaded wp-image-86403 size-full\" src=\"https:\/\/cdn.zendalibros.com\/wp-content\/uploads\/luna-de-miguel.jpg\" sizes=\"auto, (max-width: 800px) 100vw, 800px\" srcset=\"https:\/\/cdn.zendalibros.com\/wp-content\/uploads\/luna-de-miguel.jpg 800w, https:\/\/cdn.zendalibros.com\/wp-content\/uploads\/luna-de-miguel-300x200.jpg 300w, https:\/\/cdn.zendalibros.com\/wp-content\/uploads\/luna-de-miguel-768x512.jpg 768w\" alt=\"Las escritoras marginadas del boom latinoamericano\" width=\"800\" height=\"533\" aria-describedby=\"caption-attachment-86403\" data-lazy-srcset=\"https:\/\/cdn.zendalibros.com\/wp-content\/uploads\/luna-de-miguel.jpg 800w, https:\/\/cdn.zendalibros.com\/wp-content\/uploads\/luna-de-miguel-300x200.jpg 300w, https:\/\/cdn.zendalibros.com\/wp-content\/uploads\/luna-de-miguel-768x512.jpg 768w\" data-lazy-sizes=\"(max-width: 800px) 100vw, 800px\" data-lazy-src=\"https:\/\/cdn.zendalibros.com\/wp-content\/uploads\/luna-de-miguel.jpg\" data-was-processed=\"true\" \/><figcaption id=\"caption-attachment-86403\" class=\"wp-caption-text\">Las escritoras marginadas del boom latinoamericano &#8211;\u00a0<span style=\"font-size: 16px;\">Luna Miguel<\/span><\/figcaption><\/figure>\n<\/div>\n<p>\u00abHe seleccionado a 12 mujeres y una espa\u00f1ola porque quer\u00eda crear puentes entre las dos tradiciones, y porque son mis favoritas, pero hablar de estas mujeres me permite hablar de otras que no est\u00e1n aqu\u00ed. Tengo informaci\u00f3n de otras muchas que dan para hacer una enciclopedia latinoamericana escrita por mujeres del siglo XX\u00bb, subraya la autora.<\/p>\n<p>Luna Miguel habla de su obra y de sus vidas, y destaca que algo muy significativo en muchas de ellas es que\u00a0<strong>se repiten algunos estereotipos en el final de sus vidas<\/strong>. \u00abMuri\u00f3 sola, se encontr\u00f3 su cuerpo d\u00edas despu\u00e9s, muri\u00f3 rodeada de gatos, sin familia, sin amigos, estaba loca. Estas frases se repiten sobre sus muertes y pienso que el retrato que se hace de ellas al final es tan indigno que imagino c\u00f3mo fue la manera de referirse a ellas durante el resto de su vidas\u00bb, recalca.<\/p>\n<p>A Elena Garro la autora le dedica un cap\u00edtulo con el ep\u00edgrafe \u00abTodo el mundo tiene una opini\u00f3n sobre la vida de Elena Garro\u00bb, y, adem\u00e1s, es la portada del libro con un retrato desfigurado realizado por Paula Bonet. \u00abUna de las cosas que m\u00e1s me sorprendi\u00f3 de Garro \u2014argumenta Miguel\u2014 fue en su centenario, en 2016, cuando se public\u00f3 por primera vez en Espa\u00f1a\u00a0<em>Los recuerdos del porvenir<\/em>\u00a0y en la faja del libro pon\u00eda: \u00abEsposa de Octavio Paz, amante de Bioy Casares, musa de Garc\u00eda M\u00e1rquez y amiga de Borges\u00bb, y me dije: \u00abBueno, adem\u00e1s de su relaci\u00f3n con los hombres, \u00bfqui\u00e9n era ella?\u00bb. El realismo m\u00e1gico \u2014contin\u00faa\u2014 lo asociamos a Garc\u00eda M\u00e1rquez, y lo hizo bien, pero se nos ha olvidado que una de sus creadoras fue Elena Garro, quien rechaz\u00f3 esas etiquetas por comerciales.\u00a0<strong>Tambi\u00e9n el\u00a0<em>boom<\/em>\u00a0rechaz\u00f3 a Rosario Ferr\u00e9<\/strong>\u00ab, dice.<\/p>\n<p><img loading=\"lazy\" decoding=\"async\" class=\"aligncenter size-full wp-image-86402 lazyloaded\" src=\"https:\/\/cdn.zendalibros.com\/wp-content\/uploads\/el-coloquio-de-las-perras_txalaparta_eus.jpg\" sizes=\"auto, (max-width: 769px) 100vw, 769px\" srcset=\"https:\/\/cdn.zendalibros.com\/wp-content\/uploads\/el-coloquio-de-las-perras_txalaparta_eus.jpg 769w, https:\/\/cdn.zendalibros.com\/wp-content\/uploads\/el-coloquio-de-las-perras_txalaparta_eus-192x300.jpg 192w, https:\/\/cdn.zendalibros.com\/wp-content\/uploads\/el-coloquio-de-las-perras_txalaparta_eus-768x1198.jpg 768w, https:\/\/cdn.zendalibros.com\/wp-content\/uploads\/el-coloquio-de-las-perras_txalaparta_eus-656x1024.jpg 656w\" alt=\"\" width=\"769\" height=\"1200\" data-lazy-srcset=\"https:\/\/cdn.zendalibros.com\/wp-content\/uploads\/el-coloquio-de-las-perras_txalaparta_eus.jpg 769w, https:\/\/cdn.zendalibros.com\/wp-content\/uploads\/el-coloquio-de-las-perras_txalaparta_eus-192x300.jpg 192w, https:\/\/cdn.zendalibros.com\/wp-content\/uploads\/el-coloquio-de-las-perras_txalaparta_eus-768x1198.jpg 768w, https:\/\/cdn.zendalibros.com\/wp-content\/uploads\/el-coloquio-de-las-perras_txalaparta_eus-656x1024.jpg 656w\" data-lazy-sizes=\"(max-width: 769px) 100vw, 769px\" data-lazy-src=\"https:\/\/cdn.zendalibros.com\/wp-content\/uploads\/el-coloquio-de-las-perras_txalaparta_eus.jpg\" data-was-processed=\"true\" \/><\/p>\n<p>A Aurora Bern\u00e1rdez se la conoce como traductora porque, en opini\u00f3n de la autora, la traducci\u00f3n les sirvi\u00f3 de refugio a muchas de ellas. \u00abEs curioso c\u00f3mo despu\u00e9s de la muerte de Bern\u00e1rdez salieron poemas y cuentos muy delicados e interesantes\u00bb, sostiene Miguel, que recupera una entrevista de una periodista con Vargas Llosa donde \u00e9ste reconoce que sin Aurora Bern\u00e1rdez, Cort\u00e1zar no hubiera sido nada.<\/p>\n<p>Luna Miguel escribe una carta a cada una de las escritoras con las que dialoga sobre el pasado y las pone en el presente. As\u00ed, Miguel deja su poso po\u00e9tico entre estas p\u00e1ginas que son un trabajo de buceo hist\u00f3rico, y donde denuncia la \u00abescritura macho\u00bb.<\/p>\n","protected":false},"excerpt":{"rendered":"<p>Escritoras marginadas Mientras a los escritores del\u00a0boom\u00a0latinoamericano se les puede \u00abhonrar, visitar sus tumbas y ponerles flores\u00bb, algunas de\u00a0las autoras latinoamericanas que fueron rechazadas por el canon\u00a0\u00abno tienen ni siquiera tumba y no se sabe d\u00f3nde est\u00e1n enterradas\u00bb. Esta es una las realidades amargas que denuncia la periodista, poeta y editora\u00a0Luna Miguel\u00a0a Efe y que [&hellip;]<\/p>\n","protected":false},"author":4,"featured_media":42634,"comment_status":"open","ping_status":"open","sticky":false,"template":"","format":"standard","meta":{"iawp_total_views":153,"footnotes":""},"categories":[32,6],"tags":[2301,2299,2300],"class_list":["post-42629","post","type-post","status-publish","format-standard","has-post-thumbnail","hentry","category-mujeres","category-articulos","tag-el-coloquio-de-las-perras","tag-escritoras-marginadas","tag-luna-miguel"],"nelio_content":{"autoShareEndMode":"never","automationSources":{"useCustomSentences":false,"customSentences":[]},"efiAlt":"","efiUrl":"","followers":[4],"highlights":[],"isAutoShareEnabled":true,"networkImageIds":[],"permalinkQueryArgs":[],"series":[],"suggestedReferences":[]},"yoast_head":"<!-- This site is optimized with the Yoast SEO plugin v27.5 - https:\/\/yoast.com\/product\/yoast-seo-wordpress\/ -->\n<title>Las escritoras marginadas del boom latinoamericano - Diario Digital Femenino<\/title>\n<meta name=\"description\" content=\"Las escritoras marginadas del boom latinoamericano. Esta es una las realidades amargas que denuncia la periodista, poeta y editora\u00a0Luna Miguel\" \/>\n<meta name=\"robots\" content=\"index, follow, max-snippet:-1, max-image-preview:large, max-video-preview:-1\" \/>\n<link rel=\"canonical\" href=\"https:\/\/diariofemenino.com.ar\/df\/las-escritoras-marginadas-del-boom-latinoamericano\/\" \/>\n<meta property=\"og:locale\" content=\"es_ES\" \/>\n<meta property=\"og:type\" content=\"article\" \/>\n<meta property=\"og:title\" content=\"Las escritoras marginadas del boom latinoamericano - Diario Digital Femenino\" \/>\n<meta property=\"og:description\" content=\"Las escritoras marginadas del boom latinoamericano. Esta es una las realidades amargas que denuncia la periodista, poeta y editora\u00a0Luna Miguel\" \/>\n<meta property=\"og:url\" content=\"https:\/\/diariofemenino.com.ar\/df\/las-escritoras-marginadas-del-boom-latinoamericano\/\" \/>\n<meta property=\"og:site_name\" content=\"Diario Digital Femenino\" \/>\n<meta property=\"article:publisher\" content=\"https:\/\/www.facebook.com\/DiarioDigitaFemenino\/\" \/>\n<meta property=\"article:published_time\" content=\"2019-10-20T23:24:20+00:00\" \/>\n<meta property=\"og:image\" content=\"https:\/\/diariofemenino.com.ar\/df\/wp-content\/uploads\/2019\/10\/el-coloquio-de-las-perras-portada.jpg\" \/>\n\t<meta property=\"og:image:width\" content=\"769\" \/>\n\t<meta property=\"og:image:height\" content=\"636\" \/>\n\t<meta property=\"og:image:type\" content=\"image\/jpeg\" \/>\n<meta name=\"author\" content=\"Admin\" \/>\n<meta name=\"twitter:card\" content=\"summary_large_image\" \/>\n<meta name=\"twitter:creator\" content=\"@DiarioFemenino1\" \/>\n<meta name=\"twitter:site\" content=\"@DiarioFemenino1\" \/>\n<meta name=\"twitter:label1\" content=\"Escrito por\" \/>\n\t<meta name=\"twitter:data1\" content=\"Admin\" \/>\n\t<meta name=\"twitter:label2\" content=\"Tiempo de lectura\" \/>\n\t<meta name=\"twitter:data2\" content=\"3 minutos\" \/>\n<script type=\"application\/ld+json\" class=\"yoast-schema-graph\">{\"@context\":\"https:\\\/\\\/schema.org\",\"@graph\":[{\"@type\":\"Article\",\"@id\":\"https:\\\/\\\/diariofemenino.com.ar\\\/df\\\/las-escritoras-marginadas-del-boom-latinoamericano\\\/#article\",\"isPartOf\":{\"@id\":\"https:\\\/\\\/diariofemenino.com.ar\\\/df\\\/las-escritoras-marginadas-del-boom-latinoamericano\\\/\"},\"author\":{\"name\":\"Admin\",\"@id\":\"https:\\\/\\\/diariofemenino.com.ar\\\/df\\\/#\\\/schema\\\/person\\\/bf6199e8158c657ea6f789b11ec85509\"},\"headline\":\"Las escritoras marginadas del boom latinoamericano\",\"datePublished\":\"2019-10-20T23:24:20+00:00\",\"mainEntityOfPage\":{\"@id\":\"https:\\\/\\\/diariofemenino.com.ar\\\/df\\\/las-escritoras-marginadas-del-boom-latinoamericano\\\/\"},\"wordCount\":705,\"commentCount\":1,\"publisher\":{\"@id\":\"https:\\\/\\\/diariofemenino.com.ar\\\/df\\\/#organization\"},\"image\":{\"@id\":\"https:\\\/\\\/diariofemenino.com.ar\\\/df\\\/las-escritoras-marginadas-del-boom-latinoamericano\\\/#primaryimage\"},\"thumbnailUrl\":\"https:\\\/\\\/diariofemenino.com.ar\\\/df\\\/wp-content\\\/uploads\\\/2019\\\/10\\\/el-coloquio-de-las-perras-portada.jpg\",\"keywords\":[\"El coloquio de las perras\",\"Escritoras marginadas\",\"Luna Miguel\"],\"articleSection\":[\"Mujeres\",\"Mujeres en Palabras\"],\"inLanguage\":\"es\",\"potentialAction\":[{\"@type\":\"CommentAction\",\"name\":\"Comment\",\"target\":[\"https:\\\/\\\/diariofemenino.com.ar\\\/df\\\/las-escritoras-marginadas-del-boom-latinoamericano\\\/#respond\"]}]},{\"@type\":\"WebPage\",\"@id\":\"https:\\\/\\\/diariofemenino.com.ar\\\/df\\\/las-escritoras-marginadas-del-boom-latinoamericano\\\/\",\"url\":\"https:\\\/\\\/diariofemenino.com.ar\\\/df\\\/las-escritoras-marginadas-del-boom-latinoamericano\\\/\",\"name\":\"Las escritoras marginadas del boom latinoamericano - Diario Digital Femenino\",\"isPartOf\":{\"@id\":\"https:\\\/\\\/diariofemenino.com.ar\\\/df\\\/#website\"},\"primaryImageOfPage\":{\"@id\":\"https:\\\/\\\/diariofemenino.com.ar\\\/df\\\/las-escritoras-marginadas-del-boom-latinoamericano\\\/#primaryimage\"},\"image\":{\"@id\":\"https:\\\/\\\/diariofemenino.com.ar\\\/df\\\/las-escritoras-marginadas-del-boom-latinoamericano\\\/#primaryimage\"},\"thumbnailUrl\":\"https:\\\/\\\/diariofemenino.com.ar\\\/df\\\/wp-content\\\/uploads\\\/2019\\\/10\\\/el-coloquio-de-las-perras-portada.jpg\",\"datePublished\":\"2019-10-20T23:24:20+00:00\",\"description\":\"Las escritoras marginadas del boom latinoamericano. Esta es una las realidades amargas que denuncia la periodista, poeta y editora\u00a0Luna Miguel\",\"breadcrumb\":{\"@id\":\"https:\\\/\\\/diariofemenino.com.ar\\\/df\\\/las-escritoras-marginadas-del-boom-latinoamericano\\\/#breadcrumb\"},\"inLanguage\":\"es\",\"potentialAction\":[{\"@type\":\"ReadAction\",\"target\":[\"https:\\\/\\\/diariofemenino.com.ar\\\/df\\\/las-escritoras-marginadas-del-boom-latinoamericano\\\/\"]}]},{\"@type\":\"ImageObject\",\"inLanguage\":\"es\",\"@id\":\"https:\\\/\\\/diariofemenino.com.ar\\\/df\\\/las-escritoras-marginadas-del-boom-latinoamericano\\\/#primaryimage\",\"url\":\"https:\\\/\\\/diariofemenino.com.ar\\\/df\\\/wp-content\\\/uploads\\\/2019\\\/10\\\/el-coloquio-de-las-perras-portada.jpg\",\"contentUrl\":\"https:\\\/\\\/diariofemenino.com.ar\\\/df\\\/wp-content\\\/uploads\\\/2019\\\/10\\\/el-coloquio-de-las-perras-portada.jpg\",\"width\":769,\"height\":636,\"caption\":\"Las escritoras marginadas del boom latinoamericano\"},{\"@type\":\"BreadcrumbList\",\"@id\":\"https:\\\/\\\/diariofemenino.com.ar\\\/df\\\/las-escritoras-marginadas-del-boom-latinoamericano\\\/#breadcrumb\",\"itemListElement\":[{\"@type\":\"ListItem\",\"position\":1,\"name\":\"Portada\",\"item\":\"https:\\\/\\\/diariofemenino.com.ar\\\/df\\\/\"},{\"@type\":\"ListItem\",\"position\":2,\"name\":\"Las escritoras marginadas del boom latinoamericano\"}]},{\"@type\":\"WebSite\",\"@id\":\"https:\\\/\\\/diariofemenino.com.ar\\\/df\\\/#website\",\"url\":\"https:\\\/\\\/diariofemenino.com.ar\\\/df\\\/\",\"name\":\"Diario Digital Femenino\",\"description\":\"Cuesti\u00f3n de G\u00e9nero\",\"publisher\":{\"@id\":\"https:\\\/\\\/diariofemenino.com.ar\\\/df\\\/#organization\"},\"potentialAction\":[{\"@type\":\"SearchAction\",\"target\":{\"@type\":\"EntryPoint\",\"urlTemplate\":\"https:\\\/\\\/diariofemenino.com.ar\\\/df\\\/?s={search_term_string}\"},\"query-input\":{\"@type\":\"PropertyValueSpecification\",\"valueRequired\":true,\"valueName\":\"search_term_string\"}}],\"inLanguage\":\"es\"},{\"@type\":\"Organization\",\"@id\":\"https:\\\/\\\/diariofemenino.com.ar\\\/df\\\/#organization\",\"name\":\"Diario Femenino\",\"url\":\"https:\\\/\\\/diariofemenino.com.ar\\\/df\\\/\",\"logo\":{\"@type\":\"ImageObject\",\"inLanguage\":\"es\",\"@id\":\"https:\\\/\\\/diariofemenino.com.ar\\\/df\\\/#\\\/schema\\\/logo\\\/image\\\/\",\"url\":\"https:\\\/\\\/diariofemenino.com.ar\\\/df\\\/wp-content\\\/uploads\\\/2018\\\/10\\\/logo.png\",\"contentUrl\":\"https:\\\/\\\/diariofemenino.com.ar\\\/df\\\/wp-content\\\/uploads\\\/2018\\\/10\\\/logo.png\",\"width\":500,\"height\":92,\"caption\":\"Diario Femenino\"},\"image\":{\"@id\":\"https:\\\/\\\/diariofemenino.com.ar\\\/df\\\/#\\\/schema\\\/logo\\\/image\\\/\"},\"sameAs\":[\"https:\\\/\\\/www.facebook.com\\\/DiarioDigitaFemenino\\\/\",\"https:\\\/\\\/x.com\\\/DiarioFemenino1\"]},{\"@type\":\"Person\",\"@id\":\"https:\\\/\\\/diariofemenino.com.ar\\\/df\\\/#\\\/schema\\\/person\\\/bf6199e8158c657ea6f789b11ec85509\",\"name\":\"Admin\",\"image\":{\"@type\":\"ImageObject\",\"inLanguage\":\"es\",\"@id\":\"https:\\\/\\\/diariofemenino.com.ar\\\/df\\\/wp-content\\\/uploads\\\/2018\\\/12\\\/favicon-150x150.jpg\",\"url\":\"https:\\\/\\\/diariofemenino.com.ar\\\/df\\\/wp-content\\\/uploads\\\/2018\\\/12\\\/favicon-150x150.jpg\",\"contentUrl\":\"https:\\\/\\\/diariofemenino.com.ar\\\/df\\\/wp-content\\\/uploads\\\/2018\\\/12\\\/favicon-150x150.jpg\",\"caption\":\"Admin\"},\"url\":\"https:\\\/\\\/diariofemenino.com.ar\\\/df\\\/author\\\/lenny\\\/\"}]}<\/script>\n<!-- \/ Yoast SEO plugin. -->","yoast_head_json":{"title":"Las escritoras marginadas del boom latinoamericano - Diario Digital Femenino","description":"Las escritoras marginadas del boom latinoamericano. Esta es una las realidades amargas que denuncia la periodista, poeta y editora\u00a0Luna Miguel","robots":{"index":"index","follow":"follow","max-snippet":"max-snippet:-1","max-image-preview":"max-image-preview:large","max-video-preview":"max-video-preview:-1"},"canonical":"https:\/\/diariofemenino.com.ar\/df\/las-escritoras-marginadas-del-boom-latinoamericano\/","og_locale":"es_ES","og_type":"article","og_title":"Las escritoras marginadas del boom latinoamericano - Diario Digital Femenino","og_description":"Las escritoras marginadas del boom latinoamericano. Esta es una las realidades amargas que denuncia la periodista, poeta y editora\u00a0Luna Miguel","og_url":"https:\/\/diariofemenino.com.ar\/df\/las-escritoras-marginadas-del-boom-latinoamericano\/","og_site_name":"Diario Digital Femenino","article_publisher":"https:\/\/www.facebook.com\/DiarioDigitaFemenino\/","article_published_time":"2019-10-20T23:24:20+00:00","og_image":[{"width":769,"height":636,"url":"https:\/\/diariofemenino.com.ar\/df\/wp-content\/uploads\/2019\/10\/el-coloquio-de-las-perras-portada.jpg","type":"image\/jpeg"}],"author":"Admin","twitter_card":"summary_large_image","twitter_creator":"@DiarioFemenino1","twitter_site":"@DiarioFemenino1","twitter_misc":{"Escrito por":"Admin","Tiempo de lectura":"3 minutos"},"schema":{"@context":"https:\/\/schema.org","@graph":[{"@type":"Article","@id":"https:\/\/diariofemenino.com.ar\/df\/las-escritoras-marginadas-del-boom-latinoamericano\/#article","isPartOf":{"@id":"https:\/\/diariofemenino.com.ar\/df\/las-escritoras-marginadas-del-boom-latinoamericano\/"},"author":{"name":"Admin","@id":"https:\/\/diariofemenino.com.ar\/df\/#\/schema\/person\/bf6199e8158c657ea6f789b11ec85509"},"headline":"Las escritoras marginadas del boom latinoamericano","datePublished":"2019-10-20T23:24:20+00:00","mainEntityOfPage":{"@id":"https:\/\/diariofemenino.com.ar\/df\/las-escritoras-marginadas-del-boom-latinoamericano\/"},"wordCount":705,"commentCount":1,"publisher":{"@id":"https:\/\/diariofemenino.com.ar\/df\/#organization"},"image":{"@id":"https:\/\/diariofemenino.com.ar\/df\/las-escritoras-marginadas-del-boom-latinoamericano\/#primaryimage"},"thumbnailUrl":"https:\/\/diariofemenino.com.ar\/df\/wp-content\/uploads\/2019\/10\/el-coloquio-de-las-perras-portada.jpg","keywords":["El coloquio de las perras","Escritoras marginadas","Luna Miguel"],"articleSection":["Mujeres","Mujeres en Palabras"],"inLanguage":"es","potentialAction":[{"@type":"CommentAction","name":"Comment","target":["https:\/\/diariofemenino.com.ar\/df\/las-escritoras-marginadas-del-boom-latinoamericano\/#respond"]}]},{"@type":"WebPage","@id":"https:\/\/diariofemenino.com.ar\/df\/las-escritoras-marginadas-del-boom-latinoamericano\/","url":"https:\/\/diariofemenino.com.ar\/df\/las-escritoras-marginadas-del-boom-latinoamericano\/","name":"Las escritoras marginadas del boom latinoamericano - Diario Digital Femenino","isPartOf":{"@id":"https:\/\/diariofemenino.com.ar\/df\/#website"},"primaryImageOfPage":{"@id":"https:\/\/diariofemenino.com.ar\/df\/las-escritoras-marginadas-del-boom-latinoamericano\/#primaryimage"},"image":{"@id":"https:\/\/diariofemenino.com.ar\/df\/las-escritoras-marginadas-del-boom-latinoamericano\/#primaryimage"},"thumbnailUrl":"https:\/\/diariofemenino.com.ar\/df\/wp-content\/uploads\/2019\/10\/el-coloquio-de-las-perras-portada.jpg","datePublished":"2019-10-20T23:24:20+00:00","description":"Las escritoras marginadas del boom latinoamericano. Esta es una las realidades amargas que denuncia la periodista, poeta y editora\u00a0Luna Miguel","breadcrumb":{"@id":"https:\/\/diariofemenino.com.ar\/df\/las-escritoras-marginadas-del-boom-latinoamericano\/#breadcrumb"},"inLanguage":"es","potentialAction":[{"@type":"ReadAction","target":["https:\/\/diariofemenino.com.ar\/df\/las-escritoras-marginadas-del-boom-latinoamericano\/"]}]},{"@type":"ImageObject","inLanguage":"es","@id":"https:\/\/diariofemenino.com.ar\/df\/las-escritoras-marginadas-del-boom-latinoamericano\/#primaryimage","url":"https:\/\/diariofemenino.com.ar\/df\/wp-content\/uploads\/2019\/10\/el-coloquio-de-las-perras-portada.jpg","contentUrl":"https:\/\/diariofemenino.com.ar\/df\/wp-content\/uploads\/2019\/10\/el-coloquio-de-las-perras-portada.jpg","width":769,"height":636,"caption":"Las escritoras marginadas del boom latinoamericano"},{"@type":"BreadcrumbList","@id":"https:\/\/diariofemenino.com.ar\/df\/las-escritoras-marginadas-del-boom-latinoamericano\/#breadcrumb","itemListElement":[{"@type":"ListItem","position":1,"name":"Portada","item":"https:\/\/diariofemenino.com.ar\/df\/"},{"@type":"ListItem","position":2,"name":"Las escritoras marginadas del boom latinoamericano"}]},{"@type":"WebSite","@id":"https:\/\/diariofemenino.com.ar\/df\/#website","url":"https:\/\/diariofemenino.com.ar\/df\/","name":"Diario Digital Femenino","description":"Cuesti\u00f3n de G\u00e9nero","publisher":{"@id":"https:\/\/diariofemenino.com.ar\/df\/#organization"},"potentialAction":[{"@type":"SearchAction","target":{"@type":"EntryPoint","urlTemplate":"https:\/\/diariofemenino.com.ar\/df\/?s={search_term_string}"},"query-input":{"@type":"PropertyValueSpecification","valueRequired":true,"valueName":"search_term_string"}}],"inLanguage":"es"},{"@type":"Organization","@id":"https:\/\/diariofemenino.com.ar\/df\/#organization","name":"Diario Femenino","url":"https:\/\/diariofemenino.com.ar\/df\/","logo":{"@type":"ImageObject","inLanguage":"es","@id":"https:\/\/diariofemenino.com.ar\/df\/#\/schema\/logo\/image\/","url":"https:\/\/diariofemenino.com.ar\/df\/wp-content\/uploads\/2018\/10\/logo.png","contentUrl":"https:\/\/diariofemenino.com.ar\/df\/wp-content\/uploads\/2018\/10\/logo.png","width":500,"height":92,"caption":"Diario Femenino"},"image":{"@id":"https:\/\/diariofemenino.com.ar\/df\/#\/schema\/logo\/image\/"},"sameAs":["https:\/\/www.facebook.com\/DiarioDigitaFemenino\/","https:\/\/x.com\/DiarioFemenino1"]},{"@type":"Person","@id":"https:\/\/diariofemenino.com.ar\/df\/#\/schema\/person\/bf6199e8158c657ea6f789b11ec85509","name":"Admin","image":{"@type":"ImageObject","inLanguage":"es","@id":"https:\/\/diariofemenino.com.ar\/df\/wp-content\/uploads\/2018\/12\/favicon-150x150.jpg","url":"https:\/\/diariofemenino.com.ar\/df\/wp-content\/uploads\/2018\/12\/favicon-150x150.jpg","contentUrl":"https:\/\/diariofemenino.com.ar\/df\/wp-content\/uploads\/2018\/12\/favicon-150x150.jpg","caption":"Admin"},"url":"https:\/\/diariofemenino.com.ar\/df\/author\/lenny\/"}]}},"jetpack_featured_media_url":"https:\/\/diariofemenino.com.ar\/df\/wp-content\/uploads\/2019\/10\/el-coloquio-de-las-perras-portada.jpg","jetpack_sharing_enabled":true,"rttpg_featured_image_url":{"full":["https:\/\/diariofemenino.com.ar\/df\/wp-content\/uploads\/2019\/10\/el-coloquio-de-las-perras-portada.jpg",769,636,false],"landscape":["https:\/\/diariofemenino.com.ar\/df\/wp-content\/uploads\/2019\/10\/el-coloquio-de-las-perras-portada.jpg",769,636,false],"portraits":["https:\/\/diariofemenino.com.ar\/df\/wp-content\/uploads\/2019\/10\/el-coloquio-de-las-perras-portada.jpg",769,636,false],"thumbnail":["https:\/\/diariofemenino.com.ar\/df\/wp-content\/uploads\/2019\/10\/el-coloquio-de-las-perras-portada-150x150.jpg",150,150,true],"medium":["https:\/\/diariofemenino.com.ar\/df\/wp-content\/uploads\/2019\/10\/el-coloquio-de-las-perras-portada-300x248.jpg",300,248,true],"large":["https:\/\/diariofemenino.com.ar\/df\/wp-content\/uploads\/2019\/10\/el-coloquio-de-las-perras-portada.jpg",769,636,false],"1536x1536":["https:\/\/diariofemenino.com.ar\/df\/wp-content\/uploads\/2019\/10\/el-coloquio-de-las-perras-portada.jpg",769,636,false],"2048x2048":["https:\/\/diariofemenino.com.ar\/df\/wp-content\/uploads\/2019\/10\/el-coloquio-de-las-perras-portada.jpg",769,636,false]},"rttpg_author":{"display_name":"Admin","author_link":"https:\/\/diariofemenino.com.ar\/df\/author\/lenny\/"},"rttpg_comment":1,"rttpg_category":"<a href=\"https:\/\/diariofemenino.com.ar\/df\/category\/mujeres\/\" rel=\"category tag\">Mujeres<\/a> <a href=\"https:\/\/diariofemenino.com.ar\/df\/category\/articulos\/\" rel=\"category tag\">Mujeres en Palabras<\/a>","rttpg_excerpt":"Escritoras marginadas Mientras a los escritores del\u00a0boom\u00a0latinoamericano se les puede \u00abhonrar, visitar sus tumbas y ponerles flores\u00bb, algunas de\u00a0las autoras latinoamericanas que fueron rechazadas por el canon\u00a0\u00abno tienen ni siquiera tumba y no se sabe d\u00f3nde est\u00e1n enterradas\u00bb. Esta es una las realidades amargas que denuncia la periodista, poeta y editora\u00a0Luna Miguel\u00a0a Efe y que&hellip;","_links":{"self":[{"href":"https:\/\/diariofemenino.com.ar\/df\/wp-json\/wp\/v2\/posts\/42629","targetHints":{"allow":["GET"]}}],"collection":[{"href":"https:\/\/diariofemenino.com.ar\/df\/wp-json\/wp\/v2\/posts"}],"about":[{"href":"https:\/\/diariofemenino.com.ar\/df\/wp-json\/wp\/v2\/types\/post"}],"author":[{"embeddable":true,"href":"https:\/\/diariofemenino.com.ar\/df\/wp-json\/wp\/v2\/users\/4"}],"replies":[{"embeddable":true,"href":"https:\/\/diariofemenino.com.ar\/df\/wp-json\/wp\/v2\/comments?post=42629"}],"version-history":[{"count":0,"href":"https:\/\/diariofemenino.com.ar\/df\/wp-json\/wp\/v2\/posts\/42629\/revisions"}],"wp:featuredmedia":[{"embeddable":true,"href":"https:\/\/diariofemenino.com.ar\/df\/wp-json\/wp\/v2\/media\/42634"}],"wp:attachment":[{"href":"https:\/\/diariofemenino.com.ar\/df\/wp-json\/wp\/v2\/media?parent=42629"}],"wp:term":[{"taxonomy":"category","embeddable":true,"href":"https:\/\/diariofemenino.com.ar\/df\/wp-json\/wp\/v2\/categories?post=42629"},{"taxonomy":"post_tag","embeddable":true,"href":"https:\/\/diariofemenino.com.ar\/df\/wp-json\/wp\/v2\/tags?post=42629"}],"curies":[{"name":"wp","href":"https:\/\/api.w.org\/{rel}","templated":true}]}}