{"id":42600,"date":"2019-10-21T13:10:38","date_gmt":"2019-10-21T16:10:38","guid":{"rendered":"https:\/\/diariofemenino.com.ar\/?p=42600"},"modified":"2019-10-21T13:10:38","modified_gmt":"2019-10-21T16:10:38","slug":"informe-final-sobre-desarrollo-y-conclusiones-sobre-la-jornada-federal-misiones","status":"publish","type":"post","link":"https:\/\/diariofemenino.com.ar\/df\/informe-final-sobre-desarrollo-y-conclusiones-sobre-la-jornada-federal-misiones\/","title":{"rendered":"Informe final sobre desarrollo y conclusiones sobre la JORNADA FEDERAL , Misiones"},"content":{"rendered":"<p>En Posadas, <a href=\"https:\/\/es.wikipedia.org\/wiki\/Provincia_de_Misiones\">Misiones<\/a> trabajaron la propuesta del <a href=\"https:\/\/www.frentedetodos.org\/\">Frente de Todos<\/a> en la Jornada Federal desarrollada el <a href=\"https:\/\/diariofemenino.com.ar\/formosa-propuestas-para-la-plataforma-electoral-del-frente-de-todos\/\">6 de octubre<\/a>, la tarea se dividi\u00f3 en <a href=\"https:\/\/diariofemenino.com.ar\/tucuman\/\">Comisiones<\/a> sobre: <strong>Trabajo, pol\u00edticas de cuidado y econom\u00eda popular; Violencias;\u00a0Salud sexual y reproductiva y Salud Sexual Integral;\u00a0Diversidad sexual, diversidad de g\u00e9nero y diversidades corporales;\u00a0Protagonismo, participaci\u00f3n Pol\u00edtica y Paridad de g\u00e9nero.<\/strong><\/p>\n<p><img loading=\"lazy\" decoding=\"async\" class=\"size-full wp-image-42665\" src=\"https:\/\/diariofemenino.com.ar\/df\/wp-content\/uploads\/2019\/10\/WhatsApp-Image-2019-10-19-at-10.17.35.jpeg\" alt=\"Informe final sobre desarrollo y conclusiones sobre la JORNADA FEDERAL , Misiones\" width=\"720\" height=\"900\" srcset=\"https:\/\/diariofemenino.com.ar\/df\/wp-content\/uploads\/2019\/10\/WhatsApp-Image-2019-10-19-at-10.17.35.jpeg 720w, https:\/\/diariofemenino.com.ar\/df\/wp-content\/uploads\/2019\/10\/WhatsApp-Image-2019-10-19-at-10.17.35-240x300.jpeg 240w\" sizes=\"auto, (max-width: 720px) 100vw, 720px\" \/><br \/>\n<span style=\"font-size: 14px;\">Informe final sobre desarrollo y conclusiones sobre la JORNADA FEDERAL , Misiones<\/span><\/p>\n<p>A continuaci\u00f3n difundimos el informe final:<\/p>\n<p style=\"text-align: center;\"><strong>El informe final sobre desarrollo y de la realizaci\u00f3n conclusiones<\/strong><br \/>\n<strong>sobre la JORNADA FEDERAL, se confeccion\u00f3 por Comisiones y con las<\/strong><br \/>\n<strong>tem\u00e1ticas propuestas<\/strong><\/p>\n<p><img loading=\"lazy\" decoding=\"async\" class=\"aligncenter size-full wp-image-42601\" src=\"https:\/\/diariofemenino.com.ar\/df\/wp-content\/uploads\/2019\/10\/Comisi\u00f3n1.jpg\" alt=\"\" width=\"622\" height=\"76\" srcset=\"https:\/\/diariofemenino.com.ar\/df\/wp-content\/uploads\/2019\/10\/Comisi\u00f3n1.jpg 622w, https:\/\/diariofemenino.com.ar\/df\/wp-content\/uploads\/2019\/10\/Comisi\u00f3n1-300x37.jpg 300w\" sizes=\"auto, (max-width: 622px) 100vw, 622px\" \/><br \/>\nParticipantes: 40 mujeres de distintas organizaciones y de la econom\u00eda popular.<\/p>\n<p>Una frase que nos unifico como comisi\u00f3n: \u201cDignificar a la mujer a trav\u00e9s del Trabajo\u201d<br \/>\nMujeres con Comercio u otra actividad laboral privada formal. En el caso de las mujeres\u00a0presentes que ten\u00edan un local comercial o tur\u00edstico (por ej. una peluquer\u00eda, un negocio y una\u00a0agencia de turismo) su preocupaci\u00f3n principal era la debacle de la econom\u00eda, que hizo que\u00a0sus negocios perdieran clientes y que se mantengan a duras penas. Una de ellas tuvo incluso\u00a0que vender su auto y esperar que esto mejore.<br \/>\nMujeres como trabajadoras de la Econom\u00eda Popular, las mismas se encuentran con diversas\u00a0dificultades para solucionar:<\/p>\n<p><strong>a)<\/strong> Contar con un espacio para la venta en las ferias, con un costo m\u00e1s bajo que el actual. Que sea proporcional a lo vendido. Actualmente se cobra un monto fijo, que deben\u00a0pagar vendan o no. Se propone tambi\u00e9n que sean las propias feriantes que puedan\u00a0autogestionar los ingresos y el mantenimiento del espacio de las ferias.<br \/>\n<strong>b)<\/strong> Apoyar a la creaci\u00f3n de cooperativas de trabajos, disminuyendo los tr\u00e1mites\u00a0burocr\u00e1ticos y los costos que se exigen para la creaci\u00f3n de una cooperativa.<br \/>\n<strong>c)<\/strong> En el caso de las Mujeres Tareferas:,<br \/>\n<strong>a.<\/strong> es fundamental que cobren el seguro de la interzafra. En la actualidad, para<br \/>\ncobrar la interzafra se debe haber cobrado un m\u00ednimo de $6000 por mes\u00a0durante 3 meses y esa es una cantidad que las mujeres normalmente no\u00a0llegan a producir, sea por tener menos fuerza f\u00edsica o por tener que atender<br \/>\na sus hijos tambi\u00e9n durante la tarefa. Esto empeora cuando se trata de\u00a0madres solteras, que van a la tarefa y que incluso llevan a sus hijos. Como los\u00a0hombres consiguen producir esta cantidad ellos si cobran. Se propone que el<br \/>\npago sea a todos (Hombres y mujeres) proporcional a lo producido.<br \/>\n<strong>b<\/strong>. Otro problema que enfrentan las tareferas es que se les quito la AUH. Se debe\u00a0atender este problema<br \/>\n<strong>c<\/strong>. Las compa\u00f1eras tareferas consideran, que en su caso, tambi\u00e9n ser\u00eda \u00fatil\u00a0formar cooperativas, hacerlo con un tr\u00e1mite simplificado y no depender de\u00a0esas actitudes de los empleadores que las discriminan.<br \/>\n<strong>d)<\/strong> Trabajar por un futuro mejor garantizando el acceso directo a la tierra (para las\u00a0actividades agr\u00edcolas) y el acceso a la vivienda digna. Entendemos que el acceso a la\u00a0vivienda digna tambi\u00e9n genera la posibilidad de trabajo digno para las mujeres que\u00a0pueden trabajar directamente en la construcci\u00f3n de las viviendas. Hoy hay un fuerte\u00a0prejuicio respecto de la capacidad de las mujeres para trabajar en la construcci\u00f3n.<br \/>\nLas mujeres deben contar ellas con el t\u00edtulo de propiedad.<br \/>\n<strong>e)<\/strong> Establecer un cupo laboral para los Trans, garantizando igualdad de derechos.<br \/>\n<strong>f)<\/strong> Generar desde las pol\u00edticas de estado, trabajos dignos con salarios dignos.<\/p>\n<p><strong>Ense\u00f1anza para mejorar la econom\u00eda individual y familiar<br \/>\n<\/strong><br \/>\n<strong>g)<\/strong> Otra propuesta presentada, apuntando al hecho de dignificar a la mujer por el\u00a0trabajo, es la de desarrollar una actividad productiva que permita al mismo tiempo\u00a0ense\u00f1ar un oficio (peluquer\u00eda, costura, crochet, puntillismo, artesan\u00edas en general),\u00a0fortaleciendo la b\u00fasqueda de clientes y la solidaridad. Durante el debate se not\u00f3 que<br \/>\nhay varias propuestas similares.<br \/>\n<strong>h)<\/strong> Se propone ense\u00f1ar econom\u00eda del hogar a les j\u00f3venes en los colegios secundarios,\u00a0familiariz\u00e1ndolos con la gesti\u00f3n del dinero, de los subsidios, y con las posibilidades\u00a0que brindan las pol\u00edticas p\u00fablicas en t\u00e9rminos de cr\u00e9ditos y\/o apoyos para iniciar\u00a0actividades econ\u00f3micas. Al mismo tiempo estos cursos permitir\u00e1n a les j\u00f3venes\u00a0entender cu\u00e1l es la situaci\u00f3n de las necesidades a satisfacer con lo que produzcan\u00a0(por ej. Hoy se produce mucha artesan\u00eda que no se vende y quiz\u00e1s el momento es\u00a0m\u00e1s indicado para ofrecer servicios de cuidado u otros). En este caso se considera a<br \/>\nles j\u00f3venes como \u201cel factor de cambio\u201d en la familia, aumentando sus posibilidades\u00a0de mejora econ\u00f3mica, porque son los que pudieron acceder a mejor educaci\u00f3n y en\u00a0este a entender la gesti\u00f3n econ\u00f3mica en el hogar.<\/p>\n<p><strong>POLITICAS DE CUIDADO<\/strong><br \/>\nAcuerdo b\u00e1sico en todas las propuestas: Posicionar al CUIDADO como un pilar de protecci\u00f3n\u00a0social y de las pol\u00edticas p\u00fablicas. La perspectiva de derechos debe abordar la condici\u00f3n de los\u00a0sujetos de cuidado como de las cuidadoras.<br \/>\nLa mujer se encuentra constantemente con la obligaci\u00f3n de realizar las tareas de cuidado de\u00a0ni\u00f1os, adultos mayores y personas con discapacidad en su familia, siendo esto no\u00a0remunerado y a su vez disminuyendo sus posibilidades de contar con un trabajo rentado y\u00a0con respaldo previsional.<br \/>\nEste tema se abord\u00f3 desde distintos proyectos y tem\u00e1ticas, surge constantemente al discutir\u00a0el tiempo que se puede dedicar a la producci\u00f3n rentable y a partir de esto se unifican diversas\u00a0propuestas:<\/p>\n<p>Seguir leyendo en el archivo del Informe completo:<a href=\"https:\/\/diariofemenino.com.ar\/df\/wp-content\/uploads\/2019\/10\/INFORME-x-Comisiones-1.pdf\"><strong> AQU\u00cd<\/strong><\/a><\/p>\n<figure id=\"attachment_42666\" aria-describedby=\"caption-attachment-42666\" style=\"width: 668px\" class=\"wp-caption alignnone\"><img loading=\"lazy\" decoding=\"async\" class=\"size-full wp-image-42666\" src=\"https:\/\/diariofemenino.com.ar\/df\/wp-content\/uploads\/2019\/10\/WhatsApp-Image-2019-10-19-at-10.17.34-1.jpeg\" alt=\"Informe final sobre desarrollo y conclusiones sobre la JORNADA FEDERAL , Misiones\" width=\"668\" height=\"668\" srcset=\"https:\/\/diariofemenino.com.ar\/df\/wp-content\/uploads\/2019\/10\/WhatsApp-Image-2019-10-19-at-10.17.34-1.jpeg 668w, https:\/\/diariofemenino.com.ar\/df\/wp-content\/uploads\/2019\/10\/WhatsApp-Image-2019-10-19-at-10.17.34-1-150x150.jpeg 150w, https:\/\/diariofemenino.com.ar\/df\/wp-content\/uploads\/2019\/10\/WhatsApp-Image-2019-10-19-at-10.17.34-1-300x300.jpeg 300w\" sizes=\"auto, (max-width: 668px) 100vw, 668px\" \/><figcaption id=\"caption-attachment-42666\" class=\"wp-caption-text\">Informe final sobre desarrollo y conclusiones sobre la JORNADA FEDERAL , Misiones<\/figcaption><\/figure>\n","protected":false},"excerpt":{"rendered":"<p>En Posadas, Misiones trabajaron la propuesta del Frente de Todos en la Jornada Federal desarrollada el 6 de octubre, la tarea se dividi\u00f3 en Comisiones sobre: Trabajo, pol\u00edticas de cuidado y econom\u00eda popular; Violencias;\u00a0Salud sexual y reproductiva y Salud Sexual Integral;\u00a0Diversidad sexual, diversidad de g\u00e9nero y diversidades corporales;\u00a0Protagonismo, participaci\u00f3n Pol\u00edtica y Paridad de g\u00e9nero. Informe [&hellip;]<\/p>\n","protected":false},"author":4,"featured_media":42664,"comment_status":"open","ping_status":"open","sticky":false,"template":"","format":"standard","meta":{"iawp_total_views":12,"footnotes":""},"categories":[7,23,592],"tags":[2303,577],"class_list":["post-42600","post","type-post","status-publish","format-standard","has-post-thumbnail","hentry","category-actividades","category-salud","category-violencias","tag-jornada-federal","tag-misiones"],"nelio_content":{"autoShareEndMode":"never","automationSources":{"useCustomSentences":false,"customSentences":[]},"efiAlt":"","efiUrl":"","followers":[4],"highlights":[],"isAutoShareEnabled":true,"networkImageIds":[],"permalinkQueryArgs":[],"series":[],"suggestedReferences":[]},"yoast_head":"<!-- This site is optimized with the Yoast SEO plugin v27.5 - https:\/\/yoast.com\/product\/yoast-seo-wordpress\/ -->\n<title>Informe final sobre desarrollo y conclusiones sobre la JORNADA FEDERAL , Misiones - Diario Digital Femenino<\/title>\n<meta name=\"description\" content=\"Informe final sobre desarrollo y de la realizaci\u00f3n conclusiones de la JORNADA FEDERAL, se confeccion\u00f3 por Comisiones y con las tem\u00e1ticas propuestas\" \/>\n<meta name=\"robots\" content=\"index, follow, max-snippet:-1, max-image-preview:large, max-video-preview:-1\" \/>\n<link rel=\"canonical\" href=\"https:\/\/diariofemenino.com.ar\/df\/informe-final-sobre-desarrollo-y-conclusiones-sobre-la-jornada-federal-misiones\/\" \/>\n<meta property=\"og:locale\" content=\"es_ES\" \/>\n<meta property=\"og:type\" content=\"article\" \/>\n<meta property=\"og:title\" content=\"Informe final sobre desarrollo y conclusiones sobre la JORNADA FEDERAL , Misiones - Diario Digital Femenino\" \/>\n<meta property=\"og:description\" content=\"Informe final sobre desarrollo y de la realizaci\u00f3n conclusiones de la JORNADA FEDERAL, se confeccion\u00f3 por Comisiones y con las tem\u00e1ticas propuestas\" \/>\n<meta property=\"og:url\" content=\"https:\/\/diariofemenino.com.ar\/df\/informe-final-sobre-desarrollo-y-conclusiones-sobre-la-jornada-federal-misiones\/\" \/>\n<meta property=\"og:site_name\" content=\"Diario Digital Femenino\" \/>\n<meta property=\"article:publisher\" content=\"https:\/\/www.facebook.com\/DiarioDigitaFemenino\/\" \/>\n<meta property=\"article:published_time\" content=\"2019-10-21T16:10:38+00:00\" \/>\n<meta property=\"og:image\" content=\"https:\/\/diariofemenino.com.ar\/df\/wp-content\/uploads\/2019\/10\/WhatsApp-Image-2019-10-19-at-10.17.34.jpeg\" \/>\n\t<meta property=\"og:image:width\" content=\"720\" \/>\n\t<meta property=\"og:image:height\" content=\"479\" \/>\n\t<meta property=\"og:image:type\" content=\"image\/jpeg\" \/>\n<meta name=\"author\" content=\"Admin\" \/>\n<meta name=\"twitter:card\" content=\"summary_large_image\" \/>\n<meta name=\"twitter:creator\" content=\"@DiarioFemenino1\" \/>\n<meta name=\"twitter:site\" content=\"@DiarioFemenino1\" \/>\n<meta name=\"twitter:label1\" content=\"Escrito por\" \/>\n\t<meta name=\"twitter:data1\" content=\"Admin\" \/>\n\t<meta name=\"twitter:label2\" content=\"Tiempo de lectura\" \/>\n\t<meta name=\"twitter:data2\" content=\"5 minutos\" \/>\n<script type=\"application\/ld+json\" class=\"yoast-schema-graph\">{\"@context\":\"https:\\\/\\\/schema.org\",\"@graph\":[{\"@type\":\"Article\",\"@id\":\"https:\\\/\\\/diariofemenino.com.ar\\\/df\\\/informe-final-sobre-desarrollo-y-conclusiones-sobre-la-jornada-federal-misiones\\\/#article\",\"isPartOf\":{\"@id\":\"https:\\\/\\\/diariofemenino.com.ar\\\/df\\\/informe-final-sobre-desarrollo-y-conclusiones-sobre-la-jornada-federal-misiones\\\/\"},\"author\":{\"name\":\"Admin\",\"@id\":\"https:\\\/\\\/diariofemenino.com.ar\\\/df\\\/#\\\/schema\\\/person\\\/bf6199e8158c657ea6f789b11ec85509\"},\"headline\":\"Informe final sobre desarrollo y conclusiones sobre la JORNADA FEDERAL , Misiones\",\"datePublished\":\"2019-10-21T16:10:38+00:00\",\"mainEntityOfPage\":{\"@id\":\"https:\\\/\\\/diariofemenino.com.ar\\\/df\\\/informe-final-sobre-desarrollo-y-conclusiones-sobre-la-jornada-federal-misiones\\\/\"},\"wordCount\":982,\"commentCount\":0,\"publisher\":{\"@id\":\"https:\\\/\\\/diariofemenino.com.ar\\\/df\\\/#organization\"},\"image\":{\"@id\":\"https:\\\/\\\/diariofemenino.com.ar\\\/df\\\/informe-final-sobre-desarrollo-y-conclusiones-sobre-la-jornada-federal-misiones\\\/#primaryimage\"},\"thumbnailUrl\":\"https:\\\/\\\/diariofemenino.com.ar\\\/df\\\/wp-content\\\/uploads\\\/2019\\\/10\\\/WhatsApp-Image-2019-10-19-at-10.17.34.jpeg\",\"keywords\":[\"Jornada Federal\",\"Misiones\"],\"articleSection\":[\"Actividades\",\"Salud\",\"Violencias\"],\"inLanguage\":\"es\",\"potentialAction\":[{\"@type\":\"CommentAction\",\"name\":\"Comment\",\"target\":[\"https:\\\/\\\/diariofemenino.com.ar\\\/df\\\/informe-final-sobre-desarrollo-y-conclusiones-sobre-la-jornada-federal-misiones\\\/#respond\"]}]},{\"@type\":\"WebPage\",\"@id\":\"https:\\\/\\\/diariofemenino.com.ar\\\/df\\\/informe-final-sobre-desarrollo-y-conclusiones-sobre-la-jornada-federal-misiones\\\/\",\"url\":\"https:\\\/\\\/diariofemenino.com.ar\\\/df\\\/informe-final-sobre-desarrollo-y-conclusiones-sobre-la-jornada-federal-misiones\\\/\",\"name\":\"Informe final sobre desarrollo y conclusiones sobre la JORNADA FEDERAL , Misiones - Diario Digital Femenino\",\"isPartOf\":{\"@id\":\"https:\\\/\\\/diariofemenino.com.ar\\\/df\\\/#website\"},\"primaryImageOfPage\":{\"@id\":\"https:\\\/\\\/diariofemenino.com.ar\\\/df\\\/informe-final-sobre-desarrollo-y-conclusiones-sobre-la-jornada-federal-misiones\\\/#primaryimage\"},\"image\":{\"@id\":\"https:\\\/\\\/diariofemenino.com.ar\\\/df\\\/informe-final-sobre-desarrollo-y-conclusiones-sobre-la-jornada-federal-misiones\\\/#primaryimage\"},\"thumbnailUrl\":\"https:\\\/\\\/diariofemenino.com.ar\\\/df\\\/wp-content\\\/uploads\\\/2019\\\/10\\\/WhatsApp-Image-2019-10-19-at-10.17.34.jpeg\",\"datePublished\":\"2019-10-21T16:10:38+00:00\",\"description\":\"Informe final sobre desarrollo y de la realizaci\u00f3n conclusiones de la JORNADA FEDERAL, se confeccion\u00f3 por Comisiones y con las tem\u00e1ticas propuestas\",\"breadcrumb\":{\"@id\":\"https:\\\/\\\/diariofemenino.com.ar\\\/df\\\/informe-final-sobre-desarrollo-y-conclusiones-sobre-la-jornada-federal-misiones\\\/#breadcrumb\"},\"inLanguage\":\"es\",\"potentialAction\":[{\"@type\":\"ReadAction\",\"target\":[\"https:\\\/\\\/diariofemenino.com.ar\\\/df\\\/informe-final-sobre-desarrollo-y-conclusiones-sobre-la-jornada-federal-misiones\\\/\"]}]},{\"@type\":\"ImageObject\",\"inLanguage\":\"es\",\"@id\":\"https:\\\/\\\/diariofemenino.com.ar\\\/df\\\/informe-final-sobre-desarrollo-y-conclusiones-sobre-la-jornada-federal-misiones\\\/#primaryimage\",\"url\":\"https:\\\/\\\/diariofemenino.com.ar\\\/df\\\/wp-content\\\/uploads\\\/2019\\\/10\\\/WhatsApp-Image-2019-10-19-at-10.17.34.jpeg\",\"contentUrl\":\"https:\\\/\\\/diariofemenino.com.ar\\\/df\\\/wp-content\\\/uploads\\\/2019\\\/10\\\/WhatsApp-Image-2019-10-19-at-10.17.34.jpeg\",\"width\":720,\"height\":479,\"caption\":\"Informe final sobre desarrollo y conclusiones sobre la JORNADA FEDERAL , Misiones\"},{\"@type\":\"BreadcrumbList\",\"@id\":\"https:\\\/\\\/diariofemenino.com.ar\\\/df\\\/informe-final-sobre-desarrollo-y-conclusiones-sobre-la-jornada-federal-misiones\\\/#breadcrumb\",\"itemListElement\":[{\"@type\":\"ListItem\",\"position\":1,\"name\":\"Portada\",\"item\":\"https:\\\/\\\/diariofemenino.com.ar\\\/df\\\/\"},{\"@type\":\"ListItem\",\"position\":2,\"name\":\"Informe final sobre desarrollo y conclusiones sobre la JORNADA FEDERAL , Misiones\"}]},{\"@type\":\"WebSite\",\"@id\":\"https:\\\/\\\/diariofemenino.com.ar\\\/df\\\/#website\",\"url\":\"https:\\\/\\\/diariofemenino.com.ar\\\/df\\\/\",\"name\":\"Diario Digital Femenino\",\"description\":\"Cuesti\u00f3n de G\u00e9nero\",\"publisher\":{\"@id\":\"https:\\\/\\\/diariofemenino.com.ar\\\/df\\\/#organization\"},\"potentialAction\":[{\"@type\":\"SearchAction\",\"target\":{\"@type\":\"EntryPoint\",\"urlTemplate\":\"https:\\\/\\\/diariofemenino.com.ar\\\/df\\\/?s={search_term_string}\"},\"query-input\":{\"@type\":\"PropertyValueSpecification\",\"valueRequired\":true,\"valueName\":\"search_term_string\"}}],\"inLanguage\":\"es\"},{\"@type\":\"Organization\",\"@id\":\"https:\\\/\\\/diariofemenino.com.ar\\\/df\\\/#organization\",\"name\":\"Diario Femenino\",\"url\":\"https:\\\/\\\/diariofemenino.com.ar\\\/df\\\/\",\"logo\":{\"@type\":\"ImageObject\",\"inLanguage\":\"es\",\"@id\":\"https:\\\/\\\/diariofemenino.com.ar\\\/df\\\/#\\\/schema\\\/logo\\\/image\\\/\",\"url\":\"https:\\\/\\\/diariofemenino.com.ar\\\/df\\\/wp-content\\\/uploads\\\/2018\\\/10\\\/logo.png\",\"contentUrl\":\"https:\\\/\\\/diariofemenino.com.ar\\\/df\\\/wp-content\\\/uploads\\\/2018\\\/10\\\/logo.png\",\"width\":500,\"height\":92,\"caption\":\"Diario Femenino\"},\"image\":{\"@id\":\"https:\\\/\\\/diariofemenino.com.ar\\\/df\\\/#\\\/schema\\\/logo\\\/image\\\/\"},\"sameAs\":[\"https:\\\/\\\/www.facebook.com\\\/DiarioDigitaFemenino\\\/\",\"https:\\\/\\\/x.com\\\/DiarioFemenino1\"]},{\"@type\":\"Person\",\"@id\":\"https:\\\/\\\/diariofemenino.com.ar\\\/df\\\/#\\\/schema\\\/person\\\/bf6199e8158c657ea6f789b11ec85509\",\"name\":\"Admin\",\"image\":{\"@type\":\"ImageObject\",\"inLanguage\":\"es\",\"@id\":\"https:\\\/\\\/diariofemenino.com.ar\\\/df\\\/wp-content\\\/uploads\\\/2018\\\/12\\\/favicon-150x150.jpg\",\"url\":\"https:\\\/\\\/diariofemenino.com.ar\\\/df\\\/wp-content\\\/uploads\\\/2018\\\/12\\\/favicon-150x150.jpg\",\"contentUrl\":\"https:\\\/\\\/diariofemenino.com.ar\\\/df\\\/wp-content\\\/uploads\\\/2018\\\/12\\\/favicon-150x150.jpg\",\"caption\":\"Admin\"},\"url\":\"https:\\\/\\\/diariofemenino.com.ar\\\/df\\\/author\\\/lenny\\\/\"}]}<\/script>\n<!-- \/ Yoast SEO plugin. -->","yoast_head_json":{"title":"Informe final sobre desarrollo y conclusiones sobre la JORNADA FEDERAL , Misiones - Diario Digital Femenino","description":"Informe final sobre desarrollo y de la realizaci\u00f3n conclusiones de la JORNADA FEDERAL, se confeccion\u00f3 por Comisiones y con las tem\u00e1ticas propuestas","robots":{"index":"index","follow":"follow","max-snippet":"max-snippet:-1","max-image-preview":"max-image-preview:large","max-video-preview":"max-video-preview:-1"},"canonical":"https:\/\/diariofemenino.com.ar\/df\/informe-final-sobre-desarrollo-y-conclusiones-sobre-la-jornada-federal-misiones\/","og_locale":"es_ES","og_type":"article","og_title":"Informe final sobre desarrollo y conclusiones sobre la JORNADA FEDERAL , Misiones - Diario Digital Femenino","og_description":"Informe final sobre desarrollo y de la realizaci\u00f3n conclusiones de la JORNADA FEDERAL, se confeccion\u00f3 por Comisiones y con las tem\u00e1ticas propuestas","og_url":"https:\/\/diariofemenino.com.ar\/df\/informe-final-sobre-desarrollo-y-conclusiones-sobre-la-jornada-federal-misiones\/","og_site_name":"Diario Digital Femenino","article_publisher":"https:\/\/www.facebook.com\/DiarioDigitaFemenino\/","article_published_time":"2019-10-21T16:10:38+00:00","og_image":[{"width":720,"height":479,"url":"https:\/\/diariofemenino.com.ar\/df\/wp-content\/uploads\/2019\/10\/WhatsApp-Image-2019-10-19-at-10.17.34.jpeg","type":"image\/jpeg"}],"author":"Admin","twitter_card":"summary_large_image","twitter_creator":"@DiarioFemenino1","twitter_site":"@DiarioFemenino1","twitter_misc":{"Escrito por":"Admin","Tiempo de lectura":"5 minutos"},"schema":{"@context":"https:\/\/schema.org","@graph":[{"@type":"Article","@id":"https:\/\/diariofemenino.com.ar\/df\/informe-final-sobre-desarrollo-y-conclusiones-sobre-la-jornada-federal-misiones\/#article","isPartOf":{"@id":"https:\/\/diariofemenino.com.ar\/df\/informe-final-sobre-desarrollo-y-conclusiones-sobre-la-jornada-federal-misiones\/"},"author":{"name":"Admin","@id":"https:\/\/diariofemenino.com.ar\/df\/#\/schema\/person\/bf6199e8158c657ea6f789b11ec85509"},"headline":"Informe final sobre desarrollo y conclusiones sobre la JORNADA FEDERAL , Misiones","datePublished":"2019-10-21T16:10:38+00:00","mainEntityOfPage":{"@id":"https:\/\/diariofemenino.com.ar\/df\/informe-final-sobre-desarrollo-y-conclusiones-sobre-la-jornada-federal-misiones\/"},"wordCount":982,"commentCount":0,"publisher":{"@id":"https:\/\/diariofemenino.com.ar\/df\/#organization"},"image":{"@id":"https:\/\/diariofemenino.com.ar\/df\/informe-final-sobre-desarrollo-y-conclusiones-sobre-la-jornada-federal-misiones\/#primaryimage"},"thumbnailUrl":"https:\/\/diariofemenino.com.ar\/df\/wp-content\/uploads\/2019\/10\/WhatsApp-Image-2019-10-19-at-10.17.34.jpeg","keywords":["Jornada Federal","Misiones"],"articleSection":["Actividades","Salud","Violencias"],"inLanguage":"es","potentialAction":[{"@type":"CommentAction","name":"Comment","target":["https:\/\/diariofemenino.com.ar\/df\/informe-final-sobre-desarrollo-y-conclusiones-sobre-la-jornada-federal-misiones\/#respond"]}]},{"@type":"WebPage","@id":"https:\/\/diariofemenino.com.ar\/df\/informe-final-sobre-desarrollo-y-conclusiones-sobre-la-jornada-federal-misiones\/","url":"https:\/\/diariofemenino.com.ar\/df\/informe-final-sobre-desarrollo-y-conclusiones-sobre-la-jornada-federal-misiones\/","name":"Informe final sobre desarrollo y conclusiones sobre la JORNADA FEDERAL , Misiones - Diario Digital Femenino","isPartOf":{"@id":"https:\/\/diariofemenino.com.ar\/df\/#website"},"primaryImageOfPage":{"@id":"https:\/\/diariofemenino.com.ar\/df\/informe-final-sobre-desarrollo-y-conclusiones-sobre-la-jornada-federal-misiones\/#primaryimage"},"image":{"@id":"https:\/\/diariofemenino.com.ar\/df\/informe-final-sobre-desarrollo-y-conclusiones-sobre-la-jornada-federal-misiones\/#primaryimage"},"thumbnailUrl":"https:\/\/diariofemenino.com.ar\/df\/wp-content\/uploads\/2019\/10\/WhatsApp-Image-2019-10-19-at-10.17.34.jpeg","datePublished":"2019-10-21T16:10:38+00:00","description":"Informe final sobre desarrollo y de la realizaci\u00f3n conclusiones de la JORNADA FEDERAL, se confeccion\u00f3 por Comisiones y con las tem\u00e1ticas propuestas","breadcrumb":{"@id":"https:\/\/diariofemenino.com.ar\/df\/informe-final-sobre-desarrollo-y-conclusiones-sobre-la-jornada-federal-misiones\/#breadcrumb"},"inLanguage":"es","potentialAction":[{"@type":"ReadAction","target":["https:\/\/diariofemenino.com.ar\/df\/informe-final-sobre-desarrollo-y-conclusiones-sobre-la-jornada-federal-misiones\/"]}]},{"@type":"ImageObject","inLanguage":"es","@id":"https:\/\/diariofemenino.com.ar\/df\/informe-final-sobre-desarrollo-y-conclusiones-sobre-la-jornada-federal-misiones\/#primaryimage","url":"https:\/\/diariofemenino.com.ar\/df\/wp-content\/uploads\/2019\/10\/WhatsApp-Image-2019-10-19-at-10.17.34.jpeg","contentUrl":"https:\/\/diariofemenino.com.ar\/df\/wp-content\/uploads\/2019\/10\/WhatsApp-Image-2019-10-19-at-10.17.34.jpeg","width":720,"height":479,"caption":"Informe final sobre desarrollo y conclusiones sobre la JORNADA FEDERAL , Misiones"},{"@type":"BreadcrumbList","@id":"https:\/\/diariofemenino.com.ar\/df\/informe-final-sobre-desarrollo-y-conclusiones-sobre-la-jornada-federal-misiones\/#breadcrumb","itemListElement":[{"@type":"ListItem","position":1,"name":"Portada","item":"https:\/\/diariofemenino.com.ar\/df\/"},{"@type":"ListItem","position":2,"name":"Informe final sobre desarrollo y conclusiones sobre la JORNADA FEDERAL , Misiones"}]},{"@type":"WebSite","@id":"https:\/\/diariofemenino.com.ar\/df\/#website","url":"https:\/\/diariofemenino.com.ar\/df\/","name":"Diario Digital Femenino","description":"Cuesti\u00f3n de G\u00e9nero","publisher":{"@id":"https:\/\/diariofemenino.com.ar\/df\/#organization"},"potentialAction":[{"@type":"SearchAction","target":{"@type":"EntryPoint","urlTemplate":"https:\/\/diariofemenino.com.ar\/df\/?s={search_term_string}"},"query-input":{"@type":"PropertyValueSpecification","valueRequired":true,"valueName":"search_term_string"}}],"inLanguage":"es"},{"@type":"Organization","@id":"https:\/\/diariofemenino.com.ar\/df\/#organization","name":"Diario Femenino","url":"https:\/\/diariofemenino.com.ar\/df\/","logo":{"@type":"ImageObject","inLanguage":"es","@id":"https:\/\/diariofemenino.com.ar\/df\/#\/schema\/logo\/image\/","url":"https:\/\/diariofemenino.com.ar\/df\/wp-content\/uploads\/2018\/10\/logo.png","contentUrl":"https:\/\/diariofemenino.com.ar\/df\/wp-content\/uploads\/2018\/10\/logo.png","width":500,"height":92,"caption":"Diario Femenino"},"image":{"@id":"https:\/\/diariofemenino.com.ar\/df\/#\/schema\/logo\/image\/"},"sameAs":["https:\/\/www.facebook.com\/DiarioDigitaFemenino\/","https:\/\/x.com\/DiarioFemenino1"]},{"@type":"Person","@id":"https:\/\/diariofemenino.com.ar\/df\/#\/schema\/person\/bf6199e8158c657ea6f789b11ec85509","name":"Admin","image":{"@type":"ImageObject","inLanguage":"es","@id":"https:\/\/diariofemenino.com.ar\/df\/wp-content\/uploads\/2018\/12\/favicon-150x150.jpg","url":"https:\/\/diariofemenino.com.ar\/df\/wp-content\/uploads\/2018\/12\/favicon-150x150.jpg","contentUrl":"https:\/\/diariofemenino.com.ar\/df\/wp-content\/uploads\/2018\/12\/favicon-150x150.jpg","caption":"Admin"},"url":"https:\/\/diariofemenino.com.ar\/df\/author\/lenny\/"}]}},"jetpack_featured_media_url":"https:\/\/diariofemenino.com.ar\/df\/wp-content\/uploads\/2019\/10\/WhatsApp-Image-2019-10-19-at-10.17.34.jpeg","jetpack_sharing_enabled":true,"rttpg_featured_image_url":{"full":["https:\/\/diariofemenino.com.ar\/df\/wp-content\/uploads\/2019\/10\/WhatsApp-Image-2019-10-19-at-10.17.34.jpeg",720,479,false],"landscape":["https:\/\/diariofemenino.com.ar\/df\/wp-content\/uploads\/2019\/10\/WhatsApp-Image-2019-10-19-at-10.17.34.jpeg",720,479,false],"portraits":["https:\/\/diariofemenino.com.ar\/df\/wp-content\/uploads\/2019\/10\/WhatsApp-Image-2019-10-19-at-10.17.34.jpeg",720,479,false],"thumbnail":["https:\/\/diariofemenino.com.ar\/df\/wp-content\/uploads\/2019\/10\/WhatsApp-Image-2019-10-19-at-10.17.34-150x150.jpeg",150,150,true],"medium":["https:\/\/diariofemenino.com.ar\/df\/wp-content\/uploads\/2019\/10\/WhatsApp-Image-2019-10-19-at-10.17.34-300x200.jpeg",300,200,true],"large":["https:\/\/diariofemenino.com.ar\/df\/wp-content\/uploads\/2019\/10\/WhatsApp-Image-2019-10-19-at-10.17.34.jpeg",720,479,false],"1536x1536":["https:\/\/diariofemenino.com.ar\/df\/wp-content\/uploads\/2019\/10\/WhatsApp-Image-2019-10-19-at-10.17.34.jpeg",720,479,false],"2048x2048":["https:\/\/diariofemenino.com.ar\/df\/wp-content\/uploads\/2019\/10\/WhatsApp-Image-2019-10-19-at-10.17.34.jpeg",720,479,false]},"rttpg_author":{"display_name":"Admin","author_link":"https:\/\/diariofemenino.com.ar\/df\/author\/lenny\/"},"rttpg_comment":0,"rttpg_category":"<a href=\"https:\/\/diariofemenino.com.ar\/df\/category\/actividades\/\" rel=\"category tag\">Actividades<\/a> <a href=\"https:\/\/diariofemenino.com.ar\/df\/category\/salud\/\" rel=\"category tag\">Salud<\/a> <a href=\"https:\/\/diariofemenino.com.ar\/df\/category\/violencias\/\" rel=\"category tag\">Violencias<\/a>","rttpg_excerpt":"En Posadas, Misiones trabajaron la propuesta del Frente de Todos en la Jornada Federal desarrollada el 6 de octubre, la tarea se dividi\u00f3 en Comisiones sobre: Trabajo, pol\u00edticas de cuidado y econom\u00eda popular; Violencias;\u00a0Salud sexual y reproductiva y Salud Sexual Integral;\u00a0Diversidad sexual, diversidad de g\u00e9nero y diversidades corporales;\u00a0Protagonismo, participaci\u00f3n Pol\u00edtica y Paridad de g\u00e9nero. Informe&hellip;","_links":{"self":[{"href":"https:\/\/diariofemenino.com.ar\/df\/wp-json\/wp\/v2\/posts\/42600","targetHints":{"allow":["GET"]}}],"collection":[{"href":"https:\/\/diariofemenino.com.ar\/df\/wp-json\/wp\/v2\/posts"}],"about":[{"href":"https:\/\/diariofemenino.com.ar\/df\/wp-json\/wp\/v2\/types\/post"}],"author":[{"embeddable":true,"href":"https:\/\/diariofemenino.com.ar\/df\/wp-json\/wp\/v2\/users\/4"}],"replies":[{"embeddable":true,"href":"https:\/\/diariofemenino.com.ar\/df\/wp-json\/wp\/v2\/comments?post=42600"}],"version-history":[{"count":0,"href":"https:\/\/diariofemenino.com.ar\/df\/wp-json\/wp\/v2\/posts\/42600\/revisions"}],"wp:featuredmedia":[{"embeddable":true,"href":"https:\/\/diariofemenino.com.ar\/df\/wp-json\/wp\/v2\/media\/42664"}],"wp:attachment":[{"href":"https:\/\/diariofemenino.com.ar\/df\/wp-json\/wp\/v2\/media?parent=42600"}],"wp:term":[{"taxonomy":"category","embeddable":true,"href":"https:\/\/diariofemenino.com.ar\/df\/wp-json\/wp\/v2\/categories?post=42600"},{"taxonomy":"post_tag","embeddable":true,"href":"https:\/\/diariofemenino.com.ar\/df\/wp-json\/wp\/v2\/tags?post=42600"}],"curies":[{"name":"wp","href":"https:\/\/api.w.org\/{rel}","templated":true}]}}