{"id":42549,"date":"2019-10-18T17:51:13","date_gmt":"2019-10-18T20:51:13","guid":{"rendered":"https:\/\/diariofemenino.com.ar\/?p=42549"},"modified":"2019-10-18T17:51:13","modified_gmt":"2019-10-18T20:51:13","slug":"una-guia-para-que-tu-organizacion-comience-a-implementar-la-igualdad-de-genero","status":"publish","type":"post","link":"https:\/\/diariofemenino.com.ar\/df\/una-guia-para-que-tu-organizacion-comience-a-implementar-la-igualdad-de-genero\/","title":{"rendered":"Una gu\u00eda para que tu organizaci\u00f3n comience a implementar la igualdad de g\u00e9nero"},"content":{"rendered":"<div class=\"wpb_text_column wpb_content_element \">\n<div class=\"wpb_wrapper\">\n<p>La igualdad no necesita de una f\u00f3rmula m\u00e1gica, sino de la construcciones de condiciones que hagan posible las \u00a0buenas pr\u00e1cticas para la igualdad de g\u00e9nero.<\/p>\n<\/div>\n<\/div>\n<div class=\"wpb_text_column wpb_content_element \">\n<div class=\"wpb_wrapper\">\n<p>Despu\u00e9s de m\u00e1s de un a\u00f1o de trabajo con organizaciones aliadas del ecosistema ALTEC e integrantes de la Consultora PARES, hoy sale a la luz la\u00a0<b>primera<\/b>\u00a0de cuatro gu\u00edas de g\u00e9nero que buscan trazar el camino hacia la igualdad en el ecosistema de datos abiertos y tecnolog\u00eda c\u00edvica para la regi\u00f3n.<\/p>\n<\/div>\n<\/div>\n<div class=\"wpb_text_column wpb_content_element \">\n<div class=\"wpb_wrapper\">\n<p>Estos documentos se enmarcan en la\u00a0<a href=\"https:\/\/altec.lat\/genero\/\">L\u00ednea de G\u00e9nero<\/a>\u00a0que ofrece <a href=\"https:\/\/altec.lat\/\">ALTEC<\/a> a sus organizaciones y empresas aliadas para estimular los procesos de reflexi\u00f3n-acci\u00f3n en sus iniciativas de datos abiertos y tecnolog\u00eda c\u00edvica.<\/p>\n<\/div>\n<p>(Descargar en imagen)<\/p>\n<div class=\"wpb_text_column wpb_content_element \">\n<div class=\"wpb_wrapper\">\n<p><a href=\"https:\/\/diariofemenino.com.ar\/df\/wp-content\/uploads\/2019\/10\/Guia_Practica_para_la_Igualdad_de_Genero.pdf\"><img loading=\"lazy\" decoding=\"async\" class=\"alignleft size-full wp-image-42552\" src=\"https:\/\/diariofemenino.com.ar\/df\/wp-content\/uploads\/2019\/10\/Screenshot-2019-06-05-at-15.08.08.png\" alt=\"\" width=\"386\" height=\"535\" srcset=\"https:\/\/diariofemenino.com.ar\/df\/wp-content\/uploads\/2019\/10\/Screenshot-2019-06-05-at-15.08.08.png 386w, https:\/\/diariofemenino.com.ar\/df\/wp-content\/uploads\/2019\/10\/Screenshot-2019-06-05-at-15.08.08-216x300.png 216w\" sizes=\"auto, (max-width: 386px) 100vw, 386px\" \/><\/a>Dedicamos este post a profundizar en los contenidos de la primera\u00a0<b>Gu\u00eda pr\u00e1ctica para la igualdad de g\u00e9nero<\/b>. Esta surgi\u00f3\u00a0como respuesta \u00a0a la demanda planteada por referentes y equipos de las organizaciones y empresas que forman parte de ALTEC de contar con orientaciones concretas para iniciar o fortalecer la tarea de construcci\u00f3n de la\u00a0<b>igualdad de g\u00e9nero en el espacio laboral<\/b>.<\/p>\n<\/div>\n<\/div>\n<div class=\"wpb_text_column wpb_content_element \">\n<div class=\"wpb_wrapper\">\n<p>La gu\u00eda recupera algunos <a href=\"https:\/\/diariofemenino.com.ar\/de-la-teoria-a-la-practica-una-guia-para-transversalizar-el-genero-en-tus-proyectos\/\">matices conceptuales importantes<\/a> para entender los alcances de la\u00a0<b>igualdad<\/b>\u00a0de oportunidades, trato y resultado\u00a0<b>con equidad de g\u00e9nero<\/b>\u00a0como principio rector de la cultura institucional y de un nuevo esquema de recursos humanos en las empresas y organizaciones.<\/p>\n<\/div>\n<\/div>\n<div class=\"wpb_text_column wpb_content_element \">\n<div class=\"wpb_wrapper\">\n<p>Mientras la igualdad implica la equivalencia humana de todas las personas, al hacer efectivo principio de no discriminaci\u00f3n; la equidad es un principio complementario de la igualdad, que contribuye a su logro al invalidar o anular las desventajas derivadas de las desigualdades creadas socialmente.<\/p>\n<\/div>\n<\/div>\n<div class=\"wpb_text_column wpb_content_element \">\n<div class=\"wpb_wrapper\">\n<p>En la pr\u00e1ctica laboral, estos conceptos deber\u00edan entenderse de la siguiente manera:<\/p>\n<\/div>\n<\/div>\n<div class=\"wpb_text_column wpb_content_element \">\n<div class=\"wpb_wrapper\">\n<blockquote><p><i>Construir desde la igualdad NO quiere decir que las mujeres, hombres e identidades no binarias vayan a identificarse, a asimilarse en sus modos de ser y comportarse, sino que sus derechos, responsabilidades y oportunidades no deben depender de su g\u00e9nero.<\/i><\/p><\/blockquote>\n<\/div>\n<\/div>\n<div class=\"wpb_text_column wpb_content_element \">\n<div class=\"wpb_wrapper\">\n<p><b>\u00bfPor d\u00f3nde empezar a construir igualdad?<\/b>\u00a0En la parte pr\u00e1ctica, esta gu\u00eda retoma los aprendizajes e innovaciones de los procesos implementados con las empresas y organizaciones aliadas del ecosistema. Estos se agrupan en 4 apartados:<\/p>\n<\/div>\n<\/div>\n<div class=\"wpb_text_column wpb_content_element \">\n<div class=\"wpb_wrapper\">\n<p><b>1. _ \u00bfPor d\u00f3nde empezar?\u00a0<\/b>Las premisas necesarias para dar curso al proceso.\u00a0Por ejemplo, tener funciones claras de roles y empoderamiento; apoyo y decisi\u00f3n de la direcci\u00f3n y actores claves de la organizaci\u00f3n, contar con presupuesto para llevar a cabo los compromisos de g\u00e9nero, entre otros.<\/p>\n<\/div>\n<\/div>\n<div class=\"wpb_text_column wpb_content_element \">\n<div class=\"wpb_wrapper\">\n<p>2. _\u00a0<b>\u00bfC\u00f3mo dar curso al proceso?\u00a0<\/b>Este apartado retoma los pasos para implementar el enfoque de g\u00e9nero. Estos pasos no son una receta m\u00e1gica para la igualdad; son<b>\u00a0los componentes de un proceso<\/b>\u00a0que puede ser replicado por otras organizaciones que buscan avanzar en sus compromisos con el g\u00e9nero. Entre esta serie de decisiones, acciones y din\u00e1micas que abren la puerta al g\u00e9nero se encuentran:<\/p>\n<\/div>\n<\/div>\n<div class=\"wpb_text_column wpb_content_element \">\n<div class=\"wpb_wrapper\">\n<ul>\n<li>Actuar y hacer expl\u00edcitos los compromisos con el g\u00e9nero a trav\u00e9s de diversos medios m\u00e1s all\u00e1 de una declaraci\u00f3n de intenciones.<\/li>\n<li>Elaborar un diagn\u00f3stico con enfoque de g\u00e9nero como herramienta b\u00e1sica para analizar la realidad.<\/li>\n<li>Elaborar un plan de igualdad como instrumento de intervenci\u00f3n que fija objetivos de igualdad y estrategias de seguimiento y evaluaci\u00f3n.<\/li>\n<li>Planificar junto con lxs dem\u00e1s integrantes del equipo y personas especializadas.<\/li>\n<li>Designar una persona, al menos, responsable de gestionar todos los aspectos relacionados con la igualdad de g\u00e9nero.<\/li>\n<li>Implementar las medidas de operativizaci\u00f3n de la igualdad de g\u00e9nero en los tiempos previstos, registrando obst\u00e1culos e instancias facilitadoras que, en lo posible, involucren al conjunto del personal.<\/li>\n<li>Generar informaci\u00f3n continua e interna de la estrategia en forma paralela a la implementaci\u00f3n, como elemento motivador.<\/li>\n<li>Realizar el seguimiento y la evaluaci\u00f3n de la implementaci\u00f3n del plan.<\/li>\n<\/ul>\n<\/div>\n<\/div>\n<div class=\"wpb_text_column wpb_content_element \">\n<div class=\"wpb_wrapper\">\n<p>3._\u00a0<strong>F<\/strong><b>ocos de la discriminaci\u00f3n y las brechas de g\u00e9nero en el mundo del trabajo: medidas para contrarrestarlo.\u00a0Esta serie de pasos deben pensarse en los focos rojos de desigualdad que se vive en el mundo laboral. Se proporcionan una serie de medidas y se incluyen preguntas orientadoras para revisar las pol\u00edticas institucionales y desalentar las pr\u00e1cticas de desigualdad en distintos contextos laborales.<\/b><\/p>\n<\/div>\n<\/div>\n<div class=\"wpb_text_column wpb_content_element \">\n<div class=\"wpb_wrapper\">\n<p>4._\u00a0<b>Creaci\u00f3n de entornos seguros e incluyentes en espacios laborales.\u00a0Por \u00faltimo, se aborda la creaci\u00f3n de entornos seguros e incluyentes con un plan de prevenci\u00f3n, detecci\u00f3n y atenci\u00f3n a nivel intra-institucional y a nivel extra-institucional para trabajar con el conjunto de las empresas, organizaciones y actores que forman parte del ecosistema en las distintas dimensiones que nos atraviesan: marcos normativos, decisiones pol\u00edticas, compromisos \u00e9ticos, entre otras.<\/b><\/p>\n<\/div>\n<\/div>\n<div class=\"wpb_wrapper\">\n<p>&nbsp;<\/p>\n<\/div>\n<\/div>\n","protected":false},"excerpt":{"rendered":"<p>La igualdad no necesita de una f\u00f3rmula m\u00e1gica, sino de la construcciones de condiciones que hagan posible las \u00a0buenas pr\u00e1cticas para la igualdad de g\u00e9nero. Despu\u00e9s de m\u00e1s de un a\u00f1o de trabajo con organizaciones aliadas del ecosistema ALTEC e integrantes de la Consultora PARES, hoy sale a la luz la\u00a0primera\u00a0de cuatro gu\u00edas de g\u00e9nero [&hellip;]<\/p>\n","protected":false},"author":4,"featured_media":42553,"comment_status":"open","ping_status":"open","sticky":false,"template":"","format":"standard","meta":{"iawp_total_views":8,"footnotes":""},"categories":[1067,19],"tags":[30,1828,69],"class_list":["post-42549","post","type-post","status-publish","format-standard","has-post-thumbnail","hentry","category-agenda-feminista","category-biblioteca","tag-derechos-humanos","tag-guia","tag-igualdad-de-genero"],"nelio_content":{"autoShareEndMode":"never","automationSources":{"useCustomSentences":false,"customSentences":[]},"efiAlt":"","efiUrl":"","followers":[4],"highlights":[],"isAutoShareEnabled":true,"networkImageIds":[],"permalinkQueryArgs":[],"series":[],"suggestedReferences":[]},"yoast_head":"<!-- This site is optimized with the Yoast SEO plugin v27.5 - https:\/\/yoast.com\/product\/yoast-seo-wordpress\/ -->\n<title>Una gu\u00eda para que tu organizaci\u00f3n comience a implementar la igualdad de g\u00e9nero - Diario Digital Femenino<\/title>\n<meta name=\"description\" content=\"Igualdad de g\u00e9nero. Una gu\u00eda para que tu organizaci\u00f3n comience a implementar la igualdad de g\u00e9nero. Para descargar gratis y sin registro\" \/>\n<meta name=\"robots\" content=\"index, follow, max-snippet:-1, max-image-preview:large, max-video-preview:-1\" \/>\n<link rel=\"canonical\" href=\"https:\/\/diariofemenino.com.ar\/df\/una-guia-para-que-tu-organizacion-comience-a-implementar-la-igualdad-de-genero\/\" \/>\n<meta property=\"og:locale\" content=\"es_ES\" \/>\n<meta property=\"og:type\" content=\"article\" \/>\n<meta property=\"og:title\" content=\"Una gu\u00eda para que tu organizaci\u00f3n comience a implementar la igualdad de g\u00e9nero - Diario Digital Femenino\" \/>\n<meta property=\"og:description\" content=\"Igualdad de g\u00e9nero. Una gu\u00eda para que tu organizaci\u00f3n comience a implementar la igualdad de g\u00e9nero. Para descargar gratis y sin registro\" \/>\n<meta property=\"og:url\" content=\"https:\/\/diariofemenino.com.ar\/df\/una-guia-para-que-tu-organizacion-comience-a-implementar-la-igualdad-de-genero\/\" \/>\n<meta property=\"og:site_name\" content=\"Diario Digital Femenino\" \/>\n<meta property=\"article:publisher\" content=\"https:\/\/www.facebook.com\/DiarioDigitaFemenino\/\" \/>\n<meta property=\"article:published_time\" content=\"2019-10-18T20:51:13+00:00\" \/>\n<meta property=\"og:image\" content=\"https:\/\/diariofemenino.com.ar\/df\/wp-content\/uploads\/2019\/10\/captura-.jpg\" \/>\n\t<meta property=\"og:image:width\" content=\"786\" \/>\n\t<meta property=\"og:image:height\" content=\"445\" \/>\n\t<meta property=\"og:image:type\" content=\"image\/jpeg\" \/>\n<meta name=\"author\" content=\"Admin\" \/>\n<meta name=\"twitter:card\" content=\"summary_large_image\" \/>\n<meta name=\"twitter:creator\" content=\"@DiarioFemenino1\" \/>\n<meta name=\"twitter:site\" content=\"@DiarioFemenino1\" \/>\n<meta name=\"twitter:label1\" content=\"Escrito por\" \/>\n\t<meta name=\"twitter:data1\" content=\"Admin\" \/>\n\t<meta name=\"twitter:label2\" content=\"Tiempo de lectura\" \/>\n\t<meta name=\"twitter:data2\" content=\"4 minutos\" \/>\n<script type=\"application\/ld+json\" class=\"yoast-schema-graph\">{\"@context\":\"https:\\\/\\\/schema.org\",\"@graph\":[{\"@type\":\"Article\",\"@id\":\"https:\\\/\\\/diariofemenino.com.ar\\\/df\\\/una-guia-para-que-tu-organizacion-comience-a-implementar-la-igualdad-de-genero\\\/#article\",\"isPartOf\":{\"@id\":\"https:\\\/\\\/diariofemenino.com.ar\\\/df\\\/una-guia-para-que-tu-organizacion-comience-a-implementar-la-igualdad-de-genero\\\/\"},\"author\":{\"name\":\"Admin\",\"@id\":\"https:\\\/\\\/diariofemenino.com.ar\\\/df\\\/#\\\/schema\\\/person\\\/bf6199e8158c657ea6f789b11ec85509\"},\"headline\":\"Una gu\u00eda para que tu organizaci\u00f3n comience a implementar la igualdad de g\u00e9nero\",\"datePublished\":\"2019-10-18T20:51:13+00:00\",\"mainEntityOfPage\":{\"@id\":\"https:\\\/\\\/diariofemenino.com.ar\\\/df\\\/una-guia-para-que-tu-organizacion-comience-a-implementar-la-igualdad-de-genero\\\/\"},\"wordCount\":814,\"commentCount\":0,\"publisher\":{\"@id\":\"https:\\\/\\\/diariofemenino.com.ar\\\/df\\\/#organization\"},\"image\":{\"@id\":\"https:\\\/\\\/diariofemenino.com.ar\\\/df\\\/una-guia-para-que-tu-organizacion-comience-a-implementar-la-igualdad-de-genero\\\/#primaryimage\"},\"thumbnailUrl\":\"https:\\\/\\\/diariofemenino.com.ar\\\/df\\\/wp-content\\\/uploads\\\/2019\\\/10\\\/captura-.jpg\",\"keywords\":[\"Derechos Humanos\",\"Gu\u00eda\",\"Igualdad de G\u00e9nero\"],\"articleSection\":[\"Agenda Feminista\",\"Biblioteca Virtual\"],\"inLanguage\":\"es\",\"potentialAction\":[{\"@type\":\"CommentAction\",\"name\":\"Comment\",\"target\":[\"https:\\\/\\\/diariofemenino.com.ar\\\/df\\\/una-guia-para-que-tu-organizacion-comience-a-implementar-la-igualdad-de-genero\\\/#respond\"]}]},{\"@type\":\"WebPage\",\"@id\":\"https:\\\/\\\/diariofemenino.com.ar\\\/df\\\/una-guia-para-que-tu-organizacion-comience-a-implementar-la-igualdad-de-genero\\\/\",\"url\":\"https:\\\/\\\/diariofemenino.com.ar\\\/df\\\/una-guia-para-que-tu-organizacion-comience-a-implementar-la-igualdad-de-genero\\\/\",\"name\":\"Una gu\u00eda para que tu organizaci\u00f3n comience a implementar la igualdad de g\u00e9nero - Diario Digital Femenino\",\"isPartOf\":{\"@id\":\"https:\\\/\\\/diariofemenino.com.ar\\\/df\\\/#website\"},\"primaryImageOfPage\":{\"@id\":\"https:\\\/\\\/diariofemenino.com.ar\\\/df\\\/una-guia-para-que-tu-organizacion-comience-a-implementar-la-igualdad-de-genero\\\/#primaryimage\"},\"image\":{\"@id\":\"https:\\\/\\\/diariofemenino.com.ar\\\/df\\\/una-guia-para-que-tu-organizacion-comience-a-implementar-la-igualdad-de-genero\\\/#primaryimage\"},\"thumbnailUrl\":\"https:\\\/\\\/diariofemenino.com.ar\\\/df\\\/wp-content\\\/uploads\\\/2019\\\/10\\\/captura-.jpg\",\"datePublished\":\"2019-10-18T20:51:13+00:00\",\"description\":\"Igualdad de g\u00e9nero. Una gu\u00eda para que tu organizaci\u00f3n comience a implementar la igualdad de g\u00e9nero. Para descargar gratis y sin registro\",\"breadcrumb\":{\"@id\":\"https:\\\/\\\/diariofemenino.com.ar\\\/df\\\/una-guia-para-que-tu-organizacion-comience-a-implementar-la-igualdad-de-genero\\\/#breadcrumb\"},\"inLanguage\":\"es\",\"potentialAction\":[{\"@type\":\"ReadAction\",\"target\":[\"https:\\\/\\\/diariofemenino.com.ar\\\/df\\\/una-guia-para-que-tu-organizacion-comience-a-implementar-la-igualdad-de-genero\\\/\"]}]},{\"@type\":\"ImageObject\",\"inLanguage\":\"es\",\"@id\":\"https:\\\/\\\/diariofemenino.com.ar\\\/df\\\/una-guia-para-que-tu-organizacion-comience-a-implementar-la-igualdad-de-genero\\\/#primaryimage\",\"url\":\"https:\\\/\\\/diariofemenino.com.ar\\\/df\\\/wp-content\\\/uploads\\\/2019\\\/10\\\/captura-.jpg\",\"contentUrl\":\"https:\\\/\\\/diariofemenino.com.ar\\\/df\\\/wp-content\\\/uploads\\\/2019\\\/10\\\/captura-.jpg\",\"width\":786,\"height\":445,\"caption\":\"Una gu\u00eda para que tu organizaci\u00f3n comience a implementar la igualdad de g\u00e9nero\"},{\"@type\":\"BreadcrumbList\",\"@id\":\"https:\\\/\\\/diariofemenino.com.ar\\\/df\\\/una-guia-para-que-tu-organizacion-comience-a-implementar-la-igualdad-de-genero\\\/#breadcrumb\",\"itemListElement\":[{\"@type\":\"ListItem\",\"position\":1,\"name\":\"Portada\",\"item\":\"https:\\\/\\\/diariofemenino.com.ar\\\/df\\\/\"},{\"@type\":\"ListItem\",\"position\":2,\"name\":\"Una gu\u00eda para que tu organizaci\u00f3n comience a implementar la igualdad de g\u00e9nero\"}]},{\"@type\":\"WebSite\",\"@id\":\"https:\\\/\\\/diariofemenino.com.ar\\\/df\\\/#website\",\"url\":\"https:\\\/\\\/diariofemenino.com.ar\\\/df\\\/\",\"name\":\"Diario Digital Femenino\",\"description\":\"Cuesti\u00f3n de G\u00e9nero\",\"publisher\":{\"@id\":\"https:\\\/\\\/diariofemenino.com.ar\\\/df\\\/#organization\"},\"potentialAction\":[{\"@type\":\"SearchAction\",\"target\":{\"@type\":\"EntryPoint\",\"urlTemplate\":\"https:\\\/\\\/diariofemenino.com.ar\\\/df\\\/?s={search_term_string}\"},\"query-input\":{\"@type\":\"PropertyValueSpecification\",\"valueRequired\":true,\"valueName\":\"search_term_string\"}}],\"inLanguage\":\"es\"},{\"@type\":\"Organization\",\"@id\":\"https:\\\/\\\/diariofemenino.com.ar\\\/df\\\/#organization\",\"name\":\"Diario Femenino\",\"url\":\"https:\\\/\\\/diariofemenino.com.ar\\\/df\\\/\",\"logo\":{\"@type\":\"ImageObject\",\"inLanguage\":\"es\",\"@id\":\"https:\\\/\\\/diariofemenino.com.ar\\\/df\\\/#\\\/schema\\\/logo\\\/image\\\/\",\"url\":\"https:\\\/\\\/diariofemenino.com.ar\\\/df\\\/wp-content\\\/uploads\\\/2018\\\/10\\\/logo.png\",\"contentUrl\":\"https:\\\/\\\/diariofemenino.com.ar\\\/df\\\/wp-content\\\/uploads\\\/2018\\\/10\\\/logo.png\",\"width\":500,\"height\":92,\"caption\":\"Diario Femenino\"},\"image\":{\"@id\":\"https:\\\/\\\/diariofemenino.com.ar\\\/df\\\/#\\\/schema\\\/logo\\\/image\\\/\"},\"sameAs\":[\"https:\\\/\\\/www.facebook.com\\\/DiarioDigitaFemenino\\\/\",\"https:\\\/\\\/x.com\\\/DiarioFemenino1\"]},{\"@type\":\"Person\",\"@id\":\"https:\\\/\\\/diariofemenino.com.ar\\\/df\\\/#\\\/schema\\\/person\\\/bf6199e8158c657ea6f789b11ec85509\",\"name\":\"Admin\",\"image\":{\"@type\":\"ImageObject\",\"inLanguage\":\"es\",\"@id\":\"https:\\\/\\\/diariofemenino.com.ar\\\/df\\\/wp-content\\\/uploads\\\/2018\\\/12\\\/favicon-150x150.jpg\",\"url\":\"https:\\\/\\\/diariofemenino.com.ar\\\/df\\\/wp-content\\\/uploads\\\/2018\\\/12\\\/favicon-150x150.jpg\",\"contentUrl\":\"https:\\\/\\\/diariofemenino.com.ar\\\/df\\\/wp-content\\\/uploads\\\/2018\\\/12\\\/favicon-150x150.jpg\",\"caption\":\"Admin\"},\"url\":\"https:\\\/\\\/diariofemenino.com.ar\\\/df\\\/author\\\/lenny\\\/\"}]}<\/script>\n<!-- \/ Yoast SEO plugin. -->","yoast_head_json":{"title":"Una gu\u00eda para que tu organizaci\u00f3n comience a implementar la igualdad de g\u00e9nero - Diario Digital Femenino","description":"Igualdad de g\u00e9nero. Una gu\u00eda para que tu organizaci\u00f3n comience a implementar la igualdad de g\u00e9nero. Para descargar gratis y sin registro","robots":{"index":"index","follow":"follow","max-snippet":"max-snippet:-1","max-image-preview":"max-image-preview:large","max-video-preview":"max-video-preview:-1"},"canonical":"https:\/\/diariofemenino.com.ar\/df\/una-guia-para-que-tu-organizacion-comience-a-implementar-la-igualdad-de-genero\/","og_locale":"es_ES","og_type":"article","og_title":"Una gu\u00eda para que tu organizaci\u00f3n comience a implementar la igualdad de g\u00e9nero - Diario Digital Femenino","og_description":"Igualdad de g\u00e9nero. Una gu\u00eda para que tu organizaci\u00f3n comience a implementar la igualdad de g\u00e9nero. Para descargar gratis y sin registro","og_url":"https:\/\/diariofemenino.com.ar\/df\/una-guia-para-que-tu-organizacion-comience-a-implementar-la-igualdad-de-genero\/","og_site_name":"Diario Digital Femenino","article_publisher":"https:\/\/www.facebook.com\/DiarioDigitaFemenino\/","article_published_time":"2019-10-18T20:51:13+00:00","og_image":[{"width":786,"height":445,"url":"https:\/\/diariofemenino.com.ar\/df\/wp-content\/uploads\/2019\/10\/captura-.jpg","type":"image\/jpeg"}],"author":"Admin","twitter_card":"summary_large_image","twitter_creator":"@DiarioFemenino1","twitter_site":"@DiarioFemenino1","twitter_misc":{"Escrito por":"Admin","Tiempo de lectura":"4 minutos"},"schema":{"@context":"https:\/\/schema.org","@graph":[{"@type":"Article","@id":"https:\/\/diariofemenino.com.ar\/df\/una-guia-para-que-tu-organizacion-comience-a-implementar-la-igualdad-de-genero\/#article","isPartOf":{"@id":"https:\/\/diariofemenino.com.ar\/df\/una-guia-para-que-tu-organizacion-comience-a-implementar-la-igualdad-de-genero\/"},"author":{"name":"Admin","@id":"https:\/\/diariofemenino.com.ar\/df\/#\/schema\/person\/bf6199e8158c657ea6f789b11ec85509"},"headline":"Una gu\u00eda para que tu organizaci\u00f3n comience a implementar la igualdad de g\u00e9nero","datePublished":"2019-10-18T20:51:13+00:00","mainEntityOfPage":{"@id":"https:\/\/diariofemenino.com.ar\/df\/una-guia-para-que-tu-organizacion-comience-a-implementar-la-igualdad-de-genero\/"},"wordCount":814,"commentCount":0,"publisher":{"@id":"https:\/\/diariofemenino.com.ar\/df\/#organization"},"image":{"@id":"https:\/\/diariofemenino.com.ar\/df\/una-guia-para-que-tu-organizacion-comience-a-implementar-la-igualdad-de-genero\/#primaryimage"},"thumbnailUrl":"https:\/\/diariofemenino.com.ar\/df\/wp-content\/uploads\/2019\/10\/captura-.jpg","keywords":["Derechos Humanos","Gu\u00eda","Igualdad de G\u00e9nero"],"articleSection":["Agenda Feminista","Biblioteca Virtual"],"inLanguage":"es","potentialAction":[{"@type":"CommentAction","name":"Comment","target":["https:\/\/diariofemenino.com.ar\/df\/una-guia-para-que-tu-organizacion-comience-a-implementar-la-igualdad-de-genero\/#respond"]}]},{"@type":"WebPage","@id":"https:\/\/diariofemenino.com.ar\/df\/una-guia-para-que-tu-organizacion-comience-a-implementar-la-igualdad-de-genero\/","url":"https:\/\/diariofemenino.com.ar\/df\/una-guia-para-que-tu-organizacion-comience-a-implementar-la-igualdad-de-genero\/","name":"Una gu\u00eda para que tu organizaci\u00f3n comience a implementar la igualdad de g\u00e9nero - Diario Digital Femenino","isPartOf":{"@id":"https:\/\/diariofemenino.com.ar\/df\/#website"},"primaryImageOfPage":{"@id":"https:\/\/diariofemenino.com.ar\/df\/una-guia-para-que-tu-organizacion-comience-a-implementar-la-igualdad-de-genero\/#primaryimage"},"image":{"@id":"https:\/\/diariofemenino.com.ar\/df\/una-guia-para-que-tu-organizacion-comience-a-implementar-la-igualdad-de-genero\/#primaryimage"},"thumbnailUrl":"https:\/\/diariofemenino.com.ar\/df\/wp-content\/uploads\/2019\/10\/captura-.jpg","datePublished":"2019-10-18T20:51:13+00:00","description":"Igualdad de g\u00e9nero. Una gu\u00eda para que tu organizaci\u00f3n comience a implementar la igualdad de g\u00e9nero. Para descargar gratis y sin registro","breadcrumb":{"@id":"https:\/\/diariofemenino.com.ar\/df\/una-guia-para-que-tu-organizacion-comience-a-implementar-la-igualdad-de-genero\/#breadcrumb"},"inLanguage":"es","potentialAction":[{"@type":"ReadAction","target":["https:\/\/diariofemenino.com.ar\/df\/una-guia-para-que-tu-organizacion-comience-a-implementar-la-igualdad-de-genero\/"]}]},{"@type":"ImageObject","inLanguage":"es","@id":"https:\/\/diariofemenino.com.ar\/df\/una-guia-para-que-tu-organizacion-comience-a-implementar-la-igualdad-de-genero\/#primaryimage","url":"https:\/\/diariofemenino.com.ar\/df\/wp-content\/uploads\/2019\/10\/captura-.jpg","contentUrl":"https:\/\/diariofemenino.com.ar\/df\/wp-content\/uploads\/2019\/10\/captura-.jpg","width":786,"height":445,"caption":"Una gu\u00eda para que tu organizaci\u00f3n comience a implementar la igualdad de g\u00e9nero"},{"@type":"BreadcrumbList","@id":"https:\/\/diariofemenino.com.ar\/df\/una-guia-para-que-tu-organizacion-comience-a-implementar-la-igualdad-de-genero\/#breadcrumb","itemListElement":[{"@type":"ListItem","position":1,"name":"Portada","item":"https:\/\/diariofemenino.com.ar\/df\/"},{"@type":"ListItem","position":2,"name":"Una gu\u00eda para que tu organizaci\u00f3n comience a implementar la igualdad de g\u00e9nero"}]},{"@type":"WebSite","@id":"https:\/\/diariofemenino.com.ar\/df\/#website","url":"https:\/\/diariofemenino.com.ar\/df\/","name":"Diario Digital Femenino","description":"Cuesti\u00f3n de G\u00e9nero","publisher":{"@id":"https:\/\/diariofemenino.com.ar\/df\/#organization"},"potentialAction":[{"@type":"SearchAction","target":{"@type":"EntryPoint","urlTemplate":"https:\/\/diariofemenino.com.ar\/df\/?s={search_term_string}"},"query-input":{"@type":"PropertyValueSpecification","valueRequired":true,"valueName":"search_term_string"}}],"inLanguage":"es"},{"@type":"Organization","@id":"https:\/\/diariofemenino.com.ar\/df\/#organization","name":"Diario Femenino","url":"https:\/\/diariofemenino.com.ar\/df\/","logo":{"@type":"ImageObject","inLanguage":"es","@id":"https:\/\/diariofemenino.com.ar\/df\/#\/schema\/logo\/image\/","url":"https:\/\/diariofemenino.com.ar\/df\/wp-content\/uploads\/2018\/10\/logo.png","contentUrl":"https:\/\/diariofemenino.com.ar\/df\/wp-content\/uploads\/2018\/10\/logo.png","width":500,"height":92,"caption":"Diario Femenino"},"image":{"@id":"https:\/\/diariofemenino.com.ar\/df\/#\/schema\/logo\/image\/"},"sameAs":["https:\/\/www.facebook.com\/DiarioDigitaFemenino\/","https:\/\/x.com\/DiarioFemenino1"]},{"@type":"Person","@id":"https:\/\/diariofemenino.com.ar\/df\/#\/schema\/person\/bf6199e8158c657ea6f789b11ec85509","name":"Admin","image":{"@type":"ImageObject","inLanguage":"es","@id":"https:\/\/diariofemenino.com.ar\/df\/wp-content\/uploads\/2018\/12\/favicon-150x150.jpg","url":"https:\/\/diariofemenino.com.ar\/df\/wp-content\/uploads\/2018\/12\/favicon-150x150.jpg","contentUrl":"https:\/\/diariofemenino.com.ar\/df\/wp-content\/uploads\/2018\/12\/favicon-150x150.jpg","caption":"Admin"},"url":"https:\/\/diariofemenino.com.ar\/df\/author\/lenny\/"}]}},"jetpack_featured_media_url":"https:\/\/diariofemenino.com.ar\/df\/wp-content\/uploads\/2019\/10\/captura-.jpg","jetpack_sharing_enabled":true,"rttpg_featured_image_url":{"full":["https:\/\/diariofemenino.com.ar\/df\/wp-content\/uploads\/2019\/10\/captura-.jpg",786,445,false],"landscape":["https:\/\/diariofemenino.com.ar\/df\/wp-content\/uploads\/2019\/10\/captura-.jpg",786,445,false],"portraits":["https:\/\/diariofemenino.com.ar\/df\/wp-content\/uploads\/2019\/10\/captura-.jpg",786,445,false],"thumbnail":["https:\/\/diariofemenino.com.ar\/df\/wp-content\/uploads\/2019\/10\/captura--150x150.jpg",150,150,true],"medium":["https:\/\/diariofemenino.com.ar\/df\/wp-content\/uploads\/2019\/10\/captura--300x170.jpg",300,170,true],"large":["https:\/\/diariofemenino.com.ar\/df\/wp-content\/uploads\/2019\/10\/captura-.jpg",786,445,false],"1536x1536":["https:\/\/diariofemenino.com.ar\/df\/wp-content\/uploads\/2019\/10\/captura-.jpg",786,445,false],"2048x2048":["https:\/\/diariofemenino.com.ar\/df\/wp-content\/uploads\/2019\/10\/captura-.jpg",786,445,false]},"rttpg_author":{"display_name":"Admin","author_link":"https:\/\/diariofemenino.com.ar\/df\/author\/lenny\/"},"rttpg_comment":0,"rttpg_category":"<a href=\"https:\/\/diariofemenino.com.ar\/df\/category\/agenda-feminista\/\" rel=\"category tag\">Agenda Feminista<\/a> <a href=\"https:\/\/diariofemenino.com.ar\/df\/category\/biblioteca\/\" rel=\"category tag\">Biblioteca Virtual<\/a>","rttpg_excerpt":"La igualdad no necesita de una f\u00f3rmula m\u00e1gica, sino de la construcciones de condiciones que hagan posible las \u00a0buenas pr\u00e1cticas para la igualdad de g\u00e9nero. Despu\u00e9s de m\u00e1s de un a\u00f1o de trabajo con organizaciones aliadas del ecosistema ALTEC e integrantes de la Consultora PARES, hoy sale a la luz la\u00a0primera\u00a0de cuatro gu\u00edas de g\u00e9nero&hellip;","_links":{"self":[{"href":"https:\/\/diariofemenino.com.ar\/df\/wp-json\/wp\/v2\/posts\/42549","targetHints":{"allow":["GET"]}}],"collection":[{"href":"https:\/\/diariofemenino.com.ar\/df\/wp-json\/wp\/v2\/posts"}],"about":[{"href":"https:\/\/diariofemenino.com.ar\/df\/wp-json\/wp\/v2\/types\/post"}],"author":[{"embeddable":true,"href":"https:\/\/diariofemenino.com.ar\/df\/wp-json\/wp\/v2\/users\/4"}],"replies":[{"embeddable":true,"href":"https:\/\/diariofemenino.com.ar\/df\/wp-json\/wp\/v2\/comments?post=42549"}],"version-history":[{"count":0,"href":"https:\/\/diariofemenino.com.ar\/df\/wp-json\/wp\/v2\/posts\/42549\/revisions"}],"wp:featuredmedia":[{"embeddable":true,"href":"https:\/\/diariofemenino.com.ar\/df\/wp-json\/wp\/v2\/media\/42553"}],"wp:attachment":[{"href":"https:\/\/diariofemenino.com.ar\/df\/wp-json\/wp\/v2\/media?parent=42549"}],"wp:term":[{"taxonomy":"category","embeddable":true,"href":"https:\/\/diariofemenino.com.ar\/df\/wp-json\/wp\/v2\/categories?post=42549"},{"taxonomy":"post_tag","embeddable":true,"href":"https:\/\/diariofemenino.com.ar\/df\/wp-json\/wp\/v2\/tags?post=42549"}],"curies":[{"name":"wp","href":"https:\/\/api.w.org\/{rel}","templated":true}]}}