{"id":42541,"date":"2019-10-18T16:00:44","date_gmt":"2019-10-18T19:00:44","guid":{"rendered":"https:\/\/diariofemenino.com.ar\/?p=42541"},"modified":"2019-10-18T16:33:57","modified_gmt":"2019-10-18T19:33:57","slug":"luciano-fabbri-varon-feminista-no-es-una-identidad-sino-una-relacion","status":"publish","type":"post","link":"https:\/\/diariofemenino.com.ar\/df\/luciano-fabbri-varon-feminista-no-es-una-identidad-sino-una-relacion\/","title":{"rendered":"Luciano Fabbri \u201cVar\u00f3n feminista no es una identidad, sino una relaci\u00f3n\u201d"},"content":{"rendered":"<p>Luciano Fabbri<\/p>\n<p class=\"bajada\"><strong>En medio del 34\u00ba Encuentro en La Plata y en el marco del panel \u00abNuevas Masculinidades para una Argentina de Todes\u00bb, hablamos con Lucho Fabbri acerca del rol de los varones en el feminismo, la tarea de deconstruirse y reeducarse, el debate acerca de los aliaddines y el pr\u00f3ximo Encuentro Latinoamericano de Varones Antipatriarcales.<\/strong><\/p>\n<p>Por\u00a0<span class=\"cb-author vcard author\"><span class=\"fn\"><a href=\"http:\/\/elgritodelsur.com.ar\/author\/christopher-loyola\">Christopher Loyola<\/a><\/span><\/span><i class=\"fa fa-times\"><\/i><\/p>\n<p>El pasado s\u00e1bado, en medio del 34\u00ba Encuentro de Mujeres, Lesbianas, Travestis, Trans, Bisexuales y No Binaries, tuvo lugar en la Ciudad de Buenos Aires -m\u00e1s precisamente en el Circuito Cultural JJ- el panel \u201cNuevas Masculinidades para una Argentina de todes\u201d, que reuni\u00f3 a alrededor de 200 militantes varones del Frente de Todos. All\u00ed expusieron Lucas Fauno, periodista y activista LGBTIQ+; Ezequiel Rabines, referente del Frente de Diversidad de La C\u00e1mpora y candidato a legislador porte\u00f1o; y Lucho Fabbri, docente e investigador. Luego del panel de apertura, que cont\u00f3 con la moderaci\u00f3n de Lucas Grimson (referente de Nueva Mayor\u00eda), los militantes se dividieron en talleres para seguir discutiendo acerca de las tareas de cuidado, la diversidad y la responsabilidad afectiva.<\/p>\n<div id=\"attachment_25313\" class=\"wp-caption aligncenter\">\n<p><img loading=\"lazy\" decoding=\"async\" class=\"wp-image-25313 size-full\" src=\"https:\/\/i2.wp.com\/elgritodelsur.com.ar\/wp-content\/uploads\/2019\/10\/WhatsApp-Image-2019-10-13-at-12.53.29.jpeg?resize=1200%2C801\" sizes=\"auto, (max-width: 1200px) 100vw, 1200px\" srcset=\"https:\/\/i2.wp.com\/elgritodelsur.com.ar\/wp-content\/uploads\/2019\/10\/WhatsApp-Image-2019-10-13-at-12.53.29.jpeg?w=1280 1280w, https:\/\/i2.wp.com\/elgritodelsur.com.ar\/wp-content\/uploads\/2019\/10\/WhatsApp-Image-2019-10-13-at-12.53.29.jpeg?resize=300%2C200 300w, https:\/\/i2.wp.com\/elgritodelsur.com.ar\/wp-content\/uploads\/2019\/10\/WhatsApp-Image-2019-10-13-at-12.53.29.jpeg?resize=768%2C512 768w, https:\/\/i2.wp.com\/elgritodelsur.com.ar\/wp-content\/uploads\/2019\/10\/WhatsApp-Image-2019-10-13-at-12.53.29.jpeg?resize=1024%2C683 1024w, https:\/\/i2.wp.com\/elgritodelsur.com.ar\/wp-content\/uploads\/2019\/10\/WhatsApp-Image-2019-10-13-at-12.53.29.jpeg?resize=360%2C240 360w\" alt=\"\" width=\"1200\" height=\"801\" data-attachment-id=\"25313\" data-permalink=\"http:\/\/elgritodelsur.com.ar\/2019\/10\/nuevas-masculinidades-lucho-fabbri.html\/whatsapp-image-2019-10-13-at-12-53-29\" data-orig-file=\"https:\/\/i2.wp.com\/elgritodelsur.com.ar\/wp-content\/uploads\/2019\/10\/WhatsApp-Image-2019-10-13-at-12.53.29.jpeg?fit=1280%2C854\" data-orig-size=\"1280,854\" data-comments-opened=\"0\" data-image-meta=\"{&quot;aperture&quot;:&quot;0&quot;,&quot;credit&quot;:&quot;&quot;,&quot;camera&quot;:&quot;&quot;,&quot;caption&quot;:&quot;&quot;,&quot;created_timestamp&quot;:&quot;0&quot;,&quot;copyright&quot;:&quot;&quot;,&quot;focal_length&quot;:&quot;0&quot;,&quot;iso&quot;:&quot;0&quot;,&quot;shutter_speed&quot;:&quot;0&quot;,&quot;title&quot;:&quot;&quot;,&quot;orientation&quot;:&quot;0&quot;}\" data-image-title=\"WhatsApp Image 2019-10-13 at 12.53.29\" data-image-description=\"\" data-medium-file=\"https:\/\/i2.wp.com\/elgritodelsur.com.ar\/wp-content\/uploads\/2019\/10\/WhatsApp-Image-2019-10-13-at-12.53.29.jpeg?fit=300%2C200\" data-large-file=\"https:\/\/i2.wp.com\/elgritodelsur.com.ar\/wp-content\/uploads\/2019\/10\/WhatsApp-Image-2019-10-13-at-12.53.29.jpeg?fit=1024%2C683\" \/><\/p>\n<p class=\"wp-caption-text\">Lucho Fabbri. Foto: Juli\u00e1n Gal\u00e1n<\/p>\n<\/div>\n<p>Luciano \u201cLucho\u201d Fabbri tiene 37 a\u00f1os, naci\u00f3 en Rosario y se <a href=\"https:\/\/diariofemenino.com.ar\/carta-a-angel-baby-etchecopar-y-a-los-tipos-con-miedo\/\">autopercibe<\/a> como un var\u00f3n cis puto. Es licenciado en Ciencias Pol\u00edticas, se doctor\u00f3 en Ciencias Sociales, forma parte del Instituto de Masculinidades y Cambio Social y se desempe\u00f1a actualmente en el \u00e1rea de g\u00e9nero del rectorado de la Universidad Nacional de Rosario (UNR) y como docente de la Facultad de Ciencias Pol\u00edticas de dicha universidad. En di\u00e1logo con\u00a0<strong>El Grito del Sur<\/strong>, Fabbri\u00a0responde a algunos de los principales interrogantes que rondan las mentes de los varones activistas y militantes por estos tiempos.<\/p>\n<p><strong>Hay un importante debate abierto acerca del lugar que deben ocupar o no los varones en el movimiento feminista. \u00bfQu\u00e9 opin\u00e1s al respecto?<\/strong><\/p>\n<p>Lo que genera mucho problema -y no uno muy productivo- es pensarlo en t\u00e9rminos de ocupar un lugar; eso ya genera una reacci\u00f3n muy defensiva de un mont\u00f3n de compa\u00f1eras y compa\u00f1eres, con mucha raz\u00f3n, en el sentido de que ya ocupamos todos los lugares. Lo que s\u00ed me parece que hay y que deber\u00eda haber sobre todo es una responsabilidad, un rol, una tarea de los varones cis respecto a los feminismos y que fundamentalmente tiene que ver -entre todas las tareas posibles- con la m\u00e1s importante que es llevar la mirada feminista a los espacios donde las compa\u00f1eras no llegan, que son los espacios de socializaci\u00f3n masculina. Eso tiene que ver con erosionar y traicionar la complicidad machista en aquellos espacios donde los varones cis se sienten con la licencia o impunidad de ejercer, que adelante de las compa\u00f1eras saben que ya no pueden sin ning\u00fan tipo de costo.<\/p>\n<p><strong>\u00bfCu\u00e1l es el rol de los varones en el feminismo?<\/strong><\/p>\n<p>No creo que los varonces cis tengamos que disputar un lugar, un reconocimiento o una credencial como feministas, sino hacer del feminismo una mirada para problematizar nuestras relaciones y nuestras pr\u00e1cticas. En este sentido planteo que var\u00f3n feminista no es una identidad, sino una relaci\u00f3n.<\/p>\n<div id=\"attachment_25312\" class=\"wp-caption aligncenter\">\n<figure id=\"attachment_25312\" aria-describedby=\"caption-attachment-25312\" style=\"width: 1200px\" class=\"wp-caption aligncenter\"><img loading=\"lazy\" decoding=\"async\" class=\"wp-image-25312 size-full\" src=\"https:\/\/i0.wp.com\/elgritodelsur.com.ar\/wp-content\/uploads\/2019\/10\/WhatsApp-Image-2019-10-13-at-12.53.30.jpeg?resize=1200%2C801\" sizes=\"auto, (max-width: 1200px) 100vw, 1200px\" srcset=\"https:\/\/i0.wp.com\/elgritodelsur.com.ar\/wp-content\/uploads\/2019\/10\/WhatsApp-Image-2019-10-13-at-12.53.30.jpeg?w=1280 1280w, https:\/\/i0.wp.com\/elgritodelsur.com.ar\/wp-content\/uploads\/2019\/10\/WhatsApp-Image-2019-10-13-at-12.53.30.jpeg?resize=300%2C200 300w, https:\/\/i0.wp.com\/elgritodelsur.com.ar\/wp-content\/uploads\/2019\/10\/WhatsApp-Image-2019-10-13-at-12.53.30.jpeg?resize=768%2C512 768w, https:\/\/i0.wp.com\/elgritodelsur.com.ar\/wp-content\/uploads\/2019\/10\/WhatsApp-Image-2019-10-13-at-12.53.30.jpeg?resize=1024%2C683 1024w, https:\/\/i0.wp.com\/elgritodelsur.com.ar\/wp-content\/uploads\/2019\/10\/WhatsApp-Image-2019-10-13-at-12.53.30.jpeg?resize=360%2C240 360w\" alt=\" Luciano Fabbri \u201cVar\u00f3n feminista no es una identidad, sino una relaci\u00f3n\u201d\" width=\"1200\" height=\"801\" data-attachment-id=\"25312\" data-permalink=\"http:\/\/elgritodelsur.com.ar\/2019\/10\/nuevas-masculinidades-lucho-fabbri.html\/whatsapp-image-2019-10-13-at-12-53-30\" data-orig-file=\"https:\/\/i0.wp.com\/elgritodelsur.com.ar\/wp-content\/uploads\/2019\/10\/WhatsApp-Image-2019-10-13-at-12.53.30.jpeg?fit=1280%2C854\" data-orig-size=\"1280,854\" data-comments-opened=\"0\" data-image-meta=\"{&quot;aperture&quot;:&quot;0&quot;,&quot;credit&quot;:&quot;&quot;,&quot;camera&quot;:&quot;&quot;,&quot;caption&quot;:&quot;&quot;,&quot;created_timestamp&quot;:&quot;0&quot;,&quot;copyright&quot;:&quot;&quot;,&quot;focal_length&quot;:&quot;0&quot;,&quot;iso&quot;:&quot;0&quot;,&quot;shutter_speed&quot;:&quot;0&quot;,&quot;title&quot;:&quot;&quot;,&quot;orientation&quot;:&quot;0&quot;}\" data-image-title=\"WhatsApp Image 2019-10-13 at 12.53.30\" data-image-description=\"\" data-medium-file=\"https:\/\/i0.wp.com\/elgritodelsur.com.ar\/wp-content\/uploads\/2019\/10\/WhatsApp-Image-2019-10-13-at-12.53.30.jpeg?fit=300%2C200\" data-large-file=\"https:\/\/i0.wp.com\/elgritodelsur.com.ar\/wp-content\/uploads\/2019\/10\/WhatsApp-Image-2019-10-13-at-12.53.30.jpeg?fit=1024%2C683\" \/><figcaption id=\"caption-attachment-25312\" class=\"wp-caption-text\"><span style=\"color: #808080;\"> Luciano Fabbri \u201cVar\u00f3n feminista no es una identidad, sino una relaci\u00f3n\u201d<\/span>.\u00a0<span style=\"font-size: 16px;\">Foto: Juli\u00e1n Gal\u00e1n<\/span><\/figcaption><\/figure>\n<\/div>\n<p><strong>\u00bfC\u00f3mo se trabaja esto puertas adentro de las organizaciones? \u00bfEs mejor trabajarlo de manera mixta o es preferible crear espacios espec\u00edficamente para varones?<\/strong><\/p>\n<p>No puedo responder por c\u00f3mo se trabaja en todas las organizaciones. Conozco algunas experiencias, en muchos casos son experiencias de trabajo solo entre varones. Yo pongo el \u00e9nfasis un poco en los varones y sobre todo en los varones cis porque creo que no habr\u00eda que usarlo como sin\u00f3nimo de\u00a0<em>masculinidades<\/em>.\u00a0S\u00ed creo que hay que generar estrategias de trabajo con varones cis, entre varones cis, para problematizar los efectos y las consecuencias de nuestras pr\u00e1cticas sobre les otres y tambi\u00e9n para problematizar qu\u00e9 consecuencias tienen sobre nosotres mismes. Y poder ir circunstancialmente <a href=\"https:\/\/diariofemenino.com.ar\/lanzan-un-espacio-en-rosario-para-formar-hombres-libres-de-machismo\/\">construyendo espacios<\/a> de di\u00e1logo interg\u00e9neros que no sean revictimizantes para esos otres sujetes, que lleguemos a esos espacios con autocr\u00edtica, con voluntad de escucha y con la posibilidad de construir espacios que verdaderamente sean reparatorios de las violencias que ejercemos y no reproductores de esas violencias. Cuando llegamos a los espacios interg\u00e9neros sin reflexi\u00f3n cr\u00edtica y sin una autocr\u00edtica previa, en general son revictimizantes para las compa\u00f1eras porque llegamos neg\u00e1ndonos, o resisti\u00e9ndonos, o relativizando, o menospreciando, o ridiculizando exigiendo que nos expliquen.<\/p>\n<p><strong>Vos marc\u00e1s una diferencia entre los varones y la masculinidad. \u00bfPor qu\u00e9? \u00bfQu\u00e9 es la masculinidad?<\/strong><\/p>\n<p>Despu\u00e9s de mucho tiempo de ensayar, criticar y autocricarnos en las formas de plantear estos debates, tanto desde los activismos como desde los campos de investigaci\u00f3n yo trabajo -al menos en este momento- con la distinci\u00f3n entre la\u00a0<em>masculinidad<\/em>\u00a0en singular y las\u00a0<em>masculinidades<\/em>. La\u00a0<strong>masculinidad<\/strong>\u00a0en singular no es la masculinidad de uno u otro sujeto, sino una masculinidad como dispositivo de poder, como tecnolog\u00eda, como norma. Es decir, es como un conjunto de discursos y de pr\u00e1cticas que nos socializan a las personas para ser reconocidas socialmente como varones y disponer del tiempo, del cuerpo, de la energ\u00eda, de la sexualidad de las mujeres y las feminidades, por eso hablo de la masculinidad como un proyecto pol\u00edtico extractivista. Por otro lado, hablamos de las\u00a0<strong>masculinidades<\/strong>\u00a0en plural para referirnos a las expresiones y actuaciones de g\u00e9nero de cada individualidad o singularidad que se presenta en el mundo desde la expresi\u00f3n de g\u00e9nero de masculinidad y c\u00f3mo eso se entrecruza con pertenencia de clase, \u00e9tnico-racial, orientaci\u00f3n sexual, generacional, discapacidad, etc\u00e9tera.<\/p>\n<div id=\"attachment_25309\" class=\"wp-caption aligncenter\">\n<figure id=\"attachment_25309\" aria-describedby=\"caption-attachment-25309\" style=\"width: 1200px\" class=\"wp-caption aligncenter\"><img loading=\"lazy\" decoding=\"async\" class=\"wp-image-25309 size-full\" src=\"https:\/\/i2.wp.com\/elgritodelsur.com.ar\/wp-content\/uploads\/2019\/10\/WhatsApp-Image-2019-10-13-at-12.53.32.jpeg?resize=1200%2C801\" sizes=\"auto, (max-width: 1200px) 100vw, 1200px\" srcset=\"https:\/\/i2.wp.com\/elgritodelsur.com.ar\/wp-content\/uploads\/2019\/10\/WhatsApp-Image-2019-10-13-at-12.53.32.jpeg?w=1280 1280w, https:\/\/i2.wp.com\/elgritodelsur.com.ar\/wp-content\/uploads\/2019\/10\/WhatsApp-Image-2019-10-13-at-12.53.32.jpeg?resize=300%2C200 300w, https:\/\/i2.wp.com\/elgritodelsur.com.ar\/wp-content\/uploads\/2019\/10\/WhatsApp-Image-2019-10-13-at-12.53.32.jpeg?resize=768%2C512 768w, https:\/\/i2.wp.com\/elgritodelsur.com.ar\/wp-content\/uploads\/2019\/10\/WhatsApp-Image-2019-10-13-at-12.53.32.jpeg?resize=1024%2C683 1024w, https:\/\/i2.wp.com\/elgritodelsur.com.ar\/wp-content\/uploads\/2019\/10\/WhatsApp-Image-2019-10-13-at-12.53.32.jpeg?resize=360%2C240 360w\" alt=\" Luciano Fabbri \u201cVar\u00f3n feminista no es una identidad, sino una relaci\u00f3n\u201d\" width=\"1200\" height=\"801\" data-attachment-id=\"25309\" data-permalink=\"http:\/\/elgritodelsur.com.ar\/2019\/10\/nuevas-masculinidades-lucho-fabbri.html\/whatsapp-image-2019-10-13-at-12-53-32\" data-orig-file=\"https:\/\/i2.wp.com\/elgritodelsur.com.ar\/wp-content\/uploads\/2019\/10\/WhatsApp-Image-2019-10-13-at-12.53.32.jpeg?fit=1280%2C854\" data-orig-size=\"1280,854\" data-comments-opened=\"0\" data-image-meta=\"{&quot;aperture&quot;:&quot;0&quot;,&quot;credit&quot;:&quot;&quot;,&quot;camera&quot;:&quot;&quot;,&quot;caption&quot;:&quot;&quot;,&quot;created_timestamp&quot;:&quot;0&quot;,&quot;copyright&quot;:&quot;&quot;,&quot;focal_length&quot;:&quot;0&quot;,&quot;iso&quot;:&quot;0&quot;,&quot;shutter_speed&quot;:&quot;0&quot;,&quot;title&quot;:&quot;&quot;,&quot;orientation&quot;:&quot;0&quot;}\" data-image-title=\"WhatsApp Image 2019-10-13 at 12.53.32\" data-image-description=\"\" data-medium-file=\"https:\/\/i2.wp.com\/elgritodelsur.com.ar\/wp-content\/uploads\/2019\/10\/WhatsApp-Image-2019-10-13-at-12.53.32.jpeg?fit=300%2C200\" data-large-file=\"https:\/\/i2.wp.com\/elgritodelsur.com.ar\/wp-content\/uploads\/2019\/10\/WhatsApp-Image-2019-10-13-at-12.53.32.jpeg?fit=1024%2C683\" \/><figcaption id=\"caption-attachment-25309\" class=\"wp-caption-text\"><span style=\"color: #808080;\"> Luciano Fabbri \u201cVar\u00f3n feminista no es una identidad, sino una relaci\u00f3n\u201d.<\/span>\u00a0<span style=\"font-size: 16px;\">Foto: Juli\u00e1n Gal\u00e1n<\/span><\/figcaption><\/figure>\n<\/div>\n<p><strong>\u00bfDe qu\u00e9 hablamos entonces cuando se plantea construir nuevas masculinidades?<\/strong><\/p>\n<p>A m\u00ed el concepto de nueva masculinidad o nuevas masculinidades, sea en singular o en plural, no me cierra. Me parece que es un concepto eficaz entre comillas para poder comunicar de manera amplia y masiva que nos referimos a los procesos de cr\u00edtica de la masculinidad tradicional, dominante, hegem\u00f3nica y la apertura a otros sentidos y pr\u00e1cticas, pero me parece que el \u00e9nfasis puesto en la novedad de la masculinidad puede ser como muy lavado, le\u00eddo o interpretado de una manera superficial y eso puede llevar a la despolitizaci\u00f3n de este debate. Entonces me parece que est\u00e1 bien nombrarlo as\u00ed, siempre y cuando lo discutamos y cada vez que se crea un panel, un taller o un espacio donde se lo llama de esta manera aprovechemos para arrancarlo poniendo en discusi\u00f3n el t\u00e9rmino.<\/p>\n<p><strong>\u00bfDe qui\u00e9n es la tarea de reeducar a los varones?<\/strong><\/p>\n<p>Es una tarea cultural y pol\u00edtica. El desaf\u00edo es enorme, implica no solo trabajar con los varones sino apostar a transformar las estructuras de poder y la organizaci\u00f3n social, por lo que no es de alguien en particular, es la tarea de todas las instituciones: es la tarea del Estado, es la tarea del sistema educativo, es la tarea del sistema de salud, es una tarea comunitaria, colectiva y de las organizaciones. Entre todos esos actores, quienes no pueden faltar son los varones con la responsabilidad principal de reeducarnos y acompa\u00f1ar a otros en ese proceso. Me parece que, as\u00ed como no existe un patriarcado sin sujeto, tambi\u00e9n esos varones tienen que ser sujetos de la transformaci\u00f3n de ese problema. Tambi\u00e9n es cierto que la mayor\u00eda de los varones que algo hemos empezado a trabajar sobre esto lo hicimos porque hubo compa\u00f1eras, sobre todo mujeres feministas, que nos han facilitado las herramientas para poder hacerlo. La cuesti\u00f3n es no exig\u00edrselo y no deleg\u00e1rselo, sino en todo caso escucharlas y formarnos con todo lo que vienen construyendo para poder replicarlo de alguna forma en los espacios de masculinidades.<\/p>\n<p><strong>\u00bfC\u00f3mo se trabaja con aquellos varones que hoy no ven con buenos ojos al feminismo? \u00bfC\u00f3mo se los interpela?<\/strong><\/p>\n<p>Interpelados est\u00e1n, por eso est\u00e1n enojados, de alg\u00fan u otro modo est\u00e1n inc\u00f3modos y desorientados. En todo caso, de lo que se trata es de ver c\u00f3mo hacemos para que no se vayan del otro lado o para que no reafirmen su lugar desde una pol\u00edtica antifeminista. Hay que pensar de manera amplia y estrat\u00e9gica dispositivos de pol\u00edticas p\u00fablicas y comunitarias que busquen hacer de esa interpelaci\u00f3n y esa incomodidad en la que nos colocan los feminismos algo productivo y pol\u00edticamente capitalizable para un proyecto liberador y no para ampliar las filas de los fundamentalistas y los antiderechos, ni los sectores conservadores. Ah\u00ed la educaci\u00f3n sexual integral es una l\u00ednea estrat\u00e9gica porque el sistema educativo es un lugar por el que pasan la gran mayor\u00eda de los varones, pero hay que pensar otras complementarias para aquellos que no pasan por ah\u00ed o aquellos que ya pasaron y ya no tienen esa posibilidad.<\/p>\n<p><strong>\u00bfAlcanza solamente con pol\u00edticas p\u00fablicas o se necesitan medidas complementarias para trabajar en este objetivo?<\/strong><\/p>\n<p>Tenemos el desaf\u00edo de pensar la pol\u00edtica p\u00fablica como algo no estrictamente estatal: pol\u00edtica p\u00fablica pueden hacer las organizaciones, los colectivos y sobre todo se tiene que hacer a nivel comunitario porque el Estado sigue siendo un Estado patriarcal y lo va a seguir siendo. No podemos depender de quien est\u00e9 en el Gobierno para tener una pol\u00edtica p\u00fablica que desde arriba interpele a los varones y las masculinidades, sino que tenemos que poder ir prefigurando desde nuestras organizaciones las herramientas para que cirscunstancialmente el Estado tome y multiplique con los recursos que tiene y que efectivamente no tenemos las organizaciones. Adem\u00e1s no hay que ser ingenuos: el Estado siempre va a presentar l\u00edmites en la radicalidad de su interpelaci\u00f3n a las relaciones de poder porque son las relaciones de poder que le permiten seguir siendo un Estado patriarcal con una democracia burguesa, representativa y muy limitada en el marco de un sistema capitalista, racista y colonial.<\/p>\n<p><strong>Hay tanto debate como consumo ir\u00f3nico de memes acerca de los feministos y los aliados. \u00bfQui\u00e9n define y qui\u00e9n no a un var\u00f3n como feminista o como aliado?<\/strong><\/p>\n<p>Cuando te dec\u00eda esto de que varon feminista no es identidad sino relaci\u00f3n, tiene que ver con intentar limitar y problematizar la b\u00fasqueda permanente por traducir nuestras espasm\u00f3dicas pr\u00e1cticas de transformaci\u00f3n en una identidad, en una forma de nominarlo y que se nos reconozca p\u00fablicamente desde esa identidad, que muchas veces no est\u00e1 acompa\u00f1ada del cambio cotidiano de nuestras pr\u00e1cticas. De alg\u00fan modo yo comprendo y comparto cuando la cr\u00edtica, la sospecha, la iron\u00eda, el humor y la gastada vienen a se\u00f1alar esa distancia, es decir, esto que vos est\u00e1s diciendo que sos no se condice con tu pr\u00e1ctica.\u00a0<em>Genial que est\u00e9s a favor de la lucha por el derecho al aborto, todo bien con que uses el pa\u00f1uelo y te pongas el marco de la Campa\u00f1a en la foto de perfil de Facebook pero el fin de semana pasado me cost\u00f3 un ovario que te pongas el forro<\/em>. Me parece que las compa\u00f1eras vienen a se\u00f1alar justamente eso, la distancia que hay entre las nominaciones y las pr\u00e1cticas.<\/p>\n<p><strong>\u00bfEs esto lo central del debate? \u00bfC\u00f3mo se trabaja este tema con los l\u00edmites que se presentan cotidianamente en nuestro d\u00eda a d\u00eda?<\/strong><\/p>\n<p>Lo que planteo entonces es inhibir un poco esa necesidad de decretar lo poco que estamos haciendo y focalizarnos en poner nuestras energ\u00edas en la transformaci\u00f3n de nuestras relaciones. S\u00ed creo que como organizaciones, como activistas y como militantes tenemos que pensar cu\u00e1les son los efectos de los discursos que reproducimos. Para m\u00ed el efecto de la ironizaci\u00f3n constante sobre la posibilidad de que los varones seamos aliados o feministas es contraproducente, no est\u00e1 alimentando tanto la mirada sobre nuestra pr\u00e1ctica cotidiana sino el distanciamiento de los feminismos y eso est\u00e1 de alg\u00fan modo fortaleciendo en muchos casos que los varones reafirmen que sobre el feminismo no tienen nada que hacer, que es algo con lo que no se tienen que vincular porque genera resistencia en compa\u00f1eras y en compa\u00f1eres. Y as\u00ed como est\u00e1n estos discursos y es cierto, tambi\u00e9n hay otras compa\u00f1eras que nos est\u00e1n planteando hace much\u00edsimo tiempo que los varones tenemos que hacernos cargo de la lucha feminista como una lucha que nos compete en t\u00e9rminos de transformaci\u00f3n de nuestras pr\u00e1cticas, que el feminismo tiene que ser popular, tiene que ser masivo, tiene que ser una propuesta universal en t\u00e9rminos de que todos los cuerpos, todas las identidades, todas las subjetividades somos socializadas en el patriarcado y necesitamos de los feminismos para transformar esa socializaci\u00f3n y revertirla.<\/p>\n<div id=\"attachment_25326\" class=\"wp-caption aligncenter\">\n<p><img loading=\"lazy\" decoding=\"async\" class=\"size-full wp-image-25326\" src=\"https:\/\/i2.wp.com\/elgritodelsur.com.ar\/wp-content\/uploads\/2019\/10\/WhatsApp-Image-2019-10-13-at-12.53.32-1.jpeg?resize=1200%2C801\" sizes=\"auto, (max-width: 1200px) 100vw, 1200px\" srcset=\"https:\/\/i2.wp.com\/elgritodelsur.com.ar\/wp-content\/uploads\/2019\/10\/WhatsApp-Image-2019-10-13-at-12.53.32-1.jpeg?w=1280 1280w, https:\/\/i2.wp.com\/elgritodelsur.com.ar\/wp-content\/uploads\/2019\/10\/WhatsApp-Image-2019-10-13-at-12.53.32-1.jpeg?resize=300%2C200 300w, https:\/\/i2.wp.com\/elgritodelsur.com.ar\/wp-content\/uploads\/2019\/10\/WhatsApp-Image-2019-10-13-at-12.53.32-1.jpeg?resize=768%2C512 768w, https:\/\/i2.wp.com\/elgritodelsur.com.ar\/wp-content\/uploads\/2019\/10\/WhatsApp-Image-2019-10-13-at-12.53.32-1.jpeg?resize=1024%2C683 1024w, https:\/\/i2.wp.com\/elgritodelsur.com.ar\/wp-content\/uploads\/2019\/10\/WhatsApp-Image-2019-10-13-at-12.53.32-1.jpeg?resize=360%2C240 360w\" alt=\"\" width=\"1200\" height=\"801\" data-attachment-id=\"25326\" data-permalink=\"http:\/\/elgritodelsur.com.ar\/2019\/10\/nuevas-masculinidades-lucho-fabbri.html\/whatsapp-image-2019-10-13-at-12-53-32-1\" data-orig-file=\"https:\/\/i2.wp.com\/elgritodelsur.com.ar\/wp-content\/uploads\/2019\/10\/WhatsApp-Image-2019-10-13-at-12.53.32-1.jpeg?fit=1280%2C854\" data-orig-size=\"1280,854\" data-comments-opened=\"0\" data-image-meta=\"{&quot;aperture&quot;:&quot;0&quot;,&quot;credit&quot;:&quot;&quot;,&quot;camera&quot;:&quot;&quot;,&quot;caption&quot;:&quot;&quot;,&quot;created_timestamp&quot;:&quot;0&quot;,&quot;copyright&quot;:&quot;&quot;,&quot;focal_length&quot;:&quot;0&quot;,&quot;iso&quot;:&quot;0&quot;,&quot;shutter_speed&quot;:&quot;0&quot;,&quot;title&quot;:&quot;&quot;,&quot;orientation&quot;:&quot;0&quot;}\" data-image-title=\"WhatsApp Image 2019-10-13 at 12.53.32 (1)\" data-image-description=\"\" data-medium-file=\"https:\/\/i2.wp.com\/elgritodelsur.com.ar\/wp-content\/uploads\/2019\/10\/WhatsApp-Image-2019-10-13-at-12.53.32-1.jpeg?fit=300%2C200\" data-large-file=\"https:\/\/i2.wp.com\/elgritodelsur.com.ar\/wp-content\/uploads\/2019\/10\/WhatsApp-Image-2019-10-13-at-12.53.32-1.jpeg?fit=1024%2C683\" \/><\/p>\n<p class=\"wp-caption-text\">Foto: Juli\u00e1n Gal\u00e1n<\/p>\n<\/div>\n<p>Por \u00faltimo, Lucho Fabbri habl\u00f3 sobre el pr\u00f3ximo Encuentro Latinoamericano de Varones Antipatriarcales (ELVA), que tendr\u00e1 su octava edici\u00f3n en Uruguay los d\u00edas 8, 9 y 10 de noviembre. Fabbri no s\u00f3lo asistir\u00e1 como todos los a\u00f1os, sino que se encuentra trabajando en la conformaci\u00f3n de una delegaci\u00f3n de representantes estudiantiles de la Universidad Nacional de Rosario con la que espera viajar en algunas semanas rumbo al pa\u00eds hermano.<\/p>\n<p><a href=\"http:\/\/elgritodelsur.com.ar\/\">El Grito del Sur<\/a><\/p>\n","protected":false},"excerpt":{"rendered":"<p>Luciano Fabbri En medio del 34\u00ba Encuentro en La Plata y en el marco del panel \u00abNuevas Masculinidades para una Argentina de Todes\u00bb, hablamos con Lucho Fabbri acerca del rol de los varones en el feminismo, la tarea de deconstruirse y reeducarse, el debate acerca de los aliaddines y el pr\u00f3ximo Encuentro Latinoamericano de Varones [&hellip;]<\/p>\n","protected":false},"author":4,"featured_media":42546,"comment_status":"open","ping_status":"open","sticky":false,"template":"","format":"standard","meta":{"iawp_total_views":48,"footnotes":""},"categories":[7,1067,581,9],"tags":[2010,2289,1147,73],"class_list":["post-42541","post","type-post","status-publish","format-standard","has-post-thumbnail","hentry","category-actividades","category-agenda-feminista","category-azul-profundo","category-de-esi-si-se-habla","tag-34-encuentro-plurinacional-de-mujeres-lesbianas-travestis-trans-bisexuales-y-nobinaries","tag-34o-encuentro-en-la-plata","tag-luciano-fabbri","tag-masculinidades"],"nelio_content":{"autoShareEndMode":"never","automationSources":{"useCustomSentences":false,"customSentences":[]},"efiAlt":"","efiUrl":"","followers":[4],"highlights":[],"isAutoShareEnabled":true,"networkImageIds":[],"permalinkQueryArgs":[],"series":[],"suggestedReferences":[]},"yoast_head":"<!-- This site is optimized with the Yoast SEO plugin v27.5 - https:\/\/yoast.com\/product\/yoast-seo-wordpress\/ -->\n<title>Luciano Fabbri \u201cVar\u00f3n feminista no es una identidad, sino una relaci\u00f3n\u201d - Diario Digital Femenino<\/title>\n<meta name=\"description\" content=\"Luciano Fabbri\u201cVar\u00f3n feminista no es una identidad, sino una relaci\u00f3n\u201d.\" \/>\n<meta name=\"robots\" content=\"index, follow, max-snippet:-1, max-image-preview:large, max-video-preview:-1\" \/>\n<link rel=\"canonical\" href=\"https:\/\/diariofemenino.com.ar\/df\/luciano-fabbri-varon-feminista-no-es-una-identidad-sino-una-relacion\/\" \/>\n<meta property=\"og:locale\" content=\"es_ES\" \/>\n<meta property=\"og:type\" content=\"article\" \/>\n<meta property=\"og:title\" content=\"Luciano Fabbri \u201cVar\u00f3n feminista no es una identidad, sino una relaci\u00f3n\u201d - Diario Digital Femenino\" \/>\n<meta property=\"og:description\" content=\"Luciano Fabbri\u201cVar\u00f3n feminista no es una identidad, sino una relaci\u00f3n\u201d.\" \/>\n<meta property=\"og:url\" content=\"https:\/\/diariofemenino.com.ar\/df\/luciano-fabbri-varon-feminista-no-es-una-identidad-sino-una-relacion\/\" \/>\n<meta property=\"og:site_name\" content=\"Diario Digital Femenino\" \/>\n<meta property=\"article:publisher\" content=\"https:\/\/www.facebook.com\/DiarioDigitaFemenino\/\" \/>\n<meta property=\"article:published_time\" content=\"2019-10-18T19:00:44+00:00\" \/>\n<meta property=\"article:modified_time\" content=\"2019-10-18T19:33:57+00:00\" \/>\n<meta property=\"og:image\" content=\"https:\/\/diariofemenino.com.ar\/df\/wp-content\/uploads\/2019\/10\/WhatsApp-Image-2019-10-13-at-12.53.31.jpg\" \/>\n\t<meta property=\"og:image:width\" content=\"768\" \/>\n\t<meta property=\"og:image:height\" content=\"513\" \/>\n\t<meta property=\"og:image:type\" content=\"image\/jpeg\" \/>\n<meta name=\"author\" content=\"Admin\" \/>\n<meta name=\"twitter:card\" content=\"summary_large_image\" \/>\n<meta name=\"twitter:creator\" content=\"@DiarioFemenino1\" \/>\n<meta name=\"twitter:site\" content=\"@DiarioFemenino1\" \/>\n<meta name=\"twitter:label1\" content=\"Escrito por\" \/>\n\t<meta name=\"twitter:data1\" content=\"Admin\" \/>\n\t<meta name=\"twitter:label2\" content=\"Tiempo de lectura\" \/>\n\t<meta name=\"twitter:data2\" content=\"12 minutos\" \/>\n<script type=\"application\/ld+json\" class=\"yoast-schema-graph\">{\"@context\":\"https:\\\/\\\/schema.org\",\"@graph\":[{\"@type\":\"Article\",\"@id\":\"https:\\\/\\\/diariofemenino.com.ar\\\/df\\\/luciano-fabbri-varon-feminista-no-es-una-identidad-sino-una-relacion\\\/#article\",\"isPartOf\":{\"@id\":\"https:\\\/\\\/diariofemenino.com.ar\\\/df\\\/luciano-fabbri-varon-feminista-no-es-una-identidad-sino-una-relacion\\\/\"},\"author\":{\"name\":\"Admin\",\"@id\":\"https:\\\/\\\/diariofemenino.com.ar\\\/df\\\/#\\\/schema\\\/person\\\/bf6199e8158c657ea6f789b11ec85509\"},\"headline\":\"Luciano Fabbri \u201cVar\u00f3n feminista no es una identidad, sino una relaci\u00f3n\u201d\",\"datePublished\":\"2019-10-18T19:00:44+00:00\",\"dateModified\":\"2019-10-18T19:33:57+00:00\",\"mainEntityOfPage\":{\"@id\":\"https:\\\/\\\/diariofemenino.com.ar\\\/df\\\/luciano-fabbri-varon-feminista-no-es-una-identidad-sino-una-relacion\\\/\"},\"wordCount\":2319,\"commentCount\":0,\"publisher\":{\"@id\":\"https:\\\/\\\/diariofemenino.com.ar\\\/df\\\/#organization\"},\"image\":{\"@id\":\"https:\\\/\\\/diariofemenino.com.ar\\\/df\\\/luciano-fabbri-varon-feminista-no-es-una-identidad-sino-una-relacion\\\/#primaryimage\"},\"thumbnailUrl\":\"https:\\\/\\\/diariofemenino.com.ar\\\/df\\\/wp-content\\\/uploads\\\/2019\\\/10\\\/WhatsApp-Image-2019-10-13-at-12.53.31.jpg\",\"keywords\":[\"34\u00b0 Encuentro Plurinacional de Mujeres Lesbianas Travestis Trans Bisexuales y NoBinaries\",\"34\u00ba Encuentro en La Plata\",\"Luciano Fabbri\",\"Masculinidades\"],\"articleSection\":[\"Actividades\",\"Agenda Feminista\",\"Azul Profundo\",\"De ESI S\u00ed Se Habla\"],\"inLanguage\":\"es\",\"potentialAction\":[{\"@type\":\"CommentAction\",\"name\":\"Comment\",\"target\":[\"https:\\\/\\\/diariofemenino.com.ar\\\/df\\\/luciano-fabbri-varon-feminista-no-es-una-identidad-sino-una-relacion\\\/#respond\"]}]},{\"@type\":\"WebPage\",\"@id\":\"https:\\\/\\\/diariofemenino.com.ar\\\/df\\\/luciano-fabbri-varon-feminista-no-es-una-identidad-sino-una-relacion\\\/\",\"url\":\"https:\\\/\\\/diariofemenino.com.ar\\\/df\\\/luciano-fabbri-varon-feminista-no-es-una-identidad-sino-una-relacion\\\/\",\"name\":\"Luciano Fabbri \u201cVar\u00f3n feminista no es una identidad, sino una relaci\u00f3n\u201d - Diario Digital Femenino\",\"isPartOf\":{\"@id\":\"https:\\\/\\\/diariofemenino.com.ar\\\/df\\\/#website\"},\"primaryImageOfPage\":{\"@id\":\"https:\\\/\\\/diariofemenino.com.ar\\\/df\\\/luciano-fabbri-varon-feminista-no-es-una-identidad-sino-una-relacion\\\/#primaryimage\"},\"image\":{\"@id\":\"https:\\\/\\\/diariofemenino.com.ar\\\/df\\\/luciano-fabbri-varon-feminista-no-es-una-identidad-sino-una-relacion\\\/#primaryimage\"},\"thumbnailUrl\":\"https:\\\/\\\/diariofemenino.com.ar\\\/df\\\/wp-content\\\/uploads\\\/2019\\\/10\\\/WhatsApp-Image-2019-10-13-at-12.53.31.jpg\",\"datePublished\":\"2019-10-18T19:00:44+00:00\",\"dateModified\":\"2019-10-18T19:33:57+00:00\",\"description\":\"Luciano Fabbri\u201cVar\u00f3n feminista no es una identidad, sino una relaci\u00f3n\u201d.\",\"breadcrumb\":{\"@id\":\"https:\\\/\\\/diariofemenino.com.ar\\\/df\\\/luciano-fabbri-varon-feminista-no-es-una-identidad-sino-una-relacion\\\/#breadcrumb\"},\"inLanguage\":\"es\",\"potentialAction\":[{\"@type\":\"ReadAction\",\"target\":[\"https:\\\/\\\/diariofemenino.com.ar\\\/df\\\/luciano-fabbri-varon-feminista-no-es-una-identidad-sino-una-relacion\\\/\"]}]},{\"@type\":\"ImageObject\",\"inLanguage\":\"es\",\"@id\":\"https:\\\/\\\/diariofemenino.com.ar\\\/df\\\/luciano-fabbri-varon-feminista-no-es-una-identidad-sino-una-relacion\\\/#primaryimage\",\"url\":\"https:\\\/\\\/diariofemenino.com.ar\\\/df\\\/wp-content\\\/uploads\\\/2019\\\/10\\\/WhatsApp-Image-2019-10-13-at-12.53.31.jpg\",\"contentUrl\":\"https:\\\/\\\/diariofemenino.com.ar\\\/df\\\/wp-content\\\/uploads\\\/2019\\\/10\\\/WhatsApp-Image-2019-10-13-at-12.53.31.jpg\",\"width\":768,\"height\":513,\"caption\":\"Luciano Fabbri \u201cVar\u00f3n feminista no es una identidad, sino una relaci\u00f3n\u201d\"},{\"@type\":\"BreadcrumbList\",\"@id\":\"https:\\\/\\\/diariofemenino.com.ar\\\/df\\\/luciano-fabbri-varon-feminista-no-es-una-identidad-sino-una-relacion\\\/#breadcrumb\",\"itemListElement\":[{\"@type\":\"ListItem\",\"position\":1,\"name\":\"Portada\",\"item\":\"https:\\\/\\\/diariofemenino.com.ar\\\/df\\\/\"},{\"@type\":\"ListItem\",\"position\":2,\"name\":\"Luciano Fabbri \u201cVar\u00f3n feminista no es una identidad, sino una relaci\u00f3n\u201d\"}]},{\"@type\":\"WebSite\",\"@id\":\"https:\\\/\\\/diariofemenino.com.ar\\\/df\\\/#website\",\"url\":\"https:\\\/\\\/diariofemenino.com.ar\\\/df\\\/\",\"name\":\"Diario Digital Femenino\",\"description\":\"Cuesti\u00f3n de G\u00e9nero\",\"publisher\":{\"@id\":\"https:\\\/\\\/diariofemenino.com.ar\\\/df\\\/#organization\"},\"potentialAction\":[{\"@type\":\"SearchAction\",\"target\":{\"@type\":\"EntryPoint\",\"urlTemplate\":\"https:\\\/\\\/diariofemenino.com.ar\\\/df\\\/?s={search_term_string}\"},\"query-input\":{\"@type\":\"PropertyValueSpecification\",\"valueRequired\":true,\"valueName\":\"search_term_string\"}}],\"inLanguage\":\"es\"},{\"@type\":\"Organization\",\"@id\":\"https:\\\/\\\/diariofemenino.com.ar\\\/df\\\/#organization\",\"name\":\"Diario Femenino\",\"url\":\"https:\\\/\\\/diariofemenino.com.ar\\\/df\\\/\",\"logo\":{\"@type\":\"ImageObject\",\"inLanguage\":\"es\",\"@id\":\"https:\\\/\\\/diariofemenino.com.ar\\\/df\\\/#\\\/schema\\\/logo\\\/image\\\/\",\"url\":\"https:\\\/\\\/diariofemenino.com.ar\\\/df\\\/wp-content\\\/uploads\\\/2018\\\/10\\\/logo.png\",\"contentUrl\":\"https:\\\/\\\/diariofemenino.com.ar\\\/df\\\/wp-content\\\/uploads\\\/2018\\\/10\\\/logo.png\",\"width\":500,\"height\":92,\"caption\":\"Diario Femenino\"},\"image\":{\"@id\":\"https:\\\/\\\/diariofemenino.com.ar\\\/df\\\/#\\\/schema\\\/logo\\\/image\\\/\"},\"sameAs\":[\"https:\\\/\\\/www.facebook.com\\\/DiarioDigitaFemenino\\\/\",\"https:\\\/\\\/x.com\\\/DiarioFemenino1\"]},{\"@type\":\"Person\",\"@id\":\"https:\\\/\\\/diariofemenino.com.ar\\\/df\\\/#\\\/schema\\\/person\\\/bf6199e8158c657ea6f789b11ec85509\",\"name\":\"Admin\",\"image\":{\"@type\":\"ImageObject\",\"inLanguage\":\"es\",\"@id\":\"https:\\\/\\\/diariofemenino.com.ar\\\/df\\\/wp-content\\\/uploads\\\/2018\\\/12\\\/favicon-150x150.jpg\",\"url\":\"https:\\\/\\\/diariofemenino.com.ar\\\/df\\\/wp-content\\\/uploads\\\/2018\\\/12\\\/favicon-150x150.jpg\",\"contentUrl\":\"https:\\\/\\\/diariofemenino.com.ar\\\/df\\\/wp-content\\\/uploads\\\/2018\\\/12\\\/favicon-150x150.jpg\",\"caption\":\"Admin\"},\"url\":\"https:\\\/\\\/diariofemenino.com.ar\\\/df\\\/author\\\/lenny\\\/\"}]}<\/script>\n<!-- \/ Yoast SEO plugin. -->","yoast_head_json":{"title":"Luciano Fabbri \u201cVar\u00f3n feminista no es una identidad, sino una relaci\u00f3n\u201d - Diario Digital Femenino","description":"Luciano Fabbri\u201cVar\u00f3n feminista no es una identidad, sino una relaci\u00f3n\u201d.","robots":{"index":"index","follow":"follow","max-snippet":"max-snippet:-1","max-image-preview":"max-image-preview:large","max-video-preview":"max-video-preview:-1"},"canonical":"https:\/\/diariofemenino.com.ar\/df\/luciano-fabbri-varon-feminista-no-es-una-identidad-sino-una-relacion\/","og_locale":"es_ES","og_type":"article","og_title":"Luciano Fabbri \u201cVar\u00f3n feminista no es una identidad, sino una relaci\u00f3n\u201d - Diario Digital Femenino","og_description":"Luciano Fabbri\u201cVar\u00f3n feminista no es una identidad, sino una relaci\u00f3n\u201d.","og_url":"https:\/\/diariofemenino.com.ar\/df\/luciano-fabbri-varon-feminista-no-es-una-identidad-sino-una-relacion\/","og_site_name":"Diario Digital Femenino","article_publisher":"https:\/\/www.facebook.com\/DiarioDigitaFemenino\/","article_published_time":"2019-10-18T19:00:44+00:00","article_modified_time":"2019-10-18T19:33:57+00:00","og_image":[{"width":768,"height":513,"url":"https:\/\/diariofemenino.com.ar\/df\/wp-content\/uploads\/2019\/10\/WhatsApp-Image-2019-10-13-at-12.53.31.jpg","type":"image\/jpeg"}],"author":"Admin","twitter_card":"summary_large_image","twitter_creator":"@DiarioFemenino1","twitter_site":"@DiarioFemenino1","twitter_misc":{"Escrito por":"Admin","Tiempo de lectura":"12 minutos"},"schema":{"@context":"https:\/\/schema.org","@graph":[{"@type":"Article","@id":"https:\/\/diariofemenino.com.ar\/df\/luciano-fabbri-varon-feminista-no-es-una-identidad-sino-una-relacion\/#article","isPartOf":{"@id":"https:\/\/diariofemenino.com.ar\/df\/luciano-fabbri-varon-feminista-no-es-una-identidad-sino-una-relacion\/"},"author":{"name":"Admin","@id":"https:\/\/diariofemenino.com.ar\/df\/#\/schema\/person\/bf6199e8158c657ea6f789b11ec85509"},"headline":"Luciano Fabbri \u201cVar\u00f3n feminista no es una identidad, sino una relaci\u00f3n\u201d","datePublished":"2019-10-18T19:00:44+00:00","dateModified":"2019-10-18T19:33:57+00:00","mainEntityOfPage":{"@id":"https:\/\/diariofemenino.com.ar\/df\/luciano-fabbri-varon-feminista-no-es-una-identidad-sino-una-relacion\/"},"wordCount":2319,"commentCount":0,"publisher":{"@id":"https:\/\/diariofemenino.com.ar\/df\/#organization"},"image":{"@id":"https:\/\/diariofemenino.com.ar\/df\/luciano-fabbri-varon-feminista-no-es-una-identidad-sino-una-relacion\/#primaryimage"},"thumbnailUrl":"https:\/\/diariofemenino.com.ar\/df\/wp-content\/uploads\/2019\/10\/WhatsApp-Image-2019-10-13-at-12.53.31.jpg","keywords":["34\u00b0 Encuentro Plurinacional de Mujeres Lesbianas Travestis Trans Bisexuales y NoBinaries","34\u00ba Encuentro en La Plata","Luciano Fabbri","Masculinidades"],"articleSection":["Actividades","Agenda Feminista","Azul Profundo","De ESI S\u00ed Se Habla"],"inLanguage":"es","potentialAction":[{"@type":"CommentAction","name":"Comment","target":["https:\/\/diariofemenino.com.ar\/df\/luciano-fabbri-varon-feminista-no-es-una-identidad-sino-una-relacion\/#respond"]}]},{"@type":"WebPage","@id":"https:\/\/diariofemenino.com.ar\/df\/luciano-fabbri-varon-feminista-no-es-una-identidad-sino-una-relacion\/","url":"https:\/\/diariofemenino.com.ar\/df\/luciano-fabbri-varon-feminista-no-es-una-identidad-sino-una-relacion\/","name":"Luciano Fabbri \u201cVar\u00f3n feminista no es una identidad, sino una relaci\u00f3n\u201d - Diario Digital Femenino","isPartOf":{"@id":"https:\/\/diariofemenino.com.ar\/df\/#website"},"primaryImageOfPage":{"@id":"https:\/\/diariofemenino.com.ar\/df\/luciano-fabbri-varon-feminista-no-es-una-identidad-sino-una-relacion\/#primaryimage"},"image":{"@id":"https:\/\/diariofemenino.com.ar\/df\/luciano-fabbri-varon-feminista-no-es-una-identidad-sino-una-relacion\/#primaryimage"},"thumbnailUrl":"https:\/\/diariofemenino.com.ar\/df\/wp-content\/uploads\/2019\/10\/WhatsApp-Image-2019-10-13-at-12.53.31.jpg","datePublished":"2019-10-18T19:00:44+00:00","dateModified":"2019-10-18T19:33:57+00:00","description":"Luciano Fabbri\u201cVar\u00f3n feminista no es una identidad, sino una relaci\u00f3n\u201d.","breadcrumb":{"@id":"https:\/\/diariofemenino.com.ar\/df\/luciano-fabbri-varon-feminista-no-es-una-identidad-sino-una-relacion\/#breadcrumb"},"inLanguage":"es","potentialAction":[{"@type":"ReadAction","target":["https:\/\/diariofemenino.com.ar\/df\/luciano-fabbri-varon-feminista-no-es-una-identidad-sino-una-relacion\/"]}]},{"@type":"ImageObject","inLanguage":"es","@id":"https:\/\/diariofemenino.com.ar\/df\/luciano-fabbri-varon-feminista-no-es-una-identidad-sino-una-relacion\/#primaryimage","url":"https:\/\/diariofemenino.com.ar\/df\/wp-content\/uploads\/2019\/10\/WhatsApp-Image-2019-10-13-at-12.53.31.jpg","contentUrl":"https:\/\/diariofemenino.com.ar\/df\/wp-content\/uploads\/2019\/10\/WhatsApp-Image-2019-10-13-at-12.53.31.jpg","width":768,"height":513,"caption":"Luciano Fabbri \u201cVar\u00f3n feminista no es una identidad, sino una relaci\u00f3n\u201d"},{"@type":"BreadcrumbList","@id":"https:\/\/diariofemenino.com.ar\/df\/luciano-fabbri-varon-feminista-no-es-una-identidad-sino-una-relacion\/#breadcrumb","itemListElement":[{"@type":"ListItem","position":1,"name":"Portada","item":"https:\/\/diariofemenino.com.ar\/df\/"},{"@type":"ListItem","position":2,"name":"Luciano Fabbri \u201cVar\u00f3n feminista no es una identidad, sino una relaci\u00f3n\u201d"}]},{"@type":"WebSite","@id":"https:\/\/diariofemenino.com.ar\/df\/#website","url":"https:\/\/diariofemenino.com.ar\/df\/","name":"Diario Digital Femenino","description":"Cuesti\u00f3n de G\u00e9nero","publisher":{"@id":"https:\/\/diariofemenino.com.ar\/df\/#organization"},"potentialAction":[{"@type":"SearchAction","target":{"@type":"EntryPoint","urlTemplate":"https:\/\/diariofemenino.com.ar\/df\/?s={search_term_string}"},"query-input":{"@type":"PropertyValueSpecification","valueRequired":true,"valueName":"search_term_string"}}],"inLanguage":"es"},{"@type":"Organization","@id":"https:\/\/diariofemenino.com.ar\/df\/#organization","name":"Diario Femenino","url":"https:\/\/diariofemenino.com.ar\/df\/","logo":{"@type":"ImageObject","inLanguage":"es","@id":"https:\/\/diariofemenino.com.ar\/df\/#\/schema\/logo\/image\/","url":"https:\/\/diariofemenino.com.ar\/df\/wp-content\/uploads\/2018\/10\/logo.png","contentUrl":"https:\/\/diariofemenino.com.ar\/df\/wp-content\/uploads\/2018\/10\/logo.png","width":500,"height":92,"caption":"Diario Femenino"},"image":{"@id":"https:\/\/diariofemenino.com.ar\/df\/#\/schema\/logo\/image\/"},"sameAs":["https:\/\/www.facebook.com\/DiarioDigitaFemenino\/","https:\/\/x.com\/DiarioFemenino1"]},{"@type":"Person","@id":"https:\/\/diariofemenino.com.ar\/df\/#\/schema\/person\/bf6199e8158c657ea6f789b11ec85509","name":"Admin","image":{"@type":"ImageObject","inLanguage":"es","@id":"https:\/\/diariofemenino.com.ar\/df\/wp-content\/uploads\/2018\/12\/favicon-150x150.jpg","url":"https:\/\/diariofemenino.com.ar\/df\/wp-content\/uploads\/2018\/12\/favicon-150x150.jpg","contentUrl":"https:\/\/diariofemenino.com.ar\/df\/wp-content\/uploads\/2018\/12\/favicon-150x150.jpg","caption":"Admin"},"url":"https:\/\/diariofemenino.com.ar\/df\/author\/lenny\/"}]}},"jetpack_featured_media_url":"https:\/\/diariofemenino.com.ar\/df\/wp-content\/uploads\/2019\/10\/WhatsApp-Image-2019-10-13-at-12.53.31.jpg","jetpack_sharing_enabled":true,"rttpg_featured_image_url":{"full":["https:\/\/diariofemenino.com.ar\/df\/wp-content\/uploads\/2019\/10\/WhatsApp-Image-2019-10-13-at-12.53.31.jpg",768,513,false],"landscape":["https:\/\/diariofemenino.com.ar\/df\/wp-content\/uploads\/2019\/10\/WhatsApp-Image-2019-10-13-at-12.53.31.jpg",768,513,false],"portraits":["https:\/\/diariofemenino.com.ar\/df\/wp-content\/uploads\/2019\/10\/WhatsApp-Image-2019-10-13-at-12.53.31.jpg",768,513,false],"thumbnail":["https:\/\/diariofemenino.com.ar\/df\/wp-content\/uploads\/2019\/10\/WhatsApp-Image-2019-10-13-at-12.53.31-150x150.jpg",150,150,true],"medium":["https:\/\/diariofemenino.com.ar\/df\/wp-content\/uploads\/2019\/10\/WhatsApp-Image-2019-10-13-at-12.53.31-300x200.jpg",300,200,true],"large":["https:\/\/diariofemenino.com.ar\/df\/wp-content\/uploads\/2019\/10\/WhatsApp-Image-2019-10-13-at-12.53.31.jpg",768,513,false],"1536x1536":["https:\/\/diariofemenino.com.ar\/df\/wp-content\/uploads\/2019\/10\/WhatsApp-Image-2019-10-13-at-12.53.31.jpg",768,513,false],"2048x2048":["https:\/\/diariofemenino.com.ar\/df\/wp-content\/uploads\/2019\/10\/WhatsApp-Image-2019-10-13-at-12.53.31.jpg",768,513,false]},"rttpg_author":{"display_name":"Admin","author_link":"https:\/\/diariofemenino.com.ar\/df\/author\/lenny\/"},"rttpg_comment":0,"rttpg_category":"<a href=\"https:\/\/diariofemenino.com.ar\/df\/category\/actividades\/\" rel=\"category tag\">Actividades<\/a> <a href=\"https:\/\/diariofemenino.com.ar\/df\/category\/agenda-feminista\/\" rel=\"category tag\">Agenda Feminista<\/a> <a href=\"https:\/\/diariofemenino.com.ar\/df\/category\/azul-profundo\/\" rel=\"category tag\">Azul Profundo<\/a> <a href=\"https:\/\/diariofemenino.com.ar\/df\/category\/de-esi-si-se-habla\/\" rel=\"category tag\">De ESI S\u00ed Se Habla<\/a>","rttpg_excerpt":"Luciano Fabbri En medio del 34\u00ba Encuentro en La Plata y en el marco del panel \u00abNuevas Masculinidades para una Argentina de Todes\u00bb, hablamos con Lucho Fabbri acerca del rol de los varones en el feminismo, la tarea de deconstruirse y reeducarse, el debate acerca de los aliaddines y el pr\u00f3ximo Encuentro Latinoamericano de Varones&hellip;","_links":{"self":[{"href":"https:\/\/diariofemenino.com.ar\/df\/wp-json\/wp\/v2\/posts\/42541","targetHints":{"allow":["GET"]}}],"collection":[{"href":"https:\/\/diariofemenino.com.ar\/df\/wp-json\/wp\/v2\/posts"}],"about":[{"href":"https:\/\/diariofemenino.com.ar\/df\/wp-json\/wp\/v2\/types\/post"}],"author":[{"embeddable":true,"href":"https:\/\/diariofemenino.com.ar\/df\/wp-json\/wp\/v2\/users\/4"}],"replies":[{"embeddable":true,"href":"https:\/\/diariofemenino.com.ar\/df\/wp-json\/wp\/v2\/comments?post=42541"}],"version-history":[{"count":0,"href":"https:\/\/diariofemenino.com.ar\/df\/wp-json\/wp\/v2\/posts\/42541\/revisions"}],"wp:featuredmedia":[{"embeddable":true,"href":"https:\/\/diariofemenino.com.ar\/df\/wp-json\/wp\/v2\/media\/42546"}],"wp:attachment":[{"href":"https:\/\/diariofemenino.com.ar\/df\/wp-json\/wp\/v2\/media?parent=42541"}],"wp:term":[{"taxonomy":"category","embeddable":true,"href":"https:\/\/diariofemenino.com.ar\/df\/wp-json\/wp\/v2\/categories?post=42541"},{"taxonomy":"post_tag","embeddable":true,"href":"https:\/\/diariofemenino.com.ar\/df\/wp-json\/wp\/v2\/tags?post=42541"}],"curies":[{"name":"wp","href":"https:\/\/api.w.org\/{rel}","templated":true}]}}