{"id":42532,"date":"2019-10-18T15:38:20","date_gmt":"2019-10-18T18:38:20","guid":{"rendered":"https:\/\/diariofemenino.com.ar\/?p=42532"},"modified":"2019-10-18T15:38:20","modified_gmt":"2019-10-18T18:38:20","slug":"cristina-monserrat-hendrickse-la-abogada-trans-que-quiere-ser-jueza-en-neuquen-esta-segunda-en-el-concurso","status":"publish","type":"post","link":"https:\/\/diariofemenino.com.ar\/df\/cristina-monserrat-hendrickse-la-abogada-trans-que-quiere-ser-jueza-en-neuquen-esta-segunda-en-el-concurso\/","title":{"rendered":"Cristina Monserrat Hendrickse, la abogada trans que quiere ser jueza en Neuqu\u00e9n est\u00e1 segunda en el concurso"},"content":{"rendered":"<p>Cristina Monserrat Hendrickse, la abogada trans candidata a jueza est\u00e1 segunda en el orden de m\u00e9rito por antecedentes, en el concurso del Consejo de la Magistratura de Neuqu\u00e9n. Los ex\u00e1menes escrito y oral fueron el 16 y 17 de octubre.<\/p>\n<p>Por <a href=\"https:\/\/www.rionegro.com.ar\/la-abogada-trans-que-quiere-ser-jueza-en-neuquen-esta-segunda-en-el-concurso-1121261\/\">Guillermo Berto<\/a><\/p>\n<figure id=\"attachment_42534\" aria-describedby=\"caption-attachment-42534\" style=\"width: 340px\" class=\"wp-caption alignleft\"><img loading=\"lazy\" decoding=\"async\" class=\" wp-image-42534\" src=\"https:\/\/diariofemenino.com.ar\/df\/wp-content\/uploads\/2019\/10\/0000653896.jpg\" alt=\"Cristina Monserrat Hendrickse, la abogada trans que quiere ser jueza en Neuqu\u00e9n est\u00e1 segunda en el concurso\" width=\"340\" height=\"192\" srcset=\"https:\/\/diariofemenino.com.ar\/df\/wp-content\/uploads\/2019\/10\/0000653896.jpg 770w, https:\/\/diariofemenino.com.ar\/df\/wp-content\/uploads\/2019\/10\/0000653896-300x169.jpg 300w, https:\/\/diariofemenino.com.ar\/df\/wp-content\/uploads\/2019\/10\/0000653896-768x434.jpg 768w\" sizes=\"auto, (max-width: 340px) 100vw, 340px\" \/><figcaption id=\"caption-attachment-42534\" class=\"wp-caption-text\">Cristina Monserrat Hendrickse, la abogada trans que quiere ser jueza en Neuqu\u00e9n est\u00e1 segunda en el concurso<\/figcaption><\/figure>\n<p><strong>Cristina Monserrat Hendrickse,<\/strong>\u00a0quien se postula para el cargo de jueza de Familia de Chos Malal, reuni\u00f3 en la primera etapa del concurso 8,31 puntos.<\/p>\n<p>Primera est\u00e1 Mar\u00eda Claudia Castro, actual defensora p\u00fablica civil de la ciudad del norte neuquino, con 9,21 puntos.<\/p>\n<p>Hay diez inscriptos en la competencia. Por orden de m\u00e9rito por antecedentes, son Castro (9,21); Hendrickse (8,31); Mar\u00eda Vanina Sobisch (8,25); Natalia Susana Taboada (7,57); Lilian Zambrano Centeno (6,92); Livio Alberto (5,90); Javier Cardellino (5,70); Miguel Arancio Guzm\u00e1n (5,02); J\u00e9sica D\u00edaz Marano (3,83) y Sandra Caggiano (3,63).<\/p>\n<div class=\"wp-block-lazyblock-subtitulo-h2 lazyblock-subtitulo-h2-Z2tCbgo\">\n<h2>Pol\u00e9mica<\/h2>\n<\/div>\n<p>La candidata Taboada es una jueza de La Banda, Santiago del Estero, que seg\u00fan los medios de aquella provincia este a\u00f1o protagoniz\u00f3 un confuso episodio que incluy\u00f3 la violenta intervenci\u00f3n policial en un hecho de tenencia de ni\u00f1os, aparentemente por orden suya.<\/p>\n<div class=\"wp-block-lazyblock-subtitulo-h2 lazyblock-subtitulo-h2-1u7yGs\">\n<h2>El otro concurso<\/h2>\n<\/div>\n<p>En simult\u00e1neo se realiza el concurso para el cargo de juez de Familia de Neuqu\u00e9n capital. Est\u00e1 primera por antecedentes Adriana Saralegui, secretaria del juzgado de Familia 3, con 14,41 puntos, seguida de Mar\u00eda Ver\u00f3nica Berzano, defensora p\u00fablica civil, con 11,37.<\/p>\n<p>Las siguientes son, por orden de m\u00e9rito, Adriana Luna (9,70); Mar\u00eda Vanina Sobisch (8,39); Andrea Novoa (8,32); Natalia Taboada (7,57); Lilian Zambrano Centeno (7); Romina Coletti (5,95); Javier Cardellino (5,91) y Laura Vega (5,85).<\/p>\n<p>Los ex\u00e1menes ser\u00e1n los mismos d\u00edas.<\/p>\n<div class=\"wp-block-lazyblock-subtitulo-h2 lazyblock-subtitulo-h2-1nzqJy\">\n<h2>Juzgados \u00abincendiados\u00bb<\/h2>\n<\/div>\n<p>Estos puestos de jueces fueron creados ante la alta demanda de trabajo en el fuero. Incluso en el Consejo de la Magistratura se lleg\u00f3 a decir que los juzgados de Familia de Neuqu\u00e9n capital est\u00e1n \u201cincendiados\u201d, algo que despu\u00e9s relativiz\u00f3 el Tribunal Superior de Justicia.<\/p>\n<p>Se trata de puestos de juez y no de juzgados con dotaci\u00f3n completa de personal.<\/p>\n<div class=\"wp-block-lazyblock-subtitulo-h2 lazyblock-subtitulo-h2-19XqFA\">\n<h2>El primer caso<\/h2>\n<\/div>\n<p>Cristina Hendrickse es la primera <a href=\"https:\/\/diariofemenino.com.ar\/guia-para-el-tratamiento-de-identidades-de-generos-orientacion-sexual-e-intersexualidad\/\">abogada trans<\/a> de la Patagonia que intenta llegar a jueza. Su caso se conoci\u00f3 en todo el pa\u00eds a trav\u00e9s de entrevistas que le realiz\u00f3 \u201cR\u00edo Negro\u201d.<\/p>\n<p>Egresada de la UBA, tiene 55 a\u00f1os y ya trabaj\u00f3 en Neuqu\u00e9n, donde represent\u00f3 a la comunidad mapuche Mellao Morales que se opon\u00eda a la instalaci\u00f3n de una mina de cobre en Campana Mahuida, cerca de Loncopu\u00e9.<\/p>\n<p>Ahora est\u00e1 radicada en Buenos Aires donde ejerce la docencia. Vive con su pareja y sus dos hijas. Se dispone a volver porque \u201ces una provincia laica, tolerante, progresista, madura\u00bb.<\/p>\n<p>\u00abLo comprob\u00e9 cuando tuve un incidente con una funcionara judicial en Zapala y hubo una muy buena reacci\u00f3n del Poder Judicial. Por eso me decid\u00ed a inscribirme\u201d en el concurso, agreg\u00f3.<\/p>\n<p><a href=\"https:\/\/www.rionegro.com.ar\/\">R\u00edo Negro<\/a><\/p>\n<hr \/>\n<p><a href=\"https:\/\/diariofemenino.com.ar\/\"><strong>Cristina Monserrat Hendrickse<\/strong><\/a><\/p>\n<p>Abogada que se recibi\u00f3 en 1993 en la Universidad de Buenos Aires y luego migro al sur del pa\u00eds para trabajar por la crisis del 2001, cont\u00f3 que ahora viene la etapa de evaluaci\u00f3n de antecedente y en octubre los ex\u00e1menes escritos y orales. \u201cPor \u00faltimo queda la entrevista. Se promedia el puntaje y luego queda en lugar por merito. Los tres primeros integran una terna que ser\u00e1 remitida a la Legislatura de Neuqu\u00e9n que son los que deciden\u201d, explic\u00f3.<\/p>\n<p>Un hecho discriminatorio termin\u00f3 de convencer a la letrada para presentarse en el concurso. \u00a0\u201cEn un juzgado de Zapala, Neuqu\u00e9n- una secretaria de Juzgado de Familia no quer\u00eda promover mis escritos porque en el sistema de notificaci\u00f3n electr\u00f3nica no coincid\u00eda con mi nombre actual, ratifique todo pero no se pudo hacer en el sistema electr\u00f3nico\u201d, relat\u00f3.<\/p>\n<p>Ella figuraba con su nombre masculino en el sistema online, y a pesar de tener su documentaci\u00f3n y credencial profesional con la identidad femenina, se le impidi\u00f3 ver los expedientes. \u201cLe hice saber al Tribunal Superior de Justicia que reaccion\u00f3 y termin\u00f3 pidiendo disculpas\u201d, agreg\u00f3.<\/p>\n<p>A pesar de este hecho de discriminaci\u00f3n, Monserrat Hendrickse dijo que la situaci\u00f3n hoy cambi\u00f3, y m\u00e1s con la ley 26.743 de Identidad de G\u00e9nero del 2012 que reconoce el derecho que se respete y se considere como un derecho humano la identidad.<\/p>\n<p>Con esta postulaci\u00f3n Monserrat Hendrickse avanza en lo profesional y abre una puerta m\u00e1s al colectivo trans para su lucha por los derechos.<\/p>\n","protected":false},"excerpt":{"rendered":"<p>Cristina Monserrat Hendrickse, la abogada trans candidata a jueza est\u00e1 segunda en el orden de m\u00e9rito por antecedentes, en el concurso del Consejo de la Magistratura de Neuqu\u00e9n. Los ex\u00e1menes escrito y oral fueron el 16 y 17 de octubre. Por Guillermo Berto Cristina Monserrat Hendrickse,\u00a0quien se postula para el cargo de jueza de Familia [&hellip;]<\/p>\n","protected":false},"author":4,"featured_media":42533,"comment_status":"open","ping_status":"open","sticky":false,"template":"","format":"standard","meta":{"iawp_total_views":8,"footnotes":""},"categories":[7,1067],"tags":[2287,2286,39,2288],"class_list":["post-42532","post","type-post","status-publish","format-standard","has-post-thumbnail","hentry","category-actividades","category-agenda-feminista","tag-abogada","tag-cristina-monserrat-hendrickse","tag-justicia","tag-postulacion"],"nelio_content":{"autoShareEndMode":"never","automationSources":{"useCustomSentences":false,"customSentences":[]},"efiAlt":"","efiUrl":"","followers":[4],"highlights":[],"isAutoShareEnabled":true,"networkImageIds":[],"permalinkQueryArgs":[],"series":[],"suggestedReferences":[]},"yoast_head":"<!-- This site is optimized with the Yoast SEO plugin v27.5 - https:\/\/yoast.com\/product\/yoast-seo-wordpress\/ -->\n<title>Cristina Monserrat Hendrickse, la abogada trans que quiere ser jueza en Neuqu\u00e9n est\u00e1 segunda en el concurso - Diario Digital Femenino<\/title>\n<meta name=\"description\" content=\"Cristina Monserrat Hendrickse, la abogada trans que quiere ser jueza en Neuqu\u00e9n Se postula para el cargo de jueza de Familia de Chos Malal\" \/>\n<meta name=\"robots\" content=\"index, follow, max-snippet:-1, max-image-preview:large, max-video-preview:-1\" \/>\n<link rel=\"canonical\" href=\"https:\/\/diariofemenino.com.ar\/df\/cristina-monserrat-hendrickse-la-abogada-trans-que-quiere-ser-jueza-en-neuquen-esta-segunda-en-el-concurso\/\" \/>\n<meta property=\"og:locale\" content=\"es_ES\" \/>\n<meta property=\"og:type\" content=\"article\" \/>\n<meta property=\"og:title\" content=\"Cristina Monserrat Hendrickse, la abogada trans que quiere ser jueza en Neuqu\u00e9n est\u00e1 segunda en el concurso - Diario Digital Femenino\" \/>\n<meta property=\"og:description\" content=\"Cristina Monserrat Hendrickse, la abogada trans que quiere ser jueza en Neuqu\u00e9n Se postula para el cargo de jueza de Familia de Chos Malal\" \/>\n<meta property=\"og:url\" content=\"https:\/\/diariofemenino.com.ar\/df\/cristina-monserrat-hendrickse-la-abogada-trans-que-quiere-ser-jueza-en-neuquen-esta-segunda-en-el-concurso\/\" \/>\n<meta property=\"og:site_name\" content=\"Diario Digital Femenino\" \/>\n<meta property=\"article:publisher\" content=\"https:\/\/www.facebook.com\/DiarioDigitaFemenino\/\" \/>\n<meta property=\"article:published_time\" content=\"2019-10-18T18:38:20+00:00\" \/>\n<meta property=\"og:image\" content=\"https:\/\/diariofemenino.com.ar\/df\/wp-content\/uploads\/2019\/10\/cristina-hendrickse-1.jpg\" \/>\n\t<meta property=\"og:image:width\" content=\"748\" \/>\n\t<meta property=\"og:image:height\" content=\"421\" \/>\n\t<meta property=\"og:image:type\" content=\"image\/jpeg\" \/>\n<meta name=\"author\" content=\"Admin\" \/>\n<meta name=\"twitter:card\" content=\"summary_large_image\" \/>\n<meta name=\"twitter:creator\" content=\"@DiarioFemenino1\" \/>\n<meta name=\"twitter:site\" content=\"@DiarioFemenino1\" \/>\n<meta name=\"twitter:label1\" content=\"Escrito por\" \/>\n\t<meta name=\"twitter:data1\" content=\"Admin\" \/>\n\t<meta name=\"twitter:label2\" content=\"Tiempo de lectura\" \/>\n\t<meta name=\"twitter:data2\" content=\"4 minutos\" \/>\n<script type=\"application\/ld+json\" class=\"yoast-schema-graph\">{\"@context\":\"https:\\\/\\\/schema.org\",\"@graph\":[{\"@type\":\"Article\",\"@id\":\"https:\\\/\\\/diariofemenino.com.ar\\\/df\\\/cristina-monserrat-hendrickse-la-abogada-trans-que-quiere-ser-jueza-en-neuquen-esta-segunda-en-el-concurso\\\/#article\",\"isPartOf\":{\"@id\":\"https:\\\/\\\/diariofemenino.com.ar\\\/df\\\/cristina-monserrat-hendrickse-la-abogada-trans-que-quiere-ser-jueza-en-neuquen-esta-segunda-en-el-concurso\\\/\"},\"author\":{\"name\":\"Admin\",\"@id\":\"https:\\\/\\\/diariofemenino.com.ar\\\/df\\\/#\\\/schema\\\/person\\\/bf6199e8158c657ea6f789b11ec85509\"},\"headline\":\"Cristina Monserrat Hendrickse, la abogada trans que quiere ser jueza en Neuqu\u00e9n est\u00e1 segunda en el concurso\",\"datePublished\":\"2019-10-18T18:38:20+00:00\",\"mainEntityOfPage\":{\"@id\":\"https:\\\/\\\/diariofemenino.com.ar\\\/df\\\/cristina-monserrat-hendrickse-la-abogada-trans-que-quiere-ser-jueza-en-neuquen-esta-segunda-en-el-concurso\\\/\"},\"wordCount\":775,\"commentCount\":0,\"publisher\":{\"@id\":\"https:\\\/\\\/diariofemenino.com.ar\\\/df\\\/#organization\"},\"image\":{\"@id\":\"https:\\\/\\\/diariofemenino.com.ar\\\/df\\\/cristina-monserrat-hendrickse-la-abogada-trans-que-quiere-ser-jueza-en-neuquen-esta-segunda-en-el-concurso\\\/#primaryimage\"},\"thumbnailUrl\":\"https:\\\/\\\/diariofemenino.com.ar\\\/df\\\/wp-content\\\/uploads\\\/2019\\\/10\\\/cristina-hendrickse-1.jpg\",\"keywords\":[\"Abogada\",\"Cristina Monserrat Hendrickse\",\"Justicia\",\"Postulaci\u00f3n\"],\"articleSection\":[\"Actividades\",\"Agenda Feminista\"],\"inLanguage\":\"es\",\"potentialAction\":[{\"@type\":\"CommentAction\",\"name\":\"Comment\",\"target\":[\"https:\\\/\\\/diariofemenino.com.ar\\\/df\\\/cristina-monserrat-hendrickse-la-abogada-trans-que-quiere-ser-jueza-en-neuquen-esta-segunda-en-el-concurso\\\/#respond\"]}]},{\"@type\":\"WebPage\",\"@id\":\"https:\\\/\\\/diariofemenino.com.ar\\\/df\\\/cristina-monserrat-hendrickse-la-abogada-trans-que-quiere-ser-jueza-en-neuquen-esta-segunda-en-el-concurso\\\/\",\"url\":\"https:\\\/\\\/diariofemenino.com.ar\\\/df\\\/cristina-monserrat-hendrickse-la-abogada-trans-que-quiere-ser-jueza-en-neuquen-esta-segunda-en-el-concurso\\\/\",\"name\":\"Cristina Monserrat Hendrickse, la abogada trans que quiere ser jueza en Neuqu\u00e9n est\u00e1 segunda en el concurso - Diario Digital Femenino\",\"isPartOf\":{\"@id\":\"https:\\\/\\\/diariofemenino.com.ar\\\/df\\\/#website\"},\"primaryImageOfPage\":{\"@id\":\"https:\\\/\\\/diariofemenino.com.ar\\\/df\\\/cristina-monserrat-hendrickse-la-abogada-trans-que-quiere-ser-jueza-en-neuquen-esta-segunda-en-el-concurso\\\/#primaryimage\"},\"image\":{\"@id\":\"https:\\\/\\\/diariofemenino.com.ar\\\/df\\\/cristina-monserrat-hendrickse-la-abogada-trans-que-quiere-ser-jueza-en-neuquen-esta-segunda-en-el-concurso\\\/#primaryimage\"},\"thumbnailUrl\":\"https:\\\/\\\/diariofemenino.com.ar\\\/df\\\/wp-content\\\/uploads\\\/2019\\\/10\\\/cristina-hendrickse-1.jpg\",\"datePublished\":\"2019-10-18T18:38:20+00:00\",\"description\":\"Cristina Monserrat Hendrickse, la abogada trans que quiere ser jueza en Neuqu\u00e9n Se postula para el cargo de jueza de Familia de Chos Malal\",\"breadcrumb\":{\"@id\":\"https:\\\/\\\/diariofemenino.com.ar\\\/df\\\/cristina-monserrat-hendrickse-la-abogada-trans-que-quiere-ser-jueza-en-neuquen-esta-segunda-en-el-concurso\\\/#breadcrumb\"},\"inLanguage\":\"es\",\"potentialAction\":[{\"@type\":\"ReadAction\",\"target\":[\"https:\\\/\\\/diariofemenino.com.ar\\\/df\\\/cristina-monserrat-hendrickse-la-abogada-trans-que-quiere-ser-jueza-en-neuquen-esta-segunda-en-el-concurso\\\/\"]}]},{\"@type\":\"ImageObject\",\"inLanguage\":\"es\",\"@id\":\"https:\\\/\\\/diariofemenino.com.ar\\\/df\\\/cristina-monserrat-hendrickse-la-abogada-trans-que-quiere-ser-jueza-en-neuquen-esta-segunda-en-el-concurso\\\/#primaryimage\",\"url\":\"https:\\\/\\\/diariofemenino.com.ar\\\/df\\\/wp-content\\\/uploads\\\/2019\\\/10\\\/cristina-hendrickse-1.jpg\",\"contentUrl\":\"https:\\\/\\\/diariofemenino.com.ar\\\/df\\\/wp-content\\\/uploads\\\/2019\\\/10\\\/cristina-hendrickse-1.jpg\",\"width\":748,\"height\":421,\"caption\":\"Cristina Monserrat Hendrickse, la abogada trans que quiere ser jueza en Neuqu\u00e9n est\u00e1 segunda en el concurso\"},{\"@type\":\"BreadcrumbList\",\"@id\":\"https:\\\/\\\/diariofemenino.com.ar\\\/df\\\/cristina-monserrat-hendrickse-la-abogada-trans-que-quiere-ser-jueza-en-neuquen-esta-segunda-en-el-concurso\\\/#breadcrumb\",\"itemListElement\":[{\"@type\":\"ListItem\",\"position\":1,\"name\":\"Portada\",\"item\":\"https:\\\/\\\/diariofemenino.com.ar\\\/df\\\/\"},{\"@type\":\"ListItem\",\"position\":2,\"name\":\"Cristina Monserrat Hendrickse, la abogada trans que quiere ser jueza en Neuqu\u00e9n est\u00e1 segunda en el concurso\"}]},{\"@type\":\"WebSite\",\"@id\":\"https:\\\/\\\/diariofemenino.com.ar\\\/df\\\/#website\",\"url\":\"https:\\\/\\\/diariofemenino.com.ar\\\/df\\\/\",\"name\":\"Diario Digital Femenino\",\"description\":\"Cuesti\u00f3n de G\u00e9nero\",\"publisher\":{\"@id\":\"https:\\\/\\\/diariofemenino.com.ar\\\/df\\\/#organization\"},\"potentialAction\":[{\"@type\":\"SearchAction\",\"target\":{\"@type\":\"EntryPoint\",\"urlTemplate\":\"https:\\\/\\\/diariofemenino.com.ar\\\/df\\\/?s={search_term_string}\"},\"query-input\":{\"@type\":\"PropertyValueSpecification\",\"valueRequired\":true,\"valueName\":\"search_term_string\"}}],\"inLanguage\":\"es\"},{\"@type\":\"Organization\",\"@id\":\"https:\\\/\\\/diariofemenino.com.ar\\\/df\\\/#organization\",\"name\":\"Diario Femenino\",\"url\":\"https:\\\/\\\/diariofemenino.com.ar\\\/df\\\/\",\"logo\":{\"@type\":\"ImageObject\",\"inLanguage\":\"es\",\"@id\":\"https:\\\/\\\/diariofemenino.com.ar\\\/df\\\/#\\\/schema\\\/logo\\\/image\\\/\",\"url\":\"https:\\\/\\\/diariofemenino.com.ar\\\/df\\\/wp-content\\\/uploads\\\/2018\\\/10\\\/logo.png\",\"contentUrl\":\"https:\\\/\\\/diariofemenino.com.ar\\\/df\\\/wp-content\\\/uploads\\\/2018\\\/10\\\/logo.png\",\"width\":500,\"height\":92,\"caption\":\"Diario Femenino\"},\"image\":{\"@id\":\"https:\\\/\\\/diariofemenino.com.ar\\\/df\\\/#\\\/schema\\\/logo\\\/image\\\/\"},\"sameAs\":[\"https:\\\/\\\/www.facebook.com\\\/DiarioDigitaFemenino\\\/\",\"https:\\\/\\\/x.com\\\/DiarioFemenino1\"]},{\"@type\":\"Person\",\"@id\":\"https:\\\/\\\/diariofemenino.com.ar\\\/df\\\/#\\\/schema\\\/person\\\/bf6199e8158c657ea6f789b11ec85509\",\"name\":\"Admin\",\"image\":{\"@type\":\"ImageObject\",\"inLanguage\":\"es\",\"@id\":\"https:\\\/\\\/diariofemenino.com.ar\\\/df\\\/wp-content\\\/uploads\\\/2018\\\/12\\\/favicon-150x150.jpg\",\"url\":\"https:\\\/\\\/diariofemenino.com.ar\\\/df\\\/wp-content\\\/uploads\\\/2018\\\/12\\\/favicon-150x150.jpg\",\"contentUrl\":\"https:\\\/\\\/diariofemenino.com.ar\\\/df\\\/wp-content\\\/uploads\\\/2018\\\/12\\\/favicon-150x150.jpg\",\"caption\":\"Admin\"},\"url\":\"https:\\\/\\\/diariofemenino.com.ar\\\/df\\\/author\\\/lenny\\\/\"}]}<\/script>\n<!-- \/ Yoast SEO plugin. -->","yoast_head_json":{"title":"Cristina Monserrat Hendrickse, la abogada trans que quiere ser jueza en Neuqu\u00e9n est\u00e1 segunda en el concurso - Diario Digital Femenino","description":"Cristina Monserrat Hendrickse, la abogada trans que quiere ser jueza en Neuqu\u00e9n Se postula para el cargo de jueza de Familia de Chos Malal","robots":{"index":"index","follow":"follow","max-snippet":"max-snippet:-1","max-image-preview":"max-image-preview:large","max-video-preview":"max-video-preview:-1"},"canonical":"https:\/\/diariofemenino.com.ar\/df\/cristina-monserrat-hendrickse-la-abogada-trans-que-quiere-ser-jueza-en-neuquen-esta-segunda-en-el-concurso\/","og_locale":"es_ES","og_type":"article","og_title":"Cristina Monserrat Hendrickse, la abogada trans que quiere ser jueza en Neuqu\u00e9n est\u00e1 segunda en el concurso - Diario Digital Femenino","og_description":"Cristina Monserrat Hendrickse, la abogada trans que quiere ser jueza en Neuqu\u00e9n Se postula para el cargo de jueza de Familia de Chos Malal","og_url":"https:\/\/diariofemenino.com.ar\/df\/cristina-monserrat-hendrickse-la-abogada-trans-que-quiere-ser-jueza-en-neuquen-esta-segunda-en-el-concurso\/","og_site_name":"Diario Digital Femenino","article_publisher":"https:\/\/www.facebook.com\/DiarioDigitaFemenino\/","article_published_time":"2019-10-18T18:38:20+00:00","og_image":[{"width":748,"height":421,"url":"https:\/\/diariofemenino.com.ar\/df\/wp-content\/uploads\/2019\/10\/cristina-hendrickse-1.jpg","type":"image\/jpeg"}],"author":"Admin","twitter_card":"summary_large_image","twitter_creator":"@DiarioFemenino1","twitter_site":"@DiarioFemenino1","twitter_misc":{"Escrito por":"Admin","Tiempo de lectura":"4 minutos"},"schema":{"@context":"https:\/\/schema.org","@graph":[{"@type":"Article","@id":"https:\/\/diariofemenino.com.ar\/df\/cristina-monserrat-hendrickse-la-abogada-trans-que-quiere-ser-jueza-en-neuquen-esta-segunda-en-el-concurso\/#article","isPartOf":{"@id":"https:\/\/diariofemenino.com.ar\/df\/cristina-monserrat-hendrickse-la-abogada-trans-que-quiere-ser-jueza-en-neuquen-esta-segunda-en-el-concurso\/"},"author":{"name":"Admin","@id":"https:\/\/diariofemenino.com.ar\/df\/#\/schema\/person\/bf6199e8158c657ea6f789b11ec85509"},"headline":"Cristina Monserrat Hendrickse, la abogada trans que quiere ser jueza en Neuqu\u00e9n est\u00e1 segunda en el concurso","datePublished":"2019-10-18T18:38:20+00:00","mainEntityOfPage":{"@id":"https:\/\/diariofemenino.com.ar\/df\/cristina-monserrat-hendrickse-la-abogada-trans-que-quiere-ser-jueza-en-neuquen-esta-segunda-en-el-concurso\/"},"wordCount":775,"commentCount":0,"publisher":{"@id":"https:\/\/diariofemenino.com.ar\/df\/#organization"},"image":{"@id":"https:\/\/diariofemenino.com.ar\/df\/cristina-monserrat-hendrickse-la-abogada-trans-que-quiere-ser-jueza-en-neuquen-esta-segunda-en-el-concurso\/#primaryimage"},"thumbnailUrl":"https:\/\/diariofemenino.com.ar\/df\/wp-content\/uploads\/2019\/10\/cristina-hendrickse-1.jpg","keywords":["Abogada","Cristina Monserrat Hendrickse","Justicia","Postulaci\u00f3n"],"articleSection":["Actividades","Agenda Feminista"],"inLanguage":"es","potentialAction":[{"@type":"CommentAction","name":"Comment","target":["https:\/\/diariofemenino.com.ar\/df\/cristina-monserrat-hendrickse-la-abogada-trans-que-quiere-ser-jueza-en-neuquen-esta-segunda-en-el-concurso\/#respond"]}]},{"@type":"WebPage","@id":"https:\/\/diariofemenino.com.ar\/df\/cristina-monserrat-hendrickse-la-abogada-trans-que-quiere-ser-jueza-en-neuquen-esta-segunda-en-el-concurso\/","url":"https:\/\/diariofemenino.com.ar\/df\/cristina-monserrat-hendrickse-la-abogada-trans-que-quiere-ser-jueza-en-neuquen-esta-segunda-en-el-concurso\/","name":"Cristina Monserrat Hendrickse, la abogada trans que quiere ser jueza en Neuqu\u00e9n est\u00e1 segunda en el concurso - Diario Digital Femenino","isPartOf":{"@id":"https:\/\/diariofemenino.com.ar\/df\/#website"},"primaryImageOfPage":{"@id":"https:\/\/diariofemenino.com.ar\/df\/cristina-monserrat-hendrickse-la-abogada-trans-que-quiere-ser-jueza-en-neuquen-esta-segunda-en-el-concurso\/#primaryimage"},"image":{"@id":"https:\/\/diariofemenino.com.ar\/df\/cristina-monserrat-hendrickse-la-abogada-trans-que-quiere-ser-jueza-en-neuquen-esta-segunda-en-el-concurso\/#primaryimage"},"thumbnailUrl":"https:\/\/diariofemenino.com.ar\/df\/wp-content\/uploads\/2019\/10\/cristina-hendrickse-1.jpg","datePublished":"2019-10-18T18:38:20+00:00","description":"Cristina Monserrat Hendrickse, la abogada trans que quiere ser jueza en Neuqu\u00e9n Se postula para el cargo de jueza de Familia de Chos Malal","breadcrumb":{"@id":"https:\/\/diariofemenino.com.ar\/df\/cristina-monserrat-hendrickse-la-abogada-trans-que-quiere-ser-jueza-en-neuquen-esta-segunda-en-el-concurso\/#breadcrumb"},"inLanguage":"es","potentialAction":[{"@type":"ReadAction","target":["https:\/\/diariofemenino.com.ar\/df\/cristina-monserrat-hendrickse-la-abogada-trans-que-quiere-ser-jueza-en-neuquen-esta-segunda-en-el-concurso\/"]}]},{"@type":"ImageObject","inLanguage":"es","@id":"https:\/\/diariofemenino.com.ar\/df\/cristina-monserrat-hendrickse-la-abogada-trans-que-quiere-ser-jueza-en-neuquen-esta-segunda-en-el-concurso\/#primaryimage","url":"https:\/\/diariofemenino.com.ar\/df\/wp-content\/uploads\/2019\/10\/cristina-hendrickse-1.jpg","contentUrl":"https:\/\/diariofemenino.com.ar\/df\/wp-content\/uploads\/2019\/10\/cristina-hendrickse-1.jpg","width":748,"height":421,"caption":"Cristina Monserrat Hendrickse, la abogada trans que quiere ser jueza en Neuqu\u00e9n est\u00e1 segunda en el concurso"},{"@type":"BreadcrumbList","@id":"https:\/\/diariofemenino.com.ar\/df\/cristina-monserrat-hendrickse-la-abogada-trans-que-quiere-ser-jueza-en-neuquen-esta-segunda-en-el-concurso\/#breadcrumb","itemListElement":[{"@type":"ListItem","position":1,"name":"Portada","item":"https:\/\/diariofemenino.com.ar\/df\/"},{"@type":"ListItem","position":2,"name":"Cristina Monserrat Hendrickse, la abogada trans que quiere ser jueza en Neuqu\u00e9n est\u00e1 segunda en el concurso"}]},{"@type":"WebSite","@id":"https:\/\/diariofemenino.com.ar\/df\/#website","url":"https:\/\/diariofemenino.com.ar\/df\/","name":"Diario Digital Femenino","description":"Cuesti\u00f3n de G\u00e9nero","publisher":{"@id":"https:\/\/diariofemenino.com.ar\/df\/#organization"},"potentialAction":[{"@type":"SearchAction","target":{"@type":"EntryPoint","urlTemplate":"https:\/\/diariofemenino.com.ar\/df\/?s={search_term_string}"},"query-input":{"@type":"PropertyValueSpecification","valueRequired":true,"valueName":"search_term_string"}}],"inLanguage":"es"},{"@type":"Organization","@id":"https:\/\/diariofemenino.com.ar\/df\/#organization","name":"Diario Femenino","url":"https:\/\/diariofemenino.com.ar\/df\/","logo":{"@type":"ImageObject","inLanguage":"es","@id":"https:\/\/diariofemenino.com.ar\/df\/#\/schema\/logo\/image\/","url":"https:\/\/diariofemenino.com.ar\/df\/wp-content\/uploads\/2018\/10\/logo.png","contentUrl":"https:\/\/diariofemenino.com.ar\/df\/wp-content\/uploads\/2018\/10\/logo.png","width":500,"height":92,"caption":"Diario Femenino"},"image":{"@id":"https:\/\/diariofemenino.com.ar\/df\/#\/schema\/logo\/image\/"},"sameAs":["https:\/\/www.facebook.com\/DiarioDigitaFemenino\/","https:\/\/x.com\/DiarioFemenino1"]},{"@type":"Person","@id":"https:\/\/diariofemenino.com.ar\/df\/#\/schema\/person\/bf6199e8158c657ea6f789b11ec85509","name":"Admin","image":{"@type":"ImageObject","inLanguage":"es","@id":"https:\/\/diariofemenino.com.ar\/df\/wp-content\/uploads\/2018\/12\/favicon-150x150.jpg","url":"https:\/\/diariofemenino.com.ar\/df\/wp-content\/uploads\/2018\/12\/favicon-150x150.jpg","contentUrl":"https:\/\/diariofemenino.com.ar\/df\/wp-content\/uploads\/2018\/12\/favicon-150x150.jpg","caption":"Admin"},"url":"https:\/\/diariofemenino.com.ar\/df\/author\/lenny\/"}]}},"jetpack_featured_media_url":"https:\/\/diariofemenino.com.ar\/df\/wp-content\/uploads\/2019\/10\/cristina-hendrickse-1.jpg","jetpack_sharing_enabled":true,"rttpg_featured_image_url":{"full":["https:\/\/diariofemenino.com.ar\/df\/wp-content\/uploads\/2019\/10\/cristina-hendrickse-1.jpg",748,421,false],"landscape":["https:\/\/diariofemenino.com.ar\/df\/wp-content\/uploads\/2019\/10\/cristina-hendrickse-1.jpg",748,421,false],"portraits":["https:\/\/diariofemenino.com.ar\/df\/wp-content\/uploads\/2019\/10\/cristina-hendrickse-1.jpg",748,421,false],"thumbnail":["https:\/\/diariofemenino.com.ar\/df\/wp-content\/uploads\/2019\/10\/cristina-hendrickse-1-150x150.jpg",150,150,true],"medium":["https:\/\/diariofemenino.com.ar\/df\/wp-content\/uploads\/2019\/10\/cristina-hendrickse-1-300x169.jpg",300,169,true],"large":["https:\/\/diariofemenino.com.ar\/df\/wp-content\/uploads\/2019\/10\/cristina-hendrickse-1.jpg",748,421,false],"1536x1536":["https:\/\/diariofemenino.com.ar\/df\/wp-content\/uploads\/2019\/10\/cristina-hendrickse-1.jpg",748,421,false],"2048x2048":["https:\/\/diariofemenino.com.ar\/df\/wp-content\/uploads\/2019\/10\/cristina-hendrickse-1.jpg",748,421,false]},"rttpg_author":{"display_name":"Admin","author_link":"https:\/\/diariofemenino.com.ar\/df\/author\/lenny\/"},"rttpg_comment":0,"rttpg_category":"<a href=\"https:\/\/diariofemenino.com.ar\/df\/category\/actividades\/\" rel=\"category tag\">Actividades<\/a> <a href=\"https:\/\/diariofemenino.com.ar\/df\/category\/agenda-feminista\/\" rel=\"category tag\">Agenda Feminista<\/a>","rttpg_excerpt":"Cristina Monserrat Hendrickse, la abogada trans candidata a jueza est\u00e1 segunda en el orden de m\u00e9rito por antecedentes, en el concurso del Consejo de la Magistratura de Neuqu\u00e9n. Los ex\u00e1menes escrito y oral fueron el 16 y 17 de octubre. Por Guillermo Berto Cristina Monserrat Hendrickse,\u00a0quien se postula para el cargo de jueza de Familia&hellip;","_links":{"self":[{"href":"https:\/\/diariofemenino.com.ar\/df\/wp-json\/wp\/v2\/posts\/42532","targetHints":{"allow":["GET"]}}],"collection":[{"href":"https:\/\/diariofemenino.com.ar\/df\/wp-json\/wp\/v2\/posts"}],"about":[{"href":"https:\/\/diariofemenino.com.ar\/df\/wp-json\/wp\/v2\/types\/post"}],"author":[{"embeddable":true,"href":"https:\/\/diariofemenino.com.ar\/df\/wp-json\/wp\/v2\/users\/4"}],"replies":[{"embeddable":true,"href":"https:\/\/diariofemenino.com.ar\/df\/wp-json\/wp\/v2\/comments?post=42532"}],"version-history":[{"count":0,"href":"https:\/\/diariofemenino.com.ar\/df\/wp-json\/wp\/v2\/posts\/42532\/revisions"}],"wp:featuredmedia":[{"embeddable":true,"href":"https:\/\/diariofemenino.com.ar\/df\/wp-json\/wp\/v2\/media\/42533"}],"wp:attachment":[{"href":"https:\/\/diariofemenino.com.ar\/df\/wp-json\/wp\/v2\/media?parent=42532"}],"wp:term":[{"taxonomy":"category","embeddable":true,"href":"https:\/\/diariofemenino.com.ar\/df\/wp-json\/wp\/v2\/categories?post=42532"},{"taxonomy":"post_tag","embeddable":true,"href":"https:\/\/diariofemenino.com.ar\/df\/wp-json\/wp\/v2\/tags?post=42532"}],"curies":[{"name":"wp","href":"https:\/\/api.w.org\/{rel}","templated":true}]}}