{"id":419,"date":"2012-05-11T10:14:39","date_gmt":"2012-05-11T13:14:39","guid":{"rendered":"http:\/\/www.diariofemenino.com.ar\/?p=419"},"modified":"2012-05-11T10:14:39","modified_gmt":"2012-05-11T13:14:39","slug":"se-celebra-el-primer-matrimonio-igualitario-de-extranjeros-en-la-provincia-de-buenos-aires","status":"publish","type":"post","link":"https:\/\/diariofemenino.com.ar\/df\/se-celebra-el-primer-matrimonio-igualitario-de-extranjeros-en-la-provincia-de-buenos-aires\/","title":{"rendered":"Se celebra el primer matrimonio igualitario de extranjeros en la provincia de Buenos Aires"},"content":{"rendered":"<p>Los australianos Alexander Greenwich y Victor H\u00f6ld, quienes viven en Sydney, donde el matrimonio entre personas del mismo sexo no est\u00e1 legalizado, se casar\u00e1n este mediod\u00eda en La Plata.<\/p>\n<div>\nDe esta manera, Buenos Aires se convierte en el tercer distrito del pa\u00eds que habilita las bodas a no residentes, siguiendo el camino que iniciaron Santa Fe y Tierra del Fuego.<br \/>\nEl casamiento entre Alexander y Victor se realizar\u00e1 en el Registro Civil ubicado en la Calle 6 N\u00b0 527 de la ciudad de La Plata a las 11.<br \/>\nLa pareja vive en Sydney, Australia, donde el matrimonio igualitario no est\u00e1 legalizado, por lo que decidieron venir a casarse a Argentina.<br \/>\nGreenwich dirige la campa\u00f1a por el reconocimiento del matrimonio igualitario en Australia, derecho que podr\u00eda convertir en ley el Parlamento australiano en agosto de este a\u00f1o, inform\u00f3 la Federaci\u00f3n Argentina de lesbianas, gays, bisexuales y trans (FALGBT).<br \/>\n\u00abAlex y Victor vienen a casarse porque se aman, porque saben que alg\u00fan d\u00eda su matrimonio ser\u00e1 reconocido en Australia y por las implicancias pol\u00edticas y medi\u00e1ticas que esto tendr\u00e1 en su pa\u00eds, al tiempo que creen que otras parejas vendr\u00e1n tambi\u00e9n a casarse a la Argentina\u00bb, dijo Alejandro Nasif Salum, secretario de relaciones internacionales de la FALGBT.<br \/>\nEl dirigente explic\u00f3 que la boda no se concreta en la Ciudad de Buenos Aires \u00abporque el distrito solicita la residencia de uno de los integrantes de la pareja, actitud que esperamos que las autoridades reconsideren como ya lo hicieron Santa Fe, Tierra del Fuego y ahora, la provincia de Buenos Aires\u00bb.<br \/>\nEl anterior casamiento de turistas se realiz\u00f3 en marzo pasado en la ciudad de Rosario, oportunidad en que se casaron dos activistas paraguayos, Sim\u00f3n Cazal y Sergio L\u00f3pez.<br \/>\n&nbsp;<br \/>\nFuente: Telam\n<\/div>\n","protected":false},"excerpt":{"rendered":"<p>Los australianos Alexander Greenwich y Victor H\u00f6ld, quienes viven en Sydney, donde el matrimonio entre personas del mismo sexo no est\u00e1 legalizado, se casar\u00e1n este mediod\u00eda en La Plata. De esta manera, Buenos Aires se convierte en el tercer distrito del pa\u00eds que habilita las bodas a no residentes, siguiendo el camino que iniciaron Santa [&hellip;]<\/p>\n","protected":false},"author":1,"featured_media":420,"comment_status":"open","ping_status":"open","sticky":false,"template":"","format":"standard","meta":{"iawp_total_views":1,"footnotes":""},"categories":[4,21],"tags":[],"class_list":["post-419","post","type-post","status-publish","format-standard","has-post-thumbnail","hentry","category-medios","category-noticias"],"nelio_content":{"autoShareEndMode":"never","automationSources":{"useCustomSentences":false,"customSentences":[]},"efiAlt":"","efiUrl":"","followers":[],"highlights":[],"isAutoShareEnabled":true,"networkImageIds":[],"permalinkQueryArgs":[],"series":[],"suggestedReferences":[]},"yoast_head":"<!-- This site is optimized with the Yoast SEO plugin v27.5 - https:\/\/yoast.com\/product\/yoast-seo-wordpress\/ -->\n<title>Se celebra el primer matrimonio igualitario de extranjeros en la provincia de Buenos Aires - Diario Digital Femenino<\/title>\n<meta name=\"robots\" content=\"index, follow, max-snippet:-1, max-image-preview:large, max-video-preview:-1\" \/>\n<link rel=\"canonical\" href=\"https:\/\/diariofemenino.com.ar\/df\/se-celebra-el-primer-matrimonio-igualitario-de-extranjeros-en-la-provincia-de-buenos-aires\/\" \/>\n<meta property=\"og:locale\" content=\"es_ES\" \/>\n<meta property=\"og:type\" content=\"article\" \/>\n<meta property=\"og:title\" content=\"Se celebra el primer matrimonio igualitario de extranjeros en la provincia de Buenos Aires - Diario Digital Femenino\" \/>\n<meta property=\"og:description\" content=\"Los australianos Alexander Greenwich y Victor H\u00f6ld, quienes viven en Sydney, donde el matrimonio entre personas del mismo sexo no est\u00e1 legalizado, se casar\u00e1n este mediod\u00eda en La Plata. De esta manera, Buenos Aires se convierte en el tercer distrito del pa\u00eds que habilita las bodas a no residentes, siguiendo el camino que iniciaron Santa [&hellip;]\" \/>\n<meta property=\"og:url\" content=\"https:\/\/diariofemenino.com.ar\/df\/se-celebra-el-primer-matrimonio-igualitario-de-extranjeros-en-la-provincia-de-buenos-aires\/\" \/>\n<meta property=\"og:site_name\" content=\"Diario Digital Femenino\" \/>\n<meta property=\"article:publisher\" content=\"https:\/\/www.facebook.com\/DiarioDigitaFemenino\/\" \/>\n<meta property=\"article:published_time\" content=\"2012-05-11T13:14:39+00:00\" \/>\n<meta property=\"og:image\" content=\"https:\/\/diariofemenino.com.ar\/df\/wp-content\/uploads\/2016\/10\/logo-negro.png\" \/>\n\t<meta property=\"og:image:width\" content=\"855\" \/>\n\t<meta property=\"og:image:height\" content=\"319\" \/>\n\t<meta property=\"og:image:type\" content=\"image\/png\" \/>\n<meta name=\"author\" content=\"Admin\" \/>\n<meta name=\"twitter:card\" content=\"summary_large_image\" \/>\n<meta name=\"twitter:creator\" content=\"@DiarioFemenino1\" \/>\n<meta name=\"twitter:site\" content=\"@DiarioFemenino1\" \/>\n<meta name=\"twitter:label1\" content=\"Escrito por\" \/>\n\t<meta name=\"twitter:data1\" content=\"Admin\" \/>\n\t<meta name=\"twitter:label2\" content=\"Tiempo de lectura\" \/>\n\t<meta name=\"twitter:data2\" content=\"2 minutos\" \/>\n<script type=\"application\/ld+json\" class=\"yoast-schema-graph\">{\"@context\":\"https:\\\/\\\/schema.org\",\"@graph\":[{\"@type\":\"Article\",\"@id\":\"https:\\\/\\\/diariofemenino.com.ar\\\/df\\\/se-celebra-el-primer-matrimonio-igualitario-de-extranjeros-en-la-provincia-de-buenos-aires\\\/#article\",\"isPartOf\":{\"@id\":\"https:\\\/\\\/diariofemenino.com.ar\\\/df\\\/se-celebra-el-primer-matrimonio-igualitario-de-extranjeros-en-la-provincia-de-buenos-aires\\\/\"},\"author\":{\"name\":\"Admin\",\"@id\":\"https:\\\/\\\/diariofemenino.com.ar\\\/df\\\/#\\\/schema\\\/person\\\/38f54b3bfd13f561de2460ba95c169c6\"},\"headline\":\"Se celebra el primer matrimonio igualitario de extranjeros en la provincia de Buenos Aires\",\"datePublished\":\"2012-05-11T13:14:39+00:00\",\"mainEntityOfPage\":{\"@id\":\"https:\\\/\\\/diariofemenino.com.ar\\\/df\\\/se-celebra-el-primer-matrimonio-igualitario-de-extranjeros-en-la-provincia-de-buenos-aires\\\/\"},\"wordCount\":316,\"commentCount\":0,\"publisher\":{\"@id\":\"https:\\\/\\\/diariofemenino.com.ar\\\/df\\\/#organization\"},\"image\":{\"@id\":\"https:\\\/\\\/diariofemenino.com.ar\\\/df\\\/se-celebra-el-primer-matrimonio-igualitario-de-extranjeros-en-la-provincia-de-buenos-aires\\\/#primaryimage\"},\"thumbnailUrl\":\"\",\"articleSection\":[\"Medios\",\"Noticias\"],\"inLanguage\":\"es\",\"potentialAction\":[{\"@type\":\"CommentAction\",\"name\":\"Comment\",\"target\":[\"https:\\\/\\\/diariofemenino.com.ar\\\/df\\\/se-celebra-el-primer-matrimonio-igualitario-de-extranjeros-en-la-provincia-de-buenos-aires\\\/#respond\"]}]},{\"@type\":\"WebPage\",\"@id\":\"https:\\\/\\\/diariofemenino.com.ar\\\/df\\\/se-celebra-el-primer-matrimonio-igualitario-de-extranjeros-en-la-provincia-de-buenos-aires\\\/\",\"url\":\"https:\\\/\\\/diariofemenino.com.ar\\\/df\\\/se-celebra-el-primer-matrimonio-igualitario-de-extranjeros-en-la-provincia-de-buenos-aires\\\/\",\"name\":\"Se celebra el primer matrimonio igualitario de extranjeros en la provincia de Buenos Aires - Diario Digital Femenino\",\"isPartOf\":{\"@id\":\"https:\\\/\\\/diariofemenino.com.ar\\\/df\\\/#website\"},\"primaryImageOfPage\":{\"@id\":\"https:\\\/\\\/diariofemenino.com.ar\\\/df\\\/se-celebra-el-primer-matrimonio-igualitario-de-extranjeros-en-la-provincia-de-buenos-aires\\\/#primaryimage\"},\"image\":{\"@id\":\"https:\\\/\\\/diariofemenino.com.ar\\\/df\\\/se-celebra-el-primer-matrimonio-igualitario-de-extranjeros-en-la-provincia-de-buenos-aires\\\/#primaryimage\"},\"thumbnailUrl\":\"\",\"datePublished\":\"2012-05-11T13:14:39+00:00\",\"breadcrumb\":{\"@id\":\"https:\\\/\\\/diariofemenino.com.ar\\\/df\\\/se-celebra-el-primer-matrimonio-igualitario-de-extranjeros-en-la-provincia-de-buenos-aires\\\/#breadcrumb\"},\"inLanguage\":\"es\",\"potentialAction\":[{\"@type\":\"ReadAction\",\"target\":[\"https:\\\/\\\/diariofemenino.com.ar\\\/df\\\/se-celebra-el-primer-matrimonio-igualitario-de-extranjeros-en-la-provincia-de-buenos-aires\\\/\"]}]},{\"@type\":\"ImageObject\",\"inLanguage\":\"es\",\"@id\":\"https:\\\/\\\/diariofemenino.com.ar\\\/df\\\/se-celebra-el-primer-matrimonio-igualitario-de-extranjeros-en-la-provincia-de-buenos-aires\\\/#primaryimage\",\"url\":\"\",\"contentUrl\":\"\"},{\"@type\":\"BreadcrumbList\",\"@id\":\"https:\\\/\\\/diariofemenino.com.ar\\\/df\\\/se-celebra-el-primer-matrimonio-igualitario-de-extranjeros-en-la-provincia-de-buenos-aires\\\/#breadcrumb\",\"itemListElement\":[{\"@type\":\"ListItem\",\"position\":1,\"name\":\"Portada\",\"item\":\"https:\\\/\\\/diariofemenino.com.ar\\\/df\\\/\"},{\"@type\":\"ListItem\",\"position\":2,\"name\":\"Se celebra el primer matrimonio igualitario de extranjeros en la provincia de Buenos Aires\"}]},{\"@type\":\"WebSite\",\"@id\":\"https:\\\/\\\/diariofemenino.com.ar\\\/df\\\/#website\",\"url\":\"https:\\\/\\\/diariofemenino.com.ar\\\/df\\\/\",\"name\":\"Diario Digital Femenino\",\"description\":\"Cuesti\u00f3n de G\u00e9nero\",\"publisher\":{\"@id\":\"https:\\\/\\\/diariofemenino.com.ar\\\/df\\\/#organization\"},\"potentialAction\":[{\"@type\":\"SearchAction\",\"target\":{\"@type\":\"EntryPoint\",\"urlTemplate\":\"https:\\\/\\\/diariofemenino.com.ar\\\/df\\\/?s={search_term_string}\"},\"query-input\":{\"@type\":\"PropertyValueSpecification\",\"valueRequired\":true,\"valueName\":\"search_term_string\"}}],\"inLanguage\":\"es\"},{\"@type\":\"Organization\",\"@id\":\"https:\\\/\\\/diariofemenino.com.ar\\\/df\\\/#organization\",\"name\":\"Diario Femenino\",\"url\":\"https:\\\/\\\/diariofemenino.com.ar\\\/df\\\/\",\"logo\":{\"@type\":\"ImageObject\",\"inLanguage\":\"es\",\"@id\":\"https:\\\/\\\/diariofemenino.com.ar\\\/df\\\/#\\\/schema\\\/logo\\\/image\\\/\",\"url\":\"https:\\\/\\\/diariofemenino.com.ar\\\/df\\\/wp-content\\\/uploads\\\/2018\\\/10\\\/logo.png\",\"contentUrl\":\"https:\\\/\\\/diariofemenino.com.ar\\\/df\\\/wp-content\\\/uploads\\\/2018\\\/10\\\/logo.png\",\"width\":500,\"height\":92,\"caption\":\"Diario Femenino\"},\"image\":{\"@id\":\"https:\\\/\\\/diariofemenino.com.ar\\\/df\\\/#\\\/schema\\\/logo\\\/image\\\/\"},\"sameAs\":[\"https:\\\/\\\/www.facebook.com\\\/DiarioDigitaFemenino\\\/\",\"https:\\\/\\\/x.com\\\/DiarioFemenino1\"]},{\"@type\":\"Person\",\"@id\":\"https:\\\/\\\/diariofemenino.com.ar\\\/df\\\/#\\\/schema\\\/person\\\/38f54b3bfd13f561de2460ba95c169c6\",\"name\":\"Admin\",\"image\":{\"@type\":\"ImageObject\",\"inLanguage\":\"es\",\"@id\":\"https:\\\/\\\/diariofemenino.com.ar\\\/df\\\/wp-content\\\/uploads\\\/2018\\\/12\\\/favicon-150x150.jpg\",\"url\":\"https:\\\/\\\/diariofemenino.com.ar\\\/df\\\/wp-content\\\/uploads\\\/2018\\\/12\\\/favicon-150x150.jpg\",\"contentUrl\":\"https:\\\/\\\/diariofemenino.com.ar\\\/df\\\/wp-content\\\/uploads\\\/2018\\\/12\\\/favicon-150x150.jpg\",\"caption\":\"Admin\"},\"url\":\"https:\\\/\\\/diariofemenino.com.ar\\\/df\\\/author\\\/adm18df\\\/\"}]}<\/script>\n<!-- \/ Yoast SEO plugin. -->","yoast_head_json":{"title":"Se celebra el primer matrimonio igualitario de extranjeros en la provincia de Buenos Aires - Diario Digital Femenino","robots":{"index":"index","follow":"follow","max-snippet":"max-snippet:-1","max-image-preview":"max-image-preview:large","max-video-preview":"max-video-preview:-1"},"canonical":"https:\/\/diariofemenino.com.ar\/df\/se-celebra-el-primer-matrimonio-igualitario-de-extranjeros-en-la-provincia-de-buenos-aires\/","og_locale":"es_ES","og_type":"article","og_title":"Se celebra el primer matrimonio igualitario de extranjeros en la provincia de Buenos Aires - Diario Digital Femenino","og_description":"Los australianos Alexander Greenwich y Victor H\u00f6ld, quienes viven en Sydney, donde el matrimonio entre personas del mismo sexo no est\u00e1 legalizado, se casar\u00e1n este mediod\u00eda en La Plata. De esta manera, Buenos Aires se convierte en el tercer distrito del pa\u00eds que habilita las bodas a no residentes, siguiendo el camino que iniciaron Santa [&hellip;]","og_url":"https:\/\/diariofemenino.com.ar\/df\/se-celebra-el-primer-matrimonio-igualitario-de-extranjeros-en-la-provincia-de-buenos-aires\/","og_site_name":"Diario Digital Femenino","article_publisher":"https:\/\/www.facebook.com\/DiarioDigitaFemenino\/","article_published_time":"2012-05-11T13:14:39+00:00","og_image":[{"width":855,"height":319,"url":"https:\/\/diariofemenino.com.ar\/df\/wp-content\/uploads\/2016\/10\/logo-negro.png","type":"image\/png"}],"author":"Admin","twitter_card":"summary_large_image","twitter_creator":"@DiarioFemenino1","twitter_site":"@DiarioFemenino1","twitter_misc":{"Escrito por":"Admin","Tiempo de lectura":"2 minutos"},"schema":{"@context":"https:\/\/schema.org","@graph":[{"@type":"Article","@id":"https:\/\/diariofemenino.com.ar\/df\/se-celebra-el-primer-matrimonio-igualitario-de-extranjeros-en-la-provincia-de-buenos-aires\/#article","isPartOf":{"@id":"https:\/\/diariofemenino.com.ar\/df\/se-celebra-el-primer-matrimonio-igualitario-de-extranjeros-en-la-provincia-de-buenos-aires\/"},"author":{"name":"Admin","@id":"https:\/\/diariofemenino.com.ar\/df\/#\/schema\/person\/38f54b3bfd13f561de2460ba95c169c6"},"headline":"Se celebra el primer matrimonio igualitario de extranjeros en la provincia de Buenos Aires","datePublished":"2012-05-11T13:14:39+00:00","mainEntityOfPage":{"@id":"https:\/\/diariofemenino.com.ar\/df\/se-celebra-el-primer-matrimonio-igualitario-de-extranjeros-en-la-provincia-de-buenos-aires\/"},"wordCount":316,"commentCount":0,"publisher":{"@id":"https:\/\/diariofemenino.com.ar\/df\/#organization"},"image":{"@id":"https:\/\/diariofemenino.com.ar\/df\/se-celebra-el-primer-matrimonio-igualitario-de-extranjeros-en-la-provincia-de-buenos-aires\/#primaryimage"},"thumbnailUrl":"","articleSection":["Medios","Noticias"],"inLanguage":"es","potentialAction":[{"@type":"CommentAction","name":"Comment","target":["https:\/\/diariofemenino.com.ar\/df\/se-celebra-el-primer-matrimonio-igualitario-de-extranjeros-en-la-provincia-de-buenos-aires\/#respond"]}]},{"@type":"WebPage","@id":"https:\/\/diariofemenino.com.ar\/df\/se-celebra-el-primer-matrimonio-igualitario-de-extranjeros-en-la-provincia-de-buenos-aires\/","url":"https:\/\/diariofemenino.com.ar\/df\/se-celebra-el-primer-matrimonio-igualitario-de-extranjeros-en-la-provincia-de-buenos-aires\/","name":"Se celebra el primer matrimonio igualitario de extranjeros en la provincia de Buenos Aires - Diario Digital Femenino","isPartOf":{"@id":"https:\/\/diariofemenino.com.ar\/df\/#website"},"primaryImageOfPage":{"@id":"https:\/\/diariofemenino.com.ar\/df\/se-celebra-el-primer-matrimonio-igualitario-de-extranjeros-en-la-provincia-de-buenos-aires\/#primaryimage"},"image":{"@id":"https:\/\/diariofemenino.com.ar\/df\/se-celebra-el-primer-matrimonio-igualitario-de-extranjeros-en-la-provincia-de-buenos-aires\/#primaryimage"},"thumbnailUrl":"","datePublished":"2012-05-11T13:14:39+00:00","breadcrumb":{"@id":"https:\/\/diariofemenino.com.ar\/df\/se-celebra-el-primer-matrimonio-igualitario-de-extranjeros-en-la-provincia-de-buenos-aires\/#breadcrumb"},"inLanguage":"es","potentialAction":[{"@type":"ReadAction","target":["https:\/\/diariofemenino.com.ar\/df\/se-celebra-el-primer-matrimonio-igualitario-de-extranjeros-en-la-provincia-de-buenos-aires\/"]}]},{"@type":"ImageObject","inLanguage":"es","@id":"https:\/\/diariofemenino.com.ar\/df\/se-celebra-el-primer-matrimonio-igualitario-de-extranjeros-en-la-provincia-de-buenos-aires\/#primaryimage","url":"","contentUrl":""},{"@type":"BreadcrumbList","@id":"https:\/\/diariofemenino.com.ar\/df\/se-celebra-el-primer-matrimonio-igualitario-de-extranjeros-en-la-provincia-de-buenos-aires\/#breadcrumb","itemListElement":[{"@type":"ListItem","position":1,"name":"Portada","item":"https:\/\/diariofemenino.com.ar\/df\/"},{"@type":"ListItem","position":2,"name":"Se celebra el primer matrimonio igualitario de extranjeros en la provincia de Buenos Aires"}]},{"@type":"WebSite","@id":"https:\/\/diariofemenino.com.ar\/df\/#website","url":"https:\/\/diariofemenino.com.ar\/df\/","name":"Diario Digital Femenino","description":"Cuesti\u00f3n de G\u00e9nero","publisher":{"@id":"https:\/\/diariofemenino.com.ar\/df\/#organization"},"potentialAction":[{"@type":"SearchAction","target":{"@type":"EntryPoint","urlTemplate":"https:\/\/diariofemenino.com.ar\/df\/?s={search_term_string}"},"query-input":{"@type":"PropertyValueSpecification","valueRequired":true,"valueName":"search_term_string"}}],"inLanguage":"es"},{"@type":"Organization","@id":"https:\/\/diariofemenino.com.ar\/df\/#organization","name":"Diario Femenino","url":"https:\/\/diariofemenino.com.ar\/df\/","logo":{"@type":"ImageObject","inLanguage":"es","@id":"https:\/\/diariofemenino.com.ar\/df\/#\/schema\/logo\/image\/","url":"https:\/\/diariofemenino.com.ar\/df\/wp-content\/uploads\/2018\/10\/logo.png","contentUrl":"https:\/\/diariofemenino.com.ar\/df\/wp-content\/uploads\/2018\/10\/logo.png","width":500,"height":92,"caption":"Diario Femenino"},"image":{"@id":"https:\/\/diariofemenino.com.ar\/df\/#\/schema\/logo\/image\/"},"sameAs":["https:\/\/www.facebook.com\/DiarioDigitaFemenino\/","https:\/\/x.com\/DiarioFemenino1"]},{"@type":"Person","@id":"https:\/\/diariofemenino.com.ar\/df\/#\/schema\/person\/38f54b3bfd13f561de2460ba95c169c6","name":"Admin","image":{"@type":"ImageObject","inLanguage":"es","@id":"https:\/\/diariofemenino.com.ar\/df\/wp-content\/uploads\/2018\/12\/favicon-150x150.jpg","url":"https:\/\/diariofemenino.com.ar\/df\/wp-content\/uploads\/2018\/12\/favicon-150x150.jpg","contentUrl":"https:\/\/diariofemenino.com.ar\/df\/wp-content\/uploads\/2018\/12\/favicon-150x150.jpg","caption":"Admin"},"url":"https:\/\/diariofemenino.com.ar\/df\/author\/adm18df\/"}]}},"jetpack_featured_media_url":"","jetpack_sharing_enabled":true,"rttpg_featured_image_url":null,"rttpg_author":{"display_name":"Admin","author_link":"https:\/\/diariofemenino.com.ar\/df\/author\/adm18df\/"},"rttpg_comment":0,"rttpg_category":"<a href=\"https:\/\/diariofemenino.com.ar\/df\/category\/medios\/\" rel=\"category tag\">Medios<\/a> <a href=\"https:\/\/diariofemenino.com.ar\/df\/category\/noticias\/\" rel=\"category tag\">Noticias<\/a>","rttpg_excerpt":"Los australianos Alexander Greenwich y Victor H\u00f6ld, quienes viven en Sydney, donde el matrimonio entre personas del mismo sexo no est\u00e1 legalizado, se casar\u00e1n este mediod\u00eda en La Plata. De esta manera, Buenos Aires se convierte en el tercer distrito del pa\u00eds que habilita las bodas a no residentes, siguiendo el camino que iniciaron Santa&hellip;","_links":{"self":[{"href":"https:\/\/diariofemenino.com.ar\/df\/wp-json\/wp\/v2\/posts\/419","targetHints":{"allow":["GET"]}}],"collection":[{"href":"https:\/\/diariofemenino.com.ar\/df\/wp-json\/wp\/v2\/posts"}],"about":[{"href":"https:\/\/diariofemenino.com.ar\/df\/wp-json\/wp\/v2\/types\/post"}],"author":[{"embeddable":true,"href":"https:\/\/diariofemenino.com.ar\/df\/wp-json\/wp\/v2\/users\/1"}],"replies":[{"embeddable":true,"href":"https:\/\/diariofemenino.com.ar\/df\/wp-json\/wp\/v2\/comments?post=419"}],"version-history":[{"count":0,"href":"https:\/\/diariofemenino.com.ar\/df\/wp-json\/wp\/v2\/posts\/419\/revisions"}],"wp:featuredmedia":[{"embeddable":true,"href":"https:\/\/diariofemenino.com.ar\/df\/wp-json\/"}],"wp:attachment":[{"href":"https:\/\/diariofemenino.com.ar\/df\/wp-json\/wp\/v2\/media?parent=419"}],"wp:term":[{"taxonomy":"category","embeddable":true,"href":"https:\/\/diariofemenino.com.ar\/df\/wp-json\/wp\/v2\/categories?post=419"},{"taxonomy":"post_tag","embeddable":true,"href":"https:\/\/diariofemenino.com.ar\/df\/wp-json\/wp\/v2\/tags?post=419"}],"curies":[{"name":"wp","href":"https:\/\/api.w.org\/{rel}","templated":true}]}}