{"id":41846,"date":"2019-10-01T16:05:42","date_gmt":"2019-10-01T19:05:42","guid":{"rendered":"https:\/\/diariofemenino.com.ar\/?p=41846"},"modified":"2019-10-01T16:05:42","modified_gmt":"2019-10-01T19:05:42","slug":"quien-decide-cuan-travesti-soy","status":"publish","type":"post","link":"https:\/\/diariofemenino.com.ar\/df\/quien-decide-cuan-travesti-soy\/","title":{"rendered":"Qui\u00e9n decide cu\u00e1n travesti soy"},"content":{"rendered":"<div class=\"wpb_wrapper\">\n<div class=\"wpb_raw_code wpb_content_element wpb_raw_html\">\n<div class=\"wpb_wrapper\">\n<h1 style=\"text-align: center;\">Qui\u00e9n decide cu\u00e1n travesti soy<\/h1>\n<p class=\"lead\"><strong>\u00bfCu\u00e1nto m\u00e1s deberemos atrofiar nuestro pene para que no se note, cu\u00e1nto aceite m\u00e1s deber\u00e1 pudrir nuestros cuerpos, cu\u00e1nto estr\u00f3geno m\u00e1s debemos ingerir para parecer? La palabra travesti frente a la heteronormatividad.<\/strong><\/p>\n<h4>Por Florencia Guimaraes<\/h4>\n<p>\u201cYo paso como mujer\u201d. Entre nosotras mismas se repite seguido esa frase. Te la dicen algunas compa\u00f1eras que pretenden humillarte y menospreciarte. Detr\u00e1s se vienen otras violencias: \u201c\u00a1Yo tengo tetas y vos no!\u201d, \u201ca m\u00ed me llevan de la mano por la calle\u201d, \u201cyo tengo cara de mujer y vos de hombre\u201d. Y te lo dicen desde la total convicci\u00f3n de sentir y creer que ser visiblemente trava es una deshonra, un castigo, casi una maldici\u00f3n. Como si esa ficci\u00f3n de pasar como \u201cmujer\u201d te asegurase el derecho al \u201camor\u201d, a una vida libre de violencias. Como si parecer fuera ser.<\/p>\n<\/div>\n<\/div>\n<\/div>\n<div class=\"wpb_text_column wpb_content_element \">\n<div class=\"wpb_wrapper\">\n<p>Entonces yo me pregunto una y otra vez: quienes no parecemos ni queremos parecer \u00bfdebemos ser despreciadas? Porque ya demasiado nos desprecia la heteronormatividad que nos excluye, ya suficiente tenemos con esta sociedad travesticida.<\/p>\n<p>\u00bfHasta cu\u00e1ndo vamos a naturalizar esta imposici\u00f3n del parecer? \u00bfCu\u00e1nto m\u00e1s deberemos atrofiar nuestro pene para que no se note, cu\u00e1nto aceite m\u00e1s deber\u00e1 pudrir nuestros cuerpos, cu\u00e1nto estr\u00f3geno m\u00e1s debemos ingerir para parecer? \u00bfHasta cu\u00e1ndo deberemos anular el deseo de SER? De ser sin opresiones, imposiciones.<\/p>\n<p><img loading=\"lazy\" decoding=\"async\" class=\"alignnone size-full wp-image-41848\" src=\"https:\/\/diariofemenino.com.ar\/df\/wp-content\/uploads\/2019\/10\/flor-2.jpg\" alt=\"\" width=\"1194\" height=\"853\" srcset=\"https:\/\/diariofemenino.com.ar\/df\/wp-content\/uploads\/2019\/10\/flor-2.jpg 1194w, https:\/\/diariofemenino.com.ar\/df\/wp-content\/uploads\/2019\/10\/flor-2-300x214.jpg 300w, https:\/\/diariofemenino.com.ar\/df\/wp-content\/uploads\/2019\/10\/flor-2-768x549.jpg 768w, https:\/\/diariofemenino.com.ar\/df\/wp-content\/uploads\/2019\/10\/flor-2-1024x732.jpg 1024w\" sizes=\"auto, (max-width: 1194px) 100vw, 1194px\" \/><\/p>\n<p><a href=\"https:\/\/diariofemenino.com.ar\/la-casa-de-lohana-y-diana-un-nuevo-punto-de-encuentro-para-la-comunidad-travesti-y-trans\/\"><b><i>La casa de Lohana y Diana, en el coraz\u00f3n de La Matanza<\/i><\/b><\/a><\/p>\n<p>Cuando le pregunt\u00e1s a una compa\u00f1era por qu\u00e9 quiere empezar a suministrarse hormonas la respuesta es siempre la misma: para no tener barba, para tener tetas, para tener voz de \u201cmujer\u201d, para tener la piel \u201ccomo una mujer\u201d. Y el remate siempre suele ser \u201cquiero parecer una mujer\u201d. Todos argumentos claramente respetables ya que la identidad de g\u00e9nero tiene que ver con la vivencia interna del g\u00e9nero como cada quien la sienta. Cu\u00e1nta presi\u00f3n \u00bfno? Tenemos que parecer, siempre parecer. \u00bfImporta realmente lo que sentimos?<\/p>\n<p>Cuando dicen \u201cquiero parecer una mujer\u201d \u00bfde qu\u00e9 mujer est\u00e1n hablando? \u00bfHablan de parecerse a sus madres, hermanas, vecinas? \u00bfHablan de las mujeres gordas, bajas, altas? \u00bfQuieren parecer cualquier tipo de mujer o quieren parecerse a esa mujer que nos muestran los medios hegem\u00f3nicos de comunicaci\u00f3n, las revistas, las pel\u00edculas pornogr\u00e1ficas? Podr\u00eda arriesgarme y responder que casi todas las travas queremos parecernos a\u00a0 ese modelo de mujer estereotipada y que para pretender llegar a ese modelo recurrimos a todo tipo de intervenciones que ponen constantemente en riesgo nuestras vidas empezando con las hormonas, pasando por el aceite de avi\u00f3n y terminando con alguno de estos cirujanos carniceros que nos operan en la total clandestinidad.<\/p>\n<p>Alcanzar esos estereotipos fascistas y mercantilistas de belleza nos llevan a lo que denominamos <a href=\"https:\/\/diariofemenino.com.ar\/cuerpos-que-no-importan-el-silenciado-genocidio-travesti-trans\/\">travesticidio social<\/a>. La aplicaci\u00f3n de aceites industriales y las cirug\u00edas clandestinas siguen siendo hoy la segunda causa de muerte dentro de nuestra comunidad a pesar de tener el art\u00edculo 11 de la Ley de identidad de g\u00e9nero (26.743) que incluye el acceso integral a la salud, art\u00edculo que no se cumple como deber\u00eda.<\/p>\n<p>En momentos donde aparentemente se dieran avances en algunas sociedades con esta llamada revoluci\u00f3n de los g\u00e9neros parece que las feminidades travestis trans seguimos fuertemente atadas a los estereotipos corporales que tanto da\u00f1o nos causan. No s\u00f3lo las sociedades esperan de nosotras determinados par\u00e1metros de belleza, sino que nos obligan a tratar de llegar a ellos y esto se arraiga profundamente entre nosotras oblig\u00e1ndonos a seguir su est\u00e9tica hegem\u00f3nica.\u00a0 \u00bfQu\u00e9 sucede cuando una travesti no cumple con esos par\u00e1metros? \u00bfQu\u00e9 se nos juega a la hora de querer ser? \u00bfC\u00f3mo nos tratan cuando no parecemos eso que deber\u00edamos parecer? Un sinf\u00edn de preguntas se me vienen a la cabeza en este momento ya pudiendo pararme ante el mundo y decir soy travesti, ojo, sin nada resuelto.<\/p>\n<p><img loading=\"lazy\" decoding=\"async\" class=\"alignnone size-full wp-image-41849\" src=\"https:\/\/diariofemenino.com.ar\/df\/wp-content\/uploads\/2019\/10\/flor-3.jpg\" alt=\"\" width=\"960\" height=\"638\" srcset=\"https:\/\/diariofemenino.com.ar\/df\/wp-content\/uploads\/2019\/10\/flor-3.jpg 960w, https:\/\/diariofemenino.com.ar\/df\/wp-content\/uploads\/2019\/10\/flor-3-300x199.jpg 300w, https:\/\/diariofemenino.com.ar\/df\/wp-content\/uploads\/2019\/10\/flor-3-768x510.jpg 768w\" sizes=\"auto, (max-width: 960px) 100vw, 960px\" \/><\/p>\n<p><b><i>Con Lohana Berkins, su amiga y referente de lucha<\/i><\/b><\/p>\n<p>\u00bfPodemos hacer el ejercicio de pensar en una ni\u00f1ez, adolescencia o adultez que est\u00e9 atravesando la complejidad del definir su identidad en un mundo binario y heteronormativo donde nos quieren hacer encajar como hombres o mujeres? Y hablo de lo complejo no porque el ser travesti o trans sea lo complejo, sino por c\u00f3mo todo el entorno nos pone obst\u00e1culos para vivir plenamente, libremente nuestras identidades.<\/p>\n<p>Es dif\u00edcil romper con toda esa carga generacional que sigue sosteniendo estereotipos de corporalidad al que muchas no llegaremos y al que a otras no nos interesa llegar.\u00a0 \u00bfCu\u00e1l es el mensaje que queremos dejarles a las nuevas generaciones de travitas?<\/p>\n<p><img loading=\"lazy\" decoding=\"async\" class=\"alignnone size-full wp-image-41851\" src=\"https:\/\/diariofemenino.com.ar\/df\/wp-content\/uploads\/2019\/10\/for-3.jpeg\" alt=\"\" width=\"959\" height=\"1280\" srcset=\"https:\/\/diariofemenino.com.ar\/df\/wp-content\/uploads\/2019\/10\/for-3.jpeg 959w, https:\/\/diariofemenino.com.ar\/df\/wp-content\/uploads\/2019\/10\/for-3-225x300.jpeg 225w, https:\/\/diariofemenino.com.ar\/df\/wp-content\/uploads\/2019\/10\/for-3-768x1025.jpeg 768w, https:\/\/diariofemenino.com.ar\/df\/wp-content\/uploads\/2019\/10\/for-3-767x1024.jpeg 767w\" sizes=\"auto, (max-width: 959px) 100vw, 959px\" \/><\/p>\n<p>&nbsp;<\/p>\n<p><b><i>En primer grado, con la se\u00f1orita Marta<\/i><\/b><\/p>\n<p>Es tiempo de empezar a deconstruir toda la fantas\u00eda que se genera entorno a la industria farmacol\u00f3gica y la medicalizaci\u00f3n a trav\u00e9s de los tratamientos hormonales donde hoy somos las conejillas experimentales, donde las ni\u00f1eces travas y otras piensan en la hormonizaci\u00f3n como salvavidas, se crean, te crean expectativas sin contarte el lado negativo que esos tratamientos provocan en nuestras cuerpas, as\u00ed sean llevados adelante por los m\u00e9dicos \u201camigables\u201d.<\/p>\n<p><img loading=\"lazy\" decoding=\"async\" class=\"alignnone size-full wp-image-41850\" src=\"https:\/\/diariofemenino.com.ar\/df\/wp-content\/uploads\/2019\/10\/flor-4.jpeg\" alt=\"\" width=\"1280\" height=\"960\" srcset=\"https:\/\/diariofemenino.com.ar\/df\/wp-content\/uploads\/2019\/10\/flor-4.jpeg 1280w, https:\/\/diariofemenino.com.ar\/df\/wp-content\/uploads\/2019\/10\/flor-4-300x225.jpeg 300w, https:\/\/diariofemenino.com.ar\/df\/wp-content\/uploads\/2019\/10\/flor-4-768x576.jpeg 768w, https:\/\/diariofemenino.com.ar\/df\/wp-content\/uploads\/2019\/10\/flor-4-1024x768.jpeg 1024w\" sizes=\"auto, (max-width: 1280px) 100vw, 1280px\" \/><\/p>\n<p><b><i>Vacaciones en Mar de Aj\u00f3 con su abuela, a los 11 a\u00f1os<\/i><\/b><\/p>\n<p>Rompamos con el travestr\u00f3metro, rebel\u00e9monos a la colonizaci\u00f3n corporal. El ser travesti no invalida a otras identidades, el SER travesti no est\u00e1 determinado terminol\u00f3gicamente de acuerdo a una definici\u00f3n del diccionario. Tampoco existe una diferenciaci\u00f3n espec\u00edfica de mujeres trans. Simplemente definirse travesti es una posici\u00f3n pol\u00edtica y nuestras cuerpas son pol\u00edticas con toda su connotaci\u00f3n disidente, combativa y reivindicativa de nuestra propia historia como comunidad. Para muchas de nosotras no hay una definici\u00f3n acabada de qu\u00e9 es ser travesti como creo tampoco la hay de ninguna otra identidad. O acaso \u00bftodo hombre es igual a otro? \u00bfToda mujer es igual a otra? Entonces \u00bfpor qu\u00e9 deber\u00edamos ser todas nosotras iguales o definirnos iguales?<\/p>\n<p><img loading=\"lazy\" decoding=\"async\" class=\"alignnone size-full wp-image-41852\" src=\"https:\/\/diariofemenino.com.ar\/df\/wp-content\/uploads\/2019\/10\/WhatsApp-Image-2019-09-30-at-10.36.05.jpeg\" alt=\"\" width=\"1112\" height=\"1125\" srcset=\"https:\/\/diariofemenino.com.ar\/df\/wp-content\/uploads\/2019\/10\/WhatsApp-Image-2019-09-30-at-10.36.05.jpeg 1112w, https:\/\/diariofemenino.com.ar\/df\/wp-content\/uploads\/2019\/10\/WhatsApp-Image-2019-09-30-at-10.36.05-297x300.jpeg 297w, https:\/\/diariofemenino.com.ar\/df\/wp-content\/uploads\/2019\/10\/WhatsApp-Image-2019-09-30-at-10.36.05-768x777.jpeg 768w, https:\/\/diariofemenino.com.ar\/df\/wp-content\/uploads\/2019\/10\/WhatsApp-Image-2019-09-30-at-10.36.05-1012x1024.jpeg 1012w\" sizes=\"auto, (max-width: 1112px) 100vw, 1112px\" \/><\/p>\n<p><b><i>Flor a los 16 a\u00f1os, tuneada de marica para la foto del DNI<\/i><\/b><\/p>\n<p>La identidad travesti ha sido y sigue siendo controversial y estigmatizada incluso entre nosotras mismas (quienes se definen como mujeres trans, trans, transg\u00e9nero). Y sigue estando relacionada al discurso de \u201cun hombre vestido de mujer\u201d. Como si la identidad de las personas se rigiera por la vestimenta \u00bfno? O acaso si yo ma\u00f1ana me pusiera un traje con corbata o simplemente me desnudar\u00eda dejar\u00eda de ser Florencia, travesti.<\/p>\n<p>Trato de comprender esas frases que lastiman, presionan y normalizan lo que la sociedad heteronormativa nos quiere imponer. Cuerpos v\u00e1lidos e inv\u00e1lidos, deseos visibles y otros clandestinos. Y confirmo el orgullo de ser trava, maravillosa y visiblemente trava, portando esta corporalidad que incomoda a la mirada gordof\u00f3bica y rechazando toda norma que establezca l\u00edmites a nuestras libertades.<\/p>\n<\/div>\n<\/div>\n<p>&nbsp;<\/p>\n<p>Fuente: <a href=\"http:\/\/cosecharoja.org\/quien-decide-cuan-travesti-soy\/\">Cosecha Roja<\/a><\/p>\n","protected":false},"excerpt":{"rendered":"<p>Qui\u00e9n decide cu\u00e1n travesti soy \u00bfCu\u00e1nto m\u00e1s deberemos atrofiar nuestro pene para que no se note, cu\u00e1nto aceite m\u00e1s deber\u00e1 pudrir nuestros cuerpos, cu\u00e1nto estr\u00f3geno m\u00e1s debemos ingerir para parecer? La palabra travesti frente a la heteronormatividad. Por Florencia Guimaraes \u201cYo paso como mujer\u201d. Entre nosotras mismas se repite seguido esa frase. Te la dicen [&hellip;]<\/p>\n","protected":false},"author":3,"featured_media":41853,"comment_status":"open","ping_status":"open","sticky":false,"template":"","format":"standard","meta":{"iawp_total_views":163,"footnotes":""},"categories":[178],"tags":[429,2207,2208,113,1581],"class_list":["post-41846","post","type-post","status-publish","format-standard","has-post-thumbnail","hentry","category-articulos-y-comunicados","tag-cuerpos","tag-hegemonia","tag-kgenero","tag-patriarcado","tag-travesti-trans"],"nelio_content":{"autoShareEndMode":"never","automationSources":{"useCustomSentences":false,"customSentences":[]},"efiAlt":"","efiUrl":"","followers":[3],"highlights":[],"isAutoShareEnabled":true,"networkImageIds":[],"permalinkQueryArgs":[],"series":[],"suggestedReferences":[]},"yoast_head":"<!-- This site is optimized with the Yoast SEO plugin v27.5 - https:\/\/yoast.com\/product\/yoast-seo-wordpress\/ -->\n<title>Qui\u00e9n decide cu\u00e1n travesti soy - Diario Digital Femenino<\/title>\n<meta name=\"description\" content=\"Qui\u00e9n decide cu\u00e1n travesti soy\u00bfCu\u00e1nto m\u00e1s deberemos atrofiar nuestro pene para que no se note, cu\u00e1nto aceite m\u00e1s deber\u00e1 pudrir nuestros cuerpos\" \/>\n<meta name=\"robots\" content=\"index, follow, max-snippet:-1, max-image-preview:large, max-video-preview:-1\" \/>\n<link rel=\"canonical\" href=\"https:\/\/diariofemenino.com.ar\/df\/quien-decide-cuan-travesti-soy\/\" \/>\n<meta property=\"og:locale\" content=\"es_ES\" \/>\n<meta property=\"og:type\" content=\"article\" \/>\n<meta property=\"og:title\" content=\"Qui\u00e9n decide cu\u00e1n travesti soy - Diario Digital Femenino\" \/>\n<meta property=\"og:description\" content=\"Qui\u00e9n decide cu\u00e1n travesti soy\u00bfCu\u00e1nto m\u00e1s deberemos atrofiar nuestro pene para que no se note, cu\u00e1nto aceite m\u00e1s deber\u00e1 pudrir nuestros cuerpos\" \/>\n<meta property=\"og:url\" content=\"https:\/\/diariofemenino.com.ar\/df\/quien-decide-cuan-travesti-soy\/\" \/>\n<meta property=\"og:site_name\" content=\"Diario Digital Femenino\" \/>\n<meta property=\"article:publisher\" content=\"https:\/\/www.facebook.com\/DiarioDigitaFemenino\/\" \/>\n<meta property=\"article:published_time\" content=\"2019-10-01T19:05:42+00:00\" \/>\n<meta property=\"og:image\" content=\"https:\/\/diariofemenino.com.ar\/df\/wp-content\/uploads\/2019\/10\/For-Guimaraes.jpg\" \/>\n\t<meta property=\"og:image:width\" content=\"840\" \/>\n\t<meta property=\"og:image:height\" content=\"600\" \/>\n\t<meta property=\"og:image:type\" content=\"image\/jpeg\" \/>\n<meta name=\"author\" content=\"Admin\" \/>\n<meta name=\"twitter:card\" content=\"summary_large_image\" \/>\n<meta name=\"twitter:creator\" content=\"@DiarioFemenino1\" \/>\n<meta name=\"twitter:site\" content=\"@DiarioFemenino1\" \/>\n<meta name=\"twitter:label1\" content=\"Escrito por\" \/>\n\t<meta name=\"twitter:data1\" content=\"Admin\" \/>\n\t<meta name=\"twitter:label2\" content=\"Tiempo de lectura\" \/>\n\t<meta name=\"twitter:data2\" content=\"6 minutos\" \/>\n<script type=\"application\/ld+json\" class=\"yoast-schema-graph\">{\"@context\":\"https:\\\/\\\/schema.org\",\"@graph\":[{\"@type\":\"Article\",\"@id\":\"https:\\\/\\\/diariofemenino.com.ar\\\/df\\\/quien-decide-cuan-travesti-soy\\\/#article\",\"isPartOf\":{\"@id\":\"https:\\\/\\\/diariofemenino.com.ar\\\/df\\\/quien-decide-cuan-travesti-soy\\\/\"},\"author\":{\"name\":\"Admin\",\"@id\":\"https:\\\/\\\/diariofemenino.com.ar\\\/df\\\/#\\\/schema\\\/person\\\/1c36bc3bf394d8ec320814298b4fdd3f\"},\"headline\":\"Qui\u00e9n decide cu\u00e1n travesti soy\",\"datePublished\":\"2019-10-01T19:05:42+00:00\",\"mainEntityOfPage\":{\"@id\":\"https:\\\/\\\/diariofemenino.com.ar\\\/df\\\/quien-decide-cuan-travesti-soy\\\/\"},\"wordCount\":1181,\"commentCount\":0,\"publisher\":{\"@id\":\"https:\\\/\\\/diariofemenino.com.ar\\\/df\\\/#organization\"},\"image\":{\"@id\":\"https:\\\/\\\/diariofemenino.com.ar\\\/df\\\/quien-decide-cuan-travesti-soy\\\/#primaryimage\"},\"thumbnailUrl\":\"https:\\\/\\\/diariofemenino.com.ar\\\/df\\\/wp-content\\\/uploads\\\/2019\\\/10\\\/For-Guimaraes.jpg\",\"keywords\":[\"Cuerpos\",\"hegemonia\",\"kgenero\",\"Patriarcado\",\"travesti trans\"],\"articleSection\":[\"Art\u00edculos y Comunicados\"],\"inLanguage\":\"es\",\"potentialAction\":[{\"@type\":\"CommentAction\",\"name\":\"Comment\",\"target\":[\"https:\\\/\\\/diariofemenino.com.ar\\\/df\\\/quien-decide-cuan-travesti-soy\\\/#respond\"]}]},{\"@type\":\"WebPage\",\"@id\":\"https:\\\/\\\/diariofemenino.com.ar\\\/df\\\/quien-decide-cuan-travesti-soy\\\/\",\"url\":\"https:\\\/\\\/diariofemenino.com.ar\\\/df\\\/quien-decide-cuan-travesti-soy\\\/\",\"name\":\"Qui\u00e9n decide cu\u00e1n travesti soy - Diario Digital Femenino\",\"isPartOf\":{\"@id\":\"https:\\\/\\\/diariofemenino.com.ar\\\/df\\\/#website\"},\"primaryImageOfPage\":{\"@id\":\"https:\\\/\\\/diariofemenino.com.ar\\\/df\\\/quien-decide-cuan-travesti-soy\\\/#primaryimage\"},\"image\":{\"@id\":\"https:\\\/\\\/diariofemenino.com.ar\\\/df\\\/quien-decide-cuan-travesti-soy\\\/#primaryimage\"},\"thumbnailUrl\":\"https:\\\/\\\/diariofemenino.com.ar\\\/df\\\/wp-content\\\/uploads\\\/2019\\\/10\\\/For-Guimaraes.jpg\",\"datePublished\":\"2019-10-01T19:05:42+00:00\",\"description\":\"Qui\u00e9n decide cu\u00e1n travesti soy\u00bfCu\u00e1nto m\u00e1s deberemos atrofiar nuestro pene para que no se note, cu\u00e1nto aceite m\u00e1s deber\u00e1 pudrir nuestros cuerpos\",\"breadcrumb\":{\"@id\":\"https:\\\/\\\/diariofemenino.com.ar\\\/df\\\/quien-decide-cuan-travesti-soy\\\/#breadcrumb\"},\"inLanguage\":\"es\",\"potentialAction\":[{\"@type\":\"ReadAction\",\"target\":[\"https:\\\/\\\/diariofemenino.com.ar\\\/df\\\/quien-decide-cuan-travesti-soy\\\/\"]}]},{\"@type\":\"ImageObject\",\"inLanguage\":\"es\",\"@id\":\"https:\\\/\\\/diariofemenino.com.ar\\\/df\\\/quien-decide-cuan-travesti-soy\\\/#primaryimage\",\"url\":\"https:\\\/\\\/diariofemenino.com.ar\\\/df\\\/wp-content\\\/uploads\\\/2019\\\/10\\\/For-Guimaraes.jpg\",\"contentUrl\":\"https:\\\/\\\/diariofemenino.com.ar\\\/df\\\/wp-content\\\/uploads\\\/2019\\\/10\\\/For-Guimaraes.jpg\",\"width\":840,\"height\":600},{\"@type\":\"BreadcrumbList\",\"@id\":\"https:\\\/\\\/diariofemenino.com.ar\\\/df\\\/quien-decide-cuan-travesti-soy\\\/#breadcrumb\",\"itemListElement\":[{\"@type\":\"ListItem\",\"position\":1,\"name\":\"Portada\",\"item\":\"https:\\\/\\\/diariofemenino.com.ar\\\/df\\\/\"},{\"@type\":\"ListItem\",\"position\":2,\"name\":\"Qui\u00e9n decide cu\u00e1n travesti soy\"}]},{\"@type\":\"WebSite\",\"@id\":\"https:\\\/\\\/diariofemenino.com.ar\\\/df\\\/#website\",\"url\":\"https:\\\/\\\/diariofemenino.com.ar\\\/df\\\/\",\"name\":\"Diario Digital Femenino\",\"description\":\"Cuesti\u00f3n de G\u00e9nero\",\"publisher\":{\"@id\":\"https:\\\/\\\/diariofemenino.com.ar\\\/df\\\/#organization\"},\"potentialAction\":[{\"@type\":\"SearchAction\",\"target\":{\"@type\":\"EntryPoint\",\"urlTemplate\":\"https:\\\/\\\/diariofemenino.com.ar\\\/df\\\/?s={search_term_string}\"},\"query-input\":{\"@type\":\"PropertyValueSpecification\",\"valueRequired\":true,\"valueName\":\"search_term_string\"}}],\"inLanguage\":\"es\"},{\"@type\":\"Organization\",\"@id\":\"https:\\\/\\\/diariofemenino.com.ar\\\/df\\\/#organization\",\"name\":\"Diario Femenino\",\"url\":\"https:\\\/\\\/diariofemenino.com.ar\\\/df\\\/\",\"logo\":{\"@type\":\"ImageObject\",\"inLanguage\":\"es\",\"@id\":\"https:\\\/\\\/diariofemenino.com.ar\\\/df\\\/#\\\/schema\\\/logo\\\/image\\\/\",\"url\":\"https:\\\/\\\/diariofemenino.com.ar\\\/df\\\/wp-content\\\/uploads\\\/2018\\\/10\\\/logo.png\",\"contentUrl\":\"https:\\\/\\\/diariofemenino.com.ar\\\/df\\\/wp-content\\\/uploads\\\/2018\\\/10\\\/logo.png\",\"width\":500,\"height\":92,\"caption\":\"Diario Femenino\"},\"image\":{\"@id\":\"https:\\\/\\\/diariofemenino.com.ar\\\/df\\\/#\\\/schema\\\/logo\\\/image\\\/\"},\"sameAs\":[\"https:\\\/\\\/www.facebook.com\\\/DiarioDigitaFemenino\\\/\",\"https:\\\/\\\/x.com\\\/DiarioFemenino1\"]},{\"@type\":\"Person\",\"@id\":\"https:\\\/\\\/diariofemenino.com.ar\\\/df\\\/#\\\/schema\\\/person\\\/1c36bc3bf394d8ec320814298b4fdd3f\",\"name\":\"Admin\",\"image\":{\"@type\":\"ImageObject\",\"inLanguage\":\"es\",\"@id\":\"https:\\\/\\\/diariofemenino.com.ar\\\/df\\\/wp-content\\\/uploads\\\/2018\\\/12\\\/favicon-150x150.jpg\",\"url\":\"https:\\\/\\\/diariofemenino.com.ar\\\/df\\\/wp-content\\\/uploads\\\/2018\\\/12\\\/favicon-150x150.jpg\",\"contentUrl\":\"https:\\\/\\\/diariofemenino.com.ar\\\/df\\\/wp-content\\\/uploads\\\/2018\\\/12\\\/favicon-150x150.jpg\",\"caption\":\"Admin\"},\"url\":\"https:\\\/\\\/diariofemenino.com.ar\\\/df\\\/author\\\/sofiperez\\\/\"}]}<\/script>\n<!-- \/ Yoast SEO plugin. -->","yoast_head_json":{"title":"Qui\u00e9n decide cu\u00e1n travesti soy - Diario Digital Femenino","description":"Qui\u00e9n decide cu\u00e1n travesti soy\u00bfCu\u00e1nto m\u00e1s deberemos atrofiar nuestro pene para que no se note, cu\u00e1nto aceite m\u00e1s deber\u00e1 pudrir nuestros cuerpos","robots":{"index":"index","follow":"follow","max-snippet":"max-snippet:-1","max-image-preview":"max-image-preview:large","max-video-preview":"max-video-preview:-1"},"canonical":"https:\/\/diariofemenino.com.ar\/df\/quien-decide-cuan-travesti-soy\/","og_locale":"es_ES","og_type":"article","og_title":"Qui\u00e9n decide cu\u00e1n travesti soy - Diario Digital Femenino","og_description":"Qui\u00e9n decide cu\u00e1n travesti soy\u00bfCu\u00e1nto m\u00e1s deberemos atrofiar nuestro pene para que no se note, cu\u00e1nto aceite m\u00e1s deber\u00e1 pudrir nuestros cuerpos","og_url":"https:\/\/diariofemenino.com.ar\/df\/quien-decide-cuan-travesti-soy\/","og_site_name":"Diario Digital Femenino","article_publisher":"https:\/\/www.facebook.com\/DiarioDigitaFemenino\/","article_published_time":"2019-10-01T19:05:42+00:00","og_image":[{"width":840,"height":600,"url":"https:\/\/diariofemenino.com.ar\/df\/wp-content\/uploads\/2019\/10\/For-Guimaraes.jpg","type":"image\/jpeg"}],"author":"Admin","twitter_card":"summary_large_image","twitter_creator":"@DiarioFemenino1","twitter_site":"@DiarioFemenino1","twitter_misc":{"Escrito por":"Admin","Tiempo de lectura":"6 minutos"},"schema":{"@context":"https:\/\/schema.org","@graph":[{"@type":"Article","@id":"https:\/\/diariofemenino.com.ar\/df\/quien-decide-cuan-travesti-soy\/#article","isPartOf":{"@id":"https:\/\/diariofemenino.com.ar\/df\/quien-decide-cuan-travesti-soy\/"},"author":{"name":"Admin","@id":"https:\/\/diariofemenino.com.ar\/df\/#\/schema\/person\/1c36bc3bf394d8ec320814298b4fdd3f"},"headline":"Qui\u00e9n decide cu\u00e1n travesti soy","datePublished":"2019-10-01T19:05:42+00:00","mainEntityOfPage":{"@id":"https:\/\/diariofemenino.com.ar\/df\/quien-decide-cuan-travesti-soy\/"},"wordCount":1181,"commentCount":0,"publisher":{"@id":"https:\/\/diariofemenino.com.ar\/df\/#organization"},"image":{"@id":"https:\/\/diariofemenino.com.ar\/df\/quien-decide-cuan-travesti-soy\/#primaryimage"},"thumbnailUrl":"https:\/\/diariofemenino.com.ar\/df\/wp-content\/uploads\/2019\/10\/For-Guimaraes.jpg","keywords":["Cuerpos","hegemonia","kgenero","Patriarcado","travesti trans"],"articleSection":["Art\u00edculos y Comunicados"],"inLanguage":"es","potentialAction":[{"@type":"CommentAction","name":"Comment","target":["https:\/\/diariofemenino.com.ar\/df\/quien-decide-cuan-travesti-soy\/#respond"]}]},{"@type":"WebPage","@id":"https:\/\/diariofemenino.com.ar\/df\/quien-decide-cuan-travesti-soy\/","url":"https:\/\/diariofemenino.com.ar\/df\/quien-decide-cuan-travesti-soy\/","name":"Qui\u00e9n decide cu\u00e1n travesti soy - Diario Digital Femenino","isPartOf":{"@id":"https:\/\/diariofemenino.com.ar\/df\/#website"},"primaryImageOfPage":{"@id":"https:\/\/diariofemenino.com.ar\/df\/quien-decide-cuan-travesti-soy\/#primaryimage"},"image":{"@id":"https:\/\/diariofemenino.com.ar\/df\/quien-decide-cuan-travesti-soy\/#primaryimage"},"thumbnailUrl":"https:\/\/diariofemenino.com.ar\/df\/wp-content\/uploads\/2019\/10\/For-Guimaraes.jpg","datePublished":"2019-10-01T19:05:42+00:00","description":"Qui\u00e9n decide cu\u00e1n travesti soy\u00bfCu\u00e1nto m\u00e1s deberemos atrofiar nuestro pene para que no se note, cu\u00e1nto aceite m\u00e1s deber\u00e1 pudrir nuestros cuerpos","breadcrumb":{"@id":"https:\/\/diariofemenino.com.ar\/df\/quien-decide-cuan-travesti-soy\/#breadcrumb"},"inLanguage":"es","potentialAction":[{"@type":"ReadAction","target":["https:\/\/diariofemenino.com.ar\/df\/quien-decide-cuan-travesti-soy\/"]}]},{"@type":"ImageObject","inLanguage":"es","@id":"https:\/\/diariofemenino.com.ar\/df\/quien-decide-cuan-travesti-soy\/#primaryimage","url":"https:\/\/diariofemenino.com.ar\/df\/wp-content\/uploads\/2019\/10\/For-Guimaraes.jpg","contentUrl":"https:\/\/diariofemenino.com.ar\/df\/wp-content\/uploads\/2019\/10\/For-Guimaraes.jpg","width":840,"height":600},{"@type":"BreadcrumbList","@id":"https:\/\/diariofemenino.com.ar\/df\/quien-decide-cuan-travesti-soy\/#breadcrumb","itemListElement":[{"@type":"ListItem","position":1,"name":"Portada","item":"https:\/\/diariofemenino.com.ar\/df\/"},{"@type":"ListItem","position":2,"name":"Qui\u00e9n decide cu\u00e1n travesti soy"}]},{"@type":"WebSite","@id":"https:\/\/diariofemenino.com.ar\/df\/#website","url":"https:\/\/diariofemenino.com.ar\/df\/","name":"Diario Digital Femenino","description":"Cuesti\u00f3n de G\u00e9nero","publisher":{"@id":"https:\/\/diariofemenino.com.ar\/df\/#organization"},"potentialAction":[{"@type":"SearchAction","target":{"@type":"EntryPoint","urlTemplate":"https:\/\/diariofemenino.com.ar\/df\/?s={search_term_string}"},"query-input":{"@type":"PropertyValueSpecification","valueRequired":true,"valueName":"search_term_string"}}],"inLanguage":"es"},{"@type":"Organization","@id":"https:\/\/diariofemenino.com.ar\/df\/#organization","name":"Diario Femenino","url":"https:\/\/diariofemenino.com.ar\/df\/","logo":{"@type":"ImageObject","inLanguage":"es","@id":"https:\/\/diariofemenino.com.ar\/df\/#\/schema\/logo\/image\/","url":"https:\/\/diariofemenino.com.ar\/df\/wp-content\/uploads\/2018\/10\/logo.png","contentUrl":"https:\/\/diariofemenino.com.ar\/df\/wp-content\/uploads\/2018\/10\/logo.png","width":500,"height":92,"caption":"Diario Femenino"},"image":{"@id":"https:\/\/diariofemenino.com.ar\/df\/#\/schema\/logo\/image\/"},"sameAs":["https:\/\/www.facebook.com\/DiarioDigitaFemenino\/","https:\/\/x.com\/DiarioFemenino1"]},{"@type":"Person","@id":"https:\/\/diariofemenino.com.ar\/df\/#\/schema\/person\/1c36bc3bf394d8ec320814298b4fdd3f","name":"Admin","image":{"@type":"ImageObject","inLanguage":"es","@id":"https:\/\/diariofemenino.com.ar\/df\/wp-content\/uploads\/2018\/12\/favicon-150x150.jpg","url":"https:\/\/diariofemenino.com.ar\/df\/wp-content\/uploads\/2018\/12\/favicon-150x150.jpg","contentUrl":"https:\/\/diariofemenino.com.ar\/df\/wp-content\/uploads\/2018\/12\/favicon-150x150.jpg","caption":"Admin"},"url":"https:\/\/diariofemenino.com.ar\/df\/author\/sofiperez\/"}]}},"jetpack_featured_media_url":"https:\/\/diariofemenino.com.ar\/df\/wp-content\/uploads\/2019\/10\/For-Guimaraes.jpg","jetpack_sharing_enabled":true,"rttpg_featured_image_url":{"full":["https:\/\/diariofemenino.com.ar\/df\/wp-content\/uploads\/2019\/10\/For-Guimaraes.jpg",840,600,false],"landscape":["https:\/\/diariofemenino.com.ar\/df\/wp-content\/uploads\/2019\/10\/For-Guimaraes.jpg",840,600,false],"portraits":["https:\/\/diariofemenino.com.ar\/df\/wp-content\/uploads\/2019\/10\/For-Guimaraes.jpg",840,600,false],"thumbnail":["https:\/\/diariofemenino.com.ar\/df\/wp-content\/uploads\/2019\/10\/For-Guimaraes-150x150.jpg",150,150,true],"medium":["https:\/\/diariofemenino.com.ar\/df\/wp-content\/uploads\/2019\/10\/For-Guimaraes-300x214.jpg",300,214,true],"large":["https:\/\/diariofemenino.com.ar\/df\/wp-content\/uploads\/2019\/10\/For-Guimaraes.jpg",840,600,false],"1536x1536":["https:\/\/diariofemenino.com.ar\/df\/wp-content\/uploads\/2019\/10\/For-Guimaraes.jpg",840,600,false],"2048x2048":["https:\/\/diariofemenino.com.ar\/df\/wp-content\/uploads\/2019\/10\/For-Guimaraes.jpg",840,600,false]},"rttpg_author":{"display_name":"Admin","author_link":"https:\/\/diariofemenino.com.ar\/df\/author\/sofiperez\/"},"rttpg_comment":0,"rttpg_category":"<a href=\"https:\/\/diariofemenino.com.ar\/df\/category\/articulos-y-comunicados\/\" rel=\"category tag\">Art\u00edculos y Comunicados<\/a>","rttpg_excerpt":"Qui\u00e9n decide cu\u00e1n travesti soy \u00bfCu\u00e1nto m\u00e1s deberemos atrofiar nuestro pene para que no se note, cu\u00e1nto aceite m\u00e1s deber\u00e1 pudrir nuestros cuerpos, cu\u00e1nto estr\u00f3geno m\u00e1s debemos ingerir para parecer? La palabra travesti frente a la heteronormatividad. Por Florencia Guimaraes \u201cYo paso como mujer\u201d. Entre nosotras mismas se repite seguido esa frase. Te la dicen&hellip;","_links":{"self":[{"href":"https:\/\/diariofemenino.com.ar\/df\/wp-json\/wp\/v2\/posts\/41846","targetHints":{"allow":["GET"]}}],"collection":[{"href":"https:\/\/diariofemenino.com.ar\/df\/wp-json\/wp\/v2\/posts"}],"about":[{"href":"https:\/\/diariofemenino.com.ar\/df\/wp-json\/wp\/v2\/types\/post"}],"author":[{"embeddable":true,"href":"https:\/\/diariofemenino.com.ar\/df\/wp-json\/wp\/v2\/users\/3"}],"replies":[{"embeddable":true,"href":"https:\/\/diariofemenino.com.ar\/df\/wp-json\/wp\/v2\/comments?post=41846"}],"version-history":[{"count":0,"href":"https:\/\/diariofemenino.com.ar\/df\/wp-json\/wp\/v2\/posts\/41846\/revisions"}],"wp:featuredmedia":[{"embeddable":true,"href":"https:\/\/diariofemenino.com.ar\/df\/wp-json\/wp\/v2\/media\/41853"}],"wp:attachment":[{"href":"https:\/\/diariofemenino.com.ar\/df\/wp-json\/wp\/v2\/media?parent=41846"}],"wp:term":[{"taxonomy":"category","embeddable":true,"href":"https:\/\/diariofemenino.com.ar\/df\/wp-json\/wp\/v2\/categories?post=41846"},{"taxonomy":"post_tag","embeddable":true,"href":"https:\/\/diariofemenino.com.ar\/df\/wp-json\/wp\/v2\/tags?post=41846"}],"curies":[{"name":"wp","href":"https:\/\/api.w.org\/{rel}","templated":true}]}}