{"id":41799,"date":"2019-09-29T18:45:05","date_gmt":"2019-09-29T21:45:05","guid":{"rendered":"https:\/\/diariofemenino.com.ar\/?p=41799"},"modified":"2019-09-29T18:47:23","modified_gmt":"2019-09-29T21:47:23","slug":"las-olas-y-el-viento-feministas-del-mundo","status":"publish","type":"post","link":"https:\/\/diariofemenino.com.ar\/df\/las-olas-y-el-viento-feministas-del-mundo\/","title":{"rendered":"Las olas y el viento. Feministas del mundo"},"content":{"rendered":"<p style=\"text-align: right;\"><b>ENTREVISTA A ANA MARIA*<br \/>\n<\/b><b>PRECURSORA DE LA LUCHA CONTRA LA VIOLENCIA MACHISTA EN <a href=\"https:\/\/es.wikipedia.org\/wiki\/Espa%C3%B1a\">ESPA\u00d1A<\/a>\u00a0\u00a0<\/b><\/p>\n<p><i><span style=\"font-weight: 400;\">\u201cRecuerdo a un profesor que pregunt\u00f3 qu\u00e9 se pod\u00eda hacer con los impulsos sexuales de los hombres sin prostitutas, a lo que Suzanne K\u00e9p\u00e8s respondi\u00f3: \u201cYo le aconsejo llegar a su casa, tomarse un trago, distenderse con una hermosa m\u00fasica y masturbarse\u201d. Jajaja \u2026 \u00a1Esta conferencia tuvo lugar hace m\u00e1s de treinta a\u00f1os!\u201d<\/span><\/i><\/p>\n<p><span style=\"font-weight: 400;\">Por <strong>Adriana Pedrolo<\/strong><br \/>\n<\/span><span style=\"font-weight: 400;\">Para Diario Digital Femenino.<\/span><\/p>\n<p><span style=\"font-weight: 400;\">Abogada, apasionada y feminista, entrevistamos a <\/span><b>Ana Mar\u00eda<\/b><span style=\"font-weight: 400;\"> en un bar de un balneario de su ciudad, Almer\u00eda, donde accedi\u00f3 a interrumpir sus vacaciones para concedernos esta entrevista.<\/span><\/p>\n<p><span style=\"font-weight: 400;\">Conocedora de la situaci\u00f3n de las mujeres, esta activista fund\u00f3 en 1977 (junto a otras nueve mujeres) la primera organizaci\u00f3n en Espa\u00f1a que se ocup\u00f3 de la Violencia de G\u00e9nero y cuya labor contin\u00faa desarroll\u00e1ndose. Se trata de la <\/span><b>Comisi\u00f3n para la Investigaci\u00f3n de malos tratos a las mujeres<\/b><span style=\"font-weight: 400;\">\u00a0 (hoy ONG consultora de Naciones Unidas).<\/span><\/p>\n<p><b>DDF: &#8211; \u00bfEn qu\u00e9 consist\u00eda aquel trabajo de la Comisi\u00f3n y c\u00f3mo se gest\u00f3?<\/b><\/p>\n<p><i><span style=\"font-weight: 400;\">AM- Aclaro primero que nuestra organizaci\u00f3n se llam\u00f3 \u201cComisi\u00f3n\u201d porque una ley franquista prohib\u00eda llanamente la existencia de asociaciones. Yo trabajaba en el Tribunal Tutelar de Menores cuando muri\u00f3 Franco (1975). All\u00ed detectamos -a partir de nuestro contacto con ni\u00f1os y ni\u00f1as- una violencia terrible en las familias, naturalizada con respuestas del tipo: \u201cMi marido me pega lo normal\u201d.<\/span><\/i><span style=\"font-weight: 400;\"> Risas.<\/span><\/p>\n<p><i><span style=\"font-weight: 400;\">La prensa, desde la revista El Caso, reproduc\u00eda voces masculinas con titulares como \u201cLa mat\u00e9 porque era m\u00eda\u201d. R\u00e1pidamente notamos que los femicidios (por aquel entonces llamados simples \u201chomicidios\u201d) eran precedidos siempre por malos tratos. Decidimos que hab\u00eda que investigar eso.<\/span><\/i><\/p>\n<p><i><span style=\"font-weight: 400;\">Un equipo de psic\u00f3logas, trabajadoras sociales, m\u00e9dicas, soci\u00f3logas y abogadas, en contacto con mujeres maltratadas, descubri\u00f3 que la problem\u00e1tica ten\u00eda grandes dimensiones, invisibilidad y tolerancia social, y que este combo hac\u00eda su soluci\u00f3n muy dif\u00edcil. Era un tema tab\u00fa y nos acusaban de que quer\u00edamos terminar con la familia.<\/span><\/i><\/p>\n<p><b>\u00a0DDF: -\u00bfPor d\u00f3nde empezaron?<\/b><\/p>\n<p><i><span style=\"font-weight: 400;\">AM -Se ten\u00edan que ofrecer alternativas para que esas mujeres pudieran romper con esas situaciones de violencia. En 1983 nos constituimos legalmente como organizaci\u00f3n independiente y feminista con el objetivo de erradicar la violencia contra las mujeres. Ya se hab\u00eda creado el Instituto de la Mujer y a trav\u00e9s de una subvenci\u00f3n p\u00fablica, desde la Comisi\u00f3n para la Investigaci\u00f3n de Malos tratos a las Mujeres, durante varios a\u00f1os se llev\u00f3 a cabo el seguimiento de las casas refugio que se iban CREANDO en las distintas comunidades aut\u00f3nomas.<\/span><\/i><\/p>\n<p><i><span style=\"font-weight: 400;\">Desde el principio nos abocamos a dos \u00e1mbitos: la violencia de g\u00e9nero y la explotaci\u00f3n sexual, con acciones y medidas pioneras tanto de presi\u00f3n social como de intervenci\u00f3n. En el 2000 la Comisi\u00f3n abri\u00f3 delegaciones en Andaluc\u00eda (Sevilla), y en 2017 en el Norte de Espa\u00f1a: (Pamplona y Barakaldo).<\/span><\/i><\/p>\n<p><i><span style=\"font-weight: 400;\">Desde la Comisi\u00f3n impulsamos las primeras instrucciones aprobadas por el Ministerio del Interior para sistematizar la recepci\u00f3n de denuncias y en los 90 se logr\u00f3 inaugurar el primer servicio de atenci\u00f3n telef\u00f3nica gratuita de ayuda a mujeres maltratadas de Espa\u00f1a. Ah\u00ed es cuando aparecen m\u00e1s asociaciones que se dedican al tema.<\/span><\/i><\/p>\n<p><b>DDF \u2013 Nos dec\u00edas que se ocuparon tambi\u00e9n de la explotaci\u00f3n sexual de mujeres. \u00bfQu\u00e9 visi\u00f3n tienen del lobby reglamentarista?<\/b><\/p>\n<p><i><span style=\"font-weight: 400;\">AM -Desde la universidad que el tema de la prostituci\u00f3n nos interesaba mucho. Ya lo ve\u00edamos como Violencia y por primera vez en Espa\u00f1a consideramos al mal llamado \u201ccliente\u201d y al proxeneta como piezas clave en el entramado de la prostituci\u00f3n.<\/span><\/i><\/p>\n<p><i><span style=\"font-weight: 400;\">Como sabemos, el abolicionismo -iniciado por Jos\u00e9phine Butler en Inglaterra se extendi\u00f3 a Francia, pa\u00eds que se incorpor\u00f3 a la Federaci\u00f3n Abolicionista Internacional, de la que tambi\u00e9n form\u00e1bamos parte nosotras. En sinton\u00eda con el abolicionismo, organizamos en Espa\u00f1a una charla con una de sus m\u00e1s c\u00e9lebres exponentes, la psiquiatra francesa Suzanne K\u00e9p\u00e8s, m\u00e9dica ginec\u00f3loga y sex\u00f3loga feminista.<\/span><\/i><\/p>\n<p><i><span style=\"font-weight: 400;\">\u201cEl Cliente\u201d fue el t\u00edtulo de esta primera conferencia sobre el llamado cliente de la prostituci\u00f3n. Se puede decir que sus respuestas sorprendieron mucho a la concurrencia. Recuerdo a un profesor que pregunt\u00f3 qu\u00e9 se pod\u00eda hacer con los impulsos sexuales de los hombres sin prostitutas, a lo que Suzanne K\u00e9p\u00e8s respondi\u00f3 tranquilamente: \u201cYo le aconsejo llegar a su casa, tomarse un trago, distenderse con una hermosa m\u00fasica y masturbarse\u201d. Jajaja \u00a1Y yo ten\u00eda que traducirle las respuestas! Fue arduo y a la vez muy divertido y necesario. \u00a1Esta conferencia tuvo lugar hace m\u00e1s de treinta a\u00f1os!.<\/span><\/i><\/p>\n<p><b>DDF: &#8211; \u00bfA qu\u00e9 atribuyes el lobby reglamentarista?<\/b><\/p>\n<p><i><span style=\"font-weight: 400;\">AM -La prostituci\u00f3n no se puede separar de la trata de mujeres. La trata es la globalizaci\u00f3n de la prostituci\u00f3n y constituye el segundo gran negocio en el mundo. Lejos de la id\u00edlica imagen de la pel\u00edcula \u201cPretty Woman\u201d, la prostituci\u00f3n constituye hoy un verdadero campo de concentraci\u00f3n. Respecto al lobby reglamentarista no se puede olvidar que la Uni\u00f3n Europea no est\u00e1 haciendo mucho en el tema. Algunos partidos pol\u00edticos se dicen abolicionistas pero no act\u00faan tampoco en consecuencia.<\/span><\/i><\/p>\n<p><b>DDF: &#8211; \u00bfC\u00f3mo abordarla entonces?<\/b><\/p>\n<p><i><span style=\"font-weight: 400;\">AM -Creo que hasta que la prostituci\u00f3n no est\u00e9 en las agendas p\u00fablicas como formando parte de las Violencias a las mujeres MUY POCO se habr\u00e1 hecho.\u00a0 Si los gobiernos no se hacen eco de la prostituci\u00f3n como una forma de violencia, maltrato y abuso -como dominio y poder sobre el cuerpo y el alma de las mujeres- la situaci\u00f3n seguir\u00e1 como est\u00e1.<\/span><\/i><\/p>\n<p><i><span style=\"font-weight: 400;\">En la actualidad la mayor\u00eda de las mujeres en prostituci\u00f3n -en Espa\u00f1a- vienen de otros pa\u00edses m\u00e1s pobres en busca de una vida mejor, de mejores oportunidades Las espa\u00f1olas son menos, se trata m\u00e1s bien de extranjeras en situaci\u00f3n irregular, sin documentaci\u00f3n. Se conocen\u00a0 las secuelas f\u00edsicas y psicol\u00f3gicas que las mujeres guardan para siempre de esta violencia.<\/span><\/i><\/p>\n<p><i><span style=\"font-weight: 400;\">La educaci\u00f3n en valores de igualdad de los ni\u00f1os y ni\u00f1as es algo que hay que tener muy presente y que hoy todav\u00eda en la mayor\u00eda de los pa\u00edses no se lleva a cabo. No es lo mismo la educaci\u00f3n mixta que la educaci\u00f3n en igualdad.<\/span><\/i><\/p>\n<p><b>DDF: &#8211; \u00bfCu\u00e1l es tu mirada sobre el tratamiento que se le da al tema en las pol\u00edticas p\u00fablicas?<\/b><\/p>\n<p><i><span style=\"font-weight: 400;\">AM -El Ministerio de Trabajo permiti\u00f3 aqu\u00ed en 2018 la creaci\u00f3n de un sindicato para las mujeres en situaci\u00f3n de prostituci\u00f3n y nuestra Comisi\u00f3n demand\u00f3 su nulidad y disoluci\u00f3n. Fue una acci\u00f3n conjunta con Plataforma 8 de Marzo de Sevilla, (integrantes ambas de la Plataforma Estatal de Organizaciones de Mujeres por la Abolici\u00f3n de la prostituci\u00f3n).<\/span><\/i><\/p>\n<p><i><span style=\"font-weight: 400;\">Se hizo por considerar que el objetivo principal de esta sindicalizaci\u00f3n -que dicho sea de paso impuls\u00f3 un hombre- era el inicio de la legitimaci\u00f3n del proxenetismo y la normalizaci\u00f3n de la explotaci\u00f3n sexual de las mujeres, algo que nos parece incompatible con una sociedad igualitaria y democr\u00e1tica. La violencia sexual y la comercializaci\u00f3n del cuerpo de las mujeres no pueden ser materia de negociaci\u00f3n colectiva; y deber\u00edan ser tratadas en nuestro sistema normativo como formas de violencia patriarcal.<\/span><\/i><\/p>\n<p><i><span style=\"font-weight: 400;\">La prostituci\u00f3n es el segundo gran negocio en el mundo. La <a href=\"https:\/\/diariofemenino.com.ar\/abolicionismo-a-la-argentina\/\">abolici\u00f3n<\/a> de la prostituci\u00f3n es por tanto un tema de Derechos Humanos. Y en este sentido hasta en Holanda y Alemania \u2013pa\u00edses reglamentaristas- ya hay intentos de terminar con la reglamentaci\u00f3n de la prostituci\u00f3n.<\/span><\/i><\/p>\n<p><i><span style=\"font-weight: 400;\">Pero queda mucho por hacer. Recordemos sino que en Espa\u00f1a, hasta que la Constituci\u00f3n estableci\u00f3 la igualdad entre hombres y mujeres y se cambi\u00f3 el C\u00f3digo Penal en 1996, la v\u00edctima de una violaci\u00f3n pod\u00eda en cualquier momento del proceso perdonar al violador y este quedaba sin cargo alguno. Es lo que se llamaba \u00abel perd\u00f3n de la ofendida\u00bb que todo lo borraba,<\/span><\/i><\/p>\n<p><i><span style=\"font-weight: 400;\">Dirigirse educativamente a los hombres y a los chicos j\u00f3venes para concientizarlos en la igualdad como algo fundamental para la democracia me parece la columna vertebral y preventiva de toda pol\u00edtica p\u00fablica.<\/span><\/i><\/p>\n<h6><b>Abolicionismo en el mundo<\/b><\/h6>\n<p><span style=\"font-weight: 400;\">Recordamos que Suecia desde 1999 dispone de una ley de Violencia contra las mujeres que incluye a la prostituci\u00f3n como una de sus formas y muestra de desigualdad de g\u00e9nero. Finlandia y Noruega legislaron en el mismo sentido. Estos pa\u00edses apuestan por un nuevo modelo de abolicionismo, que en vez de penalizar a las prostitutas pretende acabar con el comercio sexual estrechando el cerco sobre los clientes (considerando que si no hay demanda, no habr\u00e1 oferta). Tras Suecia, la criminalizaci\u00f3n de los clientes de la prostituci\u00f3n se ha aprobado en Islandia, Canad\u00e1, Singapur, Sud\u00e1frica, Corea del Sur, Irlanda del Norte (desde 2015) y Francia. Tambi\u00e9n en Noruega, con el a\u00f1adido de que ese pa\u00eds tambi\u00e9n persigue a aquellos que hacen turismo sexual.<\/span><\/p>\n<p><span style=\"font-weight: 400;\">Adem\u00e1s, el Parlamento Europeo inst\u00f3 en 2014 a los Estados miembros a adoptar f\u00f3rmulas similares y B\u00e9lgica, Irlanda y Escocia debaten actualmente proyectos de ley basados en el nuevo abolicionismo. Otros pa\u00edses, como Finlandia, han apostado por un sistema h\u00edbrido: castigan la compra de servicios sexuales, pero solo si la prostituta es v\u00edctima de las redes de trata.<\/span><\/p>\n<p><span style=\"font-weight: 400;\">Diez a\u00f1os despu\u00e9s de que entrara en vigor la ley, el n\u00famero de compradores de sexo en Suecia hab\u00eda descendido del 13,6% a menos del 8% de la poblaci\u00f3n, seg\u00fan datos del Instituto Sueco. \u201cLa norma tiene un objetivo disuasorio sobre los potenciales compradores de sexo. Tambi\u00e9n ha servido para reducir el inter\u00e9s de diversos grupos o individuos de establecer actividades organizadas de prostituci\u00f3n en Suecia\u201d, a\u00f1ade. Desde que entr\u00f3 en vigor, unas 6.600 personas \u2014todos, salvo contad\u00edsimas excepciones, hombres\u2014 han sido detenidas por comprar sexo o intentar hacerlo. De ellos, aproximadamente la mitad han sido condenados (aunque a\u00fan no est\u00e1n disponibles los datos de sentencias de 2015). Eso s\u00ed, ninguno ha entrado en prisi\u00f3n. Para esquivar las rejas han pagado una multa de al menos un tercio de sus ingresos diarios durante dos meses.<\/span><\/p>\n<h6><b>Abolir, prohibir o regular<\/b><\/h6>\n<p><b>En Europa conviven varios <a href=\"https:\/\/diariofemenino.com.ar\/tres-conceptos-basicos-en-relacion-a-la-prostitucion-2\/\">modelos<\/a><\/b><\/p>\n<p><b>&#8211; Legalista. Holanda, Alemania, Dinamarca. <\/b><span style=\"font-weight: 400;\">En Holanda la prostituci\u00f3n est\u00e1 regulada como un trabajo desde el a\u00f1o 2000. La ley obliga a los propietarios de los burdeles a pagar impuestos y la Seguridad Social de las prostitutas. \u00c9stas, que deben tener una licencia municipal, tienen derecho a Seguridad Social y a cobrar el paro. La misma situaci\u00f3n que en Alemania. En Dinamarca, las prostitutas pagan impuestos pero no tienen paro ni Seguridad Social.<\/span><\/p>\n<p><b>&#8211; Nuevo abolicionismo. Suecia, Noruega, Islandia<\/b><span style=\"font-weight: 400;\">. Suecia fue pionero, en 1999, en aprobar una ley contra la compra de servicios sexuales. Esta normativa proh\u00edbe pagar por el sexo y penaliza al cliente con multas de prisi\u00f3n y econ\u00f3micas. Es un modelo actualmente en expansi\u00f3n.<\/span><\/p>\n<p><span style=\"font-weight: 400;\">&#8211; <\/span><b>Alegalidad. Espa\u00f1a, Italia.<\/b><span style=\"font-weight: 400;\"> La prostituci\u00f3n es legal en Espa\u00f1a \u2013s\u00ed est\u00e1 penado el proxenetismo&#8211;, donde dos de cada diez hombres admiten que han pagado los servicios de una prostituta (estudio de la Universidad de Comillas para el Ministerio de Sanidad). Sin embargo, algunas ordenanzas municipales la proh\u00edben y multan tanto a los clientes como a las mujeres. Una situaci\u00f3n similar a la de Italia, donde en los \u00faltimos a\u00f1os han proliferado las situaciones que penalizan tanto la compra de sexo como la venta.<\/span><\/p>\n<p><span style=\"font-weight: 400;\">&#8211; <\/span><b>Prohibicionista.<\/b><span style=\"font-weight: 400;\"> En Hungr\u00eda la prostituci\u00f3n es ilegal. Se penaliza, sobre todo a la meretriz que ejerza en \u201czonas protegidas\u201d. Ellas se enfrentan a multas o incluso a c\u00e1rcel, al cliente solo se sanciona si \u201cacepta\u201d los servicios de una menor. [2]<\/span><\/p>\n<p><span style=\"font-weight: 400;\">\u00a0<\/span><\/p>\n<figure id=\"attachment_41808\" aria-describedby=\"caption-attachment-41808\" style=\"width: 800px\" class=\"wp-caption alignnone\"><img loading=\"lazy\" decoding=\"async\" class=\"size-full wp-image-41808\" src=\"https:\/\/diariofemenino.com.ar\/df\/wp-content\/uploads\/2019\/09\/arton137299.jpg\" alt=\"Las olas y el viento. Feministas del mundo\" width=\"800\" height=\"449\" srcset=\"https:\/\/diariofemenino.com.ar\/df\/wp-content\/uploads\/2019\/09\/arton137299.jpg 800w, https:\/\/diariofemenino.com.ar\/df\/wp-content\/uploads\/2019\/09\/arton137299-300x168.jpg 300w, https:\/\/diariofemenino.com.ar\/df\/wp-content\/uploads\/2019\/09\/arton137299-768x431.jpg 768w\" sizes=\"auto, (max-width: 800px) 100vw, 800px\" \/><figcaption id=\"caption-attachment-41808\" class=\"wp-caption-text\">Las olas y el viento. Feministas del mundo<\/figcaption><\/figure>\n<p><span style=\"font-weight: 400;\">\u00a0<\/span><\/p>\n<p>* La entrevistada prefiri\u00f3 preservar su identidad.<br \/>\n[1] Esta feminista fue precursora tambi\u00e9n del movimiento de la \u201cMaternidad feliz\u201d hoy materializado en una instancia de atenci\u00f3n sanitaria conocida con el nombre de \u201cPlanning familial\u201d en toda Francia, que milita por la educaci\u00f3n a la sexualidad, a la contracepci\u00f3n y al aborto, contra toda forma de violencia y discriminaci\u00f3n. La integran voluntarios, asalariados y adherentes.<\/p>\n<p><span style=\"font-weight: 400;\">[2]<a href=\"https:\/\/elpais.com\/internacional\/2016\/04\/07\/actualidad\/1460050306_463588.html\"> https:\/\/elpais.com\/internacional\/2016\/04\/07\/actualidad\/1460050306_463588.html<\/a><\/span><\/p>\n<p><span style=\"font-weight: 400;\">Nota de Archivo El Pa\u00eds Internacional, Mar\u00eda Sahuquillo, Madrid<\/span><\/p>\n","protected":false},"excerpt":{"rendered":"<p>ENTREVISTA A ANA MARIA* PRECURSORA DE LA LUCHA CONTRA LA VIOLENCIA MACHISTA EN ESPA\u00d1A\u00a0\u00a0 \u201cRecuerdo a un profesor que pregunt\u00f3 qu\u00e9 se pod\u00eda hacer con los impulsos sexuales de los hombres sin prostitutas, a lo que Suzanne K\u00e9p\u00e8s respondi\u00f3: \u201cYo le aconsejo llegar a su casa, tomarse un trago, distenderse con una hermosa m\u00fasica y [&hellip;]<\/p>\n","protected":false},"author":4,"featured_media":41809,"comment_status":"open","ping_status":"open","sticky":false,"template":"","format":"standard","meta":{"iawp_total_views":4,"footnotes":""},"categories":[32,592],"tags":[2204,2203,1139,2202],"class_list":["post-41799","post","type-post","status-publish","format-standard","has-post-thumbnail","hentry","category-mujeres","category-violencias","tag-adriana-pedrolo","tag-ana-maria","tag-espana","tag-las-olas-y-el-viento"],"nelio_content":{"autoShareEndMode":"never","automationSources":{"useCustomSentences":false,"customSentences":[]},"efiAlt":"","efiUrl":"","followers":[4],"highlights":[],"isAutoShareEnabled":true,"networkImageIds":[],"permalinkQueryArgs":[],"series":[],"suggestedReferences":[]},"yoast_head":"<!-- This site is optimized with the Yoast SEO plugin v27.5 - https:\/\/yoast.com\/product\/yoast-seo-wordpress\/ -->\n<title>Las olas y el viento. Feministas del mundo - Diario Digital Femenino<\/title>\n<meta name=\"description\" content=\"Las olas y el viento. Feministas del mundo. Entrevista a Ana Mar\u00eda, precursora de la violencia machista en Espa\u00f1a, por Adriana Pedrolo\" \/>\n<meta name=\"robots\" content=\"index, follow, max-snippet:-1, max-image-preview:large, max-video-preview:-1\" \/>\n<link rel=\"canonical\" href=\"https:\/\/diariofemenino.com.ar\/df\/las-olas-y-el-viento-feministas-del-mundo\/\" \/>\n<meta property=\"og:locale\" content=\"es_ES\" \/>\n<meta property=\"og:type\" content=\"article\" \/>\n<meta property=\"og:title\" content=\"Las olas y el viento. Feministas del mundo - Diario Digital Femenino\" \/>\n<meta property=\"og:description\" content=\"Las olas y el viento. Feministas del mundo. Entrevista a Ana Mar\u00eda, precursora de la violencia machista en Espa\u00f1a, por Adriana Pedrolo\" \/>\n<meta property=\"og:url\" content=\"https:\/\/diariofemenino.com.ar\/df\/las-olas-y-el-viento-feministas-del-mundo\/\" \/>\n<meta property=\"og:site_name\" content=\"Diario Digital Femenino\" \/>\n<meta property=\"article:publisher\" content=\"https:\/\/www.facebook.com\/DiarioDigitaFemenino\/\" \/>\n<meta property=\"article:published_time\" content=\"2019-09-29T21:45:05+00:00\" \/>\n<meta property=\"article:modified_time\" content=\"2019-09-29T21:47:23+00:00\" \/>\n<meta property=\"og:image\" content=\"https:\/\/diariofemenino.com.ar\/df\/wp-content\/uploads\/2019\/09\/img_dduch_20181125-131518_imagenes_lv_propias_dduch_21181125-01_4_5_3173516045-k0gE-U462781784496vEE-992x558@LaVanguardia-Web.jpg\" \/>\n\t<meta property=\"og:image:width\" content=\"991\" \/>\n\t<meta property=\"og:image:height\" content=\"557\" \/>\n\t<meta property=\"og:image:type\" content=\"image\/jpeg\" \/>\n<meta name=\"author\" content=\"Admin\" \/>\n<meta name=\"twitter:card\" content=\"summary_large_image\" \/>\n<meta name=\"twitter:creator\" content=\"@DiarioFemenino1\" \/>\n<meta name=\"twitter:site\" content=\"@DiarioFemenino1\" \/>\n<meta name=\"twitter:label1\" content=\"Escrito por\" \/>\n\t<meta name=\"twitter:data1\" content=\"Admin\" \/>\n\t<meta name=\"twitter:label2\" content=\"Tiempo de lectura\" \/>\n\t<meta name=\"twitter:data2\" content=\"11 minutos\" \/>\n<script type=\"application\/ld+json\" class=\"yoast-schema-graph\">{\"@context\":\"https:\\\/\\\/schema.org\",\"@graph\":[{\"@type\":\"Article\",\"@id\":\"https:\\\/\\\/diariofemenino.com.ar\\\/df\\\/las-olas-y-el-viento-feministas-del-mundo\\\/#article\",\"isPartOf\":{\"@id\":\"https:\\\/\\\/diariofemenino.com.ar\\\/df\\\/las-olas-y-el-viento-feministas-del-mundo\\\/\"},\"author\":{\"name\":\"Admin\",\"@id\":\"https:\\\/\\\/diariofemenino.com.ar\\\/df\\\/#\\\/schema\\\/person\\\/bf6199e8158c657ea6f789b11ec85509\"},\"headline\":\"Las olas y el viento. Feministas del mundo\",\"datePublished\":\"2019-09-29T21:45:05+00:00\",\"dateModified\":\"2019-09-29T21:47:23+00:00\",\"mainEntityOfPage\":{\"@id\":\"https:\\\/\\\/diariofemenino.com.ar\\\/df\\\/las-olas-y-el-viento-feministas-del-mundo\\\/\"},\"wordCount\":2146,\"commentCount\":0,\"publisher\":{\"@id\":\"https:\\\/\\\/diariofemenino.com.ar\\\/df\\\/#organization\"},\"image\":{\"@id\":\"https:\\\/\\\/diariofemenino.com.ar\\\/df\\\/las-olas-y-el-viento-feministas-del-mundo\\\/#primaryimage\"},\"thumbnailUrl\":\"https:\\\/\\\/diariofemenino.com.ar\\\/df\\\/wp-content\\\/uploads\\\/2019\\\/09\\\/img_dduch_20181125-131518_imagenes_lv_propias_dduch_21181125-01_4_5_3173516045-k0gE-U462781784496vEE-992x558@LaVanguardia-Web.jpg\",\"keywords\":[\"Adriana Pedrolo\",\"Ana Mar\u00eda\",\"Espa\u00f1a\",\"Las olas y el viento\"],\"articleSection\":[\"Mujeres\",\"Violencias\"],\"inLanguage\":\"es\",\"potentialAction\":[{\"@type\":\"CommentAction\",\"name\":\"Comment\",\"target\":[\"https:\\\/\\\/diariofemenino.com.ar\\\/df\\\/las-olas-y-el-viento-feministas-del-mundo\\\/#respond\"]}]},{\"@type\":\"WebPage\",\"@id\":\"https:\\\/\\\/diariofemenino.com.ar\\\/df\\\/las-olas-y-el-viento-feministas-del-mundo\\\/\",\"url\":\"https:\\\/\\\/diariofemenino.com.ar\\\/df\\\/las-olas-y-el-viento-feministas-del-mundo\\\/\",\"name\":\"Las olas y el viento. Feministas del mundo - Diario Digital Femenino\",\"isPartOf\":{\"@id\":\"https:\\\/\\\/diariofemenino.com.ar\\\/df\\\/#website\"},\"primaryImageOfPage\":{\"@id\":\"https:\\\/\\\/diariofemenino.com.ar\\\/df\\\/las-olas-y-el-viento-feministas-del-mundo\\\/#primaryimage\"},\"image\":{\"@id\":\"https:\\\/\\\/diariofemenino.com.ar\\\/df\\\/las-olas-y-el-viento-feministas-del-mundo\\\/#primaryimage\"},\"thumbnailUrl\":\"https:\\\/\\\/diariofemenino.com.ar\\\/df\\\/wp-content\\\/uploads\\\/2019\\\/09\\\/img_dduch_20181125-131518_imagenes_lv_propias_dduch_21181125-01_4_5_3173516045-k0gE-U462781784496vEE-992x558@LaVanguardia-Web.jpg\",\"datePublished\":\"2019-09-29T21:45:05+00:00\",\"dateModified\":\"2019-09-29T21:47:23+00:00\",\"description\":\"Las olas y el viento. Feministas del mundo. Entrevista a Ana Mar\u00eda, precursora de la violencia machista en Espa\u00f1a, por Adriana Pedrolo\",\"breadcrumb\":{\"@id\":\"https:\\\/\\\/diariofemenino.com.ar\\\/df\\\/las-olas-y-el-viento-feministas-del-mundo\\\/#breadcrumb\"},\"inLanguage\":\"es\",\"potentialAction\":[{\"@type\":\"ReadAction\",\"target\":[\"https:\\\/\\\/diariofemenino.com.ar\\\/df\\\/las-olas-y-el-viento-feministas-del-mundo\\\/\"]}]},{\"@type\":\"ImageObject\",\"inLanguage\":\"es\",\"@id\":\"https:\\\/\\\/diariofemenino.com.ar\\\/df\\\/las-olas-y-el-viento-feministas-del-mundo\\\/#primaryimage\",\"url\":\"https:\\\/\\\/diariofemenino.com.ar\\\/df\\\/wp-content\\\/uploads\\\/2019\\\/09\\\/img_dduch_20181125-131518_imagenes_lv_propias_dduch_21181125-01_4_5_3173516045-k0gE-U462781784496vEE-992x558@LaVanguardia-Web.jpg\",\"contentUrl\":\"https:\\\/\\\/diariofemenino.com.ar\\\/df\\\/wp-content\\\/uploads\\\/2019\\\/09\\\/img_dduch_20181125-131518_imagenes_lv_propias_dduch_21181125-01_4_5_3173516045-k0gE-U462781784496vEE-992x558@LaVanguardia-Web.jpg\",\"width\":991,\"height\":557,\"caption\":\"Las olas y el viento. Feministas del mundo\"},{\"@type\":\"BreadcrumbList\",\"@id\":\"https:\\\/\\\/diariofemenino.com.ar\\\/df\\\/las-olas-y-el-viento-feministas-del-mundo\\\/#breadcrumb\",\"itemListElement\":[{\"@type\":\"ListItem\",\"position\":1,\"name\":\"Portada\",\"item\":\"https:\\\/\\\/diariofemenino.com.ar\\\/df\\\/\"},{\"@type\":\"ListItem\",\"position\":2,\"name\":\"Las olas y el viento. Feministas del mundo\"}]},{\"@type\":\"WebSite\",\"@id\":\"https:\\\/\\\/diariofemenino.com.ar\\\/df\\\/#website\",\"url\":\"https:\\\/\\\/diariofemenino.com.ar\\\/df\\\/\",\"name\":\"Diario Digital Femenino\",\"description\":\"Cuesti\u00f3n de G\u00e9nero\",\"publisher\":{\"@id\":\"https:\\\/\\\/diariofemenino.com.ar\\\/df\\\/#organization\"},\"potentialAction\":[{\"@type\":\"SearchAction\",\"target\":{\"@type\":\"EntryPoint\",\"urlTemplate\":\"https:\\\/\\\/diariofemenino.com.ar\\\/df\\\/?s={search_term_string}\"},\"query-input\":{\"@type\":\"PropertyValueSpecification\",\"valueRequired\":true,\"valueName\":\"search_term_string\"}}],\"inLanguage\":\"es\"},{\"@type\":\"Organization\",\"@id\":\"https:\\\/\\\/diariofemenino.com.ar\\\/df\\\/#organization\",\"name\":\"Diario Femenino\",\"url\":\"https:\\\/\\\/diariofemenino.com.ar\\\/df\\\/\",\"logo\":{\"@type\":\"ImageObject\",\"inLanguage\":\"es\",\"@id\":\"https:\\\/\\\/diariofemenino.com.ar\\\/df\\\/#\\\/schema\\\/logo\\\/image\\\/\",\"url\":\"https:\\\/\\\/diariofemenino.com.ar\\\/df\\\/wp-content\\\/uploads\\\/2018\\\/10\\\/logo.png\",\"contentUrl\":\"https:\\\/\\\/diariofemenino.com.ar\\\/df\\\/wp-content\\\/uploads\\\/2018\\\/10\\\/logo.png\",\"width\":500,\"height\":92,\"caption\":\"Diario Femenino\"},\"image\":{\"@id\":\"https:\\\/\\\/diariofemenino.com.ar\\\/df\\\/#\\\/schema\\\/logo\\\/image\\\/\"},\"sameAs\":[\"https:\\\/\\\/www.facebook.com\\\/DiarioDigitaFemenino\\\/\",\"https:\\\/\\\/x.com\\\/DiarioFemenino1\"]},{\"@type\":\"Person\",\"@id\":\"https:\\\/\\\/diariofemenino.com.ar\\\/df\\\/#\\\/schema\\\/person\\\/bf6199e8158c657ea6f789b11ec85509\",\"name\":\"Admin\",\"image\":{\"@type\":\"ImageObject\",\"inLanguage\":\"es\",\"@id\":\"https:\\\/\\\/diariofemenino.com.ar\\\/df\\\/wp-content\\\/uploads\\\/2018\\\/12\\\/favicon-150x150.jpg\",\"url\":\"https:\\\/\\\/diariofemenino.com.ar\\\/df\\\/wp-content\\\/uploads\\\/2018\\\/12\\\/favicon-150x150.jpg\",\"contentUrl\":\"https:\\\/\\\/diariofemenino.com.ar\\\/df\\\/wp-content\\\/uploads\\\/2018\\\/12\\\/favicon-150x150.jpg\",\"caption\":\"Admin\"},\"url\":\"https:\\\/\\\/diariofemenino.com.ar\\\/df\\\/author\\\/lenny\\\/\"}]}<\/script>\n<!-- \/ Yoast SEO plugin. -->","yoast_head_json":{"title":"Las olas y el viento. Feministas del mundo - Diario Digital Femenino","description":"Las olas y el viento. Feministas del mundo. Entrevista a Ana Mar\u00eda, precursora de la violencia machista en Espa\u00f1a, por Adriana Pedrolo","robots":{"index":"index","follow":"follow","max-snippet":"max-snippet:-1","max-image-preview":"max-image-preview:large","max-video-preview":"max-video-preview:-1"},"canonical":"https:\/\/diariofemenino.com.ar\/df\/las-olas-y-el-viento-feministas-del-mundo\/","og_locale":"es_ES","og_type":"article","og_title":"Las olas y el viento. Feministas del mundo - Diario Digital Femenino","og_description":"Las olas y el viento. Feministas del mundo. Entrevista a Ana Mar\u00eda, precursora de la violencia machista en Espa\u00f1a, por Adriana Pedrolo","og_url":"https:\/\/diariofemenino.com.ar\/df\/las-olas-y-el-viento-feministas-del-mundo\/","og_site_name":"Diario Digital Femenino","article_publisher":"https:\/\/www.facebook.com\/DiarioDigitaFemenino\/","article_published_time":"2019-09-29T21:45:05+00:00","article_modified_time":"2019-09-29T21:47:23+00:00","og_image":[{"width":991,"height":557,"url":"https:\/\/diariofemenino.com.ar\/df\/wp-content\/uploads\/2019\/09\/img_dduch_20181125-131518_imagenes_lv_propias_dduch_21181125-01_4_5_3173516045-k0gE-U462781784496vEE-992x558@LaVanguardia-Web.jpg","type":"image\/jpeg"}],"author":"Admin","twitter_card":"summary_large_image","twitter_creator":"@DiarioFemenino1","twitter_site":"@DiarioFemenino1","twitter_misc":{"Escrito por":"Admin","Tiempo de lectura":"11 minutos"},"schema":{"@context":"https:\/\/schema.org","@graph":[{"@type":"Article","@id":"https:\/\/diariofemenino.com.ar\/df\/las-olas-y-el-viento-feministas-del-mundo\/#article","isPartOf":{"@id":"https:\/\/diariofemenino.com.ar\/df\/las-olas-y-el-viento-feministas-del-mundo\/"},"author":{"name":"Admin","@id":"https:\/\/diariofemenino.com.ar\/df\/#\/schema\/person\/bf6199e8158c657ea6f789b11ec85509"},"headline":"Las olas y el viento. Feministas del mundo","datePublished":"2019-09-29T21:45:05+00:00","dateModified":"2019-09-29T21:47:23+00:00","mainEntityOfPage":{"@id":"https:\/\/diariofemenino.com.ar\/df\/las-olas-y-el-viento-feministas-del-mundo\/"},"wordCount":2146,"commentCount":0,"publisher":{"@id":"https:\/\/diariofemenino.com.ar\/df\/#organization"},"image":{"@id":"https:\/\/diariofemenino.com.ar\/df\/las-olas-y-el-viento-feministas-del-mundo\/#primaryimage"},"thumbnailUrl":"https:\/\/diariofemenino.com.ar\/df\/wp-content\/uploads\/2019\/09\/img_dduch_20181125-131518_imagenes_lv_propias_dduch_21181125-01_4_5_3173516045-k0gE-U462781784496vEE-992x558@LaVanguardia-Web.jpg","keywords":["Adriana Pedrolo","Ana Mar\u00eda","Espa\u00f1a","Las olas y el viento"],"articleSection":["Mujeres","Violencias"],"inLanguage":"es","potentialAction":[{"@type":"CommentAction","name":"Comment","target":["https:\/\/diariofemenino.com.ar\/df\/las-olas-y-el-viento-feministas-del-mundo\/#respond"]}]},{"@type":"WebPage","@id":"https:\/\/diariofemenino.com.ar\/df\/las-olas-y-el-viento-feministas-del-mundo\/","url":"https:\/\/diariofemenino.com.ar\/df\/las-olas-y-el-viento-feministas-del-mundo\/","name":"Las olas y el viento. Feministas del mundo - Diario Digital Femenino","isPartOf":{"@id":"https:\/\/diariofemenino.com.ar\/df\/#website"},"primaryImageOfPage":{"@id":"https:\/\/diariofemenino.com.ar\/df\/las-olas-y-el-viento-feministas-del-mundo\/#primaryimage"},"image":{"@id":"https:\/\/diariofemenino.com.ar\/df\/las-olas-y-el-viento-feministas-del-mundo\/#primaryimage"},"thumbnailUrl":"https:\/\/diariofemenino.com.ar\/df\/wp-content\/uploads\/2019\/09\/img_dduch_20181125-131518_imagenes_lv_propias_dduch_21181125-01_4_5_3173516045-k0gE-U462781784496vEE-992x558@LaVanguardia-Web.jpg","datePublished":"2019-09-29T21:45:05+00:00","dateModified":"2019-09-29T21:47:23+00:00","description":"Las olas y el viento. Feministas del mundo. Entrevista a Ana Mar\u00eda, precursora de la violencia machista en Espa\u00f1a, por Adriana Pedrolo","breadcrumb":{"@id":"https:\/\/diariofemenino.com.ar\/df\/las-olas-y-el-viento-feministas-del-mundo\/#breadcrumb"},"inLanguage":"es","potentialAction":[{"@type":"ReadAction","target":["https:\/\/diariofemenino.com.ar\/df\/las-olas-y-el-viento-feministas-del-mundo\/"]}]},{"@type":"ImageObject","inLanguage":"es","@id":"https:\/\/diariofemenino.com.ar\/df\/las-olas-y-el-viento-feministas-del-mundo\/#primaryimage","url":"https:\/\/diariofemenino.com.ar\/df\/wp-content\/uploads\/2019\/09\/img_dduch_20181125-131518_imagenes_lv_propias_dduch_21181125-01_4_5_3173516045-k0gE-U462781784496vEE-992x558@LaVanguardia-Web.jpg","contentUrl":"https:\/\/diariofemenino.com.ar\/df\/wp-content\/uploads\/2019\/09\/img_dduch_20181125-131518_imagenes_lv_propias_dduch_21181125-01_4_5_3173516045-k0gE-U462781784496vEE-992x558@LaVanguardia-Web.jpg","width":991,"height":557,"caption":"Las olas y el viento. Feministas del mundo"},{"@type":"BreadcrumbList","@id":"https:\/\/diariofemenino.com.ar\/df\/las-olas-y-el-viento-feministas-del-mundo\/#breadcrumb","itemListElement":[{"@type":"ListItem","position":1,"name":"Portada","item":"https:\/\/diariofemenino.com.ar\/df\/"},{"@type":"ListItem","position":2,"name":"Las olas y el viento. Feministas del mundo"}]},{"@type":"WebSite","@id":"https:\/\/diariofemenino.com.ar\/df\/#website","url":"https:\/\/diariofemenino.com.ar\/df\/","name":"Diario Digital Femenino","description":"Cuesti\u00f3n de G\u00e9nero","publisher":{"@id":"https:\/\/diariofemenino.com.ar\/df\/#organization"},"potentialAction":[{"@type":"SearchAction","target":{"@type":"EntryPoint","urlTemplate":"https:\/\/diariofemenino.com.ar\/df\/?s={search_term_string}"},"query-input":{"@type":"PropertyValueSpecification","valueRequired":true,"valueName":"search_term_string"}}],"inLanguage":"es"},{"@type":"Organization","@id":"https:\/\/diariofemenino.com.ar\/df\/#organization","name":"Diario Femenino","url":"https:\/\/diariofemenino.com.ar\/df\/","logo":{"@type":"ImageObject","inLanguage":"es","@id":"https:\/\/diariofemenino.com.ar\/df\/#\/schema\/logo\/image\/","url":"https:\/\/diariofemenino.com.ar\/df\/wp-content\/uploads\/2018\/10\/logo.png","contentUrl":"https:\/\/diariofemenino.com.ar\/df\/wp-content\/uploads\/2018\/10\/logo.png","width":500,"height":92,"caption":"Diario Femenino"},"image":{"@id":"https:\/\/diariofemenino.com.ar\/df\/#\/schema\/logo\/image\/"},"sameAs":["https:\/\/www.facebook.com\/DiarioDigitaFemenino\/","https:\/\/x.com\/DiarioFemenino1"]},{"@type":"Person","@id":"https:\/\/diariofemenino.com.ar\/df\/#\/schema\/person\/bf6199e8158c657ea6f789b11ec85509","name":"Admin","image":{"@type":"ImageObject","inLanguage":"es","@id":"https:\/\/diariofemenino.com.ar\/df\/wp-content\/uploads\/2018\/12\/favicon-150x150.jpg","url":"https:\/\/diariofemenino.com.ar\/df\/wp-content\/uploads\/2018\/12\/favicon-150x150.jpg","contentUrl":"https:\/\/diariofemenino.com.ar\/df\/wp-content\/uploads\/2018\/12\/favicon-150x150.jpg","caption":"Admin"},"url":"https:\/\/diariofemenino.com.ar\/df\/author\/lenny\/"}]}},"jetpack_featured_media_url":"https:\/\/diariofemenino.com.ar\/df\/wp-content\/uploads\/2019\/09\/img_dduch_20181125-131518_imagenes_lv_propias_dduch_21181125-01_4_5_3173516045-k0gE-U462781784496vEE-992x558@LaVanguardia-Web.jpg","jetpack_sharing_enabled":true,"rttpg_featured_image_url":{"full":["https:\/\/diariofemenino.com.ar\/df\/wp-content\/uploads\/2019\/09\/img_dduch_20181125-131518_imagenes_lv_propias_dduch_21181125-01_4_5_3173516045-k0gE-U462781784496vEE-992x558@LaVanguardia-Web.jpg",991,557,false],"landscape":["https:\/\/diariofemenino.com.ar\/df\/wp-content\/uploads\/2019\/09\/img_dduch_20181125-131518_imagenes_lv_propias_dduch_21181125-01_4_5_3173516045-k0gE-U462781784496vEE-992x558@LaVanguardia-Web.jpg",991,557,false],"portraits":["https:\/\/diariofemenino.com.ar\/df\/wp-content\/uploads\/2019\/09\/img_dduch_20181125-131518_imagenes_lv_propias_dduch_21181125-01_4_5_3173516045-k0gE-U462781784496vEE-992x558@LaVanguardia-Web.jpg",991,557,false],"thumbnail":["https:\/\/diariofemenino.com.ar\/df\/wp-content\/uploads\/2019\/09\/img_dduch_20181125-131518_imagenes_lv_propias_dduch_21181125-01_4_5_3173516045-k0gE-U462781784496vEE-992x558@LaVanguardia-Web-150x150.jpg",150,150,true],"medium":["https:\/\/diariofemenino.com.ar\/df\/wp-content\/uploads\/2019\/09\/img_dduch_20181125-131518_imagenes_lv_propias_dduch_21181125-01_4_5_3173516045-k0gE-U462781784496vEE-992x558@LaVanguardia-Web-300x169.jpg",300,169,true],"large":["https:\/\/diariofemenino.com.ar\/df\/wp-content\/uploads\/2019\/09\/img_dduch_20181125-131518_imagenes_lv_propias_dduch_21181125-01_4_5_3173516045-k0gE-U462781784496vEE-992x558@LaVanguardia-Web.jpg",991,557,false],"1536x1536":["https:\/\/diariofemenino.com.ar\/df\/wp-content\/uploads\/2019\/09\/img_dduch_20181125-131518_imagenes_lv_propias_dduch_21181125-01_4_5_3173516045-k0gE-U462781784496vEE-992x558@LaVanguardia-Web.jpg",991,557,false],"2048x2048":["https:\/\/diariofemenino.com.ar\/df\/wp-content\/uploads\/2019\/09\/img_dduch_20181125-131518_imagenes_lv_propias_dduch_21181125-01_4_5_3173516045-k0gE-U462781784496vEE-992x558@LaVanguardia-Web.jpg",991,557,false]},"rttpg_author":{"display_name":"Admin","author_link":"https:\/\/diariofemenino.com.ar\/df\/author\/lenny\/"},"rttpg_comment":0,"rttpg_category":"<a href=\"https:\/\/diariofemenino.com.ar\/df\/category\/mujeres\/\" rel=\"category tag\">Mujeres<\/a> <a href=\"https:\/\/diariofemenino.com.ar\/df\/category\/violencias\/\" rel=\"category tag\">Violencias<\/a>","rttpg_excerpt":"ENTREVISTA A ANA MARIA* PRECURSORA DE LA LUCHA CONTRA LA VIOLENCIA MACHISTA EN ESPA\u00d1A\u00a0\u00a0 \u201cRecuerdo a un profesor que pregunt\u00f3 qu\u00e9 se pod\u00eda hacer con los impulsos sexuales de los hombres sin prostitutas, a lo que Suzanne K\u00e9p\u00e8s respondi\u00f3: \u201cYo le aconsejo llegar a su casa, tomarse un trago, distenderse con una hermosa m\u00fasica y&hellip;","_links":{"self":[{"href":"https:\/\/diariofemenino.com.ar\/df\/wp-json\/wp\/v2\/posts\/41799","targetHints":{"allow":["GET"]}}],"collection":[{"href":"https:\/\/diariofemenino.com.ar\/df\/wp-json\/wp\/v2\/posts"}],"about":[{"href":"https:\/\/diariofemenino.com.ar\/df\/wp-json\/wp\/v2\/types\/post"}],"author":[{"embeddable":true,"href":"https:\/\/diariofemenino.com.ar\/df\/wp-json\/wp\/v2\/users\/4"}],"replies":[{"embeddable":true,"href":"https:\/\/diariofemenino.com.ar\/df\/wp-json\/wp\/v2\/comments?post=41799"}],"version-history":[{"count":0,"href":"https:\/\/diariofemenino.com.ar\/df\/wp-json\/wp\/v2\/posts\/41799\/revisions"}],"wp:featuredmedia":[{"embeddable":true,"href":"https:\/\/diariofemenino.com.ar\/df\/wp-json\/wp\/v2\/media\/41809"}],"wp:attachment":[{"href":"https:\/\/diariofemenino.com.ar\/df\/wp-json\/wp\/v2\/media?parent=41799"}],"wp:term":[{"taxonomy":"category","embeddable":true,"href":"https:\/\/diariofemenino.com.ar\/df\/wp-json\/wp\/v2\/categories?post=41799"},{"taxonomy":"post_tag","embeddable":true,"href":"https:\/\/diariofemenino.com.ar\/df\/wp-json\/wp\/v2\/tags?post=41799"}],"curies":[{"name":"wp","href":"https:\/\/api.w.org\/{rel}","templated":true}]}}