{"id":41719,"date":"2019-09-27T08:36:57","date_gmt":"2019-09-27T11:36:57","guid":{"rendered":"https:\/\/diariofemenino.com.ar\/?p=41719"},"modified":"2019-09-27T08:37:37","modified_gmt":"2019-09-27T11:37:37","slug":"12-cortos-para-trabajar-la-violencia-de-genero-en-el-aula","status":"publish","type":"post","link":"https:\/\/diariofemenino.com.ar\/df\/12-cortos-para-trabajar-la-violencia-de-genero-en-el-aula\/","title":{"rendered":"12 cortos para trabajar la Violencia de G\u00e9nero en el Aula"},"content":{"rendered":"<figure id=\"attachment_41725\" aria-describedby=\"caption-attachment-41725\" style=\"width: 320px\" class=\"wp-caption alignleft\"><img loading=\"lazy\" decoding=\"async\" class=\"size-full wp-image-41725\" src=\"https:\/\/diariofemenino.com.ar\/df\/wp-content\/uploads\/2019\/09\/4d6cd9a95654b3fef334de8b464eb833.jpg\" alt=\"12 cortos para trabajar la Violencia de Genero en el Aula\" width=\"320\" height=\"320\" srcset=\"https:\/\/diariofemenino.com.ar\/df\/wp-content\/uploads\/2019\/09\/4d6cd9a95654b3fef334de8b464eb833.jpg 320w, https:\/\/diariofemenino.com.ar\/df\/wp-content\/uploads\/2019\/09\/4d6cd9a95654b3fef334de8b464eb833-150x150.jpg 150w, https:\/\/diariofemenino.com.ar\/df\/wp-content\/uploads\/2019\/09\/4d6cd9a95654b3fef334de8b464eb833-300x300.jpg 300w\" sizes=\"auto, (max-width: 320px) 100vw, 320px\" \/><figcaption id=\"caption-attachment-41725\" class=\"wp-caption-text\">12 cortos para trabajar la Violencia de Genero en el Aula<\/figcaption><\/figure>\n<p>El de la Violencia de G\u00e9nero es un problema ante el que no podemos cerrar los ojos desde nuestras aulas y sobre el que debemos trabajar\u00a0con ah\u00ednco desde nuestras aulas\u00a0para conseguir su eliminaci\u00f3n.<\/p>\n<p>En\u00a0<strong>Inevery Crea<\/strong>\u00a0todos los\u00a0<strong>mi\u00e9rcoles<\/strong>\u00a0hacemos un hueco para hablar de\u00a0<strong>Educaci\u00f3n y Transmedia\u00a0<\/strong>y hoy\u00a0te animamos a celebrar con toda la comunidad educativa el d\u00eda de los <a href=\"https:\/\/diariofemenino.com.ar\/10-anos-por-el-placer-en-las-aulas\/\">derechos de la infancia.<\/a><\/p>\n<p>A continuaci\u00f3n os proporcionamos 12 cortos para concienciar y prevenir la\u00a0<a href=\"http:\/\/ineverycrea.net\/comunidad\/ineverycrea\/busqueda?search=violencia%20de%20g%C3%A9nero\" target=\"_blank\" rel=\"noopener\"><strong>violencia de g\u00e9nero<\/strong><\/a>:<\/p>\n<p><strong>1.\u00a0<u>Little Siren<\/u><\/strong><\/p>\n<p>El corto narra la historia de Sa\u00fal, un ni\u00f1o de cinco a\u00f1os que vive apaciblemente su vida hasta que decide vestirse de Sirenito para la fiesta de disfraces de su colegio. Esther, su madre, empieza a preocuparse, especulando sobre la futura tendencia <a href=\"https:\/\/diariofemenino.com.ar\/category\/de-esi-si-se-habla\/\">sexual<\/a> de su hijo\u2026<\/p>\n<p><iframe loading=\"lazy\" title=\"YouTube video player\" src=\"https:\/\/www.youtube.com\/embed\/tuv5pfDy4B8?rel=0\" width=\"480\" height=\"390\" frameborder=\"0\" data-mce-fragment=\"1\"><\/iframe><\/p>\n<p>&nbsp;<\/p>\n<p><strong>2.\u00a0<u>Sin pensarlo dos veces<\/u><\/strong><\/p>\n<p>Concurso \u00bb\u00a0<a href=\"http:\/\/www.fundacionmujeres.es\/proyectos\/view\/guia_didactica_para_el_uso_educativo_de_cortometrajes_del_proyecto_es_cine_para_ser_la_voz_de_quiene.html\" target=\"_blank\" rel=\"noopener\"><strong>es +, cine para ser la voz de quienes callan<\/strong><\/a>\u00ab.<br \/>\nCuarto premio: Sin pensarlo dos veces. Autoras: Saray Ferrer Hern\u00e1ndez, M\u00aa Dolores Olivares y M\u00aa. Luisa Segarra Mart\u00ednez. Profesora coordinadora: Elsa Plasencia Ortega. IES Carr\u00fas, Elche (Alicante).<\/p>\n<p><iframe loading=\"lazy\" title=\"YouTube video player\" src=\"https:\/\/www.youtube.com\/embed\/RGjM8h3-dZU?rel=0\" width=\"480\" height=\"390\" frameborder=\"0\" data-mce-fragment=\"1\"><\/iframe><\/p>\n<p>&nbsp;<\/p>\n<p><strong>3.\u00a0<u>Contranatura<\/u><\/strong><\/p>\n<p>Cortometraje dramatico que narra la dificil convivencia de una madre con su hijo. Dirigido por Isaac Berrocal<\/p>\n<p><iframe loading=\"lazy\" src=\"https:\/\/player.vimeo.com\/video\/23852831?title=0&amp;byline=0&amp;portrait=0\" width=\"560\" height=\"309\" frameborder=\"0\" data-mce-fragment=\"1\"><\/iframe><\/p>\n<p>&nbsp;<\/p>\n<p><strong>4.\u00a0\u00a0<u>Miente\u00a0<\/u><\/strong><\/p>\n<p>Este corto dirigido por\u00a0<strong>Isabel de Ocampo<\/strong>, nos cuenta una historia sobre el tr\u00e1fico ilegal de mujeres y su explotaci\u00f3n sexual en Espa\u00f1a a trav\u00e9s de la mirada de una prostituta del este. Obtuvo el Goya al Mejor Cortometraje en 2008.<\/p>\n<p><iframe loading=\"lazy\" src=\"https:\/\/player.vimeo.com\/video\/61359337?title=0&amp;byline=0&amp;portrait=0\" width=\"560\" height=\"309\" frameborder=\"0\" data-mce-fragment=\"1\"><\/iframe><\/p>\n<p>&nbsp;<\/p>\n<p><strong>5.\u00a0<u>Subir y bajar<\/u><\/strong><\/p>\n<p>S\u00f3lo una puerta te separa de \u00e9l. Y t\u00fa tienes la llave.\u00a0<strong>\u00abSubir y bajar\u00bb<\/strong>\u00a0un cortometraje de David Planell.<\/p>\n<p><iframe loading=\"lazy\" title=\"YouTube video player\" src=\"https:\/\/www.youtube.com\/embed\/Sr8eoNiR5Cg?rel=0\" width=\"480\" height=\"390\" frameborder=\"0\" data-mce-fragment=\"1\"><\/iframe><\/p>\n<p>&nbsp;<\/p>\n<p><strong>6.\u00a0<u>Vive o muere<\/u><\/strong><\/p>\n<p>Primer premio de &#8211; es +, cine para ser la voz de quienes calla<\/p>\n<p><iframe loading=\"lazy\" title=\"YouTube video player\" src=\"https:\/\/www.youtube.com\/embed\/SndmKXvB4lk?rel=0\" width=\"480\" height=\"390\" frameborder=\"0\" data-mce-fragment=\"1\"><\/iframe><\/p>\n<p>&nbsp;<\/p>\n<p><strong>7.\u00a0<u>Seis grados<\/u><\/strong><\/p>\n<p>Un spot contra la violencia de g\u00e9nero,\u00a0trabajo pr\u00e1ctico de una alumna de la asignatura de Psicolog\u00eda Social de la Comunicaci\u00f3n.<\/p>\n<p><iframe loading=\"lazy\" title=\"YouTube video player\" src=\"https:\/\/www.youtube.com\/embed\/A8QSdfB1voU?rel=0\" width=\"480\" height=\"390\" frameborder=\"0\" data-mce-fragment=\"1\"><\/iframe><\/p>\n<p>&nbsp;<\/p>\n<p><strong>8<\/strong>.\u00a0<u><strong>Desenfocada<\/strong><\/u><\/p>\n<p>Este cortometraje, dirigido por Miguel \u00c1ngel Furnier, narra la devastadora realidad que viven muchas mujeres con sus parejas. El maltrato psicol\u00f3gico es el camino que normalmente lleva a la violencia de g\u00e9nero, pisoteando gravemente la dignidad de las v\u00edctimas. Las relaciones autodestructivas esconden los problemas basados en la manipulaci\u00f3n, la falta de respeto y la anulaci\u00f3n de la persona.<\/p>\n<p><iframe loading=\"lazy\" title=\"YouTube video player\" src=\"https:\/\/www.youtube.com\/embed\/eiOFUn8Ui7s?rel=0\" width=\"480\" height=\"390\" frameborder=\"0\" data-mce-fragment=\"1\"><\/iframe><\/p>\n<p>&nbsp;<\/p>\n<p><strong>9.\u00a0<u>Mi cuerpo es s\u00f3lo m\u00edo<\/u><\/strong><\/p>\n<p>Cortometraje realizado por el alumnado de Educaci\u00f3n Secundaria en el marco del proyecto \u00abAnte la violencia de g\u00e9nero: no te cortes, haz tu corto\u00bb en el municipio de Pinto.<\/p>\n<p><iframe loading=\"lazy\" title=\"YouTube video player\" src=\"https:\/\/www.youtube.com\/embed\/43Fwbt0Ihk4?rel=0\" width=\"480\" height=\"390\" frameborder=\"0\" data-mce-fragment=\"1\"><\/iframe><\/p>\n<p>&nbsp;<\/p>\n<p><strong>10.<u>\u00a0No es amor<\/u><\/strong><\/p>\n<p>Pieza ganadora del segundo certamen \u00abIuventus FEST\u00bb en la modalidad de Comunicaci\u00f3n Audiovisual.<\/p>\n<p><iframe loading=\"lazy\" title=\"YouTube video player\" src=\"https:\/\/www.youtube.com\/embed\/H-IRVHEAG9k?rel=0\" width=\"480\" height=\"390\" frameborder=\"0\" data-mce-fragment=\"1\"><\/iframe><\/p>\n<p>&nbsp;<\/p>\n<p><strong>11.\u00a0<u>Educar en igualdad para aprender a amar sin violencia I . Montserrat Moreno<\/u><\/strong><\/p>\n<p>Intervenci\u00f3n realizada en las jornadas \u00abEducando en igualdad para combatir la violencia de g\u00e9nero\u00bb.<\/p>\n<p>Montserrat Moreno y Genoveva Sastre han realizado un interesante estudio sobre c\u00f3mo viven el amor las y los adolescentes y la evoluci\u00f3n posible tras el proceso de aprendizaje.<\/p>\n<p><iframe loading=\"lazy\" src=\"https:\/\/player.vimeo.com\/video\/32483546?title=0&amp;byline=0&amp;portrait=0\" width=\"560\" height=\"309\" frameborder=\"0\" data-mce-fragment=\"1\"><\/iframe><\/p>\n<p>&nbsp;<\/p>\n<p><strong>12.\u00a0<u>Educar en igualdad para aprender a amar sin violencia y II. Genoveva Sastre<\/u><\/strong><\/p>\n<p><iframe loading=\"lazy\" src=\"https:\/\/player.vimeo.com\/video\/32500443?title=0&amp;byline=0&amp;portrait=0\" width=\"560\" height=\"309\" frameborder=\"0\" data-mce-fragment=\"1\"><\/iframe><\/p>\n<p>&nbsp;<\/p>\n<p><em>\u00bfQu\u00e9 otros cortos utilizas para trabajar la violencia de g\u00e9nero\u00a0en el aula<\/em><em>\u00a0?<\/em><\/p>\n<p><a href=\"https:\/\/ineverycrea.net\/comunidad\/ineverycrea\/recurso\/12-cortos-para-trabajar-la-violencia-de-genero-en\/74b6edfe-95f1-495d-b167-b651a28a4271\">\u00a0<strong>Inevery Crea<\/strong><\/a><\/p>\n","protected":false},"excerpt":{"rendered":"<p>El de la Violencia de G\u00e9nero es un problema ante el que no podemos cerrar los ojos desde nuestras aulas y sobre el que debemos trabajar\u00a0con ah\u00ednco desde nuestras aulas\u00a0para conseguir su eliminaci\u00f3n. En\u00a0Inevery Crea\u00a0todos los\u00a0mi\u00e9rcoles\u00a0hacemos un hueco para hablar de\u00a0Educaci\u00f3n y Transmedia\u00a0y hoy\u00a0te animamos a celebrar con toda la comunidad educativa el d\u00eda de [&hellip;]<\/p>\n","protected":false},"author":4,"featured_media":41726,"comment_status":"open","ping_status":"open","sticky":false,"template":"","format":"standard","meta":{"iawp_total_views":2691,"footnotes":""},"categories":[581,9,180,592],"tags":[2188,2189,16],"class_list":["post-41719","post","type-post","status-publish","format-standard","has-post-thumbnail","hentry","category-azul-profundo","category-de-esi-si-se-habla","category-videos","category-violencias","tag-12-cortos","tag-aulas","tag-violencia-de-genero"],"nelio_content":{"autoShareEndMode":"never","automationSources":{"useCustomSentences":false,"customSentences":[]},"efiAlt":"","efiUrl":"","followers":[4],"highlights":[],"isAutoShareEnabled":true,"networkImageIds":[],"permalinkQueryArgs":[],"series":[],"suggestedReferences":[]},"yoast_head":"<!-- This site is optimized with the Yoast SEO plugin v27.5 - https:\/\/yoast.com\/product\/yoast-seo-wordpress\/ -->\n<title>12 cortos para trabajar la Violencia de G\u00e9nero en el Aula - Diario Digital Femenino<\/title>\n<meta name=\"description\" content=\"12 cortos para trabajar la Violencia de Genero en el Aula. No podemos cerrar los ojos desde nuestras aulas y sobre el que debemos trabajar.\" \/>\n<meta name=\"robots\" content=\"index, follow, max-snippet:-1, max-image-preview:large, max-video-preview:-1\" \/>\n<link rel=\"canonical\" href=\"https:\/\/diariofemenino.com.ar\/df\/12-cortos-para-trabajar-la-violencia-de-genero-en-el-aula\/\" \/>\n<meta property=\"og:locale\" content=\"es_ES\" \/>\n<meta property=\"og:type\" content=\"article\" \/>\n<meta property=\"og:title\" content=\"12 cortos para trabajar la Violencia de G\u00e9nero en el Aula - Diario Digital Femenino\" \/>\n<meta property=\"og:description\" content=\"12 cortos para trabajar la Violencia de Genero en el Aula. No podemos cerrar los ojos desde nuestras aulas y sobre el que debemos trabajar.\" \/>\n<meta property=\"og:url\" content=\"https:\/\/diariofemenino.com.ar\/df\/12-cortos-para-trabajar-la-violencia-de-genero-en-el-aula\/\" \/>\n<meta property=\"og:site_name\" content=\"Diario Digital Femenino\" \/>\n<meta property=\"article:publisher\" content=\"https:\/\/www.facebook.com\/DiarioDigitaFemenino\/\" \/>\n<meta property=\"article:published_time\" content=\"2019-09-27T11:36:57+00:00\" \/>\n<meta property=\"article:modified_time\" content=\"2019-09-27T11:37:37+00:00\" \/>\n<meta property=\"og:image\" content=\"https:\/\/diariofemenino.com.ar\/df\/wp-content\/uploads\/2019\/09\/Trabajos-Buenos-Tratos-instituto-Cordoba_EDIIMA20141117_0257_5.jpg\" \/>\n\t<meta property=\"og:image:width\" content=\"643\" \/>\n\t<meta property=\"og:image:height\" content=\"482\" \/>\n\t<meta property=\"og:image:type\" content=\"image\/jpeg\" \/>\n<meta name=\"author\" content=\"Admin\" \/>\n<meta name=\"twitter:card\" content=\"summary_large_image\" \/>\n<meta name=\"twitter:creator\" content=\"@DiarioFemenino1\" \/>\n<meta name=\"twitter:site\" content=\"@DiarioFemenino1\" \/>\n<meta name=\"twitter:label1\" content=\"Escrito por\" \/>\n\t<meta name=\"twitter:data1\" content=\"Admin\" \/>\n\t<meta name=\"twitter:label2\" content=\"Tiempo de lectura\" \/>\n\t<meta name=\"twitter:data2\" content=\"3 minutos\" \/>\n<script type=\"application\/ld+json\" class=\"yoast-schema-graph\">{\"@context\":\"https:\\\/\\\/schema.org\",\"@graph\":[{\"@type\":\"Article\",\"@id\":\"https:\\\/\\\/diariofemenino.com.ar\\\/df\\\/12-cortos-para-trabajar-la-violencia-de-genero-en-el-aula\\\/#article\",\"isPartOf\":{\"@id\":\"https:\\\/\\\/diariofemenino.com.ar\\\/df\\\/12-cortos-para-trabajar-la-violencia-de-genero-en-el-aula\\\/\"},\"author\":{\"name\":\"Admin\",\"@id\":\"https:\\\/\\\/diariofemenino.com.ar\\\/df\\\/#\\\/schema\\\/person\\\/bf6199e8158c657ea6f789b11ec85509\"},\"headline\":\"12 cortos para trabajar la Violencia de G\u00e9nero en el Aula\",\"datePublished\":\"2019-09-27T11:36:57+00:00\",\"dateModified\":\"2019-09-27T11:37:37+00:00\",\"mainEntityOfPage\":{\"@id\":\"https:\\\/\\\/diariofemenino.com.ar\\\/df\\\/12-cortos-para-trabajar-la-violencia-de-genero-en-el-aula\\\/\"},\"wordCount\":562,\"commentCount\":0,\"publisher\":{\"@id\":\"https:\\\/\\\/diariofemenino.com.ar\\\/df\\\/#organization\"},\"image\":{\"@id\":\"https:\\\/\\\/diariofemenino.com.ar\\\/df\\\/12-cortos-para-trabajar-la-violencia-de-genero-en-el-aula\\\/#primaryimage\"},\"thumbnailUrl\":\"https:\\\/\\\/diariofemenino.com.ar\\\/df\\\/wp-content\\\/uploads\\\/2019\\\/09\\\/Trabajos-Buenos-Tratos-instituto-Cordoba_EDIIMA20141117_0257_5.jpg\",\"keywords\":[\"12 cortos\",\"Aulas\",\"Violencia de g\u00e9nero\"],\"articleSection\":[\"Azul Profundo\",\"De ESI S\u00ed Se Habla\",\"Videos\",\"Violencias\"],\"inLanguage\":\"es\",\"potentialAction\":[{\"@type\":\"CommentAction\",\"name\":\"Comment\",\"target\":[\"https:\\\/\\\/diariofemenino.com.ar\\\/df\\\/12-cortos-para-trabajar-la-violencia-de-genero-en-el-aula\\\/#respond\"]}]},{\"@type\":\"WebPage\",\"@id\":\"https:\\\/\\\/diariofemenino.com.ar\\\/df\\\/12-cortos-para-trabajar-la-violencia-de-genero-en-el-aula\\\/\",\"url\":\"https:\\\/\\\/diariofemenino.com.ar\\\/df\\\/12-cortos-para-trabajar-la-violencia-de-genero-en-el-aula\\\/\",\"name\":\"12 cortos para trabajar la Violencia de G\u00e9nero en el Aula - Diario Digital Femenino\",\"isPartOf\":{\"@id\":\"https:\\\/\\\/diariofemenino.com.ar\\\/df\\\/#website\"},\"primaryImageOfPage\":{\"@id\":\"https:\\\/\\\/diariofemenino.com.ar\\\/df\\\/12-cortos-para-trabajar-la-violencia-de-genero-en-el-aula\\\/#primaryimage\"},\"image\":{\"@id\":\"https:\\\/\\\/diariofemenino.com.ar\\\/df\\\/12-cortos-para-trabajar-la-violencia-de-genero-en-el-aula\\\/#primaryimage\"},\"thumbnailUrl\":\"https:\\\/\\\/diariofemenino.com.ar\\\/df\\\/wp-content\\\/uploads\\\/2019\\\/09\\\/Trabajos-Buenos-Tratos-instituto-Cordoba_EDIIMA20141117_0257_5.jpg\",\"datePublished\":\"2019-09-27T11:36:57+00:00\",\"dateModified\":\"2019-09-27T11:37:37+00:00\",\"description\":\"12 cortos para trabajar la Violencia de Genero en el Aula. No podemos cerrar los ojos desde nuestras aulas y sobre el que debemos trabajar.\",\"breadcrumb\":{\"@id\":\"https:\\\/\\\/diariofemenino.com.ar\\\/df\\\/12-cortos-para-trabajar-la-violencia-de-genero-en-el-aula\\\/#breadcrumb\"},\"inLanguage\":\"es\",\"potentialAction\":[{\"@type\":\"ReadAction\",\"target\":[\"https:\\\/\\\/diariofemenino.com.ar\\\/df\\\/12-cortos-para-trabajar-la-violencia-de-genero-en-el-aula\\\/\"]}]},{\"@type\":\"ImageObject\",\"inLanguage\":\"es\",\"@id\":\"https:\\\/\\\/diariofemenino.com.ar\\\/df\\\/12-cortos-para-trabajar-la-violencia-de-genero-en-el-aula\\\/#primaryimage\",\"url\":\"https:\\\/\\\/diariofemenino.com.ar\\\/df\\\/wp-content\\\/uploads\\\/2019\\\/09\\\/Trabajos-Buenos-Tratos-instituto-Cordoba_EDIIMA20141117_0257_5.jpg\",\"contentUrl\":\"https:\\\/\\\/diariofemenino.com.ar\\\/df\\\/wp-content\\\/uploads\\\/2019\\\/09\\\/Trabajos-Buenos-Tratos-instituto-Cordoba_EDIIMA20141117_0257_5.jpg\",\"width\":643,\"height\":482,\"caption\":\"12 cortos para trabajar la Violencia de Genero en el Aula\"},{\"@type\":\"BreadcrumbList\",\"@id\":\"https:\\\/\\\/diariofemenino.com.ar\\\/df\\\/12-cortos-para-trabajar-la-violencia-de-genero-en-el-aula\\\/#breadcrumb\",\"itemListElement\":[{\"@type\":\"ListItem\",\"position\":1,\"name\":\"Portada\",\"item\":\"https:\\\/\\\/diariofemenino.com.ar\\\/df\\\/\"},{\"@type\":\"ListItem\",\"position\":2,\"name\":\"12 cortos para trabajar la Violencia de G\u00e9nero en el Aula\"}]},{\"@type\":\"WebSite\",\"@id\":\"https:\\\/\\\/diariofemenino.com.ar\\\/df\\\/#website\",\"url\":\"https:\\\/\\\/diariofemenino.com.ar\\\/df\\\/\",\"name\":\"Diario Digital Femenino\",\"description\":\"Cuesti\u00f3n de G\u00e9nero\",\"publisher\":{\"@id\":\"https:\\\/\\\/diariofemenino.com.ar\\\/df\\\/#organization\"},\"potentialAction\":[{\"@type\":\"SearchAction\",\"target\":{\"@type\":\"EntryPoint\",\"urlTemplate\":\"https:\\\/\\\/diariofemenino.com.ar\\\/df\\\/?s={search_term_string}\"},\"query-input\":{\"@type\":\"PropertyValueSpecification\",\"valueRequired\":true,\"valueName\":\"search_term_string\"}}],\"inLanguage\":\"es\"},{\"@type\":\"Organization\",\"@id\":\"https:\\\/\\\/diariofemenino.com.ar\\\/df\\\/#organization\",\"name\":\"Diario Femenino\",\"url\":\"https:\\\/\\\/diariofemenino.com.ar\\\/df\\\/\",\"logo\":{\"@type\":\"ImageObject\",\"inLanguage\":\"es\",\"@id\":\"https:\\\/\\\/diariofemenino.com.ar\\\/df\\\/#\\\/schema\\\/logo\\\/image\\\/\",\"url\":\"https:\\\/\\\/diariofemenino.com.ar\\\/df\\\/wp-content\\\/uploads\\\/2018\\\/10\\\/logo.png\",\"contentUrl\":\"https:\\\/\\\/diariofemenino.com.ar\\\/df\\\/wp-content\\\/uploads\\\/2018\\\/10\\\/logo.png\",\"width\":500,\"height\":92,\"caption\":\"Diario Femenino\"},\"image\":{\"@id\":\"https:\\\/\\\/diariofemenino.com.ar\\\/df\\\/#\\\/schema\\\/logo\\\/image\\\/\"},\"sameAs\":[\"https:\\\/\\\/www.facebook.com\\\/DiarioDigitaFemenino\\\/\",\"https:\\\/\\\/x.com\\\/DiarioFemenino1\"]},{\"@type\":\"Person\",\"@id\":\"https:\\\/\\\/diariofemenino.com.ar\\\/df\\\/#\\\/schema\\\/person\\\/bf6199e8158c657ea6f789b11ec85509\",\"name\":\"Admin\",\"image\":{\"@type\":\"ImageObject\",\"inLanguage\":\"es\",\"@id\":\"https:\\\/\\\/diariofemenino.com.ar\\\/df\\\/wp-content\\\/uploads\\\/2018\\\/12\\\/favicon-150x150.jpg\",\"url\":\"https:\\\/\\\/diariofemenino.com.ar\\\/df\\\/wp-content\\\/uploads\\\/2018\\\/12\\\/favicon-150x150.jpg\",\"contentUrl\":\"https:\\\/\\\/diariofemenino.com.ar\\\/df\\\/wp-content\\\/uploads\\\/2018\\\/12\\\/favicon-150x150.jpg\",\"caption\":\"Admin\"},\"url\":\"https:\\\/\\\/diariofemenino.com.ar\\\/df\\\/author\\\/lenny\\\/\"}]}<\/script>\n<!-- \/ Yoast SEO plugin. -->","yoast_head_json":{"title":"12 cortos para trabajar la Violencia de G\u00e9nero en el Aula - Diario Digital Femenino","description":"12 cortos para trabajar la Violencia de Genero en el Aula. No podemos cerrar los ojos desde nuestras aulas y sobre el que debemos trabajar.","robots":{"index":"index","follow":"follow","max-snippet":"max-snippet:-1","max-image-preview":"max-image-preview:large","max-video-preview":"max-video-preview:-1"},"canonical":"https:\/\/diariofemenino.com.ar\/df\/12-cortos-para-trabajar-la-violencia-de-genero-en-el-aula\/","og_locale":"es_ES","og_type":"article","og_title":"12 cortos para trabajar la Violencia de G\u00e9nero en el Aula - Diario Digital Femenino","og_description":"12 cortos para trabajar la Violencia de Genero en el Aula. No podemos cerrar los ojos desde nuestras aulas y sobre el que debemos trabajar.","og_url":"https:\/\/diariofemenino.com.ar\/df\/12-cortos-para-trabajar-la-violencia-de-genero-en-el-aula\/","og_site_name":"Diario Digital Femenino","article_publisher":"https:\/\/www.facebook.com\/DiarioDigitaFemenino\/","article_published_time":"2019-09-27T11:36:57+00:00","article_modified_time":"2019-09-27T11:37:37+00:00","og_image":[{"width":643,"height":482,"url":"https:\/\/diariofemenino.com.ar\/df\/wp-content\/uploads\/2019\/09\/Trabajos-Buenos-Tratos-instituto-Cordoba_EDIIMA20141117_0257_5.jpg","type":"image\/jpeg"}],"author":"Admin","twitter_card":"summary_large_image","twitter_creator":"@DiarioFemenino1","twitter_site":"@DiarioFemenino1","twitter_misc":{"Escrito por":"Admin","Tiempo de lectura":"3 minutos"},"schema":{"@context":"https:\/\/schema.org","@graph":[{"@type":"Article","@id":"https:\/\/diariofemenino.com.ar\/df\/12-cortos-para-trabajar-la-violencia-de-genero-en-el-aula\/#article","isPartOf":{"@id":"https:\/\/diariofemenino.com.ar\/df\/12-cortos-para-trabajar-la-violencia-de-genero-en-el-aula\/"},"author":{"name":"Admin","@id":"https:\/\/diariofemenino.com.ar\/df\/#\/schema\/person\/bf6199e8158c657ea6f789b11ec85509"},"headline":"12 cortos para trabajar la Violencia de G\u00e9nero en el Aula","datePublished":"2019-09-27T11:36:57+00:00","dateModified":"2019-09-27T11:37:37+00:00","mainEntityOfPage":{"@id":"https:\/\/diariofemenino.com.ar\/df\/12-cortos-para-trabajar-la-violencia-de-genero-en-el-aula\/"},"wordCount":562,"commentCount":0,"publisher":{"@id":"https:\/\/diariofemenino.com.ar\/df\/#organization"},"image":{"@id":"https:\/\/diariofemenino.com.ar\/df\/12-cortos-para-trabajar-la-violencia-de-genero-en-el-aula\/#primaryimage"},"thumbnailUrl":"https:\/\/diariofemenino.com.ar\/df\/wp-content\/uploads\/2019\/09\/Trabajos-Buenos-Tratos-instituto-Cordoba_EDIIMA20141117_0257_5.jpg","keywords":["12 cortos","Aulas","Violencia de g\u00e9nero"],"articleSection":["Azul Profundo","De ESI S\u00ed Se Habla","Videos","Violencias"],"inLanguage":"es","potentialAction":[{"@type":"CommentAction","name":"Comment","target":["https:\/\/diariofemenino.com.ar\/df\/12-cortos-para-trabajar-la-violencia-de-genero-en-el-aula\/#respond"]}]},{"@type":"WebPage","@id":"https:\/\/diariofemenino.com.ar\/df\/12-cortos-para-trabajar-la-violencia-de-genero-en-el-aula\/","url":"https:\/\/diariofemenino.com.ar\/df\/12-cortos-para-trabajar-la-violencia-de-genero-en-el-aula\/","name":"12 cortos para trabajar la Violencia de G\u00e9nero en el Aula - Diario Digital Femenino","isPartOf":{"@id":"https:\/\/diariofemenino.com.ar\/df\/#website"},"primaryImageOfPage":{"@id":"https:\/\/diariofemenino.com.ar\/df\/12-cortos-para-trabajar-la-violencia-de-genero-en-el-aula\/#primaryimage"},"image":{"@id":"https:\/\/diariofemenino.com.ar\/df\/12-cortos-para-trabajar-la-violencia-de-genero-en-el-aula\/#primaryimage"},"thumbnailUrl":"https:\/\/diariofemenino.com.ar\/df\/wp-content\/uploads\/2019\/09\/Trabajos-Buenos-Tratos-instituto-Cordoba_EDIIMA20141117_0257_5.jpg","datePublished":"2019-09-27T11:36:57+00:00","dateModified":"2019-09-27T11:37:37+00:00","description":"12 cortos para trabajar la Violencia de Genero en el Aula. No podemos cerrar los ojos desde nuestras aulas y sobre el que debemos trabajar.","breadcrumb":{"@id":"https:\/\/diariofemenino.com.ar\/df\/12-cortos-para-trabajar-la-violencia-de-genero-en-el-aula\/#breadcrumb"},"inLanguage":"es","potentialAction":[{"@type":"ReadAction","target":["https:\/\/diariofemenino.com.ar\/df\/12-cortos-para-trabajar-la-violencia-de-genero-en-el-aula\/"]}]},{"@type":"ImageObject","inLanguage":"es","@id":"https:\/\/diariofemenino.com.ar\/df\/12-cortos-para-trabajar-la-violencia-de-genero-en-el-aula\/#primaryimage","url":"https:\/\/diariofemenino.com.ar\/df\/wp-content\/uploads\/2019\/09\/Trabajos-Buenos-Tratos-instituto-Cordoba_EDIIMA20141117_0257_5.jpg","contentUrl":"https:\/\/diariofemenino.com.ar\/df\/wp-content\/uploads\/2019\/09\/Trabajos-Buenos-Tratos-instituto-Cordoba_EDIIMA20141117_0257_5.jpg","width":643,"height":482,"caption":"12 cortos para trabajar la Violencia de Genero en el Aula"},{"@type":"BreadcrumbList","@id":"https:\/\/diariofemenino.com.ar\/df\/12-cortos-para-trabajar-la-violencia-de-genero-en-el-aula\/#breadcrumb","itemListElement":[{"@type":"ListItem","position":1,"name":"Portada","item":"https:\/\/diariofemenino.com.ar\/df\/"},{"@type":"ListItem","position":2,"name":"12 cortos para trabajar la Violencia de G\u00e9nero en el Aula"}]},{"@type":"WebSite","@id":"https:\/\/diariofemenino.com.ar\/df\/#website","url":"https:\/\/diariofemenino.com.ar\/df\/","name":"Diario Digital Femenino","description":"Cuesti\u00f3n de G\u00e9nero","publisher":{"@id":"https:\/\/diariofemenino.com.ar\/df\/#organization"},"potentialAction":[{"@type":"SearchAction","target":{"@type":"EntryPoint","urlTemplate":"https:\/\/diariofemenino.com.ar\/df\/?s={search_term_string}"},"query-input":{"@type":"PropertyValueSpecification","valueRequired":true,"valueName":"search_term_string"}}],"inLanguage":"es"},{"@type":"Organization","@id":"https:\/\/diariofemenino.com.ar\/df\/#organization","name":"Diario Femenino","url":"https:\/\/diariofemenino.com.ar\/df\/","logo":{"@type":"ImageObject","inLanguage":"es","@id":"https:\/\/diariofemenino.com.ar\/df\/#\/schema\/logo\/image\/","url":"https:\/\/diariofemenino.com.ar\/df\/wp-content\/uploads\/2018\/10\/logo.png","contentUrl":"https:\/\/diariofemenino.com.ar\/df\/wp-content\/uploads\/2018\/10\/logo.png","width":500,"height":92,"caption":"Diario Femenino"},"image":{"@id":"https:\/\/diariofemenino.com.ar\/df\/#\/schema\/logo\/image\/"},"sameAs":["https:\/\/www.facebook.com\/DiarioDigitaFemenino\/","https:\/\/x.com\/DiarioFemenino1"]},{"@type":"Person","@id":"https:\/\/diariofemenino.com.ar\/df\/#\/schema\/person\/bf6199e8158c657ea6f789b11ec85509","name":"Admin","image":{"@type":"ImageObject","inLanguage":"es","@id":"https:\/\/diariofemenino.com.ar\/df\/wp-content\/uploads\/2018\/12\/favicon-150x150.jpg","url":"https:\/\/diariofemenino.com.ar\/df\/wp-content\/uploads\/2018\/12\/favicon-150x150.jpg","contentUrl":"https:\/\/diariofemenino.com.ar\/df\/wp-content\/uploads\/2018\/12\/favicon-150x150.jpg","caption":"Admin"},"url":"https:\/\/diariofemenino.com.ar\/df\/author\/lenny\/"}]}},"jetpack_featured_media_url":"https:\/\/diariofemenino.com.ar\/df\/wp-content\/uploads\/2019\/09\/Trabajos-Buenos-Tratos-instituto-Cordoba_EDIIMA20141117_0257_5.jpg","jetpack_sharing_enabled":true,"rttpg_featured_image_url":{"full":["https:\/\/diariofemenino.com.ar\/df\/wp-content\/uploads\/2019\/09\/Trabajos-Buenos-Tratos-instituto-Cordoba_EDIIMA20141117_0257_5.jpg",643,482,false],"landscape":["https:\/\/diariofemenino.com.ar\/df\/wp-content\/uploads\/2019\/09\/Trabajos-Buenos-Tratos-instituto-Cordoba_EDIIMA20141117_0257_5.jpg",643,482,false],"portraits":["https:\/\/diariofemenino.com.ar\/df\/wp-content\/uploads\/2019\/09\/Trabajos-Buenos-Tratos-instituto-Cordoba_EDIIMA20141117_0257_5.jpg",643,482,false],"thumbnail":["https:\/\/diariofemenino.com.ar\/df\/wp-content\/uploads\/2019\/09\/Trabajos-Buenos-Tratos-instituto-Cordoba_EDIIMA20141117_0257_5-150x150.jpg",150,150,true],"medium":["https:\/\/diariofemenino.com.ar\/df\/wp-content\/uploads\/2019\/09\/Trabajos-Buenos-Tratos-instituto-Cordoba_EDIIMA20141117_0257_5-300x225.jpg",300,225,true],"large":["https:\/\/diariofemenino.com.ar\/df\/wp-content\/uploads\/2019\/09\/Trabajos-Buenos-Tratos-instituto-Cordoba_EDIIMA20141117_0257_5.jpg",643,482,false],"1536x1536":["https:\/\/diariofemenino.com.ar\/df\/wp-content\/uploads\/2019\/09\/Trabajos-Buenos-Tratos-instituto-Cordoba_EDIIMA20141117_0257_5.jpg",643,482,false],"2048x2048":["https:\/\/diariofemenino.com.ar\/df\/wp-content\/uploads\/2019\/09\/Trabajos-Buenos-Tratos-instituto-Cordoba_EDIIMA20141117_0257_5.jpg",643,482,false]},"rttpg_author":{"display_name":"Admin","author_link":"https:\/\/diariofemenino.com.ar\/df\/author\/lenny\/"},"rttpg_comment":0,"rttpg_category":"<a href=\"https:\/\/diariofemenino.com.ar\/df\/category\/azul-profundo\/\" rel=\"category tag\">Azul Profundo<\/a> <a href=\"https:\/\/diariofemenino.com.ar\/df\/category\/de-esi-si-se-habla\/\" rel=\"category tag\">De ESI S\u00ed Se Habla<\/a> <a href=\"https:\/\/diariofemenino.com.ar\/df\/category\/videos\/\" rel=\"category tag\">Videos<\/a> <a href=\"https:\/\/diariofemenino.com.ar\/df\/category\/violencias\/\" rel=\"category tag\">Violencias<\/a>","rttpg_excerpt":"El de la Violencia de G\u00e9nero es un problema ante el que no podemos cerrar los ojos desde nuestras aulas y sobre el que debemos trabajar\u00a0con ah\u00ednco desde nuestras aulas\u00a0para conseguir su eliminaci\u00f3n. En\u00a0Inevery Crea\u00a0todos los\u00a0mi\u00e9rcoles\u00a0hacemos un hueco para hablar de\u00a0Educaci\u00f3n y Transmedia\u00a0y hoy\u00a0te animamos a celebrar con toda la comunidad educativa el d\u00eda de&hellip;","_links":{"self":[{"href":"https:\/\/diariofemenino.com.ar\/df\/wp-json\/wp\/v2\/posts\/41719","targetHints":{"allow":["GET"]}}],"collection":[{"href":"https:\/\/diariofemenino.com.ar\/df\/wp-json\/wp\/v2\/posts"}],"about":[{"href":"https:\/\/diariofemenino.com.ar\/df\/wp-json\/wp\/v2\/types\/post"}],"author":[{"embeddable":true,"href":"https:\/\/diariofemenino.com.ar\/df\/wp-json\/wp\/v2\/users\/4"}],"replies":[{"embeddable":true,"href":"https:\/\/diariofemenino.com.ar\/df\/wp-json\/wp\/v2\/comments?post=41719"}],"version-history":[{"count":0,"href":"https:\/\/diariofemenino.com.ar\/df\/wp-json\/wp\/v2\/posts\/41719\/revisions"}],"wp:featuredmedia":[{"embeddable":true,"href":"https:\/\/diariofemenino.com.ar\/df\/wp-json\/wp\/v2\/media\/41726"}],"wp:attachment":[{"href":"https:\/\/diariofemenino.com.ar\/df\/wp-json\/wp\/v2\/media?parent=41719"}],"wp:term":[{"taxonomy":"category","embeddable":true,"href":"https:\/\/diariofemenino.com.ar\/df\/wp-json\/wp\/v2\/categories?post=41719"},{"taxonomy":"post_tag","embeddable":true,"href":"https:\/\/diariofemenino.com.ar\/df\/wp-json\/wp\/v2\/tags?post=41719"}],"curies":[{"name":"wp","href":"https:\/\/api.w.org\/{rel}","templated":true}]}}