{"id":41506,"date":"2019-09-22T17:34:04","date_gmt":"2019-09-22T20:34:04","guid":{"rendered":"https:\/\/diariofemenino.com.ar\/?p=41506"},"modified":"2019-09-22T17:34:04","modified_gmt":"2019-09-22T20:34:04","slug":"la-riqueza-es-para-quienes-explotan-a-las-mujeres-alika-kinan","status":"publish","type":"post","link":"https:\/\/diariofemenino.com.ar\/df\/la-riqueza-es-para-quienes-explotan-a-las-mujeres-alika-kinan\/","title":{"rendered":"La riqueza es para quienes explotan a las mujeres: Alika Kinan"},"content":{"rendered":"<h3 style=\"text-align: center;\"><strong>La riqueza es para quienes explotan a las mujeres: Alika Kinan<\/strong><\/h3>\n<p>Segunda y \u00faltima parte.<\/p>\n<p>Por\u00a0<a href=\"https:\/\/reporterosenmovimiento.com\/2019\/09\/18\/la-riqueza-es-para-quienes-explotan-a-las-mujeres-alika-kinan\/amp\/?__twitter_impression=true\">Luc\u00eda Lagunes Huerta<\/a><\/p>\n<p>Lima, Per\u00fa\/M\u00e9xico. \u00a018 de de septiembre de de 2019.- <a href=\"https:\/\/diariofemenino.com.ar\/alika-kinan-los-hombres-compran-la-humillacion-de-las-mujeres-no-sexo\/\">Alika Kinan<\/a> no habla si siente que es momento de escuchar, reflexiona y s\u00f3lo despu\u00e9s de pensarlo habla, si est\u00e1 convencida de que vale la pena hablar, si no, da media vuelta y se va, desaparece, se aleja y sigue su camino. No est\u00e1 dispuesta a las discusiones est\u00e9riles, esas que opinan desde la distancia de la vida de las mujeres en situaci\u00f3n de prostituci\u00f3n.<\/p>\n<figure id=\"attachment_41414\" aria-describedby=\"caption-attachment-41414\" style=\"width: 279px\" class=\"wp-caption alignleft\"><img loading=\"lazy\" decoding=\"async\" class=\" wp-image-41414\" src=\"https:\/\/diariofemenino.com.ar\/df\/wp-content\/uploads\/2019\/09\/15687667433751920971132.png\" alt=\"La riqueza es para quienes explotan a las mujeres: Alika Kinan\" width=\"279\" height=\"186\" srcset=\"https:\/\/diariofemenino.com.ar\/df\/wp-content\/uploads\/2019\/09\/15687667433751920971132.png 900w, https:\/\/diariofemenino.com.ar\/df\/wp-content\/uploads\/2019\/09\/15687667433751920971132-300x200.png 300w, https:\/\/diariofemenino.com.ar\/df\/wp-content\/uploads\/2019\/09\/15687667433751920971132-768x512.png 768w\" sizes=\"auto, (max-width: 279px) 100vw, 279px\" \/><figcaption id=\"caption-attachment-41414\" class=\"wp-caption-text\">La riqueza es para quienes explotan a las mujeres: Alika Kinan<\/figcaption><\/figure>\n<p>Pas\u00f3 16 a\u00f1os de su vida en explotaci\u00f3n. Tras un largo y doloroso proceso se reconoci\u00f3 como sobreviviente del delito de trata con fines de explotaci\u00f3n sexual. Su camino de transformaci\u00f3n inici\u00f3 el a\u00f1o 2012 cuando fue rescatada del bar El Sheik, en la ciudad de Ushuaia, Tierra del Fuego, Argentina.<\/p>\n<p>Conoce los laberintos del negocio de la prostituci\u00f3n y lo que esa violencia provoca en las mujeres. La escisi\u00f3n de la mente y del cuerpo, condici\u00f3n fundamental para sobrevivir.<\/p>\n<p>De v\u00edctima a sobreviviente de trata, a defensora, a feminista radical, a madre y compa\u00f1era, todo junto. Ella es su <a href=\"https:\/\/diariofemenino.com.ar\/caso-alika-condenan-a-tres-miembros-de-una-red-de-trata\/\">historia<\/a>.<\/p>\n<p>De acuerdo con los resultados de las evaluaciones psicol\u00f3gicas Alika tiene una discapacidad emocional del 70 por ciento. No lo creer\u00edas si la escuchas y convives con ella. Se r\u00ede, bromea, asegura que esta es una estrategia para no dejar que la dureza de la vida que le ha tocado vivir le caiga encima y la aplaste.<\/p>\n<p>Una fecha hist\u00f3rica para Alika y las v\u00edctimas de trata es el 30 de noviembre de 2016, cuando gan\u00f3 un juicio que sostuvo por cuatro a\u00f1os contra los proxenetas Pedro Montoya, due\u00f1o del bar Sehik; Ivana Claudia, pareja de Pedro y Lucy Campos Alberca, administradora del bar.<\/p>\n<p>Ese mismo d\u00eda logr\u00f3 que se reconociera que la Municipalidad de Ushuaia hab\u00eda facilitado la situaci\u00f3n para el funcionamiento del Sheik, con lo cual se comprobaba que para que el delito de trata funcione se requiere la complicidad del Estado, la polic\u00eda y el gobierno.<\/p>\n<p>La voz, los ojos y las manos de Alika son term\u00f3metros emocionales entre el presente y el pasado. La voz es firme, contundente las palabras cuando argumenta, las manos bailan en el viento para enfatizar, te mira de frente.<\/p>\n<p>Pero cuando el recuerdo se clava como aguij\u00f3n, entonces la voz es suave, pausada, como para recuperar fuerzas. Las manos juegan con lo que tengan, y la mirada se clava en ellas.<\/p>\n<p>-LLH: Se dice que las mujeres en situaci\u00f3n de prostituci\u00f3n ganan muy bien, que no son s\u00f3lo las mujeres pobres que ingresan a la prostituci\u00f3n, t\u00fa como lo escuchas.<\/p>\n<p>\u2013\u00a0Alika: Mira, no quiero deslegitimar la palabra de nadie, (pero) no conozca a ninguna mujer que se haya hecho rica de la prostituci\u00f3n. Las \u00fanicas mujeres que se han hecho ricas de la prostituci\u00f3n son aquellas que manejan el negocio de la prostituci\u00f3n, madamas, proxenetas, regenteadoras, reclutadoras, aquellas que est\u00e1n por encima de la escala jer\u00e1rquica, pero prostitutas, mujeres explotadas, en situaci\u00f3n de esclavitud sexual, no conozco ninguna que se haya hecho rica. Las \u00fanicas ricas que conozco en el negocio de la prostituci\u00f3n son aquellas que explotan a otras mujeres.<\/p>\n<p>\u2013LLH: Tu dices que a las mujeres se les entrena, que 85 por ciento de las que est\u00e1n en situaci\u00f3n de prostituci\u00f3n han vivido violencia sexual en la infancia y adolescencia. \u00bfQu\u00e9 significa \u201cnos entrenan\u201d?<\/p>\n<p>\u2013Alika: Nos preparan para no reconocer la violencia sexual. Si tu padre o madre o alg\u00fan familiar te entrega o incluso te viola o abusa de tu integridad sexual en tu infancia y adolescencia, como que te prepara el cuerpo y luego se prepara la psiquis.<\/p>\n<p>Que venga alguien y te pague por lo mismo que te hizo un familiar o alguien que hab\u00eda establecido un v\u00ednculo con vos es lo mejor que te puede pasar.<\/p>\n<p>\u2013LLH: \u00bfPor qu\u00e9?<\/p>\n<p>-Alika: Porque te est\u00e1n haciendo lo mismo y te dan dinero ( silencio) y ese dinero te permite estimular otros sentidos, por eso las drogas, el alcohol, un par de zapatos, las u\u00f1as, la peluquer\u00eda, \u2026porque te lleva a un terreno m\u00e1s superfluo.<\/p>\n<p>No estamos hablando del amor o de sentimientos m\u00e1s profundos. Estamos hablando de vivir en dimensiones completamente diferentes, donde se busca no sentir, donde se busca cero emociones, se busca disociar la mente del cuerpo.<\/p>\n<p>Por eso es tan complejo este delito, primero que muchas mujeres no quieren reconocer la violencia sexual, porque la prostituci\u00f3n es violencia sexual. Qui\u00e9n quiere reconocer el dolor, qui\u00e9n quiere reconocerse como v\u00edctima. Reconocerte como v\u00edctima es reconocer que fracasaste.<\/p>\n<p>\u2013LLH: \u00bfEn qu\u00e9?<\/p>\n<p>\u2013Alika:\u00a0En tu autocuidado, en tu fortaleza, porque eso es lo que nos han hecho creer, la propia sociedad nos ha llevado a ese lugar, de que si te violaron o te dijeron algo o te acosaron en la calle es tu culpa. Qui\u00e9n se va a reconocer como v\u00edctima en la prostituci\u00f3n.<\/p>\n<p>Ni siquiera se reconoce como m\u00e9todo de subsistencia, no te estoy hablando de trabajo, te hablo de subsistencia. Porque hay muchas mujeres que sobreviven por la prostituci\u00f3n y eso quiere decir que no merecen algo mejor, \u00a1Claro que se merecen todo! Se merecen una vida digna, el amor, una familia, Merecen que se acompa\u00f1e ese recorrido desde la prostituci\u00f3n a una reinserci\u00f3n social.<\/p>\n<p>\u2013LLH: \u00bfC\u00f3mo logras tener esa claridad de lo que te ha pasado, de lo que pasa?<\/p>\n<p>\u2013Alika\u00a0Mira, cuando fui a declarar despu\u00e9s del allanamiento, me tom\u00f3 declaraci\u00f3n la fiscal Mar\u00eda Armida y me dice. \u201cla imputaci\u00f3n es por trata\u201d.<\/p>\n<p>Yo no soy v\u00edctima de nada, le dije, y la fiscal me dice, bueno, est\u00e1 bien, no sos v\u00edctima y me empez\u00f3 a preguntar sobre mi vida, mi realidad, sobre mis hijas, sobre mi madre, mis t\u00edas, c\u00f3mo estaba conformada la familia, si yo amaba, si era amada, qu\u00e9 sent\u00eda, c\u00f3mo viv\u00eda, d\u00f3nde, me pregunt\u00f3 qu\u00e9 conoc\u00eda de Tierra del Fuego.<\/p>\n<p>Yo hac\u00eda muchos a\u00f1os que estaba en Tierra del Fuego, conoc\u00eda la avenida principal, el supermercado, el hospital, el laboratorio donde me hac\u00edan los an\u00e1lisis ginecol\u00f3gicos y todos los hoteles. Nunca hab\u00eda ido a esquiar, no conoc\u00eda una plaza, no hab\u00eda navegado, no conoc\u00eda donde estaba.<\/p>\n<p>Entraba y sal\u00eda por mi propia cuenta, pero no conoc\u00eda d\u00f3nde estaba\u2026<\/p>\n<p>Cimacnoticias: Fragmento de entrevista<\/p>\n<p>De hecho ten\u00eda otro nombre, no era Alika, era Karla, me hab\u00edan cambiado hasta la identidad en mis propias narices y no me daba cuenta.<\/p>\n<p>Despu\u00e9s de cuatro horas de relatarle mi vida, mis pesares, que hab\u00eda tenido fracasos amorosos, que me hab\u00edan violado a los 14 a\u00f1os, que mi ex marido me hab\u00eda violado, que me hab\u00eda explotado, que me sacaba la plata, que hab\u00eda estado en casas de intercambio de parejas con \u00e9l, despu\u00e9s que \u00e9l me hubiera prometido el amor.<\/p>\n<p>Nunca hab\u00eda repasado mi vida, nunca hab\u00eda repasado mi historia, me encontraba en que mi vida no me gustaba, pero no s\u00f3lo, no era nada m\u00e1s que no me gustaba mi vida, estaba reconociendo la violencia extrema que hab\u00eda sufrido, cuando fui contando mi vida\u2026<\/p>\n<p>Entonces dije no, no s\u00e9 que es la trata de personas, pero evidentemente algo en mi vida, algo en mi historia no est\u00e1 bien, algo en esta historia no est\u00e1 bien. Algo en todo lo que hizo Pedro en ese v\u00ednculo de confianza, de abusar de ese v\u00ednculo de confianza, que yo lo quer\u00eda como a un padre, fue un abuso tremendo de poder.<\/p>\n<p>Siempre hab\u00eda considerado que no hab\u00eda tenido suerte en la vida simplemente, y que me hab\u00eda tocado sufrir un poco, pero era todo muy tremendo, lo que pasa es que lo hab\u00eda naturalizado, lo hab\u00eda ocultado.<\/p>\n<p>Sal\u00ed de la fiscal\u00eda, se estaba haciendo de noche y lo \u00fanico que quer\u00eda era volverme a mi casa, ver a mis hijas, as\u00ed que me tom\u00e9 un avi\u00f3n, me volv\u00ed a mi casa, tuve tres intentos de suicidio mientras me reconoc\u00eda a m\u00ed misma como v\u00edctima.<\/p>\n<p>Pasaron como ocho meses, un tramo muy largo de mi vida, donde yo tuve que reconstruir mi historia, mi vida, pensar en un futuro para mis hijas, armar y desarmar, pensar qu\u00e9 quer\u00eda hacer yo y todo esto lo hice sola.<\/p>\n<p>\ufffcImagen retomada de Facebook<\/p>\n<p>\u2013LLH:\u00bfQu\u00e9 te daba fuerza?<\/p>\n<p>\u2013Alika:\u00a0 Ten\u00eda a mis hijas y no quer\u00eda que se repitiera la historia. Ten\u00eda que vivir por mis hijas, salir adelante por mis hijas.\u00a0 Y ten\u00eda qu\u00e9 reconstruir un proyecto de vida, y ni siquiera reconstruir porque vos dices \u201cse me descompuso mi proyecto de vida\u201d, pero yo no ten\u00eda proyecto de vida, no ten\u00eda nada que ofrecerles a mis hijas.<\/p>\n<p>Y empec\u00e9 a leer, la Convenci\u00f3n Bel\u00e9m Do Par\u00e1, la Convenci\u00f3n de Palermo\u2026 la Ley de Trata.<\/p>\n<p>-LLH: \u00bfC\u00f3mo llegas a esas lecturas?<\/p>\n<p>Alika.- Despu\u00e9s del rescate empec\u00e9 a googlear, me met\u00ed a internet\u00a0 a duras penas y con los pocos conocimientos empec\u00e9 a revisar. Fue curiosidad, necesitaba entender que es lo que me estaban tratando de explicar y que no entend\u00eda.<\/p>\n<p>No sab\u00eda de Derechos Humanos, de derechos de las mujeres, de trata, de feminismo, no entend\u00eda nada de lo que me estaban hablando.<\/p>\n<p>\u2013LLH: \u00bfQu\u00e9 te va pasando con lo que vas descubriendo?<\/p>\n<p>-Alika: Me ve\u00eda, era yo, no era otra. Hablaban de m\u00ed esas leyes y fue muy fuerte. \u00a0Casi todas hablaban de restituci\u00f3n de derechos y dec\u00eda s\u00ed soy \u00e9sta, entonces tengo derecho a una reinserci\u00f3n social, a un trabajo digno, a una vivienda, a terapia psicol\u00f3gica, o sea, entend\u00eda lo que estaba pasando, no sab\u00eda c\u00f3mo hilarlo, c\u00f3mo tejerlo. Pero lo ten\u00eda todo, todo estaba delante m\u00edo.<\/p>\n<p>Y empec\u00e9 a pensar qu\u00e9 clase de futuro ten\u00eda yo, no ten\u00eda dinero para el supermercado, para leche para mis hijas. Entonces empec\u00e9 a acercarme a la Administraci\u00f3n Nacional de la Seguridad Social (ANSES) , que es un organismo nacional, donde se hacen los subsidios para madres, para los hijos, lo primero que hice fue tramitarme un subsidio de esos.<\/p>\n<p>Recuerdo que me preguntan, porque vos nunca tramitaste esto, porque no sab\u00eda. Pero no tienes historial, no tienes legajo, no ten\u00eda cuenta bancaria, no aparec\u00eda en ning\u00fan lado, no figuraba en el sistema. Ah\u00ed fue como comenc\u00e9 a entrar en el sistema.<\/p>\n<p>Por suerte me encontr\u00e9 con gente que me iba dando informaci\u00f3n. Entonces me empec\u00e9 a contactar con los organismos que trabajaban la trata de personas.<\/p>\n<p>Me encontr\u00e9 con muchas situaciones; les dec\u00eda: la ley dice esto, y empiezan a decirte.. y bueno, pero eso no est\u00e1 reglamentado, y bueno, eso no\u2026 y bueno si al proxeneta le sacaron tantos millones, pero bueno eso se lo queda el Estado\u2026 y es como que empezaba a ligar los conceptos, estaba como deseosa del tema. Y un d\u00eda dije voy a vender todo y me voy a la fiscal\u00eda.<\/p>\n<p>Porque cuando estaba terminando la entrevista con la fiscal, despu\u00e9s de cuatro horas y pico me dice: \u201cmira Alika, si tu mam\u00e1 fue prostituta, tu abuela fue prostituta, todas tus t\u00edas fueron prostitutas, t\u00fa fuiste prostituta, y tus hijas \u00bfqu\u00e9 van a ser?\u201d\u2026<\/p>\n<p>Ah\u00ed fue c\u00f3mo que se me gir\u00f3 el mundo, porque a mis hijas las amo, me estas metiendo el dedo en la llaga. Le dije \u201cmis hijas van a ser universitarias\u201d.<\/p>\n<p>\u00bfC\u00f3mo van hacer universitarias, con qu\u00e9\u2026?<\/p>\n<p>Entonces dije: \u201cvoy a hacer un juicio a los proxenetas \u2013\u00a0 les voy a hacer un juicio all\u00e1 (Ushuaia). Me fui a la fiscal\u00eda y le dije, ya volv\u00ed fiscal, vamos a hacer el juicio.<\/p>\n<p>\u2013LLH: \u00bfPor qu\u00e9?<\/p>\n<p>\u2013Alika: Porque empec\u00e9 a reconocer la violencia, el abuso de poder, empec\u00e9 a reconocer la trata y que yo era v\u00edctima. Toda la vida abusaron de m\u00ed, hay que hacer justicia.<\/p>\n<p>Entre m\u00e1s obst\u00e1culos me pon\u00edan, m\u00e1s me emperraba, esto se va a resolver, y esto fue creciendo y creciendo, y ah\u00ed llegaron las entrevistas de radio, lleg\u00f3 la abogada, las organizaciones feministas, llegaron las entrevistas a nivel nacional e internacional, ah\u00ed se empez\u00f3 a abrir un abanico de cuestiones que con el correr de los a\u00f1os forjaron en m\u00ed a la activista.<\/p>\n<p>Me encontr\u00e9 defendi\u00e9ndome a m\u00ed misma, pero en defenderme a m\u00ed estaba defendiendo a miles. Cuando me preguntaban\u201d y bueno qu\u00e9 posici\u00f3n tienes sobre la prostituci\u00f3n\u201d, yo ya ten\u00eda ah\u00ed un posicionamiento pol\u00edtico.<\/p>\n<p>Mi vida personal, el da\u00f1o personal lo hab\u00eda convertido en una pol\u00edtica de Estado, o sea, se estaba forjando la activista, la sobreviviente, la luchadora y la defensora. Sin darme cuenta.<\/p>\n<p>\ufffc<\/p>\n<p>-LLH: Qu\u00e9 le dir\u00edas a la sociedad.<\/p>\n<p>Alika.- \u00a0La sociedad se tiene que comprometer m\u00e1s y tiene que ser m\u00e1s emp\u00e1tica. No hablamos solamente de prostituci\u00f3n s\u00ed o prostituci\u00f3n no, hablamos de esclavitud y c\u00f3mo esta esclavitud tom\u00f3 otra forma en estos tiempos. Hablamos de la explotaci\u00f3n sexual, de tr\u00e1fico de \u00f3rganos, pornograf\u00eda infantil. La trata de personas tiene muchas finalidades y muchas formas, es un pulpo y como sociedad tenemos que comprometernos a combatir esta violencia y flagelo que cae sobre nuestro mundo, ese es el compromiso.<\/p>\n<p>Tiene que haber un gran compromiso de parte de los varones a la hora de hablar de las nuevas masculinidades, necesitamos que hoy las nuevas masculinas lo planten desde este lugar, de los Derechos Humanos de las mujeres. Lo que necesitamos es que los hombres no tengan privilegio sobre los cuerpos de las mujeres.<\/p>\n<p>\u2013LLH: \u00bfC\u00f3mo es tu realidad hoy?<\/p>\n<p>\u2013Alika: Mi realidad es compleja , porque hablar de este tema tan delicado, tan\u00a0complejo lleva a una persecuci\u00f3n no s\u00f3lo de los estados por la falta de compromiso, sino por\u00a0 parte del lobby proxeneta a nivel mundial.<\/p>\n<p>Hay mucha gente que no quiere que hablemos de estos temas, somos perseguidas, somos atacadas, violentadas.<\/p>\n<p>\u2013LLH: \u00bfQu\u00e9 dicen tus hijas?<\/p>\n<p>Alika: Qu\u00e9 dicen mis hijas\u2026 mi hija mayor es muy dura, muy fr\u00eda, que todo tiene que hacerse as\u00ed de esa manera perfecta. Mis ni\u00f1as, son ni\u00f1as sobre una conciencia sobre su propia protecci\u00f3n, saben que no salen de a una, salen con la custodia, sino salen con miedo.<\/p>\n<p>Hace dos meses cuatro encapuchados quisieron secuestrar a una de mis hijas, son situaciones muy complejas, nos mudamos permanente, vivimos con rejas, con c\u00e1maras adentro y afuera.<\/p>\n<p>\u2013LLH: \u00bfQu\u00e9 pas\u00f3 con tu hermana?<\/p>\n<p>\u2013Alika: Wuau,( respira hondo, el dolor del recuerdo est\u00e1 en su rostro, se hace el silencio) mi hermana, la acompa\u00f1\u00e9 en todo lo que pude, pero cada quien elige su camino, yo eleg\u00ed el camino de luz, de la justicia de la paz\u00a0 social, de la inclusi\u00f3n y mi hermana eligi\u00f3 un camino m\u00e1s oscuro, eligi\u00f3 decir que yo ment\u00eda, pagada por los proxenetas, eligi\u00f3 otra forma\u2026<\/p>\n<p>\u2013LLH: Tu biograf\u00eda, c\u00f3mo la iniciar\u00edas<\/p>\n<p>-Alika:\u00a0Soy sobreviviente de delito de trata con fines de explotaci\u00f3n sexual. Soy madre, soy mujer, soy feminista radical, activista, soy compa\u00f1era, soy trabajadora, soy una luchadora, y aqu\u00ed estoy.<\/p>\n<p><strong>Primera parte<\/strong><\/p>\n<blockquote class=\"wp-embedded-content\" data-secret=\"KeAfaglZs4\"><p><a href=\"https:\/\/diariofemenino.com.ar\/alika-kinan-los-hombres-compran-la-humillacion-de-las-mujeres-no-sexo\/\">Alika Kinan: Los hombres compran la humillaci\u00f3n de las mujeres, no sexo<\/a><\/p><\/blockquote>\n<p><iframe loading=\"lazy\" class=\"wp-embedded-content\" sandbox=\"allow-scripts\" security=\"restricted\" style=\"position: absolute; clip: rect(1px, 1px, 1px, 1px);\" src=\"https:\/\/diariofemenino.com.ar\/alika-kinan-los-hombres-compran-la-humillacion-de-las-mujeres-no-sexo\/embed\/#?secret=KeAfaglZs4\" data-secret=\"KeAfaglZs4\" width=\"600\" height=\"338\" title=\"&#171;Alika Kinan: Los hombres compran la humillaci\u00f3n de las mujeres, no sexo&#187; &#8212; Diario Digital Femenino\" frameborder=\"0\" marginwidth=\"0\" marginheight=\"0\" scrolling=\"no\"><\/iframe><\/p>\n<p><a href=\"https:\/\/reporterosenmovimiento.com\/\">Reporteros en Movimiento<\/a><\/p>\n","protected":false},"excerpt":{"rendered":"<p>La riqueza es para quienes explotan a las mujeres: Alika Kinan Segunda y \u00faltima parte. Por\u00a0Luc\u00eda Lagunes Huerta Lima, Per\u00fa\/M\u00e9xico. \u00a018 de de septiembre de de 2019.- Alika Kinan no habla si siente que es momento de escuchar, reflexiona y s\u00f3lo despu\u00e9s de pensarlo habla, si est\u00e1 convencida de que vale la pena hablar, si [&hellip;]<\/p>\n","protected":false},"author":4,"featured_media":41510,"comment_status":"open","ping_status":"open","sticky":false,"template":"","format":"standard","meta":{"iawp_total_views":17,"footnotes":""},"categories":[7,1067,8,6,592],"tags":[378,379,1614],"class_list":["post-41506","post","type-post","status-publish","format-standard","has-post-thumbnail","hentry","category-actividades","category-agenda-feminista","category-entrevistas","category-articulos","category-violencias","tag-prostitucionesviolencia","tag-alika-kinan","tag-prostitucion-y-trata"],"nelio_content":{"autoShareEndMode":"never","automationSources":{"useCustomSentences":false,"customSentences":[]},"efiAlt":"","efiUrl":"","followers":[4],"highlights":[],"isAutoShareEnabled":true,"networkImageIds":[],"permalinkQueryArgs":[],"series":[],"suggestedReferences":[]},"yoast_head":"<!-- This site is optimized with the Yoast SEO plugin v27.4 - https:\/\/yoast.com\/product\/yoast-seo-wordpress\/ -->\n<title>La riqueza es para quienes explotan a las mujeres: Alika Kinan - Diario Digital Femenino<\/title>\n<meta name=\"description\" content=\"La riqueza es para quienes explotan a las mujeres: Alika Kinan. Segunda y \u00faltima parte de la entreista realizada por Luc\u00eda Lagunes Huerta.\" \/>\n<meta name=\"robots\" content=\"index, follow, max-snippet:-1, max-image-preview:large, max-video-preview:-1\" \/>\n<link rel=\"canonical\" href=\"https:\/\/diariofemenino.com.ar\/df\/la-riqueza-es-para-quienes-explotan-a-las-mujeres-alika-kinan\/\" \/>\n<meta property=\"og:locale\" content=\"es_ES\" \/>\n<meta property=\"og:type\" content=\"article\" \/>\n<meta property=\"og:title\" content=\"La riqueza es para quienes explotan a las mujeres: Alika Kinan - Diario Digital Femenino\" \/>\n<meta property=\"og:description\" content=\"La riqueza es para quienes explotan a las mujeres: Alika Kinan. Segunda y \u00faltima parte de la entreista realizada por Luc\u00eda Lagunes Huerta.\" \/>\n<meta property=\"og:url\" content=\"https:\/\/diariofemenino.com.ar\/df\/la-riqueza-es-para-quienes-explotan-a-las-mujeres-alika-kinan\/\" \/>\n<meta property=\"og:site_name\" content=\"Diario Digital Femenino\" \/>\n<meta property=\"article:publisher\" content=\"https:\/\/www.facebook.com\/DiarioDigitaFemenino\/\" \/>\n<meta property=\"article:published_time\" content=\"2019-09-22T20:34:04+00:00\" \/>\n<meta property=\"og:image\" content=\"https:\/\/diariofemenino.com.ar\/df\/wp-content\/uploads\/2019\/09\/15688558840151936843273.png\" \/>\n\t<meta property=\"og:image:width\" content=\"900\" \/>\n\t<meta property=\"og:image:height\" content=\"600\" \/>\n\t<meta property=\"og:image:type\" content=\"image\/png\" \/>\n<meta name=\"author\" content=\"Admin\" \/>\n<meta name=\"twitter:card\" content=\"summary_large_image\" \/>\n<meta name=\"twitter:creator\" content=\"@DiarioFemenino1\" \/>\n<meta name=\"twitter:site\" content=\"@DiarioFemenino1\" \/>\n<meta name=\"twitter:label1\" content=\"Escrito por\" \/>\n\t<meta name=\"twitter:data1\" content=\"Admin\" \/>\n\t<meta name=\"twitter:label2\" content=\"Tiempo de lectura\" \/>\n\t<meta name=\"twitter:data2\" content=\"13 minutos\" \/>\n<script type=\"application\/ld+json\" class=\"yoast-schema-graph\">{\"@context\":\"https:\\\/\\\/schema.org\",\"@graph\":[{\"@type\":\"Article\",\"@id\":\"https:\\\/\\\/diariofemenino.com.ar\\\/df\\\/la-riqueza-es-para-quienes-explotan-a-las-mujeres-alika-kinan\\\/#article\",\"isPartOf\":{\"@id\":\"https:\\\/\\\/diariofemenino.com.ar\\\/df\\\/la-riqueza-es-para-quienes-explotan-a-las-mujeres-alika-kinan\\\/\"},\"author\":{\"name\":\"Admin\",\"@id\":\"https:\\\/\\\/diariofemenino.com.ar\\\/df\\\/#\\\/schema\\\/person\\\/bf6199e8158c657ea6f789b11ec85509\"},\"headline\":\"La riqueza es para quienes explotan a las mujeres: Alika Kinan\",\"datePublished\":\"2019-09-22T20:34:04+00:00\",\"mainEntityOfPage\":{\"@id\":\"https:\\\/\\\/diariofemenino.com.ar\\\/df\\\/la-riqueza-es-para-quienes-explotan-a-las-mujeres-alika-kinan\\\/\"},\"wordCount\":2693,\"commentCount\":0,\"publisher\":{\"@id\":\"https:\\\/\\\/diariofemenino.com.ar\\\/df\\\/#organization\"},\"image\":{\"@id\":\"https:\\\/\\\/diariofemenino.com.ar\\\/df\\\/la-riqueza-es-para-quienes-explotan-a-las-mujeres-alika-kinan\\\/#primaryimage\"},\"thumbnailUrl\":\"https:\\\/\\\/diariofemenino.com.ar\\\/df\\\/wp-content\\\/uploads\\\/2019\\\/09\\\/15688558840151936843273.png\",\"keywords\":[\"#Prostituci\u00f3nEsViolencia\",\"Alika Kinan\",\"Prostituci\u00f3n y Trata\"],\"articleSection\":[\"Actividades\",\"Agenda Feminista\",\"Entrevistas\",\"Mujeres en Palabras\",\"Violencias\"],\"inLanguage\":\"es\",\"potentialAction\":[{\"@type\":\"CommentAction\",\"name\":\"Comment\",\"target\":[\"https:\\\/\\\/diariofemenino.com.ar\\\/df\\\/la-riqueza-es-para-quienes-explotan-a-las-mujeres-alika-kinan\\\/#respond\"]}]},{\"@type\":\"WebPage\",\"@id\":\"https:\\\/\\\/diariofemenino.com.ar\\\/df\\\/la-riqueza-es-para-quienes-explotan-a-las-mujeres-alika-kinan\\\/\",\"url\":\"https:\\\/\\\/diariofemenino.com.ar\\\/df\\\/la-riqueza-es-para-quienes-explotan-a-las-mujeres-alika-kinan\\\/\",\"name\":\"La riqueza es para quienes explotan a las mujeres: Alika Kinan - Diario Digital Femenino\",\"isPartOf\":{\"@id\":\"https:\\\/\\\/diariofemenino.com.ar\\\/df\\\/#website\"},\"primaryImageOfPage\":{\"@id\":\"https:\\\/\\\/diariofemenino.com.ar\\\/df\\\/la-riqueza-es-para-quienes-explotan-a-las-mujeres-alika-kinan\\\/#primaryimage\"},\"image\":{\"@id\":\"https:\\\/\\\/diariofemenino.com.ar\\\/df\\\/la-riqueza-es-para-quienes-explotan-a-las-mujeres-alika-kinan\\\/#primaryimage\"},\"thumbnailUrl\":\"https:\\\/\\\/diariofemenino.com.ar\\\/df\\\/wp-content\\\/uploads\\\/2019\\\/09\\\/15688558840151936843273.png\",\"datePublished\":\"2019-09-22T20:34:04+00:00\",\"description\":\"La riqueza es para quienes explotan a las mujeres: Alika Kinan. Segunda y \u00faltima parte de la entreista realizada por Luc\u00eda Lagunes Huerta.\",\"breadcrumb\":{\"@id\":\"https:\\\/\\\/diariofemenino.com.ar\\\/df\\\/la-riqueza-es-para-quienes-explotan-a-las-mujeres-alika-kinan\\\/#breadcrumb\"},\"inLanguage\":\"es\",\"potentialAction\":[{\"@type\":\"ReadAction\",\"target\":[\"https:\\\/\\\/diariofemenino.com.ar\\\/df\\\/la-riqueza-es-para-quienes-explotan-a-las-mujeres-alika-kinan\\\/\"]}]},{\"@type\":\"ImageObject\",\"inLanguage\":\"es\",\"@id\":\"https:\\\/\\\/diariofemenino.com.ar\\\/df\\\/la-riqueza-es-para-quienes-explotan-a-las-mujeres-alika-kinan\\\/#primaryimage\",\"url\":\"https:\\\/\\\/diariofemenino.com.ar\\\/df\\\/wp-content\\\/uploads\\\/2019\\\/09\\\/15688558840151936843273.png\",\"contentUrl\":\"https:\\\/\\\/diariofemenino.com.ar\\\/df\\\/wp-content\\\/uploads\\\/2019\\\/09\\\/15688558840151936843273.png\",\"width\":900,\"height\":600,\"caption\":\"La riqueza es para quienes explotan a las mujeres: Alika Kinan\"},{\"@type\":\"BreadcrumbList\",\"@id\":\"https:\\\/\\\/diariofemenino.com.ar\\\/df\\\/la-riqueza-es-para-quienes-explotan-a-las-mujeres-alika-kinan\\\/#breadcrumb\",\"itemListElement\":[{\"@type\":\"ListItem\",\"position\":1,\"name\":\"Portada\",\"item\":\"https:\\\/\\\/diariofemenino.com.ar\\\/df\\\/\"},{\"@type\":\"ListItem\",\"position\":2,\"name\":\"La riqueza es para quienes explotan a las mujeres: Alika Kinan\"}]},{\"@type\":\"WebSite\",\"@id\":\"https:\\\/\\\/diariofemenino.com.ar\\\/df\\\/#website\",\"url\":\"https:\\\/\\\/diariofemenino.com.ar\\\/df\\\/\",\"name\":\"Diario Digital Femenino\",\"description\":\"Cuesti\u00f3n de G\u00e9nero\",\"publisher\":{\"@id\":\"https:\\\/\\\/diariofemenino.com.ar\\\/df\\\/#organization\"},\"potentialAction\":[{\"@type\":\"SearchAction\",\"target\":{\"@type\":\"EntryPoint\",\"urlTemplate\":\"https:\\\/\\\/diariofemenino.com.ar\\\/df\\\/?s={search_term_string}\"},\"query-input\":{\"@type\":\"PropertyValueSpecification\",\"valueRequired\":true,\"valueName\":\"search_term_string\"}}],\"inLanguage\":\"es\"},{\"@type\":\"Organization\",\"@id\":\"https:\\\/\\\/diariofemenino.com.ar\\\/df\\\/#organization\",\"name\":\"Diario Femenino\",\"url\":\"https:\\\/\\\/diariofemenino.com.ar\\\/df\\\/\",\"logo\":{\"@type\":\"ImageObject\",\"inLanguage\":\"es\",\"@id\":\"https:\\\/\\\/diariofemenino.com.ar\\\/df\\\/#\\\/schema\\\/logo\\\/image\\\/\",\"url\":\"https:\\\/\\\/diariofemenino.com.ar\\\/df\\\/wp-content\\\/uploads\\\/2018\\\/10\\\/logo.png\",\"contentUrl\":\"https:\\\/\\\/diariofemenino.com.ar\\\/df\\\/wp-content\\\/uploads\\\/2018\\\/10\\\/logo.png\",\"width\":500,\"height\":92,\"caption\":\"Diario Femenino\"},\"image\":{\"@id\":\"https:\\\/\\\/diariofemenino.com.ar\\\/df\\\/#\\\/schema\\\/logo\\\/image\\\/\"},\"sameAs\":[\"https:\\\/\\\/www.facebook.com\\\/DiarioDigitaFemenino\\\/\",\"https:\\\/\\\/x.com\\\/DiarioFemenino1\"]},{\"@type\":\"Person\",\"@id\":\"https:\\\/\\\/diariofemenino.com.ar\\\/df\\\/#\\\/schema\\\/person\\\/bf6199e8158c657ea6f789b11ec85509\",\"name\":\"Admin\",\"image\":{\"@type\":\"ImageObject\",\"inLanguage\":\"es\",\"@id\":\"https:\\\/\\\/diariofemenino.com.ar\\\/df\\\/wp-content\\\/uploads\\\/2018\\\/12\\\/favicon-150x150.jpg\",\"url\":\"https:\\\/\\\/diariofemenino.com.ar\\\/df\\\/wp-content\\\/uploads\\\/2018\\\/12\\\/favicon-150x150.jpg\",\"contentUrl\":\"https:\\\/\\\/diariofemenino.com.ar\\\/df\\\/wp-content\\\/uploads\\\/2018\\\/12\\\/favicon-150x150.jpg\",\"caption\":\"Admin\"},\"url\":\"https:\\\/\\\/diariofemenino.com.ar\\\/df\\\/author\\\/lenny\\\/\"}]}<\/script>\n<!-- \/ Yoast SEO plugin. -->","yoast_head_json":{"title":"La riqueza es para quienes explotan a las mujeres: Alika Kinan - Diario Digital Femenino","description":"La riqueza es para quienes explotan a las mujeres: Alika Kinan. Segunda y \u00faltima parte de la entreista realizada por Luc\u00eda Lagunes Huerta.","robots":{"index":"index","follow":"follow","max-snippet":"max-snippet:-1","max-image-preview":"max-image-preview:large","max-video-preview":"max-video-preview:-1"},"canonical":"https:\/\/diariofemenino.com.ar\/df\/la-riqueza-es-para-quienes-explotan-a-las-mujeres-alika-kinan\/","og_locale":"es_ES","og_type":"article","og_title":"La riqueza es para quienes explotan a las mujeres: Alika Kinan - Diario Digital Femenino","og_description":"La riqueza es para quienes explotan a las mujeres: Alika Kinan. Segunda y \u00faltima parte de la entreista realizada por Luc\u00eda Lagunes Huerta.","og_url":"https:\/\/diariofemenino.com.ar\/df\/la-riqueza-es-para-quienes-explotan-a-las-mujeres-alika-kinan\/","og_site_name":"Diario Digital Femenino","article_publisher":"https:\/\/www.facebook.com\/DiarioDigitaFemenino\/","article_published_time":"2019-09-22T20:34:04+00:00","og_image":[{"width":900,"height":600,"url":"https:\/\/diariofemenino.com.ar\/df\/wp-content\/uploads\/2019\/09\/15688558840151936843273.png","type":"image\/png"}],"author":"Admin","twitter_card":"summary_large_image","twitter_creator":"@DiarioFemenino1","twitter_site":"@DiarioFemenino1","twitter_misc":{"Escrito por":"Admin","Tiempo de lectura":"13 minutos"},"schema":{"@context":"https:\/\/schema.org","@graph":[{"@type":"Article","@id":"https:\/\/diariofemenino.com.ar\/df\/la-riqueza-es-para-quienes-explotan-a-las-mujeres-alika-kinan\/#article","isPartOf":{"@id":"https:\/\/diariofemenino.com.ar\/df\/la-riqueza-es-para-quienes-explotan-a-las-mujeres-alika-kinan\/"},"author":{"name":"Admin","@id":"https:\/\/diariofemenino.com.ar\/df\/#\/schema\/person\/bf6199e8158c657ea6f789b11ec85509"},"headline":"La riqueza es para quienes explotan a las mujeres: Alika Kinan","datePublished":"2019-09-22T20:34:04+00:00","mainEntityOfPage":{"@id":"https:\/\/diariofemenino.com.ar\/df\/la-riqueza-es-para-quienes-explotan-a-las-mujeres-alika-kinan\/"},"wordCount":2693,"commentCount":0,"publisher":{"@id":"https:\/\/diariofemenino.com.ar\/df\/#organization"},"image":{"@id":"https:\/\/diariofemenino.com.ar\/df\/la-riqueza-es-para-quienes-explotan-a-las-mujeres-alika-kinan\/#primaryimage"},"thumbnailUrl":"https:\/\/diariofemenino.com.ar\/df\/wp-content\/uploads\/2019\/09\/15688558840151936843273.png","keywords":["#Prostituci\u00f3nEsViolencia","Alika Kinan","Prostituci\u00f3n y Trata"],"articleSection":["Actividades","Agenda Feminista","Entrevistas","Mujeres en Palabras","Violencias"],"inLanguage":"es","potentialAction":[{"@type":"CommentAction","name":"Comment","target":["https:\/\/diariofemenino.com.ar\/df\/la-riqueza-es-para-quienes-explotan-a-las-mujeres-alika-kinan\/#respond"]}]},{"@type":"WebPage","@id":"https:\/\/diariofemenino.com.ar\/df\/la-riqueza-es-para-quienes-explotan-a-las-mujeres-alika-kinan\/","url":"https:\/\/diariofemenino.com.ar\/df\/la-riqueza-es-para-quienes-explotan-a-las-mujeres-alika-kinan\/","name":"La riqueza es para quienes explotan a las mujeres: Alika Kinan - Diario Digital Femenino","isPartOf":{"@id":"https:\/\/diariofemenino.com.ar\/df\/#website"},"primaryImageOfPage":{"@id":"https:\/\/diariofemenino.com.ar\/df\/la-riqueza-es-para-quienes-explotan-a-las-mujeres-alika-kinan\/#primaryimage"},"image":{"@id":"https:\/\/diariofemenino.com.ar\/df\/la-riqueza-es-para-quienes-explotan-a-las-mujeres-alika-kinan\/#primaryimage"},"thumbnailUrl":"https:\/\/diariofemenino.com.ar\/df\/wp-content\/uploads\/2019\/09\/15688558840151936843273.png","datePublished":"2019-09-22T20:34:04+00:00","description":"La riqueza es para quienes explotan a las mujeres: Alika Kinan. Segunda y \u00faltima parte de la entreista realizada por Luc\u00eda Lagunes Huerta.","breadcrumb":{"@id":"https:\/\/diariofemenino.com.ar\/df\/la-riqueza-es-para-quienes-explotan-a-las-mujeres-alika-kinan\/#breadcrumb"},"inLanguage":"es","potentialAction":[{"@type":"ReadAction","target":["https:\/\/diariofemenino.com.ar\/df\/la-riqueza-es-para-quienes-explotan-a-las-mujeres-alika-kinan\/"]}]},{"@type":"ImageObject","inLanguage":"es","@id":"https:\/\/diariofemenino.com.ar\/df\/la-riqueza-es-para-quienes-explotan-a-las-mujeres-alika-kinan\/#primaryimage","url":"https:\/\/diariofemenino.com.ar\/df\/wp-content\/uploads\/2019\/09\/15688558840151936843273.png","contentUrl":"https:\/\/diariofemenino.com.ar\/df\/wp-content\/uploads\/2019\/09\/15688558840151936843273.png","width":900,"height":600,"caption":"La riqueza es para quienes explotan a las mujeres: Alika Kinan"},{"@type":"BreadcrumbList","@id":"https:\/\/diariofemenino.com.ar\/df\/la-riqueza-es-para-quienes-explotan-a-las-mujeres-alika-kinan\/#breadcrumb","itemListElement":[{"@type":"ListItem","position":1,"name":"Portada","item":"https:\/\/diariofemenino.com.ar\/df\/"},{"@type":"ListItem","position":2,"name":"La riqueza es para quienes explotan a las mujeres: Alika Kinan"}]},{"@type":"WebSite","@id":"https:\/\/diariofemenino.com.ar\/df\/#website","url":"https:\/\/diariofemenino.com.ar\/df\/","name":"Diario Digital Femenino","description":"Cuesti\u00f3n de G\u00e9nero","publisher":{"@id":"https:\/\/diariofemenino.com.ar\/df\/#organization"},"potentialAction":[{"@type":"SearchAction","target":{"@type":"EntryPoint","urlTemplate":"https:\/\/diariofemenino.com.ar\/df\/?s={search_term_string}"},"query-input":{"@type":"PropertyValueSpecification","valueRequired":true,"valueName":"search_term_string"}}],"inLanguage":"es"},{"@type":"Organization","@id":"https:\/\/diariofemenino.com.ar\/df\/#organization","name":"Diario Femenino","url":"https:\/\/diariofemenino.com.ar\/df\/","logo":{"@type":"ImageObject","inLanguage":"es","@id":"https:\/\/diariofemenino.com.ar\/df\/#\/schema\/logo\/image\/","url":"https:\/\/diariofemenino.com.ar\/df\/wp-content\/uploads\/2018\/10\/logo.png","contentUrl":"https:\/\/diariofemenino.com.ar\/df\/wp-content\/uploads\/2018\/10\/logo.png","width":500,"height":92,"caption":"Diario Femenino"},"image":{"@id":"https:\/\/diariofemenino.com.ar\/df\/#\/schema\/logo\/image\/"},"sameAs":["https:\/\/www.facebook.com\/DiarioDigitaFemenino\/","https:\/\/x.com\/DiarioFemenino1"]},{"@type":"Person","@id":"https:\/\/diariofemenino.com.ar\/df\/#\/schema\/person\/bf6199e8158c657ea6f789b11ec85509","name":"Admin","image":{"@type":"ImageObject","inLanguage":"es","@id":"https:\/\/diariofemenino.com.ar\/df\/wp-content\/uploads\/2018\/12\/favicon-150x150.jpg","url":"https:\/\/diariofemenino.com.ar\/df\/wp-content\/uploads\/2018\/12\/favicon-150x150.jpg","contentUrl":"https:\/\/diariofemenino.com.ar\/df\/wp-content\/uploads\/2018\/12\/favicon-150x150.jpg","caption":"Admin"},"url":"https:\/\/diariofemenino.com.ar\/df\/author\/lenny\/"}]}},"jetpack_featured_media_url":"https:\/\/diariofemenino.com.ar\/df\/wp-content\/uploads\/2019\/09\/15688558840151936843273.png","jetpack_sharing_enabled":true,"rttpg_featured_image_url":{"full":["https:\/\/diariofemenino.com.ar\/df\/wp-content\/uploads\/2019\/09\/15688558840151936843273.png",900,600,false],"landscape":["https:\/\/diariofemenino.com.ar\/df\/wp-content\/uploads\/2019\/09\/15688558840151936843273.png",900,600,false],"portraits":["https:\/\/diariofemenino.com.ar\/df\/wp-content\/uploads\/2019\/09\/15688558840151936843273.png",900,600,false],"thumbnail":["https:\/\/diariofemenino.com.ar\/df\/wp-content\/uploads\/2019\/09\/15688558840151936843273-150x150.png",150,150,true],"medium":["https:\/\/diariofemenino.com.ar\/df\/wp-content\/uploads\/2019\/09\/15688558840151936843273-300x200.png",300,200,true],"large":["https:\/\/diariofemenino.com.ar\/df\/wp-content\/uploads\/2019\/09\/15688558840151936843273.png",900,600,false],"1536x1536":["https:\/\/diariofemenino.com.ar\/df\/wp-content\/uploads\/2019\/09\/15688558840151936843273.png",900,600,false],"2048x2048":["https:\/\/diariofemenino.com.ar\/df\/wp-content\/uploads\/2019\/09\/15688558840151936843273.png",900,600,false]},"rttpg_author":{"display_name":"Admin","author_link":"https:\/\/diariofemenino.com.ar\/df\/author\/lenny\/"},"rttpg_comment":0,"rttpg_category":"<a href=\"https:\/\/diariofemenino.com.ar\/df\/category\/actividades\/\" rel=\"category tag\">Actividades<\/a> <a href=\"https:\/\/diariofemenino.com.ar\/df\/category\/agenda-feminista\/\" rel=\"category tag\">Agenda Feminista<\/a> <a href=\"https:\/\/diariofemenino.com.ar\/df\/category\/entrevistas\/\" rel=\"category tag\">Entrevistas<\/a> <a href=\"https:\/\/diariofemenino.com.ar\/df\/category\/articulos\/\" rel=\"category tag\">Mujeres en Palabras<\/a> <a href=\"https:\/\/diariofemenino.com.ar\/df\/category\/violencias\/\" rel=\"category tag\">Violencias<\/a>","rttpg_excerpt":"La riqueza es para quienes explotan a las mujeres: Alika Kinan Segunda y \u00faltima parte. Por\u00a0Luc\u00eda Lagunes Huerta Lima, Per\u00fa\/M\u00e9xico. \u00a018 de de septiembre de de 2019.- Alika Kinan no habla si siente que es momento de escuchar, reflexiona y s\u00f3lo despu\u00e9s de pensarlo habla, si est\u00e1 convencida de que vale la pena hablar, si&hellip;","_links":{"self":[{"href":"https:\/\/diariofemenino.com.ar\/df\/wp-json\/wp\/v2\/posts\/41506","targetHints":{"allow":["GET"]}}],"collection":[{"href":"https:\/\/diariofemenino.com.ar\/df\/wp-json\/wp\/v2\/posts"}],"about":[{"href":"https:\/\/diariofemenino.com.ar\/df\/wp-json\/wp\/v2\/types\/post"}],"author":[{"embeddable":true,"href":"https:\/\/diariofemenino.com.ar\/df\/wp-json\/wp\/v2\/users\/4"}],"replies":[{"embeddable":true,"href":"https:\/\/diariofemenino.com.ar\/df\/wp-json\/wp\/v2\/comments?post=41506"}],"version-history":[{"count":0,"href":"https:\/\/diariofemenino.com.ar\/df\/wp-json\/wp\/v2\/posts\/41506\/revisions"}],"wp:featuredmedia":[{"embeddable":true,"href":"https:\/\/diariofemenino.com.ar\/df\/wp-json\/wp\/v2\/media\/41510"}],"wp:attachment":[{"href":"https:\/\/diariofemenino.com.ar\/df\/wp-json\/wp\/v2\/media?parent=41506"}],"wp:term":[{"taxonomy":"category","embeddable":true,"href":"https:\/\/diariofemenino.com.ar\/df\/wp-json\/wp\/v2\/categories?post=41506"},{"taxonomy":"post_tag","embeddable":true,"href":"https:\/\/diariofemenino.com.ar\/df\/wp-json\/wp\/v2\/tags?post=41506"}],"curies":[{"name":"wp","href":"https:\/\/api.w.org\/{rel}","templated":true}]}}