{"id":41397,"date":"2019-09-17T19:38:39","date_gmt":"2019-09-17T22:38:39","guid":{"rendered":"https:\/\/diariofemenino.com.ar\/?p=41397"},"modified":"2019-09-17T19:38:39","modified_gmt":"2019-09-17T22:38:39","slug":"aumento-la-tasa-de-cesareas-del-34-al-38-a-nivel-nacional","status":"publish","type":"post","link":"https:\/\/diariofemenino.com.ar\/df\/aumento-la-tasa-de-cesareas-del-34-al-38-a-nivel-nacional\/","title":{"rendered":"\u201cAument\u00f3 la tasa de ces\u00e1reas del 34 al 38% a nivel nacional\u201d"},"content":{"rendered":"<h3 style=\"text-align: center;\">\u201cAument\u00f3 la tasa de ces\u00e1reas del 34 al 38% a nivel nacional\u201d<\/h3>\n<p><b><i>\u201cTenemos un dato preliminar que indica que las ces\u00e1reas han aumentado a nivel nacional del 34 al 38 % y hay provincias que tienen m\u00e1s de 50% en la atenci\u00f3n p\u00fablica\u201d<\/i><\/b>, expres\u00f3 Diana Fari\u00f1a, la directora de Maternidad e Infancia de la Naci\u00f3n del Ministerio de salud en una entrevista con Parir y Nacer, en la que adelant\u00f3 los resultados de estudios recientes.<\/p>\n<p>Con el fin de analizar esta problem\u00e1tica se realizar\u00e1 el pr\u00f3ximo jueves 19 de septiembre el segundo encuentro de la Mesa de Protecci\u00f3n de Derechos del Parto y Nacimiento, en el marco de la Direcci\u00f3n de Ni\u00f1ez, Adolescencia, G\u00e9nero y Diversidad de la Defensor\u00eda del Pueblo CABA, \u00e1rea a cargo de Mar\u00eda Elena Naddeo.<\/p>\n<p>La coordinaci\u00f3n de la actividad\u00a0 est\u00e1 a cargo de la organizaci\u00f3n Parir y Nacer y estar\u00e1n presentes la diputada nacional M\u00f3nica Macha, profesionales de la salud (sanitaristas, obstetras, obst\u00e9tricas,\u00a0 neonat\u00f3logas, doulas, periodistas y representante del\u00a0\u00a0\u00c1rea\u00a0\u00a0de G\u00e9nero del Poder Judicial.<\/p>\n<p>En este segundo encuentro se trabajar\u00e1n acciones tendientes a visibilizar el aumento sostenido y preocupante de las ces\u00e1reas innecesarias, el seguimiento de la carta presentada desde la Defensor\u00eda al Ministerio de Salud CABA por tal situaci\u00f3n, el pronunciamiento a favor de la ley de Obst\u00e9tricas, de cara a una reuni\u00f3n\u00a0 a realizarse en la APDH (Asamblea Permanente por los Derechos Humanos),\u00a0\u00a0conmemorando el 25 de noviembre D\u00eda Internacional contra la Violencia hacia la Mujer.<\/p>\n<p><iframe loading=\"lazy\" src=\"https:\/\/www.youtube.com\/embed\/p_UDOkyPhM8\" width=\"560\" height=\"315\" frameborder=\"0\" allowfullscreen=\"allowfullscreen\"><\/iframe><\/p>\n<p><a href=\"https:\/\/parirynacer.com.ar\/\">De Parir y Nacer<\/a><\/p>\n<p>Parir y Nacer, fue invitada por la Defensor\u00eda del Pueblo de la Ciudad de Buenos Aires y present\u00f3 un informe audiovisual Tiempo de Parir, sobre las cifras de ces\u00e1reas en aumento y las pr\u00e1cticas respetadas de <a href=\"https:\/\/diariofemenino.com.ar\/contra-la-violencia-obstetrica-parto-respetado\/\">parto y nacimiento<\/a>.<\/p>\n<p>La investigaci\u00f3n fue realizada por las documentalistas Graciela Stuchlik y Yuruani Rodr\u00edguez, de la organizaci\u00f3n Parir y Nacer.<\/p>\n<p>Participaron del evento Autoridades de la Defensor\u00eda del Pueblo: Alejandra Antu\u00f1a y Mar\u00eda Elena Naddeo; Mario R\u00f3vere, m\u00e9dico sanitarista; Patricia Rosemberg ex directora de la Maternidad Estela de Carlotto; y los obstetras Carlos Burgo y Beltr\u00e1n Lares, Eliana Merlene G\u00f3mez, obst\u00e9trica, y la puericultora Yanina Dossetto de Parir y Nacer.<\/p>\n<figure id=\"attachment_41410\" aria-describedby=\"caption-attachment-41410\" style=\"width: 631px\" class=\"wp-caption alignnone\"><img loading=\"lazy\" decoding=\"async\" class=\"size-full wp-image-41410\" src=\"https:\/\/diariofemenino.com.ar\/df\/wp-content\/uploads\/2019\/09\/Ces\u00e1reas1.jpg\" alt=\"\u201cAument\u00f3 la tasa de ces\u00e1reas del 34 al 38% a nivel nacional\u201d\" width=\"631\" height=\"344\" srcset=\"https:\/\/diariofemenino.com.ar\/df\/wp-content\/uploads\/2019\/09\/Ces\u00e1reas1.jpg 631w, https:\/\/diariofemenino.com.ar\/df\/wp-content\/uploads\/2019\/09\/Ces\u00e1reas1-300x164.jpg 300w\" sizes=\"auto, (max-width: 631px) 100vw, 631px\" \/><figcaption id=\"caption-attachment-41410\" class=\"wp-caption-text\">\u201cAument\u00f3 la tasa de ces\u00e1reas del 34 al 38% a nivel nacional\u201d<\/figcaption><\/figure>\n<hr \/>\n<p><strong>\u00bfQu\u00e9 es una ces\u00e1rea?<\/strong><\/p>\n<p>Una\u00a0<b>ces\u00e1rea<\/b>\u00a0es un tipo de intervenci\u00f3n quir\u00fargica el cual se realiza una incisi\u00f3n quir\u00fargica en el\u00a0abdomen\u00a0(laparotom\u00eda) y el\u00a0\u00fatero\u00a0de la madre para extraer uno o m\u00e1s beb\u00e9s. La OMS suele recomendar su uso cuando un parto vaginal podr\u00eda conducir a complicaciones m\u00e9dicas, que seg\u00fan la NOM-007 deber\u00eda ser utilizada \u00fanicamente en el 15% de los embarazos.<\/p>\n<p>No se debe confundir con la\u00a0episiotom\u00eda, que es una incisi\u00f3n en el\u00a0perin\u00e9\u00a0para facilitar el parto. La ces\u00e1rea se hace por encima de la pelvis.<\/p>\n<p>Contrariamente a lo sostenido por algunos autores, la palabra \u00abces\u00e1rea\u00bb no tiene nada que ver con\u00a0Julio C\u00e9sar, ni este naci\u00f3 por medio de esa cirug\u00eda.<sup id=\"cite_ref-FOOTNOTEGoldsworthy200755_2-0\" class=\"reference separada\"><\/sup><\/p>\n<hr \/>\n<p><a href=\"https:\/\/es.wikipedia.org\/wiki\/Parto_respetado\"><strong>Parto respetado<\/strong><\/a><\/p>\n<p>Se denomina\u00a0<a href=\"https:\/\/diariofemenino.com.ar\/que-significa-el-parto-respetado-y-cuales-son-los-derechos-de-cada-mujer\/\"><b>parto respetado<\/b><\/a>\u00a0o\u00a0<b>parto humanizado<\/b>\u00a0a un modo de atender el proceso de parto en el cual se privilegia la voluntad de la mujer que va a dar a luz y se respetan sus tiempos fisiol\u00f3gicos personales. El objetivo es que el momento del parto sea un espacio familiar donde la mujer y su beb\u00e9 sean los protagonistas, donde el nacimiento se desarrolle de la manera m\u00e1s natural posible\u00a0<sup id=\"cite_ref-1\" class=\"reference separada\"><\/sup>y donde no se realicen\u00a0intervenciones quir\u00fargicas\u00a0innecesarias, en consonancia con las recomendaciones de la\u00a0Organizaci\u00f3n Mundial de la Salud.\u00a0<sup id=\"cite_ref-2\" class=\"reference separada\"><\/sup>\u200b <strong>El objetivo es que los nacimientos por\u00a0ces\u00e1rea\u00a0no superen el 15% de los partos de un pa\u00eds<\/strong>.<sup id=\"cite_ref-3\" class=\"reference separada\"><\/sup><sup id=\"cite_ref-5\" class=\"reference separada\"><\/sup><\/p>\n<p>Aunque puede salvar vidas, la ces\u00e1rea a menudo se realiza sin necesidad m\u00e9dica, y puede poner a las mujeres y a sus beb\u00e9s en riesgo de\u00a0problemas de salud\u00a0a corto y a largo plazo.<sup id=\"cite_ref-6\" class=\"reference separada\"><\/sup><sup id=\"cite_ref-13\" class=\"reference separada\"><\/sup><\/p>\n<p>El parto respetado abarca, como puntos m\u00e1s importantes, cuestiones como la elecci\u00f3n del lugar donde se producir\u00e1 el parto (hospitales, sanatorios o incluso la propia casa),\u00a0<sup id=\"cite_ref-14\" class=\"reference separada\"><\/sup>la forma y la posici\u00f3n de parir, y la elecci\u00f3n de la persona de acompa\u00f1amiento durante el proceso<\/p>\n","protected":false},"excerpt":{"rendered":"<p>\u201cAument\u00f3 la tasa de ces\u00e1reas del 34 al 38% a nivel nacional\u201d \u201cTenemos un dato preliminar que indica que las ces\u00e1reas han aumentado a nivel nacional del 34 al 38 % y hay provincias que tienen m\u00e1s de 50% en la atenci\u00f3n p\u00fablica\u201d, expres\u00f3 Diana Fari\u00f1a, la directora de Maternidad e Infancia de la Naci\u00f3n [&hellip;]<\/p>\n","protected":false},"author":4,"featured_media":41403,"comment_status":"open","ping_status":"open","sticky":false,"template":"","format":"standard","meta":{"iawp_total_views":1,"footnotes":""},"categories":[7,627,182,23],"tags":[1363,53,10,1203],"class_list":["post-41397","post","type-post","status-publish","format-standard","has-post-thumbnail","hentry","category-actividades","category-genero-y-derechos-humanos","category-informes","category-salud","tag-cesareas","tag-derechos-de-las-mujeres","tag-derechos-sexuales-y-reproductivos","tag-parto-respetado"],"nelio_content":{"autoShareEndMode":"never","automationSources":{"useCustomSentences":false,"customSentences":[]},"efiAlt":"","efiUrl":"","followers":[4],"highlights":[],"isAutoShareEnabled":true,"networkImageIds":[],"permalinkQueryArgs":[],"series":[],"suggestedReferences":[]},"yoast_head":"<!-- This site is optimized with the Yoast SEO plugin v27.5 - https:\/\/yoast.com\/product\/yoast-seo-wordpress\/ -->\n<title>\u201cAument\u00f3 la tasa de ces\u00e1reas del 34 al 38% a nivel nacional\u201d - Diario Digital Femenino<\/title>\n<meta name=\"description\" content=\"\u201cAument\u00f3 la tasa de ces\u00e1reas del 34 al 38% a nivel nacional\u201d y hay provincias que tienen m\u00e1s de 50% en la atenci\u00f3n p\u00fablica.\" \/>\n<meta name=\"robots\" content=\"index, follow, max-snippet:-1, max-image-preview:large, max-video-preview:-1\" \/>\n<link rel=\"canonical\" href=\"https:\/\/diariofemenino.com.ar\/df\/aumento-la-tasa-de-cesareas-del-34-al-38-a-nivel-nacional\/\" \/>\n<meta property=\"og:locale\" content=\"es_ES\" \/>\n<meta property=\"og:type\" content=\"article\" \/>\n<meta property=\"og:title\" content=\"\u201cAument\u00f3 la tasa de ces\u00e1reas del 34 al 38% a nivel nacional\u201d - Diario Digital Femenino\" \/>\n<meta property=\"og:description\" content=\"\u201cAument\u00f3 la tasa de ces\u00e1reas del 34 al 38% a nivel nacional\u201d y hay provincias que tienen m\u00e1s de 50% en la atenci\u00f3n p\u00fablica.\" \/>\n<meta property=\"og:url\" content=\"https:\/\/diariofemenino.com.ar\/df\/aumento-la-tasa-de-cesareas-del-34-al-38-a-nivel-nacional\/\" \/>\n<meta property=\"og:site_name\" content=\"Diario Digital Femenino\" \/>\n<meta property=\"article:publisher\" content=\"https:\/\/www.facebook.com\/DiarioDigitaFemenino\/\" \/>\n<meta property=\"article:published_time\" content=\"2019-09-17T22:38:39+00:00\" \/>\n<meta property=\"og:image\" content=\"https:\/\/diariofemenino.com.ar\/df\/wp-content\/uploads\/2019\/09\/Ces\u00e1reas.jpg\" \/>\n\t<meta property=\"og:image:width\" content=\"636\" \/>\n\t<meta property=\"og:image:height\" content=\"347\" \/>\n\t<meta property=\"og:image:type\" content=\"image\/jpeg\" \/>\n<meta name=\"author\" content=\"Admin\" \/>\n<meta name=\"twitter:card\" content=\"summary_large_image\" \/>\n<meta name=\"twitter:creator\" content=\"@DiarioFemenino1\" \/>\n<meta name=\"twitter:site\" content=\"@DiarioFemenino1\" \/>\n<meta name=\"twitter:label1\" content=\"Escrito por\" \/>\n\t<meta name=\"twitter:data1\" content=\"Admin\" \/>\n\t<meta name=\"twitter:label2\" content=\"Tiempo de lectura\" \/>\n\t<meta name=\"twitter:data2\" content=\"4 minutos\" \/>\n<script type=\"application\/ld+json\" class=\"yoast-schema-graph\">{\"@context\":\"https:\\\/\\\/schema.org\",\"@graph\":[{\"@type\":\"Article\",\"@id\":\"https:\\\/\\\/diariofemenino.com.ar\\\/df\\\/aumento-la-tasa-de-cesareas-del-34-al-38-a-nivel-nacional\\\/#article\",\"isPartOf\":{\"@id\":\"https:\\\/\\\/diariofemenino.com.ar\\\/df\\\/aumento-la-tasa-de-cesareas-del-34-al-38-a-nivel-nacional\\\/\"},\"author\":{\"name\":\"Admin\",\"@id\":\"https:\\\/\\\/diariofemenino.com.ar\\\/df\\\/#\\\/schema\\\/person\\\/bf6199e8158c657ea6f789b11ec85509\"},\"headline\":\"\u201cAument\u00f3 la tasa de ces\u00e1reas del 34 al 38% a nivel nacional\u201d\",\"datePublished\":\"2019-09-17T22:38:39+00:00\",\"mainEntityOfPage\":{\"@id\":\"https:\\\/\\\/diariofemenino.com.ar\\\/df\\\/aumento-la-tasa-de-cesareas-del-34-al-38-a-nivel-nacional\\\/\"},\"wordCount\":757,\"commentCount\":0,\"publisher\":{\"@id\":\"https:\\\/\\\/diariofemenino.com.ar\\\/df\\\/#organization\"},\"image\":{\"@id\":\"https:\\\/\\\/diariofemenino.com.ar\\\/df\\\/aumento-la-tasa-de-cesareas-del-34-al-38-a-nivel-nacional\\\/#primaryimage\"},\"thumbnailUrl\":\"https:\\\/\\\/diariofemenino.com.ar\\\/df\\\/wp-content\\\/uploads\\\/2019\\\/09\\\/Ces\u00e1reas.jpg\",\"keywords\":[\"cesareas\",\"Derechos de las mujeres\",\"Derechos sexuales y reproductivos\",\"parto respetado\"],\"articleSection\":[\"Actividades\",\"G\u00e9nero y Derechos Humanos\",\"Informes\",\"Salud\"],\"inLanguage\":\"es\",\"potentialAction\":[{\"@type\":\"CommentAction\",\"name\":\"Comment\",\"target\":[\"https:\\\/\\\/diariofemenino.com.ar\\\/df\\\/aumento-la-tasa-de-cesareas-del-34-al-38-a-nivel-nacional\\\/#respond\"]}]},{\"@type\":\"WebPage\",\"@id\":\"https:\\\/\\\/diariofemenino.com.ar\\\/df\\\/aumento-la-tasa-de-cesareas-del-34-al-38-a-nivel-nacional\\\/\",\"url\":\"https:\\\/\\\/diariofemenino.com.ar\\\/df\\\/aumento-la-tasa-de-cesareas-del-34-al-38-a-nivel-nacional\\\/\",\"name\":\"\u201cAument\u00f3 la tasa de ces\u00e1reas del 34 al 38% a nivel nacional\u201d - Diario Digital Femenino\",\"isPartOf\":{\"@id\":\"https:\\\/\\\/diariofemenino.com.ar\\\/df\\\/#website\"},\"primaryImageOfPage\":{\"@id\":\"https:\\\/\\\/diariofemenino.com.ar\\\/df\\\/aumento-la-tasa-de-cesareas-del-34-al-38-a-nivel-nacional\\\/#primaryimage\"},\"image\":{\"@id\":\"https:\\\/\\\/diariofemenino.com.ar\\\/df\\\/aumento-la-tasa-de-cesareas-del-34-al-38-a-nivel-nacional\\\/#primaryimage\"},\"thumbnailUrl\":\"https:\\\/\\\/diariofemenino.com.ar\\\/df\\\/wp-content\\\/uploads\\\/2019\\\/09\\\/Ces\u00e1reas.jpg\",\"datePublished\":\"2019-09-17T22:38:39+00:00\",\"description\":\"\u201cAument\u00f3 la tasa de ces\u00e1reas del 34 al 38% a nivel nacional\u201d y hay provincias que tienen m\u00e1s de 50% en la atenci\u00f3n p\u00fablica.\",\"breadcrumb\":{\"@id\":\"https:\\\/\\\/diariofemenino.com.ar\\\/df\\\/aumento-la-tasa-de-cesareas-del-34-al-38-a-nivel-nacional\\\/#breadcrumb\"},\"inLanguage\":\"es\",\"potentialAction\":[{\"@type\":\"ReadAction\",\"target\":[\"https:\\\/\\\/diariofemenino.com.ar\\\/df\\\/aumento-la-tasa-de-cesareas-del-34-al-38-a-nivel-nacional\\\/\"]}]},{\"@type\":\"ImageObject\",\"inLanguage\":\"es\",\"@id\":\"https:\\\/\\\/diariofemenino.com.ar\\\/df\\\/aumento-la-tasa-de-cesareas-del-34-al-38-a-nivel-nacional\\\/#primaryimage\",\"url\":\"https:\\\/\\\/diariofemenino.com.ar\\\/df\\\/wp-content\\\/uploads\\\/2019\\\/09\\\/Ces\u00e1reas.jpg\",\"contentUrl\":\"https:\\\/\\\/diariofemenino.com.ar\\\/df\\\/wp-content\\\/uploads\\\/2019\\\/09\\\/Ces\u00e1reas.jpg\",\"width\":636,\"height\":347,\"caption\":\"\u201cAument\u00f3 la tasa de ces\u00e1reas del 34 al 38% a nivel nacional\u201d\"},{\"@type\":\"BreadcrumbList\",\"@id\":\"https:\\\/\\\/diariofemenino.com.ar\\\/df\\\/aumento-la-tasa-de-cesareas-del-34-al-38-a-nivel-nacional\\\/#breadcrumb\",\"itemListElement\":[{\"@type\":\"ListItem\",\"position\":1,\"name\":\"Portada\",\"item\":\"https:\\\/\\\/diariofemenino.com.ar\\\/df\\\/\"},{\"@type\":\"ListItem\",\"position\":2,\"name\":\"\u201cAument\u00f3 la tasa de ces\u00e1reas del 34 al 38% a nivel nacional\u201d\"}]},{\"@type\":\"WebSite\",\"@id\":\"https:\\\/\\\/diariofemenino.com.ar\\\/df\\\/#website\",\"url\":\"https:\\\/\\\/diariofemenino.com.ar\\\/df\\\/\",\"name\":\"Diario Digital Femenino\",\"description\":\"Cuesti\u00f3n de G\u00e9nero\",\"publisher\":{\"@id\":\"https:\\\/\\\/diariofemenino.com.ar\\\/df\\\/#organization\"},\"potentialAction\":[{\"@type\":\"SearchAction\",\"target\":{\"@type\":\"EntryPoint\",\"urlTemplate\":\"https:\\\/\\\/diariofemenino.com.ar\\\/df\\\/?s={search_term_string}\"},\"query-input\":{\"@type\":\"PropertyValueSpecification\",\"valueRequired\":true,\"valueName\":\"search_term_string\"}}],\"inLanguage\":\"es\"},{\"@type\":\"Organization\",\"@id\":\"https:\\\/\\\/diariofemenino.com.ar\\\/df\\\/#organization\",\"name\":\"Diario Femenino\",\"url\":\"https:\\\/\\\/diariofemenino.com.ar\\\/df\\\/\",\"logo\":{\"@type\":\"ImageObject\",\"inLanguage\":\"es\",\"@id\":\"https:\\\/\\\/diariofemenino.com.ar\\\/df\\\/#\\\/schema\\\/logo\\\/image\\\/\",\"url\":\"https:\\\/\\\/diariofemenino.com.ar\\\/df\\\/wp-content\\\/uploads\\\/2018\\\/10\\\/logo.png\",\"contentUrl\":\"https:\\\/\\\/diariofemenino.com.ar\\\/df\\\/wp-content\\\/uploads\\\/2018\\\/10\\\/logo.png\",\"width\":500,\"height\":92,\"caption\":\"Diario Femenino\"},\"image\":{\"@id\":\"https:\\\/\\\/diariofemenino.com.ar\\\/df\\\/#\\\/schema\\\/logo\\\/image\\\/\"},\"sameAs\":[\"https:\\\/\\\/www.facebook.com\\\/DiarioDigitaFemenino\\\/\",\"https:\\\/\\\/x.com\\\/DiarioFemenino1\"]},{\"@type\":\"Person\",\"@id\":\"https:\\\/\\\/diariofemenino.com.ar\\\/df\\\/#\\\/schema\\\/person\\\/bf6199e8158c657ea6f789b11ec85509\",\"name\":\"Admin\",\"image\":{\"@type\":\"ImageObject\",\"inLanguage\":\"es\",\"@id\":\"https:\\\/\\\/diariofemenino.com.ar\\\/df\\\/wp-content\\\/uploads\\\/2018\\\/12\\\/favicon-150x150.jpg\",\"url\":\"https:\\\/\\\/diariofemenino.com.ar\\\/df\\\/wp-content\\\/uploads\\\/2018\\\/12\\\/favicon-150x150.jpg\",\"contentUrl\":\"https:\\\/\\\/diariofemenino.com.ar\\\/df\\\/wp-content\\\/uploads\\\/2018\\\/12\\\/favicon-150x150.jpg\",\"caption\":\"Admin\"},\"url\":\"https:\\\/\\\/diariofemenino.com.ar\\\/df\\\/author\\\/lenny\\\/\"}]}<\/script>\n<!-- \/ Yoast SEO plugin. -->","yoast_head_json":{"title":"\u201cAument\u00f3 la tasa de ces\u00e1reas del 34 al 38% a nivel nacional\u201d - Diario Digital Femenino","description":"\u201cAument\u00f3 la tasa de ces\u00e1reas del 34 al 38% a nivel nacional\u201d y hay provincias que tienen m\u00e1s de 50% en la atenci\u00f3n p\u00fablica.","robots":{"index":"index","follow":"follow","max-snippet":"max-snippet:-1","max-image-preview":"max-image-preview:large","max-video-preview":"max-video-preview:-1"},"canonical":"https:\/\/diariofemenino.com.ar\/df\/aumento-la-tasa-de-cesareas-del-34-al-38-a-nivel-nacional\/","og_locale":"es_ES","og_type":"article","og_title":"\u201cAument\u00f3 la tasa de ces\u00e1reas del 34 al 38% a nivel nacional\u201d - Diario Digital Femenino","og_description":"\u201cAument\u00f3 la tasa de ces\u00e1reas del 34 al 38% a nivel nacional\u201d y hay provincias que tienen m\u00e1s de 50% en la atenci\u00f3n p\u00fablica.","og_url":"https:\/\/diariofemenino.com.ar\/df\/aumento-la-tasa-de-cesareas-del-34-al-38-a-nivel-nacional\/","og_site_name":"Diario Digital Femenino","article_publisher":"https:\/\/www.facebook.com\/DiarioDigitaFemenino\/","article_published_time":"2019-09-17T22:38:39+00:00","og_image":[{"width":636,"height":347,"url":"https:\/\/diariofemenino.com.ar\/df\/wp-content\/uploads\/2019\/09\/Ces\u00e1reas.jpg","type":"image\/jpeg"}],"author":"Admin","twitter_card":"summary_large_image","twitter_creator":"@DiarioFemenino1","twitter_site":"@DiarioFemenino1","twitter_misc":{"Escrito por":"Admin","Tiempo de lectura":"4 minutos"},"schema":{"@context":"https:\/\/schema.org","@graph":[{"@type":"Article","@id":"https:\/\/diariofemenino.com.ar\/df\/aumento-la-tasa-de-cesareas-del-34-al-38-a-nivel-nacional\/#article","isPartOf":{"@id":"https:\/\/diariofemenino.com.ar\/df\/aumento-la-tasa-de-cesareas-del-34-al-38-a-nivel-nacional\/"},"author":{"name":"Admin","@id":"https:\/\/diariofemenino.com.ar\/df\/#\/schema\/person\/bf6199e8158c657ea6f789b11ec85509"},"headline":"\u201cAument\u00f3 la tasa de ces\u00e1reas del 34 al 38% a nivel nacional\u201d","datePublished":"2019-09-17T22:38:39+00:00","mainEntityOfPage":{"@id":"https:\/\/diariofemenino.com.ar\/df\/aumento-la-tasa-de-cesareas-del-34-al-38-a-nivel-nacional\/"},"wordCount":757,"commentCount":0,"publisher":{"@id":"https:\/\/diariofemenino.com.ar\/df\/#organization"},"image":{"@id":"https:\/\/diariofemenino.com.ar\/df\/aumento-la-tasa-de-cesareas-del-34-al-38-a-nivel-nacional\/#primaryimage"},"thumbnailUrl":"https:\/\/diariofemenino.com.ar\/df\/wp-content\/uploads\/2019\/09\/Ces\u00e1reas.jpg","keywords":["cesareas","Derechos de las mujeres","Derechos sexuales y reproductivos","parto respetado"],"articleSection":["Actividades","G\u00e9nero y Derechos Humanos","Informes","Salud"],"inLanguage":"es","potentialAction":[{"@type":"CommentAction","name":"Comment","target":["https:\/\/diariofemenino.com.ar\/df\/aumento-la-tasa-de-cesareas-del-34-al-38-a-nivel-nacional\/#respond"]}]},{"@type":"WebPage","@id":"https:\/\/diariofemenino.com.ar\/df\/aumento-la-tasa-de-cesareas-del-34-al-38-a-nivel-nacional\/","url":"https:\/\/diariofemenino.com.ar\/df\/aumento-la-tasa-de-cesareas-del-34-al-38-a-nivel-nacional\/","name":"\u201cAument\u00f3 la tasa de ces\u00e1reas del 34 al 38% a nivel nacional\u201d - Diario Digital Femenino","isPartOf":{"@id":"https:\/\/diariofemenino.com.ar\/df\/#website"},"primaryImageOfPage":{"@id":"https:\/\/diariofemenino.com.ar\/df\/aumento-la-tasa-de-cesareas-del-34-al-38-a-nivel-nacional\/#primaryimage"},"image":{"@id":"https:\/\/diariofemenino.com.ar\/df\/aumento-la-tasa-de-cesareas-del-34-al-38-a-nivel-nacional\/#primaryimage"},"thumbnailUrl":"https:\/\/diariofemenino.com.ar\/df\/wp-content\/uploads\/2019\/09\/Ces\u00e1reas.jpg","datePublished":"2019-09-17T22:38:39+00:00","description":"\u201cAument\u00f3 la tasa de ces\u00e1reas del 34 al 38% a nivel nacional\u201d y hay provincias que tienen m\u00e1s de 50% en la atenci\u00f3n p\u00fablica.","breadcrumb":{"@id":"https:\/\/diariofemenino.com.ar\/df\/aumento-la-tasa-de-cesareas-del-34-al-38-a-nivel-nacional\/#breadcrumb"},"inLanguage":"es","potentialAction":[{"@type":"ReadAction","target":["https:\/\/diariofemenino.com.ar\/df\/aumento-la-tasa-de-cesareas-del-34-al-38-a-nivel-nacional\/"]}]},{"@type":"ImageObject","inLanguage":"es","@id":"https:\/\/diariofemenino.com.ar\/df\/aumento-la-tasa-de-cesareas-del-34-al-38-a-nivel-nacional\/#primaryimage","url":"https:\/\/diariofemenino.com.ar\/df\/wp-content\/uploads\/2019\/09\/Ces\u00e1reas.jpg","contentUrl":"https:\/\/diariofemenino.com.ar\/df\/wp-content\/uploads\/2019\/09\/Ces\u00e1reas.jpg","width":636,"height":347,"caption":"\u201cAument\u00f3 la tasa de ces\u00e1reas del 34 al 38% a nivel nacional\u201d"},{"@type":"BreadcrumbList","@id":"https:\/\/diariofemenino.com.ar\/df\/aumento-la-tasa-de-cesareas-del-34-al-38-a-nivel-nacional\/#breadcrumb","itemListElement":[{"@type":"ListItem","position":1,"name":"Portada","item":"https:\/\/diariofemenino.com.ar\/df\/"},{"@type":"ListItem","position":2,"name":"\u201cAument\u00f3 la tasa de ces\u00e1reas del 34 al 38% a nivel nacional\u201d"}]},{"@type":"WebSite","@id":"https:\/\/diariofemenino.com.ar\/df\/#website","url":"https:\/\/diariofemenino.com.ar\/df\/","name":"Diario Digital Femenino","description":"Cuesti\u00f3n de G\u00e9nero","publisher":{"@id":"https:\/\/diariofemenino.com.ar\/df\/#organization"},"potentialAction":[{"@type":"SearchAction","target":{"@type":"EntryPoint","urlTemplate":"https:\/\/diariofemenino.com.ar\/df\/?s={search_term_string}"},"query-input":{"@type":"PropertyValueSpecification","valueRequired":true,"valueName":"search_term_string"}}],"inLanguage":"es"},{"@type":"Organization","@id":"https:\/\/diariofemenino.com.ar\/df\/#organization","name":"Diario Femenino","url":"https:\/\/diariofemenino.com.ar\/df\/","logo":{"@type":"ImageObject","inLanguage":"es","@id":"https:\/\/diariofemenino.com.ar\/df\/#\/schema\/logo\/image\/","url":"https:\/\/diariofemenino.com.ar\/df\/wp-content\/uploads\/2018\/10\/logo.png","contentUrl":"https:\/\/diariofemenino.com.ar\/df\/wp-content\/uploads\/2018\/10\/logo.png","width":500,"height":92,"caption":"Diario Femenino"},"image":{"@id":"https:\/\/diariofemenino.com.ar\/df\/#\/schema\/logo\/image\/"},"sameAs":["https:\/\/www.facebook.com\/DiarioDigitaFemenino\/","https:\/\/x.com\/DiarioFemenino1"]},{"@type":"Person","@id":"https:\/\/diariofemenino.com.ar\/df\/#\/schema\/person\/bf6199e8158c657ea6f789b11ec85509","name":"Admin","image":{"@type":"ImageObject","inLanguage":"es","@id":"https:\/\/diariofemenino.com.ar\/df\/wp-content\/uploads\/2018\/12\/favicon-150x150.jpg","url":"https:\/\/diariofemenino.com.ar\/df\/wp-content\/uploads\/2018\/12\/favicon-150x150.jpg","contentUrl":"https:\/\/diariofemenino.com.ar\/df\/wp-content\/uploads\/2018\/12\/favicon-150x150.jpg","caption":"Admin"},"url":"https:\/\/diariofemenino.com.ar\/df\/author\/lenny\/"}]}},"jetpack_featured_media_url":"https:\/\/diariofemenino.com.ar\/df\/wp-content\/uploads\/2019\/09\/Ces\u00e1reas.jpg","jetpack_sharing_enabled":true,"rttpg_featured_image_url":{"full":["https:\/\/diariofemenino.com.ar\/df\/wp-content\/uploads\/2019\/09\/Ces\u00e1reas.jpg",636,347,false],"landscape":["https:\/\/diariofemenino.com.ar\/df\/wp-content\/uploads\/2019\/09\/Ces\u00e1reas.jpg",636,347,false],"portraits":["https:\/\/diariofemenino.com.ar\/df\/wp-content\/uploads\/2019\/09\/Ces\u00e1reas.jpg",636,347,false],"thumbnail":["https:\/\/diariofemenino.com.ar\/df\/wp-content\/uploads\/2019\/09\/Ces\u00e1reas-150x150.jpg",150,150,true],"medium":["https:\/\/diariofemenino.com.ar\/df\/wp-content\/uploads\/2019\/09\/Ces\u00e1reas-300x164.jpg",300,164,true],"large":["https:\/\/diariofemenino.com.ar\/df\/wp-content\/uploads\/2019\/09\/Ces\u00e1reas.jpg",636,347,false],"1536x1536":["https:\/\/diariofemenino.com.ar\/df\/wp-content\/uploads\/2019\/09\/Ces\u00e1reas.jpg",636,347,false],"2048x2048":["https:\/\/diariofemenino.com.ar\/df\/wp-content\/uploads\/2019\/09\/Ces\u00e1reas.jpg",636,347,false]},"rttpg_author":{"display_name":"Admin","author_link":"https:\/\/diariofemenino.com.ar\/df\/author\/lenny\/"},"rttpg_comment":0,"rttpg_category":"<a href=\"https:\/\/diariofemenino.com.ar\/df\/category\/actividades\/\" rel=\"category tag\">Actividades<\/a> <a href=\"https:\/\/diariofemenino.com.ar\/df\/category\/genero-y-derechos-humanos\/\" rel=\"category tag\">G\u00e9nero y Derechos Humanos<\/a> <a href=\"https:\/\/diariofemenino.com.ar\/df\/category\/informes\/\" rel=\"category tag\">Informes<\/a> <a href=\"https:\/\/diariofemenino.com.ar\/df\/category\/salud\/\" rel=\"category tag\">Salud<\/a>","rttpg_excerpt":"\u201cAument\u00f3 la tasa de ces\u00e1reas del 34 al 38% a nivel nacional\u201d \u201cTenemos un dato preliminar que indica que las ces\u00e1reas han aumentado a nivel nacional del 34 al 38 % y hay provincias que tienen m\u00e1s de 50% en la atenci\u00f3n p\u00fablica\u201d, expres\u00f3 Diana Fari\u00f1a, la directora de Maternidad e Infancia de la Naci\u00f3n&hellip;","_links":{"self":[{"href":"https:\/\/diariofemenino.com.ar\/df\/wp-json\/wp\/v2\/posts\/41397","targetHints":{"allow":["GET"]}}],"collection":[{"href":"https:\/\/diariofemenino.com.ar\/df\/wp-json\/wp\/v2\/posts"}],"about":[{"href":"https:\/\/diariofemenino.com.ar\/df\/wp-json\/wp\/v2\/types\/post"}],"author":[{"embeddable":true,"href":"https:\/\/diariofemenino.com.ar\/df\/wp-json\/wp\/v2\/users\/4"}],"replies":[{"embeddable":true,"href":"https:\/\/diariofemenino.com.ar\/df\/wp-json\/wp\/v2\/comments?post=41397"}],"version-history":[{"count":0,"href":"https:\/\/diariofemenino.com.ar\/df\/wp-json\/wp\/v2\/posts\/41397\/revisions"}],"wp:featuredmedia":[{"embeddable":true,"href":"https:\/\/diariofemenino.com.ar\/df\/wp-json\/wp\/v2\/media\/41403"}],"wp:attachment":[{"href":"https:\/\/diariofemenino.com.ar\/df\/wp-json\/wp\/v2\/media?parent=41397"}],"wp:term":[{"taxonomy":"category","embeddable":true,"href":"https:\/\/diariofemenino.com.ar\/df\/wp-json\/wp\/v2\/categories?post=41397"},{"taxonomy":"post_tag","embeddable":true,"href":"https:\/\/diariofemenino.com.ar\/df\/wp-json\/wp\/v2\/tags?post=41397"}],"curies":[{"name":"wp","href":"https:\/\/api.w.org\/{rel}","templated":true}]}}