{"id":41293,"date":"2019-09-15T12:26:56","date_gmt":"2019-09-15T15:26:56","guid":{"rendered":"https:\/\/diariofemenino.com.ar\/?p=41293"},"modified":"2019-09-15T12:27:41","modified_gmt":"2019-09-15T15:27:41","slug":"quienes-son-las-mujeres-que-arman-planes-y-estrategias-para-la-formula-fernandez-fernandez","status":"publish","type":"post","link":"https:\/\/diariofemenino.com.ar\/df\/quienes-son-las-mujeres-que-arman-planes-y-estrategias-para-la-formula-fernandez-fernandez\/","title":{"rendered":"Qui\u00e9nes son las mujeres que arman planes y estrategias para la f\u00f3rmula Fern\u00e1ndez-Fern\u00e1ndez"},"content":{"rendered":"<p><strong>Mujeres en la f\u00f3rmula Fern\u00e1ndez-Fern\u00e1ndez<\/strong><\/p>\n<p>Por\u00a0<a href=\"https:\/\/www.infobae.com\/politica\/2019\/09\/14\/quienes-son-las-mujeres-que-arman-planes-y-estrategias-para-la-formula-fernandez-fernandez\/\"><b>Anal\u00eda Argento<\/b><\/a><\/p>\n<div class=\"row pb-content-type-text\">\n<div class=\"col-xs-12 col-print-12\">\n<p class=\"element element-paragraph\">Una mujer entr\u00f3 discretamente en escena. Se acerc\u00f3 a la mesa donde estaba por comenzar una conferencia de prensa y acomod\u00f3 una silla justo al lado de\u00a0<strong>Miguel Acevedo<\/strong>\u00a0(UIA), el candidato a presidente\u00a0<strong>Alberto Fern\u00e1ndez<\/strong>, el jefe dela CGT\u00a0<strong>H\u00e9ctor Daer<\/strong>, el gobernador\u00a0<strong>Juan Manzur<\/strong>, el candidato a diputado\u00a0<strong>Sergio Massa<\/strong>\u00a0y el gobernador electo de Misiones,\u00a0<strong>Oscar Herrera Ahuad<\/strong>. Quien agreg\u00f3 el asiento fue\u00a0<strong>Cecilia G\u00f3mez Mirada<\/strong>\u00a0y quien lo ocup\u00f3 unos minutos despu\u00e9s fue\u00a0<strong>Ver\u00f3nica Magario<\/strong>, candidata a vicegoberandora bonaerense.<\/p>\n<\/div>\n<\/div>\n<div class=\"row pb-content-type-text\">\n<div class=\"col-xs-12 col-print-12\">\n<p class=\"element element-paragraph\">Un dirigente que estuvo en San Miguel de Tucum\u00e1n, donde hubo acto por el D\u00eda del Maestro, almuerzo en el gremio de la Sanidad, reuni\u00f3n entre industriales, sindicalistas y pol\u00edticos y cena por los 50 a\u00f1os de la Uni\u00f3n Industrial de Tucum\u00e1n, mostr\u00f3 una foto a\u00a0<strong>Infobae<\/strong>\u00a0y expres\u00f3 con alegr\u00eda:\u00a0<strong>\u00abVolvieron las corbatas\u00bb<\/strong>. La referencia apuntaba al estilo de Cambiemos que impuso las camisas blancas o en tonos pastel sin nudo en el cuello.\u00a0<strong>En la foto efectivamente todos los dirigentes pol\u00edticos vest\u00edan traje, camisa y corbata<\/strong>. Una obviedad: no hab\u00eda <a href=\"https:\/\/diariofemenino.com.ar\/mujeres-en-la-politica-para-descargar\/\">mujeres<\/a> entre ellos y en los escenarios siempre hay preponderancia masculina.<\/p>\n<\/div>\n<\/div>\n<div class=\"row pb-content-type-image\">\n<figure class=\"element element-image col-xs-12\">\n<div class=\"single-image\">\n<div class=\"shares\">\n<div class=\"share-button facebook\" data-url=\"https:\/\/www.infobae.com\/politica\/2019\/09\/14\/quienes-son-las-mujeres-que-arman-planes-y-estrategias-para-la-formula-fernandez-fernandez\/%23Y273DZBDGJHKHKTZMWDVMRXTBY\" data-original=\"https:\/\/s3.amazonaws.com\/arc-wordpress-client-uploads\/infobae-wp\/wp-content\/uploads\/2019\/08\/07203230\/acto-Cristina-Kirchner-y-Alberto-Fernandez-en-Rosario-Frente-de-Todos-5.jpg\"><\/div>\n<\/div>\n<\/div><figcaption class=\"\"><span class=\"credit\">Pocas damas en el escenario: Luc\u00eda Corpacci, gobernadora de Catamarca, y Alejandra Rodenas, vicegobernadora electa de Santa Fe, con Fern\u00e1ndez-Fern\u00e1ndez en Rosario (T\u00e9lam)<\/span><\/figcaption><\/figure>\n<\/div>\n<div class=\"row pb-content-type-text\">\n<div class=\"col-xs-12 col-print-12\">\n<p class=\"element element-paragraph\">Sin embargo, <a href=\"https:\/\/frentedetodos.org\/\">Alberto Fern\u00e1ndez<\/a> tiene una compa\u00f1era de f\u00f3rmula <a href=\"https:\/\/diariofemenino.com.ar\/evita-las-mujeres-en-la-politica-y-una-contradiccion-extraordinaria\/\">mujer<\/a>. Claro que el peso pol\u00edtico de<a href=\"https:\/\/es.wikipedia.org\/wiki\/Cristina_Fern%C3%A1ndez_de_Kirchner\">\u00a0<strong>Cristina Fern\u00e1ndez<\/strong>\u00a0<\/a>excede al g\u00e9nero: fue la primera presidenta electa para el cargo y la primera reelecta. Sea quien sea el ganador el 27 de octubre, ser\u00e1 un presidente var\u00f3n. Seis candidatos compiten por la presidencia (Fern\u00e1ndez, Mauricio Macri, Roberto Lavagna, Juan Jos\u00e9 G\u00f3mez Centuri\u00f3n, Nicol\u00e1s del Ca\u00f1o y Jos\u00e9 Luis Espert).\u00a0<strong>De las f\u00f3rmulas presidenciales que superaron las PASO el Frente de Todos, NOS y el FIT llevan candidata a vice mujer: CFK, Cynthia Hotton, Romina del Pla.\u00a0<\/strong><\/p>\n<\/div>\n<\/div>\n<div class=\"row pb-content-type-text\">\n<div id=\"\" class=\"wrapper clearfix pb-feature pb-layout-item pb-f-ads-dfp left-align\">\n<div id=\"inline\" class=\"ad-slot\">\n<div id=\"inline_ad\" data-google-query-id=\"CNu2weuN0-QCFVMIwwodyH4ALg\">\n<div id=\"google_ads_iframe_\/1058609\/infobae\/politica\/nota\/inline_0__container__\"><strong>Una economista en M\u00e9xico 337<\/strong><\/div>\n<\/div>\n<\/div>\n<\/div>\n<\/div>\n<div class=\"row pb-content-type-image\">\n<figure class=\"element element-image col-xs-12\">\n<div class=\"single-image\">\n<div class=\"shares\">\n<div class=\"share-button facebook\" data-url=\"https:\/\/www.infobae.com\/politica\/2019\/09\/14\/quienes-son-las-mujeres-que-arman-planes-y-estrategias-para-la-formula-fernandez-fernandez\/%23T6ECRK6T3BF2DKBT5US6PUHUWA\" data-original=\"https:\/\/s3.amazonaws.com\/arc-wordpress-client-uploads\/infobae-wp\/wp-content\/uploads\/2019\/08\/21161129\/Cecilia-Todesca-Guillermo-Nielsen-1920-2.jpg\"><\/div>\n<\/div>\n<figure style=\"width: 750px\" class=\"wp-caption alignnone\"><img loading=\"lazy\" decoding=\"async\" id=\"T6ECRK6T3BF2DKBT5US6PUHUWA\" class=\"image-lazy\" src=\"https:\/\/www.infobae.com\/new-resizer\/KUWr94qwy_a5vCvee3O8wvekc6s=\/750x0\/filters:quality(100)\/s3.amazonaws.com\/arc-wordpress-client-uploads\/infobae-wp\/wp-content\/uploads\/2019\/08\/21161129\/Cecilia-Todesca-Guillermo-Nielsen-1920-2.jpg\" alt=\"Cecilia Todesca y Guillermo Nielsen (Maximiliano Luna)\" width=\"750\" height=\"422\" data-url=\"https:\/\/www.infobae.com\/politica\/2019\/09\/14\/quienes-son-las-mujeres-que-arman-planes-y-estrategias-para-la-formula-fernandez-fernandez\/%23T6ECRK6T3BF2DKBT5US6PUHUWA\" data-original=\"https:\/\/www.infobae.com\/new-resizer\/KUWr94qwy_a5vCvee3O8wvekc6s=\/750x0\/filters:quality(100)\/s3.amazonaws.com\/arc-wordpress-client-uploads\/infobae-wp\/wp-content\/uploads\/2019\/08\/21161129\/Cecilia-Todesca-Guillermo-Nielsen-1920-2.jpg\" \/><figcaption class=\"wp-caption-text\">Qui\u00e9nes son las mujeres que arman planes y estrategias para la f\u00f3rmula Fern\u00e1ndez-Fern\u00e1ndez<\/figcaption><\/figure>\n<\/div><figcaption class=\"\"><span class=\"credit\">Cecilia Todesca y Guillermo Nielsen (Maximiliano Luna)<\/span><\/figcaption><\/figure>\n<\/div>\n<div class=\"row pb-content-type-text\">\n<div class=\"col-xs-12 col-print-12\">\n<p class=\"element element-paragraph\">En el \u00e1rea que mayor expectativa genera, Econom\u00eda, el poder se comparte. La \u00fanica dama que se vio en las reuniones t\u00e9cnicas post PASO entre los funcionarios de Cambiemos y los referentes que acompa\u00f1an a los distintos candidatos a presidentes es del Frente de Todos, del c\u00edrculo de amigos de Fern\u00e1ndez.\u00a0<strong>Con Guillermo Nielsen, Emmanuel \u00c1lvarez Agis y Mat\u00edas Kulfas, lider\u00f3 el di\u00e1logo Cecilia Todesca Bocco<\/strong>. Es adem\u00e1s la \u00fanica de todos ellos a quien se puede ver pr\u00e1cticamente a diario en la oficina de M\u00e9xico 337. Pertenecen al Grupo Callao tanto Todesca como Cecilia G\u00f3mez Mirada, la \u00fanica mujer del equipo que viaja con la comitiva de Fern\u00e1ndez y coordina que se cumpla paso a paso la agenda de campa\u00f1a que acuerdan el candidato y Santiago Cafiero con la dirigencia de cada lugar.<\/p>\n<\/div>\n<\/div>\n<div class=\"row pb-content-type-text\">\n<div class=\"col-xs-12 col-print-12\">\n<p class=\"element element-paragraph\"><strong>Un binomio con paridad de g\u00e9nero<\/strong><\/p>\n<\/div>\n<\/div>\n<div class=\"row pb-content-type-image\">\n<figure class=\"element element-image col-xs-12\">\n<div class=\"single-image\">\n<div class=\"shares\">\n<div class=\"share-button facebook\" data-url=\"https:\/\/www.infobae.com\/politica\/2019\/09\/14\/quienes-son-las-mujeres-que-arman-planes-y-estrategias-para-la-formula-fernandez-fernandez\/%23GWM2K37YZ5CBFNWQYAUSEEFY5Q\" data-original=\"https:\/\/s3.amazonaws.com\/arc-wordpress-client-uploads\/infobae-wp\/wp-content\/uploads\/2019\/09\/13221711\/virginia-garcia-1.jpg\"><\/div>\n<\/div>\n<figure style=\"width: 750px\" class=\"wp-caption alignnone\"><img loading=\"lazy\" decoding=\"async\" id=\"GWM2K37YZ5CBFNWQYAUSEEFY5Q\" class=\"image-lazy\" src=\"https:\/\/www.infobae.com\/new-resizer\/onp9b1jrg7cpVuq91m5mfX_baXE=\/750x0\/filters:quality(100)\/s3.amazonaws.com\/arc-wordpress-client-uploads\/infobae-wp\/wp-content\/uploads\/2019\/09\/13221711\/virginia-garcia-1.jpg\" alt=\"Virginia Garc\u00eda, ex senadora nacional y coordinadora de los equipos K\" width=\"750\" height=\"422\" data-url=\"https:\/\/www.infobae.com\/politica\/2019\/09\/14\/quienes-son-las-mujeres-que-arman-planes-y-estrategias-para-la-formula-fernandez-fernandez\/%23GWM2K37YZ5CBFNWQYAUSEEFY5Q\" data-original=\"https:\/\/www.infobae.com\/new-resizer\/onp9b1jrg7cpVuq91m5mfX_baXE=\/750x0\/filters:quality(100)\/s3.amazonaws.com\/arc-wordpress-client-uploads\/infobae-wp\/wp-content\/uploads\/2019\/09\/13221711\/virginia-garcia-1.jpg\" \/><figcaption class=\"wp-caption-text\">Qui\u00e9nes son las mujeres que arman planes y estrategias para la f\u00f3rmula Fern\u00e1ndez-Fern\u00e1ndez<\/figcaption><\/figure>\n<\/div><figcaption class=\"\"><span class=\"credit\">Virginia Garc\u00eda, ex senadora nacional y coordinadora de los equipos K<\/span><\/figcaption><\/figure>\n<\/div>\n<div class=\"row pb-content-type-text\">\n<div class=\"col-xs-12 col-print-12\">\n<p class=\"element element-paragraph\">Los equipos t\u00e9cnicos que preparan pol\u00edticas p\u00fablicas para todas las \u00e1reas, previo diagn\u00f3stico, son coordinados por Nicol\u00e1s Trotta desde la UMET en el nombre de Alberto Fern\u00e1ndez y\u00a0<strong>Virginia Garc\u00eda<\/strong>, designada por Cristina Fern\u00e1ndez de Kirchner. Garc\u00eda es santacruce\u00f1a, Licenciada en Ciencias de la Comunicaci\u00f3n, ex senadora nacional por su provincia, ex cu\u00f1ada de M\u00e1ximo Kirchner y secretaria parlamentaria del bloque Unidad Ciudadana por lo que ocupa una oficina en un edificio anexo del Congreso. Sobre una pared tiene una pizarra magn\u00e9tica con las fotos de todos los senadores con im\u00e1n por detr\u00e1s para mover como si armara un rompecabezas seg\u00fan como vote cada senador en cada ley en debate. Es su forma gr\u00e1fica de llevar el conteo.<\/p>\n<\/div>\n<\/div>\n<div class=\"row pb-content-type-text\">\n<div class=\"col-xs-12 col-print-12\">\n<p class=\"element element-paragraph\"><strong>Trotta y Garc\u00eda tienen comunicaci\u00f3n fluida con los especialistas, investigadores, t\u00e9cnicos y pol\u00edticos<\/strong>, v\u00eda celular y a trav\u00e9s de una plataforma\u00a0que integran referentes coordinadores y referentes participantes. Quien lo desee puede enviar una solicitud y formar parte. En ese espacio, cada ventana abre el grupo de cada \u00e1rea que tiene un nombre similar pero no igual a los ministerios. La raz\u00f3n: que no se crea que quien coordina o participa como referente ser\u00e1 quien sea designado en el posible gabinete. Eso quedar\u00e1 para el candidato a presidente en caso de ganar.<\/p>\n<\/div>\n<\/div>\n<div class=\"row pb-content-type-text\">\n<div class=\"col-xs-12 col-print-12\">\n<p class=\"element element-paragraph\"><strong>En los listados de referentes hay mujeres pero no hay paridad de g\u00e9nero.\u00a0<\/strong>\u00a0Algunos nombres se repiten en varias carteras. Muchos representan a los distintos espacios pol\u00edticos que integran el Frente de Todos o son parte del Consejo Interuniversitario Nacional (CIN). Hay rectores, investigadores, profesores, de las 67 universidades p\u00fablicas nacionales que integran la red. Tambi\u00e9n hay ex funcionarios, ex jueces y pol\u00edticos.<\/p>\n<\/div>\n<\/div>\n<div class=\"row pb-content-type-text\">\n<div class=\"col-xs-12 col-print-12\">\n<p class=\"element element-paragraph\"><strong>24 equipos de m\u00e1s de 100 personas<\/strong><\/p>\n<\/div>\n<\/div>\n<div class=\"row pb-content-type-image\">\n<figure class=\"element element-image col-xs-12\">\n<div class=\"single-image\">\n<div class=\"shares\">\n<div class=\"share-button facebook\" data-url=\"https:\/\/www.infobae.com\/politica\/2019\/09\/14\/quienes-son-las-mujeres-que-arman-planes-y-estrategias-para-la-formula-fernandez-fernandez\/%236NPFMVU7LBBSHJESCX3ZM472YM\" data-original=\"https:\/\/s3.amazonaws.com\/arc-wordpress-client-uploads\/infobae-wp\/wp-content\/uploads\/2017\/11\/14174011\/Comision-Legislacion-General-Diputados-Ley-de-Alquileres-01.jpg\"><\/div>\n<\/div>\n<p><img decoding=\"async\" id=\"6NPFMVU7LBBSHJESCX3ZM472YM\" class=\"image-lazy\" src=\"https:\/\/www.infobae.com\/new-resizer\/Sa2C0MfGTlOZ4O6KH2MUpf9bcRM=\/750x0\/filters:quality(100)\/s3.amazonaws.com\/arc-wordpress-client-uploads\/infobae-wp\/wp-content\/uploads\/2017\/11\/14174011\/Comision-Legislacion-General-Diputados-Ley-de-Alquileres-01.jpg\" alt=\"Carla Pitiot, del massismo a los equipos t\u00e9cnicos del Frente de Todos (T\u00e9lam)\" width=\"750\" height=\"421.875\" data-url=\"https:\/\/www.infobae.com\/politica\/2019\/09\/14\/quienes-son-las-mujeres-que-arman-planes-y-estrategias-para-la-formula-fernandez-fernandez\/%236NPFMVU7LBBSHJESCX3ZM472YM\" data-original=\"https:\/\/www.infobae.com\/new-resizer\/Sa2C0MfGTlOZ4O6KH2MUpf9bcRM=\/750x0\/filters:quality(100)\/s3.amazonaws.com\/arc-wordpress-client-uploads\/infobae-wp\/wp-content\/uploads\/2017\/11\/14174011\/Comision-Legislacion-General-Diputados-Ley-de-Alquileres-01.jpg\" \/><\/p>\n<\/div><figcaption class=\"\"><span class=\"credit\">Carla Pitiot, del massismo a los equipos t\u00e9cnicos del Frente de Todos (T\u00e9lam)<\/span><\/figcaption><\/figure>\n<\/div>\n<div class=\"row pb-content-type-text\">\n<div class=\"col-xs-12 col-print-12\">\n<p class=\"element element-paragraph\">Son 24 equipos de entre 100 y 150 personas cada uno, integrados por una mesa ejecutiva en cuyo v\u00e9rtice est\u00e1n Garc\u00eda y Trotta. Trabajan tambi\u00e9n en coordinaci\u00f3n la ex diputada\u00a0<strong>Claudia Vernazza;<\/strong>\u00a0Mario Cafiero;\u00a0<strong>Kelly Olmos<\/strong>\u00a0y Jos\u00e9 Ignacio de Mendiguren;\u00a0<strong>Gabriela Diker<\/strong>, rectora de la Universidad General Sarmiento;\u00a0<strong>Sandra Torlucci,\u00a0<\/strong>\u00a0rectora de la Universidad Nacional de las Artes (UNA) y la diputada Laura V. Alonso, ex subsecretaria de Pol\u00edticas Universitarias.<\/p>\n<\/div>\n<\/div>\n<div class=\"row pb-content-type-text\">\n<div class=\"col-xs-12 col-print-12\">\n<p class=\"element element-paragraph\">En la plataforma est\u00e1n integrados especialistas de todo el pa\u00eds, la herramienta permite mantenerse en contacto como en una red social. Se les pide, y propone, enviar ideas, pol\u00edticas p\u00fablicas desde y para cada regi\u00f3n. Despu\u00e9s se plasma en encuentros como el Primer Foro del NOA que el 26 de julio tuvo lugar en Tucum\u00e1n, provincia cuyo gobernador, Juan Manzur, apuntala fuertemente a Alberto Fern\u00e1ndez. En paralelo a la campa\u00f1a presidencial, en Formosa se organizar\u00e1 el Foro de profesionales del NEA.<\/p>\n<\/div>\n<\/div>\n<div class=\"row pb-content-type-text\">\n<div class=\"col-xs-12 col-print-12\">\n<p class=\"element element-paragraph\">El s\u00e1bado 3 de agosto hubo presentaci\u00f3n en sociedad. En la facultad de Medicina de la UBA se reunieron m\u00e1s de 250 expositores acad\u00e9micos, investigadores, especialistas, funcionarios provinciales y ex funcionarios. Tras el debate, Fern\u00e1ndez cerr\u00f3 el evento. La primera semana de octubre habr\u00e1 uno similar, pero exclusivamente sobre G\u00e9nero como ya hubo de Educaci\u00f3n, por ejemplo. Los subtemas ser\u00e1n: tareas de cuidado, el futuro del trabajo, violencia laboral y seguridad social.<\/p>\n<\/div>\n<\/div>\n<div class=\"row pb-content-type-text\">\n<div class=\"col-xs-12 col-print-12\">\n<p class=\"element element-paragraph\">En todo eso trabajan los equipos que en el caso de Ciencia y Tecnolog\u00eda\u00a0tienen como mujeres destacadas a la diputada sanjuanina\u00a0<strong>Daniela Castro<\/strong>, Cecilia Todesca y la diputada\u00a0<strong>Carla Pitiot,\u00a0<\/strong>que fue designada por el Frente Renovador. El resto de las figuras con m\u00e1s trabajo en el \u00e1rea son varones conocidos: Miguel Peirano, Arnaldo Bocco, Daniel Filmus y Roberto Salvarezza.<\/p>\n<\/div>\n<\/div>\n<div class=\"row pb-content-type-text\">\n<div class=\"col-xs-12 col-print-12\">\n<p class=\"element element-paragraph\">En Pol\u00edticas Sociales, est\u00e1n Alejandro Villar, rector de la Universidad de Quilmes, y\u00a0<strong>Ana Castellani<\/strong>, investigadora del Conicet, m\u00e1s la lista de un centenar de referentes con distinto grado de participaci\u00f3n.<\/p>\n<\/div>\n<\/div>\n<div class=\"row pb-content-type-text\">\n<div class=\"col-xs-12 col-print-12\">\n<p class=\"element element-paragraph\">En Macroeconom\u00eda para el desarrollo, adem\u00e1s de Cecilia Todesca est\u00e1n\u00a0\u00a0<strong>Kelly Olmos;<\/strong>\u00a0Castellani (su especialidad es transparencia y anticorrupci\u00f3n) y\u00a0<strong>Ana Cafiero<\/strong>, soci\u00f3loga, ex directora general de Cooperaci\u00f3n Internacional e hija de Antonio Cafiero.<\/p>\n<\/div>\n<\/div>\n<div class=\"row pb-content-type-text\">\n<div class=\"col-xs-12 col-print-12\">\n<p class=\"element element-paragraph\">En Desarrollo Productivo y Pol\u00edticas P\u00fablicas, est\u00e1n el ex titular de la Comisi\u00f3n Nacional de Valores, Alejandro Vanoli; Todesca y\u00a0<strong>Delfina Rossi<\/strong>, dirigente porte\u00f1a hija de Agust\u00edn Rossi que participa de varios grupos. Tambi\u00e9n est\u00e1 Kelly Olmos y\u00a0<strong>Diana Guill\u00e9n<\/strong>, ingeniera agr\u00f3noma que presidi\u00f3 el Senasa, organismo en el que tuvo ella misma una larga trayectoria.<\/p>\n<\/div>\n<\/div>\n<div class=\"row pb-content-type-text\">\n<div class=\"col-xs-12 col-print-12\">\n<p class=\"element element-paragraph\"><strong>Seguridad Social, Relaciones Exteriores y Empleo<\/strong><\/p>\n<\/div>\n<\/div>\n<div class=\"row pb-content-type-image\">\n<figure class=\"element element-image col-xs-12\">\n<div class=\"single-image\">\n<div class=\"shares\">\n<div class=\"share-button facebook\" data-url=\"https:\/\/www.infobae.com\/politica\/2019\/09\/14\/quienes-son-las-mujeres-que-arman-planes-y-estrategias-para-la-formula-fernandez-fernandez\/%23ZQ2RZ7ANRFGWZJGNX5OO54XTGQ\" data-original=\"https:\/\/s3.amazonaws.com\/arc-wordpress-client-uploads\/infobae-wp\/wp-content\/uploads\/2019\/08\/11205107\/bunker-paso-2019-2.jpg\"><\/div>\n<\/div>\n<p><img decoding=\"async\" id=\"ZQ2RZ7ANRFGWZJGNX5OO54XTGQ\" class=\"image-lazy\" src=\"https:\/\/www.infobae.com\/new-resizer\/xeFs2gR2lenQENA-u-svAYbS9Ag=\/750x0\/filters:quality(100)\/s3.amazonaws.com\/arc-wordpress-client-uploads\/infobae-wp\/wp-content\/uploads\/2019\/08\/11205107\/bunker-paso-2019-2.jpg\" alt=\"Felipe Sol\u00e1 y Vanesa Siley. El Frente de Todos comunic\u00f3 en parejas\u00a0el 11 de agosto\u00a0Foto NA\" width=\"750\" height=\"421.875\" data-url=\"https:\/\/www.infobae.com\/politica\/2019\/09\/14\/quienes-son-las-mujeres-que-arman-planes-y-estrategias-para-la-formula-fernandez-fernandez\/%23ZQ2RZ7ANRFGWZJGNX5OO54XTGQ\" data-original=\"https:\/\/www.infobae.com\/new-resizer\/xeFs2gR2lenQENA-u-svAYbS9Ag=\/750x0\/filters:quality(100)\/s3.amazonaws.com\/arc-wordpress-client-uploads\/infobae-wp\/wp-content\/uploads\/2019\/08\/11205107\/bunker-paso-2019-2.jpg\" \/><\/p>\n<\/div><figcaption class=\"\"><span class=\"credit\">Felipe Sol\u00e1 y Vanesa Siley. El Frente de Todos comunic\u00f3 en parejas\u00a0el 11 de agosto\u00a0Foto NA<\/span><\/figcaption><\/figure>\n<\/div>\n<div class=\"row pb-content-type-text\">\n<div class=\"col-xs-12 col-print-12\">\n<p class=\"element element-paragraph\">En Seguridad Social pican en punta dos mujeres que tambi\u00e9n marcan el ritmo de la campa\u00f1a\u00a0para la Tercera Edad:<strong>\u00a0Mirta Tundis<\/strong>\u00a0del Frente Renovador y\u00a0<strong>Luana Volnovich<\/strong>, de La C\u00e1mpora y segunda en la lista de candidatos a diputados nacionales en Buenos Aires.<\/p>\n<\/div>\n<\/div>\n<div class=\"row pb-content-type-text\">\n<div class=\"col-xs-12 col-print-12\">\n<p class=\"element element-paragraph\">Relaciones Exteriores es un \u00e1rea muy requerida. Para cancilleres se menciona a Jorge Arg\u00fcello, Jorge Taiana y Felipe Sol\u00e1. En el \u00e1rea est\u00e1n tambi\u00e9n\u00a0<strong>Soledad Magno<\/strong>, secretaria de Pol\u00edtica Internacional de La C\u00e1mpora que estuvo al frente de la Casa Patria Grande N\u00e9stor Kirchner;\u00a0<b>Natalia Tini<\/b>, especialista en pol\u00edtica latinoamericana, ex funcionaria de Defensa y ex delegada ante el Consejo de Seguridad de la UNASUR, y\u00a0<strong>Lucrecia Cardoso<\/strong>\u00a0que antes de ser vicepresidenta y presidenta del\u00a0 INCAA estuvo cinco a\u00f1os en Canciller\u00eda. Cardoso tambi\u00e9n trabaja en el grupo de Cultura.<\/p>\n<\/div>\n<\/div>\n<div class=\"row pb-content-type-text\">\n<div class=\"col-xs-12 col-print-12\">\n<p class=\"element element-paragraph\">Una diputada de estrecho v\u00ednculo con Cristina Fern\u00e1ndez coordina Trabajo: la diputada nacional\u00a0<strong>Vanesa Siley<\/strong>, secretaria general del gremio Sitraju. Madre de un hijo, nacida en Buenos Aires pero con residencia en Capital, Siley lidera la pelea con los judiciales de Julio Piumato y es una de las pocas mujeres con traje de sindicalista. CFK la puso en las listas en 2017 y el 11 de agosto fue una de las \u00abcaras nuevas\u00bb elegida por el equipo de comunicaci\u00f3n para mantener informados a los medios entre las 18 y las 21 cuando empezaron a conocerse los primeros resultados de las PASO.<\/p>\n<\/div>\n<\/div>\n<div class=\"row pb-content-type-image\">\n<figure class=\"element element-image col-xs-12\">\n<div class=\"single-image\">\n<div class=\"shares\">\n<div class=\"share-button facebook\" data-url=\"https:\/\/www.infobae.com\/politica\/2019\/09\/14\/quienes-son-las-mujeres-que-arman-planes-y-estrategias-para-la-formula-fernandez-fernandez\/%23OBDMT3ZEYFGKJFN7WA4BU7A6LA\" data-original=\"https:\/\/s3.amazonaws.com\/arc-wordpress-client-uploads\/infobae-wp\/wp-content\/uploads\/2019\/09\/14072852\/marcela-losardo-1920.jpg\"><\/div>\n<\/div>\n<p><img decoding=\"async\" id=\"OBDMT3ZEYFGKJFN7WA4BU7A6LA\" class=\"image-lazy\" src=\"https:\/\/www.infobae.com\/new-resizer\/F5Ps5Ny3ZpSPaE2Vq3Xhd_ipMIM=\/750x0\/filters:quality(100)\/s3.amazonaws.com\/arc-wordpress-client-uploads\/infobae-wp\/wp-content\/uploads\/2019\/09\/14072852\/marcela-losardo-1920.jpg\" alt=\"La abogada Marcel Losardo, principal asesora jur\u00eddica de Alberto Fern\u00e1ndez\" width=\"750\" height=\"421.484375\" data-url=\"https:\/\/www.infobae.com\/politica\/2019\/09\/14\/quienes-son-las-mujeres-que-arman-planes-y-estrategias-para-la-formula-fernandez-fernandez\/%23OBDMT3ZEYFGKJFN7WA4BU7A6LA\" data-original=\"https:\/\/www.infobae.com\/new-resizer\/F5Ps5Ny3ZpSPaE2Vq3Xhd_ipMIM=\/750x0\/filters:quality(100)\/s3.amazonaws.com\/arc-wordpress-client-uploads\/infobae-wp\/wp-content\/uploads\/2019\/09\/14072852\/marcela-losardo-1920.jpg\" \/><\/p>\n<\/div><figcaption class=\"\"><span class=\"credit\">La abogada Marcel Losardo, principal asesora jur\u00eddica de Alberto Fern\u00e1ndez<\/span><\/figcaption><\/figure>\n<\/div>\n<div class=\"row pb-content-type-text\">\n<div class=\"col-xs-12 col-print-12\">\n<p class=\"element element-paragraph\">Alberto Fern\u00e1ndez suele decir que adem\u00e1s de entender de Econom\u00eda, tambi\u00e9n podr\u00eda ser su propio ministro de Justicia. Aunque para el cargo se menciona, sin confirmaci\u00f3n, a Eduardo \u00abWado\u00bb De Pedro, muchos miran m\u00e1s cerca del candidato, a la siempre presente\u00a0<strong>Marcela Losardo<\/strong>.\u00a0 Abogada, ex compa\u00f1era de estudio en la UBA, es quien mejor interpreta a Fern\u00e1ndez en la materia y quien podr\u00eda cuidarle su firma en la Secretar\u00eda de Legal y T\u00e9cnica, por ejemplo. Con v\u00ednculos en gran parte de los despachos de los Tribunales, Losardo lo acompa\u00f1\u00f3 en la Superintendencia de Seguros, en el BAPRO, fue su jefa de asesores en la Jefatura de Gabinete y Secretaria de Justicia. Los otros nombres de peso en la plataforma de los &#8216;t\u00e9cnicos&#8217; son el de<strong>\u00a0Mar\u00eda Laura &#8216;Malala&#8217; Garrig\u00f3s de R\u00e9bori<\/strong>, ex jueza (<a href=\"https:\/\/www.infobae.com\/politica\/2018\/04\/21\/garrigos-de-rebori-todos-los-jueces-tienen-ideologia-sino-serian-muebles\/\">se jubil\u00f3 en marzo tras 42 a\u00f1os en el Poder Judicial<\/a>) y presidenta de la agrupaci\u00f3n Justicia Leg\u00edtima que se conform\u00f3 durante el kirchnerismo y el de\u00a0<strong>Silvia La Ruffa<\/strong>\u00a0del porte\u00f1o Nuevo Espacio de Participaci\u00f3n que lidera Juan Manuel Olmos, amigo personal de Fern\u00e1ndez y con oficina en el b\u00fanker de San Telmo.<\/p>\n<\/div>\n<\/div>\n<div class=\"row pb-content-type-text\">\n<div class=\"col-xs-12 col-print-12\">\n<p class=\"element element-paragraph\">En la plataforma, Justicia, Seguridad y Derechos Humanos es un mismo grupo, all\u00ed se sum\u00f3\u00a0una referente que ya pas\u00f3 por la funci\u00f3n p\u00fablica:\u00a0<strong>Cecilia Rodr\u00edguez<\/strong>, ex ministra de Cristina Fern\u00e1ndez y actual secretaria del \u00e1rea en el municipio de Avellaneda. Fue la\u00bbjefa\u00bb de Sergio Berni, aunque el entonces secretario ten\u00eda su propio peso. Hincha fan\u00e1tica de Independiente, trabaja con Jorge Ferraresi.<\/p>\n<\/div>\n<\/div>\n<div class=\"row pb-content-type-text\">\n<div class=\"col-xs-12 col-print-12\">\n<p class=\"element element-paragraph\"><strong>Ex funcionarias, abogadas y una deportista<\/strong><\/p>\n<\/div>\n<\/div>\n<div class=\"row pb-content-type-image\">\n<figure class=\"element element-image col-xs-12\">\n<div class=\"single-image\">\n<div class=\"shares\">\n<div class=\"share-button facebook\" data-url=\"https:\/\/www.infobae.com\/politica\/2019\/09\/14\/quienes-son-las-mujeres-que-arman-planes-y-estrategias-para-la-formula-fernandez-fernandez\/%23DR4GIICKO5ESVHLKNBOFKXWFV4\" data-original=\"https:\/\/s3.amazonaws.com\/arc-wordpress-client-uploads\/infobae-wp\/wp-content\/uploads\/2019\/09\/13221613\/Camila-Arguelles-4.jpg\"><\/div>\n<\/div>\n<p><img decoding=\"async\" id=\"DR4GIICKO5ESVHLKNBOFKXWFV4\" class=\"image-lazy\" src=\"https:\/\/www.infobae.com\/new-resizer\/EGhr2lHeFotGtKOkEPHRJJWM_m4=\/750x0\/filters:quality(100)\/s3.amazonaws.com\/arc-wordpress-client-uploads\/infobae-wp\/wp-content\/uploads\/2019\/09\/13221613\/Camila-Arguelles-4.jpg\" alt=\"Camila Arg\u00fcelles. Campeona de tenis de mesa y activa militante (@Cami_hlvs)\" width=\"750\" height=\"421.875\" data-url=\"https:\/\/www.infobae.com\/politica\/2019\/09\/14\/quienes-son-las-mujeres-que-arman-planes-y-estrategias-para-la-formula-fernandez-fernandez\/%23DR4GIICKO5ESVHLKNBOFKXWFV4\" data-original=\"https:\/\/www.infobae.com\/new-resizer\/EGhr2lHeFotGtKOkEPHRJJWM_m4=\/750x0\/filters:quality(100)\/s3.amazonaws.com\/arc-wordpress-client-uploads\/infobae-wp\/wp-content\/uploads\/2019\/09\/13221613\/Camila-Arguelles-4.jpg\" \/><\/p>\n<\/div><figcaption class=\"\"><span class=\"credit\">Camila Arg\u00fcelles. Campeona de tenis de mesa y activa militante (@Cami_hlvs)<\/span><\/figcaption><\/figure>\n<\/div>\n<div class=\"row pb-content-type-text\">\n<div class=\"col-xs-12 col-print-12\">\n<p class=\"element element-paragraph\"><strong>Silvia R\u00e9vora<\/strong>, ex subsecretaria de Pol\u00edticas de Planificaci\u00f3n y Pol\u00edtica Ambiental de la Naci\u00f3n entre 2011 y 2015, es referente en Ambiente. Es adem\u00e1s t\u00eda de \u00abWado\u00bb De Pedro y el mes pasado, en un Encuentro de Investigadores de Ciencias Ambientales realizado en la Facultad de Agronom\u00eda (UBA), propuso un \u00abpacto federal\u00bb con las provincias en materia ambiental para los pr\u00f3ximos cuatro a\u00f1os. En la materia, pesa la voz de Fernando \u00abPino\u00bb Solanas, uno de los referentes con los que se acord\u00f3 la conformaci\u00f3n del Frente de Todos en Capital, y trabaja tambi\u00e9n\u00a0<strong>Diana Echeandia.<\/strong><\/p>\n<\/div>\n<\/div>\n<div class=\"row pb-content-type-text\">\n<div class=\"col-xs-12 col-print-12\">\n<p class=\"element element-paragraph\">Otros nombres de mujer son el de\u00a0<strong>Patricia Vismara<\/strong>\u00a0en Turismo (fue subsecretaria Nacional de Promoci\u00f3n Tur\u00edstica);\u00a0<strong>Silvia Balzanelli<\/strong>\u00a0en propuestas para personas con discapacidad;\u00a0<strong>Fernanda Ruiz<\/strong>\u00a0y\u00a0<strong>Ver\u00f3nica Sforzin<\/strong>\u00a0de la Universidad Nacional de La Plata en Comunicaci\u00f3n y los de\u00a0<strong>Judith Said, coordinadora de Derechos Humanos del Instituto Patria;<\/strong>\u00a0<strong>Mara Brawer<\/strong>\u00a0(ex diputada, ex subsecretaria en Educaci\u00f3n en Ciudad y Naci\u00f3n, licenciada en Psicolog\u00eda y especialista en mediaci\u00f3n y resoluci\u00f3n de conflictos) y\u00a0<strong>Victoria Tesoriero<\/strong>, soci\u00f3loga feminista, en G\u00e9nero.<\/p>\n<\/div>\n<\/div>\n<div class=\"row pb-content-type-text\">\n<div class=\"col-xs-12 col-print-12\">\n<p class=\"element element-paragraph\">En Salud suele mencionarse a los ex ministros Gin\u00e9s Gonz\u00e1lez Garc\u00eda y Daniel Goll\u00e1n y Nicol\u00e1s Kreplak. Pero tambi\u00e9n trabajan\u00a0<strong>Leticia Ceriani<\/strong>\u00a0(especialista en salud mental y como Kreplak integrante de la fundaci\u00f3n Soberan\u00eda Sanitaria),<strong>\u00a0Gabriela Bauer<\/strong>\u00a0(hermana de Trist\u00e1n Bauer y m\u00e9dica pediatra del Hospital Garrahan durante 23 a\u00f1os) y\u00a0<strong>Sabrina Bala\u00f1a<\/strong>, m\u00e9dica y ex subsecretaria de Medicina Comunitaria, Maternidad e Infancia que fue una de las responsables del plan Qunita.<\/p>\n<\/div>\n<\/div>\n<div class=\"row pb-content-type-text\">\n<div class=\"col-xs-12 col-print-12\">\n<p class=\"element element-paragraph\">En Ni\u00f1ez, trabaja la hermana de Andr\u00e9s \u00abEl Cuervo\u00bb Larroque,\u00a0<strong>Mariana Larroque<\/strong>, diputada de Unidad Ciudadana y en Deportes\u00a0<strong>Camila Arg\u00fcelles,<\/strong>\u00a0que naci\u00f3 en Francia pero eligi\u00f3 competir para el pa\u00eds del que se exiliaron sus padres en los \u00faltimos a\u00f1os de la Dictadura. Ella se integr\u00f3 a la Selecci\u00f3n argentina de tenis de mesa, jug\u00f3 mundiales y Panamericanos con la camiseta celeste y blanca y esta misma semana estuvo en el Paraguay Open donde lleg\u00f3 a semifinales. En lo pol\u00edtico impuls\u00f3 junto a Victoria Tesoriero un pa\u00f1uelazo para reclamar por las becas del Cenard.<\/p>\n<\/div>\n<\/div>\n<div class=\"row pb-content-type-text\">\n<div class=\"col-xs-12 col-print-12\">\n<p class=\"element element-paragraph\">Adem\u00e1s hay quienes participan de reuniones sin ser activas referentes. Es el caso de la abogada\u00a0<strong>Marisa Herrera<\/strong>, hermana de la bailarina Paloma Herrera que lider\u00f3 con otras profesionales del derecho marchas a favor de la despenalizaci\u00f3n del aborto. Trabaj\u00f3 en la reforma del C\u00f3digo Civil y Comercial y entre sus m\u00faltiples actividades es Profesora Adjunta de Derecho de Familia y Sucesiones en la Universidad de Buenos Aires.<\/p>\n<\/div>\n<\/div>\n","protected":false},"excerpt":{"rendered":"<p>Mujeres en la f\u00f3rmula Fern\u00e1ndez-Fern\u00e1ndez Por\u00a0Anal\u00eda Argento Una mujer entr\u00f3 discretamente en escena. Se acerc\u00f3 a la mesa donde estaba por comenzar una conferencia de prensa y acomod\u00f3 una silla justo al lado de\u00a0Miguel Acevedo\u00a0(UIA), el candidato a presidente\u00a0Alberto Fern\u00e1ndez, el jefe dela CGT\u00a0H\u00e9ctor Daer, el gobernador\u00a0Juan Manzur, el candidato a diputado\u00a0Sergio Massa\u00a0y el gobernador [&hellip;]<\/p>\n","protected":false},"author":4,"featured_media":41302,"comment_status":"open","ping_status":"open","sticky":false,"template":"","format":"standard","meta":{"iawp_total_views":15,"footnotes":""},"categories":[1067,32],"tags":[2116,2041,130,1059,2115],"class_list":["post-41293","post","type-post","status-publish","format-standard","has-post-thumbnail","hentry","category-agenda-feminista","category-mujeres","tag-alberto-fernandez","tag-cristina-fernandez","tag-mujeres","tag-mujeres-y-politica","tag-quienes-son-las-mujformula-fernandez-fernandez"],"nelio_content":{"autoShareEndMode":"never","automationSources":{"useCustomSentences":false,"customSentences":[]},"efiAlt":"","efiUrl":"","followers":[4],"highlights":[],"isAutoShareEnabled":true,"networkImageIds":[],"permalinkQueryArgs":[],"series":[],"suggestedReferences":[]},"yoast_head":"<!-- This site is optimized with the Yoast SEO plugin v27.5 - https:\/\/yoast.com\/product\/yoast-seo-wordpress\/ -->\n<title>Qui\u00e9nes son las mujeres que arman planes y estrategias para la f\u00f3rmula Fern\u00e1ndez-Fern\u00e1ndez - Diario Digital Femenino<\/title>\n<meta name=\"description\" content=\"Qui\u00e9nes son las mujeres que arman planes y estrategias para la f\u00f3rmula Fern\u00e1ndez-Fern\u00e1ndez.\" \/>\n<meta name=\"robots\" content=\"index, follow, max-snippet:-1, max-image-preview:large, max-video-preview:-1\" \/>\n<link rel=\"canonical\" href=\"https:\/\/diariofemenino.com.ar\/df\/quienes-son-las-mujeres-que-arman-planes-y-estrategias-para-la-formula-fernandez-fernandez\/\" \/>\n<meta property=\"og:locale\" content=\"es_ES\" \/>\n<meta property=\"og:type\" content=\"article\" \/>\n<meta property=\"og:title\" content=\"Qui\u00e9nes son las mujeres que arman planes y estrategias para la f\u00f3rmula Fern\u00e1ndez-Fern\u00e1ndez - Diario Digital Femenino\" \/>\n<meta property=\"og:description\" content=\"Qui\u00e9nes son las mujeres que arman planes y estrategias para la f\u00f3rmula Fern\u00e1ndez-Fern\u00e1ndez.\" \/>\n<meta property=\"og:url\" content=\"https:\/\/diariofemenino.com.ar\/df\/quienes-son-las-mujeres-que-arman-planes-y-estrategias-para-la-formula-fernandez-fernandez\/\" \/>\n<meta property=\"og:site_name\" content=\"Diario Digital Femenino\" \/>\n<meta property=\"article:publisher\" content=\"https:\/\/www.facebook.com\/DiarioDigitaFemenino\/\" \/>\n<meta property=\"article:published_time\" content=\"2019-09-15T15:26:56+00:00\" \/>\n<meta property=\"article:modified_time\" content=\"2019-09-15T15:27:41+00:00\" \/>\n<meta property=\"og:image\" content=\"https:\/\/diariofemenino.com.ar\/df\/wp-content\/uploads\/2019\/09\/Cristina.jpg\" \/>\n\t<meta property=\"og:image:width\" content=\"745\" \/>\n\t<meta property=\"og:image:height\" content=\"365\" \/>\n\t<meta property=\"og:image:type\" content=\"image\/jpeg\" \/>\n<meta name=\"author\" content=\"Admin\" \/>\n<meta name=\"twitter:card\" content=\"summary_large_image\" \/>\n<meta name=\"twitter:creator\" content=\"@DiarioFemenino1\" \/>\n<meta name=\"twitter:site\" content=\"@DiarioFemenino1\" \/>\n<meta name=\"twitter:label1\" content=\"Escrito por\" \/>\n\t<meta name=\"twitter:data1\" content=\"Admin\" \/>\n\t<meta name=\"twitter:label2\" content=\"Tiempo de lectura\" \/>\n\t<meta name=\"twitter:data2\" content=\"12 minutos\" \/>\n<script type=\"application\/ld+json\" class=\"yoast-schema-graph\">{\"@context\":\"https:\\\/\\\/schema.org\",\"@graph\":[{\"@type\":\"Article\",\"@id\":\"https:\\\/\\\/diariofemenino.com.ar\\\/df\\\/quienes-son-las-mujeres-que-arman-planes-y-estrategias-para-la-formula-fernandez-fernandez\\\/#article\",\"isPartOf\":{\"@id\":\"https:\\\/\\\/diariofemenino.com.ar\\\/df\\\/quienes-son-las-mujeres-que-arman-planes-y-estrategias-para-la-formula-fernandez-fernandez\\\/\"},\"author\":{\"name\":\"Admin\",\"@id\":\"https:\\\/\\\/diariofemenino.com.ar\\\/df\\\/#\\\/schema\\\/person\\\/bf6199e8158c657ea6f789b11ec85509\"},\"headline\":\"Qui\u00e9nes son las mujeres que arman planes y estrategias para la f\u00f3rmula Fern\u00e1ndez-Fern\u00e1ndez\",\"datePublished\":\"2019-09-15T15:26:56+00:00\",\"dateModified\":\"2019-09-15T15:27:41+00:00\",\"mainEntityOfPage\":{\"@id\":\"https:\\\/\\\/diariofemenino.com.ar\\\/df\\\/quienes-son-las-mujeres-que-arman-planes-y-estrategias-para-la-formula-fernandez-fernandez\\\/\"},\"wordCount\":2390,\"commentCount\":0,\"publisher\":{\"@id\":\"https:\\\/\\\/diariofemenino.com.ar\\\/df\\\/#organization\"},\"image\":{\"@id\":\"https:\\\/\\\/diariofemenino.com.ar\\\/df\\\/quienes-son-las-mujeres-que-arman-planes-y-estrategias-para-la-formula-fernandez-fernandez\\\/#primaryimage\"},\"thumbnailUrl\":\"https:\\\/\\\/diariofemenino.com.ar\\\/df\\\/wp-content\\\/uploads\\\/2019\\\/09\\\/Cristina.jpg\",\"keywords\":[\"Alberto Fern\u00e1ndez\",\"Cristina Fern\u00e1ndez\",\"Mujeres\",\"Mujeres y Pol\u00edtica\",\"Qui\u00e9nes son las mujF\u00f3rmula Fern\u00e1ndez-Fern\u00e1ndez\"],\"articleSection\":[\"Agenda Feminista\",\"Mujeres\"],\"inLanguage\":\"es\",\"potentialAction\":[{\"@type\":\"CommentAction\",\"name\":\"Comment\",\"target\":[\"https:\\\/\\\/diariofemenino.com.ar\\\/df\\\/quienes-son-las-mujeres-que-arman-planes-y-estrategias-para-la-formula-fernandez-fernandez\\\/#respond\"]}]},{\"@type\":\"WebPage\",\"@id\":\"https:\\\/\\\/diariofemenino.com.ar\\\/df\\\/quienes-son-las-mujeres-que-arman-planes-y-estrategias-para-la-formula-fernandez-fernandez\\\/\",\"url\":\"https:\\\/\\\/diariofemenino.com.ar\\\/df\\\/quienes-son-las-mujeres-que-arman-planes-y-estrategias-para-la-formula-fernandez-fernandez\\\/\",\"name\":\"Qui\u00e9nes son las mujeres que arman planes y estrategias para la f\u00f3rmula Fern\u00e1ndez-Fern\u00e1ndez - Diario Digital Femenino\",\"isPartOf\":{\"@id\":\"https:\\\/\\\/diariofemenino.com.ar\\\/df\\\/#website\"},\"primaryImageOfPage\":{\"@id\":\"https:\\\/\\\/diariofemenino.com.ar\\\/df\\\/quienes-son-las-mujeres-que-arman-planes-y-estrategias-para-la-formula-fernandez-fernandez\\\/#primaryimage\"},\"image\":{\"@id\":\"https:\\\/\\\/diariofemenino.com.ar\\\/df\\\/quienes-son-las-mujeres-que-arman-planes-y-estrategias-para-la-formula-fernandez-fernandez\\\/#primaryimage\"},\"thumbnailUrl\":\"https:\\\/\\\/diariofemenino.com.ar\\\/df\\\/wp-content\\\/uploads\\\/2019\\\/09\\\/Cristina.jpg\",\"datePublished\":\"2019-09-15T15:26:56+00:00\",\"dateModified\":\"2019-09-15T15:27:41+00:00\",\"description\":\"Qui\u00e9nes son las mujeres que arman planes y estrategias para la f\u00f3rmula Fern\u00e1ndez-Fern\u00e1ndez.\",\"breadcrumb\":{\"@id\":\"https:\\\/\\\/diariofemenino.com.ar\\\/df\\\/quienes-son-las-mujeres-que-arman-planes-y-estrategias-para-la-formula-fernandez-fernandez\\\/#breadcrumb\"},\"inLanguage\":\"es\",\"potentialAction\":[{\"@type\":\"ReadAction\",\"target\":[\"https:\\\/\\\/diariofemenino.com.ar\\\/df\\\/quienes-son-las-mujeres-que-arman-planes-y-estrategias-para-la-formula-fernandez-fernandez\\\/\"]}]},{\"@type\":\"ImageObject\",\"inLanguage\":\"es\",\"@id\":\"https:\\\/\\\/diariofemenino.com.ar\\\/df\\\/quienes-son-las-mujeres-que-arman-planes-y-estrategias-para-la-formula-fernandez-fernandez\\\/#primaryimage\",\"url\":\"https:\\\/\\\/diariofemenino.com.ar\\\/df\\\/wp-content\\\/uploads\\\/2019\\\/09\\\/Cristina.jpg\",\"contentUrl\":\"https:\\\/\\\/diariofemenino.com.ar\\\/df\\\/wp-content\\\/uploads\\\/2019\\\/09\\\/Cristina.jpg\",\"width\":745,\"height\":365,\"caption\":\"Qui\u00e9nes son las mujeres que arman planes y estrategias para la f\u00f3rmula Fern\u00e1ndez-Fern\u00e1ndez\"},{\"@type\":\"BreadcrumbList\",\"@id\":\"https:\\\/\\\/diariofemenino.com.ar\\\/df\\\/quienes-son-las-mujeres-que-arman-planes-y-estrategias-para-la-formula-fernandez-fernandez\\\/#breadcrumb\",\"itemListElement\":[{\"@type\":\"ListItem\",\"position\":1,\"name\":\"Portada\",\"item\":\"https:\\\/\\\/diariofemenino.com.ar\\\/df\\\/\"},{\"@type\":\"ListItem\",\"position\":2,\"name\":\"Qui\u00e9nes son las mujeres que arman planes y estrategias para la f\u00f3rmula Fern\u00e1ndez-Fern\u00e1ndez\"}]},{\"@type\":\"WebSite\",\"@id\":\"https:\\\/\\\/diariofemenino.com.ar\\\/df\\\/#website\",\"url\":\"https:\\\/\\\/diariofemenino.com.ar\\\/df\\\/\",\"name\":\"Diario Digital Femenino\",\"description\":\"Cuesti\u00f3n de G\u00e9nero\",\"publisher\":{\"@id\":\"https:\\\/\\\/diariofemenino.com.ar\\\/df\\\/#organization\"},\"potentialAction\":[{\"@type\":\"SearchAction\",\"target\":{\"@type\":\"EntryPoint\",\"urlTemplate\":\"https:\\\/\\\/diariofemenino.com.ar\\\/df\\\/?s={search_term_string}\"},\"query-input\":{\"@type\":\"PropertyValueSpecification\",\"valueRequired\":true,\"valueName\":\"search_term_string\"}}],\"inLanguage\":\"es\"},{\"@type\":\"Organization\",\"@id\":\"https:\\\/\\\/diariofemenino.com.ar\\\/df\\\/#organization\",\"name\":\"Diario Femenino\",\"url\":\"https:\\\/\\\/diariofemenino.com.ar\\\/df\\\/\",\"logo\":{\"@type\":\"ImageObject\",\"inLanguage\":\"es\",\"@id\":\"https:\\\/\\\/diariofemenino.com.ar\\\/df\\\/#\\\/schema\\\/logo\\\/image\\\/\",\"url\":\"https:\\\/\\\/diariofemenino.com.ar\\\/df\\\/wp-content\\\/uploads\\\/2018\\\/10\\\/logo.png\",\"contentUrl\":\"https:\\\/\\\/diariofemenino.com.ar\\\/df\\\/wp-content\\\/uploads\\\/2018\\\/10\\\/logo.png\",\"width\":500,\"height\":92,\"caption\":\"Diario Femenino\"},\"image\":{\"@id\":\"https:\\\/\\\/diariofemenino.com.ar\\\/df\\\/#\\\/schema\\\/logo\\\/image\\\/\"},\"sameAs\":[\"https:\\\/\\\/www.facebook.com\\\/DiarioDigitaFemenino\\\/\",\"https:\\\/\\\/x.com\\\/DiarioFemenino1\"]},{\"@type\":\"Person\",\"@id\":\"https:\\\/\\\/diariofemenino.com.ar\\\/df\\\/#\\\/schema\\\/person\\\/bf6199e8158c657ea6f789b11ec85509\",\"name\":\"Admin\",\"image\":{\"@type\":\"ImageObject\",\"inLanguage\":\"es\",\"@id\":\"https:\\\/\\\/diariofemenino.com.ar\\\/df\\\/wp-content\\\/uploads\\\/2018\\\/12\\\/favicon-150x150.jpg\",\"url\":\"https:\\\/\\\/diariofemenino.com.ar\\\/df\\\/wp-content\\\/uploads\\\/2018\\\/12\\\/favicon-150x150.jpg\",\"contentUrl\":\"https:\\\/\\\/diariofemenino.com.ar\\\/df\\\/wp-content\\\/uploads\\\/2018\\\/12\\\/favicon-150x150.jpg\",\"caption\":\"Admin\"},\"url\":\"https:\\\/\\\/diariofemenino.com.ar\\\/df\\\/author\\\/lenny\\\/\"}]}<\/script>\n<!-- \/ Yoast SEO plugin. -->","yoast_head_json":{"title":"Qui\u00e9nes son las mujeres que arman planes y estrategias para la f\u00f3rmula Fern\u00e1ndez-Fern\u00e1ndez - Diario Digital Femenino","description":"Qui\u00e9nes son las mujeres que arman planes y estrategias para la f\u00f3rmula Fern\u00e1ndez-Fern\u00e1ndez.","robots":{"index":"index","follow":"follow","max-snippet":"max-snippet:-1","max-image-preview":"max-image-preview:large","max-video-preview":"max-video-preview:-1"},"canonical":"https:\/\/diariofemenino.com.ar\/df\/quienes-son-las-mujeres-que-arman-planes-y-estrategias-para-la-formula-fernandez-fernandez\/","og_locale":"es_ES","og_type":"article","og_title":"Qui\u00e9nes son las mujeres que arman planes y estrategias para la f\u00f3rmula Fern\u00e1ndez-Fern\u00e1ndez - Diario Digital Femenino","og_description":"Qui\u00e9nes son las mujeres que arman planes y estrategias para la f\u00f3rmula Fern\u00e1ndez-Fern\u00e1ndez.","og_url":"https:\/\/diariofemenino.com.ar\/df\/quienes-son-las-mujeres-que-arman-planes-y-estrategias-para-la-formula-fernandez-fernandez\/","og_site_name":"Diario Digital Femenino","article_publisher":"https:\/\/www.facebook.com\/DiarioDigitaFemenino\/","article_published_time":"2019-09-15T15:26:56+00:00","article_modified_time":"2019-09-15T15:27:41+00:00","og_image":[{"width":745,"height":365,"url":"https:\/\/diariofemenino.com.ar\/df\/wp-content\/uploads\/2019\/09\/Cristina.jpg","type":"image\/jpeg"}],"author":"Admin","twitter_card":"summary_large_image","twitter_creator":"@DiarioFemenino1","twitter_site":"@DiarioFemenino1","twitter_misc":{"Escrito por":"Admin","Tiempo de lectura":"12 minutos"},"schema":{"@context":"https:\/\/schema.org","@graph":[{"@type":"Article","@id":"https:\/\/diariofemenino.com.ar\/df\/quienes-son-las-mujeres-que-arman-planes-y-estrategias-para-la-formula-fernandez-fernandez\/#article","isPartOf":{"@id":"https:\/\/diariofemenino.com.ar\/df\/quienes-son-las-mujeres-que-arman-planes-y-estrategias-para-la-formula-fernandez-fernandez\/"},"author":{"name":"Admin","@id":"https:\/\/diariofemenino.com.ar\/df\/#\/schema\/person\/bf6199e8158c657ea6f789b11ec85509"},"headline":"Qui\u00e9nes son las mujeres que arman planes y estrategias para la f\u00f3rmula Fern\u00e1ndez-Fern\u00e1ndez","datePublished":"2019-09-15T15:26:56+00:00","dateModified":"2019-09-15T15:27:41+00:00","mainEntityOfPage":{"@id":"https:\/\/diariofemenino.com.ar\/df\/quienes-son-las-mujeres-que-arman-planes-y-estrategias-para-la-formula-fernandez-fernandez\/"},"wordCount":2390,"commentCount":0,"publisher":{"@id":"https:\/\/diariofemenino.com.ar\/df\/#organization"},"image":{"@id":"https:\/\/diariofemenino.com.ar\/df\/quienes-son-las-mujeres-que-arman-planes-y-estrategias-para-la-formula-fernandez-fernandez\/#primaryimage"},"thumbnailUrl":"https:\/\/diariofemenino.com.ar\/df\/wp-content\/uploads\/2019\/09\/Cristina.jpg","keywords":["Alberto Fern\u00e1ndez","Cristina Fern\u00e1ndez","Mujeres","Mujeres y Pol\u00edtica","Qui\u00e9nes son las mujF\u00f3rmula Fern\u00e1ndez-Fern\u00e1ndez"],"articleSection":["Agenda Feminista","Mujeres"],"inLanguage":"es","potentialAction":[{"@type":"CommentAction","name":"Comment","target":["https:\/\/diariofemenino.com.ar\/df\/quienes-son-las-mujeres-que-arman-planes-y-estrategias-para-la-formula-fernandez-fernandez\/#respond"]}]},{"@type":"WebPage","@id":"https:\/\/diariofemenino.com.ar\/df\/quienes-son-las-mujeres-que-arman-planes-y-estrategias-para-la-formula-fernandez-fernandez\/","url":"https:\/\/diariofemenino.com.ar\/df\/quienes-son-las-mujeres-que-arman-planes-y-estrategias-para-la-formula-fernandez-fernandez\/","name":"Qui\u00e9nes son las mujeres que arman planes y estrategias para la f\u00f3rmula Fern\u00e1ndez-Fern\u00e1ndez - Diario Digital Femenino","isPartOf":{"@id":"https:\/\/diariofemenino.com.ar\/df\/#website"},"primaryImageOfPage":{"@id":"https:\/\/diariofemenino.com.ar\/df\/quienes-son-las-mujeres-que-arman-planes-y-estrategias-para-la-formula-fernandez-fernandez\/#primaryimage"},"image":{"@id":"https:\/\/diariofemenino.com.ar\/df\/quienes-son-las-mujeres-que-arman-planes-y-estrategias-para-la-formula-fernandez-fernandez\/#primaryimage"},"thumbnailUrl":"https:\/\/diariofemenino.com.ar\/df\/wp-content\/uploads\/2019\/09\/Cristina.jpg","datePublished":"2019-09-15T15:26:56+00:00","dateModified":"2019-09-15T15:27:41+00:00","description":"Qui\u00e9nes son las mujeres que arman planes y estrategias para la f\u00f3rmula Fern\u00e1ndez-Fern\u00e1ndez.","breadcrumb":{"@id":"https:\/\/diariofemenino.com.ar\/df\/quienes-son-las-mujeres-que-arman-planes-y-estrategias-para-la-formula-fernandez-fernandez\/#breadcrumb"},"inLanguage":"es","potentialAction":[{"@type":"ReadAction","target":["https:\/\/diariofemenino.com.ar\/df\/quienes-son-las-mujeres-que-arman-planes-y-estrategias-para-la-formula-fernandez-fernandez\/"]}]},{"@type":"ImageObject","inLanguage":"es","@id":"https:\/\/diariofemenino.com.ar\/df\/quienes-son-las-mujeres-que-arman-planes-y-estrategias-para-la-formula-fernandez-fernandez\/#primaryimage","url":"https:\/\/diariofemenino.com.ar\/df\/wp-content\/uploads\/2019\/09\/Cristina.jpg","contentUrl":"https:\/\/diariofemenino.com.ar\/df\/wp-content\/uploads\/2019\/09\/Cristina.jpg","width":745,"height":365,"caption":"Qui\u00e9nes son las mujeres que arman planes y estrategias para la f\u00f3rmula Fern\u00e1ndez-Fern\u00e1ndez"},{"@type":"BreadcrumbList","@id":"https:\/\/diariofemenino.com.ar\/df\/quienes-son-las-mujeres-que-arman-planes-y-estrategias-para-la-formula-fernandez-fernandez\/#breadcrumb","itemListElement":[{"@type":"ListItem","position":1,"name":"Portada","item":"https:\/\/diariofemenino.com.ar\/df\/"},{"@type":"ListItem","position":2,"name":"Qui\u00e9nes son las mujeres que arman planes y estrategias para la f\u00f3rmula Fern\u00e1ndez-Fern\u00e1ndez"}]},{"@type":"WebSite","@id":"https:\/\/diariofemenino.com.ar\/df\/#website","url":"https:\/\/diariofemenino.com.ar\/df\/","name":"Diario Digital Femenino","description":"Cuesti\u00f3n de G\u00e9nero","publisher":{"@id":"https:\/\/diariofemenino.com.ar\/df\/#organization"},"potentialAction":[{"@type":"SearchAction","target":{"@type":"EntryPoint","urlTemplate":"https:\/\/diariofemenino.com.ar\/df\/?s={search_term_string}"},"query-input":{"@type":"PropertyValueSpecification","valueRequired":true,"valueName":"search_term_string"}}],"inLanguage":"es"},{"@type":"Organization","@id":"https:\/\/diariofemenino.com.ar\/df\/#organization","name":"Diario Femenino","url":"https:\/\/diariofemenino.com.ar\/df\/","logo":{"@type":"ImageObject","inLanguage":"es","@id":"https:\/\/diariofemenino.com.ar\/df\/#\/schema\/logo\/image\/","url":"https:\/\/diariofemenino.com.ar\/df\/wp-content\/uploads\/2018\/10\/logo.png","contentUrl":"https:\/\/diariofemenino.com.ar\/df\/wp-content\/uploads\/2018\/10\/logo.png","width":500,"height":92,"caption":"Diario Femenino"},"image":{"@id":"https:\/\/diariofemenino.com.ar\/df\/#\/schema\/logo\/image\/"},"sameAs":["https:\/\/www.facebook.com\/DiarioDigitaFemenino\/","https:\/\/x.com\/DiarioFemenino1"]},{"@type":"Person","@id":"https:\/\/diariofemenino.com.ar\/df\/#\/schema\/person\/bf6199e8158c657ea6f789b11ec85509","name":"Admin","image":{"@type":"ImageObject","inLanguage":"es","@id":"https:\/\/diariofemenino.com.ar\/df\/wp-content\/uploads\/2018\/12\/favicon-150x150.jpg","url":"https:\/\/diariofemenino.com.ar\/df\/wp-content\/uploads\/2018\/12\/favicon-150x150.jpg","contentUrl":"https:\/\/diariofemenino.com.ar\/df\/wp-content\/uploads\/2018\/12\/favicon-150x150.jpg","caption":"Admin"},"url":"https:\/\/diariofemenino.com.ar\/df\/author\/lenny\/"}]}},"jetpack_featured_media_url":"https:\/\/diariofemenino.com.ar\/df\/wp-content\/uploads\/2019\/09\/Cristina.jpg","jetpack_sharing_enabled":true,"rttpg_featured_image_url":{"full":["https:\/\/diariofemenino.com.ar\/df\/wp-content\/uploads\/2019\/09\/Cristina.jpg",745,365,false],"landscape":["https:\/\/diariofemenino.com.ar\/df\/wp-content\/uploads\/2019\/09\/Cristina.jpg",745,365,false],"portraits":["https:\/\/diariofemenino.com.ar\/df\/wp-content\/uploads\/2019\/09\/Cristina.jpg",745,365,false],"thumbnail":["https:\/\/diariofemenino.com.ar\/df\/wp-content\/uploads\/2019\/09\/Cristina-150x150.jpg",150,150,true],"medium":["https:\/\/diariofemenino.com.ar\/df\/wp-content\/uploads\/2019\/09\/Cristina-300x147.jpg",300,147,true],"large":["https:\/\/diariofemenino.com.ar\/df\/wp-content\/uploads\/2019\/09\/Cristina.jpg",745,365,false],"1536x1536":["https:\/\/diariofemenino.com.ar\/df\/wp-content\/uploads\/2019\/09\/Cristina.jpg",745,365,false],"2048x2048":["https:\/\/diariofemenino.com.ar\/df\/wp-content\/uploads\/2019\/09\/Cristina.jpg",745,365,false]},"rttpg_author":{"display_name":"Admin","author_link":"https:\/\/diariofemenino.com.ar\/df\/author\/lenny\/"},"rttpg_comment":0,"rttpg_category":"<a href=\"https:\/\/diariofemenino.com.ar\/df\/category\/agenda-feminista\/\" rel=\"category tag\">Agenda Feminista<\/a> <a href=\"https:\/\/diariofemenino.com.ar\/df\/category\/mujeres\/\" rel=\"category tag\">Mujeres<\/a>","rttpg_excerpt":"Mujeres en la f\u00f3rmula Fern\u00e1ndez-Fern\u00e1ndez Por\u00a0Anal\u00eda Argento Una mujer entr\u00f3 discretamente en escena. Se acerc\u00f3 a la mesa donde estaba por comenzar una conferencia de prensa y acomod\u00f3 una silla justo al lado de\u00a0Miguel Acevedo\u00a0(UIA), el candidato a presidente\u00a0Alberto Fern\u00e1ndez, el jefe dela CGT\u00a0H\u00e9ctor Daer, el gobernador\u00a0Juan Manzur, el candidato a diputado\u00a0Sergio Massa\u00a0y el gobernador&hellip;","_links":{"self":[{"href":"https:\/\/diariofemenino.com.ar\/df\/wp-json\/wp\/v2\/posts\/41293","targetHints":{"allow":["GET"]}}],"collection":[{"href":"https:\/\/diariofemenino.com.ar\/df\/wp-json\/wp\/v2\/posts"}],"about":[{"href":"https:\/\/diariofemenino.com.ar\/df\/wp-json\/wp\/v2\/types\/post"}],"author":[{"embeddable":true,"href":"https:\/\/diariofemenino.com.ar\/df\/wp-json\/wp\/v2\/users\/4"}],"replies":[{"embeddable":true,"href":"https:\/\/diariofemenino.com.ar\/df\/wp-json\/wp\/v2\/comments?post=41293"}],"version-history":[{"count":0,"href":"https:\/\/diariofemenino.com.ar\/df\/wp-json\/wp\/v2\/posts\/41293\/revisions"}],"wp:featuredmedia":[{"embeddable":true,"href":"https:\/\/diariofemenino.com.ar\/df\/wp-json\/wp\/v2\/media\/41302"}],"wp:attachment":[{"href":"https:\/\/diariofemenino.com.ar\/df\/wp-json\/wp\/v2\/media?parent=41293"}],"wp:term":[{"taxonomy":"category","embeddable":true,"href":"https:\/\/diariofemenino.com.ar\/df\/wp-json\/wp\/v2\/categories?post=41293"},{"taxonomy":"post_tag","embeddable":true,"href":"https:\/\/diariofemenino.com.ar\/df\/wp-json\/wp\/v2\/tags?post=41293"}],"curies":[{"name":"wp","href":"https:\/\/api.w.org\/{rel}","templated":true}]}}