{"id":41046,"date":"2019-09-10T16:56:05","date_gmt":"2019-09-10T19:56:05","guid":{"rendered":"https:\/\/diariofemenino.com.ar\/?p=41046"},"modified":"2019-09-10T16:56:05","modified_gmt":"2019-09-10T19:56:05","slug":"eliminaron-concursos-de-belleza-en-fiestas-provinciales","status":"publish","type":"post","link":"https:\/\/diariofemenino.com.ar\/df\/eliminaron-concursos-de-belleza-en-fiestas-provinciales\/","title":{"rendered":"Eliminaron concursos de belleza en fiestas provinciales"},"content":{"rendered":"<h2 class=\"article-title\" style=\"text-align: center;\"><a href=\"https:\/\/diariofemenino.com.ar\/gualeguaychu-elimino-la-eleccion-de-la-reina-de-belleza-para-luchar-contra-la-violencia-de-genero\/\">Eliminaron concursos de belleza<\/a> en fiestas provinciales<\/h2>\n<p>La Secretar\u00eda de Cultura anunci\u00f3 este martes que la Fiesta Provincial del Sorgo y de la Cosecha Gruesa en Realic\u00f3 y la Fiesta Provincial de la Estancia de la Cr\u00eda en Tel\u00e9n<strong>\u00a0no programaron concursos de belleza.<\/strong><\/p>\n<p>Dos fiestas provinciales, en Realic\u00f3 y Tel\u00e9n, no tendr\u00e1n este a\u00f1o la tradicional elecci\u00f3n de la reina de la belleza y las princesas. El anuncio lo hizo la secretaria de Cultura, Adriana Maggio, junto al intendente de Tel\u00e9n, Sa\u00fal Echeveste, y la directora de Coordinaci\u00f3n Cultural, Dini Calder\u00f3n, y la directora Provincial de Art\u00edstica, Malva Rold\u00e1n. La funcionaria provincial confi\u00f3 que desde la localidad de Arata se sumar\u00e1n a la decisi\u00f3n en un evento que est\u00e1n a punto de difundir.<\/p>\n<p>La Fiesta Provincial del Sorgo y de la Cosecha Gruesa se realizar\u00e1 el 5 de octubre desde las 21 horas, en Realic\u00f3, organizada por el Club Sportivo. Contar\u00e1 con el espect\u00e1culo musical de Rina Jurado, Jos\u00e9 Ayala y el grupo La Firma. Mientras que en noviembre, ser\u00e1 el turno de la s\u00e9ptima edici\u00f3n de la Fiesta Provincial de las Estancia de la Cr\u00eda, en Tel\u00e9n que tendr\u00e1 la particularidad de la Feria de Mujeres Emprendedoras, tras la eliminaci\u00f3n del certamen de belleza.<\/p>\n<p>Maggio remarc\u00f3 que desde el principio de su gesti\u00f3n <a href=\"https:\/\/diariofemenino.com.ar\/gobierno-pampeano\/\">se viene trabajando en un proceso con las distintas localidades, en el marco de plantear la eliminaci\u00f3n de los cert\u00e1menes de belleza<\/a>. \u201cAcompa\u00f1amos a las fiestas populares. Trajimos capacitaciones. Conversamos mucho, respetando cada una de las acciones que la fiesta realiza para celebrar. En muchos casos son eventos gastron\u00f3micos, en muchos casos son desfiles, espect\u00e1culos folkl\u00f3ricos. Nuestra postura es entender que las tradiciones no se pueden cambiar por decreto, es un proceso de cambio, entonces nosotros acompa\u00f1amos ese proceso y en la medida que van madurando se producen resultados como este\u201d, explic\u00f3. \u201cApoyamos y acompa\u00f1amos, a cambio habr\u00e1 otros espect\u00e1culos y as\u00ed se van sumando otras alternativas\u201d, destac\u00f3.<\/p>\n<p>La funcionaria destac\u00f3 que \u201clos dirigentes del club de Realic\u00f3 vinieron a vernos con el temor que como eleg\u00edan una reina y la mandaban a la fiesta nacional del sorgo,que les quitaran la fiesta. Nosotros planteamos que nadie otorga ni quita nada, como nadie determina qu\u00e9 es bello. Nosotros no estamos ni prohibiendo cert\u00e1menes ni quitando ayudas a fiestas. Simplemente estamos acompa\u00f1ando un proceso que va madurando y tienen que ver con los tiempos que corren. Y nuestra postura es acompa\u00f1ar la ampliaci\u00f3n de derecho y de posibilidades que tenemos las mujeres de expresarnos, a trav\u00e9s de la producci\u00f3n, de las ferias y de los cert\u00e1menes en el caso de que a\u00fan haya esta r\u00e9mora de seguir haci\u00e9ndolos\u201d.<\/p>\n<p>\u201cLos intendentes nos llaman desde hace a\u00f1os. Algunos quitaron los desfiles y a\u00fan sostienen la elecci\u00f3n de la reina. Nos acaba de llamar el intendente de Arata para sumarse con la nueva edici\u00f3n de la fiesta del agricultor. Estimamos que, como sucede siempre, esto va a estimular a que se vayan sumando m\u00e1s intendentes y organizadores de fiestas populares\u201d, destac\u00f3.<\/p>\n<p>En tanto, el jefe comunal de Tel\u00e9n, Sa\u00fal Echeveste, apunt\u00f3 que \u201cel a\u00f1o pasado en la elecci\u00f3n de reinas logramos tambi\u00e9n que participe una mujer trans, que era muy importante para nosotros, y que permiti\u00e9ramos que se abriera el abanico de oportunidades en cuanto a la ampliaci\u00f3n de derechos, siempre con la idea firme de que creemos necesario ya no realizar eventos de concursos de belleza\u201d.<br \/>\n\u201cDesde mi lugar como representante del pueblo tengo que tomar la decisi\u00f3n pol\u00edtica de dejar de hacerlo, por una cuesti\u00f3n que tambi\u00e9n est\u00e1 reglamentada en la ley 25.485 que habla de la violencia simb\u00f3lica\u201d, coment\u00f3.<\/p>\n<p>Luego agreg\u00f3 que en su lugar se realizar\u00e1 una feria para mujeres emprendedoras. \u201cCreemos que tenemos que darle una mayor participaci\u00f3n y protagonismo a las mujeres, ya no desde la belleza, sino desde lo que realiza, desde un emprendimiento, desde la literatura y desde los diferentes trabajos que ellas realizan\u201d, indic\u00f3.<\/p>\n<p>\u201cLa mayor\u00eda son sost\u00e9n de familia. Si tenemos en cuenta el contexto social que estamos atravesando, esto nos permite a los pueblos no solo lograr una ampliaci\u00f3n de derechos sino generar un circuito econ\u00f3mico en cada localidad. Nos gustar\u00eda que Tel\u00e9n fuera el puntapi\u00e9 de esta iniciativa\u201d, redonde\u00f3. Dijo que en las estancia \u201chay muchas mujeres trabajando y que han forjado la historia de nuestro pueblo\u201d.<\/p>\n<p>Sobre la resistencia de algunos sectores, respondi\u00f3: \u201cPuede haber diversas opiniones porque estamos en democracia. Las respeto. Los que no est\u00e1n de acuerdo con nuestra decisi\u00f3n pueden argumentar que vamos en contra de algo cultural. Pero la cultura est\u00e1 conformada por un mont\u00f3n de valores de la sociedad en un momento determinado. Y esos valores van cambiando y nos estamos adecuando a la realidad, las nuevas generaciones nos est\u00e1n planteando otras cosas y que tiene que ver con la ampliaci\u00f3n de derechos y de cuidar a la ni\u00f1ez y a la adolescencia\u201d.<\/p>\n<p>\u201cHablamos en conjunto con los organizadores de la fiesta y en su gran mayor\u00eda somos j\u00f3venes, y otros no tanto, y la verdad es que nos estamos amoldando a los tiempos. Y hoy la sociedad demanda otras cosas. Como un dirigente pol\u00edtico y representante de un pueblo, tengo que cuidar eso. Estamos dando otras alternativas que nos van a servir de mucho para el conocimiento de nuestra fiesta y nos va a permitir generar un circuito econ\u00f3mico, cultural y tur\u00edstico\u201d, opin\u00f3.<\/p>\n<p>\u201cLo hacemos p\u00fablico porque hay un mont\u00f3n de personas que est\u00e1n de acuerdo con esta postura. Y porque queremos invitar a las mujeres emprendedoras y productoras. Hoy la est\u00e1n pasando mal y les queremos brindar una alternativa\u201d, cerr\u00f3.<\/p>\n<p>&nbsp;<\/p>\n<p>Fuente: <a href=\"https:\/\/www.eldiariodelapampa.com.ar\/index.php\/portada\/108-terciario\/66150-eliminaron-los-concursos-de-belleza-en-dos-fiestas-provinciales?fbclid=IwAR1auCxWvCoRKvTSBkAy-GG6PlMELkB9n_ekDSKswvBpgDVp6t9wOhIFtaA#.XXfWcPDe7Ho.facebook\">El Diario de La Pampa<\/a><\/p>\n","protected":false},"excerpt":{"rendered":"<p>Eliminaron concursos de belleza en fiestas provinciales La Secretar\u00eda de Cultura anunci\u00f3 este martes que la Fiesta Provincial del Sorgo y de la Cosecha Gruesa en Realic\u00f3 y la Fiesta Provincial de la Estancia de la Cr\u00eda en Tel\u00e9n\u00a0no programaron concursos de belleza. Dos fiestas provinciales, en Realic\u00f3 y Tel\u00e9n, no tendr\u00e1n este a\u00f1o la [&hellip;]<\/p>\n","protected":false},"author":3,"featured_media":41049,"comment_status":"open","ping_status":"open","sticky":false,"template":"","format":"standard","meta":{"iawp_total_views":9,"footnotes":""},"categories":[21],"tags":[2079,1701,372,2031,37,34,130,1366],"class_list":["post-41046","post","type-post","status-publish","format-standard","has-post-thumbnail","hentry","category-noticias","tag-concursos-de-belleza","tag-emprendedoras","tag-estereotipos","tag-fiestas","tag-juventud","tag-machismo","tag-mujeres","tag-trabajadoras"],"nelio_content":{"autoShareEndMode":"never","automationSources":{"useCustomSentences":false,"customSentences":[]},"efiAlt":"","efiUrl":"","followers":[3],"highlights":[],"isAutoShareEnabled":true,"networkImageIds":[],"permalinkQueryArgs":[],"series":[],"suggestedReferences":[]},"yoast_head":"<!-- This site is optimized with the Yoast SEO plugin v27.5 - https:\/\/yoast.com\/product\/yoast-seo-wordpress\/ -->\n<title>Eliminaron concursos de belleza en fiestas provinciales - Diario Digital Femenino<\/title>\n<meta name=\"description\" content=\"Eliminaron concursos de belleza en fiestas provincialesLa Secretar\u00eda de Cultura anunci\u00f3 este martes que la Fiesta Provincial del Sorgo y de la Cosecha\" \/>\n<meta name=\"robots\" content=\"index, follow, max-snippet:-1, max-image-preview:large, max-video-preview:-1\" \/>\n<link rel=\"canonical\" href=\"https:\/\/diariofemenino.com.ar\/df\/eliminaron-concursos-de-belleza-en-fiestas-provinciales\/\" \/>\n<meta property=\"og:locale\" content=\"es_ES\" \/>\n<meta property=\"og:type\" content=\"article\" \/>\n<meta property=\"og:title\" content=\"Eliminaron concursos de belleza en fiestas provinciales - Diario Digital Femenino\" \/>\n<meta property=\"og:description\" content=\"Eliminaron concursos de belleza en fiestas provincialesLa Secretar\u00eda de Cultura anunci\u00f3 este martes que la Fiesta Provincial del Sorgo y de la Cosecha\" \/>\n<meta property=\"og:url\" content=\"https:\/\/diariofemenino.com.ar\/df\/eliminaron-concursos-de-belleza-en-fiestas-provinciales\/\" \/>\n<meta property=\"og:site_name\" content=\"Diario Digital Femenino\" \/>\n<meta property=\"article:publisher\" content=\"https:\/\/www.facebook.com\/DiarioDigitaFemenino\/\" \/>\n<meta property=\"article:published_time\" content=\"2019-09-10T19:56:05+00:00\" \/>\n<meta property=\"og:image\" content=\"https:\/\/diariofemenino.com.ar\/df\/wp-content\/uploads\/2019\/09\/maggio.jpg\" \/>\n\t<meta property=\"og:image:width\" content=\"700\" \/>\n\t<meta property=\"og:image:height\" content=\"458\" \/>\n\t<meta property=\"og:image:type\" content=\"image\/jpeg\" \/>\n<meta name=\"author\" content=\"Admin\" \/>\n<meta name=\"twitter:card\" content=\"summary_large_image\" \/>\n<meta name=\"twitter:creator\" content=\"@DiarioFemenino1\" \/>\n<meta name=\"twitter:site\" content=\"@DiarioFemenino1\" \/>\n<meta name=\"twitter:label1\" content=\"Escrito por\" \/>\n\t<meta name=\"twitter:data1\" content=\"Admin\" \/>\n\t<meta name=\"twitter:label2\" content=\"Tiempo de lectura\" \/>\n\t<meta name=\"twitter:data2\" content=\"5 minutos\" \/>\n<script type=\"application\/ld+json\" class=\"yoast-schema-graph\">{\"@context\":\"https:\\\/\\\/schema.org\",\"@graph\":[{\"@type\":\"Article\",\"@id\":\"https:\\\/\\\/diariofemenino.com.ar\\\/df\\\/eliminaron-concursos-de-belleza-en-fiestas-provinciales\\\/#article\",\"isPartOf\":{\"@id\":\"https:\\\/\\\/diariofemenino.com.ar\\\/df\\\/eliminaron-concursos-de-belleza-en-fiestas-provinciales\\\/\"},\"author\":{\"name\":\"Admin\",\"@id\":\"https:\\\/\\\/diariofemenino.com.ar\\\/df\\\/#\\\/schema\\\/person\\\/1c36bc3bf394d8ec320814298b4fdd3f\"},\"headline\":\"Eliminaron concursos de belleza en fiestas provinciales\",\"datePublished\":\"2019-09-10T19:56:05+00:00\",\"mainEntityOfPage\":{\"@id\":\"https:\\\/\\\/diariofemenino.com.ar\\\/df\\\/eliminaron-concursos-de-belleza-en-fiestas-provinciales\\\/\"},\"wordCount\":1024,\"commentCount\":0,\"publisher\":{\"@id\":\"https:\\\/\\\/diariofemenino.com.ar\\\/df\\\/#organization\"},\"image\":{\"@id\":\"https:\\\/\\\/diariofemenino.com.ar\\\/df\\\/eliminaron-concursos-de-belleza-en-fiestas-provinciales\\\/#primaryimage\"},\"thumbnailUrl\":\"https:\\\/\\\/diariofemenino.com.ar\\\/df\\\/wp-content\\\/uploads\\\/2019\\\/09\\\/maggio.jpg\",\"keywords\":[\"concursos de belleza\",\"Emprendedoras\",\"Estereotipos\",\"fiestas\",\"Juventud\",\"Machismo\",\"Mujeres\",\"trabajadoras\"],\"articleSection\":[\"Noticias\"],\"inLanguage\":\"es\",\"potentialAction\":[{\"@type\":\"CommentAction\",\"name\":\"Comment\",\"target\":[\"https:\\\/\\\/diariofemenino.com.ar\\\/df\\\/eliminaron-concursos-de-belleza-en-fiestas-provinciales\\\/#respond\"]}]},{\"@type\":\"WebPage\",\"@id\":\"https:\\\/\\\/diariofemenino.com.ar\\\/df\\\/eliminaron-concursos-de-belleza-en-fiestas-provinciales\\\/\",\"url\":\"https:\\\/\\\/diariofemenino.com.ar\\\/df\\\/eliminaron-concursos-de-belleza-en-fiestas-provinciales\\\/\",\"name\":\"Eliminaron concursos de belleza en fiestas provinciales - Diario Digital Femenino\",\"isPartOf\":{\"@id\":\"https:\\\/\\\/diariofemenino.com.ar\\\/df\\\/#website\"},\"primaryImageOfPage\":{\"@id\":\"https:\\\/\\\/diariofemenino.com.ar\\\/df\\\/eliminaron-concursos-de-belleza-en-fiestas-provinciales\\\/#primaryimage\"},\"image\":{\"@id\":\"https:\\\/\\\/diariofemenino.com.ar\\\/df\\\/eliminaron-concursos-de-belleza-en-fiestas-provinciales\\\/#primaryimage\"},\"thumbnailUrl\":\"https:\\\/\\\/diariofemenino.com.ar\\\/df\\\/wp-content\\\/uploads\\\/2019\\\/09\\\/maggio.jpg\",\"datePublished\":\"2019-09-10T19:56:05+00:00\",\"description\":\"Eliminaron concursos de belleza en fiestas provincialesLa Secretar\u00eda de Cultura anunci\u00f3 este martes que la Fiesta Provincial del Sorgo y de la Cosecha\",\"breadcrumb\":{\"@id\":\"https:\\\/\\\/diariofemenino.com.ar\\\/df\\\/eliminaron-concursos-de-belleza-en-fiestas-provinciales\\\/#breadcrumb\"},\"inLanguage\":\"es\",\"potentialAction\":[{\"@type\":\"ReadAction\",\"target\":[\"https:\\\/\\\/diariofemenino.com.ar\\\/df\\\/eliminaron-concursos-de-belleza-en-fiestas-provinciales\\\/\"]}]},{\"@type\":\"ImageObject\",\"inLanguage\":\"es\",\"@id\":\"https:\\\/\\\/diariofemenino.com.ar\\\/df\\\/eliminaron-concursos-de-belleza-en-fiestas-provinciales\\\/#primaryimage\",\"url\":\"https:\\\/\\\/diariofemenino.com.ar\\\/df\\\/wp-content\\\/uploads\\\/2019\\\/09\\\/maggio.jpg\",\"contentUrl\":\"https:\\\/\\\/diariofemenino.com.ar\\\/df\\\/wp-content\\\/uploads\\\/2019\\\/09\\\/maggio.jpg\",\"width\":700,\"height\":458},{\"@type\":\"BreadcrumbList\",\"@id\":\"https:\\\/\\\/diariofemenino.com.ar\\\/df\\\/eliminaron-concursos-de-belleza-en-fiestas-provinciales\\\/#breadcrumb\",\"itemListElement\":[{\"@type\":\"ListItem\",\"position\":1,\"name\":\"Portada\",\"item\":\"https:\\\/\\\/diariofemenino.com.ar\\\/df\\\/\"},{\"@type\":\"ListItem\",\"position\":2,\"name\":\"Eliminaron concursos de belleza en fiestas provinciales\"}]},{\"@type\":\"WebSite\",\"@id\":\"https:\\\/\\\/diariofemenino.com.ar\\\/df\\\/#website\",\"url\":\"https:\\\/\\\/diariofemenino.com.ar\\\/df\\\/\",\"name\":\"Diario Digital Femenino\",\"description\":\"Cuesti\u00f3n de G\u00e9nero\",\"publisher\":{\"@id\":\"https:\\\/\\\/diariofemenino.com.ar\\\/df\\\/#organization\"},\"potentialAction\":[{\"@type\":\"SearchAction\",\"target\":{\"@type\":\"EntryPoint\",\"urlTemplate\":\"https:\\\/\\\/diariofemenino.com.ar\\\/df\\\/?s={search_term_string}\"},\"query-input\":{\"@type\":\"PropertyValueSpecification\",\"valueRequired\":true,\"valueName\":\"search_term_string\"}}],\"inLanguage\":\"es\"},{\"@type\":\"Organization\",\"@id\":\"https:\\\/\\\/diariofemenino.com.ar\\\/df\\\/#organization\",\"name\":\"Diario Femenino\",\"url\":\"https:\\\/\\\/diariofemenino.com.ar\\\/df\\\/\",\"logo\":{\"@type\":\"ImageObject\",\"inLanguage\":\"es\",\"@id\":\"https:\\\/\\\/diariofemenino.com.ar\\\/df\\\/#\\\/schema\\\/logo\\\/image\\\/\",\"url\":\"https:\\\/\\\/diariofemenino.com.ar\\\/df\\\/wp-content\\\/uploads\\\/2018\\\/10\\\/logo.png\",\"contentUrl\":\"https:\\\/\\\/diariofemenino.com.ar\\\/df\\\/wp-content\\\/uploads\\\/2018\\\/10\\\/logo.png\",\"width\":500,\"height\":92,\"caption\":\"Diario Femenino\"},\"image\":{\"@id\":\"https:\\\/\\\/diariofemenino.com.ar\\\/df\\\/#\\\/schema\\\/logo\\\/image\\\/\"},\"sameAs\":[\"https:\\\/\\\/www.facebook.com\\\/DiarioDigitaFemenino\\\/\",\"https:\\\/\\\/x.com\\\/DiarioFemenino1\"]},{\"@type\":\"Person\",\"@id\":\"https:\\\/\\\/diariofemenino.com.ar\\\/df\\\/#\\\/schema\\\/person\\\/1c36bc3bf394d8ec320814298b4fdd3f\",\"name\":\"Admin\",\"image\":{\"@type\":\"ImageObject\",\"inLanguage\":\"es\",\"@id\":\"https:\\\/\\\/diariofemenino.com.ar\\\/df\\\/wp-content\\\/uploads\\\/2018\\\/12\\\/favicon-150x150.jpg\",\"url\":\"https:\\\/\\\/diariofemenino.com.ar\\\/df\\\/wp-content\\\/uploads\\\/2018\\\/12\\\/favicon-150x150.jpg\",\"contentUrl\":\"https:\\\/\\\/diariofemenino.com.ar\\\/df\\\/wp-content\\\/uploads\\\/2018\\\/12\\\/favicon-150x150.jpg\",\"caption\":\"Admin\"},\"url\":\"https:\\\/\\\/diariofemenino.com.ar\\\/df\\\/author\\\/sofiperez\\\/\"}]}<\/script>\n<!-- \/ Yoast SEO plugin. -->","yoast_head_json":{"title":"Eliminaron concursos de belleza en fiestas provinciales - Diario Digital Femenino","description":"Eliminaron concursos de belleza en fiestas provincialesLa Secretar\u00eda de Cultura anunci\u00f3 este martes que la Fiesta Provincial del Sorgo y de la Cosecha","robots":{"index":"index","follow":"follow","max-snippet":"max-snippet:-1","max-image-preview":"max-image-preview:large","max-video-preview":"max-video-preview:-1"},"canonical":"https:\/\/diariofemenino.com.ar\/df\/eliminaron-concursos-de-belleza-en-fiestas-provinciales\/","og_locale":"es_ES","og_type":"article","og_title":"Eliminaron concursos de belleza en fiestas provinciales - Diario Digital Femenino","og_description":"Eliminaron concursos de belleza en fiestas provincialesLa Secretar\u00eda de Cultura anunci\u00f3 este martes que la Fiesta Provincial del Sorgo y de la Cosecha","og_url":"https:\/\/diariofemenino.com.ar\/df\/eliminaron-concursos-de-belleza-en-fiestas-provinciales\/","og_site_name":"Diario Digital Femenino","article_publisher":"https:\/\/www.facebook.com\/DiarioDigitaFemenino\/","article_published_time":"2019-09-10T19:56:05+00:00","og_image":[{"width":700,"height":458,"url":"https:\/\/diariofemenino.com.ar\/df\/wp-content\/uploads\/2019\/09\/maggio.jpg","type":"image\/jpeg"}],"author":"Admin","twitter_card":"summary_large_image","twitter_creator":"@DiarioFemenino1","twitter_site":"@DiarioFemenino1","twitter_misc":{"Escrito por":"Admin","Tiempo de lectura":"5 minutos"},"schema":{"@context":"https:\/\/schema.org","@graph":[{"@type":"Article","@id":"https:\/\/diariofemenino.com.ar\/df\/eliminaron-concursos-de-belleza-en-fiestas-provinciales\/#article","isPartOf":{"@id":"https:\/\/diariofemenino.com.ar\/df\/eliminaron-concursos-de-belleza-en-fiestas-provinciales\/"},"author":{"name":"Admin","@id":"https:\/\/diariofemenino.com.ar\/df\/#\/schema\/person\/1c36bc3bf394d8ec320814298b4fdd3f"},"headline":"Eliminaron concursos de belleza en fiestas provinciales","datePublished":"2019-09-10T19:56:05+00:00","mainEntityOfPage":{"@id":"https:\/\/diariofemenino.com.ar\/df\/eliminaron-concursos-de-belleza-en-fiestas-provinciales\/"},"wordCount":1024,"commentCount":0,"publisher":{"@id":"https:\/\/diariofemenino.com.ar\/df\/#organization"},"image":{"@id":"https:\/\/diariofemenino.com.ar\/df\/eliminaron-concursos-de-belleza-en-fiestas-provinciales\/#primaryimage"},"thumbnailUrl":"https:\/\/diariofemenino.com.ar\/df\/wp-content\/uploads\/2019\/09\/maggio.jpg","keywords":["concursos de belleza","Emprendedoras","Estereotipos","fiestas","Juventud","Machismo","Mujeres","trabajadoras"],"articleSection":["Noticias"],"inLanguage":"es","potentialAction":[{"@type":"CommentAction","name":"Comment","target":["https:\/\/diariofemenino.com.ar\/df\/eliminaron-concursos-de-belleza-en-fiestas-provinciales\/#respond"]}]},{"@type":"WebPage","@id":"https:\/\/diariofemenino.com.ar\/df\/eliminaron-concursos-de-belleza-en-fiestas-provinciales\/","url":"https:\/\/diariofemenino.com.ar\/df\/eliminaron-concursos-de-belleza-en-fiestas-provinciales\/","name":"Eliminaron concursos de belleza en fiestas provinciales - Diario Digital Femenino","isPartOf":{"@id":"https:\/\/diariofemenino.com.ar\/df\/#website"},"primaryImageOfPage":{"@id":"https:\/\/diariofemenino.com.ar\/df\/eliminaron-concursos-de-belleza-en-fiestas-provinciales\/#primaryimage"},"image":{"@id":"https:\/\/diariofemenino.com.ar\/df\/eliminaron-concursos-de-belleza-en-fiestas-provinciales\/#primaryimage"},"thumbnailUrl":"https:\/\/diariofemenino.com.ar\/df\/wp-content\/uploads\/2019\/09\/maggio.jpg","datePublished":"2019-09-10T19:56:05+00:00","description":"Eliminaron concursos de belleza en fiestas provincialesLa Secretar\u00eda de Cultura anunci\u00f3 este martes que la Fiesta Provincial del Sorgo y de la Cosecha","breadcrumb":{"@id":"https:\/\/diariofemenino.com.ar\/df\/eliminaron-concursos-de-belleza-en-fiestas-provinciales\/#breadcrumb"},"inLanguage":"es","potentialAction":[{"@type":"ReadAction","target":["https:\/\/diariofemenino.com.ar\/df\/eliminaron-concursos-de-belleza-en-fiestas-provinciales\/"]}]},{"@type":"ImageObject","inLanguage":"es","@id":"https:\/\/diariofemenino.com.ar\/df\/eliminaron-concursos-de-belleza-en-fiestas-provinciales\/#primaryimage","url":"https:\/\/diariofemenino.com.ar\/df\/wp-content\/uploads\/2019\/09\/maggio.jpg","contentUrl":"https:\/\/diariofemenino.com.ar\/df\/wp-content\/uploads\/2019\/09\/maggio.jpg","width":700,"height":458},{"@type":"BreadcrumbList","@id":"https:\/\/diariofemenino.com.ar\/df\/eliminaron-concursos-de-belleza-en-fiestas-provinciales\/#breadcrumb","itemListElement":[{"@type":"ListItem","position":1,"name":"Portada","item":"https:\/\/diariofemenino.com.ar\/df\/"},{"@type":"ListItem","position":2,"name":"Eliminaron concursos de belleza en fiestas provinciales"}]},{"@type":"WebSite","@id":"https:\/\/diariofemenino.com.ar\/df\/#website","url":"https:\/\/diariofemenino.com.ar\/df\/","name":"Diario Digital Femenino","description":"Cuesti\u00f3n de G\u00e9nero","publisher":{"@id":"https:\/\/diariofemenino.com.ar\/df\/#organization"},"potentialAction":[{"@type":"SearchAction","target":{"@type":"EntryPoint","urlTemplate":"https:\/\/diariofemenino.com.ar\/df\/?s={search_term_string}"},"query-input":{"@type":"PropertyValueSpecification","valueRequired":true,"valueName":"search_term_string"}}],"inLanguage":"es"},{"@type":"Organization","@id":"https:\/\/diariofemenino.com.ar\/df\/#organization","name":"Diario Femenino","url":"https:\/\/diariofemenino.com.ar\/df\/","logo":{"@type":"ImageObject","inLanguage":"es","@id":"https:\/\/diariofemenino.com.ar\/df\/#\/schema\/logo\/image\/","url":"https:\/\/diariofemenino.com.ar\/df\/wp-content\/uploads\/2018\/10\/logo.png","contentUrl":"https:\/\/diariofemenino.com.ar\/df\/wp-content\/uploads\/2018\/10\/logo.png","width":500,"height":92,"caption":"Diario Femenino"},"image":{"@id":"https:\/\/diariofemenino.com.ar\/df\/#\/schema\/logo\/image\/"},"sameAs":["https:\/\/www.facebook.com\/DiarioDigitaFemenino\/","https:\/\/x.com\/DiarioFemenino1"]},{"@type":"Person","@id":"https:\/\/diariofemenino.com.ar\/df\/#\/schema\/person\/1c36bc3bf394d8ec320814298b4fdd3f","name":"Admin","image":{"@type":"ImageObject","inLanguage":"es","@id":"https:\/\/diariofemenino.com.ar\/df\/wp-content\/uploads\/2018\/12\/favicon-150x150.jpg","url":"https:\/\/diariofemenino.com.ar\/df\/wp-content\/uploads\/2018\/12\/favicon-150x150.jpg","contentUrl":"https:\/\/diariofemenino.com.ar\/df\/wp-content\/uploads\/2018\/12\/favicon-150x150.jpg","caption":"Admin"},"url":"https:\/\/diariofemenino.com.ar\/df\/author\/sofiperez\/"}]}},"jetpack_featured_media_url":"https:\/\/diariofemenino.com.ar\/df\/wp-content\/uploads\/2019\/09\/maggio.jpg","jetpack_sharing_enabled":true,"rttpg_featured_image_url":{"full":["https:\/\/diariofemenino.com.ar\/df\/wp-content\/uploads\/2019\/09\/maggio.jpg",700,458,false],"landscape":["https:\/\/diariofemenino.com.ar\/df\/wp-content\/uploads\/2019\/09\/maggio.jpg",700,458,false],"portraits":["https:\/\/diariofemenino.com.ar\/df\/wp-content\/uploads\/2019\/09\/maggio.jpg",700,458,false],"thumbnail":["https:\/\/diariofemenino.com.ar\/df\/wp-content\/uploads\/2019\/09\/maggio-150x150.jpg",150,150,true],"medium":["https:\/\/diariofemenino.com.ar\/df\/wp-content\/uploads\/2019\/09\/maggio-300x196.jpg",300,196,true],"large":["https:\/\/diariofemenino.com.ar\/df\/wp-content\/uploads\/2019\/09\/maggio.jpg",700,458,false],"1536x1536":["https:\/\/diariofemenino.com.ar\/df\/wp-content\/uploads\/2019\/09\/maggio.jpg",700,458,false],"2048x2048":["https:\/\/diariofemenino.com.ar\/df\/wp-content\/uploads\/2019\/09\/maggio.jpg",700,458,false]},"rttpg_author":{"display_name":"Admin","author_link":"https:\/\/diariofemenino.com.ar\/df\/author\/sofiperez\/"},"rttpg_comment":0,"rttpg_category":"<a href=\"https:\/\/diariofemenino.com.ar\/df\/category\/noticias\/\" rel=\"category tag\">Noticias<\/a>","rttpg_excerpt":"Eliminaron concursos de belleza en fiestas provinciales La Secretar\u00eda de Cultura anunci\u00f3 este martes que la Fiesta Provincial del Sorgo y de la Cosecha Gruesa en Realic\u00f3 y la Fiesta Provincial de la Estancia de la Cr\u00eda en Tel\u00e9n\u00a0no programaron concursos de belleza. Dos fiestas provinciales, en Realic\u00f3 y Tel\u00e9n, no tendr\u00e1n este a\u00f1o la&hellip;","_links":{"self":[{"href":"https:\/\/diariofemenino.com.ar\/df\/wp-json\/wp\/v2\/posts\/41046","targetHints":{"allow":["GET"]}}],"collection":[{"href":"https:\/\/diariofemenino.com.ar\/df\/wp-json\/wp\/v2\/posts"}],"about":[{"href":"https:\/\/diariofemenino.com.ar\/df\/wp-json\/wp\/v2\/types\/post"}],"author":[{"embeddable":true,"href":"https:\/\/diariofemenino.com.ar\/df\/wp-json\/wp\/v2\/users\/3"}],"replies":[{"embeddable":true,"href":"https:\/\/diariofemenino.com.ar\/df\/wp-json\/wp\/v2\/comments?post=41046"}],"version-history":[{"count":0,"href":"https:\/\/diariofemenino.com.ar\/df\/wp-json\/wp\/v2\/posts\/41046\/revisions"}],"wp:featuredmedia":[{"embeddable":true,"href":"https:\/\/diariofemenino.com.ar\/df\/wp-json\/wp\/v2\/media\/41049"}],"wp:attachment":[{"href":"https:\/\/diariofemenino.com.ar\/df\/wp-json\/wp\/v2\/media?parent=41046"}],"wp:term":[{"taxonomy":"category","embeddable":true,"href":"https:\/\/diariofemenino.com.ar\/df\/wp-json\/wp\/v2\/categories?post=41046"},{"taxonomy":"post_tag","embeddable":true,"href":"https:\/\/diariofemenino.com.ar\/df\/wp-json\/wp\/v2\/tags?post=41046"}],"curies":[{"name":"wp","href":"https:\/\/api.w.org\/{rel}","templated":true}]}}