{"id":399,"date":"2012-05-11T02:06:52","date_gmt":"2012-05-11T05:06:52","guid":{"rendered":"http:\/\/www.diariofemenino.com.ar\/?p=399"},"modified":"2012-05-11T02:06:52","modified_gmt":"2012-05-11T05:06:52","slug":"el-primer-aborto-no-punible-realizado-en-santa-rosa","status":"publish","type":"post","link":"https:\/\/diariofemenino.com.ar\/df\/el-primer-aborto-no-punible-realizado-en-santa-rosa\/","title":{"rendered":"El primer aborto no punible realizado en Santa Rosa"},"content":{"rendered":"<p>Una autoridad del Gobierno de La Pampa confirm\u00f3\u00a0 que esta semana, en el hospital Lucio Molas, se realiz\u00f3 el primer aborto no punible desde la vigencia del protocolo. La paciente fue una santarrose\u00f1a de unos 30 a\u00f1os que denunci\u00f3 haber sido violada, y por lo tanto un m\u00e9dico del Molas realiz\u00f3 el procedimiento quir\u00fargico de forma casi inmediata y confidencial. Sin embargo trascendi\u00f3 a los medios, pero no fue el director Hugo Reale quien lo confirm\u00f3, ya que no quiso atender a la prensa, sino un funcionario del Ministerio de Salud.<br \/>\nEl pasado 13 de marzo la Corte Suprema de la Justicia de la Naci\u00f3n fall\u00f3 a favor de que se realizaran los abortos no punibles solamente con la declaraci\u00f3n jurada de la v\u00edctima. Sin embargo, aqu\u00ed en La Pampa el Ministro de Salud, Mario Gonz\u00e1lez, dijo que \u00abeso no se pod\u00eda aplicar\u00bb. Pero fue desmentido por el propio gobierno pocas horas despu\u00e9s, y finalmente, tras varias idas y venidas, el gobernador Oscar Mario Jorge anunci\u00f3 la vigencia del protocolo mediante un decreto oficializado el 30 de abril. Este protocolo establece, a grandes rasgos, que aquellas mujeres que quedaran encintas tras una violaci\u00f3n que deseen practicarse un aborto recibir\u00e1n \u00abuna atenci\u00f3n r\u00e1pida, accesible y segura\u00bb. Al mismo tiempo \u00abse resguardar\u00e1 su intimidad y se garantizar\u00e1 confidencialidad en todo el procedimiento, preservando sus datos personales y familiares\u00bb, y tambi\u00e9n que \u00abno ser\u00e1 necesaria autorizaci\u00f3n y\/o denuncia ante una autoridad judicial o administrativa\u00bb.<br \/>\nFuente:\u00a0 Diario La Arena<\/p>\n","protected":false},"excerpt":{"rendered":"<p>Una autoridad del Gobierno de La Pampa confirm\u00f3\u00a0 que esta semana, en el hospital Lucio Molas, se realiz\u00f3 el primer aborto no punible desde la vigencia del protocolo. La paciente fue una santarrose\u00f1a de unos 30 a\u00f1os que denunci\u00f3 haber sido violada, y por lo tanto un m\u00e9dico del Molas realiz\u00f3 el procedimiento quir\u00fargico de [&hellip;]<\/p>\n","protected":false},"author":1,"featured_media":0,"comment_status":"open","ping_status":"open","sticky":false,"template":"","format":"standard","meta":{"iawp_total_views":5,"footnotes":""},"categories":[22,4],"tags":[],"class_list":["post-399","post","type-post","status-publish","format-standard","hentry","category-aborto","category-medios"],"nelio_content":{"autoShareEndMode":"never","automationSources":{"useCustomSentences":false,"customSentences":[]},"efiAlt":"","efiUrl":"","followers":[],"highlights":[],"isAutoShareEnabled":true,"networkImageIds":[],"permalinkQueryArgs":[],"series":[],"suggestedReferences":[]},"yoast_head":"<!-- This site is optimized with the Yoast SEO plugin v27.5 - https:\/\/yoast.com\/product\/yoast-seo-wordpress\/ -->\n<title>El primer aborto no punible realizado en Santa Rosa - Diario Digital Femenino<\/title>\n<meta name=\"robots\" content=\"index, follow, max-snippet:-1, max-image-preview:large, max-video-preview:-1\" \/>\n<link rel=\"canonical\" href=\"https:\/\/diariofemenino.com.ar\/df\/el-primer-aborto-no-punible-realizado-en-santa-rosa\/\" \/>\n<meta property=\"og:locale\" content=\"es_ES\" \/>\n<meta property=\"og:type\" content=\"article\" \/>\n<meta property=\"og:title\" content=\"El primer aborto no punible realizado en Santa Rosa - Diario Digital Femenino\" \/>\n<meta property=\"og:description\" content=\"Una autoridad del Gobierno de La Pampa confirm\u00f3\u00a0 que esta semana, en el hospital Lucio Molas, se realiz\u00f3 el primer aborto no punible desde la vigencia del protocolo. La paciente fue una santarrose\u00f1a de unos 30 a\u00f1os que denunci\u00f3 haber sido violada, y por lo tanto un m\u00e9dico del Molas realiz\u00f3 el procedimiento quir\u00fargico de [&hellip;]\" \/>\n<meta property=\"og:url\" content=\"https:\/\/diariofemenino.com.ar\/df\/el-primer-aborto-no-punible-realizado-en-santa-rosa\/\" \/>\n<meta property=\"og:site_name\" content=\"Diario Digital Femenino\" \/>\n<meta property=\"article:publisher\" content=\"https:\/\/www.facebook.com\/DiarioDigitaFemenino\/\" \/>\n<meta property=\"article:published_time\" content=\"2012-05-11T05:06:52+00:00\" \/>\n<meta property=\"og:image\" content=\"https:\/\/diariofemenino.com.ar\/df\/wp-content\/uploads\/2016\/10\/logo-negro.png\" \/>\n\t<meta property=\"og:image:width\" content=\"855\" \/>\n\t<meta property=\"og:image:height\" content=\"319\" \/>\n\t<meta property=\"og:image:type\" content=\"image\/png\" \/>\n<meta name=\"author\" content=\"Admin\" \/>\n<meta name=\"twitter:card\" content=\"summary_large_image\" \/>\n<meta name=\"twitter:creator\" content=\"@DiarioFemenino1\" \/>\n<meta name=\"twitter:site\" content=\"@DiarioFemenino1\" \/>\n<meta name=\"twitter:label1\" content=\"Escrito por\" \/>\n\t<meta name=\"twitter:data1\" content=\"Admin\" \/>\n\t<meta name=\"twitter:label2\" content=\"Tiempo de lectura\" \/>\n\t<meta name=\"twitter:data2\" content=\"1 minuto\" \/>\n<script type=\"application\/ld+json\" class=\"yoast-schema-graph\">{\"@context\":\"https:\\\/\\\/schema.org\",\"@graph\":[{\"@type\":\"Article\",\"@id\":\"https:\\\/\\\/diariofemenino.com.ar\\\/df\\\/el-primer-aborto-no-punible-realizado-en-santa-rosa\\\/#article\",\"isPartOf\":{\"@id\":\"https:\\\/\\\/diariofemenino.com.ar\\\/df\\\/el-primer-aborto-no-punible-realizado-en-santa-rosa\\\/\"},\"author\":{\"name\":\"Admin\",\"@id\":\"https:\\\/\\\/diariofemenino.com.ar\\\/df\\\/#\\\/schema\\\/person\\\/38f54b3bfd13f561de2460ba95c169c6\"},\"headline\":\"El primer aborto no punible realizado en Santa Rosa\",\"datePublished\":\"2012-05-11T05:06:52+00:00\",\"mainEntityOfPage\":{\"@id\":\"https:\\\/\\\/diariofemenino.com.ar\\\/df\\\/el-primer-aborto-no-punible-realizado-en-santa-rosa\\\/\"},\"wordCount\":268,\"commentCount\":0,\"publisher\":{\"@id\":\"https:\\\/\\\/diariofemenino.com.ar\\\/df\\\/#organization\"},\"articleSection\":[\"Aborto\",\"Medios\"],\"inLanguage\":\"es\",\"potentialAction\":[{\"@type\":\"CommentAction\",\"name\":\"Comment\",\"target\":[\"https:\\\/\\\/diariofemenino.com.ar\\\/df\\\/el-primer-aborto-no-punible-realizado-en-santa-rosa\\\/#respond\"]}]},{\"@type\":\"WebPage\",\"@id\":\"https:\\\/\\\/diariofemenino.com.ar\\\/df\\\/el-primer-aborto-no-punible-realizado-en-santa-rosa\\\/\",\"url\":\"https:\\\/\\\/diariofemenino.com.ar\\\/df\\\/el-primer-aborto-no-punible-realizado-en-santa-rosa\\\/\",\"name\":\"El primer aborto no punible realizado en Santa Rosa - Diario Digital Femenino\",\"isPartOf\":{\"@id\":\"https:\\\/\\\/diariofemenino.com.ar\\\/df\\\/#website\"},\"datePublished\":\"2012-05-11T05:06:52+00:00\",\"breadcrumb\":{\"@id\":\"https:\\\/\\\/diariofemenino.com.ar\\\/df\\\/el-primer-aborto-no-punible-realizado-en-santa-rosa\\\/#breadcrumb\"},\"inLanguage\":\"es\",\"potentialAction\":[{\"@type\":\"ReadAction\",\"target\":[\"https:\\\/\\\/diariofemenino.com.ar\\\/df\\\/el-primer-aborto-no-punible-realizado-en-santa-rosa\\\/\"]}]},{\"@type\":\"BreadcrumbList\",\"@id\":\"https:\\\/\\\/diariofemenino.com.ar\\\/df\\\/el-primer-aborto-no-punible-realizado-en-santa-rosa\\\/#breadcrumb\",\"itemListElement\":[{\"@type\":\"ListItem\",\"position\":1,\"name\":\"Portada\",\"item\":\"https:\\\/\\\/diariofemenino.com.ar\\\/df\\\/\"},{\"@type\":\"ListItem\",\"position\":2,\"name\":\"El primer aborto no punible realizado en Santa Rosa\"}]},{\"@type\":\"WebSite\",\"@id\":\"https:\\\/\\\/diariofemenino.com.ar\\\/df\\\/#website\",\"url\":\"https:\\\/\\\/diariofemenino.com.ar\\\/df\\\/\",\"name\":\"Diario Digital Femenino\",\"description\":\"Cuesti\u00f3n de G\u00e9nero\",\"publisher\":{\"@id\":\"https:\\\/\\\/diariofemenino.com.ar\\\/df\\\/#organization\"},\"potentialAction\":[{\"@type\":\"SearchAction\",\"target\":{\"@type\":\"EntryPoint\",\"urlTemplate\":\"https:\\\/\\\/diariofemenino.com.ar\\\/df\\\/?s={search_term_string}\"},\"query-input\":{\"@type\":\"PropertyValueSpecification\",\"valueRequired\":true,\"valueName\":\"search_term_string\"}}],\"inLanguage\":\"es\"},{\"@type\":\"Organization\",\"@id\":\"https:\\\/\\\/diariofemenino.com.ar\\\/df\\\/#organization\",\"name\":\"Diario Femenino\",\"url\":\"https:\\\/\\\/diariofemenino.com.ar\\\/df\\\/\",\"logo\":{\"@type\":\"ImageObject\",\"inLanguage\":\"es\",\"@id\":\"https:\\\/\\\/diariofemenino.com.ar\\\/df\\\/#\\\/schema\\\/logo\\\/image\\\/\",\"url\":\"https:\\\/\\\/diariofemenino.com.ar\\\/df\\\/wp-content\\\/uploads\\\/2018\\\/10\\\/logo.png\",\"contentUrl\":\"https:\\\/\\\/diariofemenino.com.ar\\\/df\\\/wp-content\\\/uploads\\\/2018\\\/10\\\/logo.png\",\"width\":500,\"height\":92,\"caption\":\"Diario Femenino\"},\"image\":{\"@id\":\"https:\\\/\\\/diariofemenino.com.ar\\\/df\\\/#\\\/schema\\\/logo\\\/image\\\/\"},\"sameAs\":[\"https:\\\/\\\/www.facebook.com\\\/DiarioDigitaFemenino\\\/\",\"https:\\\/\\\/x.com\\\/DiarioFemenino1\"]},{\"@type\":\"Person\",\"@id\":\"https:\\\/\\\/diariofemenino.com.ar\\\/df\\\/#\\\/schema\\\/person\\\/38f54b3bfd13f561de2460ba95c169c6\",\"name\":\"Admin\",\"image\":{\"@type\":\"ImageObject\",\"inLanguage\":\"es\",\"@id\":\"https:\\\/\\\/diariofemenino.com.ar\\\/df\\\/wp-content\\\/uploads\\\/2018\\\/12\\\/favicon-150x150.jpg\",\"url\":\"https:\\\/\\\/diariofemenino.com.ar\\\/df\\\/wp-content\\\/uploads\\\/2018\\\/12\\\/favicon-150x150.jpg\",\"contentUrl\":\"https:\\\/\\\/diariofemenino.com.ar\\\/df\\\/wp-content\\\/uploads\\\/2018\\\/12\\\/favicon-150x150.jpg\",\"caption\":\"Admin\"},\"url\":\"https:\\\/\\\/diariofemenino.com.ar\\\/df\\\/author\\\/adm18df\\\/\"}]}<\/script>\n<!-- \/ Yoast SEO plugin. -->","yoast_head_json":{"title":"El primer aborto no punible realizado en Santa Rosa - Diario Digital Femenino","robots":{"index":"index","follow":"follow","max-snippet":"max-snippet:-1","max-image-preview":"max-image-preview:large","max-video-preview":"max-video-preview:-1"},"canonical":"https:\/\/diariofemenino.com.ar\/df\/el-primer-aborto-no-punible-realizado-en-santa-rosa\/","og_locale":"es_ES","og_type":"article","og_title":"El primer aborto no punible realizado en Santa Rosa - Diario Digital Femenino","og_description":"Una autoridad del Gobierno de La Pampa confirm\u00f3\u00a0 que esta semana, en el hospital Lucio Molas, se realiz\u00f3 el primer aborto no punible desde la vigencia del protocolo. La paciente fue una santarrose\u00f1a de unos 30 a\u00f1os que denunci\u00f3 haber sido violada, y por lo tanto un m\u00e9dico del Molas realiz\u00f3 el procedimiento quir\u00fargico de [&hellip;]","og_url":"https:\/\/diariofemenino.com.ar\/df\/el-primer-aborto-no-punible-realizado-en-santa-rosa\/","og_site_name":"Diario Digital Femenino","article_publisher":"https:\/\/www.facebook.com\/DiarioDigitaFemenino\/","article_published_time":"2012-05-11T05:06:52+00:00","og_image":[{"width":855,"height":319,"url":"https:\/\/diariofemenino.com.ar\/df\/wp-content\/uploads\/2016\/10\/logo-negro.png","type":"image\/png"}],"author":"Admin","twitter_card":"summary_large_image","twitter_creator":"@DiarioFemenino1","twitter_site":"@DiarioFemenino1","twitter_misc":{"Escrito por":"Admin","Tiempo de lectura":"1 minuto"},"schema":{"@context":"https:\/\/schema.org","@graph":[{"@type":"Article","@id":"https:\/\/diariofemenino.com.ar\/df\/el-primer-aborto-no-punible-realizado-en-santa-rosa\/#article","isPartOf":{"@id":"https:\/\/diariofemenino.com.ar\/df\/el-primer-aborto-no-punible-realizado-en-santa-rosa\/"},"author":{"name":"Admin","@id":"https:\/\/diariofemenino.com.ar\/df\/#\/schema\/person\/38f54b3bfd13f561de2460ba95c169c6"},"headline":"El primer aborto no punible realizado en Santa Rosa","datePublished":"2012-05-11T05:06:52+00:00","mainEntityOfPage":{"@id":"https:\/\/diariofemenino.com.ar\/df\/el-primer-aborto-no-punible-realizado-en-santa-rosa\/"},"wordCount":268,"commentCount":0,"publisher":{"@id":"https:\/\/diariofemenino.com.ar\/df\/#organization"},"articleSection":["Aborto","Medios"],"inLanguage":"es","potentialAction":[{"@type":"CommentAction","name":"Comment","target":["https:\/\/diariofemenino.com.ar\/df\/el-primer-aborto-no-punible-realizado-en-santa-rosa\/#respond"]}]},{"@type":"WebPage","@id":"https:\/\/diariofemenino.com.ar\/df\/el-primer-aborto-no-punible-realizado-en-santa-rosa\/","url":"https:\/\/diariofemenino.com.ar\/df\/el-primer-aborto-no-punible-realizado-en-santa-rosa\/","name":"El primer aborto no punible realizado en Santa Rosa - Diario Digital Femenino","isPartOf":{"@id":"https:\/\/diariofemenino.com.ar\/df\/#website"},"datePublished":"2012-05-11T05:06:52+00:00","breadcrumb":{"@id":"https:\/\/diariofemenino.com.ar\/df\/el-primer-aborto-no-punible-realizado-en-santa-rosa\/#breadcrumb"},"inLanguage":"es","potentialAction":[{"@type":"ReadAction","target":["https:\/\/diariofemenino.com.ar\/df\/el-primer-aborto-no-punible-realizado-en-santa-rosa\/"]}]},{"@type":"BreadcrumbList","@id":"https:\/\/diariofemenino.com.ar\/df\/el-primer-aborto-no-punible-realizado-en-santa-rosa\/#breadcrumb","itemListElement":[{"@type":"ListItem","position":1,"name":"Portada","item":"https:\/\/diariofemenino.com.ar\/df\/"},{"@type":"ListItem","position":2,"name":"El primer aborto no punible realizado en Santa Rosa"}]},{"@type":"WebSite","@id":"https:\/\/diariofemenino.com.ar\/df\/#website","url":"https:\/\/diariofemenino.com.ar\/df\/","name":"Diario Digital Femenino","description":"Cuesti\u00f3n de G\u00e9nero","publisher":{"@id":"https:\/\/diariofemenino.com.ar\/df\/#organization"},"potentialAction":[{"@type":"SearchAction","target":{"@type":"EntryPoint","urlTemplate":"https:\/\/diariofemenino.com.ar\/df\/?s={search_term_string}"},"query-input":{"@type":"PropertyValueSpecification","valueRequired":true,"valueName":"search_term_string"}}],"inLanguage":"es"},{"@type":"Organization","@id":"https:\/\/diariofemenino.com.ar\/df\/#organization","name":"Diario Femenino","url":"https:\/\/diariofemenino.com.ar\/df\/","logo":{"@type":"ImageObject","inLanguage":"es","@id":"https:\/\/diariofemenino.com.ar\/df\/#\/schema\/logo\/image\/","url":"https:\/\/diariofemenino.com.ar\/df\/wp-content\/uploads\/2018\/10\/logo.png","contentUrl":"https:\/\/diariofemenino.com.ar\/df\/wp-content\/uploads\/2018\/10\/logo.png","width":500,"height":92,"caption":"Diario Femenino"},"image":{"@id":"https:\/\/diariofemenino.com.ar\/df\/#\/schema\/logo\/image\/"},"sameAs":["https:\/\/www.facebook.com\/DiarioDigitaFemenino\/","https:\/\/x.com\/DiarioFemenino1"]},{"@type":"Person","@id":"https:\/\/diariofemenino.com.ar\/df\/#\/schema\/person\/38f54b3bfd13f561de2460ba95c169c6","name":"Admin","image":{"@type":"ImageObject","inLanguage":"es","@id":"https:\/\/diariofemenino.com.ar\/df\/wp-content\/uploads\/2018\/12\/favicon-150x150.jpg","url":"https:\/\/diariofemenino.com.ar\/df\/wp-content\/uploads\/2018\/12\/favicon-150x150.jpg","contentUrl":"https:\/\/diariofemenino.com.ar\/df\/wp-content\/uploads\/2018\/12\/favicon-150x150.jpg","caption":"Admin"},"url":"https:\/\/diariofemenino.com.ar\/df\/author\/adm18df\/"}]}},"jetpack_featured_media_url":"","jetpack_sharing_enabled":true,"rttpg_featured_image_url":null,"rttpg_author":{"display_name":"Admin","author_link":"https:\/\/diariofemenino.com.ar\/df\/author\/adm18df\/"},"rttpg_comment":0,"rttpg_category":"<a href=\"https:\/\/diariofemenino.com.ar\/df\/category\/aborto\/\" rel=\"category tag\">Aborto<\/a> <a href=\"https:\/\/diariofemenino.com.ar\/df\/category\/medios\/\" rel=\"category tag\">Medios<\/a>","rttpg_excerpt":"Una autoridad del Gobierno de La Pampa confirm\u00f3\u00a0 que esta semana, en el hospital Lucio Molas, se realiz\u00f3 el primer aborto no punible desde la vigencia del protocolo. La paciente fue una santarrose\u00f1a de unos 30 a\u00f1os que denunci\u00f3 haber sido violada, y por lo tanto un m\u00e9dico del Molas realiz\u00f3 el procedimiento quir\u00fargico de&hellip;","_links":{"self":[{"href":"https:\/\/diariofemenino.com.ar\/df\/wp-json\/wp\/v2\/posts\/399","targetHints":{"allow":["GET"]}}],"collection":[{"href":"https:\/\/diariofemenino.com.ar\/df\/wp-json\/wp\/v2\/posts"}],"about":[{"href":"https:\/\/diariofemenino.com.ar\/df\/wp-json\/wp\/v2\/types\/post"}],"author":[{"embeddable":true,"href":"https:\/\/diariofemenino.com.ar\/df\/wp-json\/wp\/v2\/users\/1"}],"replies":[{"embeddable":true,"href":"https:\/\/diariofemenino.com.ar\/df\/wp-json\/wp\/v2\/comments?post=399"}],"version-history":[{"count":0,"href":"https:\/\/diariofemenino.com.ar\/df\/wp-json\/wp\/v2\/posts\/399\/revisions"}],"wp:attachment":[{"href":"https:\/\/diariofemenino.com.ar\/df\/wp-json\/wp\/v2\/media?parent=399"}],"wp:term":[{"taxonomy":"category","embeddable":true,"href":"https:\/\/diariofemenino.com.ar\/df\/wp-json\/wp\/v2\/categories?post=399"},{"taxonomy":"post_tag","embeddable":true,"href":"https:\/\/diariofemenino.com.ar\/df\/wp-json\/wp\/v2\/tags?post=399"}],"curies":[{"name":"wp","href":"https:\/\/api.w.org\/{rel}","templated":true}]}}