{"id":39875,"date":"2019-08-15T11:25:19","date_gmt":"2019-08-15T14:25:19","guid":{"rendered":"https:\/\/diariofemenino.com.ar\/?p=39875"},"modified":"2019-08-15T11:25:19","modified_gmt":"2019-08-15T14:25:19","slug":"miles-de-brasilenas-se-manifestaron-en-oposicion-a-jair-bolsonaro","status":"publish","type":"post","link":"https:\/\/diariofemenino.com.ar\/df\/miles-de-brasilenas-se-manifestaron-en-oposicion-a-jair-bolsonaro\/","title":{"rendered":"Miles de brasile\u00f1as se manifestaron en oposici\u00f3n a Jair Bolsonaro"},"content":{"rendered":"<p>Los contingentes, formados por<a href=\"https:\/\/diariofemenino.com.ar\/crean-la-primera-agencia-de-noticias-de-mujeres-indigenas-y-afrodescendientes-en-america-latina\/\"> campesinas y mujeres ind\u00edgenas,<\/a> volvieron la tradicional Marcha de las Margaritas en Brasilia en un acto de protesta contra el presidente.<\/p>\n<p>Por\u00a0<a href=\"https:\/\/expansion.mx\/mundo\/2019\/08\/14\/miles-de-brasilenas-se-manifiestan-en-oposicion-a-jair-bolsonaro?_amp=true&amp;__twitter_impression=true\">Expansi\u00f3n\u00a0<\/a><br \/>\n@ExpansionMx<\/p>\n<div class=\"firstBlockWrap\">\n<div class=\"first-block\">\n<p>Decenas de miles de mujeres, sobre todo ind\u00edgenas y campesinas, resucitaron este mi\u00e9rcoles a la oposici\u00f3n en Brasilia con una multitudinaria manifestaci\u00f3n contra las pol\u00edticas del gobierno del presidente Jair Bolsonaro.<\/p>\n<p>Las mujeres convirtieron la tradicional Marcha de las Margaritas, un acto en defensa del campo y los derechos de las mujeres que se celebra cada cuatro a\u00f1os, en en una enorme protesta contra el pol\u00edtico de ultraderecha y de la liberaci\u00f3n del ex presidente Luiz In\u00e1cio Lula da Silva.<\/p>\n<\/div>\n<\/div>\n<div class=\"BlocksArticleBody-items\">\n<div class=\"BlocksArticleBody-items block layoutWrap\">\n<article id=\"block-0\" class=\"BlocksArticleFirstItem\">\n<div class=\"BlocksArticleFirstItem-body\">\n<p>Las organizadoras aseguran que 100,000 personas asistieron a la manifestaci\u00f3n. Las autoridades policiacas redujeron la cifra a 20,000 asistente. En cualquier caso, se trata de la mayor protesta en contra de Bolsonaro desde que tom\u00f3 posesi\u00f3n del cargo, el 1 de enero.<\/p>\n<p>La protesta reclam\u00f3 al gobierno por sus pol\u00edticas de flexibilizaci\u00f3n de agrot\u00f3xicos y\u00a0<span class=\"Enhancement\"><span class=\"Enhancement-item\"><a class=\"Link\" href=\"https:\/\/expansion.mx\/mundo\/2019\/07\/31\/despues-de-la-muerte-de-un-lider-indigena-bolsonaro-llama-a-minar-la-amazonia\" target=\"_blank\" rel=\"noopener\" data-cms-ai=\"0\">por los proyectos de Bolsonaro de abrir tierras ind\u00edgenas o zonas protegidas de la Amazonia<\/a><\/span><\/span>a la explotaci\u00f3n minera. En este bosque tropical se asienta la mayor\u00eda de las reservas ind\u00edgenas.<\/p>\n<p>Muchas mujeres ind\u00edgenas que marcharon el martes para denunciar la agenda de Bolsonaro en sus tierras, se sumaron a la procesi\u00f3n de las campesinas.<\/p>\n<div class=\"Enhancement\">\n<div class=\"Enhancement-item\" data-enhancementwell=\"\">\n<div class=\"VideoEnhancement-player\"><iframe class=\"i-amphtml-fill-content\" src=\"https:\/\/players.brightcove.net\/5145025920001\/Bkb8a9skf_default\/index.html?videoId=6072483821001&amp;playsinline=true\" frameborder=\"0\" allowfullscreen=\"allowfullscreen\" data-mce-fragment=\"1\"><\/iframe><\/div>\n<\/div>\n<\/div>\n<p>Las manifestantes tambi\u00e9n condenaron el \u00abmachismo\u00bb que le atribuyen a Bolsonaro,\u00a0<span class=\"Enhancement\"><span class=\"Enhancement-item\"><a class=\"Link\" href=\"https:\/\/expansion.mx\/mundo\/2019\/03\/06\/bolsonaro-tuitea-video-obsceno-para-criticar-fiestas-callejeras-del-carnaval\" target=\"_blank\" rel=\"noopener\" data-cms-ai=\"0\">quien tiene un largo historial de declaraciones de corte racista u homof\u00f3bico<\/a><\/span>\u00a0<\/span>y que es un franco adversario del <a href=\"https:\/\/diariofemenino.com.ar\/\">feminismo<\/a>.<\/p>\n<p>La columna recorri\u00f3 la Explanada de los Ministerios hasta las cercan\u00edas del palacio presidencial de Planalto, con pancartas en defensa de \u00abla soberan\u00eda popular\u00bb y por un Brasil \u00ablibre de violencia\u00bb y coreando \u00abLula libre\u00bb, en reclamo de la liberaci\u00f3n del exmandatario de izquierda (2003-2010),\u00a0<span class=\"Enhancement\"><span class=\"Enhancement-item\"><a class=\"Link\" href=\"https:\/\/expansion.mx\/mundo\/2019\/02\/06\/nuevo-castigo-para-lula-es-condenado-a-12-anos-de-prision-por-corrupcion\" target=\"_blank\" rel=\"noopener\" data-cms-ai=\"0\">que desde abril de 2018 purga 8 a\u00f1os y diez meses de c\u00e1rcel por cargos de corrupci\u00f3n que \u00e9l niega<\/a><\/span>\u00a0<\/span>.<\/p>\n<div class=\"BlocksArticleBody-items block layoutWrap\">\n<article id=\"block-1\" class=\"BlocksArticleFirstItem\">\n<div class=\"BlocksArticleFirstItem-body\">\n<p>La mayor\u00eda de las participantes cargaba flores y vest\u00eda sombreros de paja y ropas moradas, color s\u00edmbolo de la manifestaci\u00f3n.<\/p>\n<p>\u00abVivimos tiempos dif\u00edciles con un gobierno que nos ataca de forma continua (&#8230;). Estamos perdiendo derechos conquistados con mucha lucha\u00bb, dijo a la agencia AFP Juliana Joucoski, una profesora de 43 a\u00f1os de Curitiba, una ciudad del sur de Brasil.<\/p>\n<p>\u00abLas mujeres est\u00e1n en el foco de toda la violencia en Brasil\u00bb, afirm\u00f3 por su lado Fabiana Nascimento, quien acudi\u00f3 a la concentraci\u00f3n con margaritas de papel en las manos. El pa\u00eds sudamericano es muy afectado por la violencia dom\u00e9stica.<\/p>\n<p><i><span class=\"Enhancement\"><span class=\"Enhancement-item\"><a class=\"Link\" href=\"https:\/\/expansion.mx\/mundo\/2019\/01\/22\/bolsonaro-dice-que-buscara-conciliar-desarrollo-economico-y-medio-ambiente\" target=\"_blank\" rel=\"noopener\" data-cms-ai=\"0\">Recomendamos: Bolsonaro dice que buscar\u00e1 conciliar desarrollo econ\u00f3mico y medio ambiente<\/a><\/span><\/span><\/i><\/p>\n<p>\u00abEs necesario decir &#8216;no&#8217; a cualquier pol\u00edtica que destruya derechos p\u00fablicos. La situaci\u00f3n en el campo empeor\u00f3 (&#8230;) Nunca tuvimos un presidente tan poco respetuoso de la educaci\u00f3n\u00bb, enumer\u00f3.<\/p>\n<div class=\"Enhancement\">\n<div class=\"Enhancement-item\" data-enhancementwell=\"\">\n<figure class=\"Figure\">\n<p><figure style=\"width: 800px\" class=\"wp-caption alignnone\"><img loading=\"lazy\" decoding=\"async\" class=\"i-amphtml-fill-content i-amphtml-replaced-content\" src=\"https:\/\/cdn-3.expansion.mx\/dims4\/default\/bf14b13\/2147483647\/strip\/true\/crop\/4312x2426+0+0\/resize\/800x450!\/quality\/90\/?url=https%3A%2F%2Fcdn-3.expansion.mx%2F9a%2Ff1%2Fa929904f4b4da424187da3f56e48%2Fmarcha-margaritas.jpg\" alt=\"Miles de brasile\u00f1as se manifestaron en oposici\u00f3n a Jair Bolsonaro.  Marcha de las margaritas\" width=\"800\" height=\"450\" \/><figcaption class=\"wp-caption-text\">Miles de brasile\u00f1as se manifestaron en oposici\u00f3n a Jair Bolsonaro<\/figcaption><\/figure><figcaption class=\"Figure-info\"><span class=\"Figure-caption\">La mayor\u00eda de las participantes cargaba flores y vest\u00eda sombreros de paja y ropas moradas, color s\u00edmbolo de la manifestaci\u00f3n.<\/span>\u00a0<span class=\"Figure-credit\">(FOTO: Reuters\/Stringer)<\/span><\/figcaption><\/figure>\n<\/div>\n<\/div>\n<\/div>\n<\/article>\n<\/div>\n<div class=\"ad amp\">Lula da Silva, un s\u00edmbolo del campo progresista, se sum\u00f3 a la manifestaci\u00f3n a trav\u00e9s de una carta que envi\u00f3 desde su celda y fue le\u00edda por el excandidato presidencial Fernando Haddad, derrotado en las urnas en octubre de 2018 por Bolsonaro.<\/div>\n<div class=\"BlocksArticleBody-items block layoutWrap\">\n<article id=\"block-101\" class=\"BlocksArticleFirstItem\">\n<div class=\"BlocksArticleFirstItem-body\">\n<p>\u00abLas mujeres de nuestra tierra volver\u00e1n a ser respetadas y el odio no vencer\u00e1 al amor, el miedo no vencer\u00e1 a la esperanza y la groser\u00eda no vencer\u00e1 a la solidaridad\u00bb, escribi\u00f3 Lula en la carta, le\u00edda frente a las mujeres concentradas en ese momento a las puertas de la sede del Parlamento.<\/p>\n<p>Lula afirm\u00f3 que durante su gesti\u00f3n y la consecutiva de Dilma Rousseff, destituida en 2016 por irregularidades fiscales, se estaba \u00abcomenzando a construir un pa\u00eds mejor, con inclusi\u00f3n social, democracia, libertad de pensar, de hablar y de organizarse\u00bb.<\/p>\n<p>Es la tercera protesta en Brasilia en dos d\u00edas. Aparte de las margaritas y las ind\u00edgenas, el martes hubo una manifestaci\u00f3n contra\u00a0<span class=\"Enhancement\"><span class=\"Enhancement-item\"><a class=\"Link\" href=\"https:\/\/expansion.mx\/mundo\/2019\/08\/14\/bloqueos-presupuestales-a-la-educacion-provocan-protestas-masivas-en-brasil\" target=\"_blank\" rel=\"noopener\" data-cms-ai=\"0\">los bloqueos presupuestarios en la educaci\u00f3n y la reforma del sistema de jubilaciones<\/a><\/span>\u00a0<\/span>.<\/p>\n<p>Las protestas fueron convocadas en momentos en que la popularidad del presidente Bolsonaro est\u00e1 a la baja, seg\u00fan diversas encuestas que le adjudican un apoyo de cerca del 30% de los brasile\u00f1os, tras apenas siete meses en un cargo que asumi\u00f3 con un respaldo superior al 55%.<\/p>\n<p><i>Con informaci\u00f3n de AFP y EFE<\/i><\/p>\n<\/div>\n<\/article>\n<\/div>\n<\/div>\n<\/article>\n<\/div>\n<\/div>\n<div style=\"right: 0; width: 86px; height: 250px; background: initial;\"><\/div>\n","protected":false},"excerpt":{"rendered":"<p>Los contingentes, formados por campesinas y mujeres ind\u00edgenas, volvieron la tradicional Marcha de las Margaritas en Brasilia en un acto de protesta contra el presidente. Por\u00a0Expansi\u00f3n\u00a0 @ExpansionMx Decenas de miles de mujeres, sobre todo ind\u00edgenas y campesinas, resucitaron este mi\u00e9rcoles a la oposici\u00f3n en Brasilia con una multitudinaria manifestaci\u00f3n contra las pol\u00edticas del gobierno del [&hellip;]<\/p>\n","protected":false},"author":4,"featured_media":39881,"comment_status":"open","ping_status":"open","sticky":false,"template":"","format":"standard","meta":{"iawp_total_views":4,"footnotes":""},"categories":[7,4,6],"tags":[1933,1028,130,1932],"class_list":["post-39875","post","type-post","status-publish","format-standard","has-post-thumbnail","hentry","category-actividades","category-medios","category-articulos","tag-bolsonaro","tag-brasil","tag-mujeres","tag-protestas"],"nelio_content":{"autoShareEndMode":"never","automationSources":{"useCustomSentences":false,"customSentences":[]},"efiAlt":"","efiUrl":"","followers":[4],"highlights":[],"isAutoShareEnabled":true,"networkImageIds":[],"permalinkQueryArgs":[],"series":[],"suggestedReferences":[]},"yoast_head":"<!-- This site is optimized with the Yoast SEO plugin v27.5 - https:\/\/yoast.com\/product\/yoast-seo-wordpress\/ -->\n<title>Miles de brasile\u00f1as se manifestaron en oposici\u00f3n a Jair Bolsonaro - Diario Digital Femenino<\/title>\n<meta name=\"description\" content=\"Miles de brasile\u00f1as se manifestaron en oposici\u00f3n a Jair Bolsonaro. La tradicional Marcha de las Margaritas en Brasilia en protesta contra el presidente.\" \/>\n<meta name=\"robots\" content=\"index, follow, max-snippet:-1, max-image-preview:large, max-video-preview:-1\" \/>\n<link rel=\"canonical\" href=\"https:\/\/diariofemenino.com.ar\/df\/miles-de-brasilenas-se-manifestaron-en-oposicion-a-jair-bolsonaro\/\" \/>\n<meta property=\"og:locale\" content=\"es_ES\" \/>\n<meta property=\"og:type\" content=\"article\" \/>\n<meta property=\"og:title\" content=\"Miles de brasile\u00f1as se manifestaron en oposici\u00f3n a Jair Bolsonaro - Diario Digital Femenino\" \/>\n<meta property=\"og:description\" content=\"Miles de brasile\u00f1as se manifestaron en oposici\u00f3n a Jair Bolsonaro. La tradicional Marcha de las Margaritas en Brasilia en protesta contra el presidente.\" \/>\n<meta property=\"og:url\" content=\"https:\/\/diariofemenino.com.ar\/df\/miles-de-brasilenas-se-manifestaron-en-oposicion-a-jair-bolsonaro\/\" \/>\n<meta property=\"og:site_name\" content=\"Diario Digital Femenino\" \/>\n<meta property=\"article:publisher\" content=\"https:\/\/www.facebook.com\/DiarioDigitaFemenino\/\" \/>\n<meta property=\"article:published_time\" content=\"2019-08-15T14:25:19+00:00\" \/>\n<meta property=\"og:image\" content=\"https:\/\/diariofemenino.com.ar\/df\/wp-content\/uploads\/2019\/08\/descarga.jpg\" \/>\n\t<meta property=\"og:image:width\" content=\"800\" \/>\n\t<meta property=\"og:image:height\" content=\"533\" \/>\n\t<meta property=\"og:image:type\" content=\"image\/jpeg\" \/>\n<meta name=\"author\" content=\"Admin\" \/>\n<meta name=\"twitter:card\" content=\"summary_large_image\" \/>\n<meta name=\"twitter:creator\" content=\"@DiarioFemenino1\" \/>\n<meta name=\"twitter:site\" content=\"@DiarioFemenino1\" \/>\n<meta name=\"twitter:label1\" content=\"Escrito por\" \/>\n\t<meta name=\"twitter:data1\" content=\"Admin\" \/>\n\t<meta name=\"twitter:label2\" content=\"Tiempo de lectura\" \/>\n\t<meta name=\"twitter:data2\" content=\"4 minutos\" \/>\n<script type=\"application\/ld+json\" class=\"yoast-schema-graph\">{\"@context\":\"https:\\\/\\\/schema.org\",\"@graph\":[{\"@type\":\"Article\",\"@id\":\"https:\\\/\\\/diariofemenino.com.ar\\\/df\\\/miles-de-brasilenas-se-manifestaron-en-oposicion-a-jair-bolsonaro\\\/#article\",\"isPartOf\":{\"@id\":\"https:\\\/\\\/diariofemenino.com.ar\\\/df\\\/miles-de-brasilenas-se-manifestaron-en-oposicion-a-jair-bolsonaro\\\/\"},\"author\":{\"name\":\"Admin\",\"@id\":\"https:\\\/\\\/diariofemenino.com.ar\\\/df\\\/#\\\/schema\\\/person\\\/bf6199e8158c657ea6f789b11ec85509\"},\"headline\":\"Miles de brasile\u00f1as se manifestaron en oposici\u00f3n a Jair Bolsonaro\",\"datePublished\":\"2019-08-15T14:25:19+00:00\",\"mainEntityOfPage\":{\"@id\":\"https:\\\/\\\/diariofemenino.com.ar\\\/df\\\/miles-de-brasilenas-se-manifestaron-en-oposicion-a-jair-bolsonaro\\\/\"},\"wordCount\":782,\"commentCount\":0,\"publisher\":{\"@id\":\"https:\\\/\\\/diariofemenino.com.ar\\\/df\\\/#organization\"},\"image\":{\"@id\":\"https:\\\/\\\/diariofemenino.com.ar\\\/df\\\/miles-de-brasilenas-se-manifestaron-en-oposicion-a-jair-bolsonaro\\\/#primaryimage\"},\"thumbnailUrl\":\"https:\\\/\\\/diariofemenino.com.ar\\\/df\\\/wp-content\\\/uploads\\\/2019\\\/08\\\/descarga.jpg\",\"keywords\":[\"Bolsonaro\",\"Brasil\",\"Mujeres\",\"Protestas\"],\"articleSection\":[\"Actividades\",\"Medios\",\"Mujeres en Palabras\"],\"inLanguage\":\"es\",\"potentialAction\":[{\"@type\":\"CommentAction\",\"name\":\"Comment\",\"target\":[\"https:\\\/\\\/diariofemenino.com.ar\\\/df\\\/miles-de-brasilenas-se-manifestaron-en-oposicion-a-jair-bolsonaro\\\/#respond\"]}]},{\"@type\":\"WebPage\",\"@id\":\"https:\\\/\\\/diariofemenino.com.ar\\\/df\\\/miles-de-brasilenas-se-manifestaron-en-oposicion-a-jair-bolsonaro\\\/\",\"url\":\"https:\\\/\\\/diariofemenino.com.ar\\\/df\\\/miles-de-brasilenas-se-manifestaron-en-oposicion-a-jair-bolsonaro\\\/\",\"name\":\"Miles de brasile\u00f1as se manifestaron en oposici\u00f3n a Jair Bolsonaro - Diario Digital Femenino\",\"isPartOf\":{\"@id\":\"https:\\\/\\\/diariofemenino.com.ar\\\/df\\\/#website\"},\"primaryImageOfPage\":{\"@id\":\"https:\\\/\\\/diariofemenino.com.ar\\\/df\\\/miles-de-brasilenas-se-manifestaron-en-oposicion-a-jair-bolsonaro\\\/#primaryimage\"},\"image\":{\"@id\":\"https:\\\/\\\/diariofemenino.com.ar\\\/df\\\/miles-de-brasilenas-se-manifestaron-en-oposicion-a-jair-bolsonaro\\\/#primaryimage\"},\"thumbnailUrl\":\"https:\\\/\\\/diariofemenino.com.ar\\\/df\\\/wp-content\\\/uploads\\\/2019\\\/08\\\/descarga.jpg\",\"datePublished\":\"2019-08-15T14:25:19+00:00\",\"description\":\"Miles de brasile\u00f1as se manifestaron en oposici\u00f3n a Jair Bolsonaro. La tradicional Marcha de las Margaritas en Brasilia en protesta contra el presidente.\",\"breadcrumb\":{\"@id\":\"https:\\\/\\\/diariofemenino.com.ar\\\/df\\\/miles-de-brasilenas-se-manifestaron-en-oposicion-a-jair-bolsonaro\\\/#breadcrumb\"},\"inLanguage\":\"es\",\"potentialAction\":[{\"@type\":\"ReadAction\",\"target\":[\"https:\\\/\\\/diariofemenino.com.ar\\\/df\\\/miles-de-brasilenas-se-manifestaron-en-oposicion-a-jair-bolsonaro\\\/\"]}]},{\"@type\":\"ImageObject\",\"inLanguage\":\"es\",\"@id\":\"https:\\\/\\\/diariofemenino.com.ar\\\/df\\\/miles-de-brasilenas-se-manifestaron-en-oposicion-a-jair-bolsonaro\\\/#primaryimage\",\"url\":\"https:\\\/\\\/diariofemenino.com.ar\\\/df\\\/wp-content\\\/uploads\\\/2019\\\/08\\\/descarga.jpg\",\"contentUrl\":\"https:\\\/\\\/diariofemenino.com.ar\\\/df\\\/wp-content\\\/uploads\\\/2019\\\/08\\\/descarga.jpg\",\"width\":800,\"height\":533,\"caption\":\"Miles de brasile\u00f1as se manifestaron en oposici\u00f3n a Jair Bolsonaro\"},{\"@type\":\"BreadcrumbList\",\"@id\":\"https:\\\/\\\/diariofemenino.com.ar\\\/df\\\/miles-de-brasilenas-se-manifestaron-en-oposicion-a-jair-bolsonaro\\\/#breadcrumb\",\"itemListElement\":[{\"@type\":\"ListItem\",\"position\":1,\"name\":\"Portada\",\"item\":\"https:\\\/\\\/diariofemenino.com.ar\\\/df\\\/\"},{\"@type\":\"ListItem\",\"position\":2,\"name\":\"Miles de brasile\u00f1as se manifestaron en oposici\u00f3n a Jair Bolsonaro\"}]},{\"@type\":\"WebSite\",\"@id\":\"https:\\\/\\\/diariofemenino.com.ar\\\/df\\\/#website\",\"url\":\"https:\\\/\\\/diariofemenino.com.ar\\\/df\\\/\",\"name\":\"Diario Digital Femenino\",\"description\":\"Cuesti\u00f3n de G\u00e9nero\",\"publisher\":{\"@id\":\"https:\\\/\\\/diariofemenino.com.ar\\\/df\\\/#organization\"},\"potentialAction\":[{\"@type\":\"SearchAction\",\"target\":{\"@type\":\"EntryPoint\",\"urlTemplate\":\"https:\\\/\\\/diariofemenino.com.ar\\\/df\\\/?s={search_term_string}\"},\"query-input\":{\"@type\":\"PropertyValueSpecification\",\"valueRequired\":true,\"valueName\":\"search_term_string\"}}],\"inLanguage\":\"es\"},{\"@type\":\"Organization\",\"@id\":\"https:\\\/\\\/diariofemenino.com.ar\\\/df\\\/#organization\",\"name\":\"Diario Femenino\",\"url\":\"https:\\\/\\\/diariofemenino.com.ar\\\/df\\\/\",\"logo\":{\"@type\":\"ImageObject\",\"inLanguage\":\"es\",\"@id\":\"https:\\\/\\\/diariofemenino.com.ar\\\/df\\\/#\\\/schema\\\/logo\\\/image\\\/\",\"url\":\"https:\\\/\\\/diariofemenino.com.ar\\\/df\\\/wp-content\\\/uploads\\\/2018\\\/10\\\/logo.png\",\"contentUrl\":\"https:\\\/\\\/diariofemenino.com.ar\\\/df\\\/wp-content\\\/uploads\\\/2018\\\/10\\\/logo.png\",\"width\":500,\"height\":92,\"caption\":\"Diario Femenino\"},\"image\":{\"@id\":\"https:\\\/\\\/diariofemenino.com.ar\\\/df\\\/#\\\/schema\\\/logo\\\/image\\\/\"},\"sameAs\":[\"https:\\\/\\\/www.facebook.com\\\/DiarioDigitaFemenino\\\/\",\"https:\\\/\\\/x.com\\\/DiarioFemenino1\"]},{\"@type\":\"Person\",\"@id\":\"https:\\\/\\\/diariofemenino.com.ar\\\/df\\\/#\\\/schema\\\/person\\\/bf6199e8158c657ea6f789b11ec85509\",\"name\":\"Admin\",\"image\":{\"@type\":\"ImageObject\",\"inLanguage\":\"es\",\"@id\":\"https:\\\/\\\/diariofemenino.com.ar\\\/df\\\/wp-content\\\/uploads\\\/2018\\\/12\\\/favicon-150x150.jpg\",\"url\":\"https:\\\/\\\/diariofemenino.com.ar\\\/df\\\/wp-content\\\/uploads\\\/2018\\\/12\\\/favicon-150x150.jpg\",\"contentUrl\":\"https:\\\/\\\/diariofemenino.com.ar\\\/df\\\/wp-content\\\/uploads\\\/2018\\\/12\\\/favicon-150x150.jpg\",\"caption\":\"Admin\"},\"url\":\"https:\\\/\\\/diariofemenino.com.ar\\\/df\\\/author\\\/lenny\\\/\"}]}<\/script>\n<!-- \/ Yoast SEO plugin. -->","yoast_head_json":{"title":"Miles de brasile\u00f1as se manifestaron en oposici\u00f3n a Jair Bolsonaro - Diario Digital Femenino","description":"Miles de brasile\u00f1as se manifestaron en oposici\u00f3n a Jair Bolsonaro. La tradicional Marcha de las Margaritas en Brasilia en protesta contra el presidente.","robots":{"index":"index","follow":"follow","max-snippet":"max-snippet:-1","max-image-preview":"max-image-preview:large","max-video-preview":"max-video-preview:-1"},"canonical":"https:\/\/diariofemenino.com.ar\/df\/miles-de-brasilenas-se-manifestaron-en-oposicion-a-jair-bolsonaro\/","og_locale":"es_ES","og_type":"article","og_title":"Miles de brasile\u00f1as se manifestaron en oposici\u00f3n a Jair Bolsonaro - Diario Digital Femenino","og_description":"Miles de brasile\u00f1as se manifestaron en oposici\u00f3n a Jair Bolsonaro. La tradicional Marcha de las Margaritas en Brasilia en protesta contra el presidente.","og_url":"https:\/\/diariofemenino.com.ar\/df\/miles-de-brasilenas-se-manifestaron-en-oposicion-a-jair-bolsonaro\/","og_site_name":"Diario Digital Femenino","article_publisher":"https:\/\/www.facebook.com\/DiarioDigitaFemenino\/","article_published_time":"2019-08-15T14:25:19+00:00","og_image":[{"width":800,"height":533,"url":"https:\/\/diariofemenino.com.ar\/df\/wp-content\/uploads\/2019\/08\/descarga.jpg","type":"image\/jpeg"}],"author":"Admin","twitter_card":"summary_large_image","twitter_creator":"@DiarioFemenino1","twitter_site":"@DiarioFemenino1","twitter_misc":{"Escrito por":"Admin","Tiempo de lectura":"4 minutos"},"schema":{"@context":"https:\/\/schema.org","@graph":[{"@type":"Article","@id":"https:\/\/diariofemenino.com.ar\/df\/miles-de-brasilenas-se-manifestaron-en-oposicion-a-jair-bolsonaro\/#article","isPartOf":{"@id":"https:\/\/diariofemenino.com.ar\/df\/miles-de-brasilenas-se-manifestaron-en-oposicion-a-jair-bolsonaro\/"},"author":{"name":"Admin","@id":"https:\/\/diariofemenino.com.ar\/df\/#\/schema\/person\/bf6199e8158c657ea6f789b11ec85509"},"headline":"Miles de brasile\u00f1as se manifestaron en oposici\u00f3n a Jair Bolsonaro","datePublished":"2019-08-15T14:25:19+00:00","mainEntityOfPage":{"@id":"https:\/\/diariofemenino.com.ar\/df\/miles-de-brasilenas-se-manifestaron-en-oposicion-a-jair-bolsonaro\/"},"wordCount":782,"commentCount":0,"publisher":{"@id":"https:\/\/diariofemenino.com.ar\/df\/#organization"},"image":{"@id":"https:\/\/diariofemenino.com.ar\/df\/miles-de-brasilenas-se-manifestaron-en-oposicion-a-jair-bolsonaro\/#primaryimage"},"thumbnailUrl":"https:\/\/diariofemenino.com.ar\/df\/wp-content\/uploads\/2019\/08\/descarga.jpg","keywords":["Bolsonaro","Brasil","Mujeres","Protestas"],"articleSection":["Actividades","Medios","Mujeres en Palabras"],"inLanguage":"es","potentialAction":[{"@type":"CommentAction","name":"Comment","target":["https:\/\/diariofemenino.com.ar\/df\/miles-de-brasilenas-se-manifestaron-en-oposicion-a-jair-bolsonaro\/#respond"]}]},{"@type":"WebPage","@id":"https:\/\/diariofemenino.com.ar\/df\/miles-de-brasilenas-se-manifestaron-en-oposicion-a-jair-bolsonaro\/","url":"https:\/\/diariofemenino.com.ar\/df\/miles-de-brasilenas-se-manifestaron-en-oposicion-a-jair-bolsonaro\/","name":"Miles de brasile\u00f1as se manifestaron en oposici\u00f3n a Jair Bolsonaro - Diario Digital Femenino","isPartOf":{"@id":"https:\/\/diariofemenino.com.ar\/df\/#website"},"primaryImageOfPage":{"@id":"https:\/\/diariofemenino.com.ar\/df\/miles-de-brasilenas-se-manifestaron-en-oposicion-a-jair-bolsonaro\/#primaryimage"},"image":{"@id":"https:\/\/diariofemenino.com.ar\/df\/miles-de-brasilenas-se-manifestaron-en-oposicion-a-jair-bolsonaro\/#primaryimage"},"thumbnailUrl":"https:\/\/diariofemenino.com.ar\/df\/wp-content\/uploads\/2019\/08\/descarga.jpg","datePublished":"2019-08-15T14:25:19+00:00","description":"Miles de brasile\u00f1as se manifestaron en oposici\u00f3n a Jair Bolsonaro. La tradicional Marcha de las Margaritas en Brasilia en protesta contra el presidente.","breadcrumb":{"@id":"https:\/\/diariofemenino.com.ar\/df\/miles-de-brasilenas-se-manifestaron-en-oposicion-a-jair-bolsonaro\/#breadcrumb"},"inLanguage":"es","potentialAction":[{"@type":"ReadAction","target":["https:\/\/diariofemenino.com.ar\/df\/miles-de-brasilenas-se-manifestaron-en-oposicion-a-jair-bolsonaro\/"]}]},{"@type":"ImageObject","inLanguage":"es","@id":"https:\/\/diariofemenino.com.ar\/df\/miles-de-brasilenas-se-manifestaron-en-oposicion-a-jair-bolsonaro\/#primaryimage","url":"https:\/\/diariofemenino.com.ar\/df\/wp-content\/uploads\/2019\/08\/descarga.jpg","contentUrl":"https:\/\/diariofemenino.com.ar\/df\/wp-content\/uploads\/2019\/08\/descarga.jpg","width":800,"height":533,"caption":"Miles de brasile\u00f1as se manifestaron en oposici\u00f3n a Jair Bolsonaro"},{"@type":"BreadcrumbList","@id":"https:\/\/diariofemenino.com.ar\/df\/miles-de-brasilenas-se-manifestaron-en-oposicion-a-jair-bolsonaro\/#breadcrumb","itemListElement":[{"@type":"ListItem","position":1,"name":"Portada","item":"https:\/\/diariofemenino.com.ar\/df\/"},{"@type":"ListItem","position":2,"name":"Miles de brasile\u00f1as se manifestaron en oposici\u00f3n a Jair Bolsonaro"}]},{"@type":"WebSite","@id":"https:\/\/diariofemenino.com.ar\/df\/#website","url":"https:\/\/diariofemenino.com.ar\/df\/","name":"Diario Digital Femenino","description":"Cuesti\u00f3n de G\u00e9nero","publisher":{"@id":"https:\/\/diariofemenino.com.ar\/df\/#organization"},"potentialAction":[{"@type":"SearchAction","target":{"@type":"EntryPoint","urlTemplate":"https:\/\/diariofemenino.com.ar\/df\/?s={search_term_string}"},"query-input":{"@type":"PropertyValueSpecification","valueRequired":true,"valueName":"search_term_string"}}],"inLanguage":"es"},{"@type":"Organization","@id":"https:\/\/diariofemenino.com.ar\/df\/#organization","name":"Diario Femenino","url":"https:\/\/diariofemenino.com.ar\/df\/","logo":{"@type":"ImageObject","inLanguage":"es","@id":"https:\/\/diariofemenino.com.ar\/df\/#\/schema\/logo\/image\/","url":"https:\/\/diariofemenino.com.ar\/df\/wp-content\/uploads\/2018\/10\/logo.png","contentUrl":"https:\/\/diariofemenino.com.ar\/df\/wp-content\/uploads\/2018\/10\/logo.png","width":500,"height":92,"caption":"Diario Femenino"},"image":{"@id":"https:\/\/diariofemenino.com.ar\/df\/#\/schema\/logo\/image\/"},"sameAs":["https:\/\/www.facebook.com\/DiarioDigitaFemenino\/","https:\/\/x.com\/DiarioFemenino1"]},{"@type":"Person","@id":"https:\/\/diariofemenino.com.ar\/df\/#\/schema\/person\/bf6199e8158c657ea6f789b11ec85509","name":"Admin","image":{"@type":"ImageObject","inLanguage":"es","@id":"https:\/\/diariofemenino.com.ar\/df\/wp-content\/uploads\/2018\/12\/favicon-150x150.jpg","url":"https:\/\/diariofemenino.com.ar\/df\/wp-content\/uploads\/2018\/12\/favicon-150x150.jpg","contentUrl":"https:\/\/diariofemenino.com.ar\/df\/wp-content\/uploads\/2018\/12\/favicon-150x150.jpg","caption":"Admin"},"url":"https:\/\/diariofemenino.com.ar\/df\/author\/lenny\/"}]}},"jetpack_featured_media_url":"https:\/\/diariofemenino.com.ar\/df\/wp-content\/uploads\/2019\/08\/descarga.jpg","jetpack_sharing_enabled":true,"rttpg_featured_image_url":{"full":["https:\/\/diariofemenino.com.ar\/df\/wp-content\/uploads\/2019\/08\/descarga.jpg",800,533,false],"landscape":["https:\/\/diariofemenino.com.ar\/df\/wp-content\/uploads\/2019\/08\/descarga.jpg",800,533,false],"portraits":["https:\/\/diariofemenino.com.ar\/df\/wp-content\/uploads\/2019\/08\/descarga.jpg",800,533,false],"thumbnail":["https:\/\/diariofemenino.com.ar\/df\/wp-content\/uploads\/2019\/08\/descarga-150x150.jpg",150,150,true],"medium":["https:\/\/diariofemenino.com.ar\/df\/wp-content\/uploads\/2019\/08\/descarga-300x200.jpg",300,200,true],"large":["https:\/\/diariofemenino.com.ar\/df\/wp-content\/uploads\/2019\/08\/descarga.jpg",800,533,false],"1536x1536":["https:\/\/diariofemenino.com.ar\/df\/wp-content\/uploads\/2019\/08\/descarga.jpg",800,533,false],"2048x2048":["https:\/\/diariofemenino.com.ar\/df\/wp-content\/uploads\/2019\/08\/descarga.jpg",800,533,false]},"rttpg_author":{"display_name":"Admin","author_link":"https:\/\/diariofemenino.com.ar\/df\/author\/lenny\/"},"rttpg_comment":0,"rttpg_category":"<a href=\"https:\/\/diariofemenino.com.ar\/df\/category\/actividades\/\" rel=\"category tag\">Actividades<\/a> <a href=\"https:\/\/diariofemenino.com.ar\/df\/category\/medios\/\" rel=\"category tag\">Medios<\/a> <a href=\"https:\/\/diariofemenino.com.ar\/df\/category\/articulos\/\" rel=\"category tag\">Mujeres en Palabras<\/a>","rttpg_excerpt":"Los contingentes, formados por campesinas y mujeres ind\u00edgenas, volvieron la tradicional Marcha de las Margaritas en Brasilia en un acto de protesta contra el presidente. Por\u00a0Expansi\u00f3n\u00a0 @ExpansionMx Decenas de miles de mujeres, sobre todo ind\u00edgenas y campesinas, resucitaron este mi\u00e9rcoles a la oposici\u00f3n en Brasilia con una multitudinaria manifestaci\u00f3n contra las pol\u00edticas del gobierno del&hellip;","_links":{"self":[{"href":"https:\/\/diariofemenino.com.ar\/df\/wp-json\/wp\/v2\/posts\/39875","targetHints":{"allow":["GET"]}}],"collection":[{"href":"https:\/\/diariofemenino.com.ar\/df\/wp-json\/wp\/v2\/posts"}],"about":[{"href":"https:\/\/diariofemenino.com.ar\/df\/wp-json\/wp\/v2\/types\/post"}],"author":[{"embeddable":true,"href":"https:\/\/diariofemenino.com.ar\/df\/wp-json\/wp\/v2\/users\/4"}],"replies":[{"embeddable":true,"href":"https:\/\/diariofemenino.com.ar\/df\/wp-json\/wp\/v2\/comments?post=39875"}],"version-history":[{"count":0,"href":"https:\/\/diariofemenino.com.ar\/df\/wp-json\/wp\/v2\/posts\/39875\/revisions"}],"wp:featuredmedia":[{"embeddable":true,"href":"https:\/\/diariofemenino.com.ar\/df\/wp-json\/wp\/v2\/media\/39881"}],"wp:attachment":[{"href":"https:\/\/diariofemenino.com.ar\/df\/wp-json\/wp\/v2\/media?parent=39875"}],"wp:term":[{"taxonomy":"category","embeddable":true,"href":"https:\/\/diariofemenino.com.ar\/df\/wp-json\/wp\/v2\/categories?post=39875"},{"taxonomy":"post_tag","embeddable":true,"href":"https:\/\/diariofemenino.com.ar\/df\/wp-json\/wp\/v2\/tags?post=39875"}],"curies":[{"name":"wp","href":"https:\/\/api.w.org\/{rel}","templated":true}]}}